{"id":32785,"date":"2011-04-02T08:59:56","date_gmt":"2011-04-02T06:59:56","guid":{"rendered":"http:\/\/somos.vicencianos.org\/?p=32785"},"modified":"2011-04-02T08:59:56","modified_gmt":"2011-04-02T06:59:56","slug":"j-m-v-fechas-importantes","status":"publish","type":"post","link":"https:\/\/vincentians.com\/es\/j-m-v-fechas-importantes\/","title":{"rendered":"J.M.V.: Fechas importantes"},"content":{"rendered":"<p style=\"text-align: center\"><strong> Juventudes Marianas Vicentinas<\/strong><br \/>\n<strong>Hijos e Hijas de Mar\u00eda<\/strong><br \/>\n<strong>JMV-HHM<\/strong><br \/>\n<strong>NUESTRO ORIGEN<\/strong><br \/>\n<strong>FECHAS IMPORTANTES<\/strong><\/p>\n<p>&nbsp;<\/p>\n<table border=\"1\" cellspacing=\"2\" cellpadding=\"2\">\n<tbody>\n<tr>\n<td width=\"200\" valign=\"top\">1581<\/p>\n<p>24 de Abril<\/td>\n<td valign=\"top\">Nace en Pouy (Francia), San Vicente de Pa\u00fal, el futuro fundador de la Congregaci\u00f3n de la Misi\u00f3n y de las Hijas de la Caridad.<\/td>\n<\/tr>\n<tr>\n<td width=\"200\" valign=\"top\">1600<\/p>\n<p>23 de Septiembre<\/td>\n<td valign=\"top\">El Joven Vicente de Pa\u00fal es ordenado sacerdote a sus 19 a\u00f1os.<\/td>\n<\/tr>\n<tr>\n<td width=\"200\" valign=\"top\">1605<\/td>\n<td valign=\"top\">El novel Sacerdote es hecho prisionero por los piratas y vendido como esclavo en T\u00fanez (\u00c1frica).<\/td>\n<\/tr>\n<tr>\n<td width=\"200\" valign=\"top\">1608<\/td>\n<td valign=\"top\">El Rey Enrique IV, le hizo nombrar capell\u00e1n de la Reina Margarita.<\/td>\n<\/tr>\n<tr>\n<td width=\"200\" valign=\"top\">1610<\/td>\n<td valign=\"top\">El Cardenas de B\u00e9rulle propuso a Vicente y al Sacerdote Bourdoise estudiar el medio de restaurar una Francia Cristiana.<\/td>\n<\/tr>\n<tr>\n<td width=\"200\" valign=\"top\">1625<\/p>\n<p>Abril<\/td>\n<td valign=\"top\">Funda la Congregaci\u00f3n de la Misi\u00f3n que fue aprobada en forma definitiva por el Papa Urbano VIII (1623-1644) en 1632.<\/td>\n<\/tr>\n<tr>\n<td width=\"200\" valign=\"top\">1633<\/td>\n<td valign=\"top\">Junto con Luisa de Marillac (1591-1660), viuda desde 1625, funda la Sociedad de las Hijas de la Caridad, llamadas tambi\u00e9n Hermanas de San Vicente de Pa\u00fal y cuyos Estatutos aprob\u00f3 S.S. Inocencio X (1644 &#8211; 1655) en 1654.<\/td>\n<\/tr>\n<tr>\n<td width=\"200\" valign=\"top\">1660<\/td>\n<td valign=\"top\">Con fama de Santidad, muere en Par\u00eds (Francia), Tanto San Vicente como Santa Luisa.<\/td>\n<\/tr>\n<tr>\n<td width=\"200\" valign=\"top\">1737<\/td>\n<td valign=\"top\">San Vicente es Canonizado por el Papa Clemente XII (1730-1740), en tanto que Santa Luisa lo fue por Pio XI (1922-1939) en 1934.<\/td>\n<\/tr>\n<tr>\n<td width=\"200\" valign=\"top\">1800<\/td>\n<td valign=\"top\">En Cantal de las Feras (Francia) nace Juan Mar\u00eda Aladel, quien ser\u00e1 Fundador de la Asociaci\u00f3n de Hijas de Mar\u00eda.<\/td>\n<\/tr>\n<tr>\n<td width=\"200\" valign=\"top\">1806<\/td>\n<td valign=\"top\">El 2 de Mayo, en Fain Les Mountiers (Costa de Oro, Francia), nace la novena hija del matrimonio formado por Pedre Labaur\u00e9 y Magdalena Gontard. Al ser bautizada, un d\u00eda desp\u00faes, recibe el nombre de Catalina, pero la llaman Zo\u00e9, que significa \u00abVida\u00bb.<\/td>\n<\/tr>\n<tr>\n<td width=\"200\" valign=\"top\">1821<\/td>\n<td valign=\"top\">El Joven estudiante Juan Mar\u00eda Aladel Ingresa al Seminario de los Padres de la Congregaci\u00f3n de la Misi\u00f3n, en Par\u00eds.<\/td>\n<\/tr>\n<tr>\n<td width=\"200\" valign=\"top\">1826<\/td>\n<td valign=\"top\">El joven Aladel es ordenado Sacerdote.<\/td>\n<\/tr>\n<tr>\n<td width=\"200\" valign=\"top\">1828<\/td>\n<td valign=\"top\">El P. Juan Aladel, es nombrado Director Espiritual del Noviciado de las Hijas de la Caridad, en Par\u00eds<\/td>\n<\/tr>\n<tr>\n<td width=\"200\" valign=\"top\">1830<\/p>\n<p>22 de Enero<\/td>\n<td valign=\"top\">Zo\u00e9 es admitida como postulante en el hospital de las Hijas de la Caridad, en Chatill\u00f3n. Tres meses despu\u00e9s, va a Par\u00eds para ingresar al Noviciado. Durante este periodo, entre los meses de Julio y Noviembre, la novicia Catalina es favorecida con varias visiones de la Sant\u00edsima Virgen Mar\u00eda: la noche del 18 al 19 de Julio, la Virgen se al aparece por primera vez y le encomienda que el P. Aladel Funde una Asociaci\u00f3n de J\u00f3venes consagrados a ella a los cuales les conceder\u00e1 abundantes gracias. El 27 de Noviembre se lee manifiesta como esta en la Medalla Milagrosa y le pide que haga acu\u00f1ar una medalla seg\u00fan ese modelo. Enterado de todo, el P. Aladel, al principio, no da cr\u00e9dito, pero pronto se convence de la veracidad de lo dicho por la novicia Catalina.<\/td>\n<\/tr>\n<tr>\n<td width=\"200\" valign=\"top\">1831<\/td>\n<td valign=\"top\">Concluido el noviciado, Sor Catalina es enviada al Asilo de Ancianos, en Par\u00eds, en donde permanecer\u00e1 el resto de su vida, desempe\u00f1ando los oficios m\u00e1s humildes.<\/td>\n<\/tr>\n<tr>\n<td width=\"200\" valign=\"top\">1832<\/td>\n<td valign=\"top\">El P. Aladel recibe y distribuye las dos mil primeras medalla que hab\u00eda mandado que se acu\u00f1aran.<\/td>\n<\/tr>\n<tr>\n<td width=\"200\" valign=\"top\">1835<\/td>\n<td valign=\"top\">Obedeciendo al deseo de la Sant\u00edsima Virgen, El P. Aladel funda la Asociaci\u00f3n de Hijas de Mar\u00eda, que fue aprobada por S.S. P\u00edo IX (1846-1878) el 20 de Junio de 1847, fecha que es considerada como la oficial de a Fundaci\u00f3n.<\/td>\n<\/tr>\n<tr>\n<td width=\"200\" valign=\"top\">1844<\/td>\n<td valign=\"top\">Procedentes de Espa\u00f1a, a principios del a\u00f1o, llegan los primeros religiosos de la Congregaci\u00f3n de la Misi\u00f3n a M\u00e9xico; en noviembre del mismo a\u00f1o, llegan las primeras Hijas de la Caridad a Veracruz.<\/td>\n<\/tr>\n<tr>\n<td width=\"200\" valign=\"top\">1847<\/p>\n<p>20 de Junio<\/td>\n<td valign=\"top\">El Superior General, P. Etienne obtiene la Aprobaci\u00f3n Pontificia dada por el Papa P\u00edo IX.<\/td>\n<\/tr>\n<tr>\n<td width=\"200\" valign=\"top\">1848<\/td>\n<td valign=\"top\">En Par\u00eds, el P. Aladel publica el primer Manual de la Asociaci\u00f3n al que titula \u00abManual de las Hijas de Mar\u00eda para uso de los Obradores y Escuelas de las Hijas de la Caridad\u00bb.<\/td>\n<\/tr>\n<tr>\n<td width=\"200\" valign=\"top\">1850<\/td>\n<td valign=\"top\">Se extiende la aprobaci\u00f3n a la rama masculina.<\/td>\n<\/tr>\n<tr>\n<td width=\"200\" valign=\"top\">1861<\/td>\n<td valign=\"top\">Se cierran 42 templos en el Distrito federal, las vestiduras sacerdotales dejan de verse fuera de los templos, se suprimen las procesiones, se promulga una ley reglamentaria de las Leyes de Reforma.<\/td>\n<\/tr>\n<tr>\n<td width=\"200\" valign=\"top\">1861<\/td>\n<td valign=\"top\">El P. Antonio Learreta tuvo el buen tino de pensar en la fundaci\u00f3n de la Asociaci\u00f3n de Hijas de Mar\u00eda entre las alumnas de los colegios de las Hijas de la Caridad..<\/td>\n<\/tr>\n<tr>\n<td width=\"200\" valign=\"top\">1861<\/p>\n<p>15 de Diciembre<\/td>\n<td valign=\"top\">Se estableci\u00f3 la primera Asociaci\u00f3n de Hijas de Maria, entrando parte de ellas, por v\u00eda de ensayo y en calidad de aspirantes, 40 colegialas.<\/td>\n<\/tr>\n<tr>\n<td width=\"200\" valign=\"top\">1862<\/p>\n<p>28 de Enero<\/td>\n<td valign=\"top\">Se eligen a las nueve jovencitas para ingresar formalmente a la Asociaci\u00f3n.<\/td>\n<\/tr>\n<tr>\n<td width=\"200\" valign=\"top\">1862<\/td>\n<td valign=\"top\">En la Ciudad de M\u00e9xico, la tarde del 2 de Febrero, en la Capilla de la Casa Provincial de las Hijas de la Caridad, se funda la Asociaci\u00f3n de Hijas de Mar\u00eda de M\u00e9xico. Su fundador es el P. Learreta, un emigrado espa\u00f1ol que, siendo alumno del Seminario de Le\u00f3n, entonces dirigido por los Sacerdotes Vicentinos, ingresa a la Congregaci\u00f3n de la Misi\u00f3n y es ordenado sacerdote en 1852.<\/td>\n<\/tr>\n<tr>\n<td width=\"200\" valign=\"top\">12 Febrero 1862<\/td>\n<td valign=\"top\">Fue firmada la Patente por el Superior general Juan Bautista<\/td>\n<\/tr>\n<tr>\n<td width=\"200\" valign=\"top\">1862-1868<\/td>\n<td valign=\"top\">Entre estos a\u00f1os, se erigieron 18 centros<\/td>\n<\/tr>\n<tr>\n<td width=\"200\" valign=\"top\">1865<\/td>\n<td valign=\"top\">Inesperadamente en Par\u00eds muere el P. Aladel que hab\u00eda ofrecido su vida a Dios a cambio de que sanara su superior General, el P. Juan Bautista Etienne.<\/td>\n<\/tr>\n<tr>\n<td width=\"200\" valign=\"top\">1867<\/p>\n<p>&nbsp;<\/td>\n<td valign=\"top\">deja de verse la firma del P. Learreta al pie de las Actas de la Asociaci\u00f3n<\/td>\n<\/tr>\n<tr>\n<td width=\"200\" valign=\"top\">1867<\/p>\n<p>07 de Febrero<\/td>\n<td valign=\"top\">En la Ciudad de M\u00e9xico, muere el Padre Antonio Learreta.<\/td>\n<\/tr>\n<tr>\n<td width=\"200\" valign=\"top\">1868<\/td>\n<td valign=\"top\">Dirigio el P. Eduardo Maria Montano hasta diciembre. Y con ello llego el P. Vilaseca.<\/td>\n<\/tr>\n<tr>\n<td width=\"200\" valign=\"top\">1869<\/td>\n<td valign=\"top\">Es publicado el primer manual traducido por el P. Antonio Learreta. Un respetable volumen de 431 p\u00e1g.<\/td>\n<\/tr>\n<tr>\n<td width=\"200\" valign=\"top\">2 de febrero1871<\/td>\n<td valign=\"top\">Se reunieron todas las asociaciones establecidas en la capital en el colegio de las bonitas con el fin de solemnizar la fecha de la fundaci\u00f3n.<\/td>\n<\/tr>\n<tr>\n<td width=\"200\" valign=\"top\">1874<\/td>\n<td valign=\"top\">El gobierno Mexicano decreta la expulsi\u00f3n del pa\u00eds de las Hijas de la Caridad. Unas 400 Hermanas, entre ellas 355 mexicanas, abandonan el pa\u00eds en 1875.<\/td>\n<\/tr>\n<tr>\n<td width=\"200\" valign=\"top\">1876<\/p>\n<p>31 de Diciembre<\/td>\n<td valign=\"top\">En Par\u00eds, muere Santa Catalina Labour\u00e9, humilde y desconocida como hab\u00eda vivido.<\/td>\n<\/tr>\n<tr>\n<td width=\"200\" valign=\"top\">1877<\/p>\n<p>22 de Abril<\/td>\n<td valign=\"top\">El Papa P\u00edo IX, concede al P. Agust\u00edn Torres, Visitador de la Congregaci\u00f3n de la Misi\u00f3n y a sus sucesores, la facultad de proponer tambi\u00e9n a sacerdotes diocesanos como directores de la Asociaci\u00f3n.<\/td>\n<\/tr>\n<tr>\n<td width=\"200\" valign=\"top\">1881<\/td>\n<td valign=\"top\">Aparece el primer bolet\u00edn en noviembre, siendo aun visitador el P. Torres.<\/td>\n<\/tr>\n<tr>\n<td width=\"200\" valign=\"top\">1882<\/td>\n<td valign=\"top\">Se doblaba el n\u00famero de grupos.<\/td>\n<\/tr>\n<tr>\n<td width=\"200\" valign=\"top\">1891<\/p>\n<p>07 de Diciembre<\/td>\n<td valign=\"top\">Arriba al pa\u00eds el nuevo Visitador, P. Del Moral, con la misi\u00f3n especifica de reorganizar y restaurar la Provincia de M\u00e9xico que a saz\u00f3n atraviesa por una profunda crisis. A si mismo, el P. Del Moral se entrega a visitar todos los grupos de la Asociaci\u00f3n esparcidos por toda la republica, reanim\u00e1ndolos y reorganiz\u00e1ndolos.<\/td>\n<\/tr>\n<tr>\n<td width=\"200\" valign=\"top\">1912<\/td>\n<td valign=\"top\">Con gran jubilo, se celebra en todo el pa\u00eds el Cincuenta Aniversario de la Fundaci\u00f3n de la Asociaci\u00f3n.<\/td>\n<\/tr>\n<tr>\n<td width=\"200\" valign=\"top\">1931<\/p>\n<p>25 de Marzo<\/td>\n<td valign=\"top\">Un a\u00f1o despu\u00e9s de la fiesta del centenario de la Medalla Milagrosa , el Papa P\u00edo XI, concede a los visitadores de la Congregaci\u00f3n de la Misi\u00f3n la facultad de subdelegar en los P\u00e1rrocos para establecer en sus Parroquias la Asociaci\u00f3n.<\/td>\n<\/tr>\n<tr>\n<td width=\"200\" valign=\"top\">1933<\/p>\n<p>29 de Mayo<\/td>\n<td valign=\"top\">Al d\u00eda siguiente de la beatificaci\u00f3n de Sor Catalina, S.S. P\u00edo XI les dice a las Hijas de Mar\u00eda \u00abSo\u00eds una selecci\u00f3n de la Virgen\u00bb<\/td>\n<\/tr>\n<tr>\n<td width=\"200\" valign=\"top\">1943<\/p>\n<p>11 de Diciembre<\/td>\n<td valign=\"top\">S.S. P\u00edo XII (1939-1958), ampl\u00eda a todos los superiores de las Casas de la Congregaci\u00f3n de la Misi\u00f3n la facultad concedida por P\u00edo XI.<\/td>\n<\/tr>\n<tr>\n<td width=\"200\" valign=\"top\">1947<\/p>\n<p>27 de Julio<\/td>\n<td valign=\"top\">El Papa P\u00edo XII, canoniza a la Beata Catalina Labour\u00e9. Un d\u00eda despu\u00e9s califica a la Asociaci\u00f3n como \u00bb eminentemente oportuna, por no decir necesaria\u00bb<\/td>\n<\/tr>\n<tr>\n<td width=\"200\" valign=\"top\">1958<\/p>\n<p>24 de Noviembre<\/td>\n<td valign=\"top\">Se realiza el Primer Congreso de Hijas de Mar\u00eda a nivel Rep\u00fablica.<\/td>\n<\/tr>\n<tr>\n<td width=\"200\" valign=\"top\">1962<\/p>\n<p>12 de Febrero<\/td>\n<td valign=\"top\">Se celebra el 1er. Centenario de la Fundaci\u00f3n de las Hijas de Mar\u00eda en M\u00e9xico.<\/td>\n<\/tr>\n<tr>\n<td width=\"200\" valign=\"top\">1980<\/td>\n<td valign=\"top\">Se cumplen 150 a\u00f1os de las apariciones de las Apariciones de Nuestra Se\u00f1ora a Santa Catalina<\/td>\n<\/tr>\n<tr>\n<td width=\"200\" valign=\"top\">1997<\/td>\n<td valign=\"top\">Se celebr\u00f3 el cincuenta aniversario del reconocimiento de su santidad por parte de la Iglesia. \u00abLa Santa del Silencio\u00bb.<\/td>\n<\/tr>\n<tr>\n<td width=\"200\" valign=\"top\">1997<\/td>\n<td valign=\"top\">Son Aprobados los estatutos en M\u00e9xico por el Superior General Robert Maloney<\/td>\n<\/tr>\n<tr>\n<td width=\"200\" valign=\"top\">1999<\/td>\n<td valign=\"top\">Gloria del Carmen Santill\u00e1n de LLanito, miembro de la Di\u00f3cesis de Celaya, es invitada a colaborar en el Secretariado internacional con sede en Madrid (Espa\u00f1a) por un periodo de 3 a\u00f1os.<\/td>\n<\/tr>\n<tr>\n<td width=\"200\" valign=\"top\">2000<\/p>\n<p>Agosto<\/td>\n<td valign=\"top\">Es celebrada en Roma la Primera Asamblea General y es electa la Primera presidenta Internacional Gladis Abi-Said (L\u00edbano), por un per\u00edodo de 5 a\u00f1os.<\/td>\n<\/tr>\n<\/tbody>\n<\/table>\n","protected":false},"excerpt":{"rendered":"<p>Juventudes Marianas Vicentinas Hijos e Hijas de Mar\u00eda JMV-HHM NUESTRO ORIGEN FECHAS IMPORTANTES &nbsp; 1581 24 de Abril Nace en Pouy (Francia), San Vicente de Pa\u00fal, el futuro fundador de la Congregaci\u00f3n de la Misi\u00f3n &#8230; <a href=\"https:\/\/vincentians.com\/es\/j-m-v-fechas-importantes\/\" class=\"more-link\">Read More<\/a><\/p>\n","protected":false},"author":4,"featured_media":32787,"comment_status":"open","ping_status":"open","sticky":false,"template":"","format":"standard","meta":{"jetpack_post_was_ever_published":false,"_jetpack_newsletter_access":"","_jetpack_dont_email_post_to_subs":false,"_jetpack_newsletter_tier_id":0,"_jetpack_memberships_contains_paywalled_content":false,"_jetpack_memberships_contains_paid_content":false,"footnotes":"","jetpack_publicize_message":"","jetpack_publicize_feature_enabled":true,"jetpack_social_post_already_shared":true,"jetpack_social_options":{"image_generator_settings":{"template":"highway","default_image_id":0,"font":"","enabled":false},"version":2}},"categories":[202],"tags":[161,117,179,116,129],"class_list":["post-32785","post","type-post","status-publish","format-standard","has-post-thumbnail","hentry","category-juventudes-marianas-vicencianas","tag-etienne","tag-pouy","tag-reina-margarita","tag-tunez","tag-urbano-viii"],"yoast_head":"<!-- This site is optimized with the Yoast SEO plugin v26.3 - https:\/\/yoast.com\/wordpress\/plugins\/seo\/ -->\n<title>J.M.V.: Fechas importantes - Somos Vicencianos<\/title>\n<meta name=\"robots\" content=\"index, follow, max-snippet:-1, max-image-preview:large, max-video-preview:-1\" \/>\n<link rel=\"canonical\" href=\"https:\/\/vincentians.com\/es\/j-m-v-fechas-importantes\/\" \/>\n<meta property=\"og:locale\" content=\"es_ES\" \/>\n<meta property=\"og:type\" content=\"article\" \/>\n<meta property=\"og:title\" content=\"J.M.V.: Fechas importantes - Somos Vicencianos\" \/>\n<meta property=\"og:description\" content=\"Juventudes Marianas Vicentinas Hijos e Hijas de Mar\u00eda JMV-HHM NUESTRO ORIGEN FECHAS IMPORTANTES &nbsp; 1581 24 de Abril Nace en Pouy (Francia), San Vicente de Pa\u00fal, el futuro fundador de la Congregaci\u00f3n de la Misi\u00f3n ... Read More\" \/>\n<meta property=\"og:url\" content=\"https:\/\/vincentians.com\/es\/j-m-v-fechas-importantes\/\" \/>\n<meta property=\"og:site_name\" content=\"Somos Vicencianos\" \/>\n<meta property=\"article:publisher\" content=\"https:\/\/www.facebook.com\/WeAreVincentians\/\" \/>\n<meta property=\"article:author\" content=\"https:\/\/www.facebook.com\/JavierChento\" \/>\n<meta property=\"article:published_time\" content=\"2011-04-02T06:59:56+00:00\" \/>\n<meta name=\"author\" content=\"Francisco Javier Fern\u00e1ndez Chento\" \/>\n<meta name=\"twitter:card\" content=\"summary_large_image\" \/>\n<meta name=\"twitter:creator\" content=\"@https:\/\/twitter.com\/javierchento\" \/>\n<meta name=\"twitter:site\" content=\"@WeVincentians\" \/>\n<meta name=\"twitter:label1\" content=\"Escrito por\" \/>\n\t<meta name=\"twitter:data1\" content=\"Francisco Javier Fern\u00e1ndez Chento\" \/>\n\t<meta name=\"twitter:label2\" content=\"Tiempo de lectura\" \/>\n\t<meta name=\"twitter:data2\" content=\"7 minutos\" \/>\n<script type=\"application\/ld+json\" class=\"yoast-schema-graph\">{\"@context\":\"https:\/\/schema.org\",\"@graph\":[{\"@type\":\"Article\",\"@id\":\"https:\/\/vincentians.com\/es\/j-m-v-fechas-importantes\/#article\",\"isPartOf\":{\"@id\":\"https:\/\/vincentians.com\/es\/j-m-v-fechas-importantes\/\"},\"author\":{\"name\":\"Francisco Javier Fern\u00e1ndez Chento\",\"@id\":\"https:\/\/vincentians.com\/es\/#\/schema\/person\/9623ef4d9aa3b2dfb8c061f1499288f2\"},\"headline\":\"J.M.V.: Fechas importantes\",\"datePublished\":\"2011-04-02T06:59:56+00:00\",\"mainEntityOfPage\":{\"@id\":\"https:\/\/vincentians.com\/es\/j-m-v-fechas-importantes\/\"},\"wordCount\":1468,\"commentCount\":0,\"publisher\":{\"@id\":\"https:\/\/vincentians.com\/es\/#organization\"},\"image\":{\"@id\":\"https:\/\/vincentians.com\/es\/j-m-v-fechas-importantes\/#primaryimage\"},\"thumbnailUrl\":\"\",\"keywords\":[\"Etienne\",\"Pouy\",\"Reina Margarita\",\"T\u00fanez\",\"Urbano VIII\"],\"articleSection\":[\"Juventudes Marianas Vicencianas\"],\"inLanguage\":\"es\",\"potentialAction\":[{\"@type\":\"CommentAction\",\"name\":\"Comment\",\"target\":[\"https:\/\/vincentians.com\/es\/j-m-v-fechas-importantes\/#respond\"]}]},{\"@type\":\"WebPage\",\"@id\":\"https:\/\/vincentians.com\/es\/j-m-v-fechas-importantes\/\",\"url\":\"https:\/\/vincentians.com\/es\/j-m-v-fechas-importantes\/\",\"name\":\"J.M.V.: Fechas importantes - Somos Vicencianos\",\"isPartOf\":{\"@id\":\"https:\/\/vincentians.com\/es\/#website\"},\"primaryImageOfPage\":{\"@id\":\"https:\/\/vincentians.com\/es\/j-m-v-fechas-importantes\/#primaryimage\"},\"image\":{\"@id\":\"https:\/\/vincentians.com\/es\/j-m-v-fechas-importantes\/#primaryimage\"},\"thumbnailUrl\":\"\",\"datePublished\":\"2011-04-02T06:59:56+00:00\",\"breadcrumb\":{\"@id\":\"https:\/\/vincentians.com\/es\/j-m-v-fechas-importantes\/#breadcrumb\"},\"inLanguage\":\"es\",\"potentialAction\":[{\"@type\":\"ReadAction\",\"target\":[\"https:\/\/vincentians.com\/es\/j-m-v-fechas-importantes\/\"]}]},{\"@type\":\"ImageObject\",\"inLanguage\":\"es\",\"@id\":\"https:\/\/vincentians.com\/es\/j-m-v-fechas-importantes\/#primaryimage\",\"url\":\"\",\"contentUrl\":\"\"},{\"@type\":\"BreadcrumbList\",\"@id\":\"https:\/\/vincentians.com\/es\/j-m-v-fechas-importantes\/#breadcrumb\",\"itemListElement\":[{\"@type\":\"ListItem\",\"position\":1,\"name\":\"Portada\",\"item\":\"https:\/\/vincentians.com\/es\/\"},{\"@type\":\"ListItem\",\"position\":2,\"name\":\"J.M.V.: Fechas importantes\"}]},{\"@type\":\"WebSite\",\"@id\":\"https:\/\/vincentians.com\/es\/#website\",\"url\":\"https:\/\/vincentians.com\/es\/\",\"name\":\"Somos Vicencianos\",\"description\":\"Know more to serve more\",\"publisher\":{\"@id\":\"https:\/\/vincentians.com\/es\/#organization\"},\"potentialAction\":[{\"@type\":\"SearchAction\",\"target\":{\"@type\":\"EntryPoint\",\"urlTemplate\":\"https:\/\/vincentians.com\/es\/?s={search_term_string}\"},\"query-input\":{\"@type\":\"PropertyValueSpecification\",\"valueRequired\":true,\"valueName\":\"search_term_string\"}}],\"inLanguage\":\"es\"},{\"@type\":\"Organization\",\"@id\":\"https:\/\/vincentians.com\/es\/#organization\",\"name\":\"The Vincentian Network\",\"url\":\"https:\/\/vincentians.com\/es\/\",\"logo\":{\"@type\":\"ImageObject\",\"inLanguage\":\"es\",\"@id\":\"https:\/\/vincentians.com\/es\/#\/schema\/logo\/image\/\",\"url\":\"https:\/\/i1.wp.com\/vincentians.com\/es\/wp-content\/uploads\/sites\/11\/2016\/06\/Vincentian-Network-logo-big.png?fit=778%2C778\",\"contentUrl\":\"https:\/\/i1.wp.com\/vincentians.com\/es\/wp-content\/uploads\/sites\/11\/2016\/06\/Vincentian-Network-logo-big.png?fit=778%2C778\",\"width\":778,\"height\":778,\"caption\":\"The Vincentian Network\"},\"image\":{\"@id\":\"https:\/\/vincentians.com\/es\/#\/schema\/logo\/image\/\"},\"sameAs\":[\"https:\/\/www.facebook.com\/WeAreVincentians\/\",\"https:\/\/x.com\/WeVincentians\"]},{\"@type\":\"Person\",\"@id\":\"https:\/\/vincentians.com\/es\/#\/schema\/person\/9623ef4d9aa3b2dfb8c061f1499288f2\",\"name\":\"Francisco Javier Fern\u00e1ndez Chento\",\"image\":{\"@type\":\"ImageObject\",\"inLanguage\":\"es\",\"@id\":\"https:\/\/vincentians.com\/es\/#\/schema\/person\/image\/\",\"url\":\"https:\/\/secure.gravatar.com\/avatar\/497d5cde87b4c3d097d0315953521681ba2cd523ee66e5077c3711f7021e65de?s=96&d=mm&r=g\",\"contentUrl\":\"https:\/\/secure.gravatar.com\/avatar\/497d5cde87b4c3d097d0315953521681ba2cd523ee66e5077c3711f7021e65de?s=96&d=mm&r=g\",\"caption\":\"Francisco Javier Fern\u00e1ndez Chento\"},\"description\":\"Director General y cofundador de La Red de Formaci\u00f3n Vicenciana. Javier es laico vicenciano, afiliado a la Congregaci\u00f3n de la Misi\u00f3n y miembro del Equipo de Misiones Populares de la provincia can\u00f3nica de Zaragoza (Espa\u00f1a) de la Congregaci\u00f3n de la Misi\u00f3n. Graduado en la Universidad Oberta de Catalunya con cuatro grados (Asistente de direcci\u00f3n, Gesti\u00f3n Administrativa, Recursos Humanos y Contabilidad Avanzada). Bil\u00edng\u00fce Espa\u00f1ol\/Ingl\u00e9s. gestiona y mantiene varias p\u00e1ginas web cristianas y vicencianas, incluida including La Red de Formaci\u00f3n Vicenciana, de la que es cofundador. Actualmente es responsable del \u00e1rea de Espa\u00f1ol de .famvin, la Red de Noticias de la Familia Vicenciana. Tambi\u00e9n es m\u00fasico cat\u00f3lico y ha editado varios discos. Es Director General y cofundador de Trovador, una reconocida compa\u00f1\u00eda discogr\u00e1fica critiana de Espa\u00f1a. Trabaja en las Tecnolog\u00edas de la Informaci\u00f3n, ofreciendo servicios de alojamiento, dise\u00f1o y mantenimiento Web, as\u00ed como asesoramiento, formaci\u00f3n y soluciones inform\u00e1ticas, gesti\u00f3n documental y digitalizaci\u00f3n de textos, edici\u00f3n y maquetaci\u00f3n de libros, revistas, flyers, etc.\",\"sameAs\":[\"http:\/\/chento.org\",\"https:\/\/www.facebook.com\/JavierChento\",\"https:\/\/x.com\/https:\/\/twitter.com\/javierchento\"],\"url\":\"https:\/\/vincentians.com\/es\/author\/chento\/\"}]}<\/script>\n<!-- \/ Yoast SEO plugin. -->","yoast_head_json":{"title":"J.M.V.: Fechas importantes - Somos Vicencianos","robots":{"index":"index","follow":"follow","max-snippet":"max-snippet:-1","max-image-preview":"max-image-preview:large","max-video-preview":"max-video-preview:-1"},"canonical":"https:\/\/vincentians.com\/es\/j-m-v-fechas-importantes\/","og_locale":"es_ES","og_type":"article","og_title":"J.M.V.: Fechas importantes - Somos Vicencianos","og_description":"Juventudes Marianas Vicentinas Hijos e Hijas de Mar\u00eda JMV-HHM NUESTRO ORIGEN FECHAS IMPORTANTES &nbsp; 1581 24 de Abril Nace en Pouy (Francia), San Vicente de Pa\u00fal, el futuro fundador de la Congregaci\u00f3n de la Misi\u00f3n ... Read More","og_url":"https:\/\/vincentians.com\/es\/j-m-v-fechas-importantes\/","og_site_name":"Somos Vicencianos","article_publisher":"https:\/\/www.facebook.com\/WeAreVincentians\/","article_author":"https:\/\/www.facebook.com\/JavierChento","article_published_time":"2011-04-02T06:59:56+00:00","author":"Francisco Javier Fern\u00e1ndez Chento","twitter_card":"summary_large_image","twitter_creator":"@https:\/\/twitter.com\/javierchento","twitter_site":"@WeVincentians","twitter_misc":{"Escrito por":"Francisco Javier Fern\u00e1ndez Chento","Tiempo de lectura":"7 minutos"},"schema":{"@context":"https:\/\/schema.org","@graph":[{"@type":"Article","@id":"https:\/\/vincentians.com\/es\/j-m-v-fechas-importantes\/#article","isPartOf":{"@id":"https:\/\/vincentians.com\/es\/j-m-v-fechas-importantes\/"},"author":{"name":"Francisco Javier Fern\u00e1ndez Chento","@id":"https:\/\/vincentians.com\/es\/#\/schema\/person\/9623ef4d9aa3b2dfb8c061f1499288f2"},"headline":"J.M.V.: Fechas importantes","datePublished":"2011-04-02T06:59:56+00:00","mainEntityOfPage":{"@id":"https:\/\/vincentians.com\/es\/j-m-v-fechas-importantes\/"},"wordCount":1468,"commentCount":0,"publisher":{"@id":"https:\/\/vincentians.com\/es\/#organization"},"image":{"@id":"https:\/\/vincentians.com\/es\/j-m-v-fechas-importantes\/#primaryimage"},"thumbnailUrl":"","keywords":["Etienne","Pouy","Reina Margarita","T\u00fanez","Urbano VIII"],"articleSection":["Juventudes Marianas Vicencianas"],"inLanguage":"es","potentialAction":[{"@type":"CommentAction","name":"Comment","target":["https:\/\/vincentians.com\/es\/j-m-v-fechas-importantes\/#respond"]}]},{"@type":"WebPage","@id":"https:\/\/vincentians.com\/es\/j-m-v-fechas-importantes\/","url":"https:\/\/vincentians.com\/es\/j-m-v-fechas-importantes\/","name":"J.M.V.: Fechas importantes - Somos Vicencianos","isPartOf":{"@id":"https:\/\/vincentians.com\/es\/#website"},"primaryImageOfPage":{"@id":"https:\/\/vincentians.com\/es\/j-m-v-fechas-importantes\/#primaryimage"},"image":{"@id":"https:\/\/vincentians.com\/es\/j-m-v-fechas-importantes\/#primaryimage"},"thumbnailUrl":"","datePublished":"2011-04-02T06:59:56+00:00","breadcrumb":{"@id":"https:\/\/vincentians.com\/es\/j-m-v-fechas-importantes\/#breadcrumb"},"inLanguage":"es","potentialAction":[{"@type":"ReadAction","target":["https:\/\/vincentians.com\/es\/j-m-v-fechas-importantes\/"]}]},{"@type":"ImageObject","inLanguage":"es","@id":"https:\/\/vincentians.com\/es\/j-m-v-fechas-importantes\/#primaryimage","url":"","contentUrl":""},{"@type":"BreadcrumbList","@id":"https:\/\/vincentians.com\/es\/j-m-v-fechas-importantes\/#breadcrumb","itemListElement":[{"@type":"ListItem","position":1,"name":"Portada","item":"https:\/\/vincentians.com\/es\/"},{"@type":"ListItem","position":2,"name":"J.M.V.: Fechas importantes"}]},{"@type":"WebSite","@id":"https:\/\/vincentians.com\/es\/#website","url":"https:\/\/vincentians.com\/es\/","name":"Somos Vicencianos","description":"Know more to serve more","publisher":{"@id":"https:\/\/vincentians.com\/es\/#organization"},"potentialAction":[{"@type":"SearchAction","target":{"@type":"EntryPoint","urlTemplate":"https:\/\/vincentians.com\/es\/?s={search_term_string}"},"query-input":{"@type":"PropertyValueSpecification","valueRequired":true,"valueName":"search_term_string"}}],"inLanguage":"es"},{"@type":"Organization","@id":"https:\/\/vincentians.com\/es\/#organization","name":"The Vincentian Network","url":"https:\/\/vincentians.com\/es\/","logo":{"@type":"ImageObject","inLanguage":"es","@id":"https:\/\/vincentians.com\/es\/#\/schema\/logo\/image\/","url":"https:\/\/i1.wp.com\/vincentians.com\/es\/wp-content\/uploads\/sites\/11\/2016\/06\/Vincentian-Network-logo-big.png?fit=778%2C778","contentUrl":"https:\/\/i1.wp.com\/vincentians.com\/es\/wp-content\/uploads\/sites\/11\/2016\/06\/Vincentian-Network-logo-big.png?fit=778%2C778","width":778,"height":778,"caption":"The Vincentian Network"},"image":{"@id":"https:\/\/vincentians.com\/es\/#\/schema\/logo\/image\/"},"sameAs":["https:\/\/www.facebook.com\/WeAreVincentians\/","https:\/\/x.com\/WeVincentians"]},{"@type":"Person","@id":"https:\/\/vincentians.com\/es\/#\/schema\/person\/9623ef4d9aa3b2dfb8c061f1499288f2","name":"Francisco Javier Fern\u00e1ndez Chento","image":{"@type":"ImageObject","inLanguage":"es","@id":"https:\/\/vincentians.com\/es\/#\/schema\/person\/image\/","url":"https:\/\/secure.gravatar.com\/avatar\/497d5cde87b4c3d097d0315953521681ba2cd523ee66e5077c3711f7021e65de?s=96&d=mm&r=g","contentUrl":"https:\/\/secure.gravatar.com\/avatar\/497d5cde87b4c3d097d0315953521681ba2cd523ee66e5077c3711f7021e65de?s=96&d=mm&r=g","caption":"Francisco Javier Fern\u00e1ndez Chento"},"description":"Director General y cofundador de La Red de Formaci\u00f3n Vicenciana. Javier es laico vicenciano, afiliado a la Congregaci\u00f3n de la Misi\u00f3n y miembro del Equipo de Misiones Populares de la provincia can\u00f3nica de Zaragoza (Espa\u00f1a) de la Congregaci\u00f3n de la Misi\u00f3n. Graduado en la Universidad Oberta de Catalunya con cuatro grados (Asistente de direcci\u00f3n, Gesti\u00f3n Administrativa, Recursos Humanos y Contabilidad Avanzada). Bil\u00edng\u00fce Espa\u00f1ol\/Ingl\u00e9s. gestiona y mantiene varias p\u00e1ginas web cristianas y vicencianas, incluida including La Red de Formaci\u00f3n Vicenciana, de la que es cofundador. Actualmente es responsable del \u00e1rea de Espa\u00f1ol de .famvin, la Red de Noticias de la Familia Vicenciana. Tambi\u00e9n es m\u00fasico cat\u00f3lico y ha editado varios discos. Es Director General y cofundador de Trovador, una reconocida compa\u00f1\u00eda discogr\u00e1fica critiana de Espa\u00f1a. Trabaja en las Tecnolog\u00edas de la Informaci\u00f3n, ofreciendo servicios de alojamiento, dise\u00f1o y mantenimiento Web, as\u00ed como asesoramiento, formaci\u00f3n y soluciones inform\u00e1ticas, gesti\u00f3n documental y digitalizaci\u00f3n de textos, edici\u00f3n y maquetaci\u00f3n de libros, revistas, flyers, etc.","sameAs":["http:\/\/chento.org","https:\/\/www.facebook.com\/JavierChento","https:\/\/x.com\/https:\/\/twitter.com\/javierchento"],"url":"https:\/\/vincentians.com\/es\/author\/chento\/"}]}},"jetpack_publicize_connections":[],"jetpack_featured_media_url":"","jetpack_sharing_enabled":true,"jetpack_shortlink":"https:\/\/wp.me\/p7ETMF-8wN","jetpack-related-posts":[{"id":387345,"url":"https:\/\/vincentians.com\/es\/fechas-en-la-vida-de-san-vicente\/","url_meta":{"origin":32785,"position":0},"title":"Fechas en la vida de San Vicente","author":"Francisco Javier Fern\u00e1ndez Chento","date":"21\/12\/2017","format":false,"excerpt":"1581: En Pouy (Landas) nace Vicente de Pa\u00fal, tercer hijo de la familia de Pa\u00fal. 1595: Vicente sale de Pouy para ir a Dax, donde vivir\u00e1 en casa del Se\u00f1or de Comet, abogado en Dax y juez en Pouy. Cursa estudios en el colegio de los Franciscanos. 1596: Vicente inicia\u2026","rel":"","context":"En \u00abVicente de Pa\u00fal\u00bb","block_context":{"text":"Vicente de Pa\u00fal","link":"https:\/\/vincentians.com\/es\/category\/la-familia-vicenciana\/fundadores\/vicente-de-paul\/"},"img":{"alt_text":"","src":"https:\/\/i0.wp.com\/vincentians.com\/es\/wp-content\/uploads\/sites\/11\/2016\/08\/con-damas-de-la-caridad.jpg?fit=1200%2C630&ssl=1&resize=350%2C200","width":350,"height":200,"srcset":"https:\/\/i0.wp.com\/vincentians.com\/es\/wp-content\/uploads\/sites\/11\/2016\/08\/con-damas-de-la-caridad.jpg?fit=1200%2C630&ssl=1&resize=350%2C200 1x, https:\/\/i0.wp.com\/vincentians.com\/es\/wp-content\/uploads\/sites\/11\/2016\/08\/con-damas-de-la-caridad.jpg?fit=1200%2C630&ssl=1&resize=525%2C300 1.5x, https:\/\/i0.wp.com\/vincentians.com\/es\/wp-content\/uploads\/sites\/11\/2016\/08\/con-damas-de-la-caridad.jpg?fit=1200%2C630&ssl=1&resize=700%2C400 2x, https:\/\/i0.wp.com\/vincentians.com\/es\/wp-content\/uploads\/sites\/11\/2016\/08\/con-damas-de-la-caridad.jpg?fit=1200%2C630&ssl=1&resize=1050%2C600 3x"},"classes":[]},{"id":124190,"url":"https:\/\/vincentians.com\/es\/vicente-de-paul-suenos-de-juventud\/","url_meta":{"origin":32785,"position":1},"title":"Vicente de Pa\u00fal: sue\u00f1os de juventud","author":"Francisco Javier Fern\u00e1ndez Chento","date":"21\/02\/2023","format":false,"excerpt":"Los or\u00edgenes Vicente, el tercero de seis hijos de Juan de Pa\u00fal y de Beltrana de Mora, naci\u00f3 el a\u00f1o 1581 en una regi\u00f3n pobre del suroeste de Francia. Sus padres eran campesinos y pastores que pose\u00edan unas tierras donde cultivaban mijo y habichuelas y pastoreaban su ganado: vacas, cerdos,\u2026","rel":"","context":"En \u00abVicente de Pa\u00fal\u00bb","block_context":{"text":"Vicente de Pa\u00fal","link":"https:\/\/vincentians.com\/es\/category\/la-familia-vicenciana\/fundadores\/vicente-de-paul\/"},"img":{"alt_text":"","src":"https:\/\/i0.wp.com\/vincentians.com\/es\/wp-content\/uploads\/sites\/11\/2013\/05\/d.jpg?fit=1200%2C799&ssl=1&resize=350%2C200","width":350,"height":200,"srcset":"https:\/\/i0.wp.com\/vincentians.com\/es\/wp-content\/uploads\/sites\/11\/2013\/05\/d.jpg?fit=1200%2C799&ssl=1&resize=350%2C200 1x, https:\/\/i0.wp.com\/vincentians.com\/es\/wp-content\/uploads\/sites\/11\/2013\/05\/d.jpg?fit=1200%2C799&ssl=1&resize=525%2C300 1.5x, https:\/\/i0.wp.com\/vincentians.com\/es\/wp-content\/uploads\/sites\/11\/2013\/05\/d.jpg?fit=1200%2C799&ssl=1&resize=700%2C400 2x, https:\/\/i0.wp.com\/vincentians.com\/es\/wp-content\/uploads\/sites\/11\/2013\/05\/d.jpg?fit=1200%2C799&ssl=1&resize=1050%2C600 3x"},"classes":[]},{"id":120461,"url":"https:\/\/vincentians.com\/es\/san-vicente-de-paul-y-su-entronque-hispanico-y-x\/","url_meta":{"origin":32785,"position":2},"title":"San Vicente de Pa\u00fal y su entronque hisp\u00e1nico (y X)","author":"Francisco Javier Fern\u00e1ndez Chento","date":"09\/09\/2022","format":false,"excerpt":"Conclusiones De los estudios precedentes podemos llegar a las siguien\u00adtes conclusiones acerca del \"entronque\" de San Vicente de Pa\u00fal con Espa\u00f1a. Existen argumentos que evidencian con certeza que los padres de San Vicente de Pa\u00fal son aragoneses, proceden\u00adtes de Tamarite de Litera. Que el mismo Santo naciera en Tamarite o\u2026","rel":"","context":"En \u00abVicente de Pa\u00fal\u00bb","block_context":{"text":"Vicente de Pa\u00fal","link":"https:\/\/vincentians.com\/es\/category\/la-familia-vicenciana\/fundadores\/vicente-de-paul\/"},"img":{"alt_text":"","src":"https:\/\/i0.wp.com\/vincentians.com\/es\/wp-content\/uploads\/sites\/11\/2013\/04\/msoF811D.jpg?fit=612%2C490&ssl=1&resize=350%2C200","width":350,"height":200,"srcset":"https:\/\/i0.wp.com\/vincentians.com\/es\/wp-content\/uploads\/sites\/11\/2013\/04\/msoF811D.jpg?fit=612%2C490&ssl=1&resize=350%2C200 1x, https:\/\/i0.wp.com\/vincentians.com\/es\/wp-content\/uploads\/sites\/11\/2013\/04\/msoF811D.jpg?fit=612%2C490&ssl=1&resize=525%2C300 1.5x"},"classes":[]},{"id":101421,"url":"https:\/\/vincentians.com\/es\/vida-del-senor-vicente-de-paul-capitulo-2\/","url_meta":{"origin":32785,"position":3},"title":"Vida del Se\u00f1or Vicente de Pa\u00fal: Cap\u00edtulo 2","author":"Francisco Javier Fern\u00e1ndez Chento","date":"13\/05\/2015","format":false,"excerpt":"2 (1609) Cuando Vicente llega a la ciudad de Paris a comienzos de 1609, para hacer de ella su residencia definitiva para el resto de su vida, aunque al llegar no lo sabe ni lo proyecta, tiene casi 29 a\u00f1os. Un a\u00f1o despu\u00e9s el mismo defin\u00eda en carta a su\u2026","rel":"","context":"En \u00abVicente de Pa\u00fal\u00bb","block_context":{"text":"Vicente de Pa\u00fal","link":"https:\/\/vincentians.com\/es\/category\/la-familia-vicenciana\/fundadores\/vicente-de-paul\/"},"img":{"alt_text":"sanvibiblia","src":"https:\/\/i0.wp.com\/vicencianos.org\/wp-content\/2012\/08\/sanvibiblia-300x300.png?resize=350%2C200","width":350,"height":200},"classes":[]},{"id":131345,"url":"https:\/\/vincentians.com\/es\/el-senor-vicente-evolucion-de-un-santo-ii\/","url_meta":{"origin":32785,"position":4},"title":"El se\u00f1or Vicente, evoluci\u00f3n de un santo (II)","author":"Francisco Javier Fern\u00e1ndez Chento","date":"20\/09\/2014","format":false,"excerpt":"2. LA INFANCIA. 1. La madre.- 2. Lugar y fecha de nacimiento de Vicente de Pa\u00fal.- 3. El primer bi\u00f3grafo.- 4. Las Landas.- 5. El campesino de la \u00e9poca.- 6. La familia del santo.- 7. La casa familiar actualmente.- 8- El ni\u00f1o.- 9. El hogar.- 10. La Sant\u00edsima Virgen y\u2026","rel":"","context":"En \u00abVicente de Pa\u00fal\u00bb","block_context":{"text":"Vicente de Pa\u00fal","link":"https:\/\/vincentians.com\/es\/category\/la-familia-vicenciana\/fundadores\/vicente-de-paul\/"},"img":{"alt_text":"coraz\u00f3n","src":"https:\/\/i0.wp.com\/vicencianos.org\/wp-content\/2014\/03\/coraz%C3%B3n.jpg?resize=350%2C200","width":350,"height":200},"classes":[]},{"id":121437,"url":"https:\/\/vincentians.com\/es\/san-vicente-de-paul-nacio-en-francia-ix-la-prensa-periodica\/","url_meta":{"origin":32785,"position":5},"title":"San Vicente de Pa\u00fal naci\u00f3 en Francia. IX. La prensa peri\u00f3dica","author":"Francisco Javier Fern\u00e1ndez Chento","date":"04\/05\/2015","format":false,"excerpt":"La prensa peri\u00f3dica El traductor de Arturo Loth, nos ha dicho contar con el concurso de la prensa peri\u00f3dica, y nosotros hemos ofrecido examinar el apoyo que prestan al Sr Feli\u00fa, los peri\u00f3dicos El Correo Catal\u00e1n de Barcelona, La Controversia de Ma\u00addrid, y El Pilar de Zaragoza. Tenemos tres n\u00fameros\u2026","rel":"","context":"En \u00abVicente de Pa\u00fal\u00bb","block_context":{"text":"Vicente de Pa\u00fal","link":"https:\/\/vincentians.com\/es\/category\/la-familia-vicenciana\/fundadores\/vicente-de-paul\/"},"img":{"alt_text":"","src":"","width":0,"height":0},"classes":[]}],"_links":{"self":[{"href":"https:\/\/vincentians.com\/es\/wp-json\/wp\/v2\/posts\/32785","targetHints":{"allow":["GET"]}}],"collection":[{"href":"https:\/\/vincentians.com\/es\/wp-json\/wp\/v2\/posts"}],"about":[{"href":"https:\/\/vincentians.com\/es\/wp-json\/wp\/v2\/types\/post"}],"author":[{"embeddable":true,"href":"https:\/\/vincentians.com\/es\/wp-json\/wp\/v2\/users\/4"}],"replies":[{"embeddable":true,"href":"https:\/\/vincentians.com\/es\/wp-json\/wp\/v2\/comments?post=32785"}],"version-history":[{"count":0,"href":"https:\/\/vincentians.com\/es\/wp-json\/wp\/v2\/posts\/32785\/revisions"}],"wp:featuredmedia":[{"embeddable":true,"href":"https:\/\/vincentians.com\/es\/wp-json\/"}],"wp:attachment":[{"href":"https:\/\/vincentians.com\/es\/wp-json\/wp\/v2\/media?parent=32785"}],"wp:term":[{"taxonomy":"category","embeddable":true,"href":"https:\/\/vincentians.com\/es\/wp-json\/wp\/v2\/categories?post=32785"},{"taxonomy":"post_tag","embeddable":true,"href":"https:\/\/vincentians.com\/es\/wp-json\/wp\/v2\/tags?post=32785"}],"curies":[{"name":"wp","href":"https:\/\/api.w.org\/{rel}","templated":true}]}}