{"id":32775,"date":"2025-03-27T08:50:40","date_gmt":"2025-03-27T07:50:40","guid":{"rendered":"http:\/\/somos.vicencianos.org\/?p=32775"},"modified":"2024-08-22T19:10:16","modified_gmt":"2024-08-22T17:10:16","slug":"el-camino-sacerdotal-de-san-vicente-de-paul-los-inicios-1600-1612","status":"publish","type":"post","link":"https:\/\/vincentians.com\/es\/el-camino-sacerdotal-de-san-vicente-de-paul-los-inicios-1600-1612\/","title":{"rendered":"El camino sacerdotal de San Vicente de Pa\u00fal. Los inicios (1600-1612)"},"content":{"rendered":"<p style=\"padding-left: 30px\"><em>El 23 de septiembre de 1600 fue promovido [el Sr. Vicente] al santo orden del presbiterado. Como despu\u00e9s vivi\u00f3 hasta el 27 de septiembre de 1660 se puede deducir que fue sacerdote en la Iglesia de Jesucristo por espacio de sesenta a\u00f1os. Dios sabe cu\u00e1les fueron las disposiciones y los sentimientos de su coraz\u00f3n cuando recibi\u00f3 ese sagrado car\u00e1cter. Si se puede conocer a los \u00e1rboles por sus frutos y a las causas por sus efectos, al ver la perfecci\u00f3n y la santidad con la que este dign\u00edsimo sacerdote ejerci\u00f3 las funciones de su sacerdocio, se puede creer con toda seguridad que, en el momento en que fue consagrado sacerdote, nuestro Se\u00f1or Jesucristo, sacerdote eterno y pr\u00edncipe de los sacerdotes, derram\u00f3 sobre \u00e9l con abundancia la plenitud de su esp\u00edritu sacerdotal, y que ese esp\u00edritu le dio tan altos pensamientos sobre ese sagrado car\u00e1cter, que podr\u00eda hablar siempre de ello con admiraci\u00f3n como de una cosa que no pod\u00eda apreciarse nunca bastante.<\/em><span id='easy-footnote-1-32775' class='easy-footnote-margin-adjust'><\/span><span class='easy-footnote'><a href='https:\/\/vincentians.com\/es\/el-camino-sacerdotal-de-san-vicente-de-paul-los-inicios-1600-1612\/#easy-footnote-bottom-1-32775' title='L. Abelly, &lt;em&gt;La Vie du venerable servitevr de Dieu Vincent de Pavl, Institutevr et premier Svperievr General de la Congregation de la Mission diuis\u00e9e en trois Liures&lt;\/em&gt;, Paris, 1664. L. 1, c. 3, p. 25.'><sup>1<\/sup><\/a><\/span>\n<p>Pocos lectores suscribir\u00edan hoy esta id\u00edlica versi\u00f3n abeliniana del acceso al sacerdocio de Vicente de Pa\u00fal. Y, sin embargo, hay que reconocer al buen obispo de Rodez que, a falta quiz\u00e1s de rigor cr\u00edtico, su visi\u00f3n tiene una cualidad de la que carecen con frecuencia otros escritos sobre el tema: est\u00e1 dotada de sentido. En el fondo, lo que hace desde las primeras p\u00e1ginas de su biograf\u00eda es trazar a su manera el perfil del camino sacerdotal de Vicente de Pa\u00fal.<\/p>\n<p>Los conocimientos sobre el santo han avanzado mucho desde 1664. Ello hace que, para saber en qu\u00e9 medida corresponde o se aparta de la realidad la descripci\u00f3n que hace Abelly de los sentimientos de Vicente en el momento de su ordenaci\u00f3n sacerdotal, haya que hacerse cargo, previamente, de unos cuantos problemas.<\/p>\n<h2><strong>Una ordenaci\u00f3n bajo sospecha<\/strong><\/h2>\n<p>Curiosamente, el primero de \u00e9stos surge de la misma narraci\u00f3n de Abelly. Por \u00e9l sabemos que la idea de encaminar al ni\u00f1o Vicente hacia el sacerdocio fue de su propio padre y que lo hizo con el prop\u00f3sito de procurarle a \u00e9l e, indirectamente, a sus dem\u00e1s hijos una situaci\u00f3n social que mejorara la precaria econom\u00eda familiar.<span id='easy-footnote-2-32775' class='easy-footnote-margin-adjust'><\/span><span class='easy-footnote'><a href='https:\/\/vincentians.com\/es\/el-camino-sacerdotal-de-san-vicente-de-paul-los-inicios-1600-1612\/#easy-footnote-bottom-2-32775' title='L. Abelly, &lt;em&gt;o.c.&lt;\/em&gt; L. I, c. 2, p. 32.'><sup>2<\/sup><\/a><\/span> Tenemos aqu\u00ed un primer dato cierto para se\u00f1alar el punto de partida del camino sacerdotal de San Vicente: no se inici\u00f3 por un impulso m\u00edstico ni siquiera, extremando el an\u00e1lisis, estrictamente religioso. Lo que mov\u00eda a quienes encaminaban al joven aldeano land\u00e9s hacia la meta del sacerdocio era una consideraci\u00f3n humana \u2013demasiado humana\u2013 de las ventajas del estado sacerdotal. El fen\u00f3meno no tiene nada de extra\u00f1o ni en aquella \u00e9poca ni en tiempos sucesivos: hasta bien entrado el siglo XX, en toda la Europa cat\u00f3lica, entrar en el estado eclesi\u00e1stico era para muchos adolescentes pobres \u2013y sus familias\u2013 casi el \u00fanico medio de salir de la indigencia. Rechazar como indignas todas las vocaciones iniciadas bajo la interesada inspiraci\u00f3n familiar ser\u00eda condenar a generaciones enteras de sacerdotes. Lo que debemos preguntarnos es si tambi\u00e9n a Vicente le guiaban y de modo exclusivo los mismos motivos. Desde luego, no podemos saber con certeza si a la temprana edad de doce o quince a\u00f1os pod\u00eda el ni\u00f1o Vicente tener sobre el asunto ideas propias. Pero tampoco tenemos idea de la evoluci\u00f3n que el joven aspirante tuvo que experimentar a lo largo de los a\u00f1os de preparaci\u00f3n y estudio en Dax, en Toulouse y en Zaragoza.<span id='easy-footnote-3-32775' class='easy-footnote-margin-adjust'><\/span><span class='easy-footnote'><a href='https:\/\/vincentians.com\/es\/el-camino-sacerdotal-de-san-vicente-de-paul-los-inicios-1600-1612\/#easy-footnote-bottom-3-32775' title='La estancia y estudios de San Vicente en Zaragoza, que hemos defendido siempre se ha abierto camino entre autores recientes, incluso franceses, como Bernard Pujo: &lt;em&gt;Vincent de Paul, le pr\u00e9curseur&lt;\/em&gt;, Paris, 1998 p. 30-31 y 314, notas 6 y 7. Ver asimismo Bernard Koch, &lt;em&gt;La Biblioth\u00e8que de Saint Vincent vers 1611-1616&lt;\/em&gt;, p. 3.'><sup>3<\/sup><\/a><\/span> Lo m\u00e1s probable es que, cuando varios a\u00f1os m\u00e1s tarde y fallecido ya su padre, llega Vicente al umbral de las sagradas \u00f3rdenes, es consciente de las responsabilidades que asume y due\u00f1o de sus motivaciones. Y nada se opone a que sus sentimientos se hubieran ido depurando en sentido cada vez m\u00e1s espiritual, sin que por ello quedaran excluidas aspiraciones y expectativas temporales. Como escribi\u00f3 Pierre Defrennes <em>\u00absin af\u00e1n de sutilezas puede decirse con toda verosimilitud que obedec\u00eda tanto a las invitaciones de la fortuna como a las del Esp\u00edritu Santo\u00bb<\/em>.<span id='easy-footnote-4-32775' class='easy-footnote-margin-adjust'><\/span><span class='easy-footnote'><a href='https:\/\/vincentians.com\/es\/el-camino-sacerdotal-de-san-vicente-de-paul-los-inicios-1600-1612\/#easy-footnote-bottom-4-32775' title='Pierre Defrennes, &lt;em&gt;La vocation de Saint Vincent de Paul: \u00c9tude de psychologie surnaturelle&lt;\/em&gt;, Paris: Revue d&amp;#8217;Asc\u00e9tique et de Mystique XIII, (1932), p. 391.'><sup>4<\/sup><\/a><\/span><em><br \/>\n<\/em><\/p>\n<p>Se nos plantea a continuaci\u00f3n el problema de la irregularidad de la ordenaci\u00f3n de Vicente a los diecinueve o veinte a\u00f1os. En 1922 el P. Pierre Coste demostraba que San Vicente no hab\u00eda nacido en 1576, sino, seg\u00fan cre\u00eda \u00e9l, en 1581, y que, por tanto, se hab\u00eda ordenado a los 19 a\u00f1os, edad irregular seg\u00fan los c\u00e1nones de Trento.<span id='easy-footnote-5-32775' class='easy-footnote-margin-adjust'><\/span><span class='easy-footnote'><a href='https:\/\/vincentians.com\/es\/el-camino-sacerdotal-de-san-vicente-de-paul-los-inicios-1600-1612\/#easy-footnote-bottom-5-32775' title='Pierre Coste, &lt;em&gt;La vraie date de la naissance de Saint Vincent de Paul&lt;\/em&gt;, Dax, 1922. Para el caso da lo mismo que San Vicente, como yo pienso, naciera no en 1581 sino en 1580. Cf. Jos\u00e9 Mar\u00eda Rom\u00e1n, &lt;em&gt;El nacimiento de San Vicente de Pa\u00fal: Preguntas en torno a una fecha.&lt;\/em&gt; En &lt;em&gt;Semana Vicenciana de Salamanca (10\u00aa)&lt;\/em&gt;, Salamanca, 1981. p. 147-174. Tanto los diecinueve como los veinte a\u00f1os eran irregulares.'><sup>5<\/sup><\/a><\/span> Este dato cambiaba forzosamente la perspectiva que se ten\u00eda de la ordenaci\u00f3n sacerdotal de San Vicente. Pronto cundi\u00f3 la idea de que el joven Vicente de Pa\u00fal distaba mucho de ser desde el principio el sacerdote ideal que pintara su devoto primer bi\u00f3grafo.<span id='easy-footnote-6-32775' class='easy-footnote-margin-adjust'><\/span><span class='easy-footnote'><a href='https:\/\/vincentians.com\/es\/el-camino-sacerdotal-de-san-vicente-de-paul-los-inicios-1600-1612\/#easy-footnote-bottom-6-32775' title='Antoine Redier, &lt;em&gt;La vraie vie de Saint Vincent de Paul, &lt;\/em&gt;Paris, 1927. Existe traducci\u00f3n espa\u00f1ola: &lt;em&gt;Vicente de Pa\u00fal, todo un car\u00e1cter&lt;\/em&gt;; trad. de la 2\u00aa ed. francesa por Luis Huerga, Santa Marta de Tormes, Salamanca, 1977.'><sup>6<\/sup><\/a><\/span>\n<p>El problema de la irregularidad debe ser juzgado a la luz de las costumbres de la \u00e9poca y de la realidad jur\u00eddico-eclesi\u00e1stica del momento. Sabemos, de una parte, que en la Francia de principios del siglo XVII abundaban las ordenaciones prematuras y, de otra, que en 1600 los c\u00e1nones de Trento no hab\u00edan sido promulgados en Francia ni lo ser\u00edan hasta 1615. En esas circunstancias, ordenarse antes de los veinticuatro a\u00f1os pod\u00eda perfectamente ser entendido como un acto autorizado por la costumbre y no como una transgresi\u00f3n o un pecado. M\u00e1s a\u00fan, sigue sin explicaci\u00f3n satisfactoria el hecho de que las dimisorias tanto del subdiaconado y diaconado como las del sacerdocio hagan constar expresamente que el candidato ten\u00eda la edad leg\u00edtima.<span id='easy-footnote-7-32775' class='easy-footnote-margin-adjust'><\/span><span class='easy-footnote'><a href='https:\/\/vincentians.com\/es\/el-camino-sacerdotal-de-san-vicente-de-paul-los-inicios-1600-1612\/#easy-footnote-bottom-7-32775' title='Saint Vincent de Paul: &lt;em&gt;Correspondence, Entretiens, Documents&lt;\/em&gt;; Ed. publi\u00e9e et annot\u00e9e par Pierre Coste, Pr\u00eatre de la Mission, Paris, 1920-1925, 14 v. Citado en lo sucesivo como SVP XIII, 3, 5 y 6; ES (Edici\u00f3n espa\u00f1ola S\u00edgueme) X, 11, 12 y 13.'><sup>7<\/sup><\/a><\/span> \u00bfEnga\u00f1o consciente del interesado ante los responsables? \u00bfDeliberada falsificaci\u00f3n de los firmantes de los documentos? Pero \u00bfno puede pensarse tambi\u00e9n en una hipot\u00e9tica dispensa de edad obtenida de Roma? En realidad, no existe ning\u00fan indicio que nos permita inclinarnos en uno u otro sentido. Todas las hip\u00f3tesis forjadas para dar raz\u00f3n de \u00e9l \u2013incluida la m\u00e1s favorable, que acabamos de formular\u2013 no dejan de ser conjeturas sin apoyo documental. Desde el punto de vista personal de Vicente \u00bfno bastaba a su tranquilidad de conciencia el haber sido autorizado por la autoridad leg\u00edtima?<\/p>\n<p>El tercer problema deriva del lugar de la ordenaci\u00f3n. Consta en efecto que el joven di\u00e1cono fue promovido al sacerdocio en Ch\u00e2teau-l&#8217;\u00c9v\u00eaque por Mons. Francisco de Bourdeille, obispo de P\u00e9rigueux, que ten\u00eda all\u00ed su residencia.<span id='easy-footnote-8-32775' class='easy-footnote-margin-adjust'><\/span><span class='easy-footnote'><a href='https:\/\/vincentians.com\/es\/el-camino-sacerdotal-de-san-vicente-de-paul-los-inicios-1600-1612\/#easy-footnote-bottom-8-32775' title='SVP XIII, p. 7; ES X, p.14 La ordenaci\u00f3n en Ch\u00e2teau-l&amp;#8217;\u00c9v\u00eaque ha sido estudiada sucesivamente desde diversos puntos de vista por varios autores, a los que remitimos globalmente para las l\u00edneas que siguen: Abb\u00e9 Granger: &lt;em&gt;Ordination de Saint Vincent de Paul dans l&amp;#8217;\u00e9glise de Ch\u00e2teau-l&amp;#8217;\u00c9v\u00eaque&lt;\/em&gt;. \u2013 Nouvelle \u00e9dition. \u2013 P\u00e9rigueux, 1884. La 1\u00aa edici\u00f3n es de 1872. F. Contassot, &lt;em&gt;Saint Vincent de Paul et le P\u00e9rigord&lt;\/em&gt;: Annales (1949-1950) p. 161-203. Joseph Defos du Rau: &lt;em&gt;Le jeune Vincent de Paul, s&amp;#8217;est-il fait ordonner pr\u00eatre par surprise?&lt;\/em&gt; Dax: Bull. de la Soci\u00e9t\u00e9 de Borda, 3e. trimestre 1959.'><sup>8<\/sup><\/a><\/span> Se ha especulado mucho en torno a este hecho. \u00bfPor qu\u00e9 Vicente de Pa\u00fal fue a ordenarse sacerdote en un lugar relativamente alejado de su di\u00f3cesis natal, Dax, o de su residencia de entonces, Toulouse? Un bi\u00f3grafo novelador, Antonio Redier, lleg\u00f3 a afirmar que lo hab\u00eda hecho para ocultar mejor su situaci\u00f3n irregular y precisamente ante un obispo \u00abciego y moribundo\u00bb. Lo de ciego no deja de ser una exageraci\u00f3n y lo de moribundo, una manera de hablar. Mons. Bourdeille morir\u00eda, en efecto, un mes despu\u00e9s de ordenar a Vicente, el 24 de octubre de aquel mismo a\u00f1o. Pero nada hace suponer que se le considerara moribundo un mes antes. Los hechos son: 1\u00ba que las Dimisorias de Vicente est\u00e1n expedidas un a\u00f1o antes, el 13 de septiembre de 1599, y le autorizan a hacerse ordenar por el obispo que prefiera; no hay ni rastro de una ordenaci\u00f3n precipitada; 2\u00ba que la ordenaci\u00f3n no se realiz\u00f3 en la capilla privada del obispo sino en la iglesia de San Juli\u00e1n, que actuaba de facto como catedral, lo que desautoriza totalmente la idea de una ordenaci\u00f3n semi a escondidas; 3\u00ba que no fue una ceremonia privada, sino una ordenaci\u00f3n general y pontifical, con asistencia de ayudantes del obispo, can\u00f3nigos, etc. Parece dif\u00edcil lograr enga\u00f1ar a tantos testigos simult\u00e1neamente. Otra hip\u00f3tesis m\u00e1s ben\u00e9vola apunta a una relaci\u00f3n m\u00e1s o menos estrecha entre el ordenando y el obispo a trav\u00e9s de alumnos del primero emparentados con el segundo. M\u00e1s recientemente se ha sentado la tesis diametralmente opuesta a la de Redier de que Vicente recurre a Francisco de Bourdeille como obispo modelo, <em>\u00abde la cohorte de prelados irreprochables y combativos\u00bb<\/em>, el mejor patrono para un joven necesitado de adquirir la reputaci\u00f3n de sacerdote ejemplar.<span id='easy-footnote-9-32775' class='easy-footnote-margin-adjust'><\/span><span class='easy-footnote'><a href='https:\/\/vincentians.com\/es\/el-camino-sacerdotal-de-san-vicente-de-paul-los-inicios-1600-1612\/#easy-footnote-bottom-9-32775' title='Pierre Miquel: &lt;em&gt;Vincent de Paul&lt;\/em&gt;, Paris, 1996, p. 80.'><sup>9<\/sup><\/a><\/span> Seguiremos sin saber con certeza las razones por las que fue Vicente a ordenarse en P\u00e9rigord mientras no aparezcan nuevos datos. Pero lo que s\u00ed se puede descartar es que fuera por esconderse o por sorprender la buena fe de un anciano.<\/p>\n<p>Otra circunstancia que debe tenerse en cuenta para evaluar las disposiciones de Vicente al recibir la ordenaci\u00f3n es la de su primera misa. Tanto Abelly como Collet nos informan de que antes de hacerlo, Vicente se impuso un plazo de espera, cumpliendo as\u00ed las disposiciones que por entonces estaban dictando los obispos m\u00e1s dotados de voluntad de reforma y que busc\u00f3 para el acontecimiento un lugar devoto y recogido: la ermita de la Virgen en Buzet-sur-Tarn en un monte en medio de los bosques. Lo hizo sin m\u00e1s testigos que un ac\u00f3lito y el sacerdote acompa\u00f1ante: el presb\u00edtero asistente del lenguaje lit\u00fargico.<span id='easy-footnote-10-32775' class='easy-footnote-margin-adjust'><\/span><span class='easy-footnote'><a href='https:\/\/vincentians.com\/es\/el-camino-sacerdotal-de-san-vicente-de-paul-los-inicios-1600-1612\/#easy-footnote-bottom-10-32775' title='L. Abelly, &lt;em&gt;o.c.&lt;\/em&gt;, L.1 c.3 p. 11; P. Collet, &lt;em&gt;La vie de St. Vincent de Paul, instituteur de la Congr\u00e9gation de la Mission et des Filles de la Charit\u00e9&lt;\/em&gt;. Nancy, 1748. \u2013 2 v., t.1 p. 14.'><sup>10<\/sup><\/a><\/span> Todo induce a creer que lo hizo con fervor, como atestigua la tradici\u00f3n y se inclina a creer la m\u00e1s seria investigaci\u00f3n contempor\u00e1nea. Todo ello casa mal con una ordenaci\u00f3n recibida s\u00f3lo por afanes humanos de ambici\u00f3n y lucro.<span id='easy-footnote-11-32775' class='easy-footnote-margin-adjust'><\/span><span class='easy-footnote'><a href='https:\/\/vincentians.com\/es\/el-camino-sacerdotal-de-san-vicente-de-paul-los-inicios-1600-1612\/#easy-footnote-bottom-11-32775' title='E. Diebold, &lt;em&gt;La premi\u00e8re messe de Saint Vincent &lt;\/em&gt;(1600): Annales (1957) p. 488-492.'><sup>11<\/sup><\/a><\/span>\n<p>Para formular un juicio definitivo sobre las disposiciones de Vicente al recibir el sacerdocio nos falta examinar un \u00faltimo elemento, pero no el menos importante: las declaraciones del propio Vicente referentes, al menos indirectamente, a su propia ordenaci\u00f3n. Leamos los p\u00e1rrafos esenciales: \u00ab<em>En cuanto a m\u00ed, si hubiera sabido lo que era, cuando tuve la temeridad de entrar en este estado, como lo supe m\u00e1s tarde, hubiera preferido quedarme a labrar la tierra antes que comprometerme en un estado tan tremendo<\/em>\u00ab.<span id='easy-footnote-12-32775' class='easy-footnote-margin-adjust'><\/span><span class='easy-footnote'><a href='https:\/\/vincentians.com\/es\/el-camino-sacerdotal-de-san-vicente-de-paul-los-inicios-1600-1612\/#easy-footnote-bottom-12-32775' title='SVP, V, 568; ES V, 540. Carta al Can\u00f3nigo Saint-Martin, marzo de 1656.'><sup>12<\/sup><\/a><\/span> <em>\u00abEst\u00e1 tan metido en m\u00ed este sentimiento que, si no fuera ya sacerdote, no lo ser\u00eda jam\u00e1s. Es lo que le digo con frecuencia a los que pretenden el sacerdocio<\/em>\u00ab.<span id='easy-footnote-13-32775' class='easy-footnote-margin-adjust'><\/span><span class='easy-footnote'><a href='https:\/\/vincentians.com\/es\/el-camino-sacerdotal-de-san-vicente-de-paul-los-inicios-1600-1612\/#easy-footnote-bottom-13-32775' title='SVP, VII, 463; ES VII, 396. Al abogado Dupont-Fournier, padre del P. Fournier, C.M., que pretend\u00eda hacerse sacerdote a una edad avanzado, 1659.'><sup>13<\/sup><\/a><\/span>\n<p>Se ha considerado que estos dos textos demuestran sin lugar a duda que San Vicente pensaba que se hab\u00eda ordenado sin vocaci\u00f3n. El contexto de ambas citas nos permite valorarlas con cierta seguridad. En ambos casos, el santo trata de disuadir a otros (su sobrino, el abogado Fournier) de hacerse sacerdotes. Recurre para ello a un argumento de experiencia personal que puede impresionar a los destinatarios: si el Sr. Vicente, a quien todo el mundo considera ya un santo, piensa as\u00ed de s\u00ed mismo, \u00bfc\u00f3mo me voy a atrever yo a entrar en ese estado?<\/p>\n<p>Por otra parte, lo que el santo subraya sobre todo, m\u00e1s que la indignidad, es la temeridad que supone hacerse sacerdote ante lo terrible (redoutable) de la condici\u00f3n sacerdotal.<\/p>\n<p>En cambio, a un joven di\u00e1cono de la Congregaci\u00f3n, Juan Duhamel, temeroso de dar el paso decisivo de la ordenaci\u00f3n sacerdotal, San Vicente le hab\u00eda escrito en 1639: \u00ab<em>Le ruego por estas l\u00edneas que no ceda a la tentaci\u00f3n que quiere apartarle de recibir el santo orden del sacerdocio, para llegar al cual ha hecho ya casi todo cuanto ha hecho desde que est\u00e1 en el mundo. Disp\u00f3ngase, pues, para recibir esta ordenaci\u00f3n, por favor&#8230; Si dice que no es apto y que jam\u00e1s lo ser\u00e1, le confieso, se\u00f1or, que as\u00ed es en relaci\u00f3n con la infinita santidad de la obra, pero en relaci\u00f3n con nuestra miseria espere, se\u00f1or, que Nuestro Se\u00f1or ser\u00e1 su aptitud, as\u00ed como ser\u00e1 tambi\u00e9n el sacrificador junto con usted\u00bb<\/em><em>.<\/em><span id='easy-footnote-14-32775' class='easy-footnote-margin-adjust'><\/span><span class='easy-footnote'><a href='https:\/\/vincentians.com\/es\/el-camino-sacerdotal-de-san-vicente-de-paul-los-inicios-1600-1612\/#easy-footnote-bottom-14-32775' title='SVP XV, 22; ES I, 587.'><sup>14<\/sup><\/a><\/span> Tambi\u00e9n estas l\u00edneas tienen regusto de confesi\u00f3n personal.<\/p>\n<p>La lectura conjunta de esos y otros textos que podr\u00edan aducirse nos lleva, por convergencia, a la conclusi\u00f3n de que, a\u00fan a sus veinte a\u00f1os, el joven Vicente de Pa\u00fal afront\u00f3 el sacerdocio con suficiente conciencia de su excelencia y de las disposiciones necesarias para recibirlo, por m\u00e1s que, visto el paso desde la cima de su ancianidad \u2013y de su santidad\u2013 se le antojara una temeridad. La visi\u00f3n utilitarista del estado clerical m\u00e1s que del sacerdocio no es incompatible con la honradez natural, con el sentido del deber y la voluntad de cumplir las obligaciones adquiridas ni, por supuesto, con un aut\u00e9ntico fervor, quiz\u00e1s superficial, pero absolutamente sincero. Desenmara\u00f1ar esos dos factores va a ser a mi entender el constante quehacer de los doce primeros a\u00f1os de sacerdocio de Vicente de Pa\u00fal.<\/p>\n<h2><strong>Doce a\u00f1os de b\u00fasqueda<\/strong><\/h2>\n<p>La ordenaci\u00f3n sacerdotal de Vicente marca el comienzo de una nueva etapa de su vida, su juventud, sus a\u00f1os de peregrinaci\u00f3n y aprendizaje. Es tambi\u00e9n, naturalmente, una nueva etapa de su camino sacerdotal.<\/p>\n<p>Y aqu\u00ed se nos plantea una pregunta previa: \u00bfcamino o carrera? Conviene tener en cuenta la distinci\u00f3n. El camino es la marcha en la vivencia de una vocaci\u00f3n. La carrera \u2013\u00bbhacer carrera\u00bb\u2013 es el entendimiento del sacerdocio como ocasi\u00f3n de avance personal, de medro y logro. Para contestar a esa pregunta debemos analizar los informes que poseemos sobre la actuaci\u00f3n sacerdotal de Vicente en los doce a\u00f1os que transcurren entre su ordenaci\u00f3n y su instalaci\u00f3n como p\u00e1rroco de Clichy.<\/p>\n<p>Lo primero que sabemos de San Vicente sacerdote es que fue nombrado por el Vicario General de Dax p\u00e1rroco de Tilh, un pueblecito de la di\u00f3cesis no lejano de su nativo Pouy.<span id='easy-footnote-15-32775' class='easy-footnote-margin-adjust'><\/span><span class='easy-footnote'><a href='https:\/\/vincentians.com\/es\/el-camino-sacerdotal-de-san-vicente-de-paul-los-inicios-1600-1612\/#easy-footnote-bottom-15-32775' title='L. Abelly (&lt;em&gt;o.c.&lt;\/em&gt;, L.1 c.3 p. 11) dice que fueron los \u00abgrandes vicarios de Dax, sede vacante\u00bb quienes proveyeron a Vicente de la parroquia de Tilh. Coste (&lt;em&gt;Monsieur Vincent&lt;\/em&gt;, t.1 p. 40), que hab\u00eda detectado el error de Abelly sobre la situaci\u00f3n de la sede, se cree autorizado a interpretar que el nombramiento lo hizo el obispo. No es nada seguro. Recientemente se ha lanzado la hip\u00f3tesis de que acaso el nombramiento para Tilh fuera anterior a la ordenaci\u00f3n sacerdotal de Vicente (Bernard Pujo, &lt;em&gt;o.c.&lt;\/em&gt;, p. 24), en cuyo caso no habr\u00eda error de Abelly, ya que la di\u00f3cesis estaba, efectivamente vacante.'><sup>15<\/sup><\/a><\/span> Recordemos que este primer beneficio obtenido por Vicente se cerr\u00f3 con un fracaso. La parroquia hab\u00eda sido concedida en Roma a otro pretendiente, un tal se\u00f1or Saint-Soub\u00e9, y Vicente, de grado o por fuerza, tuvo que renunciar a ella. Abelly piensa que de grado, por no pleitear, dada su repugnancia a los procesos. Esto es proyectar sobre el joven Vicente una actitud de su edad madura que nada nos indica que Vicente poseyera en sus primeros a\u00f1os. En efecto, pronto se le ver\u00e1 pleitear por un asunto relativamente mucho menos importante. Lo m\u00e1s probable es que Vicente viera perdida la causa y dejara de interesarse. Enfrentarse a Roma y tal vez tambi\u00e9n a su propio obispo, ya instalado en la sede y que no ten\u00eda inter\u00e9s alguno en sostener una decisi\u00f3n tomada por otros, era a todas luces empe\u00f1o in\u00fatil. Del episodio hay que retener, sobre todo, la idea de que el primer intento de Vicente por afirmarse en su nueva condici\u00f3n de sacerdote es ser p\u00e1rroco, es decir, alcanzar la \u00fanica situaci\u00f3n que le garantizaba el pleno ejercicio de las funciones sacerdotales. Esto puede parecer natural en nuestros d\u00edas. No lo era tanto en una \u00e9poca en que multitud de eclesi\u00e1sticos utilizaban su sacerdocio como mera palanca para aspirar a prebendas que poco ten\u00edan que ver con el sacerdocio. Claro est\u00e1 que, al mismo tiempo, una parroquia constitu\u00eda una fuente segura de rentas e ingresos. No tenemos ning\u00fan motivo para suponer que Vicente no aspirara simult\u00e1neamente a lo uno y a lo otro. Es decir, que el camino sacerdotal fuera para \u00e9l al mismo tiempo una carrera.<\/p>\n<p>El segundo episodio que conocemos es de diferente \u00edndole. El mismo a\u00f1o de su ordenaci\u00f3n o al siguiente, es decir, en 1600 o 1601 Vicente realiz\u00f3 un viaje a Roma. Del hecho no cabe duda por m\u00e1s que los primeros bi\u00f3grafos no sepan nada de \u00e9l. Nosotros lo conocemos porque varias veces el propio Vicente dice que \u00abhab\u00eda tenido el honor de ver\u00bb al papa Clemente VIII.<span id='easy-footnote-16-32775' class='easy-footnote-margin-adjust'><\/span><span class='easy-footnote'><a href='https:\/\/vincentians.com\/es\/el-camino-sacerdotal-de-san-vicente-de-paul-los-inicios-1600-1612\/#easy-footnote-bottom-16-32775' title='SVP IX, p. 316-317. 468; SVP X, p. 365 593; SVP XII, p. 347; ES IX, p. 294, 426, 987, 1123; ES XI, p. 623.'><sup>16<\/sup><\/a><\/span> Ahora bien: Clemente VIII muri\u00f3 en 1605. A precisar m\u00e1s la fecha nos ayuda otra referencia: en la carta de 20 de julio de 1631 al P. Du Coudray destacado por entonces en Roma, Vicente le dice que \u00e9l mismo hab\u00eda estado all\u00ed \u00abhace treinta a\u00f1os\u00bb. Hubo de ser, por tanto, en torno a 1601. En cambio, sobre los motivos del viaje carecemos por completo de informaci\u00f3n. Se han avanzado varias hip\u00f3tesis: que fue all\u00e1 para obtener la dispensa de su ordenaci\u00f3n irregular, o para defender su causa en la disputa por la parroquia de Tilh o, simplemente, para ganar el gran jubileo de 1600. Todas ellas carecen de apoyos documentales. Lo que s\u00ed conocemos bastante bien son las disposiciones interiores de Vicente durante su estancia en la ciudad eterna. Tal conocimiento es precioso a la hora de reconstruir su camino sacerdotal. \u00bfCu\u00e1les eran esas disposiciones?<\/p>\n<p>Oig\u00e1moselo al mismo Vicente: \u00ab<em>Por fin ha llegado usted a Roma, donde est\u00e1 la cabeza visible de la Iglesia militante, donde est\u00e1n los cuerpos de San Pedro y San Pablo y de otros muchos m\u00e1rtires que en otro tiempo dieron su sangre y emplearon su vida por Jesucristo. \u00a1Cu\u00e1n feliz es, se\u00f1or, por poder caminar sobre la tierra por la que caminaron tantos grandes y santos personajes! Esta consideraci\u00f3n me conmovi\u00f3 tanto cuando estuve en Roma hace treinta a\u00f1os, que, aunque estaba cargado de pecados, no dej\u00e9 de enternecerme incluso con l\u00e1grimas, seg\u00fan me parece\u00bb<\/em><em>.<\/em><span id='easy-footnote-17-32775' class='easy-footnote-margin-adjust'><\/span><span class='easy-footnote'><a href='https:\/\/vincentians.com\/es\/el-camino-sacerdotal-de-san-vicente-de-paul-los-inicios-1600-1612\/#easy-footnote-bottom-17-32775' title='SVP I, p. 114; ES I, p. 176.'><sup>17<\/sup><\/a><\/span>\n<p>Estas palabras distan mucho de describir a un mozuelo alocado. Hablan, por el contrario, de un joven piadoso, capaz de incluso de llorar de emoci\u00f3n al recuerdo vivo de los santos. Esa es la imagen que el San Vicente maduro da del Vicente juvenil.<\/p>\n<p>Vuelto a Toulouse, Vicente reemprende sus estudios hasta completar siete a\u00f1os de teolog\u00eda en 1604 y obtener el t\u00edtulo de bachiller con derecho a explicar el segundo libro de las Sentencias de Pedro Lombardo,<span id='easy-footnote-18-32775' class='easy-footnote-margin-adjust'><\/span><span class='easy-footnote'><a href='https:\/\/vincentians.com\/es\/el-camino-sacerdotal-de-san-vicente-de-paul-los-inicios-1600-1612\/#easy-footnote-bottom-18-32775' title='L. Abelly, &lt;em&gt;o.c.&lt;\/em&gt;, L.1 c.3 p. 12; P. Collet, &lt;em&gt;o.c.&lt;\/em&gt; t.1 p. 11.'><sup>18<\/sup><\/a><\/span> reanuda su actividad en el peque\u00f1o preceptorado que regentaba y sigue a la espera de una colocaci\u00f3n definitiva.<\/p>\n<p>Parece incluso dispuesto a acelerar en cuanto de \u00e9l dependa el logro de esa colocaci\u00f3n. Tal es el sentido de otra gesti\u00f3n de Vicente que conocemos s\u00f3lo por una alusi\u00f3n suya: su viaje a Burdeos para llevar a cabo un asunto cuya \u00abtemeridad\u00bb no le permite nombrar y para el que necesitaba dinero en abundancia.<span id='easy-footnote-19-32775' class='easy-footnote-margin-adjust'><\/span><span class='easy-footnote'><a href='https:\/\/vincentians.com\/es\/el-camino-sacerdotal-de-san-vicente-de-paul-los-inicios-1600-1612\/#easy-footnote-bottom-19-32775' title='SVP I, 3; ES I, 76.'><sup>19<\/sup><\/a><\/span> Se ha supuesto siempre que ese asunto ser\u00eda el nombramiento de Vicente para una sede episcopal. La hip\u00f3tesis, formulada por Collet,<span id='easy-footnote-20-32775' class='easy-footnote-margin-adjust'><\/span><span class='easy-footnote'><a href='https:\/\/vincentians.com\/es\/el-camino-sacerdotal-de-san-vicente-de-paul-los-inicios-1600-1612\/#easy-footnote-bottom-20-32775' title='P. Collet, &lt;em&gt;o.c.&lt;\/em&gt; I, p. 15.'><sup>20<\/sup><\/a><\/span> tiene a su favor la expresi\u00f3n empleada por Vicente: el asunto era una \u00abtemeridad\u00bb. La misma temeridad, al parecer, que hac\u00eda falta para ordenarse sacerdote. Suponiendo acertada la hip\u00f3tesis, la an\u00e9cdota vuelve a descubrirnos un Vicente que busca su camino al mismo tiempo que trata de hacer carrera.<\/p>\n<p>Fueran cuales fueran, las aspiraciones de Vicente iban a verse truncadas de repente por un acontecimiento fortuito. En julio de 1605, al regreso de su viaje a Marsella en busca de una herencia, \u2013el pleito a que antes alud\u00edamos\u2013 Vicente cae prisionero de un bergant\u00edn turco que le lleva a T\u00fanez, donde le venden como esclavo, situaci\u00f3n en la que permanecer\u00e1 durante dos a\u00f1os.<\/p>\n<p>No vamos a entrar ahora en la pol\u00e9mica en torno a la historicidad del cautiverio.<span id='easy-footnote-21-32775' class='easy-footnote-margin-adjust'><\/span><span class='easy-footnote'><a href='https:\/\/vincentians.com\/es\/el-camino-sacerdotal-de-san-vicente-de-paul-los-inicios-1600-1612\/#easy-footnote-bottom-21-32775' title='Para una exposici\u00f3n sistem\u00e1tica del problema remito a los caps. IV y V de mi biograf\u00eda de San Vicente. La historiograf\u00eda m\u00e1s reciente se inclina decididamente en favor de la veracidad sustancial del relato vicenciano. Cf. Pierre Miquel, &lt;em&gt;Vincent de Paul&lt;\/em&gt;, Paris, 1996, p. 90-91; Bernard Pujo, &lt;em&gt;Vincent de Paul, le pr\u00e9curseur&lt;\/em&gt;, Paris, 1998, p. 39-48 y, sobre todo, el recent\u00edsimo estudio del P. Bernard Koch, C.M., &lt;em&gt;Un regard neuf sur Saint Vincent. &lt;\/em&gt;&lt;em&gt;L&amp;#8217;expert en Droit et proc\u00e9dure. Nouvelle lecture des lettres de la captivit\u00e9&lt;\/em&gt;, en Bulletin des Lazaristes de France, n\u00ba 168 (avril 1999), p. 93- 104. Este art\u00edculo replantea sobre bases totalmente nuevas el estudio de la historicidad del cautiverio y marca un hito decisivo para la soluci\u00f3n del problema.'><sup>21<\/sup><\/a><\/span> Lo que aqu\u00ed nos interesa es lo que el relato de la cautividad puede ense\u00f1arnos sobre el camino sacerdotal de Vicente. \u00bfQu\u00e9 aprendi\u00f3 San Vicente sobre el sacerdocio durante sus dos a\u00f1os de cautiverio? Para responder a esa pregunta, contamos con una decena de textos vicencianos que no han sido demasiado examinados por los bi\u00f3grafos: sus alusiones al comportamiento de los sacerdotes esclavos en Berber\u00eda. San Vicente tiene de ello ideas muy precisas, que no provienen de sus misioneros enviados a Argel o T\u00fanez, y, en conjunto, poco favorables. Entre los sacerdotes esclavos surgen con frecuencia disensiones escandalosas;<span id='easy-footnote-22-32775' class='easy-footnote-margin-adjust'><\/span><span class='easy-footnote'><a href='https:\/\/vincentians.com\/es\/el-camino-sacerdotal-de-san-vicente-de-paul-los-inicios-1600-1612\/#easy-footnote-bottom-22-32775' title='SVP IV, 22-23; ES IV, 27. S\u00faplica a la Propaganda Fide de licencias para Le Vacher, Mayo 1650.'><sup>22<\/sup><\/a><\/span> se producen graves des\u00f3rdenes morales que deben ser corregidos con benignidad m\u00e1s que con rigor;<span id='easy-footnote-23-32775' class='easy-footnote-margin-adjust'><\/span><span class='easy-footnote'><a href='https:\/\/vincentians.com\/es\/el-camino-sacerdotal-de-san-vicente-de-paul-los-inicios-1600-1612\/#easy-footnote-bottom-23-32775' title='SVP IV, 120-121, ES IV, 497-498. Carta a Felipe Le Vacher, sacerdote de la misi\u00f3n, en Argel, 1652.'><sup>23<\/sup><\/a><\/span> reina el libertinaje;<span id='easy-footnote-24-32775' class='easy-footnote-margin-adjust'><\/span><span class='easy-footnote'><a href='https:\/\/vincentians.com\/es\/el-camino-sacerdotal-de-san-vicente-de-paul-los-inicios-1600-1612\/#easy-footnote-bottom-24-32775' title='SVP V, 82; ES V, 81. Carta al se\u00f1or de La Haye-Vantelay, 25 de febrero de 1654'><sup>24<\/sup><\/a><\/span> no se preocupan de robustecer en la fe a los otros esclavos, es m\u00e1s, est\u00e1n ellos mismos tan disipados que se puede dudar de la validez de los sacramentos administrados por algunos de ellos;<span id='easy-footnote-25-32775' class='easy-footnote-margin-adjust'><\/span><span class='easy-footnote'><a href='https:\/\/vincentians.com\/es\/el-camino-sacerdotal-de-san-vicente-de-paul-los-inicios-1600-1612\/#easy-footnote-bottom-25-32775' title='SVP VII, 117; ES VII, 107. Carta a Ferm\u00edn Get, superior de Marsella, abril o mayo 1658'><sup>25<\/sup><\/a><\/span> necesitan que la autoridad de los Vicarios Generales haga que se les tribute el honor que les es debido.<span id='easy-footnote-26-32775' class='easy-footnote-margin-adjust'><\/span><span class='easy-footnote'><a href='https:\/\/vincentians.com\/es\/el-camino-sacerdotal-de-san-vicente-de-paul-los-inicios-1600-1612\/#easy-footnote-bottom-26-32775' title='SVP XIII, 307; ES X, 373. Consejos de San Vicente al Padre Nouelly y al Hermano Barreau antes de su partida para Argel [por el mes de mayo de 1646].'><sup>26<\/sup><\/a><\/span> Ciertamente, su experiencia tunecina proporcion\u00f3 a Vicente un importante bagaje de ideas sobre la grandeza y la miseria del sacerdocio.<\/p>\n<p>\u00bfIncurri\u00f3 el Sr. Vicente durante su cautividad en los des\u00f3rdenes que m\u00e1s tarde reprochar\u00eda a los sacerdotes esclavos? Nada nos autoriza a suponerlo. En cambio, por la misma carta de la cautividad sabemos que hasta el momento de emprender el viaje a Marsella, gozaba de fama de hombre irreprochable.<span id='easy-footnote-27-32775' class='easy-footnote-margin-adjust'><\/span><span class='easy-footnote'><a href='https:\/\/vincentians.com\/es\/el-camino-sacerdotal-de-san-vicente-de-paul-los-inicios-1600-1612\/#easy-footnote-bottom-27-32775' title='Me es sumamente necesaria una copia de mis t\u00edtulos de ordenaci\u00f3n, firmados y sellados por monse\u00f1or de Dax, con un testimonio de dicho se\u00f1or, que \u00e9l podr\u00eda obtener de una investigaci\u00f3n sumaria de algunos amigos nuestros, de que siempre se me ha reconocido como hombre de bien. SVP I, 15; ES I, 87.'><sup>27<\/sup><\/a><\/span> S\u00f3lo la venta del caballo de alquiler \u2013confesada por el propio Vicente\u2013 y las repetidas alusiones a sus deudas arrojan sobre su conducta una sombra de duda razonable. Pero lo primero era artima\u00f1a frecuente de viajeros faltos de recursos y lo segundo constituye una constante preocupaci\u00f3n de Vicente a que precisamente la carta al Sr, de Comet pretend\u00eda poner remedio.<span id='easy-footnote-28-32775' class='easy-footnote-margin-adjust'><\/span><span class='easy-footnote'><a href='https:\/\/vincentians.com\/es\/el-camino-sacerdotal-de-san-vicente-de-paul-los-inicios-1600-1612\/#easy-footnote-bottom-28-32775' title='Cf. B. Koch, &lt;em&gt;art. cit.&lt;\/em&gt; p. 96.'><sup>28<\/sup><\/a><\/span>\n<p>A partir del retorno de la cautividad, todo lo que sabemos de las preocupaciones sacerdotales de Vicente gira en torno a su b\u00fasqueda de una colocaci\u00f3n. As\u00ed su seguimiento de Mons. Montorio a Roma, su instalaci\u00f3n en Par\u00eds, su entrada al servicio de Margarita de Valois. De todo ello dar\u00e1 cuenta el propio Vicente en la carta a su madre, de febrero de 1610, en la que se muestra esperanzado de conseguir pronto un empleo digno y deseoso de que alguno de sus sobrinos estudie, lo mismo que \u00e9l, para salir de la pobreza.<span id='easy-footnote-29-32775' class='easy-footnote-margin-adjust'><\/span><span class='easy-footnote'><a href='https:\/\/vincentians.com\/es\/el-camino-sacerdotal-de-san-vicente-de-paul-los-inicios-1600-1612\/#easy-footnote-bottom-29-32775' title='SVP I, 18-19; ES I, 88-90.'><sup>29<\/sup><\/a><\/span> Los bi\u00f3grafos modernos tachan un\u00e1nimemente de ambiciosa esa actitud vicenciana. Tal vez lo fuera, pero en todo caso, se trata de peque\u00f1as ambiciones y, desde luego, leg\u00edtimas. En el fondo no aspira sino a lo que se propuso desde el principio: un peque\u00f1o beneficio eclesi\u00e1stico con que atender a sus necesidades y a las de su familia.<\/p>\n<p>En cierto sentido, todo ello lo iba a conseguir aquel mismo a\u00f1o de 1610. Es el a\u00f1o de su nombramiento para la abad\u00eda de San Leonardo de Chaumes, que pod\u00eda considerase como el \u00abhonesto retiro\u00bb a que aspiraba. Pero, aparte de que la adquisici\u00f3n de la dichosa abad\u00eda result\u00f3 ser un fiasco, lo cierto es que en el coraz\u00f3n de Vicente empezaba a operarse un cambio. A la b\u00fasqueda de colocaci\u00f3n se va a a\u00f1adir cada vez con mayor intensidad la b\u00fasqueda de un g\u00e9nero de vida acorde con su condici\u00f3n de sacerdote: \u00abel prop\u00f3sito \u2013dice Abelly\u2013 de llevar una vida verdaderamente eclesi\u00e1stica y de cumplir perfectamente las obligaciones de tal car\u00e1cter\u00bb.<span id='easy-footnote-30-32775' class='easy-footnote-margin-adjust'><\/span><span class='easy-footnote'><a href='https:\/\/vincentians.com\/es\/el-camino-sacerdotal-de-san-vicente-de-paul-los-inicios-1600-1612\/#easy-footnote-bottom-30-32775' title='L. Abelly, &lt;em&gt;o.c.&lt;\/em&gt;, L.1 c.6 p. 24.'><sup>30<\/sup><\/a><\/span> El sacerdocio como camino se va imponiendo al sacerdocio como carrera. Es el comienzo de la conversi\u00f3n de San Vicente, que consiste precisamente en eso, en el paso de una vida de muy mediocres aspiraciones espirituales a una vida de autenticidad cristiana y sacerdotal, m\u00e1s que en la reforma de una conducta depravada y pecadora que nadie ha conseguido demostrar que haya existido nunca. Sin duda, en la conversi\u00f3n juega un papel importante, aunque no \u00fanico, la acusaci\u00f3n de robo. Parece ser \u00e9sta la que, finalmente, decide a Vicente a cambiar de hospedaje e instalarse durante alg\u00fan tiempo en la residencia de los Padres del Oratorio. Dios le hab\u00eda inspirado \u2013explica Abelly\u2013 el deseo de ponerse en un camino verdaderamente eclesi\u00e1stico.<span id='easy-footnote-31-32775' class='easy-footnote-margin-adjust'><\/span><span class='easy-footnote'><a href='https:\/\/vincentians.com\/es\/el-camino-sacerdotal-de-san-vicente-de-paul-los-inicios-1600-1612\/#easy-footnote-bottom-31-32775' title='L. Abelly (&lt;em&gt;o.c.&lt;\/em&gt;, L.1 c.6 p. 24) asegura que Vicente residi\u00f3 dos a\u00f1os en la casa de B\u00e9rulle. Coste considera imposible una estancia tan larga, basado en los domicilios de Vicente conocidos documentalmente y en el hecho de que el Oratorio se fund\u00f3 el 11 de noviembre de 1611, y Vicente de Pa\u00fal tom\u00f3 posesi\u00f3n de Clichy el 2 de mayo de 1612.'><sup>31<\/sup><\/a><\/span> Era precisamente el camino que se\u00f1alaba a sus disc\u00edpulos el fundador del Oratorio, Pedro de B\u00e9rulle. Y es que, junto a sucesos externos m\u00e1s o menos decisivos, en el proceso de maduraci\u00f3n sacerdotal de Vicente hay que otorgar un lugar primordial a su evoluci\u00f3n interior, que desgraciadamente, conocemos muy parcialmente, En esa evoluci\u00f3n ejerce una influencia determinante el encuentro de Vicente con su primer gran maestro de esp\u00edritu.<\/p>\n<p>No es \u00e9ste lugar para glosar la figura del fundador del Oratorio. Lo que nos interesa sobre todo es recordar que B\u00e9rulle es, en gran medida, el restaurador de la espiritualidad sacerdotal y que la preocupaci\u00f3n por los sacerdotes constituye un punto clave de su actividad pastoral, su doctrina y su vida.<span id='easy-footnote-32-32775' class='easy-footnote-margin-adjust'><\/span><span class='easy-footnote'><a href='https:\/\/vincentians.com\/es\/el-camino-sacerdotal-de-san-vicente-de-paul-los-inicios-1600-1612\/#easy-footnote-bottom-32-32775' title='Yves Krumenacker: &lt;em&gt;L&amp;#8217;\u00e9cole fran\u00e7aise de spiritualit\u00e9 : Des mystiques, des fondateurs, des courants et leurs interpr\u00e8tes&lt;\/em&gt;, Paris, 1998. Cf. especialmente p. 199-210 y 350-369.'><sup>32<\/sup><\/a><\/span> En su escuela, Vicente encuentra el norte a que m\u00e1s o menos conscientemente aspiraba desde su ordenaci\u00f3n la br\u00fajula de su alma. Desenmara\u00f1a al fin la intrincada madeja de nobles aspiraciones y bastardos intereses en que se debat\u00eda desde su ordenaci\u00f3n. Con B\u00e9rulle entra definitivamente Vicente en su camino sacerdotal.<\/p>\n<p>El hecho espiritual tiene casi inmediatamente un reflejo temporal. Un par de a\u00f1os despu\u00e9s de su encuentro con B\u00e9rulle, Vicente obtiene por fin, y a trav\u00e9s de \u00e9l, un empleo espec\u00edficamente sacerdotal: el 2 de mayo de 1612 toma posesi\u00f3n del cargo de p\u00e1rroco de Clichy.<\/p>\n<p>En Clichy, de donde ser\u00e1 p\u00e1rroco durante catorce a\u00f1os, Vicente vive por primera vez una experiencia sacerdotal plenamente satisfactoria. Se siente en comuni\u00f3n con los fieles, a los que admira por su docilidad, su devoci\u00f3n y hasta su sentido art\u00edstico. Ensaya una serie de proyectos pastorales que tendr\u00e1n su desarrollo pleno en realizaciones de su edad madura. En una palabra, se siente, vive y act\u00faa como sacerdote. Y, en consecuencia, piensa que ni el arzobispo de Par\u00eds ni el mismo Papa son tan felices como \u00e9l.<span id='easy-footnote-33-32775' class='easy-footnote-margin-adjust'><\/span><span class='easy-footnote'><a href='https:\/\/vincentians.com\/es\/el-camino-sacerdotal-de-san-vicente-de-paul-los-inicios-1600-1612\/#easy-footnote-bottom-33-32775' title='SVP IX p. 646; ES IX, p. 580.'><sup>33<\/sup><\/a><\/span>\n<p>S\u00f3lo que, en el camino sacerdotal de Vicente, contra lo que quiz\u00e1s \u00e9l mismo pudiera pensar en aquellos momentos, Clichy no era, ni mucho menos, una estaci\u00f3n terminus. En realidad, iba a ser un punto de partida. A medida que vaya descubriendo otros elementos de su vocaci\u00f3n total y de una manera especial, la llamada de los pobres, que ya entonces le andaba rondando en sus visitas al hospital de la Caridad y en otros encuentros ocasionales, ir\u00e1 dando nuevos pasos en el camino que se ha trazado. Es, por eso, significativo que Vicente s\u00f3lo renunciar\u00e1 a la parroquia de Clichy en el momento en que, fundada la Congregaci\u00f3n de la Misi\u00f3n y constituida la comunidad, sienta la necesidad de romper ataduras con el pasado.<\/p>\n<p>&nbsp;<\/p>\n","protected":false},"excerpt":{"rendered":"<p>El 23 de septiembre de 1600 fue promovido [el Sr. Vicente] al santo orden del presbiterado. Como despu\u00e9s vivi\u00f3 hasta el 27 de septiembre de 1660 se puede deducir que fue sacerdote en la Iglesia &#8230; <a href=\"https:\/\/vincentians.com\/es\/el-camino-sacerdotal-de-san-vicente-de-paul-los-inicios-1600-1612\/\" class=\"more-link\">Read More<\/a><\/p>\n","protected":false},"author":4,"featured_media":404124,"comment_status":"open","ping_status":"open","sticky":false,"template":"","format":"standard","meta":{"jetpack_post_was_ever_published":false,"_jetpack_newsletter_access":"","_jetpack_dont_email_post_to_subs":false,"_jetpack_newsletter_tier_id":0,"_jetpack_memberships_contains_paywalled_content":false,"_jetpack_memberships_contains_paid_content":false,"footnotes":"","jetpack_publicize_message":"","jetpack_publicize_feature_enabled":true,"jetpack_social_post_already_shared":true,"jetpack_social_options":{"image_generator_settings":{"template":"highway","default_image_id":0,"font":"","enabled":false},"version":2}},"categories":[5],"tags":[186,218,168,224,148,142,124,172,117,188,116],"class_list":["post-32775","post","type-post","status-publish","format-standard","has-post-thumbnail","hentry","category-vicente-de-paul","tag-abadia-de-san-leonardo","tag-abelly","tag-argel","tag-berulle","tag-clichy","tag-collet","tag-du-coudray","tag-pobreza","tag-pouy","tag-san-leonardo","tag-tunez"],"yoast_head":"<!-- This site is optimized with the Yoast SEO plugin v26.3 - https:\/\/yoast.com\/wordpress\/plugins\/seo\/ -->\n<title>El camino sacerdotal de San Vicente de Pa\u00fal. Los inicios (1600-1612) - Somos Vicencianos<\/title>\n<meta name=\"robots\" content=\"index, follow, max-snippet:-1, max-image-preview:large, max-video-preview:-1\" \/>\n<link rel=\"canonical\" href=\"https:\/\/vincentians.com\/es\/el-camino-sacerdotal-de-san-vicente-de-paul-los-inicios-1600-1612\/\" \/>\n<meta property=\"og:locale\" content=\"es_ES\" \/>\n<meta property=\"og:type\" content=\"article\" \/>\n<meta property=\"og:title\" content=\"El camino sacerdotal de San Vicente de Pa\u00fal. Los inicios (1600-1612) - Somos Vicencianos\" \/>\n<meta property=\"og:description\" content=\"El 23 de septiembre de 1600 fue promovido [el Sr. Vicente] al santo orden del presbiterado. Como despu\u00e9s vivi\u00f3 hasta el 27 de septiembre de 1660 se puede deducir que fue sacerdote en la Iglesia ... Read More\" \/>\n<meta property=\"og:url\" content=\"https:\/\/vincentians.com\/es\/el-camino-sacerdotal-de-san-vicente-de-paul-los-inicios-1600-1612\/\" \/>\n<meta property=\"og:site_name\" content=\"Somos Vicencianos\" \/>\n<meta property=\"article:publisher\" content=\"https:\/\/www.facebook.com\/WeAreVincentians\/\" \/>\n<meta property=\"article:author\" content=\"https:\/\/www.facebook.com\/JavierChento\" \/>\n<meta property=\"article:published_time\" content=\"2025-03-27T07:50:40+00:00\" \/>\n<meta property=\"og:image\" content=\"https:\/\/i0.wp.com\/vincentians.com\/es\/wp-content\/uploads\/sites\/11\/2013\/04\/g-5.jpg?fit=1170%2C692&ssl=1\" \/>\n\t<meta property=\"og:image:width\" content=\"1170\" \/>\n\t<meta property=\"og:image:height\" content=\"692\" \/>\n\t<meta property=\"og:image:type\" content=\"image\/jpeg\" \/>\n<meta name=\"author\" content=\"Francisco Javier Fern\u00e1ndez Chento\" \/>\n<meta name=\"twitter:card\" content=\"summary_large_image\" \/>\n<meta name=\"twitter:creator\" content=\"@https:\/\/twitter.com\/javierchento\" \/>\n<meta name=\"twitter:site\" content=\"@WeVincentians\" \/>\n<meta name=\"twitter:label1\" content=\"Escrito por\" \/>\n\t<meta name=\"twitter:data1\" content=\"Francisco Javier Fern\u00e1ndez Chento\" \/>\n\t<meta name=\"twitter:label2\" content=\"Tiempo de lectura\" \/>\n\t<meta name=\"twitter:data2\" content=\"24 minutos\" \/>\n<script type=\"application\/ld+json\" class=\"yoast-schema-graph\">{\"@context\":\"https:\/\/schema.org\",\"@graph\":[{\"@type\":\"Article\",\"@id\":\"https:\/\/vincentians.com\/es\/el-camino-sacerdotal-de-san-vicente-de-paul-los-inicios-1600-1612\/#article\",\"isPartOf\":{\"@id\":\"https:\/\/vincentians.com\/es\/el-camino-sacerdotal-de-san-vicente-de-paul-los-inicios-1600-1612\/\"},\"author\":{\"name\":\"Francisco Javier Fern\u00e1ndez Chento\",\"@id\":\"https:\/\/vincentians.com\/es\/#\/schema\/person\/9623ef4d9aa3b2dfb8c061f1499288f2\"},\"headline\":\"El camino sacerdotal de San Vicente de Pa\u00fal. Los inicios (1600-1612)\",\"datePublished\":\"2025-03-27T07:50:40+00:00\",\"mainEntityOfPage\":{\"@id\":\"https:\/\/vincentians.com\/es\/el-camino-sacerdotal-de-san-vicente-de-paul-los-inicios-1600-1612\/\"},\"wordCount\":5498,\"commentCount\":0,\"publisher\":{\"@id\":\"https:\/\/vincentians.com\/es\/#organization\"},\"image\":{\"@id\":\"https:\/\/vincentians.com\/es\/el-camino-sacerdotal-de-san-vicente-de-paul-los-inicios-1600-1612\/#primaryimage\"},\"thumbnailUrl\":\"https:\/\/i0.wp.com\/vincentians.com\/es\/wp-content\/uploads\/sites\/11\/2013\/04\/g-5.jpg?fit=1170%2C692&ssl=1\",\"keywords\":[\"Abad\u00eda de San Leonardo\",\"Abelly\",\"Argel\",\"Berulle\",\"Clichy\",\"Collet\",\"Du Coudray\",\"Pobreza\",\"Pouy\",\"San Leonardo\",\"T\u00fanez\"],\"articleSection\":[\"Vicente de Pa\u00fal\"],\"inLanguage\":\"es\",\"potentialAction\":[{\"@type\":\"CommentAction\",\"name\":\"Comment\",\"target\":[\"https:\/\/vincentians.com\/es\/el-camino-sacerdotal-de-san-vicente-de-paul-los-inicios-1600-1612\/#respond\"]}]},{\"@type\":\"WebPage\",\"@id\":\"https:\/\/vincentians.com\/es\/el-camino-sacerdotal-de-san-vicente-de-paul-los-inicios-1600-1612\/\",\"url\":\"https:\/\/vincentians.com\/es\/el-camino-sacerdotal-de-san-vicente-de-paul-los-inicios-1600-1612\/\",\"name\":\"El camino sacerdotal de San Vicente de Pa\u00fal. Los inicios (1600-1612) - Somos Vicencianos\",\"isPartOf\":{\"@id\":\"https:\/\/vincentians.com\/es\/#website\"},\"primaryImageOfPage\":{\"@id\":\"https:\/\/vincentians.com\/es\/el-camino-sacerdotal-de-san-vicente-de-paul-los-inicios-1600-1612\/#primaryimage\"},\"image\":{\"@id\":\"https:\/\/vincentians.com\/es\/el-camino-sacerdotal-de-san-vicente-de-paul-los-inicios-1600-1612\/#primaryimage\"},\"thumbnailUrl\":\"https:\/\/i0.wp.com\/vincentians.com\/es\/wp-content\/uploads\/sites\/11\/2013\/04\/g-5.jpg?fit=1170%2C692&ssl=1\",\"datePublished\":\"2025-03-27T07:50:40+00:00\",\"breadcrumb\":{\"@id\":\"https:\/\/vincentians.com\/es\/el-camino-sacerdotal-de-san-vicente-de-paul-los-inicios-1600-1612\/#breadcrumb\"},\"inLanguage\":\"es\",\"potentialAction\":[{\"@type\":\"ReadAction\",\"target\":[\"https:\/\/vincentians.com\/es\/el-camino-sacerdotal-de-san-vicente-de-paul-los-inicios-1600-1612\/\"]}]},{\"@type\":\"ImageObject\",\"inLanguage\":\"es\",\"@id\":\"https:\/\/vincentians.com\/es\/el-camino-sacerdotal-de-san-vicente-de-paul-los-inicios-1600-1612\/#primaryimage\",\"url\":\"https:\/\/i0.wp.com\/vincentians.com\/es\/wp-content\/uploads\/sites\/11\/2013\/04\/g-5.jpg?fit=1170%2C692&ssl=1\",\"contentUrl\":\"https:\/\/i0.wp.com\/vincentians.com\/es\/wp-content\/uploads\/sites\/11\/2013\/04\/g-5.jpg?fit=1170%2C692&ssl=1\",\"width\":1170,\"height\":692},{\"@type\":\"BreadcrumbList\",\"@id\":\"https:\/\/vincentians.com\/es\/el-camino-sacerdotal-de-san-vicente-de-paul-los-inicios-1600-1612\/#breadcrumb\",\"itemListElement\":[{\"@type\":\"ListItem\",\"position\":1,\"name\":\"Portada\",\"item\":\"https:\/\/vincentians.com\/es\/\"},{\"@type\":\"ListItem\",\"position\":2,\"name\":\"El camino sacerdotal de San Vicente de Pa\u00fal. Los inicios (1600-1612)\"}]},{\"@type\":\"WebSite\",\"@id\":\"https:\/\/vincentians.com\/es\/#website\",\"url\":\"https:\/\/vincentians.com\/es\/\",\"name\":\"Somos Vicencianos\",\"description\":\"Know more to serve more\",\"publisher\":{\"@id\":\"https:\/\/vincentians.com\/es\/#organization\"},\"potentialAction\":[{\"@type\":\"SearchAction\",\"target\":{\"@type\":\"EntryPoint\",\"urlTemplate\":\"https:\/\/vincentians.com\/es\/?s={search_term_string}\"},\"query-input\":{\"@type\":\"PropertyValueSpecification\",\"valueRequired\":true,\"valueName\":\"search_term_string\"}}],\"inLanguage\":\"es\"},{\"@type\":\"Organization\",\"@id\":\"https:\/\/vincentians.com\/es\/#organization\",\"name\":\"The Vincentian Network\",\"url\":\"https:\/\/vincentians.com\/es\/\",\"logo\":{\"@type\":\"ImageObject\",\"inLanguage\":\"es\",\"@id\":\"https:\/\/vincentians.com\/es\/#\/schema\/logo\/image\/\",\"url\":\"https:\/\/i1.wp.com\/vincentians.com\/es\/wp-content\/uploads\/sites\/11\/2016\/06\/Vincentian-Network-logo-big.png?fit=778%2C778\",\"contentUrl\":\"https:\/\/i1.wp.com\/vincentians.com\/es\/wp-content\/uploads\/sites\/11\/2016\/06\/Vincentian-Network-logo-big.png?fit=778%2C778\",\"width\":778,\"height\":778,\"caption\":\"The Vincentian Network\"},\"image\":{\"@id\":\"https:\/\/vincentians.com\/es\/#\/schema\/logo\/image\/\"},\"sameAs\":[\"https:\/\/www.facebook.com\/WeAreVincentians\/\",\"https:\/\/x.com\/WeVincentians\"]},{\"@type\":\"Person\",\"@id\":\"https:\/\/vincentians.com\/es\/#\/schema\/person\/9623ef4d9aa3b2dfb8c061f1499288f2\",\"name\":\"Francisco Javier Fern\u00e1ndez Chento\",\"image\":{\"@type\":\"ImageObject\",\"inLanguage\":\"es\",\"@id\":\"https:\/\/vincentians.com\/es\/#\/schema\/person\/image\/\",\"url\":\"https:\/\/secure.gravatar.com\/avatar\/497d5cde87b4c3d097d0315953521681ba2cd523ee66e5077c3711f7021e65de?s=96&d=mm&r=g\",\"contentUrl\":\"https:\/\/secure.gravatar.com\/avatar\/497d5cde87b4c3d097d0315953521681ba2cd523ee66e5077c3711f7021e65de?s=96&d=mm&r=g\",\"caption\":\"Francisco Javier Fern\u00e1ndez Chento\"},\"description\":\"Director General y cofundador de La Red de Formaci\u00f3n Vicenciana. Javier es laico vicenciano, afiliado a la Congregaci\u00f3n de la Misi\u00f3n y miembro del Equipo de Misiones Populares de la provincia can\u00f3nica de Zaragoza (Espa\u00f1a) de la Congregaci\u00f3n de la Misi\u00f3n. Graduado en la Universidad Oberta de Catalunya con cuatro grados (Asistente de direcci\u00f3n, Gesti\u00f3n Administrativa, Recursos Humanos y Contabilidad Avanzada). Bil\u00edng\u00fce Espa\u00f1ol\/Ingl\u00e9s. gestiona y mantiene varias p\u00e1ginas web cristianas y vicencianas, incluida including La Red de Formaci\u00f3n Vicenciana, de la que es cofundador. Actualmente es responsable del \u00e1rea de Espa\u00f1ol de .famvin, la Red de Noticias de la Familia Vicenciana. Tambi\u00e9n es m\u00fasico cat\u00f3lico y ha editado varios discos. Es Director General y cofundador de Trovador, una reconocida compa\u00f1\u00eda discogr\u00e1fica critiana de Espa\u00f1a. Trabaja en las Tecnolog\u00edas de la Informaci\u00f3n, ofreciendo servicios de alojamiento, dise\u00f1o y mantenimiento Web, as\u00ed como asesoramiento, formaci\u00f3n y soluciones inform\u00e1ticas, gesti\u00f3n documental y digitalizaci\u00f3n de textos, edici\u00f3n y maquetaci\u00f3n de libros, revistas, flyers, etc.\",\"sameAs\":[\"http:\/\/chento.org\",\"https:\/\/www.facebook.com\/JavierChento\",\"https:\/\/x.com\/https:\/\/twitter.com\/javierchento\"],\"url\":\"https:\/\/vincentians.com\/es\/author\/chento\/\"}]}<\/script>\n<!-- \/ Yoast SEO plugin. -->","yoast_head_json":{"title":"El camino sacerdotal de San Vicente de Pa\u00fal. Los inicios (1600-1612) - Somos Vicencianos","robots":{"index":"index","follow":"follow","max-snippet":"max-snippet:-1","max-image-preview":"max-image-preview:large","max-video-preview":"max-video-preview:-1"},"canonical":"https:\/\/vincentians.com\/es\/el-camino-sacerdotal-de-san-vicente-de-paul-los-inicios-1600-1612\/","og_locale":"es_ES","og_type":"article","og_title":"El camino sacerdotal de San Vicente de Pa\u00fal. Los inicios (1600-1612) - Somos Vicencianos","og_description":"El 23 de septiembre de 1600 fue promovido [el Sr. Vicente] al santo orden del presbiterado. Como despu\u00e9s vivi\u00f3 hasta el 27 de septiembre de 1660 se puede deducir que fue sacerdote en la Iglesia ... Read More","og_url":"https:\/\/vincentians.com\/es\/el-camino-sacerdotal-de-san-vicente-de-paul-los-inicios-1600-1612\/","og_site_name":"Somos Vicencianos","article_publisher":"https:\/\/www.facebook.com\/WeAreVincentians\/","article_author":"https:\/\/www.facebook.com\/JavierChento","article_published_time":"2025-03-27T07:50:40+00:00","og_image":[{"width":1170,"height":692,"url":"https:\/\/i0.wp.com\/vincentians.com\/es\/wp-content\/uploads\/sites\/11\/2013\/04\/g-5.jpg?fit=1170%2C692&ssl=1","type":"image\/jpeg"}],"author":"Francisco Javier Fern\u00e1ndez Chento","twitter_card":"summary_large_image","twitter_creator":"@https:\/\/twitter.com\/javierchento","twitter_site":"@WeVincentians","twitter_misc":{"Escrito por":"Francisco Javier Fern\u00e1ndez Chento","Tiempo de lectura":"24 minutos"},"schema":{"@context":"https:\/\/schema.org","@graph":[{"@type":"Article","@id":"https:\/\/vincentians.com\/es\/el-camino-sacerdotal-de-san-vicente-de-paul-los-inicios-1600-1612\/#article","isPartOf":{"@id":"https:\/\/vincentians.com\/es\/el-camino-sacerdotal-de-san-vicente-de-paul-los-inicios-1600-1612\/"},"author":{"name":"Francisco Javier Fern\u00e1ndez Chento","@id":"https:\/\/vincentians.com\/es\/#\/schema\/person\/9623ef4d9aa3b2dfb8c061f1499288f2"},"headline":"El camino sacerdotal de San Vicente de Pa\u00fal. Los inicios (1600-1612)","datePublished":"2025-03-27T07:50:40+00:00","mainEntityOfPage":{"@id":"https:\/\/vincentians.com\/es\/el-camino-sacerdotal-de-san-vicente-de-paul-los-inicios-1600-1612\/"},"wordCount":5498,"commentCount":0,"publisher":{"@id":"https:\/\/vincentians.com\/es\/#organization"},"image":{"@id":"https:\/\/vincentians.com\/es\/el-camino-sacerdotal-de-san-vicente-de-paul-los-inicios-1600-1612\/#primaryimage"},"thumbnailUrl":"https:\/\/i0.wp.com\/vincentians.com\/es\/wp-content\/uploads\/sites\/11\/2013\/04\/g-5.jpg?fit=1170%2C692&ssl=1","keywords":["Abad\u00eda de San Leonardo","Abelly","Argel","Berulle","Clichy","Collet","Du Coudray","Pobreza","Pouy","San Leonardo","T\u00fanez"],"articleSection":["Vicente de Pa\u00fal"],"inLanguage":"es","potentialAction":[{"@type":"CommentAction","name":"Comment","target":["https:\/\/vincentians.com\/es\/el-camino-sacerdotal-de-san-vicente-de-paul-los-inicios-1600-1612\/#respond"]}]},{"@type":"WebPage","@id":"https:\/\/vincentians.com\/es\/el-camino-sacerdotal-de-san-vicente-de-paul-los-inicios-1600-1612\/","url":"https:\/\/vincentians.com\/es\/el-camino-sacerdotal-de-san-vicente-de-paul-los-inicios-1600-1612\/","name":"El camino sacerdotal de San Vicente de Pa\u00fal. Los inicios (1600-1612) - Somos Vicencianos","isPartOf":{"@id":"https:\/\/vincentians.com\/es\/#website"},"primaryImageOfPage":{"@id":"https:\/\/vincentians.com\/es\/el-camino-sacerdotal-de-san-vicente-de-paul-los-inicios-1600-1612\/#primaryimage"},"image":{"@id":"https:\/\/vincentians.com\/es\/el-camino-sacerdotal-de-san-vicente-de-paul-los-inicios-1600-1612\/#primaryimage"},"thumbnailUrl":"https:\/\/i0.wp.com\/vincentians.com\/es\/wp-content\/uploads\/sites\/11\/2013\/04\/g-5.jpg?fit=1170%2C692&ssl=1","datePublished":"2025-03-27T07:50:40+00:00","breadcrumb":{"@id":"https:\/\/vincentians.com\/es\/el-camino-sacerdotal-de-san-vicente-de-paul-los-inicios-1600-1612\/#breadcrumb"},"inLanguage":"es","potentialAction":[{"@type":"ReadAction","target":["https:\/\/vincentians.com\/es\/el-camino-sacerdotal-de-san-vicente-de-paul-los-inicios-1600-1612\/"]}]},{"@type":"ImageObject","inLanguage":"es","@id":"https:\/\/vincentians.com\/es\/el-camino-sacerdotal-de-san-vicente-de-paul-los-inicios-1600-1612\/#primaryimage","url":"https:\/\/i0.wp.com\/vincentians.com\/es\/wp-content\/uploads\/sites\/11\/2013\/04\/g-5.jpg?fit=1170%2C692&ssl=1","contentUrl":"https:\/\/i0.wp.com\/vincentians.com\/es\/wp-content\/uploads\/sites\/11\/2013\/04\/g-5.jpg?fit=1170%2C692&ssl=1","width":1170,"height":692},{"@type":"BreadcrumbList","@id":"https:\/\/vincentians.com\/es\/el-camino-sacerdotal-de-san-vicente-de-paul-los-inicios-1600-1612\/#breadcrumb","itemListElement":[{"@type":"ListItem","position":1,"name":"Portada","item":"https:\/\/vincentians.com\/es\/"},{"@type":"ListItem","position":2,"name":"El camino sacerdotal de San Vicente de Pa\u00fal. Los inicios (1600-1612)"}]},{"@type":"WebSite","@id":"https:\/\/vincentians.com\/es\/#website","url":"https:\/\/vincentians.com\/es\/","name":"Somos Vicencianos","description":"Know more to serve more","publisher":{"@id":"https:\/\/vincentians.com\/es\/#organization"},"potentialAction":[{"@type":"SearchAction","target":{"@type":"EntryPoint","urlTemplate":"https:\/\/vincentians.com\/es\/?s={search_term_string}"},"query-input":{"@type":"PropertyValueSpecification","valueRequired":true,"valueName":"search_term_string"}}],"inLanguage":"es"},{"@type":"Organization","@id":"https:\/\/vincentians.com\/es\/#organization","name":"The Vincentian Network","url":"https:\/\/vincentians.com\/es\/","logo":{"@type":"ImageObject","inLanguage":"es","@id":"https:\/\/vincentians.com\/es\/#\/schema\/logo\/image\/","url":"https:\/\/i1.wp.com\/vincentians.com\/es\/wp-content\/uploads\/sites\/11\/2016\/06\/Vincentian-Network-logo-big.png?fit=778%2C778","contentUrl":"https:\/\/i1.wp.com\/vincentians.com\/es\/wp-content\/uploads\/sites\/11\/2016\/06\/Vincentian-Network-logo-big.png?fit=778%2C778","width":778,"height":778,"caption":"The Vincentian Network"},"image":{"@id":"https:\/\/vincentians.com\/es\/#\/schema\/logo\/image\/"},"sameAs":["https:\/\/www.facebook.com\/WeAreVincentians\/","https:\/\/x.com\/WeVincentians"]},{"@type":"Person","@id":"https:\/\/vincentians.com\/es\/#\/schema\/person\/9623ef4d9aa3b2dfb8c061f1499288f2","name":"Francisco Javier Fern\u00e1ndez Chento","image":{"@type":"ImageObject","inLanguage":"es","@id":"https:\/\/vincentians.com\/es\/#\/schema\/person\/image\/","url":"https:\/\/secure.gravatar.com\/avatar\/497d5cde87b4c3d097d0315953521681ba2cd523ee66e5077c3711f7021e65de?s=96&d=mm&r=g","contentUrl":"https:\/\/secure.gravatar.com\/avatar\/497d5cde87b4c3d097d0315953521681ba2cd523ee66e5077c3711f7021e65de?s=96&d=mm&r=g","caption":"Francisco Javier Fern\u00e1ndez Chento"},"description":"Director General y cofundador de La Red de Formaci\u00f3n Vicenciana. Javier es laico vicenciano, afiliado a la Congregaci\u00f3n de la Misi\u00f3n y miembro del Equipo de Misiones Populares de la provincia can\u00f3nica de Zaragoza (Espa\u00f1a) de la Congregaci\u00f3n de la Misi\u00f3n. Graduado en la Universidad Oberta de Catalunya con cuatro grados (Asistente de direcci\u00f3n, Gesti\u00f3n Administrativa, Recursos Humanos y Contabilidad Avanzada). Bil\u00edng\u00fce Espa\u00f1ol\/Ingl\u00e9s. gestiona y mantiene varias p\u00e1ginas web cristianas y vicencianas, incluida including La Red de Formaci\u00f3n Vicenciana, de la que es cofundador. Actualmente es responsable del \u00e1rea de Espa\u00f1ol de .famvin, la Red de Noticias de la Familia Vicenciana. Tambi\u00e9n es m\u00fasico cat\u00f3lico y ha editado varios discos. Es Director General y cofundador de Trovador, una reconocida compa\u00f1\u00eda discogr\u00e1fica critiana de Espa\u00f1a. Trabaja en las Tecnolog\u00edas de la Informaci\u00f3n, ofreciendo servicios de alojamiento, dise\u00f1o y mantenimiento Web, as\u00ed como asesoramiento, formaci\u00f3n y soluciones inform\u00e1ticas, gesti\u00f3n documental y digitalizaci\u00f3n de textos, edici\u00f3n y maquetaci\u00f3n de libros, revistas, flyers, etc.","sameAs":["http:\/\/chento.org","https:\/\/www.facebook.com\/JavierChento","https:\/\/x.com\/https:\/\/twitter.com\/javierchento"],"url":"https:\/\/vincentians.com\/es\/author\/chento\/"}]}},"jetpack_publicize_connections":[],"jetpack_featured_media_url":"https:\/\/i0.wp.com\/vincentians.com\/es\/wp-content\/uploads\/sites\/11\/2013\/04\/g-5.jpg?fit=1170%2C692&ssl=1","jetpack_sharing_enabled":true,"jetpack_shortlink":"https:\/\/wp.me\/p7ETMF-8wD","jetpack-related-posts":[{"id":120286,"url":"https:\/\/vincentians.com\/es\/vicente-de-paul-la-fe-que-dio-sentido-a-su-vida-ii-como-evoluciono-la-fe-del-senor-vicente\/","url_meta":{"origin":32775,"position":0},"title":"Vicente de Pa\u00fal: la fe que dio sentido a su vida. II. C\u00f3mo evolucion\u00f3 la fe del se\u00f1or Vicente","author":"Francisco Javier Fern\u00e1ndez Chento","date":"01\/01\/2015","format":false,"excerpt":"II. C\u00f3mo evolucion\u00f3 la fe del se\u00f1or Vicente No es la fe, en la vida del creyente, un dato obtenido de una vez por todas y pose\u00eddo pac\u00edficamente hasta el \u00fal\u00adtimo d\u00eda; la fe se inscribe en la historia del acontecer humano y de una relaci\u00f3n personal con Dios; los\u2026","rel":"","context":"En \u00abEspiritualidad vicenciana\u00bb","block_context":{"text":"Espiritualidad vicenciana","link":"https:\/\/vincentians.com\/es\/category\/espiritualidad\/espiritualidad-vicenciana\/"},"img":{"alt_text":"Vincent-de-Paul-and-bible-alternate","src":"https:\/\/i0.wp.com\/vicencianos.org\/wp-content\/2013\/04\/Vincent-de-Paul-and-bible-alternate-216x300.jpg?resize=350%2C200","width":350,"height":200},"classes":[]},{"id":114850,"url":"https:\/\/vincentians.com\/es\/vicente-de-paul-carta-1016-julian-guerin-sacerdote-de-la-mision-a-san-vicente\/","url_meta":{"origin":32775,"position":1},"title":"Vicente de Pa\u00fal, Carta 1016: Julian Guerin, Sacerdote De La Misi\u00f3n, A San Vicente","author":"Francisco Javier Fern\u00e1ndez Chento","date":"27\/11\/2012","format":false,"excerpt":"[T\u00fanez, entre 1645 y mayo de 1648] Tenemos aqu\u00ed a un muchacho de Marsella, de trece a\u00f1os que, despu\u00e9s de haber sido cogido y vendido por los corsarios, ha recibido m\u00e1s de mil bastonazos por la fe de Jesucristo, de quien quer\u00edan hacerle renegar a la fuerza. Con este mismo\u2026","rel":"","context":"En \u00abEscritos de Vicente de Pa\u00fal\u00bb","block_context":{"text":"Escritos de Vicente de Pa\u00fal","link":"https:\/\/vincentians.com\/es\/category\/escritos\/escritos-de-vicente-de-paul\/"},"img":{"alt_text":"","src":"https:\/\/i0.wp.com\/vincentians.com\/es\/wp-content\/uploads\/sites\/11\/2016\/07\/escritos-vicente-de-paul.jpg?fit=1200%2C630&ssl=1&resize=350%2C200","width":350,"height":200,"srcset":"https:\/\/i0.wp.com\/vincentians.com\/es\/wp-content\/uploads\/sites\/11\/2016\/07\/escritos-vicente-de-paul.jpg?fit=1200%2C630&ssl=1&resize=350%2C200 1x, https:\/\/i0.wp.com\/vincentians.com\/es\/wp-content\/uploads\/sites\/11\/2016\/07\/escritos-vicente-de-paul.jpg?fit=1200%2C630&ssl=1&resize=525%2C300 1.5x, https:\/\/i0.wp.com\/vincentians.com\/es\/wp-content\/uploads\/sites\/11\/2016\/07\/escritos-vicente-de-paul.jpg?fit=1200%2C630&ssl=1&resize=700%2C400 2x, https:\/\/i0.wp.com\/vincentians.com\/es\/wp-content\/uploads\/sites\/11\/2016\/07\/escritos-vicente-de-paul.jpg?fit=1200%2C630&ssl=1&resize=1050%2C600 3x"},"classes":[]},{"id":119687,"url":"https:\/\/vincentians.com\/es\/el-senor-vicente-relee-su-vida-colegial-estudiante-y-sacerdote\/","url_meta":{"origin":32775,"position":2},"title":"El Se\u00f1or Vicente relee su vida: Colegial, estudiante y sacerdote","author":"Francisco Javier Fern\u00e1ndez Chento","date":"19\/01\/2022","format":false,"excerpt":"Hacia 1592, mi padre trat\u00f3 de hacerme estudiar, con la esperanza de poder un d\u00eda obtener alg\u00fan beneficio eclesi\u00e1stico, es decir rentas de alguna abad\u00eda o de una buena parroquia, y as\u00ed aliviar a la familia, como lo hab\u00eda hecho mi t\u00edo, prior de Poymartet. Me puso pues de pensi\u00f3n\u2026","rel":"","context":"En \u00abVicente de Pa\u00fal\u00bb","block_context":{"text":"Vicente de Pa\u00fal","link":"https:\/\/vincentians.com\/es\/category\/la-familia-vicenciana\/fundadores\/vicente-de-paul\/"},"img":{"alt_text":"","src":"https:\/\/i0.wp.com\/vincentians.com\/es\/wp-content\/uploads\/sites\/11\/2013\/04\/g-3.jpg?fit=1170%2C692&ssl=1&resize=350%2C200","width":350,"height":200,"srcset":"https:\/\/i0.wp.com\/vincentians.com\/es\/wp-content\/uploads\/sites\/11\/2013\/04\/g-3.jpg?fit=1170%2C692&ssl=1&resize=350%2C200 1x, https:\/\/i0.wp.com\/vincentians.com\/es\/wp-content\/uploads\/sites\/11\/2013\/04\/g-3.jpg?fit=1170%2C692&ssl=1&resize=525%2C300 1.5x, https:\/\/i0.wp.com\/vincentians.com\/es\/wp-content\/uploads\/sites\/11\/2013\/04\/g-3.jpg?fit=1170%2C692&ssl=1&resize=700%2C400 2x, https:\/\/i0.wp.com\/vincentians.com\/es\/wp-content\/uploads\/sites\/11\/2013\/04\/g-3.jpg?fit=1170%2C692&ssl=1&resize=1050%2C600 3x"},"classes":[]},{"id":120461,"url":"https:\/\/vincentians.com\/es\/san-vicente-de-paul-y-su-entronque-hispanico-y-x\/","url_meta":{"origin":32775,"position":3},"title":"San Vicente de Pa\u00fal y su entronque hisp\u00e1nico (y X)","author":"Francisco Javier Fern\u00e1ndez Chento","date":"09\/09\/2022","format":false,"excerpt":"Conclusiones De los estudios precedentes podemos llegar a las siguien\u00adtes conclusiones acerca del \"entronque\" de San Vicente de Pa\u00fal con Espa\u00f1a. Existen argumentos que evidencian con certeza que los padres de San Vicente de Pa\u00fal son aragoneses, proceden\u00adtes de Tamarite de Litera. Que el mismo Santo naciera en Tamarite o\u2026","rel":"","context":"En \u00abVicente de Pa\u00fal\u00bb","block_context":{"text":"Vicente de Pa\u00fal","link":"https:\/\/vincentians.com\/es\/category\/la-familia-vicenciana\/fundadores\/vicente-de-paul\/"},"img":{"alt_text":"","src":"https:\/\/i0.wp.com\/vincentians.com\/es\/wp-content\/uploads\/sites\/11\/2013\/04\/msoF811D.jpg?fit=612%2C490&ssl=1&resize=350%2C200","width":350,"height":200,"srcset":"https:\/\/i0.wp.com\/vincentians.com\/es\/wp-content\/uploads\/sites\/11\/2013\/04\/msoF811D.jpg?fit=612%2C490&ssl=1&resize=350%2C200 1x, https:\/\/i0.wp.com\/vincentians.com\/es\/wp-content\/uploads\/sites\/11\/2013\/04\/msoF811D.jpg?fit=612%2C490&ssl=1&resize=525%2C300 1.5x"},"classes":[]},{"id":118544,"url":"https:\/\/vincentians.com\/es\/vicente-de-paul-carta-1097-juan-le-vacher-sacerdote-de-la-mision-a-san-vicente\/","url_meta":{"origin":32775,"position":4},"title":"Vicente de Pa\u00fal, Carta 1097: Juan Le Vacher, Sacerdote De La Misi\u00f3n, A San Vicente","author":"Francisco Javier Fern\u00e1ndez Chento","date":"20\/03\/2013","format":false,"excerpt":"T\u00fanez, 1648. Entre los esclavos capturados por los corsarios y tra\u00eddos a T\u00fanez hab\u00eda dos muchachos, de unos quince a\u00f1os, uno franc\u00e9s y otro ingl\u00e9s; como las casas de sus amos estaban muy cerca, ten\u00edan oportunidad de verse con frecuencia; se amaban como hermanos. El ingl\u00e9s, convertido del luteranismo por\u2026","rel":"","context":"En \u00abEscritos de Vicente de Pa\u00fal\u00bb","block_context":{"text":"Escritos de Vicente de Pa\u00fal","link":"https:\/\/vincentians.com\/es\/category\/escritos\/escritos-de-vicente-de-paul\/"},"img":{"alt_text":"","src":"https:\/\/i0.wp.com\/vincentians.com\/es\/wp-content\/uploads\/sites\/11\/2016\/07\/escritos-vicente-de-paul.jpg?fit=1200%2C630&ssl=1&resize=350%2C200","width":350,"height":200,"srcset":"https:\/\/i0.wp.com\/vincentians.com\/es\/wp-content\/uploads\/sites\/11\/2016\/07\/escritos-vicente-de-paul.jpg?fit=1200%2C630&ssl=1&resize=350%2C200 1x, https:\/\/i0.wp.com\/vincentians.com\/es\/wp-content\/uploads\/sites\/11\/2016\/07\/escritos-vicente-de-paul.jpg?fit=1200%2C630&ssl=1&resize=525%2C300 1.5x, https:\/\/i0.wp.com\/vincentians.com\/es\/wp-content\/uploads\/sites\/11\/2016\/07\/escritos-vicente-de-paul.jpg?fit=1200%2C630&ssl=1&resize=700%2C400 2x, https:\/\/i0.wp.com\/vincentians.com\/es\/wp-content\/uploads\/sites\/11\/2016\/07\/escritos-vicente-de-paul.jpg?fit=1200%2C630&ssl=1&resize=1050%2C600 3x"},"classes":[]},{"id":399448,"url":"https:\/\/vincentians.com\/es\/vicente-paul-carta-1374-edmundo-deschamps-sacerdote-la-mision-san-vicente\/","url_meta":{"origin":32775,"position":5},"title":"Vicente de Pa\u00fal, Carta 1374: Edmundo Deschamps, Sacerdote de la Misi\u00f3n, a San Vicente","author":"Francisco Javier Fern\u00e1ndez Chento","date":"30\/01\/2017","format":false,"excerpt":"[Diciembre de 1650 o enero de 1651] Hoy hemos cumplido al pie de la letra aquello que dec\u00eda Jesucristo en el euangelio, que hab\u00eda que amar y hacer el bien a los enemigos, procurando enterrar a los que hab\u00edan arrebatado los bienes y causado la ruina de nuestros pobres habitantes,\u2026","rel":"","context":"En \u00abEscritos de Vicente de Pa\u00fal\u00bb","block_context":{"text":"Escritos de Vicente de Pa\u00fal","link":"https:\/\/vincentians.com\/es\/category\/escritos\/escritos-de-vicente-de-paul\/"},"img":{"alt_text":"","src":"https:\/\/i0.wp.com\/vincentians.com\/es\/wp-content\/uploads\/sites\/11\/2016\/07\/escritos-vicente-de-paul.jpg?fit=1200%2C630&ssl=1&resize=350%2C200","width":350,"height":200,"srcset":"https:\/\/i0.wp.com\/vincentians.com\/es\/wp-content\/uploads\/sites\/11\/2016\/07\/escritos-vicente-de-paul.jpg?fit=1200%2C630&ssl=1&resize=350%2C200 1x, https:\/\/i0.wp.com\/vincentians.com\/es\/wp-content\/uploads\/sites\/11\/2016\/07\/escritos-vicente-de-paul.jpg?fit=1200%2C630&ssl=1&resize=525%2C300 1.5x, https:\/\/i0.wp.com\/vincentians.com\/es\/wp-content\/uploads\/sites\/11\/2016\/07\/escritos-vicente-de-paul.jpg?fit=1200%2C630&ssl=1&resize=700%2C400 2x, https:\/\/i0.wp.com\/vincentians.com\/es\/wp-content\/uploads\/sites\/11\/2016\/07\/escritos-vicente-de-paul.jpg?fit=1200%2C630&ssl=1&resize=1050%2C600 3x"},"classes":[]}],"_links":{"self":[{"href":"https:\/\/vincentians.com\/es\/wp-json\/wp\/v2\/posts\/32775","targetHints":{"allow":["GET"]}}],"collection":[{"href":"https:\/\/vincentians.com\/es\/wp-json\/wp\/v2\/posts"}],"about":[{"href":"https:\/\/vincentians.com\/es\/wp-json\/wp\/v2\/types\/post"}],"author":[{"embeddable":true,"href":"https:\/\/vincentians.com\/es\/wp-json\/wp\/v2\/users\/4"}],"replies":[{"embeddable":true,"href":"https:\/\/vincentians.com\/es\/wp-json\/wp\/v2\/comments?post=32775"}],"version-history":[{"count":1,"href":"https:\/\/vincentians.com\/es\/wp-json\/wp\/v2\/posts\/32775\/revisions"}],"predecessor-version":[{"id":405924,"href":"https:\/\/vincentians.com\/es\/wp-json\/wp\/v2\/posts\/32775\/revisions\/405924"}],"wp:featuredmedia":[{"embeddable":true,"href":"https:\/\/vincentians.com\/es\/wp-json\/wp\/v2\/media\/404124"}],"wp:attachment":[{"href":"https:\/\/vincentians.com\/es\/wp-json\/wp\/v2\/media?parent=32775"}],"wp:term":[{"taxonomy":"category","embeddable":true,"href":"https:\/\/vincentians.com\/es\/wp-json\/wp\/v2\/categories?post=32775"},{"taxonomy":"post_tag","embeddable":true,"href":"https:\/\/vincentians.com\/es\/wp-json\/wp\/v2\/tags?post=32775"}],"curies":[{"name":"wp","href":"https:\/\/api.w.org\/{rel}","templated":true}]}}