{"id":32713,"date":"2011-04-12T01:00:24","date_gmt":"2011-04-11T23:00:24","guid":{"rendered":"http:\/\/somos.vicencianos.org\/blog\/2011\/04\/vicente-de-paul-carta-0561-a-esteban-blatiron-sacerdote-de-la-mision-en-alet\/"},"modified":"2016-07-26T11:19:02","modified_gmt":"2016-07-26T09:19:02","slug":"vicente-de-paul-carta-0561-a-esteban-blatiron-sacerdote-de-la-mision-en-alet","status":"publish","type":"post","link":"https:\/\/vincentians.com\/es\/vicente-de-paul-carta-0561-a-esteban-blatiron-sacerdote-de-la-mision-en-alet\/","title":{"rendered":"Vicente de Pa\u00fal, Carta 0561: A Esteban Blatiron, Sacerdote De La Mision, En Alet"},"content":{"rendered":"<p>9 de septiembre de 1641.<\/p>\n<p>\u00a1Dios m\u00edo! \u00a1Cu\u00e1nto se ha alegrado mi alma por todo lo que el padre Dehorgny me ha escrito y me ha dicho de usted! Lo malo es que me he visto igualmente afligido por su indisposici\u00f3n y por las penas que usted siente en algunas ocasiones con la persona que usted sabe. En nombre de Dios, padre, cuide bien su pobre vida; cont\u00e9ntese con ir gast\u00e1ndola poco a poco por el amor divino; no es suya, sino del autor de la vida, por cuyo amor tiene usted que conservarla hasta que se la pida, a no ser que se presentase la ocasi\u00f3n de darla, como un buen sacerdote, de ochenta a\u00f1os de edad, que acaban de martirizar en Inglaterra con un suplicio cruel, Le han arrancado el coraz\u00f3n cuando estaba medio estrangulado, y cuando le dijeron, antes de ejecutarlo, que podr\u00eda salvar la vida si renunciaba a su religi\u00f3n, respondi\u00f3 que, de tener mil vidas, las entregar\u00eda lleno de gozo por amor a Jesucristo, por quien mor\u00eda. Le digo esto con l\u00e1grimas en los ojos, pensando en la felicidad de ese santo sacerdote y en el apego que yo siento a mi miserable esqueleto.<\/p>\n","protected":false},"excerpt":{"rendered":"<p>9 de septiembre de 1641. \u00a1Dios m\u00edo! \u00a1Cu\u00e1nto se ha alegrado mi alma por todo lo que el padre Dehorgny me ha escrito y me ha dicho de usted! Lo malo es que me he &#8230; <a href=\"https:\/\/vincentians.com\/es\/vicente-de-paul-carta-0561-a-esteban-blatiron-sacerdote-de-la-mision-en-alet\/\" class=\"more-link\">Read More<\/a><\/p>\n","protected":false},"author":4,"featured_media":393753,"comment_status":"open","ping_status":"open","sticky":false,"template":"","format":"standard","meta":{"jetpack_post_was_ever_published":false,"_jetpack_newsletter_access":"","_jetpack_dont_email_post_to_subs":false,"_jetpack_newsletter_tier_id":0,"_jetpack_memberships_contains_paywalled_content":false,"_jetpack_memberships_contains_paid_content":false,"footnotes":"","jetpack_publicize_message":"","jetpack_publicize_feature_enabled":true,"jetpack_social_post_already_shared":true,"jetpack_social_options":{"image_generator_settings":{"template":"highway","default_image_id":0,"font":"","enabled":false},"version":2}},"categories":[65],"tags":[156,126],"class_list":["post-32713","post","type-post","status-publish","format-standard","has-post-thumbnail","hentry","category-escritos-de-vicente-de-paul","tag-blatiron","tag-dehorgny"],"yoast_head":"<!-- This site is optimized with the Yoast SEO plugin v26.3 - https:\/\/yoast.com\/wordpress\/plugins\/seo\/ -->\n<title>Vicente de Pa\u00fal, Carta 0561: A Esteban Blatiron, Sacerdote De La Mision, En Alet - Somos Vicencianos<\/title>\n<meta name=\"robots\" content=\"index, follow, max-snippet:-1, max-image-preview:large, max-video-preview:-1\" \/>\n<link rel=\"canonical\" href=\"https:\/\/vincentians.com\/es\/vicente-de-paul-carta-0561-a-esteban-blatiron-sacerdote-de-la-mision-en-alet\/\" \/>\n<meta property=\"og:locale\" content=\"es_ES\" \/>\n<meta property=\"og:type\" content=\"article\" \/>\n<meta property=\"og:title\" content=\"Vicente de Pa\u00fal, Carta 0561: A Esteban Blatiron, Sacerdote De La Mision, En Alet - Somos Vicencianos\" \/>\n<meta property=\"og:description\" content=\"9 de septiembre de 1641. \u00a1Dios m\u00edo! \u00a1Cu\u00e1nto se ha alegrado mi alma por todo lo que el padre Dehorgny me ha escrito y me ha dicho de usted! Lo malo es que me he ... Read More\" \/>\n<meta property=\"og:url\" content=\"https:\/\/vincentians.com\/es\/vicente-de-paul-carta-0561-a-esteban-blatiron-sacerdote-de-la-mision-en-alet\/\" \/>\n<meta property=\"og:site_name\" content=\"Somos Vicencianos\" \/>\n<meta property=\"article:publisher\" content=\"https:\/\/www.facebook.com\/WeAreVincentians\/\" \/>\n<meta property=\"article:author\" content=\"https:\/\/www.facebook.com\/JavierChento\" \/>\n<meta property=\"article:published_time\" content=\"2011-04-11T23:00:24+00:00\" \/>\n<meta property=\"article:modified_time\" content=\"2016-07-26T09:19:02+00:00\" \/>\n<meta property=\"og:image\" content=\"https:\/\/i0.wp.com\/vincentians.com\/es\/wp-content\/uploads\/sites\/11\/2016\/07\/escritos-vicente-de-paul.jpg?fit=1200%2C630&ssl=1\" \/>\n\t<meta property=\"og:image:width\" content=\"1200\" \/>\n\t<meta property=\"og:image:height\" content=\"630\" \/>\n\t<meta property=\"og:image:type\" content=\"image\/jpeg\" \/>\n<meta name=\"author\" content=\"Francisco Javier Fern\u00e1ndez Chento\" \/>\n<meta name=\"twitter:card\" content=\"summary_large_image\" \/>\n<meta name=\"twitter:creator\" content=\"@https:\/\/twitter.com\/javierchento\" \/>\n<meta name=\"twitter:site\" content=\"@WeVincentians\" \/>\n<meta name=\"twitter:label1\" content=\"Escrito por\" \/>\n\t<meta name=\"twitter:data1\" content=\"Francisco Javier Fern\u00e1ndez Chento\" \/>\n\t<meta name=\"twitter:label2\" content=\"Tiempo de lectura\" \/>\n\t<meta name=\"twitter:data2\" content=\"1 minuto\" \/>\n<script type=\"application\/ld+json\" class=\"yoast-schema-graph\">{\"@context\":\"https:\/\/schema.org\",\"@graph\":[{\"@type\":\"Article\",\"@id\":\"https:\/\/vincentians.com\/es\/vicente-de-paul-carta-0561-a-esteban-blatiron-sacerdote-de-la-mision-en-alet\/#article\",\"isPartOf\":{\"@id\":\"https:\/\/vincentians.com\/es\/vicente-de-paul-carta-0561-a-esteban-blatiron-sacerdote-de-la-mision-en-alet\/\"},\"author\":{\"name\":\"Francisco Javier Fern\u00e1ndez Chento\",\"@id\":\"https:\/\/vincentians.com\/es\/#\/schema\/person\/9623ef4d9aa3b2dfb8c061f1499288f2\"},\"headline\":\"Vicente de Pa\u00fal, Carta 0561: A Esteban Blatiron, Sacerdote De La Mision, En Alet\",\"datePublished\":\"2011-04-11T23:00:24+00:00\",\"dateModified\":\"2016-07-26T09:19:02+00:00\",\"mainEntityOfPage\":{\"@id\":\"https:\/\/vincentians.com\/es\/vicente-de-paul-carta-0561-a-esteban-blatiron-sacerdote-de-la-mision-en-alet\/\"},\"wordCount\":224,\"commentCount\":0,\"publisher\":{\"@id\":\"https:\/\/vincentians.com\/es\/#organization\"},\"image\":{\"@id\":\"https:\/\/vincentians.com\/es\/vicente-de-paul-carta-0561-a-esteban-blatiron-sacerdote-de-la-mision-en-alet\/#primaryimage\"},\"thumbnailUrl\":\"https:\/\/i0.wp.com\/vincentians.com\/es\/wp-content\/uploads\/sites\/11\/2016\/07\/escritos-vicente-de-paul.jpg?fit=1200%2C630&ssl=1\",\"keywords\":[\"Blatiron\",\"Dehorgny\"],\"articleSection\":[\"Escritos de Vicente de Pa\u00fal\"],\"inLanguage\":\"es\",\"potentialAction\":[{\"@type\":\"CommentAction\",\"name\":\"Comment\",\"target\":[\"https:\/\/vincentians.com\/es\/vicente-de-paul-carta-0561-a-esteban-blatiron-sacerdote-de-la-mision-en-alet\/#respond\"]}]},{\"@type\":\"WebPage\",\"@id\":\"https:\/\/vincentians.com\/es\/vicente-de-paul-carta-0561-a-esteban-blatiron-sacerdote-de-la-mision-en-alet\/\",\"url\":\"https:\/\/vincentians.com\/es\/vicente-de-paul-carta-0561-a-esteban-blatiron-sacerdote-de-la-mision-en-alet\/\",\"name\":\"Vicente de Pa\u00fal, Carta 0561: A Esteban Blatiron, Sacerdote De La Mision, En Alet - Somos Vicencianos\",\"isPartOf\":{\"@id\":\"https:\/\/vincentians.com\/es\/#website\"},\"primaryImageOfPage\":{\"@id\":\"https:\/\/vincentians.com\/es\/vicente-de-paul-carta-0561-a-esteban-blatiron-sacerdote-de-la-mision-en-alet\/#primaryimage\"},\"image\":{\"@id\":\"https:\/\/vincentians.com\/es\/vicente-de-paul-carta-0561-a-esteban-blatiron-sacerdote-de-la-mision-en-alet\/#primaryimage\"},\"thumbnailUrl\":\"https:\/\/i0.wp.com\/vincentians.com\/es\/wp-content\/uploads\/sites\/11\/2016\/07\/escritos-vicente-de-paul.jpg?fit=1200%2C630&ssl=1\",\"datePublished\":\"2011-04-11T23:00:24+00:00\",\"dateModified\":\"2016-07-26T09:19:02+00:00\",\"breadcrumb\":{\"@id\":\"https:\/\/vincentians.com\/es\/vicente-de-paul-carta-0561-a-esteban-blatiron-sacerdote-de-la-mision-en-alet\/#breadcrumb\"},\"inLanguage\":\"es\",\"potentialAction\":[{\"@type\":\"ReadAction\",\"target\":[\"https:\/\/vincentians.com\/es\/vicente-de-paul-carta-0561-a-esteban-blatiron-sacerdote-de-la-mision-en-alet\/\"]}]},{\"@type\":\"ImageObject\",\"inLanguage\":\"es\",\"@id\":\"https:\/\/vincentians.com\/es\/vicente-de-paul-carta-0561-a-esteban-blatiron-sacerdote-de-la-mision-en-alet\/#primaryimage\",\"url\":\"https:\/\/i0.wp.com\/vincentians.com\/es\/wp-content\/uploads\/sites\/11\/2016\/07\/escritos-vicente-de-paul.jpg?fit=1200%2C630&ssl=1\",\"contentUrl\":\"https:\/\/i0.wp.com\/vincentians.com\/es\/wp-content\/uploads\/sites\/11\/2016\/07\/escritos-vicente-de-paul.jpg?fit=1200%2C630&ssl=1\",\"width\":1200,\"height\":630},{\"@type\":\"BreadcrumbList\",\"@id\":\"https:\/\/vincentians.com\/es\/vicente-de-paul-carta-0561-a-esteban-blatiron-sacerdote-de-la-mision-en-alet\/#breadcrumb\",\"itemListElement\":[{\"@type\":\"ListItem\",\"position\":1,\"name\":\"Portada\",\"item\":\"https:\/\/vincentians.com\/es\/\"},{\"@type\":\"ListItem\",\"position\":2,\"name\":\"Vicente de Pa\u00fal, Carta 0561: A Esteban Blatiron, Sacerdote De La Mision, En Alet\"}]},{\"@type\":\"WebSite\",\"@id\":\"https:\/\/vincentians.com\/es\/#website\",\"url\":\"https:\/\/vincentians.com\/es\/\",\"name\":\"Somos Vicencianos\",\"description\":\"Know more to serve more\",\"publisher\":{\"@id\":\"https:\/\/vincentians.com\/es\/#organization\"},\"potentialAction\":[{\"@type\":\"SearchAction\",\"target\":{\"@type\":\"EntryPoint\",\"urlTemplate\":\"https:\/\/vincentians.com\/es\/?s={search_term_string}\"},\"query-input\":{\"@type\":\"PropertyValueSpecification\",\"valueRequired\":true,\"valueName\":\"search_term_string\"}}],\"inLanguage\":\"es\"},{\"@type\":\"Organization\",\"@id\":\"https:\/\/vincentians.com\/es\/#organization\",\"name\":\"The Vincentian Network\",\"url\":\"https:\/\/vincentians.com\/es\/\",\"logo\":{\"@type\":\"ImageObject\",\"inLanguage\":\"es\",\"@id\":\"https:\/\/vincentians.com\/es\/#\/schema\/logo\/image\/\",\"url\":\"https:\/\/i1.wp.com\/vincentians.com\/es\/wp-content\/uploads\/sites\/11\/2016\/06\/Vincentian-Network-logo-big.png?fit=778%2C778\",\"contentUrl\":\"https:\/\/i1.wp.com\/vincentians.com\/es\/wp-content\/uploads\/sites\/11\/2016\/06\/Vincentian-Network-logo-big.png?fit=778%2C778\",\"width\":778,\"height\":778,\"caption\":\"The Vincentian Network\"},\"image\":{\"@id\":\"https:\/\/vincentians.com\/es\/#\/schema\/logo\/image\/\"},\"sameAs\":[\"https:\/\/www.facebook.com\/WeAreVincentians\/\",\"https:\/\/x.com\/WeVincentians\"]},{\"@type\":\"Person\",\"@id\":\"https:\/\/vincentians.com\/es\/#\/schema\/person\/9623ef4d9aa3b2dfb8c061f1499288f2\",\"name\":\"Francisco Javier Fern\u00e1ndez Chento\",\"image\":{\"@type\":\"ImageObject\",\"inLanguage\":\"es\",\"@id\":\"https:\/\/vincentians.com\/es\/#\/schema\/person\/image\/\",\"url\":\"https:\/\/secure.gravatar.com\/avatar\/497d5cde87b4c3d097d0315953521681ba2cd523ee66e5077c3711f7021e65de?s=96&d=mm&r=g\",\"contentUrl\":\"https:\/\/secure.gravatar.com\/avatar\/497d5cde87b4c3d097d0315953521681ba2cd523ee66e5077c3711f7021e65de?s=96&d=mm&r=g\",\"caption\":\"Francisco Javier Fern\u00e1ndez Chento\"},\"description\":\"Director General y cofundador de La Red de Formaci\u00f3n Vicenciana. Javier es laico vicenciano, afiliado a la Congregaci\u00f3n de la Misi\u00f3n y miembro del Equipo de Misiones Populares de la provincia can\u00f3nica de Zaragoza (Espa\u00f1a) de la Congregaci\u00f3n de la Misi\u00f3n. Graduado en la Universidad Oberta de Catalunya con cuatro grados (Asistente de direcci\u00f3n, Gesti\u00f3n Administrativa, Recursos Humanos y Contabilidad Avanzada). Bil\u00edng\u00fce Espa\u00f1ol\/Ingl\u00e9s. gestiona y mantiene varias p\u00e1ginas web cristianas y vicencianas, incluida including La Red de Formaci\u00f3n Vicenciana, de la que es cofundador. Actualmente es responsable del \u00e1rea de Espa\u00f1ol de .famvin, la Red de Noticias de la Familia Vicenciana. Tambi\u00e9n es m\u00fasico cat\u00f3lico y ha editado varios discos. Es Director General y cofundador de Trovador, una reconocida compa\u00f1\u00eda discogr\u00e1fica critiana de Espa\u00f1a. Trabaja en las Tecnolog\u00edas de la Informaci\u00f3n, ofreciendo servicios de alojamiento, dise\u00f1o y mantenimiento Web, as\u00ed como asesoramiento, formaci\u00f3n y soluciones inform\u00e1ticas, gesti\u00f3n documental y digitalizaci\u00f3n de textos, edici\u00f3n y maquetaci\u00f3n de libros, revistas, flyers, etc.\",\"sameAs\":[\"http:\/\/chento.org\",\"https:\/\/www.facebook.com\/JavierChento\",\"https:\/\/x.com\/https:\/\/twitter.com\/javierchento\"],\"url\":\"https:\/\/vincentians.com\/es\/author\/chento\/\"}]}<\/script>\n<!-- \/ Yoast SEO plugin. -->","yoast_head_json":{"title":"Vicente de Pa\u00fal, Carta 0561: A Esteban Blatiron, Sacerdote De La Mision, En Alet - Somos Vicencianos","robots":{"index":"index","follow":"follow","max-snippet":"max-snippet:-1","max-image-preview":"max-image-preview:large","max-video-preview":"max-video-preview:-1"},"canonical":"https:\/\/vincentians.com\/es\/vicente-de-paul-carta-0561-a-esteban-blatiron-sacerdote-de-la-mision-en-alet\/","og_locale":"es_ES","og_type":"article","og_title":"Vicente de Pa\u00fal, Carta 0561: A Esteban Blatiron, Sacerdote De La Mision, En Alet - Somos Vicencianos","og_description":"9 de septiembre de 1641. \u00a1Dios m\u00edo! \u00a1Cu\u00e1nto se ha alegrado mi alma por todo lo que el padre Dehorgny me ha escrito y me ha dicho de usted! Lo malo es que me he ... Read More","og_url":"https:\/\/vincentians.com\/es\/vicente-de-paul-carta-0561-a-esteban-blatiron-sacerdote-de-la-mision-en-alet\/","og_site_name":"Somos Vicencianos","article_publisher":"https:\/\/www.facebook.com\/WeAreVincentians\/","article_author":"https:\/\/www.facebook.com\/JavierChento","article_published_time":"2011-04-11T23:00:24+00:00","article_modified_time":"2016-07-26T09:19:02+00:00","og_image":[{"width":1200,"height":630,"url":"https:\/\/i0.wp.com\/vincentians.com\/es\/wp-content\/uploads\/sites\/11\/2016\/07\/escritos-vicente-de-paul.jpg?fit=1200%2C630&ssl=1","type":"image\/jpeg"}],"author":"Francisco Javier Fern\u00e1ndez Chento","twitter_card":"summary_large_image","twitter_creator":"@https:\/\/twitter.com\/javierchento","twitter_site":"@WeVincentians","twitter_misc":{"Escrito por":"Francisco Javier Fern\u00e1ndez Chento","Tiempo de lectura":"1 minuto"},"schema":{"@context":"https:\/\/schema.org","@graph":[{"@type":"Article","@id":"https:\/\/vincentians.com\/es\/vicente-de-paul-carta-0561-a-esteban-blatiron-sacerdote-de-la-mision-en-alet\/#article","isPartOf":{"@id":"https:\/\/vincentians.com\/es\/vicente-de-paul-carta-0561-a-esteban-blatiron-sacerdote-de-la-mision-en-alet\/"},"author":{"name":"Francisco Javier Fern\u00e1ndez Chento","@id":"https:\/\/vincentians.com\/es\/#\/schema\/person\/9623ef4d9aa3b2dfb8c061f1499288f2"},"headline":"Vicente de Pa\u00fal, Carta 0561: A Esteban Blatiron, Sacerdote De La Mision, En Alet","datePublished":"2011-04-11T23:00:24+00:00","dateModified":"2016-07-26T09:19:02+00:00","mainEntityOfPage":{"@id":"https:\/\/vincentians.com\/es\/vicente-de-paul-carta-0561-a-esteban-blatiron-sacerdote-de-la-mision-en-alet\/"},"wordCount":224,"commentCount":0,"publisher":{"@id":"https:\/\/vincentians.com\/es\/#organization"},"image":{"@id":"https:\/\/vincentians.com\/es\/vicente-de-paul-carta-0561-a-esteban-blatiron-sacerdote-de-la-mision-en-alet\/#primaryimage"},"thumbnailUrl":"https:\/\/i0.wp.com\/vincentians.com\/es\/wp-content\/uploads\/sites\/11\/2016\/07\/escritos-vicente-de-paul.jpg?fit=1200%2C630&ssl=1","keywords":["Blatiron","Dehorgny"],"articleSection":["Escritos de Vicente de Pa\u00fal"],"inLanguage":"es","potentialAction":[{"@type":"CommentAction","name":"Comment","target":["https:\/\/vincentians.com\/es\/vicente-de-paul-carta-0561-a-esteban-blatiron-sacerdote-de-la-mision-en-alet\/#respond"]}]},{"@type":"WebPage","@id":"https:\/\/vincentians.com\/es\/vicente-de-paul-carta-0561-a-esteban-blatiron-sacerdote-de-la-mision-en-alet\/","url":"https:\/\/vincentians.com\/es\/vicente-de-paul-carta-0561-a-esteban-blatiron-sacerdote-de-la-mision-en-alet\/","name":"Vicente de Pa\u00fal, Carta 0561: A Esteban Blatiron, Sacerdote De La Mision, En Alet - Somos Vicencianos","isPartOf":{"@id":"https:\/\/vincentians.com\/es\/#website"},"primaryImageOfPage":{"@id":"https:\/\/vincentians.com\/es\/vicente-de-paul-carta-0561-a-esteban-blatiron-sacerdote-de-la-mision-en-alet\/#primaryimage"},"image":{"@id":"https:\/\/vincentians.com\/es\/vicente-de-paul-carta-0561-a-esteban-blatiron-sacerdote-de-la-mision-en-alet\/#primaryimage"},"thumbnailUrl":"https:\/\/i0.wp.com\/vincentians.com\/es\/wp-content\/uploads\/sites\/11\/2016\/07\/escritos-vicente-de-paul.jpg?fit=1200%2C630&ssl=1","datePublished":"2011-04-11T23:00:24+00:00","dateModified":"2016-07-26T09:19:02+00:00","breadcrumb":{"@id":"https:\/\/vincentians.com\/es\/vicente-de-paul-carta-0561-a-esteban-blatiron-sacerdote-de-la-mision-en-alet\/#breadcrumb"},"inLanguage":"es","potentialAction":[{"@type":"ReadAction","target":["https:\/\/vincentians.com\/es\/vicente-de-paul-carta-0561-a-esteban-blatiron-sacerdote-de-la-mision-en-alet\/"]}]},{"@type":"ImageObject","inLanguage":"es","@id":"https:\/\/vincentians.com\/es\/vicente-de-paul-carta-0561-a-esteban-blatiron-sacerdote-de-la-mision-en-alet\/#primaryimage","url":"https:\/\/i0.wp.com\/vincentians.com\/es\/wp-content\/uploads\/sites\/11\/2016\/07\/escritos-vicente-de-paul.jpg?fit=1200%2C630&ssl=1","contentUrl":"https:\/\/i0.wp.com\/vincentians.com\/es\/wp-content\/uploads\/sites\/11\/2016\/07\/escritos-vicente-de-paul.jpg?fit=1200%2C630&ssl=1","width":1200,"height":630},{"@type":"BreadcrumbList","@id":"https:\/\/vincentians.com\/es\/vicente-de-paul-carta-0561-a-esteban-blatiron-sacerdote-de-la-mision-en-alet\/#breadcrumb","itemListElement":[{"@type":"ListItem","position":1,"name":"Portada","item":"https:\/\/vincentians.com\/es\/"},{"@type":"ListItem","position":2,"name":"Vicente de Pa\u00fal, Carta 0561: A Esteban Blatiron, Sacerdote De La Mision, En Alet"}]},{"@type":"WebSite","@id":"https:\/\/vincentians.com\/es\/#website","url":"https:\/\/vincentians.com\/es\/","name":"Somos Vicencianos","description":"Know more to serve more","publisher":{"@id":"https:\/\/vincentians.com\/es\/#organization"},"potentialAction":[{"@type":"SearchAction","target":{"@type":"EntryPoint","urlTemplate":"https:\/\/vincentians.com\/es\/?s={search_term_string}"},"query-input":{"@type":"PropertyValueSpecification","valueRequired":true,"valueName":"search_term_string"}}],"inLanguage":"es"},{"@type":"Organization","@id":"https:\/\/vincentians.com\/es\/#organization","name":"The Vincentian Network","url":"https:\/\/vincentians.com\/es\/","logo":{"@type":"ImageObject","inLanguage":"es","@id":"https:\/\/vincentians.com\/es\/#\/schema\/logo\/image\/","url":"https:\/\/i1.wp.com\/vincentians.com\/es\/wp-content\/uploads\/sites\/11\/2016\/06\/Vincentian-Network-logo-big.png?fit=778%2C778","contentUrl":"https:\/\/i1.wp.com\/vincentians.com\/es\/wp-content\/uploads\/sites\/11\/2016\/06\/Vincentian-Network-logo-big.png?fit=778%2C778","width":778,"height":778,"caption":"The Vincentian Network"},"image":{"@id":"https:\/\/vincentians.com\/es\/#\/schema\/logo\/image\/"},"sameAs":["https:\/\/www.facebook.com\/WeAreVincentians\/","https:\/\/x.com\/WeVincentians"]},{"@type":"Person","@id":"https:\/\/vincentians.com\/es\/#\/schema\/person\/9623ef4d9aa3b2dfb8c061f1499288f2","name":"Francisco Javier Fern\u00e1ndez Chento","image":{"@type":"ImageObject","inLanguage":"es","@id":"https:\/\/vincentians.com\/es\/#\/schema\/person\/image\/","url":"https:\/\/secure.gravatar.com\/avatar\/497d5cde87b4c3d097d0315953521681ba2cd523ee66e5077c3711f7021e65de?s=96&d=mm&r=g","contentUrl":"https:\/\/secure.gravatar.com\/avatar\/497d5cde87b4c3d097d0315953521681ba2cd523ee66e5077c3711f7021e65de?s=96&d=mm&r=g","caption":"Francisco Javier Fern\u00e1ndez Chento"},"description":"Director General y cofundador de La Red de Formaci\u00f3n Vicenciana. Javier es laico vicenciano, afiliado a la Congregaci\u00f3n de la Misi\u00f3n y miembro del Equipo de Misiones Populares de la provincia can\u00f3nica de Zaragoza (Espa\u00f1a) de la Congregaci\u00f3n de la Misi\u00f3n. Graduado en la Universidad Oberta de Catalunya con cuatro grados (Asistente de direcci\u00f3n, Gesti\u00f3n Administrativa, Recursos Humanos y Contabilidad Avanzada). Bil\u00edng\u00fce Espa\u00f1ol\/Ingl\u00e9s. gestiona y mantiene varias p\u00e1ginas web cristianas y vicencianas, incluida including La Red de Formaci\u00f3n Vicenciana, de la que es cofundador. Actualmente es responsable del \u00e1rea de Espa\u00f1ol de .famvin, la Red de Noticias de la Familia Vicenciana. Tambi\u00e9n es m\u00fasico cat\u00f3lico y ha editado varios discos. Es Director General y cofundador de Trovador, una reconocida compa\u00f1\u00eda discogr\u00e1fica critiana de Espa\u00f1a. Trabaja en las Tecnolog\u00edas de la Informaci\u00f3n, ofreciendo servicios de alojamiento, dise\u00f1o y mantenimiento Web, as\u00ed como asesoramiento, formaci\u00f3n y soluciones inform\u00e1ticas, gesti\u00f3n documental y digitalizaci\u00f3n de textos, edici\u00f3n y maquetaci\u00f3n de libros, revistas, flyers, etc.","sameAs":["http:\/\/chento.org","https:\/\/www.facebook.com\/JavierChento","https:\/\/x.com\/https:\/\/twitter.com\/javierchento"],"url":"https:\/\/vincentians.com\/es\/author\/chento\/"}]}},"jetpack_publicize_connections":[],"jetpack_featured_media_url":"https:\/\/i0.wp.com\/vincentians.com\/es\/wp-content\/uploads\/sites\/11\/2016\/07\/escritos-vicente-de-paul.jpg?fit=1200%2C630&ssl=1","jetpack_sharing_enabled":true,"jetpack_shortlink":"https:\/\/wp.me\/p7ETMF-8vD","jetpack-related-posts":[{"id":100650,"url":"https:\/\/vincentians.com\/es\/vicente-de-paul-carta-0952-a-esteban-blatiron-superior-de-genova\/","url_meta":{"origin":32713,"position":0},"title":"Vicente de Pa\u00fal, Carta 0952: A Esteban Blatiron, Superior De G\u00e9nova","author":"Francisco Javier Fern\u00e1ndez Chento","date":"30\/08\/2012","format":false,"excerpt":"Par\u00eds, 28 diciembre [1646] Padre: La gracia de Nuestro Se\u00f1or sea siempre [con nosotros]. Recib\u00ed su carta del [...Doy gracias] a Dios por [lo] que me [indica] sobre [el \u00e9xito] d[e sus misiones...]; seg\u00fan veo, [se trata de uno de los mayores] santos que hay en su [Iglesia]. [Me] siento\u2026","rel":"","context":"En \u00abEscritos de Vicente de Pa\u00fal\u00bb","block_context":{"text":"Escritos de Vicente de Pa\u00fal","link":"https:\/\/vincentians.com\/es\/category\/escritos\/escritos-de-vicente-de-paul\/"},"img":{"alt_text":"","src":"https:\/\/i0.wp.com\/vincentians.com\/es\/wp-content\/uploads\/sites\/11\/2016\/07\/escritos-vicente-de-paul.jpg?fit=1200%2C630&ssl=1&resize=350%2C200","width":350,"height":200,"srcset":"https:\/\/i0.wp.com\/vincentians.com\/es\/wp-content\/uploads\/sites\/11\/2016\/07\/escritos-vicente-de-paul.jpg?fit=1200%2C630&ssl=1&resize=350%2C200 1x, https:\/\/i0.wp.com\/vincentians.com\/es\/wp-content\/uploads\/sites\/11\/2016\/07\/escritos-vicente-de-paul.jpg?fit=1200%2C630&ssl=1&resize=525%2C300 1.5x, https:\/\/i0.wp.com\/vincentians.com\/es\/wp-content\/uploads\/sites\/11\/2016\/07\/escritos-vicente-de-paul.jpg?fit=1200%2C630&ssl=1&resize=700%2C400 2x, https:\/\/i0.wp.com\/vincentians.com\/es\/wp-content\/uploads\/sites\/11\/2016\/07\/escritos-vicente-de-paul.jpg?fit=1200%2C630&ssl=1&resize=1050%2C600 3x"},"classes":[]},{"id":100621,"url":"https:\/\/vincentians.com\/es\/vicente-de-paul-carta-0984-a-juan-martin\/","url_meta":{"origin":32713,"position":1},"title":"Vicente de Pa\u00fal, Carta 0984: A Juan Martin","author":"Francisco Javier Fern\u00e1ndez Chento","date":"19\/10\/2012","format":false,"excerpt":"Par\u00eds, 3 mayo 1647. Padre: La gracia de Nuestro Se\u00f1or sea siempre con nosotros. Le doy gracias a Dios por la bendici\u00f3n que le ha dado a la misi\u00f3n de Quarto, y a usted por la ayuda que le ha prestado en esa misi\u00f3n al buen padre Blatiron, que se\u2026","rel":"","context":"En \u00abEscritos de Vicente de Pa\u00fal\u00bb","block_context":{"text":"Escritos de Vicente de Pa\u00fal","link":"https:\/\/vincentians.com\/es\/category\/escritos\/escritos-de-vicente-de-paul\/"},"img":{"alt_text":"","src":"https:\/\/i0.wp.com\/vincentians.com\/es\/wp-content\/uploads\/sites\/11\/2016\/07\/escritos-vicente-de-paul.jpg?fit=1200%2C630&ssl=1&resize=350%2C200","width":350,"height":200,"srcset":"https:\/\/i0.wp.com\/vincentians.com\/es\/wp-content\/uploads\/sites\/11\/2016\/07\/escritos-vicente-de-paul.jpg?fit=1200%2C630&ssl=1&resize=350%2C200 1x, https:\/\/i0.wp.com\/vincentians.com\/es\/wp-content\/uploads\/sites\/11\/2016\/07\/escritos-vicente-de-paul.jpg?fit=1200%2C630&ssl=1&resize=525%2C300 1.5x, https:\/\/i0.wp.com\/vincentians.com\/es\/wp-content\/uploads\/sites\/11\/2016\/07\/escritos-vicente-de-paul.jpg?fit=1200%2C630&ssl=1&resize=700%2C400 2x, https:\/\/i0.wp.com\/vincentians.com\/es\/wp-content\/uploads\/sites\/11\/2016\/07\/escritos-vicente-de-paul.jpg?fit=1200%2C630&ssl=1&resize=1050%2C600 3x"},"classes":[]},{"id":71523,"url":"https:\/\/vincentians.com\/es\/vicente-de-paul-carta-0849-a-juan-martin\/","url_meta":{"origin":32713,"position":2},"title":"Vicente de Pa\u00fal, Carta 0849: A Juan Martin","author":"Francisco Javier Fern\u00e1ndez Chento","date":"16\/03\/2012","format":false,"excerpt":"Par\u00eds, 8 de junio de 1646 Padre: \u00a1La gracia de nuestro Se\u00f1or sea siempre con nosotros! He recibido su \u00faltima carta con gran alegr\u00eda, como todas las dem\u00e1s; eso sirve para templar, aunque s\u00f3lo sea un poquito, el miedo que tengo de que sus trabajos, que ya hace tanto tiempo\u2026","rel":"","context":"En \u00abEscritos de Vicente de Pa\u00fal\u00bb","block_context":{"text":"Escritos de Vicente de Pa\u00fal","link":"https:\/\/vincentians.com\/es\/category\/escritos\/escritos-de-vicente-de-paul\/"},"img":{"alt_text":"","src":"https:\/\/i0.wp.com\/vincentians.com\/es\/wp-content\/uploads\/sites\/11\/2016\/07\/escritos-vicente-de-paul.jpg?fit=1200%2C630&ssl=1&resize=350%2C200","width":350,"height":200,"srcset":"https:\/\/i0.wp.com\/vincentians.com\/es\/wp-content\/uploads\/sites\/11\/2016\/07\/escritos-vicente-de-paul.jpg?fit=1200%2C630&ssl=1&resize=350%2C200 1x, https:\/\/i0.wp.com\/vincentians.com\/es\/wp-content\/uploads\/sites\/11\/2016\/07\/escritos-vicente-de-paul.jpg?fit=1200%2C630&ssl=1&resize=525%2C300 1.5x, https:\/\/i0.wp.com\/vincentians.com\/es\/wp-content\/uploads\/sites\/11\/2016\/07\/escritos-vicente-de-paul.jpg?fit=1200%2C630&ssl=1&resize=700%2C400 2x, https:\/\/i0.wp.com\/vincentians.com\/es\/wp-content\/uploads\/sites\/11\/2016\/07\/escritos-vicente-de-paul.jpg?fit=1200%2C630&ssl=1&resize=1050%2C600 3x"},"classes":[]},{"id":81418,"url":"https:\/\/vincentians.com\/es\/vicente-de-paul-carta-0892-a-juan-martin\/","url_meta":{"origin":32713,"position":3},"title":"Vicente de Pa\u00fal, Carta 0892: A Juan  Mart\u00edn","author":"Francisco Javier Fern\u00e1ndez Chento","date":"10\/05\/2012","format":false,"excerpt":"Par\u00eds 6 septiembre 1646. Padre: La gracia de Nuestro Se\u00f1or sea siempre con nosotros. No puedo expresarle el consuelo que me han dado sus cartas, especialmente la \u00faltima que he recibido, del 17 de agosto. Le ruego que me escriba con frecuencia. Estoy preocupado por el hecho de que el\u2026","rel":"","context":"En \u00abEscritos de Vicente de Pa\u00fal\u00bb","block_context":{"text":"Escritos de Vicente de Pa\u00fal","link":"https:\/\/vincentians.com\/es\/category\/escritos\/escritos-de-vicente-de-paul\/"},"img":{"alt_text":"","src":"https:\/\/i0.wp.com\/vincentians.com\/es\/wp-content\/uploads\/sites\/11\/2016\/07\/escritos-vicente-de-paul.jpg?fit=1200%2C630&ssl=1&resize=350%2C200","width":350,"height":200,"srcset":"https:\/\/i0.wp.com\/vincentians.com\/es\/wp-content\/uploads\/sites\/11\/2016\/07\/escritos-vicente-de-paul.jpg?fit=1200%2C630&ssl=1&resize=350%2C200 1x, https:\/\/i0.wp.com\/vincentians.com\/es\/wp-content\/uploads\/sites\/11\/2016\/07\/escritos-vicente-de-paul.jpg?fit=1200%2C630&ssl=1&resize=525%2C300 1.5x, https:\/\/i0.wp.com\/vincentians.com\/es\/wp-content\/uploads\/sites\/11\/2016\/07\/escritos-vicente-de-paul.jpg?fit=1200%2C630&ssl=1&resize=700%2C400 2x, https:\/\/i0.wp.com\/vincentians.com\/es\/wp-content\/uploads\/sites\/11\/2016\/07\/escritos-vicente-de-paul.jpg?fit=1200%2C630&ssl=1&resize=1050%2C600 3x"},"classes":[]},{"id":84628,"url":"https:\/\/vincentians.com\/es\/vicente-de-paul-carta-0903-a-juan-martin\/","url_meta":{"origin":32713,"position":4},"title":"Vicente de Pa\u00fal, Carta 0903: A Juan Martin","author":"Francisco Javier Fern\u00e1ndez Chento","date":"21\/05\/2012","format":false,"excerpt":"Orsigny, 27 septiembre 1646. Padre: La gracia de Nuestro Se\u00f1or sea siempre con nosotros. Recib\u00ed la suya del d\u00eda 11 de este mes, con el consuelo que acostumbran darme sus cartas, por el afecto que le tengo y por el agrado con que recibo todo lo suyo. Alabo a Dios\u2026","rel":"","context":"En \u00abEscritos de Vicente de Pa\u00fal\u00bb","block_context":{"text":"Escritos de Vicente de Pa\u00fal","link":"https:\/\/vincentians.com\/es\/category\/escritos\/escritos-de-vicente-de-paul\/"},"img":{"alt_text":"","src":"https:\/\/i0.wp.com\/vincentians.com\/es\/wp-content\/uploads\/sites\/11\/2016\/07\/escritos-vicente-de-paul.jpg?fit=1200%2C630&ssl=1&resize=350%2C200","width":350,"height":200,"srcset":"https:\/\/i0.wp.com\/vincentians.com\/es\/wp-content\/uploads\/sites\/11\/2016\/07\/escritos-vicente-de-paul.jpg?fit=1200%2C630&ssl=1&resize=350%2C200 1x, https:\/\/i0.wp.com\/vincentians.com\/es\/wp-content\/uploads\/sites\/11\/2016\/07\/escritos-vicente-de-paul.jpg?fit=1200%2C630&ssl=1&resize=525%2C300 1.5x, https:\/\/i0.wp.com\/vincentians.com\/es\/wp-content\/uploads\/sites\/11\/2016\/07\/escritos-vicente-de-paul.jpg?fit=1200%2C630&ssl=1&resize=700%2C400 2x, https:\/\/i0.wp.com\/vincentians.com\/es\/wp-content\/uploads\/sites\/11\/2016\/07\/escritos-vicente-de-paul.jpg?fit=1200%2C630&ssl=1&resize=1050%2C600 3x"},"classes":[]},{"id":80388,"url":"https:\/\/vincentians.com\/es\/vicente-de-paul-carta-0887-a-juan-martin-sacerdote-de-la-mision-en-genova\/","url_meta":{"origin":32713,"position":5},"title":"Vicente de Pa\u00fal, Carta 0887: A Juan Martin, Sacerdote De La Misi\u00f3n, En G\u00e9nova","author":"Francisco Javier Fern\u00e1ndez Chento","date":"05\/05\/2012","format":false,"excerpt":"[Finales de agosto de 1646]. Padre: La gracia de Nuestro Se\u00f1or sea siempre con nosotros. Su carta me ha consolado infinitamente, lo mismo que todas las que me escribe, por lo que le doy gracias a Dios y le pido que santifique cada vez m\u00e1s a su querida alma. Siento\u2026","rel":"","context":"En \u00abEscritos de Vicente de Pa\u00fal\u00bb","block_context":{"text":"Escritos de Vicente de Pa\u00fal","link":"https:\/\/vincentians.com\/es\/category\/escritos\/escritos-de-vicente-de-paul\/"},"img":{"alt_text":"","src":"https:\/\/i0.wp.com\/vincentians.com\/es\/wp-content\/uploads\/sites\/11\/2016\/07\/escritos-vicente-de-paul.jpg?fit=1200%2C630&ssl=1&resize=350%2C200","width":350,"height":200,"srcset":"https:\/\/i0.wp.com\/vincentians.com\/es\/wp-content\/uploads\/sites\/11\/2016\/07\/escritos-vicente-de-paul.jpg?fit=1200%2C630&ssl=1&resize=350%2C200 1x, https:\/\/i0.wp.com\/vincentians.com\/es\/wp-content\/uploads\/sites\/11\/2016\/07\/escritos-vicente-de-paul.jpg?fit=1200%2C630&ssl=1&resize=525%2C300 1.5x, https:\/\/i0.wp.com\/vincentians.com\/es\/wp-content\/uploads\/sites\/11\/2016\/07\/escritos-vicente-de-paul.jpg?fit=1200%2C630&ssl=1&resize=700%2C400 2x, https:\/\/i0.wp.com\/vincentians.com\/es\/wp-content\/uploads\/sites\/11\/2016\/07\/escritos-vicente-de-paul.jpg?fit=1200%2C630&ssl=1&resize=1050%2C600 3x"},"classes":[]}],"_links":{"self":[{"href":"https:\/\/vincentians.com\/es\/wp-json\/wp\/v2\/posts\/32713","targetHints":{"allow":["GET"]}}],"collection":[{"href":"https:\/\/vincentians.com\/es\/wp-json\/wp\/v2\/posts"}],"about":[{"href":"https:\/\/vincentians.com\/es\/wp-json\/wp\/v2\/types\/post"}],"author":[{"embeddable":true,"href":"https:\/\/vincentians.com\/es\/wp-json\/wp\/v2\/users\/4"}],"replies":[{"embeddable":true,"href":"https:\/\/vincentians.com\/es\/wp-json\/wp\/v2\/comments?post=32713"}],"version-history":[{"count":0,"href":"https:\/\/vincentians.com\/es\/wp-json\/wp\/v2\/posts\/32713\/revisions"}],"wp:featuredmedia":[{"embeddable":true,"href":"https:\/\/vincentians.com\/es\/wp-json\/wp\/v2\/media\/393753"}],"wp:attachment":[{"href":"https:\/\/vincentians.com\/es\/wp-json\/wp\/v2\/media?parent=32713"}],"wp:term":[{"taxonomy":"category","embeddable":true,"href":"https:\/\/vincentians.com\/es\/wp-json\/wp\/v2\/categories?post=32713"},{"taxonomy":"post_tag","embeddable":true,"href":"https:\/\/vincentians.com\/es\/wp-json\/wp\/v2\/tags?post=32713"}],"curies":[{"name":"wp","href":"https:\/\/api.w.org\/{rel}","templated":true}]}}