{"id":32440,"date":"2011-03-28T10:17:12","date_gmt":"2011-03-28T08:17:12","guid":{"rendered":"http:\/\/somos.vicencianos.org\/?p=32440"},"modified":"2011-03-28T10:17:12","modified_gmt":"2011-03-28T08:17:12","slug":"dios-sigue-llamando-sor-maria","status":"publish","type":"post","link":"https:\/\/vincentians.com\/es\/dios-sigue-llamando-sor-maria\/","title":{"rendered":"Dios sigue llamando: Sor Mar\u00eda"},"content":{"rendered":"<div id=\"attachment_32441\" style=\"width: 251px\" class=\"wp-caption alignright\"><a href=\"https:\/\/i0.wp.com\/vicencianos.org\/wp-content\/2011\/03\/sor_maria.jpg\"><img data-recalc-dims=\"1\" loading=\"lazy\" decoding=\"async\" aria-describedby=\"caption-attachment-32441\" class=\"size-medium wp-image-32441\" title=\"Sor Mar\u00eda\" src=\"https:\/\/i0.wp.com\/vicencianos.org\/wp-content\/2011\/03\/sor_maria-241x300.jpg?resize=241%2C300\" alt=\"Sor Mar\u00eda\" width=\"241\" height=\"300\" \/><\/a><p id=\"caption-attachment-32441\" class=\"wp-caption-text\">Sor Mar\u00eda<\/p><\/div>\n<p><strong>Me causa curiosidad saber \u00bfde qu\u00e9 forma sentiste la llamada a tu vocaci\u00f3n? \u00bfEn qu\u00e9 momento de tu vida sentiste la llamada de Dios? \u00bfC\u00f3mo entendiste que te llamaba? <\/strong><\/p>\n<p style=\"padding-left: 30px\">Bueno, la llamada que el Se\u00f1or me ha hecho, no se da de la noche de la ma\u00f1ana, pues mi inquietud vocacional se da desde la infancia y que precisamente voy descubriendo a trav\u00e9s del tiempo que estuve en este colegio, por medio de acontecimientos pero sobre todo de la presencia de las Hermanas (desde peque\u00f1a me llamaba la atenci\u00f3n el cari\u00f1o que daban a los dem\u00e1s y el bien que hac\u00edan, lo que me llevaba a mirarlas con m\u00e1s curiosidad).<\/p>\n<p style=\"padding-left: 30px\">Esta curiosidad por observarlas y querer saber de ellas, se convirti\u00f3 en una inquietud interior, a partir de una circunstancia concreta, justamente a los 11 a\u00f1os, en 6\u00b0 de Primaria estando un d\u00eda en clase, la profesora lanza la pregunta: \u00bfQU\u00c9 QUIERES SER DE MAYOR? Fue en aquel momento que me tome en serio la respuesta que ten\u00eda que dar, y gir\u00e9 la cabeza y mir\u00e9 por la ventana de la clase y justamente pasaba por all\u00ed una hermana. En ese momento vi claro que el Se\u00f1or me estaba dando la respuesta a mi pregunta sintiendo una gran alegr\u00eda interior, (como cuando un ni\u00f1o encuentra su juguete favorito que ten\u00eda perdido). A partir de aqu\u00ed comenz\u00f3 la gran aventura en la que todav\u00eda sigo sumergida.<\/p>\n<p><strong>\u00bfC\u00f3mo sentiste que deb\u00eda seguir ese camino? Es decir, \u00bfqu\u00e9 cosas en tu vida te dieron las se\u00f1ales?<\/strong><\/p>\n<p style=\"padding-left: 30px\">La verdad es que el Se\u00f1or se ha servido de acontecimientos y personas para se\u00f1alarme el camino. A partir del primer momento que descubr\u00ed que el Se\u00f1or me llamaba a ser Hija de la Caridad, empec\u00e9 con un gran entusiasmo, pero los a\u00f1os pasan y esa ilusi\u00f3n se va apagando en el tiempo que estaba en el instituto, debido al entorno de amigos, que no entienden ese estilo de vida, pero a pesar de eso el Se\u00f1or me recordaba que estaba conmigo, al ir cada viernes al colegio a JMV, y sobre todo el D\u00eda de la Confirmaci\u00f3n en donde el sentimiento de gozo y alegr\u00eda, sumerg\u00eda en mi interior.<\/p>\n<p style=\"padding-left: 30px\">Aunque a menudo todo parece imposible, porque hay momentos que parecen que eres la<br \/>\n\u00fanica que vas a contracorriente de las personas que te rodean, y esto puede apagar esa inquietud interior, el Se\u00f1or me hace recobrar esa ilusi\u00f3n, a trav\u00e9s de otro acontecimiento: estando en 3\u00b0 de Carrera, se celebran en el Barrio las Misiones Populares, durante 15 d\u00edas, realizada por la comunidad Misionera de los Padres y de las Hijas de la Caridad. Esta fue una oportunidad de encontrarme otra vez con el Se\u00f1or y sentir de nuevo esa esperanza de poder seguirle, por lo que me pongo en camino para conocerle m\u00e1s de cerca.<\/p>\n<p style=\"padding-left: 30px\">Al a\u00f1o siguiente, en el verano, las hermanas del colegio me invitan a un Campo de Servicio en Madrid. En esta convivencia encontr\u00e9 lo que me hac\u00eda falta; me encontr\u00e9 con el Se\u00f1or en aquellos ni\u00f1os discapacitados de la Casa de Bel\u00e9n, adem\u00e1s de convivir con j\u00f3venes que ten\u00edan las mismas inquietudes que yo, por lo que me animaba a seguir adelante. Este encuentro fue decisivo para saber que mi vida estaba destinada a seguirle. Por lo que me compromet\u00ed a aprovecharme de todas las situaciones que el Se\u00f1or me iba ofreciendo para ir form\u00e1ndome y descubriendo lo que \u00e9l quer\u00eda de m\u00ed.<\/p>\n<p><strong>\u00bfQu\u00e9 temores o miedos has tenido que hacer frente al elegirte Dios para ponerte a su servicio a trav\u00e9s de los <\/strong><strong>pobres?<\/strong><\/p>\n<p style=\"padding-left: 30px\">Ante cualquier decisi\u00f3n importante que puede cambiar la vida de una persona, siempre surgen temores y miedos que te hace pensar y discernir la decisi\u00f3n que vas a tomar.<\/p>\n<p style=\"padding-left: 30px\">Para m\u00ed los miedos que me invad\u00edan eran:<\/p>\n<ul style=\"padding-left: 30px\">\n<li><strong>El miedo <\/strong><strong>de equivocarme<\/strong>: Al principio esa ilusi\u00f3n que despierta en mi interior (el deseo de ser Hija de la Caridad), se convierte en confusi\u00f3n al ver que las personas del entorno te aconsejan cosas totalmente opuestas a esta decisi\u00f3n, lo que me surge la pregunta de: \u00bfEs \u00e9ste el verdadero camino que tengo que seguir?<\/li>\n<li>El miedo a decepcionar las expectativas que tienen otras personas sobre m\u00ed: Este miedo suele surgir sobre todo con las personas a las que m\u00e1s quieres, padres y hermanos, pues ellos suelen aconsejar proyectos de vidas mejores (o al menos as\u00ed se ve comparado con la vida de una hermana) por lo que muchas veces te cuestionas qu\u00e9 decisi\u00f3n tomar, si ese proyecto ideal de tener un trabajo y una familia o el proyecto que el Se\u00f1or te propone.<\/li>\n<\/ul>\n<p style=\"padding-left: 30px\">Antes estos miedos, me agarr\u00e9 a la oraci\u00f3n, pidiendo al Se\u00f1or que me ayudara y me diera valent\u00eda para poder tomar la decisi\u00f3n m\u00e1s adecuada, y que gracias a ese sentimiento de gozo y tranquilidad interior que sent\u00eda me ayud\u00f3 a ir afrontando estos miedos.<\/p>\n<p><strong>A <\/strong><strong>m\u00ed me resulta muy <\/strong><strong>dif\u00edcil lo que hab\u00e9is hecho \u00bfC\u00f3mo te result\u00f3 a ti?<\/strong><\/p>\n<p style=\"padding-left: 30px\">Para m\u00ed ha sido un dejarme abandonar en manos del Se\u00f1or, porque es verdad que cuesta el dar este paso en el que tienes que dejar todo: amigos, familia, y entorno. Si se observa desde esta perspectiva, todo es m\u00e1s dif\u00edcil de hacer, pero si ves lo que el Se\u00f1or va haciendo contigo, y sabes que toda decisi\u00f3n que tomes con respecto a \u00c9l te va a corresponder con el doble de gozo y alegr\u00eda, este paso se hace como un deseo inmediato de cumplir.<\/p>\n<p><strong>\u00bfC\u00f3mo te sientes ahora?<\/strong><\/p>\n<p style=\"padding-left: 30px\">Con una alegr\u00eda desbordante, en el que todos los d\u00edas le doy gracias al Se\u00f1or por no haberse cansado de insistirme que le siguiera, y con un gozo interior de dar mi vida para servirle a \u00c9l por medio de los m\u00e1s pobres.<\/p>\n<p><strong>\u00bfC\u00f3mo afront\u00f3 tu familia, y sobre todo tus padres, tu vocaci\u00f3n? \u00bfLes cost\u00f3 aceptarla?<\/strong><\/p>\n<p style=\"padding-left: 30px\">La verdad es que mi familia no me ha sido un obst\u00e1culo para dar el paso, sino que a la hora de la verdad han estado ah\u00ed apoy\u00e1ndome en la decisi\u00f3n que tomara.<\/p>\n<p style=\"padding-left: 30px\">A mis padres les agradezco el esfuerzo que han hecho de comprensi\u00f3n y aceptaci\u00f3n, pues al principio suele ser desilusi\u00f3n para ellos, ya que ten\u00edan un proyecto diferente. En este momento de dar el paso, suele estar tambi\u00e9n el temor de lo desconocido, el cual al no tener conocimiento de la vida de una Hija de la Caridad pues suele venir la resistencia.<\/p>\n<p style=\"padding-left: 30px\">Ahora est\u00e1n contentos y yo muy agradecida, pues gracias a ellos he ido descubriendo a trav\u00e9s de su ejemplo la mano del Se\u00f1or en esta familia.<\/p>\n<p><strong>Cualquier vocaci\u00f3n implica una serie de renuncias, \u00bfa qu\u00e9 has tenido que renunciar con la tuya?<\/strong><\/p>\n<p style=\"padding-left: 30px\">En esta llamada del Se\u00f1or, al responderle, ya lleva una serie de renuncias que bien se puede observar en el evangelio: \u00abquien me quiera seguir que deje todo, y me siga\u00bb.<\/p>\n<p style=\"padding-left: 30px\">Para cualquier persona que toma un proyecto de vida tiene que renunciar a lo que no vaya en consonancia con esa opci\u00f3n, por lo tanto para m\u00ed no supone renuncias, sino que forman parte de la opci\u00f3n de vida a la que Dios me ha llamado.<\/p>\n<p><strong>\u00bfHas sentido en alg\u00fan momento en este tiempo de postulantado y seminario soledad, dudas sobre el camino seguido o melancol\u00eda sobre tu vida anterior? \u00bfEchas de menos vuestra vida cotidiana antes de entrar en la comunidad?<\/strong><\/p>\n<p style=\"padding-left: 30px\">No, puesto que mi vida est\u00e1 llena de sentido en manos de Dios y cuando encuentras este gozo de que tu vida est\u00e1 a disposici\u00f3n para los dem\u00e1s, no echas de menos nada. Lo que puede costar un poco es esa a\u00f1oranza de la familia que, hasta que te haces con la vida en comunidad, suele aflorar, como en cualquier opci\u00f3n de vida.<\/p>\n<p><strong>\u00bfEn qu\u00e9 se parece o diferencia la vida de la Comunidad a la vida en una familia?<\/strong><\/p>\n<p style=\"padding-left: 30px\">La Comunidad se parece a una Familia en cuanto que tienen el valor de la Caridad, es decir, lo que prevalece en las dos es el Amor, cada una de diferentes caminos, una desde la familia y otra desde la llamada del Se\u00f1or.<\/p>\n<p style=\"padding-left: 30px\">Y en cuanto a diferencia es que en una Comunidad es el Se\u00f1or el que nos coloca a cada una a convivir con otras personas en funci\u00f3n a una misma misi\u00f3n de fe.<\/p>\n<p><strong>Est\u00e1s dedicando tu vida, tu esfuerzo y cari\u00f1o al servicio de los m\u00e1s necesitados \u00bfQu\u00e9 te reportan ellos?<\/strong><\/p>\n<p style=\"padding-left: 30px\">Mucho, los pobres son un tesoro en una persona que entrega su vida por ellos, puesto quet\u00fa le das lo m\u00e1s m\u00ednimo y ellos te devuelven el doble de lo que reciben.<\/p>\n<p style=\"padding-left: 30px\">Se aprende a ser persona al lado de ellos en cuanto que te ense\u00f1an a valorar lo m\u00e1s insignificante, como el gesto de dar una sonrisa, o decir los buenos d\u00edas, o simplemente la importancia de estar a su lado sin decir nada.<\/p>\n<p><strong>\u00bfDentro de la comunidad y en el trabajo que desempe\u00f1as, \u00bfC\u00f3mo es tu d\u00eda a d\u00eda? \u00bfCu\u00e1l es tu rutina diaria? \u00bfC\u00f3mo transcurre un d\u00eda normal de tu vida?<\/strong><\/p>\n<p style=\"padding-left: 30px\">El Seminario es un tiempo de formaci\u00f3n, por lo que el mayor tiempo se dedica a estudiar y a ir a clases.<\/p>\n<p style=\"padding-left: 30px\">El transcurso de un d\u00eda en el seminario es que comenzamos el d\u00eda con Laudes y Oraci\u00f3n, agradeciendo al Se\u00f1or la noche que nos ha concedido y d\u00e1ndole gracias por el nuevo d\u00eda que nos da. Durante la ma\u00f1ana tenemos estudio y una hora de clase, y por la tarde es similar, terminando con V\u00edsperas y Oraci\u00f3n, en el que agradecemos al Se\u00f1or lo que nos ha regalado durante el d\u00eda y todo lo aprendido.<\/p>\n<p style=\"padding-left: 30px\">Los viernes por la ma\u00f1ana tenemos servicio a los pobres: yo voy a servir en una guarder\u00eda, llamada Fundaci\u00f3n Sotes, Madrid, en la que estoy con los ni\u00f1os de 2 a\u00f1os. Los fines de semana se tiene en cuenta un tiempo de Deporte y tiempo libre.<\/p>\n<p><strong>\u00bfSientes tu vida plena cuando se acaba ese d\u00eda? \u00bfTe satisface tu entrega a Dios?<\/strong><\/p>\n<p style=\"padding-left: 30px\">Llego al final de la jornada d\u00e1ndole gracias al Se\u00f1or por todo lo que me ha regalado durante el d\u00eda. Y sobre todo porque cada d\u00eda se hace como una aventura, descubriendo que en los peque\u00f1os detalles del d\u00eda es presencia del Se\u00f1or.<\/p>\n<p><strong>\u00bfTe gusta el trabajo designado que estas realizando?<\/strong><\/p>\n<p style=\"padding-left: 30px\">M\u00e1s que trabajo designado, yo lo expresar\u00eda como una misi\u00f3n a la que me env\u00eda el Se\u00f1or todos los d\u00edas, poniendo a disposici\u00f3n mi entrega a los dem\u00e1s a trav\u00e9s de la Compart\u00eda de las Hijas de la Caridad.<\/p>\n<p><strong>\u00bfQu\u00e9 objetivos tienes en un futuro?<\/strong><\/p>\n<p style=\"padding-left: 30px\">Todo est\u00e1 en manos del Se\u00f1or.<\/p>\n<p><strong>Desde tu experiencia, \u00bfcrees que influye la familia y entre otros el tipo de educaci\u00f3n recibida en la misma en la vocaci\u00f3n religiosa, o es ajena a esta?<\/strong><\/p>\n<p style=\"padding-left: 30px\">Por supuesto que influye la familia y la educaci\u00f3n recibida, pues van inculcando valores y actitudes que te van marcando en el camino de la Fe, pues como sabemos los principales formadores de un cristiano es la familia.<\/p>\n<p><strong>Y en este sentido \u00bfde qu\u00e9 forma podemos los padres fomentarla?<\/strong><\/p>\n<p style=\"padding-left: 30px\">Pues a trav\u00e9s del ejemplo de vida y sobre todo en la actitud de vivirla, recordando que lo m\u00e1s importante que venimos a hacer en esta tierra es a AMAR Y SER AMADOS. Y sintiendo ese gozo de ser cristianos, expres\u00e1ndolo a trav\u00e9s de la alegr\u00eda.<\/p>\n","protected":false},"excerpt":{"rendered":"<p>Me causa curiosidad saber \u00bfde qu\u00e9 forma sentiste la llamada a tu vocaci\u00f3n? \u00bfEn qu\u00e9 momento de tu vida sentiste la llamada de Dios? \u00bfC\u00f3mo entendiste que te llamaba? Bueno, la llamada que el Se\u00f1or &#8230; <a href=\"https:\/\/vincentians.com\/es\/dios-sigue-llamando-sor-maria\/\" class=\"more-link\">Read More<\/a><\/p>\n","protected":false},"author":4,"featured_media":32441,"comment_status":"open","ping_status":"open","sticky":false,"template":"","format":"standard","meta":{"jetpack_post_was_ever_published":false,"_jetpack_newsletter_access":"","_jetpack_dont_email_post_to_subs":false,"_jetpack_newsletter_tier_id":0,"_jetpack_memberships_contains_paywalled_content":false,"_jetpack_memberships_contains_paid_content":false,"footnotes":"","jetpack_publicize_message":"","jetpack_publicize_feature_enabled":true,"jetpack_social_post_already_shared":true,"jetpack_social_options":{"image_generator_settings":{"template":"highway","default_image_id":0,"font":"","enabled":false},"version":2}},"categories":[199],"tags":[176],"class_list":["post-32440","post","type-post","status-publish","format-standard","has-post-thumbnail","hentry","category-hijas-de-la-caridad","tag-misiones-populares"],"yoast_head":"<!-- This site is optimized with the Yoast SEO plugin v26.3 - https:\/\/yoast.com\/wordpress\/plugins\/seo\/ -->\n<title>Dios sigue llamando: Sor Mar\u00eda - Somos Vicencianos<\/title>\n<meta name=\"robots\" content=\"index, follow, max-snippet:-1, max-image-preview:large, max-video-preview:-1\" \/>\n<link rel=\"canonical\" href=\"http:\/\/vincentians.com\/es\/dios-sigue-llamando-sor-maria\/\" \/>\n<meta property=\"og:locale\" content=\"es_ES\" \/>\n<meta property=\"og:type\" content=\"article\" \/>\n<meta property=\"og:title\" content=\"Dios sigue llamando: Sor Mar\u00eda - Somos Vicencianos\" \/>\n<meta property=\"og:description\" content=\"Me causa curiosidad saber \u00bfde qu\u00e9 forma sentiste la llamada a tu vocaci\u00f3n? \u00bfEn qu\u00e9 momento de tu vida sentiste la llamada de Dios? \u00bfC\u00f3mo entendiste que te llamaba? Bueno, la llamada que el Se\u00f1or ... Read More\" \/>\n<meta property=\"og:url\" content=\"http:\/\/vincentians.com\/es\/dios-sigue-llamando-sor-maria\/\" \/>\n<meta property=\"og:site_name\" content=\"Somos Vicencianos\" \/>\n<meta property=\"article:publisher\" content=\"https:\/\/www.facebook.com\/WeAreVincentians\/\" \/>\n<meta property=\"article:author\" content=\"https:\/\/www.facebook.com\/JavierChento\" \/>\n<meta property=\"article:published_time\" content=\"2011-03-28T08:17:12+00:00\" \/>\n<meta name=\"author\" content=\"Francisco Javier Fern\u00e1ndez Chento\" \/>\n<meta name=\"twitter:card\" content=\"summary_large_image\" \/>\n<meta name=\"twitter:creator\" content=\"@https:\/\/twitter.com\/javierchento\" \/>\n<meta name=\"twitter:site\" content=\"@WeVincentians\" \/>\n<meta name=\"twitter:label1\" content=\"Escrito por\" \/>\n\t<meta name=\"twitter:data1\" content=\"Francisco Javier Fern\u00e1ndez Chento\" \/>\n\t<meta name=\"twitter:label2\" content=\"Tiempo de lectura\" \/>\n\t<meta name=\"twitter:data2\" content=\"10 minutos\" \/>\n<script type=\"application\/ld+json\" class=\"yoast-schema-graph\">{\"@context\":\"https:\/\/schema.org\",\"@graph\":[{\"@type\":\"Article\",\"@id\":\"http:\/\/vincentians.com\/es\/dios-sigue-llamando-sor-maria\/#article\",\"isPartOf\":{\"@id\":\"http:\/\/vincentians.com\/es\/dios-sigue-llamando-sor-maria\/\"},\"author\":{\"name\":\"Francisco Javier Fern\u00e1ndez Chento\",\"@id\":\"http:\/\/vincentians.com\/es\/#\/schema\/person\/9623ef4d9aa3b2dfb8c061f1499288f2\"},\"headline\":\"Dios sigue llamando: Sor Mar\u00eda\",\"datePublished\":\"2011-03-28T08:17:12+00:00\",\"mainEntityOfPage\":{\"@id\":\"http:\/\/vincentians.com\/es\/dios-sigue-llamando-sor-maria\/\"},\"wordCount\":2062,\"commentCount\":0,\"publisher\":{\"@id\":\"http:\/\/vincentians.com\/es\/#organization\"},\"image\":{\"@id\":\"http:\/\/vincentians.com\/es\/dios-sigue-llamando-sor-maria\/#primaryimage\"},\"thumbnailUrl\":\"\",\"keywords\":[\"Misiones Populares\"],\"articleSection\":[\"Hijas de la Caridad\"],\"inLanguage\":\"es\",\"potentialAction\":[{\"@type\":\"CommentAction\",\"name\":\"Comment\",\"target\":[\"http:\/\/vincentians.com\/es\/dios-sigue-llamando-sor-maria\/#respond\"]}]},{\"@type\":\"WebPage\",\"@id\":\"http:\/\/vincentians.com\/es\/dios-sigue-llamando-sor-maria\/\",\"url\":\"http:\/\/vincentians.com\/es\/dios-sigue-llamando-sor-maria\/\",\"name\":\"Dios sigue llamando: Sor Mar\u00eda - Somos Vicencianos\",\"isPartOf\":{\"@id\":\"http:\/\/vincentians.com\/es\/#website\"},\"primaryImageOfPage\":{\"@id\":\"http:\/\/vincentians.com\/es\/dios-sigue-llamando-sor-maria\/#primaryimage\"},\"image\":{\"@id\":\"http:\/\/vincentians.com\/es\/dios-sigue-llamando-sor-maria\/#primaryimage\"},\"thumbnailUrl\":\"\",\"datePublished\":\"2011-03-28T08:17:12+00:00\",\"breadcrumb\":{\"@id\":\"http:\/\/vincentians.com\/es\/dios-sigue-llamando-sor-maria\/#breadcrumb\"},\"inLanguage\":\"es\",\"potentialAction\":[{\"@type\":\"ReadAction\",\"target\":[\"http:\/\/vincentians.com\/es\/dios-sigue-llamando-sor-maria\/\"]}]},{\"@type\":\"ImageObject\",\"inLanguage\":\"es\",\"@id\":\"http:\/\/vincentians.com\/es\/dios-sigue-llamando-sor-maria\/#primaryimage\",\"url\":\"\",\"contentUrl\":\"\"},{\"@type\":\"BreadcrumbList\",\"@id\":\"http:\/\/vincentians.com\/es\/dios-sigue-llamando-sor-maria\/#breadcrumb\",\"itemListElement\":[{\"@type\":\"ListItem\",\"position\":1,\"name\":\"Portada\",\"item\":\"http:\/\/vincentians.com\/es\/\"},{\"@type\":\"ListItem\",\"position\":2,\"name\":\"Dios sigue llamando: Sor Mar\u00eda\"}]},{\"@type\":\"WebSite\",\"@id\":\"http:\/\/vincentians.com\/es\/#website\",\"url\":\"http:\/\/vincentians.com\/es\/\",\"name\":\"Somos Vicencianos\",\"description\":\"Know more to serve more\",\"publisher\":{\"@id\":\"http:\/\/vincentians.com\/es\/#organization\"},\"potentialAction\":[{\"@type\":\"SearchAction\",\"target\":{\"@type\":\"EntryPoint\",\"urlTemplate\":\"http:\/\/vincentians.com\/es\/?s={search_term_string}\"},\"query-input\":{\"@type\":\"PropertyValueSpecification\",\"valueRequired\":true,\"valueName\":\"search_term_string\"}}],\"inLanguage\":\"es\"},{\"@type\":\"Organization\",\"@id\":\"http:\/\/vincentians.com\/es\/#organization\",\"name\":\"The Vincentian Network\",\"url\":\"http:\/\/vincentians.com\/es\/\",\"logo\":{\"@type\":\"ImageObject\",\"inLanguage\":\"es\",\"@id\":\"http:\/\/vincentians.com\/es\/#\/schema\/logo\/image\/\",\"url\":\"https:\/\/i1.wp.com\/vincentians.com\/es\/wp-content\/uploads\/sites\/11\/2016\/06\/Vincentian-Network-logo-big.png?fit=778%2C778\",\"contentUrl\":\"https:\/\/i1.wp.com\/vincentians.com\/es\/wp-content\/uploads\/sites\/11\/2016\/06\/Vincentian-Network-logo-big.png?fit=778%2C778\",\"width\":778,\"height\":778,\"caption\":\"The Vincentian Network\"},\"image\":{\"@id\":\"http:\/\/vincentians.com\/es\/#\/schema\/logo\/image\/\"},\"sameAs\":[\"https:\/\/www.facebook.com\/WeAreVincentians\/\",\"https:\/\/x.com\/WeVincentians\"]},{\"@type\":\"Person\",\"@id\":\"http:\/\/vincentians.com\/es\/#\/schema\/person\/9623ef4d9aa3b2dfb8c061f1499288f2\",\"name\":\"Francisco Javier Fern\u00e1ndez Chento\",\"image\":{\"@type\":\"ImageObject\",\"inLanguage\":\"es\",\"@id\":\"http:\/\/vincentians.com\/es\/#\/schema\/person\/image\/\",\"url\":\"https:\/\/secure.gravatar.com\/avatar\/497d5cde87b4c3d097d0315953521681ba2cd523ee66e5077c3711f7021e65de?s=96&d=mm&r=g\",\"contentUrl\":\"https:\/\/secure.gravatar.com\/avatar\/497d5cde87b4c3d097d0315953521681ba2cd523ee66e5077c3711f7021e65de?s=96&d=mm&r=g\",\"caption\":\"Francisco Javier Fern\u00e1ndez Chento\"},\"description\":\"Director General y cofundador de La Red de Formaci\u00f3n Vicenciana. Javier es laico vicenciano, afiliado a la Congregaci\u00f3n de la Misi\u00f3n y miembro del Equipo de Misiones Populares de la provincia can\u00f3nica de Zaragoza (Espa\u00f1a) de la Congregaci\u00f3n de la Misi\u00f3n. Graduado en la Universidad Oberta de Catalunya con cuatro grados (Asistente de direcci\u00f3n, Gesti\u00f3n Administrativa, Recursos Humanos y Contabilidad Avanzada). Bil\u00edng\u00fce Espa\u00f1ol\/Ingl\u00e9s. gestiona y mantiene varias p\u00e1ginas web cristianas y vicencianas, incluida including La Red de Formaci\u00f3n Vicenciana, de la que es cofundador. Actualmente es responsable del \u00e1rea de Espa\u00f1ol de .famvin, la Red de Noticias de la Familia Vicenciana. Tambi\u00e9n es m\u00fasico cat\u00f3lico y ha editado varios discos. Es Director General y cofundador de Trovador, una reconocida compa\u00f1\u00eda discogr\u00e1fica critiana de Espa\u00f1a. Trabaja en las Tecnolog\u00edas de la Informaci\u00f3n, ofreciendo servicios de alojamiento, dise\u00f1o y mantenimiento Web, as\u00ed como asesoramiento, formaci\u00f3n y soluciones inform\u00e1ticas, gesti\u00f3n documental y digitalizaci\u00f3n de textos, edici\u00f3n y maquetaci\u00f3n de libros, revistas, flyers, etc.\",\"sameAs\":[\"http:\/\/chento.org\",\"https:\/\/www.facebook.com\/JavierChento\",\"https:\/\/x.com\/https:\/\/twitter.com\/javierchento\"],\"url\":\"https:\/\/vincentians.com\/es\/author\/chento\/\"}]}<\/script>\n<!-- \/ Yoast SEO plugin. -->","yoast_head_json":{"title":"Dios sigue llamando: Sor Mar\u00eda - Somos Vicencianos","robots":{"index":"index","follow":"follow","max-snippet":"max-snippet:-1","max-image-preview":"max-image-preview:large","max-video-preview":"max-video-preview:-1"},"canonical":"http:\/\/vincentians.com\/es\/dios-sigue-llamando-sor-maria\/","og_locale":"es_ES","og_type":"article","og_title":"Dios sigue llamando: Sor Mar\u00eda - Somos Vicencianos","og_description":"Me causa curiosidad saber \u00bfde qu\u00e9 forma sentiste la llamada a tu vocaci\u00f3n? \u00bfEn qu\u00e9 momento de tu vida sentiste la llamada de Dios? \u00bfC\u00f3mo entendiste que te llamaba? Bueno, la llamada que el Se\u00f1or ... Read More","og_url":"http:\/\/vincentians.com\/es\/dios-sigue-llamando-sor-maria\/","og_site_name":"Somos Vicencianos","article_publisher":"https:\/\/www.facebook.com\/WeAreVincentians\/","article_author":"https:\/\/www.facebook.com\/JavierChento","article_published_time":"2011-03-28T08:17:12+00:00","author":"Francisco Javier Fern\u00e1ndez Chento","twitter_card":"summary_large_image","twitter_creator":"@https:\/\/twitter.com\/javierchento","twitter_site":"@WeVincentians","twitter_misc":{"Escrito por":"Francisco Javier Fern\u00e1ndez Chento","Tiempo de lectura":"10 minutos"},"schema":{"@context":"https:\/\/schema.org","@graph":[{"@type":"Article","@id":"http:\/\/vincentians.com\/es\/dios-sigue-llamando-sor-maria\/#article","isPartOf":{"@id":"http:\/\/vincentians.com\/es\/dios-sigue-llamando-sor-maria\/"},"author":{"name":"Francisco Javier Fern\u00e1ndez Chento","@id":"http:\/\/vincentians.com\/es\/#\/schema\/person\/9623ef4d9aa3b2dfb8c061f1499288f2"},"headline":"Dios sigue llamando: Sor Mar\u00eda","datePublished":"2011-03-28T08:17:12+00:00","mainEntityOfPage":{"@id":"http:\/\/vincentians.com\/es\/dios-sigue-llamando-sor-maria\/"},"wordCount":2062,"commentCount":0,"publisher":{"@id":"http:\/\/vincentians.com\/es\/#organization"},"image":{"@id":"http:\/\/vincentians.com\/es\/dios-sigue-llamando-sor-maria\/#primaryimage"},"thumbnailUrl":"","keywords":["Misiones Populares"],"articleSection":["Hijas de la Caridad"],"inLanguage":"es","potentialAction":[{"@type":"CommentAction","name":"Comment","target":["http:\/\/vincentians.com\/es\/dios-sigue-llamando-sor-maria\/#respond"]}]},{"@type":"WebPage","@id":"http:\/\/vincentians.com\/es\/dios-sigue-llamando-sor-maria\/","url":"http:\/\/vincentians.com\/es\/dios-sigue-llamando-sor-maria\/","name":"Dios sigue llamando: Sor Mar\u00eda - Somos Vicencianos","isPartOf":{"@id":"http:\/\/vincentians.com\/es\/#website"},"primaryImageOfPage":{"@id":"http:\/\/vincentians.com\/es\/dios-sigue-llamando-sor-maria\/#primaryimage"},"image":{"@id":"http:\/\/vincentians.com\/es\/dios-sigue-llamando-sor-maria\/#primaryimage"},"thumbnailUrl":"","datePublished":"2011-03-28T08:17:12+00:00","breadcrumb":{"@id":"http:\/\/vincentians.com\/es\/dios-sigue-llamando-sor-maria\/#breadcrumb"},"inLanguage":"es","potentialAction":[{"@type":"ReadAction","target":["http:\/\/vincentians.com\/es\/dios-sigue-llamando-sor-maria\/"]}]},{"@type":"ImageObject","inLanguage":"es","@id":"http:\/\/vincentians.com\/es\/dios-sigue-llamando-sor-maria\/#primaryimage","url":"","contentUrl":""},{"@type":"BreadcrumbList","@id":"http:\/\/vincentians.com\/es\/dios-sigue-llamando-sor-maria\/#breadcrumb","itemListElement":[{"@type":"ListItem","position":1,"name":"Portada","item":"http:\/\/vincentians.com\/es\/"},{"@type":"ListItem","position":2,"name":"Dios sigue llamando: Sor Mar\u00eda"}]},{"@type":"WebSite","@id":"http:\/\/vincentians.com\/es\/#website","url":"http:\/\/vincentians.com\/es\/","name":"Somos Vicencianos","description":"Know more to serve more","publisher":{"@id":"http:\/\/vincentians.com\/es\/#organization"},"potentialAction":[{"@type":"SearchAction","target":{"@type":"EntryPoint","urlTemplate":"http:\/\/vincentians.com\/es\/?s={search_term_string}"},"query-input":{"@type":"PropertyValueSpecification","valueRequired":true,"valueName":"search_term_string"}}],"inLanguage":"es"},{"@type":"Organization","@id":"http:\/\/vincentians.com\/es\/#organization","name":"The Vincentian Network","url":"http:\/\/vincentians.com\/es\/","logo":{"@type":"ImageObject","inLanguage":"es","@id":"http:\/\/vincentians.com\/es\/#\/schema\/logo\/image\/","url":"https:\/\/i1.wp.com\/vincentians.com\/es\/wp-content\/uploads\/sites\/11\/2016\/06\/Vincentian-Network-logo-big.png?fit=778%2C778","contentUrl":"https:\/\/i1.wp.com\/vincentians.com\/es\/wp-content\/uploads\/sites\/11\/2016\/06\/Vincentian-Network-logo-big.png?fit=778%2C778","width":778,"height":778,"caption":"The Vincentian Network"},"image":{"@id":"http:\/\/vincentians.com\/es\/#\/schema\/logo\/image\/"},"sameAs":["https:\/\/www.facebook.com\/WeAreVincentians\/","https:\/\/x.com\/WeVincentians"]},{"@type":"Person","@id":"http:\/\/vincentians.com\/es\/#\/schema\/person\/9623ef4d9aa3b2dfb8c061f1499288f2","name":"Francisco Javier Fern\u00e1ndez Chento","image":{"@type":"ImageObject","inLanguage":"es","@id":"http:\/\/vincentians.com\/es\/#\/schema\/person\/image\/","url":"https:\/\/secure.gravatar.com\/avatar\/497d5cde87b4c3d097d0315953521681ba2cd523ee66e5077c3711f7021e65de?s=96&d=mm&r=g","contentUrl":"https:\/\/secure.gravatar.com\/avatar\/497d5cde87b4c3d097d0315953521681ba2cd523ee66e5077c3711f7021e65de?s=96&d=mm&r=g","caption":"Francisco Javier Fern\u00e1ndez Chento"},"description":"Director General y cofundador de La Red de Formaci\u00f3n Vicenciana. Javier es laico vicenciano, afiliado a la Congregaci\u00f3n de la Misi\u00f3n y miembro del Equipo de Misiones Populares de la provincia can\u00f3nica de Zaragoza (Espa\u00f1a) de la Congregaci\u00f3n de la Misi\u00f3n. Graduado en la Universidad Oberta de Catalunya con cuatro grados (Asistente de direcci\u00f3n, Gesti\u00f3n Administrativa, Recursos Humanos y Contabilidad Avanzada). Bil\u00edng\u00fce Espa\u00f1ol\/Ingl\u00e9s. gestiona y mantiene varias p\u00e1ginas web cristianas y vicencianas, incluida including La Red de Formaci\u00f3n Vicenciana, de la que es cofundador. Actualmente es responsable del \u00e1rea de Espa\u00f1ol de .famvin, la Red de Noticias de la Familia Vicenciana. Tambi\u00e9n es m\u00fasico cat\u00f3lico y ha editado varios discos. Es Director General y cofundador de Trovador, una reconocida compa\u00f1\u00eda discogr\u00e1fica critiana de Espa\u00f1a. Trabaja en las Tecnolog\u00edas de la Informaci\u00f3n, ofreciendo servicios de alojamiento, dise\u00f1o y mantenimiento Web, as\u00ed como asesoramiento, formaci\u00f3n y soluciones inform\u00e1ticas, gesti\u00f3n documental y digitalizaci\u00f3n de textos, edici\u00f3n y maquetaci\u00f3n de libros, revistas, flyers, etc.","sameAs":["http:\/\/chento.org","https:\/\/www.facebook.com\/JavierChento","https:\/\/x.com\/https:\/\/twitter.com\/javierchento"],"url":"https:\/\/vincentians.com\/es\/author\/chento\/"}]}},"jetpack_publicize_connections":[],"jetpack_featured_media_url":"","jetpack_sharing_enabled":true,"jetpack_shortlink":"https:\/\/wp.me\/p7ETMF-8re","jetpack-related-posts":[{"id":114953,"url":"https:\/\/vincentians.com\/es\/como-rezar-el-rosario\/","url_meta":{"origin":32440,"position":0},"title":"C\u00f3mo rezar el Rosario","author":"Francisco Javier Fern\u00e1ndez Chento","date":"14\/02\/2019","format":false,"excerpt":"Modo de rezarlo Hacer el signo de la cruz y rezar el s\u00edmbolo de los ap\u00f3stoles o el acto de contrici\u00f3n. Rezar el Padrenuestro. Rezar 3 Avemar\u00edas y Gloria. Anunciar el primer misterio. Rezar el Padrenuestro. Rezar 10 Avemar\u00edas, Gloria y Jaculatoria. Anunciar el segundo misterio. Rezar el Padrenuestro. Rezar\u2026","rel":"","context":"En \u00abOraci\u00f3n\u00bb","block_context":{"text":"Oraci\u00f3n","link":"https:\/\/vincentians.com\/es\/category\/espiritualidad\/oracion\/"},"img":{"alt_text":"","src":"https:\/\/i0.wp.com\/vincentians.com\/es\/wp-content\/uploads\/sites\/11\/2016\/09\/ojos-jesucristo.jpg?fit=1200%2C630&ssl=1&resize=350%2C200","width":350,"height":200,"srcset":"https:\/\/i0.wp.com\/vincentians.com\/es\/wp-content\/uploads\/sites\/11\/2016\/09\/ojos-jesucristo.jpg?fit=1200%2C630&ssl=1&resize=350%2C200 1x, https:\/\/i0.wp.com\/vincentians.com\/es\/wp-content\/uploads\/sites\/11\/2016\/09\/ojos-jesucristo.jpg?fit=1200%2C630&ssl=1&resize=525%2C300 1.5x, https:\/\/i0.wp.com\/vincentians.com\/es\/wp-content\/uploads\/sites\/11\/2016\/09\/ojos-jesucristo.jpg?fit=1200%2C630&ssl=1&resize=700%2C400 2x, https:\/\/i0.wp.com\/vincentians.com\/es\/wp-content\/uploads\/sites\/11\/2016\/09\/ojos-jesucristo.jpg?fit=1200%2C630&ssl=1&resize=1050%2C600 3x"},"classes":[]},{"id":387760,"url":"https:\/\/vincentians.com\/es\/la-provincia-espanola-de-las-hijas-de-la-caridad-xl\/","url_meta":{"origin":32440,"position":1},"title":"La Provincia espa\u00f1ola de las Hijas de la Caridad (XL)","author":"Mitxel Olabu\u00e9naga","date":"19\/08\/2016","format":false,"excerpt":"La Junta Municipal de Beneficencia de Alicante trat\u00f3 de poner Hermanas al frente de aquel Establecimiento y, en 29 de octubre de 1839, Sor Mar\u00eda Pe\u00f1asco, escrib\u00eda desde Madrid haber ya llegado el momento deseado, \"por hallarse este Noviciado dispuesto a acceder a las ben\u00e9ficas miras de V.E. Pues puedo\u2026","rel":"","context":"En \u00abHistoria de las Hijas de la Caridad\u00bb","block_context":{"text":"Historia de las Hijas de la Caridad","link":"https:\/\/vincentians.com\/es\/category\/historia-de-la-familia-vicenciana\/historia-de-las-hijas-de-la-caridad\/"},"img":{"alt_text":"","src":"https:\/\/i0.wp.com\/vincentians.com\/es\/wp-content\/uploads\/sites\/11\/2016\/07\/hijas-caridad-espanya.jpg?fit=1200%2C630&ssl=1&resize=350%2C200","width":350,"height":200,"srcset":"https:\/\/i0.wp.com\/vincentians.com\/es\/wp-content\/uploads\/sites\/11\/2016\/07\/hijas-caridad-espanya.jpg?fit=1200%2C630&ssl=1&resize=350%2C200 1x, https:\/\/i0.wp.com\/vincentians.com\/es\/wp-content\/uploads\/sites\/11\/2016\/07\/hijas-caridad-espanya.jpg?fit=1200%2C630&ssl=1&resize=525%2C300 1.5x, https:\/\/i0.wp.com\/vincentians.com\/es\/wp-content\/uploads\/sites\/11\/2016\/07\/hijas-caridad-espanya.jpg?fit=1200%2C630&ssl=1&resize=700%2C400 2x, https:\/\/i0.wp.com\/vincentians.com\/es\/wp-content\/uploads\/sites\/11\/2016\/07\/hijas-caridad-espanya.jpg?fit=1200%2C630&ssl=1&resize=1050%2C600 3x"},"classes":[]},{"id":120076,"url":"https:\/\/vincentians.com\/es\/luisa-de-marillac-carta-0692-a-mi-querida-sor-carcireux\/","url_meta":{"origin":32440,"position":2},"title":"Luisa de Marillac, Carta 0692: A mi querida Sor Carcireux","author":"Francisco Javier Fern\u00e1ndez Chento","date":"19\/04\/2013","format":false,"excerpt":"de camino hacia Narbona 15 de septiembre de 1669 Mis muy queridas Hermanas: Habiendo sabido que pod\u00eda alcanzarlas y comunicarme con ustedes por el camino, no he querido dejar pasar esta ocasi\u00f3n de asegurarles a todas que el alejamiento del cuerpo no impide la presencia del esp\u00edritu entre las personas\u2026","rel":"","context":"En \u00abEscritos de Luisa de Marillac\u00bb","block_context":{"text":"Escritos de Luisa de Marillac","link":"https:\/\/vincentians.com\/es\/category\/escritos\/escritos-de-luisa-de-marillac\/"},"img":{"alt_text":"","src":"https:\/\/i0.wp.com\/vincentians.com\/es\/wp-content\/uploads\/sites\/11\/2016\/07\/escritos-luisa-de-marillac.jpg?fit=1200%2C630&ssl=1&resize=350%2C200","width":350,"height":200,"srcset":"https:\/\/i0.wp.com\/vincentians.com\/es\/wp-content\/uploads\/sites\/11\/2016\/07\/escritos-luisa-de-marillac.jpg?fit=1200%2C630&ssl=1&resize=350%2C200 1x, https:\/\/i0.wp.com\/vincentians.com\/es\/wp-content\/uploads\/sites\/11\/2016\/07\/escritos-luisa-de-marillac.jpg?fit=1200%2C630&ssl=1&resize=525%2C300 1.5x, https:\/\/i0.wp.com\/vincentians.com\/es\/wp-content\/uploads\/sites\/11\/2016\/07\/escritos-luisa-de-marillac.jpg?fit=1200%2C630&ssl=1&resize=700%2C400 2x, https:\/\/i0.wp.com\/vincentians.com\/es\/wp-content\/uploads\/sites\/11\/2016\/07\/escritos-luisa-de-marillac.jpg?fit=1200%2C630&ssl=1&resize=1050%2C600 3x"},"classes":[]},{"id":132137,"url":"https:\/\/vincentians.com\/es\/sor-mari-luz-ibarz-bazan\/","url_meta":{"origin":32440,"position":3},"title":"Sor Mari Luz Ibarz Baz\u00e1n","author":"Francisco Javier Fern\u00e1ndez Chento","date":"07\/12\/2014","format":false,"excerpt":"Ha muerto Sor Mari Luz Ibarz Baz\u00e1n, Hija de la Caridad, m\u00e1s conocida como Sor Tripi entre los presos que pueblan las c\u00e1rceles de Espa\u00f1a. Dec\u00edan que\u00a0sus palabras les pon\u00edan m\u00e1s euf\u00f3ricos que cualquier droga. Llevaba m\u00e1s de\u00a030 a\u00f1os dedic\u00e1ndose a la pastoral penitenciaria y no ten\u00eda\u00a0ninguna intenci\u00f3n de abandonar\u2026","rel":"","context":"En \u00abTestigos vicencianos\u00bb","block_context":{"text":"Testigos vicencianos","link":"https:\/\/vincentians.com\/es\/category\/la-familia-vicenciana\/testigos-vicencianos\/"},"img":{"alt_text":"la_hermana_mari_luz","src":"https:\/\/i0.wp.com\/vicencianos.org\/wp-content\/2014\/12\/la_hermana_mari_luz.jpg?resize=350%2C200","width":350,"height":200},"classes":[]},{"id":115706,"url":"https:\/\/vincentians.com\/es\/luisa-de-marillac-carta-0669-a-sor-maria-donion\/","url_meta":{"origin":32440,"position":4},"title":"Luisa de Marillac, Carta 0669: A Sor Mar\u00eda Donion","author":"Francisco Javier Fern\u00e1ndez Chento","date":"11\/12\/2012","format":false,"excerpt":"Hija de la Caridad Sierva de los Pobres Enfermos Brienne Hoy, 8 de enero de 1659 Mi querida Hermana: No dude de que pienso con frecuencia en usted, con pena por saber est\u00e1 sola, aunque tengo gran confianza en la direcci\u00f3n de Dios y de su Angel de la guarda,\u2026","rel":"","context":"En \u00abEscritos de Luisa de Marillac\u00bb","block_context":{"text":"Escritos de Luisa de Marillac","link":"https:\/\/vincentians.com\/es\/category\/escritos\/escritos-de-luisa-de-marillac\/"},"img":{"alt_text":"","src":"https:\/\/i0.wp.com\/vincentians.com\/es\/wp-content\/uploads\/sites\/11\/2016\/07\/escritos-luisa-de-marillac.jpg?fit=1200%2C630&ssl=1&resize=350%2C200","width":350,"height":200,"srcset":"https:\/\/i0.wp.com\/vincentians.com\/es\/wp-content\/uploads\/sites\/11\/2016\/07\/escritos-luisa-de-marillac.jpg?fit=1200%2C630&ssl=1&resize=350%2C200 1x, https:\/\/i0.wp.com\/vincentians.com\/es\/wp-content\/uploads\/sites\/11\/2016\/07\/escritos-luisa-de-marillac.jpg?fit=1200%2C630&ssl=1&resize=525%2C300 1.5x, https:\/\/i0.wp.com\/vincentians.com\/es\/wp-content\/uploads\/sites\/11\/2016\/07\/escritos-luisa-de-marillac.jpg?fit=1200%2C630&ssl=1&resize=700%2C400 2x, https:\/\/i0.wp.com\/vincentians.com\/es\/wp-content\/uploads\/sites\/11\/2016\/07\/escritos-luisa-de-marillac.jpg?fit=1200%2C630&ssl=1&resize=1050%2C600 3x"},"classes":[]},{"id":125859,"url":"https:\/\/vincentians.com\/es\/luisa-de-marillac-carta-0718-a-mi-querida-sor-lorenza-dubois\/","url_meta":{"origin":32440,"position":5},"title":"Luisa de Marillac, Carta 0718: A mi querida Sor Lorenza Dubois","author":"Francisco Javier Fern\u00e1ndez Chento","date":"27\/11\/2013","format":false,"excerpt":"Hija de la Caridad Sierva de los Pobres Enfermos Bernay Hoy, 12 de enero de 1660 Mi querida Hermana: Suplico a Nuestro Se\u00f1or sea su fortaleza y su consuelo si la ha separado ya de\u00a0nuestra querida Hermana, y si su voluntad se la ha dejado todav\u00eda le ruego a usted\u2026","rel":"","context":"En \u00abEscritos de Luisa de Marillac\u00bb","block_context":{"text":"Escritos de Luisa de Marillac","link":"https:\/\/vincentians.com\/es\/category\/escritos\/escritos-de-luisa-de-marillac\/"},"img":{"alt_text":"","src":"https:\/\/i0.wp.com\/vincentians.com\/es\/wp-content\/uploads\/sites\/11\/2016\/07\/escritos-luisa-de-marillac.jpg?fit=1200%2C630&ssl=1&resize=350%2C200","width":350,"height":200,"srcset":"https:\/\/i0.wp.com\/vincentians.com\/es\/wp-content\/uploads\/sites\/11\/2016\/07\/escritos-luisa-de-marillac.jpg?fit=1200%2C630&ssl=1&resize=350%2C200 1x, https:\/\/i0.wp.com\/vincentians.com\/es\/wp-content\/uploads\/sites\/11\/2016\/07\/escritos-luisa-de-marillac.jpg?fit=1200%2C630&ssl=1&resize=525%2C300 1.5x, https:\/\/i0.wp.com\/vincentians.com\/es\/wp-content\/uploads\/sites\/11\/2016\/07\/escritos-luisa-de-marillac.jpg?fit=1200%2C630&ssl=1&resize=700%2C400 2x, https:\/\/i0.wp.com\/vincentians.com\/es\/wp-content\/uploads\/sites\/11\/2016\/07\/escritos-luisa-de-marillac.jpg?fit=1200%2C630&ssl=1&resize=1050%2C600 3x"},"classes":[]}],"_links":{"self":[{"href":"https:\/\/vincentians.com\/es\/wp-json\/wp\/v2\/posts\/32440","targetHints":{"allow":["GET"]}}],"collection":[{"href":"https:\/\/vincentians.com\/es\/wp-json\/wp\/v2\/posts"}],"about":[{"href":"https:\/\/vincentians.com\/es\/wp-json\/wp\/v2\/types\/post"}],"author":[{"embeddable":true,"href":"https:\/\/vincentians.com\/es\/wp-json\/wp\/v2\/users\/4"}],"replies":[{"embeddable":true,"href":"https:\/\/vincentians.com\/es\/wp-json\/wp\/v2\/comments?post=32440"}],"version-history":[{"count":0,"href":"https:\/\/vincentians.com\/es\/wp-json\/wp\/v2\/posts\/32440\/revisions"}],"wp:featuredmedia":[{"embeddable":true,"href":"https:\/\/vincentians.com\/es\/wp-json\/"}],"wp:attachment":[{"href":"https:\/\/vincentians.com\/es\/wp-json\/wp\/v2\/media?parent=32440"}],"wp:term":[{"taxonomy":"category","embeddable":true,"href":"https:\/\/vincentians.com\/es\/wp-json\/wp\/v2\/categories?post=32440"},{"taxonomy":"post_tag","embeddable":true,"href":"https:\/\/vincentians.com\/es\/wp-json\/wp\/v2\/tags?post=32440"}],"curies":[{"name":"wp","href":"https:\/\/api.w.org\/{rel}","templated":true}]}}