{"id":32055,"date":"2016-09-03T11:50:22","date_gmt":"2016-09-03T09:50:22","guid":{"rendered":"http:\/\/somos.vicencianos.org\/?p=32055"},"modified":"2016-09-03T12:01:16","modified_gmt":"2016-09-03T10:01:16","slug":"san-vicente-de-paul-y-la-beata-teresa-de-calcuta-dos-santos-para-nuestros-dias","status":"publish","type":"post","link":"https:\/\/vincentians.com\/es\/san-vicente-de-paul-y-la-beata-teresa-de-calcuta-dos-santos-para-nuestros-dias\/","title":{"rendered":"San Vicente de Pa\u00fal y la beata Teresa de Calcuta: dos santos para nuestros d\u00edas"},"content":{"rendered":"<p>San Juan dice en el cap\u00edtulo 3, 16 de su Evangelio: \u00abTanto am\u00f3 Dios al mundo que le envi\u00f3 a su Hijo \u00fanico&#8230;\u00bb Y los Santos Padres comentan que Dios-Padre envi\u00f3 a Aquel a quien m\u00e1s amaba, como prueba irrefutable de su amor al mundo.<\/p>\n<p>Para San Vicente de Pa\u00fal y para la Beata Teresa de Calcuta, la prueba de nuestro amor a Dios y al mundo, dada la misi\u00f3n que Dios les encomend\u00f3, debe estar y manifestarse en el servicio amoroso y en el cuidado esmerado de los pobres, en los que siempre est\u00e1 presente Dios.<\/p>\n<p>San Vicente lo dice as\u00ed, en 1657: \u00abVosotras, Hijas de la Caridad, est\u00e1is destinadas a representar la bondad de Dios delante de los pobres enfermos&#8230; deb\u00e9is servirles con cordialidad y con gran dulzura, incluso a los m\u00e1s enfadosos y dif\u00edciles, sin olvidaros de decirles alguna buena palabra&#8230; y teniendo siempre presente que en ellos est\u00e1 Dios\u00bb<span id='easy-footnote-1-32055' class='easy-footnote-margin-adjust'><\/span><span class='easy-footnote'><a href='https:\/\/vincentians.com\/es\/san-vicente-de-paul-y-la-beata-teresa-de-calcuta-dos-santos-para-nuestros-dias\/#easy-footnote-bottom-1-32055' title='IX, 915, 916, 240'><sup>1<\/sup><\/a><\/span>.<\/p>\n<p>Teresa de Calcuta, al hacer -abril 12\/1953- junto con sus once primeras Hermanas, los votos de pobreza, castidad, obediencia y a\u00f1adiendo el cuarto voto de \u00abservir de todo coraz\u00f3n y gratuita\u00admente a los pobres m\u00e1s pobres<span id='easy-footnote-2-32055' class='easy-footnote-margin-adjust'><\/span><span class='easy-footnote'><a href='https:\/\/vincentians.com\/es\/san-vicente-de-paul-y-la-beata-teresa-de-calcuta-dos-santos-para-nuestros-dias\/#easy-footnote-bottom-2-32055' title='&lt;em&gt;to &lt;\/em&gt;&lt;em&gt;give whole-hearted&lt;\/em&gt; &lt;em&gt;and free service to the poorest of the poor&lt;\/em&gt;'><sup>2<\/sup><\/a><\/span>\u00ab, har\u00e1 que la luz del Esp\u00edritu ilumine una idea expresada siglos atr\u00e1s por nuestro Fundador; por eso recordemos su hermosa \u00abinvocaci\u00f3n\u00bb-1640- ante las pri\u00admeras hermanas, que Santa Luisa de Marillac nos ha transmitido con gran amor : \u00ab\u00a1Oh, Dios m\u00edo! Nos entregamos a Ti; conc\u00e9denos la gracia de vivir y morir en la perfecta observancia de una ver\u00addadera pobreza&#8230;. conc\u00e9denos tambi\u00e9n la gracia de vivir y morir castamente&#8230; y en una perfecta observancia de la obediencia. Nos entregamos a Ti, Dios m\u00edo, para honrar y servir toda nuestra vi\u00adda a nuestros se\u00f1ores los pobres, y te pedimos esta gracia por tu santo amor&#8217;<span id='easy-footnote-3-32055' class='easy-footnote-margin-adjust'><\/span><span class='easy-footnote'><a href='https:\/\/vincentians.com\/es\/san-vicente-de-paul-y-la-beata-teresa-de-calcuta-dos-santos-para-nuestros-dias\/#easy-footnote-bottom-3-32055' title='IX, 43'><sup>3<\/sup><\/a><\/span>\n<p>Sin necesidad de ser providencialistas y limit\u00e1ndonos a leer, estudiar y respetar los hechos que nos ha transmitido la Historia, vemos que Dios no s\u00f3lo ama al mundo, sino que se preocupa por \u00e9l, lo dirige e impulsa, respetando siempre la libertad con la que El ha dotado y enriquecido a todo ser humano.<\/p>\n<p>San Vicente, testigo privilegiado de esta realidad, dir\u00e1 a las Damas de la Caridad, en 1657: \u00abVuestra Compa\u00f1\u00eda es una obra de Dios&#8217;.&#8217;<span id='easy-footnote-4-32055' class='easy-footnote-margin-adjust'><\/span><span class='easy-footnote'><a href='https:\/\/vincentians.com\/es\/san-vicente-de-paul-y-la-beata-teresa-de-calcuta-dos-santos-para-nuestros-dias\/#easy-footnote-bottom-4-32055' title='X, 650'><sup>4<\/sup><\/a><\/span>\n<p>Con las Hijas de la Caridad se atrever\u00e1 a ser m\u00e1s categ\u00f3rico al decirles, en 1642:\u00bb\u00bfQui\u00e9n os ha hecho lo que sois m\u00e1s que Dios?&#8230; No me cansar\u00e9 nunca de decirlo. Nosotros jam\u00e1s hubi\u00e9\u00adsemos tenido esa idea&#8217;.&#8217;<span id='easy-footnote-5-32055' class='easy-footnote-margin-adjust'><\/span><span class='easy-footnote'><a href='https:\/\/vincentians.com\/es\/san-vicente-de-paul-y-la-beata-teresa-de-calcuta-dos-santos-para-nuestros-dias\/#easy-footnote-bottom-5-32055' title='IX, 70'><sup>5<\/sup><\/a><\/span>\n<p>Y en 1654, \u00abDice esta hermana &#8230;. que la Compa\u00f1\u00eda ha sido instituida por Dios. En efecto, es una regla de San Agust\u00edn que lo bueno que los hombres no han hecho viene de Dios. Pues bien, no hay ning\u00fan hombre en la tierra que pueda decir: \u00abyo he he\u00adcho esto\u00bb No lo puede decir la Se\u00f1orita, ni el Sr Portail, ni nin\u00adg\u00fan otro. No, hermanas m\u00edas, nadie puede decir: \u00absoy yo el que ha hecho esta obra!&#8217; \u00a1Salvador m\u00edo! Entonces has sido T\u00fa el que ha hecho esta gran obra de la que sacas tantos bienes. \u00a1Seas ben\u00addito por siempre!&#8217;.&#8217;<span id='easy-footnote-6-32055' class='easy-footnote-margin-adjust'><\/span><span class='easy-footnote'><a href='https:\/\/vincentians.com\/es\/san-vicente-de-paul-y-la-beata-teresa-de-calcuta-dos-santos-para-nuestros-dias\/#easy-footnote-bottom-6-32055' title='IX, 611,612'><sup>6<\/sup><\/a><\/span>\n<p>Teresa de Calcuta recordar\u00e1 siempre la presencia de Dios en su llamada personal o vocaci\u00f3n, y en la fundaci\u00f3n de las Misione\u00adras de la Caridad; he aqu\u00ed sus palabras: \u00abSucedi\u00f3 el 10 de sep\u00adtiembre de 1946, viajando en el tren que me llevaba a hacer los ejercicios espirituales anuales en Darjeeling, India. Mientras oraba, percib\u00ed con claridad la llamada del Se\u00f1or, que me indicaba que deb\u00eda dejar mi Congregaci\u00f3n de nuestra Se\u00f1ora de Loreto, para entregarme al servicio de los pobres m\u00e1s pobres, viviendo entre ellos. Fue una llamada de Dios, dentro de mi llamada como reli\u00adgiosa de Loreto\u00bb.<\/p>\n<p>\u00abPoco tiempo despu\u00e9s, al ver cierto d\u00eda que no quer\u00edan acep\u00adtar en el Campbell Hospital de Calcuta a una mujer muy enferma, abandonada en la calle, que yo llevaba en mis brazos, \u00fanicamente porque era pobre, cre\u00ed, en ese doloroso momento, que la voluntad de Dios era clara y firme: yo deb\u00eda realizar esa labor y pro\u00adcurar una muerte digna a los y las que yac\u00edan en las calles de Calcuta. La Providencia de Dios se val\u00eda de mi humilde persona para que los pobres m\u00e1s pobres experimentasen, antes de morir, una prueba palpable de su amor&#8217;.&#8217;<\/p>\n<p>\u00abEsta Providencia de Dios est\u00e1 siempre presente a trav\u00e9s de muchos detalles, a primera vista insignificantes, pero que para m\u00ed encierran una profunda lecci\u00f3n espiritual\u00bb<\/p>\n<p>\u00abCierto d\u00eda, una de las Hermanas vino a decirme: \u00abMadre, se han acabado todas las provisiones de arroz y, para ma\u00f1ana viernes y el s\u00e1bado\/no nos queda nada; por lo tanto, tendremos que decir a la gente que vuelvan a sus casas sin recibir la correspondiente ayuda&#8217;.&#8217;<\/p>\n<p>\u00abQued\u00e9 muy sorprendida al o\u00edr a la Hermana, pues nunca nos ha\u00adb\u00eda acaecido nada semejante. Llegado el viernes, ante nuestra sor\u00adpresa, 1legaron varios camiones del Ayuntamiento de Calcuta, car\u00adgados de pan, ya que, inesperadamente y sin previo aviso, hab\u00edan cerrado todas las escuelas de Calcuta.&#8217;<span id='easy-footnote-7-32055' class='easy-footnote-margin-adjust'><\/span><span class='easy-footnote'><a href='https:\/\/vincentians.com\/es\/san-vicente-de-paul-y-la-beata-teresa-de-calcuta-dos-santos-para-nuestros-dias\/#easy-footnote-bottom-7-32055' title='\u00abCristo en Calcuta&amp;#8217;.&amp;#8217; pp.207, 208. Jamaica Editions'><sup>7<\/sup><\/a><\/span>\n<p>San Vicente habr\u00eda completado as\u00ed todo lo anterior:<\/p>\n<p>\u00abHijas m\u00edas, la Providencia jam\u00e1s os faltar\u00e1&#8230; Dios ha pro\u00admetido que las personas que cuidan de los pobres no carecer\u00e1n nunca de nada&#8217;.&#8217;<span id='easy-footnote-8-32055' class='easy-footnote-margin-adjust'><\/span><span class='easy-footnote'><a href='https:\/\/vincentians.com\/es\/san-vicente-de-paul-y-la-beata-teresa-de-calcuta-dos-santos-para-nuestros-dias\/#easy-footnote-bottom-8-32055' title='IX, 3Q. A\u00f1o 1634'><sup>8<\/sup><\/a><\/span>\n<p>II.- Seis relatos tiene San Vicente acerca de Margarita Naseau, a quien califica, con admirable reiteraci\u00f3n, de \u00abla primera Hija de la Caridad&#8217;.&#8217; En estos seis relatos vemos de manera n\u00edtida la presen\u00adcia de la Divina Providencia, o sea, del amor de Dios hacia los pobres abandonados de aquella centuria, al igual que, en nuestros d\u00edas, lo hemos visto presente en la vida y obras de la beata Teresa de Calcuta.<\/p>\n<p>El 14 de junio de 1643, San Vicente, en una oraci\u00f3n, s\u00faplica, con el fin de que Dios conceda a la Compa\u00f1\u00eda de las Hijas de la Cari\u00addad fidelidad a su vocaci\u00f3n de \u00absirvientas de los pobres enfer\u00admos \u00ab, y recuerda a \u00ablas Hermanas que tu bondad, oh Dios, ha querido llevar ya a tu presencia.&#8217; Una de estas Hermanas era Margarita Na\u00adseau, a quien San Vicente no s\u00f3lo amaba, sino que admiraba, por ver en ella el prototipo de toda Hija de la Caridad. Adem\u00e1s, se dio en ella el caso singular de que \u00abno tuvo casi ning\u00fan maestro o ma\u00adestra m\u00e1s que Dios, quien le movi\u00f3, primeramente, a instruir a la juventud, y le concedi\u00f3 un despego tan grande de las cosas de la tierra, que daba todo cuanto ten\u00eda, aun a costa de carecer ella de lo necesario\u00bb;<span id='easy-footnote-9-32055' class='easy-footnote-margin-adjust'><\/span><span class='easy-footnote'><a href='https:\/\/vincentians.com\/es\/san-vicente-de-paul-y-la-beata-teresa-de-calcuta-dos-santos-para-nuestros-dias\/#easy-footnote-bottom-9-32055' title='&amp;#8216;IX , 89 '><sup>9<\/sup><\/a><\/span> \u00abFue la primera Hija de la Caridad, sierva de los pobres enfermos, en la ciudad de Par\u00eds, parroquia de San Sal\u00advador. La llamaron despu\u00e9s para la fundaci\u00f3n de la Caridad en la parroquia de San Nicol\u00e1s de Chardonet; all\u00ed se acost\u00f3 con una mu\u00adjer apestada, se contagi\u00f3 ella y la llevaron a San Luis, donde mu\u00adri\u00f3&#8217;.&#8217;<span id='easy-footnote-10-32055' class='easy-footnote-margin-adjust'><\/span><span class='easy-footnote'><a href='https:\/\/vincentians.com\/es\/san-vicente-de-paul-y-la-beata-teresa-de-calcuta-dos-santos-para-nuestros-dias\/#easy-footnote-bottom-10-32055' title='IX, 90, 542'><sup>10<\/sup><\/a><\/span>\n<p>Margarita Naseau no hizo los tres votos, de pobreza, castidad y obediencia. Tampoco, el cuarto voto, de \u00abservir a los pobres en-enfermos\u00bb; pero hab\u00eda llevado a la pr\u00e1ctica lo que San Vicente expresa el 5 de julio de 1640: \u00abLas Hijas de la Caridad, si son verdaderas Hijas de la Caridad, no dejan de estar en estado de per\u00adfecci\u00f3n&#8217;.&#8217;<span id='easy-footnote-11-32055' class='easy-footnote-margin-adjust'><\/span><span class='easy-footnote'><a href='https:\/\/vincentians.com\/es\/san-vicente-de-paul-y-la-beata-teresa-de-calcuta-dos-santos-para-nuestros-dias\/#easy-footnote-bottom-11-32055' title='IX, 33'><sup>11<\/sup><\/a><\/span> Y, en 1643: \u00abHijas m\u00edas: si sois fieles en la pr\u00e1ctica de esta forma de vivir, ser\u00edais buenas cristianas. No os dir\u00eda tanto si os dijere que ser\u00edais buenas religiosas&#8217;.&#8217;<span id='easy-footnote-12-32055' class='easy-footnote-margin-adjust'><\/span><span class='easy-footnote'><a href='https:\/\/vincentians.com\/es\/san-vicente-de-paul-y-la-beata-teresa-de-calcuta-dos-santos-para-nuestros-dias\/#easy-footnote-bottom-12-32055' title='IX, 132'><sup>12<\/sup><\/a><\/span>\n<p>\u00bfDe d\u00f3nde procede el alto concepto que ten\u00eda San Vicente de la misi\u00f3n-vocaci\u00f3n de las Hijas de la Caridad? De su necesaria identificaci\u00f3n con Cristo; con Cristo, \u00abPadre de los pobres\u00bb<span id='easy-footnote-13-32055' class='easy-footnote-margin-adjust'><\/span><span class='easy-footnote'><a href='https:\/\/vincentians.com\/es\/san-vicente-de-paul-y-la-beata-teresa-de-calcuta-dos-santos-para-nuestros-dias\/#easy-footnote-bottom-13-32055' title='X, 680'><sup>13<\/sup><\/a><\/span> y, por otra parte, uno de ellos, a la vez que su Evangelizador y Maestro. Nos dice el santo, en la conferencia del 5 de julio de 1640: \u00abPara ser verdaderas Hijas de la Caridad, hay que hacer lo hizo el Hijo de Dios en la tierra&#8230; trabaj\u00f3 continuamente por el pr\u00f3jimo, visitando y curando a los enfermos, instruyendo a los ignorantes para su salvaci\u00f3n&#8217;,&#8217;<span id='easy-footnote-14-32055' class='easy-footnote-margin-adjust'><\/span><span class='easy-footnote'><a href='https:\/\/vincentians.com\/es\/san-vicente-de-paul-y-la-beata-teresa-de-calcuta-dos-santos-para-nuestros-dias\/#easy-footnote-bottom-14-32055' title=' IX , 34 '><sup>14<\/sup><\/a><\/span> . . . y \u00bb viendo siempre en ellos a Dios&#8217;.&#8217;<span id='easy-footnote-15-32055' class='easy-footnote-margin-adjust'><\/span><span class='easy-footnote'><a href='https:\/\/vincentians.com\/es\/san-vicente-de-paul-y-la-beata-teresa-de-calcuta-dos-santos-para-nuestros-dias\/#easy-footnote-bottom-15-32055' title='IX, 747, 750, 751 '><sup>15<\/sup><\/a><\/span>\n<p>Si prescindimos de esta visi\u00f3n de Dios en nuestro servicio a los pobres, practicaremos la filantrop\u00eda, la solidaridad, la bene\u00adficencia, pero no la caridad, que San Vicente expone y que es la raz\u00f3n de ser de todas sus obras, y lo que explica toda su trayec\u00adtoria, tanto personal como hist\u00f3rica. Este es su pensar permanen\u00adte e irrevocable, manifestado, por ejemplo, en 1646: \u00abQueridas her\u00admanas: serv\u00eds a Jesucristo en la persona de los pobres, y esto es tan verdad como que estamos aqu\u00ed. Una hermana ir\u00e1 diez veces al d\u00eda a ver a los enfermos, y diez veces al d\u00eda encontrar\u00e1 en ellos a Dios&#8217;.&#8217;<span id='easy-footnote-16-32055' class='easy-footnote-margin-adjust'><\/span><span class='easy-footnote'><a href='https:\/\/vincentians.com\/es\/san-vicente-de-paul-y-la-beata-teresa-de-calcuta-dos-santos-para-nuestros-dias\/#easy-footnote-bottom-16-32055' title='IX, 240'><sup>16<\/sup><\/a><\/span>\n<p>Los \u00faltimos Papas ,en m\u00e1s de una ocasi\u00f3n, han advertido a las almas consagradas sobre el peligro de asumir \u00abactitudes secularizantes\u00bb en sus trabajos apost\u00f3licos y les han invitado a que piensen que \u00ablo importante no es lo que hacen, sino lo que son como personas consagradas a Dios&#8217;.&#8217;<\/p>\n<p>Madre Teresa, en la misma l\u00ednea que estos Papas, ha afirmado en repetidas ocasiones: \u00abNosotras, las Misioneras de la Caridad no somos enfermeras o trabajadoras sociales, nosotras somos reli\u00adgiosas. Todo lo que hacemos lo hacemos por Jes\u00fas. El es la expli\u00adcaci\u00f3n de nuestras vidas. Nuestra vocaci\u00f3n y toda vocaci\u00f3n reli\u00adgiosa debe estar basada, m\u00e1s a\u00fan, arraigada en Jesucristo. Nosotras, las Misioneras de la Caridad, por elecci\u00f3n libre y de todo coraz\u00f3n, nos entregamos a Dios, para servir gratuitamente a los pobres m\u00e1s pobres, pero dejando bien claro, lo repito, que quien est\u00e1 siempre en primer lugar es Jes\u00fas, casi oculto, pero muy real en el pobre maltrecho, desfigurado y, a veces, abandonado por todos, fami1iares incluidos!.\u00bb<span id='easy-footnote-17-32055' class='easy-footnote-margin-adjust'><\/span><span class='easy-footnote'><a href='https:\/\/vincentians.com\/es\/san-vicente-de-paul-y-la-beata-teresa-de-calcuta-dos-santos-para-nuestros-dias\/#easy-footnote-bottom-17-32055' title='\u00abCristo en Calcuta\u00bb pp. 31,32. Jamaica Editions'><sup>17<\/sup><\/a><\/span>\n<p>Hagamos, ahora, un peque\u00f1o par\u00e9ntesis, para preguntarnos con Madre Teresa, \u00ab\u00bfqui\u00e9n ha hecho o creado a los pobres? Ciertamente no ha sido Dios, han sido los hombres; l\u00f3gicamente, deber\u00e1n ser los hombres \u2013nosotros- los que les ayudemos, atendamos y socorramos; adem\u00e1s de hacer todo lo posible para que salgan de esa pobreza obligatoria y forzosa y, con frecuencia, ofensiva para quienes son im\u00e1genes de Dios&#8217;.&#8217;<span id='easy-footnote-18-32055' class='easy-footnote-margin-adjust'><\/span><span class='easy-footnote'><a href='https:\/\/vincentians.com\/es\/san-vicente-de-paul-y-la-beata-teresa-de-calcuta-dos-santos-para-nuestros-dias\/#easy-footnote-bottom-18-32055' title='o. c. p-210'><sup>18<\/sup><\/a><\/span>\n<p>Y, pregunt\u00e9monos de nuevo, \u00bfqui\u00e9nes son esos pobres, que con tanto amor cuidan las hijas de Madre Teresa? \u00abLos pobres m\u00e1s po\u00adbres, con independencia de castas, credos y nacionalidades son los hambrientos, los sedientos, los desnudos, los deshauciados, los igno\u00adrantes, los cautivos, los inv\u00e1lidos, los enfermos de lepra ,los al\u00adcoh\u00f3licos, los y las v\u00edctimas del sida, los indeseados&#8230; todos aque\u00adllos que son considerados una carga para la sociedad y que han perdido toda esperanza y fe en la vida\u00bb<span id='easy-footnote-19-32055' class='easy-footnote-margin-adjust'><\/span><span class='easy-footnote'><a href='https:\/\/vincentians.com\/es\/san-vicente-de-paul-y-la-beata-teresa-de-calcuta-dos-santos-para-nuestros-dias\/#easy-footnote-bottom-19-32055' title='International Association of Co-workers of Mother Teresa. Annual Report-1995'><sup>19<\/sup><\/a><\/span>\n<p>Teresa de Calcuta, al igual que siglos atr\u00e1s hiciera San Vi\u00adcente de Pa\u00fal, a\u00f1ade a la lista anterior: \u00abAquellos que han per\u00addido a Dios; para ellos Dios \u00abfue\u00bb, ya no \u00abes\u00bb. Igualmente, a los hambrientos de la Palabra de Dios as\u00ed como a los sedientos de paz, de la verdad, de justicia y de amor&#8217;.&#8217;<span id='easy-footnote-20-32055' class='easy-footnote-margin-adjust'><\/span><span class='easy-footnote'><a href='https:\/\/vincentians.com\/es\/san-vicente-de-paul-y-la-beata-teresa-de-calcuta-dos-santos-para-nuestros-dias\/#easy-footnote-bottom-20-32055' title=' o.c. p.210'><sup>20<\/sup><\/a><\/span>\n<p>Ampliando este punto tan importante, Madre Teresa ha dicho m\u00e1s de una vez: \u00abPeriodistas del primer mundo me han preguntado: existiendo en la India una pobreza tan grande, \u00bfc\u00f3mo env\u00eda a sus Misioneras a pa\u00edses no solamente menos necesitados materialmente, sino incluso pr\u00f3speros y opulentos? Mi respuesta ha sido y es siempre la misma\u00bb&#8217;: \u00abLa pobreza espiritual de muchos pa\u00edses pr\u00f3spe\u00adros es mucho peor que la pobreza material de la India. Ciertamen\u00adte, en este pa\u00eds falta con frecuencia el arroz; pero los que mueren por no tener alimento, creen en Dios, en la otra vida, en el m\u00e1s all\u00e1, y aman de veras a su Creador y Se\u00f1or. Por el contrario, en esos pa\u00ed\u00adses pr\u00f3speros no s\u00f3lo no se cree en Dios, sino que muchos de sus habitantes viven como si Dios no existiese y parece que est\u00e1n convencidos ser ellos capaces de gobernar sus vidas sin contar para nada con Aquel que les cre\u00f3 y que contin\u00faa am\u00e1ndoles a pesar de su olvido, ingratitud e ignorancia. Esta pobreza espiritual es mucho m\u00e1s perniciosa\/para todo ser humano, que la pobreza ma\u00adterial de la India o Etiop\u00eda y, de todos es conocido, mucho m\u00e1s dif\u00edcil de erradicar y eliminar. El Apostolado de las Misioneras <em>es la <\/em>Caridad en esos pa\u00edses se centra en demostrar, mediante nuestras vidas austeras y la ayuda, ante todo espiritual, a los sin amigos, sin familia, sin compa\u00f1\u00eda, que la abundancia de las cosas materiales nunca ha llenado el coraz\u00f3n humano con la au\u00adt\u00e9ntica y verdadera felicidad. Que hay otras formas de ser feli\u00adces, de sentirse realizados, de vivir llenos de alegr\u00eda y de optimismo, y esto tiene que ver mucho con Dios, nuestro Creador; con Je\u00adsucristo, nuestro Redentor; con la vida de oraci\u00f3n, etc, etc.<\/p>\n<p>Este es nuestro Apostolado en los pa\u00edses pr\u00f3speros y opulentos, y manifiesto humildemente, que est\u00e1 de acuerdo con lo que el Se\u00f1or hizo en sus tres a\u00f1os de ministerio apost\u00f3lico en Palestina\u00bb.<span id='easy-footnote-21-32055' class='easy-footnote-margin-adjust'><\/span><span class='easy-footnote'><a href='https:\/\/vincentians.com\/es\/san-vicente-de-paul-y-la-beata-teresa-de-calcuta-dos-santos-para-nuestros-dias\/#easy-footnote-bottom-21-32055' title='\u00abMother Teresa&amp;#8217;s Spirituality and Influence in the World&amp;#8217;.&amp;#8217; PP.103, 104 Bombay'><sup>21<\/sup><\/a><\/span>\n<p>San Vicente de Pa\u00fal, en un contexto social, cultural e hist\u00f3\u00adrico muy distinto del nuestro, participaba de las mismas ideas e inquietudes que Teresa de Calcuta, con relaci\u00f3n a la pobreza espi\u00adritual, no tanto de los ricos, aunque tambi\u00e9n, sino de los pobres, para cuyo servicio hab\u00eda fundado la Compa\u00f1\u00eda de las Hijas de la Caridad. Sus palabras son hoy en d\u00eda necesarias, para contrastar la tendencia que se da, a veces, en algunos sacerdotes y religiosos de limitar su servicio a los necesitados, en el campo estric\u00adtamente material, humano o social.<\/p>\n<p>He aqu\u00ed el pensamiento de nuestro Fundador en tema tan decisivo: \u00abMis queridas hermanas: Es muy importante asistir a los pobres corporalmente; pero la verdad es que no ha sido nunca \u00e9se el plan de Nuestro Se\u00f1or al hacer vuestra Compa\u00f1\u00eda: cuidar sola\u00admente de los cuerpos; porque no faltar\u00e1n personas para ello. La intenci\u00f3n de Nuestro Se\u00f1or es que asist\u00e1is a las almas de los pobres enfermos, por eso ten\u00e9is que reflexionar dentro de voso\u00adtras mismas: \u00ab\u00bfC\u00f3mo me porto yo en mi parroquia? \u00bfC\u00f3mo sirvo a los enfermos? \u00bfLo hago s\u00f3lo corporalmente, o de las dos maneras al mismo tiempo? Porque si no tengo otra intenci\u00f3n m\u00e1s que la de asis\u00adtir al cuerpo, \u00a1ay! eso es poco; no hay nadie, cualquiera que sea que no haga otro tanto&#8217;.&#8217; &#8216;Un turco, un id\u00f3latra, puede asistir al cuerpo. Por eso Nuestro Se\u00f1or no ten\u00eda ning\u00fan motivo para instituir una Compa\u00f1\u00eda solamente con esa finalidad, ya que la naturaleza obli\u00adga suficientemente a ello. Pero no pasa lo mismo con el alma. No todos pueden ayudarles en eso, y Dios os ha escogido principalmen\u00adte para que les deis las instrucciones necesarias para su salva\u00adci\u00f3n. Pensad en vosotras mismas y decid: \u00ab\u00bfHe hecho yo acaso algo m\u00e1s que atender a los cuerpos durante todo el servicio que he he\u00adcho a los pobres? Si hasta ahora no he atendido m\u00e1s que a proporcionarles el alimento, las medicinas y las otras cosas que se re\u00adfieren al cuerpo, no he cumplido con mi obligaci\u00f3n. \u00a1Perd\u00f3n, Se\u00f1or m\u00edo, por mi conducta pasada!&#8217;.&#8217;<span id='easy-footnote-22-32055' class='easy-footnote-margin-adjust'><\/span><span class='easy-footnote'><a href='https:\/\/vincentians.com\/es\/san-vicente-de-paul-y-la-beata-teresa-de-calcuta-dos-santos-para-nuestros-dias\/#easy-footnote-bottom-22-32055' title='IX, 917'><sup>22<\/sup><\/a><\/span>\n<p>Juan Pablo II completa las palabras de San Vicente con el si\u00adguiente texto, que cierra este trabajo: \u00abLa Iglesia, al promover la vida consagrada, no s\u00f3lo quiere realizar su renovaci\u00f3n interna, sino que tambi\u00e9n preste un servicio a la humanidad. El servicio m\u00e1s espec\u00edfico que se pide hoy a los consagrados es el de aliviar <strong>la mayor pobreza de<\/strong> <strong>nuestro tiempo<\/strong>: a causa del rechazo de Dios, muchas veces silencioso, pero desgraciadamente de\u00adfinitivo, no pocos han perdido el sentido de la vida y en ellos se ha instalado un ate\u00edsmo pr\u00e1ctico y existencial. No combaten a Dios, pero prescinden de \u00c9l. No atacan a la Iglesia, pero \u00e9sta se ha convertido para ellos en hecho meramente cultural-hist\u00f3rico, no del presente, sino del pasado. Los consagrados deber\u00e1n con sus obras, con su vida, con sus palabras, manifestar la felicidad exis\u00adtente en experimentar el amor de Dios y la belleza 1iberadora, fru\u00adto de este amor, que se transforma en un servicio total y desinte\u00adresado al pr\u00f3jimo , en quien vive , tambi\u00e9n , este Dios de amor&#8217;.&#8217;<span id='easy-footnote-23-32055' class='easy-footnote-margin-adjust'><\/span><span class='easy-footnote'><a href='https:\/\/vincentians.com\/es\/san-vicente-de-paul-y-la-beata-teresa-de-calcuta-dos-santos-para-nuestros-dias\/#easy-footnote-bottom-23-32055' title='\u00abEn\u00adse\u00f1anzas al Pueblo de Dios de Juan Pablo &lt;em&gt;II\u00bb&lt;\/em&gt; p.117. Jamaica Editions.'><sup>23<\/sup><\/a><\/span>\n","protected":false},"excerpt":{"rendered":"<p>San Juan dice en el cap\u00edtulo 3, 16 de su Evangelio: \u00abTanto am\u00f3 Dios al mundo que le envi\u00f3 a su Hijo \u00fanico&#8230;\u00bb Y los Santos Padres comentan que Dios-Padre envi\u00f3 a Aquel a quien &#8230; <a href=\"https:\/\/vincentians.com\/es\/san-vicente-de-paul-y-la-beata-teresa-de-calcuta-dos-santos-para-nuestros-dias\/\" class=\"more-link\">Read More<\/a><\/p>\n","protected":false},"author":4,"featured_media":399814,"comment_status":"open","ping_status":"open","sticky":false,"template":"","format":"standard","meta":{"jetpack_post_was_ever_published":false,"_jetpack_newsletter_access":"","_jetpack_dont_email_post_to_subs":false,"_jetpack_newsletter_tier_id":0,"_jetpack_memberships_contains_paywalled_content":false,"_jetpack_memberships_contains_paid_content":false,"footnotes":"","jetpack_publicize_message":"","jetpack_publicize_feature_enabled":true,"jetpack_social_post_already_shared":true,"jetpack_social_options":{"image_generator_settings":{"template":"highway","default_image_id":0,"font":"","enabled":false},"version":2}},"categories":[28],"tags":[127],"class_list":["post-32055","post","type-post","status-publish","format-standard","has-post-thumbnail","hentry","category-formacion-vicenciana","tag-portail"],"yoast_head":"<!-- This site is optimized with the Yoast SEO plugin v26.3 - https:\/\/yoast.com\/wordpress\/plugins\/seo\/ -->\n<title>San Vicente de Pa\u00fal y la beata Teresa de Calcuta: dos santos para nuestros d\u00edas - Somos Vicencianos<\/title>\n<meta name=\"robots\" content=\"index, follow, max-snippet:-1, max-image-preview:large, max-video-preview:-1\" \/>\n<link rel=\"canonical\" href=\"http:\/\/vincentians.com\/es\/san-vicente-de-paul-y-la-beata-teresa-de-calcuta-dos-santos-para-nuestros-dias\/\" \/>\n<meta property=\"og:locale\" content=\"es_ES\" \/>\n<meta property=\"og:type\" content=\"article\" \/>\n<meta property=\"og:title\" content=\"San Vicente de Pa\u00fal y la beata Teresa de Calcuta: dos santos para nuestros d\u00edas - Somos Vicencianos\" \/>\n<meta property=\"og:description\" content=\"San Juan dice en el cap\u00edtulo 3, 16 de su Evangelio: \u00abTanto am\u00f3 Dios al mundo que le envi\u00f3 a su Hijo \u00fanico&#8230;\u00bb Y los Santos Padres comentan que Dios-Padre envi\u00f3 a Aquel a quien ... Read More\" \/>\n<meta property=\"og:url\" content=\"http:\/\/vincentians.com\/es\/san-vicente-de-paul-y-la-beata-teresa-de-calcuta-dos-santos-para-nuestros-dias\/\" \/>\n<meta property=\"og:site_name\" content=\"Somos Vicencianos\" \/>\n<meta property=\"article:publisher\" content=\"https:\/\/www.facebook.com\/WeAreVincentians\/\" \/>\n<meta property=\"article:author\" content=\"https:\/\/www.facebook.com\/JavierChento\" \/>\n<meta property=\"article:published_time\" content=\"2016-09-03T09:50:22+00:00\" \/>\n<meta property=\"article:modified_time\" content=\"2016-09-03T10:01:16+00:00\" \/>\n<meta property=\"og:image\" content=\"https:\/\/i0.wp.com\/vincentians.com\/es\/wp-content\/uploads\/sites\/11\/2012\/06\/Saint-Vincent-de-Paul-and-Blessed-Mother-Teresa-of-Calcutta.jpg?fit=846%2C444\" \/>\n\t<meta property=\"og:image:width\" content=\"846\" \/>\n\t<meta property=\"og:image:height\" content=\"444\" \/>\n\t<meta property=\"og:image:type\" content=\"image\/jpeg\" \/>\n<meta name=\"author\" content=\"Francisco Javier Fern\u00e1ndez Chento\" \/>\n<meta name=\"twitter:card\" content=\"summary_large_image\" \/>\n<meta name=\"twitter:creator\" content=\"@https:\/\/twitter.com\/javierchento\" \/>\n<meta name=\"twitter:site\" content=\"@WeVincentians\" \/>\n<meta name=\"twitter:label1\" content=\"Escrito por\" \/>\n\t<meta name=\"twitter:data1\" content=\"Francisco Javier Fern\u00e1ndez Chento\" \/>\n\t<meta name=\"twitter:label2\" content=\"Tiempo de lectura\" \/>\n\t<meta name=\"twitter:data2\" content=\"15 minutos\" \/>\n<script type=\"application\/ld+json\" class=\"yoast-schema-graph\">{\"@context\":\"https:\/\/schema.org\",\"@graph\":[{\"@type\":\"Article\",\"@id\":\"http:\/\/vincentians.com\/es\/san-vicente-de-paul-y-la-beata-teresa-de-calcuta-dos-santos-para-nuestros-dias\/#article\",\"isPartOf\":{\"@id\":\"http:\/\/vincentians.com\/es\/san-vicente-de-paul-y-la-beata-teresa-de-calcuta-dos-santos-para-nuestros-dias\/\"},\"author\":{\"name\":\"Francisco Javier Fern\u00e1ndez Chento\",\"@id\":\"http:\/\/vincentians.com\/es\/#\/schema\/person\/9623ef4d9aa3b2dfb8c061f1499288f2\"},\"headline\":\"San Vicente de Pa\u00fal y la beata Teresa de Calcuta: dos santos para nuestros d\u00edas\",\"datePublished\":\"2016-09-03T09:50:22+00:00\",\"dateModified\":\"2016-09-03T10:01:16+00:00\",\"mainEntityOfPage\":{\"@id\":\"http:\/\/vincentians.com\/es\/san-vicente-de-paul-y-la-beata-teresa-de-calcuta-dos-santos-para-nuestros-dias\/\"},\"wordCount\":3038,\"commentCount\":0,\"publisher\":{\"@id\":\"http:\/\/vincentians.com\/es\/#organization\"},\"image\":{\"@id\":\"http:\/\/vincentians.com\/es\/san-vicente-de-paul-y-la-beata-teresa-de-calcuta-dos-santos-para-nuestros-dias\/#primaryimage\"},\"thumbnailUrl\":\"https:\/\/i0.wp.com\/vincentians.com\/es\/wp-content\/uploads\/sites\/11\/2012\/06\/Saint-Vincent-de-Paul-and-Blessed-Mother-Teresa-of-Calcutta.jpg?fit=846%2C444&ssl=1\",\"keywords\":[\"Portail\"],\"articleSection\":[\"Formaci\u00f3n Vicenciana\"],\"inLanguage\":\"es\",\"potentialAction\":[{\"@type\":\"CommentAction\",\"name\":\"Comment\",\"target\":[\"http:\/\/vincentians.com\/es\/san-vicente-de-paul-y-la-beata-teresa-de-calcuta-dos-santos-para-nuestros-dias\/#respond\"]}]},{\"@type\":\"WebPage\",\"@id\":\"http:\/\/vincentians.com\/es\/san-vicente-de-paul-y-la-beata-teresa-de-calcuta-dos-santos-para-nuestros-dias\/\",\"url\":\"http:\/\/vincentians.com\/es\/san-vicente-de-paul-y-la-beata-teresa-de-calcuta-dos-santos-para-nuestros-dias\/\",\"name\":\"San Vicente de Pa\u00fal y la beata Teresa de Calcuta: dos santos para nuestros d\u00edas - Somos Vicencianos\",\"isPartOf\":{\"@id\":\"http:\/\/vincentians.com\/es\/#website\"},\"primaryImageOfPage\":{\"@id\":\"http:\/\/vincentians.com\/es\/san-vicente-de-paul-y-la-beata-teresa-de-calcuta-dos-santos-para-nuestros-dias\/#primaryimage\"},\"image\":{\"@id\":\"http:\/\/vincentians.com\/es\/san-vicente-de-paul-y-la-beata-teresa-de-calcuta-dos-santos-para-nuestros-dias\/#primaryimage\"},\"thumbnailUrl\":\"https:\/\/i0.wp.com\/vincentians.com\/es\/wp-content\/uploads\/sites\/11\/2012\/06\/Saint-Vincent-de-Paul-and-Blessed-Mother-Teresa-of-Calcutta.jpg?fit=846%2C444&ssl=1\",\"datePublished\":\"2016-09-03T09:50:22+00:00\",\"dateModified\":\"2016-09-03T10:01:16+00:00\",\"breadcrumb\":{\"@id\":\"http:\/\/vincentians.com\/es\/san-vicente-de-paul-y-la-beata-teresa-de-calcuta-dos-santos-para-nuestros-dias\/#breadcrumb\"},\"inLanguage\":\"es\",\"potentialAction\":[{\"@type\":\"ReadAction\",\"target\":[\"http:\/\/vincentians.com\/es\/san-vicente-de-paul-y-la-beata-teresa-de-calcuta-dos-santos-para-nuestros-dias\/\"]}]},{\"@type\":\"ImageObject\",\"inLanguage\":\"es\",\"@id\":\"http:\/\/vincentians.com\/es\/san-vicente-de-paul-y-la-beata-teresa-de-calcuta-dos-santos-para-nuestros-dias\/#primaryimage\",\"url\":\"https:\/\/i0.wp.com\/vincentians.com\/es\/wp-content\/uploads\/sites\/11\/2012\/06\/Saint-Vincent-de-Paul-and-Blessed-Mother-Teresa-of-Calcutta.jpg?fit=846%2C444&ssl=1\",\"contentUrl\":\"https:\/\/i0.wp.com\/vincentians.com\/es\/wp-content\/uploads\/sites\/11\/2012\/06\/Saint-Vincent-de-Paul-and-Blessed-Mother-Teresa-of-Calcutta.jpg?fit=846%2C444&ssl=1\",\"width\":846,\"height\":444},{\"@type\":\"BreadcrumbList\",\"@id\":\"http:\/\/vincentians.com\/es\/san-vicente-de-paul-y-la-beata-teresa-de-calcuta-dos-santos-para-nuestros-dias\/#breadcrumb\",\"itemListElement\":[{\"@type\":\"ListItem\",\"position\":1,\"name\":\"Portada\",\"item\":\"http:\/\/vincentians.com\/es\/\"},{\"@type\":\"ListItem\",\"position\":2,\"name\":\"San Vicente de Pa\u00fal y la beata Teresa de Calcuta: dos santos para nuestros d\u00edas\"}]},{\"@type\":\"WebSite\",\"@id\":\"http:\/\/vincentians.com\/es\/#website\",\"url\":\"http:\/\/vincentians.com\/es\/\",\"name\":\"Somos Vicencianos\",\"description\":\"Know more to serve more\",\"publisher\":{\"@id\":\"http:\/\/vincentians.com\/es\/#organization\"},\"potentialAction\":[{\"@type\":\"SearchAction\",\"target\":{\"@type\":\"EntryPoint\",\"urlTemplate\":\"http:\/\/vincentians.com\/es\/?s={search_term_string}\"},\"query-input\":{\"@type\":\"PropertyValueSpecification\",\"valueRequired\":true,\"valueName\":\"search_term_string\"}}],\"inLanguage\":\"es\"},{\"@type\":\"Organization\",\"@id\":\"http:\/\/vincentians.com\/es\/#organization\",\"name\":\"The Vincentian Network\",\"url\":\"http:\/\/vincentians.com\/es\/\",\"logo\":{\"@type\":\"ImageObject\",\"inLanguage\":\"es\",\"@id\":\"http:\/\/vincentians.com\/es\/#\/schema\/logo\/image\/\",\"url\":\"https:\/\/i1.wp.com\/vincentians.com\/es\/wp-content\/uploads\/sites\/11\/2016\/06\/Vincentian-Network-logo-big.png?fit=778%2C778\",\"contentUrl\":\"https:\/\/i1.wp.com\/vincentians.com\/es\/wp-content\/uploads\/sites\/11\/2016\/06\/Vincentian-Network-logo-big.png?fit=778%2C778\",\"width\":778,\"height\":778,\"caption\":\"The Vincentian Network\"},\"image\":{\"@id\":\"http:\/\/vincentians.com\/es\/#\/schema\/logo\/image\/\"},\"sameAs\":[\"https:\/\/www.facebook.com\/WeAreVincentians\/\",\"https:\/\/x.com\/WeVincentians\"]},{\"@type\":\"Person\",\"@id\":\"http:\/\/vincentians.com\/es\/#\/schema\/person\/9623ef4d9aa3b2dfb8c061f1499288f2\",\"name\":\"Francisco Javier Fern\u00e1ndez Chento\",\"image\":{\"@type\":\"ImageObject\",\"inLanguage\":\"es\",\"@id\":\"http:\/\/vincentians.com\/es\/#\/schema\/person\/image\/\",\"url\":\"https:\/\/secure.gravatar.com\/avatar\/497d5cde87b4c3d097d0315953521681ba2cd523ee66e5077c3711f7021e65de?s=96&d=mm&r=g\",\"contentUrl\":\"https:\/\/secure.gravatar.com\/avatar\/497d5cde87b4c3d097d0315953521681ba2cd523ee66e5077c3711f7021e65de?s=96&d=mm&r=g\",\"caption\":\"Francisco Javier Fern\u00e1ndez Chento\"},\"description\":\"Director General y cofundador de La Red de Formaci\u00f3n Vicenciana. Javier es laico vicenciano, afiliado a la Congregaci\u00f3n de la Misi\u00f3n y miembro del Equipo de Misiones Populares de la provincia can\u00f3nica de Zaragoza (Espa\u00f1a) de la Congregaci\u00f3n de la Misi\u00f3n. Graduado en la Universidad Oberta de Catalunya con cuatro grados (Asistente de direcci\u00f3n, Gesti\u00f3n Administrativa, Recursos Humanos y Contabilidad Avanzada). Bil\u00edng\u00fce Espa\u00f1ol\/Ingl\u00e9s. gestiona y mantiene varias p\u00e1ginas web cristianas y vicencianas, incluida including La Red de Formaci\u00f3n Vicenciana, de la que es cofundador. Actualmente es responsable del \u00e1rea de Espa\u00f1ol de .famvin, la Red de Noticias de la Familia Vicenciana. Tambi\u00e9n es m\u00fasico cat\u00f3lico y ha editado varios discos. Es Director General y cofundador de Trovador, una reconocida compa\u00f1\u00eda discogr\u00e1fica critiana de Espa\u00f1a. Trabaja en las Tecnolog\u00edas de la Informaci\u00f3n, ofreciendo servicios de alojamiento, dise\u00f1o y mantenimiento Web, as\u00ed como asesoramiento, formaci\u00f3n y soluciones inform\u00e1ticas, gesti\u00f3n documental y digitalizaci\u00f3n de textos, edici\u00f3n y maquetaci\u00f3n de libros, revistas, flyers, etc.\",\"sameAs\":[\"http:\/\/chento.org\",\"https:\/\/www.facebook.com\/JavierChento\",\"https:\/\/x.com\/https:\/\/twitter.com\/javierchento\"],\"url\":\"https:\/\/vincentians.com\/es\/author\/chento\/\"}]}<\/script>\n<!-- \/ Yoast SEO plugin. -->","yoast_head_json":{"title":"San Vicente de Pa\u00fal y la beata Teresa de Calcuta: dos santos para nuestros d\u00edas - Somos Vicencianos","robots":{"index":"index","follow":"follow","max-snippet":"max-snippet:-1","max-image-preview":"max-image-preview:large","max-video-preview":"max-video-preview:-1"},"canonical":"http:\/\/vincentians.com\/es\/san-vicente-de-paul-y-la-beata-teresa-de-calcuta-dos-santos-para-nuestros-dias\/","og_locale":"es_ES","og_type":"article","og_title":"San Vicente de Pa\u00fal y la beata Teresa de Calcuta: dos santos para nuestros d\u00edas - Somos Vicencianos","og_description":"San Juan dice en el cap\u00edtulo 3, 16 de su Evangelio: \u00abTanto am\u00f3 Dios al mundo que le envi\u00f3 a su Hijo \u00fanico&#8230;\u00bb Y los Santos Padres comentan que Dios-Padre envi\u00f3 a Aquel a quien ... Read More","og_url":"http:\/\/vincentians.com\/es\/san-vicente-de-paul-y-la-beata-teresa-de-calcuta-dos-santos-para-nuestros-dias\/","og_site_name":"Somos Vicencianos","article_publisher":"https:\/\/www.facebook.com\/WeAreVincentians\/","article_author":"https:\/\/www.facebook.com\/JavierChento","article_published_time":"2016-09-03T09:50:22+00:00","article_modified_time":"2016-09-03T10:01:16+00:00","og_image":[{"width":846,"height":444,"url":"https:\/\/i0.wp.com\/vincentians.com\/es\/wp-content\/uploads\/sites\/11\/2012\/06\/Saint-Vincent-de-Paul-and-Blessed-Mother-Teresa-of-Calcutta.jpg?fit=846%2C444","type":"image\/jpeg"}],"author":"Francisco Javier Fern\u00e1ndez Chento","twitter_card":"summary_large_image","twitter_creator":"@https:\/\/twitter.com\/javierchento","twitter_site":"@WeVincentians","twitter_misc":{"Escrito por":"Francisco Javier Fern\u00e1ndez Chento","Tiempo de lectura":"15 minutos"},"schema":{"@context":"https:\/\/schema.org","@graph":[{"@type":"Article","@id":"http:\/\/vincentians.com\/es\/san-vicente-de-paul-y-la-beata-teresa-de-calcuta-dos-santos-para-nuestros-dias\/#article","isPartOf":{"@id":"http:\/\/vincentians.com\/es\/san-vicente-de-paul-y-la-beata-teresa-de-calcuta-dos-santos-para-nuestros-dias\/"},"author":{"name":"Francisco Javier Fern\u00e1ndez Chento","@id":"http:\/\/vincentians.com\/es\/#\/schema\/person\/9623ef4d9aa3b2dfb8c061f1499288f2"},"headline":"San Vicente de Pa\u00fal y la beata Teresa de Calcuta: dos santos para nuestros d\u00edas","datePublished":"2016-09-03T09:50:22+00:00","dateModified":"2016-09-03T10:01:16+00:00","mainEntityOfPage":{"@id":"http:\/\/vincentians.com\/es\/san-vicente-de-paul-y-la-beata-teresa-de-calcuta-dos-santos-para-nuestros-dias\/"},"wordCount":3038,"commentCount":0,"publisher":{"@id":"http:\/\/vincentians.com\/es\/#organization"},"image":{"@id":"http:\/\/vincentians.com\/es\/san-vicente-de-paul-y-la-beata-teresa-de-calcuta-dos-santos-para-nuestros-dias\/#primaryimage"},"thumbnailUrl":"https:\/\/i0.wp.com\/vincentians.com\/es\/wp-content\/uploads\/sites\/11\/2012\/06\/Saint-Vincent-de-Paul-and-Blessed-Mother-Teresa-of-Calcutta.jpg?fit=846%2C444&ssl=1","keywords":["Portail"],"articleSection":["Formaci\u00f3n Vicenciana"],"inLanguage":"es","potentialAction":[{"@type":"CommentAction","name":"Comment","target":["http:\/\/vincentians.com\/es\/san-vicente-de-paul-y-la-beata-teresa-de-calcuta-dos-santos-para-nuestros-dias\/#respond"]}]},{"@type":"WebPage","@id":"http:\/\/vincentians.com\/es\/san-vicente-de-paul-y-la-beata-teresa-de-calcuta-dos-santos-para-nuestros-dias\/","url":"http:\/\/vincentians.com\/es\/san-vicente-de-paul-y-la-beata-teresa-de-calcuta-dos-santos-para-nuestros-dias\/","name":"San Vicente de Pa\u00fal y la beata Teresa de Calcuta: dos santos para nuestros d\u00edas - Somos Vicencianos","isPartOf":{"@id":"http:\/\/vincentians.com\/es\/#website"},"primaryImageOfPage":{"@id":"http:\/\/vincentians.com\/es\/san-vicente-de-paul-y-la-beata-teresa-de-calcuta-dos-santos-para-nuestros-dias\/#primaryimage"},"image":{"@id":"http:\/\/vincentians.com\/es\/san-vicente-de-paul-y-la-beata-teresa-de-calcuta-dos-santos-para-nuestros-dias\/#primaryimage"},"thumbnailUrl":"https:\/\/i0.wp.com\/vincentians.com\/es\/wp-content\/uploads\/sites\/11\/2012\/06\/Saint-Vincent-de-Paul-and-Blessed-Mother-Teresa-of-Calcutta.jpg?fit=846%2C444&ssl=1","datePublished":"2016-09-03T09:50:22+00:00","dateModified":"2016-09-03T10:01:16+00:00","breadcrumb":{"@id":"http:\/\/vincentians.com\/es\/san-vicente-de-paul-y-la-beata-teresa-de-calcuta-dos-santos-para-nuestros-dias\/#breadcrumb"},"inLanguage":"es","potentialAction":[{"@type":"ReadAction","target":["http:\/\/vincentians.com\/es\/san-vicente-de-paul-y-la-beata-teresa-de-calcuta-dos-santos-para-nuestros-dias\/"]}]},{"@type":"ImageObject","inLanguage":"es","@id":"http:\/\/vincentians.com\/es\/san-vicente-de-paul-y-la-beata-teresa-de-calcuta-dos-santos-para-nuestros-dias\/#primaryimage","url":"https:\/\/i0.wp.com\/vincentians.com\/es\/wp-content\/uploads\/sites\/11\/2012\/06\/Saint-Vincent-de-Paul-and-Blessed-Mother-Teresa-of-Calcutta.jpg?fit=846%2C444&ssl=1","contentUrl":"https:\/\/i0.wp.com\/vincentians.com\/es\/wp-content\/uploads\/sites\/11\/2012\/06\/Saint-Vincent-de-Paul-and-Blessed-Mother-Teresa-of-Calcutta.jpg?fit=846%2C444&ssl=1","width":846,"height":444},{"@type":"BreadcrumbList","@id":"http:\/\/vincentians.com\/es\/san-vicente-de-paul-y-la-beata-teresa-de-calcuta-dos-santos-para-nuestros-dias\/#breadcrumb","itemListElement":[{"@type":"ListItem","position":1,"name":"Portada","item":"http:\/\/vincentians.com\/es\/"},{"@type":"ListItem","position":2,"name":"San Vicente de Pa\u00fal y la beata Teresa de Calcuta: dos santos para nuestros d\u00edas"}]},{"@type":"WebSite","@id":"http:\/\/vincentians.com\/es\/#website","url":"http:\/\/vincentians.com\/es\/","name":"Somos Vicencianos","description":"Know more to serve more","publisher":{"@id":"http:\/\/vincentians.com\/es\/#organization"},"potentialAction":[{"@type":"SearchAction","target":{"@type":"EntryPoint","urlTemplate":"http:\/\/vincentians.com\/es\/?s={search_term_string}"},"query-input":{"@type":"PropertyValueSpecification","valueRequired":true,"valueName":"search_term_string"}}],"inLanguage":"es"},{"@type":"Organization","@id":"http:\/\/vincentians.com\/es\/#organization","name":"The Vincentian Network","url":"http:\/\/vincentians.com\/es\/","logo":{"@type":"ImageObject","inLanguage":"es","@id":"http:\/\/vincentians.com\/es\/#\/schema\/logo\/image\/","url":"https:\/\/i1.wp.com\/vincentians.com\/es\/wp-content\/uploads\/sites\/11\/2016\/06\/Vincentian-Network-logo-big.png?fit=778%2C778","contentUrl":"https:\/\/i1.wp.com\/vincentians.com\/es\/wp-content\/uploads\/sites\/11\/2016\/06\/Vincentian-Network-logo-big.png?fit=778%2C778","width":778,"height":778,"caption":"The Vincentian Network"},"image":{"@id":"http:\/\/vincentians.com\/es\/#\/schema\/logo\/image\/"},"sameAs":["https:\/\/www.facebook.com\/WeAreVincentians\/","https:\/\/x.com\/WeVincentians"]},{"@type":"Person","@id":"http:\/\/vincentians.com\/es\/#\/schema\/person\/9623ef4d9aa3b2dfb8c061f1499288f2","name":"Francisco Javier Fern\u00e1ndez Chento","image":{"@type":"ImageObject","inLanguage":"es","@id":"http:\/\/vincentians.com\/es\/#\/schema\/person\/image\/","url":"https:\/\/secure.gravatar.com\/avatar\/497d5cde87b4c3d097d0315953521681ba2cd523ee66e5077c3711f7021e65de?s=96&d=mm&r=g","contentUrl":"https:\/\/secure.gravatar.com\/avatar\/497d5cde87b4c3d097d0315953521681ba2cd523ee66e5077c3711f7021e65de?s=96&d=mm&r=g","caption":"Francisco Javier Fern\u00e1ndez Chento"},"description":"Director General y cofundador de La Red de Formaci\u00f3n Vicenciana. Javier es laico vicenciano, afiliado a la Congregaci\u00f3n de la Misi\u00f3n y miembro del Equipo de Misiones Populares de la provincia can\u00f3nica de Zaragoza (Espa\u00f1a) de la Congregaci\u00f3n de la Misi\u00f3n. Graduado en la Universidad Oberta de Catalunya con cuatro grados (Asistente de direcci\u00f3n, Gesti\u00f3n Administrativa, Recursos Humanos y Contabilidad Avanzada). Bil\u00edng\u00fce Espa\u00f1ol\/Ingl\u00e9s. gestiona y mantiene varias p\u00e1ginas web cristianas y vicencianas, incluida including La Red de Formaci\u00f3n Vicenciana, de la que es cofundador. Actualmente es responsable del \u00e1rea de Espa\u00f1ol de .famvin, la Red de Noticias de la Familia Vicenciana. Tambi\u00e9n es m\u00fasico cat\u00f3lico y ha editado varios discos. Es Director General y cofundador de Trovador, una reconocida compa\u00f1\u00eda discogr\u00e1fica critiana de Espa\u00f1a. Trabaja en las Tecnolog\u00edas de la Informaci\u00f3n, ofreciendo servicios de alojamiento, dise\u00f1o y mantenimiento Web, as\u00ed como asesoramiento, formaci\u00f3n y soluciones inform\u00e1ticas, gesti\u00f3n documental y digitalizaci\u00f3n de textos, edici\u00f3n y maquetaci\u00f3n de libros, revistas, flyers, etc.","sameAs":["http:\/\/chento.org","https:\/\/www.facebook.com\/JavierChento","https:\/\/x.com\/https:\/\/twitter.com\/javierchento"],"url":"https:\/\/vincentians.com\/es\/author\/chento\/"}]}},"jetpack_publicize_connections":[],"jetpack_featured_media_url":"https:\/\/i0.wp.com\/vincentians.com\/es\/wp-content\/uploads\/sites\/11\/2012\/06\/Saint-Vincent-de-Paul-and-Blessed-Mother-Teresa-of-Calcutta.jpg?fit=846%2C444&ssl=1","jetpack_sharing_enabled":true,"jetpack_shortlink":"https:\/\/wp.me\/p7ETMF-8l1","jetpack-related-posts":[{"id":104297,"url":"https:\/\/vincentians.com\/es\/novena-biblica-en-honor-al-beato-federico-ozanam-dia-tercero\/","url_meta":{"origin":32055,"position":0},"title":"Novena b\u00edblica en honor al beato Federico Ozanam: D\u00eda tercero","author":"Francisco Javier Fern\u00e1ndez Chento","date":"03\/09\/2012","format":false,"excerpt":"Oraci\u00f3n Oh Dios de Caridad infinita, que no dejas de compadecerte de nosotros y contin\u00faas la obra misericordiosa de tu Divino Hijo Jesucristo en la historia de cada hombre. Te damos infinitas gracias por el amor que se hace manifiesto por medio de la gracia bautismal en todos y cada\u2026","rel":"","context":"En \u00abFederico Ozanam\u00bb","block_context":{"text":"Federico Ozanam","link":"https:\/\/vincentians.com\/es\/category\/la-familia-vicenciana\/fundadores\/federico-ozanam\/"},"img":{"alt_text":"","src":"https:\/\/i0.wp.com\/vicencianos.org\/wp-content\/2012\/09\/beato_ozanam_pobre-225x300.jpg?resize=350%2C200","width":350,"height":200},"classes":[]},{"id":117335,"url":"https:\/\/vincentians.com\/es\/evangelizar-siguiendo-a-san-vicente\/","url_meta":{"origin":32055,"position":1},"title":"Evangelizar siguiendo a san Vicente","author":"Francisco Javier Fern\u00e1ndez Chento","date":"14\/11\/2018","format":false,"excerpt":"Una de las opciones en Misiones Populares, tal y como lo hacemos los vicencianos, es el trabajo en equipo, que se compone de Consagrados (Pa\u00fales, Hijas de la Caridad, sacerdotes diocesanos\u2026) y Seglares Vicencianos. No lo hacemos as\u00ed por \"moda\", sino que es una de las urgencias en nuestra sociedad\u2026","rel":"","context":"En \u00abFormaci\u00f3n Vicenciana\u00bb","block_context":{"text":"Formaci\u00f3n Vicenciana","link":"https:\/\/vincentians.com\/es\/category\/formacion-vicenciana\/"},"img":{"alt_text":"","src":"https:\/\/i0.wp.com\/vincentians.com\/es\/wp-content\/uploads\/sites\/11\/2016\/09\/sencillos-como-palomas.jpg?fit=1200%2C630&ssl=1&resize=350%2C200","width":350,"height":200,"srcset":"https:\/\/i0.wp.com\/vincentians.com\/es\/wp-content\/uploads\/sites\/11\/2016\/09\/sencillos-como-palomas.jpg?fit=1200%2C630&ssl=1&resize=350%2C200 1x, https:\/\/i0.wp.com\/vincentians.com\/es\/wp-content\/uploads\/sites\/11\/2016\/09\/sencillos-como-palomas.jpg?fit=1200%2C630&ssl=1&resize=525%2C300 1.5x, https:\/\/i0.wp.com\/vincentians.com\/es\/wp-content\/uploads\/sites\/11\/2016\/09\/sencillos-como-palomas.jpg?fit=1200%2C630&ssl=1&resize=700%2C400 2x, https:\/\/i0.wp.com\/vincentians.com\/es\/wp-content\/uploads\/sites\/11\/2016\/09\/sencillos-como-palomas.jpg?fit=1200%2C630&ssl=1&resize=1050%2C600 3x"},"classes":[]},{"id":104291,"url":"https:\/\/vincentians.com\/es\/novena-biblica-en-honor-al-beato-federico-ozanam-dia-noveno\/","url_meta":{"origin":32055,"position":2},"title":"Novena b\u00edblica en honor al beato Federico Ozanam: D\u00eda noveno","author":"Francisco Javier Fern\u00e1ndez Chento","date":"09\/09\/2012","format":false,"excerpt":"Oraci\u00f3n Oh Dios de Caridad infinita, que no dejas de compadecerte de nosotros y contin\u00faas la obra misericordiosa de tu Divino Hijo Jesucristo en la historia de cada hombre. Te damos infinitas gracias por el amor que se hace manifiesto por medio de la gracia bautismal en todos y cada\u2026","rel":"","context":"En \u00abFederico Ozanam\u00bb","block_context":{"text":"Federico Ozanam","link":"https:\/\/vincentians.com\/es\/category\/la-familia-vicenciana\/fundadores\/federico-ozanam\/"},"img":{"alt_text":"","src":"https:\/\/i0.wp.com\/vicencianos.org\/wp-content\/2012\/09\/beato_ozanam_pobre-225x300.jpg?resize=350%2C200","width":350,"height":200},"classes":[]},{"id":130675,"url":"https:\/\/vincentians.com\/es\/el-cristo-de-vicente-de-paul-i\/","url_meta":{"origin":32055,"position":3},"title":"El Cristo de Vicente de Pa\u00fal (I)","author":"Francisco Javier Fern\u00e1ndez Chento","date":"12\/06\/2014","format":false,"excerpt":"Caminemos con confianza por este camino real en el que Jesucristo ser\u00e1 nuestro mentor y nuestro gu\u00eda. (Abelly, BI, 248). En la producci\u00f3n teol\u00f3gica reciente existe una corriente s\u00f3lida que destaca la importancia de los santos como fuente de teolog\u00eda'. Esta corriente se\u00f1ala con fuerza que los santos liberan a\u2026","rel":"","context":"En \u00abFormaci\u00f3n Vicenciana\u00bb","block_context":{"text":"Formaci\u00f3n Vicenciana","link":"https:\/\/vincentians.com\/es\/category\/formacion-vicenciana\/"},"img":{"alt_text":"dibujo-diaconado","src":"https:\/\/i0.wp.com\/vicencianos.org\/wp-content\/2013\/11\/dibujo-diaconado.jpg?resize=350%2C200","width":350,"height":200},"classes":[]},{"id":403616,"url":"https:\/\/vincentians.com\/es\/san-vicente-de-paul-y-berulle-vi\/","url_meta":{"origin":32055,"position":4},"title":"SAN VICENTE DE PA\u00daL y BERULLE (VI)","author":"Mitxel Olabu\u00e9naga","date":"04\/08\/2021","format":false,"excerpt":"PARTE TERCERA: APLICACI\u00d3N EN LA ACTUALIDAD Los ACONTECIMIENTOS Y SU EXPERIENCIA \"Tal es mi fe y tal es tambi\u00e9n mi experiencia\", escrib\u00eda el santo a los 62 a\u00f1os (II, 237). Y \u00e9sta es tambi\u00e9n la primera aplicaci\u00f3n que podemos sacar la Familia Vicenciana, si queremos que san Vicente de Pa\u00fal\u2026","rel":"","context":"En \u00abEspiritualidad vicenciana\u00bb","block_context":{"text":"Espiritualidad vicenciana","link":"https:\/\/vincentians.com\/es\/category\/espiritualidad\/espiritualidad-vicenciana\/"},"img":{"alt_text":"","src":"https:\/\/i0.wp.com\/vincentians.com\/es\/wp-content\/uploads\/sites\/11\/2017\/04\/vicente-y-eucaristia.jpg?fit=1200%2C630&ssl=1&resize=350%2C200","width":350,"height":200,"srcset":"https:\/\/i0.wp.com\/vincentians.com\/es\/wp-content\/uploads\/sites\/11\/2017\/04\/vicente-y-eucaristia.jpg?fit=1200%2C630&ssl=1&resize=350%2C200 1x, https:\/\/i0.wp.com\/vincentians.com\/es\/wp-content\/uploads\/sites\/11\/2017\/04\/vicente-y-eucaristia.jpg?fit=1200%2C630&ssl=1&resize=525%2C300 1.5x, https:\/\/i0.wp.com\/vincentians.com\/es\/wp-content\/uploads\/sites\/11\/2017\/04\/vicente-y-eucaristia.jpg?fit=1200%2C630&ssl=1&resize=700%2C400 2x, https:\/\/i0.wp.com\/vincentians.com\/es\/wp-content\/uploads\/sites\/11\/2017\/04\/vicente-y-eucaristia.jpg?fit=1200%2C630&ssl=1&resize=1050%2C600 3x"},"classes":[]},{"id":8854,"url":"https:\/\/vincentians.com\/es\/cristo-encarnado-en-la-historia\/","url_meta":{"origin":32055,"position":5},"title":"Cristo, encarnado en la Historia","author":"Francisco Javier Fern\u00e1ndez Chento","date":"17\/02\/2015","format":false,"excerpt":"Cuando despu\u00e9s de cua\u00adtro siglos alguien se encuentra con la figura de Vicente de Pa\u00fal, corre el riesgo de fijarse m\u00e1s en sus obras en favor de los pobres que en sus convicciones profun\u00addas. Vicente de Pa\u00fal es un santo, no un activista. Sus acciones s\u00f3lo se explican desde la\u2026","rel":"","context":"En \u00abEn tiempos de Vicente de Pa\u00fal\u00bb","block_context":{"text":"En tiempos de Vicente de Pa\u00fal","link":"https:\/\/vincentians.com\/es\/category\/historia-de-la-familia-vicenciana\/en-tiempos-de-vicente-de-paul\/"},"img":{"alt_text":"San Vicente de Pa\u00fal","src":"https:\/\/i0.wp.com\/vicencianos.org\/wp-content\/2011\/03\/imagen-de-san-vicente-de-paul-235x300.jpg?resize=350%2C200","width":350,"height":200},"classes":[]}],"_links":{"self":[{"href":"https:\/\/vincentians.com\/es\/wp-json\/wp\/v2\/posts\/32055","targetHints":{"allow":["GET"]}}],"collection":[{"href":"https:\/\/vincentians.com\/es\/wp-json\/wp\/v2\/posts"}],"about":[{"href":"https:\/\/vincentians.com\/es\/wp-json\/wp\/v2\/types\/post"}],"author":[{"embeddable":true,"href":"https:\/\/vincentians.com\/es\/wp-json\/wp\/v2\/users\/4"}],"replies":[{"embeddable":true,"href":"https:\/\/vincentians.com\/es\/wp-json\/wp\/v2\/comments?post=32055"}],"version-history":[{"count":0,"href":"https:\/\/vincentians.com\/es\/wp-json\/wp\/v2\/posts\/32055\/revisions"}],"wp:featuredmedia":[{"embeddable":true,"href":"https:\/\/vincentians.com\/es\/wp-json\/wp\/v2\/media\/399814"}],"wp:attachment":[{"href":"https:\/\/vincentians.com\/es\/wp-json\/wp\/v2\/media?parent=32055"}],"wp:term":[{"taxonomy":"category","embeddable":true,"href":"https:\/\/vincentians.com\/es\/wp-json\/wp\/v2\/categories?post=32055"},{"taxonomy":"post_tag","embeddable":true,"href":"https:\/\/vincentians.com\/es\/wp-json\/wp\/v2\/tags?post=32055"}],"curies":[{"name":"wp","href":"https:\/\/api.w.org\/{rel}","templated":true}]}}