{"id":31991,"date":"2024-05-23T08:46:22","date_gmt":"2024-05-23T06:46:22","guid":{"rendered":"http:\/\/somos.vicencianos.org\/?p=31991"},"modified":"2024-05-21T10:01:12","modified_gmt":"2024-05-21T08:01:12","slug":"las-hermanas-de-la-caridad-de-santa-juana-antida-thouret","status":"publish","type":"post","link":"https:\/\/vincentians.com\/es\/las-hermanas-de-la-caridad-de-santa-juana-antida-thouret\/","title":{"rendered":"Las Hermanas de la Caridad de Santa Juana Antida Thouret"},"content":{"rendered":"<h2>1. Identidad<\/h2>\n<p>Las Hermanas de la Caridad de Santa Juana-Antida Thouret forman una Congregaci\u00f3n religiosa de vida apost\u00f3lica, aprobada por el Papa Pio VII, el 23 de Julio de 1819.<\/p>\n<p>La Congregaci\u00f3n fue fundada por Santa J.A. Thouret en Besans\u00f3n (Francia), el 11 de Abril de 1799 en respuesta a los representantes de la diocesis reunidos en Suiza:<\/p>\n<p style=\"padding-left: 30px\"><em>\u00abRecibir\u00e9is a las se\u00f1oritas que formar\u00e9is como hab\u00e9is sido formadas vosotras y vendr\u00e9is a estableceros en Besans\u00f3n para la instrucci\u00f3n de la juventud y prestar ayuda a los enfermos pobres a domicilio\u00bb. (MSR<\/em>)<\/p>\n<p>Preparando las Constituciones de su Instituto, Juana Antida escrib\u00eda en 1802, en el Discurso Preliminar:<\/p>\n<p style=\"padding-left: 30px\"><em>\u00bb Estas Constituciones y reglas las hemos recogido en su mayor parte de los usos que hemos observado en las Hijas de la Caridad.. los cuales creemos han sido establecidos por San Vicente de Pa\u00fal. Por eso, considerad con raz\u00f3n a este gran siervo de Dios como vuestro fundador, protector y padre\u00bb.<\/em><\/p>\n<p>Desde los or\u00edgenes, las Hermanas de la Caridad hacen 4 votos, pobreza, castidad, obediencia y servicio temporal y espiritual a los pobres. Viven en Comunidad fraterna, la superiora es llamada \u00abhermana sirviente\u00bb, seg\u00fan la tradici\u00f3n vicenciana. Su estilo de vida tiene como caracter\u00edstica la caridad, la humildad y la sencillez.<\/p>\n<p>Hoy, en la Regla de vida aprobada por la Iglesia el 11de Abril de 1981, seg\u00fan la revisi\u00f3n pedida por el Concilio Vaticano II, el carisma de las hermanas de la Caridad se expresa as\u00ed:<\/p>\n<p style=\"padding-left: 30px\"><em>\u00abAmar a Cristo Jes\u00fas, amar y servir a los pobres que son sus miembros, manifestarles el amor del Padre, es la gracia y la misi\u00f3n que San Vicente de Pa\u00fal y Santa Juana Antida han recibido de Dios\u00bb.<\/em><\/p>\n<p style=\"padding-left: 30px\"><em>\u00abLlamadas por Dios en la Congregaci\u00f3n de las Hermanas de la Caridad, participamos a este carisma y hoy somos responsables\u00bb (R.V 1.1.1)<\/em><\/p>\n<p style=\"padding-left: 30px\"><em>\u00abNuestra Caridad quiere ser universal, pero nuestra misi\u00f3n nos reserva por el voto especial y en formas variadas, al servicio de los pobres, de los peque\u00f1os, de los d\u00e9biles, seg\u00fan la tradici\u00f3n vicencianas vivida por Santa Juana Antida\u00bb<\/em>. (R.V 1.1.2)<\/p>\n<p>Es la vocaci\u00f3n de vivir cada d\u00eda como miembros de la Iglesia, en comunidad fraterna en el seno de una tradici\u00f3n viviente:<\/p>\n<p style=\"padding-left: 30px\"><em>\u00abJesucristo, nuestra vida, sirve a trav\u00e9s de nosotros a los pobres y nosotras servimos en ellos a Jesucristo en persona que se identific\u00f3 a los \u00abpeque\u00f1os y a los m\u00e1s despreciados\u00bb<\/em> (R.V 5.1.2)<\/p>\n<h2><strong>2. Relaci\u00f3n con los otros grupos de la Familia Vicenciana<\/strong><\/h2>\n<p>En general, all\u00ed donde hay comunidades de sacerdotes de la Misi\u00f3n, Hijas de la Caridad,o grupos de laicos vicencianos, las hermanas de la Caridad tienen con ellos buenas relaciones que se pueden considerar en tres aspectos:<\/p>\n<p><strong>*<\/strong><em>el aspecto de la vida ordinaria<\/em>, en el d\u00eda a d\u00eda u ocasionalmente: la participaci\u00f3n a la Eucarist\u00eda, tiempo de oraci\u00f3n, momentos festivos que alimentan el conocimiento rec\u00edproco y la fraternidad. Cf: fiestas de San Vicente., de Santa Juana Antida, celebraci\u00f3n de los 50 a\u00f1os de la canonisaci\u00f3n de Santa Luisa de Marillac y de Santa Juana Antida(1984)<\/p>\n<p>En Argelia, la \u00fanica Hermana de la Caridad que se encuentra all\u00ed, recibe apoyo y acogida en la casa de las Hijas de la Caridad.<\/p>\n<p>*<em>el servicio a los pobres<\/em>. En este campo, la colaboraci\u00f3n es muy variada:<\/p>\n<ul>\n<li>acogida<strong>,<\/strong> escucha de las personas o familias en dificultad y b\u00fasqueda de la manera de ayudarles.<\/li>\n<li>visita a domicilio, la participaci\u00f3n a las obras, iniciativas a favor de los pobres.<\/li>\n<li>pastoral en el sector rural.<\/li>\n<li>preparaci\u00f3n y animaci\u00f3n de las misiones temporales.<\/li>\n<\/ul>\n<p>*<em>formaci\u00f3n con otros<\/em><\/p>\n<ul>\n<li>participaci\u00f3n en el G.A.V. en Italia, a sesiones vicencianas, a cursillos organizados por los Sacerdotes de la Misi\u00f3n.<\/li>\n<li>constituci\u00f3n de un Centro Cultural Vicenciano (Norte de Italia y Sarde\u00f1a)<\/li>\n<li>colaboraci\u00f3n con los Sacerdotes de la misi\u00f3n para retiros, animadores de cursillos sobre el carisma, el esp\u00edritu vicenciano,<\/li>\n<li>reuni\u00f3n de Consejos Provinciales: Hermanas e Hijas de la Caridad,<\/li>\n<li>encuentros regulares entre los dos noviciados de Roma: formaci\u00f3n, oraci\u00f3n y recreo.<\/li>\n<li>este a\u00f1o un joven Lazarista de Indonesia ha ayudado a una de nuestras hermanas a preparar la traducci\u00f3n de nuestra Regla de vida en Indonesio.<\/li>\n<\/ul>\n<p>Cada vez m\u00e1s, se crean lazos de uni\u00f3n entre las Hermanas de la Caridad y los otros grupos. Nos sentimos una misma familia, llamadas a evangelizar a los pobres, hoy, juntas.<\/p>\n<h2><strong>3. Los desaf\u00edos m\u00e1s importantes para nosotras en estos momentos.<\/strong><\/h2>\n<p><em>Evangelizar\/ servir a los pobres<\/em> hoy, con las fuerzas que tenemos, la media de edad elevada, pocas vocaciones en Europa y USA., lo que significa:<\/p>\n<ul>\n<li>aprender continuamente como anunciar Dios hoy, all\u00ed donde nos encontramos, teniendo en cuenta la cultura, las distancias entre las generaciones, del universo y las condiciones de vida de los pobres&#8230;<\/li>\n<li>definir para el mundo de hoy, los lugares prioritarios en el seno de las prioridades establecidas en el Cap\u00edtulo General de 1980,<\/li>\n<\/ul>\n<p>*<em>encontrar de nuevo la radicalidad del \u00abestilo de vida\u00bb vicenciano, <\/em>en sobriedad, sencillez, pobreza, favoreciendo la acogida de los dem\u00e1s, de los pobres, el compartir con ellos, una familiaridad cordial y respetuosa con los peque\u00f1os.<\/p>\n<p><em>Fraternidad vivida en internacionalidad<\/em> en un momento que construye barreras para protegerse.<\/p>\n<h2><strong>4. Los signos m\u00e1s estimulantes para el porvenir<\/strong><\/h2>\n<ul>\n<li><em>el don de las vocaciones<\/em> en los pa\u00edses pobres, en dificultad, mayoritariamente musulmanes: Asia, \u00c1frica Central, Oriente-Medio, Am\u00e9rica Latina, Roman\u00eda,<\/li>\n<li><em>las llamadas<\/em> que recibimos a favor de los pobres,<\/li>\n<li><em>la demanda de numerosos laicos<\/em> que desean vivir seg\u00fan nuestro esp\u00edritu.<\/li>\n<\/ul>\n","protected":false},"excerpt":{"rendered":"<p>1. Identidad Las Hermanas de la Caridad de Santa Juana-Antida Thouret forman una Congregaci\u00f3n religiosa de vida apost\u00f3lica, aprobada por el Papa Pio VII, el 23 de Julio de 1819. La Congregaci\u00f3n fue fundada por &#8230; <a href=\"https:\/\/vincentians.com\/es\/las-hermanas-de-la-caridad-de-santa-juana-antida-thouret\/\" class=\"more-link\">Read More<\/a><\/p>\n","protected":false},"author":4,"featured_media":400848,"comment_status":"open","ping_status":"open","sticky":false,"template":"","format":"standard","meta":{"jetpack_post_was_ever_published":false,"_jetpack_newsletter_access":"","_jetpack_dont_email_post_to_subs":false,"_jetpack_newsletter_tier_id":0,"_jetpack_memberships_contains_paywalled_content":false,"_jetpack_memberships_contains_paid_content":false,"footnotes":"","jetpack_publicize_message":"","jetpack_publicize_feature_enabled":true,"jetpack_social_post_already_shared":true,"jetpack_social_options":{"image_generator_settings":{"template":"highway","default_image_id":0,"font":"","enabled":false},"version":2}},"categories":[242],"tags":[168,172],"class_list":["post-31991","post","type-post","status-publish","format-standard","has-post-thumbnail","hentry","category-familia-vicenciana-sin-categorizar","tag-argel","tag-pobreza"],"yoast_head":"<!-- This site is optimized with the Yoast SEO plugin v26.3 - https:\/\/yoast.com\/wordpress\/plugins\/seo\/ -->\n<title>Las Hermanas de la Caridad de Santa Juana Antida Thouret - Somos Vicencianos<\/title>\n<meta name=\"robots\" content=\"index, follow, max-snippet:-1, max-image-preview:large, max-video-preview:-1\" \/>\n<link rel=\"canonical\" href=\"http:\/\/vincentians.com\/es\/las-hermanas-de-la-caridad-de-santa-juana-antida-thouret\/\" \/>\n<meta property=\"og:locale\" content=\"es_ES\" \/>\n<meta property=\"og:type\" content=\"article\" \/>\n<meta property=\"og:title\" content=\"Las Hermanas de la Caridad de Santa Juana Antida Thouret - Somos Vicencianos\" \/>\n<meta property=\"og:description\" content=\"1. Identidad Las Hermanas de la Caridad de Santa Juana-Antida Thouret forman una Congregaci\u00f3n religiosa de vida apost\u00f3lica, aprobada por el Papa Pio VII, el 23 de Julio de 1819. La Congregaci\u00f3n fue fundada por ... Read More\" \/>\n<meta property=\"og:url\" content=\"http:\/\/vincentians.com\/es\/las-hermanas-de-la-caridad-de-santa-juana-antida-thouret\/\" \/>\n<meta property=\"og:site_name\" content=\"Somos Vicencianos\" \/>\n<meta property=\"article:publisher\" content=\"https:\/\/www.facebook.com\/WeAreVincentians\/\" \/>\n<meta property=\"article:author\" content=\"https:\/\/www.facebook.com\/JavierChento\" \/>\n<meta property=\"article:published_time\" content=\"2024-05-23T06:46:22+00:00\" \/>\n<meta property=\"og:image\" content=\"https:\/\/i0.wp.com\/vincentians.com\/es\/wp-content\/uploads\/sites\/11\/2016\/05\/abcd.jpg?fit=1200%2C630\" \/>\n\t<meta property=\"og:image:width\" content=\"1200\" \/>\n\t<meta property=\"og:image:height\" content=\"630\" \/>\n\t<meta property=\"og:image:type\" content=\"image\/jpeg\" \/>\n<meta name=\"author\" content=\"Francisco Javier Fern\u00e1ndez Chento\" \/>\n<meta name=\"twitter:card\" content=\"summary_large_image\" \/>\n<meta name=\"twitter:creator\" content=\"@https:\/\/twitter.com\/javierchento\" \/>\n<meta name=\"twitter:site\" content=\"@WeVincentians\" \/>\n<meta name=\"twitter:label1\" content=\"Escrito por\" \/>\n\t<meta name=\"twitter:data1\" content=\"Francisco Javier Fern\u00e1ndez Chento\" \/>\n\t<meta name=\"twitter:label2\" content=\"Tiempo de lectura\" \/>\n\t<meta name=\"twitter:data2\" content=\"5 minutos\" \/>\n<script type=\"application\/ld+json\" class=\"yoast-schema-graph\">{\"@context\":\"https:\/\/schema.org\",\"@graph\":[{\"@type\":\"Article\",\"@id\":\"http:\/\/vincentians.com\/es\/las-hermanas-de-la-caridad-de-santa-juana-antida-thouret\/#article\",\"isPartOf\":{\"@id\":\"http:\/\/vincentians.com\/es\/las-hermanas-de-la-caridad-de-santa-juana-antida-thouret\/\"},\"author\":{\"name\":\"Francisco Javier Fern\u00e1ndez Chento\",\"@id\":\"https:\/\/vincentians.com\/es\/#\/schema\/person\/9623ef4d9aa3b2dfb8c061f1499288f2\"},\"headline\":\"Las Hermanas de la Caridad de Santa Juana Antida Thouret\",\"datePublished\":\"2024-05-23T06:46:22+00:00\",\"mainEntityOfPage\":{\"@id\":\"http:\/\/vincentians.com\/es\/las-hermanas-de-la-caridad-de-santa-juana-antida-thouret\/\"},\"wordCount\":969,\"commentCount\":2,\"publisher\":{\"@id\":\"https:\/\/vincentians.com\/es\/#organization\"},\"image\":{\"@id\":\"http:\/\/vincentians.com\/es\/las-hermanas-de-la-caridad-de-santa-juana-antida-thouret\/#primaryimage\"},\"thumbnailUrl\":\"https:\/\/i0.wp.com\/vincentians.com\/es\/wp-content\/uploads\/sites\/11\/2016\/05\/abcd.jpg?fit=1200%2C630&ssl=1\",\"keywords\":[\"Argel\",\"Pobreza\"],\"articleSection\":[\"Familia Vicenciana sin categorizar\"],\"inLanguage\":\"es\",\"potentialAction\":[{\"@type\":\"CommentAction\",\"name\":\"Comment\",\"target\":[\"http:\/\/vincentians.com\/es\/las-hermanas-de-la-caridad-de-santa-juana-antida-thouret\/#respond\"]}]},{\"@type\":\"WebPage\",\"@id\":\"http:\/\/vincentians.com\/es\/las-hermanas-de-la-caridad-de-santa-juana-antida-thouret\/\",\"url\":\"http:\/\/vincentians.com\/es\/las-hermanas-de-la-caridad-de-santa-juana-antida-thouret\/\",\"name\":\"Las Hermanas de la Caridad de Santa Juana Antida Thouret - Somos Vicencianos\",\"isPartOf\":{\"@id\":\"https:\/\/vincentians.com\/es\/#website\"},\"primaryImageOfPage\":{\"@id\":\"http:\/\/vincentians.com\/es\/las-hermanas-de-la-caridad-de-santa-juana-antida-thouret\/#primaryimage\"},\"image\":{\"@id\":\"http:\/\/vincentians.com\/es\/las-hermanas-de-la-caridad-de-santa-juana-antida-thouret\/#primaryimage\"},\"thumbnailUrl\":\"https:\/\/i0.wp.com\/vincentians.com\/es\/wp-content\/uploads\/sites\/11\/2016\/05\/abcd.jpg?fit=1200%2C630&ssl=1\",\"datePublished\":\"2024-05-23T06:46:22+00:00\",\"breadcrumb\":{\"@id\":\"http:\/\/vincentians.com\/es\/las-hermanas-de-la-caridad-de-santa-juana-antida-thouret\/#breadcrumb\"},\"inLanguage\":\"es\",\"potentialAction\":[{\"@type\":\"ReadAction\",\"target\":[\"http:\/\/vincentians.com\/es\/las-hermanas-de-la-caridad-de-santa-juana-antida-thouret\/\"]}]},{\"@type\":\"ImageObject\",\"inLanguage\":\"es\",\"@id\":\"http:\/\/vincentians.com\/es\/las-hermanas-de-la-caridad-de-santa-juana-antida-thouret\/#primaryimage\",\"url\":\"https:\/\/i0.wp.com\/vincentians.com\/es\/wp-content\/uploads\/sites\/11\/2016\/05\/abcd.jpg?fit=1200%2C630&ssl=1\",\"contentUrl\":\"https:\/\/i0.wp.com\/vincentians.com\/es\/wp-content\/uploads\/sites\/11\/2016\/05\/abcd.jpg?fit=1200%2C630&ssl=1\",\"width\":1200,\"height\":630},{\"@type\":\"BreadcrumbList\",\"@id\":\"http:\/\/vincentians.com\/es\/las-hermanas-de-la-caridad-de-santa-juana-antida-thouret\/#breadcrumb\",\"itemListElement\":[{\"@type\":\"ListItem\",\"position\":1,\"name\":\"Portada\",\"item\":\"https:\/\/vincentians.com\/es\/\"},{\"@type\":\"ListItem\",\"position\":2,\"name\":\"Las Hermanas de la Caridad de Santa Juana Antida Thouret\"}]},{\"@type\":\"WebSite\",\"@id\":\"https:\/\/vincentians.com\/es\/#website\",\"url\":\"https:\/\/vincentians.com\/es\/\",\"name\":\"Somos Vicencianos\",\"description\":\"Know more to serve more\",\"publisher\":{\"@id\":\"https:\/\/vincentians.com\/es\/#organization\"},\"potentialAction\":[{\"@type\":\"SearchAction\",\"target\":{\"@type\":\"EntryPoint\",\"urlTemplate\":\"https:\/\/vincentians.com\/es\/?s={search_term_string}\"},\"query-input\":{\"@type\":\"PropertyValueSpecification\",\"valueRequired\":true,\"valueName\":\"search_term_string\"}}],\"inLanguage\":\"es\"},{\"@type\":\"Organization\",\"@id\":\"https:\/\/vincentians.com\/es\/#organization\",\"name\":\"The Vincentian Network\",\"url\":\"https:\/\/vincentians.com\/es\/\",\"logo\":{\"@type\":\"ImageObject\",\"inLanguage\":\"es\",\"@id\":\"https:\/\/vincentians.com\/es\/#\/schema\/logo\/image\/\",\"url\":\"https:\/\/i1.wp.com\/vincentians.com\/es\/wp-content\/uploads\/sites\/11\/2016\/06\/Vincentian-Network-logo-big.png?fit=778%2C778\",\"contentUrl\":\"https:\/\/i1.wp.com\/vincentians.com\/es\/wp-content\/uploads\/sites\/11\/2016\/06\/Vincentian-Network-logo-big.png?fit=778%2C778\",\"width\":778,\"height\":778,\"caption\":\"The Vincentian Network\"},\"image\":{\"@id\":\"https:\/\/vincentians.com\/es\/#\/schema\/logo\/image\/\"},\"sameAs\":[\"https:\/\/www.facebook.com\/WeAreVincentians\/\",\"https:\/\/x.com\/WeVincentians\"]},{\"@type\":\"Person\",\"@id\":\"https:\/\/vincentians.com\/es\/#\/schema\/person\/9623ef4d9aa3b2dfb8c061f1499288f2\",\"name\":\"Francisco Javier Fern\u00e1ndez Chento\",\"image\":{\"@type\":\"ImageObject\",\"inLanguage\":\"es\",\"@id\":\"https:\/\/vincentians.com\/es\/#\/schema\/person\/image\/\",\"url\":\"https:\/\/secure.gravatar.com\/avatar\/497d5cde87b4c3d097d0315953521681ba2cd523ee66e5077c3711f7021e65de?s=96&d=mm&r=g\",\"contentUrl\":\"https:\/\/secure.gravatar.com\/avatar\/497d5cde87b4c3d097d0315953521681ba2cd523ee66e5077c3711f7021e65de?s=96&d=mm&r=g\",\"caption\":\"Francisco Javier Fern\u00e1ndez Chento\"},\"description\":\"Director General y cofundador de La Red de Formaci\u00f3n Vicenciana. Javier es laico vicenciano, afiliado a la Congregaci\u00f3n de la Misi\u00f3n y miembro del Equipo de Misiones Populares de la provincia can\u00f3nica de Zaragoza (Espa\u00f1a) de la Congregaci\u00f3n de la Misi\u00f3n. Graduado en la Universidad Oberta de Catalunya con cuatro grados (Asistente de direcci\u00f3n, Gesti\u00f3n Administrativa, Recursos Humanos y Contabilidad Avanzada). Bil\u00edng\u00fce Espa\u00f1ol\/Ingl\u00e9s. gestiona y mantiene varias p\u00e1ginas web cristianas y vicencianas, incluida including La Red de Formaci\u00f3n Vicenciana, de la que es cofundador. Actualmente es responsable del \u00e1rea de Espa\u00f1ol de .famvin, la Red de Noticias de la Familia Vicenciana. Tambi\u00e9n es m\u00fasico cat\u00f3lico y ha editado varios discos. Es Director General y cofundador de Trovador, una reconocida compa\u00f1\u00eda discogr\u00e1fica critiana de Espa\u00f1a. Trabaja en las Tecnolog\u00edas de la Informaci\u00f3n, ofreciendo servicios de alojamiento, dise\u00f1o y mantenimiento Web, as\u00ed como asesoramiento, formaci\u00f3n y soluciones inform\u00e1ticas, gesti\u00f3n documental y digitalizaci\u00f3n de textos, edici\u00f3n y maquetaci\u00f3n de libros, revistas, flyers, etc.\",\"sameAs\":[\"http:\/\/chento.org\",\"https:\/\/www.facebook.com\/JavierChento\",\"https:\/\/x.com\/https:\/\/twitter.com\/javierchento\"],\"url\":\"https:\/\/vincentians.com\/es\/author\/chento\/\"}]}<\/script>\n<!-- \/ Yoast SEO plugin. -->","yoast_head_json":{"title":"Las Hermanas de la Caridad de Santa Juana Antida Thouret - Somos Vicencianos","robots":{"index":"index","follow":"follow","max-snippet":"max-snippet:-1","max-image-preview":"max-image-preview:large","max-video-preview":"max-video-preview:-1"},"canonical":"http:\/\/vincentians.com\/es\/las-hermanas-de-la-caridad-de-santa-juana-antida-thouret\/","og_locale":"es_ES","og_type":"article","og_title":"Las Hermanas de la Caridad de Santa Juana Antida Thouret - Somos Vicencianos","og_description":"1. Identidad Las Hermanas de la Caridad de Santa Juana-Antida Thouret forman una Congregaci\u00f3n religiosa de vida apost\u00f3lica, aprobada por el Papa Pio VII, el 23 de Julio de 1819. La Congregaci\u00f3n fue fundada por ... Read More","og_url":"http:\/\/vincentians.com\/es\/las-hermanas-de-la-caridad-de-santa-juana-antida-thouret\/","og_site_name":"Somos Vicencianos","article_publisher":"https:\/\/www.facebook.com\/WeAreVincentians\/","article_author":"https:\/\/www.facebook.com\/JavierChento","article_published_time":"2024-05-23T06:46:22+00:00","og_image":[{"width":1200,"height":630,"url":"https:\/\/i0.wp.com\/vincentians.com\/es\/wp-content\/uploads\/sites\/11\/2016\/05\/abcd.jpg?fit=1200%2C630","type":"image\/jpeg"}],"author":"Francisco Javier Fern\u00e1ndez Chento","twitter_card":"summary_large_image","twitter_creator":"@https:\/\/twitter.com\/javierchento","twitter_site":"@WeVincentians","twitter_misc":{"Escrito por":"Francisco Javier Fern\u00e1ndez Chento","Tiempo de lectura":"5 minutos"},"schema":{"@context":"https:\/\/schema.org","@graph":[{"@type":"Article","@id":"http:\/\/vincentians.com\/es\/las-hermanas-de-la-caridad-de-santa-juana-antida-thouret\/#article","isPartOf":{"@id":"http:\/\/vincentians.com\/es\/las-hermanas-de-la-caridad-de-santa-juana-antida-thouret\/"},"author":{"name":"Francisco Javier Fern\u00e1ndez Chento","@id":"https:\/\/vincentians.com\/es\/#\/schema\/person\/9623ef4d9aa3b2dfb8c061f1499288f2"},"headline":"Las Hermanas de la Caridad de Santa Juana Antida Thouret","datePublished":"2024-05-23T06:46:22+00:00","mainEntityOfPage":{"@id":"http:\/\/vincentians.com\/es\/las-hermanas-de-la-caridad-de-santa-juana-antida-thouret\/"},"wordCount":969,"commentCount":2,"publisher":{"@id":"https:\/\/vincentians.com\/es\/#organization"},"image":{"@id":"http:\/\/vincentians.com\/es\/las-hermanas-de-la-caridad-de-santa-juana-antida-thouret\/#primaryimage"},"thumbnailUrl":"https:\/\/i0.wp.com\/vincentians.com\/es\/wp-content\/uploads\/sites\/11\/2016\/05\/abcd.jpg?fit=1200%2C630&ssl=1","keywords":["Argel","Pobreza"],"articleSection":["Familia Vicenciana sin categorizar"],"inLanguage":"es","potentialAction":[{"@type":"CommentAction","name":"Comment","target":["http:\/\/vincentians.com\/es\/las-hermanas-de-la-caridad-de-santa-juana-antida-thouret\/#respond"]}]},{"@type":"WebPage","@id":"http:\/\/vincentians.com\/es\/las-hermanas-de-la-caridad-de-santa-juana-antida-thouret\/","url":"http:\/\/vincentians.com\/es\/las-hermanas-de-la-caridad-de-santa-juana-antida-thouret\/","name":"Las Hermanas de la Caridad de Santa Juana Antida Thouret - Somos Vicencianos","isPartOf":{"@id":"https:\/\/vincentians.com\/es\/#website"},"primaryImageOfPage":{"@id":"http:\/\/vincentians.com\/es\/las-hermanas-de-la-caridad-de-santa-juana-antida-thouret\/#primaryimage"},"image":{"@id":"http:\/\/vincentians.com\/es\/las-hermanas-de-la-caridad-de-santa-juana-antida-thouret\/#primaryimage"},"thumbnailUrl":"https:\/\/i0.wp.com\/vincentians.com\/es\/wp-content\/uploads\/sites\/11\/2016\/05\/abcd.jpg?fit=1200%2C630&ssl=1","datePublished":"2024-05-23T06:46:22+00:00","breadcrumb":{"@id":"http:\/\/vincentians.com\/es\/las-hermanas-de-la-caridad-de-santa-juana-antida-thouret\/#breadcrumb"},"inLanguage":"es","potentialAction":[{"@type":"ReadAction","target":["http:\/\/vincentians.com\/es\/las-hermanas-de-la-caridad-de-santa-juana-antida-thouret\/"]}]},{"@type":"ImageObject","inLanguage":"es","@id":"http:\/\/vincentians.com\/es\/las-hermanas-de-la-caridad-de-santa-juana-antida-thouret\/#primaryimage","url":"https:\/\/i0.wp.com\/vincentians.com\/es\/wp-content\/uploads\/sites\/11\/2016\/05\/abcd.jpg?fit=1200%2C630&ssl=1","contentUrl":"https:\/\/i0.wp.com\/vincentians.com\/es\/wp-content\/uploads\/sites\/11\/2016\/05\/abcd.jpg?fit=1200%2C630&ssl=1","width":1200,"height":630},{"@type":"BreadcrumbList","@id":"http:\/\/vincentians.com\/es\/las-hermanas-de-la-caridad-de-santa-juana-antida-thouret\/#breadcrumb","itemListElement":[{"@type":"ListItem","position":1,"name":"Portada","item":"https:\/\/vincentians.com\/es\/"},{"@type":"ListItem","position":2,"name":"Las Hermanas de la Caridad de Santa Juana Antida Thouret"}]},{"@type":"WebSite","@id":"https:\/\/vincentians.com\/es\/#website","url":"https:\/\/vincentians.com\/es\/","name":"Somos Vicencianos","description":"Know more to serve more","publisher":{"@id":"https:\/\/vincentians.com\/es\/#organization"},"potentialAction":[{"@type":"SearchAction","target":{"@type":"EntryPoint","urlTemplate":"https:\/\/vincentians.com\/es\/?s={search_term_string}"},"query-input":{"@type":"PropertyValueSpecification","valueRequired":true,"valueName":"search_term_string"}}],"inLanguage":"es"},{"@type":"Organization","@id":"https:\/\/vincentians.com\/es\/#organization","name":"The Vincentian Network","url":"https:\/\/vincentians.com\/es\/","logo":{"@type":"ImageObject","inLanguage":"es","@id":"https:\/\/vincentians.com\/es\/#\/schema\/logo\/image\/","url":"https:\/\/i1.wp.com\/vincentians.com\/es\/wp-content\/uploads\/sites\/11\/2016\/06\/Vincentian-Network-logo-big.png?fit=778%2C778","contentUrl":"https:\/\/i1.wp.com\/vincentians.com\/es\/wp-content\/uploads\/sites\/11\/2016\/06\/Vincentian-Network-logo-big.png?fit=778%2C778","width":778,"height":778,"caption":"The Vincentian Network"},"image":{"@id":"https:\/\/vincentians.com\/es\/#\/schema\/logo\/image\/"},"sameAs":["https:\/\/www.facebook.com\/WeAreVincentians\/","https:\/\/x.com\/WeVincentians"]},{"@type":"Person","@id":"https:\/\/vincentians.com\/es\/#\/schema\/person\/9623ef4d9aa3b2dfb8c061f1499288f2","name":"Francisco Javier Fern\u00e1ndez Chento","image":{"@type":"ImageObject","inLanguage":"es","@id":"https:\/\/vincentians.com\/es\/#\/schema\/person\/image\/","url":"https:\/\/secure.gravatar.com\/avatar\/497d5cde87b4c3d097d0315953521681ba2cd523ee66e5077c3711f7021e65de?s=96&d=mm&r=g","contentUrl":"https:\/\/secure.gravatar.com\/avatar\/497d5cde87b4c3d097d0315953521681ba2cd523ee66e5077c3711f7021e65de?s=96&d=mm&r=g","caption":"Francisco Javier Fern\u00e1ndez Chento"},"description":"Director General y cofundador de La Red de Formaci\u00f3n Vicenciana. Javier es laico vicenciano, afiliado a la Congregaci\u00f3n de la Misi\u00f3n y miembro del Equipo de Misiones Populares de la provincia can\u00f3nica de Zaragoza (Espa\u00f1a) de la Congregaci\u00f3n de la Misi\u00f3n. Graduado en la Universidad Oberta de Catalunya con cuatro grados (Asistente de direcci\u00f3n, Gesti\u00f3n Administrativa, Recursos Humanos y Contabilidad Avanzada). Bil\u00edng\u00fce Espa\u00f1ol\/Ingl\u00e9s. gestiona y mantiene varias p\u00e1ginas web cristianas y vicencianas, incluida including La Red de Formaci\u00f3n Vicenciana, de la que es cofundador. Actualmente es responsable del \u00e1rea de Espa\u00f1ol de .famvin, la Red de Noticias de la Familia Vicenciana. Tambi\u00e9n es m\u00fasico cat\u00f3lico y ha editado varios discos. Es Director General y cofundador de Trovador, una reconocida compa\u00f1\u00eda discogr\u00e1fica critiana de Espa\u00f1a. Trabaja en las Tecnolog\u00edas de la Informaci\u00f3n, ofreciendo servicios de alojamiento, dise\u00f1o y mantenimiento Web, as\u00ed como asesoramiento, formaci\u00f3n y soluciones inform\u00e1ticas, gesti\u00f3n documental y digitalizaci\u00f3n de textos, edici\u00f3n y maquetaci\u00f3n de libros, revistas, flyers, etc.","sameAs":["http:\/\/chento.org","https:\/\/www.facebook.com\/JavierChento","https:\/\/x.com\/https:\/\/twitter.com\/javierchento"],"url":"https:\/\/vincentians.com\/es\/author\/chento\/"}]}},"jetpack_publicize_connections":[],"jetpack_featured_media_url":"https:\/\/i0.wp.com\/vincentians.com\/es\/wp-content\/uploads\/sites\/11\/2016\/05\/abcd.jpg?fit=1200%2C630&ssl=1","jetpack_sharing_enabled":true,"jetpack_shortlink":"https:\/\/wp.me\/p7ETMF-8jZ","jetpack-related-posts":[{"id":37151,"url":"https:\/\/vincentians.com\/es\/juana-antida-thouret\/","url_meta":{"origin":31991,"position":0},"title":"Santa Juana Antida Thouret","author":"Francisco Javier Fern\u00e1ndez Chento","date":"23\/05\/2024","format":false,"excerpt":"Vida Juana Antida Thouret, nace el 27 de noviembre de 1765 en Sanceyle-Long, di\u00f3cesis de Besan\u00e7on, Francia. Desde ni\u00f1a se enfrenta a las dificultades debido a su madre enferma, que muere cuando Juana tiene 14 a\u00f1os y le obliga a hacerse totalmente responsable de su casa, motivo por el que\u2026","rel":"","context":"En \u00abJuana Antida Thouret\u00bb","block_context":{"text":"Juana Antida Thouret","link":"https:\/\/vincentians.com\/es\/category\/la-familia-vicenciana\/la-familia-vicenciana-en-los-altares\/santos\/juana-antida-thouret\/"},"img":{"alt_text":"","src":"https:\/\/i0.wp.com\/vincentians.com\/es\/wp-content\/uploads\/sites\/11\/2016\/05\/abcd.jpg?fit=1200%2C630&ssl=1&resize=350%2C200","width":350,"height":200,"srcset":"https:\/\/i0.wp.com\/vincentians.com\/es\/wp-content\/uploads\/sites\/11\/2016\/05\/abcd.jpg?fit=1200%2C630&ssl=1&resize=350%2C200 1x, https:\/\/i0.wp.com\/vincentians.com\/es\/wp-content\/uploads\/sites\/11\/2016\/05\/abcd.jpg?fit=1200%2C630&ssl=1&resize=525%2C300 1.5x, https:\/\/i0.wp.com\/vincentians.com\/es\/wp-content\/uploads\/sites\/11\/2016\/05\/abcd.jpg?fit=1200%2C630&ssl=1&resize=700%2C400 2x, https:\/\/i0.wp.com\/vincentians.com\/es\/wp-content\/uploads\/sites\/11\/2016\/05\/abcd.jpg?fit=1200%2C630&ssl=1&resize=1050%2C600 3x"},"classes":[]},{"id":33744,"url":"https:\/\/vincentians.com\/es\/experiencia-de-vida-de-santa-juana-antida-thouret\/","url_meta":{"origin":31991,"position":1},"title":"Experiencia de vida de Santa Juana Antida Thouret","author":"Francisco Javier Fern\u00e1ndez Chento","date":"23\/05\/2023","format":false,"excerpt":"\"Vicente de Pa\u00fal: Padre, modelo, especial protector\" Juana Antida Thouret nace en el peque\u00f1o pueblo de Sancey, en el Condado Franc\u00e9s, di\u00f3cesis de Besan\u00e7on, el 27 de noviembre de 1765, dentro de una familia profundamente cristiana. En edad muy temprana \"siente una fuerte inclinaci\u00f3n al estado religioso m\u00e1s austero y\u2026","rel":"","context":"En \u00abJuana Antida Thouret\u00bb","block_context":{"text":"Juana Antida Thouret","link":"https:\/\/vincentians.com\/es\/category\/la-familia-vicenciana\/la-familia-vicenciana-en-los-altares\/santos\/juana-antida-thouret\/"},"img":{"alt_text":"","src":"","width":0,"height":0},"classes":[]},{"id":37157,"url":"https:\/\/vincentians.com\/es\/del-monasterio-a-la-calle-del-claustro-a-los-incurables\/","url_meta":{"origin":31991,"position":2},"title":"Del monasterio a la calle, del claustro a los incurables","author":"Francisco Javier Fern\u00e1ndez Chento","date":"01\/10\/2014","format":false,"excerpt":"En el claustro de Regina-Coeli Primera religiosa de vida apost\u00f3lica en el N\u00e1poles del siglo XIX, Juana Antida \"instala\", de manera duradera y estable, el modelo de Vida Religiosa \"apost\u00f3lica\" al estilo vicenciano, hasta entonces desconocida en el Reino de N\u00e1poles, que vio incluso en el pasado, con altibajos, algunas\u2026","rel":"","context":"En \u00abJuana Antida Thouret\u00bb","block_context":{"text":"Juana Antida Thouret","link":"https:\/\/vincentians.com\/es\/category\/la-familia-vicenciana\/la-familia-vicenciana-en-los-altares\/santos\/juana-antida-thouret\/"},"img":{"alt_text":"","src":"https:\/\/i0.wp.com\/vicencianos.org\/wp-content\/2011\/05\/juana_antida_thouret.jpg?resize=350%2C200","width":350,"height":200},"classes":[]},{"id":16061,"url":"https:\/\/vincentians.com\/es\/tal-dia-como-hoy-21-de-abril\/","url_meta":{"origin":31991,"position":3},"title":"Tal d\u00eda como hoy: 21 de abril","author":"Francisco Javier Fern\u00e1ndez Chento","date":"21\/04\/2017","format":false,"excerpt":"1656. Conferencia de Vicente de Pa\u00fal en San L\u00e1zaro sobre los viajes, los motivos para comportarse bien en los mismos, y lo que se debe hacer, ya sea en el camino o en las hosteler\u00edas y tanto en relaci\u00f3n con el pr\u00f3jimo como entre los misioneros, para glorificar a Dios,\u2026","rel":"","context":"En \u00abEfem\u00e9rides Vicencianas\u00bb","block_context":{"text":"Efem\u00e9rides Vicencianas","link":"https:\/\/vincentians.com\/es\/category\/historia-de-la-familia-vicenciana\/efemerides-vicencianas\/"},"img":{"alt_text":"","src":"https:\/\/i0.wp.com\/vincentians.com\/es\/wp-content\/uploads\/sites\/11\/2016\/07\/ephemerides-fb.jpg?fit=1200%2C630&ssl=1&resize=350%2C200","width":350,"height":200,"srcset":"https:\/\/i0.wp.com\/vincentians.com\/es\/wp-content\/uploads\/sites\/11\/2016\/07\/ephemerides-fb.jpg?fit=1200%2C630&ssl=1&resize=350%2C200 1x, https:\/\/i0.wp.com\/vincentians.com\/es\/wp-content\/uploads\/sites\/11\/2016\/07\/ephemerides-fb.jpg?fit=1200%2C630&ssl=1&resize=525%2C300 1.5x, https:\/\/i0.wp.com\/vincentians.com\/es\/wp-content\/uploads\/sites\/11\/2016\/07\/ephemerides-fb.jpg?fit=1200%2C630&ssl=1&resize=700%2C400 2x, https:\/\/i0.wp.com\/vincentians.com\/es\/wp-content\/uploads\/sites\/11\/2016\/07\/ephemerides-fb.jpg?fit=1200%2C630&ssl=1&resize=1050%2C600 3x"},"classes":[]},{"id":96096,"url":"https:\/\/vincentians.com\/es\/descendencia-espiritual-de-san-vicente-de-paul\/","url_meta":{"origin":31991,"position":4},"title":"Descendencia espiritual de San Vicente de Pa\u00fal","author":"Francisco Javier Fern\u00e1ndez Chento","date":"04\/12\/2013","format":false,"excerpt":"Entre las comunidades que, en Francia, tienen un lazo pr\u00f3ximo o lejano con las fundaciones de San Vicente de Pa\u00fal, hay que distinguir: Las que fueron instituidas o se desarrollaron, en sus or\u00edgenes, bajo el m\u00f3vil m\u00e1s o menos directo de San Vicente. Las Hijas de la Caridad, instituidas por\u2026","rel":"","context":"En \u00abFormaci\u00f3n Vicenciana\u00bb","block_context":{"text":"Formaci\u00f3n Vicenciana","link":"https:\/\/vincentians.com\/es\/category\/formacion-vicenciana\/"},"img":{"alt_text":"","src":"https:\/\/i0.wp.com\/vicencianos.org\/wp-content\/2012\/07\/f26-150x300.jpg?resize=350%2C200","width":350,"height":200},"classes":[]},{"id":38384,"url":"https:\/\/vincentians.com\/es\/el-rostro-de-los-pobres\/","url_meta":{"origin":31991,"position":5},"title":"El rostro de los pobres","author":"Francisco Javier Fern\u00e1ndez Chento","date":"13\/08\/2014","format":false,"excerpt":"Juana Antida lleg\u00f3 a N\u00e1poles en un tiempo fuertemente cr\u00edtico, con una pobreza que alcanz\u00f3 su nivel m\u00e1s alto de resistencia. Las carest\u00edas se sucedieron con ritmos vertiginosos; los precios aumentaban; las fiebres col\u00e9ricas se multiplicaron. Muy elevada fue, por consiguiente, la mortalidad, siempre superior a la natalidad de aquellos\u2026","rel":"","context":"En \u00abJuana Antida Thouret\u00bb","block_context":{"text":"Juana Antida Thouret","link":"https:\/\/vincentians.com\/es\/category\/la-familia-vicenciana\/la-familia-vicenciana-en-los-altares\/santos\/juana-antida-thouret\/"},"img":{"alt_text":"","src":"https:\/\/i0.wp.com\/vicencianos.org\/wp-content\/2011\/05\/juana_antida1-175x300.jpg?resize=350%2C200","width":350,"height":200},"classes":[]}],"_links":{"self":[{"href":"https:\/\/vincentians.com\/es\/wp-json\/wp\/v2\/posts\/31991","targetHints":{"allow":["GET"]}}],"collection":[{"href":"https:\/\/vincentians.com\/es\/wp-json\/wp\/v2\/posts"}],"about":[{"href":"https:\/\/vincentians.com\/es\/wp-json\/wp\/v2\/types\/post"}],"author":[{"embeddable":true,"href":"https:\/\/vincentians.com\/es\/wp-json\/wp\/v2\/users\/4"}],"replies":[{"embeddable":true,"href":"https:\/\/vincentians.com\/es\/wp-json\/wp\/v2\/comments?post=31991"}],"version-history":[{"count":3,"href":"https:\/\/vincentians.com\/es\/wp-json\/wp\/v2\/posts\/31991\/revisions"}],"predecessor-version":[{"id":401773,"href":"https:\/\/vincentians.com\/es\/wp-json\/wp\/v2\/posts\/31991\/revisions\/401773"}],"wp:featuredmedia":[{"embeddable":true,"href":"https:\/\/vincentians.com\/es\/wp-json\/wp\/v2\/media\/400848"}],"wp:attachment":[{"href":"https:\/\/vincentians.com\/es\/wp-json\/wp\/v2\/media?parent=31991"}],"wp:term":[{"taxonomy":"category","embeddable":true,"href":"https:\/\/vincentians.com\/es\/wp-json\/wp\/v2\/categories?post=31991"},{"taxonomy":"post_tag","embeddable":true,"href":"https:\/\/vincentians.com\/es\/wp-json\/wp\/v2\/tags?post=31991"}],"curies":[{"name":"wp","href":"https:\/\/api.w.org\/{rel}","templated":true}]}}