{"id":31242,"date":"2021-11-07T07:30:14","date_gmt":"2021-11-07T06:30:14","guid":{"rendered":"http:\/\/somos.vicencianos.org\/?p=31242"},"modified":"2021-07-15T12:08:49","modified_gmt":"2021-07-15T10:08:49","slug":"otra-mirada-a-la-mansedumbre","status":"publish","type":"post","link":"https:\/\/vincentians.com\/es\/otra-mirada-a-la-mansedumbre\/","title":{"rendered":"Otra mirada a la mansedumbre"},"content":{"rendered":"<p>La mansedumbre, o <em>douceur<\/em>, es la tercera de las cinco virtudes caracter\u00edsticas de la Congregaci\u00f3n de la Misi\u00f3n.<span id='easy-footnote-1-31242' class='easy-footnote-margin-adjust'><\/span><span class='easy-footnote'><a href='https:\/\/vincentians.com\/es\/otra-mirada-a-la-mansedumbre\/#easy-footnote-bottom-1-31242' title='He titulado este art\u00edculo \u00ab\u2039Otra\u203a mirada a la mansedumbre\u00bb, dado que ya he tratado este tema, en un estudio anterior. Cf. R. Maloney, \u00abFive Characteristic Virtues: Yesterday and Today\u00bb en &lt;em&gt;\u00abThe Way of Vincent de Paul &lt;\/em&gt;\u00bb (New York: New City Press, 1992) 37-69.'><sup>1<\/sup><\/a><\/span> Es tambi\u00e9n una de las virtudes en las que m\u00e1s insisti\u00f3 San Vicente en sus Conferencias a las Hijas de la Caridad. \u00abPorque, \u00bfqu\u00e9 es la caridad -les dice- sino el amor y la mansedumbre o <em>douceur?\u00bb<\/em>.<span id='easy-footnote-2-31242' class='easy-footnote-margin-adjust'><\/span><span class='easy-footnote'><a href='https:\/\/vincentians.com\/es\/otra-mirada-a-la-mansedumbre\/#easy-footnote-bottom-2-31242' title='SV IX, 267 \/&lt;em&gt;253&lt;\/em&gt;'><sup>2<\/sup><\/a><\/span>\n<p>San Vicente utiliza esta palabra casi 400 veces en sus cartas y conferencias, con diversos matices. En el texto latino de la Reglas Comunes, usa la palabra <em>mansuetudo<\/em><span id='easy-footnote-3-31242' class='easy-footnote-margin-adjust'><\/span><span class='easy-footnote'><a href='https:\/\/vincentians.com\/es\/otra-mirada-a-la-mansedumbre\/#easy-footnote-bottom-3-31242' title='CR II, 14.'><sup>3<\/sup><\/a><\/span> para expresar el mismo concepto.<\/p>\n<p>Es muy dif\u00edcil traducir <em>douceur<\/em> al ingl\u00e9s. La traducci\u00f3n literal ser\u00eda, por supuesto, <em>sweetness<\/em> (dulzura). Pero, en el ingl\u00e9s contempor\u00e1neo, esto raramente encaja.<span id='easy-footnote-4-31242' class='easy-footnote-margin-adjust'><\/span><span class='easy-footnote'><a href='https:\/\/vincentians.com\/es\/otra-mirada-a-la-mansedumbre\/#easy-footnote-bottom-4-31242' title='De hecho, sin embargo, &lt;em&gt;sweetness (dulzura) &lt;\/em&gt;tiene una noble historia en la lengua inglesa. Shakespeare no duda usarla como saludo afectuoso: \u00abGoodnight, sweet prince\u00bb (&lt;em&gt;Hamlet,&lt;\/em&gt; Acto. V, Scena 2, l\u00ednea 373) . Encontramos tambi\u00e9n el vocablo abundamente en las oraciones cl\u00e1sicas cristianas: &lt;em&gt;\u00abO&lt;\/em&gt; &lt;em&gt;clement,&lt;\/em&gt; &lt;em&gt;o loving,&lt;\/em&gt; &lt;em&gt;o sweet Virgin Mary\u00bb. &lt;\/em&gt; Es com\u00fan en cantos religiosos: &lt;em&gt;\u00abSweet Little Jesus Lord\u00bb, \u00abGoodnight, Sweet Jesus\u00bb. &lt;\/em&gt;A las canciones populares les encanta la palabra: &lt;em&gt;\u00abSweet Georgia Brown\u00bb.&lt;\/em&gt; Su uso contin\u00faa, y es aceptado, en nuestros d\u00edas en algunas frases corrientes: &lt;em&gt;\u00abSweet sixteen,\u00bb \u00abmy sweetheart\u00bb. &lt;\/em&gt;De hecho, mi cu\u00f1ado llama siempre a mi hermana&lt;em&gt; \u00abSweetie\u00bb&lt;\/em&gt;.'><sup>4<\/sup><\/a><\/span> Hoy <em>sweetnes <\/em>tiene connotaciones ambiguas en ingl\u00e9s, especialmente al describir a las personas. Aunque todav\u00eda se puede usar apropiadamente en algunas circunstancias, su uso va siendo cada vez m\u00e1s limitado. Algunas veces tiene connotaciones afeminadas. En italiano, no se vacilar\u00eda en decir que el car\u00e1cter de un hombre es <em>dolcissimo<\/em>, pero en ingl\u00e9s uno se lo pensar\u00eda detenidamente antes de decir que un hombre es <em>\u00abvery sweet\u00bb <\/em>(muy dulce).<\/p>\n<p>Tampoco el vocablo \u00abmansedumbre\u00bb, aunque usado ordinariamente para traducir <em>mansuetudo<\/em>, transmite suficientemente los ricos matices del t\u00e9rmino <em>douceur<\/em> empleado por San Vicente. Adem\u00e1s, con frecuencia lleva en s\u00ed una connotaci\u00f3n de timidez o falta de vigor. La m\u00e1s reciente traducci\u00f3n inglesa de las Reglas, as\u00ed como de las cartas, utiliza la mayor parte de las veces \u00ab<em>gentleness<\/em>\u00ab, que, me parece, es considerablemente mejor, porque admite matices m\u00e1s fuertes.<\/p>\n<p>El problema, sin embargo, no est\u00e1 solamente en la traducci\u00f3n de <em>douceur<\/em> como \u00abdulzura\u00bb o \u00abmansedumbre\u00bb. De hecho, la tesis de este art\u00edculo es que <em>douceur<\/em>, como es usado en las Reglas, cartas y conferencias de San Vicente, tiene una amplia gama de significados. Por consiguiente, la palabra que se usa para traducirla (en bien de la consistencia y lectura en este art\u00edculo, yo he elegido \u00ab<em>gentleness<\/em>\u00ab) debe estar complementada por diversas palabras y frases. Yo ofrezco la siguiente exploraci\u00f3n de los varios significados de la palabra <em>douceur<\/em> como ayuda a aquellos que quieran \u00abrevestirse\u00bb de esta virtud, que San Vicente consider\u00f3 tan importante.<\/p>\n<h2><strong>I<\/strong> <strong>La mansedumbre seg\u00fan san Vicente<\/strong><\/h2>\n<h3><strong>1<\/strong>. <em>Es una virtud misionera<\/em><\/h3>\n<p>Es un error creer que, para San Vicente, las cinco virtudes caracter\u00edsticas eran simplemente una cuesti\u00f3n de asc\u00e9sis cristiana o de perfecci\u00f3n individual. Las escoge como caracter\u00edsticas de los <em>misioneros<\/em>. Esto se hace evidente, en el t\u00e9rmino <em>mansedumbre<\/em>, introducido por San Vicente en las Reglas Comunes. All\u00ed<span id='easy-footnote-5-31242' class='easy-footnote-margin-adjust'><\/span><span class='easy-footnote'><a href='https:\/\/vincentians.com\/es\/otra-mirada-a-la-mansedumbre\/#easy-footnote-bottom-5-31242' title='CR II, 6.'><sup>5<\/sup><\/a><\/span> afirma que el misionero, ejerciendo esta virtud, reconciliar\u00e1 el coraz\u00f3n de los hombres y mujeres, y los convertir\u00e1 al Se\u00f1or. Puesto que la reconciliaci\u00f3n de los adversarios era precisamente uno de los objetivos que San Vicente propuso para la misi\u00f3n,<span id='easy-footnote-6-31242' class='easy-footnote-margin-adjust'><\/span><span class='easy-footnote'><a href='https:\/\/vincentians.com\/es\/otra-mirada-a-la-mansedumbre\/#easy-footnote-bottom-6-31242' title='CR II, 8.'><sup>6<\/sup><\/a><\/span> \u00e9l quer\u00eda que el reconciliador pudiera permanecer sereno cuando mediaba en disputas acaloradas. Afirma, adem\u00e1s, que los misioneros, m\u00e1s que todos los dem\u00e1s sacerdotes, deben estar llenos de mansedumbre ya que su vocaci\u00f3n les llama a servir a los m\u00e1s miserables y abandonados de la sociedad.<\/p>\n<p>En muchas ocasiones San Vicente describe la<em> douceur <\/em>(dulzura) como una virtud misionera. A Fran\u00e7ois Du Coudray<span id='easy-footnote-7-31242' class='easy-footnote-margin-adjust'><\/span><span class='easy-footnote'><a href='https:\/\/vincentians.com\/es\/otra-mirada-a-la-mansedumbre\/#easy-footnote-bottom-7-31242' title='SV 1, 66 \/ &lt;em&gt;130&lt;\/em&gt;.'><sup>7<\/sup><\/a><\/span> le dice que hab\u00eda conseguido recientemente la conversi\u00f3n de tres personas, pero confiesa que ello hubiera sido imposible sin la <em>douceur <\/em>(dulzura), humildad, y paciencia. A otro sacerdote de la Misi\u00f3n<span id='easy-footnote-8-31242' class='easy-footnote-margin-adjust'><\/span><span class='easy-footnote'><a href='https:\/\/vincentians.com\/es\/otra-mirada-a-la-mansedumbre\/#easy-footnote-bottom-8-31242' title='SV IV, 52 \/ &lt;em&gt;54&lt;\/em&gt;.'><sup>8<\/sup><\/a><\/span> le dice que, al predicar las misiones, solamente podr\u00eda convencer a los pobres con <em>douceur <\/em>(dulzura) y bondad personal. \u00c9l afirma que esta es, de hecho, la raz\u00f3n por la cual ha decidido recomendar la pr\u00e1ctica de esta virtud a la Compa\u00f1\u00eda. Hablando con Philippe Le Vacher a prop\u00f3sito de su trabajo con los cautivos y esclavos en Argelia<span id='easy-footnote-9-31242' class='easy-footnote-margin-adjust'><\/span><span class='easy-footnote'><a href='https:\/\/vincentians.com\/es\/otra-mirada-a-la-mansedumbre\/#easy-footnote-bottom-9-31242' title='SV IV, 120 \/ &lt;em&gt;497.&lt;\/em&gt;'><sup>9<\/sup><\/a><\/span>, le animaba a atra\u00e9rlos por caminos de mansedumbre (<em>douces<\/em>). Expresa su temor de que el da\u00f1o que los esclavos est\u00e1n sufriendo ya en su estado de cautividad, junto con el rigor que Le Vacher quer\u00eda ejercer, podr\u00eda llevarles a la desesperaci\u00f3n.<\/p>\n<p>En 1652 Etienne Blatiron, superior en G\u00e9nova, pidi\u00f3 varias veces a San Vicente que le mandara al Se\u00f1or Ennery para dar una misi\u00f3n en C\u00f3rcega. San Vicente rehus\u00f3<span id='easy-footnote-10-31242' class='easy-footnote-margin-adjust'><\/span><span class='easy-footnote'><a href='https:\/\/vincentians.com\/es\/otra-mirada-a-la-mansedumbre\/#easy-footnote-bottom-10-31242' title='SV IV, 449 \/ &lt;em&gt;420.&lt;\/em&gt;'><sup>10<\/sup><\/a><\/span>, declarando que Ennery no era lo suficientemente manso para aquella regi\u00f3n, \u00abdonde el pueblo es maleducado y acostumbrado a la rudeza\u00bb. Recalca as\u00ed el valor misionero de la mansedumbre: \u00abaquella gente tiene que ser vencida con <em>douceur<\/em> (dulzura) y cordialidad, pues los males se curan con aquello que les es contrario\u00bb.<\/p>\n<p>De la misma manera, San Vicente dice a la Hijas de la Caridad que \u00abno hay nada que pueda cambiar los corazones m\u00e1s envenenados tanto como la mansedumbre <em>(douceur)<\/em>\u00ab<span id='easy-footnote-11-31242' class='easy-footnote-margin-adjust'><\/span><span class='easy-footnote'><a href='https:\/\/vincentians.com\/es\/otra-mirada-a-la-mansedumbre\/#easy-footnote-bottom-11-31242' title='SV IX, 261 \/ &lt;em&gt;248.&lt;\/em&gt;'><sup>11<\/sup><\/a><\/span>.<\/p>\n<p>Finalmente, en la conferencia principal sobre la mansedumbre, del 28 de Marzo de 1659, San Vicente se\u00f1ala con gran \u00e9nfasis que esta es la virtud de \u00abun verdadero misionero\u00bb<span id='easy-footnote-12-31242' class='easy-footnote-margin-adjust'><\/span><span class='easy-footnote'><a href='https:\/\/vincentians.com\/es\/otra-mirada-a-la-mansedumbre\/#easy-footnote-bottom-12-31242' title='SV XII, 189 \/ &lt;em&gt;XI, 477.&lt;\/em&gt;'><sup>12<\/sup><\/a><\/span>. Cinco meses m\u00e1s tarde, en otra conferencia sobre las cinco virtudes caracter\u00edsticas, subraya cu\u00e1n esencial es la mansedumbre al tratar con la pobre gente del campo, con frecuencia ignorante<span id='easy-footnote-13-31242' class='easy-footnote-margin-adjust'><\/span><span class='easy-footnote'><a href='https:\/\/vincentians.com\/es\/otra-mirada-a-la-mansedumbre\/#easy-footnote-bottom-13-31242' title='SV XII, 305 \/ &lt;em&gt;XI, 588&lt;\/em&gt;'><sup>13<\/sup><\/a><\/span>.<\/p>\n<h3><strong> 2.<\/strong> <em>Capacita al misionero para controlar su agresividad y encauzarla debidamente<\/em><\/h3>\n<p>Este es el tema principal de la conferencia que San Vicente dio el 28 de Marzo de 1659<span id='easy-footnote-14-31242' class='easy-footnote-margin-adjust'><\/span><span class='easy-footnote'><a href='https:\/\/vincentians.com\/es\/otra-mirada-a-la-mansedumbre\/#easy-footnote-bottom-14-31242' title='SV XII, 182ff \/ &lt;em&gt;XI, 471.&lt;\/em&gt;'><sup>14<\/sup><\/a><\/span>. Se\u00f1ala aqu\u00ed que la mansedumbre comporta varias fases. La primera fase tiene dos etapas: en la primera, la persona reprime el movimiento espont\u00e1neo de c\u00f3lera que siente, esforz\u00e1ndose en permanecer serena y razonable. Esto es dif\u00edcil, dice San Vicente a sus oyentes, pero es posible, pues aunque los movimientos de la naturaleza preceden a los de la gracia, la gracia puede dominarlos. La segunda etapa consiste en orientar la c\u00f3lera de forma apropiada. A veces puede ser importante corregir, castigar, reprender, como lo hizo Jes\u00fas con sus disc\u00edpulos. En estos casos el misionero deber\u00e1 actuar, no porque se haya dejado dominar por la ira, sino porque \u00e9l la ha dominado.<\/p>\n<p>San Vicente afirma que las personas mansas son constantes y firmes. Son capaces de juzgar rectamente. Por el contrario, los que se dejan llevar por la c\u00f3lera y la pasi\u00f3n son ordinariamente inconstantes<span id='easy-footnote-15-31242' class='easy-footnote-margin-adjust'><\/span><span class='easy-footnote'><a href='https:\/\/vincentians.com\/es\/otra-mirada-a-la-mansedumbre\/#easy-footnote-bottom-15-31242' title='SV XI, 64\/ &lt;em&gt;752.&lt;\/em&gt;'><sup>15<\/sup><\/a><\/span>. Adem\u00e1s, a\u00f1ade: \u00abcreo que s\u00f3lo a las almas que tienen mansedumbre se les concede poder discernir las cosas\u00bb<span id='easy-footnote-16-31242' class='easy-footnote-margin-adjust'><\/span><span class='easy-footnote'><a href='https:\/\/vincentians.com\/es\/otra-mirada-a-la-mansedumbre\/#easy-footnote-bottom-16-31242' title='SV XII, 190 \/ &lt;em&gt;XI, 478.&lt;\/em&gt;'><sup>16<\/sup><\/a><\/span>.<\/p>\n<h3><strong>3.<\/strong> <em>Va unida al respeto de la persona humana<\/em><\/h3>\n<p>San Vicente relaciona con frecuencia la mansedumbre y el respeto<span id='easy-footnote-17-31242' class='easy-footnote-margin-adjust'><\/span><span class='easy-footnote'><a href='https:\/\/vincentians.com\/es\/otra-mirada-a-la-mansedumbre\/#easy-footnote-bottom-17-31242' title='Cf.SV I,88; VII, 590-91; VIII,227; IX, 260ff. \/ &lt;em&gt;I, 151; VII, 501-502; VIII, 213; IX, 247.&lt;\/em&gt;'><sup>17<\/sup><\/a><\/span>. Dice a las Hijas de la Caridad que no hay caridad sin mansedumbre y respeto mutuo<span id='easy-footnote-18-31242' class='easy-footnote-margin-adjust'><\/span><span class='easy-footnote'><a href='https:\/\/vincentians.com\/es\/otra-mirada-a-la-mansedumbre\/#easy-footnote-bottom-18-31242' title='SV IX, 260 \/ &lt;em&gt;248.&lt;\/em&gt;'><sup>18<\/sup><\/a><\/span>. Exhorta a Roberto de Sergis a tratar a los criados con mansedumbre, cordialidad y profundo respeto<span id='easy-footnote-19-31242' class='easy-footnote-margin-adjust'><\/span><span class='easy-footnote'><a href='https:\/\/vincentians.com\/es\/otra-mirada-a-la-mansedumbre\/#easy-footnote-bottom-19-31242' title='SV I, 354 \/ &lt;em&gt;377.&lt;\/em&gt;'><sup>19<\/sup><\/a><\/span>.<\/p>\n<p>En una conferencia a las Hijas de la Caridad, del 19 de Agosto de 1646, sobre \u00abLa pr\u00e1ctica del respeto mutuo y de la mansedumbre, <em>(douceur)<\/em>\u00ab, San Vicente les anima a entregarse a Dios respet\u00e1ndose mutuamente. Hace notar que esto no ser\u00e1 f\u00e1cil, y por esta raz\u00f3n, les pide que se unan a \u00e9l en la oraci\u00f3n\u00bb<span id='easy-footnote-20-31242' class='easy-footnote-margin-adjust'><\/span><span class='easy-footnote'><a href='https:\/\/vincentians.com\/es\/otra-mirada-a-la-mansedumbre\/#easy-footnote-bottom-20-31242' title='SV IX, 269 \/ &lt;em&gt;255&lt;\/em&gt;.'><sup>20<\/sup><\/a><\/span>.<\/p>\n<p><em>\u00abDios m\u00edo, con todo coraz\u00f3n, por agradarte, deseo ser respetuosa y mansa con mis hermanas; y me entrego enteramente a Ti de nuevo para trabajar en ello y para ejercitarme de una manera muy distinta a como lo he hecho hasta ahora. Pero como soy d\u00e9bil y no puedo hacer nada de lo que me propongo sin tu especial asistencia, te suplico, Dios m\u00edo, por tu querido Hijo Jes\u00fas, que no es m\u00e1s que mansedumbre y amor, que me lo quieras conceder, con la gracia de no hacer nada en contra\u00bb. <\/em><\/p>\n<h3><strong> 4.<\/strong> <em>La mansedumbre debe ir acompa\u00f1ada de firmeza, especialmente en los superiores<\/em><\/h3>\n<p>San Vicente aborda frecuentemente este tema en sus cartas a Luisa de Marillac y a diversos superiores. Aconseja a menudo a Luisa que honre a Nuestro Se\u00f1or en su mansedumbre y su firmeza. En una carta que le escribe el 1 de Noviembre de 1637, le dice: \u00ab&#8230;si la dulzura de su esp\u00edritu necesita un poquito de vinagre, p\u00eddale prestado un poco de su esp\u00edritu a Nuestro Se\u00f1or. \u00a1Oh, Se\u00f1orita, qu\u00e9 bien sab\u00eda \u00c9l buscar el agridulce cuando era menester\u00bb<span id='easy-footnote-21-31242' class='easy-footnote-margin-adjust'><\/span><span class='easy-footnote'><a href='https:\/\/vincentians.com\/es\/otra-mirada-a-la-mansedumbre\/#easy-footnote-bottom-21-31242' title='SV I, 393 \/ &lt;em&gt;408&lt;\/em&gt;.'><sup>21<\/sup><\/a><\/span>. Al confiar al Padre Portail la direcci\u00f3n de un equipo misionero en 1632, le anima a honrar <em>la douceur et l&#8217;exactitude<\/em> de Nuestro Se\u00f1or<span id='easy-footnote-22-31242' class='easy-footnote-margin-adjust'><\/span><span class='easy-footnote'><a href='https:\/\/vincentians.com\/es\/otra-mirada-a-la-mansedumbre\/#easy-footnote-bottom-22-31242' title='SV I, 176 \/ &lt;em&gt;231&lt;\/em&gt;.'><sup>22<\/sup><\/a><\/span>. En una carta al superior de Nantes, Fran\u00e7ois Dufestel, San Vicente le dice que sea firme e inflexible en cuanto al fin, pero respetuoso y humilde en lo que se refiere a los medios<span id='easy-footnote-23-31242' class='easy-footnote-margin-adjust'><\/span><span class='easy-footnote'><a href='https:\/\/vincentians.com\/es\/otra-mirada-a-la-mansedumbre\/#easy-footnote-bottom-23-31242' title='SV II, 298 \/ &lt;em&gt;250&lt;\/em&gt;.'><sup>23<\/sup><\/a><\/span>. Le da casi literalmente el mismo consejo en una carta escrita con cuatro d\u00edas de intervalo a Jean Gu\u00e9rin<span id='easy-footnote-24-31242' class='easy-footnote-margin-adjust'><\/span><span class='easy-footnote'><a href='https:\/\/vincentians.com\/es\/otra-mirada-a-la-mansedumbre\/#easy-footnote-bottom-24-31242' title='SV II, 300 \/ &lt;em&gt;252.&lt;\/em&gt;'><sup>24<\/sup><\/a><\/span> y lo repite en otra carta a Gu\u00e9rin cuatro meses m\u00e1s tarde<span id='easy-footnote-25-31242' class='easy-footnote-margin-adjust'><\/span><span class='easy-footnote'><a href='https:\/\/vincentians.com\/es\/otra-mirada-a-la-mansedumbre\/#easy-footnote-bottom-25-31242' title='SV II, 355 \/ &lt;em&gt;302&lt;\/em&gt;.'><sup>25<\/sup><\/a><\/span>. Vuelve al mismo tema en una carta a Etienne Blatiron, superior de G\u00e9nova, el 9 de septiembre, 1650<span id='easy-footnote-26-31242' class='easy-footnote-margin-adjust'><\/span><span class='easy-footnote'><a href='https:\/\/vincentians.com\/es\/otra-mirada-a-la-mansedumbre\/#easy-footnote-bottom-26-31242' title='SV IV, 75 \/ &lt;em&gt;74&lt;\/em&gt;.'><sup>26<\/sup><\/a><\/span>, as\u00ed como a Louis Dupont, superior de Tr\u00e9guier, el 16 de febrero, 1656<span id='easy-footnote-27-31242' class='easy-footnote-margin-adjust'><\/span><span class='easy-footnote'><a href='https:\/\/vincentians.com\/es\/otra-mirada-a-la-mansedumbre\/#easy-footnote-bottom-27-31242' title='SV, V 552 \/ &lt;em&gt;526&lt;\/em&gt;.'><sup>27<\/sup><\/a><\/span>.<\/p>\n<p>Usando una expresi\u00f3n cl\u00e1sica en una carta a Denis Laudin, el 7 de agosto, 1958 le anima a imitar el esp\u00edritu de Nuestro Se\u00f1or que es a la vez <em>suave et ferme<\/em><span id='easy-footnote-28-31242' class='easy-footnote-margin-adjust'><\/span><span class='easy-footnote'><a href='https:\/\/vincentians.com\/es\/otra-mirada-a-la-mansedumbre\/#easy-footnote-bottom-28-31242' title='SV VII, 226 \/ &lt;em&gt;197.&lt;\/em&gt;'><sup>28<\/sup><\/a><\/span>.<\/p>\n<p>San Vicente resumi\u00f3 cuidadosamente todo esto en su consejo al director de un seminario<span id='easy-footnote-29-31242' class='easy-footnote-margin-adjust'><\/span><span class='easy-footnote'><a href='https:\/\/vincentians.com\/es\/otra-mirada-a-la-mansedumbre\/#easy-footnote-bottom-29-31242' title='SV IV, 597 \/ &lt;em&gt;555&lt;\/em&gt;.'><sup>29<\/sup><\/a><\/span>:<\/p>\n<p><em>\u00abHay <\/em> <em>que ser firmes sin ser duros en nuestra actuaci\u00f3n y evitar una mansedumbre fofa que no sirve para nada. Es de Nuestro Se\u00f1or de quien podremos aprender c\u00f3mo hemos de proceder siempre con humildad y con gracia, para atraerle los corazones sin cansar a nadie\u00bb. <\/em><\/p>\n<p>Joseph Leonard, en una traducci\u00f3n hace ya algunos a\u00f1os, expres\u00f3 este texto en ingl\u00e9s de la siguiente manera: \u00abNamby-pamby mildnes, that is useless, should be avoided!\u00bb [\u00abuna \u00f1o\u00f1a-sosa templanza, que es in\u00fatil, debe evitarse\u00bb].<span id='easy-footnote-30-31242' class='easy-footnote-margin-adjust'><\/span><span class='easy-footnote'><a href='https:\/\/vincentians.com\/es\/otra-mirada-a-la-mansedumbre\/#easy-footnote-bottom-30-31242' title='Joseph Leonard, &lt;em&gt;St. Vincent&lt;\/em&gt;&lt;em&gt; and Mental Prayer &lt;\/em&gt;(New York: Benziger Brothers, 1925) 177.'><sup>30<\/sup><\/a><\/span>\n<h3><strong>5. <\/strong><em>Mansedumbre significa tambi\u00e9n afabilidad, cordialidad, afectuosidad, accesibilidad<\/em><\/h3>\n<p>As\u00ed es como San Vicente describe frecuentemente la mansedumbre (<em>douceur)<\/em> al hablar de las relaciones con los pobres o dentro de la Comunidad.<\/p>\n<p>Cordialidad es una de las palabras claves que utiliza para describir las buenas relaciones<span id='easy-footnote-31-31242' class='easy-footnote-margin-adjust'><\/span><span class='easy-footnote'><a href='https:\/\/vincentians.com\/es\/otra-mirada-a-la-mansedumbre\/#easy-footnote-bottom-31-31242' title='SV 1, 112; IV, 51, 113, 341, 449; VI, 29; IX, 261 \/ &lt;em&gt;I, 174; IV, 53; 114, 325, 420; VI, 33; IX, 248.&lt;\/em&gt;'><sup>31<\/sup><\/a><\/span>. La pone entre los medios para perseverar en la propia vocaci\u00f3n<span id='easy-footnote-32-31242' class='easy-footnote-margin-adjust'><\/span><span class='easy-footnote'><a href='https:\/\/vincentians.com\/es\/otra-mirada-a-la-mansedumbre\/#easy-footnote-bottom-32-31242' title='SV XI, 109 \/ &lt;em&gt;34&lt;\/em&gt;.'><sup>32<\/sup><\/a><\/span>, declarando que el misionero perseverar\u00e1 si vive en profundidad la caridad y la cordialidad con sus hermanos.<\/p>\n<p>Une cordialidad y afabilidad, diciendo que ambas son especialmente necesarias cuando se trabaja entre las pobres gentes del campo<span id='easy-footnote-33-31242' class='easy-footnote-margin-adjust'><\/span><span class='easy-footnote'><a href='https:\/\/vincentians.com\/es\/otra-mirada-a-la-mansedumbre\/#easy-footnote-bottom-33-31242' title='SV XI, 68 \/ &lt;em&gt;756&lt;\/em&gt;.'><sup>33<\/sup><\/a><\/span>. Para \u00e9l la afabilidad es el alma de una buena conversaci\u00f3n y la convierte no solamente en \u00fatil, sino tambi\u00e9n en agradable. En su principal conferencia sobre la mansedumbre, dice que el segundo acto de ser manso <em>(douce)<\/em> (despu\u00e9s de controlar y encauzar bien la c\u00f3lera) es la afabilidad y la cordialidad<span id='easy-footnote-34-31242' class='easy-footnote-margin-adjust'><\/span><span class='easy-footnote'><a href='https:\/\/vincentians.com\/es\/otra-mirada-a-la-mansedumbre\/#easy-footnote-bottom-34-31242' title='SV XII, 189 \/ &lt;em&gt;XI, 477.&lt;\/em&gt;'><sup>34<\/sup><\/a><\/span>.<\/p>\n<p>San Vicente est\u00e1 convencido de que la afectuosidad y la accesibilidad son especialmente necesarias a los que ocupan puestos importantes en la Iglesia:<\/p>\n<p><em>Pod\u00e9is ver por propia experiencia c\u00f3mo esta actitud conquista y atrae los corazones; por el contrario pod\u00e9is observar en las personas que ocupan alg\u00fan cargo que, cuando son demasiado serias y fr\u00edas, todos las temen y huyen de ellas. Y como nosotros tenemos que trabajar con los pobres del campo, con los se\u00f1ores ordenandos, con los ejercitantes y con toda clase de personas, no es posible que podamos producir buenos frutos si somos como esas tierras resecas que s\u00f3lo tienen cardos\u00bb<\/em>.<span id='easy-footnote-35-31242' class='easy-footnote-margin-adjust'><\/span><span class='easy-footnote'><a href='https:\/\/vincentians.com\/es\/otra-mirada-a-la-mansedumbre\/#easy-footnote-bottom-35-31242' title='SV XII, 189 \/ &lt;em&gt;XI, 477-478.&lt;\/em&gt;'><sup>35<\/sup><\/a><\/span><em><br \/>\n<\/em><\/p>\n<h2><strong>6.<\/strong> <em>La mansedumbre implica alegr\u00eda y paz<\/em><\/h2>\n<p>San Vicente dice a las Hijas de la Caridad que, cuando una persona tiene alegr\u00eda en su coraz\u00f3n, no la puede ocultar. Las gentes la ven en su rostro y dan gracias al Se\u00f1or por haberla conocido<span id='easy-footnote-36-31242' class='easy-footnote-margin-adjust'><\/span><span class='easy-footnote'><a href='https:\/\/vincentians.com\/es\/otra-mirada-a-la-mansedumbre\/#easy-footnote-bottom-36-31242' title='SV X, 487 \/ &lt;em&gt;IX. 1037.&lt;\/em&gt;'><sup>36<\/sup><\/a><\/span>.<\/p>\n<p>En los escritos de San Vicente sobre este tema, la palabra clave es <em>gai <\/em>(alegre)<span id='easy-footnote-37-31242' class='easy-footnote-margin-adjust'><\/span><span class='easy-footnote'><a href='https:\/\/vincentians.com\/es\/otra-mirada-a-la-mansedumbre\/#easy-footnote-bottom-37-31242' title='La palabra &lt;em&gt;gay &lt;\/em&gt;en ingl\u00e9s, como todos los lectores de habla inglesa reconocen, ha experimentado una notable transformaci\u00f3n en las d\u00e9cadas recientes, hoy muy a menudo significa &lt;em&gt;homosexual&lt;\/em&gt;.'><sup>37<\/sup><\/a><\/span>. Como Santa Luisa era de car\u00e1cter m\u00e1s bien serio, San Vicente la exhortaba a menudo a estar <em>gai<\/em> (alegre). En 1631, antes de emprender un viaje, San Vicente le dice: \u00abHonre la tranquilidad de Su alma y la de su Santa Madre y mant\u00e9ngase alegre en su viaje, ya que tiene gran motivo para ello en el trabajo en que Nuestro Se\u00f1or la emplea\u00bb<span id='easy-footnote-38-31242' class='easy-footnote-margin-adjust'><\/span><span class='easy-footnote'><a href='https:\/\/vincentians.com\/es\/otra-mirada-a-la-mansedumbre\/#easy-footnote-bottom-38-31242' title='SV I, 102 \/ &lt;em&gt;165.&lt;\/em&gt;'><sup>38<\/sup><\/a><\/span>. En otra ocasi\u00f3n, cuando va a partir con la euf\u00f3rica Se\u00f1ora Goussault, le escribe: \u00ab&#8230; le ruego que est\u00e9 siempre alegre con ella, aunque tenga que disminuir un poco esa peque\u00f1a seriedad que la naturaleza le ha dado y que la gracia endulza por la misericordia de Dios\u00bb<span id='easy-footnote-39-31242' class='easy-footnote-margin-adjust'><\/span><span class='easy-footnote'><a href='https:\/\/vincentians.com\/es\/otra-mirada-a-la-mansedumbre\/#easy-footnote-bottom-39-31242' title='SV I, 502 \/ &lt;em&gt;499.&lt;\/em&gt;'><sup>39<\/sup><\/a><\/span>. Le recomienda a menudo que busque la paz de esp\u00edritu y de coraz\u00f3n que caracteriz\u00f3 a la Sant\u00edsima Virgen y a Nuestro Se\u00f1or<span id='easy-footnote-40-31242' class='easy-footnote-margin-adjust'><\/span><span class='easy-footnote'><a href='https:\/\/vincentians.com\/es\/otra-mirada-a-la-mansedumbre\/#easy-footnote-bottom-40-31242' title='SV I, 111, 114, 571 \/ &lt;em&gt;173, 175, 557.&lt;\/em&gt;'><sup>40<\/sup><\/a><\/span>.<\/p>\n<p>Durante el retiro anual de 1632 San Vicente exhortaba a los misioneros a tener un gran respeto mutuo durante el tiempo de recreo y a estar alegres <em>(gai)<\/em>. Aconseja a un Superior a conformar su conducta a la de Nuestro Se\u00f1or, que estaba llena de humildad, de mansedumbre, preocup\u00e1ndose siempre de los dem\u00e1s y acomod\u00e1ndose a su humor y a las debilidades de todos<span id='easy-footnote-41-31242' class='easy-footnote-margin-adjust'><\/span><span class='easy-footnote'><a href='https:\/\/vincentians.com\/es\/otra-mirada-a-la-mansedumbre\/#easy-footnote-bottom-41-31242' title='SV IV, 581 \/ &lt;em&gt;541.&lt;\/em&gt;'><sup>41<\/sup><\/a><\/span>.<\/p>\n<p>Aconseja constantemente a las Hijas de la Caridad que est\u00e9n alegres y sonrientes en el servicio a los pobres. En cierta ocasi\u00f3n dijo a Sta. Luisa<span id='easy-footnote-42-31242' class='easy-footnote-margin-adjust'><\/span><span class='easy-footnote'><a href='https:\/\/vincentians.com\/es\/otra-mirada-a-la-mansedumbre\/#easy-footnote-bottom-42-31242' title='SV I, 114 \/ &lt;em&gt;175&lt;\/em&gt;.'><sup>42<\/sup><\/a><\/span> :\u00bbEl Reino de Dios es paz en el Esp\u00edritu Santo. \u00c9l reinar\u00e1 en usted, si su coraz\u00f3n est\u00e1 en paz. Por tanto, mantenga la paz, Se\u00f1orita, y as\u00ed honrar\u00e1 de una manera soberana al Dios de la paz y del amor.\u00bb<\/p>\n<h3><strong>7.<\/strong> <em>La mansedumbre implica paciencia y perd\u00f3n<\/em><\/h3>\n<p><em>\u00abSupport\u00bb <\/em>(paciencia) es aqu\u00ed la palabra clave francesa.<\/p>\n<p>San Vicente anima a Etienne Blatir\u00f3n a que trate a un cohermano problem\u00e1tico con mansedumbre y paciencia, porque est\u00e1 en conformidad con el esp\u00edritu de Nuestro Se\u00f1or<span id='easy-footnote-43-31242' class='easy-footnote-margin-adjust'><\/span><span class='easy-footnote'><a href='https:\/\/vincentians.com\/es\/otra-mirada-a-la-mansedumbre\/#easy-footnote-bottom-43-31242' title='SV III, 383 \/ &lt;em&gt;351&lt;\/em&gt;.'><sup>43<\/sup><\/a><\/span>. A Bernard Codoing le dice que muestre a dos cohermanos, con quienes ten\u00eda dificultades, la mansedumbre y paciencia recomendadas por Nuestro Se\u00f1or<span id='easy-footnote-44-31242' class='easy-footnote-margin-adjust'><\/span><span class='easy-footnote'><a href='https:\/\/vincentians.com\/es\/otra-mirada-a-la-mansedumbre\/#easy-footnote-bottom-44-31242' title='SV III, 469 \/ &lt;em&gt;427.&lt;\/em&gt;'><sup>44<\/sup><\/a><\/span>. Repite el mismo consejo a Marc Cogl\u00e9e, superior en Sedan<span id='easy-footnote-45-31242' class='easy-footnote-margin-adjust'><\/span><span class='easy-footnote'><a href='https:\/\/vincentians.com\/es\/otra-mirada-a-la-mansedumbre\/#easy-footnote-bottom-45-31242' title='SV IV, 51 \/ &lt;em&gt;53&lt;\/em&gt;.'><sup>45<\/sup><\/a><\/span>, a Louis Dupont superior en Tr\u00e9guier<span id='easy-footnote-46-31242' class='easy-footnote-margin-adjust'><\/span><span class='easy-footnote'><a href='https:\/\/vincentians.com\/es\/otra-mirada-a-la-mansedumbre\/#easy-footnote-bottom-46-31242' title='SV V, 605 \/ &lt;em&gt;573.&lt;\/em&gt;'><sup>46<\/sup><\/a><\/span>, as\u00ed como a Pierre Cabel<span id='easy-footnote-47-31242' class='easy-footnote-margin-adjust'><\/span><span class='easy-footnote'><a href='https:\/\/vincentians.com\/es\/otra-mirada-a-la-mansedumbre\/#easy-footnote-bottom-47-31242' title='SV VII, 201 \/ &lt;em&gt;177.&lt;\/em&gt;'><sup>47<\/sup><\/a><\/span> y a Firmin Get<span id='easy-footnote-48-31242' class='easy-footnote-margin-adjust'><\/span><span class='easy-footnote'><a href='https:\/\/vincentians.com\/es\/otra-mirada-a-la-mansedumbre\/#easy-footnote-bottom-48-31242' title='SV VII, 594 \/&lt;em&gt; 504&lt;\/em&gt;.'><sup>48<\/sup><\/a><\/span>.<\/p>\n<p>En la conferencia sobre \u00abLas cinco virtudes caracter\u00edsticas de la Compa\u00f1\u00eda\u00bb pronunciada el 22 de Agosto, 1959, afirma que la mansedumbre y la tolerancia son necesarias tanto en la vida comunitaria como en el servicio al pr\u00f3jimo<span id='easy-footnote-49-31242' class='easy-footnote-margin-adjust'><\/span><span class='easy-footnote'><a href='https:\/\/vincentians.com\/es\/otra-mirada-a-la-mansedumbre\/#easy-footnote-bottom-49-31242' title='SV XII, 306 \/ &lt;em&gt;XI, 589.&lt;\/em&gt;'><sup>49<\/sup><\/a><\/span>. Esto supone soportar las ofensas con valor y perdonarlas. De hecho, deber\u00edamos tratar amablemente a\u00fan a aquellos que nos injurian. San Vicente exhorta as\u00ed a los misioneros:<\/p>\n<p><em>\u00abLa mansedumbre no solamente nos hace excusar las afrentas e injurias que recibimos, sino que incluso pide que tratemos mansamente a quienes nos maltratan, con palabras amigables y, si llegasen incluso a darnos un bofet\u00f3n, que lo suframos por Dios; es esta virtud la que produce este efecto. S\u00ed, un siervo de Dios que la posea, cuando se sienta ultrajado por alguien, ofrecer\u00e1 a su divina bondad este rudo trato y se quedar\u00e1 en paz\u00bb<\/em><span id='easy-footnote-50-31242' class='easy-footnote-margin-adjust'><\/span><span class='easy-footnote'><a href='https:\/\/vincentians.com\/es\/otra-mirada-a-la-mansedumbre\/#easy-footnote-bottom-50-31242' title='SV XII, 192 \/ &lt;em&gt;XI, 480&lt;\/em&gt;.'><sup>50<\/sup><\/a><\/span>.<\/p>\n<h3><strong>8.<\/strong> <em>La mansedumbre va unida a la humildad<\/em><\/h3>\n<p>San Vicente insiste incesantemente en este tema. Dice a Robert de Sergis<span id='easy-footnote-51-31242' class='easy-footnote-margin-adjust'><\/span><span class='easy-footnote'><a href='https:\/\/vincentians.com\/es\/otra-mirada-a-la-mansedumbre\/#easy-footnote-bottom-51-31242' title='SV I, 536; cf. I, 528 \/ &lt;em&gt;528; 520.&lt;\/em&gt;'><sup>51<\/sup><\/a><\/span>. \u00abEl Esp\u00edritu de Nuestro Se\u00f1or, es un esp\u00edritu de mansedumbre y de humildad\u00bb. En las Reglas Comunes cita el texto del Evangelio de San Mateo: \u00abAprended de m\u00ed que soy manso y humilde coraz\u00f3n\u00bb (Mt. 11, 29b)<span id='easy-footnote-52-31242' class='easy-footnote-margin-adjust'><\/span><span class='easy-footnote'><a href='https:\/\/vincentians.com\/es\/otra-mirada-a-la-mansedumbre\/#easy-footnote-bottom-52-31242' title='CR II, 6.'><sup>52<\/sup><\/a><\/span>.<\/p>\n<p>En una carta al Padre Portail sobre c\u00f3mo responder a otro de los primeros miembros de la Compa\u00f1\u00eda, Fran\u00e7ois Du Coudray, le exhorta a tratarle siempre con mansedumbre y humildad<span id='easy-footnote-53-31242' class='easy-footnote-margin-adjust'><\/span><span class='easy-footnote'><a href='https:\/\/vincentians.com\/es\/otra-mirada-a-la-mansedumbre\/#easy-footnote-bottom-53-31242' title='SV II, 620&lt;strong&gt; \/ &lt;\/strong&gt;&lt;em&gt;530.&lt;\/em&gt;'><sup>53<\/sup><\/a><\/span>. A Sor Fran\u00e7oise M\u00e9nage le asegura, en una carta escrita el 12 de Febrero, 1959, que ella ser\u00e1 verdaderamente dichosa si practica la humildad, la mansedumbre y la caridad con los pobres y con las dem\u00e1s hermanas<span id='easy-footnote-54-31242' class='easy-footnote-margin-adjust'><\/span><span class='easy-footnote'><a href='https:\/\/vincentians.com\/es\/otra-mirada-a-la-mansedumbre\/#easy-footnote-bottom-54-31242' title='SV VII, 455 \/ &lt;em&gt;389.&lt;\/em&gt;'><sup>54<\/sup><\/a><\/span>.<\/p>\n<p>La Regla de las Hijas de la Caridad<span id='easy-footnote-55-31242' class='easy-footnote-margin-adjust'><\/span><span class='easy-footnote'><a href='https:\/\/vincentians.com\/es\/otra-mirada-a-la-mansedumbre\/#easy-footnote-bottom-55-31242' title='SV XIIII, 555 \/ &lt;em&gt;X 692.&lt;\/em&gt;'><sup>55<\/sup><\/a><\/span> une tambi\u00e9n estas dos virtudes, llamando a los miembros de la Compa\u00f1\u00eda a honrar a Nuestro Se\u00f1or particularmente en su pobreza, su humildad, su mansedumbre, su sencillez, y su sobriedad. De hecho, para San Vicente mansedumbre y humildad est\u00e1n tan entrelazadas que, como la prudencia y la sencillez, son \u00abhermanas gemelas\u00bb<span id='easy-footnote-56-31242' class='easy-footnote-margin-adjust'><\/span><span class='easy-footnote'><a href='https:\/\/vincentians.com\/es\/otra-mirada-a-la-mansedumbre\/#easy-footnote-bottom-56-31242' title='SV XII, 184 \/ &lt;em&gt;XI, 473.&lt;\/em&gt;'><sup>56<\/sup><\/a><\/span>.<\/p>\n<h3><strong>9.<\/strong> <em>La mansedumbre implica compasi\u00f3n por los dem\u00e1s<\/em><\/h3>\n<p>San Vicente afirma que el misionero debe estar lleno de compasi\u00f3n<span id='easy-footnote-57-31242' class='easy-footnote-margin-adjust'><\/span><span class='easy-footnote'><a href='https:\/\/vincentians.com\/es\/otra-mirada-a-la-mansedumbre\/#easy-footnote-bottom-57-31242' title='SV XI, 77 \/ &lt;em&gt;771&lt;\/em&gt;.'><sup>57<\/sup><\/a><\/span>, ya que ha sido llamado a servir a los m\u00e1s miserables, a los m\u00e1s abandonados, y a los m\u00e1s hundidos en miserias corporales y espirituales. \u00c9l une constantemente compasi\u00f3n y mansedumbre (<em>douceur)<\/em>.<\/p>\n<p>En la regla 12 de las Hijas de la Caridad \u00e9l dice: \u00abSu preocupaci\u00f3n principal debe ser servir a los pobres enfermos, trat\u00e1ndolos con compasi\u00f3n, mansedumbre, cordialidad, respeto, y devoci\u00f3n\u00bb<span id='easy-footnote-58-31242' class='easy-footnote-margin-adjust'><\/span><span class='easy-footnote'><a href='https:\/\/vincentians.com\/es\/otra-mirada-a-la-mansedumbre\/#easy-footnote-bottom-58-31242' title='SV X, 331 \/ &lt;em&gt;IX, 915.&lt;\/em&gt;'><sup>58<\/sup><\/a><\/span>. A las Hijas de la Caridad les dice que su santificaci\u00f3n consiste en observar bien sus reglas y en el verdadero esp\u00edritu de servicio a los pobres con amor, mansedumbre y compasi\u00f3n<span id='easy-footnote-59-31242' class='easy-footnote-margin-adjust'><\/span><span class='easy-footnote'><a href='https:\/\/vincentians.com\/es\/otra-mirada-a-la-mansedumbre\/#easy-footnote-bottom-59-31242' title='SV X, 353 \/ &lt;em&gt;IX, 915&lt;\/em&gt;.'><sup>59<\/sup><\/a><\/span>.<\/p>\n<p>En la conferencia del 24 de Julio, 1669, \u00abSobre las virtudes de Luisa de Marillac\u00bb, es precisamente esta mezcla de mansedumbre y compasi\u00f3n lo que una Hermana hab\u00eda observado en Luisa<span id='easy-footnote-60-31242' class='easy-footnote-margin-adjust'><\/span><span class='easy-footnote'><a href='https:\/\/vincentians.com\/es\/otra-mirada-a-la-mansedumbre\/#easy-footnote-bottom-60-31242' title='SV X, 727 \/ &lt;em&gt;IX, 932&lt;\/em&gt;.'><sup>60<\/sup><\/a><\/span>.<\/p>\n<h2><strong>II La pr\u00e1ctica de la manseumbre (<em>Doucer<\/em>) por san Vicente<\/strong><\/h2>\n<p>Adem\u00e1s de fijarnos en la teor\u00eda, siempre es \u00fatil examinar la <em>praxis.<\/em> Esto es especialmente importante en lo que concierne a San Vicente dado que, como se\u00f1al\u00e9 en un art\u00edculo anterior acerca de los votos,<span id='easy-footnote-61-31242' class='easy-footnote-margin-adjust'><\/span><span class='easy-footnote'><a href='https:\/\/vincentians.com\/es\/otra-mirada-a-la-mansedumbre\/#easy-footnote-bottom-61-31242' title='R. Maloney, \u00abThe Four Vincentian Vows: Yesterday and Today\u00bb,&lt;em&gt; Vincentiana 3 &lt;\/em&gt;(Roma: Curia Generalitia, 1990) 230-370.'><sup>61<\/sup><\/a><\/span> \u00e9l muestra una flexibilidad notable al aplicar los principios a situaciones concretas. Mas a\u00fan, la <em>praxis<\/em> de San Vicente ofrece un contexto dentro del cual los miembros de la Congregaci\u00f3n de la Misi\u00f3n y de las Hijas de la Caridad interpretaban lo que \u00e9l dec\u00eda. Cuando \u00e9l hablaba o escrib\u00eda sobre la mansedumbre (<em>douceur<\/em>), sus oyentes se apoyaban como instrumento de interpretaci\u00f3n, no s\u00f3lo en sus palabras , sino tambi\u00e9n en su vida.<\/p>\n<h3><strong>1.<\/strong> <em>Su auto-compresi\u00f3n<\/em><\/h3>\n<p>El mismo San Vicente atestigua que cuando era joven era de temperamento fuerte y f\u00e1cilmente inclinado a la c\u00f3lera. Ten\u00eda tambi\u00e9n tendencia a estar triste por largos y sombr\u00edos per\u00edodos, durante los cuales, \u00e9l afirma, causaba a veces alguna pena a la Se\u00f1ora de Gondi. Pero, reconociendo estos rasgos en s\u00ed mismo dice, \u00abMe volv\u00ed a Dios pidi\u00e9ndole insistentemente cambiara mi actitud seca y contenciosa y me diera un esp\u00edritu manso <em>(doux)<\/em> y por la gracia de Nuestro Se\u00f1or, y con un poco de cuidado que puse en retener los movimientos de la naturaleza, he cambiado algo mi sombr\u00edo temperamento<span id='easy-footnote-62-31242' class='easy-footnote-margin-adjust'><\/span><span class='easy-footnote'><a href='https:\/\/vincentians.com\/es\/otra-mirada-a-la-mansedumbre\/#easy-footnote-bottom-62-31242' title='Abelly, Lib. III, cap. 12, 177-78.'><sup>62<\/sup><\/a><\/span>.<\/p>\n<p>San Vicente habla aqu\u00ed con una gran modestia. Abelly, su primer bi\u00f3grafo, afirma que San Vicente sent\u00eda una gran admiraci\u00f3n por San Francisco de Sales, a quien consideraba como la persona m\u00e1s mansa que \u00e9l hab\u00eda conocido. A\u00f1ade que San Vicente se aprovech\u00f3 tanto del ejemplo del Obispo de Ginebra que \u00e9l adquiri\u00f3 una dulzura (<em>douceur)<\/em> y afabilidad notables y obtuvo una maravillosa manera de hablar y relacionarse con toda clase de personas<span id='easy-footnote-63-31242' class='easy-footnote-margin-adjust'><\/span><span class='easy-footnote'><a href='https:\/\/vincentians.com\/es\/otra-mirada-a-la-mansedumbre\/#easy-footnote-bottom-63-31242' title='Abelly, Lib. III, cap. 12, 180.'><sup>63<\/sup><\/a><\/span>.<\/p>\n<p>De hecho, San Vicente aprendi\u00f3 tan bien la lecci\u00f3n de la <em>douceur <\/em>que a menudo se le comparaba con San Francisco de Sales en este asunto. Collet observa que su mansedumbre y afabilidad se convirti\u00f3 en algo proverbial y que la gente dec\u00eda de \u00e9l las mismas cosas que \u00e9l mismo dec\u00eda de San Francisco<span id='easy-footnote-64-31242' class='easy-footnote-margin-adjust'><\/span><span class='easy-footnote'><a href='https:\/\/vincentians.com\/es\/otra-mirada-a-la-mansedumbre\/#easy-footnote-bottom-64-31242' title='Pierre Collet, &lt;em&gt;La vie de St. Vincent de Paul&lt;\/em&gt; (Nancy: A. Leseure, 1748) Tom. I, lib. 2, 99.'><sup>64<\/sup><\/a><\/span>.<\/p>\n<h3><strong>2.<\/strong> <em>Su respeto por las personas y su paciencia con aquellos que eran dif\u00edciles<\/em><\/h3>\n<p>La publicaci\u00f3n de las recientes notas del Hno. Louis Robineau, que Abelly us\u00f3 en la preparaci\u00f3n de su biograf\u00eda sobre San Vicente, ofrecen muchos ejemplos del enorme respeto que San Vicente demostr\u00f3 hacia las personas de toda condici\u00f3n, desde los m\u00e1s poderosos hasta los m\u00e1s d\u00e9biles en la sociedad<span id='easy-footnote-65-31242' class='easy-footnote-margin-adjust'><\/span><span class='easy-footnote'><a href='https:\/\/vincentians.com\/es\/otra-mirada-a-la-mansedumbre\/#easy-footnote-bottom-65-31242' title='Andr\u00e9 Dodin, &lt;em&gt;Monsieur Vincent, racont\u00e9 par son secr\u00e9taire&lt;\/em&gt; (Paris: O.E.I.L., 1991) 53-55.'><sup>65<\/sup><\/a><\/span>. Robineau se\u00f1ala especialmente la mansedumbre con que \u00e9l amonestaba a los dem\u00e1s y el profundo respeto con que trataba a los pobres. Robineau detalla tambi\u00e9n muchas historias acerca del <em>support <\/em>(paciencia) de San Vicente<span id='easy-footnote-66-31242' class='easy-footnote-margin-adjust'><\/span><span class='easy-footnote'><a href='https:\/\/vincentians.com\/es\/otra-mirada-a-la-mansedumbre\/#easy-footnote-bottom-66-31242' title='&lt;em&gt;Ibid., &lt;\/em&gt;143-45.'><sup>66<\/sup><\/a><\/span>. Comenta que Vicente tuvo una capacidad extraordinaria para aceptar situaciones dif\u00edciles: las calumnias, las pruebas que soport\u00f3 como miembro del Consejo de Conciencia, las murmuraciones sugiriendo que \u00e9l hab\u00eda presenciado un matrimonio secreto entre Ana de Austria y Mazarino<span id='easy-footnote-67-31242' class='easy-footnote-margin-adjust'><\/span><span class='easy-footnote'><a href='https:\/\/vincentians.com\/es\/otra-mirada-a-la-mansedumbre\/#easy-footnote-bottom-67-31242' title='Para m\u00e1s informaci\u00f3n sobre esta cuesti\u00f3n cf. Dodin, &lt;em&gt;Op. &lt;\/em&gt;&lt;em&gt;Cit., &lt;\/em&gt;173.'><sup>67<\/sup><\/a><\/span>, los problemas creados por varios cohermanos, y sus propias limitaciones.<\/p>\n<h3><strong> 3. <\/strong><em> Su cordialidad y compasi\u00f3n<\/em><\/h3>\n<p>Sus propias cartas son un vivo testimonio de su cordialidad y compasi\u00f3n. San Vicente escribe a Luisa de Marillac <em>\u00ab\u00a1que j&#8217;ai peine de votre peine!\u00bb<\/em><span id='easy-footnote-68-31242' class='easy-footnote-margin-adjust'><\/span><span class='easy-footnote'><a href='https:\/\/vincentians.com\/es\/otra-mirada-a-la-mansedumbre\/#easy-footnote-bottom-68-31242' title='SV I, 142 \/ &lt;em&gt;198.&lt;\/em&gt;'><sup>68<\/sup><\/a><\/span>. A menudo escribe con gran compasi\u00f3n a los cohermanos y a las Hijas de la Caridad con ocasi\u00f3n de la muerte de miembros de sus familias, o miembros de la comunidad<span id='easy-footnote-69-31242' class='easy-footnote-margin-adjust'><\/span><span class='easy-footnote'><a href='https:\/\/vincentians.com\/es\/otra-mirada-a-la-mansedumbre\/#easy-footnote-bottom-69-31242' title='SV VI, 444; VIII, 55, 256 \/ &lt;em&gt;413, 56, 248.&lt;\/em&gt;'><sup>69<\/sup><\/a><\/span>. Poco despu\u00e9s de la muerte del Padre Portail e inmediatamente antes de la de Santa Luisa de Marillac, escribe a Maturina Gu\u00e9rin<span id='easy-footnote-70-31242' class='easy-footnote-margin-adjust'><\/span><span class='easy-footnote'><a href='https:\/\/vincentians.com\/es\/otra-mirada-a-la-mansedumbre\/#easy-footnote-bottom-70-31242' title='SV VIII, 256 \/ &lt;em&gt;243.&lt;\/em&gt;'><sup>70<\/sup><\/a><\/span>:<\/p>\n<p><em> \u00abCiertamente, el gran secreto de la vida espiritual es poner en sus manos todo lo que amamos, abandon\u00e1ndonos a nosotros mismos para todo lo que \u00e9l quiera, con una perfecta confianza en que todo ir\u00e1 mejor; por eso se dice que todo se transforma en bien para los que sirven a Dios. Sirv\u00e1mosle, pues, hermana m\u00eda, pero sirv\u00e1mosle seg\u00fan su gusto y dej\u00e9mosle hacer. El les har\u00e1 de padre y de madre; ser\u00e1 su consuelo y su virtud y finalmente la recompensa de su amor.\u00bb <\/em><\/p>\n<p>En un momento de tensi\u00f3n entre \u00e9l y Fran\u00e7ois du Cudray, le escribe esta carta: \u00abNo puedo de verdad, no puedo mi querido padrecito, expresarle el dolor que siento al tener que contristarle. Le suplico que crea que, si no fuera por la importancia del asunto, preferir\u00eda mil veces sufrir yo la pena, que caus\u00e1rsela a usted\u00bb<span id='easy-footnote-71-31242' class='easy-footnote-margin-adjust'><\/span><span class='easy-footnote'><a href='https:\/\/vincentians.com\/es\/otra-mirada-a-la-mansedumbre\/#easy-footnote-bottom-71-31242' title='SV III, 74 \/ &lt;em&gt;75.&lt;\/em&gt;'><sup>71<\/sup><\/a><\/span>. Cuando Guillaume Delville y su familia se encontraron con dificultades en 1946, San Vicente le escribi\u00f3: \u00abNo puedo expresarle el dolor que mi coraz\u00f3n ha recibido por ello y c\u00f3mo me gustar\u00eda haber sufrido yo solo, personalmente, todo lo que a ustedes les ha tocado sufrir. El P. Codoing, portador de la presente, podr\u00e1 testimoniarle cu\u00e1nto me ha impresionado esto. Lo env\u00edo sobre todo para que les asegure que sus penas son las m\u00edas\u00bb<span id='easy-footnote-72-31242' class='easy-footnote-margin-adjust'><\/span><span class='easy-footnote'><a href='https:\/\/vincentians.com\/es\/otra-mirada-a-la-mansedumbre\/#easy-footnote-bottom-72-31242' title='SV II, 619 \/ &lt;em&gt;528.&lt;\/em&gt;'><sup>72<\/sup><\/a><\/span>.<\/p>\n<h3><strong> 4.<\/strong> <em>Sus trabajos por la paz<\/em><\/h3>\n<p>A todo esto se debe a\u00f1adir algo que es bastante impresionante en la vida pr\u00e1ctica de San Vicente: como pacificador. Lo encontramos particularmente en dos niveles.<\/p>\n<p>1) San Vicente animaba a los miembros de la Congregaci\u00f3n de la Misi\u00f3n a trabajar para restablecer relaciones rotas. Uno de los objetivos de \u00abla misi\u00f3n\u00bb fue la reconciliaci\u00f3n<span id='easy-footnote-73-31242' class='easy-footnote-margin-adjust'><\/span><span class='easy-footnote'><a href='https:\/\/vincentians.com\/es\/otra-mirada-a-la-mansedumbre\/#easy-footnote-bottom-73-31242' title='CR XI, 8.'><sup>73<\/sup><\/a><\/span>. Los Misioneros deb\u00edan intentar resolver querellas y disputas durante las misiones. De hecho, ellos contaban frecuentemente a San Vicente sus \u00e9xitos en este campo.<\/p>\n<p>2) \u00c9l mismo trabaj\u00f3 activamente para poner fin a la guerra. Se preocup\u00f3 profundamente por los desastres causados por la guerra y por las penas que produc\u00eda a sus conciudadanos, particularmente a los pobres. En dos ocasiones intervino personalmente para tratar de conseguir la paz en su pa\u00eds.<\/p>\n<p>Entre 1639 al 1642, durante las guerras en Lorena, se dirigi\u00f3 al Cardenal Richelieu, se arrodill\u00f3 delante de \u00e9l, le describi\u00f3 los horrores de la guerra, y le suplic\u00f3 en favor de la paz: \u00abMonse\u00f1or, conc\u00e9danos la paz. Tenga compasi\u00f3n de nosotros. D\u00e9 la paz a Francia\u00bb. Richelieu lo rehus\u00f3, respondiendo que la paz no depend\u00eda s\u00f3lo de \u00e9l<span id='easy-footnote-74-31242' class='easy-footnote-margin-adjust'><\/span><span class='easy-footnote'><a href='https:\/\/vincentians.com\/es\/otra-mirada-a-la-mansedumbre\/#easy-footnote-bottom-74-31242' title='Cf. P. Coste. &lt;em&gt;The Life and Labours of St. Vincent de Paul&lt;\/em&gt;, traducido por Joseph Leonard (Londres) II, 369-370. Cf. tambi\u00e9n, Abelly, I, XXXV, 169.'><sup>74<\/sup><\/a><\/span>.<\/p>\n<p>Collet relata un episodio todav\u00eda m\u00e1s impresionante, que \u00e9l toma de un escrito del Hermano Ducournau<span id='easy-footnote-75-31242' class='easy-footnote-margin-adjust'><\/span><span class='easy-footnote'><a href='https:\/\/vincentians.com\/es\/otra-mirada-a-la-mansedumbre\/#easy-footnote-bottom-75-31242' title='P. Collet. &lt;em&gt;La vie de St. Vincent de Paul &lt;\/em&gt;(Nancy,1748) I 468. Cf.SV III, 402. Cf.tambi\u00e9n, Coste, II, 447.'><sup>75<\/sup><\/a><\/span>. En 1649, durante la guerra civil, San Vicente se alej\u00f3 silenciosamente de Par\u00eds, cruz\u00f3 las l\u00edneas de batalla, vade\u00f3 un r\u00edo caudaloso (casi a sus 70 a\u00f1os de edad) para ver a la reina y pedirle que hiciera dimitir a Mazarino, a qui\u00e9n \u00e9l consideraba como responsable de la guerra. Habl\u00f3 tambi\u00e9n directamente con el mismo Mazarino. Pero, otra vez, sus ruegos fueron desatendidos.<\/p>\n<h2><strong><strong>III Algunos cambios de perspectivas acaecidos del siglo XVII al XX<\/strong><\/strong><\/h2>\n<p>Los cambios de perspectivas influyen de forma significativa en nuestra percepci\u00f3n de las cosas. El panorama de Roma visto desde el pin\u00e1culo de la c\u00fapula de la Bas\u00edlica de San Pedro es muy distinto del visto desde los circundantes montes Albanos. Desde ambos lugares se puede vislumbrar el T\u00edber, muchos edificios, los parques y otros muchos lugares, pero desde cada perspectiva parecen muy distintos. Seg\u00fan la distancia pueden parecer m\u00e1s peque\u00f1os o m\u00e1s grandes. Seg\u00fan la hora del d\u00eda o la estaci\u00f3n del a\u00f1o, pueden parecer m\u00e1s oscuros o m\u00e1s claros. Desde San Pedro, pueden verse partes de algunos edificios que no son visibles desde los montes Albanos, ya que se miran desde direcciones diferentes.<\/p>\n<p>Todo esto es evidente desde una perspectiva \u00abf\u00edsica\u00bb. Desde una perspectiva \u00abteol\u00f3gica\u00bb, se puede decir tambi\u00e9n que la Iglesia aparece bastante distinta cuando se observa desde mi oficina en Roma o desde una <em>comunidad de base en Am\u00e9rica Latina<\/em>.El horizonte de cada cual, desde donde quiera que se encuentre, influye siempre en su panorama, ofreciendo variados aspectos y matices diferentes.<\/p>\n<p>Desde el siglo XVII han tenido lugar numerosos cambios de horizonte, que han afectado la manera en que uno puede ver la mansedumbre, <em>douceur<\/em>. Perm\u00edtanme que trate de describir algunos brevemente.<\/p>\n<h3>1. La psicolog\u00eda contempor\u00e1nea ha examinado cuidadosamente la agresividad, indicando los peligros de reprimirla.<\/h3>\n<p>Hace m\u00e1s de un siglo que Charles Darwin en su cl\u00e1sico estudio, <em>La Expresi\u00f3n de las Emociones en el Hombre y en los Animales<\/em>,examin\u00f3 sistem\u00e1ticamente las reacciones de la c\u00f3lera en el ser humano, compar\u00e1ndolas con las de los animales; estudi\u00f3 la ira en el contexto de aproximaci\u00f3n-rechazo que caracteriza toda afectividad humana. En 1890 William James se\u00f1al\u00f3 que todas las reacciones emocionales tienen aspectos psicol\u00f3gicos que elevan la energ\u00eda de la persona con vistas a una nueva reacci\u00f3n. Desde entonces la investigaci\u00f3n sobre las emociones se ha desarrollado considerablemente<span id='easy-footnote-76-31242' class='easy-footnote-margin-adjust'><\/span><span class='easy-footnote'><a href='https:\/\/vincentians.com\/es\/otra-mirada-a-la-mansedumbre\/#easy-footnote-bottom-76-31242' title='Robert Plutchik, &lt;em&gt;Emotion: A Psychoevolutionary Syntesis&lt;\/em&gt; (New York: Harper &amp;amp; Row, 1980) 128-151.'><sup>76<\/sup><\/a><\/span>.<\/p>\n<p>Hoy reconocemos que la ira acumulada produce a menudo un considerable da\u00f1o psico-som\u00e1tico y frecuentemente se manifiesta en unas explosiones inesperadas que hieren a los dem\u00e1s. La literatura contempor\u00e1nea examina y sugiere medios saludables de proceder con la ira, y encauzarla de forma creativa.<\/p>\n<p>Estudios cient\u00edficos recientes han encontrado eco en numerosos libros de espiritualidad que tratan sobre la saludable expresi\u00f3n de las emociones como parte del crecimiento humano<span id='easy-footnote-77-31242' class='easy-footnote-margin-adjust'><\/span><span class='easy-footnote'><a href='https:\/\/vincentians.com\/es\/otra-mirada-a-la-mansedumbre\/#easy-footnote-bottom-77-31242' title='Fran Ferder, \u00abNever let the Sun Set on Your Anger: Anger and Its Expressions\u00bb en &lt;em&gt;Words Made Flesh: Scripture, Psychology, and Human Communication&lt;\/em&gt; (Notre Dame, Indiana: Ave Maria Press, 1986) 67-84.'><sup>77<\/sup><\/a><\/span>. Los superiores, y aquellos que tienen responsabilidad en programas de formaci\u00f3n, se han apercibido de que hay muchos \u00abindividuos agrevisos\u00bb en las comunidades (como tambi\u00e9n en otras situaciones), con posibilidad de consecuencias explosivas. A trav\u00e9s de la discusi\u00f3n de las emociones, y particularmente de la agresividad, durante el periodo de formaci\u00f3n, muchas comunidades intentan ocuparse con anticipaci\u00f3n de estos problemas, a fin de evitar m\u00e1s tarde acontecimientos catastr\u00f3ficos.<\/p>\n<p>Los estudios revelan tambi\u00e9n que las emociones, e incluso las expresiones b\u00e1sicas del rostro, provocan respuestas afectivas similares en los dem\u00e1s. Expresiones alegres provocan respuestas alegres; las expresiones tristes, respuestas tristes<span id='easy-footnote-78-31242' class='easy-footnote-margin-adjust'><\/span><span class='easy-footnote'><a href='https:\/\/vincentians.com\/es\/otra-mirada-a-la-mansedumbre\/#easy-footnote-bottom-78-31242' title='G. Simon Hark, &lt;em&gt;Virtues Passions&lt;\/em&gt; (New York: Paulist, 1993)18. Este autor hace notar (p\u00e1g. 25) que nosotros empezamos a captar las emociones de una persona alrededor de una d\u00e9cima de segundo despu\u00e9s de habernos puesto en contacto con ella.'><sup>78<\/sup><\/a><\/span>. Al leer estos estudios, espont\u00e1neamente se recuerdan las exhortaciones de San Vicente a las Hijas de la Caridad de estar alegres y sonrientes en su servicio.<\/p>\n<h3>2. En tiempos modernos ha habido un resurgimiento muy significativo del pacifismo.<\/h3>\n<p>En este aspecto, la revoluci\u00f3n pac\u00edfica de Gandhi en la India ha tenido una enorme influencia. Asimismo en los Estados Unidos, Mart\u00edn Lutero King, consigui\u00f3 con su resistencia no-violenta, avances muy importantes en los derechos humanos. El libro de James Douglass, <em>The Non-Violent Cross<\/em><span id='easy-footnote-79-31242' class='easy-footnote-margin-adjust'><\/span><span class='easy-footnote'><a href='https:\/\/vincentians.com\/es\/otra-mirada-a-la-mansedumbre\/#easy-footnote-bottom-79-31242' title='Douglass, James W., &lt;em&gt;The Non-Violent Cross&lt;\/em&gt; (New York: Macmillan, 1968) .'><sup>79<\/sup><\/a><\/span>, que obtuvo una gran popularidad, condens\u00f3 admirablemente las ra\u00edces b\u00edblicas y filos\u00f3ficas de los movimientos pacifistas.<\/p>\n<p>En la tradici\u00f3n Cat\u00f3lica, <em>Gaudium et Spes<\/em><span id='easy-footnote-80-31242' class='easy-footnote-margin-adjust'><\/span><span class='easy-footnote'><a href='https:\/\/vincentians.com\/es\/otra-mirada-a-la-mansedumbre\/#easy-footnote-bottom-80-31242' title='&lt;em&gt;Gaudium et Spes, &lt;\/em&gt;78.'><sup>80<\/sup><\/a><\/span> tom\u00f3 una posici\u00f3n positiva, aunque cuidadosamente matizada, respecto al pacifismo: \u00abMovidos por el mismo Esp\u00edritu, no podemos dejar de alabar a aquellos que, renunciando a la violencia en la exigencia de sus derechos, recurren a los medios de defensa, que, por otra parte, est\u00e1n al alcance incluso de los m\u00e1s d\u00e9biles, con tal que esto sea posible sin lesi\u00f3n de los derechos y obligaciones de otros o de la sociedad\u00bb. Al mismo tiempo Pablo VI hizo conmovedoras llamadas a la paz mundial, clamando fuertemente el 4 de Octubre, 1965, en la Sala de las Naciones Unidas de Nueva York: \u00abNo m\u00e1s guerra, jam\u00e1s la guerra\u00bb<span id='easy-footnote-81-31242' class='easy-footnote-margin-adjust'><\/span><span class='easy-footnote'><a href='https:\/\/vincentians.com\/es\/otra-mirada-a-la-mansedumbre\/#easy-footnote-bottom-81-31242' title='&lt;em&gt;Acta Apostolicae Sedis&lt;\/em&gt;, 57 (1965) 881.'><sup>81<\/sup><\/a><\/span>. En su libro <em>\u00abFaith and Violence\u00bb<\/em>, Thomas Merton ofrece una presentaci\u00f3n clara de la teor\u00eda y pr\u00e1ctica cristiana para construir la paz<span id='easy-footnote-82-31242' class='easy-footnote-margin-adjust'><\/span><span class='easy-footnote'><a href='https:\/\/vincentians.com\/es\/otra-mirada-a-la-mansedumbre\/#easy-footnote-bottom-82-31242' title='Merton, Thomas, &lt;em&gt;Faith and Violence &lt;\/em&gt;(Notre Dame. Indiana: University of Notre Dame Press, 1968) .'><sup>82<\/sup><\/a><\/span>. En 1983 los obispos de Estados Unidos, en un documento cuidadosamente preparado, contribuyeron enormemente a la promoci\u00f3n de la teor\u00eda y la pr\u00e1ctica de la paz<span id='easy-footnote-83-31242' class='easy-footnote-margin-adjust'><\/span><span class='easy-footnote'><a href='https:\/\/vincentians.com\/es\/otra-mirada-a-la-mansedumbre\/#easy-footnote-bottom-83-31242' title='\u00abThe Challenge of Peace\u00bb. &lt;em&gt;Origins&lt;\/em&gt; 13 (no. 1; 19 mayo, 1983) 1-32.'><sup>83<\/sup><\/a><\/span>.<\/p>\n<h3>3. En los \u00faltimos a\u00f1os hay una mayor conciencia de la necesidad de trabajar por la paz, no solo a nivel individual, sino tambi\u00e9n a nivel estructural.<\/h3>\n<p>Una vez m\u00e1s, Pablo VI hizo un elocuente llamamiento: \u00abSi quieres la paz, trabaja por la justicia\u00bb<span id='easy-footnote-84-31242' class='easy-footnote-margin-adjust'><\/span><span class='easy-footnote'><a href='https:\/\/vincentians.com\/es\/otra-mirada-a-la-mansedumbre\/#easy-footnote-bottom-84-31242' title='&lt;em&gt;Acta Apostolicae Sedis&lt;\/em&gt;, 57 (1965) 896.'><sup>84<\/sup><\/a><\/span>. Juan Pablo II a\u00f1ade: \u00abDesarrollo es el nuevo nombre de la paz\u00bb<span id='easy-footnote-85-31242' class='easy-footnote-margin-adjust'><\/span><span class='easy-footnote'><a href='https:\/\/vincentians.com\/es\/otra-mirada-a-la-mansedumbre\/#easy-footnote-bottom-85-31242' title='&lt;em&gt;Sollicitudo Rei Socialis,&lt;\/em&gt; 10; cf. &lt;em&gt;Populorum Progressio&lt;\/em&gt;, 77.'><sup>85<\/sup><\/a><\/span>.<\/p>\n<p>El \u00e9nfasis sobre la necesidad de un cambio de estructuras es ya evidente en <em>Pacem in Terris<\/em><span id='easy-footnote-86-31242' class='easy-footnote-margin-adjust'><\/span><span class='easy-footnote'><a href='https:\/\/vincentians.com\/es\/otra-mirada-a-la-mansedumbre\/#easy-footnote-bottom-86-31242' title='&lt;em&gt;Pacem in Terris, &lt;\/em&gt;89, 91.'><sup>86<\/sup><\/a><\/span> y en <em>Gaudium et Spes<\/em><span id='easy-footnote-87-31242' class='easy-footnote-margin-adjust'><\/span><span class='easy-footnote'><a href='https:\/\/vincentians.com\/es\/otra-mirada-a-la-mansedumbre\/#easy-footnote-bottom-87-31242' title='&lt;em&gt;Gaudium et Spes, &lt;\/em&gt;85.'><sup>87<\/sup><\/a><\/span>. Pablo VI trata el tema elocuentemente en <em>Populorum Progressio<\/em>,<span id='easy-footnote-88-31242' class='easy-footnote-margin-adjust'><\/span><span class='easy-footnote'><a href='https:\/\/vincentians.com\/es\/otra-mirada-a-la-mansedumbre\/#easy-footnote-bottom-88-31242' title='&lt;em&gt;Populorum Progressio&lt;\/em&gt;, 78.'><sup>88<\/sup><\/a><\/span> y en una alocuci\u00f3n a los miembros de \u00abCor Unum\u00bb, pronunciada el 13 de Enero, 1972, en las que hace una llamada a los cristianos a comprometerse y a entrar en \u00abel mismo coraz\u00f3n de la acci\u00f3n social y pol\u00edtica y de este modo llegar a las ra\u00edces del mal y cambiar los corazones, as\u00ed como las estructuras de la sociedad moderna\u00bb<span id='easy-footnote-89-31242' class='easy-footnote-margin-adjust'><\/span><span class='easy-footnote'><a href='https:\/\/vincentians.com\/es\/otra-mirada-a-la-mansedumbre\/#easy-footnote-bottom-89-31242' title='&lt;em&gt;Acta Apostolicae Sedis&lt;\/em&gt;, 64 (1972) 189.'><sup>89<\/sup><\/a><\/span>.<\/p>\n<p>Hoy somos conscientes de que el pecado afecta profundamente las estructuras sociales. Se encuentra encarnado en leyes injustas, en relaciones econ\u00f3micas basadas en el poder, en tratados injustos, en fronteras artificiales, en gobiernos opresores, y en otras muchas estructuras sutiles que obstaculizan la existencia de relaciones armoniosas en la sociedad. Solamente cuando estos obst\u00e1culos estructurales son analizados, comprendidos y suprimidos puede la sociedad establecer relaciones pac\u00edficas permanentes.<\/p>\n<p>Hoy se tiene tambi\u00e9n un mayor sentido de la comunidad global y de las nefastas implicaciones de la escalada de armamento. La venta de armas continua siendo unos de los factores m\u00e1s importantes de la econom\u00eda mundial. Los conflictos locales (en Argelia, Chechenia, ex-Yugoslavia, y en otros muchos lugares) hacen, a veces, bastante vol\u00e1til el panorama internacional, con el peligro siempre presente de que estos conflictos puedan escalar en una \u00abguerra-mundial\u00bb. Con la amplia difusi\u00f3n del armamento y la frecuencia de su uso, los j\u00f3venes atestiguan a menudo incertidumbre ante su futuro dada la posibilidad de una aniquilaci\u00f3n nuclear.<\/p>\n<p>Mientras tanto, los documentos pontificios han condenando insistentemente la carrera de armas<span id='easy-footnote-90-31242' class='easy-footnote-margin-adjust'><\/span><span class='easy-footnote'><a href='https:\/\/vincentians.com\/es\/otra-mirada-a-la-mansedumbre\/#easy-footnote-bottom-90-31242' title='Cf. &lt;em&gt;Gaudium et Spes&lt;\/em&gt;, 81.'><sup>90<\/sup><\/a><\/span>. Al mismo tiempo, la Pastoral por la Paz de los Obispos de los Estados Unidos, lanz\u00f3 a trav\u00e9s de las Conferencias Episcopales del mundo entero una amplia serie de discusiones sobre la cuesti\u00f3n de la guerra, de la paz y del armamento.<\/p>\n<h2><strong><strong>IV La mansedumbre<\/strong><\/strong><\/h2>\n<p>La ense\u00f1anza de San Vicente sobre esta tercera \u00abpiedra suave\u00bb<span id='easy-footnote-91-31242' class='easy-footnote-margin-adjust'><\/span><span class='easy-footnote'><a href='https:\/\/vincentians.com\/es\/otra-mirada-a-la-mansedumbre\/#easy-footnote-bottom-91-31242' title='CR II, 6.'><sup>91<\/sup><\/a><\/span>, como a \u00e9l le gustaba llamarla, se puede trasladar perfectamente al mundo moderno. Su conferencia del 28 de Marzo, 1659, as\u00ed como varias de sus cartas a Luisa de Marillac, contienen una sabidur\u00eda pr\u00e1ctica que es muy pertinente en la actualidad. Aunque se podr\u00eda decir mucho sobre esta virtud, aqu\u00ed me limitar\u00e9 s\u00f3lo a cuatro puntos.<\/p>\n<h3><strong>1.<\/strong> <em>La mansedumbre supone la habilidad de orientar la ira positivamente<\/em><\/h3>\n<p>La ira es algo natural. Es una energ\u00eda espont\u00e1nea dentro de nosotros cuando percibimos algo como malo. Nos ayuda a proceder ante el mal. Nos prepara a \u00abluchar\u00bb, como dir\u00eda Darwin. Pero, como todas las emociones espont\u00e1neas, puede usarse bien o mal. Concretamente, toda clase de personas encuentra dificultades para usarla bien. Como ya he mencionado anteriormente, hay muchas \u00abpersonas con agresividad\u00bb en el mundo.<\/p>\n<p>La ira incontrolada, en sus formas m\u00e1s violentas, irrumpe en guerra, agresi\u00f3n, violaci\u00f3n, homicidio y en muchos cr\u00edmenes que est\u00e1n diariamente en los titulares de los peri\u00f3dicos. En sus formas menos violentas, se manifestar\u00e1 en un enfado desordenado, en una explosi\u00f3n de genio, diatribas irascibles, negativa a hablar con los dem\u00e1s, tirar las cosas, cerrar las puertas de golpe, berrinches, rencores, intentos de \u00abdesquitarse\u00bb.<\/p>\n<p>Como San Vicente indicaba, dominar bien la ira requiere con frecuencia expresarla apropiadamente. \u00c9l mismo se irrit\u00f3 ante la situaci\u00f3n de los enfermos y los hambrientos, por ello estableci\u00f3 las Cofrad\u00edas de Caridad, la Congregaci\u00f3n de la Misi\u00f3n y las Hijas de la Caridad. La ira le capacitaba para reaccionar con vigor y creatividad cuando se ten\u00eda que enfrentar con las necesidades de los pobres de su tiempo. Tambi\u00e9n expres\u00f3 su ira directamente ante lo que \u00e9l juzg\u00f3 nefasto en sus comunidades, pero aprendi\u00f3 a combinar la ira con la mansedumbre. \u00c9l sab\u00eda mezclar lo amargo con lo dulce, seg\u00fan su recomendaci\u00f3n a Luisa de Marillac<span id='easy-footnote-92-31242' class='easy-footnote-margin-adjust'><\/span><span class='easy-footnote'><a href='https:\/\/vincentians.com\/es\/otra-mirada-a-la-mansedumbre\/#easy-footnote-bottom-92-31242' title='SV I, 292-94 \/ &lt;em&gt;317-319&lt;\/em&gt;'><sup>92<\/sup><\/a><\/span>. \u00c9l trat\u00f3 de imitar a Jes\u00fas que fue igualmente \u00absuave y firme\u00bb<span id='easy-footnote-93-31242' class='easy-footnote-margin-adjust'><\/span><span class='easy-footnote'><a href='https:\/\/vincentians.com\/es\/otra-mirada-a-la-mansedumbre\/#easy-footnote-bottom-93-31242' title='SV VII, 226 \/ &lt;em&gt;197.&lt;\/em&gt;'><sup>93<\/sup><\/a><\/span>.<\/p>\n<p>Desahogar apropiadamente un esp\u00edritu excitado puede ser muy saludable. Ello puede calmar tensiones ocultas y conducir a soluci\u00f3n de conflictos. Puede ser un instrumento id\u00f3neo en la correcci\u00f3n. Pero si la ira no se encauza bien, puede convertirse en algo terriblemente destructivo. Desatada, puede originar resentimiento, sarcasmo, cinismo, amargura, depresi\u00f3n.<\/p>\n<p>El reto consiste en aprender los medios apropiados para controlar la agresividad (a\u00fan suprimiendola por alg\u00fan per\u00edodo de tiempo), sublimarla, y expresarla. San Vicente recurre a menudo al ejemplo de Jes\u00fas, que supo moderar y a la vez expresar su frustraci\u00f3n frente a los ap\u00f3stoles, y que pudo ser tambi\u00e9n muy directo al expresar su c\u00f3lera respecto a los fariseos, que impon\u00edan cargas injustas sobre los dem\u00e1s.<\/p>\n<h3><strong>2.<\/strong> <em>La mansedumbre supone accesibilidad, afabilidad, cordialidad<\/em><\/h3>\n<p>Estas cualidades son especialmente importantes en los misioneros. A este respecto,<\/p>\n<p>San Vicente nos anima a confiar en que podemos realmente cambiar, citando su propia experiencia personal. Aunque en sus a\u00f1os j\u00f3venes era de car\u00e1cter col\u00e9rico, bastante temperamental durante largos y sombr\u00edos per\u00edodos, \u00e9l cambi\u00f3 tanto en el curso de su vida que, todos aquellos que le conocieron m\u00e1s tarde, dec\u00edan de \u00e9l que era uno de los hombres m\u00e1s accesibles que hab\u00edan conocido<span id='easy-footnote-94-31242' class='easy-footnote-margin-adjust'><\/span><span class='easy-footnote'><a href='https:\/\/vincentians.com\/es\/otra-mirada-a-la-mansedumbre\/#easy-footnote-bottom-94-31242' title='Cf. Abelly, III, 177-78.'><sup>94<\/sup><\/a><\/span>.<\/p>\n<p>\u00c9l dijo a la comunidad que se gana mucho mejor a los dem\u00e1s con la mansedumbre que con discusiones. Este consejo es especialmente importante cuando ofrecemos el don de la correcci\u00f3n<span id='easy-footnote-95-31242' class='easy-footnote-margin-adjust'><\/span><span class='easy-footnote'><a href='https:\/\/vincentians.com\/es\/otra-mirada-a-la-mansedumbre\/#easy-footnote-bottom-95-31242' title='Cf. Mt. 18:15-18.'><sup>95<\/sup><\/a><\/span>, tanto si la correcci\u00f3n se hace entre iguales o por los superiores. Los corregidos est\u00e1n mucho m\u00e1s predispuestos a escuchar palabras pronunciadas mansamente que palabras de punzante acusaci\u00f3n.<\/p>\n<p>A\u00fan m\u00e1s, la mansedumbre y la cordialidad en quien las ofrece, hace surgir la misma actitud en el que las recibe. Los que encuentran al misionero cordial y amable empezar\u00e1n a responder de la misma forma. Por esta raz\u00f3n, sin duda, San Vicente puso tanto \u00e9nfasis en la mansedumbre <em>douceur<\/em> como virtud \u00abmisionera\u00bb.<\/p>\n<h3><strong>3.<\/strong> <em>La mansedumbre implica la habilidad de soportar las ofensas con perd\u00f3n y valor <\/em><\/h3>\n<p>San Vicente bas\u00f3 su ense\u00f1anza sobre este aspecto, en el respeto a la persona humana. Dijo a la doble familia, que a\u00fan aquellos que cometen injusticias, merecen respeto como personas. Los escritos de Juan Pablo II reiteran este tema en nuestros d\u00edas &#8212; el llamamiento a profesar un profundo respeto a todo ser humano.<\/p>\n<p>Naturalmente, el respeto a las personas culpables, no nos proh\u00edbe encauzar nuestra ira con valent\u00eda en contra de los males que ellos cometen. Pero s\u00ed nos proh\u00edbe practicar injusticias en nombre de la justicia. San Vicente reconoci\u00f3 claramente las ense\u00f1anzas de San Agust\u00edn a este respecto (y se lo record\u00f3 a Philippe LeVacher)<span id='easy-footnote-96-31242' class='easy-footnote-margin-adjust'><\/span><span class='easy-footnote'><a href='https:\/\/vincentians.com\/es\/otra-mirada-a-la-mansedumbre\/#easy-footnote-bottom-96-31242' title='SV IV, 121 \/ &lt;em&gt;497&lt;\/em&gt;.'><sup>96<\/sup><\/a><\/span> que ciertos males deben ser tolerados, ya que no existe pr\u00e1cticamente posibilidad de corregirlos. Una persona inteligente aprende a convivir con ellos, y una persona mansa trata con respeto a aquellos cuyas vidas est\u00e1n tan entretejidas en el mal que no puede ser extirpado.<\/p>\n<p>El equilibrio, a este respecto, es muy delicado. A veces se tiene que sufrir con valent\u00eda. Hay males que no se pueden evitar y deben ser sobrellevados. Pero por otra parte, se debe evitar una amabilidad falsa, como en cierta ocasi\u00f3n lo expres\u00f3 Adri\u00e1n Vasn Kaam<span id='easy-footnote-97-31242' class='easy-footnote-margin-adjust'><\/span><span class='easy-footnote'><a href='https:\/\/vincentians.com\/es\/otra-mirada-a-la-mansedumbre\/#easy-footnote-bottom-97-31242' title='Van Kaam, Adrian L., &lt;em&gt;Spirituality and the Gentle Life&lt;\/em&gt; (Denville, New Jersey:Dimension Books, (1974) .'><sup>97<\/sup><\/a><\/span> o, usando la traducci\u00f3n de Joseph Leonard de la frase de San Vicente, <em>\u00abnamby-pamby mildness\u00bb(<\/em>\u00ab\u00f1o\u00f1a-sosa-templanza\u00bb). A veces se debe clamar en contra de la injusticia y canalizar todas nuestras energ\u00edas a vencerla. Se requiere una gran prudencia para discernir entre estos casos.<\/p>\n<p>En estos tiempos de cambios r\u00e1pidos en la historia de la Iglesia, la combinaci\u00f3n entre mansedumbre y firmeza es absolutamente necesaria, sobre todo en la toma de decisiones. Las Comunidades, al evaluar sus apostolados con miras hacia el futuro, deben tener la valent\u00eda de escoger y actuar. Al mismo tiempo, deben mostrar mansedumbre con aquellos que tienen gran dificultad en adaptarse. Asimismo, los individuos, deben tener valent\u00eda al proponerse objetivos de crecimiento, pero deben ser pacientes consigo mismos reconociendo que un cambio personal no ocurre de la noche a la ma\u00f1ana, sino s\u00f3lo gradualmente.<\/p>\n<p>Los misioneros deben saber tambi\u00e9n que, aunque cumplan muy bien sus tareas, deber\u00e1n admitir con valor y mansedumbre a la vez, sus propias limitaciones y las expectativas contradictorias de los dem\u00e1s. Los superiores religiosos experimentar\u00e1n que algunos en sus comunidades ven todas las cosas en blanco y negro, mientras que a otros s\u00f3lo les gusta lo gris. Algunos tendr\u00e1n en cuenta el pasado como norma dominante para tomar decisiones, mientras que otros mirar\u00e1n s\u00f3lo hacia un futuro imprevisto. Los superiores nunca podr\u00e1n satisfacer completamente todas estas personalidades tan diversas. Deber\u00e1n tomar sus decisiones con valent\u00eda y tratar con mansedumbre a aquellos que no est\u00e1n de acuerdo. Deber\u00e1n combinar en sus vidas dos textos del Nuevo Testamento: \u00abSoporta conmigo los sufrimientos por el evangelio, ayudado con la fuerza de Dios\u00bb<span id='easy-footnote-98-31242' class='easy-footnote-margin-adjust'><\/span><span class='easy-footnote'><a href='https:\/\/vincentians.com\/es\/otra-mirada-a-la-mansedumbre\/#easy-footnote-bottom-98-31242' title='2 Tim. 1:8.'><sup>98<\/sup><\/a><\/span> y \u00abCargad con mi yugo y aprended de m\u00ed que soy manso y humilde de coraz\u00f3n y encontrar\u00e9is reposo para vuestras almas\u00bb<span id='easy-footnote-99-31242' class='easy-footnote-margin-adjust'><\/span><span class='easy-footnote'><a href='https:\/\/vincentians.com\/es\/otra-mirada-a-la-mansedumbre\/#easy-footnote-bottom-99-31242' title='Mt. 11:29.'><sup>99<\/sup><\/a><\/span>.<\/p>\n<h3><strong> 4.<\/strong> <em>La mansedumbre implica acci\u00f3n en favor de la justicia y de la paz<\/em><\/h3>\n<p>En nuestros d\u00edas, de forma especial, ser testimonio de la mansedumbre de Jes\u00fas y su proclamaci\u00f3n de un reino de paz, tiene un lugar prominente en la proclamaci\u00f3n de la Buena Noticia por la Iglesia. Esto est\u00e1 \u00edntimamente relacionado con la promoci\u00f3n de la justicia y la paz y la educaci\u00f3n en estas actitudes. <em>Centessimus Annus<\/em><span id='easy-footnote-100-31242' class='easy-footnote-margin-adjust'><\/span><span class='easy-footnote'><a href='https:\/\/vincentians.com\/es\/otra-mirada-a-la-mansedumbre\/#easy-footnote-bottom-100-31242' title='&lt;em&gt;Centesimus Annus&lt;\/em&gt;, 52; cf. tambi\u00e9n, 14, 54.'><sup>100<\/sup><\/a><\/span> habla elocuentemente sobre este tema: \u00abYo mismo, con ocasi\u00f3n de la reciente y dram\u00e1tica guerra en el Golfo P\u00e9rsico, he repetido el grito: &#8211; \u00a1Nunca m\u00e1s la guerra! \u00a1No, nunca m\u00e1s la guerra!, que destruye la vida de los inocentes, que ense\u00f1a a matar y trastorna igualmente la vida de los que matan, que deja tras de s\u00ed una secuela de rencores y odios y hace m\u00e1s dif\u00edcil la justa soluci\u00f3n de los mismos problemas que la provocaron. &#8230;Por este motivo, otro nombre para la paz es <em>desarrollo<\/em>. De la misma manera que existe la responsabilidad colectiva de evitar la guerra, existe tambi\u00e9n la responsabilidad colectiva de promover el desarrollo\u00bb.<\/p>\n<p>Tom\u00e1s de Aquino nos recuerda que la pasi\u00f3n m\u00e1s inmediatamente asociada con la justicia es la ira<span id='easy-footnote-101-31242' class='easy-footnote-margin-adjust'><\/span><span class='easy-footnote'><a href='https:\/\/vincentians.com\/es\/otra-mirada-a-la-mansedumbre\/#easy-footnote-bottom-101-31242' title='Cf. &lt;em&gt;Summa Theologica I-II&lt;\/em&gt;. 46.2. 4. 6.'><sup>101<\/sup><\/a><\/span>. La ira retrocede ante la injusticia a fin de saltar sobre ella y hacerla desaparecer. Ella nos mueve hacia la justicia, a estar hambrientos y sedientos de ella. La ira brota del amor y del respeto por la persona humana, cuyos derechos han sido violados. Es una tensi\u00f3n bien-mal, para restablecer un orden en el que las personas puedan crecer y prosperar. Por lo tanto, deber\u00e1 surgir siempre cuando se perciba que existen estructuras injustas que privan al pobre de la libertad pol\u00edtica, social, econ\u00f3mica, o personal que exige su dignidad humana.<\/p>\n<p>La mansedumbre encuentra modos de expresar la c\u00f3lera en \u00abacciones en favor de la justicia y la participaci\u00f3n en la transformaci\u00f3n del mundo\u00bb<span id='easy-footnote-102-31242' class='easy-footnote-margin-adjust'><\/span><span class='easy-footnote'><a href='https:\/\/vincentians.com\/es\/otra-mirada-a-la-mansedumbre\/#easy-footnote-bottom-102-31242' title='S\u00ednodo de Obispos, 1971, &lt;em&gt;Justice in the World,&lt;\/em&gt; en &lt;em&gt;Acta Apostolicae Sedis&lt;\/em&gt;, 63 (1971) 924.'><sup>102<\/sup><\/a><\/span>. Quienes se dedican al ministerio, tendr\u00e1n como tarea principal educar para la justicia y la paz<span id='easy-footnote-103-31242' class='easy-footnote-margin-adjust'><\/span><span class='easy-footnote'><a href='https:\/\/vincentians.com\/es\/otra-mirada-a-la-mansedumbre\/#easy-footnote-bottom-103-31242' title='Cf.Juan Pablo II, \u00abMujeres: Maestras de la Paz\u00bb, &lt;em&gt;Origins&lt;\/em&gt; 24 (#28; 22 Dic. 1994) 465-69; Jorge Mej\u00eda, \u00abDimensiones del Ministerio Esencial de los Obispos\u00bb, &lt;em&gt;Origins 24 (&lt;\/em&gt;# 39; 16 Marzo, 1995) 641-648; Dolores Leckey, \u00abPeacemaking and Creativity: Three Dynamics\u00bb,&lt;em&gt; Origins&lt;\/em&gt; 24 (#45; 27, abril, 1995) 777-780. Leckkey hace resaltar tres componentes portadores de paz: la escucha, la belleza y la risa.'><sup>103<\/sup><\/a><\/span>.<\/p>\n<p>La reconciliaci\u00f3n ser\u00e1 tambi\u00e9n uno de los objetivos b\u00e1sicos del ministerio. Recuerdo el papel de mediador que la Comunidad de San Egidio jug\u00f3 en la consecuci\u00f3n de la paz en Mozambique. Despu\u00e9s de 15 a\u00f1os de guerra civil, la \u00absabidur\u00eda humana\u00bb habr\u00eda dudado sin duda de la habilidad de una \u00abimpotente\u00bb Comunidad italiana para conseguir lo que otras agencias mucho m\u00e1s \u00abpoderosas\u00bb, se vieron incapaces de conseguir. Sin embargo las negociaciones terminaron con gran \u00e9xito en 1992 y la paz continua reinando en aquella naci\u00f3n. Otros grupos \u00bfno habr\u00edan podido tener una valent\u00eda semejante para ofrecer sus servicios como ministros de reconciliaci\u00f3n?<\/p>\n<p>La conversaci\u00f3n y el di\u00e1logo ser\u00e1n, en la vida de los mansos, los medios principales para solucionar conflictos, si van acompa\u00f1ados de un amor doliente. Estos son los instrumentos que Jes\u00fas mismo us\u00f3; \u00ab\u00c9l es nuestra paz, y destruye el muro de la separaci\u00f3n\u00bb<span id='easy-footnote-104-31242' class='easy-footnote-margin-adjust'><\/span><span class='easy-footnote'><a href='https:\/\/vincentians.com\/es\/otra-mirada-a-la-mansedumbre\/#easy-footnote-bottom-104-31242' title='Eph 2:14.'><sup>104<\/sup><\/a><\/span>. Si la comunidad de sus disc\u00edpulos tiene una aut\u00e9ntica pasi\u00f3n por el di\u00e1logo, la justicia y la paz, entonces, es un signo claro de que el Reino de Dios est\u00e1 cerca.<\/p>\n<p>Una mansedumbre \u00abapasionada\u00bb<span id='easy-footnote-105-31242' class='easy-footnote-margin-adjust'><\/span><span class='easy-footnote'><a href='https:\/\/vincentians.com\/es\/otra-mirada-a-la-mansedumbre\/#easy-footnote-bottom-105-31242' title='Cf. Walter Burghardt, \u00abA Faith That Does Justice\u00bb, Warren Series Lectures, en &lt;em&gt;Catholic Studies &lt;\/em&gt;(#18; 17 Noviembre, 1991) 9.'><sup>105<\/sup><\/a><\/span> sabe c\u00f3mo dirigir la ira para erradicar la injusticia, encauz\u00e1ndola de manera que \u00abla justicia corra como arroyo perenne\u00bb<span id='easy-footnote-106-31242' class='easy-footnote-margin-adjust'><\/span><span class='easy-footnote'><a href='https:\/\/vincentians.com\/es\/otra-mirada-a-la-mansedumbre\/#easy-footnote-bottom-106-31242' title='Am 5:24.'><sup>106<\/sup><\/a><\/span>. W. E. B. DuBois resume esta mansedumbre apasionada en una preciosa plegaria:<\/p>\n<p style=\"padding-left: 30px\"><em>Danos gracia, oh Dios, para atrevernos a hacer aquello que nosotros sabemos muy bien que clama que debe hacerse. Que no vacilemos por comodidad, o por las palabras de la boca de los hombres, o de nuestras propias vidas. Grandiosas causas nos est\u00e1n llamando &#8212; la libertad de las mujeres, la instrucci\u00f3n de los ni\u00f1os, la erradicaci\u00f3n del odio y el crimen y la pobreza &#8212; todo esto y a\u00fan m\u00e1s. Pero ellos claman con voces que significan trabajo y sacrificio y muerte. Conc\u00e9denos, misericordiosamente, oh Dios, el esp\u00edritu de Esther, que nos hace decir: Ir\u00e9 delante del Rey y si perezco, perezco. Am\u00e9n.<\/em><\/p>\n","protected":false},"excerpt":{"rendered":"<p>La mansedumbre, o douceur, es la tercera de las cinco virtudes caracter\u00edsticas de la Congregaci\u00f3n de la Misi\u00f3n. Es tambi\u00e9n una de las virtudes en las que m\u00e1s insisti\u00f3 San Vicente en sus Conferencias a &#8230; <a href=\"https:\/\/vincentians.com\/es\/otra-mirada-a-la-mansedumbre\/\" class=\"more-link\">Read More<\/a><\/p>\n","protected":false},"author":4,"featured_media":399990,"comment_status":"open","ping_status":"open","sticky":false,"template":"","format":"standard","meta":{"jetpack_post_was_ever_published":false,"_jetpack_newsletter_access":"","_jetpack_dont_email_post_to_subs":false,"_jetpack_newsletter_tier_id":0,"_jetpack_memberships_contains_paywalled_content":false,"_jetpack_memberships_contains_paid_content":false,"footnotes":"","jetpack_publicize_message":"","jetpack_publicize_feature_enabled":true,"jetpack_social_post_already_shared":true,"jetpack_social_options":{"image_generator_settings":{"template":"highway","default_image_id":0,"font":"","enabled":false},"version":2}},"categories":[28],"tags":[218,168,156,142,124,161,119,288,172,127,166,120],"class_list":["post-31242","post","type-post","status-publish","format-standard","has-post-thumbnail","hentry","category-formacion-vicenciana","tag-abelly","tag-argel","tag-blatiron","tag-collet","tag-du-coudray","tag-etienne","tag-gondi","tag-levacher","tag-pobreza","tag-portail","tag-robineau","tag-senora-de-gondi"],"yoast_head":"<!-- This site is optimized with the Yoast SEO plugin v26.3 - https:\/\/yoast.com\/wordpress\/plugins\/seo\/ -->\n<title>Otra mirada a la mansedumbre - Somos Vicencianos<\/title>\n<meta name=\"robots\" content=\"index, follow, max-snippet:-1, max-image-preview:large, max-video-preview:-1\" \/>\n<link rel=\"canonical\" href=\"https:\/\/vincentians.com\/es\/otra-mirada-a-la-mansedumbre\/\" \/>\n<meta property=\"og:locale\" content=\"es_ES\" \/>\n<meta property=\"og:type\" content=\"article\" \/>\n<meta property=\"og:title\" content=\"Otra mirada a la mansedumbre - Somos Vicencianos\" \/>\n<meta property=\"og:description\" content=\"La mansedumbre, o douceur, es la tercera de las cinco virtudes caracter\u00edsticas de la Congregaci\u00f3n de la Misi\u00f3n. Es tambi\u00e9n una de las virtudes en las que m\u00e1s insisti\u00f3 San Vicente en sus Conferencias a ... Read More\" \/>\n<meta property=\"og:url\" content=\"https:\/\/vincentians.com\/es\/otra-mirada-a-la-mansedumbre\/\" \/>\n<meta property=\"og:site_name\" content=\"Somos Vicencianos\" \/>\n<meta property=\"article:publisher\" content=\"https:\/\/www.facebook.com\/WeAreVincentians\/\" \/>\n<meta property=\"article:author\" content=\"https:\/\/www.facebook.com\/JavierChento\" \/>\n<meta property=\"article:published_time\" content=\"2021-11-07T06:30:14+00:00\" \/>\n<meta property=\"og:image\" content=\"https:\/\/i0.wp.com\/vincentians.com\/es\/wp-content\/uploads\/sites\/11\/2016\/09\/espiritu-de-jesus.jpg?fit=1200%2C630&ssl=1\" \/>\n\t<meta property=\"og:image:width\" content=\"1200\" \/>\n\t<meta property=\"og:image:height\" content=\"630\" \/>\n\t<meta property=\"og:image:type\" content=\"image\/jpeg\" \/>\n<meta name=\"author\" content=\"Francisco Javier Fern\u00e1ndez Chento\" \/>\n<meta name=\"twitter:card\" content=\"summary_large_image\" \/>\n<meta name=\"twitter:creator\" content=\"@https:\/\/twitter.com\/javierchento\" \/>\n<meta name=\"twitter:site\" content=\"@WeVincentians\" \/>\n<meta name=\"twitter:label1\" content=\"Escrito por\" \/>\n\t<meta name=\"twitter:data1\" content=\"Francisco Javier Fern\u00e1ndez Chento\" \/>\n\t<meta name=\"twitter:label2\" content=\"Tiempo de lectura\" \/>\n\t<meta name=\"twitter:data2\" content=\"34 minutos\" \/>\n<script type=\"application\/ld+json\" class=\"yoast-schema-graph\">{\"@context\":\"https:\/\/schema.org\",\"@graph\":[{\"@type\":\"Article\",\"@id\":\"https:\/\/vincentians.com\/es\/otra-mirada-a-la-mansedumbre\/#article\",\"isPartOf\":{\"@id\":\"https:\/\/vincentians.com\/es\/otra-mirada-a-la-mansedumbre\/\"},\"author\":{\"name\":\"Francisco Javier Fern\u00e1ndez Chento\",\"@id\":\"http:\/\/vincentians.com\/es\/#\/schema\/person\/9623ef4d9aa3b2dfb8c061f1499288f2\"},\"headline\":\"Otra mirada a la mansedumbre\",\"datePublished\":\"2021-11-07T06:30:14+00:00\",\"mainEntityOfPage\":{\"@id\":\"https:\/\/vincentians.com\/es\/otra-mirada-a-la-mansedumbre\/\"},\"wordCount\":8055,\"commentCount\":0,\"publisher\":{\"@id\":\"http:\/\/vincentians.com\/es\/#organization\"},\"image\":{\"@id\":\"https:\/\/vincentians.com\/es\/otra-mirada-a-la-mansedumbre\/#primaryimage\"},\"thumbnailUrl\":\"https:\/\/i0.wp.com\/vincentians.com\/es\/wp-content\/uploads\/sites\/11\/2016\/09\/espiritu-de-jesus.jpg?fit=1200%2C630&ssl=1\",\"keywords\":[\"Abelly\",\"Argel\",\"Blatiron\",\"Collet\",\"Du Coudray\",\"Etienne\",\"Gondi\",\"Levacher\",\"Pobreza\",\"Portail\",\"Robineau\",\"Se\u00f1ora de Gondi\"],\"articleSection\":[\"Formaci\u00f3n Vicenciana\"],\"inLanguage\":\"es\",\"potentialAction\":[{\"@type\":\"CommentAction\",\"name\":\"Comment\",\"target\":[\"https:\/\/vincentians.com\/es\/otra-mirada-a-la-mansedumbre\/#respond\"]}]},{\"@type\":\"WebPage\",\"@id\":\"https:\/\/vincentians.com\/es\/otra-mirada-a-la-mansedumbre\/\",\"url\":\"https:\/\/vincentians.com\/es\/otra-mirada-a-la-mansedumbre\/\",\"name\":\"Otra mirada a la mansedumbre - Somos Vicencianos\",\"isPartOf\":{\"@id\":\"http:\/\/vincentians.com\/es\/#website\"},\"primaryImageOfPage\":{\"@id\":\"https:\/\/vincentians.com\/es\/otra-mirada-a-la-mansedumbre\/#primaryimage\"},\"image\":{\"@id\":\"https:\/\/vincentians.com\/es\/otra-mirada-a-la-mansedumbre\/#primaryimage\"},\"thumbnailUrl\":\"https:\/\/i0.wp.com\/vincentians.com\/es\/wp-content\/uploads\/sites\/11\/2016\/09\/espiritu-de-jesus.jpg?fit=1200%2C630&ssl=1\",\"datePublished\":\"2021-11-07T06:30:14+00:00\",\"breadcrumb\":{\"@id\":\"https:\/\/vincentians.com\/es\/otra-mirada-a-la-mansedumbre\/#breadcrumb\"},\"inLanguage\":\"es\",\"potentialAction\":[{\"@type\":\"ReadAction\",\"target\":[\"https:\/\/vincentians.com\/es\/otra-mirada-a-la-mansedumbre\/\"]}]},{\"@type\":\"ImageObject\",\"inLanguage\":\"es\",\"@id\":\"https:\/\/vincentians.com\/es\/otra-mirada-a-la-mansedumbre\/#primaryimage\",\"url\":\"https:\/\/i0.wp.com\/vincentians.com\/es\/wp-content\/uploads\/sites\/11\/2016\/09\/espiritu-de-jesus.jpg?fit=1200%2C630&ssl=1\",\"contentUrl\":\"https:\/\/i0.wp.com\/vincentians.com\/es\/wp-content\/uploads\/sites\/11\/2016\/09\/espiritu-de-jesus.jpg?fit=1200%2C630&ssl=1\",\"width\":1200,\"height\":630},{\"@type\":\"BreadcrumbList\",\"@id\":\"https:\/\/vincentians.com\/es\/otra-mirada-a-la-mansedumbre\/#breadcrumb\",\"itemListElement\":[{\"@type\":\"ListItem\",\"position\":1,\"name\":\"Portada\",\"item\":\"http:\/\/vincentians.com\/es\/\"},{\"@type\":\"ListItem\",\"position\":2,\"name\":\"Otra mirada a la mansedumbre\"}]},{\"@type\":\"WebSite\",\"@id\":\"http:\/\/vincentians.com\/es\/#website\",\"url\":\"http:\/\/vincentians.com\/es\/\",\"name\":\"Somos Vicencianos\",\"description\":\"Know more to serve more\",\"publisher\":{\"@id\":\"http:\/\/vincentians.com\/es\/#organization\"},\"potentialAction\":[{\"@type\":\"SearchAction\",\"target\":{\"@type\":\"EntryPoint\",\"urlTemplate\":\"http:\/\/vincentians.com\/es\/?s={search_term_string}\"},\"query-input\":{\"@type\":\"PropertyValueSpecification\",\"valueRequired\":true,\"valueName\":\"search_term_string\"}}],\"inLanguage\":\"es\"},{\"@type\":\"Organization\",\"@id\":\"http:\/\/vincentians.com\/es\/#organization\",\"name\":\"The Vincentian Network\",\"url\":\"http:\/\/vincentians.com\/es\/\",\"logo\":{\"@type\":\"ImageObject\",\"inLanguage\":\"es\",\"@id\":\"http:\/\/vincentians.com\/es\/#\/schema\/logo\/image\/\",\"url\":\"https:\/\/i1.wp.com\/vincentians.com\/es\/wp-content\/uploads\/sites\/11\/2016\/06\/Vincentian-Network-logo-big.png?fit=778%2C778\",\"contentUrl\":\"https:\/\/i1.wp.com\/vincentians.com\/es\/wp-content\/uploads\/sites\/11\/2016\/06\/Vincentian-Network-logo-big.png?fit=778%2C778\",\"width\":778,\"height\":778,\"caption\":\"The Vincentian Network\"},\"image\":{\"@id\":\"http:\/\/vincentians.com\/es\/#\/schema\/logo\/image\/\"},\"sameAs\":[\"https:\/\/www.facebook.com\/WeAreVincentians\/\",\"https:\/\/x.com\/WeVincentians\"]},{\"@type\":\"Person\",\"@id\":\"http:\/\/vincentians.com\/es\/#\/schema\/person\/9623ef4d9aa3b2dfb8c061f1499288f2\",\"name\":\"Francisco Javier Fern\u00e1ndez Chento\",\"image\":{\"@type\":\"ImageObject\",\"inLanguage\":\"es\",\"@id\":\"http:\/\/vincentians.com\/es\/#\/schema\/person\/image\/\",\"url\":\"https:\/\/secure.gravatar.com\/avatar\/497d5cde87b4c3d097d0315953521681ba2cd523ee66e5077c3711f7021e65de?s=96&d=mm&r=g\",\"contentUrl\":\"https:\/\/secure.gravatar.com\/avatar\/497d5cde87b4c3d097d0315953521681ba2cd523ee66e5077c3711f7021e65de?s=96&d=mm&r=g\",\"caption\":\"Francisco Javier Fern\u00e1ndez Chento\"},\"description\":\"Director General y cofundador de La Red de Formaci\u00f3n Vicenciana. Javier es laico vicenciano, afiliado a la Congregaci\u00f3n de la Misi\u00f3n y miembro del Equipo de Misiones Populares de la provincia can\u00f3nica de Zaragoza (Espa\u00f1a) de la Congregaci\u00f3n de la Misi\u00f3n. Graduado en la Universidad Oberta de Catalunya con cuatro grados (Asistente de direcci\u00f3n, Gesti\u00f3n Administrativa, Recursos Humanos y Contabilidad Avanzada). Bil\u00edng\u00fce Espa\u00f1ol\/Ingl\u00e9s. gestiona y mantiene varias p\u00e1ginas web cristianas y vicencianas, incluida including La Red de Formaci\u00f3n Vicenciana, de la que es cofundador. Actualmente es responsable del \u00e1rea de Espa\u00f1ol de .famvin, la Red de Noticias de la Familia Vicenciana. Tambi\u00e9n es m\u00fasico cat\u00f3lico y ha editado varios discos. Es Director General y cofundador de Trovador, una reconocida compa\u00f1\u00eda discogr\u00e1fica critiana de Espa\u00f1a. Trabaja en las Tecnolog\u00edas de la Informaci\u00f3n, ofreciendo servicios de alojamiento, dise\u00f1o y mantenimiento Web, as\u00ed como asesoramiento, formaci\u00f3n y soluciones inform\u00e1ticas, gesti\u00f3n documental y digitalizaci\u00f3n de textos, edici\u00f3n y maquetaci\u00f3n de libros, revistas, flyers, etc.\",\"sameAs\":[\"http:\/\/chento.org\",\"https:\/\/www.facebook.com\/JavierChento\",\"https:\/\/x.com\/https:\/\/twitter.com\/javierchento\"],\"url\":\"https:\/\/vincentians.com\/es\/author\/chento\/\"}]}<\/script>\n<!-- \/ Yoast SEO plugin. -->","yoast_head_json":{"title":"Otra mirada a la mansedumbre - Somos Vicencianos","robots":{"index":"index","follow":"follow","max-snippet":"max-snippet:-1","max-image-preview":"max-image-preview:large","max-video-preview":"max-video-preview:-1"},"canonical":"https:\/\/vincentians.com\/es\/otra-mirada-a-la-mansedumbre\/","og_locale":"es_ES","og_type":"article","og_title":"Otra mirada a la mansedumbre - Somos Vicencianos","og_description":"La mansedumbre, o douceur, es la tercera de las cinco virtudes caracter\u00edsticas de la Congregaci\u00f3n de la Misi\u00f3n. Es tambi\u00e9n una de las virtudes en las que m\u00e1s insisti\u00f3 San Vicente en sus Conferencias a ... Read More","og_url":"https:\/\/vincentians.com\/es\/otra-mirada-a-la-mansedumbre\/","og_site_name":"Somos Vicencianos","article_publisher":"https:\/\/www.facebook.com\/WeAreVincentians\/","article_author":"https:\/\/www.facebook.com\/JavierChento","article_published_time":"2021-11-07T06:30:14+00:00","og_image":[{"width":1200,"height":630,"url":"https:\/\/i0.wp.com\/vincentians.com\/es\/wp-content\/uploads\/sites\/11\/2016\/09\/espiritu-de-jesus.jpg?fit=1200%2C630&ssl=1","type":"image\/jpeg"}],"author":"Francisco Javier Fern\u00e1ndez Chento","twitter_card":"summary_large_image","twitter_creator":"@https:\/\/twitter.com\/javierchento","twitter_site":"@WeVincentians","twitter_misc":{"Escrito por":"Francisco Javier Fern\u00e1ndez Chento","Tiempo de lectura":"34 minutos"},"schema":{"@context":"https:\/\/schema.org","@graph":[{"@type":"Article","@id":"https:\/\/vincentians.com\/es\/otra-mirada-a-la-mansedumbre\/#article","isPartOf":{"@id":"https:\/\/vincentians.com\/es\/otra-mirada-a-la-mansedumbre\/"},"author":{"name":"Francisco Javier Fern\u00e1ndez Chento","@id":"http:\/\/vincentians.com\/es\/#\/schema\/person\/9623ef4d9aa3b2dfb8c061f1499288f2"},"headline":"Otra mirada a la mansedumbre","datePublished":"2021-11-07T06:30:14+00:00","mainEntityOfPage":{"@id":"https:\/\/vincentians.com\/es\/otra-mirada-a-la-mansedumbre\/"},"wordCount":8055,"commentCount":0,"publisher":{"@id":"http:\/\/vincentians.com\/es\/#organization"},"image":{"@id":"https:\/\/vincentians.com\/es\/otra-mirada-a-la-mansedumbre\/#primaryimage"},"thumbnailUrl":"https:\/\/i0.wp.com\/vincentians.com\/es\/wp-content\/uploads\/sites\/11\/2016\/09\/espiritu-de-jesus.jpg?fit=1200%2C630&ssl=1","keywords":["Abelly","Argel","Blatiron","Collet","Du Coudray","Etienne","Gondi","Levacher","Pobreza","Portail","Robineau","Se\u00f1ora de Gondi"],"articleSection":["Formaci\u00f3n Vicenciana"],"inLanguage":"es","potentialAction":[{"@type":"CommentAction","name":"Comment","target":["https:\/\/vincentians.com\/es\/otra-mirada-a-la-mansedumbre\/#respond"]}]},{"@type":"WebPage","@id":"https:\/\/vincentians.com\/es\/otra-mirada-a-la-mansedumbre\/","url":"https:\/\/vincentians.com\/es\/otra-mirada-a-la-mansedumbre\/","name":"Otra mirada a la mansedumbre - Somos Vicencianos","isPartOf":{"@id":"http:\/\/vincentians.com\/es\/#website"},"primaryImageOfPage":{"@id":"https:\/\/vincentians.com\/es\/otra-mirada-a-la-mansedumbre\/#primaryimage"},"image":{"@id":"https:\/\/vincentians.com\/es\/otra-mirada-a-la-mansedumbre\/#primaryimage"},"thumbnailUrl":"https:\/\/i0.wp.com\/vincentians.com\/es\/wp-content\/uploads\/sites\/11\/2016\/09\/espiritu-de-jesus.jpg?fit=1200%2C630&ssl=1","datePublished":"2021-11-07T06:30:14+00:00","breadcrumb":{"@id":"https:\/\/vincentians.com\/es\/otra-mirada-a-la-mansedumbre\/#breadcrumb"},"inLanguage":"es","potentialAction":[{"@type":"ReadAction","target":["https:\/\/vincentians.com\/es\/otra-mirada-a-la-mansedumbre\/"]}]},{"@type":"ImageObject","inLanguage":"es","@id":"https:\/\/vincentians.com\/es\/otra-mirada-a-la-mansedumbre\/#primaryimage","url":"https:\/\/i0.wp.com\/vincentians.com\/es\/wp-content\/uploads\/sites\/11\/2016\/09\/espiritu-de-jesus.jpg?fit=1200%2C630&ssl=1","contentUrl":"https:\/\/i0.wp.com\/vincentians.com\/es\/wp-content\/uploads\/sites\/11\/2016\/09\/espiritu-de-jesus.jpg?fit=1200%2C630&ssl=1","width":1200,"height":630},{"@type":"BreadcrumbList","@id":"https:\/\/vincentians.com\/es\/otra-mirada-a-la-mansedumbre\/#breadcrumb","itemListElement":[{"@type":"ListItem","position":1,"name":"Portada","item":"http:\/\/vincentians.com\/es\/"},{"@type":"ListItem","position":2,"name":"Otra mirada a la mansedumbre"}]},{"@type":"WebSite","@id":"http:\/\/vincentians.com\/es\/#website","url":"http:\/\/vincentians.com\/es\/","name":"Somos Vicencianos","description":"Know more to serve more","publisher":{"@id":"http:\/\/vincentians.com\/es\/#organization"},"potentialAction":[{"@type":"SearchAction","target":{"@type":"EntryPoint","urlTemplate":"http:\/\/vincentians.com\/es\/?s={search_term_string}"},"query-input":{"@type":"PropertyValueSpecification","valueRequired":true,"valueName":"search_term_string"}}],"inLanguage":"es"},{"@type":"Organization","@id":"http:\/\/vincentians.com\/es\/#organization","name":"The Vincentian Network","url":"http:\/\/vincentians.com\/es\/","logo":{"@type":"ImageObject","inLanguage":"es","@id":"http:\/\/vincentians.com\/es\/#\/schema\/logo\/image\/","url":"https:\/\/i1.wp.com\/vincentians.com\/es\/wp-content\/uploads\/sites\/11\/2016\/06\/Vincentian-Network-logo-big.png?fit=778%2C778","contentUrl":"https:\/\/i1.wp.com\/vincentians.com\/es\/wp-content\/uploads\/sites\/11\/2016\/06\/Vincentian-Network-logo-big.png?fit=778%2C778","width":778,"height":778,"caption":"The Vincentian Network"},"image":{"@id":"http:\/\/vincentians.com\/es\/#\/schema\/logo\/image\/"},"sameAs":["https:\/\/www.facebook.com\/WeAreVincentians\/","https:\/\/x.com\/WeVincentians"]},{"@type":"Person","@id":"http:\/\/vincentians.com\/es\/#\/schema\/person\/9623ef4d9aa3b2dfb8c061f1499288f2","name":"Francisco Javier Fern\u00e1ndez Chento","image":{"@type":"ImageObject","inLanguage":"es","@id":"http:\/\/vincentians.com\/es\/#\/schema\/person\/image\/","url":"https:\/\/secure.gravatar.com\/avatar\/497d5cde87b4c3d097d0315953521681ba2cd523ee66e5077c3711f7021e65de?s=96&d=mm&r=g","contentUrl":"https:\/\/secure.gravatar.com\/avatar\/497d5cde87b4c3d097d0315953521681ba2cd523ee66e5077c3711f7021e65de?s=96&d=mm&r=g","caption":"Francisco Javier Fern\u00e1ndez Chento"},"description":"Director General y cofundador de La Red de Formaci\u00f3n Vicenciana. Javier es laico vicenciano, afiliado a la Congregaci\u00f3n de la Misi\u00f3n y miembro del Equipo de Misiones Populares de la provincia can\u00f3nica de Zaragoza (Espa\u00f1a) de la Congregaci\u00f3n de la Misi\u00f3n. Graduado en la Universidad Oberta de Catalunya con cuatro grados (Asistente de direcci\u00f3n, Gesti\u00f3n Administrativa, Recursos Humanos y Contabilidad Avanzada). Bil\u00edng\u00fce Espa\u00f1ol\/Ingl\u00e9s. gestiona y mantiene varias p\u00e1ginas web cristianas y vicencianas, incluida including La Red de Formaci\u00f3n Vicenciana, de la que es cofundador. Actualmente es responsable del \u00e1rea de Espa\u00f1ol de .famvin, la Red de Noticias de la Familia Vicenciana. Tambi\u00e9n es m\u00fasico cat\u00f3lico y ha editado varios discos. Es Director General y cofundador de Trovador, una reconocida compa\u00f1\u00eda discogr\u00e1fica critiana de Espa\u00f1a. Trabaja en las Tecnolog\u00edas de la Informaci\u00f3n, ofreciendo servicios de alojamiento, dise\u00f1o y mantenimiento Web, as\u00ed como asesoramiento, formaci\u00f3n y soluciones inform\u00e1ticas, gesti\u00f3n documental y digitalizaci\u00f3n de textos, edici\u00f3n y maquetaci\u00f3n de libros, revistas, flyers, etc.","sameAs":["http:\/\/chento.org","https:\/\/www.facebook.com\/JavierChento","https:\/\/x.com\/https:\/\/twitter.com\/javierchento"],"url":"https:\/\/vincentians.com\/es\/author\/chento\/"}]}},"jetpack_publicize_connections":[],"jetpack_featured_media_url":"https:\/\/i0.wp.com\/vincentians.com\/es\/wp-content\/uploads\/sites\/11\/2016\/09\/espiritu-de-jesus.jpg?fit=1200%2C630&ssl=1","jetpack_sharing_enabled":true,"jetpack_shortlink":"https:\/\/wp.me\/p7ETMF-87U","jetpack-related-posts":[{"id":118293,"url":"https:\/\/vincentians.com\/es\/la-mansedumbre-cf-xi-752\/","url_meta":{"origin":31242,"position":0},"title":"La Mansedumbre (cf. XI, 752)","author":"Francisco Javier Fern\u00e1ndez Chento","date":"05\/12\/2021","format":false,"excerpt":"Lo que entendemos por mansedumbre Moderaci\u00f3n razonable de la ira 1) El sustantivo mansedumbre y el adjetivo manso no son muy usados actual\u00admente. Conviene, por tanto, tener presente otros t\u00e9rminos con el matiz que a\u00f1aden al significado nuclear de la mansedumbre. Tales t\u00e9rminos son afabilidad, apaci\u00adbilidad, dulzura, suavidad, benignidad y\u2026","rel":"","context":"En \u00abEspiritualidad vicenciana\u00bb","block_context":{"text":"Espiritualidad vicenciana","link":"https:\/\/vincentians.com\/es\/category\/espiritualidad\/espiritualidad-vicenciana\/"},"img":{"alt_text":"","src":"https:\/\/i0.wp.com\/vincentians.com\/es\/wp-content\/uploads\/sites\/11\/2016\/09\/conversion.jpg?fit=1200%2C630&ssl=1&resize=350%2C200","width":350,"height":200,"srcset":"https:\/\/i0.wp.com\/vincentians.com\/es\/wp-content\/uploads\/sites\/11\/2016\/09\/conversion.jpg?fit=1200%2C630&ssl=1&resize=350%2C200 1x, https:\/\/i0.wp.com\/vincentians.com\/es\/wp-content\/uploads\/sites\/11\/2016\/09\/conversion.jpg?fit=1200%2C630&ssl=1&resize=525%2C300 1.5x, https:\/\/i0.wp.com\/vincentians.com\/es\/wp-content\/uploads\/sites\/11\/2016\/09\/conversion.jpg?fit=1200%2C630&ssl=1&resize=700%2C400 2x, https:\/\/i0.wp.com\/vincentians.com\/es\/wp-content\/uploads\/sites\/11\/2016\/09\/conversion.jpg?fit=1200%2C630&ssl=1&resize=1050%2C600 3x"},"classes":[]},{"id":130682,"url":"https:\/\/vincentians.com\/es\/las-cinco-virtudes-caracteristicas-ayer-y-hoy-i\/","url_meta":{"origin":31242,"position":1},"title":"Las cinco virtudes caracter\u00edsticas ayer y hoy (I)","author":"Francisco Javier Fern\u00e1ndez Chento","date":"17\/06\/2014","format":false,"excerpt":"Escribo este cap\u00edtulo con cierta inseguridad, pues me doy cuenta de que el trabajo que emprendo en \u00e9l no es, aunque muy importante, nada f\u00e1cil. Para Vicente de Pa\u00fal sencillez, humildad, mansedumbre, mortificaci\u00f3n y celo eran las virtudes caracter\u00edsticas de un misio-nero. Las ve\u00eda como \"las cinco piedras con las\u2026","rel":"","context":"En \u00abFormaci\u00f3n Vicenciana\u00bb","block_context":{"text":"Formaci\u00f3n Vicenciana","link":"https:\/\/vincentians.com\/es\/category\/formacion-vicenciana\/"},"img":{"alt_text":"29PRT","src":"https:\/\/i0.wp.com\/vicencianos.org\/wp-content\/2014\/01\/29PRT.jpg?resize=350%2C200","width":350,"height":200},"classes":[]},{"id":130691,"url":"https:\/\/vincentians.com\/es\/las-cinco-virtudes-caracteristicas-ayer-y-hoy-mansedumbre-v\/","url_meta":{"origin":31242,"position":2},"title":"Las cinco virtudes caracter\u00edsticas ayer y hoy: mansedumbre (V)","author":"Francisco Javier Fern\u00e1ndez Chento","date":"21\/06\/2014","format":false,"excerpt":"3. Mansedumbre La ense\u00f1anza de san Vicente acerca de esta limp\u00edsima piedra es tal vez la m\u00e1s f\u00e1cil de traducir a lenguaje moderno. Su conferencia del 28 de marzo de 1659, as\u00ed como varias de sus cartas a Luisa de Marillac, contiene una sabidur\u00eda pr\u00e1ctica que es tambi\u00e9n hoy muy\u2026","rel":"","context":"En \u00abFormaci\u00f3n Vicenciana\u00bb","block_context":{"text":"Formaci\u00f3n Vicenciana","link":"https:\/\/vincentians.com\/es\/category\/formacion-vicenciana\/"},"img":{"alt_text":"29PRT","src":"https:\/\/i0.wp.com\/vicencianos.org\/wp-content\/2014\/01\/29PRT.jpg?resize=350%2C200","width":350,"height":200},"classes":[]},{"id":121663,"url":"https:\/\/vincentians.com\/es\/san-vicente-de-paul-y-los-gondi-capitulo-06\/","url_meta":{"origin":31242,"position":3},"title":"San Vicente de Pa\u00fal y los Gondi: Cap\u00edtulo 06","author":"Francisco Javier Fern\u00e1ndez Chento","date":"09\/07\/2024","format":false,"excerpt":"Cap\u00edtulo VI Vicente de Pa\u00fal en Ch\u00e2tillon-lez-Dombes. - Primera fundaci\u00f3n de una asociaci\u00f3n de sirvientas para los pobres. - Vuelta de Vicente a la casa de los Gondi. - Misiones en sus dominios. - Vicente de Pa\u00fal capell\u00e1n real de las galeras. Al llegar a Ch\u00e2tillon-lez-Dombes, Vicente de Pa\u00fal encontr\u00f3\u2026","rel":"","context":"En \u00abVicente de Pa\u00fal\u00bb","block_context":{"text":"Vicente de Pa\u00fal","link":"https:\/\/vincentians.com\/es\/category\/la-familia-vicenciana\/fundadores\/vicente-de-paul\/"},"img":{"alt_text":"","src":"https:\/\/i0.wp.com\/vincentians.com\/es\/wp-content\/uploads\/sites\/11\/2023\/08\/aaaf.jpg?fit=1200%2C827&ssl=1&resize=350%2C200","width":350,"height":200,"srcset":"https:\/\/i0.wp.com\/vincentians.com\/es\/wp-content\/uploads\/sites\/11\/2023\/08\/aaaf.jpg?fit=1200%2C827&ssl=1&resize=350%2C200 1x, https:\/\/i0.wp.com\/vincentians.com\/es\/wp-content\/uploads\/sites\/11\/2023\/08\/aaaf.jpg?fit=1200%2C827&ssl=1&resize=525%2C300 1.5x, https:\/\/i0.wp.com\/vincentians.com\/es\/wp-content\/uploads\/sites\/11\/2023\/08\/aaaf.jpg?fit=1200%2C827&ssl=1&resize=700%2C400 2x, https:\/\/i0.wp.com\/vincentians.com\/es\/wp-content\/uploads\/sites\/11\/2023\/08\/aaaf.jpg?fit=1200%2C827&ssl=1&resize=1050%2C600 3x"},"classes":[]},{"id":133546,"url":"https:\/\/vincentians.com\/es\/afabilidad-virtud-del-buen-trato\/","url_meta":{"origin":31242,"position":4},"title":"Afabilidad: Virtud del buen trato","author":"Francisco Javier Fern\u00e1ndez Chento","date":"05\/01\/2015","format":false,"excerpt":"Llama la atenci\u00f3n en \"Wikipedia\" que, al hablar sobre la afabilidad, dice que es \"una virtud de los antiguos tiempos, aunque se encuentra todav\u00eda en personas que han conservado las tradiciones de noble sencillez y de generosa franqueza\". Desde luego, se conserva la afabilidad en los miembros de la Sociedad\u2026","rel":"","context":"En \u00abEspiritualidad vicenciana\u00bb","block_context":{"text":"Espiritualidad vicenciana","link":"https:\/\/vincentians.com\/es\/category\/espiritualidad\/espiritualidad-vicenciana\/"},"img":{"alt_text":"afable_1","src":"https:\/\/i0.wp.com\/vicencianos.org\/wp-content\/2015\/01\/afable_1-300x224.jpg?resize=350%2C200","width":350,"height":200},"classes":[]},{"id":131919,"url":"https:\/\/vincentians.com\/es\/los-mansos-poseeran-la-tierra\/","url_meta":{"origin":31242,"position":5},"title":"Los mansos poseer\u00e1n la tierra","author":"Francisco Javier Fern\u00e1ndez Chento","date":"04\/12\/2014","format":false,"excerpt":"\"Dichosos los no violentos, porque \u00e9sos van a heredar la tierra\". (Mt 5,5). \"La Congregaci\u00f3n intenta expresar su esp\u00edritu tambi\u00e9n con las cinco virtudes sacadas de su peculiar visi\u00f3n de Cristo, a saber: la sencillez, la humildad, la mansedumbre, la mortificaci\u00f3n y el celo por las almas, de las cuales\u2026","rel":"","context":"En \u00abEspiritualidad vicenciana\u00bb","block_context":{"text":"Espiritualidad vicenciana","link":"https:\/\/vincentians.com\/es\/category\/espiritualidad\/espiritualidad-vicenciana\/"},"img":{"alt_text":"HumildadyMansedumbre","src":"https:\/\/i0.wp.com\/vicencianos.org\/wp-content\/2014\/12\/HumildadyMansedumbre-300x213.jpg?resize=350%2C200","width":350,"height":200},"classes":[]}],"_links":{"self":[{"href":"https:\/\/vincentians.com\/es\/wp-json\/wp\/v2\/posts\/31242","targetHints":{"allow":["GET"]}}],"collection":[{"href":"https:\/\/vincentians.com\/es\/wp-json\/wp\/v2\/posts"}],"about":[{"href":"https:\/\/vincentians.com\/es\/wp-json\/wp\/v2\/types\/post"}],"author":[{"embeddable":true,"href":"https:\/\/vincentians.com\/es\/wp-json\/wp\/v2\/users\/4"}],"replies":[{"embeddable":true,"href":"https:\/\/vincentians.com\/es\/wp-json\/wp\/v2\/comments?post=31242"}],"version-history":[{"count":1,"href":"https:\/\/vincentians.com\/es\/wp-json\/wp\/v2\/posts\/31242\/revisions"}],"predecessor-version":[{"id":403723,"href":"https:\/\/vincentians.com\/es\/wp-json\/wp\/v2\/posts\/31242\/revisions\/403723"}],"wp:featuredmedia":[{"embeddable":true,"href":"https:\/\/vincentians.com\/es\/wp-json\/wp\/v2\/media\/399990"}],"wp:attachment":[{"href":"https:\/\/vincentians.com\/es\/wp-json\/wp\/v2\/media?parent=31242"}],"wp:term":[{"taxonomy":"category","embeddable":true,"href":"https:\/\/vincentians.com\/es\/wp-json\/wp\/v2\/categories?post=31242"},{"taxonomy":"post_tag","embeddable":true,"href":"https:\/\/vincentians.com\/es\/wp-json\/wp\/v2\/tags?post=31242"}],"curies":[{"name":"wp","href":"https:\/\/api.w.org\/{rel}","templated":true}]}}