{"id":3056,"date":"2009-12-08T08:09:02","date_gmt":"2009-12-08T07:09:02","guid":{"rendered":"http:\/\/www.vicencianos.org\/web\/2009\/12\/08\/carta-0002-al-r-p-hilarion-rebours-cartujo\/"},"modified":"2016-07-26T11:09:39","modified_gmt":"2016-07-26T09:09:39","slug":"luisa-de-marillac-carta-0002-al-r-p-hilarion-rebours-cartujo","status":"publish","type":"post","link":"https:\/\/vincentians.com\/es\/luisa-de-marillac-carta-0002-al-r-p-hilarion-rebours-cartujo\/","title":{"rendered":"Luisa de Marillac, Carta 0002: Al R. P. Hilari\u00f3n Rebours, cartujo"},"content":{"rendered":"<p>(finales de diciembre 1625)<span id='easy-footnote-1-3056' class='easy-footnote-margin-adjust'><\/span><span class='easy-footnote'><a href='https:\/\/vincentians.com\/es\/luisa-de-marillac-carta-0002-al-r-p-hilarion-rebours-cartujo\/#easy-footnote-bottom-1-3056' title='Gobill\u00f3n, I, 23. Copia'><sup>1<\/sup><\/a><\/span>\n<p>\u00bfNo es muy razonable que yo sea toda de Dios despu\u00e9s de haber estado tanto tiempo en el mundo? Le digo, pues, mi querido primo que lo deseo con todo mi coraz\u00f3n y en la manera que a \u00e9l le plazca. Pero tengo grandes motivos para desconfiar de m\u00ed misma en la perseverancia en este santo deseo, a causa de los continuos impedimentos que se oponen a los designios que Dios tiene sobre m\u00ed. Ahora bien, mi querido padre, ayude, pues, a mi pobre alma, y con sus oraciones rompa estos lazos que me atan tan fuertemente a todo lo que no es Dios; y por su santo amor contin\u00fae las plegarias que me promete.<\/p>\n","protected":false},"excerpt":{"rendered":"<p>(finales de diciembre 1625) \u00bfNo es muy razonable que yo sea toda de Dios despu\u00e9s de haber estado tanto tiempo en el mundo? Le digo, pues, mi querido primo que lo deseo con todo mi &#8230; <a href=\"https:\/\/vincentians.com\/es\/luisa-de-marillac-carta-0002-al-r-p-hilarion-rebours-cartujo\/\" class=\"more-link\">Read More<\/a><\/p>\n","protected":false},"author":4,"featured_media":393751,"comment_status":"open","ping_status":"open","sticky":false,"template":"","format":"standard","meta":{"jetpack_post_was_ever_published":false,"_jetpack_newsletter_access":"","_jetpack_dont_email_post_to_subs":false,"_jetpack_newsletter_tier_id":0,"_jetpack_memberships_contains_paywalled_content":false,"_jetpack_memberships_contains_paid_content":false,"footnotes":"","jetpack_publicize_message":"","jetpack_publicize_feature_enabled":true,"jetpack_social_post_already_shared":true,"jetpack_social_options":{"image_generator_settings":{"template":"highway","default_image_id":0,"font":"","enabled":false},"version":2}},"categories":[67],"tags":[154],"class_list":["post-3056","post","type-post","status-publish","format-standard","has-post-thumbnail","hentry","category-escritos-de-luisa-de-marillac","tag-rebours"],"yoast_head":"<!-- This site is optimized with the Yoast SEO plugin v26.3 - https:\/\/yoast.com\/wordpress\/plugins\/seo\/ -->\n<title>Luisa de Marillac, Carta 0002: Al R. P. Hilari\u00f3n Rebours, cartujo - Somos Vicencianos<\/title>\n<meta name=\"robots\" content=\"index, follow, max-snippet:-1, max-image-preview:large, max-video-preview:-1\" \/>\n<link rel=\"canonical\" href=\"https:\/\/vincentians.com\/es\/luisa-de-marillac-carta-0002-al-r-p-hilarion-rebours-cartujo\/\" \/>\n<meta property=\"og:locale\" content=\"es_ES\" \/>\n<meta property=\"og:type\" content=\"article\" \/>\n<meta property=\"og:title\" content=\"Luisa de Marillac, Carta 0002: Al R. P. Hilari\u00f3n Rebours, cartujo - Somos Vicencianos\" \/>\n<meta property=\"og:description\" content=\"(finales de diciembre 1625) \u00bfNo es muy razonable que yo sea toda de Dios despu\u00e9s de haber estado tanto tiempo en el mundo? Le digo, pues, mi querido primo que lo deseo con todo mi ... Read More\" \/>\n<meta property=\"og:url\" content=\"https:\/\/vincentians.com\/es\/luisa-de-marillac-carta-0002-al-r-p-hilarion-rebours-cartujo\/\" \/>\n<meta property=\"og:site_name\" content=\"Somos Vicencianos\" \/>\n<meta property=\"article:publisher\" content=\"https:\/\/www.facebook.com\/WeAreVincentians\/\" \/>\n<meta property=\"article:author\" content=\"https:\/\/www.facebook.com\/JavierChento\" \/>\n<meta property=\"article:published_time\" content=\"2009-12-08T07:09:02+00:00\" \/>\n<meta property=\"article:modified_time\" content=\"2016-07-26T09:09:39+00:00\" \/>\n<meta property=\"og:image\" content=\"https:\/\/i0.wp.com\/vincentians.com\/es\/wp-content\/uploads\/sites\/11\/2016\/07\/escritos-luisa-de-marillac.jpg?fit=1200%2C630&ssl=1\" \/>\n\t<meta property=\"og:image:width\" content=\"1200\" \/>\n\t<meta property=\"og:image:height\" content=\"630\" \/>\n\t<meta property=\"og:image:type\" content=\"image\/jpeg\" \/>\n<meta name=\"author\" content=\"Francisco Javier Fern\u00e1ndez Chento\" \/>\n<meta name=\"twitter:card\" content=\"summary_large_image\" \/>\n<meta name=\"twitter:creator\" content=\"@https:\/\/twitter.com\/javierchento\" \/>\n<meta name=\"twitter:site\" content=\"@WeVincentians\" \/>\n<meta name=\"twitter:label1\" content=\"Escrito por\" \/>\n\t<meta name=\"twitter:data1\" content=\"Francisco Javier Fern\u00e1ndez Chento\" \/>\n\t<meta name=\"twitter:label2\" content=\"Tiempo de lectura\" \/>\n\t<meta name=\"twitter:data2\" content=\"1 minuto\" \/>\n<script type=\"application\/ld+json\" class=\"yoast-schema-graph\">{\"@context\":\"https:\/\/schema.org\",\"@graph\":[{\"@type\":\"Article\",\"@id\":\"https:\/\/vincentians.com\/es\/luisa-de-marillac-carta-0002-al-r-p-hilarion-rebours-cartujo\/#article\",\"isPartOf\":{\"@id\":\"https:\/\/vincentians.com\/es\/luisa-de-marillac-carta-0002-al-r-p-hilarion-rebours-cartujo\/\"},\"author\":{\"name\":\"Francisco Javier Fern\u00e1ndez Chento\",\"@id\":\"http:\/\/vincentians.com\/es\/#\/schema\/person\/9623ef4d9aa3b2dfb8c061f1499288f2\"},\"headline\":\"Luisa de Marillac, Carta 0002: Al R. P. Hilari\u00f3n Rebours, cartujo\",\"datePublished\":\"2009-12-08T07:09:02+00:00\",\"dateModified\":\"2016-07-26T09:09:39+00:00\",\"mainEntityOfPage\":{\"@id\":\"https:\/\/vincentians.com\/es\/luisa-de-marillac-carta-0002-al-r-p-hilarion-rebours-cartujo\/\"},\"wordCount\":138,\"commentCount\":0,\"publisher\":{\"@id\":\"http:\/\/vincentians.com\/es\/#organization\"},\"image\":{\"@id\":\"https:\/\/vincentians.com\/es\/luisa-de-marillac-carta-0002-al-r-p-hilarion-rebours-cartujo\/#primaryimage\"},\"thumbnailUrl\":\"https:\/\/i0.wp.com\/vincentians.com\/es\/wp-content\/uploads\/sites\/11\/2016\/07\/escritos-luisa-de-marillac.jpg?fit=1200%2C630&ssl=1\",\"keywords\":[\"Rebours\"],\"articleSection\":[\"Escritos de Luisa de Marillac\"],\"inLanguage\":\"es\",\"potentialAction\":[{\"@type\":\"CommentAction\",\"name\":\"Comment\",\"target\":[\"https:\/\/vincentians.com\/es\/luisa-de-marillac-carta-0002-al-r-p-hilarion-rebours-cartujo\/#respond\"]}]},{\"@type\":\"WebPage\",\"@id\":\"https:\/\/vincentians.com\/es\/luisa-de-marillac-carta-0002-al-r-p-hilarion-rebours-cartujo\/\",\"url\":\"https:\/\/vincentians.com\/es\/luisa-de-marillac-carta-0002-al-r-p-hilarion-rebours-cartujo\/\",\"name\":\"Luisa de Marillac, Carta 0002: Al R. P. Hilari\u00f3n Rebours, cartujo - Somos Vicencianos\",\"isPartOf\":{\"@id\":\"http:\/\/vincentians.com\/es\/#website\"},\"primaryImageOfPage\":{\"@id\":\"https:\/\/vincentians.com\/es\/luisa-de-marillac-carta-0002-al-r-p-hilarion-rebours-cartujo\/#primaryimage\"},\"image\":{\"@id\":\"https:\/\/vincentians.com\/es\/luisa-de-marillac-carta-0002-al-r-p-hilarion-rebours-cartujo\/#primaryimage\"},\"thumbnailUrl\":\"https:\/\/i0.wp.com\/vincentians.com\/es\/wp-content\/uploads\/sites\/11\/2016\/07\/escritos-luisa-de-marillac.jpg?fit=1200%2C630&ssl=1\",\"datePublished\":\"2009-12-08T07:09:02+00:00\",\"dateModified\":\"2016-07-26T09:09:39+00:00\",\"breadcrumb\":{\"@id\":\"https:\/\/vincentians.com\/es\/luisa-de-marillac-carta-0002-al-r-p-hilarion-rebours-cartujo\/#breadcrumb\"},\"inLanguage\":\"es\",\"potentialAction\":[{\"@type\":\"ReadAction\",\"target\":[\"https:\/\/vincentians.com\/es\/luisa-de-marillac-carta-0002-al-r-p-hilarion-rebours-cartujo\/\"]}]},{\"@type\":\"ImageObject\",\"inLanguage\":\"es\",\"@id\":\"https:\/\/vincentians.com\/es\/luisa-de-marillac-carta-0002-al-r-p-hilarion-rebours-cartujo\/#primaryimage\",\"url\":\"https:\/\/i0.wp.com\/vincentians.com\/es\/wp-content\/uploads\/sites\/11\/2016\/07\/escritos-luisa-de-marillac.jpg?fit=1200%2C630&ssl=1\",\"contentUrl\":\"https:\/\/i0.wp.com\/vincentians.com\/es\/wp-content\/uploads\/sites\/11\/2016\/07\/escritos-luisa-de-marillac.jpg?fit=1200%2C630&ssl=1\",\"width\":1200,\"height\":630},{\"@type\":\"BreadcrumbList\",\"@id\":\"https:\/\/vincentians.com\/es\/luisa-de-marillac-carta-0002-al-r-p-hilarion-rebours-cartujo\/#breadcrumb\",\"itemListElement\":[{\"@type\":\"ListItem\",\"position\":1,\"name\":\"Portada\",\"item\":\"http:\/\/vincentians.com\/es\/\"},{\"@type\":\"ListItem\",\"position\":2,\"name\":\"Luisa de Marillac, Carta 0002: Al R. P. Hilari\u00f3n Rebours, cartujo\"}]},{\"@type\":\"WebSite\",\"@id\":\"http:\/\/vincentians.com\/es\/#website\",\"url\":\"http:\/\/vincentians.com\/es\/\",\"name\":\"Somos Vicencianos\",\"description\":\"Know more to serve more\",\"publisher\":{\"@id\":\"http:\/\/vincentians.com\/es\/#organization\"},\"potentialAction\":[{\"@type\":\"SearchAction\",\"target\":{\"@type\":\"EntryPoint\",\"urlTemplate\":\"http:\/\/vincentians.com\/es\/?s={search_term_string}\"},\"query-input\":{\"@type\":\"PropertyValueSpecification\",\"valueRequired\":true,\"valueName\":\"search_term_string\"}}],\"inLanguage\":\"es\"},{\"@type\":\"Organization\",\"@id\":\"http:\/\/vincentians.com\/es\/#organization\",\"name\":\"The Vincentian Network\",\"url\":\"http:\/\/vincentians.com\/es\/\",\"logo\":{\"@type\":\"ImageObject\",\"inLanguage\":\"es\",\"@id\":\"http:\/\/vincentians.com\/es\/#\/schema\/logo\/image\/\",\"url\":\"https:\/\/i1.wp.com\/vincentians.com\/es\/wp-content\/uploads\/sites\/11\/2016\/06\/Vincentian-Network-logo-big.png?fit=778%2C778\",\"contentUrl\":\"https:\/\/i1.wp.com\/vincentians.com\/es\/wp-content\/uploads\/sites\/11\/2016\/06\/Vincentian-Network-logo-big.png?fit=778%2C778\",\"width\":778,\"height\":778,\"caption\":\"The Vincentian Network\"},\"image\":{\"@id\":\"http:\/\/vincentians.com\/es\/#\/schema\/logo\/image\/\"},\"sameAs\":[\"https:\/\/www.facebook.com\/WeAreVincentians\/\",\"https:\/\/x.com\/WeVincentians\"]},{\"@type\":\"Person\",\"@id\":\"http:\/\/vincentians.com\/es\/#\/schema\/person\/9623ef4d9aa3b2dfb8c061f1499288f2\",\"name\":\"Francisco Javier Fern\u00e1ndez Chento\",\"image\":{\"@type\":\"ImageObject\",\"inLanguage\":\"es\",\"@id\":\"http:\/\/vincentians.com\/es\/#\/schema\/person\/image\/\",\"url\":\"https:\/\/secure.gravatar.com\/avatar\/497d5cde87b4c3d097d0315953521681ba2cd523ee66e5077c3711f7021e65de?s=96&d=mm&r=g\",\"contentUrl\":\"https:\/\/secure.gravatar.com\/avatar\/497d5cde87b4c3d097d0315953521681ba2cd523ee66e5077c3711f7021e65de?s=96&d=mm&r=g\",\"caption\":\"Francisco Javier Fern\u00e1ndez Chento\"},\"description\":\"Director General y cofundador de La Red de Formaci\u00f3n Vicenciana. Javier es laico vicenciano, afiliado a la Congregaci\u00f3n de la Misi\u00f3n y miembro del Equipo de Misiones Populares de la provincia can\u00f3nica de Zaragoza (Espa\u00f1a) de la Congregaci\u00f3n de la Misi\u00f3n. Graduado en la Universidad Oberta de Catalunya con cuatro grados (Asistente de direcci\u00f3n, Gesti\u00f3n Administrativa, Recursos Humanos y Contabilidad Avanzada). Bil\u00edng\u00fce Espa\u00f1ol\/Ingl\u00e9s. gestiona y mantiene varias p\u00e1ginas web cristianas y vicencianas, incluida including La Red de Formaci\u00f3n Vicenciana, de la que es cofundador. Actualmente es responsable del \u00e1rea de Espa\u00f1ol de .famvin, la Red de Noticias de la Familia Vicenciana. Tambi\u00e9n es m\u00fasico cat\u00f3lico y ha editado varios discos. Es Director General y cofundador de Trovador, una reconocida compa\u00f1\u00eda discogr\u00e1fica critiana de Espa\u00f1a. Trabaja en las Tecnolog\u00edas de la Informaci\u00f3n, ofreciendo servicios de alojamiento, dise\u00f1o y mantenimiento Web, as\u00ed como asesoramiento, formaci\u00f3n y soluciones inform\u00e1ticas, gesti\u00f3n documental y digitalizaci\u00f3n de textos, edici\u00f3n y maquetaci\u00f3n de libros, revistas, flyers, etc.\",\"sameAs\":[\"http:\/\/chento.org\",\"https:\/\/www.facebook.com\/JavierChento\",\"https:\/\/x.com\/https:\/\/twitter.com\/javierchento\"],\"url\":\"https:\/\/vincentians.com\/es\/author\/chento\/\"}]}<\/script>\n<!-- \/ Yoast SEO plugin. -->","yoast_head_json":{"title":"Luisa de Marillac, Carta 0002: Al R. P. Hilari\u00f3n Rebours, cartujo - Somos Vicencianos","robots":{"index":"index","follow":"follow","max-snippet":"max-snippet:-1","max-image-preview":"max-image-preview:large","max-video-preview":"max-video-preview:-1"},"canonical":"https:\/\/vincentians.com\/es\/luisa-de-marillac-carta-0002-al-r-p-hilarion-rebours-cartujo\/","og_locale":"es_ES","og_type":"article","og_title":"Luisa de Marillac, Carta 0002: Al R. P. Hilari\u00f3n Rebours, cartujo - Somos Vicencianos","og_description":"(finales de diciembre 1625) \u00bfNo es muy razonable que yo sea toda de Dios despu\u00e9s de haber estado tanto tiempo en el mundo? Le digo, pues, mi querido primo que lo deseo con todo mi ... Read More","og_url":"https:\/\/vincentians.com\/es\/luisa-de-marillac-carta-0002-al-r-p-hilarion-rebours-cartujo\/","og_site_name":"Somos Vicencianos","article_publisher":"https:\/\/www.facebook.com\/WeAreVincentians\/","article_author":"https:\/\/www.facebook.com\/JavierChento","article_published_time":"2009-12-08T07:09:02+00:00","article_modified_time":"2016-07-26T09:09:39+00:00","og_image":[{"width":1200,"height":630,"url":"https:\/\/i0.wp.com\/vincentians.com\/es\/wp-content\/uploads\/sites\/11\/2016\/07\/escritos-luisa-de-marillac.jpg?fit=1200%2C630&ssl=1","type":"image\/jpeg"}],"author":"Francisco Javier Fern\u00e1ndez Chento","twitter_card":"summary_large_image","twitter_creator":"@https:\/\/twitter.com\/javierchento","twitter_site":"@WeVincentians","twitter_misc":{"Escrito por":"Francisco Javier Fern\u00e1ndez Chento","Tiempo de lectura":"1 minuto"},"schema":{"@context":"https:\/\/schema.org","@graph":[{"@type":"Article","@id":"https:\/\/vincentians.com\/es\/luisa-de-marillac-carta-0002-al-r-p-hilarion-rebours-cartujo\/#article","isPartOf":{"@id":"https:\/\/vincentians.com\/es\/luisa-de-marillac-carta-0002-al-r-p-hilarion-rebours-cartujo\/"},"author":{"name":"Francisco Javier Fern\u00e1ndez Chento","@id":"http:\/\/vincentians.com\/es\/#\/schema\/person\/9623ef4d9aa3b2dfb8c061f1499288f2"},"headline":"Luisa de Marillac, Carta 0002: Al R. P. Hilari\u00f3n Rebours, cartujo","datePublished":"2009-12-08T07:09:02+00:00","dateModified":"2016-07-26T09:09:39+00:00","mainEntityOfPage":{"@id":"https:\/\/vincentians.com\/es\/luisa-de-marillac-carta-0002-al-r-p-hilarion-rebours-cartujo\/"},"wordCount":138,"commentCount":0,"publisher":{"@id":"http:\/\/vincentians.com\/es\/#organization"},"image":{"@id":"https:\/\/vincentians.com\/es\/luisa-de-marillac-carta-0002-al-r-p-hilarion-rebours-cartujo\/#primaryimage"},"thumbnailUrl":"https:\/\/i0.wp.com\/vincentians.com\/es\/wp-content\/uploads\/sites\/11\/2016\/07\/escritos-luisa-de-marillac.jpg?fit=1200%2C630&ssl=1","keywords":["Rebours"],"articleSection":["Escritos de Luisa de Marillac"],"inLanguage":"es","potentialAction":[{"@type":"CommentAction","name":"Comment","target":["https:\/\/vincentians.com\/es\/luisa-de-marillac-carta-0002-al-r-p-hilarion-rebours-cartujo\/#respond"]}]},{"@type":"WebPage","@id":"https:\/\/vincentians.com\/es\/luisa-de-marillac-carta-0002-al-r-p-hilarion-rebours-cartujo\/","url":"https:\/\/vincentians.com\/es\/luisa-de-marillac-carta-0002-al-r-p-hilarion-rebours-cartujo\/","name":"Luisa de Marillac, Carta 0002: Al R. P. Hilari\u00f3n Rebours, cartujo - Somos Vicencianos","isPartOf":{"@id":"http:\/\/vincentians.com\/es\/#website"},"primaryImageOfPage":{"@id":"https:\/\/vincentians.com\/es\/luisa-de-marillac-carta-0002-al-r-p-hilarion-rebours-cartujo\/#primaryimage"},"image":{"@id":"https:\/\/vincentians.com\/es\/luisa-de-marillac-carta-0002-al-r-p-hilarion-rebours-cartujo\/#primaryimage"},"thumbnailUrl":"https:\/\/i0.wp.com\/vincentians.com\/es\/wp-content\/uploads\/sites\/11\/2016\/07\/escritos-luisa-de-marillac.jpg?fit=1200%2C630&ssl=1","datePublished":"2009-12-08T07:09:02+00:00","dateModified":"2016-07-26T09:09:39+00:00","breadcrumb":{"@id":"https:\/\/vincentians.com\/es\/luisa-de-marillac-carta-0002-al-r-p-hilarion-rebours-cartujo\/#breadcrumb"},"inLanguage":"es","potentialAction":[{"@type":"ReadAction","target":["https:\/\/vincentians.com\/es\/luisa-de-marillac-carta-0002-al-r-p-hilarion-rebours-cartujo\/"]}]},{"@type":"ImageObject","inLanguage":"es","@id":"https:\/\/vincentians.com\/es\/luisa-de-marillac-carta-0002-al-r-p-hilarion-rebours-cartujo\/#primaryimage","url":"https:\/\/i0.wp.com\/vincentians.com\/es\/wp-content\/uploads\/sites\/11\/2016\/07\/escritos-luisa-de-marillac.jpg?fit=1200%2C630&ssl=1","contentUrl":"https:\/\/i0.wp.com\/vincentians.com\/es\/wp-content\/uploads\/sites\/11\/2016\/07\/escritos-luisa-de-marillac.jpg?fit=1200%2C630&ssl=1","width":1200,"height":630},{"@type":"BreadcrumbList","@id":"https:\/\/vincentians.com\/es\/luisa-de-marillac-carta-0002-al-r-p-hilarion-rebours-cartujo\/#breadcrumb","itemListElement":[{"@type":"ListItem","position":1,"name":"Portada","item":"http:\/\/vincentians.com\/es\/"},{"@type":"ListItem","position":2,"name":"Luisa de Marillac, Carta 0002: Al R. P. Hilari\u00f3n Rebours, cartujo"}]},{"@type":"WebSite","@id":"http:\/\/vincentians.com\/es\/#website","url":"http:\/\/vincentians.com\/es\/","name":"Somos Vicencianos","description":"Know more to serve more","publisher":{"@id":"http:\/\/vincentians.com\/es\/#organization"},"potentialAction":[{"@type":"SearchAction","target":{"@type":"EntryPoint","urlTemplate":"http:\/\/vincentians.com\/es\/?s={search_term_string}"},"query-input":{"@type":"PropertyValueSpecification","valueRequired":true,"valueName":"search_term_string"}}],"inLanguage":"es"},{"@type":"Organization","@id":"http:\/\/vincentians.com\/es\/#organization","name":"The Vincentian Network","url":"http:\/\/vincentians.com\/es\/","logo":{"@type":"ImageObject","inLanguage":"es","@id":"http:\/\/vincentians.com\/es\/#\/schema\/logo\/image\/","url":"https:\/\/i1.wp.com\/vincentians.com\/es\/wp-content\/uploads\/sites\/11\/2016\/06\/Vincentian-Network-logo-big.png?fit=778%2C778","contentUrl":"https:\/\/i1.wp.com\/vincentians.com\/es\/wp-content\/uploads\/sites\/11\/2016\/06\/Vincentian-Network-logo-big.png?fit=778%2C778","width":778,"height":778,"caption":"The Vincentian Network"},"image":{"@id":"http:\/\/vincentians.com\/es\/#\/schema\/logo\/image\/"},"sameAs":["https:\/\/www.facebook.com\/WeAreVincentians\/","https:\/\/x.com\/WeVincentians"]},{"@type":"Person","@id":"http:\/\/vincentians.com\/es\/#\/schema\/person\/9623ef4d9aa3b2dfb8c061f1499288f2","name":"Francisco Javier Fern\u00e1ndez Chento","image":{"@type":"ImageObject","inLanguage":"es","@id":"http:\/\/vincentians.com\/es\/#\/schema\/person\/image\/","url":"https:\/\/secure.gravatar.com\/avatar\/497d5cde87b4c3d097d0315953521681ba2cd523ee66e5077c3711f7021e65de?s=96&d=mm&r=g","contentUrl":"https:\/\/secure.gravatar.com\/avatar\/497d5cde87b4c3d097d0315953521681ba2cd523ee66e5077c3711f7021e65de?s=96&d=mm&r=g","caption":"Francisco Javier Fern\u00e1ndez Chento"},"description":"Director General y cofundador de La Red de Formaci\u00f3n Vicenciana. Javier es laico vicenciano, afiliado a la Congregaci\u00f3n de la Misi\u00f3n y miembro del Equipo de Misiones Populares de la provincia can\u00f3nica de Zaragoza (Espa\u00f1a) de la Congregaci\u00f3n de la Misi\u00f3n. Graduado en la Universidad Oberta de Catalunya con cuatro grados (Asistente de direcci\u00f3n, Gesti\u00f3n Administrativa, Recursos Humanos y Contabilidad Avanzada). Bil\u00edng\u00fce Espa\u00f1ol\/Ingl\u00e9s. gestiona y mantiene varias p\u00e1ginas web cristianas y vicencianas, incluida including La Red de Formaci\u00f3n Vicenciana, de la que es cofundador. Actualmente es responsable del \u00e1rea de Espa\u00f1ol de .famvin, la Red de Noticias de la Familia Vicenciana. Tambi\u00e9n es m\u00fasico cat\u00f3lico y ha editado varios discos. Es Director General y cofundador de Trovador, una reconocida compa\u00f1\u00eda discogr\u00e1fica critiana de Espa\u00f1a. Trabaja en las Tecnolog\u00edas de la Informaci\u00f3n, ofreciendo servicios de alojamiento, dise\u00f1o y mantenimiento Web, as\u00ed como asesoramiento, formaci\u00f3n y soluciones inform\u00e1ticas, gesti\u00f3n documental y digitalizaci\u00f3n de textos, edici\u00f3n y maquetaci\u00f3n de libros, revistas, flyers, etc.","sameAs":["http:\/\/chento.org","https:\/\/www.facebook.com\/JavierChento","https:\/\/x.com\/https:\/\/twitter.com\/javierchento"],"url":"https:\/\/vincentians.com\/es\/author\/chento\/"}]}},"jetpack_publicize_connections":[],"jetpack_featured_media_url":"https:\/\/i0.wp.com\/vincentians.com\/es\/wp-content\/uploads\/sites\/11\/2016\/07\/escritos-luisa-de-marillac.jpg?fit=1200%2C630&ssl=1","jetpack_sharing_enabled":true,"jetpack_shortlink":"https:\/\/wp.me\/p7ETMF-Ni","jetpack-related-posts":[{"id":115705,"url":"https:\/\/vincentians.com\/es\/luisa-de-marillac-carta-0668-a-mi-querida-sor-andrea-marechal\/","url_meta":{"origin":3056,"position":0},"title":"Luisa de Marillac, Carta 0668: A mi querida Sor Andrea Mar\u00e9chal","author":"Francisco Javier Fern\u00e1ndez Chento","date":"10\/12\/2012","format":false,"excerpt":"Hija de la Caridad Sierva de los Pobres Enfermos Liancourt Hoy, 8 de enero de 1659 Mi querida Hermana: Admiro su paciencia en no quejarse de m\u00ed, porque no le he escrito hasta el presente, en que lo hago para regocijarme con usted por la gracia que Dios le ha\u2026","rel":"","context":"En \u00abEscritos de Luisa de Marillac\u00bb","block_context":{"text":"Escritos de Luisa de Marillac","link":"https:\/\/vincentians.com\/es\/category\/escritos\/escritos-de-luisa-de-marillac\/"},"img":{"alt_text":"","src":"https:\/\/i0.wp.com\/vincentians.com\/es\/wp-content\/uploads\/sites\/11\/2016\/07\/escritos-luisa-de-marillac.jpg?fit=1200%2C630&ssl=1&resize=350%2C200","width":350,"height":200,"srcset":"https:\/\/i0.wp.com\/vincentians.com\/es\/wp-content\/uploads\/sites\/11\/2016\/07\/escritos-luisa-de-marillac.jpg?fit=1200%2C630&ssl=1&resize=350%2C200 1x, https:\/\/i0.wp.com\/vincentians.com\/es\/wp-content\/uploads\/sites\/11\/2016\/07\/escritos-luisa-de-marillac.jpg?fit=1200%2C630&ssl=1&resize=525%2C300 1.5x, https:\/\/i0.wp.com\/vincentians.com\/es\/wp-content\/uploads\/sites\/11\/2016\/07\/escritos-luisa-de-marillac.jpg?fit=1200%2C630&ssl=1&resize=700%2C400 2x, https:\/\/i0.wp.com\/vincentians.com\/es\/wp-content\/uploads\/sites\/11\/2016\/07\/escritos-luisa-de-marillac.jpg?fit=1200%2C630&ssl=1&resize=1050%2C600 3x"},"classes":[]},{"id":119624,"url":"https:\/\/vincentians.com\/es\/mirada-de-fe-del-itinerario-espiritual-de-luisa-de-marillac\/","url_meta":{"origin":3056,"position":1},"title":"Mirada de fe del itinerario espiritual de Luisa de Marillac","author":"Francisco Javier Fern\u00e1ndez Chento","date":"12\/04\/2013","format":false,"excerpt":"Introducci\u00f3n La mirada de fe es un hecho humano fundamental que nos orienta hacia Dios y nos invita a vivir de su Esp\u00edritu. La presencia de los Santos es un recuerdo continuo de las cosas del cielo. La Iglesia nos ense\u00f1a que los santos son inseparables de la plenitud de\u2026","rel":"","context":"En \u00abEspiritualidad vicenciana\u00bb","block_context":{"text":"Espiritualidad vicenciana","link":"https:\/\/vincentians.com\/es\/category\/espiritualidad\/espiritualidad-vicenciana\/"},"img":{"alt_text":"Luisa de Marillac","src":"https:\/\/i0.wp.com\/vicencianos.org\/wp-content\/2011\/02\/luisa_marillac-181x300.jpg?resize=350%2C200","width":350,"height":200},"classes":[]},{"id":3053,"url":"https:\/\/vincentians.com\/es\/luisa-de-marillac-carta-0001-al-r-p-hilarion-rebours-cartujo\/","url_meta":{"origin":3056,"position":2},"title":"Luisa de Marillac, Carta 0001: Al R. P. Hilari\u00f3n Rebours, cartujo","author":"Francisco Javier Fern\u00e1ndez Chento","date":"07\/12\/2009","format":false,"excerpt":"(21 \u00f3 22 diciembre 1625) Mi muy Rv. Padre: Puesto que quiere usted saber las gracias que nuestro buen Dios ha hecho a mi difunto marido, despu\u00e9s de decirle que me es imposible d\u00e1rselas a conocer todas, le dir\u00e9 que desde hace mucho tiempo, por la misericordia de Dios, no\u2026","rel":"","context":"En \u00abEscritos de Luisa de Marillac\u00bb","block_context":{"text":"Escritos de Luisa de Marillac","link":"https:\/\/vincentians.com\/es\/category\/escritos\/escritos-de-luisa-de-marillac\/"},"img":{"alt_text":"","src":"https:\/\/i0.wp.com\/vincentians.com\/es\/wp-content\/uploads\/sites\/11\/2016\/07\/escritos-luisa-de-marillac.jpg?fit=1200%2C630&ssl=1&resize=350%2C200","width":350,"height":200,"srcset":"https:\/\/i0.wp.com\/vincentians.com\/es\/wp-content\/uploads\/sites\/11\/2016\/07\/escritos-luisa-de-marillac.jpg?fit=1200%2C630&ssl=1&resize=350%2C200 1x, https:\/\/i0.wp.com\/vincentians.com\/es\/wp-content\/uploads\/sites\/11\/2016\/07\/escritos-luisa-de-marillac.jpg?fit=1200%2C630&ssl=1&resize=525%2C300 1.5x, https:\/\/i0.wp.com\/vincentians.com\/es\/wp-content\/uploads\/sites\/11\/2016\/07\/escritos-luisa-de-marillac.jpg?fit=1200%2C630&ssl=1&resize=700%2C400 2x, https:\/\/i0.wp.com\/vincentians.com\/es\/wp-content\/uploads\/sites\/11\/2016\/07\/escritos-luisa-de-marillac.jpg?fit=1200%2C630&ssl=1&resize=1050%2C600 3x"},"classes":[]},{"id":141994,"url":"https:\/\/vincentians.com\/es\/santa-luisa-la-senorita-le-gras\/","url_meta":{"origin":3056,"position":3},"title":"Santa Luisa (La se\u00f1orita Le Gras)","author":"Francisco Javier Fern\u00e1ndez Chento","date":"03\/04\/2015","format":false,"excerpt":"Matrimonio de Luisa de Marillac. El 5 de febrero de 1613, Luisa de Marillac contrajo matrimonio con Antonio Le Gras, hombre \u2014al decir de su esposa cuando muri\u00f3\u2014 que \"hac\u00eda mucho tiempo, por la mise\u00adricordia de Dios, no ten\u00eda ning\u00fan afecto por las cosas que pueden llevar al pecado y\u2026","rel":"","context":"En \u00abLuisa de Marillac\u00bb","block_context":{"text":"Luisa de Marillac","link":"https:\/\/vincentians.com\/es\/category\/la-familia-vicenciana\/fundadores\/luisa-de-marillac\/"},"img":{"alt_text":"asd","src":"https:\/\/i0.wp.com\/vicencianos.org\/wp-content\/2015\/03\/asd17.jpg?resize=350%2C200","width":350,"height":200},"classes":[]},{"id":124786,"url":"https:\/\/vincentians.com\/es\/matrimonio-de-luisa-de-marillac-la-senorita-le-gras\/","url_meta":{"origin":3056,"position":4},"title":"Matrimonio de Luisa de Marillac (la se\u00f1orita Le Gras)","author":"Francisco Javier Fern\u00e1ndez Chento","date":"31\/05\/2015","format":false,"excerpt":"El 5 de febrero de 1613, Luisa de Marillac contrajo matrimonio con Antonio Le Gras, hombre \u2014al decir de su esposa cuando muri\u00f3\u2014 que \"hac\u00eda mucho tiempo, por la mise\u00adricordia de Dios, no ten\u00eda ning\u00fan afecto por las cosas que pueden llevar al pecado y que ten\u00eda gran deseo de\u2026","rel":"","context":"En \u00abLuisa de Marillac\u00bb","block_context":{"text":"Luisa de Marillac","link":"https:\/\/vincentians.com\/es\/category\/la-familia-vicenciana\/fundadores\/luisa-de-marillac\/"},"img":{"alt_text":"","src":"","width":0,"height":0},"classes":[]},{"id":130255,"url":"https:\/\/vincentians.com\/es\/un-perfil-heroico-santa-luisa-de-marillac-04\/","url_meta":{"origin":3056,"position":5},"title":"Un perfil heroico: santa Luisa de Marillac (04)","author":"Francisco Javier Fern\u00e1ndez Chento","date":"26\/02\/2015","format":false,"excerpt":"QU\u00c9 es el hombre, Se\u00f1or, para que T\u00fa hagas de \u00e9l tanto caso, y para que se ocupe de \u00e9l tu coraz\u00f3n? Lo visitas al rayar el alba, y de repente lo atribulas. (Job, VIII.) LLAMADA divina que hace crecer en el amor a las almas que son fieles en\u2026","rel":"","context":"En \u00abLuisa de Marillac\u00bb","block_context":{"text":"Luisa de Marillac","link":"https:\/\/vincentians.com\/es\/category\/la-familia-vicenciana\/fundadores\/luisa-de-marillac\/"},"img":{"alt_text":"OLYMPUS DIGITAL CAMERA","src":"https:\/\/i0.wp.com\/vicencianos.org\/wp-content\/2014\/04\/louise-marillac-300x248.jpg?resize=350%2C200","width":350,"height":200},"classes":[]}],"_links":{"self":[{"href":"https:\/\/vincentians.com\/es\/wp-json\/wp\/v2\/posts\/3056","targetHints":{"allow":["GET"]}}],"collection":[{"href":"https:\/\/vincentians.com\/es\/wp-json\/wp\/v2\/posts"}],"about":[{"href":"https:\/\/vincentians.com\/es\/wp-json\/wp\/v2\/types\/post"}],"author":[{"embeddable":true,"href":"https:\/\/vincentians.com\/es\/wp-json\/wp\/v2\/users\/4"}],"replies":[{"embeddable":true,"href":"https:\/\/vincentians.com\/es\/wp-json\/wp\/v2\/comments?post=3056"}],"version-history":[{"count":0,"href":"https:\/\/vincentians.com\/es\/wp-json\/wp\/v2\/posts\/3056\/revisions"}],"wp:featuredmedia":[{"embeddable":true,"href":"https:\/\/vincentians.com\/es\/wp-json\/wp\/v2\/media\/393751"}],"wp:attachment":[{"href":"https:\/\/vincentians.com\/es\/wp-json\/wp\/v2\/media?parent=3056"}],"wp:term":[{"taxonomy":"category","embeddable":true,"href":"https:\/\/vincentians.com\/es\/wp-json\/wp\/v2\/categories?post=3056"},{"taxonomy":"post_tag","embeddable":true,"href":"https:\/\/vincentians.com\/es\/wp-json\/wp\/v2\/tags?post=3056"}],"curies":[{"name":"wp","href":"https:\/\/api.w.org\/{rel}","templated":true}]}}