{"id":30179,"date":"2020-02-28T08:30:28","date_gmt":"2020-02-28T07:30:28","guid":{"rendered":"http:\/\/somos.vicencianos.org\/?p=30179"},"modified":"2020-01-26T20:36:34","modified_gmt":"2020-01-26T19:36:34","slug":"mathurin-gentil-1604-1673","status":"publish","type":"post","link":"https:\/\/vincentians.com\/es\/mathurin-gentil-1604-1673\/","title":{"rendered":"Mathurin Gentil (1604 &#8211; 1673)"},"content":{"rendered":"<p>El Sr. Mathurin Gentil entr\u00f3 en la congregaci\u00f3n a la edad de treinta y cinco a\u00f1os. Hab\u00eda nacido el mes de mayo de 1604, en el burgo de Brou, di\u00f3cesis de Chartres, y hab\u00eda sido recibido en Par\u00eds el 11 de noviembre de 1639.<\/p>\n<p>Debi\u00f3 de estar ocupado en las obras de la Compa\u00f1\u00eda al menos desde el principio del a\u00f1o 1641; pero su nombre no aparece en los documentos que nos quedan hasta el a\u00f1o de 1645, \u00e9poca en la que fue enviado a le Mans, donde se qued\u00f3 hasta su muerte.<\/p>\n<p>En el mes de septiembre de 1647, san Vicente le escribi\u00f3. \u00c9l reemplaz\u00f3 moment\u00e1neamente al superior el Sr. Gallais. Y entre tanto la llegada del Sr. Lucas. En la ausencia del superior, bien estuviera en misi\u00f3n o de viaje, el Sr Gentil ocupaba su plaza y pon\u00eda al corriente de los asuntos a san Vicente.<\/p>\n<p>Veamos c\u00f3mo el venerable fundador de la Misi\u00f3n escrib\u00eda al Sr. Gentil.<\/p>\n<p style=\"padding-left: 30px\">\u00ab<em>Acabo de enterarme de vuestra indisposici\u00f3n, lo que me causa un gran disgusto, y lo tendr\u00eda mayor si no esperara que despu\u00e9s os hallar\u00e9is mejor. Ruego a Nuestro Se\u00f1or con todo mi afecto, y a vos, Se\u00f1or, os suplico que os ayud\u00e9is a curar, sin perdonar nada de lo que pueda contribuir\u00a0 a ello. Me quedo a la espera de noticias m\u00e1s\u00a0 recientes del estado de vuestra salud<\/em>\u00ab.<\/p>\n<p>La manera afectuosa y verdaderamente paternal que emplea san Vicente permite ver sus sentimientos y nos hace presumir el m\u00e9rito de aquel a quien se dirige.<\/p>\n<p>Algunos meses despu\u00e9s, el Sr. Gentil se hab\u00eda quejado a san Vicente, muy respetuosamente sin duda, y el buen Padre le contesta: \u00ab<em>Hace mucho que no os he escrito y mi coraz\u00f3n me lo podr\u00edas reprochar, si yo lo hubiera podido hacer; pues en verdad, se alegra de comunicar con el vuestro al que ama tiernamente con nueva ternezas; y vuestras cartas me consuelan de igual modo mucho. No me dig\u00e1is pues m\u00e1s, Se\u00f1or,\u00a0 que no os atrev\u00e9is a escribirme, creyendo que no hay ya auditus para vos; es vuestra palabra, yo bien me acuerdo, pero yo no s\u00e9 por qu\u00e9 lo hab\u00e9is pensado as\u00ed. Dios sabe, y vos tambi\u00e9n, Se\u00f1or, que estimo y me atrae su alma con la de un buen servidor y de los mejores sacerdotes de la compa\u00f1\u00eda, y que todo cuanto me venga de vuestra parte lo recibir\u00e9 siempre con esta visi\u00f3n y por consiguiente con respeto y gozo. Dicho sea una vez por todas<\/em>\u00ab.<\/p>\n<p>Tal era el Sr. Gentil, al decir de san Vicente: uno de los mejores sacerdotes de la Compa\u00f1\u00eda, y dio el mismo consuelo al sucesor de san Vicente, el Sr. Alm\u00e9ras y al sucesor del Sr. Alm\u00e9ras al Sr. Jolly. Este \u00faltimo anunci\u00f3 a la Compa\u00f1\u00eda la muerte de este excelente misionero, ocurrida el 27 de abril de 1673, en el elogio que transcribimos:<\/p>\n<p style=\"padding-left: 30px\">\u00ab<em>Dios ha dispuesto en nuestra casa de le Mans del Sr. Mathurin Gentil, sacerdote antiguo de la congregaci\u00f3n, que muri\u00f3 el 27 de este mes. \u00c9l ha sido siempre de una grande edificaci\u00f3n a la compa\u00f1\u00eda. Estaba dotado de una sencillez de paloma que manifestaba bien la inocencia de su vida y la pureza de sus intenciones. Nunca se observ\u00f3 en \u00e9l ninguna ostentaci\u00f3n. Toda su felicidad consist\u00eda en ser desconocido y estar apartado del mundo. Sufri\u00f3 durante muchos a\u00f1os con paciencia los desprecios y las afrentas que le llegaban de una persona cuyo nombre se debe callar por muchas razones, sin que \u00e9l hubiera dado nunca la menor ocasi\u00f3n. Deseaba ardientemente el buen orden y la observancia exacta de nuestras reglas. Se sent\u00eda transportado de gozo cuando ve\u00eda en las casas en que viv\u00eda que todo andaba dentro del buen orden y con regularidad. Pero cuando advert\u00eda alguna inobservancia, se aflig\u00eda mucho y no pod\u00eda por menos que exteriorizar su pena. No obstante no dejaba de sufrir con paciencia los males a los que no pod\u00eda poner remedio.<\/em><\/p>\n<p style=\"padding-left: 30px\"><em>\u00abA menudo, cuando la prudencia se lo permit\u00eda, dec\u00eda que se deb\u00edan observar con gran fidelidad las cosas que hab\u00edan sido reglamentadas en las visitas, y por su cuenta, \u00e9l ten\u00eda en este punto un respeto muy particular. Su habitaci\u00f3n era tan pobre como limpia y bien ordenada; nunca se vio en ella nada que fuera superfluo; en ella se encontr\u00f3 a su muerte un papel entre sus escritos que testimoniaba su gran estima y su tierno amor por la virtud de la castidad; tambi\u00e9n evitaba todo lo que pod\u00eda las conversaciones con personas de otro sexo. Su obediencia era tan perfecta que el seminarista m\u00e1s fervoroso no le habr\u00eda podido ganar en este aspecto. No hac\u00eda la menor cosa sin pedir antes permiso. Cuando le ped\u00edan algo para lo que no ten\u00eda permiso, respond\u00eda humilde y francamente: No tengo permiso. No dejaba nunca de confesarse cada semana, seg\u00fan la costumbre de la Congregaci\u00f3n. Tenemos costumbre de decir entre indecisos que basta con observar las reglas para ser santo. \u00c9l las observ\u00f3 fielmente durante cerca de treinta y cuatro a\u00f1os y por consiguiente se puede creer\u00a0 que estaba lleno de m\u00e9ritos en el momento de su muerte. Su gran piedad y su devoci\u00f3n en el altar eran notables y admiradas por todos los que o\u00edan su misa, y varios externos han confesado que se hab\u00edan sentido extremadamente edificados. Observaba exactamente todas las r\u00fabricas y, como estaba encargado del coro, pon\u00eda todos cuidados posibles para que las ceremonias se hiciesen con decencia.<\/em><\/p>\n<p style=\"padding-left: 30px\"><em>Durante el tiempo de su \u00faltima enfermedad que no dur\u00f3 m\u00e1s que cinco d\u00edas, excit\u00f3 la admiraci\u00f3n de todo el mundo por su paciencia, por su deseo de unirse a Dios y por su entera sumisi\u00f3n a todo lo que se le ped\u00eda.. Hablaba siempre a su superior con un rostro alegre, y mostraba un gran deseo de ir pronto a ver a todos los primeros misioneros ya que, dec\u00eda \u00e9l, que era in\u00fatil del todo en este mundo. Entreg\u00f3 tranquilamente su alma al Se\u00f1or y sin que se pudiera separar su agon\u00eda del resto de su enfermedad. Fue llorado por toda la casa y los externos ya que era amado de todos a causa de su rara virtud y sobre todo de su sencillez cristiana. Tal es una parte tan s\u00f3lo de las virtudes y de la piedad de nuestro querido difunto<\/em>\u00ab.<\/p>\n","protected":false},"excerpt":{"rendered":"<p>El Sr. Mathurin Gentil entr\u00f3 en la congregaci\u00f3n a la edad de treinta y cinco a\u00f1os. Hab\u00eda nacido el mes de mayo de 1604, en el burgo de Brou, di\u00f3cesis de Chartres, y hab\u00eda sido &#8230; <a href=\"https:\/\/vincentians.com\/es\/mathurin-gentil-1604-1673\/\" class=\"more-link\">Read More<\/a><\/p>\n","protected":false},"author":5,"featured_media":391249,"comment_status":"open","ping_status":"open","sticky":false,"template":"","format":"standard","meta":{"jetpack_post_was_ever_published":false,"_jetpack_newsletter_access":"","_jetpack_dont_email_post_to_subs":false,"_jetpack_newsletter_tier_id":0,"_jetpack_memberships_contains_paywalled_content":false,"_jetpack_memberships_contains_paid_content":false,"footnotes":"","jetpack_publicize_message":"","jetpack_publicize_feature_enabled":true,"jetpack_social_post_already_shared":true,"jetpack_social_options":{"image_generator_settings":{"template":"highway","default_image_id":0,"font":"","enabled":false},"version":2}},"categories":[19],"tags":[177],"class_list":["post-30179","post","type-post","status-publish","format-standard","has-post-thumbnail","hentry","category-biografias-de-misioneros-paules","tag-jolly"],"yoast_head":"<!-- This site is optimized with the Yoast SEO plugin v26.3 - https:\/\/yoast.com\/wordpress\/plugins\/seo\/ -->\n<title>Mathurin Gentil (1604 - 1673) - Somos Vicencianos<\/title>\n<meta name=\"robots\" content=\"index, follow, max-snippet:-1, max-image-preview:large, max-video-preview:-1\" \/>\n<link rel=\"canonical\" href=\"https:\/\/vincentians.com\/es\/mathurin-gentil-1604-1673\/\" \/>\n<meta property=\"og:locale\" content=\"es_ES\" \/>\n<meta property=\"og:type\" content=\"article\" \/>\n<meta property=\"og:title\" content=\"Mathurin Gentil (1604 - 1673) - Somos Vicencianos\" \/>\n<meta property=\"og:description\" content=\"El Sr. Mathurin Gentil entr\u00f3 en la congregaci\u00f3n a la edad de treinta y cinco a\u00f1os. Hab\u00eda nacido el mes de mayo de 1604, en el burgo de Brou, di\u00f3cesis de Chartres, y hab\u00eda sido ... Read More\" \/>\n<meta property=\"og:url\" content=\"https:\/\/vincentians.com\/es\/mathurin-gentil-1604-1673\/\" \/>\n<meta property=\"og:site_name\" content=\"Somos Vicencianos\" \/>\n<meta property=\"article:publisher\" content=\"https:\/\/www.facebook.com\/WeAreVincentians\/\" \/>\n<meta property=\"article:published_time\" content=\"2020-02-28T07:30:28+00:00\" \/>\n<meta property=\"og:image\" content=\"https:\/\/i0.wp.com\/vincentians.com\/es\/wp-content\/uploads\/sites\/11\/2016\/07\/bio-cm.jpg?fit=1200%2C630&ssl=1\" \/>\n\t<meta property=\"og:image:width\" content=\"1200\" \/>\n\t<meta property=\"og:image:height\" content=\"630\" \/>\n\t<meta property=\"og:image:type\" content=\"image\/jpeg\" \/>\n<meta name=\"author\" content=\"Mitxel Olabu\u00e9naga\" \/>\n<meta name=\"twitter:card\" content=\"summary_large_image\" \/>\n<meta name=\"twitter:creator\" content=\"@WeVincentians\" \/>\n<meta name=\"twitter:site\" content=\"@WeVincentians\" \/>\n<meta name=\"twitter:label1\" content=\"Escrito por\" \/>\n\t<meta name=\"twitter:data1\" content=\"Mitxel Olabu\u00e9naga\" \/>\n\t<meta name=\"twitter:label2\" content=\"Tiempo de lectura\" \/>\n\t<meta name=\"twitter:data2\" content=\"6 minutos\" \/>\n<script type=\"application\/ld+json\" class=\"yoast-schema-graph\">{\"@context\":\"https:\/\/schema.org\",\"@graph\":[{\"@type\":\"Article\",\"@id\":\"https:\/\/vincentians.com\/es\/mathurin-gentil-1604-1673\/#article\",\"isPartOf\":{\"@id\":\"https:\/\/vincentians.com\/es\/mathurin-gentil-1604-1673\/\"},\"author\":{\"name\":\"Mitxel Olabu\u00e9naga\",\"@id\":\"https:\/\/vincentians.com\/es\/#\/schema\/person\/7c2670b4445a7ca9d164ea6acdb31859\"},\"headline\":\"Mathurin Gentil (1604 &#8211; 1673)\",\"datePublished\":\"2020-02-28T07:30:28+00:00\",\"mainEntityOfPage\":{\"@id\":\"https:\/\/vincentians.com\/es\/mathurin-gentil-1604-1673\/\"},\"wordCount\":1133,\"commentCount\":0,\"publisher\":{\"@id\":\"https:\/\/vincentians.com\/es\/#organization\"},\"image\":{\"@id\":\"https:\/\/vincentians.com\/es\/mathurin-gentil-1604-1673\/#primaryimage\"},\"thumbnailUrl\":\"https:\/\/i0.wp.com\/vincentians.com\/es\/wp-content\/uploads\/sites\/11\/2016\/07\/bio-cm.jpg?fit=1200%2C630&ssl=1\",\"keywords\":[\"Jolly\"],\"articleSection\":[\"Biograf\u00edas de Misioneros Pa\u00fales\"],\"inLanguage\":\"es\",\"potentialAction\":[{\"@type\":\"CommentAction\",\"name\":\"Comment\",\"target\":[\"https:\/\/vincentians.com\/es\/mathurin-gentil-1604-1673\/#respond\"]}]},{\"@type\":\"WebPage\",\"@id\":\"https:\/\/vincentians.com\/es\/mathurin-gentil-1604-1673\/\",\"url\":\"https:\/\/vincentians.com\/es\/mathurin-gentil-1604-1673\/\",\"name\":\"Mathurin Gentil (1604 - 1673) - Somos Vicencianos\",\"isPartOf\":{\"@id\":\"https:\/\/vincentians.com\/es\/#website\"},\"primaryImageOfPage\":{\"@id\":\"https:\/\/vincentians.com\/es\/mathurin-gentil-1604-1673\/#primaryimage\"},\"image\":{\"@id\":\"https:\/\/vincentians.com\/es\/mathurin-gentil-1604-1673\/#primaryimage\"},\"thumbnailUrl\":\"https:\/\/i0.wp.com\/vincentians.com\/es\/wp-content\/uploads\/sites\/11\/2016\/07\/bio-cm.jpg?fit=1200%2C630&ssl=1\",\"datePublished\":\"2020-02-28T07:30:28+00:00\",\"breadcrumb\":{\"@id\":\"https:\/\/vincentians.com\/es\/mathurin-gentil-1604-1673\/#breadcrumb\"},\"inLanguage\":\"es\",\"potentialAction\":[{\"@type\":\"ReadAction\",\"target\":[\"https:\/\/vincentians.com\/es\/mathurin-gentil-1604-1673\/\"]}]},{\"@type\":\"ImageObject\",\"inLanguage\":\"es\",\"@id\":\"https:\/\/vincentians.com\/es\/mathurin-gentil-1604-1673\/#primaryimage\",\"url\":\"https:\/\/i0.wp.com\/vincentians.com\/es\/wp-content\/uploads\/sites\/11\/2016\/07\/bio-cm.jpg?fit=1200%2C630&ssl=1\",\"contentUrl\":\"https:\/\/i0.wp.com\/vincentians.com\/es\/wp-content\/uploads\/sites\/11\/2016\/07\/bio-cm.jpg?fit=1200%2C630&ssl=1\",\"width\":1200,\"height\":630},{\"@type\":\"BreadcrumbList\",\"@id\":\"https:\/\/vincentians.com\/es\/mathurin-gentil-1604-1673\/#breadcrumb\",\"itemListElement\":[{\"@type\":\"ListItem\",\"position\":1,\"name\":\"Portada\",\"item\":\"https:\/\/vincentians.com\/es\/\"},{\"@type\":\"ListItem\",\"position\":2,\"name\":\"Mathurin Gentil (1604 &#8211; 1673)\"}]},{\"@type\":\"WebSite\",\"@id\":\"https:\/\/vincentians.com\/es\/#website\",\"url\":\"https:\/\/vincentians.com\/es\/\",\"name\":\"Somos Vicencianos\",\"description\":\"Know more to serve more\",\"publisher\":{\"@id\":\"https:\/\/vincentians.com\/es\/#organization\"},\"potentialAction\":[{\"@type\":\"SearchAction\",\"target\":{\"@type\":\"EntryPoint\",\"urlTemplate\":\"https:\/\/vincentians.com\/es\/?s={search_term_string}\"},\"query-input\":{\"@type\":\"PropertyValueSpecification\",\"valueRequired\":true,\"valueName\":\"search_term_string\"}}],\"inLanguage\":\"es\"},{\"@type\":\"Organization\",\"@id\":\"https:\/\/vincentians.com\/es\/#organization\",\"name\":\"The Vincentian Network\",\"url\":\"https:\/\/vincentians.com\/es\/\",\"logo\":{\"@type\":\"ImageObject\",\"inLanguage\":\"es\",\"@id\":\"https:\/\/vincentians.com\/es\/#\/schema\/logo\/image\/\",\"url\":\"https:\/\/i1.wp.com\/vincentians.com\/es\/wp-content\/uploads\/sites\/11\/2016\/06\/Vincentian-Network-logo-big.png?fit=778%2C778\",\"contentUrl\":\"https:\/\/i1.wp.com\/vincentians.com\/es\/wp-content\/uploads\/sites\/11\/2016\/06\/Vincentian-Network-logo-big.png?fit=778%2C778\",\"width\":778,\"height\":778,\"caption\":\"The Vincentian Network\"},\"image\":{\"@id\":\"https:\/\/vincentians.com\/es\/#\/schema\/logo\/image\/\"},\"sameAs\":[\"https:\/\/www.facebook.com\/WeAreVincentians\/\",\"https:\/\/x.com\/WeVincentians\"]},{\"@type\":\"Person\",\"@id\":\"https:\/\/vincentians.com\/es\/#\/schema\/person\/7c2670b4445a7ca9d164ea6acdb31859\",\"name\":\"Mitxel Olabu\u00e9naga\",\"image\":{\"@type\":\"ImageObject\",\"inLanguage\":\"es\",\"@id\":\"https:\/\/vincentians.com\/es\/#\/schema\/person\/image\/\",\"url\":\"https:\/\/secure.gravatar.com\/avatar\/34137ec2e2b8939cbbed975731e71f3f4f1defc7266ded337a5ce0f925426877?s=96&d=mm&r=g\",\"contentUrl\":\"https:\/\/secure.gravatar.com\/avatar\/34137ec2e2b8939cbbed975731e71f3f4f1defc7266ded337a5ce0f925426877?s=96&d=mm&r=g\",\"caption\":\"Mitxel Olabu\u00e9naga\"},\"url\":\"https:\/\/vincentians.com\/es\/author\/mitxel\/\"}]}<\/script>\n<!-- \/ Yoast SEO plugin. -->","yoast_head_json":{"title":"Mathurin Gentil (1604 - 1673) - Somos Vicencianos","robots":{"index":"index","follow":"follow","max-snippet":"max-snippet:-1","max-image-preview":"max-image-preview:large","max-video-preview":"max-video-preview:-1"},"canonical":"https:\/\/vincentians.com\/es\/mathurin-gentil-1604-1673\/","og_locale":"es_ES","og_type":"article","og_title":"Mathurin Gentil (1604 - 1673) - Somos Vicencianos","og_description":"El Sr. Mathurin Gentil entr\u00f3 en la congregaci\u00f3n a la edad de treinta y cinco a\u00f1os. Hab\u00eda nacido el mes de mayo de 1604, en el burgo de Brou, di\u00f3cesis de Chartres, y hab\u00eda sido ... Read More","og_url":"https:\/\/vincentians.com\/es\/mathurin-gentil-1604-1673\/","og_site_name":"Somos Vicencianos","article_publisher":"https:\/\/www.facebook.com\/WeAreVincentians\/","article_published_time":"2020-02-28T07:30:28+00:00","og_image":[{"width":1200,"height":630,"url":"https:\/\/i0.wp.com\/vincentians.com\/es\/wp-content\/uploads\/sites\/11\/2016\/07\/bio-cm.jpg?fit=1200%2C630&ssl=1","type":"image\/jpeg"}],"author":"Mitxel Olabu\u00e9naga","twitter_card":"summary_large_image","twitter_creator":"@WeVincentians","twitter_site":"@WeVincentians","twitter_misc":{"Escrito por":"Mitxel Olabu\u00e9naga","Tiempo de lectura":"6 minutos"},"schema":{"@context":"https:\/\/schema.org","@graph":[{"@type":"Article","@id":"https:\/\/vincentians.com\/es\/mathurin-gentil-1604-1673\/#article","isPartOf":{"@id":"https:\/\/vincentians.com\/es\/mathurin-gentil-1604-1673\/"},"author":{"name":"Mitxel Olabu\u00e9naga","@id":"https:\/\/vincentians.com\/es\/#\/schema\/person\/7c2670b4445a7ca9d164ea6acdb31859"},"headline":"Mathurin Gentil (1604 &#8211; 1673)","datePublished":"2020-02-28T07:30:28+00:00","mainEntityOfPage":{"@id":"https:\/\/vincentians.com\/es\/mathurin-gentil-1604-1673\/"},"wordCount":1133,"commentCount":0,"publisher":{"@id":"https:\/\/vincentians.com\/es\/#organization"},"image":{"@id":"https:\/\/vincentians.com\/es\/mathurin-gentil-1604-1673\/#primaryimage"},"thumbnailUrl":"https:\/\/i0.wp.com\/vincentians.com\/es\/wp-content\/uploads\/sites\/11\/2016\/07\/bio-cm.jpg?fit=1200%2C630&ssl=1","keywords":["Jolly"],"articleSection":["Biograf\u00edas de Misioneros Pa\u00fales"],"inLanguage":"es","potentialAction":[{"@type":"CommentAction","name":"Comment","target":["https:\/\/vincentians.com\/es\/mathurin-gentil-1604-1673\/#respond"]}]},{"@type":"WebPage","@id":"https:\/\/vincentians.com\/es\/mathurin-gentil-1604-1673\/","url":"https:\/\/vincentians.com\/es\/mathurin-gentil-1604-1673\/","name":"Mathurin Gentil (1604 - 1673) - Somos Vicencianos","isPartOf":{"@id":"https:\/\/vincentians.com\/es\/#website"},"primaryImageOfPage":{"@id":"https:\/\/vincentians.com\/es\/mathurin-gentil-1604-1673\/#primaryimage"},"image":{"@id":"https:\/\/vincentians.com\/es\/mathurin-gentil-1604-1673\/#primaryimage"},"thumbnailUrl":"https:\/\/i0.wp.com\/vincentians.com\/es\/wp-content\/uploads\/sites\/11\/2016\/07\/bio-cm.jpg?fit=1200%2C630&ssl=1","datePublished":"2020-02-28T07:30:28+00:00","breadcrumb":{"@id":"https:\/\/vincentians.com\/es\/mathurin-gentil-1604-1673\/#breadcrumb"},"inLanguage":"es","potentialAction":[{"@type":"ReadAction","target":["https:\/\/vincentians.com\/es\/mathurin-gentil-1604-1673\/"]}]},{"@type":"ImageObject","inLanguage":"es","@id":"https:\/\/vincentians.com\/es\/mathurin-gentil-1604-1673\/#primaryimage","url":"https:\/\/i0.wp.com\/vincentians.com\/es\/wp-content\/uploads\/sites\/11\/2016\/07\/bio-cm.jpg?fit=1200%2C630&ssl=1","contentUrl":"https:\/\/i0.wp.com\/vincentians.com\/es\/wp-content\/uploads\/sites\/11\/2016\/07\/bio-cm.jpg?fit=1200%2C630&ssl=1","width":1200,"height":630},{"@type":"BreadcrumbList","@id":"https:\/\/vincentians.com\/es\/mathurin-gentil-1604-1673\/#breadcrumb","itemListElement":[{"@type":"ListItem","position":1,"name":"Portada","item":"https:\/\/vincentians.com\/es\/"},{"@type":"ListItem","position":2,"name":"Mathurin Gentil (1604 &#8211; 1673)"}]},{"@type":"WebSite","@id":"https:\/\/vincentians.com\/es\/#website","url":"https:\/\/vincentians.com\/es\/","name":"Somos Vicencianos","description":"Know more to serve more","publisher":{"@id":"https:\/\/vincentians.com\/es\/#organization"},"potentialAction":[{"@type":"SearchAction","target":{"@type":"EntryPoint","urlTemplate":"https:\/\/vincentians.com\/es\/?s={search_term_string}"},"query-input":{"@type":"PropertyValueSpecification","valueRequired":true,"valueName":"search_term_string"}}],"inLanguage":"es"},{"@type":"Organization","@id":"https:\/\/vincentians.com\/es\/#organization","name":"The Vincentian Network","url":"https:\/\/vincentians.com\/es\/","logo":{"@type":"ImageObject","inLanguage":"es","@id":"https:\/\/vincentians.com\/es\/#\/schema\/logo\/image\/","url":"https:\/\/i1.wp.com\/vincentians.com\/es\/wp-content\/uploads\/sites\/11\/2016\/06\/Vincentian-Network-logo-big.png?fit=778%2C778","contentUrl":"https:\/\/i1.wp.com\/vincentians.com\/es\/wp-content\/uploads\/sites\/11\/2016\/06\/Vincentian-Network-logo-big.png?fit=778%2C778","width":778,"height":778,"caption":"The Vincentian Network"},"image":{"@id":"https:\/\/vincentians.com\/es\/#\/schema\/logo\/image\/"},"sameAs":["https:\/\/www.facebook.com\/WeAreVincentians\/","https:\/\/x.com\/WeVincentians"]},{"@type":"Person","@id":"https:\/\/vincentians.com\/es\/#\/schema\/person\/7c2670b4445a7ca9d164ea6acdb31859","name":"Mitxel Olabu\u00e9naga","image":{"@type":"ImageObject","inLanguage":"es","@id":"https:\/\/vincentians.com\/es\/#\/schema\/person\/image\/","url":"https:\/\/secure.gravatar.com\/avatar\/34137ec2e2b8939cbbed975731e71f3f4f1defc7266ded337a5ce0f925426877?s=96&d=mm&r=g","contentUrl":"https:\/\/secure.gravatar.com\/avatar\/34137ec2e2b8939cbbed975731e71f3f4f1defc7266ded337a5ce0f925426877?s=96&d=mm&r=g","caption":"Mitxel Olabu\u00e9naga"},"url":"https:\/\/vincentians.com\/es\/author\/mitxel\/"}]}},"jetpack_publicize_connections":[],"jetpack_featured_media_url":"https:\/\/i0.wp.com\/vincentians.com\/es\/wp-content\/uploads\/sites\/11\/2016\/07\/bio-cm.jpg?fit=1200%2C630&ssl=1","jetpack_sharing_enabled":true,"jetpack_shortlink":"https:\/\/wp.me\/p7ETMF-7QL","jetpack-related-posts":[{"id":121299,"url":"https:\/\/vincentians.com\/es\/san-vicente-de-paul-nacio-en-francia-ii-estudios\/","url_meta":{"origin":30179,"position":0},"title":"San Vicente de Pa\u00fal naci\u00f3 en Francia. II. Estudios","author":"Francisco Javier Fern\u00e1ndez Chento","date":"27\/04\/2015","format":false,"excerpt":"II. Estudios En lo concerniente a los estudios teol\u00f3gicos de Vicente de Pa\u00fal, los detalles no ser\u00e1n abundantes, dado el cuidado del Santo por hacerse pasar por un estudiante de cuarto a\u00f1o. Sin embargo. despu\u00e9s de su muerte, se encuentran tres documentos, cuya existencia no se sospechaba, y que arrojan\u2026","rel":"","context":"En \u00abVicente de Pa\u00fal\u00bb","block_context":{"text":"Vicente de Pa\u00fal","link":"https:\/\/vincentians.com\/es\/category\/la-familia-vicenciana\/fundadores\/vicente-de-paul\/"},"img":{"alt_text":"","src":"","width":0,"height":0},"classes":[]},{"id":128112,"url":"https:\/\/vincentians.com\/es\/fundacion-de-la-congregacion-de-la-mision-en-mexico\/","url_meta":{"origin":30179,"position":1},"title":"Fundaci\u00f3n de la Congregaci\u00f3n de la Misi\u00f3n en M\u00e9xico","author":"Mitxel Olabu\u00e9naga","date":"27\/05\/2024","format":false,"excerpt":"De hecho la Congregaci\u00f3n de la Misi\u00f3n apareci\u00f3 en M\u00e9xico por causa de las Hijas de la Caridad. Por eso era obligado y agradecido comenzar por la narraci\u00f3n la fundaci\u00f3n de las Hermanas. Hasta que los Padres llegaron a la Rep\u00fablica no w ning\u00fan testimonio de que alguien hubiera pensado\u2026","rel":"","context":"En \u00abHistoria de la Congregaci\u00f3n de la Misi\u00f3n\u00bb","block_context":{"text":"Historia de la Congregaci\u00f3n de la Misi\u00f3n","link":"https:\/\/vincentians.com\/es\/category\/historia-de-la-familia-vicenciana\/historia-de-la-congregacion-de-la-mision\/"},"img":{"alt_text":"","src":"https:\/\/i0.wp.com\/vincentians.com\/es\/wp-content\/uploads\/sites\/11\/2013\/04\/f-4-scaled.jpg?fit=1200%2C570&ssl=1&resize=350%2C200","width":350,"height":200,"srcset":"https:\/\/i0.wp.com\/vincentians.com\/es\/wp-content\/uploads\/sites\/11\/2013\/04\/f-4-scaled.jpg?fit=1200%2C570&ssl=1&resize=350%2C200 1x, https:\/\/i0.wp.com\/vincentians.com\/es\/wp-content\/uploads\/sites\/11\/2013\/04\/f-4-scaled.jpg?fit=1200%2C570&ssl=1&resize=525%2C300 1.5x, https:\/\/i0.wp.com\/vincentians.com\/es\/wp-content\/uploads\/sites\/11\/2013\/04\/f-4-scaled.jpg?fit=1200%2C570&ssl=1&resize=700%2C400 2x, https:\/\/i0.wp.com\/vincentians.com\/es\/wp-content\/uploads\/sites\/11\/2013\/04\/f-4-scaled.jpg?fit=1200%2C570&ssl=1&resize=1050%2C600 3x"},"classes":[]},{"id":129871,"url":"https:\/\/vincentians.com\/es\/la-restauracion-de-la-casa-de-monteolivete-1939\/","url_meta":{"origin":30179,"position":2},"title":"La restauraci\u00f3n de la Casa de Monteolivete  (1939)","author":"Mitxel Olabu\u00e9naga","date":"13\/03\/2014","format":false,"excerpt":"Pensando el Sr. Visitador que, terminada la guerra contra los rojos y tomada Valencia por el glorioso Ej\u00e9rcito Nacional, ser\u00eda posible la fundaci\u00f3n de una Casa en dicha Ciudad, llam\u00f3 de Per\u00fa al P. Serrano para que en Italia se restableciese de una anemia\u00ad mal\u00e1rica que le aquejaba. Repuesto en\u2026","rel":"","context":"En \u00abHistoria de la Congregaci\u00f3n de la Misi\u00f3n en Espa\u00f1a\u00bb","block_context":{"text":"Historia de la Congregaci\u00f3n de la Misi\u00f3n en Espa\u00f1a","link":"https:\/\/vincentians.com\/es\/category\/historia-de-la-familia-vicenciana\/historia-de-la-congregacion-de-la-mision-en-espana\/"},"img":{"alt_text":"mso33287","src":"https:\/\/i0.wp.com\/vicencianos.org\/wp-content\/2014\/02\/mso33287.jpg?resize=350%2C200","width":350,"height":200},"classes":[]},{"id":387564,"url":"https:\/\/vincentians.com\/es\/la-provincia-espanola-de-las-hijas-de-la-caridad-xvii\/","url_meta":{"origin":30179,"position":3},"title":"La Provincia espa\u00f1ola de las Hijas de la Caridad (XVII)","author":"Mitxel Olabu\u00e9naga","date":"13\/06\/2016","format":false,"excerpt":"1.- El Real Noviciado pasa a depender del Sr. Patriarca de las Indias. Sabido es cu\u00e1n trav\u00e9s fueron, en el orden pol\u00edtico y religioso de Espa\u00f1a, los trastornos de la invasi\u00f3n francesa. Vuelto Fernando VII de destierro, hubo notables cambios de instituciones y personas. Entre \u00e9stas el Cardenal Borb\u00f3n, Arzobispo\u2026","rel":"","context":"En \u00abHistoria de las Hijas de la Caridad\u00bb","block_context":{"text":"Historia de las Hijas de la Caridad","link":"https:\/\/vincentians.com\/es\/category\/historia-de-la-familia-vicenciana\/historia-de-las-hijas-de-la-caridad\/"},"img":{"alt_text":"","src":"https:\/\/i0.wp.com\/vincentians.com\/es\/wp-content\/uploads\/sites\/11\/2016\/07\/hijas-caridad-espanya.jpg?fit=1200%2C630&ssl=1&resize=350%2C200","width":350,"height":200,"srcset":"https:\/\/i0.wp.com\/vincentians.com\/es\/wp-content\/uploads\/sites\/11\/2016\/07\/hijas-caridad-espanya.jpg?fit=1200%2C630&ssl=1&resize=350%2C200 1x, https:\/\/i0.wp.com\/vincentians.com\/es\/wp-content\/uploads\/sites\/11\/2016\/07\/hijas-caridad-espanya.jpg?fit=1200%2C630&ssl=1&resize=525%2C300 1.5x, https:\/\/i0.wp.com\/vincentians.com\/es\/wp-content\/uploads\/sites\/11\/2016\/07\/hijas-caridad-espanya.jpg?fit=1200%2C630&ssl=1&resize=700%2C400 2x, https:\/\/i0.wp.com\/vincentians.com\/es\/wp-content\/uploads\/sites\/11\/2016\/07\/hijas-caridad-espanya.jpg?fit=1200%2C630&ssl=1&resize=1050%2C600 3x"},"classes":[]},{"id":130846,"url":"https:\/\/vincentians.com\/es\/la-congregacion-de-la-mision-en-austria-ii\/","url_meta":{"origin":30179,"position":4},"title":"La Congregaci\u00f3n de la Misi\u00f3n en Austria (II)","author":"Mitxel Olabu\u00e9naga","date":"05\/07\/2014","format":false,"excerpt":"CASA DE SALZBURGO. 1883 Esta casita de la Congregaci\u00f3n fund\u00f3se casi exclusivamente para ocuparse en Salzburgo de la direcci\u00f3n de las Hijas de la Caridad. Dio a ello motivo la uni\u00f3n de las Hijas de la Caridad de la Archidi\u00f3cesis de Salzburgo con las de la Casa Madre de Par\u00eds.\u2026","rel":"","context":"En \u00abHistoria de la Congregaci\u00f3n de la Misi\u00f3n\u00bb","block_context":{"text":"Historia de la Congregaci\u00f3n de la Misi\u00f3n","link":"https:\/\/vincentians.com\/es\/category\/historia-de-la-familia-vicenciana\/historia-de-la-congregacion-de-la-mision\/"},"img":{"alt_text":"austria","src":"https:\/\/i0.wp.com\/vicencianos.org\/wp-content\/2014\/07\/austria.gif?resize=350%2C200","width":350,"height":200},"classes":[]},{"id":130968,"url":"https:\/\/vincentians.com\/es\/seminarios-mayores-en-francia-1902-ii\/","url_meta":{"origin":30179,"position":5},"title":"Seminarios mayores en Francia (1902) (II)","author":"Mitxel Olabu\u00e9naga","date":"06\/08\/2014","format":false,"excerpt":"CAHORS La Semana Religiosa, de Cahors, publica lo siguiente: \"El lunes 29 de Junio tuvo lugar la ceremonia, siempre edificante y tan solemne, de la ordenaci\u00f3n general. Nunca, tal vez, se hab\u00eda visto tan grande y hermosa corona de sacerdotes alrededor de los ordenandos. Sin duda hab\u00edan acudido en tan\u2026","rel":"","context":"En \u00abHistoria de la Congregaci\u00f3n de la Misi\u00f3n\u00bb","block_context":{"text":"Historia de la Congregaci\u00f3n de la Misi\u00f3n","link":"https:\/\/vincentians.com\/es\/category\/historia-de-la-familia-vicenciana\/historia-de-la-congregacion-de-la-mision\/"},"img":{"alt_text":"Cite-carcasona-francia-arqueologia-historia-hoteles-viajar-cultura-musica-languedoc-toulouse-marsella-paris2-300x200","src":"https:\/\/i0.wp.com\/vicencianos.org\/wp-content\/2014\/07\/Cite-carcasona-francia-arqueologia-historia-hoteles-viajar-cultura-musica-languedoc-toulouse-marsella-paris2-300x200.jpg?resize=350%2C200","width":350,"height":200},"classes":[]}],"_links":{"self":[{"href":"https:\/\/vincentians.com\/es\/wp-json\/wp\/v2\/posts\/30179","targetHints":{"allow":["GET"]}}],"collection":[{"href":"https:\/\/vincentians.com\/es\/wp-json\/wp\/v2\/posts"}],"about":[{"href":"https:\/\/vincentians.com\/es\/wp-json\/wp\/v2\/types\/post"}],"author":[{"embeddable":true,"href":"https:\/\/vincentians.com\/es\/wp-json\/wp\/v2\/users\/5"}],"replies":[{"embeddable":true,"href":"https:\/\/vincentians.com\/es\/wp-json\/wp\/v2\/comments?post=30179"}],"version-history":[{"count":1,"href":"https:\/\/vincentians.com\/es\/wp-json\/wp\/v2\/posts\/30179\/revisions"}],"predecessor-version":[{"id":402777,"href":"https:\/\/vincentians.com\/es\/wp-json\/wp\/v2\/posts\/30179\/revisions\/402777"}],"wp:featuredmedia":[{"embeddable":true,"href":"https:\/\/vincentians.com\/es\/wp-json\/wp\/v2\/media\/391249"}],"wp:attachment":[{"href":"https:\/\/vincentians.com\/es\/wp-json\/wp\/v2\/media?parent=30179"}],"wp:term":[{"taxonomy":"category","embeddable":true,"href":"https:\/\/vincentians.com\/es\/wp-json\/wp\/v2\/categories?post=30179"},{"taxonomy":"post_tag","embeddable":true,"href":"https:\/\/vincentians.com\/es\/wp-json\/wp\/v2\/tags?post=30179"}],"curies":[{"name":"wp","href":"https:\/\/api.w.org\/{rel}","templated":true}]}}