{"id":29947,"date":"2016-07-28T07:00:52","date_gmt":"2016-07-28T05:00:52","guid":{"rendered":"http:\/\/somos.vicencianos.org\/?p=29947"},"modified":"2016-07-27T20:05:26","modified_gmt":"2016-07-27T18:05:26","slug":"santa-luisa-san-vicente","status":"publish","type":"post","link":"https:\/\/vincentians.com\/es\/santa-luisa-san-vicente\/","title":{"rendered":"Santa Luisa y San Vicente"},"content":{"rendered":"<p>Hace siete d\u00edas que Santa Luisa vive angustiada. Esto le suced\u00eda con el paso de los a\u00f1os sin darse demasiada cuenta. Por de pronto, aquella ma\u00f1ana de la Ascensi\u00f3n del 25 de mayo de 1623, todo parece venirse abajo: se siente asaltada por mil preguntas que la torturan encerr\u00e1ndola en una grave crisis de conciencia.<\/p>\n<p>Le entran ganas de huir, de abandonar a su marido enfermo y a su hijo demasiado tardo en despertar, se pone a dudar de todo, de la inmortalidad del alma, y hasta de la existencia de Dios. Esperando volver a encontrar la paz, Luisa multiplica los ayunos, las vigilias y oraciones (<em>Petite vie,<\/em> p. 12). El padre Gonthier, lector atento de Santa Luisa durante a\u00f1os,\u00a0 ha calibrado bien la angustia en que vive: \u00absu noche interior alcanza su m\u00e1s negra intensidad en la fiesta de la Ascensi\u00f3n&#8230; Su temperamento escrupuloso y su tendencia a la neurastenia se al\u00edan a las tentaciones que sacuden su fe en la vida eterna y en la existencia de Dios. Con ello, el Se\u00f1or pone a prueba a su servidora que quiere amarle con el m\u00e1s puro amor\u00bb. (<em>Messages et Messagers,<\/em> No. 202, p. V).<\/p>\n<p>Entonces es cuando ella toma una grave decisi\u00f3n: si su marido llega a morir, ya no escuchar\u00e1 a nadie y no aceptar\u00e1 un segundo matrimonio, por halagador que sea y por m\u00e1s que pueda situarla mejor en la sociedad. Hace voto de permanecer viuda. Para ella, Dios debe ser servido ante todo. Pero \u00abel modo\u00bb, eso es lo que no acaba de ver&#8230; No sabe \u00abc\u00f3mo podr\u00e1 ser esto\u00bb&#8230; Pero ella sigue sin hallar la paz.<\/p>\n<p>En este contexto dif\u00edcil y de prueba se encuentra cuando visita la iglesia de San Nicol\u00e1s de los Campos en la ma\u00f1ana de Pentecost\u00e9s. En medio de su dolor pero no desesperada, pide a Dios que le devuelva la paz&#8230; En el momento de preparar la Eucarist\u00eda por la oraci\u00f3n o tal vez al invocar el \u00abVeni Sancte Spiritus\u00bb, se siente de pronto invadida por una gracia m\u00edstica extraordinaria, que nosotros llamamos: \u00abLuz de Pentecost\u00e9s\u00bb. Esa gracia tan personal e \u00edntima nos llega a trav\u00e9s de un manuscrito de 28 por 9 cm., caduco ya, debido a estar plegado y llevado de ac\u00e1 para all\u00e1, en un bolsillo o bolsa. No cabe la menor duda de que estamos ante el acontecimiento m\u00e1s trascendente que cambi\u00f3 la vida de Santa Luisa y que est\u00e1 en el origen de la Compa\u00f1\u00eda:<\/p>\n<p>El d\u00eda de Pentecost\u00e9s, oyendo la santa misa o haciendo oraci\u00f3n, en la Iglesia, de repente, mi esp\u00edritu se vio libre de sus dudas. Y me di cuenta de que deb\u00eda quedarme con mi marido, y que deb\u00eda llegar el momento en que me encontrar\u00eda en condiciones de hacer voto de pobreza, castidad y obediencia, y que estar\u00eda en una comunidad en la que algunas m\u00e1s har\u00edan lo mismo. Pensaba que ser\u00eda en un lugar para servir al pr\u00f3jimo; pero no lograba entender c\u00f3mo podr\u00eda ser aquello ya que deber\u00edan producirse tantos cambios.<\/p>\n<p>Tambi\u00e9n me sent\u00ed tranquilizada al pensar que deb\u00eda confiarme a mi Director y que Dios me conceder\u00eda uno que me dio a conocer entonces, me parece, y sent\u00ed repugnancia en aceptar, con todo me conform\u00e9 y me parec\u00eda que no hab\u00eda llegado la hora de ejecutar estos cambios.<\/p>\n<p>Mi tercera pena desapareci\u00f3 ante la seguridad que yo sent\u00eda en mi interior de que era Dios quien me lo ense\u00f1aba todo, y que, existiendo un Dios, no hab\u00eda por qu\u00e9 dudar de todo lo dem\u00e1s&#8230;<\/p>\n<p>Esta \u00abLuz de Pentecost\u00e9s\u00bb es realmente el acontecimiento capital de su vida, el que la transforma y la devuelve a la paz y uni\u00f3n con Dios, generadora de su ardiente y fructuosa caridad, por encima de todos sus sufrimientos y limitaciones humanas. Todas sus dudas desaparecen, sabe que debe conducir a su marido hasta el puerto, que despu\u00e9s podr\u00e1 entregarse a vivir la vida consagrada, si bien por el momento no percibe\u00a0 todas las novedades de la vida comunitaria y futura de las Hijas de la Caridad. El tiempo har\u00e1 su obra e insensiblemente, como dir\u00e1 el se\u00f1or Vicente, ver\u00e1 que se va realizando a la letra todo cuanto entrev\u00e9 durante esta ma\u00f1ana de Pentecost\u00e9s. Es claro que el Esp\u00edritu Santo, el gran Maestro interior, la prepara para grandes cosas concedi\u00e9ndole a la vez la gracia de la serenidad.<\/p>\n<p>Esta profec\u00eda va a colocar en su vida al mismo tiempo a alguien a quien sentir\u00e1 \u00abrepugnancia en aceptar\u00bb, quiero decir, naturalmente, al se\u00f1or Vicente. Esta relaci\u00f3n es la que debemos descubrir nosotros ahora. Tratemos de evocar algunos hechos antes de explicar cu\u00e1l fue la calidad y la naturaleza de su colaboraci\u00f3n.<\/p>\n<p><strong>Los hechos: descubrimiento y colaboraci\u00f3n<\/strong><\/p>\n<p>\u00abLa Luz de Pentecost\u00e9s\u00bb aporta pues a Santa Luisa confianza sobre su Director de Conciencia. Si esta visi\u00f3n prof\u00e9tica data de 1623, no se realizar\u00e1 hasta el a\u00f1o 1626. Antonio Le Gras muere el 21 de diciembre de 1625. As\u00ed lo cuenta ella: \u00abYo estaba sola con \u00e9l para ayudarle&#8230; No pudo decir otra cosa que \u2018Rogad por m\u00ed, ya no puedo m\u00e1s\u2019; palabras que se quedar\u00e1n grabadas para siempre en mi coraz\u00f3n\u00bb (Escritos 986-987).<\/p>\n<p>La primera carta de San Vicente a Santa Luisa es del 30 de octubre de 1626 y la primera de Luisa a Vicente del 5 de junio de 1927. Nos deben de faltar env\u00edos intermedios. Seg\u00fan el Padre Jean Morin, al principio la relaci\u00f3n parece dif\u00edcil. Al parecer, las dificultades no proceden\u00a0 de ninguna incompatibilidad sino del hecho de que el director espiritual est\u00e1 acaparado por un sinf\u00edn de responsabilidades y actividades, mientras que Luisa de Marillac se encuentra de alguna manera en la situaci\u00f3n en que estaba la Se\u00f1ora de Gondi, quien hubiera deseado poder disponer de un capell\u00e1n personal, permanente y accesible siempre.<\/p>\n<p>Las dos primeras cartas que siguen son, a este fin, muy significativas.<\/p>\n<p>San Vicente (Cf. SV I, 25-26 \/ ES I, 96-97) est\u00e1 a 28 leguas de Par\u00eds (112 Km), en Loisy-en-Brie, donde predica una misi\u00f3n. Esto supone una ausencia de unos 15 a 20 d\u00edas. \u00a1Pero ha salido sin previo aviso! \u00ab\u00a1Sent\u00eda pena de causarle pena!\u00bb Remite a Luisa, mientras se halle ausente, a la direcci\u00f3n de Nuestro Se\u00f1or, y se excusa por sus ocupaciones. A decir verdad, se comprenden las reticencias apenas veladas de Vicente que acaba de fundar la Congregaci\u00f3n de la Misi\u00f3n, que es capell\u00e1n General de las Galeras, Superior de la Visitaci\u00f3n y animador de un buen n\u00famero de Cofrad\u00edas&#8230; qued\u00e1ndole siempre tiempo de predicar misi\u00f3n tras misi\u00f3n.<\/p>\n<p>La primera carta de Luisa de Marillac es tambi\u00e9n muy reveladora (SV I, 28-30 \/ ES I, 98-100), sobre todo las primeras l\u00edneas: \u00abespero que me perdone la libertad que me tomo de testimoniarle la impaciencia de mi alma, tanto por el largo tiempo transcurrido como por la aprehensi\u00f3n por el porvenir y no saber el lugar donde se encuentra\u00bb. No nos cabe duda de que Luisa de Marillac considera a su director un poco \u00abmovidito\u00bb. Adem\u00e1s, se queja de ello a su primo el obispo de Belley, ya que \u00e9ste le responde un d\u00eda: \u00abperd\u00f3neme, querid\u00edsima hermana, si le digo que est\u00e1 demasiado atada a los que la gu\u00edan y que se apoya demasiado en ellos: nada m\u00e1s que el se\u00f1or Vicente se eclipsa, ya tenemos a la Se\u00f1orita Le Gras fuera de s\u00ed\u00a0 y desconcertada\u00bb. Mons Le Camus, a pesar de todo, promete dar con \u00e9l.<\/p>\n<p>Poco a poco la correspondencia se hace m\u00e1s regular y, sobre todo, m\u00e1s c\u00e1lida, aunque San Vicente siga estando tan sobrecargado: \u00able escribo cerca de medianoche, un poco a deshora. Perdone a mi coraz\u00f3n si no se explaya algo m\u00e1s en esta carta\u00bb y, por primera vez que nosotros sepamos, le pide un servicio, un peque\u00f1o servicio para la Cofrad\u00eda de Gentilly. Se trata de enviar dos o tres camisas&#8230; Se produce una evoluci\u00f3n clara, indudablemente, y hasta querida por el excelente \u00abdirector animador\u00bb que es el Se\u00f1or Vicente. \u00c9l sabe que si uno se abre a los dem\u00e1s \u2013sobre todo a los pobres- y se compromete con ellos, se encuentra en el mejor camino de olvidarse de sus problemas personales y de sus escr\u00fapulos, y de recuperar el equilibrio y desarrollo individual&#8230; Vicente lo hab\u00eda experimentado ya entre 1616 y 1618.<span id='easy-footnote-1-29947' class='easy-footnote-margin-adjust'><\/span><span class='easy-footnote'><a href='https:\/\/vincentians.com\/es\/santa-luisa-san-vicente\/#easy-footnote-bottom-1-29947' title='Jean Morin, en \u00abCarnets Vincentiens\u00bb, N\u00ba 2, pp. 32-33.'><sup>1<\/sup><\/a><\/span> Entre los a\u00f1os 1626 y 1629, tenemos 18 cartas de San Vicente a Santa Luisa y una de la Santa. Parece siempre presionado, pero siempre fiel en hacer avanzar a la Se\u00f1orita por el camino de la perfecci\u00f3n: curarla de una inquietud excesiva por su hijo, inclinarla hacia los desamparados, formarla en la alegr\u00eda, obligarla al di\u00e1logo de palabra (sin duda, para ayudarla a matizar sus palabras), acostumbrarla a la separaci\u00f3n y a una responsabilidad personal, invitarla a leer el Evangelio y a meditarlo, hacerle buscar y acoger la voluntad de Dios, ense\u00f1arle a abandonarse a la Santa Providencia; le ense\u00f1a a ver en todo suceso \u00ablos signos de Dios\u00bb. Toda esta espiritualidad es formadora de quien iba a ser un d\u00eda, a su vez, formadora en la caridad.<\/p>\n<p>Me llama la atenci\u00f3n en este programa, por una lado, la extrema dedicaci\u00f3n de San Vicente a formar un alma y, por otra, la gran docilidad de Santa Luisa que sigue esperando de \u00e9l consignas y ayuda espiritual. Poco a poco, como lo indica Sor Charpy, \u00abel estado depresivo que la abrumaba va desapareciendo, todo su ser se distiende con el tiempo\u00bb (\u00abPetite vie\u00bb, 19). Recobra confianza en s\u00ed misma ayudada por el sacerdote que sostiene y orienta su vida y su actividad.<\/p>\n<p>Aprende tambi\u00e9n a ir m\u00e1s all\u00e1 de las apariencias, a superar el lado rudo y campesino de San Vicente&#8230; a vencer la antipat\u00eda natural que sent\u00eda contra \u00e9l. Descubre en \u00e9l \u00abal hombre de Dios\u00bb. Seg\u00fan el Padre Flourens, \u00abest\u00e1 lleno de prudencia sobrenatural y de capacidad para comprender todos los movimientos de su alma\u00bb. La reflexi\u00f3n del atardecer de su vida habla largo y tendido sobre el acompa\u00f1amiento espiritual, y es para nosotros toda una meditaci\u00f3n: \u00abpreferir\u00eda morir antes que desobedecerle\u00bb (<em>Ecrits,<\/em> 496 \u2013 febrero de 1656). \u00a1Se encuentra ahora bien lejos de aquel sentimiento de repugnancia inicial!<\/p>\n<p>Casi tres a\u00f1os despu\u00e9s de los primeros encuentros, Santa Luisa est\u00e1 ya lista para la gran aventura de la caridad. El 6 de mayo de 1629 recibe una carta de env\u00edo en misi\u00f3n que ha dado la vuelta al mundo pues revela tanto de la confianza que San Vicente pone en ella y de la capacidad que ella misma puede manifestar:<\/p>\n<p>Vaya pues, se\u00f1orita, vaya en nombre de Nuestro Se\u00f1or. Ruego a su divina bondad que la acompa\u00f1e, que ella le sirva de consuelo en su camino, de sombra contra los ardores del sol, de techado en la lluvia y el fr\u00edo, de lecho mullido en el\u00a0 cansancio, de fuerza en el trabajo, y que despu\u00e9s de todo \u00c9l os devuelva en perfecta salud y cargada de buenas obras.<\/p>\n<p>Comulgar\u00e1 el d\u00eda que va a salir, para honrar la caridad de Nuestro Se\u00f1or y los viajes que \u00e9l realiz\u00f3 por esta misma caridad, las penas, las contradicciones, las fatigas y los trabajos que padeci\u00f3, y para que tenga a bien bendecir su viaje, darle su esp\u00edritu y la gracia de actuar con el mismo esp\u00edritu y soportar las penas de la misma forma que \u00c9l soport\u00f3 las suyas.<\/p>\n<p>En cuanto a lo que pide, si se quedar\u00e1 m\u00e1s tiempo de lo que hemos dicho, pienso que bastar\u00e1 con un d\u00eda o dos en cada lugar por ser la primera vez, a reserva de que vaya a volver el verano pr\u00f3ximo, si nuestro Se\u00f1or le da a entender que pudiera rendirle alg\u00fan otro servicio. Al decir dos d\u00edas, vuestra caridad ya se tomar\u00e1 alguno m\u00e1s, en caso de necesidad, y nos har\u00e1 la de escribirnos.<\/p>\n<p>En cuanto a la Caridad de la se\u00f1orita Gu\u00e9rin, tomar\u00e9is el nombre de su parroquia, por favor, y si pasamos por Chartres, trataremos de ir a servirla por la Caridad, ya que no conocemos a nadie por ese lugar que se encargue de dirigirla.<\/p>\n<p><em>Adi\u00f3s, se\u00f1orita; acu\u00e9rdese de m\u00ed en sus oraciones y tenga sobre todo cuidado de su salud que ruego a Dios le conserve, mientras quedo, en su amor <\/em>(SV I, 73 \/ ES I, 136).<\/p>\n<p>He citado esta carta en su totalidad porque no se suele hacer y revela mucho sobre el estilo que los va a acompa\u00f1ar en sus trabajos. En estas l\u00edneas se pasa de lo espiritual a lo temporal. Sin fallo, los dos santos van a corresponder y trabajar de esta forma. De Visitadora de las Caridades, Santa Luisa se va a constituir en Fundadora, y despu\u00e9s, en Superiora General de las Hijas de la Caridad (de 1633 a 1660). Sus preocupaciones comunes\u00a0 van a situarse siempre a estos dos niveles: el espiritual y el temporal, y estos \u00abdos \u00f3rdenes\u00bb van a mezclarse en su correspondencia como si fueran inseparables. Es por lo dem\u00e1s una constante vicenciana confesada por el se\u00f1or Vicente a Antonio Durand, joven superior nombrado para el seminario de Agde, a quien le hace notar muy puntualmente \u00abque no hay que dedicarse s\u00f3lo a las cosas elevadas, como es todo lo que se refiere a lo espiritual\u00bb sino que es preciso cuidarse tambi\u00e9n de los menores detalles temporales\u00bb (SV XI, 350 \/ ES XI, 241-242).<\/p>\n<p>Lo que es seguro es que su colaboraci\u00f3n va a resultar muy eficaz: van a vivir una complementariedad en y para el servicio de los pobres, bien en el interior de las Caridades bien en el interior de la Compa\u00f1\u00eda de las Hijas de la Caridad Ni ocurr\u00edrsenos hacer aqu\u00ed el inventario de su labor&#8230; Tratemos simplemente de esclarecer la naturaleza y la calidad de su trabajo en com\u00fan.<\/p>\n<p>La naturaleza de su colaboraci\u00f3n: una relaci\u00f3n de comuni\u00f3n<\/p>\n<p>Estudios\u00a0 recientes han puesto en claro lo que fueron uno <em>para<\/em> el otro y uno <em>por<\/em> el otro. Cito el n\u00famero 52 de <em>Fiches vincentiennes<\/em>:\u00a0<span id='easy-footnote-2-29947' class='easy-footnote-margin-adjust'><\/span><span class='easy-footnote'><a href='https:\/\/vincentians.com\/es\/santa-luisa-san-vicente\/#easy-footnote-bottom-2-29947' title='&lt;em&gt;Cahier&lt;\/em&gt; N\u00ba 52 \u2013 &lt;em&gt;Louise de Marillac: \u00abUne amiti\u00e9 r\u00e9ussie\u00bb&lt;\/em&gt;.'><sup>2<\/sup><\/a><\/span> El Se\u00f1or Vicente encuentra en Luisa de Marillac:<\/p>\n<ul>\n<li>Una mujer intuitiva, r\u00e1pida, vivaz, siempre lista para adelantarse sin dejarse detener por su salud: una misionera;<\/li>\n<li>Una mujer con el sentido de la organizaci\u00f3n al servicio de los Amos y Se\u00f1ores, los Pobres;<\/li>\n<li>Una Dama feliz entre las Damas de la Caridad, es una \u00abMarillac\u00bb;<\/li>\n<\/ul>\n<p>Luisa de Marillac encuentra en el Se\u00f1or Vicente:<\/p>\n<ul>\n<li>Un sacerdote, un consejero seguro, por quien ya no siente ninguna repugnancia;<\/li>\n<li>Un hombre, es decir, un apoyo s\u00f3lido que no tuvo ni en su padre ni en su marido;<\/li>\n<li>Un campesino, un hombre de la tierra que conoce la necesidad de las largas maduraciones, que sigue a la Providencia en lugar de \u00abadelant\u00e1rsele\u00bb.<\/li>\n<\/ul>\n<p>Ellos se complementan, dir\u00edamos hoy, pero mucho m\u00e1s all\u00e1 de los dones naturales o de una simpat\u00eda por fin lograda. Viven para un objetivo com\u00fan, para un objetivo elegido y querido en com\u00fan, enteramente evang\u00e9lico: la liberaci\u00f3n de los pobres, en el plano humano y en el espiritual. Se han encadenado a esta tarea por convicci\u00f3n y por elecci\u00f3n. Han vivido los dos\u00a0 una verdadera purificaci\u00f3n interior, entregados al mismo Misterio Pascual. Han descubierto en su ser profundo y en su experiencia rec\u00edproca la urgencia y la imperiosa necesidad de liberar a aquellos a quienes el hambre o la \u00abmala fe\u00bb tienen cautivos de extrema miseria. Su lazo no es ni el inter\u00e9s ni la b\u00fasqueda de una ventaja o de una promoci\u00f3n sino \u00fanicamente la causa de Dios que es inseparable de la causa de los pobres. Esta es la raz\u00f3n de comunicarse y de vibrar al un\u00edsono, d\u00eda a d\u00eda. Unidos por una misma vocaci\u00f3n y por un mismo fin.<\/p>\n<p>Se han identificado con los pobres por fidelidad a su Dios. Y est\u00e1n viviendo una verdadera amistad. Sin sentimentalismos. Ni siquiera uni\u00f3n de corte m\u00edstico, muy libres de toda ambig\u00fcedad humana. Todo lo contrario, seg\u00fan se ha dicho acertadamente, \u00abun acuerdo en la diversidad\u00bb, una alianza para lo esencial.<\/p>\n<p>Sorprende constatar qu\u00e9 libres se sienten uno respecto del otro. Si colaboran estrechamente, nunca se creen obligados a alinearse o a guardarse su diferencia de apreciaci\u00f3n y de juicio. Esto queda de manifiesto en las actas de los Consejos de la Compa\u00f1\u00eda que se conservan. Se cita el siguiente hecho: \u00aba prop\u00f3sito de la aceptaci\u00f3n de ni\u00f1os en la escuela rural de las Hermanas, Santa Luisa est\u00e1 a favor y ve en ello muchas ventajas. Pera la negativa del Se\u00f1or Vicente es formal \u2018se ha de obedecer a las ordenanzas el Rey y de los Obispos\u2019. Asimismo, en cuanto a la aceptaci\u00f3n de internos en las casas de campo, Santa Luisa est\u00e1 a favor, pero San Vicente ve en ello numerosos inconvenientes. Prevalece el parecer de San Vicente y Santa Luisa se lo trasmite as\u00ed a las Hermanas\u00bb. (Cf. XIII, 646 y Ecrits, 455 y 466 \/ ES XIII, 777).<\/p>\n<p>Jacqueline \u00abes un alma mal formada, que es causa de cantidad de peque\u00f1os des\u00f3rdenes, raz\u00f3n por la cual no deber\u00eda seguir m\u00e1s en la Compa\u00f1\u00eda. Se invita a las hermanas presentes a dar su parecer. \u00abLa se\u00f1orita Le Gras dice que era muy necesario apartarla porque tenerla como voluntaria dentro servir\u00eda de mal ejemplo a las dem\u00e1s\u00bb. San Vicente suaviza la idea diciendo, en manera muy gascona: \u00absi por s\u00ed misma pudiera decidirse a retirarse a alg\u00fan sitio y vivir calladita&#8230; pienso que ser\u00eda todo un acierto\u00bb&#8230; (Cf. SV XIII, 589-603 \/ ES XIII, 731-742).<\/p>\n<p>Se podr\u00edan traer otros ejemplos. S\u00ed, Santa Luisa y San Vicente son libres, confiados, sencillos: exponen su punto de vista sin agresividad ni deseo de imponerse. No temen ni el enfrentamiento ni la oposici\u00f3n sino que se avienen uno y otro a la decisi\u00f3n final.<\/p>\n<p>Otra caracter\u00edstica de su amistad es el reparto. Se dicen\u00a0 todo lo que es \u00fatil e indispensable para la marcha de su fundaci\u00f3n. Sor Charpy ha visto este doble intercambio: \u00abVicente recibe de Luisa la bondad de su mirada, ante todo, su paz profunda. Luisa de Vicente su sentido de la organizaci\u00f3n, su intuici\u00f3n profunda sobre la Compa\u00f1\u00eda\u00bb (<em>Cahier vincentien<\/em> No. 52, p. 5).<\/p>\n<p>Pero lo m\u00e1s atrayente y hasta divertido es su mutua preocupaci\u00f3n por su salud rec\u00edproca. De forma que las m\u00e1s precisas recomendaciones se dirigen a Santa Luisa por parte del propio se\u00f1or Vicente, por ejemplo: \u00abcuide mucho de su salud y no ahorre ning\u00fan esfuerzo para alimentarse bien durante el trabajo;\u00a0\u00a0\u00a0 siempre me parece que no se alimenta bien\u00bb (SV I, 242 \/ ES I, 326), o: \u00abme dar\u00e1 un gran consuelo si pasara descansando en la cama estos dos d\u00edas\u00bb (SV I, 338 \/ ES I, 364). Se puede leer tambi\u00e9n en otra carta: \u00abPienso que vuestro resfriado se curar\u00eda bien pronto si os fueseis un poquito antes a la cama por la noche, porque las grandes ocupaciones y estar de pie recalientan la sangre\u00bb. (SV II, 441 \/ ES II, 371).<\/p>\n<p>Y no hablemos de purgas, de sangr\u00edas, de caldos, de convalecencia, de descanso, de los m\u00e9dicos etc. &#8230;<\/p>\n<p>De hecho, la Se\u00f1orita le paga con la misma moneda a San Vicente. Le pide constantemente noticias suyas, apunta los \u00faltimos remedios en curso, y el picar\u00f3n de \u00e9l se deja llevar: \u00absu medicina, se\u00f1orita, me ha hecho efecto nueve veces&#8230; Mi peque\u00f1a fiebrecilla es, como dice, doble-terciana, pero en esta estaci\u00f3n ya sabe que suelo tenerla de ordinario doble-cuartana, tal como la he tenido ya este oto\u00f1o (SV I, 581 \/ ES I, 565-566).<\/p>\n<p>No resisto al placer de citar esta descripci\u00f3n del Se\u00f1or Vicente sobre su balance de salud: \u00abme encuentro mejor del constipado, gracias a Dios, y hago todo lo que puedo por reponerme; no salgo de la habitaci\u00f3n; descanso toda la ma\u00f1ana; como todo lo que me dan y me tomo todas las tardes una especie de julepe<span id='easy-footnote-3-29947' class='easy-footnote-margin-adjust'><\/span><span class='easy-footnote'><a href='https:\/\/vincentians.com\/es\/santa-luisa-san-vicente\/#easy-footnote-bottom-3-29947' title='Poci\u00f3n compuesta de un jarabe mucilaginoso o narc\u00f3tico disuelto en un h\u00eddrico, una infusi\u00f3n de plantas emolientes o una emulsi\u00f3n, seg\u00fan Coste.'><sup>3<\/sup><\/a><\/span> que me prepara el hermano Alejandro. En cuanto al catarro, han disminuido al menos en la mitad las molestias que sent\u00eda y va desapareciendo poco a poco. As\u00ed pues, no es necesario pensar en el t\u00e9. Si por casualidad empeorase un poco, lo tomar\u00eda. Le ruego a su caridad que est\u00e9 tranquila por ese lado; le agradezco su inter\u00e9s&#8230;\u00bb(SV VI, 136 \/ ES VI, 132).<\/p>\n<p>Acabar\u00e9 la ilustraci\u00f3n de esta conmovedora comunicaci\u00f3n m\u00e9dica con este env\u00edo de Santa Luisa: \u00abesa tisana se hace del regaliz; se lo env\u00edo en trocitos para facilitar su empleo; pero es preciso que sea reciente y no cortar m\u00e1s que a medida que se va usando, para que no se ennegrezca\u00bb(SV III, 377 \/ ES III, 346).<\/p>\n<p>Y esta comunicaci\u00f3n se extiende a todos los avatares por los que transcurren sus vidas: los problemas comunitarios de las hermanas, las relaciones con los p\u00e1rrocos o los administradores, el peque\u00f1o Miguel, el hijo de \u00ablos desvelos\u00bb de Santa Luisa.<\/p>\n<p>Y ya tenemos el tercer elemento de su s\u00f3lida amistad: la fuerza.<\/p>\n<p>Saben que pueden apoyarse uno en el otro, de modo especial en los momentos dif\u00edciles. La demostraci\u00f3n m\u00e1s clara es el momento en que la comunidad naciente de las Hijas de la Caridad pasa por una verdadera crisis de crecimiento, \u00abcrisis de adolescencia, purificaci\u00f3n, toma de conciencia de la originalidad de esta Compa\u00f1\u00eda y de sus exigencias\u00bb (<em>Petite vie, <\/em>p. 71). Ya hacia el final de 1645 hab\u00edan aparecido indicios de malestar: rechazo de cambio de parroquia, contestaci\u00f3n de la hermana sirviente, murmuraciones, cr\u00edticas. Santa Luisa pide la intervenci\u00f3n de San Vicente que tiene lugar el 13 de febrero de 1646. \u00c9l insiste en la pobreza y en la acci\u00f3n de Dios. La Compa\u00f1\u00eda es indiscutiblemente obra de Dios. Hay que buscar la ra\u00edz del mal: romper los lazos con tal o cual dama, desterrar las cr\u00edticas, interrumpir las murmuraciones, evitar las antipat\u00edas, hablar con amabilidad y dulzura, vivir con intensidad el amor de Jes\u00fas y del Pobre que se confunden en un solo y mismo amor: \u00abserv\u00eds a Jesucristo en la persona de los pobres. Y esto es tan verdad como que estamos aqu\u00ed. Una hermana ir\u00e1 diez veces cada d\u00eda a ver a los enfermos, y diez veces cada d\u00eda encontrar\u00e1 en ellos a Dios\u00bb (SV IX, 252 \/ ES IX, 240).<\/p>\n<p>A partir de entonces llega la gran pregunta: hay hermanas que reflexionan y abandonan la Compa\u00f1\u00eda. Maturina Gu\u00e9rin, que fue secretaria, escribir\u00e1 en 1661: \u00abse sal\u00edan tantas hermanas que parec\u00eda que Dios quer\u00eda vaciar la casa\u00bb. (Cf. Documento 949, Archivo Hijas de la Caridad).<\/p>\n<p>Adem\u00e1s, \u00a1est\u00e1 tambi\u00e9n el asunto de Mans! En suma, un mal comienzo: cuatro hermanas que salen el 4 de mayo de 1646 y que no logran caerles bien a los hospitalarios a quienes vienen a reemplazar. Luisa se culpa a s\u00ed misma: \u00aben m\u00ed es causa de gran confusi\u00f3n pensar que sea nuestra cobard\u00eda y mala disposici\u00f3n la causa de tanta confusi\u00f3n sobre nuestro oficio\u00bb (<em>Ecrits 148<\/em> \u2013 al\u00a0 P. Portail). Habr\u00e1 que volver a salir al cabo de tres semanas. \u00a1Fracaso al canto entonces!<\/p>\n<p>Entre tanto, acaece una muerte inesperada en Angers y la salida de Catalina Huitmill conmueve a la Comunidad&#8230; Y en la casa de Par\u00eds todo son cr\u00edticas de Jacqueline. Lo acabo de contar: un Consejo determina sobre su\u00a0 caso y se est\u00e1 pensando en despedirla (28 de junio de 1646: SV XIII 589-603 \/ ES X, 731-742). En este mismo Consejo se constituye la Comunidad de Nantes: seis hermanas son elegidas, con Isabel Martin como hermana sirviente.<\/p>\n<p>Luisa va a preparar, <em>in situ,<\/em> esta nueva implantaci\u00f3n \u00a1durante dos meses! El viaje de las hermanas ha resultado una verdadera marat\u00f3n. A la llegada, son recibidas con los brazos abiertos: los comienzos prometen. Luisa est\u00e1 muy contenta con esta fundaci\u00f3n, pero en marzo de 1647, y despu\u00e9s de un invierno pr\u00f3digo en fallecimientos de hermanas, por desgracia, surgen las primeras dificultades en Nantes. Se presentan graves conflictos comunitarios. Se comprueba \u00abun inmenso desorden\u00bb. Juana Lepintre es asignada al lugar y abre una verdadera visita can\u00f3nica. El 22 de septiembre de 1647, y a petici\u00f3n de la se\u00f1orita, el se\u00f1or Vicente interviene nuevamente, se trata de una nueva conferencia sobre la tentaci\u00f3n y la perseverancia en la vocaci\u00f3n (Cf. SV IX, 345-360 \/ ES\u00a0 IX, 320-333).<\/p>\n<p>Poco a poco la intensidad de la crisis desciende. Me gusta el comentario autorizado del autor de <em>Contre vents et temp\u00eates<\/em>: en el transcurso de estos largos meses Luisa de Marillac se ha dejado afinar por la gracia de Dios. Convencida al inicio de su pesada responsabilidad en la crisis que vive la Compa\u00f1\u00eda, va descubriendo la obra de purificaci\u00f3n del Se\u00f1or, los desgarros de todo crecimiento. \u2018La supervivencia\u2019 de la Compa\u00f1\u00eda, despu\u00e9s de todos estos sustos, \u00abes prueba de que Dios vela sobre ella\u00bb (p. 87). \u00bfAcaso no escribe en ese momento: \u00abDios es mi Dios\u00bb? (<em>Ecrits,<\/em> 340). Est\u00e1 claro, de todas formas, que San Vicente la ha ayudado con mano firme a pasar este trance dif\u00edcil, y tambi\u00e9n, que los dos han tratado de buscar, a trav\u00e9s de estos conflictos, discernir la voluntad de Dios. Y podemos estar seguros de que la encontraron pues su obra dura a\u00fan!<\/p>\n<p>Y es aqu\u00ed donde podemos llegar a hablar de amistad aut\u00e9ntica. Fue un acuerdo en lo esencial. Es por otra parte revelador que \u00absus espiritualidades\u00bb se encuentran. Qu\u00e9 f\u00e1cil nos resultar\u00eda resaltar sus convergencias. Sea suficiente por hoy enumerar los puntos de contacto antes de concluir: la persona de Cristo, su \u00fanica pretensi\u00f3n; la imitaci\u00f3n de su conducta; la referencia diaria a la oraci\u00f3n; la b\u00fasqueda incansable de la voluntad de Dios; una caridad a la vez afectiva y efectiva; una constancia en vivir la humildad; un don total de su ser para el servicio y la evangelizaci\u00f3n de los pobres; una voluntad de vivir la Comunidad; y, para terminar, todos los valores de los que tratan de vivir a\u00fan sus disc\u00edpulas y disc\u00edpulos y que perduran a trav\u00e9s de los siglos.<\/p>\n<p>En conclusi\u00f3n, perm\u00edtanme que traiga las palabras de cierre de Sor Charpy en su trabajo <em>Petite vie de Louise de Marillac<\/em>, ya que ella atina con el t\u00e9rmino de lo que podemos pensar sobre la amistad de San Vicente y de Santa Luisa: \u00abla amistad vivida por Vicente de Pa\u00fal y Luisa de Marillac se ha fundado en la autenticidad, es decir, en la aceptaci\u00f3n profunda de la identidad del otro, en el reconocimiento y en el respeto de sus diversidades. Nacida de la obediencia en una relaci\u00f3n voluntaria complementaria de colaboraci\u00f3n, alcanzando la serenidad de la edad avanzada en una relaci\u00f3n de comuni\u00f3n, esta amistad es un admirable recorrido de santidad, rebosante de humanidad\u00bb (p. 114).<\/p>\n","protected":false},"excerpt":{"rendered":"<p>Hace siete d\u00edas que Santa Luisa vive angustiada. Esto le suced\u00eda con el paso de los a\u00f1os sin darse demasiada cuenta. Por de pronto, aquella ma\u00f1ana de la Ascensi\u00f3n del 25 de mayo de 1623, &#8230; <a href=\"https:\/\/vincentians.com\/es\/santa-luisa-san-vicente\/\" class=\"more-link\">Read More<\/a><\/p>\n","protected":false},"author":4,"featured_media":149095,"comment_status":"open","ping_status":"open","sticky":false,"template":"","format":"standard","meta":{"jetpack_post_was_ever_published":false,"_jetpack_newsletter_access":"","_jetpack_dont_email_post_to_subs":false,"_jetpack_newsletter_tier_id":0,"_jetpack_memberships_contains_paywalled_content":false,"_jetpack_memberships_contains_paid_content":false,"footnotes":"","jetpack_publicize_message":"","jetpack_publicize_feature_enabled":true,"jetpack_social_post_already_shared":true,"jetpack_social_options":{"image_generator_settings":{"template":"highway","default_image_id":0,"font":"","enabled":false},"version":2}},"categories":[18,5],"tags":[246,119,172,127,120],"class_list":["post-29947","post","type-post","status-publish","format-standard","has-post-thumbnail","hentry","category-luisa-de-marillac","category-vicente-de-paul","tag-charpy","tag-gondi","tag-pobreza","tag-portail","tag-senora-de-gondi"],"yoast_head":"<!-- This site is optimized with the Yoast SEO plugin v26.3 - https:\/\/yoast.com\/wordpress\/plugins\/seo\/ -->\n<title>Santa Luisa y San Vicente - Somos Vicencianos<\/title>\n<meta name=\"robots\" content=\"index, follow, max-snippet:-1, max-image-preview:large, max-video-preview:-1\" \/>\n<link rel=\"canonical\" href=\"https:\/\/vincentians.com\/es\/santa-luisa-san-vicente\/\" \/>\n<meta property=\"og:locale\" content=\"es_ES\" \/>\n<meta property=\"og:type\" content=\"article\" \/>\n<meta property=\"og:title\" content=\"Santa Luisa y San Vicente - Somos Vicencianos\" \/>\n<meta property=\"og:description\" content=\"Hace siete d\u00edas que Santa Luisa vive angustiada. Esto le suced\u00eda con el paso de los a\u00f1os sin darse demasiada cuenta. Por de pronto, aquella ma\u00f1ana de la Ascensi\u00f3n del 25 de mayo de 1623, ... Read More\" \/>\n<meta property=\"og:url\" content=\"https:\/\/vincentians.com\/es\/santa-luisa-san-vicente\/\" \/>\n<meta property=\"og:site_name\" content=\"Somos Vicencianos\" \/>\n<meta property=\"article:publisher\" content=\"https:\/\/www.facebook.com\/WeAreVincentians\/\" \/>\n<meta property=\"article:author\" content=\"https:\/\/www.facebook.com\/JavierChento\" \/>\n<meta property=\"article:published_time\" content=\"2016-07-28T05:00:52+00:00\" \/>\n<meta property=\"og:image\" content=\"https:\/\/i0.wp.com\/vincentians.com\/es\/wp-content\/uploads\/sites\/11\/2016\/01\/vincent-louise.jpg?fit=1200%2C630&ssl=1\" \/>\n\t<meta property=\"og:image:width\" content=\"1200\" \/>\n\t<meta property=\"og:image:height\" content=\"630\" \/>\n\t<meta property=\"og:image:type\" content=\"image\/jpeg\" \/>\n<meta name=\"author\" content=\"Francisco Javier Fern\u00e1ndez Chento\" \/>\n<meta name=\"twitter:card\" content=\"summary_large_image\" \/>\n<meta name=\"twitter:creator\" content=\"@https:\/\/twitter.com\/javierchento\" \/>\n<meta name=\"twitter:site\" content=\"@WeVincentians\" \/>\n<meta name=\"twitter:label1\" content=\"Escrito por\" \/>\n\t<meta name=\"twitter:data1\" content=\"Francisco Javier Fern\u00e1ndez Chento\" \/>\n\t<meta name=\"twitter:label2\" content=\"Tiempo de lectura\" \/>\n\t<meta name=\"twitter:data2\" content=\"24 minutos\" \/>\n<script type=\"application\/ld+json\" class=\"yoast-schema-graph\">{\"@context\":\"https:\/\/schema.org\",\"@graph\":[{\"@type\":\"Article\",\"@id\":\"https:\/\/vincentians.com\/es\/santa-luisa-san-vicente\/#article\",\"isPartOf\":{\"@id\":\"https:\/\/vincentians.com\/es\/santa-luisa-san-vicente\/\"},\"author\":{\"name\":\"Francisco Javier Fern\u00e1ndez Chento\",\"@id\":\"http:\/\/vincentians.com\/es\/#\/schema\/person\/9623ef4d9aa3b2dfb8c061f1499288f2\"},\"headline\":\"Santa Luisa y San Vicente\",\"datePublished\":\"2016-07-28T05:00:52+00:00\",\"mainEntityOfPage\":{\"@id\":\"https:\/\/vincentians.com\/es\/santa-luisa-san-vicente\/\"},\"wordCount\":4713,\"commentCount\":0,\"publisher\":{\"@id\":\"http:\/\/vincentians.com\/es\/#organization\"},\"image\":{\"@id\":\"https:\/\/vincentians.com\/es\/santa-luisa-san-vicente\/#primaryimage\"},\"thumbnailUrl\":\"https:\/\/i0.wp.com\/vincentians.com\/es\/wp-content\/uploads\/sites\/11\/2016\/01\/vincent-louise.jpg?fit=1200%2C630&ssl=1\",\"keywords\":[\"Charpy\",\"Gondi\",\"Pobreza\",\"Portail\",\"Se\u00f1ora de Gondi\"],\"articleSection\":[\"Luisa de Marillac\",\"Vicente de Pa\u00fal\"],\"inLanguage\":\"es\",\"potentialAction\":[{\"@type\":\"CommentAction\",\"name\":\"Comment\",\"target\":[\"https:\/\/vincentians.com\/es\/santa-luisa-san-vicente\/#respond\"]}]},{\"@type\":\"WebPage\",\"@id\":\"https:\/\/vincentians.com\/es\/santa-luisa-san-vicente\/\",\"url\":\"https:\/\/vincentians.com\/es\/santa-luisa-san-vicente\/\",\"name\":\"Santa Luisa y San Vicente - Somos Vicencianos\",\"isPartOf\":{\"@id\":\"http:\/\/vincentians.com\/es\/#website\"},\"primaryImageOfPage\":{\"@id\":\"https:\/\/vincentians.com\/es\/santa-luisa-san-vicente\/#primaryimage\"},\"image\":{\"@id\":\"https:\/\/vincentians.com\/es\/santa-luisa-san-vicente\/#primaryimage\"},\"thumbnailUrl\":\"https:\/\/i0.wp.com\/vincentians.com\/es\/wp-content\/uploads\/sites\/11\/2016\/01\/vincent-louise.jpg?fit=1200%2C630&ssl=1\",\"datePublished\":\"2016-07-28T05:00:52+00:00\",\"breadcrumb\":{\"@id\":\"https:\/\/vincentians.com\/es\/santa-luisa-san-vicente\/#breadcrumb\"},\"inLanguage\":\"es\",\"potentialAction\":[{\"@type\":\"ReadAction\",\"target\":[\"https:\/\/vincentians.com\/es\/santa-luisa-san-vicente\/\"]}]},{\"@type\":\"ImageObject\",\"inLanguage\":\"es\",\"@id\":\"https:\/\/vincentians.com\/es\/santa-luisa-san-vicente\/#primaryimage\",\"url\":\"https:\/\/i0.wp.com\/vincentians.com\/es\/wp-content\/uploads\/sites\/11\/2016\/01\/vincent-louise.jpg?fit=1200%2C630&ssl=1\",\"contentUrl\":\"https:\/\/i0.wp.com\/vincentians.com\/es\/wp-content\/uploads\/sites\/11\/2016\/01\/vincent-louise.jpg?fit=1200%2C630&ssl=1\",\"width\":1200,\"height\":630},{\"@type\":\"BreadcrumbList\",\"@id\":\"https:\/\/vincentians.com\/es\/santa-luisa-san-vicente\/#breadcrumb\",\"itemListElement\":[{\"@type\":\"ListItem\",\"position\":1,\"name\":\"Portada\",\"item\":\"http:\/\/vincentians.com\/es\/\"},{\"@type\":\"ListItem\",\"position\":2,\"name\":\"Santa Luisa y San Vicente\"}]},{\"@type\":\"WebSite\",\"@id\":\"http:\/\/vincentians.com\/es\/#website\",\"url\":\"http:\/\/vincentians.com\/es\/\",\"name\":\"Somos Vicencianos\",\"description\":\"Know more to serve more\",\"publisher\":{\"@id\":\"http:\/\/vincentians.com\/es\/#organization\"},\"potentialAction\":[{\"@type\":\"SearchAction\",\"target\":{\"@type\":\"EntryPoint\",\"urlTemplate\":\"http:\/\/vincentians.com\/es\/?s={search_term_string}\"},\"query-input\":{\"@type\":\"PropertyValueSpecification\",\"valueRequired\":true,\"valueName\":\"search_term_string\"}}],\"inLanguage\":\"es\"},{\"@type\":\"Organization\",\"@id\":\"http:\/\/vincentians.com\/es\/#organization\",\"name\":\"The Vincentian Network\",\"url\":\"http:\/\/vincentians.com\/es\/\",\"logo\":{\"@type\":\"ImageObject\",\"inLanguage\":\"es\",\"@id\":\"http:\/\/vincentians.com\/es\/#\/schema\/logo\/image\/\",\"url\":\"https:\/\/i1.wp.com\/vincentians.com\/es\/wp-content\/uploads\/sites\/11\/2016\/06\/Vincentian-Network-logo-big.png?fit=778%2C778\",\"contentUrl\":\"https:\/\/i1.wp.com\/vincentians.com\/es\/wp-content\/uploads\/sites\/11\/2016\/06\/Vincentian-Network-logo-big.png?fit=778%2C778\",\"width\":778,\"height\":778,\"caption\":\"The Vincentian Network\"},\"image\":{\"@id\":\"http:\/\/vincentians.com\/es\/#\/schema\/logo\/image\/\"},\"sameAs\":[\"https:\/\/www.facebook.com\/WeAreVincentians\/\",\"https:\/\/x.com\/WeVincentians\"]},{\"@type\":\"Person\",\"@id\":\"http:\/\/vincentians.com\/es\/#\/schema\/person\/9623ef4d9aa3b2dfb8c061f1499288f2\",\"name\":\"Francisco Javier Fern\u00e1ndez Chento\",\"image\":{\"@type\":\"ImageObject\",\"inLanguage\":\"es\",\"@id\":\"http:\/\/vincentians.com\/es\/#\/schema\/person\/image\/\",\"url\":\"https:\/\/secure.gravatar.com\/avatar\/497d5cde87b4c3d097d0315953521681ba2cd523ee66e5077c3711f7021e65de?s=96&d=mm&r=g\",\"contentUrl\":\"https:\/\/secure.gravatar.com\/avatar\/497d5cde87b4c3d097d0315953521681ba2cd523ee66e5077c3711f7021e65de?s=96&d=mm&r=g\",\"caption\":\"Francisco Javier Fern\u00e1ndez Chento\"},\"description\":\"Director General y cofundador de La Red de Formaci\u00f3n Vicenciana. Javier es laico vicenciano, afiliado a la Congregaci\u00f3n de la Misi\u00f3n y miembro del Equipo de Misiones Populares de la provincia can\u00f3nica de Zaragoza (Espa\u00f1a) de la Congregaci\u00f3n de la Misi\u00f3n. Graduado en la Universidad Oberta de Catalunya con cuatro grados (Asistente de direcci\u00f3n, Gesti\u00f3n Administrativa, Recursos Humanos y Contabilidad Avanzada). Bil\u00edng\u00fce Espa\u00f1ol\/Ingl\u00e9s. gestiona y mantiene varias p\u00e1ginas web cristianas y vicencianas, incluida including La Red de Formaci\u00f3n Vicenciana, de la que es cofundador. Actualmente es responsable del \u00e1rea de Espa\u00f1ol de .famvin, la Red de Noticias de la Familia Vicenciana. Tambi\u00e9n es m\u00fasico cat\u00f3lico y ha editado varios discos. Es Director General y cofundador de Trovador, una reconocida compa\u00f1\u00eda discogr\u00e1fica critiana de Espa\u00f1a. Trabaja en las Tecnolog\u00edas de la Informaci\u00f3n, ofreciendo servicios de alojamiento, dise\u00f1o y mantenimiento Web, as\u00ed como asesoramiento, formaci\u00f3n y soluciones inform\u00e1ticas, gesti\u00f3n documental y digitalizaci\u00f3n de textos, edici\u00f3n y maquetaci\u00f3n de libros, revistas, flyers, etc.\",\"sameAs\":[\"http:\/\/chento.org\",\"https:\/\/www.facebook.com\/JavierChento\",\"https:\/\/x.com\/https:\/\/twitter.com\/javierchento\"],\"url\":\"https:\/\/vincentians.com\/es\/author\/chento\/\"}]}<\/script>\n<!-- \/ Yoast SEO plugin. -->","yoast_head_json":{"title":"Santa Luisa y San Vicente - Somos Vicencianos","robots":{"index":"index","follow":"follow","max-snippet":"max-snippet:-1","max-image-preview":"max-image-preview:large","max-video-preview":"max-video-preview:-1"},"canonical":"https:\/\/vincentians.com\/es\/santa-luisa-san-vicente\/","og_locale":"es_ES","og_type":"article","og_title":"Santa Luisa y San Vicente - Somos Vicencianos","og_description":"Hace siete d\u00edas que Santa Luisa vive angustiada. Esto le suced\u00eda con el paso de los a\u00f1os sin darse demasiada cuenta. Por de pronto, aquella ma\u00f1ana de la Ascensi\u00f3n del 25 de mayo de 1623, ... Read More","og_url":"https:\/\/vincentians.com\/es\/santa-luisa-san-vicente\/","og_site_name":"Somos Vicencianos","article_publisher":"https:\/\/www.facebook.com\/WeAreVincentians\/","article_author":"https:\/\/www.facebook.com\/JavierChento","article_published_time":"2016-07-28T05:00:52+00:00","og_image":[{"width":1200,"height":630,"url":"https:\/\/i0.wp.com\/vincentians.com\/es\/wp-content\/uploads\/sites\/11\/2016\/01\/vincent-louise.jpg?fit=1200%2C630&ssl=1","type":"image\/jpeg"}],"author":"Francisco Javier Fern\u00e1ndez Chento","twitter_card":"summary_large_image","twitter_creator":"@https:\/\/twitter.com\/javierchento","twitter_site":"@WeVincentians","twitter_misc":{"Escrito por":"Francisco Javier Fern\u00e1ndez Chento","Tiempo de lectura":"24 minutos"},"schema":{"@context":"https:\/\/schema.org","@graph":[{"@type":"Article","@id":"https:\/\/vincentians.com\/es\/santa-luisa-san-vicente\/#article","isPartOf":{"@id":"https:\/\/vincentians.com\/es\/santa-luisa-san-vicente\/"},"author":{"name":"Francisco Javier Fern\u00e1ndez Chento","@id":"http:\/\/vincentians.com\/es\/#\/schema\/person\/9623ef4d9aa3b2dfb8c061f1499288f2"},"headline":"Santa Luisa y San Vicente","datePublished":"2016-07-28T05:00:52+00:00","mainEntityOfPage":{"@id":"https:\/\/vincentians.com\/es\/santa-luisa-san-vicente\/"},"wordCount":4713,"commentCount":0,"publisher":{"@id":"http:\/\/vincentians.com\/es\/#organization"},"image":{"@id":"https:\/\/vincentians.com\/es\/santa-luisa-san-vicente\/#primaryimage"},"thumbnailUrl":"https:\/\/i0.wp.com\/vincentians.com\/es\/wp-content\/uploads\/sites\/11\/2016\/01\/vincent-louise.jpg?fit=1200%2C630&ssl=1","keywords":["Charpy","Gondi","Pobreza","Portail","Se\u00f1ora de Gondi"],"articleSection":["Luisa de Marillac","Vicente de Pa\u00fal"],"inLanguage":"es","potentialAction":[{"@type":"CommentAction","name":"Comment","target":["https:\/\/vincentians.com\/es\/santa-luisa-san-vicente\/#respond"]}]},{"@type":"WebPage","@id":"https:\/\/vincentians.com\/es\/santa-luisa-san-vicente\/","url":"https:\/\/vincentians.com\/es\/santa-luisa-san-vicente\/","name":"Santa Luisa y San Vicente - Somos Vicencianos","isPartOf":{"@id":"http:\/\/vincentians.com\/es\/#website"},"primaryImageOfPage":{"@id":"https:\/\/vincentians.com\/es\/santa-luisa-san-vicente\/#primaryimage"},"image":{"@id":"https:\/\/vincentians.com\/es\/santa-luisa-san-vicente\/#primaryimage"},"thumbnailUrl":"https:\/\/i0.wp.com\/vincentians.com\/es\/wp-content\/uploads\/sites\/11\/2016\/01\/vincent-louise.jpg?fit=1200%2C630&ssl=1","datePublished":"2016-07-28T05:00:52+00:00","breadcrumb":{"@id":"https:\/\/vincentians.com\/es\/santa-luisa-san-vicente\/#breadcrumb"},"inLanguage":"es","potentialAction":[{"@type":"ReadAction","target":["https:\/\/vincentians.com\/es\/santa-luisa-san-vicente\/"]}]},{"@type":"ImageObject","inLanguage":"es","@id":"https:\/\/vincentians.com\/es\/santa-luisa-san-vicente\/#primaryimage","url":"https:\/\/i0.wp.com\/vincentians.com\/es\/wp-content\/uploads\/sites\/11\/2016\/01\/vincent-louise.jpg?fit=1200%2C630&ssl=1","contentUrl":"https:\/\/i0.wp.com\/vincentians.com\/es\/wp-content\/uploads\/sites\/11\/2016\/01\/vincent-louise.jpg?fit=1200%2C630&ssl=1","width":1200,"height":630},{"@type":"BreadcrumbList","@id":"https:\/\/vincentians.com\/es\/santa-luisa-san-vicente\/#breadcrumb","itemListElement":[{"@type":"ListItem","position":1,"name":"Portada","item":"http:\/\/vincentians.com\/es\/"},{"@type":"ListItem","position":2,"name":"Santa Luisa y San Vicente"}]},{"@type":"WebSite","@id":"http:\/\/vincentians.com\/es\/#website","url":"http:\/\/vincentians.com\/es\/","name":"Somos Vicencianos","description":"Know more to serve more","publisher":{"@id":"http:\/\/vincentians.com\/es\/#organization"},"potentialAction":[{"@type":"SearchAction","target":{"@type":"EntryPoint","urlTemplate":"http:\/\/vincentians.com\/es\/?s={search_term_string}"},"query-input":{"@type":"PropertyValueSpecification","valueRequired":true,"valueName":"search_term_string"}}],"inLanguage":"es"},{"@type":"Organization","@id":"http:\/\/vincentians.com\/es\/#organization","name":"The Vincentian Network","url":"http:\/\/vincentians.com\/es\/","logo":{"@type":"ImageObject","inLanguage":"es","@id":"http:\/\/vincentians.com\/es\/#\/schema\/logo\/image\/","url":"https:\/\/i1.wp.com\/vincentians.com\/es\/wp-content\/uploads\/sites\/11\/2016\/06\/Vincentian-Network-logo-big.png?fit=778%2C778","contentUrl":"https:\/\/i1.wp.com\/vincentians.com\/es\/wp-content\/uploads\/sites\/11\/2016\/06\/Vincentian-Network-logo-big.png?fit=778%2C778","width":778,"height":778,"caption":"The Vincentian Network"},"image":{"@id":"http:\/\/vincentians.com\/es\/#\/schema\/logo\/image\/"},"sameAs":["https:\/\/www.facebook.com\/WeAreVincentians\/","https:\/\/x.com\/WeVincentians"]},{"@type":"Person","@id":"http:\/\/vincentians.com\/es\/#\/schema\/person\/9623ef4d9aa3b2dfb8c061f1499288f2","name":"Francisco Javier Fern\u00e1ndez Chento","image":{"@type":"ImageObject","inLanguage":"es","@id":"http:\/\/vincentians.com\/es\/#\/schema\/person\/image\/","url":"https:\/\/secure.gravatar.com\/avatar\/497d5cde87b4c3d097d0315953521681ba2cd523ee66e5077c3711f7021e65de?s=96&d=mm&r=g","contentUrl":"https:\/\/secure.gravatar.com\/avatar\/497d5cde87b4c3d097d0315953521681ba2cd523ee66e5077c3711f7021e65de?s=96&d=mm&r=g","caption":"Francisco Javier Fern\u00e1ndez Chento"},"description":"Director General y cofundador de La Red de Formaci\u00f3n Vicenciana. Javier es laico vicenciano, afiliado a la Congregaci\u00f3n de la Misi\u00f3n y miembro del Equipo de Misiones Populares de la provincia can\u00f3nica de Zaragoza (Espa\u00f1a) de la Congregaci\u00f3n de la Misi\u00f3n. Graduado en la Universidad Oberta de Catalunya con cuatro grados (Asistente de direcci\u00f3n, Gesti\u00f3n Administrativa, Recursos Humanos y Contabilidad Avanzada). Bil\u00edng\u00fce Espa\u00f1ol\/Ingl\u00e9s. gestiona y mantiene varias p\u00e1ginas web cristianas y vicencianas, incluida including La Red de Formaci\u00f3n Vicenciana, de la que es cofundador. Actualmente es responsable del \u00e1rea de Espa\u00f1ol de .famvin, la Red de Noticias de la Familia Vicenciana. Tambi\u00e9n es m\u00fasico cat\u00f3lico y ha editado varios discos. Es Director General y cofundador de Trovador, una reconocida compa\u00f1\u00eda discogr\u00e1fica critiana de Espa\u00f1a. Trabaja en las Tecnolog\u00edas de la Informaci\u00f3n, ofreciendo servicios de alojamiento, dise\u00f1o y mantenimiento Web, as\u00ed como asesoramiento, formaci\u00f3n y soluciones inform\u00e1ticas, gesti\u00f3n documental y digitalizaci\u00f3n de textos, edici\u00f3n y maquetaci\u00f3n de libros, revistas, flyers, etc.","sameAs":["http:\/\/chento.org","https:\/\/www.facebook.com\/JavierChento","https:\/\/x.com\/https:\/\/twitter.com\/javierchento"],"url":"https:\/\/vincentians.com\/es\/author\/chento\/"}]}},"jetpack_publicize_connections":[],"jetpack_featured_media_url":"https:\/\/i0.wp.com\/vincentians.com\/es\/wp-content\/uploads\/sites\/11\/2016\/01\/vincent-louise.jpg?fit=1200%2C630&ssl=1","jetpack_sharing_enabled":true,"jetpack_shortlink":"https:\/\/wp.me\/p7ETMF-7N1","jetpack-related-posts":[{"id":130257,"url":"https:\/\/vincentians.com\/es\/un-perfil-heroico-santa-luisa-de-marillac-05\/","url_meta":{"origin":29947,"position":0},"title":"Un perfil heroico: santa Luisa de Marillac (05)","author":"Francisco Javier Fern\u00e1ndez Chento","date":"27\/02\/2015","format":false,"excerpt":"PARA que sepas d\u00f3nde est\u00e1 la vida y la luz de tus ojos, y la paz. (Baruc, III.) \"...se me asegur\u00f3 que deb\u00eda reposar en la idea de que Dios me dar\u00eda un director que me hiciera ver clara la situaci\u00f3n de mi alma; sin embargo, me parec\u00eda que este\u2026","rel":"","context":"En \u00abLuisa de Marillac\u00bb","block_context":{"text":"Luisa de Marillac","link":"https:\/\/vincentians.com\/es\/category\/la-familia-vicenciana\/fundadores\/luisa-de-marillac\/"},"img":{"alt_text":"OLYMPUS DIGITAL CAMERA","src":"https:\/\/i0.wp.com\/vicencianos.org\/wp-content\/2014\/04\/louise-marillac-300x248.jpg?resize=350%2C200","width":350,"height":200},"classes":[]},{"id":130259,"url":"https:\/\/vincentians.com\/es\/un-perfil-heroico-santa-luisa-de-marillac-06\/","url_meta":{"origin":29947,"position":1},"title":"Un perfil heroico: santa Luisa de Marillac (06)","author":"Francisco Javier Fern\u00e1ndez Chento","date":"28\/02\/2015","format":false,"excerpt":"ESOS que est\u00e1n cubiertos de blancas vestiduras, \u00bfqui\u00e9nes son y de d\u00f3nde han venido? (Apocalipsis, VII.) VICENTE de Pa\u00fal ha sido uno de los mayores dones que la ca\u00adridad y la misericordiosa de Dios han concedido al mundo. Su santidad personal es tan atrayente, tan humana, tan digna de imitaci\u00f3n\u2026","rel":"","context":"En \u00abLuisa de Marillac\u00bb","block_context":{"text":"Luisa de Marillac","link":"https:\/\/vincentians.com\/es\/category\/la-familia-vicenciana\/fundadores\/luisa-de-marillac\/"},"img":{"alt_text":"OLYMPUS DIGITAL CAMERA","src":"https:\/\/i0.wp.com\/vicencianos.org\/wp-content\/2014\/04\/louise-marillac-300x248.jpg?resize=350%2C200","width":350,"height":200},"classes":[]},{"id":124799,"url":"https:\/\/vincentians.com\/es\/vida-espiritual-de-la-senorita-le-gras\/","url_meta":{"origin":29947,"position":2},"title":"Vida espiritual de la se\u00f1orita Le Gras","author":"Francisco Javier Fern\u00e1ndez Chento","date":"29\/05\/2015","format":false,"excerpt":"Vida de casada \u00bfC\u00f3mo era la vida espiritual de la se\u00f1orita Le Gras durante los a\u00f1os de matrimonio? En los Archivos de las Hijas de la Caridad, en Par\u00eds, se encuentra una nota muy mal es\u00adcrita, describiendo la vida que llev\u00f3 en estos a\u00f1os. El H\u00b0 Ducourneau, secretario de Vi\u00adcente\u2026","rel":"","context":"En \u00abLuisa de Marillac\u00bb","block_context":{"text":"Luisa de Marillac","link":"https:\/\/vincentians.com\/es\/category\/la-familia-vicenciana\/fundadores\/luisa-de-marillac\/"},"img":{"alt_text":"","src":"","width":0,"height":0},"classes":[]},{"id":142001,"url":"https:\/\/vincentians.com\/es\/santa-lusa-vida-espiritual\/","url_meta":{"origin":29947,"position":3},"title":"Santa Luisa (Vida espiritual)","author":"Francisco Javier Fern\u00e1ndez Chento","date":"07\/04\/2015","format":false,"excerpt":"Vida de casada \u00bfC\u00f3mo era la vida espiritual de la se\u00f1orita Le Gras durante los a\u00f1os de matrimonio? En los Archivos de las Hijas de la Caridad, en Par\u00eds, se encuentra una nota muy mal es\u00adcrita, describiendo la vida que llev\u00f3 en estos a\u00f1os. El H\u00b0 Ducourneau, secretario de Vi\u00adcente\u2026","rel":"","context":"En \u00abLuisa de Marillac\u00bb","block_context":{"text":"Luisa de Marillac","link":"https:\/\/vincentians.com\/es\/category\/la-familia-vicenciana\/fundadores\/luisa-de-marillac\/"},"img":{"alt_text":"cartel","src":"https:\/\/i0.wp.com\/vicencianos.org\/wp-content\/2015\/03\/cartel.jpg?resize=350%2C200","width":350,"height":200},"classes":[]},{"id":134886,"url":"https:\/\/vincentians.com\/es\/de-las-caridades-a-las-hijas-de-la-caridad\/","url_meta":{"origin":29947,"position":4},"title":"De las \u00abCaridades\u00bb a las \u00abHijas de la Caridad\u00bb","author":"Francisco Javier Fern\u00e1ndez Chento","date":"27\/08\/2016","format":false,"excerpt":"Estamos en 1617. Dos experiencias particularmente significativas marcan la vida de Vicente de Pa\u00fal, y est\u00e1n en el origen de sus dos realizaciones revolucionarias: la experiencia de Gannes Folleville y la de Ch\u00e1tillon-les-Dombes. Nacido el 24 de abril de 1581 en Pouy (hoy San Vicente de Pa\u00fal) en las cercan\u00edas\u2026","rel":"","context":"En \u00abHijas de la Caridad\u00bb","block_context":{"text":"Hijas de la Caridad","link":"https:\/\/vincentians.com\/es\/category\/la-familia-vicenciana\/ramas\/hijas-de-la-caridad\/"},"img":{"alt_text":"","src":"https:\/\/i0.wp.com\/vincentians.com\/es\/wp-content\/uploads\/sites\/11\/2016\/08\/hijas-caridad.jpg?fit=1200%2C630&ssl=1&resize=350%2C200","width":350,"height":200,"srcset":"https:\/\/i0.wp.com\/vincentians.com\/es\/wp-content\/uploads\/sites\/11\/2016\/08\/hijas-caridad.jpg?fit=1200%2C630&ssl=1&resize=350%2C200 1x, https:\/\/i0.wp.com\/vincentians.com\/es\/wp-content\/uploads\/sites\/11\/2016\/08\/hijas-caridad.jpg?fit=1200%2C630&ssl=1&resize=525%2C300 1.5x, https:\/\/i0.wp.com\/vincentians.com\/es\/wp-content\/uploads\/sites\/11\/2016\/08\/hijas-caridad.jpg?fit=1200%2C630&ssl=1&resize=700%2C400 2x, https:\/\/i0.wp.com\/vincentians.com\/es\/wp-content\/uploads\/sites\/11\/2016\/08\/hijas-caridad.jpg?fit=1200%2C630&ssl=1&resize=1050%2C600 3x"},"classes":[]},{"id":130261,"url":"https:\/\/vincentians.com\/es\/un-perfil-heroico-santa-luisa-de-marillac-07\/","url_meta":{"origin":29947,"position":5},"title":"Un perfil heroico: santa Luisa de Marillac (07)","author":"Francisco Javier Fern\u00e1ndez Chento","date":"01\/03\/2015","format":false,"excerpt":"BIENAVENTURADO aquel que piensa en el necesitado y en el pobre: el Se\u00f1or le librar\u00e1 en el d\u00eda aciago. (Salmo XL.) DURANTE el ejercicio de su curato en Chatillon-les-Dombes San Vicente de Pa\u00fal, celoso del bien de sus feligreses, tuvo noticia de la miseria en que se hallaba una familia\u2026","rel":"","context":"En \u00abLuisa de Marillac\u00bb","block_context":{"text":"Luisa de Marillac","link":"https:\/\/vincentians.com\/es\/category\/la-familia-vicenciana\/fundadores\/luisa-de-marillac\/"},"img":{"alt_text":"OLYMPUS DIGITAL CAMERA","src":"https:\/\/i0.wp.com\/vicencianos.org\/wp-content\/2014\/04\/louise-marillac-300x248.jpg?resize=350%2C200","width":350,"height":200},"classes":[]}],"_links":{"self":[{"href":"https:\/\/vincentians.com\/es\/wp-json\/wp\/v2\/posts\/29947","targetHints":{"allow":["GET"]}}],"collection":[{"href":"https:\/\/vincentians.com\/es\/wp-json\/wp\/v2\/posts"}],"about":[{"href":"https:\/\/vincentians.com\/es\/wp-json\/wp\/v2\/types\/post"}],"author":[{"embeddable":true,"href":"https:\/\/vincentians.com\/es\/wp-json\/wp\/v2\/users\/4"}],"replies":[{"embeddable":true,"href":"https:\/\/vincentians.com\/es\/wp-json\/wp\/v2\/comments?post=29947"}],"version-history":[{"count":0,"href":"https:\/\/vincentians.com\/es\/wp-json\/wp\/v2\/posts\/29947\/revisions"}],"wp:featuredmedia":[{"embeddable":true,"href":"https:\/\/vincentians.com\/es\/wp-json\/wp\/v2\/media\/149095"}],"wp:attachment":[{"href":"https:\/\/vincentians.com\/es\/wp-json\/wp\/v2\/media?parent=29947"}],"wp:term":[{"taxonomy":"category","embeddable":true,"href":"https:\/\/vincentians.com\/es\/wp-json\/wp\/v2\/categories?post=29947"},{"taxonomy":"post_tag","embeddable":true,"href":"https:\/\/vincentians.com\/es\/wp-json\/wp\/v2\/tags?post=29947"}],"curies":[{"name":"wp","href":"https:\/\/api.w.org\/{rel}","templated":true}]}}