{"id":29835,"date":"2016-10-21T12:00:49","date_gmt":"2016-10-21T10:00:49","guid":{"rendered":"http:\/\/somos.vicencianos.org\/blog\/29835\/vida-de-santa-luisa-de-marillac-4-una-comunidad-nueva\/"},"modified":"2016-08-06T08:06:48","modified_gmt":"2016-08-06T06:06:48","slug":"vida-santa-luisa-marillac-04-una-comunidad-nueva","status":"publish","type":"post","link":"https:\/\/vincentians.com\/es\/vida-santa-luisa-marillac-04-una-comunidad-nueva\/","title":{"rendered":"Vida de santa Luisa de Marillac. 04. Una comunidad nueva"},"content":{"rendered":"<h2>Una comunidad nueva<\/h2>\n<p>EL PEQUE\u00d1O grupo reunido en torno a Luisa de Marillac aumenta r\u00e1pidamente: cinco o seis en noviembre de 1633, una docena en julio de 1634, veinte a finales de 1635. La afluencia de toda esta gente nueva exige que se busque una casa m\u00e1s grande. La joven comunidad se establece en mayo de 1636 en el pueblo de La Chapelle, al norte de Par\u00eds. El crecimiento de la comunidad prosigue. En 1641, de sesenta a ochenta j\u00f3venes se han unido a las primeras. Se impone un nuevo traslado. Des\u00adpu\u00e9s de varios meses de b\u00fasqueda, se compra una casa en el suburbio Saint-Denis. El acta de venta se firma ante notario el 6 de septiembre de 1641. Como la Compa\u00f1\u00eda de las Hijas de la Caridad no posee bien alguno, las doce mil libras las paga la Congregaci\u00f3n de la Misi\u00f3n. Esta peque\u00f1a propie\u00addad (dos cuerpos de edificio, jard\u00edn y dependen\u00adcias), situada en frente de San L\u00e1zaro, donde reside Vicente de Pa\u00fal y sus misioneros, se convierte en la casa madre de las Hijas de la Caridad, permane\u00adciendo tal hasta la Revoluci\u00f3n.<\/p>\n<p>Los lazaristas, fundados por Vicente de Pa\u00fal, dan a conocer a la nueva comunidad en el curso de sus diferentes misiones en el campo. Las Damas de la Caridad, llenas de fervor, invitan tambi\u00e9n a las campesinas de sus tierras a unirse al grupo. En ciertas familias se propaga un verdadero entusias\u00admo por esta nueva forma de vida dedicada al ser\u00advicio de los pobres: dos, tres y hasta cuatro herma\u00adnas llegan a Par\u00eds, a las cuales siguen sus primas. Hermanos y primos van a llamar a la puerta de San L\u00e1zaro, pidiendo ser sacerdotes o hermanos de la Misi\u00f3n.<\/p>\n<p>\u00bfCu\u00e1les son las ra\u00edces profundas que animan a todas estas campesinas o hijas de artesanos? \u00bfTie\u00adnen, como Margarita Naseau, un verdadero deseo de consagrar su vida a Dios y a los pobres? En algunas, no hay ninguna duda. Mas en otras, los motivos no est\u00e1n tan claros. Al unirse a Luisa de Marillac no se les pide a estas j\u00f3venes dote alguna, contrariamente al uso de las comunidades religio\u00adsas de la \u00e9poca, sino \u00fanicamente su buena volun\u00adtad. \u00bfNo es un modo de tener casa, alimento y un trabajo, mientras que en el campo la vida es muy dura? Luisa comprueba tambi\u00e9n que algunas han ido a descubrir la capital.<\/p>\n<p>Par\u00eds resulta siempre atractivo para las j\u00f3venes. Algunas chicas, como la llegada de Normand\u00eda, piensan m\u00e1s en divertirse, en contactar con chicos, que en servir a los enfermos.<\/p>\n<p>Vicente y Luisa comprenden que se impone un discernimiento antes de admitir a una nueva candidata entre las Hijas de la Caridad. Luisa se fija en su ma\u00adnera de vivir. \u00bfLe permite su salud llevar a cabo las tareas humildes y bajas que reclaman los enfermos? Tal joven, enferma del pulm\u00f3n o con un defecto f\u00edsico no conviene. Otra posee un temperamento ardiente; al encontrarla, Vicente da su parecer:<\/p>\n<p><em>\u00abCreo que habr\u00e1 que trabajar un poco, que sus pasio\u00adnes son algo fuertes. Pero bueno; cuando tienen la fuerza de superarse, obran luego maravillas\u00bb. Y acon\u00adseja que la retengan (Doc. 110).<\/em><\/p>\n<p>Estas j\u00f3venes est\u00e1n llamadas a vivir juntas. La vida comunitaria no es f\u00e1cil; exige olvido de s\u00ed, atenci\u00f3n a los dem\u00e1s, alegr\u00eda de vivir. Los tempe\u00adramentos inestables y depresivos corren el riesgo de ser una carga para los dem\u00e1s y de sufrir ellos mismos. Por lo general, no pueden permanecer en la Compa\u00f1\u00eda.<\/p>\n<p><em>\u00abEn cuanto a la buena hija de Argenteuil, que es melanc\u00f3lica, creo que tiene raz\u00f3n en poner reparos para aceptarla, pues la melancol\u00eda es un \u00e1nimo extra\u00ad\u00f1o\u00bb (Doc. 110).<\/em><\/p>\n<p>Habituadas a vivir en medio del campo, algunas tienen costumbres un tanto rudas. Juana no vacila en pegar a su compa\u00f1era cuando est\u00e1 descontenta de ella. Como el hecho se repite varias veces, se le pide a Juana que vuelva a su casa.<\/p>\n<p>\u00a1Qu\u00e9 diferencia de educaci\u00f3n entre Luisa de Marillac y aquellas campesinas! La paciencia de Luisa, su perspicacia y su humildad, permiten pres\u00adcindir de las formas exteriores y descubrir en el coraz\u00f3n de aquellas j\u00f3venes un vivo amor a Dios y al pr\u00f3jimo.<\/p>\n<p>Para ayudar a cada una, Luisa prepara un regla\u00admento o regla de vida. Se levantan a las cinco y media. Desde las seis, las hermanas consagran una hora a la oraci\u00f3n. Luisa, con tacto, las inicia en este encuentro con Dios. La v\u00edspera por la noche ha habido la preparaci\u00f3n para la oraci\u00f3n, o sea una explicaci\u00f3n del texto que sostendr\u00e1 su oraci\u00f3n. Despu\u00e9s de la oraci\u00f3n, las hermanas comparten sencillamente su meditaci\u00f3n y la manera como han hablado con su Se\u00f1or y Dios. Luisa concluye la conversaci\u00f3n y orienta la jornada sugiriendo una resoluci\u00f3n pr\u00e1ctica.<\/p>\n<p>Luego las hermanas van a las diferentes parro\u00adquias. Se dirigen a casa de la Dama de la Caridad, \u00abque ordena cocer lo corriente de los pobres\u00bb. Luego van a reconfortar a los enfermos y moribundos, proporcion\u00e1ndoles consuelos y alimento. Luisa ense\u00f1a a cada una la manera de preparar las tisanas v las pomadas, les ense\u00f1a c\u00f3mo han de hacer las purgas o lavados, c\u00f3mo realizar una sangr\u00eda evitan\u00addo \u00ablos peligros de las arterias, nervios y otras\u00bb. Gracias sin duda a su esp\u00edritu de observaci\u00f3n y a su inteligencia pr\u00e1ctica ha podido adquirir Luisa de Marillac todas esas nociones necesarias para la educaci\u00f3n de las Servidoras de los Pobres.<\/p>\n<p>Cada ma\u00f1ana, las hermanas van a la iglesia de su parroquia a misa. Las exigencias del servicio de los enfermos corre a veces peligro de ser fuente de conflictos. \u00bfD\u00f3nde se encuentra el deber? Vicente de Pa\u00fal, que va regularmente a hablar a las herma\u00adnas, explica:<\/p>\n<p><em>\u00abHijas m\u00edas, sabed que cuando dej\u00e1is la oraci\u00f3n y la santa misa por el servicio de los pobres, no perd\u00e9is nada con ello, pues servir a los pobres es ir a Dios. Y deb\u00e9is mirar a Dios en sus personas\u00bb <\/em><em>(Conferencias, 4).<\/em><\/p>\n<p>Luisa de Marillac vela por la recta interpretaci\u00f3n de estas palabras. Ense\u00f1a a las hermanas a discer\u00adnir entre las m\u00faltiples llamadas la verdadera urgen\u00adcia. De vuelta a casa, se invita a las hermanas a dedicar alg\u00fan tiempo a su formaci\u00f3n personal: es\u00adtudio del catecismo, lectura del evangelio. Mas, como la mayor\u00eda de las mujeres de su \u00e9poca, aque\u00adllas campesinas son analfabetas, Luisa se ingenia para ense\u00f1arles los rudimentos de la lectura y de la escritura, a fin de que puedan ense\u00f1ar a otras y sean capaces de leer las notas que se les entregan, para poder servir mejor. Algunas se muestran rebeldes al aprendizaje de la escritura. Cuando en 1655 cada una de las hermanas firme el acta oficial de la fundaci\u00f3n de la Compa\u00f1\u00eda de las Hijas de la Cari\u00addad, varias de ellas pondr\u00e1n una simple cruz o la primera letra de su nombre.<\/p>\n<p>Si las hermanas \u00abtienen alg\u00fan tiempo de relaja\u00adci\u00f3n\u00bb, seg\u00fan la expresi\u00f3n de Vicente de Pa\u00fal, lo emplean en un trabajo manual. Estas j\u00f3venes con\u00adservan la costumbre de coser, de hilar como en sus chamizos. Realizan todo el trabajo dom\u00e9stico den\u00adtro de la casa y no tienen criadas.<\/p>\n<p><em>\u00abRecuerden que han nacido pobres, que deben vivir como pobres por amor al pobre de los pobres, Jesu\u00adcristo nuestro Se\u00f1or\u00bb <\/em><em>(Doc. <\/em><em>248).<\/em><\/p>\n<p>Por la noche, a las nueve, las hermanas se re\u00fanen para la oraci\u00f3n en com\u00fan y la preparaci\u00f3n de la oraci\u00f3n. El d\u00eda termina como ha comenzado: con un acto de adoraci\u00f3n a Dios.<\/p>\n<p>Este primer reglamento es modificado y comple\u00adtado con el paso de los a\u00f1os, teniendo en cuenta los problemas encontrados. La llegada de j\u00f3venes pro\u00adcedentes de la burgues\u00eda y de la nobleza, la vida en peque\u00f1as comunidades de dos o tres hijas, lejos de Par\u00eds, requieren precisiones sobre el modo de vida.<\/p>\n<p><em>\u00abProcurar\u00e1n mantener la uniformidad en cuanto pue\u00addan en la forma de vivir, de vestir, de hablar, del servicio de los pobres y, particularmente, del peina\u00addo\u00bb <\/em><em>(Doc. <\/em><em>681).<\/em><\/p>\n<p>Todas las hermanas, independientemente del origen social o regional, son iguales. Nada debe distin\u00adguirlas. El vestido de las campesinas de la Isla de Francia, que llevaban las primeras j\u00f3venes que acudieron a servir a los pobres, es el de todas las Hijas de la Caridad.<\/p>\n<p>El reglamento prosigue:<\/p>\n<p><em>\u00abSi ahorran dinero, lo pondr\u00e1n en la bolsa com\u00fan, que servir\u00e1 para proporcionarles ropa y remediar otras necesidades cuando llegue el momento\u00bb.<\/em><\/p>\n<p>Para algunas campesinas, poco habituadas a poseer dinero, fue grande la tentaci\u00f3n de servirse de \u00e9l para ellas mismas o para su familia. La experiencia hizo ver tambi\u00e9n los peligros a que pod\u00edan estar expuestas aquellas j\u00f3venes al ir por las calles y vivir en pleno mundo. Les es imprescindible una gran prudencia, aliada con la simplicidad:<\/p>\n<p><em>\u00abNo har\u00e1n ninguna visita, fuera de las de los enfer\u00admos, y no permitir\u00e1n que las hagan en sus casas, par\u00adticularmente los hombres, a los que no consentir\u00e1n que entren en sus habitaciones. Al ir por la calle, ca\u00adminar\u00e1n modestamente y con los ojos bajos, y no se detendr\u00e1n para hablar con nadie, en particular con personas de otro sexo, a no ser que haya gran necesi\u00addad; aun entonces deber\u00e1n cortar pronto y oportuna\u00admente\u00bb.<\/em><\/p>\n<p>El servicio prestado por las Hijas de la Caridad a los enfermos, a los ni\u00f1os y a los galeotes, pronto es conocido, apreciado y admirado. Vicente de Pa\u00fal y Luisa de Marillac escuchan muy frecuente\u00admente alabanzas. El reglamento quiere ayudar a aquellas hermanas a no apropiarse personalmente estas alabanzas:<\/p>\n<p><em>\u00abRecuerden que se les llama las servidoras de los pobres, que, seg\u00fan el mundo, es una de las condicio\u00adnes m\u00e1s bajas, a fin de mantenerse siempre en la baja estima de s\u00ed mismas, rechazando prontamente el me\u00adnor pensamiento de vanagloria que pudiera cruzar por su mente al o\u00edr hablar bien de sus ocupaciones, persuadi\u00e9ndose de que a Dios es a quien le es debido todo el honor, puesto que \u00e9l solo es su autor\u00bb (Doc. 682).<\/em><\/p>\n<p>El reglamento as\u00ed revisado es sometido en 1655 a la aprobaci\u00f3n del arzobispo de Par\u00eds, el cardenal de Retz, y del rey, Luis XIV, con la petici\u00f3n de reconocimiento de la Compa\u00f1\u00eda por parte de la Iglesia y del Estado.<\/p>\n<p>En julio de 1640, en el curso de una reuni\u00f3n con las Hijas de la Caridad, Vicente de Pa\u00fal habla con entusiasmo de los religiosos hospitalarios de Italia que, a los tres votos habituales, a\u00f1aden el de servir u los pobres. La reacci\u00f3n de las hermanas es inme\u00addiata. \u00bfNo podr\u00edan tambi\u00e9n ellas pronunciar tales votos?<\/p>\n<p>Vicente de Pa\u00fal, sorprendido por la pregunta, reflexiona. Las Hijas de la Caridad no son \u00abregula\u00adres\u00bb, es decir religiosas en sentido can\u00f3nico, mon\u00adjas de un claustro. Son \u00abseglares\u00bb, o sea, personas que van y vienen por las calles, por los hospitales, para servir a los pobres y a los enfermos. No pue\u00adden pronunciar votos solemnes y p\u00fablicos, que obligar\u00edan entonces a la clausura. Podr\u00edan, para manifestar su adhesi\u00f3n a Dios, hacer votos sim\u00adples, privados, como puede hacerlos cualquier cris\u00adtiano de acuerdo con su director de conciencia. Vicente de Pa\u00fal precisa que si una hermana deseara comprometerse con Dios con voto, deber\u00eda hablar de ello a sus superiores.<\/p>\n<p>La reflexi\u00f3n prosigue durante largos meses. El 25 de marzo de 1642, Luisa de Marillac y cuatro hermanas pronuncian durante la misa los primeros votos de Hijas de la Caridad: voto de pobreza, de castidad, de obediencia y de servicio a los pobres. En pos de ellas, otras hermanas ratifican tambi\u00e9n su compromiso en la Compa\u00f1\u00eda. Estos votos son privados y temporales. Luisa explica toda la belle\u00adza de los votos anuales:<\/p>\n<p><em>\u00abEs m\u00e1s agradable as\u00ed que de otra manera, puesto que, disponiendo libremente de la voluntad al cabo del a\u00f1o, pod\u00e9is volver a ofrecerla a Dios de nuevo\u00bb (E. 355).<\/em><\/p>\n<p>Los votos se renuevan todos los a\u00f1os en la fiesta de la Anunciaci\u00f3n, porque Mar\u00eda muestra el cami\u00adno. Con su disponibilidad y su adhesi\u00f3n al desig\u00adnio de Dios, permiti\u00f3 que el Hijo de Dios se hiciera hombre, y de esta manera abri\u00f3 el camino de la redenci\u00f3n. En pos de Mar\u00eda se invita a cada una de las Hijas de la Caridad a entrar plenamente en la vocaci\u00f3n recibida de Dios y a descubrir y recono\u00adcer a Cristo en todos aquellos con quienes se ponen en contacto.<\/p>\n","protected":false},"excerpt":{"rendered":"<p>Una comunidad nueva EL PEQUE\u00d1O grupo reunido en torno a Luisa de Marillac aumenta r\u00e1pidamente: cinco o seis en noviembre de 1633, una docena en julio de 1634, veinte a finales de 1635. La afluencia &#8230; <a href=\"https:\/\/vincentians.com\/es\/vida-santa-luisa-marillac-04-una-comunidad-nueva\/\" class=\"more-link\">Read More<\/a><\/p>\n","protected":false},"author":4,"featured_media":398831,"comment_status":"open","ping_status":"open","sticky":false,"template":"","format":"standard","meta":{"jetpack_post_was_ever_published":false,"_jetpack_newsletter_access":"","_jetpack_dont_email_post_to_subs":false,"_jetpack_newsletter_tier_id":0,"_jetpack_memberships_contains_paywalled_content":false,"_jetpack_memberships_contains_paid_content":false,"footnotes":"","jetpack_publicize_message":"","jetpack_publicize_feature_enabled":true,"jetpack_social_post_already_shared":true,"jetpack_social_options":{"image_generator_settings":{"template":"highway","default_image_id":0,"font":"","enabled":false},"version":2}},"categories":[18],"tags":[146,172,143],"class_list":["post-29835","post","type-post","status-publish","format-standard","has-post-thumbnail","hentry","category-luisa-de-marillac","tag-argente","tag-pobreza","tag-san-lazaro"],"yoast_head":"<!-- This site is optimized with the Yoast SEO plugin v26.3 - https:\/\/yoast.com\/wordpress\/plugins\/seo\/ -->\n<title>Vida de santa Luisa de Marillac. 04. Una comunidad nueva - Somos Vicencianos<\/title>\n<meta name=\"robots\" content=\"index, follow, max-snippet:-1, max-image-preview:large, max-video-preview:-1\" \/>\n<link rel=\"canonical\" href=\"https:\/\/vincentians.com\/es\/vida-santa-luisa-marillac-04-una-comunidad-nueva\/\" \/>\n<meta property=\"og:locale\" content=\"es_ES\" \/>\n<meta property=\"og:type\" content=\"article\" \/>\n<meta property=\"og:title\" content=\"Vida de santa Luisa de Marillac. 04. Una comunidad nueva - Somos Vicencianos\" \/>\n<meta property=\"og:description\" content=\"Una comunidad nueva EL PEQUE\u00d1O grupo reunido en torno a Luisa de Marillac aumenta r\u00e1pidamente: cinco o seis en noviembre de 1633, una docena en julio de 1634, veinte a finales de 1635. La afluencia ... Read More\" \/>\n<meta property=\"og:url\" content=\"https:\/\/vincentians.com\/es\/vida-santa-luisa-marillac-04-una-comunidad-nueva\/\" \/>\n<meta property=\"og:site_name\" content=\"Somos Vicencianos\" \/>\n<meta property=\"article:publisher\" content=\"https:\/\/www.facebook.com\/WeAreVincentians\/\" \/>\n<meta property=\"article:author\" content=\"https:\/\/www.facebook.com\/JavierChento\" \/>\n<meta property=\"article:published_time\" content=\"2016-10-21T10:00:49+00:00\" \/>\n<meta property=\"og:image\" content=\"https:\/\/i0.wp.com\/vincentians.com\/es\/wp-content\/uploads\/sites\/11\/2016\/08\/sata-luisa-de-marillac.jpg?fit=1200%2C630&ssl=1\" \/>\n\t<meta property=\"og:image:width\" content=\"1200\" \/>\n\t<meta property=\"og:image:height\" content=\"630\" \/>\n\t<meta property=\"og:image:type\" content=\"image\/jpeg\" \/>\n<meta name=\"author\" content=\"Francisco Javier Fern\u00e1ndez Chento\" \/>\n<meta name=\"twitter:card\" content=\"summary_large_image\" \/>\n<meta name=\"twitter:creator\" content=\"@https:\/\/twitter.com\/javierchento\" \/>\n<meta name=\"twitter:site\" content=\"@WeVincentians\" \/>\n<meta name=\"twitter:label1\" content=\"Escrito por\" \/>\n\t<meta name=\"twitter:data1\" content=\"Francisco Javier Fern\u00e1ndez Chento\" \/>\n\t<meta name=\"twitter:label2\" content=\"Tiempo de lectura\" \/>\n\t<meta name=\"twitter:data2\" content=\"11 minutos\" \/>\n<script type=\"application\/ld+json\" class=\"yoast-schema-graph\">{\"@context\":\"https:\/\/schema.org\",\"@graph\":[{\"@type\":\"Article\",\"@id\":\"https:\/\/vincentians.com\/es\/vida-santa-luisa-marillac-04-una-comunidad-nueva\/#article\",\"isPartOf\":{\"@id\":\"https:\/\/vincentians.com\/es\/vida-santa-luisa-marillac-04-una-comunidad-nueva\/\"},\"author\":{\"name\":\"Francisco Javier Fern\u00e1ndez Chento\",\"@id\":\"http:\/\/vincentians.com\/es\/#\/schema\/person\/9623ef4d9aa3b2dfb8c061f1499288f2\"},\"headline\":\"Vida de santa Luisa de Marillac. 04. Una comunidad nueva\",\"datePublished\":\"2016-10-21T10:00:49+00:00\",\"mainEntityOfPage\":{\"@id\":\"https:\/\/vincentians.com\/es\/vida-santa-luisa-marillac-04-una-comunidad-nueva\/\"},\"wordCount\":2221,\"commentCount\":0,\"publisher\":{\"@id\":\"http:\/\/vincentians.com\/es\/#organization\"},\"image\":{\"@id\":\"https:\/\/vincentians.com\/es\/vida-santa-luisa-marillac-04-una-comunidad-nueva\/#primaryimage\"},\"thumbnailUrl\":\"https:\/\/i0.wp.com\/vincentians.com\/es\/wp-content\/uploads\/sites\/11\/2016\/08\/sata-luisa-de-marillac.jpg?fit=1200%2C630&ssl=1\",\"keywords\":[\"Argente\",\"Pobreza\",\"San L\u00e1zaro\"],\"articleSection\":[\"Luisa de Marillac\"],\"inLanguage\":\"es\",\"potentialAction\":[{\"@type\":\"CommentAction\",\"name\":\"Comment\",\"target\":[\"https:\/\/vincentians.com\/es\/vida-santa-luisa-marillac-04-una-comunidad-nueva\/#respond\"]}]},{\"@type\":\"WebPage\",\"@id\":\"https:\/\/vincentians.com\/es\/vida-santa-luisa-marillac-04-una-comunidad-nueva\/\",\"url\":\"https:\/\/vincentians.com\/es\/vida-santa-luisa-marillac-04-una-comunidad-nueva\/\",\"name\":\"Vida de santa Luisa de Marillac. 04. Una comunidad nueva - Somos Vicencianos\",\"isPartOf\":{\"@id\":\"http:\/\/vincentians.com\/es\/#website\"},\"primaryImageOfPage\":{\"@id\":\"https:\/\/vincentians.com\/es\/vida-santa-luisa-marillac-04-una-comunidad-nueva\/#primaryimage\"},\"image\":{\"@id\":\"https:\/\/vincentians.com\/es\/vida-santa-luisa-marillac-04-una-comunidad-nueva\/#primaryimage\"},\"thumbnailUrl\":\"https:\/\/i0.wp.com\/vincentians.com\/es\/wp-content\/uploads\/sites\/11\/2016\/08\/sata-luisa-de-marillac.jpg?fit=1200%2C630&ssl=1\",\"datePublished\":\"2016-10-21T10:00:49+00:00\",\"breadcrumb\":{\"@id\":\"https:\/\/vincentians.com\/es\/vida-santa-luisa-marillac-04-una-comunidad-nueva\/#breadcrumb\"},\"inLanguage\":\"es\",\"potentialAction\":[{\"@type\":\"ReadAction\",\"target\":[\"https:\/\/vincentians.com\/es\/vida-santa-luisa-marillac-04-una-comunidad-nueva\/\"]}]},{\"@type\":\"ImageObject\",\"inLanguage\":\"es\",\"@id\":\"https:\/\/vincentians.com\/es\/vida-santa-luisa-marillac-04-una-comunidad-nueva\/#primaryimage\",\"url\":\"https:\/\/i0.wp.com\/vincentians.com\/es\/wp-content\/uploads\/sites\/11\/2016\/08\/sata-luisa-de-marillac.jpg?fit=1200%2C630&ssl=1\",\"contentUrl\":\"https:\/\/i0.wp.com\/vincentians.com\/es\/wp-content\/uploads\/sites\/11\/2016\/08\/sata-luisa-de-marillac.jpg?fit=1200%2C630&ssl=1\",\"width\":1200,\"height\":630},{\"@type\":\"BreadcrumbList\",\"@id\":\"https:\/\/vincentians.com\/es\/vida-santa-luisa-marillac-04-una-comunidad-nueva\/#breadcrumb\",\"itemListElement\":[{\"@type\":\"ListItem\",\"position\":1,\"name\":\"Portada\",\"item\":\"http:\/\/vincentians.com\/es\/\"},{\"@type\":\"ListItem\",\"position\":2,\"name\":\"Vida de santa Luisa de Marillac. 04. Una comunidad nueva\"}]},{\"@type\":\"WebSite\",\"@id\":\"http:\/\/vincentians.com\/es\/#website\",\"url\":\"http:\/\/vincentians.com\/es\/\",\"name\":\"Somos Vicencianos\",\"description\":\"Know more to serve more\",\"publisher\":{\"@id\":\"http:\/\/vincentians.com\/es\/#organization\"},\"potentialAction\":[{\"@type\":\"SearchAction\",\"target\":{\"@type\":\"EntryPoint\",\"urlTemplate\":\"http:\/\/vincentians.com\/es\/?s={search_term_string}\"},\"query-input\":{\"@type\":\"PropertyValueSpecification\",\"valueRequired\":true,\"valueName\":\"search_term_string\"}}],\"inLanguage\":\"es\"},{\"@type\":\"Organization\",\"@id\":\"http:\/\/vincentians.com\/es\/#organization\",\"name\":\"The Vincentian Network\",\"url\":\"http:\/\/vincentians.com\/es\/\",\"logo\":{\"@type\":\"ImageObject\",\"inLanguage\":\"es\",\"@id\":\"http:\/\/vincentians.com\/es\/#\/schema\/logo\/image\/\",\"url\":\"https:\/\/i1.wp.com\/vincentians.com\/es\/wp-content\/uploads\/sites\/11\/2016\/06\/Vincentian-Network-logo-big.png?fit=778%2C778\",\"contentUrl\":\"https:\/\/i1.wp.com\/vincentians.com\/es\/wp-content\/uploads\/sites\/11\/2016\/06\/Vincentian-Network-logo-big.png?fit=778%2C778\",\"width\":778,\"height\":778,\"caption\":\"The Vincentian Network\"},\"image\":{\"@id\":\"http:\/\/vincentians.com\/es\/#\/schema\/logo\/image\/\"},\"sameAs\":[\"https:\/\/www.facebook.com\/WeAreVincentians\/\",\"https:\/\/x.com\/WeVincentians\"]},{\"@type\":\"Person\",\"@id\":\"http:\/\/vincentians.com\/es\/#\/schema\/person\/9623ef4d9aa3b2dfb8c061f1499288f2\",\"name\":\"Francisco Javier Fern\u00e1ndez Chento\",\"image\":{\"@type\":\"ImageObject\",\"inLanguage\":\"es\",\"@id\":\"http:\/\/vincentians.com\/es\/#\/schema\/person\/image\/\",\"url\":\"https:\/\/secure.gravatar.com\/avatar\/497d5cde87b4c3d097d0315953521681ba2cd523ee66e5077c3711f7021e65de?s=96&d=mm&r=g\",\"contentUrl\":\"https:\/\/secure.gravatar.com\/avatar\/497d5cde87b4c3d097d0315953521681ba2cd523ee66e5077c3711f7021e65de?s=96&d=mm&r=g\",\"caption\":\"Francisco Javier Fern\u00e1ndez Chento\"},\"description\":\"Director General y cofundador de La Red de Formaci\u00f3n Vicenciana. Javier es laico vicenciano, afiliado a la Congregaci\u00f3n de la Misi\u00f3n y miembro del Equipo de Misiones Populares de la provincia can\u00f3nica de Zaragoza (Espa\u00f1a) de la Congregaci\u00f3n de la Misi\u00f3n. Graduado en la Universidad Oberta de Catalunya con cuatro grados (Asistente de direcci\u00f3n, Gesti\u00f3n Administrativa, Recursos Humanos y Contabilidad Avanzada). Bil\u00edng\u00fce Espa\u00f1ol\/Ingl\u00e9s. gestiona y mantiene varias p\u00e1ginas web cristianas y vicencianas, incluida including La Red de Formaci\u00f3n Vicenciana, de la que es cofundador. Actualmente es responsable del \u00e1rea de Espa\u00f1ol de .famvin, la Red de Noticias de la Familia Vicenciana. Tambi\u00e9n es m\u00fasico cat\u00f3lico y ha editado varios discos. Es Director General y cofundador de Trovador, una reconocida compa\u00f1\u00eda discogr\u00e1fica critiana de Espa\u00f1a. Trabaja en las Tecnolog\u00edas de la Informaci\u00f3n, ofreciendo servicios de alojamiento, dise\u00f1o y mantenimiento Web, as\u00ed como asesoramiento, formaci\u00f3n y soluciones inform\u00e1ticas, gesti\u00f3n documental y digitalizaci\u00f3n de textos, edici\u00f3n y maquetaci\u00f3n de libros, revistas, flyers, etc.\",\"sameAs\":[\"http:\/\/chento.org\",\"https:\/\/www.facebook.com\/JavierChento\",\"https:\/\/x.com\/https:\/\/twitter.com\/javierchento\"],\"url\":\"https:\/\/vincentians.com\/es\/author\/chento\/\"}]}<\/script>\n<!-- \/ Yoast SEO plugin. -->","yoast_head_json":{"title":"Vida de santa Luisa de Marillac. 04. Una comunidad nueva - Somos Vicencianos","robots":{"index":"index","follow":"follow","max-snippet":"max-snippet:-1","max-image-preview":"max-image-preview:large","max-video-preview":"max-video-preview:-1"},"canonical":"https:\/\/vincentians.com\/es\/vida-santa-luisa-marillac-04-una-comunidad-nueva\/","og_locale":"es_ES","og_type":"article","og_title":"Vida de santa Luisa de Marillac. 04. Una comunidad nueva - Somos Vicencianos","og_description":"Una comunidad nueva EL PEQUE\u00d1O grupo reunido en torno a Luisa de Marillac aumenta r\u00e1pidamente: cinco o seis en noviembre de 1633, una docena en julio de 1634, veinte a finales de 1635. La afluencia ... Read More","og_url":"https:\/\/vincentians.com\/es\/vida-santa-luisa-marillac-04-una-comunidad-nueva\/","og_site_name":"Somos Vicencianos","article_publisher":"https:\/\/www.facebook.com\/WeAreVincentians\/","article_author":"https:\/\/www.facebook.com\/JavierChento","article_published_time":"2016-10-21T10:00:49+00:00","og_image":[{"width":1200,"height":630,"url":"https:\/\/i0.wp.com\/vincentians.com\/es\/wp-content\/uploads\/sites\/11\/2016\/08\/sata-luisa-de-marillac.jpg?fit=1200%2C630&ssl=1","type":"image\/jpeg"}],"author":"Francisco Javier Fern\u00e1ndez Chento","twitter_card":"summary_large_image","twitter_creator":"@https:\/\/twitter.com\/javierchento","twitter_site":"@WeVincentians","twitter_misc":{"Escrito por":"Francisco Javier Fern\u00e1ndez Chento","Tiempo de lectura":"11 minutos"},"schema":{"@context":"https:\/\/schema.org","@graph":[{"@type":"Article","@id":"https:\/\/vincentians.com\/es\/vida-santa-luisa-marillac-04-una-comunidad-nueva\/#article","isPartOf":{"@id":"https:\/\/vincentians.com\/es\/vida-santa-luisa-marillac-04-una-comunidad-nueva\/"},"author":{"name":"Francisco Javier Fern\u00e1ndez Chento","@id":"http:\/\/vincentians.com\/es\/#\/schema\/person\/9623ef4d9aa3b2dfb8c061f1499288f2"},"headline":"Vida de santa Luisa de Marillac. 04. Una comunidad nueva","datePublished":"2016-10-21T10:00:49+00:00","mainEntityOfPage":{"@id":"https:\/\/vincentians.com\/es\/vida-santa-luisa-marillac-04-una-comunidad-nueva\/"},"wordCount":2221,"commentCount":0,"publisher":{"@id":"http:\/\/vincentians.com\/es\/#organization"},"image":{"@id":"https:\/\/vincentians.com\/es\/vida-santa-luisa-marillac-04-una-comunidad-nueva\/#primaryimage"},"thumbnailUrl":"https:\/\/i0.wp.com\/vincentians.com\/es\/wp-content\/uploads\/sites\/11\/2016\/08\/sata-luisa-de-marillac.jpg?fit=1200%2C630&ssl=1","keywords":["Argente","Pobreza","San L\u00e1zaro"],"articleSection":["Luisa de Marillac"],"inLanguage":"es","potentialAction":[{"@type":"CommentAction","name":"Comment","target":["https:\/\/vincentians.com\/es\/vida-santa-luisa-marillac-04-una-comunidad-nueva\/#respond"]}]},{"@type":"WebPage","@id":"https:\/\/vincentians.com\/es\/vida-santa-luisa-marillac-04-una-comunidad-nueva\/","url":"https:\/\/vincentians.com\/es\/vida-santa-luisa-marillac-04-una-comunidad-nueva\/","name":"Vida de santa Luisa de Marillac. 04. Una comunidad nueva - Somos Vicencianos","isPartOf":{"@id":"http:\/\/vincentians.com\/es\/#website"},"primaryImageOfPage":{"@id":"https:\/\/vincentians.com\/es\/vida-santa-luisa-marillac-04-una-comunidad-nueva\/#primaryimage"},"image":{"@id":"https:\/\/vincentians.com\/es\/vida-santa-luisa-marillac-04-una-comunidad-nueva\/#primaryimage"},"thumbnailUrl":"https:\/\/i0.wp.com\/vincentians.com\/es\/wp-content\/uploads\/sites\/11\/2016\/08\/sata-luisa-de-marillac.jpg?fit=1200%2C630&ssl=1","datePublished":"2016-10-21T10:00:49+00:00","breadcrumb":{"@id":"https:\/\/vincentians.com\/es\/vida-santa-luisa-marillac-04-una-comunidad-nueva\/#breadcrumb"},"inLanguage":"es","potentialAction":[{"@type":"ReadAction","target":["https:\/\/vincentians.com\/es\/vida-santa-luisa-marillac-04-una-comunidad-nueva\/"]}]},{"@type":"ImageObject","inLanguage":"es","@id":"https:\/\/vincentians.com\/es\/vida-santa-luisa-marillac-04-una-comunidad-nueva\/#primaryimage","url":"https:\/\/i0.wp.com\/vincentians.com\/es\/wp-content\/uploads\/sites\/11\/2016\/08\/sata-luisa-de-marillac.jpg?fit=1200%2C630&ssl=1","contentUrl":"https:\/\/i0.wp.com\/vincentians.com\/es\/wp-content\/uploads\/sites\/11\/2016\/08\/sata-luisa-de-marillac.jpg?fit=1200%2C630&ssl=1","width":1200,"height":630},{"@type":"BreadcrumbList","@id":"https:\/\/vincentians.com\/es\/vida-santa-luisa-marillac-04-una-comunidad-nueva\/#breadcrumb","itemListElement":[{"@type":"ListItem","position":1,"name":"Portada","item":"http:\/\/vincentians.com\/es\/"},{"@type":"ListItem","position":2,"name":"Vida de santa Luisa de Marillac. 04. Una comunidad nueva"}]},{"@type":"WebSite","@id":"http:\/\/vincentians.com\/es\/#website","url":"http:\/\/vincentians.com\/es\/","name":"Somos Vicencianos","description":"Know more to serve more","publisher":{"@id":"http:\/\/vincentians.com\/es\/#organization"},"potentialAction":[{"@type":"SearchAction","target":{"@type":"EntryPoint","urlTemplate":"http:\/\/vincentians.com\/es\/?s={search_term_string}"},"query-input":{"@type":"PropertyValueSpecification","valueRequired":true,"valueName":"search_term_string"}}],"inLanguage":"es"},{"@type":"Organization","@id":"http:\/\/vincentians.com\/es\/#organization","name":"The Vincentian Network","url":"http:\/\/vincentians.com\/es\/","logo":{"@type":"ImageObject","inLanguage":"es","@id":"http:\/\/vincentians.com\/es\/#\/schema\/logo\/image\/","url":"https:\/\/i1.wp.com\/vincentians.com\/es\/wp-content\/uploads\/sites\/11\/2016\/06\/Vincentian-Network-logo-big.png?fit=778%2C778","contentUrl":"https:\/\/i1.wp.com\/vincentians.com\/es\/wp-content\/uploads\/sites\/11\/2016\/06\/Vincentian-Network-logo-big.png?fit=778%2C778","width":778,"height":778,"caption":"The Vincentian Network"},"image":{"@id":"http:\/\/vincentians.com\/es\/#\/schema\/logo\/image\/"},"sameAs":["https:\/\/www.facebook.com\/WeAreVincentians\/","https:\/\/x.com\/WeVincentians"]},{"@type":"Person","@id":"http:\/\/vincentians.com\/es\/#\/schema\/person\/9623ef4d9aa3b2dfb8c061f1499288f2","name":"Francisco Javier Fern\u00e1ndez Chento","image":{"@type":"ImageObject","inLanguage":"es","@id":"http:\/\/vincentians.com\/es\/#\/schema\/person\/image\/","url":"https:\/\/secure.gravatar.com\/avatar\/497d5cde87b4c3d097d0315953521681ba2cd523ee66e5077c3711f7021e65de?s=96&d=mm&r=g","contentUrl":"https:\/\/secure.gravatar.com\/avatar\/497d5cde87b4c3d097d0315953521681ba2cd523ee66e5077c3711f7021e65de?s=96&d=mm&r=g","caption":"Francisco Javier Fern\u00e1ndez Chento"},"description":"Director General y cofundador de La Red de Formaci\u00f3n Vicenciana. Javier es laico vicenciano, afiliado a la Congregaci\u00f3n de la Misi\u00f3n y miembro del Equipo de Misiones Populares de la provincia can\u00f3nica de Zaragoza (Espa\u00f1a) de la Congregaci\u00f3n de la Misi\u00f3n. Graduado en la Universidad Oberta de Catalunya con cuatro grados (Asistente de direcci\u00f3n, Gesti\u00f3n Administrativa, Recursos Humanos y Contabilidad Avanzada). Bil\u00edng\u00fce Espa\u00f1ol\/Ingl\u00e9s. gestiona y mantiene varias p\u00e1ginas web cristianas y vicencianas, incluida including La Red de Formaci\u00f3n Vicenciana, de la que es cofundador. Actualmente es responsable del \u00e1rea de Espa\u00f1ol de .famvin, la Red de Noticias de la Familia Vicenciana. Tambi\u00e9n es m\u00fasico cat\u00f3lico y ha editado varios discos. Es Director General y cofundador de Trovador, una reconocida compa\u00f1\u00eda discogr\u00e1fica critiana de Espa\u00f1a. Trabaja en las Tecnolog\u00edas de la Informaci\u00f3n, ofreciendo servicios de alojamiento, dise\u00f1o y mantenimiento Web, as\u00ed como asesoramiento, formaci\u00f3n y soluciones inform\u00e1ticas, gesti\u00f3n documental y digitalizaci\u00f3n de textos, edici\u00f3n y maquetaci\u00f3n de libros, revistas, flyers, etc.","sameAs":["http:\/\/chento.org","https:\/\/www.facebook.com\/JavierChento","https:\/\/x.com\/https:\/\/twitter.com\/javierchento"],"url":"https:\/\/vincentians.com\/es\/author\/chento\/"}]}},"jetpack_publicize_connections":[],"jetpack_featured_media_url":"https:\/\/i0.wp.com\/vincentians.com\/es\/wp-content\/uploads\/sites\/11\/2016\/08\/sata-luisa-de-marillac.jpg?fit=1200%2C630&ssl=1","jetpack_sharing_enabled":true,"jetpack_shortlink":"https:\/\/wp.me\/p7ETMF-7Ld","jetpack-related-posts":[{"id":115065,"url":"https:\/\/vincentians.com\/es\/casas-de-las-hijas-de-la-caridad-en-paris-en-tiempos-de-san-vicente-iv\/","url_meta":{"origin":29835,"position":0},"title":"Casas de las Hijas de la Caridad en Par\u00eds en tiempos de San Vicente (IV)","author":"Mitxel Olabu\u00e9naga","date":"23\/02\/2019","format":false,"excerpt":"Casas-Madre de las Hijas de la Caridad 1633-... 1) Primera, en Monge, N221 (antes Versailles) (A\u00d1OS 1633-1636) (II,135). Fue el \u00faltimo de los varios inmuebles del barrio de San V\u00edctor en los que vivi\u00f3 Luisa de Marillac de 1626 a 1636. Este casa de la calle Versailles la ocup\u00f3 durante\u2026","rel":"","context":"En \u00abEn tiempos de Vicente de Pa\u00fal\u00bb","block_context":{"text":"En tiempos de Vicente de Pa\u00fal","link":"https:\/\/vincentians.com\/es\/category\/historia-de-la-familia-vicenciana\/en-tiempos-de-vicente-de-paul\/"},"img":{"alt_text":"","src":"https:\/\/i0.wp.com\/vincentians.com\/es\/wp-content\/uploads\/sites\/11\/2016\/08\/con-damas-de-la-caridad.jpg?fit=1200%2C630&ssl=1&resize=350%2C200","width":350,"height":200,"srcset":"https:\/\/i0.wp.com\/vincentians.com\/es\/wp-content\/uploads\/sites\/11\/2016\/08\/con-damas-de-la-caridad.jpg?fit=1200%2C630&ssl=1&resize=350%2C200 1x, https:\/\/i0.wp.com\/vincentians.com\/es\/wp-content\/uploads\/sites\/11\/2016\/08\/con-damas-de-la-caridad.jpg?fit=1200%2C630&ssl=1&resize=525%2C300 1.5x, https:\/\/i0.wp.com\/vincentians.com\/es\/wp-content\/uploads\/sites\/11\/2016\/08\/con-damas-de-la-caridad.jpg?fit=1200%2C630&ssl=1&resize=700%2C400 2x, https:\/\/i0.wp.com\/vincentians.com\/es\/wp-content\/uploads\/sites\/11\/2016\/08\/con-damas-de-la-caridad.jpg?fit=1200%2C630&ssl=1&resize=1050%2C600 3x"},"classes":[]},{"id":183613,"url":"https:\/\/vincentians.com\/es\/luisa-de-marillac-educadora-excepcional\/","url_meta":{"origin":29835,"position":1},"title":"Luisa de Marillac, educadora excepcional","author":"Francisco Javier Fern\u00e1ndez Chento","date":"22\/06\/2015","format":false,"excerpt":"Orientada por San Vicente, Luisa comprendi\u00f3 que a la caridad hab\u00eda que a\u00f1adirle la instrucci\u00f3n. La realidad de su tiempo, la miseria cada vez m\u00e1s creciente, la colocaba en una actitud de constante preocupaci\u00f3n de la afirmaci\u00f3n permanente de su admirable director: \u201cEl pobre pueblo del campo muere de hambre\u2026","rel":"","context":"En \u00abEducaci\u00f3n\u00bb","block_context":{"text":"Educaci\u00f3n","link":"https:\/\/vincentians.com\/es\/category\/servicios-y-ministerios\/educacion\/"},"img":{"alt_text":"St_Louise_de_Marillac_teaching","src":"https:\/\/i0.wp.com\/vicencianos.org\/wp-content\/2013\/11\/St_Louise_de_Marillac_teaching-294x300.jpg?resize=350%2C200","width":350,"height":200},"classes":[]},{"id":144672,"url":"https:\/\/vincentians.com\/es\/introduccion-a-los-escritos-espirituales-de-luisa-de-marillac\/","url_meta":{"origin":29835,"position":2},"title":"Introducci\u00f3n a los escritos espirituales de Luisa de Marillac","author":"Francisco Javier Fern\u00e1ndez Chento","date":"17\/05\/2015","format":false,"excerpt":"Es un placer poder compartir con ustedes sobre los Escritos Espirituales de Luisa de Marillac. Si queremos realmente conocerla, tomarla como modelo o formadora de cada una de nosotras como Hijas de la Caridad y como amiga, debemos dejarla hablar por s\u00ed misma. Esto lo hace de manera clara en\u2026","rel":"","context":"En \u00abLuisa de Marillac\u00bb","block_context":{"text":"Luisa de Marillac","link":"https:\/\/vincentians.com\/es\/category\/la-familia-vicenciana\/fundadores\/luisa-de-marillac\/"},"img":{"alt_text":"Santa Luisa de Marillac 1","src":"https:\/\/i0.wp.com\/vicencianos.org\/wp-content\/2015\/05\/Santa-Luisa-de-Marillac-1-300x203.jpg?resize=350%2C200","width":350,"height":200},"classes":[]},{"id":387671,"url":"https:\/\/vincentians.com\/es\/la-direccion-de-la-compania-2\/","url_meta":{"origin":29835,"position":3},"title":"La direcci\u00f3n de la Compa\u00f1\u00eda","author":"Mitxel Olabu\u00e9naga","date":"20\/04\/2016","format":false,"excerpt":"De nuevo, en Par\u00eds El 24 de febrero, Luisa se puso en camino hacia Par\u00eds. Trayecto pesado y largo de va\u00adrios d\u00edas. El se\u00f1or Abad de Vaux le prest\u00f3 su carroza; Luisa estaba d\u00e9bil y quer\u00eda seguir los consejos que le hab\u00eda dado el se\u00f1or Vicente de no volver por\u2026","rel":"","context":"En \u00abHistoria de las Hijas de la Caridad\u00bb","block_context":{"text":"Historia de las Hijas de la Caridad","link":"https:\/\/vincentians.com\/es\/category\/historia-de-la-familia-vicenciana\/historia-de-las-hijas-de-la-caridad\/"},"img":{"alt_text":"Hijas de la Caridad","src":"https:\/\/i0.wp.com\/vicencianos.org\/wp-content\/uploads\/2016\/04\/Hijas-de-la-Caridad-300x225.jpg?resize=350%2C200","width":350,"height":200},"classes":[]},{"id":130444,"url":"https:\/\/vincentians.com\/es\/un-perfil-heroico-santa-luisa-de-marillac-19\/","url_meta":{"origin":29835,"position":4},"title":"Un perfil heroico: santa Luisa de Marillac (19)","author":"Francisco Javier Fern\u00e1ndez Chento","date":"13\/03\/2015","format":false,"excerpt":"Y pondr\u00e9 mi esp\u00edritu en vosotros, y har\u00e9 que guard\u00e9is mis preceptos. Y vosotros ser\u00e9is el pueblo m\u00edo, y yo ser\u00e9 vuestro Dios. (Ezequiel, XXXVI.) VICENTE de Pa\u00fal, cuyo coraz\u00f3n se regocijaba santamente al contemplar las bellas disposiciones de esp\u00edritu de las Hijas de la Caridad, y los frutos copiosos\u2026","rel":"","context":"En \u00abLuisa de Marillac\u00bb","block_context":{"text":"Luisa de Marillac","link":"https:\/\/vincentians.com\/es\/category\/la-familia-vicenciana\/fundadores\/luisa-de-marillac\/"},"img":{"alt_text":"OLYMPUS DIGITAL CAMERA","src":"https:\/\/i0.wp.com\/vicencianos.org\/wp-content\/2014\/04\/louise-marillac-300x248.jpg?resize=350%2C200","width":350,"height":200},"classes":[]},{"id":114208,"url":"https:\/\/vincentians.com\/es\/la-vida-comunitaria-2\/","url_meta":{"origin":29835,"position":5},"title":"La vida comunitaria","author":"Francisco Javier Fern\u00e1ndez Chento","date":"16\/04\/2016","format":false,"excerpt":"La Compa\u00f1\u00eda de las Hijas de la Caridad nace el 29 de noviembre de 1633, d\u00eda en que Luisa de Marillac re\u00fane en su propia casa a algunas j\u00f3venes que, desde hace varios a\u00f1os, sirven a los pobres enfermos de las Cofrad\u00edas de la Caridad. Gobillon, el primer bi\u00f3grafo de\u2026","rel":"","context":"En \u00abFormaci\u00f3n Vicenciana\u00bb","block_context":{"text":"Formaci\u00f3n Vicenciana","link":"https:\/\/vincentians.com\/es\/category\/formacion-vicenciana\/"},"img":{"alt_text":"espiritualidad","src":"https:\/\/i0.wp.com\/vicencianos.org\/wp-content\/uploads\/2012\/10\/espiritualidad-300x276.jpg?resize=350%2C200","width":350,"height":200},"classes":[]}],"_links":{"self":[{"href":"https:\/\/vincentians.com\/es\/wp-json\/wp\/v2\/posts\/29835","targetHints":{"allow":["GET"]}}],"collection":[{"href":"https:\/\/vincentians.com\/es\/wp-json\/wp\/v2\/posts"}],"about":[{"href":"https:\/\/vincentians.com\/es\/wp-json\/wp\/v2\/types\/post"}],"author":[{"embeddable":true,"href":"https:\/\/vincentians.com\/es\/wp-json\/wp\/v2\/users\/4"}],"replies":[{"embeddable":true,"href":"https:\/\/vincentians.com\/es\/wp-json\/wp\/v2\/comments?post=29835"}],"version-history":[{"count":0,"href":"https:\/\/vincentians.com\/es\/wp-json\/wp\/v2\/posts\/29835\/revisions"}],"wp:featuredmedia":[{"embeddable":true,"href":"https:\/\/vincentians.com\/es\/wp-json\/wp\/v2\/media\/398831"}],"wp:attachment":[{"href":"https:\/\/vincentians.com\/es\/wp-json\/wp\/v2\/media?parent=29835"}],"wp:term":[{"taxonomy":"category","embeddable":true,"href":"https:\/\/vincentians.com\/es\/wp-json\/wp\/v2\/categories?post=29835"},{"taxonomy":"post_tag","embeddable":true,"href":"https:\/\/vincentians.com\/es\/wp-json\/wp\/v2\/tags?post=29835"}],"curies":[{"name":"wp","href":"https:\/\/api.w.org\/{rel}","templated":true}]}}