{"id":29225,"date":"2011-02-09T20:05:31","date_gmt":"2011-02-09T19:05:31","guid":{"rendered":"http:\/\/somos.vicencianos.org\/?p=29225"},"modified":"2011-02-09T20:05:31","modified_gmt":"2011-02-09T19:05:31","slug":"circular-del-padre-gregory-gay-c-m-director-general-de-jmv","status":"publish","type":"post","link":"https:\/\/vincentians.com\/es\/circular-del-padre-gregory-gay-c-m-director-general-de-jmv\/","title":{"rendered":"Circular del padre Gregory Gay, C.M., Director General de JMV"},"content":{"rendered":"<p style=\"text-align: right\">Roma, 2 de febrero 2011 Fiesta de la Presentaci\u00f3n del Se\u00f1or en el Templo<\/p>\n<p><em> <\/em><\/p>\n<div id=\"attachment_29226\" style=\"width: 235px\" class=\"wp-caption alignright\"><em><em><a href=\"https:\/\/i0.wp.com\/vicencianos.org\/wp-content\/2011\/02\/JMV_logo.jpg\"><img data-recalc-dims=\"1\" loading=\"lazy\" decoding=\"async\" aria-describedby=\"caption-attachment-29226\" class=\"size-medium wp-image-29226\" title=\"Logo JMV\" src=\"https:\/\/i0.wp.com\/vicencianos.org\/wp-content\/2011\/02\/JMV_logo-225x300.jpg?resize=225%2C300\" alt=\"Logo JMV\" width=\"225\" height=\"300\" \/><\/a><\/em><\/em><p id=\"caption-attachment-29226\" class=\"wp-caption-text\">Logo JMV<\/p><\/div>\n<p><em>Queridos hermanos y hermanas de la Familia Vicenciana,<\/em><\/p>\n<p>\u00a1Que la Gracia y la Paz de Nuestro Se\u00f1or Jesucristo llenen sus corazones ahora y siempre!<\/p>\n<p>Les escribo como Director General de la Juventud Mariana Vicenciana. La Asociaci\u00f3n tuvo su tercera Asamblea General en Lisboa, Portugal, el pasado agosto. Recientemente el Consejo Internacional ha tenido su primera reuni\u00f3n de organizaci\u00f3n y me gustar\u00eda compartir con Uds. algunas de las conclusiones, tanto de la Asamblea General como de la reuni\u00f3n del Consejo Internacional.<\/p>\n<p>La Asamblea General elabor\u00f3 un Documento Final con los apartados siguientes: Vida Espiritual, Formaci\u00f3n, Servicio y Misi\u00f3n, Familia Vicenciana, Autofinanciaci\u00f3n.<\/p>\n<p>Debo admitir honradamente que qued\u00e9 impresionado por la calidad de las intervenciones que se hicieron en la Asamblea General y por la profundidad del liderazgo que tenemos en el Movimiento de la Juventud Mariana Vicenciana. Repetidamente enfatizaron la importancia de la vida espiritual en la Asociaci\u00f3n. Entre los puntos destacados del Documento Final, con relaci\u00f3n a la Vida Espiritual, est\u00e1 el deseo de los j\u00f3venes de aprender a rezar m\u00e1s profundamente. Queremos avanzar en esa direcci\u00f3n y animar a todos los Asesores y Asesoras de J.M.V. a asumir la responsabilidad de ayudarles a aprender a orar, y a hacerlo seg\u00fan el esp\u00edritu de San Vicente de Santa Luisa.<\/p>\n<p>Los miembros de la Asamblea manifestaron tambi\u00e9n sumo inter\u00e9s en profundizar y entender la teolog\u00eda mariana, a la luz de las ense\u00f1anzas de la Iglesia sobre Mar\u00eda, con el fin de entender m\u00e1s claramente la funci\u00f3n de Mar\u00eda en sus vidas, especialmente en los momentos claves, cuando le consagran a Ella sus vidas como signo de su compromiso con la Asociaci\u00f3n. En este contexto, los j\u00f3venes mostraron un gran deseo de poder profundizar su conocimiento de la Palabra de Dios en relaci\u00f3n con la Eucarist\u00eda y el Sacramento de la Reconciliaci\u00f3n.<\/p>\n<p>Qued\u00e9 encantado al o\u00edr este deseo enfocado hacia el dinamismo de la Palabra de Dios y, al mismo tiempo, hacia la presencia de Dios en su Cuerpo y en su Sangre en la Eucarist\u00eda, as\u00ed como hacia la misericordia de Dios expresada en el sacramento de la Reconciliaci\u00f3n. Un buen acompa\u00f1amiento de estos j\u00f3venes es una responsabilidad que deben llevar a cabo los Asesores y Asesoras locales, tanto si son miembros de la Congregaci\u00f3n de la Misi\u00f3n como si son Hijas de la Caridad o laicos pertenecientes a otras ramas de la Familia Vicenciana.<\/p>\n<p>La dimensi\u00f3n eclesial de J.M.V. es uno de los principales puntos de la Asociaci\u00f3n. Hab\u00eda verdadero inter\u00e9s, entre los miembros de la Asamblea, por desarrollar la Asociaci\u00f3n en un contexto de ministerio parroquial. Por lo tanto les digo a todos los miembros de la Congregaci\u00f3n de la Misi\u00f3n, responsables de Parroquias, que hagan todo lo que puedan por promover la Familia Vicenciana en sus parroquias y, de una manera especial, que presten atenci\u00f3n a los j\u00f3venes que necesitan o\u00edr la palabra de Dios de aquellos que han sido elegidos como sus pastores y de hacerlo dentro de su propio carisma Vicenciano. A veces es decepcionante ir a nuestras parroquias vicencianas y no encontrar signo alguno que haga alusi\u00f3n al carisma Vicenciano, ya sea una sencilla estatua de San Vicente, una imagen de la Inmaculada Concepci\u00f3n de la Medalla Milagrosa, una menci\u00f3n de lo que es esencial a nuestra devoci\u00f3n mariana Vicenciana como novenas a la Milagrosa o celebraciones de los santos de la Familia Vicenciana.<\/p>\n<p>Con relaci\u00f3n a la dimensi\u00f3n de la formaci\u00f3n en el Documento Final, los j\u00f3venes quieren realmente ser formados en el esp\u00edritu de nuestro carisma Vicenciano. Es esa una gran responsabilidad de los Asesores y Asesoras, animarles a profundizar en la importancia de esa funci\u00f3n de acompa\u00f1amiento; para ello hemos decidido promover una reuni\u00f3n internacional en 2014 para Asesores y Asesoras de la Asociaci\u00f3n, a la que se animar\u00e1 a participar a miembros de la Congregaci\u00f3n de la Misi\u00f3n, Hijas de la Caridad y laicos que acompa\u00f1an a nuestros j\u00f3venes.<\/p>\n<p>Quiero decirles otra vez, como ya lo he hecho en otras ocasiones a las Hijas de la Caridad y a los miembros de la Congregaci\u00f3n de la Misi\u00f3n, que J.M.V. no es un movimiento independiente dentro de la Iglesia sino que es un apostolado dentro de la Congregaci\u00f3n de la Misi\u00f3n y de las Hijas de la Caridad. Tenemos la obligaci\u00f3n de acompa\u00f1arles y de profundizar en las actitudes que hemos recibido de nuestros Fundadores espirituales.<\/p>\n<p>Con relaci\u00f3n a la funci\u00f3n espec\u00edfica de los Asesores y Asesoras de J.M.V., hace unos a\u00f1os se public\u00f3 el documento <em>\u00abRol y tareas de los Asesores de la J.M.V.\u00bb<\/em> Animamos a los Asesores, ya sean de la Congregaci\u00f3n de la Misi\u00f3n, de las Hijas de la Caridad y, en particular, a los Asesores laicos, a profundizar en la comprensi\u00f3n de su responsabilidad de acompa\u00f1amiento.<\/p>\n<p>En cuanto al apartado de Servicio y Misi\u00f3n del Documento Final, de nuevo ha habido un documento desarrollado por la Asociaci\u00f3n titulado <em>\u00abTrabajar en forma de Proyectos\u00bb<\/em>. Queremos animar a todos los miembros de la Asociaci\u00f3n, a nivel nacional, a conocer m\u00e1s detalladamente este documento que promueve la solidaridad. Durante nuestra \u00faltima reuni\u00f3n del Consejo Internacional, invitamos al P. Miles Heinen, Director de la Oficina de Solidaridad Vicenciana, a ayudarnos a comprender el significado de trabajar juntos, solidariamente unos con otros. Esperamos que la<\/p>\n<p>Oficina de Solidaridad Vicenciana contin\u00fae orient\u00e1ndonos en la creaci\u00f3n y presentaci\u00f3n de proyectos para promover un cambio sist\u00e9mico en aquellos a los que nuestros j\u00f3venes est\u00e1n sirviendo en distintos apostolados.<\/p>\n<p>Con relaci\u00f3n a la secci\u00f3n de la Familia Vicenciana del Documento Final, los miembros de la Asamblea desean participar activamente en los distintos consejos de la Familia Vicenciana en todo el mundo. Quieren promover y contribuir a participar en los encuentros, con otras Ramas de la Familia Vicenciana, en la formaci\u00f3n y en proyectos concretos de Servicio y Misi\u00f3n, desde la perspectiva del cambio sist\u00e9mico. Ellos mismos se van a esforzar en promover el libro \u00abSemillas de Esperanza\u00bb para ayudar a entender mejor el concepto de caridad de una forma actualizada llamado cambio sist\u00e9mico. Los miembros de la Asociaci\u00f3n desean tambi\u00e9n cooperar en el proyecto Vicenciano que emprendimos con ocasi\u00f3n del 350 aniversario de las muertes de San Vicente y de Santa Luisa, participando en concreto en nuestra p\u00e1gina de internet ZAFEN, una palabra criolla que significa \u00abes asunto nuestro\u00bb.<\/p>\n<p>Es asunto nuestro trabajar con y desde la realidad de los pobres. Una pieza clave en esta parte del Documento es la expresi\u00f3n que usamos en espa\u00f1ol <em>\u00abdesembocadura\u00bb<\/em>, que literalmente significa<em> \u00abpasar a la etapa siguiente\u00bb<\/em>. Nuestros j\u00f3venes se dan cuenta de que ellos no van a ser siempre j\u00f3venes y esperan poder continuar viviendo el carisma, pasando a otras ramas de la Familia Vicenciana. Es por tanto importante (y digo esto a las otras Ramas de la Familia Vicenciana) estar dispuestos a recibir a estos j\u00f3venes de forma que se les pueda ayudar a seguir viviendo el carisma Vicenciano, ya sea en la Congregaci\u00f3n de la Misi\u00f3n, las Hijas de la Caridad, la Sociedad de San Vicente de Pa\u00fal, la Asociaci\u00f3n de la Medalla Milagrosa, la Asociaci\u00f3n Internacional de la Caridades, MISEVI o cualquier otra Rama que vive el carisma Vicenciano.<\/p>\n<p>Los j\u00f3venes tienen la idea de que es dif\u00edcil esta<em> \u00abdesembocadura\u00bb<\/em> debido a la diferencia generacional que hay. Algunas veces, las otras Ramas de la Familia Vicenciana tienen dificultad en comprender las formas de pensar y de actuar de nuestros j\u00f3venes, que est\u00e1n madurando y pasando a otra etapa en su propia vida. Por eso animo a todas la Ramas de la Familia Vicenciana a abrirse y compartir con los j\u00f3venes de J.M.V. c\u00f3mo viven el carisma en su vida diaria, compartiendo con ellos y para ellos proyectos conjuntos de Servicio y Misi\u00f3n, orando sencillamente con ellos y acompa\u00f1\u00e1ndoles en los momentos de amistad y de amor. Los j\u00f3venes de la Asociaci\u00f3n desean profundizar la relaci\u00f3n, no solo con la Congregaci\u00f3n de la Misi\u00f3n y las Hijas de la Caridad con los que creen haber conseguido un buen nivel de relaci\u00f3n, sino con las otras Ramas laicas de la Familia Vicenciana. Por eso me dirijo a todos los miembros de la Familia Vicenciana para que estrechen los lazos de relaci\u00f3n con los j\u00f3venes. Estos van a necesitar nuestra ayuda los pr\u00f3ximos cinco a\u00f1os de esta nueva administraci\u00f3n, para profundizar el carisma de la Juventud Mariana Vicenciana. Ellos esperan poder llevarlo a cabo de distintas maneras.<\/p>\n<p>El \u00faltimo apartado del Documento Final de la Asamblea General trata de la autofinanciaci\u00f3n. Todos sabemos que la Juventud Mariana Vicenciana depende econ\u00f3micamente de la Congregaci\u00f3n de la Misi\u00f3n y de las Hijas de la Caridad, no solamente a nivel local sino tambi\u00e9n a nivel internacional. Los j\u00f3venes agradecen la ayuda econ\u00f3mica que reciben en particular de estas Ramas de la Familia Vicenciana, pero ellos quieren llegar a ser autosuficientes. Hace unos a\u00f1os comenzamos a establecer un fondo patrimonial o \u00abfondo de donativos\u00bb, que est\u00e1 comenzando a dar una estabilidad financiera, con el fin de responder a las necesidades de la Asociaci\u00f3n al menos a nivel internacional. Uno de los puntos d\u00e9biles de la Asociaci\u00f3n ha sido la dificultad para que las distintas asociaciones nacionales paguen la modesta cantidad que se les ha pedido. Nosotros pensamos que una aportaci\u00f3n de un d\u00f3lar o un euro al a\u00f1o, por cada miembro de la Asociaci\u00f3n, ser\u00eda m\u00e1s que suficiente para ayudar a mantener el \u00abfondo de donativos\u00bb y las obras de la Asociaci\u00f3n, sin embargo, no es posible recibir esa cantidad m\u00ednima de muchos de los lugares donde la Asociaci\u00f3n est\u00e1 establecida. En la Asociaci\u00f3n nos damos cuenta de que hemos fallado en solicitar ayuda a los ex-miembros de la Asociaci\u00f3n. Se podr\u00eda pensar que, si la Asociaci\u00f3n les ha ayudado a transformar su vida, al pasar a otra etapa estar\u00edan m\u00e1s dispuestos a contribuir econ\u00f3micamente a que el proyecto pueda continuar. Sin embargo, los ex-miembros de la Asociaci\u00f3n no tienen la costumbre de ayudar a nivel nacional y mucho menos a nivel internacional. Por eso, proyectamos continuar trabajando en la autofinanciaci\u00f3n y hacerlo con la ayuda orientadora de la Oficina de Solidaridad Vicenciana de la Congregaci\u00f3n de la Misi\u00f3n.<\/p>\n<p>Habr\u00e1 varias sesiones de formaci\u00f3n para estos j\u00f3venes:<\/p>\n<ul>\n<li>En 2011 el momento cumbre ser\u00e1 la reuni\u00f3n de la Juventud Mariana Vicenciana anterior al d\u00eda Mundial de la Juventud en Madrid en agosto.<\/li>\n<li>En 2012 habr\u00e1 encuentros internacionales en Ecuador para los pa\u00edses de Am\u00e9rica Latina, as\u00ed como en Europa para los europeos. Todav\u00eda no se ha decidi\u00f3 el lugar.<\/li>\n<li>En 2013 esperamos mantener reuniones internacionales en \u00c1frica y en Asia.<\/li>\n<li>Como he mencionado antes, en 2014 el evento internacional principal ser\u00e1 el de Encuentro de Asesores y Asesoras en Roma o en Par\u00eds.<\/li>\n<li>En 2015 tendremos la Cuarta Asamblea General de la Asociaci\u00f3n.<\/li>\n<\/ul>\n<p>Hermanos y Hermanas de la Familia Vicenciana, concluyo este mensaje sobre un grupo muy din\u00e1mico y creativo de nuestra Familia: la Juventud Mariana Vicenciana. Son nuestros j\u00f3venes, necesitan nuestra ayuda, nuestra animaci\u00f3n, nuestro testimonio y nuestro amor mientras todos juntos, como una familia, caminamos con nuestros amos y se\u00f1ores los pobres. Pido que todo lo que hagamos sea para honra y gloria de Dios, que nos ama y nos llama a amarnos unos a otros.<\/p>\n<p>Su hermano en San Vicente<\/p>\n<p style=\"padding-left: 30px\">G. Gregory Gay C.M.<br \/>\nSuperior General<\/p>\n","protected":false},"excerpt":{"rendered":"<p>Roma, 2 de febrero 2011 Fiesta de la Presentaci\u00f3n del Se\u00f1or en el Templo Queridos hermanos y hermanas de la Familia Vicenciana, \u00a1Que la Gracia y la Paz de Nuestro Se\u00f1or Jesucristo llenen sus corazones &#8230; <a href=\"https:\/\/vincentians.com\/es\/circular-del-padre-gregory-gay-c-m-director-general-de-jmv\/\" class=\"more-link\">Read More<\/a><\/p>\n","protected":false},"author":4,"featured_media":29226,"comment_status":"open","ping_status":"open","sticky":false,"template":"","format":"standard","meta":{"jetpack_post_was_ever_published":false,"_jetpack_newsletter_access":"","_jetpack_dont_email_post_to_subs":false,"_jetpack_newsletter_tier_id":0,"_jetpack_memberships_contains_paywalled_content":false,"_jetpack_memberships_contains_paid_content":false,"footnotes":"","jetpack_publicize_message":"","jetpack_publicize_feature_enabled":true,"jetpack_social_post_already_shared":true,"jetpack_social_options":{"image_generator_settings":{"template":"highway","default_image_id":0,"font":"","enabled":false},"version":2}},"categories":[202],"tags":[174],"class_list":["post-29225","post","type-post","status-publish","format-standard","has-post-thumbnail","hentry","category-juventudes-marianas-vicencianas","tag-durando"],"yoast_head":"<!-- This site is optimized with the Yoast SEO plugin v26.3 - https:\/\/yoast.com\/wordpress\/plugins\/seo\/ -->\n<title>Circular del padre Gregory Gay, C.M., Director General de JMV - Somos Vicencianos<\/title>\n<meta name=\"robots\" content=\"index, follow, max-snippet:-1, max-image-preview:large, max-video-preview:-1\" \/>\n<link rel=\"canonical\" href=\"https:\/\/vincentians.com\/es\/circular-del-padre-gregory-gay-c-m-director-general-de-jmv\/\" \/>\n<meta property=\"og:locale\" content=\"es_ES\" \/>\n<meta property=\"og:type\" content=\"article\" \/>\n<meta property=\"og:title\" content=\"Circular del padre Gregory Gay, C.M., Director General de JMV - Somos Vicencianos\" \/>\n<meta property=\"og:description\" content=\"Roma, 2 de febrero 2011 Fiesta de la Presentaci\u00f3n del Se\u00f1or en el Templo Queridos hermanos y hermanas de la Familia Vicenciana, \u00a1Que la Gracia y la Paz de Nuestro Se\u00f1or Jesucristo llenen sus corazones ... Read More\" \/>\n<meta property=\"og:url\" content=\"https:\/\/vincentians.com\/es\/circular-del-padre-gregory-gay-c-m-director-general-de-jmv\/\" \/>\n<meta property=\"og:site_name\" content=\"Somos Vicencianos\" \/>\n<meta property=\"article:publisher\" content=\"https:\/\/www.facebook.com\/WeAreVincentians\/\" \/>\n<meta property=\"article:author\" content=\"https:\/\/www.facebook.com\/JavierChento\" \/>\n<meta property=\"article:published_time\" content=\"2011-02-09T19:05:31+00:00\" \/>\n<meta name=\"author\" content=\"Francisco Javier Fern\u00e1ndez Chento\" \/>\n<meta name=\"twitter:card\" content=\"summary_large_image\" \/>\n<meta name=\"twitter:creator\" content=\"@https:\/\/twitter.com\/javierchento\" \/>\n<meta name=\"twitter:site\" content=\"@WeVincentians\" \/>\n<meta name=\"twitter:label1\" content=\"Escrito por\" \/>\n\t<meta name=\"twitter:data1\" content=\"Francisco Javier Fern\u00e1ndez Chento\" \/>\n\t<meta name=\"twitter:label2\" content=\"Tiempo de lectura\" \/>\n\t<meta name=\"twitter:data2\" content=\"10 minutos\" \/>\n<script type=\"application\/ld+json\" class=\"yoast-schema-graph\">{\"@context\":\"https:\/\/schema.org\",\"@graph\":[{\"@type\":\"Article\",\"@id\":\"https:\/\/vincentians.com\/es\/circular-del-padre-gregory-gay-c-m-director-general-de-jmv\/#article\",\"isPartOf\":{\"@id\":\"https:\/\/vincentians.com\/es\/circular-del-padre-gregory-gay-c-m-director-general-de-jmv\/\"},\"author\":{\"name\":\"Francisco Javier Fern\u00e1ndez Chento\",\"@id\":\"https:\/\/vincentians.com\/es\/#\/schema\/person\/9623ef4d9aa3b2dfb8c061f1499288f2\"},\"headline\":\"Circular del padre Gregory Gay, C.M., Director General de JMV\",\"datePublished\":\"2011-02-09T19:05:31+00:00\",\"mainEntityOfPage\":{\"@id\":\"https:\/\/vincentians.com\/es\/circular-del-padre-gregory-gay-c-m-director-general-de-jmv\/\"},\"wordCount\":2078,\"commentCount\":0,\"publisher\":{\"@id\":\"https:\/\/vincentians.com\/es\/#organization\"},\"image\":{\"@id\":\"https:\/\/vincentians.com\/es\/circular-del-padre-gregory-gay-c-m-director-general-de-jmv\/#primaryimage\"},\"thumbnailUrl\":\"\",\"keywords\":[\"Durando\"],\"articleSection\":[\"Juventudes Marianas Vicencianas\"],\"inLanguage\":\"es\",\"potentialAction\":[{\"@type\":\"CommentAction\",\"name\":\"Comment\",\"target\":[\"https:\/\/vincentians.com\/es\/circular-del-padre-gregory-gay-c-m-director-general-de-jmv\/#respond\"]}]},{\"@type\":\"WebPage\",\"@id\":\"https:\/\/vincentians.com\/es\/circular-del-padre-gregory-gay-c-m-director-general-de-jmv\/\",\"url\":\"https:\/\/vincentians.com\/es\/circular-del-padre-gregory-gay-c-m-director-general-de-jmv\/\",\"name\":\"Circular del padre Gregory Gay, C.M., Director General de JMV - Somos Vicencianos\",\"isPartOf\":{\"@id\":\"https:\/\/vincentians.com\/es\/#website\"},\"primaryImageOfPage\":{\"@id\":\"https:\/\/vincentians.com\/es\/circular-del-padre-gregory-gay-c-m-director-general-de-jmv\/#primaryimage\"},\"image\":{\"@id\":\"https:\/\/vincentians.com\/es\/circular-del-padre-gregory-gay-c-m-director-general-de-jmv\/#primaryimage\"},\"thumbnailUrl\":\"\",\"datePublished\":\"2011-02-09T19:05:31+00:00\",\"breadcrumb\":{\"@id\":\"https:\/\/vincentians.com\/es\/circular-del-padre-gregory-gay-c-m-director-general-de-jmv\/#breadcrumb\"},\"inLanguage\":\"es\",\"potentialAction\":[{\"@type\":\"ReadAction\",\"target\":[\"https:\/\/vincentians.com\/es\/circular-del-padre-gregory-gay-c-m-director-general-de-jmv\/\"]}]},{\"@type\":\"ImageObject\",\"inLanguage\":\"es\",\"@id\":\"https:\/\/vincentians.com\/es\/circular-del-padre-gregory-gay-c-m-director-general-de-jmv\/#primaryimage\",\"url\":\"\",\"contentUrl\":\"\"},{\"@type\":\"BreadcrumbList\",\"@id\":\"https:\/\/vincentians.com\/es\/circular-del-padre-gregory-gay-c-m-director-general-de-jmv\/#breadcrumb\",\"itemListElement\":[{\"@type\":\"ListItem\",\"position\":1,\"name\":\"Portada\",\"item\":\"https:\/\/vincentians.com\/es\/\"},{\"@type\":\"ListItem\",\"position\":2,\"name\":\"Circular del padre Gregory Gay, C.M., Director General de JMV\"}]},{\"@type\":\"WebSite\",\"@id\":\"https:\/\/vincentians.com\/es\/#website\",\"url\":\"https:\/\/vincentians.com\/es\/\",\"name\":\"Somos Vicencianos\",\"description\":\"Know more to serve more\",\"publisher\":{\"@id\":\"https:\/\/vincentians.com\/es\/#organization\"},\"potentialAction\":[{\"@type\":\"SearchAction\",\"target\":{\"@type\":\"EntryPoint\",\"urlTemplate\":\"https:\/\/vincentians.com\/es\/?s={search_term_string}\"},\"query-input\":{\"@type\":\"PropertyValueSpecification\",\"valueRequired\":true,\"valueName\":\"search_term_string\"}}],\"inLanguage\":\"es\"},{\"@type\":\"Organization\",\"@id\":\"https:\/\/vincentians.com\/es\/#organization\",\"name\":\"The Vincentian Network\",\"url\":\"https:\/\/vincentians.com\/es\/\",\"logo\":{\"@type\":\"ImageObject\",\"inLanguage\":\"es\",\"@id\":\"https:\/\/vincentians.com\/es\/#\/schema\/logo\/image\/\",\"url\":\"https:\/\/i1.wp.com\/vincentians.com\/es\/wp-content\/uploads\/sites\/11\/2016\/06\/Vincentian-Network-logo-big.png?fit=778%2C778\",\"contentUrl\":\"https:\/\/i1.wp.com\/vincentians.com\/es\/wp-content\/uploads\/sites\/11\/2016\/06\/Vincentian-Network-logo-big.png?fit=778%2C778\",\"width\":778,\"height\":778,\"caption\":\"The Vincentian Network\"},\"image\":{\"@id\":\"https:\/\/vincentians.com\/es\/#\/schema\/logo\/image\/\"},\"sameAs\":[\"https:\/\/www.facebook.com\/WeAreVincentians\/\",\"https:\/\/x.com\/WeVincentians\"]},{\"@type\":\"Person\",\"@id\":\"https:\/\/vincentians.com\/es\/#\/schema\/person\/9623ef4d9aa3b2dfb8c061f1499288f2\",\"name\":\"Francisco Javier Fern\u00e1ndez Chento\",\"image\":{\"@type\":\"ImageObject\",\"inLanguage\":\"es\",\"@id\":\"https:\/\/vincentians.com\/es\/#\/schema\/person\/image\/\",\"url\":\"https:\/\/secure.gravatar.com\/avatar\/497d5cde87b4c3d097d0315953521681ba2cd523ee66e5077c3711f7021e65de?s=96&d=mm&r=g\",\"contentUrl\":\"https:\/\/secure.gravatar.com\/avatar\/497d5cde87b4c3d097d0315953521681ba2cd523ee66e5077c3711f7021e65de?s=96&d=mm&r=g\",\"caption\":\"Francisco Javier Fern\u00e1ndez Chento\"},\"description\":\"Director General y cofundador de La Red de Formaci\u00f3n Vicenciana. Javier es laico vicenciano, afiliado a la Congregaci\u00f3n de la Misi\u00f3n y miembro del Equipo de Misiones Populares de la provincia can\u00f3nica de Zaragoza (Espa\u00f1a) de la Congregaci\u00f3n de la Misi\u00f3n. Graduado en la Universidad Oberta de Catalunya con cuatro grados (Asistente de direcci\u00f3n, Gesti\u00f3n Administrativa, Recursos Humanos y Contabilidad Avanzada). Bil\u00edng\u00fce Espa\u00f1ol\/Ingl\u00e9s. gestiona y mantiene varias p\u00e1ginas web cristianas y vicencianas, incluida including La Red de Formaci\u00f3n Vicenciana, de la que es cofundador. Actualmente es responsable del \u00e1rea de Espa\u00f1ol de .famvin, la Red de Noticias de la Familia Vicenciana. Tambi\u00e9n es m\u00fasico cat\u00f3lico y ha editado varios discos. Es Director General y cofundador de Trovador, una reconocida compa\u00f1\u00eda discogr\u00e1fica critiana de Espa\u00f1a. Trabaja en las Tecnolog\u00edas de la Informaci\u00f3n, ofreciendo servicios de alojamiento, dise\u00f1o y mantenimiento Web, as\u00ed como asesoramiento, formaci\u00f3n y soluciones inform\u00e1ticas, gesti\u00f3n documental y digitalizaci\u00f3n de textos, edici\u00f3n y maquetaci\u00f3n de libros, revistas, flyers, etc.\",\"sameAs\":[\"http:\/\/chento.org\",\"https:\/\/www.facebook.com\/JavierChento\",\"https:\/\/x.com\/https:\/\/twitter.com\/javierchento\"],\"url\":\"https:\/\/vincentians.com\/es\/author\/chento\/\"}]}<\/script>\n<!-- \/ Yoast SEO plugin. -->","yoast_head_json":{"title":"Circular del padre Gregory Gay, C.M., Director General de JMV - Somos Vicencianos","robots":{"index":"index","follow":"follow","max-snippet":"max-snippet:-1","max-image-preview":"max-image-preview:large","max-video-preview":"max-video-preview:-1"},"canonical":"https:\/\/vincentians.com\/es\/circular-del-padre-gregory-gay-c-m-director-general-de-jmv\/","og_locale":"es_ES","og_type":"article","og_title":"Circular del padre Gregory Gay, C.M., Director General de JMV - Somos Vicencianos","og_description":"Roma, 2 de febrero 2011 Fiesta de la Presentaci\u00f3n del Se\u00f1or en el Templo Queridos hermanos y hermanas de la Familia Vicenciana, \u00a1Que la Gracia y la Paz de Nuestro Se\u00f1or Jesucristo llenen sus corazones ... Read More","og_url":"https:\/\/vincentians.com\/es\/circular-del-padre-gregory-gay-c-m-director-general-de-jmv\/","og_site_name":"Somos Vicencianos","article_publisher":"https:\/\/www.facebook.com\/WeAreVincentians\/","article_author":"https:\/\/www.facebook.com\/JavierChento","article_published_time":"2011-02-09T19:05:31+00:00","author":"Francisco Javier Fern\u00e1ndez Chento","twitter_card":"summary_large_image","twitter_creator":"@https:\/\/twitter.com\/javierchento","twitter_site":"@WeVincentians","twitter_misc":{"Escrito por":"Francisco Javier Fern\u00e1ndez Chento","Tiempo de lectura":"10 minutos"},"schema":{"@context":"https:\/\/schema.org","@graph":[{"@type":"Article","@id":"https:\/\/vincentians.com\/es\/circular-del-padre-gregory-gay-c-m-director-general-de-jmv\/#article","isPartOf":{"@id":"https:\/\/vincentians.com\/es\/circular-del-padre-gregory-gay-c-m-director-general-de-jmv\/"},"author":{"name":"Francisco Javier Fern\u00e1ndez Chento","@id":"https:\/\/vincentians.com\/es\/#\/schema\/person\/9623ef4d9aa3b2dfb8c061f1499288f2"},"headline":"Circular del padre Gregory Gay, C.M., Director General de JMV","datePublished":"2011-02-09T19:05:31+00:00","mainEntityOfPage":{"@id":"https:\/\/vincentians.com\/es\/circular-del-padre-gregory-gay-c-m-director-general-de-jmv\/"},"wordCount":2078,"commentCount":0,"publisher":{"@id":"https:\/\/vincentians.com\/es\/#organization"},"image":{"@id":"https:\/\/vincentians.com\/es\/circular-del-padre-gregory-gay-c-m-director-general-de-jmv\/#primaryimage"},"thumbnailUrl":"","keywords":["Durando"],"articleSection":["Juventudes Marianas Vicencianas"],"inLanguage":"es","potentialAction":[{"@type":"CommentAction","name":"Comment","target":["https:\/\/vincentians.com\/es\/circular-del-padre-gregory-gay-c-m-director-general-de-jmv\/#respond"]}]},{"@type":"WebPage","@id":"https:\/\/vincentians.com\/es\/circular-del-padre-gregory-gay-c-m-director-general-de-jmv\/","url":"https:\/\/vincentians.com\/es\/circular-del-padre-gregory-gay-c-m-director-general-de-jmv\/","name":"Circular del padre Gregory Gay, C.M., Director General de JMV - Somos Vicencianos","isPartOf":{"@id":"https:\/\/vincentians.com\/es\/#website"},"primaryImageOfPage":{"@id":"https:\/\/vincentians.com\/es\/circular-del-padre-gregory-gay-c-m-director-general-de-jmv\/#primaryimage"},"image":{"@id":"https:\/\/vincentians.com\/es\/circular-del-padre-gregory-gay-c-m-director-general-de-jmv\/#primaryimage"},"thumbnailUrl":"","datePublished":"2011-02-09T19:05:31+00:00","breadcrumb":{"@id":"https:\/\/vincentians.com\/es\/circular-del-padre-gregory-gay-c-m-director-general-de-jmv\/#breadcrumb"},"inLanguage":"es","potentialAction":[{"@type":"ReadAction","target":["https:\/\/vincentians.com\/es\/circular-del-padre-gregory-gay-c-m-director-general-de-jmv\/"]}]},{"@type":"ImageObject","inLanguage":"es","@id":"https:\/\/vincentians.com\/es\/circular-del-padre-gregory-gay-c-m-director-general-de-jmv\/#primaryimage","url":"","contentUrl":""},{"@type":"BreadcrumbList","@id":"https:\/\/vincentians.com\/es\/circular-del-padre-gregory-gay-c-m-director-general-de-jmv\/#breadcrumb","itemListElement":[{"@type":"ListItem","position":1,"name":"Portada","item":"https:\/\/vincentians.com\/es\/"},{"@type":"ListItem","position":2,"name":"Circular del padre Gregory Gay, C.M., Director General de JMV"}]},{"@type":"WebSite","@id":"https:\/\/vincentians.com\/es\/#website","url":"https:\/\/vincentians.com\/es\/","name":"Somos Vicencianos","description":"Know more to serve more","publisher":{"@id":"https:\/\/vincentians.com\/es\/#organization"},"potentialAction":[{"@type":"SearchAction","target":{"@type":"EntryPoint","urlTemplate":"https:\/\/vincentians.com\/es\/?s={search_term_string}"},"query-input":{"@type":"PropertyValueSpecification","valueRequired":true,"valueName":"search_term_string"}}],"inLanguage":"es"},{"@type":"Organization","@id":"https:\/\/vincentians.com\/es\/#organization","name":"The Vincentian Network","url":"https:\/\/vincentians.com\/es\/","logo":{"@type":"ImageObject","inLanguage":"es","@id":"https:\/\/vincentians.com\/es\/#\/schema\/logo\/image\/","url":"https:\/\/i1.wp.com\/vincentians.com\/es\/wp-content\/uploads\/sites\/11\/2016\/06\/Vincentian-Network-logo-big.png?fit=778%2C778","contentUrl":"https:\/\/i1.wp.com\/vincentians.com\/es\/wp-content\/uploads\/sites\/11\/2016\/06\/Vincentian-Network-logo-big.png?fit=778%2C778","width":778,"height":778,"caption":"The Vincentian Network"},"image":{"@id":"https:\/\/vincentians.com\/es\/#\/schema\/logo\/image\/"},"sameAs":["https:\/\/www.facebook.com\/WeAreVincentians\/","https:\/\/x.com\/WeVincentians"]},{"@type":"Person","@id":"https:\/\/vincentians.com\/es\/#\/schema\/person\/9623ef4d9aa3b2dfb8c061f1499288f2","name":"Francisco Javier Fern\u00e1ndez Chento","image":{"@type":"ImageObject","inLanguage":"es","@id":"https:\/\/vincentians.com\/es\/#\/schema\/person\/image\/","url":"https:\/\/secure.gravatar.com\/avatar\/497d5cde87b4c3d097d0315953521681ba2cd523ee66e5077c3711f7021e65de?s=96&d=mm&r=g","contentUrl":"https:\/\/secure.gravatar.com\/avatar\/497d5cde87b4c3d097d0315953521681ba2cd523ee66e5077c3711f7021e65de?s=96&d=mm&r=g","caption":"Francisco Javier Fern\u00e1ndez Chento"},"description":"Director General y cofundador de La Red de Formaci\u00f3n Vicenciana. Javier es laico vicenciano, afiliado a la Congregaci\u00f3n de la Misi\u00f3n y miembro del Equipo de Misiones Populares de la provincia can\u00f3nica de Zaragoza (Espa\u00f1a) de la Congregaci\u00f3n de la Misi\u00f3n. Graduado en la Universidad Oberta de Catalunya con cuatro grados (Asistente de direcci\u00f3n, Gesti\u00f3n Administrativa, Recursos Humanos y Contabilidad Avanzada). Bil\u00edng\u00fce Espa\u00f1ol\/Ingl\u00e9s. gestiona y mantiene varias p\u00e1ginas web cristianas y vicencianas, incluida including La Red de Formaci\u00f3n Vicenciana, de la que es cofundador. Actualmente es responsable del \u00e1rea de Espa\u00f1ol de .famvin, la Red de Noticias de la Familia Vicenciana. Tambi\u00e9n es m\u00fasico cat\u00f3lico y ha editado varios discos. Es Director General y cofundador de Trovador, una reconocida compa\u00f1\u00eda discogr\u00e1fica critiana de Espa\u00f1a. Trabaja en las Tecnolog\u00edas de la Informaci\u00f3n, ofreciendo servicios de alojamiento, dise\u00f1o y mantenimiento Web, as\u00ed como asesoramiento, formaci\u00f3n y soluciones inform\u00e1ticas, gesti\u00f3n documental y digitalizaci\u00f3n de textos, edici\u00f3n y maquetaci\u00f3n de libros, revistas, flyers, etc.","sameAs":["http:\/\/chento.org","https:\/\/www.facebook.com\/JavierChento","https:\/\/x.com\/https:\/\/twitter.com\/javierchento"],"url":"https:\/\/vincentians.com\/es\/author\/chento\/"}]}},"jetpack_publicize_connections":[],"jetpack_featured_media_url":"","jetpack_sharing_enabled":true,"jetpack_shortlink":"https:\/\/wp.me\/p7ETMF-7Bn","jetpack-related-posts":[{"id":33566,"url":"https:\/\/vincentians.com\/es\/nuevo-presidente-de-juventudes-marianas-vicencianas-en-espana\/","url_meta":{"origin":29225,"position":0},"title":"Nuevo presidente de Juventudes Marianas Vicencianas en Espa\u00f1a","author":"Francisco Javier Fern\u00e1ndez Chento","date":"07\/04\/2011","format":false,"excerpt":"Los d\u00edas 2 y 3 de abril JMV de Espa\u00f1a ha celebrado su V Asamblea General nacional en la Casa Provincial de las Hijas de la Caridad de Santa Luisa, con la participaci\u00f3n de unos 100 j\u00f3venes y asesores, representando a las 9 provincias can\u00f3nicas. Comenzamos en la capilla de\u2026","rel":"","context":"En \u00abJuventudes Marianas Vicencianas\u00bb","block_context":{"text":"Juventudes Marianas Vicencianas","link":"https:\/\/vincentians.com\/es\/category\/la-familia-vicenciana\/ramas\/juventudes-marianas-vicencianas\/"},"img":{"alt_text":"Irune, presidenta saliente, y Daniel, nuevo presidente de JMV","src":"https:\/\/i0.wp.com\/vicencianos.org\/wp-content\/2011\/04\/irune_y_daniel_jmv-211x300.jpg?resize=350%2C200","width":350,"height":200},"classes":[]},{"id":13235,"url":"https:\/\/vincentians.com\/es\/himno-de-la-asamblea-general-2010-de-j-m-v\/","url_meta":{"origin":29225,"position":1},"title":"Himno de la Asamblea General 2010 de J.M.V.","author":"Francisco Javier Fern\u00e1ndez Chento","date":"03\/03\/2010","format":false,"excerpt":"La Asamblea se realizar\u00e1 del 1 al 6 de agosto del 2010, en Lisboa (Portugal). M\u00e1s informaci\u00f3n en la p\u00e1gina Web de JMV Internacional. Himno AG2010, realizado por JMV Per\u00fa Somos nueva semilla, queremos llegar a toda la humanidad. Mensajeros de vida, sembradores de la paz, el amor y la\u2026","rel":"","context":"En \u00abJuventudes Marianas Vicencianas\u00bb","block_context":{"text":"Juventudes Marianas Vicencianas","link":"https:\/\/vincentians.com\/es\/category\/la-familia-vicenciana\/ramas\/juventudes-marianas-vicencianas\/"},"img":{"alt_text":"","src":"https:\/\/i0.wp.com\/vicencianos.org\/vicencianos\/files\/2010\/03\/LogoAG2010-259x300.jpg?resize=350%2C200","width":350,"height":200},"classes":[]},{"id":127199,"url":"https:\/\/vincentians.com\/es\/misioneros-vicencianos-con-dios-entre-los-mas-pobres\/","url_meta":{"origin":29225,"position":2},"title":"Misioneros Vicencianos: con Dios entre los m\u00e1s pobres","author":"Francisco Javier Fern\u00e1ndez Chento","date":"15\/01\/2024","format":false,"excerpt":"Bajo la denominaci\u00f3n de Misioneros Vicencianos se hace referencia en este art\u00edculo al carisma misionero de los Padres Pa\u00fales, Hijas de la Caridad y Misioneros Seglares Vicencianos. Una galer\u00eda de hombres y mujeres de talla excepcional que se encuentran all\u00ed donde m\u00e1s se les necesita \u2013entre los perseguidos, hu\u00e9rfanos, hambrientos,\u2026","rel":"","context":"En \u00abMisiones \u00abAd gentes\u00bb\u00bb","block_context":{"text":"Misiones \u00abAd gentes\u00bb","link":"https:\/\/vincentians.com\/es\/category\/servicios-y-ministerios\/misiones-ad-gentes\/"},"img":{"alt_text":"","src":"https:\/\/i0.wp.com\/vincentians.com\/es\/wp-content\/uploads\/sites\/11\/2016\/09\/enviados-evangelizar-pobres.jpg?fit=1200%2C630&ssl=1&resize=350%2C200","width":350,"height":200,"srcset":"https:\/\/i0.wp.com\/vincentians.com\/es\/wp-content\/uploads\/sites\/11\/2016\/09\/enviados-evangelizar-pobres.jpg?fit=1200%2C630&ssl=1&resize=350%2C200 1x, https:\/\/i0.wp.com\/vincentians.com\/es\/wp-content\/uploads\/sites\/11\/2016\/09\/enviados-evangelizar-pobres.jpg?fit=1200%2C630&ssl=1&resize=525%2C300 1.5x, https:\/\/i0.wp.com\/vincentians.com\/es\/wp-content\/uploads\/sites\/11\/2016\/09\/enviados-evangelizar-pobres.jpg?fit=1200%2C630&ssl=1&resize=700%2C400 2x, https:\/\/i0.wp.com\/vincentians.com\/es\/wp-content\/uploads\/sites\/11\/2016\/09\/enviados-evangelizar-pobres.jpg?fit=1200%2C630&ssl=1&resize=1050%2C600 3x"},"classes":[]},{"id":18033,"url":"https:\/\/vincentians.com\/es\/la-jmv-en-el-tercer-milenio-una-aventura-de-jovenes-y-para-jovenes\/","url_meta":{"origin":29225,"position":3},"title":"La JMV en el Tercer Milenio: una aventura de j\u00f3venes y para j\u00f3venes","author":"Francisco Javier Fern\u00e1ndez Chento","date":"07\/03\/2023","format":false,"excerpt":"La JMV, un deseo divino transformado en realidad cotidiana\u2026 Una aventura de j\u00f3venes\u2026. Una evoluci\u00f3n\u2026 Fue en 1830, en la Rue du Bac, donde toda una historia, un camino comenz\u00f3... (las apariciones de la Virgen) Una mirada del cielo... (Jes\u00fas y Mar\u00eda) Una escucha en la tierra... (Catalina) Una meditaci\u00f3n\u2026","rel":"","context":"En \u00abJuventudes Marianas Vicencianas\u00bb","block_context":{"text":"Juventudes Marianas Vicencianas","link":"https:\/\/vincentians.com\/es\/category\/la-familia-vicenciana\/ramas\/juventudes-marianas-vicencianas\/"},"img":{"alt_text":"","src":"https:\/\/i0.wp.com\/vincentians.com\/es\/wp-content\/uploads\/sites\/11\/2013\/04\/msoF811D.jpg?fit=612%2C490&ssl=1&resize=350%2C200","width":350,"height":200,"srcset":"https:\/\/i0.wp.com\/vincentians.com\/es\/wp-content\/uploads\/sites\/11\/2013\/04\/msoF811D.jpg?fit=612%2C490&ssl=1&resize=350%2C200 1x, https:\/\/i0.wp.com\/vincentians.com\/es\/wp-content\/uploads\/sites\/11\/2013\/04\/msoF811D.jpg?fit=612%2C490&ssl=1&resize=525%2C300 1.5x"},"classes":[]},{"id":58484,"url":"https:\/\/vincentians.com\/es\/noticias-de-j-m-v-en-el-mundo\/","url_meta":{"origin":29225,"position":4},"title":"Noticias de J.M.V. en el mundo","author":"Francisco Javier Fern\u00e1ndez Chento","date":"05\/01\/2012","format":false,"excerpt":"Am\u00e9rica Brasil: Con la aprobaci\u00f3n de sus Estatutos Nacionales y con el fin de unificar la nomenclatura con los dem\u00e1s pa\u00edses lus\u00f3fonos, la Asociaci\u00f3n pasa a llamarse Juventude \"Mariana\" Vicentina y no \"Marial\". En\u00a0 noviembre, los miembros laicos del\u00a0 Consejo Nacional (Clarissa y Bruno) participaron en las Asambleas Provinciales de\u2026","rel":"","context":"En \u00abJuventudes Marianas Vicencianas\u00bb","block_context":{"text":"Juventudes Marianas Vicencianas","link":"https:\/\/vincentians.com\/es\/category\/la-familia-vicenciana\/ramas\/juventudes-marianas-vicencianas\/"},"img":{"alt_text":"","src":"https:\/\/i0.wp.com\/vicencianos.org\/wp-content\/2012\/01\/grupo_jmv-300x257.jpg?resize=350%2C200","width":350,"height":200},"classes":[]},{"id":142750,"url":"https:\/\/vincentians.com\/es\/sor-aurora-bernardo-una-hija-de-la-caridad-en-salida-permanente\/","url_meta":{"origin":29225,"position":5},"title":"Sor Aurora Bernardo, una Hija de la Caridad en \u00absalida\u00bb permanente","author":"Francisco Javier Fern\u00e1ndez Chento","date":"31\/03\/2015","format":false,"excerpt":"1. Retrato robot Se va, pero se queda; ha emprendido un largo viaje, pero sigue acompa\u00f1\u00e1ndonos en nuestra marcha diaria; nos ha dicho adi\u00f3s el 24 de Febrero de 2015, serena, tranquila, hasta sonriente, pero, con su mirada puesta en lo alto, y su dedo \u00edndice se\u00f1alando nuevos horizontes, nos\u2026","rel":"","context":"En \u00abTestigos vicencianos\u00bb","block_context":{"text":"Testigos vicencianos","link":"https:\/\/vincentians.com\/es\/category\/la-familia-vicenciana\/testigos-vicencianos\/"},"img":{"alt_text":"aurora02","src":"https:\/\/i0.wp.com\/vicencianos.org\/wp-content\/2015\/03\/aurora02-200x300.jpg?resize=350%2C200","width":350,"height":200},"classes":[]}],"_links":{"self":[{"href":"https:\/\/vincentians.com\/es\/wp-json\/wp\/v2\/posts\/29225","targetHints":{"allow":["GET"]}}],"collection":[{"href":"https:\/\/vincentians.com\/es\/wp-json\/wp\/v2\/posts"}],"about":[{"href":"https:\/\/vincentians.com\/es\/wp-json\/wp\/v2\/types\/post"}],"author":[{"embeddable":true,"href":"https:\/\/vincentians.com\/es\/wp-json\/wp\/v2\/users\/4"}],"replies":[{"embeddable":true,"href":"https:\/\/vincentians.com\/es\/wp-json\/wp\/v2\/comments?post=29225"}],"version-history":[{"count":0,"href":"https:\/\/vincentians.com\/es\/wp-json\/wp\/v2\/posts\/29225\/revisions"}],"wp:featuredmedia":[{"embeddable":true,"href":"https:\/\/vincentians.com\/es\/wp-json\/"}],"wp:attachment":[{"href":"https:\/\/vincentians.com\/es\/wp-json\/wp\/v2\/media?parent=29225"}],"wp:term":[{"taxonomy":"category","embeddable":true,"href":"https:\/\/vincentians.com\/es\/wp-json\/wp\/v2\/categories?post=29225"},{"taxonomy":"post_tag","embeddable":true,"href":"https:\/\/vincentians.com\/es\/wp-json\/wp\/v2\/tags?post=29225"}],"curies":[{"name":"wp","href":"https:\/\/api.w.org\/{rel}","templated":true}]}}