{"id":29030,"date":"2024-02-07T09:05:05","date_gmt":"2024-02-07T08:05:05","guid":{"rendered":"http:\/\/somos.vicencianos.org\/blog\/29030\/sor-rosalia-rendu-el-fuego-de-la-caridad\/"},"modified":"2024-02-07T09:04:51","modified_gmt":"2024-02-07T08:04:51","slug":"sor-rosalia-rendu-el-fuego-de-la-caridad","status":"publish","type":"post","link":"https:\/\/vincentians.com\/es\/sor-rosalia-rendu-el-fuego-de-la-caridad\/","title":{"rendered":"Sor Rosal\u00eda Rendu, el fuego de la caridad"},"content":{"rendered":"<p>Las Hijas de la Caridad de San Vicente de Pa\u00fal, fundadas en 1633 en Par\u00eds, gozamos de un gran privilegio al tener en los altares a nuestros fundadores San Vicente de Pa\u00fal, canonizado por el Papa Clemente XIII en 1737, Santa Luisa de Marillac, canonizada por P\u00edo XI en 1920, y Santa Catalina Labour\u00e9, la vidente de la Virgen de la Medalla Milagrosa, canonizada por el Papa P\u00edo XII en 1947.<\/p>\n<p>Adem\u00e1s han sido beatificadas las cuatro Hijas de la Caridad m\u00e1rtires de la revoluci\u00f3n francesa en Arras: Mar\u00eda Magdalena Fontaine, Mar\u00eda Francisca Panel, Teresa Magdalena Fantou y Juana Gerard, por el Papa Benedicto XV. El Papa Juan Pablo II beatific\u00f3 en 1984 a dos Hijas de la Caridad, m\u00e1rtires de Angers: Sor Ana Mar\u00eda Vaillot y Sor Odile Baumgarten.<\/p>\n<p>Ahora, el 9 de noviembre del presente a\u00f1o, en la Plaza de San Pedro, Su Santidad beatific\u00f3 a Sor Rosal\u00eda Rendu (Jeanne Marie).<\/p>\n<p>Jeanne Marie Rendu naci\u00f3 en la localidad de Confort (departamento de Ain), Francia, el 9 de septiembre de 1786. El mismo d\u00eda es bautizada en la iglesia parroquial de Lancrans.<\/p>\n<p>Sus padres eran Juan Antonio Rendu y Mar\u00eda Ana Laracine. A los pocos a\u00f1os muere su padre, y los tres hijos quedan bajo el cuidado de la madre. Era la \u00e9poca de la Revoluci\u00f3n, tiempos dif\u00edciles. Recibi\u00f3 la primera comuni\u00f3n de forma clandestina. Hizo sus estudios en el pensionado de las Ursulinas en Gax, a varios kil\u00f3metros de Confort. Ten\u00eda s\u00f3lo 16 a\u00f1os cuando se entreg\u00f3 a Dios y a los pobres, ingresando en la Compa\u00f1\u00eda de las Hijas de la Caridad el 25 de mayo de 1802.<\/p>\n<p>Durante toda su larga vida pudieron verse reflejadas en ella las virtudes de San Vicente de Pa\u00fal. La caridad la impuls\u00f3 no s\u00f3lo a socorrer sin descanso todas las miserias, sino tambi\u00e9n a llevar a cabo gestos verdaderamente heroicos. Su nombre y su acci\u00f3n se encuentran en el inicio de todas las obras caritativas que florecieron en la primera mitad del siglo XIX, como la Sociedad de San Vicente de Pa\u00fal.<\/p>\n<p>Federico Ozanam, fundador de la Sociedad, fue uno de sus amigos privilegiados. Sor Rosal\u00eda conoci\u00f3 muy bien el esp\u00edritu, la generosidad y el amor de Ozanam a los pobres. Ella tuvo la dicha de ver reunirse varias veces, en su casa de la calle L\u2019Ep\u00e9e de Bois, a los primeros hermanos de San Vicente de Pa\u00fal, y de sentir c\u00f3mo se avivaba y propagaba el fuego de la caridad. Los j\u00f3venes ven\u00edan en grupo o individualmente a su casa a buscar consejos, orientaciones, para luego ser mensajeros de la caridad. A trav\u00e9s de su experiencia orient\u00f3 el apostolado de este grupo, fue su consejera y logr\u00f3 que se expandiera por todas partes. Las virtudes que durante su vida practic\u00f3 Sor Rosal\u00eda fueron: la fe, la esperanza, la caridad, la fortaleza, la justicia, la pobreza, la castidad y la obediencia.<\/p>\n<p>Muri\u00f3, literalmente agotada por los 54 a\u00f1os pasados al servicio de los pobres, el 7 de febrero de 1856. Su tumba, en el cementerio Montparnasse, de Par\u00eds, continuamente visitada, est\u00e1 siempre adornada de flores. Hay una inscripci\u00f3n que dice: \u00abA la bondadosa madre Sor Rosal\u00eda: sus agradecidos amigos los pobres y los ricos\u00bb.<\/p>\n<p>Este sentimiento de gratitud obedece al amor que manifestaba a los pobres, ayud\u00e1ndoles en sus apremiantes necesidades. Pero tambi\u00e9n supo atraer a los ricos, moviendo sus corazones y recursos para mitigar los sufrimientos de los pobres, transmiti\u00e9ndoles la m\u00edstica vicenciana: \u00abCristo est\u00e1 presente en el pobre\u00bb. En el barrio en que vivi\u00f3, al que tanto am\u00f3 y ayud\u00f3, una avenida lleva su nombre.<\/p>\n<h3>Causa de beatificaci\u00f3n<\/h3>\n<p>El 7 de noviembre, la Consulta de M\u00e9dicos de la Congregaci\u00f3n para las Causas de los Santos dio el \u00abparecer favorable\u00bb sobre una curaci\u00f3n obtenida por la intercesi\u00f3n de Sor Rosal\u00eda, por ser extremamente r\u00e1pida, completa, duradera y cient\u00edficamente inexplicable. Los pasos siguientes ser\u00e1n la aprobaci\u00f3n del examen de los Te\u00f3logos, de los Cardenales, y el parecer decisivo del Santo Padre.<\/p>\n<p>El 12 de abril de 2003 fue le\u00eddo el decreto de aprobaci\u00f3n del milagro obtenido por intercesi\u00f3n de Sor Rosal\u00eda Rendu, en presencia del Santo Padre; del P. Robert P. Maloney, Superior General; de Sor Juana Elizondo, Superiora General, y del P. Roberto D\u2019Amico, Postulador de las Causas de los Santos para la Familia Vicenciana.<\/p>\n<p>La persona curada milagrosamente por intercesi\u00f3n de Sor Rosal\u00eda es Sor Teresa B\u00e9quet (nacida en 1910, en Perros-Guirec, Bretagne, Francia). En 1942 comenz\u00f3 a tener dolores en las articulaciones, que llegaron a dejarla inv\u00e1lida. Perdi\u00f3 tambi\u00e9n la visi\u00f3n de uno de los ojos. Los m\u00e9dicos, sin poder formular un diagn\u00f3stico preciso, afirmaron que era una enfermedad neurol\u00f3gica progresiva de car\u00e1cter grave, con problemas motores y de sensibilidad, etc. La terapia utilizada en aquella \u00e9poca no era efectiva ni adecuada para obtener la curaci\u00f3n.<\/p>\n<p>El 1\u00ba de febrero de 1952, cuando toda la comunidad invocaba la intercesi\u00f3n de la Sierva de Dios, Sor B\u00e9quet obtuvo la curaci\u00f3n repentina: todos los signos patol\u00f3gicos desaparecieron inmediatamente.<\/p>\n<p>\u00c9stas fueron las palabras del Papa en la homil\u00eda de la misa de beatificaci\u00f3n de Sor Rosal\u00eda:<\/p>\n<p>\u00abEn una \u00e9poca atormentada por conflictos sociales, Rosalie Rendu se hizo con alegr\u00eda sierva de los m\u00e1s pobres para restituir a cada uno su dignidad, a trav\u00e9s de la ayuda material, de la educaci\u00f3n y de la ense\u00f1anza del misterio cristiano, moviendo a Fr\u00e9d\u00e9ric Ozanam a ponerse al servicio de los pobres. Su caridad era creativa. \u00bfDe d\u00f3nde sacaba la fuerza para hacer todo lo que hizo? En su intensa vida de oraci\u00f3n y en el rezo incesante del rosario, que no abandonaba nunca. Su secreto era sencillo: como aut\u00e9ntica hija de Vicente de Pa\u00fal, al igual que otra hermana de su \u00e9poca, santa Catalina Labour\u00e9, vio en todo hombre el rostro de Cristo. \u00a1Demos gracias a Dios por el testimonio de caridad que la familia vicentina no deja de ofrecer al mundo!\u00bb<\/p>\n<p>Damos gracias a Dios por el buen ejemplo y heroicidad de nuestras Hermanas, que a trav\u00e9s de una vida humilde y sencilla, llegaron a la santidad. Nosotras, Hijas de la Caridad de las dos comunidades de Miami \u2013Misi\u00f3n San Vicente de Pa\u00fal, y Ermita de la Caridad\u2013, nos unimos a toda la Compa\u00f1\u00eda representada en los cinco continentes en este acontecimiento ecclesial:<\/p>\n<p>Sor Rosal\u00eda, te pedimos intercedas para que el carisma vicenciano contin\u00fae presente en la Iglesia, con nuevas y entusiastas vocaciones entregadas totalmente a Dios para el servicio de Cristo en los pobres.<\/p>\n","protected":false},"excerpt":{"rendered":"<p>Las Hijas de la Caridad de San Vicente de Pa\u00fal, fundadas en 1633 en Par\u00eds, gozamos de un gran privilegio al tener en los altares a nuestros fundadores San Vicente de Pa\u00fal, canonizado por el &#8230; <a href=\"https:\/\/vincentians.com\/es\/sor-rosalia-rendu-el-fuego-de-la-caridad\/\" class=\"more-link\">Read More<\/a><\/p>\n","protected":false},"author":4,"featured_media":404048,"comment_status":"open","ping_status":"open","sticky":false,"template":"","format":"standard","meta":{"jetpack_post_was_ever_published":false,"_jetpack_newsletter_access":"","_jetpack_dont_email_post_to_subs":false,"_jetpack_newsletter_tier_id":0,"_jetpack_memberships_contains_paywalled_content":false,"_jetpack_memberships_contains_paid_content":false,"footnotes":"","jetpack_publicize_message":"","jetpack_publicize_feature_enabled":true,"jetpack_social_post_already_shared":true,"jetpack_social_options":{"image_generator_settings":{"template":"highway","default_image_id":0,"font":"","enabled":false},"version":2}},"categories":[245],"tags":[161,172],"class_list":["post-29030","post","type-post","status-publish","format-standard","has-post-thumbnail","hentry","category-rosalia-rendu","tag-etienne","tag-pobreza"],"yoast_head":"<!-- This site is optimized with the Yoast SEO plugin v26.3 - https:\/\/yoast.com\/wordpress\/plugins\/seo\/ -->\n<title>Sor Rosal\u00eda Rendu, el fuego de la caridad - Somos Vicencianos<\/title>\n<meta name=\"robots\" content=\"index, follow, max-snippet:-1, max-image-preview:large, max-video-preview:-1\" \/>\n<link rel=\"canonical\" href=\"https:\/\/vincentians.com\/es\/sor-rosalia-rendu-el-fuego-de-la-caridad\/\" \/>\n<meta property=\"og:locale\" content=\"es_ES\" \/>\n<meta property=\"og:type\" content=\"article\" \/>\n<meta property=\"og:title\" content=\"Sor Rosal\u00eda Rendu, el fuego de la caridad - Somos Vicencianos\" \/>\n<meta property=\"og:description\" content=\"Las Hijas de la Caridad de San Vicente de Pa\u00fal, fundadas en 1633 en Par\u00eds, gozamos de un gran privilegio al tener en los altares a nuestros fundadores San Vicente de Pa\u00fal, canonizado por el ... Read More\" \/>\n<meta property=\"og:url\" content=\"https:\/\/vincentians.com\/es\/sor-rosalia-rendu-el-fuego-de-la-caridad\/\" \/>\n<meta property=\"og:site_name\" content=\"Somos Vicencianos\" \/>\n<meta property=\"article:publisher\" content=\"https:\/\/www.facebook.com\/WeAreVincentians\/\" \/>\n<meta property=\"article:author\" content=\"https:\/\/www.facebook.com\/JavierChento\" \/>\n<meta property=\"article:published_time\" content=\"2024-02-07T08:05:05+00:00\" \/>\n<meta property=\"og:image\" content=\"https:\/\/i0.wp.com\/vincentians.com\/es\/wp-content\/uploads\/sites\/11\/2013\/04\/36.jpg?fit=2432%2C1612&ssl=1\" \/>\n\t<meta property=\"og:image:width\" content=\"2432\" \/>\n\t<meta property=\"og:image:height\" content=\"1612\" \/>\n\t<meta property=\"og:image:type\" content=\"image\/jpeg\" \/>\n<meta name=\"author\" content=\"Francisco Javier Fern\u00e1ndez Chento\" \/>\n<meta name=\"twitter:card\" content=\"summary_large_image\" \/>\n<meta name=\"twitter:creator\" content=\"@https:\/\/twitter.com\/javierchento\" \/>\n<meta name=\"twitter:site\" content=\"@WeVincentians\" \/>\n<meta name=\"twitter:label1\" content=\"Escrito por\" \/>\n\t<meta name=\"twitter:data1\" content=\"Francisco Javier Fern\u00e1ndez Chento\" \/>\n\t<meta name=\"twitter:label2\" content=\"Tiempo de lectura\" \/>\n\t<meta name=\"twitter:data2\" content=\"5 minutos\" \/>\n<script type=\"application\/ld+json\" class=\"yoast-schema-graph\">{\"@context\":\"https:\/\/schema.org\",\"@graph\":[{\"@type\":\"Article\",\"@id\":\"https:\/\/vincentians.com\/es\/sor-rosalia-rendu-el-fuego-de-la-caridad\/#article\",\"isPartOf\":{\"@id\":\"https:\/\/vincentians.com\/es\/sor-rosalia-rendu-el-fuego-de-la-caridad\/\"},\"author\":{\"name\":\"Francisco Javier Fern\u00e1ndez Chento\",\"@id\":\"http:\/\/vincentians.com\/es\/#\/schema\/person\/9623ef4d9aa3b2dfb8c061f1499288f2\"},\"headline\":\"Sor Rosal\u00eda Rendu, el fuego de la caridad\",\"datePublished\":\"2024-02-07T08:05:05+00:00\",\"mainEntityOfPage\":{\"@id\":\"https:\/\/vincentians.com\/es\/sor-rosalia-rendu-el-fuego-de-la-caridad\/\"},\"wordCount\":1160,\"commentCount\":0,\"publisher\":{\"@id\":\"http:\/\/vincentians.com\/es\/#organization\"},\"image\":{\"@id\":\"https:\/\/vincentians.com\/es\/sor-rosalia-rendu-el-fuego-de-la-caridad\/#primaryimage\"},\"thumbnailUrl\":\"https:\/\/i0.wp.com\/vincentians.com\/es\/wp-content\/uploads\/sites\/11\/2013\/04\/36.jpg?fit=2432%2C1612&ssl=1\",\"keywords\":[\"Etienne\",\"Pobreza\"],\"articleSection\":[\"Rosal\u00eda Rendu\"],\"inLanguage\":\"es\",\"potentialAction\":[{\"@type\":\"CommentAction\",\"name\":\"Comment\",\"target\":[\"https:\/\/vincentians.com\/es\/sor-rosalia-rendu-el-fuego-de-la-caridad\/#respond\"]}]},{\"@type\":\"WebPage\",\"@id\":\"https:\/\/vincentians.com\/es\/sor-rosalia-rendu-el-fuego-de-la-caridad\/\",\"url\":\"https:\/\/vincentians.com\/es\/sor-rosalia-rendu-el-fuego-de-la-caridad\/\",\"name\":\"Sor Rosal\u00eda Rendu, el fuego de la caridad - Somos Vicencianos\",\"isPartOf\":{\"@id\":\"http:\/\/vincentians.com\/es\/#website\"},\"primaryImageOfPage\":{\"@id\":\"https:\/\/vincentians.com\/es\/sor-rosalia-rendu-el-fuego-de-la-caridad\/#primaryimage\"},\"image\":{\"@id\":\"https:\/\/vincentians.com\/es\/sor-rosalia-rendu-el-fuego-de-la-caridad\/#primaryimage\"},\"thumbnailUrl\":\"https:\/\/i0.wp.com\/vincentians.com\/es\/wp-content\/uploads\/sites\/11\/2013\/04\/36.jpg?fit=2432%2C1612&ssl=1\",\"datePublished\":\"2024-02-07T08:05:05+00:00\",\"breadcrumb\":{\"@id\":\"https:\/\/vincentians.com\/es\/sor-rosalia-rendu-el-fuego-de-la-caridad\/#breadcrumb\"},\"inLanguage\":\"es\",\"potentialAction\":[{\"@type\":\"ReadAction\",\"target\":[\"https:\/\/vincentians.com\/es\/sor-rosalia-rendu-el-fuego-de-la-caridad\/\"]}]},{\"@type\":\"ImageObject\",\"inLanguage\":\"es\",\"@id\":\"https:\/\/vincentians.com\/es\/sor-rosalia-rendu-el-fuego-de-la-caridad\/#primaryimage\",\"url\":\"https:\/\/i0.wp.com\/vincentians.com\/es\/wp-content\/uploads\/sites\/11\/2013\/04\/36.jpg?fit=2432%2C1612&ssl=1\",\"contentUrl\":\"https:\/\/i0.wp.com\/vincentians.com\/es\/wp-content\/uploads\/sites\/11\/2013\/04\/36.jpg?fit=2432%2C1612&ssl=1\",\"width\":2432,\"height\":1612},{\"@type\":\"BreadcrumbList\",\"@id\":\"https:\/\/vincentians.com\/es\/sor-rosalia-rendu-el-fuego-de-la-caridad\/#breadcrumb\",\"itemListElement\":[{\"@type\":\"ListItem\",\"position\":1,\"name\":\"Portada\",\"item\":\"http:\/\/vincentians.com\/es\/\"},{\"@type\":\"ListItem\",\"position\":2,\"name\":\"Sor Rosal\u00eda Rendu, el fuego de la caridad\"}]},{\"@type\":\"WebSite\",\"@id\":\"http:\/\/vincentians.com\/es\/#website\",\"url\":\"http:\/\/vincentians.com\/es\/\",\"name\":\"Somos Vicencianos\",\"description\":\"Know more to serve more\",\"publisher\":{\"@id\":\"http:\/\/vincentians.com\/es\/#organization\"},\"potentialAction\":[{\"@type\":\"SearchAction\",\"target\":{\"@type\":\"EntryPoint\",\"urlTemplate\":\"http:\/\/vincentians.com\/es\/?s={search_term_string}\"},\"query-input\":{\"@type\":\"PropertyValueSpecification\",\"valueRequired\":true,\"valueName\":\"search_term_string\"}}],\"inLanguage\":\"es\"},{\"@type\":\"Organization\",\"@id\":\"http:\/\/vincentians.com\/es\/#organization\",\"name\":\"The Vincentian Network\",\"url\":\"http:\/\/vincentians.com\/es\/\",\"logo\":{\"@type\":\"ImageObject\",\"inLanguage\":\"es\",\"@id\":\"http:\/\/vincentians.com\/es\/#\/schema\/logo\/image\/\",\"url\":\"https:\/\/i1.wp.com\/vincentians.com\/es\/wp-content\/uploads\/sites\/11\/2016\/06\/Vincentian-Network-logo-big.png?fit=778%2C778\",\"contentUrl\":\"https:\/\/i1.wp.com\/vincentians.com\/es\/wp-content\/uploads\/sites\/11\/2016\/06\/Vincentian-Network-logo-big.png?fit=778%2C778\",\"width\":778,\"height\":778,\"caption\":\"The Vincentian Network\"},\"image\":{\"@id\":\"http:\/\/vincentians.com\/es\/#\/schema\/logo\/image\/\"},\"sameAs\":[\"https:\/\/www.facebook.com\/WeAreVincentians\/\",\"https:\/\/x.com\/WeVincentians\"]},{\"@type\":\"Person\",\"@id\":\"http:\/\/vincentians.com\/es\/#\/schema\/person\/9623ef4d9aa3b2dfb8c061f1499288f2\",\"name\":\"Francisco Javier Fern\u00e1ndez Chento\",\"image\":{\"@type\":\"ImageObject\",\"inLanguage\":\"es\",\"@id\":\"http:\/\/vincentians.com\/es\/#\/schema\/person\/image\/\",\"url\":\"https:\/\/secure.gravatar.com\/avatar\/497d5cde87b4c3d097d0315953521681ba2cd523ee66e5077c3711f7021e65de?s=96&d=mm&r=g\",\"contentUrl\":\"https:\/\/secure.gravatar.com\/avatar\/497d5cde87b4c3d097d0315953521681ba2cd523ee66e5077c3711f7021e65de?s=96&d=mm&r=g\",\"caption\":\"Francisco Javier Fern\u00e1ndez Chento\"},\"description\":\"Director General y cofundador de La Red de Formaci\u00f3n Vicenciana. Javier es laico vicenciano, afiliado a la Congregaci\u00f3n de la Misi\u00f3n y miembro del Equipo de Misiones Populares de la provincia can\u00f3nica de Zaragoza (Espa\u00f1a) de la Congregaci\u00f3n de la Misi\u00f3n. Graduado en la Universidad Oberta de Catalunya con cuatro grados (Asistente de direcci\u00f3n, Gesti\u00f3n Administrativa, Recursos Humanos y Contabilidad Avanzada). Bil\u00edng\u00fce Espa\u00f1ol\/Ingl\u00e9s. gestiona y mantiene varias p\u00e1ginas web cristianas y vicencianas, incluida including La Red de Formaci\u00f3n Vicenciana, de la que es cofundador. Actualmente es responsable del \u00e1rea de Espa\u00f1ol de .famvin, la Red de Noticias de la Familia Vicenciana. Tambi\u00e9n es m\u00fasico cat\u00f3lico y ha editado varios discos. Es Director General y cofundador de Trovador, una reconocida compa\u00f1\u00eda discogr\u00e1fica critiana de Espa\u00f1a. Trabaja en las Tecnolog\u00edas de la Informaci\u00f3n, ofreciendo servicios de alojamiento, dise\u00f1o y mantenimiento Web, as\u00ed como asesoramiento, formaci\u00f3n y soluciones inform\u00e1ticas, gesti\u00f3n documental y digitalizaci\u00f3n de textos, edici\u00f3n y maquetaci\u00f3n de libros, revistas, flyers, etc.\",\"sameAs\":[\"http:\/\/chento.org\",\"https:\/\/www.facebook.com\/JavierChento\",\"https:\/\/x.com\/https:\/\/twitter.com\/javierchento\"],\"url\":\"https:\/\/vincentians.com\/es\/author\/chento\/\"}]}<\/script>\n<!-- \/ Yoast SEO plugin. -->","yoast_head_json":{"title":"Sor Rosal\u00eda Rendu, el fuego de la caridad - Somos Vicencianos","robots":{"index":"index","follow":"follow","max-snippet":"max-snippet:-1","max-image-preview":"max-image-preview:large","max-video-preview":"max-video-preview:-1"},"canonical":"https:\/\/vincentians.com\/es\/sor-rosalia-rendu-el-fuego-de-la-caridad\/","og_locale":"es_ES","og_type":"article","og_title":"Sor Rosal\u00eda Rendu, el fuego de la caridad - Somos Vicencianos","og_description":"Las Hijas de la Caridad de San Vicente de Pa\u00fal, fundadas en 1633 en Par\u00eds, gozamos de un gran privilegio al tener en los altares a nuestros fundadores San Vicente de Pa\u00fal, canonizado por el ... Read More","og_url":"https:\/\/vincentians.com\/es\/sor-rosalia-rendu-el-fuego-de-la-caridad\/","og_site_name":"Somos Vicencianos","article_publisher":"https:\/\/www.facebook.com\/WeAreVincentians\/","article_author":"https:\/\/www.facebook.com\/JavierChento","article_published_time":"2024-02-07T08:05:05+00:00","og_image":[{"width":2432,"height":1612,"url":"https:\/\/i0.wp.com\/vincentians.com\/es\/wp-content\/uploads\/sites\/11\/2013\/04\/36.jpg?fit=2432%2C1612&ssl=1","type":"image\/jpeg"}],"author":"Francisco Javier Fern\u00e1ndez Chento","twitter_card":"summary_large_image","twitter_creator":"@https:\/\/twitter.com\/javierchento","twitter_site":"@WeVincentians","twitter_misc":{"Escrito por":"Francisco Javier Fern\u00e1ndez Chento","Tiempo de lectura":"5 minutos"},"schema":{"@context":"https:\/\/schema.org","@graph":[{"@type":"Article","@id":"https:\/\/vincentians.com\/es\/sor-rosalia-rendu-el-fuego-de-la-caridad\/#article","isPartOf":{"@id":"https:\/\/vincentians.com\/es\/sor-rosalia-rendu-el-fuego-de-la-caridad\/"},"author":{"name":"Francisco Javier Fern\u00e1ndez Chento","@id":"http:\/\/vincentians.com\/es\/#\/schema\/person\/9623ef4d9aa3b2dfb8c061f1499288f2"},"headline":"Sor Rosal\u00eda Rendu, el fuego de la caridad","datePublished":"2024-02-07T08:05:05+00:00","mainEntityOfPage":{"@id":"https:\/\/vincentians.com\/es\/sor-rosalia-rendu-el-fuego-de-la-caridad\/"},"wordCount":1160,"commentCount":0,"publisher":{"@id":"http:\/\/vincentians.com\/es\/#organization"},"image":{"@id":"https:\/\/vincentians.com\/es\/sor-rosalia-rendu-el-fuego-de-la-caridad\/#primaryimage"},"thumbnailUrl":"https:\/\/i0.wp.com\/vincentians.com\/es\/wp-content\/uploads\/sites\/11\/2013\/04\/36.jpg?fit=2432%2C1612&ssl=1","keywords":["Etienne","Pobreza"],"articleSection":["Rosal\u00eda Rendu"],"inLanguage":"es","potentialAction":[{"@type":"CommentAction","name":"Comment","target":["https:\/\/vincentians.com\/es\/sor-rosalia-rendu-el-fuego-de-la-caridad\/#respond"]}]},{"@type":"WebPage","@id":"https:\/\/vincentians.com\/es\/sor-rosalia-rendu-el-fuego-de-la-caridad\/","url":"https:\/\/vincentians.com\/es\/sor-rosalia-rendu-el-fuego-de-la-caridad\/","name":"Sor Rosal\u00eda Rendu, el fuego de la caridad - Somos Vicencianos","isPartOf":{"@id":"http:\/\/vincentians.com\/es\/#website"},"primaryImageOfPage":{"@id":"https:\/\/vincentians.com\/es\/sor-rosalia-rendu-el-fuego-de-la-caridad\/#primaryimage"},"image":{"@id":"https:\/\/vincentians.com\/es\/sor-rosalia-rendu-el-fuego-de-la-caridad\/#primaryimage"},"thumbnailUrl":"https:\/\/i0.wp.com\/vincentians.com\/es\/wp-content\/uploads\/sites\/11\/2013\/04\/36.jpg?fit=2432%2C1612&ssl=1","datePublished":"2024-02-07T08:05:05+00:00","breadcrumb":{"@id":"https:\/\/vincentians.com\/es\/sor-rosalia-rendu-el-fuego-de-la-caridad\/#breadcrumb"},"inLanguage":"es","potentialAction":[{"@type":"ReadAction","target":["https:\/\/vincentians.com\/es\/sor-rosalia-rendu-el-fuego-de-la-caridad\/"]}]},{"@type":"ImageObject","inLanguage":"es","@id":"https:\/\/vincentians.com\/es\/sor-rosalia-rendu-el-fuego-de-la-caridad\/#primaryimage","url":"https:\/\/i0.wp.com\/vincentians.com\/es\/wp-content\/uploads\/sites\/11\/2013\/04\/36.jpg?fit=2432%2C1612&ssl=1","contentUrl":"https:\/\/i0.wp.com\/vincentians.com\/es\/wp-content\/uploads\/sites\/11\/2013\/04\/36.jpg?fit=2432%2C1612&ssl=1","width":2432,"height":1612},{"@type":"BreadcrumbList","@id":"https:\/\/vincentians.com\/es\/sor-rosalia-rendu-el-fuego-de-la-caridad\/#breadcrumb","itemListElement":[{"@type":"ListItem","position":1,"name":"Portada","item":"http:\/\/vincentians.com\/es\/"},{"@type":"ListItem","position":2,"name":"Sor Rosal\u00eda Rendu, el fuego de la caridad"}]},{"@type":"WebSite","@id":"http:\/\/vincentians.com\/es\/#website","url":"http:\/\/vincentians.com\/es\/","name":"Somos Vicencianos","description":"Know more to serve more","publisher":{"@id":"http:\/\/vincentians.com\/es\/#organization"},"potentialAction":[{"@type":"SearchAction","target":{"@type":"EntryPoint","urlTemplate":"http:\/\/vincentians.com\/es\/?s={search_term_string}"},"query-input":{"@type":"PropertyValueSpecification","valueRequired":true,"valueName":"search_term_string"}}],"inLanguage":"es"},{"@type":"Organization","@id":"http:\/\/vincentians.com\/es\/#organization","name":"The Vincentian Network","url":"http:\/\/vincentians.com\/es\/","logo":{"@type":"ImageObject","inLanguage":"es","@id":"http:\/\/vincentians.com\/es\/#\/schema\/logo\/image\/","url":"https:\/\/i1.wp.com\/vincentians.com\/es\/wp-content\/uploads\/sites\/11\/2016\/06\/Vincentian-Network-logo-big.png?fit=778%2C778","contentUrl":"https:\/\/i1.wp.com\/vincentians.com\/es\/wp-content\/uploads\/sites\/11\/2016\/06\/Vincentian-Network-logo-big.png?fit=778%2C778","width":778,"height":778,"caption":"The Vincentian Network"},"image":{"@id":"http:\/\/vincentians.com\/es\/#\/schema\/logo\/image\/"},"sameAs":["https:\/\/www.facebook.com\/WeAreVincentians\/","https:\/\/x.com\/WeVincentians"]},{"@type":"Person","@id":"http:\/\/vincentians.com\/es\/#\/schema\/person\/9623ef4d9aa3b2dfb8c061f1499288f2","name":"Francisco Javier Fern\u00e1ndez Chento","image":{"@type":"ImageObject","inLanguage":"es","@id":"http:\/\/vincentians.com\/es\/#\/schema\/person\/image\/","url":"https:\/\/secure.gravatar.com\/avatar\/497d5cde87b4c3d097d0315953521681ba2cd523ee66e5077c3711f7021e65de?s=96&d=mm&r=g","contentUrl":"https:\/\/secure.gravatar.com\/avatar\/497d5cde87b4c3d097d0315953521681ba2cd523ee66e5077c3711f7021e65de?s=96&d=mm&r=g","caption":"Francisco Javier Fern\u00e1ndez Chento"},"description":"Director General y cofundador de La Red de Formaci\u00f3n Vicenciana. Javier es laico vicenciano, afiliado a la Congregaci\u00f3n de la Misi\u00f3n y miembro del Equipo de Misiones Populares de la provincia can\u00f3nica de Zaragoza (Espa\u00f1a) de la Congregaci\u00f3n de la Misi\u00f3n. Graduado en la Universidad Oberta de Catalunya con cuatro grados (Asistente de direcci\u00f3n, Gesti\u00f3n Administrativa, Recursos Humanos y Contabilidad Avanzada). Bil\u00edng\u00fce Espa\u00f1ol\/Ingl\u00e9s. gestiona y mantiene varias p\u00e1ginas web cristianas y vicencianas, incluida including La Red de Formaci\u00f3n Vicenciana, de la que es cofundador. Actualmente es responsable del \u00e1rea de Espa\u00f1ol de .famvin, la Red de Noticias de la Familia Vicenciana. Tambi\u00e9n es m\u00fasico cat\u00f3lico y ha editado varios discos. Es Director General y cofundador de Trovador, una reconocida compa\u00f1\u00eda discogr\u00e1fica critiana de Espa\u00f1a. Trabaja en las Tecnolog\u00edas de la Informaci\u00f3n, ofreciendo servicios de alojamiento, dise\u00f1o y mantenimiento Web, as\u00ed como asesoramiento, formaci\u00f3n y soluciones inform\u00e1ticas, gesti\u00f3n documental y digitalizaci\u00f3n de textos, edici\u00f3n y maquetaci\u00f3n de libros, revistas, flyers, etc.","sameAs":["http:\/\/chento.org","https:\/\/www.facebook.com\/JavierChento","https:\/\/x.com\/https:\/\/twitter.com\/javierchento"],"url":"https:\/\/vincentians.com\/es\/author\/chento\/"}]}},"jetpack_publicize_connections":[],"jetpack_featured_media_url":"https:\/\/i0.wp.com\/vincentians.com\/es\/wp-content\/uploads\/sites\/11\/2013\/04\/36.jpg?fit=2432%2C1612&ssl=1","jetpack_sharing_enabled":true,"jetpack_shortlink":"https:\/\/wp.me\/p7ETMF-7ye","jetpack-related-posts":[{"id":143683,"url":"https:\/\/vincentians.com\/es\/federico-ozanam-y-sor-rosalia-rendu-un-encuentro-providencial\/","url_meta":{"origin":29030,"position":0},"title":"Federico Ozanam y Sor Rosal\u00eda Rendu, un encuentro providencial","author":"Francisco Javier Fern\u00e1ndez Chento","date":"09\/09\/2024","format":false,"excerpt":"En su carta enc\u00edclica Deus Caritas est, el Papa Benedicto XVI afirma: \u201cse comienza a ser cristiano\u2026 por el encuentro con un acontecimiento, con una Persona, que da un nuevo horizonte a la vida y, con ello, una orientaci\u00f3n decisiva.\u201d El Santo Padre habla aqu\u00ed del encuentro con el Verbo\u2026","rel":"","context":"En \u00abFederico Ozanam\u00bb","block_context":{"text":"Federico Ozanam","link":"https:\/\/vincentians.com\/es\/category\/la-familia-vicenciana\/fundadores\/federico-ozanam\/"},"img":{"alt_text":"","src":"https:\/\/i0.wp.com\/vincentians.com\/es\/wp-content\/uploads\/sites\/11\/2017\/10\/hijas-caridad1.jpg?fit=846%2C446&ssl=1&resize=350%2C200","width":350,"height":200,"srcset":"https:\/\/i0.wp.com\/vincentians.com\/es\/wp-content\/uploads\/sites\/11\/2017\/10\/hijas-caridad1.jpg?fit=846%2C446&ssl=1&resize=350%2C200 1x, https:\/\/i0.wp.com\/vincentians.com\/es\/wp-content\/uploads\/sites\/11\/2017\/10\/hijas-caridad1.jpg?fit=846%2C446&ssl=1&resize=525%2C300 1.5x, https:\/\/i0.wp.com\/vincentians.com\/es\/wp-content\/uploads\/sites\/11\/2017\/10\/hijas-caridad1.jpg?fit=846%2C446&ssl=1&resize=700%2C400 2x"},"classes":[]},{"id":134512,"url":"https:\/\/vincentians.com\/es\/dos-papas-santos-simpatizantes-del-carisma-vicentino\/","url_meta":{"origin":29030,"position":1},"title":"Dos papas santos simpatizantes del carisma vicentino","author":"Francisco Javier Fern\u00e1ndez Chento","date":"31\/12\/2014","format":false,"excerpt":"El Papa Francisco canoniz\u00f3 a los papas Juan XXIII (1881\u20131963) y Juan Pablo II (1929\u20132005) el 27 de abril de 2014 en Roma, en el contexto del 50 aniversario de la apertura del Concilio Vaticano II convocado por el papa Roncalli, convirti\u00e9ndose as\u00ed en los otros pont\u00edfices proclamados santos en\u2026","rel":"","context":"En \u00abFormaci\u00f3n Vicenciana\u00bb","block_context":{"text":"Formaci\u00f3n Vicenciana","link":"https:\/\/vincentians.com\/es\/category\/formacion-vicenciana\/"},"img":{"alt_text":"juan23_y_juanpablo2","src":"https:\/\/i0.wp.com\/vicencianos.org\/wp-content\/2014\/12\/juan23_y_juanpablo2.jpg?resize=350%2C200","width":350,"height":200},"classes":[]},{"id":120718,"url":"https:\/\/vincentians.com\/es\/sor-rosalia-rendu-3\/","url_meta":{"origin":29030,"position":2},"title":"Sor Rosal\u00eda Rendu","author":"Francisco Javier Fern\u00e1ndez Chento","date":"20\/05\/2013","format":false,"excerpt":"Cada vez que nos asomamos a la vida de Sor Rosal\u00eda nos invade el asombro. \u00bfC\u00f3mo pudo una mujer sencilla, de origen humilde y fr\u00e1gil de salud desplegar tanta y tan variada actividad? Algunos datos biogr\u00e1ficos Sor Rosal\u00eda nace el 9 de septiembre de 1786 en Confort, Jura. Sus padres,\u2026","rel":"","context":"En \u00abRosal\u00eda Rendu\u00bb","block_context":{"text":"Rosal\u00eda Rendu","link":"https:\/\/vincentians.com\/es\/category\/la-familia-vicenciana\/la-familia-vicenciana-en-los-altares\/beatos\/rosalia-rendu\/"},"img":{"alt_text":"Sor-Rosalia-Rendu","src":"https:\/\/i0.wp.com\/vicencianos.org\/wp-content\/2010\/12\/Sor-Rosalia-Rendu-253x300.jpg?resize=350%2C200","width":350,"height":200},"classes":[]},{"id":115065,"url":"https:\/\/vincentians.com\/es\/casas-de-las-hijas-de-la-caridad-en-paris-en-tiempos-de-san-vicente-iv\/","url_meta":{"origin":29030,"position":3},"title":"Casas de las Hijas de la Caridad en Par\u00eds en tiempos de San Vicente (IV)","author":"Mitxel Olabu\u00e9naga","date":"23\/02\/2019","format":false,"excerpt":"Casas-Madre de las Hijas de la Caridad 1633-... 1) Primera, en Monge, N221 (antes Versailles) (A\u00d1OS 1633-1636) (II,135). Fue el \u00faltimo de los varios inmuebles del barrio de San V\u00edctor en los que vivi\u00f3 Luisa de Marillac de 1626 a 1636. Este casa de la calle Versailles la ocup\u00f3 durante\u2026","rel":"","context":"En \u00abEn tiempos de Vicente de Pa\u00fal\u00bb","block_context":{"text":"En tiempos de Vicente de Pa\u00fal","link":"https:\/\/vincentians.com\/es\/category\/historia-de-la-familia-vicenciana\/en-tiempos-de-vicente-de-paul\/"},"img":{"alt_text":"","src":"https:\/\/i0.wp.com\/vincentians.com\/es\/wp-content\/uploads\/sites\/11\/2016\/08\/con-damas-de-la-caridad.jpg?fit=1200%2C630&ssl=1&resize=350%2C200","width":350,"height":200,"srcset":"https:\/\/i0.wp.com\/vincentians.com\/es\/wp-content\/uploads\/sites\/11\/2016\/08\/con-damas-de-la-caridad.jpg?fit=1200%2C630&ssl=1&resize=350%2C200 1x, https:\/\/i0.wp.com\/vincentians.com\/es\/wp-content\/uploads\/sites\/11\/2016\/08\/con-damas-de-la-caridad.jpg?fit=1200%2C630&ssl=1&resize=525%2C300 1.5x, https:\/\/i0.wp.com\/vincentians.com\/es\/wp-content\/uploads\/sites\/11\/2016\/08\/con-damas-de-la-caridad.jpg?fit=1200%2C630&ssl=1&resize=700%2C400 2x, https:\/\/i0.wp.com\/vincentians.com\/es\/wp-content\/uploads\/sites\/11\/2016\/08\/con-damas-de-la-caridad.jpg?fit=1200%2C630&ssl=1&resize=1050%2C600 3x"},"classes":[]},{"id":143163,"url":"https:\/\/vincentians.com\/es\/vidas-que-cambian-vidas-los-martires-de-espana\/","url_meta":{"origin":29030,"position":4},"title":"Vidas que cambian vidas: los m\u00e1rtires de Espa\u00f1a","author":"Francisco Javier Fern\u00e1ndez Chento","date":"16\/04\/2015","format":false,"excerpt":"Introducci\u00f3n \u201cDefender y custodiar la vida\u201d es el tema del a\u00f1o elegido para los Colegios de las Hijas de la Caridad en Espa\u00f1a. El lema que lo ilustra \u00a1Todo por la vida! La Comisi\u00f3n interprovincial de Hermanas ha elaborado para los alumnos y los profesores un material educativo, pedag\u00f3gico y\u2026","rel":"","context":"En \u00abTestigos vicencianos\u00bb","block_context":{"text":"Testigos vicencianos","link":"https:\/\/vincentians.com\/es\/category\/la-familia-vicenciana\/testigos-vicencianos\/"},"img":{"alt_text":"martires hijas de la caridad 2013","src":"https:\/\/i0.wp.com\/vicencianos.org\/wp-content\/2015\/04\/martires-hijas-de-la-caridad-2013-456x1024.jpg?resize=350%2C200","width":350,"height":200},"classes":[]},{"id":386828,"url":"https:\/\/vincentians.com\/es\/federico-ozanam-un-santo-polifacetico-y-modelico\/","url_meta":{"origin":29030,"position":5},"title":"Federico Ozanam, un santo polifac\u00e9tico y mod\u00e9lico","author":"Francisco Javier Fern\u00e1ndez Chento","date":"09\/09\/2024","format":false,"excerpt":"Federico Ozanam, hombre polifac\u00e9tico y mod\u00e9lico Es para m\u00ed una satisfacci\u00f3n estar aqu\u00ed en esta mesa con el objetivo de presentar la figura del beato Federico Ozanam con motivo de la edici\u00f3n de su correspondencia. Quiero iniciar mi reflexi\u00f3n recordando el breve retrato que hizo de su persona el historiador\u2026","rel":"","context":"En \u00abFederico Ozanam\u00bb","block_context":{"text":"Federico Ozanam","link":"https:\/\/vincentians.com\/es\/category\/la-familia-vicenciana\/fundadores\/federico-ozanam\/"},"img":{"alt_text":"","src":"https:\/\/i0.wp.com\/vincentians.com\/es\/wp-content\/uploads\/sites\/11\/2016\/09\/Federico-Ozanam-5.jpg?fit=472%2C689&ssl=1&resize=350%2C200","width":350,"height":200},"classes":[]}],"_links":{"self":[{"href":"https:\/\/vincentians.com\/es\/wp-json\/wp\/v2\/posts\/29030","targetHints":{"allow":["GET"]}}],"collection":[{"href":"https:\/\/vincentians.com\/es\/wp-json\/wp\/v2\/posts"}],"about":[{"href":"https:\/\/vincentians.com\/es\/wp-json\/wp\/v2\/types\/post"}],"author":[{"embeddable":true,"href":"https:\/\/vincentians.com\/es\/wp-json\/wp\/v2\/users\/4"}],"replies":[{"embeddable":true,"href":"https:\/\/vincentians.com\/es\/wp-json\/wp\/v2\/comments?post=29030"}],"version-history":[{"count":2,"href":"https:\/\/vincentians.com\/es\/wp-json\/wp\/v2\/posts\/29030\/revisions"}],"predecessor-version":[{"id":404909,"href":"https:\/\/vincentians.com\/es\/wp-json\/wp\/v2\/posts\/29030\/revisions\/404909"}],"wp:featuredmedia":[{"embeddable":true,"href":"https:\/\/vincentians.com\/es\/wp-json\/wp\/v2\/media\/404048"}],"wp:attachment":[{"href":"https:\/\/vincentians.com\/es\/wp-json\/wp\/v2\/media?parent=29030"}],"wp:term":[{"taxonomy":"category","embeddable":true,"href":"https:\/\/vincentians.com\/es\/wp-json\/wp\/v2\/categories?post=29030"},{"taxonomy":"post_tag","embeddable":true,"href":"https:\/\/vincentians.com\/es\/wp-json\/wp\/v2\/tags?post=29030"}],"curies":[{"name":"wp","href":"https:\/\/api.w.org\/{rel}","templated":true}]}}