{"id":28585,"date":"2025-01-11T08:01:00","date_gmt":"2025-01-11T07:01:00","guid":{"rendered":"http:\/\/somos.vicencianos.org\/blog\/28585\/ozanam-un-sabio-entre-los-pobres-10-el-compromiso-1843-1844\/"},"modified":"2024-08-22T14:23:55","modified_gmt":"2024-08-22T12:23:55","slug":"ozanam-un-sabio-entre-los-pobres-10-el-compromiso-1843-1844","status":"publish","type":"post","link":"https:\/\/vincentians.com\/es\/ozanam-un-sabio-entre-los-pobres-10-el-compromiso-1843-1844\/","title":{"rendered":"Ozanam, un sabio entre los pobres. 10. El compromiso. 1843-1844"},"content":{"rendered":"<p>En 1843, el rey envejecido (tiene 71 a\u00f1os) logra con dificultad mantenerse en el poder. Su hijo mayor, el duque de Orl\u00e9ans, perdi\u00f3 la vida en un accidente de calesa, el vera\u00adno anterior, por lo que el heredero al trono ahora es el nieto, el conde de Par\u00eds, que apenas tiene cuatro a\u00f1os.<\/p>\n<p>La conquista de Argelia por Francia avanza con mucho trabajo y despacio. La pol\u00edtica de Guizot, ministro de Asun\u00adtos exteriores, se dirige sobre todo a la alianza cordial con Inglaterra, pero a todos les parece fr\u00e1gil y delicada. Luis Felipe defiende la paz en el exterior; en el interior, sigue neg\u00e1ndose a otorgar el sufragio universal. Los ricos siguen enriqueci\u00e9ndose, y los pobres, empobreci\u00e9ndose.<\/p>\n<p>En esta Francia \u00abque se aburre\u00bb, dicen, la diversi\u00f3n m\u00e1s animada es seguramente la pol\u00e9mica del monopolio, cuyas luchas se encienden cada vez que se trazan nuevos proyectos de reforma.<\/p>\n<p>Federico, profesor de Universidad, no sabe d\u00f3nde situarse en estos debates, en esta lucha abierta entre la Igle\u00adsia y el Estado, entre \u00abel trono y el altar\u00bb, seg\u00fan la expresi\u00f3n de Montalembert. El clero trata de salvaguardar sus dere\u00adchos constitucionales sobre la ense\u00f1anza, mientras que el gobierno, por su parte, trata de extender su monopolio a la Universidad, y a todas las instituciones de ense\u00f1anza secun\u00addaria, incluidos los seminarios menores.<\/p>\n<p>Estas preocupaciones serias no lograr\u00e1n que Ozanam, a primeros de enero de 1843, se olvide de sus deberes socia\u00adles. En compa\u00f1\u00eda de Amelia, realiza en coche una serie de visitas del a\u00f1o nuevo, cuya lista alcanza ya las 150 personas.<\/p>\n<p>Durante el mismo mes, el consejo de la Propagaci\u00f3n de la fe encarga a Federico que presente a la Reina Amelia, esposa de Luis Felipe, una carta y medallas destinadas a dar a conocer oficialmente al rey la obra de los misioneros y a asegurarse de la buena disposici\u00f3n del soberano en este punto. Sin duda, debido a su diplomacia y celebridad, se confiar\u00e1n a Ozanam tr\u00e1mites extraordinarios, como ser delegado ante el arzobispo de Par\u00eds, Monse\u00f1or Affre, ante el ministro del Culto, ante el Patriarca melquita de Antio\u00adqu\u00eda, Monse\u00f1or Mazlum, y, m\u00e1s tarde, ante el mismo Sobe\u00adrano Pont\u00edfice.<\/p>\n<p><em>Le Correspondant, <\/em>desaparecido en 1831, vuelve a apa\u00adrecer el 15 de enero de 1843. Ozanam y Te\u00f3filo Foisset son dos de los art\u00edfices de esta resurrecci\u00f3n. El peri\u00f3dico tiene por finalidad servir a la religi\u00f3n mediante la b\u00fasqueda de la verdad m\u00e1s bien que por la invectiva contra el error. Federico colaborar\u00e1 en \u00e9l de forma regular, pero desconcer\u00adtado, pronto se da cuenta de que la direcci\u00f3n del peri\u00f3dico abunda en el mismo sentido que <em>l&#8217; Univers, <\/em>es decir, que tam\u00adbi\u00e9n fustiga a la Universidad, y, en el anatema general, engloba en los ataques a los profesores ateos y a los que, como Ozanam, ponen todo su empe\u00f1o en defender la reli\u00adgi\u00f3n cat\u00f3lica. Y para colmar su situaci\u00f3n delicada, el minis\u00adtro de Instrucci\u00f3n P\u00fablica, Villemain<sup>118<\/sup>, le ruega que refute un art\u00edculo de un peri\u00f3dico de Lyon en el que el ministro y sus reformas han sido objeto de ataques virulentos. Ozanam acepta de mal talante, empleando todo su tacto y habilidad para velar por sus propias convicciones y agradar a su supe\u00adrior. Se reserva el derecho de no firmar. Este doble juego constante, esta lucha interior perturba profundamente a Federico y har\u00e1 decir a Lacordaire: <em>Ozanam, por la idea <\/em><em>misma que ten\u00eda de Dios, era de todos nosotros el m\u00e1s dolo\u00adrosamente situado. <\/em>Siente la necesidad de expansionarse, de comunicar sus sentimientos. Escribir\u00e1 a su suegro&#8217;:<\/p>\n<p>Yo soy de la Iglesia y de la Universidad a la vez, y les he con\u00adsagrado sin vacilar una vida que se ver\u00e1 cumplida si honra a Dios y sirve al Estado&#8230; sin embargo, creedme que si <em>l\u00e9 <\/em><em>Correspondant <\/em>adoptara un car\u00e1cter hostil, creer\u00eda seg\u00fan las conveniencias jer\u00e1rquicas apartarme de \u00e9l por completo.<\/p>\n<p>En el curso del mes de febrero, Federico y Amelia se mudan a un apartamento m\u00e1s espacioso que da a bonitos jar\u00addines, en la calle Garanci\u00e9re, n.\u00b0 7. \u00bfEs tal vez la fatiga? A primeros de abril, Amelia tiene un nuevo aborto. Federico, menos inquieto, sin embargo, que el a\u00f1o anterior, no deja a su joven mujer. Este segundo fracaso en sus esperanzas los quebranta a los dos. La simpat\u00eda y la entrega de sus vecinos y amigos los sostienen y los consuelan. El se\u00f1or Amp\u00e9re ha venido tres veces; Madame R\u00e9camier ha enviado a sus cria\u00addas; el se\u00f1or Ballanche, enfermo y casi recluido, se ha molestado en subir los cuatro pisos para abrazarlos.<\/p>\n<p>En mayo, el se\u00f1or Soulacroix pasa alg\u00fan tiempo en Par\u00eds. Esta visita tan deseada ayudar\u00e1 a la convalecencia de Amelia y permitir\u00e1 a Federico reanudar sus lecciones en la Sorbona y en Stanislas.<\/p>\n<p>En esta \u00e9poca es cuando Ozanam pronunci\u00f3 en el C\u00edr\u00adculo cat\u00f3lico una conferencia sobre <em>Los deberes literarios <\/em><em>del cristiano. <\/em>Este c\u00edrculo reun\u00eda a las personalidades m\u00e1s notables civiles y religiosas, a miembros del alto clero, a pares de Francia, a consejeros de Estado, a escritores, a artis\u00adtas, a profesores y a un gran n\u00famero de estudiantes. Por pru\u00addencia, y en vista de las cuestiones delicadas y bien entera\u00addo del Monopolio, antes de pronunciarlo somete su discurso a Monse\u00f1or el Arzobispo, quien lo aprueba. Despu\u00e9s de la sesi\u00f3n, el prelado se apresura a felicitar y dar las gracias al joven profesor.<\/p>\n<p>La conferencia aparece en el bolet\u00edn del C\u00edrculo unos d\u00edas m\u00e1s tarde. <em>L&#8217;Univers <\/em>se entera y se siente atacado. Veuillot responde al ataque en tono agresivo y, a prop\u00f3sito, omite la firma. El art\u00edculo lleva por t\u00edtulo: <em>De la modera\u00adci\u00f3n <\/em>y <em>del celo. <\/em>Su transparencia no deja lugar a dudas; tan f\u00e1cil resulta reconocer la garra del cachorro como dar un nombre a su v\u00edctima.<\/p>\n<p>Ozanam se siente profundamente humillado por esta bofetada propinada por un colega a quien estima y quiere, sin compartir sus puntos de vista.<\/p>\n<p>En los d\u00edas siguientes, no obstante, Veuillot escribe una carta a su amigo excus\u00e1ndose; Ozanam le responde que es mejor olvidar lo antes posible este \u00abdisgusto de coraz\u00f3n\u00bb y le ofrece su perd\u00f3n y afecto. El incidente no ser\u00e1 obst\u00e1culo para que Veuillot vuelva a la carga, siempre bajo la \u00f3ptica de una autodefensa muy leg\u00edtima&#8230;<\/p>\n<p>En el fondo, Ozanam y Veuillot se profesan mutua esti\u00adma. Federico no se quedaba indiferente ante este cat\u00f3lico impetuoso, brillante y sincero cuya fogosidad, seg\u00fan \u00e9l, sobrepasaba a menudo la mesura. Veuillot, por su parte, admiraba a Ozanam, pero no pod\u00eda perdonarle su modera\u00adci\u00f3n que no dudaba en calificar de debilidad. \u00abNo le gusta el combate\u00bb, dir\u00e1 de Federico. Con todas estas pol\u00e9micas, Ozanam sigue preparando sus clases con paciencia y minu\u00adciosidad. La salud de Amelia progresa lentamente con lige\u00adros accidentes que se cree son hemorragias. Los m\u00e9dicos aconsejan ba\u00f1os de mar a fin de acelerar su curaci\u00f3n. Durante las vacaciones, Federico conduce a su joven mujer al Havre, a casa de unos amigos, y regresa a Par\u00eds para poner en orden sus asuntos. Utiliza en esta ocasi\u00f3n el ferro\u00adcarril Rouen Par\u00eds, cuyo nuevo tramo acaba de ser inaugu\u00adrado. Amelia, seg\u00fan parece, experimenta un miedo espanto\u00adso hacia este extra\u00f1o invento. Al llegar a la capital le escribe para tranquilizarla:<\/p>\n<p>Ninguna desgracia ha venido a perturbar nuestra carrera. \u00danicamente se pregunta uno si no se puede inventar nada m\u00e1s raro que los procedimientos por los cuales se consigue colo\u00adcar una diligencia sobre rieles [\u2026] y no existe nada m\u00e1s sal\u00advaje, m\u00e1s digno de un siglo de barbarie que estos ferrocarri\u00adles que no respetan ninguna de las cosas m\u00e1s bellas, ni valles, ni monta\u00f1as, ni r\u00edos, que lo llenan todo, atraviesan todo y que se lanzan siempre derechos, siempre negros, de manera que esta bonita campi\u00f1a de Rouen a Par\u00eds se convierte en lo m\u00e1s gris y mon\u00f3tono del mundo.<\/p>\n<p>Ozanam vuelve pronto donde su ba\u00f1ista que se cansa pronto de estos ejercicios a los que no est\u00e1 acostumbrada. Federico est\u00e1 cada vez m\u00e1s enamorado de su Amelia y no deja de prob\u00e1rselo con toda clase de atenciones y delicade\u00adzas. Amelia, por su parte, ama lo suficiente a Federico para comprender que no es la \u00fanica en compartir su vida; con toda lealtad, sacrificar\u00e1 una parte de su juventud a la obra de su marido. Le ayudar\u00e1, le estimular\u00e1, le escuchar\u00e1, copiar\u00e1 sus textos dado el caso. A ella se debe la iniciativa de instalar dos pupitres para que el trabajo no le resulte demasiado mon\u00f3tono, pero muy a menudo, Federico prepa\u00adrar\u00e1 sus lecciones y redactar\u00e1 sus art\u00edculos sobre una peque\u00ad\u00f1a mesita de caoba, muy sencilla, donde se encuentra siem\u00adpre el tintero, la pluma y el raspador. Amelia se interesa por todo lo que dice, todo lo que hace, le acompa\u00f1a tanto a los salones como a los pobres. A veces, con todo, siente nostal\u00adgia de Lyon, su patria. \u00abNo me habl\u00e9is de escribirme m\u00e1s que cada ocho d\u00edas, declara a su madre, es demasiado tiem\u00adpo. \u00a1Qu\u00e9 duro y dif\u00edcil me resulta estar tan lejos de vos! Federico deja sus libros de vez en cuando para hablarme, pero se siente tan atareado y tiene tan pocas horas para pre\u00adpararse que es poco y me quedan todav\u00eda largos momentos para pensar que estoy lejos de vos, de mi muy querido pap\u00e1, de mis buenos hermanos\u00bb.<\/p>\n<p>Este retazo epistolar puede parecernos infantil, pero no olvidemos que Amelia tiene veintid\u00f3s a\u00f1os mientras que Federico tiene casi treinta. En la correspondencia de Amelia con Federico, con sus padres o sus hermanos, descubrimos a una joven muy equilibrada, asombrosamente pr\u00e1ctica, en absoluto intimidada por la erudici\u00f3n de su marido. M\u00e1s mundana que Federico, se encontrar\u00e1 a sus anchas en los salones en los que se impone la presencia de la joven pare\u00adja, dado el contexto social que es el suyo.<\/p>\n<p>Despu\u00e9s de los ba\u00f1os de mar en el oc\u00e9ano, Federico y Amelia se instalan en Lyon hasta acabar las vacaciones. Mientras la joven decide prolongar su estancia una semana, Federico regresa a Par\u00eds a primeros de octubre. Esta vez no est\u00e1 solo; se lleva consigo a su querid\u00edsima anciana \u00abGuigui\u00bb y a otra criada, Mariana; las dos compartir\u00e1n en adelante la vida de los Ozanam.<\/p>\n<p>Federico escribe todos los d\u00edas a su amada y le hace mil recomendaciones:<\/p>\n<p>Por fin, har\u00edas bien antes de marchar en ir a ver al se\u00f1or Jouf\u00adfroy por los dientes del fondo (Amelia tiene frecuentes dolo\u00adres de muelas) y en hacerte cortar el pelo por Bretonville ya que no conoces aqu\u00ed a ning\u00fan peluquero en quien tengas con\u00adfianza. Pero ten cuidado de que no te lo deje demasiado corto y arr\u00e9glate esa bonita cabellera, de manera que con la guir\u00adnalda de rosas, sigas tan encantadora este invierno.<\/p>\n<p>Estos consejos pr\u00e1cticos muestran a la vez al marido orgulloso y atento y desmienten esa frasecita de Amelia a su madre: \u00abFederico no sirve m\u00e1s que como abogado defensor, pero para lo dem\u00e1s est\u00e1 siempre en las nubes\u00bb.<\/p>\n<p>Antes de volver su mujer, Federico escribe a su amada por \u00faltima vez. Hace balance de los dos a\u00f1os de vida con\u00adyugal y en un arranque de franqueza se acusa de no haber mejorado al contacto de su joven esposa y de no haberla hecho tan feliz como hubiera deseado. Lamenta su humor negro que ella trataba en vano de disipar; habla de su ego\u00eds\u00admo, de su flojedad, de su car\u00e1cter d\u00e9bil. Luego rinde hono\u00adres a su compa\u00f1era, alaba su comprensi\u00f3n, su valor.<\/p>\n<p>Despu\u00e9s de un an\u00e1lisis superficial de este per\u00edodo de vida com\u00fan, a\u00f1ade:<\/p>\n<p>La verdad no necesita de m\u00ed, yo necesito de ella. La causa de la ciencia cristiana, la causa de la fe es aquella a la que yo me adhiero en el fondo de mi coraz\u00f3n; y por humilde que sea el modo como yo pueda servirla, dar\u00e9 por bien empleados los a\u00f1os que me quedan en la tierra.<\/p>\n<p>Pide humildemente perd\u00f3n a Amelia por sus faltas y caprichos. La carta es conmovedora tanto por la sinceridad como por la elevaci\u00f3n de sentimientos. Ah\u00ed lo tenemos, lleno de resoluciones. Quiere hacer a su mujer todav\u00eda m\u00e1s feliz, distraerla m\u00e1s, concederle m\u00e1s tiempo.<\/p>\n<p>\u00a1Ven, amada m\u00eda, \u00e1ngel m\u00edo, paloma m\u00eda, ven a mis brazos, contra mi coraz\u00f3n, ven a traerme el tuyo tan puro, tan gene\u00adroso, ven y que Dios nos bendiga al ver que al cabo de dos a\u00f1os nos amamos mil veces m\u00e1s que el primer d\u00eda!<\/p>\n<p>En noviembre, Carlos y Alfonso llegan a Par\u00eds. El pri\u00admero, que ha pasado con \u00e9xito el bachillerato en ciencias al principio del verano, comienza sus estudios de medicina y se quedar\u00e1 en casa de Federico, en una habitaci\u00f3n peque\u00f1a que ha alquilado para \u00e9l en el quinto piso. Y Alfonso es nombra\u00addo superior de la casa de los Maristas. El rector y la Sra. Soulacroix no desean otra cosa que venir a Par\u00eds con sus hijos. El Sr. Soulacroix ha solicitado al Ministerio de Ins\u00adtrucci\u00f3n P\u00fablica un puesto de jefe de secci\u00f3n en contabili\u00addad. F\u00e1cil es imaginar de antemano cu\u00e1ntos pasos e inter\u00advenciones va a exigir un cambio as\u00ed.<\/p>\n<p>Ozanam sabe lo que puede representar para Amelia la presencia de sus padres y hermanos a su lado; por ello inicia a primeros de 1844 y a favor de su suegro una serie de tr\u00e1\u00admites ante aquellos que, de cerca o de lejos, puedan apoyar la petici\u00f3n.<\/p>\n<p>En el mes de julio, Amelia, a quien han aconsejado de nuevo los m\u00e9dicos una estancia a la orilla del mar, deja a dis\u00adgusto a un Federico turbado por la muerte fortuita del profe\u00ad sor Fauriel a quien est\u00e1 supliendo. Ozanam ten\u00eda en gran estima a este hombre brillante y prudente a quien considera un sabio, y su dolor se acent\u00faa al enterarse que ha muerto fuera de la Iglesia. Se lo cuenta a Amelia:<\/p>\n<p>Este viaje al P\u00e9re-Lachaise, los discursos pronunciados sin sacerdote en la tumba, toda la vana y fr\u00eda pompa sin consue\u00adlo me hab\u00eda dejado en un estado de abatimiento que no hab\u00eda experimentado hac\u00eda largo tiempo.<\/p>\n<p>La c\u00e1tedra de Claude Fauriel se encuentra pues vacante. Se podr\u00eda creer a primera vista que le corresponde a Ozanam, pero Federico no tiene m\u00e1s que treinta a\u00f1os; sus t\u00edtulos son escasos y sus publicaciones restringidas. El ministro tiene la palabra. Varias personalidades bien documentadas son candi\u00addatos. Incluso se ofrece el puesto al profesor Jean-Jacques Amp\u00e9re que ense\u00f1a en el Colegio de Francia. \u00c9ste lo recha\u00adza en favor de Federico. Ozanam se siente muy conmovido por el gesto de su amigo; la partida no est\u00e1 ganada ni mucho menos. Hay que ver al ministro, luego a sus consejeros, hay que escribir, pedir audiencia, y una vez m\u00e1s hacerse valer. Para Federico, se trata de volver a las visitas que ha hecho unos meses antes en favor del se\u00f1or Soulacroix, de volver a ver a los mismos personajes influyentes abogando esta vez por su propia causa. Proceso frustrante y penoso.<\/p>\n<p>Ozanam se escapa de vez en cuando y vuela para abra\u00adzar a Amelia en Dieppe, pero regresa pronto a Par\u00eds donde le esperan las clases, sus obligaciones en la Sorbona y un trabajo que quiere se publique pronto: <em>La historia literaria de <\/em><em>Alemania.<\/em><\/p>\n<p>Federico sigue fiel a sus cartas diarias y describe a su amada qu\u00e9 penosa le resulta la separaci\u00f3n:<\/p>\n<p>Esta casa a donde vuelvo sin o\u00edr tu dulce voz que me llama\u00adba, este sal\u00f3n donde tu lugar est\u00e1 vac\u00edo, este piano silencioso, estos pajarillos del tejado esperando in\u00fatilmente tu bonita mano que les echaba migajas, todo me entristece, no puedo soportar estos largos d\u00edas sin el tierno adi\u00f3s de cada noche.<\/p>\n<p>A la vuelta de vacaciones, Amelia har\u00e1 sus propias visi\u00adtas. El comienzo de las clases se acerca, y la incertidumbre es aguda. Es f\u00e1cil imaginar el estado de alma de Federico. Escribe a sus amigos, les pide sus oraciones, pero acepta de buen grado todas las voluntades de la divina Providencia. Amelia le apoya y no pierde la esperanza. Se difunde la idea de que Federico pueda ser s\u00f3lo \u00abencargado de clase\u00bb a la espera de tiempos m\u00e1s propicios para el nombramiento; ello reducir\u00eda su paga a la mitad. Por fin, el 23 de noviembre, Federico es nombrado definitivamente profesor de literatura extranjera, tras las presentaciones un\u00e1nimes de la facultad y del Consejo acad\u00e9mico.<\/p>\n<p>\u00a1Qu\u00e9 maravilloso desenlace! Federico respira tranquilo por primera vez desde hace meses.<\/p>\n<p>El a\u00f1o 1844 se acaba con regocijo y con promesa de regocijo. Amelia espera de nuevo un hijo.<\/p>\n<p>Tan s\u00f3lo una sombra en el cuadro: la llegada de los sue\u00adgros a Par\u00eds est\u00e1 todav\u00eda unida a la incertidumbre de un nom\u00adbramiento en suspenso&#8230;<\/p>\n","protected":false},"excerpt":{"rendered":"<p>En 1843, el rey envejecido (tiene 71 a\u00f1os) logra con dificultad mantenerse en el poder. Su hijo mayor, el duque de Orl\u00e9ans, perdi\u00f3 la vida en un accidente de calesa, el vera\u00adno anterior, por lo &#8230; <a href=\"https:\/\/vincentians.com\/es\/ozanam-un-sabio-entre-los-pobres-10-el-compromiso-1843-1844\/\" class=\"more-link\">Read More<\/a><\/p>\n","protected":false},"author":4,"featured_media":149697,"comment_status":"open","ping_status":"open","sticky":false,"template":"","format":"standard","meta":{"jetpack_post_was_ever_published":false,"_jetpack_newsletter_access":"","_jetpack_dont_email_post_to_subs":false,"_jetpack_newsletter_tier_id":0,"_jetpack_memberships_contains_paywalled_content":false,"_jetpack_memberships_contains_paid_content":false,"footnotes":"","jetpack_publicize_message":"","jetpack_publicize_feature_enabled":true,"jetpack_social_post_already_shared":true,"jetpack_social_options":{"image_generator_settings":{"template":"highway","default_image_id":0,"font":"","enabled":false},"version":2}},"categories":[11],"tags":[168,160],"class_list":["post-28585","post","type-post","status-publish","format-standard","has-post-thumbnail","hentry","category-federico-ozanam","tag-argel","tag-nimes"],"yoast_head":"<!-- This site is optimized with the Yoast SEO plugin v26.3 - https:\/\/yoast.com\/wordpress\/plugins\/seo\/ -->\n<title>Ozanam, un sabio entre los pobres. 10. El compromiso. 1843-1844 - Somos Vicencianos<\/title>\n<meta name=\"robots\" content=\"index, follow, max-snippet:-1, max-image-preview:large, max-video-preview:-1\" \/>\n<link rel=\"canonical\" href=\"https:\/\/vincentians.com\/es\/ozanam-un-sabio-entre-los-pobres-10-el-compromiso-1843-1844\/\" \/>\n<meta property=\"og:locale\" content=\"es_ES\" \/>\n<meta property=\"og:type\" content=\"article\" \/>\n<meta property=\"og:title\" content=\"Ozanam, un sabio entre los pobres. 10. El compromiso. 1843-1844 - Somos Vicencianos\" \/>\n<meta property=\"og:description\" content=\"En 1843, el rey envejecido (tiene 71 a\u00f1os) logra con dificultad mantenerse en el poder. Su hijo mayor, el duque de Orl\u00e9ans, perdi\u00f3 la vida en un accidente de calesa, el vera\u00adno anterior, por lo ... Read More\" \/>\n<meta property=\"og:url\" content=\"https:\/\/vincentians.com\/es\/ozanam-un-sabio-entre-los-pobres-10-el-compromiso-1843-1844\/\" \/>\n<meta property=\"og:site_name\" content=\"Somos Vicencianos\" \/>\n<meta property=\"article:publisher\" content=\"https:\/\/www.facebook.com\/WeAreVincentians\/\" \/>\n<meta property=\"article:author\" content=\"https:\/\/www.facebook.com\/JavierChento\" \/>\n<meta property=\"article:published_time\" content=\"2025-01-11T07:01:00+00:00\" \/>\n<meta property=\"og:image\" content=\"https:\/\/i0.wp.com\/vincentians.com\/es\/wp-content\/uploads\/sites\/11\/2012\/12\/ozanam-charity.jpg?fit=1200%2C630&ssl=1\" \/>\n\t<meta property=\"og:image:width\" content=\"1200\" \/>\n\t<meta property=\"og:image:height\" content=\"630\" \/>\n\t<meta property=\"og:image:type\" content=\"image\/jpeg\" \/>\n<meta name=\"author\" content=\"Francisco Javier Fern\u00e1ndez Chento\" \/>\n<meta name=\"twitter:card\" content=\"summary_large_image\" \/>\n<meta name=\"twitter:creator\" content=\"@https:\/\/twitter.com\/javierchento\" \/>\n<meta name=\"twitter:site\" content=\"@WeVincentians\" \/>\n<meta name=\"twitter:label1\" content=\"Escrito por\" \/>\n\t<meta name=\"twitter:data1\" content=\"Francisco Javier Fern\u00e1ndez Chento\" \/>\n\t<meta name=\"twitter:label2\" content=\"Tiempo de lectura\" \/>\n\t<meta name=\"twitter:data2\" content=\"13 minutos\" \/>\n<script type=\"application\/ld+json\" class=\"yoast-schema-graph\">{\"@context\":\"https:\/\/schema.org\",\"@graph\":[{\"@type\":\"Article\",\"@id\":\"https:\/\/vincentians.com\/es\/ozanam-un-sabio-entre-los-pobres-10-el-compromiso-1843-1844\/#article\",\"isPartOf\":{\"@id\":\"https:\/\/vincentians.com\/es\/ozanam-un-sabio-entre-los-pobres-10-el-compromiso-1843-1844\/\"},\"author\":{\"name\":\"Francisco Javier Fern\u00e1ndez Chento\",\"@id\":\"http:\/\/vincentians.com\/es\/#\/schema\/person\/9623ef4d9aa3b2dfb8c061f1499288f2\"},\"headline\":\"Ozanam, un sabio entre los pobres. 10. El compromiso. 1843-1844\",\"datePublished\":\"2025-01-11T07:01:00+00:00\",\"mainEntityOfPage\":{\"@id\":\"https:\/\/vincentians.com\/es\/ozanam-un-sabio-entre-los-pobres-10-el-compromiso-1843-1844\/\"},\"wordCount\":3012,\"commentCount\":0,\"publisher\":{\"@id\":\"http:\/\/vincentians.com\/es\/#organization\"},\"image\":{\"@id\":\"https:\/\/vincentians.com\/es\/ozanam-un-sabio-entre-los-pobres-10-el-compromiso-1843-1844\/#primaryimage\"},\"thumbnailUrl\":\"https:\/\/i0.wp.com\/vincentians.com\/es\/wp-content\/uploads\/sites\/11\/2012\/12\/ozanam-charity.jpg?fit=1200%2C630&ssl=1\",\"keywords\":[\"Argel\",\"Nimes\"],\"articleSection\":[\"Federico Ozanam\"],\"inLanguage\":\"es\",\"potentialAction\":[{\"@type\":\"CommentAction\",\"name\":\"Comment\",\"target\":[\"https:\/\/vincentians.com\/es\/ozanam-un-sabio-entre-los-pobres-10-el-compromiso-1843-1844\/#respond\"]}]},{\"@type\":\"WebPage\",\"@id\":\"https:\/\/vincentians.com\/es\/ozanam-un-sabio-entre-los-pobres-10-el-compromiso-1843-1844\/\",\"url\":\"https:\/\/vincentians.com\/es\/ozanam-un-sabio-entre-los-pobres-10-el-compromiso-1843-1844\/\",\"name\":\"Ozanam, un sabio entre los pobres. 10. El compromiso. 1843-1844 - Somos Vicencianos\",\"isPartOf\":{\"@id\":\"http:\/\/vincentians.com\/es\/#website\"},\"primaryImageOfPage\":{\"@id\":\"https:\/\/vincentians.com\/es\/ozanam-un-sabio-entre-los-pobres-10-el-compromiso-1843-1844\/#primaryimage\"},\"image\":{\"@id\":\"https:\/\/vincentians.com\/es\/ozanam-un-sabio-entre-los-pobres-10-el-compromiso-1843-1844\/#primaryimage\"},\"thumbnailUrl\":\"https:\/\/i0.wp.com\/vincentians.com\/es\/wp-content\/uploads\/sites\/11\/2012\/12\/ozanam-charity.jpg?fit=1200%2C630&ssl=1\",\"datePublished\":\"2025-01-11T07:01:00+00:00\",\"breadcrumb\":{\"@id\":\"https:\/\/vincentians.com\/es\/ozanam-un-sabio-entre-los-pobres-10-el-compromiso-1843-1844\/#breadcrumb\"},\"inLanguage\":\"es\",\"potentialAction\":[{\"@type\":\"ReadAction\",\"target\":[\"https:\/\/vincentians.com\/es\/ozanam-un-sabio-entre-los-pobres-10-el-compromiso-1843-1844\/\"]}]},{\"@type\":\"ImageObject\",\"inLanguage\":\"es\",\"@id\":\"https:\/\/vincentians.com\/es\/ozanam-un-sabio-entre-los-pobres-10-el-compromiso-1843-1844\/#primaryimage\",\"url\":\"https:\/\/i0.wp.com\/vincentians.com\/es\/wp-content\/uploads\/sites\/11\/2012\/12\/ozanam-charity.jpg?fit=1200%2C630&ssl=1\",\"contentUrl\":\"https:\/\/i0.wp.com\/vincentians.com\/es\/wp-content\/uploads\/sites\/11\/2012\/12\/ozanam-charity.jpg?fit=1200%2C630&ssl=1\",\"width\":1200,\"height\":630},{\"@type\":\"BreadcrumbList\",\"@id\":\"https:\/\/vincentians.com\/es\/ozanam-un-sabio-entre-los-pobres-10-el-compromiso-1843-1844\/#breadcrumb\",\"itemListElement\":[{\"@type\":\"ListItem\",\"position\":1,\"name\":\"Portada\",\"item\":\"http:\/\/vincentians.com\/es\/\"},{\"@type\":\"ListItem\",\"position\":2,\"name\":\"Ozanam, un sabio entre los pobres. 10. El compromiso. 1843-1844\"}]},{\"@type\":\"WebSite\",\"@id\":\"http:\/\/vincentians.com\/es\/#website\",\"url\":\"http:\/\/vincentians.com\/es\/\",\"name\":\"Somos Vicencianos\",\"description\":\"Know more to serve more\",\"publisher\":{\"@id\":\"http:\/\/vincentians.com\/es\/#organization\"},\"potentialAction\":[{\"@type\":\"SearchAction\",\"target\":{\"@type\":\"EntryPoint\",\"urlTemplate\":\"http:\/\/vincentians.com\/es\/?s={search_term_string}\"},\"query-input\":{\"@type\":\"PropertyValueSpecification\",\"valueRequired\":true,\"valueName\":\"search_term_string\"}}],\"inLanguage\":\"es\"},{\"@type\":\"Organization\",\"@id\":\"http:\/\/vincentians.com\/es\/#organization\",\"name\":\"The Vincentian Network\",\"url\":\"http:\/\/vincentians.com\/es\/\",\"logo\":{\"@type\":\"ImageObject\",\"inLanguage\":\"es\",\"@id\":\"http:\/\/vincentians.com\/es\/#\/schema\/logo\/image\/\",\"url\":\"https:\/\/i1.wp.com\/vincentians.com\/es\/wp-content\/uploads\/sites\/11\/2016\/06\/Vincentian-Network-logo-big.png?fit=778%2C778\",\"contentUrl\":\"https:\/\/i1.wp.com\/vincentians.com\/es\/wp-content\/uploads\/sites\/11\/2016\/06\/Vincentian-Network-logo-big.png?fit=778%2C778\",\"width\":778,\"height\":778,\"caption\":\"The Vincentian Network\"},\"image\":{\"@id\":\"http:\/\/vincentians.com\/es\/#\/schema\/logo\/image\/\"},\"sameAs\":[\"https:\/\/www.facebook.com\/WeAreVincentians\/\",\"https:\/\/x.com\/WeVincentians\"]},{\"@type\":\"Person\",\"@id\":\"http:\/\/vincentians.com\/es\/#\/schema\/person\/9623ef4d9aa3b2dfb8c061f1499288f2\",\"name\":\"Francisco Javier Fern\u00e1ndez Chento\",\"image\":{\"@type\":\"ImageObject\",\"inLanguage\":\"es\",\"@id\":\"http:\/\/vincentians.com\/es\/#\/schema\/person\/image\/\",\"url\":\"https:\/\/secure.gravatar.com\/avatar\/497d5cde87b4c3d097d0315953521681ba2cd523ee66e5077c3711f7021e65de?s=96&d=mm&r=g\",\"contentUrl\":\"https:\/\/secure.gravatar.com\/avatar\/497d5cde87b4c3d097d0315953521681ba2cd523ee66e5077c3711f7021e65de?s=96&d=mm&r=g\",\"caption\":\"Francisco Javier Fern\u00e1ndez Chento\"},\"description\":\"Director General y cofundador de La Red de Formaci\u00f3n Vicenciana. Javier es laico vicenciano, afiliado a la Congregaci\u00f3n de la Misi\u00f3n y miembro del Equipo de Misiones Populares de la provincia can\u00f3nica de Zaragoza (Espa\u00f1a) de la Congregaci\u00f3n de la Misi\u00f3n. Graduado en la Universidad Oberta de Catalunya con cuatro grados (Asistente de direcci\u00f3n, Gesti\u00f3n Administrativa, Recursos Humanos y Contabilidad Avanzada). Bil\u00edng\u00fce Espa\u00f1ol\/Ingl\u00e9s. gestiona y mantiene varias p\u00e1ginas web cristianas y vicencianas, incluida including La Red de Formaci\u00f3n Vicenciana, de la que es cofundador. Actualmente es responsable del \u00e1rea de Espa\u00f1ol de .famvin, la Red de Noticias de la Familia Vicenciana. Tambi\u00e9n es m\u00fasico cat\u00f3lico y ha editado varios discos. Es Director General y cofundador de Trovador, una reconocida compa\u00f1\u00eda discogr\u00e1fica critiana de Espa\u00f1a. Trabaja en las Tecnolog\u00edas de la Informaci\u00f3n, ofreciendo servicios de alojamiento, dise\u00f1o y mantenimiento Web, as\u00ed como asesoramiento, formaci\u00f3n y soluciones inform\u00e1ticas, gesti\u00f3n documental y digitalizaci\u00f3n de textos, edici\u00f3n y maquetaci\u00f3n de libros, revistas, flyers, etc.\",\"sameAs\":[\"http:\/\/chento.org\",\"https:\/\/www.facebook.com\/JavierChento\",\"https:\/\/x.com\/https:\/\/twitter.com\/javierchento\"],\"url\":\"https:\/\/vincentians.com\/es\/author\/chento\/\"}]}<\/script>\n<!-- \/ Yoast SEO plugin. -->","yoast_head_json":{"title":"Ozanam, un sabio entre los pobres. 10. El compromiso. 1843-1844 - Somos Vicencianos","robots":{"index":"index","follow":"follow","max-snippet":"max-snippet:-1","max-image-preview":"max-image-preview:large","max-video-preview":"max-video-preview:-1"},"canonical":"https:\/\/vincentians.com\/es\/ozanam-un-sabio-entre-los-pobres-10-el-compromiso-1843-1844\/","og_locale":"es_ES","og_type":"article","og_title":"Ozanam, un sabio entre los pobres. 10. El compromiso. 1843-1844 - Somos Vicencianos","og_description":"En 1843, el rey envejecido (tiene 71 a\u00f1os) logra con dificultad mantenerse en el poder. Su hijo mayor, el duque de Orl\u00e9ans, perdi\u00f3 la vida en un accidente de calesa, el vera\u00adno anterior, por lo ... Read More","og_url":"https:\/\/vincentians.com\/es\/ozanam-un-sabio-entre-los-pobres-10-el-compromiso-1843-1844\/","og_site_name":"Somos Vicencianos","article_publisher":"https:\/\/www.facebook.com\/WeAreVincentians\/","article_author":"https:\/\/www.facebook.com\/JavierChento","article_published_time":"2025-01-11T07:01:00+00:00","og_image":[{"width":1200,"height":630,"url":"https:\/\/i0.wp.com\/vincentians.com\/es\/wp-content\/uploads\/sites\/11\/2012\/12\/ozanam-charity.jpg?fit=1200%2C630&ssl=1","type":"image\/jpeg"}],"author":"Francisco Javier Fern\u00e1ndez Chento","twitter_card":"summary_large_image","twitter_creator":"@https:\/\/twitter.com\/javierchento","twitter_site":"@WeVincentians","twitter_misc":{"Escrito por":"Francisco Javier Fern\u00e1ndez Chento","Tiempo de lectura":"13 minutos"},"schema":{"@context":"https:\/\/schema.org","@graph":[{"@type":"Article","@id":"https:\/\/vincentians.com\/es\/ozanam-un-sabio-entre-los-pobres-10-el-compromiso-1843-1844\/#article","isPartOf":{"@id":"https:\/\/vincentians.com\/es\/ozanam-un-sabio-entre-los-pobres-10-el-compromiso-1843-1844\/"},"author":{"name":"Francisco Javier Fern\u00e1ndez Chento","@id":"http:\/\/vincentians.com\/es\/#\/schema\/person\/9623ef4d9aa3b2dfb8c061f1499288f2"},"headline":"Ozanam, un sabio entre los pobres. 10. El compromiso. 1843-1844","datePublished":"2025-01-11T07:01:00+00:00","mainEntityOfPage":{"@id":"https:\/\/vincentians.com\/es\/ozanam-un-sabio-entre-los-pobres-10-el-compromiso-1843-1844\/"},"wordCount":3012,"commentCount":0,"publisher":{"@id":"http:\/\/vincentians.com\/es\/#organization"},"image":{"@id":"https:\/\/vincentians.com\/es\/ozanam-un-sabio-entre-los-pobres-10-el-compromiso-1843-1844\/#primaryimage"},"thumbnailUrl":"https:\/\/i0.wp.com\/vincentians.com\/es\/wp-content\/uploads\/sites\/11\/2012\/12\/ozanam-charity.jpg?fit=1200%2C630&ssl=1","keywords":["Argel","Nimes"],"articleSection":["Federico Ozanam"],"inLanguage":"es","potentialAction":[{"@type":"CommentAction","name":"Comment","target":["https:\/\/vincentians.com\/es\/ozanam-un-sabio-entre-los-pobres-10-el-compromiso-1843-1844\/#respond"]}]},{"@type":"WebPage","@id":"https:\/\/vincentians.com\/es\/ozanam-un-sabio-entre-los-pobres-10-el-compromiso-1843-1844\/","url":"https:\/\/vincentians.com\/es\/ozanam-un-sabio-entre-los-pobres-10-el-compromiso-1843-1844\/","name":"Ozanam, un sabio entre los pobres. 10. El compromiso. 1843-1844 - Somos Vicencianos","isPartOf":{"@id":"http:\/\/vincentians.com\/es\/#website"},"primaryImageOfPage":{"@id":"https:\/\/vincentians.com\/es\/ozanam-un-sabio-entre-los-pobres-10-el-compromiso-1843-1844\/#primaryimage"},"image":{"@id":"https:\/\/vincentians.com\/es\/ozanam-un-sabio-entre-los-pobres-10-el-compromiso-1843-1844\/#primaryimage"},"thumbnailUrl":"https:\/\/i0.wp.com\/vincentians.com\/es\/wp-content\/uploads\/sites\/11\/2012\/12\/ozanam-charity.jpg?fit=1200%2C630&ssl=1","datePublished":"2025-01-11T07:01:00+00:00","breadcrumb":{"@id":"https:\/\/vincentians.com\/es\/ozanam-un-sabio-entre-los-pobres-10-el-compromiso-1843-1844\/#breadcrumb"},"inLanguage":"es","potentialAction":[{"@type":"ReadAction","target":["https:\/\/vincentians.com\/es\/ozanam-un-sabio-entre-los-pobres-10-el-compromiso-1843-1844\/"]}]},{"@type":"ImageObject","inLanguage":"es","@id":"https:\/\/vincentians.com\/es\/ozanam-un-sabio-entre-los-pobres-10-el-compromiso-1843-1844\/#primaryimage","url":"https:\/\/i0.wp.com\/vincentians.com\/es\/wp-content\/uploads\/sites\/11\/2012\/12\/ozanam-charity.jpg?fit=1200%2C630&ssl=1","contentUrl":"https:\/\/i0.wp.com\/vincentians.com\/es\/wp-content\/uploads\/sites\/11\/2012\/12\/ozanam-charity.jpg?fit=1200%2C630&ssl=1","width":1200,"height":630},{"@type":"BreadcrumbList","@id":"https:\/\/vincentians.com\/es\/ozanam-un-sabio-entre-los-pobres-10-el-compromiso-1843-1844\/#breadcrumb","itemListElement":[{"@type":"ListItem","position":1,"name":"Portada","item":"http:\/\/vincentians.com\/es\/"},{"@type":"ListItem","position":2,"name":"Ozanam, un sabio entre los pobres. 10. El compromiso. 1843-1844"}]},{"@type":"WebSite","@id":"http:\/\/vincentians.com\/es\/#website","url":"http:\/\/vincentians.com\/es\/","name":"Somos Vicencianos","description":"Know more to serve more","publisher":{"@id":"http:\/\/vincentians.com\/es\/#organization"},"potentialAction":[{"@type":"SearchAction","target":{"@type":"EntryPoint","urlTemplate":"http:\/\/vincentians.com\/es\/?s={search_term_string}"},"query-input":{"@type":"PropertyValueSpecification","valueRequired":true,"valueName":"search_term_string"}}],"inLanguage":"es"},{"@type":"Organization","@id":"http:\/\/vincentians.com\/es\/#organization","name":"The Vincentian Network","url":"http:\/\/vincentians.com\/es\/","logo":{"@type":"ImageObject","inLanguage":"es","@id":"http:\/\/vincentians.com\/es\/#\/schema\/logo\/image\/","url":"https:\/\/i1.wp.com\/vincentians.com\/es\/wp-content\/uploads\/sites\/11\/2016\/06\/Vincentian-Network-logo-big.png?fit=778%2C778","contentUrl":"https:\/\/i1.wp.com\/vincentians.com\/es\/wp-content\/uploads\/sites\/11\/2016\/06\/Vincentian-Network-logo-big.png?fit=778%2C778","width":778,"height":778,"caption":"The Vincentian Network"},"image":{"@id":"http:\/\/vincentians.com\/es\/#\/schema\/logo\/image\/"},"sameAs":["https:\/\/www.facebook.com\/WeAreVincentians\/","https:\/\/x.com\/WeVincentians"]},{"@type":"Person","@id":"http:\/\/vincentians.com\/es\/#\/schema\/person\/9623ef4d9aa3b2dfb8c061f1499288f2","name":"Francisco Javier Fern\u00e1ndez Chento","image":{"@type":"ImageObject","inLanguage":"es","@id":"http:\/\/vincentians.com\/es\/#\/schema\/person\/image\/","url":"https:\/\/secure.gravatar.com\/avatar\/497d5cde87b4c3d097d0315953521681ba2cd523ee66e5077c3711f7021e65de?s=96&d=mm&r=g","contentUrl":"https:\/\/secure.gravatar.com\/avatar\/497d5cde87b4c3d097d0315953521681ba2cd523ee66e5077c3711f7021e65de?s=96&d=mm&r=g","caption":"Francisco Javier Fern\u00e1ndez Chento"},"description":"Director General y cofundador de La Red de Formaci\u00f3n Vicenciana. Javier es laico vicenciano, afiliado a la Congregaci\u00f3n de la Misi\u00f3n y miembro del Equipo de Misiones Populares de la provincia can\u00f3nica de Zaragoza (Espa\u00f1a) de la Congregaci\u00f3n de la Misi\u00f3n. Graduado en la Universidad Oberta de Catalunya con cuatro grados (Asistente de direcci\u00f3n, Gesti\u00f3n Administrativa, Recursos Humanos y Contabilidad Avanzada). Bil\u00edng\u00fce Espa\u00f1ol\/Ingl\u00e9s. gestiona y mantiene varias p\u00e1ginas web cristianas y vicencianas, incluida including La Red de Formaci\u00f3n Vicenciana, de la que es cofundador. Actualmente es responsable del \u00e1rea de Espa\u00f1ol de .famvin, la Red de Noticias de la Familia Vicenciana. Tambi\u00e9n es m\u00fasico cat\u00f3lico y ha editado varios discos. Es Director General y cofundador de Trovador, una reconocida compa\u00f1\u00eda discogr\u00e1fica critiana de Espa\u00f1a. Trabaja en las Tecnolog\u00edas de la Informaci\u00f3n, ofreciendo servicios de alojamiento, dise\u00f1o y mantenimiento Web, as\u00ed como asesoramiento, formaci\u00f3n y soluciones inform\u00e1ticas, gesti\u00f3n documental y digitalizaci\u00f3n de textos, edici\u00f3n y maquetaci\u00f3n de libros, revistas, flyers, etc.","sameAs":["http:\/\/chento.org","https:\/\/www.facebook.com\/JavierChento","https:\/\/x.com\/https:\/\/twitter.com\/javierchento"],"url":"https:\/\/vincentians.com\/es\/author\/chento\/"}]}},"jetpack_publicize_connections":[],"jetpack_featured_media_url":"https:\/\/i0.wp.com\/vincentians.com\/es\/wp-content\/uploads\/sites\/11\/2012\/12\/ozanam-charity.jpg?fit=1200%2C630&ssl=1","jetpack_sharing_enabled":true,"jetpack_shortlink":"https:\/\/wp.me\/p7ETMF-7r3","jetpack-related-posts":[{"id":128629,"url":"https:\/\/vincentians.com\/es\/federico-ozanam-por-mons-baunard-capitulo-17\/","url_meta":{"origin":28585,"position":0},"title":"Federico Ozanam (por Mons. Baunard): Cap\u00edtulo 17","author":"Francisco Javier Fern\u00e1ndez Chento","date":"08\/09\/2016","format":false,"excerpt":"Cap\u00edtulo XVII: La Iglesia y la Universidad La Libertad de Ense\u00f1anza.\u2014\"El Corresponsal\".\u2014Cat\u00f3lico ante todo.\u2014El Ti\u00adtulariado.\u2014Adioses al Colegio \"Estanislao\".\u2014El Mot\u00edn en la Sorbona.\u2014El curso del se\u00f1or Lenormant. 1843-1845 Los a\u00f1os de 1843 y los siguientes evocan el recuerdo de la rebe\u00adli\u00f3n de los cat\u00f3licos de Francia en favor de la reivindicaci\u00f3n\u2026","rel":"","context":"En \u00abFederico Ozanam\u00bb","block_context":{"text":"Federico Ozanam","link":"https:\/\/vincentians.com\/es\/category\/la-familia-vicenciana\/fundadores\/federico-ozanam\/"},"img":{"alt_text":"","src":"https:\/\/i0.wp.com\/vincentians.com\/es\/wp-content\/uploads\/sites\/11\/2016\/07\/frederic-ozanam-layman-for-now.jpg?fit=1200%2C630&ssl=1&resize=350%2C200","width":350,"height":200,"srcset":"https:\/\/i0.wp.com\/vincentians.com\/es\/wp-content\/uploads\/sites\/11\/2016\/07\/frederic-ozanam-layman-for-now.jpg?fit=1200%2C630&ssl=1&resize=350%2C200 1x, https:\/\/i0.wp.com\/vincentians.com\/es\/wp-content\/uploads\/sites\/11\/2016\/07\/frederic-ozanam-layman-for-now.jpg?fit=1200%2C630&ssl=1&resize=525%2C300 1.5x, https:\/\/i0.wp.com\/vincentians.com\/es\/wp-content\/uploads\/sites\/11\/2016\/07\/frederic-ozanam-layman-for-now.jpg?fit=1200%2C630&ssl=1&resize=700%2C400 2x, https:\/\/i0.wp.com\/vincentians.com\/es\/wp-content\/uploads\/sites\/11\/2016\/07\/frederic-ozanam-layman-for-now.jpg?fit=1200%2C630&ssl=1&resize=1050%2C600 3x"},"classes":[]},{"id":120727,"url":"https:\/\/vincentians.com\/es\/la-santidad-en-federico-ozanam\/","url_meta":{"origin":28585,"position":1},"title":"La santidad en Federico Ozanam","author":"Francisco Javier Fern\u00e1ndez Chento","date":"09\/09\/2021","format":false,"excerpt":"Introducci\u00f3n Todos sabemos que Vicente de Pa\u00fal plant\u00f3 un gran \u00e1rbol \"revolucionario\" de caridad en el siglo XVII. En este tronco se le han ido injertado otras ramas que, a pesar de tener identidad pro\u00adpia, todas ellas se alimentan de esa savia del Cristo adorador del Padre, evangelizador y servidor\u2026","rel":"","context":"En \u00abFederico Ozanam\u00bb","block_context":{"text":"Federico Ozanam","link":"https:\/\/vincentians.com\/es\/category\/la-familia-vicenciana\/fundadores\/federico-ozanam\/"},"img":{"alt_text":"","src":"https:\/\/i0.wp.com\/vincentians.com\/es\/wp-content\/uploads\/sites\/11\/2016\/10\/cara-ozanam.jpg?fit=1200%2C630&ssl=1&resize=350%2C200","width":350,"height":200,"srcset":"https:\/\/i0.wp.com\/vincentians.com\/es\/wp-content\/uploads\/sites\/11\/2016\/10\/cara-ozanam.jpg?fit=1200%2C630&ssl=1&resize=350%2C200 1x, https:\/\/i0.wp.com\/vincentians.com\/es\/wp-content\/uploads\/sites\/11\/2016\/10\/cara-ozanam.jpg?fit=1200%2C630&ssl=1&resize=525%2C300 1.5x, https:\/\/i0.wp.com\/vincentians.com\/es\/wp-content\/uploads\/sites\/11\/2016\/10\/cara-ozanam.jpg?fit=1200%2C630&ssl=1&resize=700%2C400 2x, https:\/\/i0.wp.com\/vincentians.com\/es\/wp-content\/uploads\/sites\/11\/2016\/10\/cara-ozanam.jpg?fit=1200%2C630&ssl=1&resize=1050%2C600 3x"},"classes":[]},{"id":127193,"url":"https:\/\/vincentians.com\/es\/federico-ozanam-1813-1853-y-las-conferencias-de-san-vicente-de-paul\/","url_meta":{"origin":28585,"position":2},"title":"Federico Ozanam (1813-1853) y las Conferencias de san Vicente de Pa\u00fal","author":"Francisco Javier Fern\u00e1ndez Chento","date":"16\/01\/2015","format":false,"excerpt":"Inicio esta ponencia acerca de Federico Ozanam y las Conferencias de San Vicente de Pa\u00fal agradeciendo la invitaci\u00f3n de la comisi\u00f3n encargada de esta vig\u00e9simo quinta Semana Vicentina en la persona del P. Chuno. Obviamente, como vicentino nos vemos comprometidos en el estudio de la vida de nuestros santos y\u2026","rel":"","context":"En \u00abFederico Ozanam\u00bb","block_context":{"text":"Federico Ozanam","link":"https:\/\/vincentians.com\/es\/category\/la-familia-vicenciana\/fundadores\/federico-ozanam\/"},"img":{"alt_text":"","src":"https:\/\/i0.wp.com\/vincentians.com\/es\/wp-content\/uploads\/sites\/11\/2016\/07\/young-ozanam.jpg?fit=1200%2C630&ssl=1&resize=350%2C200","width":350,"height":200,"srcset":"https:\/\/i0.wp.com\/vincentians.com\/es\/wp-content\/uploads\/sites\/11\/2016\/07\/young-ozanam.jpg?fit=1200%2C630&ssl=1&resize=350%2C200 1x, https:\/\/i0.wp.com\/vincentians.com\/es\/wp-content\/uploads\/sites\/11\/2016\/07\/young-ozanam.jpg?fit=1200%2C630&ssl=1&resize=525%2C300 1.5x, https:\/\/i0.wp.com\/vincentians.com\/es\/wp-content\/uploads\/sites\/11\/2016\/07\/young-ozanam.jpg?fit=1200%2C630&ssl=1&resize=700%2C400 2x, https:\/\/i0.wp.com\/vincentians.com\/es\/wp-content\/uploads\/sites\/11\/2016\/07\/young-ozanam.jpg?fit=1200%2C630&ssl=1&resize=1050%2C600 3x"},"classes":[]},{"id":405173,"url":"https:\/\/vincentians.com\/es\/ozanam-un-sabio-entre-los-pobres-x\/","url_meta":{"origin":28585,"position":3},"title":"OZANAM: UN SABIO ENTRE LOS POBRES (X)","author":"Mitxel Olabu\u00e9naga","date":"16\/04\/2024","format":false,"excerpt":"X.- EL COMPROMISO (1843-1844) En 1843, el rey envejecido (tiene 71 a\u00f1os) logra con dificultad mantenerse en el poder. Su hijo mayor, el duque de Orl\u00e9ans, perdi\u00f3 la vida en un accidente de calesa, el vera\u00adno anterior, por lo que el heredero al trono ahora es el nieto, el conde\u2026","rel":"","context":"En \u00abFederico Ozanam\u00bb","block_context":{"text":"Federico Ozanam","link":"https:\/\/vincentians.com\/es\/category\/la-familia-vicenciana\/fundadores\/federico-ozanam\/"},"img":{"alt_text":"","src":"https:\/\/i0.wp.com\/vincentians.com\/es\/wp-content\/uploads\/sites\/11\/2023\/08\/aaa.jpg?fit=800%2C328&ssl=1&resize=350%2C200","width":350,"height":200,"srcset":"https:\/\/i0.wp.com\/vincentians.com\/es\/wp-content\/uploads\/sites\/11\/2023\/08\/aaa.jpg?fit=800%2C328&ssl=1&resize=350%2C200 1x, https:\/\/i0.wp.com\/vincentians.com\/es\/wp-content\/uploads\/sites\/11\/2023\/08\/aaa.jpg?fit=800%2C328&ssl=1&resize=525%2C300 1.5x, https:\/\/i0.wp.com\/vincentians.com\/es\/wp-content\/uploads\/sites\/11\/2023\/08\/aaa.jpg?fit=800%2C328&ssl=1&resize=700%2C400 2x"},"classes":[]},{"id":128628,"url":"https:\/\/vincentians.com\/es\/federico-ozanam-por-mons-baunard-capitulo-16\/","url_meta":{"origin":28585,"position":4},"title":"Federico Ozanam (por Mons. Baunard): Cap\u00edtulo 16","author":"Francisco Javier Fern\u00e1ndez Chento","date":"07\/09\/2016","format":false,"excerpt":"Cap\u00edtulo XVI: Maestro y disc\u00edpulos Colegio Estanislao.\u2014Sorbona.\u2014Estudiantes.\u2014Ex\u00e1menes.\u2014El Circulo.\u2014Las Conferencias de Par\u00eds.\u2014La Pol\u00e9mica Religiosa.\u2014Recuerdos y Resoluciones. 1841-1843 Desde principios de 1842, Federico Ozanam y su esposa, domici\u00adliados en Par\u00eds, hab\u00edan alquilado primero un modesto pero tran\u00adquilo departamento en la calle de Grenelle-Saint-Germain. Cuando se volvi\u00f3 inhabitable en la estaci\u00f3n caliente, su\u2026","rel":"","context":"En \u00abFederico Ozanam\u00bb","block_context":{"text":"Federico Ozanam","link":"https:\/\/vincentians.com\/es\/category\/la-familia-vicenciana\/fundadores\/federico-ozanam\/"},"img":{"alt_text":"","src":"https:\/\/i0.wp.com\/vincentians.com\/es\/wp-content\/uploads\/sites\/11\/2016\/07\/frederic-ozanam-layman-for-now.jpg?fit=1200%2C630&ssl=1&resize=350%2C200","width":350,"height":200,"srcset":"https:\/\/i0.wp.com\/vincentians.com\/es\/wp-content\/uploads\/sites\/11\/2016\/07\/frederic-ozanam-layman-for-now.jpg?fit=1200%2C630&ssl=1&resize=350%2C200 1x, https:\/\/i0.wp.com\/vincentians.com\/es\/wp-content\/uploads\/sites\/11\/2016\/07\/frederic-ozanam-layman-for-now.jpg?fit=1200%2C630&ssl=1&resize=525%2C300 1.5x, https:\/\/i0.wp.com\/vincentians.com\/es\/wp-content\/uploads\/sites\/11\/2016\/07\/frederic-ozanam-layman-for-now.jpg?fit=1200%2C630&ssl=1&resize=700%2C400 2x, https:\/\/i0.wp.com\/vincentians.com\/es\/wp-content\/uploads\/sites\/11\/2016\/07\/frederic-ozanam-layman-for-now.jpg?fit=1200%2C630&ssl=1&resize=1050%2C600 3x"},"classes":[]},{"id":143683,"url":"https:\/\/vincentians.com\/es\/federico-ozanam-y-sor-rosalia-rendu-un-encuentro-providencial\/","url_meta":{"origin":28585,"position":5},"title":"Federico Ozanam y Sor Rosal\u00eda Rendu, un encuentro providencial","author":"Francisco Javier Fern\u00e1ndez Chento","date":"09\/09\/2024","format":false,"excerpt":"En su carta enc\u00edclica Deus Caritas est, el Papa Benedicto XVI afirma: \u201cse comienza a ser cristiano\u2026 por el encuentro con un acontecimiento, con una Persona, que da un nuevo horizonte a la vida y, con ello, una orientaci\u00f3n decisiva.\u201d El Santo Padre habla aqu\u00ed del encuentro con el Verbo\u2026","rel":"","context":"En \u00abFederico Ozanam\u00bb","block_context":{"text":"Federico Ozanam","link":"https:\/\/vincentians.com\/es\/category\/la-familia-vicenciana\/fundadores\/federico-ozanam\/"},"img":{"alt_text":"","src":"https:\/\/i0.wp.com\/vincentians.com\/es\/wp-content\/uploads\/sites\/11\/2017\/10\/hijas-caridad1.jpg?fit=846%2C446&ssl=1&resize=350%2C200","width":350,"height":200,"srcset":"https:\/\/i0.wp.com\/vincentians.com\/es\/wp-content\/uploads\/sites\/11\/2017\/10\/hijas-caridad1.jpg?fit=846%2C446&ssl=1&resize=350%2C200 1x, https:\/\/i0.wp.com\/vincentians.com\/es\/wp-content\/uploads\/sites\/11\/2017\/10\/hijas-caridad1.jpg?fit=846%2C446&ssl=1&resize=525%2C300 1.5x, https:\/\/i0.wp.com\/vincentians.com\/es\/wp-content\/uploads\/sites\/11\/2017\/10\/hijas-caridad1.jpg?fit=846%2C446&ssl=1&resize=700%2C400 2x"},"classes":[]}],"_links":{"self":[{"href":"https:\/\/vincentians.com\/es\/wp-json\/wp\/v2\/posts\/28585","targetHints":{"allow":["GET"]}}],"collection":[{"href":"https:\/\/vincentians.com\/es\/wp-json\/wp\/v2\/posts"}],"about":[{"href":"https:\/\/vincentians.com\/es\/wp-json\/wp\/v2\/types\/post"}],"author":[{"embeddable":true,"href":"https:\/\/vincentians.com\/es\/wp-json\/wp\/v2\/users\/4"}],"replies":[{"embeddable":true,"href":"https:\/\/vincentians.com\/es\/wp-json\/wp\/v2\/comments?post=28585"}],"version-history":[{"count":1,"href":"https:\/\/vincentians.com\/es\/wp-json\/wp\/v2\/posts\/28585\/revisions"}],"predecessor-version":[{"id":405887,"href":"https:\/\/vincentians.com\/es\/wp-json\/wp\/v2\/posts\/28585\/revisions\/405887"}],"wp:featuredmedia":[{"embeddable":true,"href":"https:\/\/vincentians.com\/es\/wp-json\/wp\/v2\/media\/149697"}],"wp:attachment":[{"href":"https:\/\/vincentians.com\/es\/wp-json\/wp\/v2\/media?parent=28585"}],"wp:term":[{"taxonomy":"category","embeddable":true,"href":"https:\/\/vincentians.com\/es\/wp-json\/wp\/v2\/categories?post=28585"},{"taxonomy":"post_tag","embeddable":true,"href":"https:\/\/vincentians.com\/es\/wp-json\/wp\/v2\/tags?post=28585"}],"curies":[{"name":"wp","href":"https:\/\/api.w.org\/{rel}","templated":true}]}}