{"id":28115,"date":"2013-09-04T07:37:46","date_gmt":"2013-09-04T05:37:46","guid":{"rendered":"http:\/\/somos.vicencianos.org\/?p=28115"},"modified":"2016-07-26T19:19:10","modified_gmt":"2016-07-26T17:19:10","slug":"la-tribu-de-jesus","status":"publish","type":"post","link":"https:\/\/vincentians.com\/es\/la-tribu-de-jesus\/","title":{"rendered":"La tribu de Jes\u00fas"},"content":{"rendered":"<p><a href=\"https:\/\/i0.wp.com\/vicencianos.org\/wp-content\/2011\/01\/jesus_jovenes.jpg\"><img data-recalc-dims=\"1\" loading=\"lazy\" decoding=\"async\" class=\"alignright size-medium wp-image-28116\" alt=\"\" src=\"https:\/\/i0.wp.com\/vicencianos.org\/wp-content\/2011\/01\/jesus_jovenes-300x241.jpg?resize=300%2C241\" width=\"300\" height=\"241\" \/><\/a>En la \u00faltima revista JMV Marif\u00e9 termina su art\u00edculo escribiendo: <em>\u00abActualmente, cuando miramos a nuestro alrededor reconocemos a qu\u00e9 tribus urbanas pertenecen los j\u00f3venes\u2026en qu\u00e9 universo cultural est\u00e1n \u00absumergidos\u00bb<\/em>. \u00a1Qu\u00e9 sugerente! Sumergidos en Cristo por el Bautismo, metidos en sus aguas y saliendo de ellas, renovados con nueva y profunda identidad. Con nueva vestidura y hasta con nuevo nombre. \u00a1Perteneciendo a una nueva TRIBU! Hablemos de la tribu.<\/p>\n<p>Esta tribu es, adem\u00e1s de urbana, rural, acu\u00e1tica, a\u00e9rea, celestial. Es una tribu universal. Una tribu que tiene: sus rituales propios, sus costumbres, su forma de organizarse, sus principios, su forma de vida\u2026<\/p>\n<p>\u00bfLa conoces? \u00bfSer\u00e1 posible una tribu con tantas se\u00f1ales de identidad y, a la vez, tan universal?<\/p>\n<p style=\"padding-left: 30px\"><em>Estaba yo en Nacala (Mozambique) y me pidieron que fuese a celebrar la Eucarist\u00eda a la comunidad de san Agust\u00edn. Manifest\u00e9 mi dificultad ling\u00fc\u00edstica, especialmente para la homil\u00eda. No hay dificultad. Me dicen: t\u00fa hablas en castellano, te traducen al portugu\u00e9s y luego, alguien lo har\u00e1 al mac\u00faa. Solucionado.<\/em><\/p>\n<p style=\"padding-left: 30px\"><em>Llego con alegr\u00eda y feliz. Saludo. Me quedo impresionado: gente, organizaci\u00f3n, sonrisas, fiesta\u2026 \u00a1Qu\u00e9 ambientazo! Se nota algo especial. Me dispongo a preparar la Eucarist\u00eda que, ya me han advertido, ser\u00e1 muy movida, al estilo africano, tendr\u00e9 hasta que \u00abbailar\u00bb. Y, de repente, cambia todo.<\/em><\/p>\n<p style=\"padding-left: 30px\"><em>Me comunican que alguien desea confesarse. Yo pienso que habr\u00e1 un problema con la lengua. Pero pronto hallo la soluci\u00f3n: que la persona hable despacio en portugu\u00e9s y yo, en castellano. Contento de nuevo.<\/em><\/p>\n<p style=\"padding-left: 30px\"><em>Se complican las cosas. Los penitentes solo se expresan en su idioma, el mac\u00faa. No s\u00e9 qu\u00e9 hacer, pero me decido a ir al lugar de la Celebraci\u00f3n Penitencial. Tiemblo, pero como soy un atrevido\u2026<\/em><\/p>\n<p style=\"padding-left: 30px\"><em>Llega el momento. Hacemos en el nombre del Padre\u2026, la persona se recoge, me habla. Luego me mira, yo le sonr\u00edo y le doy un abrazo. Le ense\u00f1o el crucifijo. Levanto las dos manos sobre su cabeza, ella la agacha y se recoge, digo las palabras de la absoluci\u00f3n y hago la se\u00f1al de la cruz en el momento de decirle \u00abYo te absuelvo\u2026en el nombre del Padre\u2026\u00bb, ella se santigua. Me mira, sonr\u00ede, le doy otro abrazo y se va. As\u00ed, hora y cuarto.<\/em><\/p>\n<p style=\"padding-left: 30px\"><em>\u00a1Nos hemos entendido perfectamente! Ellos y ellas, en mac\u00faa y yo, en castellano.<\/em><\/p>\n<p>\u00a1Es que esta tribu es universal! Aquella Eucarist\u00eda que sigui\u00f3, ha sido una de las m\u00e1s felices y sentidas de mi vida, porque comprend\u00ed, en la experiencia intensa, que mi seguimiento a Jesucristo tiene una dimensi\u00f3n comunitaria y universal. Ya lo sab\u00eda, pero sentirlo tan fuerte me hizo vivirlo a tope. \u00a1Yo les hab\u00eda entendido! \u00a1Ellos me hab\u00edan entendido!\u00a0 Es que somos de la misma tribu y tenemos unos mismos principios, unos mismos signos, un mismo lenguaje, unas mismas contrase\u00f1as,\u2026<\/p>\n<p>Pensemos en el comienzo de esta tribu. No nos olvidemos, que se trata de la de los sumergidos en el Se\u00f1or Jes\u00fas. Los bautizados, sus seguidores.<\/p>\n<p>Y ocurri\u00f3 que el primer acto p\u00fablico de ella, donde se dio a conocer, \u00a0fue una predicaci\u00f3n. La escucharon gente venida de muchos sitios y con diversas lenguas y todos entendieron a un pescador tozudo, cabez\u00f3n y recalcitrante que les hablaba de un tal Jes\u00fas, a quien acababan de matar y que hab\u00eda resucitado; que pas\u00f3 la vida haciendo el bien; que \u00c9l era el Mes\u00edas prometido, y que los que estaban con \u00e9l eran testigos de esta resurrecci\u00f3n.<\/p>\n<p>\u00bfQu\u00e9 hab\u00eda sucedido? Porque unos d\u00edas antes el tal Pedro y sus compa\u00f1eros y compa\u00f1eras hab\u00edan huido, llenos de miedo en el cuerpo. Muy sencillo, hab\u00eda venido sobre ellos el Esp\u00edritu Santo y les hab\u00eda dado toda su fuerza para que comprendiesen lo que hab\u00edan visto y o\u00eddo junto a Jes\u00fas y se lanzasen a anunciarlo al mundo. As\u00ed naci\u00f3 la tribu de los seguidores de Jes\u00fas, de los sumergidos en \u00c9l, la IGLESIA.<\/p>\n<p>Pedro les invit\u00f3 a apuntarse y muchos lo hicieron.<\/p>\n<p>Lo que all\u00ed comenz\u00f3, no par\u00f3, sino que, siguiendo el mandato del propio Jes\u00fas, se fue anunciando por toda la tierra. Estos d\u00edas celebramos a San Francisco Javier \u00a1mira que fue un misionero incansable! Estuvo en la India, Jap\u00f3n y hasta las puertas de China Le dije a un compa\u00f1ero nacido en la India:\u00bb Celebrar\u00e1s a San Francisco que llev\u00f3 la fe a la India\u00bb (\u00a1Que metedura de pata por mi parte!) Me contest\u00f3: fue Santo Tom\u00e1s. Era uno de aquellos primeros pertenecientes a la Iglesia, de los ap\u00f3stoles y disc\u00edpulos que recibieron la fuerza de Dios. Lleg\u00f3 hasta la India.<\/p>\n<p>De todas formas, ya Jes\u00fas en\u00a0 su vida en medio de la humanidad fue apuntando la necesidad del grupo. Recuerdo unos sencillos retazos. Desde que comenz\u00f3 a hablar del Reino de Dios, llam\u00f3 a unos especialmente junto a \u00e9l, los Ap\u00f3stoles. No es que fuesen de mucha ayuda, en ocasiones eran un estorbo, pero sigui\u00f3 empe\u00f1ado en estar con ellos. Os recuerdo algunos sucesos: a Pedro le dijo: \u00abap\u00e1rtate de mi Satan\u00e1s\u00bb cuando intentaba convencerle de que no fuese a Jerusal\u00e9n y as\u00ed se quedase bien instalado en Galilea; les tuvo que llamar la atenci\u00f3n cuando discut\u00edan qui\u00e9n ser\u00eda el primero despu\u00e9s de \u00c9l en el gobierno del reino y todos se cabrearon entre s\u00ed; lo traicionaron y abandonaron en cuanto lleg\u00f3 el peligro; ya hab\u00eda resucitado y segu\u00edan pensando si ya comenzar\u00eda a gobernar\u2026 Pese a todo, siempre sigui\u00f3 con ellos y los mantuvo como grupo.<\/p>\n<p>La Iglesia inmediatamente comenz\u00f3 a organizarse en peque\u00f1os grupos. A cada ciudad que llegaba el anuncio de la buena noticia que Jes\u00fas hab\u00eda anunciado y alguien se hac\u00eda su seguidor, lo aceptaba para s\u00ed, intentaba vivir como Jes\u00fas propon\u00eda, con el amor y la misericordia por delante,\u2026 se reun\u00edan, oraban juntos, cenaban juntos, recordaban juntos las palabras y propuestas de Jes\u00fas y viv\u00edan el recuerdo de la \u00daltima Cena partiendo y compartiendo el mismo Pan y el mismo C\u00e1liz. Recordaban y celebraban semanalmente su Resurrecci\u00f3n, el triunfo sobre el mal. Y cada vez se les un\u00eda m\u00e1s gente.<\/p>\n<p>Unas comunidades con otras se relacionaban continuamente. Se intercambiaban copias de los dichos y hechos de Jes\u00fas que hab\u00edan puesto por escrito despu\u00e9s de o\u00edrlas de boca de los disc\u00edpulos. Se ayudaban en momentos dif\u00edciles. Todo el que llegaba a una ciudad buscaba a sus hermanos para celebrar con ellos la misma fe y esperanza. Fue surgiendo una bella e intensa relaci\u00f3n que llamamos con una preciosa palabra: COMUNI\u00d3N.<\/p>\n<p>No fue f\u00e1cil en los comienzos, ni luego m\u00e1s tarde, ni lo es ahora. La Iglesia quiere ser y hacer esa comuni\u00f3n entre quienes siguen a Jes\u00fas, pero los intereses, las infidelidades, el poder, la cabezoner\u00eda, el individualismo, el radicalismo\u2026 ha hecho y hace, que sea una gran tarea muy fr\u00e1gil. Pero, a la vez lo m\u00e1s bello. Quienes siguen a Jes\u00fas, quienes de verdad y coraz\u00f3n est\u00e1n sumergidos en \u00c9l, se sienten en comuni\u00f3n. Es una uni\u00f3n que se percibe por encima de las distancias y hasta de las ideolog\u00edas en la mayor\u00eda de las ocasiones.<\/p>\n<p>\u00a1Qu\u00e9 sabio fue Jes\u00fas! Esta era una de sus grandes preocupaciones y cuando se estaba despidiendo de sus m\u00e1s \u00edntimos, primero nos regalo el pan partido y el c\u00e1liz compartido, su Cuerpo y su Sangre para que todos pudi\u00e9semos unirnos en ellos y tomar fuerza de ellos para mantener la comuni\u00f3n. El mismo pan y la misma bebida en todas las reuniones de los suyos.<\/p>\n<p>Despu\u00e9s, hizo un gesto que es la clave de esa comuni\u00f3n: lavar los pies, es decir, servirnos unos a otros, y servir m\u00e1s, quien m\u00e1s encargo tiene de trabajar por esa comuni\u00f3n, los que tienen cualquier ministerio y tarea en la Iglesia. Y juntos servir a la humanidad.<\/p>\n<p>Adem\u00e1s, en el testamento-oraci\u00f3n posterior a la cena le pide al Padre: \u00abQue todos sean uno para que el mundo crea que t\u00fa me has enviado\u00bb. Y lo pide con insistencia y reiteraci\u00f3n (cf Jn 17, 1ss).<\/p>\n<p>En la historia la comuni\u00f3n se ha roto de muchas formas y por muchos motivos. Unas veces porque unos han pensado una cosa de Jes\u00fas y otros, otra; en ocasiones, por pensar distinto sobre la organizaci\u00f3n de la Iglesia; en otras, por intereses pol\u00edticos o particulares; otras, por el ego\u00edsmo de querer mandar o introducir pensamientos propios\u2026<\/p>\n<p>Muchas veces se ve que cuando los seguidores del Se\u00f1or piensan en los pobres y en el amor y misericordia que Jesucristo nos anunci\u00f3, se suelen destruir todas las divisiones. Cada vez m\u00e1s la Iglesia so\u00f1amos y queremos esa comuni\u00f3n que nos pidi\u00f3.<\/p>\n<p>Pero la comuni\u00f3n no solo es un problema de asuntos graves y grandes, sino de lo m\u00e1s cercano. Es algo que tenemos que hacer visible entre los peque\u00f1os grupos, comunidades, que formamos la Iglesia.<\/p>\n<p>Es muy importante la palabra VISIBLE.<\/p>\n<p>En m\u00e1s de una ocasi\u00f3n surge la discusi\u00f3n sobre la comuni\u00f3n en la Iglesia hablando de c\u00f3mo todos estamos unidos en el Pan eucar\u00edstico, en el Obispo que nos preside,\u2026 Eso es verdad, pero \u00bfc\u00f3mo puede el mundo creer si no ve visiblemente esa unidad, sino s\u00f3lo se queda en lo profundo de la conciencia de los cristianos, y en lo externo aparece la divisi\u00f3n o diferencias? Esta es una tarea que nos corresponde llevar a cavo con inter\u00e9s, sin descanso.<\/p>\n<p>Adem\u00e1s lo sentimos y sabemos, cuando un grupo de cristianos est\u00e1 muy unido, llama la atenci\u00f3n. Cuando un grupo de aqu\u00ed y otro de all\u00ed se encuentran y hacen visible esa unidad, \u00a1qu\u00e9 sensaci\u00f3n de felicidad vivimos!<\/p>\n<p>\u00bfNo pasa eso en nuestros encuentros, en el ciber espacio (aunque sea en \u00abgeneraci\u00f3n inserso\u00bb)? Este es uno de los grandes valores de momentos como ahora nos disponemos a celebrar: la Jornada Mundial de la Juventud. Creo que es su mayor riqueza<strong>: sentir la comuni\u00f3n<\/strong>, que formamos parte de la misma Iglesia. Tiene otras muchas, como tiene otros problemas, pero la experiencia fuerte de entender y vivir los mismos signos, las mismas esperanzas, la misma fe todos juntos, venidos de todos los lugares del mundo es central.<\/p>\n<p>De la Iglesia se dicen muchas im\u00e1genes para expresar qu\u00e9 es y c\u00f3mo es: nuestra madre, Jerusal\u00e9n celestial, esposa de Cristo, cuerpo de Cristo, una barca\u2026 \u00a0Todas son bonitas y nos aportan muchas cosas. El Concilio Vaticano II escogi\u00f3 una en el documento Lumen Gentium (Luz de los pueblos) preciosa: <strong>Pueblo de Dios<\/strong>. Dedica todo el Cap\u00edtulo II que lo coloc\u00f3 expresamente antes de hablar de la organizaci\u00f3n de la Iglesia. Porque todos, por el Bautismo somos parte de este pueblo que en la Tierra es semilla en medio de la humanidad del Reino de Dios. Esta es nuestra principal identidad y lo que m\u00e1s claro tenemos que tener. Lo tenemos que tener claro y vivirlo.<\/p>\n<p>Cuantas veces hablamos de la Iglesia y s\u00f3lo nos referimos a la organizaci\u00f3n. Es una equivocaci\u00f3n que los que nos sentimos seguidores claros de Jes\u00fas no podemos tener. \u00a1Somos la Iglesia!<\/p>\n<p>Que hay cosas de la organizaci\u00f3n que no te gustan del todo, \u00a1pues a proponer que sean de otra forma! Pero lo que nos define es nuestra tarea, nuestra forma de vida tom\u00e1ndose en serio lo de ser semilla de ese reino en donde vivimos y en la misi\u00f3n que nos ha pedido Dios y a la que estamos intentando responder. Todos tenemos algo especial que hacer por ese Reino.<\/p>\n<p>A veces resulta dif\u00edcil identificarse claramente con la Iglesia. Basta mirar encuestas y opiniones. Sirva como ejemplo que se puede consultar los datos del \u00faltimo estudio de la Fundaci\u00f3n SM \u00abJ\u00f3venes 2010\u00bb (15-24 a\u00f1os) mientras un 53,5 % se considera cat\u00f3lico, solo un 22 % opina que la religi\u00f3n es algo importante en su vida. Ocupa el \u00faltimo lugar entre las propuestas presentadas a los j\u00f3venes. La pol\u00edtica le pasa porque lo es para un 27% y la siguiente por abajo es la vida sexual satisfactoria (\u00a1ojo al dato!) con un81% de importancia. \u00a1Qu\u00e9 distancia!<\/p>\n<p>Un 32 % se siente parte de la Iglesia y piensa que seguir\u00e1 si\u00e9ndolo. Un 60% de los que dicen ser creyentes piensan que las cosas de la fe son privadas y no hay porqu\u00e9 expresarlas en p\u00fablico. \u00a1Equivocados! La fe tenemos que vivirla juntos y hacer visible nuestra comunidad, la Iglesia, la \u00abtribu\u00bb \u00bfQu\u00e9 ser\u00eda de un g\u00f3tico que nunca saliese a la calle con ropa negra?<\/p>\n<p>\u00a1Cu\u00e1ntas veces o\u00edmos aquello de \u00abcreo en Dios, pero no en la Iglesia!<\/p>\n<p>Por muchos datos y frases que oigamos, no hay duda. Lo importante es la identidad aut\u00e9ntica y decidida de quienes sentimos ser seguidores de Jesucristo y formamos y nos sentimos parte de su Iglesia, de su tribu. Porque vivimos llenos del amor y del servicio. Y nos reunimos y celebramos la vida semanalmente, extraordinariamente en los momentos cruciales de la vida. Somos testigos de nuestro Se\u00f1or y esperamos el triunfo del bien sobre el mal en la humanidad.<\/p>\n<p style=\"padding-left: 30px\"><em>Hab\u00eda una vez una preciosa hoguera que daba calor y luz. La formaban un buen n\u00famero de troncos. Empezaron a discutir entre ellos si no ser\u00eda mejor separarse para as\u00ed dar luz y calor a m\u00e1s espacio. La mayor\u00eda concluyo que no, que todos juntos cumpl\u00edan mejor su misi\u00f3n. Pero uno de los troncos no lo acept\u00f3 y se apart\u00f3. Pronto se fue apagando y comprob\u00f3 que no pod\u00eda dar ni luz ni calor. Corri\u00f3 a ponerse junto a los otros y su llama prendi\u00f3 de nuevo y sigui\u00f3 dando luz y calor<\/em>.<\/p>\n","protected":false},"excerpt":{"rendered":"<p>En la \u00faltima revista JMV Marif\u00e9 termina su art\u00edculo escribiendo: \u00abActualmente, cuando miramos a nuestro alrededor reconocemos a qu\u00e9 tribus urbanas pertenecen los j\u00f3venes\u2026en qu\u00e9 universo cultural est\u00e1n \u00absumergidos\u00bb. \u00a1Qu\u00e9 sugerente! Sumergidos en Cristo por &#8230; <a href=\"https:\/\/vincentians.com\/es\/la-tribu-de-jesus\/\" class=\"more-link\">Read More<\/a><\/p>\n","protected":false},"author":4,"featured_media":28117,"comment_status":"open","ping_status":"open","sticky":false,"template":"","format":"standard","meta":{"jetpack_post_was_ever_published":false,"_jetpack_newsletter_access":"","_jetpack_dont_email_post_to_subs":false,"_jetpack_newsletter_tier_id":0,"_jetpack_memberships_contains_paywalled_content":false,"_jetpack_memberships_contains_paid_content":false,"footnotes":"","jetpack_publicize_message":"","jetpack_publicize_feature_enabled":true,"jetpack_social_post_already_shared":true,"jetpack_social_options":{"image_generator_settings":{"template":"highway","default_image_id":0,"font":"","enabled":false},"version":2}},"categories":[28,202],"tags":[149],"class_list":["post-28115","post","type-post","status-publish","format-standard","has-post-thumbnail","hentry","category-formacion-vicenciana","category-juventudes-marianas-vicencianas","tag-san-francisco-javier"],"yoast_head":"<!-- This site is optimized with the Yoast SEO plugin v26.3 - https:\/\/yoast.com\/wordpress\/plugins\/seo\/ -->\n<title>La tribu de Jes\u00fas - Somos Vicencianos<\/title>\n<meta name=\"robots\" content=\"index, follow, max-snippet:-1, max-image-preview:large, max-video-preview:-1\" \/>\n<link rel=\"canonical\" href=\"https:\/\/vincentians.com\/es\/la-tribu-de-jesus\/\" \/>\n<meta property=\"og:locale\" content=\"es_ES\" \/>\n<meta property=\"og:type\" content=\"article\" \/>\n<meta property=\"og:title\" content=\"La tribu de Jes\u00fas - Somos Vicencianos\" \/>\n<meta property=\"og:description\" content=\"En la \u00faltima revista JMV Marif\u00e9 termina su art\u00edculo escribiendo: \u00abActualmente, cuando miramos a nuestro alrededor reconocemos a qu\u00e9 tribus urbanas pertenecen los j\u00f3venes\u2026en qu\u00e9 universo cultural est\u00e1n \u00absumergidos\u00bb. \u00a1Qu\u00e9 sugerente! Sumergidos en Cristo por ... Read More\" \/>\n<meta property=\"og:url\" content=\"https:\/\/vincentians.com\/es\/la-tribu-de-jesus\/\" \/>\n<meta property=\"og:site_name\" content=\"Somos Vicencianos\" \/>\n<meta property=\"article:publisher\" content=\"https:\/\/www.facebook.com\/WeAreVincentians\/\" \/>\n<meta property=\"article:author\" content=\"https:\/\/www.facebook.com\/JavierChento\" \/>\n<meta property=\"article:published_time\" content=\"2013-09-04T05:37:46+00:00\" \/>\n<meta property=\"article:modified_time\" content=\"2016-07-26T17:19:10+00:00\" \/>\n<meta name=\"author\" content=\"Francisco Javier Fern\u00e1ndez Chento\" \/>\n<meta name=\"twitter:card\" content=\"summary_large_image\" \/>\n<meta name=\"twitter:creator\" content=\"@https:\/\/twitter.com\/javierchento\" \/>\n<meta name=\"twitter:site\" content=\"@WeVincentians\" \/>\n<meta name=\"twitter:label1\" content=\"Escrito por\" \/>\n\t<meta name=\"twitter:data1\" content=\"Francisco Javier Fern\u00e1ndez Chento\" \/>\n\t<meta name=\"twitter:label2\" content=\"Tiempo de lectura\" \/>\n\t<meta name=\"twitter:data2\" content=\"12 minutos\" \/>\n<script type=\"application\/ld+json\" class=\"yoast-schema-graph\">{\"@context\":\"https:\/\/schema.org\",\"@graph\":[{\"@type\":\"Article\",\"@id\":\"https:\/\/vincentians.com\/es\/la-tribu-de-jesus\/#article\",\"isPartOf\":{\"@id\":\"https:\/\/vincentians.com\/es\/la-tribu-de-jesus\/\"},\"author\":{\"name\":\"Francisco Javier Fern\u00e1ndez Chento\",\"@id\":\"https:\/\/vincentians.com\/es\/#\/schema\/person\/9623ef4d9aa3b2dfb8c061f1499288f2\"},\"headline\":\"La tribu de Jes\u00fas\",\"datePublished\":\"2013-09-04T05:37:46+00:00\",\"dateModified\":\"2016-07-26T17:19:10+00:00\",\"mainEntityOfPage\":{\"@id\":\"https:\/\/vincentians.com\/es\/la-tribu-de-jesus\/\"},\"wordCount\":2403,\"commentCount\":0,\"publisher\":{\"@id\":\"https:\/\/vincentians.com\/es\/#organization\"},\"image\":{\"@id\":\"https:\/\/vincentians.com\/es\/la-tribu-de-jesus\/#primaryimage\"},\"thumbnailUrl\":\"\",\"keywords\":[\"San Francisco Javier\"],\"articleSection\":[\"Formaci\u00f3n Vicenciana\",\"Juventudes Marianas Vicencianas\"],\"inLanguage\":\"es\",\"potentialAction\":[{\"@type\":\"CommentAction\",\"name\":\"Comment\",\"target\":[\"https:\/\/vincentians.com\/es\/la-tribu-de-jesus\/#respond\"]}]},{\"@type\":\"WebPage\",\"@id\":\"https:\/\/vincentians.com\/es\/la-tribu-de-jesus\/\",\"url\":\"https:\/\/vincentians.com\/es\/la-tribu-de-jesus\/\",\"name\":\"La tribu de Jes\u00fas - Somos Vicencianos\",\"isPartOf\":{\"@id\":\"https:\/\/vincentians.com\/es\/#website\"},\"primaryImageOfPage\":{\"@id\":\"https:\/\/vincentians.com\/es\/la-tribu-de-jesus\/#primaryimage\"},\"image\":{\"@id\":\"https:\/\/vincentians.com\/es\/la-tribu-de-jesus\/#primaryimage\"},\"thumbnailUrl\":\"\",\"datePublished\":\"2013-09-04T05:37:46+00:00\",\"dateModified\":\"2016-07-26T17:19:10+00:00\",\"breadcrumb\":{\"@id\":\"https:\/\/vincentians.com\/es\/la-tribu-de-jesus\/#breadcrumb\"},\"inLanguage\":\"es\",\"potentialAction\":[{\"@type\":\"ReadAction\",\"target\":[\"https:\/\/vincentians.com\/es\/la-tribu-de-jesus\/\"]}]},{\"@type\":\"ImageObject\",\"inLanguage\":\"es\",\"@id\":\"https:\/\/vincentians.com\/es\/la-tribu-de-jesus\/#primaryimage\",\"url\":\"\",\"contentUrl\":\"\"},{\"@type\":\"BreadcrumbList\",\"@id\":\"https:\/\/vincentians.com\/es\/la-tribu-de-jesus\/#breadcrumb\",\"itemListElement\":[{\"@type\":\"ListItem\",\"position\":1,\"name\":\"Portada\",\"item\":\"https:\/\/vincentians.com\/es\/\"},{\"@type\":\"ListItem\",\"position\":2,\"name\":\"La tribu de Jes\u00fas\"}]},{\"@type\":\"WebSite\",\"@id\":\"https:\/\/vincentians.com\/es\/#website\",\"url\":\"https:\/\/vincentians.com\/es\/\",\"name\":\"Somos Vicencianos\",\"description\":\"Know more to serve more\",\"publisher\":{\"@id\":\"https:\/\/vincentians.com\/es\/#organization\"},\"potentialAction\":[{\"@type\":\"SearchAction\",\"target\":{\"@type\":\"EntryPoint\",\"urlTemplate\":\"https:\/\/vincentians.com\/es\/?s={search_term_string}\"},\"query-input\":{\"@type\":\"PropertyValueSpecification\",\"valueRequired\":true,\"valueName\":\"search_term_string\"}}],\"inLanguage\":\"es\"},{\"@type\":\"Organization\",\"@id\":\"https:\/\/vincentians.com\/es\/#organization\",\"name\":\"The Vincentian Network\",\"url\":\"https:\/\/vincentians.com\/es\/\",\"logo\":{\"@type\":\"ImageObject\",\"inLanguage\":\"es\",\"@id\":\"https:\/\/vincentians.com\/es\/#\/schema\/logo\/image\/\",\"url\":\"https:\/\/i1.wp.com\/vincentians.com\/es\/wp-content\/uploads\/sites\/11\/2016\/06\/Vincentian-Network-logo-big.png?fit=778%2C778\",\"contentUrl\":\"https:\/\/i1.wp.com\/vincentians.com\/es\/wp-content\/uploads\/sites\/11\/2016\/06\/Vincentian-Network-logo-big.png?fit=778%2C778\",\"width\":778,\"height\":778,\"caption\":\"The Vincentian Network\"},\"image\":{\"@id\":\"https:\/\/vincentians.com\/es\/#\/schema\/logo\/image\/\"},\"sameAs\":[\"https:\/\/www.facebook.com\/WeAreVincentians\/\",\"https:\/\/x.com\/WeVincentians\"]},{\"@type\":\"Person\",\"@id\":\"https:\/\/vincentians.com\/es\/#\/schema\/person\/9623ef4d9aa3b2dfb8c061f1499288f2\",\"name\":\"Francisco Javier Fern\u00e1ndez Chento\",\"image\":{\"@type\":\"ImageObject\",\"inLanguage\":\"es\",\"@id\":\"https:\/\/vincentians.com\/es\/#\/schema\/person\/image\/\",\"url\":\"https:\/\/secure.gravatar.com\/avatar\/497d5cde87b4c3d097d0315953521681ba2cd523ee66e5077c3711f7021e65de?s=96&d=mm&r=g\",\"contentUrl\":\"https:\/\/secure.gravatar.com\/avatar\/497d5cde87b4c3d097d0315953521681ba2cd523ee66e5077c3711f7021e65de?s=96&d=mm&r=g\",\"caption\":\"Francisco Javier Fern\u00e1ndez Chento\"},\"description\":\"Director General y cofundador de La Red de Formaci\u00f3n Vicenciana. Javier es laico vicenciano, afiliado a la Congregaci\u00f3n de la Misi\u00f3n y miembro del Equipo de Misiones Populares de la provincia can\u00f3nica de Zaragoza (Espa\u00f1a) de la Congregaci\u00f3n de la Misi\u00f3n. Graduado en la Universidad Oberta de Catalunya con cuatro grados (Asistente de direcci\u00f3n, Gesti\u00f3n Administrativa, Recursos Humanos y Contabilidad Avanzada). Bil\u00edng\u00fce Espa\u00f1ol\/Ingl\u00e9s. gestiona y mantiene varias p\u00e1ginas web cristianas y vicencianas, incluida including La Red de Formaci\u00f3n Vicenciana, de la que es cofundador. Actualmente es responsable del \u00e1rea de Espa\u00f1ol de .famvin, la Red de Noticias de la Familia Vicenciana. Tambi\u00e9n es m\u00fasico cat\u00f3lico y ha editado varios discos. Es Director General y cofundador de Trovador, una reconocida compa\u00f1\u00eda discogr\u00e1fica critiana de Espa\u00f1a. Trabaja en las Tecnolog\u00edas de la Informaci\u00f3n, ofreciendo servicios de alojamiento, dise\u00f1o y mantenimiento Web, as\u00ed como asesoramiento, formaci\u00f3n y soluciones inform\u00e1ticas, gesti\u00f3n documental y digitalizaci\u00f3n de textos, edici\u00f3n y maquetaci\u00f3n de libros, revistas, flyers, etc.\",\"sameAs\":[\"http:\/\/chento.org\",\"https:\/\/www.facebook.com\/JavierChento\",\"https:\/\/x.com\/https:\/\/twitter.com\/javierchento\"],\"url\":\"https:\/\/vincentians.com\/es\/author\/chento\/\"}]}<\/script>\n<!-- \/ Yoast SEO plugin. -->","yoast_head_json":{"title":"La tribu de Jes\u00fas - Somos Vicencianos","robots":{"index":"index","follow":"follow","max-snippet":"max-snippet:-1","max-image-preview":"max-image-preview:large","max-video-preview":"max-video-preview:-1"},"canonical":"https:\/\/vincentians.com\/es\/la-tribu-de-jesus\/","og_locale":"es_ES","og_type":"article","og_title":"La tribu de Jes\u00fas - Somos Vicencianos","og_description":"En la \u00faltima revista JMV Marif\u00e9 termina su art\u00edculo escribiendo: \u00abActualmente, cuando miramos a nuestro alrededor reconocemos a qu\u00e9 tribus urbanas pertenecen los j\u00f3venes\u2026en qu\u00e9 universo cultural est\u00e1n \u00absumergidos\u00bb. \u00a1Qu\u00e9 sugerente! Sumergidos en Cristo por ... Read More","og_url":"https:\/\/vincentians.com\/es\/la-tribu-de-jesus\/","og_site_name":"Somos Vicencianos","article_publisher":"https:\/\/www.facebook.com\/WeAreVincentians\/","article_author":"https:\/\/www.facebook.com\/JavierChento","article_published_time":"2013-09-04T05:37:46+00:00","article_modified_time":"2016-07-26T17:19:10+00:00","author":"Francisco Javier Fern\u00e1ndez Chento","twitter_card":"summary_large_image","twitter_creator":"@https:\/\/twitter.com\/javierchento","twitter_site":"@WeVincentians","twitter_misc":{"Escrito por":"Francisco Javier Fern\u00e1ndez Chento","Tiempo de lectura":"12 minutos"},"schema":{"@context":"https:\/\/schema.org","@graph":[{"@type":"Article","@id":"https:\/\/vincentians.com\/es\/la-tribu-de-jesus\/#article","isPartOf":{"@id":"https:\/\/vincentians.com\/es\/la-tribu-de-jesus\/"},"author":{"name":"Francisco Javier Fern\u00e1ndez Chento","@id":"https:\/\/vincentians.com\/es\/#\/schema\/person\/9623ef4d9aa3b2dfb8c061f1499288f2"},"headline":"La tribu de Jes\u00fas","datePublished":"2013-09-04T05:37:46+00:00","dateModified":"2016-07-26T17:19:10+00:00","mainEntityOfPage":{"@id":"https:\/\/vincentians.com\/es\/la-tribu-de-jesus\/"},"wordCount":2403,"commentCount":0,"publisher":{"@id":"https:\/\/vincentians.com\/es\/#organization"},"image":{"@id":"https:\/\/vincentians.com\/es\/la-tribu-de-jesus\/#primaryimage"},"thumbnailUrl":"","keywords":["San Francisco Javier"],"articleSection":["Formaci\u00f3n Vicenciana","Juventudes Marianas Vicencianas"],"inLanguage":"es","potentialAction":[{"@type":"CommentAction","name":"Comment","target":["https:\/\/vincentians.com\/es\/la-tribu-de-jesus\/#respond"]}]},{"@type":"WebPage","@id":"https:\/\/vincentians.com\/es\/la-tribu-de-jesus\/","url":"https:\/\/vincentians.com\/es\/la-tribu-de-jesus\/","name":"La tribu de Jes\u00fas - Somos Vicencianos","isPartOf":{"@id":"https:\/\/vincentians.com\/es\/#website"},"primaryImageOfPage":{"@id":"https:\/\/vincentians.com\/es\/la-tribu-de-jesus\/#primaryimage"},"image":{"@id":"https:\/\/vincentians.com\/es\/la-tribu-de-jesus\/#primaryimage"},"thumbnailUrl":"","datePublished":"2013-09-04T05:37:46+00:00","dateModified":"2016-07-26T17:19:10+00:00","breadcrumb":{"@id":"https:\/\/vincentians.com\/es\/la-tribu-de-jesus\/#breadcrumb"},"inLanguage":"es","potentialAction":[{"@type":"ReadAction","target":["https:\/\/vincentians.com\/es\/la-tribu-de-jesus\/"]}]},{"@type":"ImageObject","inLanguage":"es","@id":"https:\/\/vincentians.com\/es\/la-tribu-de-jesus\/#primaryimage","url":"","contentUrl":""},{"@type":"BreadcrumbList","@id":"https:\/\/vincentians.com\/es\/la-tribu-de-jesus\/#breadcrumb","itemListElement":[{"@type":"ListItem","position":1,"name":"Portada","item":"https:\/\/vincentians.com\/es\/"},{"@type":"ListItem","position":2,"name":"La tribu de Jes\u00fas"}]},{"@type":"WebSite","@id":"https:\/\/vincentians.com\/es\/#website","url":"https:\/\/vincentians.com\/es\/","name":"Somos Vicencianos","description":"Know more to serve more","publisher":{"@id":"https:\/\/vincentians.com\/es\/#organization"},"potentialAction":[{"@type":"SearchAction","target":{"@type":"EntryPoint","urlTemplate":"https:\/\/vincentians.com\/es\/?s={search_term_string}"},"query-input":{"@type":"PropertyValueSpecification","valueRequired":true,"valueName":"search_term_string"}}],"inLanguage":"es"},{"@type":"Organization","@id":"https:\/\/vincentians.com\/es\/#organization","name":"The Vincentian Network","url":"https:\/\/vincentians.com\/es\/","logo":{"@type":"ImageObject","inLanguage":"es","@id":"https:\/\/vincentians.com\/es\/#\/schema\/logo\/image\/","url":"https:\/\/i1.wp.com\/vincentians.com\/es\/wp-content\/uploads\/sites\/11\/2016\/06\/Vincentian-Network-logo-big.png?fit=778%2C778","contentUrl":"https:\/\/i1.wp.com\/vincentians.com\/es\/wp-content\/uploads\/sites\/11\/2016\/06\/Vincentian-Network-logo-big.png?fit=778%2C778","width":778,"height":778,"caption":"The Vincentian Network"},"image":{"@id":"https:\/\/vincentians.com\/es\/#\/schema\/logo\/image\/"},"sameAs":["https:\/\/www.facebook.com\/WeAreVincentians\/","https:\/\/x.com\/WeVincentians"]},{"@type":"Person","@id":"https:\/\/vincentians.com\/es\/#\/schema\/person\/9623ef4d9aa3b2dfb8c061f1499288f2","name":"Francisco Javier Fern\u00e1ndez Chento","image":{"@type":"ImageObject","inLanguage":"es","@id":"https:\/\/vincentians.com\/es\/#\/schema\/person\/image\/","url":"https:\/\/secure.gravatar.com\/avatar\/497d5cde87b4c3d097d0315953521681ba2cd523ee66e5077c3711f7021e65de?s=96&d=mm&r=g","contentUrl":"https:\/\/secure.gravatar.com\/avatar\/497d5cde87b4c3d097d0315953521681ba2cd523ee66e5077c3711f7021e65de?s=96&d=mm&r=g","caption":"Francisco Javier Fern\u00e1ndez Chento"},"description":"Director General y cofundador de La Red de Formaci\u00f3n Vicenciana. Javier es laico vicenciano, afiliado a la Congregaci\u00f3n de la Misi\u00f3n y miembro del Equipo de Misiones Populares de la provincia can\u00f3nica de Zaragoza (Espa\u00f1a) de la Congregaci\u00f3n de la Misi\u00f3n. Graduado en la Universidad Oberta de Catalunya con cuatro grados (Asistente de direcci\u00f3n, Gesti\u00f3n Administrativa, Recursos Humanos y Contabilidad Avanzada). Bil\u00edng\u00fce Espa\u00f1ol\/Ingl\u00e9s. gestiona y mantiene varias p\u00e1ginas web cristianas y vicencianas, incluida including La Red de Formaci\u00f3n Vicenciana, de la que es cofundador. Actualmente es responsable del \u00e1rea de Espa\u00f1ol de .famvin, la Red de Noticias de la Familia Vicenciana. Tambi\u00e9n es m\u00fasico cat\u00f3lico y ha editado varios discos. Es Director General y cofundador de Trovador, una reconocida compa\u00f1\u00eda discogr\u00e1fica critiana de Espa\u00f1a. Trabaja en las Tecnolog\u00edas de la Informaci\u00f3n, ofreciendo servicios de alojamiento, dise\u00f1o y mantenimiento Web, as\u00ed como asesoramiento, formaci\u00f3n y soluciones inform\u00e1ticas, gesti\u00f3n documental y digitalizaci\u00f3n de textos, edici\u00f3n y maquetaci\u00f3n de libros, revistas, flyers, etc.","sameAs":["http:\/\/chento.org","https:\/\/www.facebook.com\/JavierChento","https:\/\/x.com\/https:\/\/twitter.com\/javierchento"],"url":"https:\/\/vincentians.com\/es\/author\/chento\/"}]}},"jetpack_publicize_connections":[],"jetpack_featured_media_url":"","jetpack_sharing_enabled":true,"jetpack_shortlink":"https:\/\/wp.me\/p7ETMF-7jt","jetpack-related-posts":[{"id":49275,"url":"https:\/\/vincentians.com\/es\/el-dialogo-en-la-evangelizacion-de-las-culturas-tribales-del-sureste-asiatico\/","url_meta":{"origin":28115,"position":0},"title":"El di\u00e1logo en la Evangelizaci\u00f3n de las culturas tribales del Sureste asi\u00e1tico","author":"Francisco Javier Fern\u00e1ndez Chento","date":"05\/09\/2011","format":false,"excerpt":"Introducci\u00f3n Es dif\u00edcil saber los progresos que ha hecho el di\u00e1logo en la evangelizacion de las culturas tribales del Sureste Asi\u00e1tico. Yo s\u00f3lo puedo referirme, en cuanto miembro de la Congregaci\u00f3n de la Misi\u00f3n, a la regi\u00f3n donde trabajan nuestros cohermanos. Indonesia y Filipinas son las Provincias de nuestra Congregaci\u00f3n\u2026","rel":"","context":"En \u00abMisiones \u00abAd gentes\u00bb\u00bb","block_context":{"text":"Misiones \u00abAd gentes\u00bb","link":"https:\/\/vincentians.com\/es\/category\/servicios-y-ministerios\/misiones-ad-gentes\/"},"img":{"alt_text":"","src":"https:\/\/i0.wp.com\/vicencianos.org\/wp-content\/2011\/09\/sudeste_asiatico-233x300.jpg?resize=350%2C200","width":350,"height":200},"classes":[]},{"id":57387,"url":"https:\/\/vincentians.com\/es\/relaciones-cristiano-musulmanas-en-eritrea\/","url_meta":{"origin":28115,"position":1},"title":"Relaciones cristiano-musulmanas en Eritrea","author":"Francisco Javier Fern\u00e1ndez Chento","date":"02\/01\/2012","format":false,"excerpt":"1. Introducci\u00f3n Aunque cristianos y musulmanes est\u00e1n en toda Eritrea, en las tierras bajas, la mayor\u00eda son musulmanes, mientras que los cristianos predominan en las tierras altas. Las gentes de las tierras altas son habitualmente campesinas y amigas de la agricultura, mientas que los de las tierras bajas, en general,\u2026","rel":"","context":"En \u00abFormaci\u00f3n Cristiana\u00bb","block_context":{"text":"Formaci\u00f3n Cristiana","link":"https:\/\/vincentians.com\/es\/category\/formacion-cristiana\/"},"img":{"alt_text":"","src":"https:\/\/i0.wp.com\/vicencianos.org\/wp-content\/2012\/01\/eritrea-278x300.jpg?resize=350%2C200","width":350,"height":200},"classes":[]},{"id":18088,"url":"https:\/\/vincentians.com\/es\/una-experiencia-vicenciana-de-mision-ad-gentes-entre-los-indios-de-la-pampa-y-patagonia-argentinas\/","url_meta":{"origin":28115,"position":2},"title":"Una Experiencia Vicenciana De \u00abMisi\u00f3n Ad Gentes\u00bb Entre Los Indios De La Pampa Y Patagonia Argentinas","author":"Mitxel Olabu\u00e9naga","date":"19\/04\/2010","format":false,"excerpt":"Enero de 1874 a diciembre de 1879 Dedico estas p\u00e1ginas: A los lazaristas PP. Fernando Meister, Jorge M. Salvaire, Pablo Emilio Savino y el Hno. Romualdo P\u00e9rez, que con sudores, l\u00e1grimas y constantes peligros sembraron el Evangelio del Reino entre los indios de la Pampa inmensa, llana y convulsa de\u2026","rel":"","context":"En \u00abHistoria de la Congregaci\u00f3n de la Misi\u00f3n\u00bb","block_context":{"text":"Historia de la Congregaci\u00f3n de la Misi\u00f3n","link":"https:\/\/vincentians.com\/es\/category\/historia-de-la-familia-vicenciana\/historia-de-la-congregacion-de-la-mision\/"},"img":{"alt_text":"","src":"https:\/\/i0.wp.com\/vicencianos.org\/vicencianos\/files\/2010\/04\/arg01-211x300.jpg?resize=350%2C200","width":350,"height":200},"classes":[]},{"id":25208,"url":"https:\/\/vincentians.com\/es\/tal-dia-como-hoy-2-de-octubre\/","url_meta":{"origin":28115,"position":3},"title":"Tal d\u00eda como hoy: 2 de octubre","author":"Francisco Javier Fern\u00e1ndez Chento","date":"02\/10\/2016","format":false,"excerpt":"1640. Carta de Luisa de Marillac al Abad de Vaux en la que le dice que, si Francisco de Sales nunca rechaz\u00f3 el ingreso de ninguna joven en la Orden de la Visitaci\u00f3n a causa de su pobreza, tampoco la Compa\u00f1\u00eda de las Hijas de la Caridad deb\u00eda rechazar a\u2026","rel":"","context":"En \u00abEfem\u00e9rides Vicencianas\u00bb","block_context":{"text":"Efem\u00e9rides Vicencianas","link":"https:\/\/vincentians.com\/es\/category\/historia-de-la-familia-vicenciana\/efemerides-vicencianas\/"},"img":{"alt_text":"","src":"https:\/\/i0.wp.com\/vincentians.com\/es\/wp-content\/uploads\/sites\/11\/2016\/07\/ephemerides-fb.jpg?fit=1200%2C630&ssl=1&resize=350%2C200","width":350,"height":200,"srcset":"https:\/\/i0.wp.com\/vincentians.com\/es\/wp-content\/uploads\/sites\/11\/2016\/07\/ephemerides-fb.jpg?fit=1200%2C630&ssl=1&resize=350%2C200 1x, https:\/\/i0.wp.com\/vincentians.com\/es\/wp-content\/uploads\/sites\/11\/2016\/07\/ephemerides-fb.jpg?fit=1200%2C630&ssl=1&resize=525%2C300 1.5x, https:\/\/i0.wp.com\/vincentians.com\/es\/wp-content\/uploads\/sites\/11\/2016\/07\/ephemerides-fb.jpg?fit=1200%2C630&ssl=1&resize=700%2C400 2x, https:\/\/i0.wp.com\/vincentians.com\/es\/wp-content\/uploads\/sites\/11\/2016\/07\/ephemerides-fb.jpg?fit=1200%2C630&ssl=1&resize=1050%2C600 3x"},"classes":[]},{"id":89532,"url":"https:\/\/vincentians.com\/es\/el-sentido-de-pertenencia-a-la-aic\/","url_meta":{"origin":28115,"position":4},"title":"El sentido de pertenencia a la AIC","author":"Francisco Javier Fern\u00e1ndez Chento","date":"26\/04\/2016","format":false,"excerpt":"La primera L\u00ednea program\u00e1tica AIC termina con la frase: \"S\u00f3lo dentro de un esp\u00edritu de pertenencia m\u00e1s firme, po\u00addremos llevar a cabo el proyecto de San Vicente y as\u00ed con\u00adtribuir mejor a la acci\u00f3n internacional para la eliminaci\u00f3n de la pobreza\". Pero, \u00bfCu\u00e1l es este sentido de pertenencia a la\u2026","rel":"","context":"En \u00abAsociaci\u00f3n Internacional de Caridades\u00bb","block_context":{"text":"Asociaci\u00f3n Internacional de Caridades","link":"https:\/\/vincentians.com\/es\/category\/la-familia-vicenciana\/ramas\/asociacion-internacional-de-caridades\/"},"img":{"alt_text":"aic","src":"https:\/\/i0.wp.com\/vicencianos.org\/wp-content\/uploads\/2012\/06\/aic-1.png?resize=350%2C200","width":350,"height":200},"classes":[]},{"id":42004,"url":"https:\/\/vincentians.com\/es\/la-evangelizacion-de-las-tribus-sabaras-en-india\/","url_meta":{"origin":28115,"position":5},"title":"La evangelizaci\u00f3n de las tribus Sabaras en India","author":"Francisco Javier Fern\u00e1ndez Chento","date":"10\/06\/2011","format":false,"excerpt":"En las grandes \u00e1reas monta\u00f1osas del sur de Orissa, al Norte de Andhra Pradesh, se encuentra una de las tribus m\u00e1s primitivas y atrasadas de la India, los Sabaras, Soras, Soboro o Souras. Son alrededor de 2.200.000, parece ser que emigraron del sud-este de Asia, con otros grupos de tribus\u2026","rel":"","context":"En \u00abMisiones \u00abAd gentes\u00bb\u00bb","block_context":{"text":"Misiones \u00abAd gentes\u00bb","link":"https:\/\/vincentians.com\/es\/category\/servicios-y-ministerios\/misiones-ad-gentes\/"},"img":{"alt_text":"","src":"https:\/\/i0.wp.com\/vincentians.com\/es\/wp-content\/uploads\/sites\/11\/2011\/06\/soura.jpg?fit=1200%2C630&ssl=1&resize=350%2C200","width":350,"height":200,"srcset":"https:\/\/i0.wp.com\/vincentians.com\/es\/wp-content\/uploads\/sites\/11\/2011\/06\/soura.jpg?fit=1200%2C630&ssl=1&resize=350%2C200 1x, https:\/\/i0.wp.com\/vincentians.com\/es\/wp-content\/uploads\/sites\/11\/2011\/06\/soura.jpg?fit=1200%2C630&ssl=1&resize=525%2C300 1.5x, https:\/\/i0.wp.com\/vincentians.com\/es\/wp-content\/uploads\/sites\/11\/2011\/06\/soura.jpg?fit=1200%2C630&ssl=1&resize=700%2C400 2x, https:\/\/i0.wp.com\/vincentians.com\/es\/wp-content\/uploads\/sites\/11\/2011\/06\/soura.jpg?fit=1200%2C630&ssl=1&resize=1050%2C600 3x"},"classes":[]}],"_links":{"self":[{"href":"https:\/\/vincentians.com\/es\/wp-json\/wp\/v2\/posts\/28115","targetHints":{"allow":["GET"]}}],"collection":[{"href":"https:\/\/vincentians.com\/es\/wp-json\/wp\/v2\/posts"}],"about":[{"href":"https:\/\/vincentians.com\/es\/wp-json\/wp\/v2\/types\/post"}],"author":[{"embeddable":true,"href":"https:\/\/vincentians.com\/es\/wp-json\/wp\/v2\/users\/4"}],"replies":[{"embeddable":true,"href":"https:\/\/vincentians.com\/es\/wp-json\/wp\/v2\/comments?post=28115"}],"version-history":[{"count":0,"href":"https:\/\/vincentians.com\/es\/wp-json\/wp\/v2\/posts\/28115\/revisions"}],"wp:featuredmedia":[{"embeddable":true,"href":"https:\/\/vincentians.com\/es\/wp-json\/"}],"wp:attachment":[{"href":"https:\/\/vincentians.com\/es\/wp-json\/wp\/v2\/media?parent=28115"}],"wp:term":[{"taxonomy":"category","embeddable":true,"href":"https:\/\/vincentians.com\/es\/wp-json\/wp\/v2\/categories?post=28115"},{"taxonomy":"post_tag","embeddable":true,"href":"https:\/\/vincentians.com\/es\/wp-json\/wp\/v2\/tags?post=28115"}],"curies":[{"name":"wp","href":"https:\/\/api.w.org\/{rel}","templated":true}]}}