{"id":27004,"date":"2011-01-20T09:45:07","date_gmt":"2011-01-20T08:45:07","guid":{"rendered":"http:\/\/somos.vicencianos.org\/?p=27004"},"modified":"2011-01-20T09:45:07","modified_gmt":"2011-01-20T08:45:07","slug":"entrevista-a-maria-luisa-tellez-ninguna-obra-de-caridad-es-ajena-a-la-sociedad","status":"publish","type":"post","link":"https:\/\/vincentians.com\/es\/entrevista-a-maria-luisa-tellez-ninguna-obra-de-caridad-es-ajena-a-la-sociedad\/","title":{"rendered":"Entrevista a Mar\u00eda Luisa T\u00e9llez: \u201cNinguna obra de caridad es ajena a la sociedad\u201d"},"content":{"rendered":"<p><strong><a href=\"https:\/\/i0.wp.com\/vicencianos.org\/wp-content\/2011\/01\/maria_luisa_tellez.jpg\"><img data-recalc-dims=\"1\" loading=\"lazy\" decoding=\"async\" class=\"alignright size-medium wp-image-27005\" title=\"maria_luisa_tellez\" src=\"https:\/\/i0.wp.com\/vicencianos.org\/wp-content\/2011\/01\/maria_luisa_tellez-300x225.jpg?resize=300%2C225\" alt=\"\" width=\"300\" height=\"225\" \/><\/a>Mar\u00eda Luisa T\u00e9llez<\/strong><em>, <\/em>recientemente elegida Presidenta Nacional de la Sociedad de San Vicente de Pa\u00fal en Espa\u00f1a, lleva m\u00e1s de 40 a\u00f1os trabajando \u00abcon todo tipo de pobrezas, no solamente econ\u00f3micas\u00bb, y habla del fen\u00f3meno actual de los llamados \u00ab<strong>pobres vergonzantes<\/strong>: familias de clase media que se han quedado sin trabajo y que tienen que recurrir a comedores populares\u00bb.<\/p>\n<p>Sin embargo, y pese a la crisis que atraviesa nuestro pa\u00eds, Mar\u00eda Luisa tiene una visi\u00f3n optimista que se apoya en la fe y la esperanza: \u00abTodo el mundo en un momento determinado se plantea por qu\u00e9 est\u00e1 aqu\u00ed y qui\u00e9n es, y <strong>encuentra a Dios. De mil maneras\u00bb<\/strong>.<\/p>\n<p><em>\u00bfUn cargo buscado, querido, o asumido?<\/em><\/p>\n<blockquote><p>Querido, porque yo quiero mucho a la Sociedad de San Vicente de Pa\u00fal y llevo vinculada a ella 40 a\u00f1os, siendo socia de base y en diferentes puestos. Entonces, querido, por supuesto. Buscado no. Ha sido algo coyuntural.<\/p><\/blockquote>\n<p><em>\u00bfDe qu\u00e9 estamos hablando cuando nos referimos a la Sociedad de San Vicente de Pa\u00fal en Espa\u00f1a?<\/em><\/p>\n<blockquote><p>De una sociedad compuesta de comunidades laicas, que denominamos <strong>conferencias<\/strong>, que son grupos de personas que viven su fe en esa comunidad y despu\u00e9s se dan a los pobres. Fundamentalmente en la visita, en el contacto personal. Quiz\u00e1 en eso nos diferenciemos de otras asociaciones: en el <strong>v\u00ednculo personal con el pobre<\/strong>.<\/p><\/blockquote>\n<p><em>\u00bfD\u00f3nde trabajan las sociedades? \u00bfA qui\u00e9n se dirigen?<\/em><\/p>\n<blockquote><p>Primero, a la formaci\u00f3n espiritual de sus socios. Y despu\u00e9s de sacada esa fuerza, a los pobres.<\/p><\/blockquote>\n<p><em>\u00bfCu\u00e1ntos socios hay en Espa\u00f1a?<\/em><\/p>\n<blockquote><p>No s\u00e9 la cifra exacta, pero creo que <strong>alrededor de 2.500.<\/strong> A parte, colaboran con nosotros cerca de 25.000 voluntarios, que no son socios, pero forman parte de la familia.<\/p><\/blockquote>\n<p><em>\u00bfCont\u00e1is con ramificaci\u00f3n en el extranjero?<\/em><\/p>\n<blockquote><p>Tenemos hermanamientos, fundamentalmente con <strong>Iberoam\u00e9rica y \u00c1frica<\/strong>. Se env\u00eda ayuda econ\u00f3mica y espiritual. Hay comunicaci\u00f3n interna: se conocen, se escriben&#8230;<\/p><\/blockquote>\n<p><em>\u00bfDe qu\u00e9 forma trabaj\u00e1is: en comedores, con personas sin hogar&#8230;?<\/em><\/p>\n<blockquote><p>A todos los niveles. Tenemos una regla que dice \u00ab<strong>ninguna obra de caridad es ajena a la sociedad<\/strong>\u00ab. Trabajamos con todo tipo de pobrezas, no solamente econ\u00f3micas, sino que pueden ser tambi\u00e9n de soledad, de ayuda a alguien que est\u00e1 pasando un mal momento&#8230;<\/p><\/blockquote>\n<p><em>\u00bfEst\u00e1is notando la crisis?<\/em><\/p>\n<blockquote><p>S\u00ed, mucho.<\/p><\/blockquote>\n<p><em>\u00bfEn qu\u00e9 sentido?<\/em><\/p>\n<blockquote><p>En Madrid tenemos un <strong>comedor<\/strong> que har\u00e1 cosa de un a\u00f1o o a\u00f1o y medio atend\u00eda a alrededor de 80 o 100 personas. Ahora mismo se ha duplicado, y casi se triplica la cifra: hay 250 personas. Antes iban inmigrantes. En este momento, adem\u00e1s, van tambi\u00e9n los que llamamos \u00abpobres vergonzantes\u00bb: familias de clase media que se han quedado sin trabajo y que tienen que recurrir al comedor.<\/p><\/blockquote>\n<p><em>\u00bfC\u00f3mo afront\u00e1is ese cambio de paradigma? Aunque todos sean personas al fin y al cabo, \u00bfel modo de tratar con cada uno ha de ser necesariamente distinto? \u00bfCambian las necesidades?<\/em><\/p>\n<blockquote><p>Claro, hay que darle a cada uno lo que pide y lo que exige. En el comedor hay personas que se sientan solas y no comparten, porque no son \u00ab<strong>necesitados al uso\u00bb<\/strong>, es decir, no est\u00e1n en la calle.<br \/>\nLo estamos pasando muy mal econ\u00f3micamente, porque <strong>se ha triplicado la demanda y han bajado los recursos y las subvenciones<\/strong>. Porque nosotros vivimos de subvenciones y donaciones de socios y personas que conocen la obra.<\/p><\/blockquote>\n<p><em>\u00bfEs curioso que una crisis provocada por los ricos la est\u00e9n pagando los pobres? \u00bfTen\u00e9is alg\u00fan tipo de reflexi\u00f3n sobre el modo en que se est\u00e1 afrontando la situaci\u00f3n? \u00bfOs est\u00e1is topando con muchas dificultades a la hora de realizar vuestra labor? \u00bfHab\u00e9is hecho alg\u00fan replanteamiento?<\/em><\/p>\n<blockquote><p>S\u00ed. Estamos adem\u00e1s intentando hacer un <strong>estudio de las nuevas pobrezas<\/strong>, de la gente que se acaba de quedar en la calle. Porque quiz\u00e1 con estas personas hay que tener m\u00e1s cuidado, m\u00e1s delicadeza.<br \/>\nNosotros intentamos tratar a todo el mundo de una manera exquisita. <strong>La dignidad del ser humano est\u00e1 por encima de todo<\/strong>.<\/p><\/blockquote>\n<p><em>\u00bfC\u00f3mo llega una persona joven a la Sociedad de San Vicente de Pa\u00fal, y qu\u00e9 le enamora de ella?<\/em><\/p>\n<blockquote><p>Yo ingres\u00e9 en una conferencia del barrio de Orcasitas. Llegu\u00e9 de manos de un amigo m\u00edo, que ha sido presidente nacional e internacional durante 11 a\u00f1os. \u00c9l siempre hab\u00eda estado vinculado a ella, y nos invit\u00f3 a mi marido y a m\u00ed. Empezamos a ir, y<strong> la Sociedad nos enamor\u00f3<\/strong>. Y nos enamor\u00f3 tambi\u00e9n un sacerdote que ya ha muerto, que nos atend\u00eda y nos animaba. Empezamos a visitar a los pobres, y \u00e9ramos bien recibidos en las casas. (Ahora ya no, ya no es el caso). Y establecimos, con algunos seguro, una amistad. Porque, adem\u00e1s, algunos de los atendidos entonces en ese barrio se integraron en la conferencia. Tienen un nivel econ\u00f3mico e intelectual un poquito mayor al de los otros, as\u00ed que se integraron a ayudar. Hicimos una conferencia muy bonita.<\/p><\/blockquote>\n<p><em>\u00bfCu\u00e1les son los retos de futuro de la Sociedad de San Vicente de Pa\u00fal?<\/em><\/p>\n<blockquote><p>El crecimiento -sobre todo espiritual-, porque pensamos que <strong>hoy en d\u00eda en la sociedad hay un vac\u00edo muy grande.<\/strong> Y porque todo el mundo en un momento determinado se plantea por qu\u00e9 est\u00e1 aqu\u00ed y qui\u00e9n es, y encuentra a Dios. De mil maneras. De alguna manera, le buscan.<br \/>\nQueremos cubrir ese hueco. Y queremos ir tambi\u00e9n hacia la inquietud que hay en las personas de ayudar a los dem\u00e1s. Que, gracias a Dios, existe.<br \/>\nQueremos crecer, pero, como dice el presidente, no nos importa tanto el n\u00famero, como el dar a cada persona lo que necesita.<\/p><\/blockquote>\n<p><em>Estamos en una sociedad con mucho acceso a todo tipo de informaci\u00f3n. Lo que sucede en una parte del mundo al momento nos llega a la otra. Sin embargo, la soledad es una constante, sobre todo en las grandes ciudades de los pa\u00edses m\u00e1s industrializados. \u00bfC\u00f3mo es posible esta profunda soledad del hombre en la era de las comunicaciones?<\/em><\/p>\n<blockquote><p>Bueno, s\u00ed, es algo que se contradice. Llegas a casa y pones la tele o pones la radio, y sin embargo muchas veces sentimos soledad. <strong>Y no s\u00f3lo las personas muy mayores, tambi\u00e9n las de 40 o 60 a\u00f1os<\/strong>. Por ello queremos llegar de alguna manera a todos los que se encuentran perdidos. Algunos colectivos como los alcoh\u00f3licos o los lud\u00f3patas, que necesitan un mensaje de esperanza. Porque hay gente que tiene las necesidades b\u00e1sicas cubiertas, pero que tambi\u00e9n tiene muchas cosas en su vida que le hacen sufrir.<br \/>\nNuestro lema es \u00ab<strong>Sirviendo en esperanza<\/strong>\u00ab, y lo que queremos es ir al sufrimiento.<\/p><\/blockquote>\n<p><em>Much\u00edsimas gracias, Mar\u00eda Luisa. Mucha suerte con tu nuevo cometido. Seguiremos trabajando desde la fe, y utilizando la caridad.<\/em><\/p>\n<blockquote><p>Muchas gracias a vosotros. Espero que esta entrevista llegue a alguien que nos necesite o que quiera apuntarse.<\/p><\/blockquote>\n<h3>Video-Entrevista:<\/h3>\n<div class=\"x-resp-embed x-is-video x-is-youtube\"><iframe loading=\"lazy\" title=\"Mar\u00eda Luisa T\u00e9llez. San Vicente de Paul\" width=\"846\" height=\"476\" src=\"https:\/\/www.youtube.com\/embed\/6jC_NyJlDYg?feature=oembed\" frameborder=\"0\" allow=\"accelerometer; autoplay; clipboard-write; encrypted-media; gyroscope; picture-in-picture; web-share\" referrerpolicy=\"strict-origin-when-cross-origin\" allowfullscreen><\/iframe><\/div>\n","protected":false},"excerpt":{"rendered":"<p>Mar\u00eda Luisa T\u00e9llez, recientemente elegida Presidenta Nacional de la Sociedad de San Vicente de Pa\u00fal en Espa\u00f1a, lleva m\u00e1s de 40 a\u00f1os trabajando \u00abcon todo tipo de pobrezas, no solamente econ\u00f3micas\u00bb, y habla del fen\u00f3meno &#8230; <a href=\"https:\/\/vincentians.com\/es\/entrevista-a-maria-luisa-tellez-ninguna-obra-de-caridad-es-ajena-a-la-sociedad\/\" class=\"more-link\">Read More<\/a><\/p>\n","protected":false},"author":4,"featured_media":27006,"comment_status":"open","ping_status":"open","sticky":false,"template":"","format":"standard","meta":{"jetpack_post_was_ever_published":false,"_jetpack_newsletter_access":"","_jetpack_dont_email_post_to_subs":false,"_jetpack_newsletter_tier_id":0,"_jetpack_memberships_contains_paywalled_content":false,"_jetpack_memberships_contains_paid_content":false,"footnotes":"","jetpack_publicize_message":"","jetpack_publicize_feature_enabled":true,"jetpack_social_post_already_shared":true,"jetpack_social_options":{"image_generator_settings":{"template":"highway","default_image_id":0,"font":"","enabled":false},"version":2}},"categories":[250],"tags":[],"class_list":["post-27004","post","type-post","status-publish","format-standard","has-post-thumbnail","hentry","category-sociedad-de-san-vicente-de-paul"],"yoast_head":"<!-- This site is optimized with the Yoast SEO plugin v26.3 - https:\/\/yoast.com\/wordpress\/plugins\/seo\/ -->\n<title>Entrevista a Mar\u00eda Luisa T\u00e9llez: \u201cNinguna obra de caridad es ajena a la sociedad\u201d - Somos Vicencianos<\/title>\n<meta name=\"robots\" content=\"index, follow, max-snippet:-1, max-image-preview:large, max-video-preview:-1\" \/>\n<link rel=\"canonical\" href=\"https:\/\/vincentians.com\/es\/entrevista-a-maria-luisa-tellez-ninguna-obra-de-caridad-es-ajena-a-la-sociedad\/\" \/>\n<meta property=\"og:locale\" content=\"es_ES\" \/>\n<meta property=\"og:type\" content=\"article\" \/>\n<meta property=\"og:title\" content=\"Entrevista a Mar\u00eda Luisa T\u00e9llez: \u201cNinguna obra de caridad es ajena a la sociedad\u201d - Somos Vicencianos\" \/>\n<meta property=\"og:description\" content=\"Mar\u00eda Luisa T\u00e9llez, recientemente elegida Presidenta Nacional de la Sociedad de San Vicente de Pa\u00fal en Espa\u00f1a, lleva m\u00e1s de 40 a\u00f1os trabajando \u00abcon todo tipo de pobrezas, no solamente econ\u00f3micas\u00bb, y habla del fen\u00f3meno ... Read More\" \/>\n<meta property=\"og:url\" content=\"https:\/\/vincentians.com\/es\/entrevista-a-maria-luisa-tellez-ninguna-obra-de-caridad-es-ajena-a-la-sociedad\/\" \/>\n<meta property=\"og:site_name\" content=\"Somos Vicencianos\" \/>\n<meta property=\"article:publisher\" content=\"https:\/\/www.facebook.com\/WeAreVincentians\/\" \/>\n<meta property=\"article:author\" content=\"https:\/\/www.facebook.com\/JavierChento\" \/>\n<meta property=\"article:published_time\" content=\"2011-01-20T08:45:07+00:00\" \/>\n<meta name=\"author\" content=\"Francisco Javier Fern\u00e1ndez Chento\" \/>\n<meta name=\"twitter:card\" content=\"summary_large_image\" \/>\n<meta name=\"twitter:creator\" content=\"@https:\/\/twitter.com\/javierchento\" \/>\n<meta name=\"twitter:site\" content=\"@WeVincentians\" \/>\n<meta name=\"twitter:label1\" content=\"Escrito por\" \/>\n\t<meta name=\"twitter:data1\" content=\"Francisco Javier Fern\u00e1ndez Chento\" \/>\n\t<meta name=\"twitter:label2\" content=\"Tiempo de lectura\" \/>\n\t<meta name=\"twitter:data2\" content=\"6 minutos\" \/>\n<script type=\"application\/ld+json\" class=\"yoast-schema-graph\">{\"@context\":\"https:\/\/schema.org\",\"@graph\":[{\"@type\":\"Article\",\"@id\":\"https:\/\/vincentians.com\/es\/entrevista-a-maria-luisa-tellez-ninguna-obra-de-caridad-es-ajena-a-la-sociedad\/#article\",\"isPartOf\":{\"@id\":\"https:\/\/vincentians.com\/es\/entrevista-a-maria-luisa-tellez-ninguna-obra-de-caridad-es-ajena-a-la-sociedad\/\"},\"author\":{\"name\":\"Francisco Javier Fern\u00e1ndez Chento\",\"@id\":\"http:\/\/vincentians.com\/es\/#\/schema\/person\/9623ef4d9aa3b2dfb8c061f1499288f2\"},\"headline\":\"Entrevista a Mar\u00eda Luisa T\u00e9llez: \u201cNinguna obra de caridad es ajena a la sociedad\u201d\",\"datePublished\":\"2011-01-20T08:45:07+00:00\",\"mainEntityOfPage\":{\"@id\":\"https:\/\/vincentians.com\/es\/entrevista-a-maria-luisa-tellez-ninguna-obra-de-caridad-es-ajena-a-la-sociedad\/\"},\"wordCount\":1204,\"commentCount\":0,\"publisher\":{\"@id\":\"http:\/\/vincentians.com\/es\/#organization\"},\"image\":{\"@id\":\"https:\/\/vincentians.com\/es\/entrevista-a-maria-luisa-tellez-ninguna-obra-de-caridad-es-ajena-a-la-sociedad\/#primaryimage\"},\"thumbnailUrl\":\"\",\"articleSection\":[\"Sociedad de San Vicente de Pa\u00fal\"],\"inLanguage\":\"es\",\"potentialAction\":[{\"@type\":\"CommentAction\",\"name\":\"Comment\",\"target\":[\"https:\/\/vincentians.com\/es\/entrevista-a-maria-luisa-tellez-ninguna-obra-de-caridad-es-ajena-a-la-sociedad\/#respond\"]}]},{\"@type\":\"WebPage\",\"@id\":\"https:\/\/vincentians.com\/es\/entrevista-a-maria-luisa-tellez-ninguna-obra-de-caridad-es-ajena-a-la-sociedad\/\",\"url\":\"https:\/\/vincentians.com\/es\/entrevista-a-maria-luisa-tellez-ninguna-obra-de-caridad-es-ajena-a-la-sociedad\/\",\"name\":\"Entrevista a Mar\u00eda Luisa T\u00e9llez: \u201cNinguna obra de caridad es ajena a la sociedad\u201d - Somos Vicencianos\",\"isPartOf\":{\"@id\":\"http:\/\/vincentians.com\/es\/#website\"},\"primaryImageOfPage\":{\"@id\":\"https:\/\/vincentians.com\/es\/entrevista-a-maria-luisa-tellez-ninguna-obra-de-caridad-es-ajena-a-la-sociedad\/#primaryimage\"},\"image\":{\"@id\":\"https:\/\/vincentians.com\/es\/entrevista-a-maria-luisa-tellez-ninguna-obra-de-caridad-es-ajena-a-la-sociedad\/#primaryimage\"},\"thumbnailUrl\":\"\",\"datePublished\":\"2011-01-20T08:45:07+00:00\",\"breadcrumb\":{\"@id\":\"https:\/\/vincentians.com\/es\/entrevista-a-maria-luisa-tellez-ninguna-obra-de-caridad-es-ajena-a-la-sociedad\/#breadcrumb\"},\"inLanguage\":\"es\",\"potentialAction\":[{\"@type\":\"ReadAction\",\"target\":[\"https:\/\/vincentians.com\/es\/entrevista-a-maria-luisa-tellez-ninguna-obra-de-caridad-es-ajena-a-la-sociedad\/\"]}]},{\"@type\":\"ImageObject\",\"inLanguage\":\"es\",\"@id\":\"https:\/\/vincentians.com\/es\/entrevista-a-maria-luisa-tellez-ninguna-obra-de-caridad-es-ajena-a-la-sociedad\/#primaryimage\",\"url\":\"\",\"contentUrl\":\"\"},{\"@type\":\"BreadcrumbList\",\"@id\":\"https:\/\/vincentians.com\/es\/entrevista-a-maria-luisa-tellez-ninguna-obra-de-caridad-es-ajena-a-la-sociedad\/#breadcrumb\",\"itemListElement\":[{\"@type\":\"ListItem\",\"position\":1,\"name\":\"Portada\",\"item\":\"http:\/\/vincentians.com\/es\/\"},{\"@type\":\"ListItem\",\"position\":2,\"name\":\"Entrevista a Mar\u00eda Luisa T\u00e9llez: \u201cNinguna obra de caridad es ajena a la sociedad\u201d\"}]},{\"@type\":\"WebSite\",\"@id\":\"http:\/\/vincentians.com\/es\/#website\",\"url\":\"http:\/\/vincentians.com\/es\/\",\"name\":\"Somos Vicencianos\",\"description\":\"Know more to serve more\",\"publisher\":{\"@id\":\"http:\/\/vincentians.com\/es\/#organization\"},\"potentialAction\":[{\"@type\":\"SearchAction\",\"target\":{\"@type\":\"EntryPoint\",\"urlTemplate\":\"http:\/\/vincentians.com\/es\/?s={search_term_string}\"},\"query-input\":{\"@type\":\"PropertyValueSpecification\",\"valueRequired\":true,\"valueName\":\"search_term_string\"}}],\"inLanguage\":\"es\"},{\"@type\":\"Organization\",\"@id\":\"http:\/\/vincentians.com\/es\/#organization\",\"name\":\"The Vincentian Network\",\"url\":\"http:\/\/vincentians.com\/es\/\",\"logo\":{\"@type\":\"ImageObject\",\"inLanguage\":\"es\",\"@id\":\"http:\/\/vincentians.com\/es\/#\/schema\/logo\/image\/\",\"url\":\"https:\/\/i1.wp.com\/vincentians.com\/es\/wp-content\/uploads\/sites\/11\/2016\/06\/Vincentian-Network-logo-big.png?fit=778%2C778\",\"contentUrl\":\"https:\/\/i1.wp.com\/vincentians.com\/es\/wp-content\/uploads\/sites\/11\/2016\/06\/Vincentian-Network-logo-big.png?fit=778%2C778\",\"width\":778,\"height\":778,\"caption\":\"The Vincentian Network\"},\"image\":{\"@id\":\"http:\/\/vincentians.com\/es\/#\/schema\/logo\/image\/\"},\"sameAs\":[\"https:\/\/www.facebook.com\/WeAreVincentians\/\",\"https:\/\/x.com\/WeVincentians\"]},{\"@type\":\"Person\",\"@id\":\"http:\/\/vincentians.com\/es\/#\/schema\/person\/9623ef4d9aa3b2dfb8c061f1499288f2\",\"name\":\"Francisco Javier Fern\u00e1ndez Chento\",\"image\":{\"@type\":\"ImageObject\",\"inLanguage\":\"es\",\"@id\":\"http:\/\/vincentians.com\/es\/#\/schema\/person\/image\/\",\"url\":\"https:\/\/secure.gravatar.com\/avatar\/497d5cde87b4c3d097d0315953521681ba2cd523ee66e5077c3711f7021e65de?s=96&d=mm&r=g\",\"contentUrl\":\"https:\/\/secure.gravatar.com\/avatar\/497d5cde87b4c3d097d0315953521681ba2cd523ee66e5077c3711f7021e65de?s=96&d=mm&r=g\",\"caption\":\"Francisco Javier Fern\u00e1ndez Chento\"},\"description\":\"Director General y cofundador de La Red de Formaci\u00f3n Vicenciana. Javier es laico vicenciano, afiliado a la Congregaci\u00f3n de la Misi\u00f3n y miembro del Equipo de Misiones Populares de la provincia can\u00f3nica de Zaragoza (Espa\u00f1a) de la Congregaci\u00f3n de la Misi\u00f3n. Graduado en la Universidad Oberta de Catalunya con cuatro grados (Asistente de direcci\u00f3n, Gesti\u00f3n Administrativa, Recursos Humanos y Contabilidad Avanzada). Bil\u00edng\u00fce Espa\u00f1ol\/Ingl\u00e9s. gestiona y mantiene varias p\u00e1ginas web cristianas y vicencianas, incluida including La Red de Formaci\u00f3n Vicenciana, de la que es cofundador. Actualmente es responsable del \u00e1rea de Espa\u00f1ol de .famvin, la Red de Noticias de la Familia Vicenciana. Tambi\u00e9n es m\u00fasico cat\u00f3lico y ha editado varios discos. Es Director General y cofundador de Trovador, una reconocida compa\u00f1\u00eda discogr\u00e1fica critiana de Espa\u00f1a. Trabaja en las Tecnolog\u00edas de la Informaci\u00f3n, ofreciendo servicios de alojamiento, dise\u00f1o y mantenimiento Web, as\u00ed como asesoramiento, formaci\u00f3n y soluciones inform\u00e1ticas, gesti\u00f3n documental y digitalizaci\u00f3n de textos, edici\u00f3n y maquetaci\u00f3n de libros, revistas, flyers, etc.\",\"sameAs\":[\"http:\/\/chento.org\",\"https:\/\/www.facebook.com\/JavierChento\",\"https:\/\/x.com\/https:\/\/twitter.com\/javierchento\"],\"url\":\"https:\/\/vincentians.com\/es\/author\/chento\/\"}]}<\/script>\n<!-- \/ Yoast SEO plugin. -->","yoast_head_json":{"title":"Entrevista a Mar\u00eda Luisa T\u00e9llez: \u201cNinguna obra de caridad es ajena a la sociedad\u201d - Somos Vicencianos","robots":{"index":"index","follow":"follow","max-snippet":"max-snippet:-1","max-image-preview":"max-image-preview:large","max-video-preview":"max-video-preview:-1"},"canonical":"https:\/\/vincentians.com\/es\/entrevista-a-maria-luisa-tellez-ninguna-obra-de-caridad-es-ajena-a-la-sociedad\/","og_locale":"es_ES","og_type":"article","og_title":"Entrevista a Mar\u00eda Luisa T\u00e9llez: \u201cNinguna obra de caridad es ajena a la sociedad\u201d - Somos Vicencianos","og_description":"Mar\u00eda Luisa T\u00e9llez, recientemente elegida Presidenta Nacional de la Sociedad de San Vicente de Pa\u00fal en Espa\u00f1a, lleva m\u00e1s de 40 a\u00f1os trabajando \u00abcon todo tipo de pobrezas, no solamente econ\u00f3micas\u00bb, y habla del fen\u00f3meno ... Read More","og_url":"https:\/\/vincentians.com\/es\/entrevista-a-maria-luisa-tellez-ninguna-obra-de-caridad-es-ajena-a-la-sociedad\/","og_site_name":"Somos Vicencianos","article_publisher":"https:\/\/www.facebook.com\/WeAreVincentians\/","article_author":"https:\/\/www.facebook.com\/JavierChento","article_published_time":"2011-01-20T08:45:07+00:00","author":"Francisco Javier Fern\u00e1ndez Chento","twitter_card":"summary_large_image","twitter_creator":"@https:\/\/twitter.com\/javierchento","twitter_site":"@WeVincentians","twitter_misc":{"Escrito por":"Francisco Javier Fern\u00e1ndez Chento","Tiempo de lectura":"6 minutos"},"schema":{"@context":"https:\/\/schema.org","@graph":[{"@type":"Article","@id":"https:\/\/vincentians.com\/es\/entrevista-a-maria-luisa-tellez-ninguna-obra-de-caridad-es-ajena-a-la-sociedad\/#article","isPartOf":{"@id":"https:\/\/vincentians.com\/es\/entrevista-a-maria-luisa-tellez-ninguna-obra-de-caridad-es-ajena-a-la-sociedad\/"},"author":{"name":"Francisco Javier Fern\u00e1ndez Chento","@id":"http:\/\/vincentians.com\/es\/#\/schema\/person\/9623ef4d9aa3b2dfb8c061f1499288f2"},"headline":"Entrevista a Mar\u00eda Luisa T\u00e9llez: \u201cNinguna obra de caridad es ajena a la sociedad\u201d","datePublished":"2011-01-20T08:45:07+00:00","mainEntityOfPage":{"@id":"https:\/\/vincentians.com\/es\/entrevista-a-maria-luisa-tellez-ninguna-obra-de-caridad-es-ajena-a-la-sociedad\/"},"wordCount":1204,"commentCount":0,"publisher":{"@id":"http:\/\/vincentians.com\/es\/#organization"},"image":{"@id":"https:\/\/vincentians.com\/es\/entrevista-a-maria-luisa-tellez-ninguna-obra-de-caridad-es-ajena-a-la-sociedad\/#primaryimage"},"thumbnailUrl":"","articleSection":["Sociedad de San Vicente de Pa\u00fal"],"inLanguage":"es","potentialAction":[{"@type":"CommentAction","name":"Comment","target":["https:\/\/vincentians.com\/es\/entrevista-a-maria-luisa-tellez-ninguna-obra-de-caridad-es-ajena-a-la-sociedad\/#respond"]}]},{"@type":"WebPage","@id":"https:\/\/vincentians.com\/es\/entrevista-a-maria-luisa-tellez-ninguna-obra-de-caridad-es-ajena-a-la-sociedad\/","url":"https:\/\/vincentians.com\/es\/entrevista-a-maria-luisa-tellez-ninguna-obra-de-caridad-es-ajena-a-la-sociedad\/","name":"Entrevista a Mar\u00eda Luisa T\u00e9llez: \u201cNinguna obra de caridad es ajena a la sociedad\u201d - Somos Vicencianos","isPartOf":{"@id":"http:\/\/vincentians.com\/es\/#website"},"primaryImageOfPage":{"@id":"https:\/\/vincentians.com\/es\/entrevista-a-maria-luisa-tellez-ninguna-obra-de-caridad-es-ajena-a-la-sociedad\/#primaryimage"},"image":{"@id":"https:\/\/vincentians.com\/es\/entrevista-a-maria-luisa-tellez-ninguna-obra-de-caridad-es-ajena-a-la-sociedad\/#primaryimage"},"thumbnailUrl":"","datePublished":"2011-01-20T08:45:07+00:00","breadcrumb":{"@id":"https:\/\/vincentians.com\/es\/entrevista-a-maria-luisa-tellez-ninguna-obra-de-caridad-es-ajena-a-la-sociedad\/#breadcrumb"},"inLanguage":"es","potentialAction":[{"@type":"ReadAction","target":["https:\/\/vincentians.com\/es\/entrevista-a-maria-luisa-tellez-ninguna-obra-de-caridad-es-ajena-a-la-sociedad\/"]}]},{"@type":"ImageObject","inLanguage":"es","@id":"https:\/\/vincentians.com\/es\/entrevista-a-maria-luisa-tellez-ninguna-obra-de-caridad-es-ajena-a-la-sociedad\/#primaryimage","url":"","contentUrl":""},{"@type":"BreadcrumbList","@id":"https:\/\/vincentians.com\/es\/entrevista-a-maria-luisa-tellez-ninguna-obra-de-caridad-es-ajena-a-la-sociedad\/#breadcrumb","itemListElement":[{"@type":"ListItem","position":1,"name":"Portada","item":"http:\/\/vincentians.com\/es\/"},{"@type":"ListItem","position":2,"name":"Entrevista a Mar\u00eda Luisa T\u00e9llez: \u201cNinguna obra de caridad es ajena a la sociedad\u201d"}]},{"@type":"WebSite","@id":"http:\/\/vincentians.com\/es\/#website","url":"http:\/\/vincentians.com\/es\/","name":"Somos Vicencianos","description":"Know more to serve more","publisher":{"@id":"http:\/\/vincentians.com\/es\/#organization"},"potentialAction":[{"@type":"SearchAction","target":{"@type":"EntryPoint","urlTemplate":"http:\/\/vincentians.com\/es\/?s={search_term_string}"},"query-input":{"@type":"PropertyValueSpecification","valueRequired":true,"valueName":"search_term_string"}}],"inLanguage":"es"},{"@type":"Organization","@id":"http:\/\/vincentians.com\/es\/#organization","name":"The Vincentian Network","url":"http:\/\/vincentians.com\/es\/","logo":{"@type":"ImageObject","inLanguage":"es","@id":"http:\/\/vincentians.com\/es\/#\/schema\/logo\/image\/","url":"https:\/\/i1.wp.com\/vincentians.com\/es\/wp-content\/uploads\/sites\/11\/2016\/06\/Vincentian-Network-logo-big.png?fit=778%2C778","contentUrl":"https:\/\/i1.wp.com\/vincentians.com\/es\/wp-content\/uploads\/sites\/11\/2016\/06\/Vincentian-Network-logo-big.png?fit=778%2C778","width":778,"height":778,"caption":"The Vincentian Network"},"image":{"@id":"http:\/\/vincentians.com\/es\/#\/schema\/logo\/image\/"},"sameAs":["https:\/\/www.facebook.com\/WeAreVincentians\/","https:\/\/x.com\/WeVincentians"]},{"@type":"Person","@id":"http:\/\/vincentians.com\/es\/#\/schema\/person\/9623ef4d9aa3b2dfb8c061f1499288f2","name":"Francisco Javier Fern\u00e1ndez Chento","image":{"@type":"ImageObject","inLanguage":"es","@id":"http:\/\/vincentians.com\/es\/#\/schema\/person\/image\/","url":"https:\/\/secure.gravatar.com\/avatar\/497d5cde87b4c3d097d0315953521681ba2cd523ee66e5077c3711f7021e65de?s=96&d=mm&r=g","contentUrl":"https:\/\/secure.gravatar.com\/avatar\/497d5cde87b4c3d097d0315953521681ba2cd523ee66e5077c3711f7021e65de?s=96&d=mm&r=g","caption":"Francisco Javier Fern\u00e1ndez Chento"},"description":"Director General y cofundador de La Red de Formaci\u00f3n Vicenciana. Javier es laico vicenciano, afiliado a la Congregaci\u00f3n de la Misi\u00f3n y miembro del Equipo de Misiones Populares de la provincia can\u00f3nica de Zaragoza (Espa\u00f1a) de la Congregaci\u00f3n de la Misi\u00f3n. Graduado en la Universidad Oberta de Catalunya con cuatro grados (Asistente de direcci\u00f3n, Gesti\u00f3n Administrativa, Recursos Humanos y Contabilidad Avanzada). Bil\u00edng\u00fce Espa\u00f1ol\/Ingl\u00e9s. gestiona y mantiene varias p\u00e1ginas web cristianas y vicencianas, incluida including La Red de Formaci\u00f3n Vicenciana, de la que es cofundador. Actualmente es responsable del \u00e1rea de Espa\u00f1ol de .famvin, la Red de Noticias de la Familia Vicenciana. Tambi\u00e9n es m\u00fasico cat\u00f3lico y ha editado varios discos. Es Director General y cofundador de Trovador, una reconocida compa\u00f1\u00eda discogr\u00e1fica critiana de Espa\u00f1a. Trabaja en las Tecnolog\u00edas de la Informaci\u00f3n, ofreciendo servicios de alojamiento, dise\u00f1o y mantenimiento Web, as\u00ed como asesoramiento, formaci\u00f3n y soluciones inform\u00e1ticas, gesti\u00f3n documental y digitalizaci\u00f3n de textos, edici\u00f3n y maquetaci\u00f3n de libros, revistas, flyers, etc.","sameAs":["http:\/\/chento.org","https:\/\/www.facebook.com\/JavierChento","https:\/\/x.com\/https:\/\/twitter.com\/javierchento"],"url":"https:\/\/vincentians.com\/es\/author\/chento\/"}]}},"jetpack_publicize_connections":[],"jetpack_featured_media_url":"","jetpack_sharing_enabled":true,"jetpack_shortlink":"https:\/\/wp.me\/p7ETMF-71y","jetpack-related-posts":[{"id":14548,"url":"https:\/\/vincentians.com\/es\/caridad-y-mision-en-la-experiencia-de-la-sociedad-de-san-vicente-de-paul-audio\/","url_meta":{"origin":27004,"position":0},"title":"Caridad y Misi\u00f3n en la experiencia de la Sociedad de San Vicente de Pa\u00fal (audio)","author":"Francisco Javier Fern\u00e1ndez Chento","date":"11\/09\/2023","format":false,"excerpt":"Presentan el panel: Mar\u00eda del Carmen Buitr\u00f3n Gerner, presidenta de SSVP Espa\u00f1a y Mar\u00eda Luisa T\u00e9llez, directora del Centro de Estudios y Formaci\u00f3n Ozanam. Presentan el pasado, presente y futuro de la Sociedad de San Vicente de Pa\u00fal. La Sociedad de San Vicente de Pa\u00fal es una asociaci\u00f3n cat\u00f3lica, internacional,\u2026","rel":"","context":"En \u00abFormaci\u00f3n Vicenciana\u00bb","block_context":{"text":"Formaci\u00f3n Vicenciana","link":"https:\/\/vincentians.com\/es\/category\/formacion-vicenciana\/"},"img":{"alt_text":"","src":"https:\/\/i0.wp.com\/vincentians.com\/es\/wp-content\/uploads\/sites\/11\/2013\/04\/f-8-scaled.jpg?fit=1200%2C570&ssl=1&resize=350%2C200","width":350,"height":200,"srcset":"https:\/\/i0.wp.com\/vincentians.com\/es\/wp-content\/uploads\/sites\/11\/2013\/04\/f-8-scaled.jpg?fit=1200%2C570&ssl=1&resize=350%2C200 1x, https:\/\/i0.wp.com\/vincentians.com\/es\/wp-content\/uploads\/sites\/11\/2013\/04\/f-8-scaled.jpg?fit=1200%2C570&ssl=1&resize=525%2C300 1.5x, https:\/\/i0.wp.com\/vincentians.com\/es\/wp-content\/uploads\/sites\/11\/2013\/04\/f-8-scaled.jpg?fit=1200%2C570&ssl=1&resize=700%2C400 2x, https:\/\/i0.wp.com\/vincentians.com\/es\/wp-content\/uploads\/sites\/11\/2013\/04\/f-8-scaled.jpg?fit=1200%2C570&ssl=1&resize=1050%2C600 3x"},"classes":[]},{"id":131217,"url":"https:\/\/vincentians.com\/es\/las-conferencias-de-san-vicente-de-paul-cumplen-un-siglo-de-existencia-en-espana-1849-1949\/","url_meta":{"origin":27004,"position":1},"title":"Las Conferencias de San Vicente de Pa\u00fal cumplen un siglo de existencia en Espa\u00f1a 1849-1949","author":"Francisco Javier Fern\u00e1ndez Chento","date":"30\/08\/2014","format":false,"excerpt":"El d\u00eda 11 de noviembre se cumplieron los c\u00eden a\u00f1os del establecimiento de las \"Conferencias de San Vicente de Pa\u00fal\" en Espa\u00f1a. Con este motivo, en la Bas\u00edlica de Santa Mar\u00eda de los Reyes, en Barcelona, celebr\u00f3se una solemne Misa de Comuni\u00f3n general, en la que ofici\u00f3 el Prelado de\u2026","rel":"","context":"En \u00abHistoria de la Sociedad de san Vicente de Pa\u00fal\u00bb","block_context":{"text":"Historia de la Sociedad de san Vicente de Pa\u00fal","link":"https:\/\/vincentians.com\/es\/category\/historia-de-la-familia-vicenciana\/historia-de-la-sociedad-de-san-vicente-de-paul\/"},"img":{"alt_text":"","src":"https:\/\/i0.wp.com\/vincentians.com\/es\/wp-content\/uploads\/sites\/11\/2016\/07\/escritos-vicente-de-paul.jpg?fit=1200%2C630&ssl=1&resize=350%2C200","width":350,"height":200,"srcset":"https:\/\/i0.wp.com\/vincentians.com\/es\/wp-content\/uploads\/sites\/11\/2016\/07\/escritos-vicente-de-paul.jpg?fit=1200%2C630&ssl=1&resize=350%2C200 1x, https:\/\/i0.wp.com\/vincentians.com\/es\/wp-content\/uploads\/sites\/11\/2016\/07\/escritos-vicente-de-paul.jpg?fit=1200%2C630&ssl=1&resize=525%2C300 1.5x, https:\/\/i0.wp.com\/vincentians.com\/es\/wp-content\/uploads\/sites\/11\/2016\/07\/escritos-vicente-de-paul.jpg?fit=1200%2C630&ssl=1&resize=700%2C400 2x, https:\/\/i0.wp.com\/vincentians.com\/es\/wp-content\/uploads\/sites\/11\/2016\/07\/escritos-vicente-de-paul.jpg?fit=1200%2C630&ssl=1&resize=1050%2C600 3x"},"classes":[]},{"id":137108,"url":"https:\/\/vincentians.com\/es\/estatutos-de-navyl-en-colombia\/","url_meta":{"origin":27004,"position":2},"title":"Estatutos de NAVYL en Colombia","author":"Francisco Javier Fern\u00e1ndez Chento","date":"30\/01\/2015","format":false,"excerpt":"Fundaci\u00f3n: La rama de la Familia Vicentina, Navyl, Ni\u00f1os amigos de Vicente y Luisa, naci\u00f3 en Cali el 15 de marzo de 1991, con ocasi\u00f3n de la celebraci\u00f3n de los 400 a\u00f1os del nacimiento de Santa Luisa de Marillac, para perpetuar su memoria y presentarla como modelo al igual que\u2026","rel":"","context":"En \u00abDocumentos de otras Ramas e Instituciones vicencianas\u00bb","block_context":{"text":"Documentos de otras Ramas e Instituciones vicencianas","link":"https:\/\/vincentians.com\/es\/category\/formacion-vicenciana\/documentos-oficiales-de-la-familia-vicenciana\/documentos-de-otras-ramas-e-instituciones-vicencianas\/"},"img":{"alt_text":"navyl","src":"https:\/\/i0.wp.com\/vicencianos.org\/wp-content\/2014\/01\/navyl-300x300.jpg?resize=350%2C200","width":350,"height":200},"classes":[]},{"id":387241,"url":"https:\/\/vincentians.com\/es\/originalidad-de-las-hijas-de-la-caridad-2\/","url_meta":{"origin":27004,"position":3},"title":"Originalidad de las Hijas de la Caridad","author":"Mitxel Olabu\u00e9naga","date":"29\/03\/2016","format":false,"excerpt":"Las religiosas Cuando convocaron a aquellas j\u00f3venes en casa de la se\u00f1orita Le Gras, ni Vicente ni la misma se\u00f1orita vieron claro c\u00f3mo podr\u00edan reunir a un grupo de mujeres en vida com\u00fan sin que se las tomara por religiosas y se les impusiera la clausura. Y con clausura, adi\u00f3s\u2026","rel":"","context":"En \u00abHistoria de las Hijas de la Caridad\u00bb","block_context":{"text":"Historia de las Hijas de la Caridad","link":"https:\/\/vincentians.com\/es\/category\/historia-de-la-familia-vicenciana\/historia-de-las-hijas-de-la-caridad\/"},"img":{"alt_text":"LOGO HHC","src":"https:\/\/i0.wp.com\/vicencianos.org\/wp-content\/uploads\/2016\/03\/LOGO-HHC.gif?resize=350%2C200","width":350,"height":200},"classes":[]},{"id":125959,"url":"https:\/\/vincentians.com\/es\/originalidad-de-las-hijas-de-la-caridad\/","url_meta":{"origin":27004,"position":4},"title":"Originalidad de las Hijas de la Caridad","author":"Francisco Javier Fern\u00e1ndez Chento","date":"10\/12\/2013","format":false,"excerpt":"Las religiosas Cuando convocaron a aquellas j\u00f3venes en casa de la se\u00f1orita Le Gras, ni Vicente ni la misma se\u00f1orita vieron claro c\u00f3mo podr\u00edan reunir a un grupo de mujeres en vida com\u00fan sin que se las tomara por religiosas y se les impusiera la clausura. Y con clausura, adi\u00f3s\u2026","rel":"","context":"En \u00abLuisa de Marillac\u00bb","block_context":{"text":"Luisa de Marillac","link":"https:\/\/vincentians.com\/es\/category\/la-familia-vicenciana\/fundadores\/luisa-de-marillac\/"},"img":{"alt_text":"Santa Luisa de Marillac","src":"https:\/\/i0.wp.com\/vicencianos.org\/wp-content\/2013\/09\/santaluisa3.jpg?resize=350%2C200","width":350,"height":200},"classes":[]},{"id":117480,"url":"https:\/\/vincentians.com\/es\/vicente-de-paul-carta-1059-la-senora-de-villeneuve-a-san-vicente\/","url_meta":{"origin":27004,"position":5},"title":"Vicente de Pa\u00fal, Carta 1059: La Se\u00f1ora De Villeneuve A San Vicente","author":"Francisco Javier Fern\u00e1ndez Chento","date":"22\/01\/2013","format":false,"excerpt":"\u00a1Viva Jes\u00fas Crucificado! Reverendo Padre: \u00bfHa resuelto ante Dios dejar perecer a su obra por la indignidad de la que se encarga de ella? Si Dios se lo inspira y lo compromete en esto, quiero alegrarme con usted. Desde que su bondad me hizo la gracia de comenzarla, hice esta\u2026","rel":"","context":"En \u00abEscritos de Vicente de Pa\u00fal\u00bb","block_context":{"text":"Escritos de Vicente de Pa\u00fal","link":"https:\/\/vincentians.com\/es\/category\/escritos\/escritos-de-vicente-de-paul\/"},"img":{"alt_text":"","src":"https:\/\/i0.wp.com\/vincentians.com\/es\/wp-content\/uploads\/sites\/11\/2016\/07\/escritos-vicente-de-paul.jpg?fit=1200%2C630&ssl=1&resize=350%2C200","width":350,"height":200,"srcset":"https:\/\/i0.wp.com\/vincentians.com\/es\/wp-content\/uploads\/sites\/11\/2016\/07\/escritos-vicente-de-paul.jpg?fit=1200%2C630&ssl=1&resize=350%2C200 1x, https:\/\/i0.wp.com\/vincentians.com\/es\/wp-content\/uploads\/sites\/11\/2016\/07\/escritos-vicente-de-paul.jpg?fit=1200%2C630&ssl=1&resize=525%2C300 1.5x, https:\/\/i0.wp.com\/vincentians.com\/es\/wp-content\/uploads\/sites\/11\/2016\/07\/escritos-vicente-de-paul.jpg?fit=1200%2C630&ssl=1&resize=700%2C400 2x, https:\/\/i0.wp.com\/vincentians.com\/es\/wp-content\/uploads\/sites\/11\/2016\/07\/escritos-vicente-de-paul.jpg?fit=1200%2C630&ssl=1&resize=1050%2C600 3x"},"classes":[]}],"_links":{"self":[{"href":"https:\/\/vincentians.com\/es\/wp-json\/wp\/v2\/posts\/27004","targetHints":{"allow":["GET"]}}],"collection":[{"href":"https:\/\/vincentians.com\/es\/wp-json\/wp\/v2\/posts"}],"about":[{"href":"https:\/\/vincentians.com\/es\/wp-json\/wp\/v2\/types\/post"}],"author":[{"embeddable":true,"href":"https:\/\/vincentians.com\/es\/wp-json\/wp\/v2\/users\/4"}],"replies":[{"embeddable":true,"href":"https:\/\/vincentians.com\/es\/wp-json\/wp\/v2\/comments?post=27004"}],"version-history":[{"count":0,"href":"https:\/\/vincentians.com\/es\/wp-json\/wp\/v2\/posts\/27004\/revisions"}],"wp:featuredmedia":[{"embeddable":true,"href":"https:\/\/vincentians.com\/es\/wp-json\/"}],"wp:attachment":[{"href":"https:\/\/vincentians.com\/es\/wp-json\/wp\/v2\/media?parent=27004"}],"wp:term":[{"taxonomy":"category","embeddable":true,"href":"https:\/\/vincentians.com\/es\/wp-json\/wp\/v2\/categories?post=27004"},{"taxonomy":"post_tag","embeddable":true,"href":"https:\/\/vincentians.com\/es\/wp-json\/wp\/v2\/tags?post=27004"}],"curies":[{"name":"wp","href":"https:\/\/api.w.org\/{rel}","templated":true}]}}