{"id":26825,"date":"2014-01-19T10:55:26","date_gmt":"2014-01-19T09:55:26","guid":{"rendered":"http:\/\/somos.vicencianos.org\/?p=26825"},"modified":"2014-01-19T10:55:26","modified_gmt":"2014-01-19T09:55:26","slug":"san-jose-sebastian-pelczar","status":"publish","type":"post","link":"https:\/\/vincentians.com\/es\/san-jose-sebastian-pelczar\/","title":{"rendered":"San Jos\u00e9 Sebasti\u00e1n Pelczar"},"content":{"rendered":"<div id=\"attachment_26826\" style=\"width: 200px\" class=\"wp-caption alignright\"><a href=\"https:\/\/i0.wp.com\/vicencianos.org\/wp-content\/2011\/01\/Jose_Sebastian_Pelczar.jpg\"><img data-recalc-dims=\"1\" loading=\"lazy\" decoding=\"async\" aria-describedby=\"caption-attachment-26826\" class=\"size-medium wp-image-26826\" title=\"Jose_Sebastian_Pelczar\" alt=\"Jos\u00e9 Sebasti\u00e1n Pelczar\" src=\"https:\/\/i0.wp.com\/vicencianos.org\/wp-content\/2011\/01\/Jose_Sebastian_Pelczar-190x300.jpg?resize=190%2C300\" width=\"190\" height=\"300\" \/><\/a><p id=\"caption-attachment-26826\" class=\"wp-caption-text\">Jos\u00e9 Sebasti\u00e1n Pelczar<\/p><\/div>\n<p>Jos\u00e9 Sebasti\u00e1n Pelczar naci\u00f3 el 17 de enero del 1842 en la peque\u00f1a ciudad de Korczyna, cerca de Krosno al pie de los montes C\u00e1rpatos. Pas\u00f3 la ni\u00f1ez en su ciudad natal, creciendo en una atm\u00f3sfera de fe profunda que sus padres Adalberto Pelczar y Marianna Mi\u0119sowicz le inculcaron. Estos, viendo que su hijo ten\u00eda aptitudes extraordinarias para el estudio, al terminar los dos a\u00f1os de escuela popular en Korczyna, lo enviaron a Rzesz\u00f3w para continuar sus estudios.<br \/>\nYa de estudiante tom\u00f3 la decisi\u00f3n de entregar su vida al servicio de Dios, como lo expresa en su diario: \u00abLos ideales de la tierra palidecen, el ideal de la vida lo veo en el sacrificio y el ideal del sacrificio en el sacerdocio\u00bb. Al terminar el sexto curso, entr\u00f3 al Seminario Menor y en el a\u00f1o 1860 empez\u00f3 los estudios de teolog\u00eda en el Seminario Mayor de Przemy\u015bl.<\/p>\n<p>Despu\u00e9s de la ordenaci\u00f3n sacerdotal (17 de julio de 1864), trabaj\u00f3 en la parroquia de Sambor durante a\u00f1o y medio y luego fue enviado a Roma (1866-1868) donde estudi\u00f3 a la vez en dos universidades, Collegium Romanum (hoy Universidad Gregoriana) y en el Instituto de san Apolinar (hoy Universidad Lateranense), donde profundiz\u00f3 sus conocimientos y fortaleci\u00f3 su gran amor a la Iglesia y a su cabeza visible, el Papa. Despu\u00e9s, al regresar a su patria, trabaj\u00f3 como profesor en el seminario de Przemysl, y luego durante 22 a\u00f1os en la Universidad Jagel\u00f3nica de Cracovia. Como profesor y decano de la Facultad de Teolog\u00eda, gozaba de estima y grande fama como hombre culto, buen organizador y amigo de los j\u00f3venes. Como reconocimiento a sus valores, le confiaron la dignidad de Rector del Almae Matris de Cracovia (1882-1883).<\/p>\n<p>Deseando realizar el ideal de \u00absacerdote y Polaco, que trabaja con devoci\u00f3n por su pueblo\u00bb, el sacerdote Pelczar no limitaba su actividad al campo de la ciencia, sino tambi\u00e9n al trabajo social y caritativo. Fue miembro activo de la Sociedad de san Vicente de Pa\u00fal y de la Asociaci\u00f3n de la Educaci\u00f3n Popular. Durante los 16 a\u00f1os que fue presidente de la Asociaci\u00f3n de la Educaci\u00f3n popular, fund\u00f3 numerosas salas de lectura y bibliotecas. Esta Asociaci\u00f3n promovi\u00f3 numerosas charlas gratis, edit\u00f3 y distribuy\u00f3 entre el pueblo m\u00e1s de cien mil libros y abri\u00f3 una escuela para las empleadas del servicio dom\u00e9stico. En 1891, por iniciativa suya, se cre\u00f3 \u00abLa Fraternidad de la Inmaculada Virgen Mar\u00eda, Reina de Polonia\u00bb, que adem\u00e1s de los fines religiosos ten\u00eda una dimensi\u00f3n social: se ocupaba de la protecci\u00f3n de los artesanos, de los pobres, de los hu\u00e9rfanos y empleadas del servicio dom\u00e9stico (de las empleadas enfermas y las que no ten\u00edan trabajo).<\/p>\n<p>Viendo en los problemas de su tiempo, un signo de la voluntad de Dios , fund\u00f3 en el a\u00f1o 1894, en Cracovia, la Congregaci\u00f3n de las Siervas del Sagrado Coraz\u00f3n de Jes\u00fas, siendo su fin la proclamaci\u00f3n del Reino del Amor del Sagrado Coraz\u00f3n de Jes\u00fas. Fue su deseo que las Hermanas fueran signo e instrumento de este amor para con las j\u00f3venes, enfermos y todos los que necesitasen cualquier tipo de ayuda.<\/p>\n<p>En el a\u00f1o 1899 fue nombrado Obispo auxiliar y un a\u00f1o mas tarde, despu\u00e9s de la muerte del Monse\u00f1or \u0141. Solecki, fue Obispo de la di\u00f3cesis de Przemy\u015bl. Durante los 25 a\u00f1os de su ministerio episcopal, se dio a conocer como un valiente pastor, celoso por el bien de las almas a \u00e9l confiadas.<\/p>\n<p>A pesar de su debilitada salud, Mons. Pelczar segu\u00eda desempe\u00f1ando actividades religiosas y sociales. Para animar a los fieles a mantener y renovar la fe, visitaba frecuentemente las parroquias, se preocupaba adem\u00e1s por la dimensi\u00f3n moral e intelectual del clero, dando a la vez ejemplo de una profunda piedad que se expresaba en la devoci\u00f3n al Sagrado Coraz\u00f3n de Jes\u00fas y a la Madre de Dios. Ten\u00eda gran devoci\u00f3n al Sant\u00edsimo Sacramento e invitaba a los fieles a participar en las celebraciones eucar\u00edsticas. Gracias a sus diligencias, aument\u00f3 el n\u00famero de nuevas iglesias y capillas, tambi\u00e9n fueron restaurados muchos templos. No obstante las dif\u00edciles circunstancias pol\u00edticas, realiz\u00f3 tres s\u00ednodos diocesanos, organizando en unas normas legislativas diferentes iniciativas, d\u00e1ndoles mayor apoyo y asegurando su estabilidad.<\/p>\n<p>El obispo Jos\u00e9 Sebasti\u00e1n conoc\u00eda las necesidades de sus fieles y rodeaba de cuidados a los m\u00e1s pobres de su di\u00f3cesis. Las guarder\u00edas para los ni\u00f1os, los comedores populares para los pobres, los refugios para los que no ten\u00edan casa, la preparaci\u00f3n en las labores dom\u00e9sticas para las j\u00f3venes, las becas para los seminaristas sin recursos econ\u00f3micos, son algunas de las obras existentes debidas a su iniciativa. Se compadec\u00eda de las injusticias sufridas por los trabajadores, y se dedic\u00f3 con empe\u00f1o por solucionar algunos problemas de su tiempo como la emigraci\u00f3n y el alcoholismo. En sus cartas pastorales, en los art\u00edculos publicados y en otros escritos subrayaba la necesidad de respetar estrictamente la ense\u00f1anza social del Papa Le\u00f3n XIII.<\/p>\n<p>Dotado copiosamente por Dios, no desperdiciaba los talentos recibidos sino que los desarrollaba y multiplicaba. Una de las pruebas de su incre\u00edble laboriosidad son sus numerosos escritos que contienen obras teol\u00f3gicas, hist\u00f3ricas, libros sobre la ley can\u00f3nica, manuales, devocionarios, cartas pastorales, charlas y homil\u00edas.<\/p>\n<p>Monse\u00f1or Pelczar muri\u00f3 la noche del 27 al 28 de marzo de 1924. Qued\u00f3 en la memoria de la gente como hombre de Dios que, a pesar de los tiempos dif\u00edciles que le toc\u00f3 vivir, cumpli\u00f3 siempre su voluntad. El profesor, P. Antonio Bystrzonowski, disc\u00edpulo y sucesor del prof. Pelczar en la c\u00e1tedra universitaria, el d\u00eda de su entierro dijo: \u00abEl difunto Obispo de Przemy\u015bl un\u00eda en s\u00ed las m\u00e1s bellas cualidades y talentos: un celo apost\u00f3lico y un esp\u00edritu de iniciativa llevado a la pr\u00e1ctica con energ\u00eda. La luz de una gran sabidur\u00eda, tal vez m\u00e1s grande por sus virtudes. Monse\u00f1or, brillaba como modelo y ejemplo de un trabajo extraordinario unido a un entusiasmo juvenil\u00bb.<\/p>\n<p>El 2 de junio del 1991, durante su IV peregrinaci\u00f3n a Polonia, el Santo Padre, Juan Pablo II beatific\u00f3 al Mons. Jos\u00e9 Sebasti\u00e1n Pelczar en Rzesz\u00f3w. Las Reliquias del Beato se encuentran en la catedral de Przemy\u015bl. En Cracovia el beato Jos\u00e9 Sebasti\u00e1n es venerado, de modo especial, en la iglesia de las Siervas del Sagrado Coraz\u00f3n de Jes\u00fas, donde se encuentra la capilla a \u00e9l dedicada. Su memoria se celebra el 19 de enero.<\/p>\n<p>Fue canonizado por el Papa Juan Pablo II el domingo 18 de mayo de 2003.<\/p>\n","protected":false},"excerpt":{"rendered":"<p>Jos\u00e9 Sebasti\u00e1n Pelczar naci\u00f3 el 17 de enero del 1842 en la peque\u00f1a ciudad de Korczyna, cerca de Krosno al pie de los montes C\u00e1rpatos. Pas\u00f3 la ni\u00f1ez en su ciudad natal, creciendo en una &#8230; <a href=\"https:\/\/vincentians.com\/es\/san-jose-sebastian-pelczar\/\" class=\"more-link\">Read More<\/a><\/p>\n","protected":false},"author":4,"featured_media":26826,"comment_status":"open","ping_status":"open","sticky":false,"template":"","format":"standard","meta":{"rs_blank_template":"","rs_page_bg_color":"","slide_template_v7":"","_jetpack_newsletter_access":"","_jetpack_dont_email_post_to_subs":false,"_jetpack_newsletter_tier_id":0,"_jetpack_memberships_contains_paywalled_content":false,"_jetpack_feature_clip_id":0,"_jetpack_memberships_contains_paid_content":false,"footnotes":"","jetpack_publicize_message":"","jetpack_publicize_feature_enabled":true,"jetpack_social_post_already_shared":true,"jetpack_social_options":{"image_generator_settings":{"template":"highway","default_image_id":0,"font":"","enabled":false},"version":2},"jetpack_post_was_ever_published":false},"categories":[250],"tags":[],"class_list":["post-26825","post","type-post","status-publish","format-standard","has-post-thumbnail","hentry","category-sociedad-de-san-vicente-de-paul"],"yoast_head":"<!-- This site is optimized with the Yoast SEO plugin v27.9 - https:\/\/yoast.com\/product\/yoast-seo-wordpress\/ -->\n<title>San Jos\u00e9 Sebasti\u00e1n Pelczar - Somos Vicencianos<\/title>\n<meta name=\"robots\" content=\"index, follow, max-snippet:-1, max-image-preview:large, max-video-preview:-1\" \/>\n<link rel=\"canonical\" href=\"https:\/\/vincentians.com\/es\/san-jose-sebastian-pelczar\/\" \/>\n<meta property=\"og:locale\" content=\"es_ES\" \/>\n<meta property=\"og:type\" content=\"article\" \/>\n<meta property=\"og:title\" content=\"San Jos\u00e9 Sebasti\u00e1n Pelczar - Somos Vicencianos\" \/>\n<meta property=\"og:description\" content=\"Jos\u00e9 Sebasti\u00e1n Pelczar naci\u00f3 el 17 de enero del 1842 en la peque\u00f1a ciudad de Korczyna, cerca de Krosno al pie de los montes C\u00e1rpatos. Pas\u00f3 la ni\u00f1ez en su ciudad natal, creciendo en una ... Read More\" \/>\n<meta property=\"og:url\" content=\"https:\/\/vincentians.com\/es\/san-jose-sebastian-pelczar\/\" \/>\n<meta property=\"og:site_name\" content=\"Somos Vicencianos\" \/>\n<meta property=\"article:publisher\" content=\"https:\/\/www.facebook.com\/WeAreVincentians\/\" \/>\n<meta property=\"article:author\" content=\"https:\/\/www.facebook.com\/JavierChento\" \/>\n<meta property=\"article:published_time\" content=\"2014-01-19T09:55:26+00:00\" \/>\n<meta name=\"author\" content=\"Francisco Javier Fern\u00e1ndez Chento\" \/>\n<meta name=\"twitter:card\" content=\"summary_large_image\" \/>\n<meta name=\"twitter:creator\" content=\"@https:\/\/twitter.com\/javierchento\" \/>\n<meta name=\"twitter:site\" content=\"@WeVincentians\" \/>\n<meta name=\"twitter:label1\" content=\"Escrito por\" \/>\n\t<meta name=\"twitter:data1\" content=\"Francisco Javier Fern\u00e1ndez Chento\" \/>\n\t<meta name=\"twitter:label2\" content=\"Tiempo de lectura\" \/>\n\t<meta name=\"twitter:data2\" content=\"6 minutos\" \/>\n<script type=\"application\/ld+json\" class=\"yoast-schema-graph\">{\"@context\":\"https:\\\/\\\/schema.org\",\"@graph\":[{\"@type\":\"Article\",\"@id\":\"https:\\\/\\\/vincentians.com\\\/es\\\/san-jose-sebastian-pelczar\\\/#article\",\"isPartOf\":{\"@id\":\"https:\\\/\\\/vincentians.com\\\/es\\\/san-jose-sebastian-pelczar\\\/\"},\"author\":{\"name\":\"Francisco Javier Fern\u00e1ndez Chento\",\"@id\":\"https:\\\/\\\/vincentians.com\\\/es\\\/#\\\/schema\\\/person\\\/9623ef4d9aa3b2dfb8c061f1499288f2\"},\"headline\":\"San Jos\u00e9 Sebasti\u00e1n Pelczar\",\"datePublished\":\"2014-01-19T09:55:26+00:00\",\"mainEntityOfPage\":{\"@id\":\"https:\\\/\\\/vincentians.com\\\/es\\\/san-jose-sebastian-pelczar\\\/\"},\"wordCount\":1171,\"commentCount\":0,\"publisher\":{\"@id\":\"https:\\\/\\\/vincentians.com\\\/es\\\/#organization\"},\"image\":{\"@id\":\"https:\\\/\\\/vincentians.com\\\/es\\\/san-jose-sebastian-pelczar\\\/#primaryimage\"},\"thumbnailUrl\":\"\",\"articleSection\":[\"Sociedad de San Vicente de Pa\u00fal\"],\"inLanguage\":\"es\",\"potentialAction\":[{\"@type\":\"CommentAction\",\"name\":\"Comment\",\"target\":[\"https:\\\/\\\/vincentians.com\\\/es\\\/san-jose-sebastian-pelczar\\\/#respond\"]}]},{\"@type\":\"WebPage\",\"@id\":\"https:\\\/\\\/vincentians.com\\\/es\\\/san-jose-sebastian-pelczar\\\/\",\"url\":\"https:\\\/\\\/vincentians.com\\\/es\\\/san-jose-sebastian-pelczar\\\/\",\"name\":\"San Jos\u00e9 Sebasti\u00e1n Pelczar - Somos Vicencianos\",\"isPartOf\":{\"@id\":\"https:\\\/\\\/vincentians.com\\\/es\\\/#website\"},\"primaryImageOfPage\":{\"@id\":\"https:\\\/\\\/vincentians.com\\\/es\\\/san-jose-sebastian-pelczar\\\/#primaryimage\"},\"image\":{\"@id\":\"https:\\\/\\\/vincentians.com\\\/es\\\/san-jose-sebastian-pelczar\\\/#primaryimage\"},\"thumbnailUrl\":\"\",\"datePublished\":\"2014-01-19T09:55:26+00:00\",\"breadcrumb\":{\"@id\":\"https:\\\/\\\/vincentians.com\\\/es\\\/san-jose-sebastian-pelczar\\\/#breadcrumb\"},\"inLanguage\":\"es\",\"potentialAction\":[{\"@type\":\"ReadAction\",\"target\":[\"https:\\\/\\\/vincentians.com\\\/es\\\/san-jose-sebastian-pelczar\\\/\"]}]},{\"@type\":\"ImageObject\",\"inLanguage\":\"es\",\"@id\":\"https:\\\/\\\/vincentians.com\\\/es\\\/san-jose-sebastian-pelczar\\\/#primaryimage\",\"url\":\"\",\"contentUrl\":\"\"},{\"@type\":\"BreadcrumbList\",\"@id\":\"https:\\\/\\\/vincentians.com\\\/es\\\/san-jose-sebastian-pelczar\\\/#breadcrumb\",\"itemListElement\":[{\"@type\":\"ListItem\",\"position\":1,\"name\":\"Portada\",\"item\":\"https:\\\/\\\/vincentians.com\\\/es\\\/\"},{\"@type\":\"ListItem\",\"position\":2,\"name\":\"San Jos\u00e9 Sebasti\u00e1n Pelczar\"}]},{\"@type\":\"WebSite\",\"@id\":\"https:\\\/\\\/vincentians.com\\\/es\\\/#website\",\"url\":\"https:\\\/\\\/vincentians.com\\\/es\\\/\",\"name\":\"Somos Vicencianos\",\"description\":\"Know more to serve more\",\"publisher\":{\"@id\":\"https:\\\/\\\/vincentians.com\\\/es\\\/#organization\"},\"potentialAction\":[{\"@type\":\"SearchAction\",\"target\":{\"@type\":\"EntryPoint\",\"urlTemplate\":\"https:\\\/\\\/vincentians.com\\\/es\\\/?s={search_term_string}\"},\"query-input\":{\"@type\":\"PropertyValueSpecification\",\"valueRequired\":true,\"valueName\":\"search_term_string\"}}],\"inLanguage\":\"es\"},{\"@type\":\"Organization\",\"@id\":\"https:\\\/\\\/vincentians.com\\\/es\\\/#organization\",\"name\":\"The Vincentian Network\",\"url\":\"https:\\\/\\\/vincentians.com\\\/es\\\/\",\"logo\":{\"@type\":\"ImageObject\",\"inLanguage\":\"es\",\"@id\":\"https:\\\/\\\/vincentians.com\\\/es\\\/#\\\/schema\\\/logo\\\/image\\\/\",\"url\":\"https:\\\/\\\/i1.wp.com\\\/vincentians.com\\\/es\\\/wp-content\\\/uploads\\\/sites\\\/11\\\/2016\\\/06\\\/Vincentian-Network-logo-big.png?fit=778%2C778\",\"contentUrl\":\"https:\\\/\\\/i1.wp.com\\\/vincentians.com\\\/es\\\/wp-content\\\/uploads\\\/sites\\\/11\\\/2016\\\/06\\\/Vincentian-Network-logo-big.png?fit=778%2C778\",\"width\":778,\"height\":778,\"caption\":\"The Vincentian Network\"},\"image\":{\"@id\":\"https:\\\/\\\/vincentians.com\\\/es\\\/#\\\/schema\\\/logo\\\/image\\\/\"},\"sameAs\":[\"https:\\\/\\\/www.facebook.com\\\/WeAreVincentians\\\/\",\"https:\\\/\\\/x.com\\\/WeVincentians\"]},{\"@type\":\"Person\",\"@id\":\"https:\\\/\\\/vincentians.com\\\/es\\\/#\\\/schema\\\/person\\\/9623ef4d9aa3b2dfb8c061f1499288f2\",\"name\":\"Francisco Javier Fern\u00e1ndez Chento\",\"image\":{\"@type\":\"ImageObject\",\"inLanguage\":\"es\",\"@id\":\"https:\\\/\\\/secure.gravatar.com\\\/avatar\\\/497d5cde87b4c3d097d0315953521681ba2cd523ee66e5077c3711f7021e65de?s=96&d=mm&r=g\",\"url\":\"https:\\\/\\\/secure.gravatar.com\\\/avatar\\\/497d5cde87b4c3d097d0315953521681ba2cd523ee66e5077c3711f7021e65de?s=96&d=mm&r=g\",\"contentUrl\":\"https:\\\/\\\/secure.gravatar.com\\\/avatar\\\/497d5cde87b4c3d097d0315953521681ba2cd523ee66e5077c3711f7021e65de?s=96&d=mm&r=g\",\"caption\":\"Francisco Javier Fern\u00e1ndez Chento\"},\"description\":\"Director General y cofundador de La Red de Formaci\u00f3n Vicenciana. Javier es laico vicenciano, afiliado a la Congregaci\u00f3n de la Misi\u00f3n y miembro del Equipo de Misiones Populares de la provincia can\u00f3nica de Zaragoza (Espa\u00f1a) de la Congregaci\u00f3n de la Misi\u00f3n. Graduado en la Universidad Oberta de Catalunya con cuatro grados (Asistente de direcci\u00f3n, Gesti\u00f3n Administrativa, Recursos Humanos y Contabilidad Avanzada). Bil\u00edng\u00fce Espa\u00f1ol\\\/Ingl\u00e9s. gestiona y mantiene varias p\u00e1ginas web cristianas y vicencianas, incluida including La Red de Formaci\u00f3n Vicenciana, de la que es cofundador. Actualmente es responsable del \u00e1rea de Espa\u00f1ol de .famvin, la Red de Noticias de la Familia Vicenciana. Tambi\u00e9n es m\u00fasico cat\u00f3lico y ha editado varios discos. Es Director General y cofundador de Trovador, una reconocida compa\u00f1\u00eda discogr\u00e1fica critiana de Espa\u00f1a. Trabaja en las Tecnolog\u00edas de la Informaci\u00f3n, ofreciendo servicios de alojamiento, dise\u00f1o y mantenimiento Web, as\u00ed como asesoramiento, formaci\u00f3n y soluciones inform\u00e1ticas, gesti\u00f3n documental y digitalizaci\u00f3n de textos, edici\u00f3n y maquetaci\u00f3n de libros, revistas, flyers, etc.\",\"sameAs\":[\"http:\\\/\\\/chento.org\",\"https:\\\/\\\/www.facebook.com\\\/JavierChento\",\"https:\\\/\\\/x.com\\\/https:\\\/\\\/twitter.com\\\/javierchento\"],\"url\":\"https:\\\/\\\/vincentians.com\\\/es\\\/author\\\/chento\\\/\"}]}<\/script>\n<!-- \/ Yoast SEO plugin. -->","yoast_head_json":{"title":"San Jos\u00e9 Sebasti\u00e1n Pelczar - Somos Vicencianos","robots":{"index":"index","follow":"follow","max-snippet":"max-snippet:-1","max-image-preview":"max-image-preview:large","max-video-preview":"max-video-preview:-1"},"canonical":"https:\/\/vincentians.com\/es\/san-jose-sebastian-pelczar\/","og_locale":"es_ES","og_type":"article","og_title":"San Jos\u00e9 Sebasti\u00e1n Pelczar - Somos Vicencianos","og_description":"Jos\u00e9 Sebasti\u00e1n Pelczar naci\u00f3 el 17 de enero del 1842 en la peque\u00f1a ciudad de Korczyna, cerca de Krosno al pie de los montes C\u00e1rpatos. Pas\u00f3 la ni\u00f1ez en su ciudad natal, creciendo en una ... Read More","og_url":"https:\/\/vincentians.com\/es\/san-jose-sebastian-pelczar\/","og_site_name":"Somos Vicencianos","article_publisher":"https:\/\/www.facebook.com\/WeAreVincentians\/","article_author":"https:\/\/www.facebook.com\/JavierChento","article_published_time":"2014-01-19T09:55:26+00:00","author":"Francisco Javier Fern\u00e1ndez Chento","twitter_card":"summary_large_image","twitter_creator":"@https:\/\/twitter.com\/javierchento","twitter_site":"@WeVincentians","twitter_misc":{"Escrito por":"Francisco Javier Fern\u00e1ndez Chento","Tiempo de lectura":"6 minutos"},"schema":{"@context":"https:\/\/schema.org","@graph":[{"@type":"Article","@id":"https:\/\/vincentians.com\/es\/san-jose-sebastian-pelczar\/#article","isPartOf":{"@id":"https:\/\/vincentians.com\/es\/san-jose-sebastian-pelczar\/"},"author":{"name":"Francisco Javier Fern\u00e1ndez Chento","@id":"https:\/\/vincentians.com\/es\/#\/schema\/person\/9623ef4d9aa3b2dfb8c061f1499288f2"},"headline":"San Jos\u00e9 Sebasti\u00e1n Pelczar","datePublished":"2014-01-19T09:55:26+00:00","mainEntityOfPage":{"@id":"https:\/\/vincentians.com\/es\/san-jose-sebastian-pelczar\/"},"wordCount":1171,"commentCount":0,"publisher":{"@id":"https:\/\/vincentians.com\/es\/#organization"},"image":{"@id":"https:\/\/vincentians.com\/es\/san-jose-sebastian-pelczar\/#primaryimage"},"thumbnailUrl":"","articleSection":["Sociedad de San Vicente de Pa\u00fal"],"inLanguage":"es","potentialAction":[{"@type":"CommentAction","name":"Comment","target":["https:\/\/vincentians.com\/es\/san-jose-sebastian-pelczar\/#respond"]}]},{"@type":"WebPage","@id":"https:\/\/vincentians.com\/es\/san-jose-sebastian-pelczar\/","url":"https:\/\/vincentians.com\/es\/san-jose-sebastian-pelczar\/","name":"San Jos\u00e9 Sebasti\u00e1n Pelczar - Somos Vicencianos","isPartOf":{"@id":"https:\/\/vincentians.com\/es\/#website"},"primaryImageOfPage":{"@id":"https:\/\/vincentians.com\/es\/san-jose-sebastian-pelczar\/#primaryimage"},"image":{"@id":"https:\/\/vincentians.com\/es\/san-jose-sebastian-pelczar\/#primaryimage"},"thumbnailUrl":"","datePublished":"2014-01-19T09:55:26+00:00","breadcrumb":{"@id":"https:\/\/vincentians.com\/es\/san-jose-sebastian-pelczar\/#breadcrumb"},"inLanguage":"es","potentialAction":[{"@type":"ReadAction","target":["https:\/\/vincentians.com\/es\/san-jose-sebastian-pelczar\/"]}]},{"@type":"ImageObject","inLanguage":"es","@id":"https:\/\/vincentians.com\/es\/san-jose-sebastian-pelczar\/#primaryimage","url":"","contentUrl":""},{"@type":"BreadcrumbList","@id":"https:\/\/vincentians.com\/es\/san-jose-sebastian-pelczar\/#breadcrumb","itemListElement":[{"@type":"ListItem","position":1,"name":"Portada","item":"https:\/\/vincentians.com\/es\/"},{"@type":"ListItem","position":2,"name":"San Jos\u00e9 Sebasti\u00e1n Pelczar"}]},{"@type":"WebSite","@id":"https:\/\/vincentians.com\/es\/#website","url":"https:\/\/vincentians.com\/es\/","name":"Somos Vicencianos","description":"Know more to serve more","publisher":{"@id":"https:\/\/vincentians.com\/es\/#organization"},"potentialAction":[{"@type":"SearchAction","target":{"@type":"EntryPoint","urlTemplate":"https:\/\/vincentians.com\/es\/?s={search_term_string}"},"query-input":{"@type":"PropertyValueSpecification","valueRequired":true,"valueName":"search_term_string"}}],"inLanguage":"es"},{"@type":"Organization","@id":"https:\/\/vincentians.com\/es\/#organization","name":"The Vincentian Network","url":"https:\/\/vincentians.com\/es\/","logo":{"@type":"ImageObject","inLanguage":"es","@id":"https:\/\/vincentians.com\/es\/#\/schema\/logo\/image\/","url":"https:\/\/i1.wp.com\/vincentians.com\/es\/wp-content\/uploads\/sites\/11\/2016\/06\/Vincentian-Network-logo-big.png?fit=778%2C778","contentUrl":"https:\/\/i1.wp.com\/vincentians.com\/es\/wp-content\/uploads\/sites\/11\/2016\/06\/Vincentian-Network-logo-big.png?fit=778%2C778","width":778,"height":778,"caption":"The Vincentian Network"},"image":{"@id":"https:\/\/vincentians.com\/es\/#\/schema\/logo\/image\/"},"sameAs":["https:\/\/www.facebook.com\/WeAreVincentians\/","https:\/\/x.com\/WeVincentians"]},{"@type":"Person","@id":"https:\/\/vincentians.com\/es\/#\/schema\/person\/9623ef4d9aa3b2dfb8c061f1499288f2","name":"Francisco Javier Fern\u00e1ndez Chento","image":{"@type":"ImageObject","inLanguage":"es","@id":"https:\/\/secure.gravatar.com\/avatar\/497d5cde87b4c3d097d0315953521681ba2cd523ee66e5077c3711f7021e65de?s=96&d=mm&r=g","url":"https:\/\/secure.gravatar.com\/avatar\/497d5cde87b4c3d097d0315953521681ba2cd523ee66e5077c3711f7021e65de?s=96&d=mm&r=g","contentUrl":"https:\/\/secure.gravatar.com\/avatar\/497d5cde87b4c3d097d0315953521681ba2cd523ee66e5077c3711f7021e65de?s=96&d=mm&r=g","caption":"Francisco Javier Fern\u00e1ndez Chento"},"description":"Director General y cofundador de La Red de Formaci\u00f3n Vicenciana. Javier es laico vicenciano, afiliado a la Congregaci\u00f3n de la Misi\u00f3n y miembro del Equipo de Misiones Populares de la provincia can\u00f3nica de Zaragoza (Espa\u00f1a) de la Congregaci\u00f3n de la Misi\u00f3n. Graduado en la Universidad Oberta de Catalunya con cuatro grados (Asistente de direcci\u00f3n, Gesti\u00f3n Administrativa, Recursos Humanos y Contabilidad Avanzada). Bil\u00edng\u00fce Espa\u00f1ol\/Ingl\u00e9s. gestiona y mantiene varias p\u00e1ginas web cristianas y vicencianas, incluida including La Red de Formaci\u00f3n Vicenciana, de la que es cofundador. Actualmente es responsable del \u00e1rea de Espa\u00f1ol de .famvin, la Red de Noticias de la Familia Vicenciana. Tambi\u00e9n es m\u00fasico cat\u00f3lico y ha editado varios discos. Es Director General y cofundador de Trovador, una reconocida compa\u00f1\u00eda discogr\u00e1fica critiana de Espa\u00f1a. Trabaja en las Tecnolog\u00edas de la Informaci\u00f3n, ofreciendo servicios de alojamiento, dise\u00f1o y mantenimiento Web, as\u00ed como asesoramiento, formaci\u00f3n y soluciones inform\u00e1ticas, gesti\u00f3n documental y digitalizaci\u00f3n de textos, edici\u00f3n y maquetaci\u00f3n de libros, revistas, flyers, etc.","sameAs":["http:\/\/chento.org","https:\/\/www.facebook.com\/JavierChento","https:\/\/x.com\/https:\/\/twitter.com\/javierchento"],"url":"https:\/\/vincentians.com\/es\/author\/chento\/"}]}},"jetpack_publicize_connections":[],"jetpack_featured_media_url":"","jetpack_sharing_enabled":true,"jetpack_shortlink":"https:\/\/wp.me\/p7ETMF-6YF","jetpack-related-posts":[{"id":118951,"url":"https:\/\/vincentians.com\/es\/historia-de-los-paules-en-cuba-capitulo-iv-b\/","url_meta":{"origin":26825,"position":0},"title":"Historia de los Pa\u00fales en Cuba (Cap\u00edtulo IV B)","author":"Mitxel Olabu\u00e9naga","date":"01\/01\/2022","format":false,"excerpt":"\u00a02. Los Pa\u00fales asumen, por fin, la direcci\u00f3n del Seminario San Carlos y San Ambrosio. 1879-1890. \u00c9xitos y dificultades. El Seminario de San Carlos y San Ambrosio de San Crist\u00f3bal de La Habana es el heredero y sucesor de varias instituciones anteriores: el Seminario Tridentino fundado por el Obispo Juan\u2026","rel":"","context":"En \u00abHistoria de la Congregaci\u00f3n de la Misi\u00f3n\u00bb","block_context":{"text":"Historia de la Congregaci\u00f3n de la Misi\u00f3n","link":"https:\/\/vincentians.com\/es\/category\/historia-de-la-familia-vicenciana\/historia-de-la-congregacion-de-la-mision\/"},"img":{"alt_text":"","src":"https:\/\/i0.wp.com\/vincentians.com\/es\/wp-content\/uploads\/sites\/11\/2016\/10\/ranquines.jpg?fit=1200%2C630&ssl=1&resize=350%2C200","width":350,"height":200,"srcset":"https:\/\/i0.wp.com\/vincentians.com\/es\/wp-content\/uploads\/sites\/11\/2016\/10\/ranquines.jpg?fit=1200%2C630&ssl=1&resize=350%2C200 1x, https:\/\/i0.wp.com\/vincentians.com\/es\/wp-content\/uploads\/sites\/11\/2016\/10\/ranquines.jpg?fit=1200%2C630&ssl=1&resize=525%2C300 1.5x, https:\/\/i0.wp.com\/vincentians.com\/es\/wp-content\/uploads\/sites\/11\/2016\/10\/ranquines.jpg?fit=1200%2C630&ssl=1&resize=700%2C400 2x, https:\/\/i0.wp.com\/vincentians.com\/es\/wp-content\/uploads\/sites\/11\/2016\/10\/ranquines.jpg?fit=1200%2C630&ssl=1&resize=1050%2C600 3x"},"classes":[]},{"id":130798,"url":"https:\/\/vincentians.com\/es\/noticias-sobre-el-senor-de-andreis\/","url_meta":{"origin":26825,"position":1},"title":"Noticias sobre el se\u00f1or de Andreis","author":"Mitxel Olabu\u00e9naga","date":"25\/06\/2014","format":false,"excerpt":"Se lee en el San Luis Globo Democr\u00e1tica, del 14 de Julio de 1901: \"El tribunal nombrado por el Excmo. Sr. Arzobispo de Kain, para recoger las disposiciones referentes a la canonizaci\u00f3n del Muy Rvdo. F\u00e9lix de Andreis, de la Congregaci\u00f3n de la Misi\u00f3n, tendr\u00e1 su segunda sesi\u00f3n ma\u00f1ana. La\u2026","rel":"","context":"En \u00abBiograf\u00edas de Misioneros Pa\u00fales\u00bb","block_context":{"text":"Biograf\u00edas de Misioneros Pa\u00fales","link":"https:\/\/vincentians.com\/es\/category\/la-familia-vicenciana\/biografias-vicencianas\/biografias-de-misioneros-paules\/"},"img":{"alt_text":"","src":"https:\/\/i0.wp.com\/vincentians.com\/es\/wp-content\/uploads\/sites\/11\/2016\/07\/bio-cm.jpg?fit=1200%2C630&ssl=1&resize=350%2C200","width":350,"height":200,"srcset":"https:\/\/i0.wp.com\/vincentians.com\/es\/wp-content\/uploads\/sites\/11\/2016\/07\/bio-cm.jpg?fit=1200%2C630&ssl=1&resize=350%2C200 1x, https:\/\/i0.wp.com\/vincentians.com\/es\/wp-content\/uploads\/sites\/11\/2016\/07\/bio-cm.jpg?fit=1200%2C630&ssl=1&resize=525%2C300 1.5x, https:\/\/i0.wp.com\/vincentians.com\/es\/wp-content\/uploads\/sites\/11\/2016\/07\/bio-cm.jpg?fit=1200%2C630&ssl=1&resize=700%2C400 2x, https:\/\/i0.wp.com\/vincentians.com\/es\/wp-content\/uploads\/sites\/11\/2016\/07\/bio-cm.jpg?fit=1200%2C630&ssl=1&resize=1050%2C600 3x"},"classes":[]},{"id":93426,"url":"https:\/\/vincentians.com\/es\/jose-maria-alcacer\/","url_meta":{"origin":26825,"position":2},"title":"Jos\u00e9 Mar\u00eda Alc\u00e1cer","author":"Mitxel Olabu\u00e9naga","date":"08\/07\/2012","format":false,"excerpt":"(Madrid, 16.09.1994). Hoy se ha celebrado en la Bas\u00edlica de la Milagrosa, la Misa de funeral por P. Jos\u00e9 Mar\u00eda Alc\u00e1cer, en la que han concelebrado m\u00e1s de 50 sacerdotes, llegados de las diversas casas de la Provincia de Madrid, de las Provincias de Salamanca y Zaragoza y varios Misioneros\u2026","rel":"","context":"En \u00abBiograf\u00edas de Misioneros Pa\u00fales\u00bb","block_context":{"text":"Biograf\u00edas de Misioneros Pa\u00fales","link":"https:\/\/vincentians.com\/es\/category\/la-familia-vicenciana\/biografias-vicencianas\/biografias-de-misioneros-paules\/"},"img":{"alt_text":"","src":"https:\/\/i0.wp.com\/vincentians.com\/es\/wp-content\/uploads\/sites\/11\/2016\/07\/bio-cm.jpg?fit=1200%2C630&ssl=1&resize=350%2C200","width":350,"height":200,"srcset":"https:\/\/i0.wp.com\/vincentians.com\/es\/wp-content\/uploads\/sites\/11\/2016\/07\/bio-cm.jpg?fit=1200%2C630&ssl=1&resize=350%2C200 1x, https:\/\/i0.wp.com\/vincentians.com\/es\/wp-content\/uploads\/sites\/11\/2016\/07\/bio-cm.jpg?fit=1200%2C630&ssl=1&resize=525%2C300 1.5x, https:\/\/i0.wp.com\/vincentians.com\/es\/wp-content\/uploads\/sites\/11\/2016\/07\/bio-cm.jpg?fit=1200%2C630&ssl=1&resize=700%2C400 2x, https:\/\/i0.wp.com\/vincentians.com\/es\/wp-content\/uploads\/sites\/11\/2016\/07\/bio-cm.jpg?fit=1200%2C630&ssl=1&resize=1050%2C600 3x"},"classes":[]},{"id":16771,"url":"https:\/\/vincentians.com\/es\/gianna-beretta-molla-y-jose-moscati-dos-medicos-dos-santos\/","url_meta":{"origin":26825,"position":3},"title":"Gianna Beretta Molla y Jos\u00e9 Moscati: dos m\u00e9dicos, dos santos","author":"Francisco Javier Fern\u00e1ndez Chento","date":"24\/04\/2015","format":false,"excerpt":"\"Coronando una existencia ejemplar de estudiante, de mujer enpe\u00f1ada en la comunidad eclesial y de esposa y madre feliz, supo ofrecer en sacrificio su vida para que pudiese vivir la criatura que llevaba en su seno, y que hoy est\u00e1 aqu\u00ed con nosotros. Ella como m\u00e9dico era consciente de lo\u2026","rel":"","context":"En \u00abGianna Beretta Molla\u00bb","block_context":{"text":"Gianna Beretta Molla","link":"https:\/\/vincentians.com\/es\/category\/la-familia-vicenciana\/la-familia-vicenciana-en-los-altares\/santos\/gianna-beretta-molla\/"},"img":{"alt_text":"","src":"https:\/\/i0.wp.com\/vicencianos.org\/vicencianos\/files\/2010\/04\/Gianna-Beretta-Molla.jpg?resize=350%2C200","width":350,"height":200},"classes":[]},{"id":118001,"url":"https:\/\/vincentians.com\/es\/mons-jose-garcia-villas-primer-obispo-de-san-pedro-de-sula\/","url_meta":{"origin":26825,"position":4},"title":"Mons .Jos\u00e9 Garc\u00eda Villas, primer obispo de San Pedro de Sula","author":"Mitxel Olabu\u00e9naga","date":"04\/03\/2013","format":false,"excerpt":"Mi hermano, Rvdo. P. Miguel Piquer, me pide que mande para los Anales de la Provincia de Madrid unas breves notas sobre la muerte tr\u00e1gica y rasgos m\u00e1s salientes de Monse\u00f1or Jos\u00e9 Garc\u00eda Vi\u00adllas, C. M., primer Obispo de la nueva di\u00f3cesis de San Pedro Sula.. Pude convivir con Monse\u00f1or\u2026","rel":"","context":"En \u00abBiograf\u00edas de Misioneros Pa\u00fales\u00bb","block_context":{"text":"Biograf\u00edas de Misioneros Pa\u00fales","link":"https:\/\/vincentians.com\/es\/category\/la-familia-vicenciana\/biografias-vicencianas\/biografias-de-misioneros-paules\/"},"img":{"alt_text":"","src":"https:\/\/i0.wp.com\/vincentians.com\/es\/wp-content\/uploads\/sites\/11\/2016\/07\/bio-cm.jpg?fit=1200%2C630&ssl=1&resize=350%2C200","width":350,"height":200,"srcset":"https:\/\/i0.wp.com\/vincentians.com\/es\/wp-content\/uploads\/sites\/11\/2016\/07\/bio-cm.jpg?fit=1200%2C630&ssl=1&resize=350%2C200 1x, https:\/\/i0.wp.com\/vincentians.com\/es\/wp-content\/uploads\/sites\/11\/2016\/07\/bio-cm.jpg?fit=1200%2C630&ssl=1&resize=525%2C300 1.5x, https:\/\/i0.wp.com\/vincentians.com\/es\/wp-content\/uploads\/sites\/11\/2016\/07\/bio-cm.jpg?fit=1200%2C630&ssl=1&resize=700%2C400 2x, https:\/\/i0.wp.com\/vincentians.com\/es\/wp-content\/uploads\/sites\/11\/2016\/07\/bio-cm.jpg?fit=1200%2C630&ssl=1&resize=1050%2C600 3x"},"classes":[]},{"id":133700,"url":"https:\/\/vincentians.com\/es\/la-navidad-y-sus-tradiciones-las-posadas\/","url_meta":{"origin":26825,"position":5},"title":"La Navidad y sus tradiciones: Las posadas","author":"Francisco Javier Fern\u00e1ndez Chento","date":"16\/12\/2014","format":false,"excerpt":"Las posadas son fiestas que tienen como fin, preparar la Navidad. Comienzan el d\u00eda 16 y terminan el d\u00eda 24 de Diciembre. Su origen se remonta a los tiempos de la conquista, cuando los espa\u00f1oles llegaron a M\u00e9xico, los aztecas cre\u00edan que durante el solsticio de invierno, el dios Quetzalc\u00f3atl\u2026","rel":"","context":"En \u00abFormaci\u00f3n Cristiana\u00bb","block_context":{"text":"Formaci\u00f3n Cristiana","link":"https:\/\/vincentians.com\/es\/category\/formacion-cristiana\/"},"img":{"alt_text":"navidad_posadas","src":"https:\/\/i0.wp.com\/vicencianos.org\/wp-content\/2014\/12\/navidad_posadas-300x212.jpg?resize=350%2C200","width":350,"height":200},"classes":[]}],"_links":{"self":[{"href":"https:\/\/vincentians.com\/es\/wp-json\/wp\/v2\/posts\/26825","targetHints":{"allow":["GET"]}}],"collection":[{"href":"https:\/\/vincentians.com\/es\/wp-json\/wp\/v2\/posts"}],"about":[{"href":"https:\/\/vincentians.com\/es\/wp-json\/wp\/v2\/types\/post"}],"author":[{"embeddable":true,"href":"https:\/\/vincentians.com\/es\/wp-json\/wp\/v2\/users\/4"}],"replies":[{"embeddable":true,"href":"https:\/\/vincentians.com\/es\/wp-json\/wp\/v2\/comments?post=26825"}],"version-history":[{"count":0,"href":"https:\/\/vincentians.com\/es\/wp-json\/wp\/v2\/posts\/26825\/revisions"}],"wp:attachment":[{"href":"https:\/\/vincentians.com\/es\/wp-json\/wp\/v2\/media?parent=26825"}],"wp:term":[{"taxonomy":"category","embeddable":true,"href":"https:\/\/vincentians.com\/es\/wp-json\/wp\/v2\/categories?post=26825"},{"taxonomy":"post_tag","embeddable":true,"href":"https:\/\/vincentians.com\/es\/wp-json\/wp\/v2\/tags?post=26825"}],"curies":[{"name":"wp","href":"https:\/\/api.w.org\/{rel}","templated":true}]}}