{"id":26804,"date":"2023-06-17T08:59:20","date_gmt":"2023-06-17T06:59:20","guid":{"rendered":"http:\/\/somos.vicencianos.org\/?p=26804"},"modified":"2023-04-15T12:22:17","modified_gmt":"2023-04-15T10:22:17","slug":"el-hermano-mateo-renard","status":"publish","type":"post","link":"https:\/\/vincentians.com\/es\/el-hermano-mateo-renard\/","title":{"rendered":"El hermano Mateo Renard"},"content":{"rendered":"<p><strong>1592-1669.<\/strong><\/p>\n<p><em>Nacimiento y muerte del hermano Mateo Renard. \u2013Sus frecuentes viajes a Lorena. \u2013 Numerosos peligros que corre y c\u00f3mo escapa de ellos. \u2013 Se convierte en el salvaguardia de los viajeros. Relato de sus aventuras a la reina. \u2013Atribuye todos sus \u00e9xitos a las virtudes y a las oraciones de san Vicente.<\/em><\/p>\n<p>La acci\u00f3n de Vicente en Lorena si fue conocida principalmente por el cielo en el tiempo en que se ejecutaba, es a partir de entonces excepcional como todas las obras de este hombre, a quien Dios se complaci\u00f3 en exaltar en la misma proporci\u00f3n que su humildad. \u00bfAcaso no es justo asociar a su obra a aquellos que se hicieron los instrumentos de su caridad, el hermano Jean Parre, y sobre todo el hermano Mateo Renard, a quien, por lo dem\u00e1s, debemos la conservaci\u00f3n de la mayor parte de los recuerdos sorprendentes mencionados en la vida de san Vicente? Ya que es del hermano Mat\u00edas de quien casi todos los testigos interrogados en el proceso de canonizaci\u00f3n han declarado que ten\u00edan todos los detalles que sab\u00edan sobre la ayuda a Lorena. \u00bfCu\u00e1ntas embajadas referidas pomposamente en la historia son menos preciosas ante Dios y merecen menos ser celebradas entre los hombres que la embajada oscura de este humilde mensajero, de quien todos los pasos y todas santas jugarretas han tenido por fin el alivio del sufrimiento!<\/p>\n<p>Mateo Renard hab\u00eda nacido en Brienne-le-Ch\u00e2teau, en la di\u00f3cesis de Troyes, de una familia muy honrada y bastante rica, el 26 de julio de 1592, fue admitido en la Congregaci\u00f3n, en Par\u00eds, en octubre de 1651, y muri\u00f3 en San L\u00e1zaro, el 5 de octubre 1669. \u00c9l mismo ha redactado, sin duda por orden de Alm\u00e9ras, y en inter\u00e9s de la canonizaci\u00f3n de su venerado Padre, una descripci\u00f3n de sus viajes caritativos. Odisea de nueva factura, llena de prodigios y de aventuras, en la que una divinidad interviene sin para arrancar al humilde h\u00e9roe del peligro. La divinidad aqu\u00ed es Vicente mismo, pues es a las oraciones y m\u00e9rito del santo a quien el hermano Mateo atribuye siempre su liberaci\u00f3n y su salvaci\u00f3n. En una \u00e9poca en la que el campo se ve\u00eda batido sin cesar por las tropas de soldados, ladrones y salteadores, no hab\u00eda seguridad para la vida, ni para la bolsa, al viajar a Lorena. Todo el que llevaba algo de dinero era saqueado sin escr\u00fapulos, si no masacrado sin misericordia. Los Croatas sobre todo, acantonados en algunas fortalezas, se posicionaban en ellas para vigilar, de all\u00ed ca\u00edan sobre todo viajero que atravesaba la llanura, sin distinci\u00f3n de amigo o de enemigo, pero reservando el privilegio de su cruel bandidaje a los viajeros m\u00e1s ricos. Pues bien, el hermano Mateo llevaba siempre por lo menos 20.000 libras de limosnas, a menudo 10 u 11.000 escudos de oro, y una de las veces hasta 50.000 libras. Bueno pues con esta rica presa, a trav\u00e9s de tantos peligros y en el curso de cincuenta y cuatro viajes, no perdi\u00f3 nunca ni un peo ni un \u00f3bolo. Admirable triunfo de destreza y de inteligencia, sin duda, pero m\u00e1s evidente protecci\u00f3n de Dios.<\/p>\n<p>\u00bfQue se un\u00eda a un convoy? El convoy era atacado, vencido, robado, y el hermano Mateo escapaba siempre. \u00bfSe asociaba a algunos viajeros? Los dejaba un momento, como por una orden secreta de la Providencia y, en ese mismo momento, unos ladrones los despojaban sin verle a \u00e9l. Atraves\u00f3 alguna vez bosques llenos de soldados o bandidos, lo que era todo una misma cosa. \u00bfDescubr\u00eda una tropa? de repente tiraba a la maleza, a un charco, la alforja desgarrada que conten\u00eda su bolsa, y una vez libre, sin timidez como sin audacia, se iba derecho hacia ellos; a veces de cacheaban, la mayor parte de las veces le dejaban pasar, sin decirle nada, a este pobre hombre que no ten\u00eda ni siquiera la alforja de pordiosero; raramente le insultaban o maltrataban. Despu\u00e9s de pasar la inspecci\u00f3n de los ladrones, cuando los ve\u00eda a cierta distancia, volv\u00eda sobre sus pasos y recuperaba su dinero.<\/p>\n<p>Una tarde, fue encontrado por unos rateros, que comenzaron por llevarle a un bosque para asustarle; despu\u00e9s, le registraron todos los bolsillos, los pliegues repliegues de sus ropas, no habiendo encontrado nada, le preguntaron si no pagar\u00eda a gusto 50 doblones por su rescate: \u00ab50 doblones, exclam\u00f3 el hermano sorprendido, un pobre hombre como yo! Ni aunque tuviera cincuenta vidas podr\u00eda rescatarlas con un ochavo\u00bb. Ante esta exclamaci\u00f3n, los ladrones le dejaron pasar.<\/p>\n<p>Cargado un d\u00eda con 34.000 libras, se vio de repente asaltado por un hombre bien preparado quien pistola en mano, le hizo caminar por delante para registrarle aparte. El peligro amenazaba, y el hermano Mateo observaba con atenci\u00f3n a su enemigo para sorprender un momento favorable. Le vio volver la cabeza; con toda rapidez, deja suavemente deslizarse la bolsa, y camina doblemente aligerado. A cien pasos de all\u00ed, se vuelve de repente y se pone a hacer grandes reverencias. \u00c9ste toma por loco al astuto hermano, quien no pretend\u00eda otra cosa que dejar rastros en una tierra recientemente labrada, para poder recuperar su tesoro. Lo recuper\u00f3 en efecto, despu\u00e9s de aguantar, al borde de un precipicio, una vista rigurosa, que no le cost\u00f3 m\u00e1s que la p\u00e9rdida de la navaja.<\/p>\n<p>Lo m\u00e1s embarazoso, tal vez, en que se haya visto fue un d\u00eda que caminando en una vasta planicie, descubri\u00f3 una banda de Croatas. Sin ninguna posibilidad de escapar a sus miradas, \u00bfy d\u00f3nde esconder su oro? Por suerte vio una mata de hierbas, deja caer all\u00ed su alforja, tira cuatro o cinco pasos de all\u00ed un peque\u00f1o bast\u00f3n que llevaba en la mano, cubri\u00e9ndole incluso con el pie, y que deb\u00eda servirle de jal\u00f3n para, y pasa tranquilamente por entre los soldados. Algunos momentos m\u00e1s tarde, vuelve sobre sus pasos, pero era de noche y hab\u00eda ca\u00eddo la oscuridad. Busca a derecha y a izquierda, sin alejarse no obstante, la mayor parte de la noche y, no encontrando nada, se acuesta all\u00ed, se encomienda a Dios y aguarda a la aurora. Al amanecer recupera la preciosa alforja y reemprende alegremente su ruta.<\/p>\n<p>Al final, le fue muy dif\u00edcil ocultar su marcha. Era conocido en toda Lorena, y los ladrones esperaban su paso con la misma impaciencia que los pobres. Algo maravilloso, Dios le suscit\u00f3 defensores entre los jefes mismos de ladrones. Por ejemplo, un capit\u00e1n emboscado cerca de Saint-Mihiel le dio a conocer, sin mala intenci\u00f3n; y al verlos listos para asaltar sobre \u00e9l, carga su pistola \u00abLe abrir\u00e9 la cabeza, exclama con un tono firme, a quien est\u00e9 tan rabioso como para causar mal a este hombre que no hace m\u00e1s que bien\u00bb.<\/p>\n<p>En otras circunstancias, Dios mismo se encargaba de despistar a sus enemigos y haciendo in\u00fatiles sus trampas. As\u00ed, los Croatas, enterados una vez que se encontraba en el castillo de Nomeny, con una fuerte suma, se emboscaron por todos los lados, para que no se les escapara al salir. El hermano Mateo logra entonces, a fuerza de instancias, que le abran una poterna y, antes de amanecer, puede llegar al sendero secreto y desierto. Los Croatas le cre\u00edan todav\u00eda en Nomeny, cuando estaba ya en Pont-\u00e0-Mousse. Sorprendidos al no verle fuerzan la entrad del castillo y, enterados de su partida, furiosos por haberse dejado escapar su presa: \u00abEs preciso que Dios o el diablo, dicen jurando, se haya llevado por encima de las puertas a este maldito hermano. Todo el mundo supo pronto en Lorena la maravillosa protecci\u00f3n con la que Dios rodeaba al buen hermano, ye en adelante, cuando quer\u00edan viajar, su sola compa\u00f1\u00eda era estimada m\u00e1s segura que todas las escoltas. La condesa de Montgomery se hab\u00eda buscado pasaportes del rey de Francia, del rey de Espa\u00f1a y del duque de Lorena, y no hab\u00eda podido resguardarse contra el pillaje. Por ello, no se atrev\u00eda a continuar su camino de Metz a Verdun. Se entera entonces que el hermano Mateo se dispone a hacer el mismo viaje. Le mand\u00f3 venir \u00abSubid a mi coche, os lo ruego, le dice, vos me valdr\u00e9is m\u00e1s que todos los pasaportes del mundo\u00bb. Y en efecto, los dos llegaron sin percances a Verdun.<\/p>\n<p>Cuando el hermano Mateo estuvo de regreso en Par\u00eds, la reina tuvo a bien con frecuencia llamarle a su presencia, para o\u00edrle el relato de sus aventuras y de las mil estratagemas que imaginaba, seg\u00fan los casos, o que \u00e9l variaba al infinito cuando eran ya conocidos. Le felicitaban por su inteligencia y su suerte; pero \u00e9l, achacaba todos sus \u00e9xitos a la fe y a la caridad, a las oraciones y a las mortificaciones de san Vicente de Pa\u00fal. Eso hac\u00edan los misioneros cuando quer\u00edan explicar a los dem\u00e1s, o explicarse a s\u00ed mismos los felices frutos de su palabra y de sus limosnas. Era Vicente, dec\u00edan ellos, al mismo tiempo que el esp\u00edritu de Dios el que hab\u00eda hablado por su boca y dado a sus predicaciones una tal virtud; era la bendici\u00f3n recibida al salir de sus manos la que hab\u00eda multiplicado las limosnas en proporci\u00f3n con las miserias; ya que, enormes en su totalidad, las limosnas, divididas al infinito seg\u00fan innumerables necesidades, deb\u00edan reducirse a lo imperceptible, y sin embargo hab\u00edan sido suficientes para las m\u00e1s urgentes calamidades.<\/p>\n","protected":false},"excerpt":{"rendered":"<p>1592-1669. Nacimiento y muerte del hermano Mateo Renard. \u2013Sus frecuentes viajes a Lorena. \u2013 Numerosos peligros que corre y c\u00f3mo escapa de ellos. \u2013 Se convierte en el salvaguardia de los viajeros. Relato de sus &#8230; <a href=\"https:\/\/vincentians.com\/es\/el-hermano-mateo-renard\/\" class=\"more-link\">Read More<\/a><\/p>\n","protected":false},"author":5,"featured_media":391249,"comment_status":"open","ping_status":"open","sticky":false,"template":"","format":"standard","meta":{"jetpack_post_was_ever_published":false,"_jetpack_newsletter_access":"","_jetpack_dont_email_post_to_subs":false,"_jetpack_newsletter_tier_id":0,"_jetpack_memberships_contains_paywalled_content":false,"_jetpack_memberships_contains_paid_content":false,"footnotes":"","jetpack_publicize_message":"","jetpack_publicize_feature_enabled":true,"jetpack_social_post_already_shared":true,"jetpack_social_options":{"image_generator_settings":{"template":"highway","default_image_id":0,"font":"","enabled":false},"version":2}},"categories":[19],"tags":[230,143],"class_list":["post-26804","post","type-post","status-publish","format-standard","has-post-thumbnail","hentry","category-biografias-de-misioneros-paules","tag-almeras","tag-san-lazaro"],"yoast_head":"<!-- This site is optimized with the Yoast SEO plugin v26.3 - https:\/\/yoast.com\/wordpress\/plugins\/seo\/ -->\n<title>El hermano Mateo Renard - Somos Vicencianos<\/title>\n<meta name=\"robots\" content=\"index, follow, max-snippet:-1, max-image-preview:large, max-video-preview:-1\" \/>\n<link rel=\"canonical\" href=\"https:\/\/vincentians.com\/es\/el-hermano-mateo-renard\/\" \/>\n<meta property=\"og:locale\" content=\"es_ES\" \/>\n<meta property=\"og:type\" content=\"article\" \/>\n<meta property=\"og:title\" content=\"El hermano Mateo Renard - Somos Vicencianos\" \/>\n<meta property=\"og:description\" content=\"1592-1669. Nacimiento y muerte del hermano Mateo Renard. \u2013Sus frecuentes viajes a Lorena. \u2013 Numerosos peligros que corre y c\u00f3mo escapa de ellos. \u2013 Se convierte en el salvaguardia de los viajeros. Relato de sus ... Read More\" \/>\n<meta property=\"og:url\" content=\"https:\/\/vincentians.com\/es\/el-hermano-mateo-renard\/\" \/>\n<meta property=\"og:site_name\" content=\"Somos Vicencianos\" \/>\n<meta property=\"article:publisher\" content=\"https:\/\/www.facebook.com\/WeAreVincentians\/\" \/>\n<meta property=\"article:published_time\" content=\"2023-06-17T06:59:20+00:00\" \/>\n<meta property=\"og:image\" content=\"https:\/\/i0.wp.com\/vincentians.com\/es\/wp-content\/uploads\/sites\/11\/2016\/07\/bio-cm.jpg?fit=1200%2C630&ssl=1\" \/>\n\t<meta property=\"og:image:width\" content=\"1200\" \/>\n\t<meta property=\"og:image:height\" content=\"630\" \/>\n\t<meta property=\"og:image:type\" content=\"image\/jpeg\" \/>\n<meta name=\"author\" content=\"Mitxel Olabu\u00e9naga\" \/>\n<meta name=\"twitter:card\" content=\"summary_large_image\" \/>\n<meta name=\"twitter:creator\" content=\"@WeVincentians\" \/>\n<meta name=\"twitter:site\" content=\"@WeVincentians\" \/>\n<meta name=\"twitter:label1\" content=\"Escrito por\" \/>\n\t<meta name=\"twitter:data1\" content=\"Mitxel Olabu\u00e9naga\" \/>\n\t<meta name=\"twitter:label2\" content=\"Tiempo de lectura\" \/>\n\t<meta name=\"twitter:data2\" content=\"8 minutos\" \/>\n<script type=\"application\/ld+json\" class=\"yoast-schema-graph\">{\"@context\":\"https:\/\/schema.org\",\"@graph\":[{\"@type\":\"Article\",\"@id\":\"https:\/\/vincentians.com\/es\/el-hermano-mateo-renard\/#article\",\"isPartOf\":{\"@id\":\"https:\/\/vincentians.com\/es\/el-hermano-mateo-renard\/\"},\"author\":{\"name\":\"Mitxel Olabu\u00e9naga\",\"@id\":\"https:\/\/vincentians.com\/es\/#\/schema\/person\/7c2670b4445a7ca9d164ea6acdb31859\"},\"headline\":\"El hermano Mateo Renard\",\"datePublished\":\"2023-06-17T06:59:20+00:00\",\"mainEntityOfPage\":{\"@id\":\"https:\/\/vincentians.com\/es\/el-hermano-mateo-renard\/\"},\"wordCount\":1632,\"commentCount\":0,\"publisher\":{\"@id\":\"https:\/\/vincentians.com\/es\/#organization\"},\"image\":{\"@id\":\"https:\/\/vincentians.com\/es\/el-hermano-mateo-renard\/#primaryimage\"},\"thumbnailUrl\":\"https:\/\/i0.wp.com\/vincentians.com\/es\/wp-content\/uploads\/sites\/11\/2016\/07\/bio-cm.jpg?fit=1200%2C630&ssl=1\",\"keywords\":[\"Almer\u00e1s\",\"San L\u00e1zaro\"],\"articleSection\":[\"Biograf\u00edas de Misioneros Pa\u00fales\"],\"inLanguage\":\"es\",\"potentialAction\":[{\"@type\":\"CommentAction\",\"name\":\"Comment\",\"target\":[\"https:\/\/vincentians.com\/es\/el-hermano-mateo-renard\/#respond\"]}]},{\"@type\":\"WebPage\",\"@id\":\"https:\/\/vincentians.com\/es\/el-hermano-mateo-renard\/\",\"url\":\"https:\/\/vincentians.com\/es\/el-hermano-mateo-renard\/\",\"name\":\"El hermano Mateo Renard - Somos Vicencianos\",\"isPartOf\":{\"@id\":\"https:\/\/vincentians.com\/es\/#website\"},\"primaryImageOfPage\":{\"@id\":\"https:\/\/vincentians.com\/es\/el-hermano-mateo-renard\/#primaryimage\"},\"image\":{\"@id\":\"https:\/\/vincentians.com\/es\/el-hermano-mateo-renard\/#primaryimage\"},\"thumbnailUrl\":\"https:\/\/i0.wp.com\/vincentians.com\/es\/wp-content\/uploads\/sites\/11\/2016\/07\/bio-cm.jpg?fit=1200%2C630&ssl=1\",\"datePublished\":\"2023-06-17T06:59:20+00:00\",\"breadcrumb\":{\"@id\":\"https:\/\/vincentians.com\/es\/el-hermano-mateo-renard\/#breadcrumb\"},\"inLanguage\":\"es\",\"potentialAction\":[{\"@type\":\"ReadAction\",\"target\":[\"https:\/\/vincentians.com\/es\/el-hermano-mateo-renard\/\"]}]},{\"@type\":\"ImageObject\",\"inLanguage\":\"es\",\"@id\":\"https:\/\/vincentians.com\/es\/el-hermano-mateo-renard\/#primaryimage\",\"url\":\"https:\/\/i0.wp.com\/vincentians.com\/es\/wp-content\/uploads\/sites\/11\/2016\/07\/bio-cm.jpg?fit=1200%2C630&ssl=1\",\"contentUrl\":\"https:\/\/i0.wp.com\/vincentians.com\/es\/wp-content\/uploads\/sites\/11\/2016\/07\/bio-cm.jpg?fit=1200%2C630&ssl=1\",\"width\":1200,\"height\":630},{\"@type\":\"BreadcrumbList\",\"@id\":\"https:\/\/vincentians.com\/es\/el-hermano-mateo-renard\/#breadcrumb\",\"itemListElement\":[{\"@type\":\"ListItem\",\"position\":1,\"name\":\"Portada\",\"item\":\"https:\/\/vincentians.com\/es\/\"},{\"@type\":\"ListItem\",\"position\":2,\"name\":\"El hermano Mateo Renard\"}]},{\"@type\":\"WebSite\",\"@id\":\"https:\/\/vincentians.com\/es\/#website\",\"url\":\"https:\/\/vincentians.com\/es\/\",\"name\":\"Somos Vicencianos\",\"description\":\"Know more to serve more\",\"publisher\":{\"@id\":\"https:\/\/vincentians.com\/es\/#organization\"},\"potentialAction\":[{\"@type\":\"SearchAction\",\"target\":{\"@type\":\"EntryPoint\",\"urlTemplate\":\"https:\/\/vincentians.com\/es\/?s={search_term_string}\"},\"query-input\":{\"@type\":\"PropertyValueSpecification\",\"valueRequired\":true,\"valueName\":\"search_term_string\"}}],\"inLanguage\":\"es\"},{\"@type\":\"Organization\",\"@id\":\"https:\/\/vincentians.com\/es\/#organization\",\"name\":\"The Vincentian Network\",\"url\":\"https:\/\/vincentians.com\/es\/\",\"logo\":{\"@type\":\"ImageObject\",\"inLanguage\":\"es\",\"@id\":\"https:\/\/vincentians.com\/es\/#\/schema\/logo\/image\/\",\"url\":\"https:\/\/i1.wp.com\/vincentians.com\/es\/wp-content\/uploads\/sites\/11\/2016\/06\/Vincentian-Network-logo-big.png?fit=778%2C778\",\"contentUrl\":\"https:\/\/i1.wp.com\/vincentians.com\/es\/wp-content\/uploads\/sites\/11\/2016\/06\/Vincentian-Network-logo-big.png?fit=778%2C778\",\"width\":778,\"height\":778,\"caption\":\"The Vincentian Network\"},\"image\":{\"@id\":\"https:\/\/vincentians.com\/es\/#\/schema\/logo\/image\/\"},\"sameAs\":[\"https:\/\/www.facebook.com\/WeAreVincentians\/\",\"https:\/\/x.com\/WeVincentians\"]},{\"@type\":\"Person\",\"@id\":\"https:\/\/vincentians.com\/es\/#\/schema\/person\/7c2670b4445a7ca9d164ea6acdb31859\",\"name\":\"Mitxel Olabu\u00e9naga\",\"image\":{\"@type\":\"ImageObject\",\"inLanguage\":\"es\",\"@id\":\"https:\/\/vincentians.com\/es\/#\/schema\/person\/image\/\",\"url\":\"https:\/\/secure.gravatar.com\/avatar\/34137ec2e2b8939cbbed975731e71f3f4f1defc7266ded337a5ce0f925426877?s=96&d=mm&r=g\",\"contentUrl\":\"https:\/\/secure.gravatar.com\/avatar\/34137ec2e2b8939cbbed975731e71f3f4f1defc7266ded337a5ce0f925426877?s=96&d=mm&r=g\",\"caption\":\"Mitxel Olabu\u00e9naga\"},\"url\":\"https:\/\/vincentians.com\/es\/author\/mitxel\/\"}]}<\/script>\n<!-- \/ Yoast SEO plugin. -->","yoast_head_json":{"title":"El hermano Mateo Renard - Somos Vicencianos","robots":{"index":"index","follow":"follow","max-snippet":"max-snippet:-1","max-image-preview":"max-image-preview:large","max-video-preview":"max-video-preview:-1"},"canonical":"https:\/\/vincentians.com\/es\/el-hermano-mateo-renard\/","og_locale":"es_ES","og_type":"article","og_title":"El hermano Mateo Renard - Somos Vicencianos","og_description":"1592-1669. Nacimiento y muerte del hermano Mateo Renard. \u2013Sus frecuentes viajes a Lorena. \u2013 Numerosos peligros que corre y c\u00f3mo escapa de ellos. \u2013 Se convierte en el salvaguardia de los viajeros. Relato de sus ... Read More","og_url":"https:\/\/vincentians.com\/es\/el-hermano-mateo-renard\/","og_site_name":"Somos Vicencianos","article_publisher":"https:\/\/www.facebook.com\/WeAreVincentians\/","article_published_time":"2023-06-17T06:59:20+00:00","og_image":[{"width":1200,"height":630,"url":"https:\/\/i0.wp.com\/vincentians.com\/es\/wp-content\/uploads\/sites\/11\/2016\/07\/bio-cm.jpg?fit=1200%2C630&ssl=1","type":"image\/jpeg"}],"author":"Mitxel Olabu\u00e9naga","twitter_card":"summary_large_image","twitter_creator":"@WeVincentians","twitter_site":"@WeVincentians","twitter_misc":{"Escrito por":"Mitxel Olabu\u00e9naga","Tiempo de lectura":"8 minutos"},"schema":{"@context":"https:\/\/schema.org","@graph":[{"@type":"Article","@id":"https:\/\/vincentians.com\/es\/el-hermano-mateo-renard\/#article","isPartOf":{"@id":"https:\/\/vincentians.com\/es\/el-hermano-mateo-renard\/"},"author":{"name":"Mitxel Olabu\u00e9naga","@id":"https:\/\/vincentians.com\/es\/#\/schema\/person\/7c2670b4445a7ca9d164ea6acdb31859"},"headline":"El hermano Mateo Renard","datePublished":"2023-06-17T06:59:20+00:00","mainEntityOfPage":{"@id":"https:\/\/vincentians.com\/es\/el-hermano-mateo-renard\/"},"wordCount":1632,"commentCount":0,"publisher":{"@id":"https:\/\/vincentians.com\/es\/#organization"},"image":{"@id":"https:\/\/vincentians.com\/es\/el-hermano-mateo-renard\/#primaryimage"},"thumbnailUrl":"https:\/\/i0.wp.com\/vincentians.com\/es\/wp-content\/uploads\/sites\/11\/2016\/07\/bio-cm.jpg?fit=1200%2C630&ssl=1","keywords":["Almer\u00e1s","San L\u00e1zaro"],"articleSection":["Biograf\u00edas de Misioneros Pa\u00fales"],"inLanguage":"es","potentialAction":[{"@type":"CommentAction","name":"Comment","target":["https:\/\/vincentians.com\/es\/el-hermano-mateo-renard\/#respond"]}]},{"@type":"WebPage","@id":"https:\/\/vincentians.com\/es\/el-hermano-mateo-renard\/","url":"https:\/\/vincentians.com\/es\/el-hermano-mateo-renard\/","name":"El hermano Mateo Renard - Somos Vicencianos","isPartOf":{"@id":"https:\/\/vincentians.com\/es\/#website"},"primaryImageOfPage":{"@id":"https:\/\/vincentians.com\/es\/el-hermano-mateo-renard\/#primaryimage"},"image":{"@id":"https:\/\/vincentians.com\/es\/el-hermano-mateo-renard\/#primaryimage"},"thumbnailUrl":"https:\/\/i0.wp.com\/vincentians.com\/es\/wp-content\/uploads\/sites\/11\/2016\/07\/bio-cm.jpg?fit=1200%2C630&ssl=1","datePublished":"2023-06-17T06:59:20+00:00","breadcrumb":{"@id":"https:\/\/vincentians.com\/es\/el-hermano-mateo-renard\/#breadcrumb"},"inLanguage":"es","potentialAction":[{"@type":"ReadAction","target":["https:\/\/vincentians.com\/es\/el-hermano-mateo-renard\/"]}]},{"@type":"ImageObject","inLanguage":"es","@id":"https:\/\/vincentians.com\/es\/el-hermano-mateo-renard\/#primaryimage","url":"https:\/\/i0.wp.com\/vincentians.com\/es\/wp-content\/uploads\/sites\/11\/2016\/07\/bio-cm.jpg?fit=1200%2C630&ssl=1","contentUrl":"https:\/\/i0.wp.com\/vincentians.com\/es\/wp-content\/uploads\/sites\/11\/2016\/07\/bio-cm.jpg?fit=1200%2C630&ssl=1","width":1200,"height":630},{"@type":"BreadcrumbList","@id":"https:\/\/vincentians.com\/es\/el-hermano-mateo-renard\/#breadcrumb","itemListElement":[{"@type":"ListItem","position":1,"name":"Portada","item":"https:\/\/vincentians.com\/es\/"},{"@type":"ListItem","position":2,"name":"El hermano Mateo Renard"}]},{"@type":"WebSite","@id":"https:\/\/vincentians.com\/es\/#website","url":"https:\/\/vincentians.com\/es\/","name":"Somos Vicencianos","description":"Know more to serve more","publisher":{"@id":"https:\/\/vincentians.com\/es\/#organization"},"potentialAction":[{"@type":"SearchAction","target":{"@type":"EntryPoint","urlTemplate":"https:\/\/vincentians.com\/es\/?s={search_term_string}"},"query-input":{"@type":"PropertyValueSpecification","valueRequired":true,"valueName":"search_term_string"}}],"inLanguage":"es"},{"@type":"Organization","@id":"https:\/\/vincentians.com\/es\/#organization","name":"The Vincentian Network","url":"https:\/\/vincentians.com\/es\/","logo":{"@type":"ImageObject","inLanguage":"es","@id":"https:\/\/vincentians.com\/es\/#\/schema\/logo\/image\/","url":"https:\/\/i1.wp.com\/vincentians.com\/es\/wp-content\/uploads\/sites\/11\/2016\/06\/Vincentian-Network-logo-big.png?fit=778%2C778","contentUrl":"https:\/\/i1.wp.com\/vincentians.com\/es\/wp-content\/uploads\/sites\/11\/2016\/06\/Vincentian-Network-logo-big.png?fit=778%2C778","width":778,"height":778,"caption":"The Vincentian Network"},"image":{"@id":"https:\/\/vincentians.com\/es\/#\/schema\/logo\/image\/"},"sameAs":["https:\/\/www.facebook.com\/WeAreVincentians\/","https:\/\/x.com\/WeVincentians"]},{"@type":"Person","@id":"https:\/\/vincentians.com\/es\/#\/schema\/person\/7c2670b4445a7ca9d164ea6acdb31859","name":"Mitxel Olabu\u00e9naga","image":{"@type":"ImageObject","inLanguage":"es","@id":"https:\/\/vincentians.com\/es\/#\/schema\/person\/image\/","url":"https:\/\/secure.gravatar.com\/avatar\/34137ec2e2b8939cbbed975731e71f3f4f1defc7266ded337a5ce0f925426877?s=96&d=mm&r=g","contentUrl":"https:\/\/secure.gravatar.com\/avatar\/34137ec2e2b8939cbbed975731e71f3f4f1defc7266ded337a5ce0f925426877?s=96&d=mm&r=g","caption":"Mitxel Olabu\u00e9naga"},"url":"https:\/\/vincentians.com\/es\/author\/mitxel\/"}]}},"jetpack_publicize_connections":[],"jetpack_featured_media_url":"https:\/\/i0.wp.com\/vincentians.com\/es\/wp-content\/uploads\/sites\/11\/2016\/07\/bio-cm.jpg?fit=1200%2C630&ssl=1","jetpack_sharing_enabled":true,"jetpack_shortlink":"https:\/\/wp.me\/p7ETMF-6Yk","jetpack-related-posts":[{"id":116931,"url":"https:\/\/vincentians.com\/es\/el-hermano-coadjutor-de-hoy-1969\/","url_meta":{"origin":26804,"position":0},"title":"El Hermano Coadjutor de hoy (1969)","author":"Francisco Javier Fern\u00e1ndez Chento","date":"25\/11\/2018","format":false,"excerpt":"El Concilio Vaticano II sopl\u00f3 aires de renovaci\u00f3n en todos los \u00e1mbitos de la Iglesia. El mundo evolucion\u00f3 con los siglos y la Iglesia de Cristo, divina, pero al mismo tiempo anclada en este mundo, ha de acomodarse al paso de los tiempos. El Decreto \"Perfectae Caritatis\" nos dice qu\u00e9\u2026","rel":"","context":"En \u00abFormaci\u00f3n Vicenciana\u00bb","block_context":{"text":"Formaci\u00f3n Vicenciana","link":"https:\/\/vincentians.com\/es\/category\/formacion-vicenciana\/"},"img":{"alt_text":"","src":"https:\/\/i0.wp.com\/vincentians.com\/es\/wp-content\/uploads\/sites\/11\/2017\/02\/400-aniversario-carisma.jpg?fit=1200%2C630&ssl=1&resize=350%2C200","width":350,"height":200,"srcset":"https:\/\/i0.wp.com\/vincentians.com\/es\/wp-content\/uploads\/sites\/11\/2017\/02\/400-aniversario-carisma.jpg?fit=1200%2C630&ssl=1&resize=350%2C200 1x, https:\/\/i0.wp.com\/vincentians.com\/es\/wp-content\/uploads\/sites\/11\/2017\/02\/400-aniversario-carisma.jpg?fit=1200%2C630&ssl=1&resize=525%2C300 1.5x, https:\/\/i0.wp.com\/vincentians.com\/es\/wp-content\/uploads\/sites\/11\/2017\/02\/400-aniversario-carisma.jpg?fit=1200%2C630&ssl=1&resize=700%2C400 2x, https:\/\/i0.wp.com\/vincentians.com\/es\/wp-content\/uploads\/sites\/11\/2017\/02\/400-aniversario-carisma.jpg?fit=1200%2C630&ssl=1&resize=1050%2C600 3x"},"classes":[]},{"id":44113,"url":"https:\/\/vincentians.com\/es\/vicente-de-paul-carta-0663-el-hermano-mateo-regnard-a-san-vicente\/","url_meta":{"origin":26804,"position":1},"title":"Vicente de Pa\u00fal, Carta 0663: El Hermano Mateo Regnard A San Vicente","author":"Francisco Javier Fern\u00e1ndez Chento","date":"24\/07\/2011","format":false,"excerpt":"Enero de 1643. Hace algunos d\u00edas, nuestro hermano Mateo me escrib\u00eda desde Lorena; y su carta, empapada en l\u00e1grimas, me indicaba las miserias de aquel pa\u00eds y especialmente el de m\u00e1s de seiscientas religiosas: \"Padre, el dolor de mi coraz\u00f3n es tan grande que no puedo dec\u00edrselo sin llorar, ante\u2026","rel":"","context":"En \u00abEscritos de Vicente de Pa\u00fal\u00bb","block_context":{"text":"Escritos de Vicente de Pa\u00fal","link":"https:\/\/vincentians.com\/es\/category\/escritos\/escritos-de-vicente-de-paul\/"},"img":{"alt_text":"","src":"https:\/\/i0.wp.com\/vincentians.com\/es\/wp-content\/uploads\/sites\/11\/2016\/07\/escritos-vicente-de-paul.jpg?fit=1200%2C630&ssl=1&resize=350%2C200","width":350,"height":200,"srcset":"https:\/\/i0.wp.com\/vincentians.com\/es\/wp-content\/uploads\/sites\/11\/2016\/07\/escritos-vicente-de-paul.jpg?fit=1200%2C630&ssl=1&resize=350%2C200 1x, https:\/\/i0.wp.com\/vincentians.com\/es\/wp-content\/uploads\/sites\/11\/2016\/07\/escritos-vicente-de-paul.jpg?fit=1200%2C630&ssl=1&resize=525%2C300 1.5x, https:\/\/i0.wp.com\/vincentians.com\/es\/wp-content\/uploads\/sites\/11\/2016\/07\/escritos-vicente-de-paul.jpg?fit=1200%2C630&ssl=1&resize=700%2C400 2x, https:\/\/i0.wp.com\/vincentians.com\/es\/wp-content\/uploads\/sites\/11\/2016\/07\/escritos-vicente-de-paul.jpg?fit=1200%2C630&ssl=1&resize=1050%2C600 3x"},"classes":[]},{"id":387866,"url":"https:\/\/vincentians.com\/es\/amigo-de-los-pobres-anos-de-organizacion-1634-1653\/","url_meta":{"origin":26804,"position":2},"title":"San Vicente: Amigo de los pobres: a\u00f1os de organizaci\u00f3n (1634-1653)","author":"Mitxel Olabu\u00e9naga","date":"16\/10\/2016","format":false,"excerpt":"La caridad organizada El sufrimiento del pobre es el primer motivo para la caridad. A los ojos del se\u00f1or Vicente, el pobre es la imagen de Cristo. \u00abNo debo considerar a un pobre seg\u00fan su aspecto exterior dado que con frecuencia no tiene ni la figura ni el esp\u00edritu de\u2026","rel":"","context":"En \u00abFormaci\u00f3n Vicenciana\u00bb","block_context":{"text":"Formaci\u00f3n Vicenciana","link":"https:\/\/vincentians.com\/es\/category\/formacion-vicenciana\/"},"img":{"alt_text":"","src":"https:\/\/i0.wp.com\/vincentians.com\/es\/wp-content\/uploads\/sites\/11\/2016\/07\/st-vincent-de-paul.jpg?fit=1200%2C630&ssl=1&resize=350%2C200","width":350,"height":200,"srcset":"https:\/\/i0.wp.com\/vincentians.com\/es\/wp-content\/uploads\/sites\/11\/2016\/07\/st-vincent-de-paul.jpg?fit=1200%2C630&ssl=1&resize=350%2C200 1x, https:\/\/i0.wp.com\/vincentians.com\/es\/wp-content\/uploads\/sites\/11\/2016\/07\/st-vincent-de-paul.jpg?fit=1200%2C630&ssl=1&resize=525%2C300 1.5x, https:\/\/i0.wp.com\/vincentians.com\/es\/wp-content\/uploads\/sites\/11\/2016\/07\/st-vincent-de-paul.jpg?fit=1200%2C630&ssl=1&resize=700%2C400 2x, https:\/\/i0.wp.com\/vincentians.com\/es\/wp-content\/uploads\/sites\/11\/2016\/07\/st-vincent-de-paul.jpg?fit=1200%2C630&ssl=1&resize=1050%2C600 3x"},"classes":[]},{"id":405104,"url":"https:\/\/vincentians.com\/es\/la-misericordia-como-praxis-de-la-vida-y-del-apostolado-del-misionero-iv\/","url_meta":{"origin":26804,"position":3},"title":"La MISERICORDIA como praxis de la vida y del apostolado del misionero (IV)","author":"Mitxel Olabu\u00e9naga","date":"08\/02\/2024","format":false,"excerpt":". No hay fronteras para una Compa\u00f1\u00eda misericordiosa. Uno de los episodios m\u00e1s significativos, desde el punto de vista de la incipiente Congregaci\u00f3n de la Misi\u00f3n, de lo que es la miseri\u00adcordia corno praxis, lo tenemos en la ayuda que san Vicente y los Misioneros prestaron a la Lorena y\u2026","rel":"","context":"En \u00abEspiritualidad\u00bb","block_context":{"text":"Espiritualidad","link":"https:\/\/vincentians.com\/es\/category\/espiritualidad\/"},"img":{"alt_text":"","src":"https:\/\/i0.wp.com\/vincentians.com\/es\/wp-content\/uploads\/sites\/11\/2023\/08\/aa.jpg?fit=848%2C565&ssl=1&resize=350%2C200","width":350,"height":200,"srcset":"https:\/\/i0.wp.com\/vincentians.com\/es\/wp-content\/uploads\/sites\/11\/2023\/08\/aa.jpg?fit=848%2C565&ssl=1&resize=350%2C200 1x, https:\/\/i0.wp.com\/vincentians.com\/es\/wp-content\/uploads\/sites\/11\/2023\/08\/aa.jpg?fit=848%2C565&ssl=1&resize=525%2C300 1.5x, https:\/\/i0.wp.com\/vincentians.com\/es\/wp-content\/uploads\/sites\/11\/2023\/08\/aa.jpg?fit=848%2C565&ssl=1&resize=700%2C400 2x"},"classes":[]},{"id":126042,"url":"https:\/\/vincentians.com\/es\/san-vicente-de-paul-siervo-de-los-pobres-11\/","url_meta":{"origin":26804,"position":4},"title":"San Vicente de Pa\u00fal, siervo de los pobres (11)","author":"Francisco Javier Fern\u00e1ndez Chento","date":"06\/12\/2013","format":false,"excerpt":"XI: Revoluci\u00f3n social La guerra en Par\u00eds En la plenitud de su vigor espiritual e intelectual y con fuertes energ\u00edas todav\u00eda, a pesar de la fiebre y los achaques, con m\u00e1s de cincuenta a\u00f1os de edad, la obra de san. Vicente estaba ya completa en su estructura grandiosa, que a\u2026","rel":"","context":"En \u00abVicente de Pa\u00fal\u00bb","block_context":{"text":"Vicente de Pa\u00fal","link":"https:\/\/vincentians.com\/es\/category\/la-familia-vicenciana\/fundadores\/vicente-de-paul\/"},"img":{"alt_text":"","src":"","width":0,"height":0},"classes":[]},{"id":116230,"url":"https:\/\/vincentians.com\/es\/el-pobre-segun-san-vicente-2\/","url_meta":{"origin":26804,"position":5},"title":"El pobre seg\u00fan san Vicente","author":"Francisco Javier Fern\u00e1ndez Chento","date":"23\/05\/2015","format":false,"excerpt":"Podernos encontrar en San Vicente tres maneras de ver al pobre que a menudo se han confundido o m\u00e1s exactamente, uni\u00adficado. Una visi\u00f3n que es m\u00e1s bien de orden social. Una visi\u00f3n que es m\u00e1s bien de orden pastoral. Una visi\u00f3n que es m\u00e1s bien de miden m\u00edstico. 1. En\u2026","rel":"","context":"En \u00abFormaci\u00f3n Vicenciana\u00bb","block_context":{"text":"Formaci\u00f3n Vicenciana","link":"https:\/\/vincentians.com\/es\/category\/formacion-vicenciana\/"},"img":{"alt_text":"vicente_pobre","src":"https:\/\/i0.wp.com\/vicencianos.org\/wp-content\/2012\/09\/vicente_pobre-241x300.jpg?resize=350%2C200","width":350,"height":200},"classes":[]}],"_links":{"self":[{"href":"https:\/\/vincentians.com\/es\/wp-json\/wp\/v2\/posts\/26804","targetHints":{"allow":["GET"]}}],"collection":[{"href":"https:\/\/vincentians.com\/es\/wp-json\/wp\/v2\/posts"}],"about":[{"href":"https:\/\/vincentians.com\/es\/wp-json\/wp\/v2\/types\/post"}],"author":[{"embeddable":true,"href":"https:\/\/vincentians.com\/es\/wp-json\/wp\/v2\/users\/5"}],"replies":[{"embeddable":true,"href":"https:\/\/vincentians.com\/es\/wp-json\/wp\/v2\/comments?post=26804"}],"version-history":[{"count":1,"href":"https:\/\/vincentians.com\/es\/wp-json\/wp\/v2\/posts\/26804\/revisions"}],"predecessor-version":[{"id":404806,"href":"https:\/\/vincentians.com\/es\/wp-json\/wp\/v2\/posts\/26804\/revisions\/404806"}],"wp:featuredmedia":[{"embeddable":true,"href":"https:\/\/vincentians.com\/es\/wp-json\/wp\/v2\/media\/391249"}],"wp:attachment":[{"href":"https:\/\/vincentians.com\/es\/wp-json\/wp\/v2\/media?parent=26804"}],"wp:term":[{"taxonomy":"category","embeddable":true,"href":"https:\/\/vincentians.com\/es\/wp-json\/wp\/v2\/categories?post=26804"},{"taxonomy":"post_tag","embeddable":true,"href":"https:\/\/vincentians.com\/es\/wp-json\/wp\/v2\/tags?post=26804"}],"curies":[{"name":"wp","href":"https:\/\/api.w.org\/{rel}","templated":true}]}}