{"id":26794,"date":"2024-11-15T08:04:21","date_gmt":"2024-11-15T07:04:21","guid":{"rendered":"http:\/\/somos.vicencianos.org\/blog\/26794\/idolatria-y-biblia-cuadro-resumen-y-bibliografia\/"},"modified":"2024-08-16T16:36:28","modified_gmt":"2024-08-16T14:36:28","slug":"idolatria-y-biblia-cuadro-resumen-y-bibliografia","status":"publish","type":"post","link":"https:\/\/vincentians.com\/es\/idolatria-y-biblia-cuadro-resumen-y-bibliografia\/","title":{"rendered":"Idolatr\u00eda y Biblia: Cuadro resumen y Bibliograf\u00eda"},"content":{"rendered":"<h2><strong>Cuadro resumen<\/strong><\/h2>\n<table border=\"0\" width=\"100%\">\n<tbody>\n<tr>\n<td><strong>Dios<\/strong><\/td>\n<td><strong>Los \u00eddolos<\/strong><\/td>\n<\/tr>\n<tr>\n<td>No creado por nadie<\/td>\n<td>Creados por nosotros<\/td>\n<\/tr>\n<tr>\n<td>Es una realidad en s\u00ed<\/td>\n<td>Es s\u00f3lo la proyecci\u00f3n de una actitud interior humana<\/td>\n<\/tr>\n<tr>\n<td>Tiene poder de por s\u00ed<\/td>\n<td>Tienen el poder que le damos<\/td>\n<\/tr>\n<tr>\n<td>Es uno<\/td>\n<td>Son much\u00edsimos<\/td>\n<\/tr>\n<tr>\n<td>Es Amor y est\u00e1 presente donde hay amor<\/td>\n<td>Es fruto de ego\u00edsmo y est\u00e1 presente donde hay ego\u00edsmo<\/td>\n<\/tr>\n<tr>\n<td>Es bueno para con todos<\/td>\n<td>Favorecen lo malo<\/td>\n<\/tr>\n<tr>\n<td>Salva<\/td>\n<td>No salvan<\/td>\n<\/tr>\n<tr>\n<td>Libera<\/td>\n<td>Oprimen y alienan<\/td>\n<\/tr>\n<tr>\n<td>Es todo verdad<\/td>\n<td>Son todo mentira<\/td>\n<\/tr>\n<tr>\n<td>Siempre pide m\u00e1s en lo bueno<\/td>\n<td>Justifican el mal o lo menos bueno<\/td>\n<\/tr>\n<tr>\n<td>Existe en todas partes y para todos<\/td>\n<td>Existen en donde los crean y para quienes los crean<\/td>\n<\/tr>\n<tr>\n<td>Es todo<\/td>\n<td>Es nada<\/td>\n<\/tr>\n<tr>\n<td>Su signo es el \u00abm\u00e1s\u00bb (+)<\/td>\n<td>Su signo es el \u00abmenos\u00bb (-)<\/td>\n<\/tr>\n<\/tbody>\n<\/table>\n<h2><strong>Bibliograf\u00eda<\/strong><\/h2>\n<ul>\n<li>Jos\u00e9 Luis Sicre, Los dioses olvidados, Poder y riqueza en los profetas preex\u00edlicos, Cristiandad 1979.<\/li>\n<li>Pablo Richard, Nuestra lucha es contra los \u00eddolos, en La lucha de los dioses, Los \u00eddolos de la opresi\u00f3n y la b\u00fasqueda del Dios liberador, DEI, San Jos\u00e9 1980, pgs 9-32.<\/li>\n<li>________, La fuerza espiritual de la Iglesia de los pobres, DEI 1987.<\/li>\n<li>Carlos Mesters, La ley de Dios, herramienta de la comunidad, EDICAY, Cuenca 1987.<\/li>\n<li>________ , Cielo nuevo y tierra nueva, EDICAY 1987.<\/li>\n<li>Severino Croato, Los dioses de la opresi\u00f3n, en Las lucha de los dioses, pgs 33- 56.<\/li>\n<li>Jorge Pixley, Dios enjuicia a los id\u00f3latras en la historia, en La lucha de los dioses, pgs 57-78.<\/li>\n<li>Hugo Assmann, La fe de los pobres en la lucha contra los \u00eddolos, en La lucha de los dioses, pgs 231-268.<\/li>\n<li>Jon Sobrino, Jes\u00fas en Am\u00e9rica Latina, Sal Terrae 1982.<\/li>\n<li>________, Resurrecci\u00f3n de la verdadera Iglesia, Sal Terrae 1981.<\/li>\n<li>Gustavo Guti\u00e9rrez, El Dios de la vida, Lima 1981.<\/li>\n<li>Xavier Alegre, Los \u00eddolos que deshumanizan al hombre, en El secuestro de la verdad, Sal Terrae 1986.<\/li>\n<li>Jos\u00e9 P. Miranda, Marx y la Biblia, S\u00edgueme 1975.<\/li>\n<li>Adolf Exeler, Los Diez Mandamientos, Sal Terrae 1983.<\/li>\n<li>G. Barbaglio, Imagen, en Diccionario Teol\u00f3gico Interdisciplinar, S\u00edgueme 1982.<\/li>\n<li>Erich Fromm, \u00bfTener o ser?, Fondo de Cultura Econ\u00f3mica, Madrid 1983.<\/li>\n<li>__________ Y ser\u00e9is como dioses, Paidos, Barcelona 1984.<\/li>\n<li>Rafael Avila, Biblia y Liberaci\u00f3n, Paulinas, Bogot\u00e1 1973.<\/li>\n<li>Jos\u00e9 L. Caravias, El Dios de Jes\u00fas, Paulinas, Bogot\u00e1 1986.<\/li>\n<li>Josep Vives, El \u00eddolo y la voz, reflexiones sobre Dios y la justicia, en La justicia que brota de la fe, pgs 63-127, Sal Terrae 1982.<\/li>\n<li>Victorio Araya, El Dios de los pobres, DEI 1983.<\/li>\n<li>Franz Hinkelammert, Las armas ideol\u00f3gicas de la muerte, DEI 1981.<\/li>\n<li>Juan Mateos, El Serm\u00f3n del Monte, EDICAY 1987.<\/li>\n<li>J. L. Crenshaw, Los falsos profetas, Bilbao 1986.<\/li>\n<li>Bernard Lambert, Las bienaventuranzas y la cultura hoy, S\u00edgueme 1987.<\/li>\n<li>Fran\u00e7ois Varone, El Dios ausente, Reacciones religiosa, atea y creyente, Sal Terrae 1986.<\/li>\n<li>Louis Evely, El ate\u00edsmo de los cristianos, Verbo Divino 1981.<\/li>\n<li>Friedrich Mildenberger, El problema de Dios en el debate actual, Descl\u00e9e 1976.<\/li>\n<li>Enzo Bianchi, Seguir a Jes\u00fas el Se\u00f1or, Radicalismo cristiano, Narcea, Madrid 1982, pgs 13-22: Desde la idolatr\u00eda a la fe.<\/li>\n<li>J.I. Gonz\u00e1lez Fas, Im\u00e1genes de Dios, en Misi\u00f3n Abierta, Dioses de vida \u00eddolos de muerte, noviembre 1985, pgs 29-41<\/li>\n<li>Joaqu\u00edn Garc\u00eda Roca, Idolos de muerte en la sociedad actual, en Misi\u00f3n Abierta, Dioses de vida \u00eddolos de muerte, id., pgs 42-58.<\/li>\n<li>Bernhard Lang, Solo Yahv\u00e9: Origen y configuraci\u00f3n del monote\u00edsmo b\u00edblico, en Concilium n\u00ba 197, enero 1985, pgs 57-66.<\/li>\n<li>Gabriel Vahanian, Monote\u00edsmo o cr\u00edtica de los \u00eddolos ayer y hoy, en Concilium n\u00ba 197, pgs 125-137.<\/li>\n<\/ul>\n","protected":false},"excerpt":{"rendered":"<p>Cuadro resumen Dios Los \u00eddolos No creado por nadie Creados por nosotros Es una realidad en s\u00ed Es s\u00f3lo la proyecci\u00f3n de una actitud interior humana Tiene poder de por s\u00ed Tienen el poder que &#8230; <a href=\"https:\/\/vincentians.com\/es\/idolatria-y-biblia-cuadro-resumen-y-bibliografia\/\" class=\"more-link\">Read More<\/a><\/p>\n","protected":false},"author":4,"featured_media":404146,"comment_status":"open","ping_status":"open","sticky":false,"template":"","format":"standard","meta":{"jetpack_post_was_ever_published":false,"_jetpack_newsletter_access":"","_jetpack_dont_email_post_to_subs":false,"_jetpack_newsletter_tier_id":0,"_jetpack_memberships_contains_paywalled_content":false,"_jetpack_memberships_contains_paid_content":false,"footnotes":"","jetpack_publicize_message":"","jetpack_publicize_feature_enabled":true,"jetpack_social_post_already_shared":true,"jetpack_social_options":{"image_generator_settings":{"template":"highway","default_image_id":0,"font":"","enabled":false},"version":2}},"categories":[29],"tags":[144],"class_list":["post-26794","post","type-post","status-publish","format-standard","has-post-thumbnail","hentry","category-formacion-cristiana","tag-lambert"],"yoast_head":"<!-- This site is optimized with the Yoast SEO plugin v26.3 - https:\/\/yoast.com\/wordpress\/plugins\/seo\/ -->\n<title>Idolatr\u00eda y Biblia: Cuadro resumen y Bibliograf\u00eda - Somos Vicencianos<\/title>\n<meta name=\"robots\" content=\"index, follow, max-snippet:-1, max-image-preview:large, max-video-preview:-1\" \/>\n<link rel=\"canonical\" href=\"https:\/\/vincentians.com\/es\/idolatria-y-biblia-cuadro-resumen-y-bibliografia\/\" \/>\n<meta property=\"og:locale\" content=\"es_ES\" \/>\n<meta property=\"og:type\" content=\"article\" \/>\n<meta property=\"og:title\" content=\"Idolatr\u00eda y Biblia: Cuadro resumen y Bibliograf\u00eda - Somos Vicencianos\" \/>\n<meta property=\"og:description\" content=\"Cuadro resumen Dios Los \u00eddolos No creado por nadie Creados por nosotros Es una realidad en s\u00ed Es s\u00f3lo la proyecci\u00f3n de una actitud interior humana Tiene poder de por s\u00ed Tienen el poder que ... Read More\" \/>\n<meta property=\"og:url\" content=\"https:\/\/vincentians.com\/es\/idolatria-y-biblia-cuadro-resumen-y-bibliografia\/\" \/>\n<meta property=\"og:site_name\" content=\"Somos Vicencianos\" \/>\n<meta property=\"article:publisher\" content=\"https:\/\/www.facebook.com\/WeAreVincentians\/\" \/>\n<meta property=\"article:author\" content=\"https:\/\/www.facebook.com\/JavierChento\" \/>\n<meta property=\"article:published_time\" content=\"2024-11-15T07:04:21+00:00\" \/>\n<meta property=\"og:image\" content=\"https:\/\/i0.wp.com\/vincentians.com\/es\/wp-content\/uploads\/sites\/11\/2013\/04\/f-8-scaled.jpg?fit=2560%2C1216&ssl=1\" \/>\n\t<meta property=\"og:image:width\" content=\"2560\" \/>\n\t<meta property=\"og:image:height\" content=\"1216\" \/>\n\t<meta property=\"og:image:type\" content=\"image\/jpeg\" \/>\n<meta name=\"author\" content=\"Francisco Javier Fern\u00e1ndez Chento\" \/>\n<meta name=\"twitter:card\" content=\"summary_large_image\" \/>\n<meta name=\"twitter:creator\" content=\"@https:\/\/twitter.com\/javierchento\" \/>\n<meta name=\"twitter:site\" content=\"@WeVincentians\" \/>\n<meta name=\"twitter:label1\" content=\"Escrito por\" \/>\n\t<meta name=\"twitter:data1\" content=\"Francisco Javier Fern\u00e1ndez Chento\" \/>\n\t<meta name=\"twitter:label2\" content=\"Tiempo de lectura\" \/>\n\t<meta name=\"twitter:data2\" content=\"3 minutos\" \/>\n<script type=\"application\/ld+json\" class=\"yoast-schema-graph\">{\"@context\":\"https:\/\/schema.org\",\"@graph\":[{\"@type\":\"Article\",\"@id\":\"https:\/\/vincentians.com\/es\/idolatria-y-biblia-cuadro-resumen-y-bibliografia\/#article\",\"isPartOf\":{\"@id\":\"https:\/\/vincentians.com\/es\/idolatria-y-biblia-cuadro-resumen-y-bibliografia\/\"},\"author\":{\"name\":\"Francisco Javier Fern\u00e1ndez Chento\",\"@id\":\"http:\/\/vincentians.com\/es\/#\/schema\/person\/9623ef4d9aa3b2dfb8c061f1499288f2\"},\"headline\":\"Idolatr\u00eda y Biblia: Cuadro resumen y Bibliograf\u00eda\",\"datePublished\":\"2024-11-15T07:04:21+00:00\",\"mainEntityOfPage\":{\"@id\":\"https:\/\/vincentians.com\/es\/idolatria-y-biblia-cuadro-resumen-y-bibliografia\/\"},\"wordCount\":588,\"commentCount\":0,\"publisher\":{\"@id\":\"http:\/\/vincentians.com\/es\/#organization\"},\"image\":{\"@id\":\"https:\/\/vincentians.com\/es\/idolatria-y-biblia-cuadro-resumen-y-bibliografia\/#primaryimage\"},\"thumbnailUrl\":\"https:\/\/i0.wp.com\/vincentians.com\/es\/wp-content\/uploads\/sites\/11\/2013\/04\/f-8-scaled.jpg?fit=2560%2C1216&ssl=1\",\"keywords\":[\"Lambert\"],\"articleSection\":[\"Formaci\u00f3n Cristiana\"],\"inLanguage\":\"es\",\"potentialAction\":[{\"@type\":\"CommentAction\",\"name\":\"Comment\",\"target\":[\"https:\/\/vincentians.com\/es\/idolatria-y-biblia-cuadro-resumen-y-bibliografia\/#respond\"]}]},{\"@type\":\"WebPage\",\"@id\":\"https:\/\/vincentians.com\/es\/idolatria-y-biblia-cuadro-resumen-y-bibliografia\/\",\"url\":\"https:\/\/vincentians.com\/es\/idolatria-y-biblia-cuadro-resumen-y-bibliografia\/\",\"name\":\"Idolatr\u00eda y Biblia: Cuadro resumen y Bibliograf\u00eda - Somos Vicencianos\",\"isPartOf\":{\"@id\":\"http:\/\/vincentians.com\/es\/#website\"},\"primaryImageOfPage\":{\"@id\":\"https:\/\/vincentians.com\/es\/idolatria-y-biblia-cuadro-resumen-y-bibliografia\/#primaryimage\"},\"image\":{\"@id\":\"https:\/\/vincentians.com\/es\/idolatria-y-biblia-cuadro-resumen-y-bibliografia\/#primaryimage\"},\"thumbnailUrl\":\"https:\/\/i0.wp.com\/vincentians.com\/es\/wp-content\/uploads\/sites\/11\/2013\/04\/f-8-scaled.jpg?fit=2560%2C1216&ssl=1\",\"datePublished\":\"2024-11-15T07:04:21+00:00\",\"breadcrumb\":{\"@id\":\"https:\/\/vincentians.com\/es\/idolatria-y-biblia-cuadro-resumen-y-bibliografia\/#breadcrumb\"},\"inLanguage\":\"es\",\"potentialAction\":[{\"@type\":\"ReadAction\",\"target\":[\"https:\/\/vincentians.com\/es\/idolatria-y-biblia-cuadro-resumen-y-bibliografia\/\"]}]},{\"@type\":\"ImageObject\",\"inLanguage\":\"es\",\"@id\":\"https:\/\/vincentians.com\/es\/idolatria-y-biblia-cuadro-resumen-y-bibliografia\/#primaryimage\",\"url\":\"https:\/\/i0.wp.com\/vincentians.com\/es\/wp-content\/uploads\/sites\/11\/2013\/04\/f-8-scaled.jpg?fit=2560%2C1216&ssl=1\",\"contentUrl\":\"https:\/\/i0.wp.com\/vincentians.com\/es\/wp-content\/uploads\/sites\/11\/2013\/04\/f-8-scaled.jpg?fit=2560%2C1216&ssl=1\",\"width\":2560,\"height\":1216},{\"@type\":\"BreadcrumbList\",\"@id\":\"https:\/\/vincentians.com\/es\/idolatria-y-biblia-cuadro-resumen-y-bibliografia\/#breadcrumb\",\"itemListElement\":[{\"@type\":\"ListItem\",\"position\":1,\"name\":\"Portada\",\"item\":\"http:\/\/vincentians.com\/es\/\"},{\"@type\":\"ListItem\",\"position\":2,\"name\":\"Idolatr\u00eda y Biblia: Cuadro resumen y Bibliograf\u00eda\"}]},{\"@type\":\"WebSite\",\"@id\":\"http:\/\/vincentians.com\/es\/#website\",\"url\":\"http:\/\/vincentians.com\/es\/\",\"name\":\"Somos Vicencianos\",\"description\":\"Know more to serve more\",\"publisher\":{\"@id\":\"http:\/\/vincentians.com\/es\/#organization\"},\"potentialAction\":[{\"@type\":\"SearchAction\",\"target\":{\"@type\":\"EntryPoint\",\"urlTemplate\":\"http:\/\/vincentians.com\/es\/?s={search_term_string}\"},\"query-input\":{\"@type\":\"PropertyValueSpecification\",\"valueRequired\":true,\"valueName\":\"search_term_string\"}}],\"inLanguage\":\"es\"},{\"@type\":\"Organization\",\"@id\":\"http:\/\/vincentians.com\/es\/#organization\",\"name\":\"The Vincentian Network\",\"url\":\"http:\/\/vincentians.com\/es\/\",\"logo\":{\"@type\":\"ImageObject\",\"inLanguage\":\"es\",\"@id\":\"http:\/\/vincentians.com\/es\/#\/schema\/logo\/image\/\",\"url\":\"https:\/\/i1.wp.com\/vincentians.com\/es\/wp-content\/uploads\/sites\/11\/2016\/06\/Vincentian-Network-logo-big.png?fit=778%2C778\",\"contentUrl\":\"https:\/\/i1.wp.com\/vincentians.com\/es\/wp-content\/uploads\/sites\/11\/2016\/06\/Vincentian-Network-logo-big.png?fit=778%2C778\",\"width\":778,\"height\":778,\"caption\":\"The Vincentian Network\"},\"image\":{\"@id\":\"http:\/\/vincentians.com\/es\/#\/schema\/logo\/image\/\"},\"sameAs\":[\"https:\/\/www.facebook.com\/WeAreVincentians\/\",\"https:\/\/x.com\/WeVincentians\"]},{\"@type\":\"Person\",\"@id\":\"http:\/\/vincentians.com\/es\/#\/schema\/person\/9623ef4d9aa3b2dfb8c061f1499288f2\",\"name\":\"Francisco Javier Fern\u00e1ndez Chento\",\"image\":{\"@type\":\"ImageObject\",\"inLanguage\":\"es\",\"@id\":\"http:\/\/vincentians.com\/es\/#\/schema\/person\/image\/\",\"url\":\"https:\/\/secure.gravatar.com\/avatar\/497d5cde87b4c3d097d0315953521681ba2cd523ee66e5077c3711f7021e65de?s=96&d=mm&r=g\",\"contentUrl\":\"https:\/\/secure.gravatar.com\/avatar\/497d5cde87b4c3d097d0315953521681ba2cd523ee66e5077c3711f7021e65de?s=96&d=mm&r=g\",\"caption\":\"Francisco Javier Fern\u00e1ndez Chento\"},\"description\":\"Director General y cofundador de La Red de Formaci\u00f3n Vicenciana. Javier es laico vicenciano, afiliado a la Congregaci\u00f3n de la Misi\u00f3n y miembro del Equipo de Misiones Populares de la provincia can\u00f3nica de Zaragoza (Espa\u00f1a) de la Congregaci\u00f3n de la Misi\u00f3n. Graduado en la Universidad Oberta de Catalunya con cuatro grados (Asistente de direcci\u00f3n, Gesti\u00f3n Administrativa, Recursos Humanos y Contabilidad Avanzada). Bil\u00edng\u00fce Espa\u00f1ol\/Ingl\u00e9s. gestiona y mantiene varias p\u00e1ginas web cristianas y vicencianas, incluida including La Red de Formaci\u00f3n Vicenciana, de la que es cofundador. Actualmente es responsable del \u00e1rea de Espa\u00f1ol de .famvin, la Red de Noticias de la Familia Vicenciana. Tambi\u00e9n es m\u00fasico cat\u00f3lico y ha editado varios discos. Es Director General y cofundador de Trovador, una reconocida compa\u00f1\u00eda discogr\u00e1fica critiana de Espa\u00f1a. Trabaja en las Tecnolog\u00edas de la Informaci\u00f3n, ofreciendo servicios de alojamiento, dise\u00f1o y mantenimiento Web, as\u00ed como asesoramiento, formaci\u00f3n y soluciones inform\u00e1ticas, gesti\u00f3n documental y digitalizaci\u00f3n de textos, edici\u00f3n y maquetaci\u00f3n de libros, revistas, flyers, etc.\",\"sameAs\":[\"http:\/\/chento.org\",\"https:\/\/www.facebook.com\/JavierChento\",\"https:\/\/x.com\/https:\/\/twitter.com\/javierchento\"],\"url\":\"https:\/\/vincentians.com\/es\/author\/chento\/\"}]}<\/script>\n<!-- \/ Yoast SEO plugin. -->","yoast_head_json":{"title":"Idolatr\u00eda y Biblia: Cuadro resumen y Bibliograf\u00eda - Somos Vicencianos","robots":{"index":"index","follow":"follow","max-snippet":"max-snippet:-1","max-image-preview":"max-image-preview:large","max-video-preview":"max-video-preview:-1"},"canonical":"https:\/\/vincentians.com\/es\/idolatria-y-biblia-cuadro-resumen-y-bibliografia\/","og_locale":"es_ES","og_type":"article","og_title":"Idolatr\u00eda y Biblia: Cuadro resumen y Bibliograf\u00eda - Somos Vicencianos","og_description":"Cuadro resumen Dios Los \u00eddolos No creado por nadie Creados por nosotros Es una realidad en s\u00ed Es s\u00f3lo la proyecci\u00f3n de una actitud interior humana Tiene poder de por s\u00ed Tienen el poder que ... Read More","og_url":"https:\/\/vincentians.com\/es\/idolatria-y-biblia-cuadro-resumen-y-bibliografia\/","og_site_name":"Somos Vicencianos","article_publisher":"https:\/\/www.facebook.com\/WeAreVincentians\/","article_author":"https:\/\/www.facebook.com\/JavierChento","article_published_time":"2024-11-15T07:04:21+00:00","og_image":[{"width":2560,"height":1216,"url":"https:\/\/i0.wp.com\/vincentians.com\/es\/wp-content\/uploads\/sites\/11\/2013\/04\/f-8-scaled.jpg?fit=2560%2C1216&ssl=1","type":"image\/jpeg"}],"author":"Francisco Javier Fern\u00e1ndez Chento","twitter_card":"summary_large_image","twitter_creator":"@https:\/\/twitter.com\/javierchento","twitter_site":"@WeVincentians","twitter_misc":{"Escrito por":"Francisco Javier Fern\u00e1ndez Chento","Tiempo de lectura":"3 minutos"},"schema":{"@context":"https:\/\/schema.org","@graph":[{"@type":"Article","@id":"https:\/\/vincentians.com\/es\/idolatria-y-biblia-cuadro-resumen-y-bibliografia\/#article","isPartOf":{"@id":"https:\/\/vincentians.com\/es\/idolatria-y-biblia-cuadro-resumen-y-bibliografia\/"},"author":{"name":"Francisco Javier Fern\u00e1ndez Chento","@id":"http:\/\/vincentians.com\/es\/#\/schema\/person\/9623ef4d9aa3b2dfb8c061f1499288f2"},"headline":"Idolatr\u00eda y Biblia: Cuadro resumen y Bibliograf\u00eda","datePublished":"2024-11-15T07:04:21+00:00","mainEntityOfPage":{"@id":"https:\/\/vincentians.com\/es\/idolatria-y-biblia-cuadro-resumen-y-bibliografia\/"},"wordCount":588,"commentCount":0,"publisher":{"@id":"http:\/\/vincentians.com\/es\/#organization"},"image":{"@id":"https:\/\/vincentians.com\/es\/idolatria-y-biblia-cuadro-resumen-y-bibliografia\/#primaryimage"},"thumbnailUrl":"https:\/\/i0.wp.com\/vincentians.com\/es\/wp-content\/uploads\/sites\/11\/2013\/04\/f-8-scaled.jpg?fit=2560%2C1216&ssl=1","keywords":["Lambert"],"articleSection":["Formaci\u00f3n Cristiana"],"inLanguage":"es","potentialAction":[{"@type":"CommentAction","name":"Comment","target":["https:\/\/vincentians.com\/es\/idolatria-y-biblia-cuadro-resumen-y-bibliografia\/#respond"]}]},{"@type":"WebPage","@id":"https:\/\/vincentians.com\/es\/idolatria-y-biblia-cuadro-resumen-y-bibliografia\/","url":"https:\/\/vincentians.com\/es\/idolatria-y-biblia-cuadro-resumen-y-bibliografia\/","name":"Idolatr\u00eda y Biblia: Cuadro resumen y Bibliograf\u00eda - Somos Vicencianos","isPartOf":{"@id":"http:\/\/vincentians.com\/es\/#website"},"primaryImageOfPage":{"@id":"https:\/\/vincentians.com\/es\/idolatria-y-biblia-cuadro-resumen-y-bibliografia\/#primaryimage"},"image":{"@id":"https:\/\/vincentians.com\/es\/idolatria-y-biblia-cuadro-resumen-y-bibliografia\/#primaryimage"},"thumbnailUrl":"https:\/\/i0.wp.com\/vincentians.com\/es\/wp-content\/uploads\/sites\/11\/2013\/04\/f-8-scaled.jpg?fit=2560%2C1216&ssl=1","datePublished":"2024-11-15T07:04:21+00:00","breadcrumb":{"@id":"https:\/\/vincentians.com\/es\/idolatria-y-biblia-cuadro-resumen-y-bibliografia\/#breadcrumb"},"inLanguage":"es","potentialAction":[{"@type":"ReadAction","target":["https:\/\/vincentians.com\/es\/idolatria-y-biblia-cuadro-resumen-y-bibliografia\/"]}]},{"@type":"ImageObject","inLanguage":"es","@id":"https:\/\/vincentians.com\/es\/idolatria-y-biblia-cuadro-resumen-y-bibliografia\/#primaryimage","url":"https:\/\/i0.wp.com\/vincentians.com\/es\/wp-content\/uploads\/sites\/11\/2013\/04\/f-8-scaled.jpg?fit=2560%2C1216&ssl=1","contentUrl":"https:\/\/i0.wp.com\/vincentians.com\/es\/wp-content\/uploads\/sites\/11\/2013\/04\/f-8-scaled.jpg?fit=2560%2C1216&ssl=1","width":2560,"height":1216},{"@type":"BreadcrumbList","@id":"https:\/\/vincentians.com\/es\/idolatria-y-biblia-cuadro-resumen-y-bibliografia\/#breadcrumb","itemListElement":[{"@type":"ListItem","position":1,"name":"Portada","item":"http:\/\/vincentians.com\/es\/"},{"@type":"ListItem","position":2,"name":"Idolatr\u00eda y Biblia: Cuadro resumen y Bibliograf\u00eda"}]},{"@type":"WebSite","@id":"http:\/\/vincentians.com\/es\/#website","url":"http:\/\/vincentians.com\/es\/","name":"Somos Vicencianos","description":"Know more to serve more","publisher":{"@id":"http:\/\/vincentians.com\/es\/#organization"},"potentialAction":[{"@type":"SearchAction","target":{"@type":"EntryPoint","urlTemplate":"http:\/\/vincentians.com\/es\/?s={search_term_string}"},"query-input":{"@type":"PropertyValueSpecification","valueRequired":true,"valueName":"search_term_string"}}],"inLanguage":"es"},{"@type":"Organization","@id":"http:\/\/vincentians.com\/es\/#organization","name":"The Vincentian Network","url":"http:\/\/vincentians.com\/es\/","logo":{"@type":"ImageObject","inLanguage":"es","@id":"http:\/\/vincentians.com\/es\/#\/schema\/logo\/image\/","url":"https:\/\/i1.wp.com\/vincentians.com\/es\/wp-content\/uploads\/sites\/11\/2016\/06\/Vincentian-Network-logo-big.png?fit=778%2C778","contentUrl":"https:\/\/i1.wp.com\/vincentians.com\/es\/wp-content\/uploads\/sites\/11\/2016\/06\/Vincentian-Network-logo-big.png?fit=778%2C778","width":778,"height":778,"caption":"The Vincentian Network"},"image":{"@id":"http:\/\/vincentians.com\/es\/#\/schema\/logo\/image\/"},"sameAs":["https:\/\/www.facebook.com\/WeAreVincentians\/","https:\/\/x.com\/WeVincentians"]},{"@type":"Person","@id":"http:\/\/vincentians.com\/es\/#\/schema\/person\/9623ef4d9aa3b2dfb8c061f1499288f2","name":"Francisco Javier Fern\u00e1ndez Chento","image":{"@type":"ImageObject","inLanguage":"es","@id":"http:\/\/vincentians.com\/es\/#\/schema\/person\/image\/","url":"https:\/\/secure.gravatar.com\/avatar\/497d5cde87b4c3d097d0315953521681ba2cd523ee66e5077c3711f7021e65de?s=96&d=mm&r=g","contentUrl":"https:\/\/secure.gravatar.com\/avatar\/497d5cde87b4c3d097d0315953521681ba2cd523ee66e5077c3711f7021e65de?s=96&d=mm&r=g","caption":"Francisco Javier Fern\u00e1ndez Chento"},"description":"Director General y cofundador de La Red de Formaci\u00f3n Vicenciana. Javier es laico vicenciano, afiliado a la Congregaci\u00f3n de la Misi\u00f3n y miembro del Equipo de Misiones Populares de la provincia can\u00f3nica de Zaragoza (Espa\u00f1a) de la Congregaci\u00f3n de la Misi\u00f3n. Graduado en la Universidad Oberta de Catalunya con cuatro grados (Asistente de direcci\u00f3n, Gesti\u00f3n Administrativa, Recursos Humanos y Contabilidad Avanzada). Bil\u00edng\u00fce Espa\u00f1ol\/Ingl\u00e9s. gestiona y mantiene varias p\u00e1ginas web cristianas y vicencianas, incluida including La Red de Formaci\u00f3n Vicenciana, de la que es cofundador. Actualmente es responsable del \u00e1rea de Espa\u00f1ol de .famvin, la Red de Noticias de la Familia Vicenciana. Tambi\u00e9n es m\u00fasico cat\u00f3lico y ha editado varios discos. Es Director General y cofundador de Trovador, una reconocida compa\u00f1\u00eda discogr\u00e1fica critiana de Espa\u00f1a. Trabaja en las Tecnolog\u00edas de la Informaci\u00f3n, ofreciendo servicios de alojamiento, dise\u00f1o y mantenimiento Web, as\u00ed como asesoramiento, formaci\u00f3n y soluciones inform\u00e1ticas, gesti\u00f3n documental y digitalizaci\u00f3n de textos, edici\u00f3n y maquetaci\u00f3n de libros, revistas, flyers, etc.","sameAs":["http:\/\/chento.org","https:\/\/www.facebook.com\/JavierChento","https:\/\/x.com\/https:\/\/twitter.com\/javierchento"],"url":"https:\/\/vincentians.com\/es\/author\/chento\/"}]}},"jetpack_publicize_connections":[],"jetpack_featured_media_url":"https:\/\/i0.wp.com\/vincentians.com\/es\/wp-content\/uploads\/sites\/11\/2013\/04\/f-8-scaled.jpg?fit=2560%2C1216&ssl=1","jetpack_sharing_enabled":true,"jetpack_shortlink":"https:\/\/wp.me\/p7ETMF-6Ya","jetpack-related-posts":[{"id":126780,"url":"https:\/\/vincentians.com\/es\/federico-ozanam-segun-su-correspondencia-00-prologo-e-introduccion\/","url_meta":{"origin":26794,"position":0},"title":"Federico Ozanam seg\u00fan su correspondencia (00. Pr\u00f3logo e Introducci\u00f3n)","author":"Francisco Javier Fern\u00e1ndez Chento","date":"01\/03\/2024","format":false,"excerpt":"Dedicatoria A la memoria de mis padres, a quienes vi siempre practicar con fervor la caridad cristiana. A la memoria de mi hermano Miguel Alfonso Rivas, quien siempre tuvo para el pobre una caridad y un respeto tales que me atrevo a calificar de ozan\u00e1micos. A la memoria de mi\u2026","rel":"","context":"En \u00abFederico Ozanam\u00bb","block_context":{"text":"Federico Ozanam","link":"https:\/\/vincentians.com\/es\/category\/la-familia-vicenciana\/fundadores\/federico-ozanam\/"},"img":{"alt_text":"","src":"https:\/\/i0.wp.com\/vincentians.com\/es\/wp-content\/uploads\/sites\/11\/2014\/12\/ozanam-the-poet.jpg?fit=1200%2C630&ssl=1&resize=350%2C200","width":350,"height":200,"srcset":"https:\/\/i0.wp.com\/vincentians.com\/es\/wp-content\/uploads\/sites\/11\/2014\/12\/ozanam-the-poet.jpg?fit=1200%2C630&ssl=1&resize=350%2C200 1x, https:\/\/i0.wp.com\/vincentians.com\/es\/wp-content\/uploads\/sites\/11\/2014\/12\/ozanam-the-poet.jpg?fit=1200%2C630&ssl=1&resize=525%2C300 1.5x, https:\/\/i0.wp.com\/vincentians.com\/es\/wp-content\/uploads\/sites\/11\/2014\/12\/ozanam-the-poet.jpg?fit=1200%2C630&ssl=1&resize=700%2C400 2x, https:\/\/i0.wp.com\/vincentians.com\/es\/wp-content\/uploads\/sites\/11\/2014\/12\/ozanam-the-poet.jpg?fit=1200%2C630&ssl=1&resize=1050%2C600 3x"},"classes":[]},{"id":44191,"url":"https:\/\/vincentians.com\/es\/susana-guillemin-repeticion-de-oracion-24-de-marzo-de-1963\/","url_meta":{"origin":26794,"position":1},"title":"Susana Guillemin: Repetici\u00f3n de oraci\u00f3n, 24 de marzo de 1963","author":"Francisco Javier Fern\u00e1ndez Chento","date":"07\/07\/2011","format":false,"excerpt":"Susana Guillemin, H.C. A la comunidad La joven In\u00e9s, caminando hacia el triunfo de su martirio dec\u00eda: \"Voy a Aquel a quien he visto, al que amo, en quien he cre\u00eddo, a quien he preferido\". Estas palabras son el resumen de aquella vida que desde el descubrimiento de Cristo, pas\u00f3\u2026","rel":"","context":"En \u00abEscritos de Susana Guillemin\u00bb","block_context":{"text":"Escritos de Susana Guillemin","link":"https:\/\/vincentians.com\/es\/category\/escritos\/escritos-de-susana-guillemin\/"},"img":{"alt_text":"","src":"https:\/\/i0.wp.com\/vincentians.com\/es\/wp-content\/uploads\/sites\/11\/2016\/07\/escritos-guillemin.jpg?fit=1200%2C630&ssl=1&resize=350%2C200","width":350,"height":200,"srcset":"https:\/\/i0.wp.com\/vincentians.com\/es\/wp-content\/uploads\/sites\/11\/2016\/07\/escritos-guillemin.jpg?fit=1200%2C630&ssl=1&resize=350%2C200 1x, https:\/\/i0.wp.com\/vincentians.com\/es\/wp-content\/uploads\/sites\/11\/2016\/07\/escritos-guillemin.jpg?fit=1200%2C630&ssl=1&resize=525%2C300 1.5x, https:\/\/i0.wp.com\/vincentians.com\/es\/wp-content\/uploads\/sites\/11\/2016\/07\/escritos-guillemin.jpg?fit=1200%2C630&ssl=1&resize=700%2C400 2x, https:\/\/i0.wp.com\/vincentians.com\/es\/wp-content\/uploads\/sites\/11\/2016\/07\/escritos-guillemin.jpg?fit=1200%2C630&ssl=1&resize=1050%2C600 3x"},"classes":[]},{"id":25129,"url":"https:\/\/vincentians.com\/es\/resucitados-con-cristo\/","url_meta":{"origin":26794,"position":2},"title":"Resucitados con Cristo","author":"Francisco Javier Fern\u00e1ndez Chento","date":"21\/07\/2020","format":false,"excerpt":"\"Ya que hab\u00e9is resucitado con Cristo, buscad los bienes de all\u00e1 arriba, donde est\u00e1 Cristo, sentado a la derecha de Dios; aspirad a los bienes de arriba, no a los de la tierra. Porque hab\u00e9is muerto; y vuestra vida est\u00e1 con Cristo escondida en Dios\" (Col. 3, 1-3). Cada a\u00f1o\u2026","rel":"","context":"En \u00abFormaci\u00f3n Vicenciana\u00bb","block_context":{"text":"Formaci\u00f3n Vicenciana","link":"https:\/\/vincentians.com\/es\/category\/formacion-vicenciana\/"},"img":{"alt_text":"","src":"https:\/\/i0.wp.com\/vincentians.com\/es\/wp-content\/uploads\/sites\/11\/2016\/09\/espiritu-de-jesus.jpg?fit=1200%2C630&ssl=1&resize=350%2C200","width":350,"height":200,"srcset":"https:\/\/i0.wp.com\/vincentians.com\/es\/wp-content\/uploads\/sites\/11\/2016\/09\/espiritu-de-jesus.jpg?fit=1200%2C630&ssl=1&resize=350%2C200 1x, https:\/\/i0.wp.com\/vincentians.com\/es\/wp-content\/uploads\/sites\/11\/2016\/09\/espiritu-de-jesus.jpg?fit=1200%2C630&ssl=1&resize=525%2C300 1.5x, https:\/\/i0.wp.com\/vincentians.com\/es\/wp-content\/uploads\/sites\/11\/2016\/09\/espiritu-de-jesus.jpg?fit=1200%2C630&ssl=1&resize=700%2C400 2x, https:\/\/i0.wp.com\/vincentians.com\/es\/wp-content\/uploads\/sites\/11\/2016\/09\/espiritu-de-jesus.jpg?fit=1200%2C630&ssl=1&resize=1050%2C600 3x"},"classes":[]},{"id":4600,"url":"https:\/\/vincentians.com\/es\/domingo-4o-de-adviento-reflexion-de-jose-roman-flecha-2\/","url_meta":{"origin":26794,"position":3},"title":"Domingo 4\u00ba de Adviento (reflexi\u00f3n de Jos\u00e9 Rom\u00e1n Flecha)","author":"Francisco Javier Fern\u00e1ndez Chento","date":"18\/12\/2013","format":false,"excerpt":"LE PONDR\u00c1S POR NOMBRE JES\u00daS Domingo 4\u00ba de Adviento. A 22 de diciembre de 2013 En un momento de crisis y de miedo ante las invasiones enemigas, el profeta Isa\u00edas anunciaba al rey el nacimiento de un ni\u00f1o que llevar\u00eda por nombre Emmanuel, es decir \u201cDios con nosotros\u201d. Una promesa\u2026","rel":"","context":"En \u00abHomil\u00edas y reflexiones, A\u00f1o A\u00bb","block_context":{"text":"Homil\u00edas y reflexiones, A\u00f1o A","link":"https:\/\/vincentians.com\/es\/category\/homilias-y-reflexiones-a-la-palabra-de-dios\/homilias-y-reflexiones-ano-a\/"},"img":{"alt_text":"","src":"https:\/\/i0.wp.com\/vincentians.com\/es\/wp-content\/uploads\/sites\/11\/2016\/07\/reflexiones-palabra-de-dios.jpg?fit=1200%2C630&ssl=1&resize=350%2C200","width":350,"height":200,"srcset":"https:\/\/i0.wp.com\/vincentians.com\/es\/wp-content\/uploads\/sites\/11\/2016\/07\/reflexiones-palabra-de-dios.jpg?fit=1200%2C630&ssl=1&resize=350%2C200 1x, https:\/\/i0.wp.com\/vincentians.com\/es\/wp-content\/uploads\/sites\/11\/2016\/07\/reflexiones-palabra-de-dios.jpg?fit=1200%2C630&ssl=1&resize=525%2C300 1.5x, https:\/\/i0.wp.com\/vincentians.com\/es\/wp-content\/uploads\/sites\/11\/2016\/07\/reflexiones-palabra-de-dios.jpg?fit=1200%2C630&ssl=1&resize=700%2C400 2x, https:\/\/i0.wp.com\/vincentians.com\/es\/wp-content\/uploads\/sites\/11\/2016\/07\/reflexiones-palabra-de-dios.jpg?fit=1200%2C630&ssl=1&resize=1050%2C600 3x"},"classes":[]},{"id":120721,"url":"https:\/\/vincentians.com\/es\/el-amor-centro-de-la-vida-cristiana\/","url_meta":{"origin":26794,"position":4},"title":"El amor, centro de la vida cristiana","author":"Francisco Javier Fern\u00e1ndez Chento","date":"01\/10\/2022","format":false,"excerpt":"Introducci\u00f3n El t\u00edtulo de la siguiente comunicaci\u00f3n es: \"El amor centro de la vida cristiana\", en la Enc\u00edclica \"Deus Charitas est\", de Bene\u00addicto XVI. Decir que es el centro, es decir que no puede despla\u00adzarse de donde est\u00e1 y que influye en todo lo que la persona pien\u00adsa, dice y\u2026","rel":"","context":"En \u00abFormaci\u00f3n Cristiana\u00bb","block_context":{"text":"Formaci\u00f3n Cristiana","link":"https:\/\/vincentians.com\/es\/category\/formacion-cristiana\/"},"img":{"alt_text":"","src":"https:\/\/i0.wp.com\/vincentians.com\/es\/wp-content\/uploads\/sites\/11\/2013\/05\/d.jpg?fit=1200%2C799&ssl=1&resize=350%2C200","width":350,"height":200,"srcset":"https:\/\/i0.wp.com\/vincentians.com\/es\/wp-content\/uploads\/sites\/11\/2013\/05\/d.jpg?fit=1200%2C799&ssl=1&resize=350%2C200 1x, https:\/\/i0.wp.com\/vincentians.com\/es\/wp-content\/uploads\/sites\/11\/2013\/05\/d.jpg?fit=1200%2C799&ssl=1&resize=525%2C300 1.5x, https:\/\/i0.wp.com\/vincentians.com\/es\/wp-content\/uploads\/sites\/11\/2013\/05\/d.jpg?fit=1200%2C799&ssl=1&resize=700%2C400 2x, https:\/\/i0.wp.com\/vincentians.com\/es\/wp-content\/uploads\/sites\/11\/2013\/05\/d.jpg?fit=1200%2C799&ssl=1&resize=1050%2C600 3x"},"classes":[]},{"id":127021,"url":"https:\/\/vincentians.com\/es\/la-alegria-de-la-nochebuena\/","url_meta":{"origin":26794,"position":5},"title":"La alegr\u00eda de la Nochebuena","author":"Francisco Javier Fern\u00e1ndez Chento","date":"24\/12\/2013","format":false,"excerpt":"Esta noche es Nochebuena porque\u00a0nace Jes\u00fas\u00a0y en \u00e9l\u00a0ha aparecido la gracia de Dios que trae la salvaci\u00f3n para todos los hombres\u00a0(Tito 2,11-14). El motivo real de la celebraci\u00f3n de la Navidad y de nuestra gran alegr\u00eda es el nacimiento del ni\u00f1o Jes\u00fas, que naci\u00f3 de Mar\u00eda la Virgen por obra\u2026","rel":"","context":"En \u00abFormaci\u00f3n Cristiana\u00bb","block_context":{"text":"Formaci\u00f3n Cristiana","link":"https:\/\/vincentians.com\/es\/category\/formacion-cristiana\/"},"img":{"alt_text":"9595nochebuena","src":"https:\/\/i0.wp.com\/vicencianos.org\/wp-content\/2013\/12\/9595nochebuena-300x225.jpg?resize=350%2C200","width":350,"height":200},"classes":[]}],"_links":{"self":[{"href":"https:\/\/vincentians.com\/es\/wp-json\/wp\/v2\/posts\/26794","targetHints":{"allow":["GET"]}}],"collection":[{"href":"https:\/\/vincentians.com\/es\/wp-json\/wp\/v2\/posts"}],"about":[{"href":"https:\/\/vincentians.com\/es\/wp-json\/wp\/v2\/types\/post"}],"author":[{"embeddable":true,"href":"https:\/\/vincentians.com\/es\/wp-json\/wp\/v2\/users\/4"}],"replies":[{"embeddable":true,"href":"https:\/\/vincentians.com\/es\/wp-json\/wp\/v2\/comments?post=26794"}],"version-history":[{"count":1,"href":"https:\/\/vincentians.com\/es\/wp-json\/wp\/v2\/posts\/26794\/revisions"}],"predecessor-version":[{"id":405534,"href":"https:\/\/vincentians.com\/es\/wp-json\/wp\/v2\/posts\/26794\/revisions\/405534"}],"wp:featuredmedia":[{"embeddable":true,"href":"https:\/\/vincentians.com\/es\/wp-json\/wp\/v2\/media\/404146"}],"wp:attachment":[{"href":"https:\/\/vincentians.com\/es\/wp-json\/wp\/v2\/media?parent=26794"}],"wp:term":[{"taxonomy":"category","embeddable":true,"href":"https:\/\/vincentians.com\/es\/wp-json\/wp\/v2\/categories?post=26794"},{"taxonomy":"post_tag","embeddable":true,"href":"https:\/\/vincentians.com\/es\/wp-json\/wp\/v2\/tags?post=26794"}],"curies":[{"name":"wp","href":"https:\/\/api.w.org\/{rel}","templated":true}]}}