{"id":26476,"date":"2013-08-21T07:03:14","date_gmt":"2013-08-21T05:03:14","guid":{"rendered":"http:\/\/somos.vicencianos.org\/?p=26476"},"modified":"2013-08-21T07:03:14","modified_gmt":"2013-08-21T05:03:14","slug":"presencia-y-actualidad-de-la-sociedad-de-san-vicente-de-paul","status":"publish","type":"post","link":"https:\/\/vincentians.com\/es\/presencia-y-actualidad-de-la-sociedad-de-san-vicente-de-paul\/","title":{"rendered":"Presencia y actualidad de la Sociedad de San Vicente de Pa\u00fal"},"content":{"rendered":"<h2><strong><a href=\"https:\/\/i0.wp.com\/vicencianos.org\/wp-content\/2010\/12\/logo_ssvp.jpg\"><img data-recalc-dims=\"1\" loading=\"lazy\" decoding=\"async\" class=\"alignright size-full wp-image-23882\" title=\"logo_ssvp\" alt=\"\" src=\"https:\/\/i0.wp.com\/vicencianos.org\/wp-content\/2010\/12\/logo_ssvp.jpg?resize=377%2C418\" width=\"377\" height=\"418\" \/><\/a>Una intuici\u00f3n prof\u00e9tica:<\/strong><\/h2>\n<p><em>\u00abLo que divide a los hombres de nuestros d\u00edas no es ya una cuesti\u00f3n de formas pol\u00edticas, es una cuesti\u00f3n social, es saber qui\u00e9n vencer\u00e1: el esp\u00edritu de ego\u00edsmo o el esp\u00edritu de sacrificio; y si la sociedad no ser\u00e1 nada m\u00e1s que una gran explotaci\u00f3n en beneficio de los m\u00e1s fuertes o una consagraci\u00f3n de cada uno al bien de todos y sobre todo a la protecci\u00f3n de los d\u00e9biles. Hay muchos hombres que tienen demasiado y que quieren tener todav\u00eda m\u00e1s; hay muchos m\u00e1s que no tienen bastante, que no tienen nada y que quieren cogerlo si no se les da. Entre estas dos clases de hombres, se prepara una lucha, y esta lucha amenaza ser terrible: de un lado la potencia del oro; del otro la potencia de la desesperaci\u00f3n. Entre estos ej\u00e9rcitos enemigos es necesario precipitarnos, si no se puede impedir, al menos para aminorar el choque. Y nuestra edad de j\u00f3venes, nuestra condici\u00f3n mediocre nos hacen m\u00e1s f\u00e1cil esta funci\u00f3n de mediadores que nuestro t\u00edtulo de cristiano hace obligatoria. He aqu\u00ed la utilidad posible de nuestra Sociedad de San Vicente de Pa\u00fal\u00bb.<\/em><\/p>\n<p>Si no hubi\u00e9ramos llegado hasta el final de esta cita, se podr\u00eda preguntar qu\u00e9 pensador contempor\u00e1neo era el autor.<\/p>\n<p>En realidad emana del coraz\u00f3n generoso y de la inteligencia intuitiva de un joven, Federico Ozanam, que, desde 1836, hace m\u00e1s de un siglo y medio, tuvo esta visi\u00f3n prof\u00e9tica que hac\u00eda presagiar los grandes conflictos sociales y, pasando a la dimensi\u00f3n de todo el planeta, las tensiones entre el tercer mundo y el mundo industrializado.<\/p>\n<h2><strong>Del sue\u00f1o a la realidad:<\/strong><\/h2>\n<p>Presintiendo que las relaciones humanas ten\u00edan el peligro de convertirse cada vez m\u00e1s en relaciones de fuerza, hab\u00eda rom\u00e1nticamente so\u00f1ado \u00ab<em>que todos los j\u00f3venes de coraz\u00f3n y de esp\u00edritu se unieran para alguna obra caritativa&#8230;<\/em>\u00ab.<\/p>\n<p>El 23 de Abril de 1833 el sue\u00f1o se convirti\u00f3 en realidad con la reuni\u00f3n de la primera \u00ab<em>Conferencia de Caridad<\/em>\u00ab, colocada bajo el patrocinio de San Vicente de Pa\u00fal y que agrupaba alrededor de Emmanuel Bailly, el mayor, seis estudiantes, entre ellos Ozanam, que acababa de cumplir 20 a\u00f1os.<\/p>\n<h2><strong>Un auge continuo:<\/strong><\/h2>\n<p>La Sociedad de la que este \u00faltimo se complac\u00eda en recordar los \u00ab<em>humildes comienzos<\/em>\u00bb ir\u00eda conocer un auge fulgurante en Francia, Europa y en todo el mundo.<\/p>\n<p>En 1860 contaba ya con 2.500 Conferencias y reun\u00eda a m\u00e1s de 50.000 miembros.<\/p>\n<p>Inmediatamente despu\u00e9s del conflicto franco-prusiano de 1870, despu\u00e9s de un per\u00edodo particularmente dif\u00edcil durante el Segundo Imperio, que ve\u00eda en la Sociedad una asociaci\u00f3n que a veces se escapaba a la autoridad (circular del 16 de Octubre de 1861 del Duque Victor Fialin de Persigny, Ministro del Interior, a los Prefectos de Francia), reanuda irresistiblemente la marcha hacia adelante. As\u00ed es como en v\u00edsperas de la primera guerra mundial el n\u00famero de equipos se eleva a 8.000 y el de miembros a 133.000.<\/p>\n<p>En 1933, a\u00f1o del centenario, 12.000 Conferencias reagrupaban a m\u00e1s de 200.000 miembros, mientras que en 1983, a\u00f1o del 150 aniversario de la fundaci\u00f3n el n\u00famero de Vicencianos era de 750.000 y el de Conferencias 38.500 y los pa\u00edses en que estaba implantada 107. En 1995 existen alrededor de 875.000 miembros repartidos en 46.000 equipos en 130 pa\u00edses de los cinco continentes.<\/p>\n<p>Los grupos, la mayor\u00eda mixtos, est\u00e1n compuestos de hombres, de mujeres, de j\u00f3venes; funcionan en las parroquias urbanas o rurales, en barrios, en grandes conjuntos, en establecimientos escolares o universidades, en asociaciones profesionales o culturales.<\/p>\n<h2><strong>Una fraternidad universal: <\/strong><\/h2>\n<p>Pero dejemos la historia y las cifras para abordar lo esencial, a saber, el esp\u00edritu, los objetivos y los m\u00e9todos.<\/p>\n<p>La Sociedad de San Vicente de Pa\u00fal, una de las m\u00e1s antiguas obras caritativas, sociales y humanitarias, se presenta hoy como un gran movimiento internacional de apostolado caritativo y de acci\u00f3n social. Gracias a la comuni\u00f3n espiritual y a la formaci\u00f3n humana de sus miembros, quiere llevar el testimonio del amor fraterno de Cristo a los m\u00e1s pobres.<\/p>\n<p>Busca con ellos y con los dem\u00e1s ayudarles a vencer su miseria bajo sus m\u00faltiples formas. Se dirige, en todas las naciones del mundo, a los hombres, mujeres, j\u00f3venes, de todos los medios y de todas las condiciones, que quieren encarnar su fe en el don de s\u00ed, comunicando a su alrededor su esperanza y su alegr\u00eda.<\/p>\n<p>Desde los or\u00edgenes ha sido afirmada su aspiraci\u00f3n a lo universal seg\u00fan el voto entusiasta de Ozanam: <em>\u00abYo quisiera abarcar al mundo entero en una gran red de caridad\u00bb<\/em>. Cuando, el 17 de febrero de 1835, despu\u00e9s de una discusi\u00f3n apasionada, quiz\u00e1s a veces demasiado viva, que tuvo lugar durante varias semanas, decidieron que la Conferencia inicial se escindiera en varias secciones, los miembros de la Sociedad naciente mostraron su voluntad de ver su movimiento extenderse fuera de los l\u00edmites de su parroquia, de su ciudad, de su pa\u00eds, incluso de su continente, para implantarse en todas las latitudes.<\/p>\n<p>A semejanza de la misma Iglesia, la riqueza de esta din\u00e1mica asociaci\u00f3n de cristianos fervientes deb\u00eda basarse en el porvenir en su diversidad. Su unidad deb\u00eda forjarse en el pluralismo y la diferencia.<\/p>\n<h2><strong>Una b\u00fasqueda espiritual:<\/strong><\/h2>\n<p>Si Federico Ozanam y sus primeros compa\u00f1eros tuvieron preocupaciones humanas y sociales marcadas al constituir la Sociedad de San Vicente de Pa\u00fal, si su preocupaci\u00f3n permanente fue remediar los males de su tiempo, no sintieron menos la urgencia y la necesidad de una formaci\u00f3n espiritual s\u00f3lida como fundamento irremplazable de su vocaci\u00f3n y de su misi\u00f3n.<\/p>\n<p>El armonioso equilibrio entre oraci\u00f3n y acci\u00f3n que Vicente de Pa\u00fal realiz\u00f3 de manera tan perfecta apareci\u00f3 inmediatamente como la constante del compromiso vicenciano. Dicho compromiso saca de una vida de fe su inspiraci\u00f3n, su vigor y su fidelidad.<\/p>\n<p>Algunos miembros de la Sociedad, profundizando su camino espiritual, llegan al don de s\u00ed mismos en una vocaci\u00f3n religiosa, diaconal o sacerdotal.<\/p>\n<p>Cada a\u00f1o hombres, mujeres y j\u00f3venes de las Conferencias hacen esta elecci\u00f3n m\u00e1s radical al servicio de la Iglesia.<\/p>\n<h2><strong>Un compromiso por la justicia social:<\/strong><\/h2>\n<p>\u00ab<em>No hay caridad que no vaya acompa\u00f1ada de justicia<\/em>\u00ab, proclamaba Vicente de Pa\u00fal en medio de ese \u00ab<em>Gran siglo<\/em>\u00bb cuya gloria no disimulaba, ni a sus ojos, ni a su coraz\u00f3n, los males de su tiempo.<\/p>\n<p>En la misma l\u00ednea de pensamiento, Ozanam, que deseaba \u00ab<em>que la caridad haga lo que la justicia sola no sabr\u00eda hacer<\/em>\u00ab, subrayaba las insuficiencias de \u00e9sta que por su car\u00e1cter impersonal necesita ser completada y humanizada por la gratuidad y la delicadeza del voluntariado: \u00ab<em>el orden de la sociedad se apoya sobre dos virtudes: justicia y caridad. Pero la justicia supone ya gran amor, ya que es necesario amar mucho al hombre para respetar su derecho que limita el nuestro y su libertad que molesta a nuestra libertad. Sin embargo la justicia tiene l\u00edmites, pero la caridad no los conoce<\/em>\u00ab.<\/p>\n<p>Esta exigencia es la que inspir\u00f3 en los a\u00f1os 30 a un Emile Romanet, miembro de una Conferencia de Grenoble, la idea revolucionaria de los subsidios familiares. Fiel a su vocaci\u00f3n vicenciana, como la defini\u00f3 Ozanam, hab\u00eda comprendido que no hab\u00eda caridad digna de ese nombre sin un aut\u00e9ntico paso hacia una mayor equidad. Esto es lo que nos ha recordado el Concilio cuando afirmaba en el Decreto sobre el Apostolado de los Seglares (cap\u00edtulo II &#8211; n\u00ba 8): \u00ab<em>hay que cumplir antes que nada las exigencias de la justicia, para no dar como ayuda de caridad lo que ya se debe por raz\u00f3n de justicia&#8230;.<\/em>\u00bb La Sociedad de San Vicente de Pa\u00fal participa tambi\u00e9n, en la medida que se lo permiten sus medios humanos y materiales y en estrecha colaboraci\u00f3n con los poderes p\u00fablicos o colectividades locales, en el esfuerzo com\u00fan con vistas a remediar las causas de los males sociales y a hacer evolucionar el cuadro institucional.<\/p>\n<h2><strong>Un encuentro personal con los que sufren:<\/strong><\/h2>\n<p>Pero si esta lucha por la justicia social parece primordial a un Vicenciano, no encuentra la plenitud de su vocaci\u00f3n nada m\u00e1s que en el servicio personal, directo y permanente de los m\u00e1s desprovistos, a ejemplo del \u00ab<em>Se\u00f1or Vicente<\/em>\u00bb al que los miembros de las Conferencias eligieron como Santo Patr\u00f3n y que se esforzaban por \u00ab<em>hacer real en su vida<\/em>,<em> como San Vicente lo hab\u00eda realizado, el modelo divino de Jesucristo<\/em>\u00ab.<\/p>\n<p>Sor Rosal\u00eda Rendu, Hija de la Caridad, que ya se hab\u00eda distinguido por su acci\u00f3n, tan eficaz como preventiva, entre los pobres del barrio Mouffetard, comprendi\u00f3 el generoso y ardiente ideal de Ozanam y de sus amigos. Guiada por la inteligencia del coraz\u00f3n, fue ella quien les condujo por los caminos de la Caridad hacia los desheredados entre los que ellos hicieron el aprendizaje del verdadero amor a los pobres.<\/p>\n<p>\u00bfNo fue Pablo VI, que hab\u00eda sido miembro de la Sociedad de San Vicente de Pa\u00fal cuando era estudiante, quien calific\u00f3 a los \u00ab<em>Vicencianos<\/em>\u00bb de \u00ab<em>amigos y servidores de los pobres<\/em>?\u00bb<\/p>\n<h2><strong>Actividades m\u00faltiples en constante adaptaci\u00f3n:<\/strong><\/h2>\n<p>Es en esta perspectiva, como se orienta toda la acci\u00f3n de la Sociedad de San Vicente de Pa\u00fal cerca de aquellos a quienes el mundo hiere, aplasta, a\u00edsla, rechaza, margina:<\/p>\n<ul>\n<li>Obras en favor de la infancia y la juventud.<\/li>\n<li>Escolarizaci\u00f3n. Formaci\u00f3n profesional t\u00e9cnica y agr\u00edcola. Bolsas de estudio.<\/li>\n<li>Iniciativas en favor de las v\u00edctimas del desempleo y de sus familias.<\/li>\n<li>Creaci\u00f3n y b\u00fasqueda de empleos.<\/li>\n<li>Apoyo moral y material a los que se encuentran solos, a las familias en dificultad.<\/li>\n<li>Iniciativas en favor de las madres solteras y mujeres abandonadas.<\/li>\n<li>Actividades en favor de la tercera edad: visitas a domicilio, ayudas a domicilio, clubs, centros de vacaciones, residencias de pensionistas.<\/li>\n<li>Acci\u00f3n sanitaria: visita de enfermos, de disminuidos f\u00edsicos y ps\u00edquicos, ciegos. Asistencia sanitaria a domicilio. Creaci\u00f3n de hospitales, dispensarios, centros m\u00e9dicos.<\/li>\n<li>Asistencia a alcoh\u00f3licos, drogodependientes, a personas afectadas por enfermedades graves.<\/li>\n<li>Visita de prisiones. Asistencia post-penal.<\/li>\n<li>Reinserci\u00f3n social de marginados.<\/li>\n<li>Actividades en favor de las gentes del mar. Hogares de marinos.<\/li>\n<li>Ayuda a ambulantes. \u00c1reas de estacionamiento.<\/li>\n<li>Acogida, orientaci\u00f3n, alfabetizaci\u00f3n de emigrantes, en armon\u00eda con su identidad, su cultura y sus tradiciones.<\/li>\n<li>Programas de alojamiento y mejora del habitat.<\/li>\n<li>Ayuda a la alimentaci\u00f3n.<\/li>\n<li>Proyectos de desarrollo, sobre todo en los sectores agr\u00edcola, de ganader\u00eda y pesca.<\/li>\n<li>Animaci\u00f3n de m\u00e1s de 5.000 programas de hermandad entre equipos de pa\u00edses pr\u00f3speros y desheredados.<\/li>\n<li>Auxilios a refugiados, a ap\u00e1tridas.<\/li>\n<li>Campa\u00f1as de solidaridad.<\/li>\n<li>Animaci\u00f3n cultural. Bibliotecas. Hogares. Ocios. Deportes. Campos de vacaciones.<\/li>\n<li>Consultorios jur\u00eddicos, administrativos y sociales.<\/li>\n<li>Catequesis. Animaci\u00f3n lit\u00fargica. Preparaci\u00f3n al matrimonio.<\/li>\n<\/ul>\n<p>El denominador com\u00fan de todas estas iniciativas, actividades y realizaciones es la preocupaci\u00f3n de dar a los m\u00e1s desorientados, as\u00ed como a los m\u00e1s despose\u00eddos, la escucha, la amistad, el apoyo espiritual, moral y material; restablecerlos en su dignidad, asegurarles la promoci\u00f3n de su persona, devolverles su esperanza y si es posible la alegr\u00eda de vivir.<\/p>\n<h2><strong>Una asociaci\u00f3n de naturaleza eclesial y de car\u00e1cter seglar:<\/strong><\/h2>\n<p>Esta es una de las originalidades de la Sociedad de San Vicente de Pa\u00fal. En efecto, la innovaci\u00f3n, audaz para la \u00e9poca de Ozanam y sus compa\u00f1eros, fue sin duda el haber reivindicado que los destinos de su querida Sociedad, de esencia eclesial, profundamente fiel a la autoridad religiosa, fueran asegurados por laicos que se sintieran plenamente adultos y responsables.<\/p>\n<p>Ciento treinta a\u00f1os antes del Concilio Vaticano II, estos j\u00f3venes presintieron la importancia, si no la necesidad, de un apostolado de los Seglares, din\u00e1mico e imaginativo, en el seno del \u00ab<em>pueblo de Dios<\/em>\u00ab.<\/p>\n<p>Oficialmente reconocida en la Iglesia por los Breves de Gregorio XVI de 10 de Enero y 12 de Agosto de 1845 y confirmada por los Papas sucesivos, la Sociedad de San Vicente de Pa\u00fal siempre ha conservado fielmente su car\u00e1cter seglar, constante esencial de su especificidad.<\/p>\n<h2><strong>Al servicio de la Iglesia y de la Sociedad:<\/strong><\/h2>\n<p>Nacida en el coraz\u00f3n de la Iglesia, la Sociedad de San Vicente de Pa\u00fal est\u00e1 al servicio de la Sociedad. Inspirada por el mensaje evang\u00e9lico, atenta a las ense\u00f1anzas del Magisterio, act\u00faa en el seno de la comunidad humana a la que quiere ayudar a aportar un \u00ab<em>ser mejor<\/em>\u00bb m\u00e1s all\u00e1 de un \u00ab<em>ser m\u00e1s<\/em>\u00ab.<\/p>\n<p>La fe sin las obras \u00bfno es una fe muerta? Es lo que nos recuerdan atinadamente los Padres conciliares en la \u00abGaudium et Spes\u00bb (\u00abLa Iglesia en el mundo de hoy\u00bb &#8211; n\u00ba 43), al exhortar a \u00ab<em>los cristianos, ciudadanos de la ciudad temporal y de la ciudad eterna, a cumplir sus deberes temporales, guiados siempre por el esp\u00edritu evang\u00e9lico. Se equivocan los cristianos que, pretextando que no tenemos aqu\u00ed ciudad permanente, pues buscamos la futura, consideran que pueden descuidar las tareas temporales, sin darse cuenta que la propia fe es un motivo que les obliga al m\u00e1s perfecto cumplimiento de todas ellas seg\u00fan la vocaci\u00f3n personal de cada uno. Pero no es menos grave el error de quienes, por el contrario, piensan que pueden entregarse totalmente a los asuntos temporales, como si \u00e9stos fuesen ajenos del todo a la vida religiosa, pensando que \u00e9sta se reduce meramente a ciertos actos de culto y al cumplimiento de determinadas obligaciones morales. El divorcio entre la fe y la vida diaria de muchos debe ser considerado como uno de los m\u00e1s graves errores de nuestra \u00e9poca<\/em>\u00ab.<\/p>\n<p>Si la Iglesia espera de nosotros un aut\u00e9ntico testimonio de fe y de espiritualidad, ella nos invita igualmente a estar plenamente presentes en este mundo en profunda mutaci\u00f3n que sufre, lucha y que se busca a s\u00ed mismo.<\/p>\n<p>La vocaci\u00f3n de la Sociedad de San Vicente de Pa\u00fal impone a cada uno de sus miembros el deber de insertarse en todos los estamentos humanos en donde se entablan las batallas por un mundo mejor y m\u00e1s justo.<\/p>\n<p>Esto es lo que lleva a un gran n\u00famero de entre ellos a comprometerse, como lo hizo personalmente Ozanam, por la defensa de la causa de los pobres. Uno de los ejemplos m\u00e1s notables fue el de Giorgio La Pira, un gran pensador de la Democracia Cristiana en Italia, antiguo Alcalde de Florencia, que milit\u00f3 apasionadamente en favor de los humildes.<\/p>\n<p>Conscientes de los m\u00faltiples problemas que presentan las diversas formas de pobreza espiritual, moral, cultural, f\u00edsica, ps\u00edquica y material, los Vicencianos se dedican con lucidez a devolver la esperanza a quienes la han perdido, llevando a una humanidad que se interroga y que se busca este \u00ab<em>suplemento de alma<\/em>\u00bb por el que abogaba el gran fil\u00f3sofo espiritualista franc\u00e9s Henri Bergson.<\/p>\n<p>Gracias a una administraci\u00f3n \u00e1gil, poco costosa, reducida a lo esencial, constituida sobre todo de voluntarios, los medios humanos, t\u00e9cnicas y materiales pueden ser r\u00e1pidamente movilizados, puestos en funcionamiento y adaptados a las circunstancias de tiempo y de lugar.<\/p>\n<p>Adem\u00e1s, la existencia de equipos aut\u00f3ctonos en la mayor parte de los pa\u00edses del mundo permite igualmente una gesti\u00f3n lo m\u00e1s racional, econ\u00f3mica y rigurosa posibles, en funci\u00f3n del contexto local.<\/p>\n<p>Esta organizaci\u00f3n y estos m\u00e9todos probaron su valor en el coraz\u00f3n de los dramas humanos y de las cat\u00e1strofes naturales que hieren peri\u00f3dicamente nuestro mundo.<\/p>\n<h2><strong>La vocaci\u00f3n vicenciana: un esfuerzo de unidad de vida:<\/strong><\/h2>\n<p>As\u00ed, la vocaci\u00f3n vicenciana desea ser, en este siglo XX, siglo de la ciencia, de la tecnolog\u00eda y de la eficacia, un humilde pero aut\u00e9ntico testimonio de caridad fraterna y de apertura social.<\/p>\n<p>Ella invita a sus miembros al servicio, a compartir y al don global de s\u00ed: tener &#8211; ser &#8211; saber, a fin de responder mejor a la angustiosa llamada de tantos hombres de nuestro tiempo, no tenidos en cuenta por un progreso que no beneficia a los m\u00e1s d\u00e9biles.<\/p>\n<p>Verdadera escuela social, en particular para los m\u00e1s j\u00f3venes, sensibilisa, a partir de un contacto personal con los m\u00e1s pobres, en relaci\u00f3n con los problemas enormes de nuestro tiempo. El gesto de amor individual, lejos de oscurecer la realidad, abre el coraz\u00f3n y el esp\u00edritu a las dimensiones mundiales del sufrimiento, a las exigencias de la justicia y a los imperativos de la dignidad humana.<\/p>\n<p>La vocaci\u00f3n vicenciana no es una etiqueta artificial. Plenamente asumida, conduce a una unidad de vida fundamental, poniendo de acuerdo pensamiento, palabras y obras. La armon\u00eda entre la fe y las obras al servicio del pr\u00f3jimo, tal es el ideal pacientemente seguido, m\u00e1s all\u00e1 de sus debilidades o sus insuficiencias, por los herederos espirituales de San Vicente y de Federico Ozanam.<\/p>\n<p>Lejos de las candilejas y de los artificios de los medios de comunicaci\u00f3n, pero decididamente encaminados hacia el porvenir, mantienen en lo m\u00e1s profundo de s\u00ed mismos este pensamiento de su fundador:<\/p>\n<p><em> \u00abLa caridad no debe jam\u00e1s mirar atr\u00e1s, sino siempre hacia adelante, porque el n\u00famero de sus buenas acciones pasadas es siempre muy poco y las miserias presentes y futuras que debe aliviar son infinitas\u00bb<\/em>.<\/p>\n","protected":false},"excerpt":{"rendered":"<p>Una intuici\u00f3n prof\u00e9tica: \u00abLo que divide a los hombres de nuestros d\u00edas no es ya una cuesti\u00f3n de formas pol\u00edticas, es una cuesti\u00f3n social, es saber qui\u00e9n vencer\u00e1: el esp\u00edritu de ego\u00edsmo o el esp\u00edritu &#8230; <a href=\"https:\/\/vincentians.com\/es\/presencia-y-actualidad-de-la-sociedad-de-san-vicente-de-paul\/\" class=\"more-link\">Read More<\/a><\/p>\n","protected":false},"author":4,"featured_media":23882,"comment_status":"open","ping_status":"open","sticky":false,"template":"","format":"standard","meta":{"jetpack_post_was_ever_published":false,"_jetpack_newsletter_access":"","_jetpack_dont_email_post_to_subs":false,"_jetpack_newsletter_tier_id":0,"_jetpack_memberships_contains_paywalled_content":false,"_jetpack_memberships_contains_paid_content":false,"footnotes":"","jetpack_publicize_message":"","jetpack_publicize_feature_enabled":true,"jetpack_social_post_already_shared":true,"jetpack_social_options":{"image_generator_settings":{"template":"highway","default_image_id":0,"font":"","enabled":false},"version":2}},"categories":[250],"tags":[164,172],"class_list":["post-26476","post","type-post","status-publish","format-standard","has-post-thumbnail","hentry","category-sociedad-de-san-vicente-de-paul","tag-bailly","tag-pobreza"],"yoast_head":"<!-- This site is optimized with the Yoast SEO plugin v26.3 - https:\/\/yoast.com\/wordpress\/plugins\/seo\/ -->\n<title>Presencia y actualidad de la Sociedad de San Vicente de Pa\u00fal - Somos Vicencianos<\/title>\n<meta name=\"robots\" content=\"index, follow, max-snippet:-1, max-image-preview:large, max-video-preview:-1\" \/>\n<link rel=\"canonical\" href=\"https:\/\/vincentians.com\/es\/presencia-y-actualidad-de-la-sociedad-de-san-vicente-de-paul\/\" \/>\n<meta property=\"og:locale\" content=\"es_ES\" \/>\n<meta property=\"og:type\" content=\"article\" \/>\n<meta property=\"og:title\" content=\"Presencia y actualidad de la Sociedad de San Vicente de Pa\u00fal - Somos Vicencianos\" \/>\n<meta property=\"og:description\" content=\"Una intuici\u00f3n prof\u00e9tica: \u00abLo que divide a los hombres de nuestros d\u00edas no es ya una cuesti\u00f3n de formas pol\u00edticas, es una cuesti\u00f3n social, es saber qui\u00e9n vencer\u00e1: el esp\u00edritu de ego\u00edsmo o el esp\u00edritu ... Read More\" \/>\n<meta property=\"og:url\" content=\"https:\/\/vincentians.com\/es\/presencia-y-actualidad-de-la-sociedad-de-san-vicente-de-paul\/\" \/>\n<meta property=\"og:site_name\" content=\"Somos Vicencianos\" \/>\n<meta property=\"article:publisher\" content=\"https:\/\/www.facebook.com\/WeAreVincentians\/\" \/>\n<meta property=\"article:author\" content=\"https:\/\/www.facebook.com\/JavierChento\" \/>\n<meta property=\"article:published_time\" content=\"2013-08-21T05:03:14+00:00\" \/>\n<meta name=\"author\" content=\"Francisco Javier Fern\u00e1ndez Chento\" \/>\n<meta name=\"twitter:card\" content=\"summary_large_image\" \/>\n<meta name=\"twitter:creator\" content=\"@https:\/\/twitter.com\/javierchento\" \/>\n<meta name=\"twitter:site\" content=\"@WeVincentians\" \/>\n<meta name=\"twitter:label1\" content=\"Escrito por\" \/>\n\t<meta name=\"twitter:data1\" content=\"Francisco Javier Fern\u00e1ndez Chento\" \/>\n\t<meta name=\"twitter:label2\" content=\"Tiempo de lectura\" \/>\n\t<meta name=\"twitter:data2\" content=\"15 minutos\" \/>\n<script type=\"application\/ld+json\" class=\"yoast-schema-graph\">{\"@context\":\"https:\/\/schema.org\",\"@graph\":[{\"@type\":\"Article\",\"@id\":\"https:\/\/vincentians.com\/es\/presencia-y-actualidad-de-la-sociedad-de-san-vicente-de-paul\/#article\",\"isPartOf\":{\"@id\":\"https:\/\/vincentians.com\/es\/presencia-y-actualidad-de-la-sociedad-de-san-vicente-de-paul\/\"},\"author\":{\"name\":\"Francisco Javier Fern\u00e1ndez Chento\",\"@id\":\"http:\/\/vincentians.com\/es\/#\/schema\/person\/9623ef4d9aa3b2dfb8c061f1499288f2\"},\"headline\":\"Presencia y actualidad de la Sociedad de San Vicente de Pa\u00fal\",\"datePublished\":\"2013-08-21T05:03:14+00:00\",\"mainEntityOfPage\":{\"@id\":\"https:\/\/vincentians.com\/es\/presencia-y-actualidad-de-la-sociedad-de-san-vicente-de-paul\/\"},\"wordCount\":2987,\"commentCount\":0,\"publisher\":{\"@id\":\"http:\/\/vincentians.com\/es\/#organization\"},\"image\":{\"@id\":\"https:\/\/vincentians.com\/es\/presencia-y-actualidad-de-la-sociedad-de-san-vicente-de-paul\/#primaryimage\"},\"thumbnailUrl\":\"\",\"keywords\":[\"Bailly\",\"Pobreza\"],\"articleSection\":[\"Sociedad de San Vicente de Pa\u00fal\"],\"inLanguage\":\"es\",\"potentialAction\":[{\"@type\":\"CommentAction\",\"name\":\"Comment\",\"target\":[\"https:\/\/vincentians.com\/es\/presencia-y-actualidad-de-la-sociedad-de-san-vicente-de-paul\/#respond\"]}]},{\"@type\":\"WebPage\",\"@id\":\"https:\/\/vincentians.com\/es\/presencia-y-actualidad-de-la-sociedad-de-san-vicente-de-paul\/\",\"url\":\"https:\/\/vincentians.com\/es\/presencia-y-actualidad-de-la-sociedad-de-san-vicente-de-paul\/\",\"name\":\"Presencia y actualidad de la Sociedad de San Vicente de Pa\u00fal - Somos Vicencianos\",\"isPartOf\":{\"@id\":\"http:\/\/vincentians.com\/es\/#website\"},\"primaryImageOfPage\":{\"@id\":\"https:\/\/vincentians.com\/es\/presencia-y-actualidad-de-la-sociedad-de-san-vicente-de-paul\/#primaryimage\"},\"image\":{\"@id\":\"https:\/\/vincentians.com\/es\/presencia-y-actualidad-de-la-sociedad-de-san-vicente-de-paul\/#primaryimage\"},\"thumbnailUrl\":\"\",\"datePublished\":\"2013-08-21T05:03:14+00:00\",\"breadcrumb\":{\"@id\":\"https:\/\/vincentians.com\/es\/presencia-y-actualidad-de-la-sociedad-de-san-vicente-de-paul\/#breadcrumb\"},\"inLanguage\":\"es\",\"potentialAction\":[{\"@type\":\"ReadAction\",\"target\":[\"https:\/\/vincentians.com\/es\/presencia-y-actualidad-de-la-sociedad-de-san-vicente-de-paul\/\"]}]},{\"@type\":\"ImageObject\",\"inLanguage\":\"es\",\"@id\":\"https:\/\/vincentians.com\/es\/presencia-y-actualidad-de-la-sociedad-de-san-vicente-de-paul\/#primaryimage\",\"url\":\"\",\"contentUrl\":\"\"},{\"@type\":\"BreadcrumbList\",\"@id\":\"https:\/\/vincentians.com\/es\/presencia-y-actualidad-de-la-sociedad-de-san-vicente-de-paul\/#breadcrumb\",\"itemListElement\":[{\"@type\":\"ListItem\",\"position\":1,\"name\":\"Portada\",\"item\":\"http:\/\/vincentians.com\/es\/\"},{\"@type\":\"ListItem\",\"position\":2,\"name\":\"Presencia y actualidad de la Sociedad de San Vicente de Pa\u00fal\"}]},{\"@type\":\"WebSite\",\"@id\":\"http:\/\/vincentians.com\/es\/#website\",\"url\":\"http:\/\/vincentians.com\/es\/\",\"name\":\"Somos Vicencianos\",\"description\":\"Know more to serve more\",\"publisher\":{\"@id\":\"http:\/\/vincentians.com\/es\/#organization\"},\"potentialAction\":[{\"@type\":\"SearchAction\",\"target\":{\"@type\":\"EntryPoint\",\"urlTemplate\":\"http:\/\/vincentians.com\/es\/?s={search_term_string}\"},\"query-input\":{\"@type\":\"PropertyValueSpecification\",\"valueRequired\":true,\"valueName\":\"search_term_string\"}}],\"inLanguage\":\"es\"},{\"@type\":\"Organization\",\"@id\":\"http:\/\/vincentians.com\/es\/#organization\",\"name\":\"The Vincentian Network\",\"url\":\"http:\/\/vincentians.com\/es\/\",\"logo\":{\"@type\":\"ImageObject\",\"inLanguage\":\"es\",\"@id\":\"http:\/\/vincentians.com\/es\/#\/schema\/logo\/image\/\",\"url\":\"https:\/\/i1.wp.com\/vincentians.com\/es\/wp-content\/uploads\/sites\/11\/2016\/06\/Vincentian-Network-logo-big.png?fit=778%2C778\",\"contentUrl\":\"https:\/\/i1.wp.com\/vincentians.com\/es\/wp-content\/uploads\/sites\/11\/2016\/06\/Vincentian-Network-logo-big.png?fit=778%2C778\",\"width\":778,\"height\":778,\"caption\":\"The Vincentian Network\"},\"image\":{\"@id\":\"http:\/\/vincentians.com\/es\/#\/schema\/logo\/image\/\"},\"sameAs\":[\"https:\/\/www.facebook.com\/WeAreVincentians\/\",\"https:\/\/x.com\/WeVincentians\"]},{\"@type\":\"Person\",\"@id\":\"http:\/\/vincentians.com\/es\/#\/schema\/person\/9623ef4d9aa3b2dfb8c061f1499288f2\",\"name\":\"Francisco Javier Fern\u00e1ndez Chento\",\"image\":{\"@type\":\"ImageObject\",\"inLanguage\":\"es\",\"@id\":\"http:\/\/vincentians.com\/es\/#\/schema\/person\/image\/\",\"url\":\"https:\/\/secure.gravatar.com\/avatar\/497d5cde87b4c3d097d0315953521681ba2cd523ee66e5077c3711f7021e65de?s=96&d=mm&r=g\",\"contentUrl\":\"https:\/\/secure.gravatar.com\/avatar\/497d5cde87b4c3d097d0315953521681ba2cd523ee66e5077c3711f7021e65de?s=96&d=mm&r=g\",\"caption\":\"Francisco Javier Fern\u00e1ndez Chento\"},\"description\":\"Director General y cofundador de La Red de Formaci\u00f3n Vicenciana. Javier es laico vicenciano, afiliado a la Congregaci\u00f3n de la Misi\u00f3n y miembro del Equipo de Misiones Populares de la provincia can\u00f3nica de Zaragoza (Espa\u00f1a) de la Congregaci\u00f3n de la Misi\u00f3n. Graduado en la Universidad Oberta de Catalunya con cuatro grados (Asistente de direcci\u00f3n, Gesti\u00f3n Administrativa, Recursos Humanos y Contabilidad Avanzada). Bil\u00edng\u00fce Espa\u00f1ol\/Ingl\u00e9s. gestiona y mantiene varias p\u00e1ginas web cristianas y vicencianas, incluida including La Red de Formaci\u00f3n Vicenciana, de la que es cofundador. Actualmente es responsable del \u00e1rea de Espa\u00f1ol de .famvin, la Red de Noticias de la Familia Vicenciana. Tambi\u00e9n es m\u00fasico cat\u00f3lico y ha editado varios discos. Es Director General y cofundador de Trovador, una reconocida compa\u00f1\u00eda discogr\u00e1fica critiana de Espa\u00f1a. Trabaja en las Tecnolog\u00edas de la Informaci\u00f3n, ofreciendo servicios de alojamiento, dise\u00f1o y mantenimiento Web, as\u00ed como asesoramiento, formaci\u00f3n y soluciones inform\u00e1ticas, gesti\u00f3n documental y digitalizaci\u00f3n de textos, edici\u00f3n y maquetaci\u00f3n de libros, revistas, flyers, etc.\",\"sameAs\":[\"http:\/\/chento.org\",\"https:\/\/www.facebook.com\/JavierChento\",\"https:\/\/x.com\/https:\/\/twitter.com\/javierchento\"],\"url\":\"https:\/\/vincentians.com\/es\/author\/chento\/\"}]}<\/script>\n<!-- \/ Yoast SEO plugin. -->","yoast_head_json":{"title":"Presencia y actualidad de la Sociedad de San Vicente de Pa\u00fal - Somos Vicencianos","robots":{"index":"index","follow":"follow","max-snippet":"max-snippet:-1","max-image-preview":"max-image-preview:large","max-video-preview":"max-video-preview:-1"},"canonical":"https:\/\/vincentians.com\/es\/presencia-y-actualidad-de-la-sociedad-de-san-vicente-de-paul\/","og_locale":"es_ES","og_type":"article","og_title":"Presencia y actualidad de la Sociedad de San Vicente de Pa\u00fal - Somos Vicencianos","og_description":"Una intuici\u00f3n prof\u00e9tica: \u00abLo que divide a los hombres de nuestros d\u00edas no es ya una cuesti\u00f3n de formas pol\u00edticas, es una cuesti\u00f3n social, es saber qui\u00e9n vencer\u00e1: el esp\u00edritu de ego\u00edsmo o el esp\u00edritu ... Read More","og_url":"https:\/\/vincentians.com\/es\/presencia-y-actualidad-de-la-sociedad-de-san-vicente-de-paul\/","og_site_name":"Somos Vicencianos","article_publisher":"https:\/\/www.facebook.com\/WeAreVincentians\/","article_author":"https:\/\/www.facebook.com\/JavierChento","article_published_time":"2013-08-21T05:03:14+00:00","author":"Francisco Javier Fern\u00e1ndez Chento","twitter_card":"summary_large_image","twitter_creator":"@https:\/\/twitter.com\/javierchento","twitter_site":"@WeVincentians","twitter_misc":{"Escrito por":"Francisco Javier Fern\u00e1ndez Chento","Tiempo de lectura":"15 minutos"},"schema":{"@context":"https:\/\/schema.org","@graph":[{"@type":"Article","@id":"https:\/\/vincentians.com\/es\/presencia-y-actualidad-de-la-sociedad-de-san-vicente-de-paul\/#article","isPartOf":{"@id":"https:\/\/vincentians.com\/es\/presencia-y-actualidad-de-la-sociedad-de-san-vicente-de-paul\/"},"author":{"name":"Francisco Javier Fern\u00e1ndez Chento","@id":"http:\/\/vincentians.com\/es\/#\/schema\/person\/9623ef4d9aa3b2dfb8c061f1499288f2"},"headline":"Presencia y actualidad de la Sociedad de San Vicente de Pa\u00fal","datePublished":"2013-08-21T05:03:14+00:00","mainEntityOfPage":{"@id":"https:\/\/vincentians.com\/es\/presencia-y-actualidad-de-la-sociedad-de-san-vicente-de-paul\/"},"wordCount":2987,"commentCount":0,"publisher":{"@id":"http:\/\/vincentians.com\/es\/#organization"},"image":{"@id":"https:\/\/vincentians.com\/es\/presencia-y-actualidad-de-la-sociedad-de-san-vicente-de-paul\/#primaryimage"},"thumbnailUrl":"","keywords":["Bailly","Pobreza"],"articleSection":["Sociedad de San Vicente de Pa\u00fal"],"inLanguage":"es","potentialAction":[{"@type":"CommentAction","name":"Comment","target":["https:\/\/vincentians.com\/es\/presencia-y-actualidad-de-la-sociedad-de-san-vicente-de-paul\/#respond"]}]},{"@type":"WebPage","@id":"https:\/\/vincentians.com\/es\/presencia-y-actualidad-de-la-sociedad-de-san-vicente-de-paul\/","url":"https:\/\/vincentians.com\/es\/presencia-y-actualidad-de-la-sociedad-de-san-vicente-de-paul\/","name":"Presencia y actualidad de la Sociedad de San Vicente de Pa\u00fal - Somos Vicencianos","isPartOf":{"@id":"http:\/\/vincentians.com\/es\/#website"},"primaryImageOfPage":{"@id":"https:\/\/vincentians.com\/es\/presencia-y-actualidad-de-la-sociedad-de-san-vicente-de-paul\/#primaryimage"},"image":{"@id":"https:\/\/vincentians.com\/es\/presencia-y-actualidad-de-la-sociedad-de-san-vicente-de-paul\/#primaryimage"},"thumbnailUrl":"","datePublished":"2013-08-21T05:03:14+00:00","breadcrumb":{"@id":"https:\/\/vincentians.com\/es\/presencia-y-actualidad-de-la-sociedad-de-san-vicente-de-paul\/#breadcrumb"},"inLanguage":"es","potentialAction":[{"@type":"ReadAction","target":["https:\/\/vincentians.com\/es\/presencia-y-actualidad-de-la-sociedad-de-san-vicente-de-paul\/"]}]},{"@type":"ImageObject","inLanguage":"es","@id":"https:\/\/vincentians.com\/es\/presencia-y-actualidad-de-la-sociedad-de-san-vicente-de-paul\/#primaryimage","url":"","contentUrl":""},{"@type":"BreadcrumbList","@id":"https:\/\/vincentians.com\/es\/presencia-y-actualidad-de-la-sociedad-de-san-vicente-de-paul\/#breadcrumb","itemListElement":[{"@type":"ListItem","position":1,"name":"Portada","item":"http:\/\/vincentians.com\/es\/"},{"@type":"ListItem","position":2,"name":"Presencia y actualidad de la Sociedad de San Vicente de Pa\u00fal"}]},{"@type":"WebSite","@id":"http:\/\/vincentians.com\/es\/#website","url":"http:\/\/vincentians.com\/es\/","name":"Somos Vicencianos","description":"Know more to serve more","publisher":{"@id":"http:\/\/vincentians.com\/es\/#organization"},"potentialAction":[{"@type":"SearchAction","target":{"@type":"EntryPoint","urlTemplate":"http:\/\/vincentians.com\/es\/?s={search_term_string}"},"query-input":{"@type":"PropertyValueSpecification","valueRequired":true,"valueName":"search_term_string"}}],"inLanguage":"es"},{"@type":"Organization","@id":"http:\/\/vincentians.com\/es\/#organization","name":"The Vincentian Network","url":"http:\/\/vincentians.com\/es\/","logo":{"@type":"ImageObject","inLanguage":"es","@id":"http:\/\/vincentians.com\/es\/#\/schema\/logo\/image\/","url":"https:\/\/i1.wp.com\/vincentians.com\/es\/wp-content\/uploads\/sites\/11\/2016\/06\/Vincentian-Network-logo-big.png?fit=778%2C778","contentUrl":"https:\/\/i1.wp.com\/vincentians.com\/es\/wp-content\/uploads\/sites\/11\/2016\/06\/Vincentian-Network-logo-big.png?fit=778%2C778","width":778,"height":778,"caption":"The Vincentian Network"},"image":{"@id":"http:\/\/vincentians.com\/es\/#\/schema\/logo\/image\/"},"sameAs":["https:\/\/www.facebook.com\/WeAreVincentians\/","https:\/\/x.com\/WeVincentians"]},{"@type":"Person","@id":"http:\/\/vincentians.com\/es\/#\/schema\/person\/9623ef4d9aa3b2dfb8c061f1499288f2","name":"Francisco Javier Fern\u00e1ndez Chento","image":{"@type":"ImageObject","inLanguage":"es","@id":"http:\/\/vincentians.com\/es\/#\/schema\/person\/image\/","url":"https:\/\/secure.gravatar.com\/avatar\/497d5cde87b4c3d097d0315953521681ba2cd523ee66e5077c3711f7021e65de?s=96&d=mm&r=g","contentUrl":"https:\/\/secure.gravatar.com\/avatar\/497d5cde87b4c3d097d0315953521681ba2cd523ee66e5077c3711f7021e65de?s=96&d=mm&r=g","caption":"Francisco Javier Fern\u00e1ndez Chento"},"description":"Director General y cofundador de La Red de Formaci\u00f3n Vicenciana. Javier es laico vicenciano, afiliado a la Congregaci\u00f3n de la Misi\u00f3n y miembro del Equipo de Misiones Populares de la provincia can\u00f3nica de Zaragoza (Espa\u00f1a) de la Congregaci\u00f3n de la Misi\u00f3n. Graduado en la Universidad Oberta de Catalunya con cuatro grados (Asistente de direcci\u00f3n, Gesti\u00f3n Administrativa, Recursos Humanos y Contabilidad Avanzada). Bil\u00edng\u00fce Espa\u00f1ol\/Ingl\u00e9s. gestiona y mantiene varias p\u00e1ginas web cristianas y vicencianas, incluida including La Red de Formaci\u00f3n Vicenciana, de la que es cofundador. Actualmente es responsable del \u00e1rea de Espa\u00f1ol de .famvin, la Red de Noticias de la Familia Vicenciana. Tambi\u00e9n es m\u00fasico cat\u00f3lico y ha editado varios discos. Es Director General y cofundador de Trovador, una reconocida compa\u00f1\u00eda discogr\u00e1fica critiana de Espa\u00f1a. Trabaja en las Tecnolog\u00edas de la Informaci\u00f3n, ofreciendo servicios de alojamiento, dise\u00f1o y mantenimiento Web, as\u00ed como asesoramiento, formaci\u00f3n y soluciones inform\u00e1ticas, gesti\u00f3n documental y digitalizaci\u00f3n de textos, edici\u00f3n y maquetaci\u00f3n de libros, revistas, flyers, etc.","sameAs":["http:\/\/chento.org","https:\/\/www.facebook.com\/JavierChento","https:\/\/x.com\/https:\/\/twitter.com\/javierchento"],"url":"https:\/\/vincentians.com\/es\/author\/chento\/"}]}},"jetpack_publicize_connections":[],"jetpack_featured_media_url":"","jetpack_sharing_enabled":true,"jetpack_shortlink":"https:\/\/wp.me\/p7ETMF-6T2","jetpack-related-posts":[{"id":123692,"url":"https:\/\/vincentians.com\/es\/federico-ozanam-por-mons-baunard-capitulo-10\/","url_meta":{"origin":26476,"position":0},"title":"Federico Ozanam (por Mons. Baunard): Cap\u00edtulo 10","author":"Francisco Javier Fern\u00e1ndez Chento","date":"01\/09\/2016","format":false,"excerpt":"Cap\u00edtulo X: La conferencia de Lyon Visita a Lamartine.\u2014Or\u00edgenes de la Conferencia de Lyon.\u2014Sus obras.\u2014Opo\u00adsiciones y progresos.\u2014Impulso al Consejo General de la Sociedad. 1836-1838 El regreso de Ozanam a Lyon, despu\u00e9s de cinco a\u00f1os de escuela, colm\u00f3 de felicidad a su familia. El mismo se abandon\u00f3 sin reserva ni medida\u2026","rel":"","context":"En \u00abFederico Ozanam\u00bb","block_context":{"text":"Federico Ozanam","link":"https:\/\/vincentians.com\/es\/category\/la-familia-vicenciana\/fundadores\/federico-ozanam\/"},"img":{"alt_text":"","src":"https:\/\/i0.wp.com\/vincentians.com\/es\/wp-content\/uploads\/sites\/11\/2016\/07\/frederic-ozanam-layman-for-now.jpg?fit=1200%2C630&ssl=1&resize=350%2C200","width":350,"height":200,"srcset":"https:\/\/i0.wp.com\/vincentians.com\/es\/wp-content\/uploads\/sites\/11\/2016\/07\/frederic-ozanam-layman-for-now.jpg?fit=1200%2C630&ssl=1&resize=350%2C200 1x, https:\/\/i0.wp.com\/vincentians.com\/es\/wp-content\/uploads\/sites\/11\/2016\/07\/frederic-ozanam-layman-for-now.jpg?fit=1200%2C630&ssl=1&resize=525%2C300 1.5x, https:\/\/i0.wp.com\/vincentians.com\/es\/wp-content\/uploads\/sites\/11\/2016\/07\/frederic-ozanam-layman-for-now.jpg?fit=1200%2C630&ssl=1&resize=700%2C400 2x, https:\/\/i0.wp.com\/vincentians.com\/es\/wp-content\/uploads\/sites\/11\/2016\/07\/frederic-ozanam-layman-for-now.jpg?fit=1200%2C630&ssl=1&resize=1050%2C600 3x"},"classes":[]},{"id":117335,"url":"https:\/\/vincentians.com\/es\/evangelizar-siguiendo-a-san-vicente\/","url_meta":{"origin":26476,"position":1},"title":"Evangelizar siguiendo a san Vicente","author":"Francisco Javier Fern\u00e1ndez Chento","date":"14\/11\/2018","format":false,"excerpt":"Una de las opciones en Misiones Populares, tal y como lo hacemos los vicencianos, es el trabajo en equipo, que se compone de Consagrados (Pa\u00fales, Hijas de la Caridad, sacerdotes diocesanos\u2026) y Seglares Vicencianos. No lo hacemos as\u00ed por \"moda\", sino que es una de las urgencias en nuestra sociedad\u2026","rel":"","context":"En \u00abFormaci\u00f3n Vicenciana\u00bb","block_context":{"text":"Formaci\u00f3n Vicenciana","link":"https:\/\/vincentians.com\/es\/category\/formacion-vicenciana\/"},"img":{"alt_text":"","src":"https:\/\/i0.wp.com\/vincentians.com\/es\/wp-content\/uploads\/sites\/11\/2016\/09\/sencillos-como-palomas.jpg?fit=1200%2C630&ssl=1&resize=350%2C200","width":350,"height":200,"srcset":"https:\/\/i0.wp.com\/vincentians.com\/es\/wp-content\/uploads\/sites\/11\/2016\/09\/sencillos-como-palomas.jpg?fit=1200%2C630&ssl=1&resize=350%2C200 1x, https:\/\/i0.wp.com\/vincentians.com\/es\/wp-content\/uploads\/sites\/11\/2016\/09\/sencillos-como-palomas.jpg?fit=1200%2C630&ssl=1&resize=525%2C300 1.5x, https:\/\/i0.wp.com\/vincentians.com\/es\/wp-content\/uploads\/sites\/11\/2016\/09\/sencillos-como-palomas.jpg?fit=1200%2C630&ssl=1&resize=700%2C400 2x, https:\/\/i0.wp.com\/vincentians.com\/es\/wp-content\/uploads\/sites\/11\/2016\/09\/sencillos-como-palomas.jpg?fit=1200%2C630&ssl=1&resize=1050%2C600 3x"},"classes":[]},{"id":117965,"url":"https:\/\/vincentians.com\/es\/las-potencias-del-alma-de-la-cm-y-expresion-de-su-espiritu\/","url_meta":{"origin":26476,"position":2},"title":"Las potencias del alma de la CM y expresi\u00f3n de su Esp\u00edritu","author":"Francisco Javier Fern\u00e1ndez Chento","date":"21\/08\/2021","format":false,"excerpt":"LAS POTENCIAS DE ALMA.... En el cultivo y la pr\u00e1ctica de estas virtudes, la Congregaci\u00f3n ha de empe\u00ad\u00f1arse muy cuidadosamente, pues estas cinco virtudes son como las poten\u00adcias del alma de la Congregaci\u00f3n entera, y deben animar las acciones de todos nosotros (RC II, 14). 1) En la historia de\u2026","rel":"","context":"En \u00abFormaci\u00f3n Vicenciana\u00bb","block_context":{"text":"Formaci\u00f3n Vicenciana","link":"https:\/\/vincentians.com\/es\/category\/formacion-vicenciana\/"},"img":{"alt_text":"","src":"https:\/\/i0.wp.com\/vincentians.com\/es\/wp-content\/uploads\/sites\/11\/2017\/04\/vicente-y-eucaristia.jpg?fit=1200%2C630&ssl=1&resize=350%2C200","width":350,"height":200,"srcset":"https:\/\/i0.wp.com\/vincentians.com\/es\/wp-content\/uploads\/sites\/11\/2017\/04\/vicente-y-eucaristia.jpg?fit=1200%2C630&ssl=1&resize=350%2C200 1x, https:\/\/i0.wp.com\/vincentians.com\/es\/wp-content\/uploads\/sites\/11\/2017\/04\/vicente-y-eucaristia.jpg?fit=1200%2C630&ssl=1&resize=525%2C300 1.5x, https:\/\/i0.wp.com\/vincentians.com\/es\/wp-content\/uploads\/sites\/11\/2017\/04\/vicente-y-eucaristia.jpg?fit=1200%2C630&ssl=1&resize=700%2C400 2x, https:\/\/i0.wp.com\/vincentians.com\/es\/wp-content\/uploads\/sites\/11\/2017\/04\/vicente-y-eucaristia.jpg?fit=1200%2C630&ssl=1&resize=1050%2C600 3x"},"classes":[]},{"id":387449,"url":"https:\/\/vincentians.com\/es\/federico-ozanam-1813-1853-i\/","url_meta":{"origin":26476,"position":3},"title":"Federico Ozanam (1813-1853) (I)","author":"Mitxel Olabu\u00e9naga","date":"03\/05\/2016","format":false,"excerpt":"PREFACIO El se\u00f1or Bertrand Cattan\u00e9o dirige con competencia un semanario cat\u00f3lico, el Courrier Franqa\u00eds. Un semanario de acercamiento. Cuando aborda el siglo XIX, su siglo predilecto, el historiador reacciona como el informador. Montalembert, un cat\u00f3lico en pol\u00edtica, Breve vida de Lacorda\u00edre, hoy Federico Ozanam, el bienaventurado nos familiarizan, nos acercan\u2026","rel":"","context":"En \u00abFederico Ozanam\u00bb","block_context":{"text":"Federico Ozanam","link":"https:\/\/vincentians.com\/es\/category\/la-familia-vicenciana\/fundadores\/federico-ozanam\/"},"img":{"alt_text":"","src":"https:\/\/i0.wp.com\/vincentians.com\/es\/wp-content\/uploads\/sites\/11\/2016\/07\/young-ozanam.jpg?fit=1200%2C630&ssl=1&resize=350%2C200","width":350,"height":200,"srcset":"https:\/\/i0.wp.com\/vincentians.com\/es\/wp-content\/uploads\/sites\/11\/2016\/07\/young-ozanam.jpg?fit=1200%2C630&ssl=1&resize=350%2C200 1x, https:\/\/i0.wp.com\/vincentians.com\/es\/wp-content\/uploads\/sites\/11\/2016\/07\/young-ozanam.jpg?fit=1200%2C630&ssl=1&resize=525%2C300 1.5x, https:\/\/i0.wp.com\/vincentians.com\/es\/wp-content\/uploads\/sites\/11\/2016\/07\/young-ozanam.jpg?fit=1200%2C630&ssl=1&resize=700%2C400 2x, https:\/\/i0.wp.com\/vincentians.com\/es\/wp-content\/uploads\/sites\/11\/2016\/07\/young-ozanam.jpg?fit=1200%2C630&ssl=1&resize=1050%2C600 3x"},"classes":[]},{"id":399863,"url":"https:\/\/vincentians.com\/es\/pasado-futuro-del-espiritu-vicenciano\/","url_meta":{"origin":26476,"position":4},"title":"Pasado y futuro del esp\u00edritu vicenciano","author":"Francisco Javier Fern\u00e1ndez Chento","date":"09\/09\/2016","format":false,"excerpt":"Para que mejor se comprenda la intenci\u00f3n y los l\u00edmites de este tra\u00adbajo, se\u00f1alaremos de entrada el tono algo pretencioso del t\u00edtulo. Para empezar, no nos sentimos capacitados para conocer a fondo el pasado del as\u00ed llamado \u00abesp\u00edritu vicenciano\u00bb, ni en su origen fundante (la ex\u00adperiencia de san Vicente), ni\u2026","rel":"","context":"En \u00abEspiritualidad vicenciana\u00bb","block_context":{"text":"Espiritualidad vicenciana","link":"https:\/\/vincentians.com\/es\/category\/espiritualidad\/espiritualidad-vicenciana\/"},"img":{"alt_text":"","src":"https:\/\/i0.wp.com\/vincentians.com\/es\/wp-content\/uploads\/sites\/11\/2016\/09\/vincentian-missionarie.jpg?fit=846%2C444&ssl=1&resize=350%2C200","width":350,"height":200,"srcset":"https:\/\/i0.wp.com\/vincentians.com\/es\/wp-content\/uploads\/sites\/11\/2016\/09\/vincentian-missionarie.jpg?fit=846%2C444&ssl=1&resize=350%2C200 1x, https:\/\/i0.wp.com\/vincentians.com\/es\/wp-content\/uploads\/sites\/11\/2016\/09\/vincentian-missionarie.jpg?fit=846%2C444&ssl=1&resize=525%2C300 1.5x, https:\/\/i0.wp.com\/vincentians.com\/es\/wp-content\/uploads\/sites\/11\/2016\/09\/vincentian-missionarie.jpg?fit=846%2C444&ssl=1&resize=700%2C400 2x"},"classes":[]},{"id":116700,"url":"https:\/\/vincentians.com\/es\/caridad-en-san-vicente-de-paul\/","url_meta":{"origin":26476,"position":5},"title":"Caridad en San Vicente de Pa\u00fal","author":"Francisco Javier Fern\u00e1ndez Chento","date":"26\/10\/2018","format":false,"excerpt":"Introducci\u00f3n Hablar de la caridad en Vicente de Pa\u00fal en esta semana de Estudios Vicencianos significa hacer una \"relectura\" de la misma. Esta relectura implica no una simple exposici\u00f3n de lo que dijo e hizo Vicente de Pa\u00fal referente a la caridad, sino un volver a leer su ense\u00f1anza y\u2026","rel":"","context":"En \u00abFormaci\u00f3n Vicenciana\u00bb","block_context":{"text":"Formaci\u00f3n Vicenciana","link":"https:\/\/vincentians.com\/es\/category\/formacion-vicenciana\/"},"img":{"alt_text":"","src":"https:\/\/i0.wp.com\/vincentians.com\/es\/wp-content\/uploads\/sites\/11\/2017\/07\/San-Vicente-7.jpg?fit=600%2C416&ssl=1&resize=350%2C200","width":350,"height":200,"srcset":"https:\/\/i0.wp.com\/vincentians.com\/es\/wp-content\/uploads\/sites\/11\/2017\/07\/San-Vicente-7.jpg?fit=600%2C416&ssl=1&resize=350%2C200 1x, https:\/\/i0.wp.com\/vincentians.com\/es\/wp-content\/uploads\/sites\/11\/2017\/07\/San-Vicente-7.jpg?fit=600%2C416&ssl=1&resize=525%2C300 1.5x"},"classes":[]}],"_links":{"self":[{"href":"https:\/\/vincentians.com\/es\/wp-json\/wp\/v2\/posts\/26476","targetHints":{"allow":["GET"]}}],"collection":[{"href":"https:\/\/vincentians.com\/es\/wp-json\/wp\/v2\/posts"}],"about":[{"href":"https:\/\/vincentians.com\/es\/wp-json\/wp\/v2\/types\/post"}],"author":[{"embeddable":true,"href":"https:\/\/vincentians.com\/es\/wp-json\/wp\/v2\/users\/4"}],"replies":[{"embeddable":true,"href":"https:\/\/vincentians.com\/es\/wp-json\/wp\/v2\/comments?post=26476"}],"version-history":[{"count":0,"href":"https:\/\/vincentians.com\/es\/wp-json\/wp\/v2\/posts\/26476\/revisions"}],"wp:featuredmedia":[{"embeddable":true,"href":"https:\/\/vincentians.com\/es\/wp-json\/"}],"wp:attachment":[{"href":"https:\/\/vincentians.com\/es\/wp-json\/wp\/v2\/media?parent=26476"}],"wp:term":[{"taxonomy":"category","embeddable":true,"href":"https:\/\/vincentians.com\/es\/wp-json\/wp\/v2\/categories?post=26476"},{"taxonomy":"post_tag","embeddable":true,"href":"https:\/\/vincentians.com\/es\/wp-json\/wp\/v2\/tags?post=26476"}],"curies":[{"name":"wp","href":"https:\/\/api.w.org\/{rel}","templated":true}]}}