{"id":25197,"date":"2016-10-01T00:09:37","date_gmt":"2016-09-30T22:09:37","guid":{"rendered":"http:\/\/somos.vicencianos.org\/blog\/2010\/10\/01\/tal-dia-como-hoy-1-de-octubre\/"},"modified":"2016-07-24T08:48:00","modified_gmt":"2016-07-24T06:48:00","slug":"tal-dia-como-hoy-1-de-octubre","status":"publish","type":"post","link":"https:\/\/vincentians.com\/es\/tal-dia-como-hoy-1-de-octubre\/","title":{"rendered":"Tal d\u00eda como hoy: 1 de octubre"},"content":{"rendered":"<p><strong>1638.<\/strong> Vicente de Pa\u00fal entrega a Luisa de Marillac el dinero necesario para el viaje de B\u00e1rbara Angiboust y Luisa Ganset, que, solicitadas por los misioneros, parten hacia Richelieu. Se trata de la primera fundaci\u00f3n lejos de Par\u00eds, lo que inquieta a Luisa. Una carta de Vicente la reconforta: \u00abRezo a Nuestro Se\u00f1or para que d\u00e9 su santa bendici\u00f3n a nuestras queridas hermanas y las haga part\u00edcipes del esp\u00edritu que dio a las santas damas que le acompa\u00f1aron y cooperaron con \u00e9l en la asistencia a los pobres enfermos y en la instrucci\u00f3n de los ni\u00f1os. \u00a1Por Dios, Se\u00f1orita, que dicha para estas buenas muchachas, irse a continuar la caridad que Nuestro Se\u00f1or realizaba en la tierra, all\u00ed a donde van!<\/p>\n<p><strong>1649.<\/strong> Conferencia de Vicente de Pa\u00fal a los misioneros pa\u00fales sobre las virtudes del hermano Sim\u00f3n Busson, que hab\u00eda fallecido el 6 \u00f3 7 de septiembre anterior, con unos veintid\u00f3s a\u00f1os de edad y alrededor de un a\u00f1o y medio despu\u00e9s de entrar en la Congregaci\u00f3n de la Misi\u00f3n.<\/p>\n<p><strong>1651.<\/strong> Luisa de Marillac escribe a sor Juliana Loret, que desde Chars le ha enviado unos frutos: \u00abAlabo a Dios de todo coraz\u00f3n por su buena salud y admiro sus buenos y bellos frutos, pero, mi querida Hermana, le pido que no maltrate a sus Pobres: mire bien sus necesidades para darles lo mejor que tenga ya que es de ellos. Pienso, mi querida hermana, que no fallar\u00e1\u00bb.<\/p>\n<p><strong>1660.<\/strong> El nuncio en Par\u00eds, Mons. Celio Piccolomini, anuncia a la Secretar\u00eda de Estado que \u00abEl martes muri\u00f3 el padre Vicente de Pa\u00fal, superior de los sacerdotes de la Misi\u00f3n, hombre de un grand\u00edsimo m\u00e9rito y estima por las se\u00f1aladas obras de piedad que ha hecho\u00bb.<\/p>\n<p><strong>1794.<\/strong> En la isla de Aix, en la desembocadura del r\u00edo Charente, muere el misionero pa\u00fal Nicol\u00e1s Parisot. Hace catorce a\u00f1os que entr\u00f3 en la Congregaci\u00f3n. Destinado en el seminario de Metz, se niega a prestar los juramentos exigidos por la legislaci\u00f3n revolucionaria, siendo detenido y condenado. Junto con otros doce sacerdotes es recluido en la bodega de un viejo barco en la que ya est\u00e1n amontonados unos ciento cincuenta eclesi\u00e1sticos. All\u00ed muere a causa de las condiciones miserables y la mala alimentaci\u00f3n.<\/p>\n<p><strong>1934.<\/strong> La guerra entre Paraguay y Bolivia requiere una gran dedicaci\u00f3n de la Hijas de la Caridad en los hospitales de Paraguay.<\/p>\n<p><strong>1950.<\/strong> En Laroque, di\u00f3cesis de Montpellier, se inaugura un monumento en honor del misionero pa\u00fal Fernando Portal (Laroque 1855 &#8211; Par\u00eds 1926), propulsor y propagador de los movimientos por la uni\u00f3n de las Iglesias. El proyecto, que hab\u00eda sido anunciado por Mons. Calvet, ha contado para su financiaci\u00f3n con las aportaciones de los disc\u00edpulos del homenajeado, tanto del clero como de la universidad.<\/p>\n<p><strong>1951.<\/strong> Aterrizan en el aeropuerto de Montreal dos hijas de la Caridad que van a dirigir el \u00abHogar para matrimonios de ancianos\u00bb, versi\u00f3n moderna de los Peque\u00f1os Hogares establecidos en Par\u00eds por Vicente de Pa\u00fal. Montreal es la cuarta casa de la que las Hijas se encargan desde su llegada a Canad\u00e1 en 1948.<\/p>\n","protected":false},"excerpt":{"rendered":"<p>1638. Vicente de Pa\u00fal entrega a Luisa de Marillac el dinero necesario para el viaje de B\u00e1rbara Angiboust y Luisa Ganset, que, solicitadas por los misioneros, parten hacia Richelieu. Se trata de la primera fundaci\u00f3n &#8230; <a href=\"https:\/\/vincentians.com\/es\/tal-dia-como-hoy-1-de-octubre\/\" class=\"more-link\">Read More<\/a><\/p>\n","protected":false},"author":4,"featured_media":149897,"comment_status":"open","ping_status":"open","sticky":false,"template":"","format":"standard","meta":{"jetpack_post_was_ever_published":false,"_jetpack_newsletter_access":"","_jetpack_dont_email_post_to_subs":false,"_jetpack_newsletter_tier_id":0,"_jetpack_memberships_contains_paywalled_content":false,"_jetpack_memberships_contains_paid_content":false,"footnotes":"","jetpack_publicize_message":"","jetpack_publicize_feature_enabled":true,"jetpack_social_post_already_shared":true,"jetpack_social_options":{"image_generator_settings":{"template":"highway","default_image_id":0,"font":"","enabled":false},"version":2}},"categories":[60],"tags":[228],"class_list":["post-25197","post","type-post","status-publish","format-standard","has-post-thumbnail","hentry","category-efemerides-vicencianas","tag-calvet"],"yoast_head":"<!-- This site is optimized with the Yoast SEO plugin v26.3 - https:\/\/yoast.com\/wordpress\/plugins\/seo\/ -->\n<title>Tal d\u00eda como hoy: 1 de octubre - Somos Vicencianos<\/title>\n<meta name=\"robots\" content=\"index, follow, max-snippet:-1, max-image-preview:large, max-video-preview:-1\" \/>\n<link rel=\"canonical\" href=\"https:\/\/vincentians.com\/es\/tal-dia-como-hoy-1-de-octubre\/\" \/>\n<meta property=\"og:locale\" content=\"es_ES\" \/>\n<meta property=\"og:type\" content=\"article\" \/>\n<meta property=\"og:title\" content=\"Tal d\u00eda como hoy: 1 de octubre - Somos Vicencianos\" \/>\n<meta property=\"og:description\" content=\"1638. Vicente de Pa\u00fal entrega a Luisa de Marillac el dinero necesario para el viaje de B\u00e1rbara Angiboust y Luisa Ganset, que, solicitadas por los misioneros, parten hacia Richelieu. Se trata de la primera fundaci\u00f3n ... Read More\" \/>\n<meta property=\"og:url\" content=\"https:\/\/vincentians.com\/es\/tal-dia-como-hoy-1-de-octubre\/\" \/>\n<meta property=\"og:site_name\" content=\"Somos Vicencianos\" \/>\n<meta property=\"article:publisher\" content=\"https:\/\/www.facebook.com\/WeAreVincentians\/\" \/>\n<meta property=\"article:author\" content=\"https:\/\/www.facebook.com\/JavierChento\" \/>\n<meta property=\"article:published_time\" content=\"2016-09-30T22:09:37+00:00\" \/>\n<meta property=\"og:image\" content=\"https:\/\/i0.wp.com\/vincentians.com\/es\/wp-content\/uploads\/sites\/11\/2016\/07\/ephemerides-fb.jpg?fit=1200%2C630&ssl=1\" \/>\n\t<meta property=\"og:image:width\" content=\"1200\" \/>\n\t<meta property=\"og:image:height\" content=\"630\" \/>\n\t<meta property=\"og:image:type\" content=\"image\/jpeg\" \/>\n<meta name=\"author\" content=\"Francisco Javier Fern\u00e1ndez Chento\" \/>\n<meta name=\"twitter:card\" content=\"summary_large_image\" \/>\n<meta name=\"twitter:creator\" content=\"@https:\/\/twitter.com\/javierchento\" \/>\n<meta name=\"twitter:site\" content=\"@WeVincentians\" \/>\n<meta name=\"twitter:label1\" content=\"Escrito por\" \/>\n\t<meta name=\"twitter:data1\" content=\"Francisco Javier Fern\u00e1ndez Chento\" \/>\n\t<meta name=\"twitter:label2\" content=\"Tiempo de lectura\" \/>\n\t<meta name=\"twitter:data2\" content=\"3 minutos\" \/>\n<script type=\"application\/ld+json\" class=\"yoast-schema-graph\">{\"@context\":\"https:\/\/schema.org\",\"@graph\":[{\"@type\":\"Article\",\"@id\":\"https:\/\/vincentians.com\/es\/tal-dia-como-hoy-1-de-octubre\/#article\",\"isPartOf\":{\"@id\":\"https:\/\/vincentians.com\/es\/tal-dia-como-hoy-1-de-octubre\/\"},\"author\":{\"name\":\"Francisco Javier Fern\u00e1ndez Chento\",\"@id\":\"http:\/\/vincentians.com\/es\/#\/schema\/person\/9623ef4d9aa3b2dfb8c061f1499288f2\"},\"headline\":\"Tal d\u00eda como hoy: 1 de octubre\",\"datePublished\":\"2016-09-30T22:09:37+00:00\",\"mainEntityOfPage\":{\"@id\":\"https:\/\/vincentians.com\/es\/tal-dia-como-hoy-1-de-octubre\/\"},\"wordCount\":551,\"commentCount\":0,\"publisher\":{\"@id\":\"http:\/\/vincentians.com\/es\/#organization\"},\"image\":{\"@id\":\"https:\/\/vincentians.com\/es\/tal-dia-como-hoy-1-de-octubre\/#primaryimage\"},\"thumbnailUrl\":\"https:\/\/i0.wp.com\/vincentians.com\/es\/wp-content\/uploads\/sites\/11\/2016\/07\/ephemerides-fb.jpg?fit=1200%2C630&ssl=1\",\"keywords\":[\"Calvet\"],\"articleSection\":[\"Efem\u00e9rides Vicencianas\"],\"inLanguage\":\"es\",\"potentialAction\":[{\"@type\":\"CommentAction\",\"name\":\"Comment\",\"target\":[\"https:\/\/vincentians.com\/es\/tal-dia-como-hoy-1-de-octubre\/#respond\"]}]},{\"@type\":\"WebPage\",\"@id\":\"https:\/\/vincentians.com\/es\/tal-dia-como-hoy-1-de-octubre\/\",\"url\":\"https:\/\/vincentians.com\/es\/tal-dia-como-hoy-1-de-octubre\/\",\"name\":\"Tal d\u00eda como hoy: 1 de octubre - Somos Vicencianos\",\"isPartOf\":{\"@id\":\"http:\/\/vincentians.com\/es\/#website\"},\"primaryImageOfPage\":{\"@id\":\"https:\/\/vincentians.com\/es\/tal-dia-como-hoy-1-de-octubre\/#primaryimage\"},\"image\":{\"@id\":\"https:\/\/vincentians.com\/es\/tal-dia-como-hoy-1-de-octubre\/#primaryimage\"},\"thumbnailUrl\":\"https:\/\/i0.wp.com\/vincentians.com\/es\/wp-content\/uploads\/sites\/11\/2016\/07\/ephemerides-fb.jpg?fit=1200%2C630&ssl=1\",\"datePublished\":\"2016-09-30T22:09:37+00:00\",\"breadcrumb\":{\"@id\":\"https:\/\/vincentians.com\/es\/tal-dia-como-hoy-1-de-octubre\/#breadcrumb\"},\"inLanguage\":\"es\",\"potentialAction\":[{\"@type\":\"ReadAction\",\"target\":[\"https:\/\/vincentians.com\/es\/tal-dia-como-hoy-1-de-octubre\/\"]}]},{\"@type\":\"ImageObject\",\"inLanguage\":\"es\",\"@id\":\"https:\/\/vincentians.com\/es\/tal-dia-como-hoy-1-de-octubre\/#primaryimage\",\"url\":\"https:\/\/i0.wp.com\/vincentians.com\/es\/wp-content\/uploads\/sites\/11\/2016\/07\/ephemerides-fb.jpg?fit=1200%2C630&ssl=1\",\"contentUrl\":\"https:\/\/i0.wp.com\/vincentians.com\/es\/wp-content\/uploads\/sites\/11\/2016\/07\/ephemerides-fb.jpg?fit=1200%2C630&ssl=1\",\"width\":1200,\"height\":630},{\"@type\":\"BreadcrumbList\",\"@id\":\"https:\/\/vincentians.com\/es\/tal-dia-como-hoy-1-de-octubre\/#breadcrumb\",\"itemListElement\":[{\"@type\":\"ListItem\",\"position\":1,\"name\":\"Portada\",\"item\":\"http:\/\/vincentians.com\/es\/\"},{\"@type\":\"ListItem\",\"position\":2,\"name\":\"Tal d\u00eda como hoy: 1 de octubre\"}]},{\"@type\":\"WebSite\",\"@id\":\"http:\/\/vincentians.com\/es\/#website\",\"url\":\"http:\/\/vincentians.com\/es\/\",\"name\":\"Somos Vicencianos\",\"description\":\"Know more to serve more\",\"publisher\":{\"@id\":\"http:\/\/vincentians.com\/es\/#organization\"},\"potentialAction\":[{\"@type\":\"SearchAction\",\"target\":{\"@type\":\"EntryPoint\",\"urlTemplate\":\"http:\/\/vincentians.com\/es\/?s={search_term_string}\"},\"query-input\":{\"@type\":\"PropertyValueSpecification\",\"valueRequired\":true,\"valueName\":\"search_term_string\"}}],\"inLanguage\":\"es\"},{\"@type\":\"Organization\",\"@id\":\"http:\/\/vincentians.com\/es\/#organization\",\"name\":\"The Vincentian Network\",\"url\":\"http:\/\/vincentians.com\/es\/\",\"logo\":{\"@type\":\"ImageObject\",\"inLanguage\":\"es\",\"@id\":\"http:\/\/vincentians.com\/es\/#\/schema\/logo\/image\/\",\"url\":\"https:\/\/i1.wp.com\/vincentians.com\/es\/wp-content\/uploads\/sites\/11\/2016\/06\/Vincentian-Network-logo-big.png?fit=778%2C778\",\"contentUrl\":\"https:\/\/i1.wp.com\/vincentians.com\/es\/wp-content\/uploads\/sites\/11\/2016\/06\/Vincentian-Network-logo-big.png?fit=778%2C778\",\"width\":778,\"height\":778,\"caption\":\"The Vincentian Network\"},\"image\":{\"@id\":\"http:\/\/vincentians.com\/es\/#\/schema\/logo\/image\/\"},\"sameAs\":[\"https:\/\/www.facebook.com\/WeAreVincentians\/\",\"https:\/\/x.com\/WeVincentians\"]},{\"@type\":\"Person\",\"@id\":\"http:\/\/vincentians.com\/es\/#\/schema\/person\/9623ef4d9aa3b2dfb8c061f1499288f2\",\"name\":\"Francisco Javier Fern\u00e1ndez Chento\",\"image\":{\"@type\":\"ImageObject\",\"inLanguage\":\"es\",\"@id\":\"http:\/\/vincentians.com\/es\/#\/schema\/person\/image\/\",\"url\":\"https:\/\/secure.gravatar.com\/avatar\/497d5cde87b4c3d097d0315953521681ba2cd523ee66e5077c3711f7021e65de?s=96&d=mm&r=g\",\"contentUrl\":\"https:\/\/secure.gravatar.com\/avatar\/497d5cde87b4c3d097d0315953521681ba2cd523ee66e5077c3711f7021e65de?s=96&d=mm&r=g\",\"caption\":\"Francisco Javier Fern\u00e1ndez Chento\"},\"description\":\"Director General y cofundador de La Red de Formaci\u00f3n Vicenciana. Javier es laico vicenciano, afiliado a la Congregaci\u00f3n de la Misi\u00f3n y miembro del Equipo de Misiones Populares de la provincia can\u00f3nica de Zaragoza (Espa\u00f1a) de la Congregaci\u00f3n de la Misi\u00f3n. Graduado en la Universidad Oberta de Catalunya con cuatro grados (Asistente de direcci\u00f3n, Gesti\u00f3n Administrativa, Recursos Humanos y Contabilidad Avanzada). Bil\u00edng\u00fce Espa\u00f1ol\/Ingl\u00e9s. gestiona y mantiene varias p\u00e1ginas web cristianas y vicencianas, incluida including La Red de Formaci\u00f3n Vicenciana, de la que es cofundador. Actualmente es responsable del \u00e1rea de Espa\u00f1ol de .famvin, la Red de Noticias de la Familia Vicenciana. Tambi\u00e9n es m\u00fasico cat\u00f3lico y ha editado varios discos. Es Director General y cofundador de Trovador, una reconocida compa\u00f1\u00eda discogr\u00e1fica critiana de Espa\u00f1a. Trabaja en las Tecnolog\u00edas de la Informaci\u00f3n, ofreciendo servicios de alojamiento, dise\u00f1o y mantenimiento Web, as\u00ed como asesoramiento, formaci\u00f3n y soluciones inform\u00e1ticas, gesti\u00f3n documental y digitalizaci\u00f3n de textos, edici\u00f3n y maquetaci\u00f3n de libros, revistas, flyers, etc.\",\"sameAs\":[\"http:\/\/chento.org\",\"https:\/\/www.facebook.com\/JavierChento\",\"https:\/\/x.com\/https:\/\/twitter.com\/javierchento\"],\"url\":\"https:\/\/vincentians.com\/es\/author\/chento\/\"}]}<\/script>\n<!-- \/ Yoast SEO plugin. -->","yoast_head_json":{"title":"Tal d\u00eda como hoy: 1 de octubre - Somos Vicencianos","robots":{"index":"index","follow":"follow","max-snippet":"max-snippet:-1","max-image-preview":"max-image-preview:large","max-video-preview":"max-video-preview:-1"},"canonical":"https:\/\/vincentians.com\/es\/tal-dia-como-hoy-1-de-octubre\/","og_locale":"es_ES","og_type":"article","og_title":"Tal d\u00eda como hoy: 1 de octubre - Somos Vicencianos","og_description":"1638. Vicente de Pa\u00fal entrega a Luisa de Marillac el dinero necesario para el viaje de B\u00e1rbara Angiboust y Luisa Ganset, que, solicitadas por los misioneros, parten hacia Richelieu. Se trata de la primera fundaci\u00f3n ... Read More","og_url":"https:\/\/vincentians.com\/es\/tal-dia-como-hoy-1-de-octubre\/","og_site_name":"Somos Vicencianos","article_publisher":"https:\/\/www.facebook.com\/WeAreVincentians\/","article_author":"https:\/\/www.facebook.com\/JavierChento","article_published_time":"2016-09-30T22:09:37+00:00","og_image":[{"width":1200,"height":630,"url":"https:\/\/i0.wp.com\/vincentians.com\/es\/wp-content\/uploads\/sites\/11\/2016\/07\/ephemerides-fb.jpg?fit=1200%2C630&ssl=1","type":"image\/jpeg"}],"author":"Francisco Javier Fern\u00e1ndez Chento","twitter_card":"summary_large_image","twitter_creator":"@https:\/\/twitter.com\/javierchento","twitter_site":"@WeVincentians","twitter_misc":{"Escrito por":"Francisco Javier Fern\u00e1ndez Chento","Tiempo de lectura":"3 minutos"},"schema":{"@context":"https:\/\/schema.org","@graph":[{"@type":"Article","@id":"https:\/\/vincentians.com\/es\/tal-dia-como-hoy-1-de-octubre\/#article","isPartOf":{"@id":"https:\/\/vincentians.com\/es\/tal-dia-como-hoy-1-de-octubre\/"},"author":{"name":"Francisco Javier Fern\u00e1ndez Chento","@id":"http:\/\/vincentians.com\/es\/#\/schema\/person\/9623ef4d9aa3b2dfb8c061f1499288f2"},"headline":"Tal d\u00eda como hoy: 1 de octubre","datePublished":"2016-09-30T22:09:37+00:00","mainEntityOfPage":{"@id":"https:\/\/vincentians.com\/es\/tal-dia-como-hoy-1-de-octubre\/"},"wordCount":551,"commentCount":0,"publisher":{"@id":"http:\/\/vincentians.com\/es\/#organization"},"image":{"@id":"https:\/\/vincentians.com\/es\/tal-dia-como-hoy-1-de-octubre\/#primaryimage"},"thumbnailUrl":"https:\/\/i0.wp.com\/vincentians.com\/es\/wp-content\/uploads\/sites\/11\/2016\/07\/ephemerides-fb.jpg?fit=1200%2C630&ssl=1","keywords":["Calvet"],"articleSection":["Efem\u00e9rides Vicencianas"],"inLanguage":"es","potentialAction":[{"@type":"CommentAction","name":"Comment","target":["https:\/\/vincentians.com\/es\/tal-dia-como-hoy-1-de-octubre\/#respond"]}]},{"@type":"WebPage","@id":"https:\/\/vincentians.com\/es\/tal-dia-como-hoy-1-de-octubre\/","url":"https:\/\/vincentians.com\/es\/tal-dia-como-hoy-1-de-octubre\/","name":"Tal d\u00eda como hoy: 1 de octubre - Somos Vicencianos","isPartOf":{"@id":"http:\/\/vincentians.com\/es\/#website"},"primaryImageOfPage":{"@id":"https:\/\/vincentians.com\/es\/tal-dia-como-hoy-1-de-octubre\/#primaryimage"},"image":{"@id":"https:\/\/vincentians.com\/es\/tal-dia-como-hoy-1-de-octubre\/#primaryimage"},"thumbnailUrl":"https:\/\/i0.wp.com\/vincentians.com\/es\/wp-content\/uploads\/sites\/11\/2016\/07\/ephemerides-fb.jpg?fit=1200%2C630&ssl=1","datePublished":"2016-09-30T22:09:37+00:00","breadcrumb":{"@id":"https:\/\/vincentians.com\/es\/tal-dia-como-hoy-1-de-octubre\/#breadcrumb"},"inLanguage":"es","potentialAction":[{"@type":"ReadAction","target":["https:\/\/vincentians.com\/es\/tal-dia-como-hoy-1-de-octubre\/"]}]},{"@type":"ImageObject","inLanguage":"es","@id":"https:\/\/vincentians.com\/es\/tal-dia-como-hoy-1-de-octubre\/#primaryimage","url":"https:\/\/i0.wp.com\/vincentians.com\/es\/wp-content\/uploads\/sites\/11\/2016\/07\/ephemerides-fb.jpg?fit=1200%2C630&ssl=1","contentUrl":"https:\/\/i0.wp.com\/vincentians.com\/es\/wp-content\/uploads\/sites\/11\/2016\/07\/ephemerides-fb.jpg?fit=1200%2C630&ssl=1","width":1200,"height":630},{"@type":"BreadcrumbList","@id":"https:\/\/vincentians.com\/es\/tal-dia-como-hoy-1-de-octubre\/#breadcrumb","itemListElement":[{"@type":"ListItem","position":1,"name":"Portada","item":"http:\/\/vincentians.com\/es\/"},{"@type":"ListItem","position":2,"name":"Tal d\u00eda como hoy: 1 de octubre"}]},{"@type":"WebSite","@id":"http:\/\/vincentians.com\/es\/#website","url":"http:\/\/vincentians.com\/es\/","name":"Somos Vicencianos","description":"Know more to serve more","publisher":{"@id":"http:\/\/vincentians.com\/es\/#organization"},"potentialAction":[{"@type":"SearchAction","target":{"@type":"EntryPoint","urlTemplate":"http:\/\/vincentians.com\/es\/?s={search_term_string}"},"query-input":{"@type":"PropertyValueSpecification","valueRequired":true,"valueName":"search_term_string"}}],"inLanguage":"es"},{"@type":"Organization","@id":"http:\/\/vincentians.com\/es\/#organization","name":"The Vincentian Network","url":"http:\/\/vincentians.com\/es\/","logo":{"@type":"ImageObject","inLanguage":"es","@id":"http:\/\/vincentians.com\/es\/#\/schema\/logo\/image\/","url":"https:\/\/i1.wp.com\/vincentians.com\/es\/wp-content\/uploads\/sites\/11\/2016\/06\/Vincentian-Network-logo-big.png?fit=778%2C778","contentUrl":"https:\/\/i1.wp.com\/vincentians.com\/es\/wp-content\/uploads\/sites\/11\/2016\/06\/Vincentian-Network-logo-big.png?fit=778%2C778","width":778,"height":778,"caption":"The Vincentian Network"},"image":{"@id":"http:\/\/vincentians.com\/es\/#\/schema\/logo\/image\/"},"sameAs":["https:\/\/www.facebook.com\/WeAreVincentians\/","https:\/\/x.com\/WeVincentians"]},{"@type":"Person","@id":"http:\/\/vincentians.com\/es\/#\/schema\/person\/9623ef4d9aa3b2dfb8c061f1499288f2","name":"Francisco Javier Fern\u00e1ndez Chento","image":{"@type":"ImageObject","inLanguage":"es","@id":"http:\/\/vincentians.com\/es\/#\/schema\/person\/image\/","url":"https:\/\/secure.gravatar.com\/avatar\/497d5cde87b4c3d097d0315953521681ba2cd523ee66e5077c3711f7021e65de?s=96&d=mm&r=g","contentUrl":"https:\/\/secure.gravatar.com\/avatar\/497d5cde87b4c3d097d0315953521681ba2cd523ee66e5077c3711f7021e65de?s=96&d=mm&r=g","caption":"Francisco Javier Fern\u00e1ndez Chento"},"description":"Director General y cofundador de La Red de Formaci\u00f3n Vicenciana. Javier es laico vicenciano, afiliado a la Congregaci\u00f3n de la Misi\u00f3n y miembro del Equipo de Misiones Populares de la provincia can\u00f3nica de Zaragoza (Espa\u00f1a) de la Congregaci\u00f3n de la Misi\u00f3n. Graduado en la Universidad Oberta de Catalunya con cuatro grados (Asistente de direcci\u00f3n, Gesti\u00f3n Administrativa, Recursos Humanos y Contabilidad Avanzada). Bil\u00edng\u00fce Espa\u00f1ol\/Ingl\u00e9s. gestiona y mantiene varias p\u00e1ginas web cristianas y vicencianas, incluida including La Red de Formaci\u00f3n Vicenciana, de la que es cofundador. Actualmente es responsable del \u00e1rea de Espa\u00f1ol de .famvin, la Red de Noticias de la Familia Vicenciana. Tambi\u00e9n es m\u00fasico cat\u00f3lico y ha editado varios discos. Es Director General y cofundador de Trovador, una reconocida compa\u00f1\u00eda discogr\u00e1fica critiana de Espa\u00f1a. Trabaja en las Tecnolog\u00edas de la Informaci\u00f3n, ofreciendo servicios de alojamiento, dise\u00f1o y mantenimiento Web, as\u00ed como asesoramiento, formaci\u00f3n y soluciones inform\u00e1ticas, gesti\u00f3n documental y digitalizaci\u00f3n de textos, edici\u00f3n y maquetaci\u00f3n de libros, revistas, flyers, etc.","sameAs":["http:\/\/chento.org","https:\/\/www.facebook.com\/JavierChento","https:\/\/x.com\/https:\/\/twitter.com\/javierchento"],"url":"https:\/\/vincentians.com\/es\/author\/chento\/"}]}},"jetpack_publicize_connections":[],"jetpack_featured_media_url":"https:\/\/i0.wp.com\/vincentians.com\/es\/wp-content\/uploads\/sites\/11\/2016\/07\/ephemerides-fb.jpg?fit=1200%2C630&ssl=1","jetpack_sharing_enabled":true,"jetpack_shortlink":"https:\/\/wp.me\/p7ETMF-6yp","jetpack-related-posts":[{"id":124199,"url":"https:\/\/vincentians.com\/es\/vicente-de-paul-espiritu-y-formacion\/","url_meta":{"origin":25197,"position":0},"title":"Vicente de Pa\u00fal: Esp\u00edritu y formaci\u00f3n","author":"Francisco Javier Fern\u00e1ndez Chento","date":"09\/03\/2023","format":false,"excerpt":"De todos los carismas del P. Vicente, el m\u00e1s importante era su capacidad de promover el crecimiento espiritual de los dem\u00e1s, de dirigirles y de aconsejarles usando su gran capacidad de escuchar atentamente. Adquiri\u00f3 la destreza en la direcci\u00f3n de esp\u00edritus por experiencia de su propia direcci\u00f3n, con gu\u00edas tales\u2026","rel":"","context":"En \u00abVicente de Pa\u00fal\u00bb","block_context":{"text":"Vicente de Pa\u00fal","link":"https:\/\/vincentians.com\/es\/category\/la-familia-vicenciana\/fundadores\/vicente-de-paul\/"},"img":{"alt_text":"","src":"https:\/\/i0.wp.com\/vincentians.com\/es\/wp-content\/uploads\/sites\/11\/2013\/04\/hijas-caridaqd.jpg?fit=1200%2C675&ssl=1&resize=350%2C200","width":350,"height":200,"srcset":"https:\/\/i0.wp.com\/vincentians.com\/es\/wp-content\/uploads\/sites\/11\/2013\/04\/hijas-caridaqd.jpg?fit=1200%2C675&ssl=1&resize=350%2C200 1x, https:\/\/i0.wp.com\/vincentians.com\/es\/wp-content\/uploads\/sites\/11\/2013\/04\/hijas-caridaqd.jpg?fit=1200%2C675&ssl=1&resize=525%2C300 1.5x, https:\/\/i0.wp.com\/vincentians.com\/es\/wp-content\/uploads\/sites\/11\/2013\/04\/hijas-caridaqd.jpg?fit=1200%2C675&ssl=1&resize=700%2C400 2x, https:\/\/i0.wp.com\/vincentians.com\/es\/wp-content\/uploads\/sites\/11\/2013\/04\/hijas-caridaqd.jpg?fit=1200%2C675&ssl=1&resize=1050%2C600 3x"},"classes":[]},{"id":124208,"url":"https:\/\/vincentians.com\/es\/vicente-de-paul-el-ocaso\/","url_meta":{"origin":25197,"position":1},"title":"Vicente de Pa\u00fal: El ocaso","author":"Francisco Javier Fern\u00e1ndez Chento","date":"27\/03\/2023","format":false,"excerpt":"As\u00ed como la misi\u00f3n de Madagascar fue el calvario para la Congregaci\u00f3n de la Misi\u00f3n, el calvario personal del P. Vicente comenz\u00f3 un poco m\u00e1s tarde. Desde el a\u00f1o 1656 estuvo enfermo sin recuperarse del todo ya nunca m\u00e1s. En 1658 sufri\u00f3 un accidente de carroza recibiendo una herida en\u2026","rel":"","context":"En \u00abVicente de Pa\u00fal\u00bb","block_context":{"text":"Vicente de Pa\u00fal","link":"https:\/\/vincentians.com\/es\/category\/la-familia-vicenciana\/fundadores\/vicente-de-paul\/"},"img":{"alt_text":"","src":"https:\/\/i0.wp.com\/vincentians.com\/es\/wp-content\/uploads\/sites\/11\/2013\/04\/e-3.jpg?fit=976%2C570&ssl=1&resize=350%2C200","width":350,"height":200,"srcset":"https:\/\/i0.wp.com\/vincentians.com\/es\/wp-content\/uploads\/sites\/11\/2013\/04\/e-3.jpg?fit=976%2C570&ssl=1&resize=350%2C200 1x, https:\/\/i0.wp.com\/vincentians.com\/es\/wp-content\/uploads\/sites\/11\/2013\/04\/e-3.jpg?fit=976%2C570&ssl=1&resize=525%2C300 1.5x, https:\/\/i0.wp.com\/vincentians.com\/es\/wp-content\/uploads\/sites\/11\/2013\/04\/e-3.jpg?fit=976%2C570&ssl=1&resize=700%2C400 2x"},"classes":[]},{"id":129146,"url":"https:\/\/vincentians.com\/es\/la-aprobacion-frustrada-de-la-compania\/","url_meta":{"origin":25197,"position":2},"title":"La aprobaci\u00f3n frustrada de la Compa\u00f1\u00eda","author":"Francisco Javier Fern\u00e1ndez Chento","date":"21\/06\/2025","format":false,"excerpt":"Los antecedentes Desde 1636, y con m\u00e1s realidad desde 1639, las Hijas de la Caridad ten\u00edan una exis\u00adtencia aut\u00f3noma y, en el gobierno de la Compa\u00f1\u00eda, eran independientes de hecho de las se\u00ad\u00f1oras de las Caridades. Desde 1640, los fundadores hab\u00edan ido dando a la Compa\u00f1\u00eda una organizaci\u00f3n y unas\u2026","rel":"","context":"En \u00abFormaci\u00f3n Vicenciana\u00bb","block_context":{"text":"Formaci\u00f3n Vicenciana","link":"https:\/\/vincentians.com\/es\/category\/formacion-vicenciana\/"},"img":{"alt_text":"","src":"https:\/\/i0.wp.com\/vincentians.com\/es\/wp-content\/uploads\/sites\/11\/2016\/10\/ranquines.jpg?fit=1200%2C630&ssl=1&resize=350%2C200","width":350,"height":200,"srcset":"https:\/\/i0.wp.com\/vincentians.com\/es\/wp-content\/uploads\/sites\/11\/2016\/10\/ranquines.jpg?fit=1200%2C630&ssl=1&resize=350%2C200 1x, https:\/\/i0.wp.com\/vincentians.com\/es\/wp-content\/uploads\/sites\/11\/2016\/10\/ranquines.jpg?fit=1200%2C630&ssl=1&resize=525%2C300 1.5x, https:\/\/i0.wp.com\/vincentians.com\/es\/wp-content\/uploads\/sites\/11\/2016\/10\/ranquines.jpg?fit=1200%2C630&ssl=1&resize=700%2C400 2x, https:\/\/i0.wp.com\/vincentians.com\/es\/wp-content\/uploads\/sites\/11\/2016\/10\/ranquines.jpg?fit=1200%2C630&ssl=1&resize=1050%2C600 3x"},"classes":[]},{"id":387671,"url":"https:\/\/vincentians.com\/es\/la-direccion-de-la-compania-2\/","url_meta":{"origin":25197,"position":3},"title":"La direcci\u00f3n de la Compa\u00f1\u00eda","author":"Mitxel Olabu\u00e9naga","date":"20\/04\/2016","format":false,"excerpt":"De nuevo, en Par\u00eds El 24 de febrero, Luisa se puso en camino hacia Par\u00eds. Trayecto pesado y largo de va\u00adrios d\u00edas. El se\u00f1or Abad de Vaux le prest\u00f3 su carroza; Luisa estaba d\u00e9bil y quer\u00eda seguir los consejos que le hab\u00eda dado el se\u00f1or Vicente de no volver por\u2026","rel":"","context":"En \u00abHistoria de las Hijas de la Caridad\u00bb","block_context":{"text":"Historia de las Hijas de la Caridad","link":"https:\/\/vincentians.com\/es\/category\/historia-de-la-familia-vicenciana\/historia-de-las-hijas-de-la-caridad\/"},"img":{"alt_text":"Hijas de la Caridad","src":"https:\/\/i0.wp.com\/vicencianos.org\/wp-content\/uploads\/2016\/04\/Hijas-de-la-Caridad-300x225.jpg?resize=350%2C200","width":350,"height":200},"classes":[]},{"id":127029,"url":"https:\/\/vincentians.com\/es\/la-direccion-de-la-compania\/","url_meta":{"origin":25197,"position":4},"title":"La direcci\u00f3n de la Compa\u00f1\u00eda","author":"Mitxel Olabu\u00e9naga","date":"12\/01\/2024","format":false,"excerpt":"De nuevo, en Par\u00eds El 24 de febrero, Luisa se puso en camino hacia Par\u00eds. Trayecto pesado y largo de va\u00adrios d\u00edas. El se\u00f1or Abad de Vaux le prest\u00f3 su carroza; Luisa estaba d\u00e9bil y quer\u00eda seguir los consejos que le hab\u00eda dado el se\u00f1or Vicente de no volver por\u2026","rel":"","context":"En \u00abHistoria de las Hijas de la Caridad\u00bb","block_context":{"text":"Historia de las Hijas de la Caridad","link":"https:\/\/vincentians.com\/es\/category\/historia-de-la-familia-vicenciana\/historia-de-las-hijas-de-la-caridad\/"},"img":{"alt_text":"","src":"https:\/\/i0.wp.com\/vincentians.com\/es\/wp-content\/uploads\/sites\/11\/2013\/04\/hijas-caridaqd.jpg?fit=1200%2C675&ssl=1&resize=350%2C200","width":350,"height":200,"srcset":"https:\/\/i0.wp.com\/vincentians.com\/es\/wp-content\/uploads\/sites\/11\/2013\/04\/hijas-caridaqd.jpg?fit=1200%2C675&ssl=1&resize=350%2C200 1x, https:\/\/i0.wp.com\/vincentians.com\/es\/wp-content\/uploads\/sites\/11\/2013\/04\/hijas-caridaqd.jpg?fit=1200%2C675&ssl=1&resize=525%2C300 1.5x, https:\/\/i0.wp.com\/vincentians.com\/es\/wp-content\/uploads\/sites\/11\/2013\/04\/hijas-caridaqd.jpg?fit=1200%2C675&ssl=1&resize=700%2C400 2x, https:\/\/i0.wp.com\/vincentians.com\/es\/wp-content\/uploads\/sites\/11\/2013\/04\/hijas-caridaqd.jpg?fit=1200%2C675&ssl=1&resize=1050%2C600 3x"},"classes":[]},{"id":130030,"url":"https:\/\/vincentians.com\/es\/el-final-santa-luisa\/","url_meta":{"origin":25197,"position":5},"title":"El final (Santa Luisa)","author":"Francisco Javier Fern\u00e1ndez Chento","date":"26\/03\/2014","format":false,"excerpt":"Desprendimiento amoroso \"A la tarde, te examinar\u00e1n en el amor. Aprende a amar como Dios quiere ser amado y deja tu condici\u00f3n\", dijo San Juan de la Cruz. Luisa hab\u00eda llegado ya a ese atardecer y sab\u00eda que iba a ser examinada en el amor, en sus cuatro amores: en\u2026","rel":"","context":"En \u00abFormaci\u00f3n Vicenciana\u00bb","block_context":{"text":"Formaci\u00f3n Vicenciana","link":"https:\/\/vincentians.com\/es\/category\/formacion-vicenciana\/"},"img":{"alt_text":"cartel","src":"https:\/\/i0.wp.com\/vicencianos.org\/wp-content\/2014\/02\/cartel.jpg?resize=350%2C200","width":350,"height":200},"classes":[]}],"_links":{"self":[{"href":"https:\/\/vincentians.com\/es\/wp-json\/wp\/v2\/posts\/25197","targetHints":{"allow":["GET"]}}],"collection":[{"href":"https:\/\/vincentians.com\/es\/wp-json\/wp\/v2\/posts"}],"about":[{"href":"https:\/\/vincentians.com\/es\/wp-json\/wp\/v2\/types\/post"}],"author":[{"embeddable":true,"href":"https:\/\/vincentians.com\/es\/wp-json\/wp\/v2\/users\/4"}],"replies":[{"embeddable":true,"href":"https:\/\/vincentians.com\/es\/wp-json\/wp\/v2\/comments?post=25197"}],"version-history":[{"count":0,"href":"https:\/\/vincentians.com\/es\/wp-json\/wp\/v2\/posts\/25197\/revisions"}],"wp:featuredmedia":[{"embeddable":true,"href":"https:\/\/vincentians.com\/es\/wp-json\/wp\/v2\/media\/149897"}],"wp:attachment":[{"href":"https:\/\/vincentians.com\/es\/wp-json\/wp\/v2\/media?parent=25197"}],"wp:term":[{"taxonomy":"category","embeddable":true,"href":"https:\/\/vincentians.com\/es\/wp-json\/wp\/v2\/categories?post=25197"},{"taxonomy":"post_tag","embeddable":true,"href":"https:\/\/vincentians.com\/es\/wp-json\/wp\/v2\/tags?post=25197"}],"curies":[{"name":"wp","href":"https:\/\/api.w.org\/{rel}","templated":true}]}}