{"id":25147,"date":"2013-08-02T15:57:52","date_gmt":"2013-08-02T13:57:52","guid":{"rendered":"http:\/\/somos.vicencianos.org\/?p=25147"},"modified":"2016-07-27T12:13:07","modified_gmt":"2016-07-27T10:13:07","slug":"el-carisma-vicenciano-de-nuestro-apostolado-en-la-mision-de-tanzania","status":"publish","type":"post","link":"https:\/\/vincentians.com\/es\/el-carisma-vicenciano-de-nuestro-apostolado-en-la-mision-de-tanzania\/","title":{"rendered":"El carisma vicenciano de nuestro apostolado en la Misi\u00f3n de Tanzania"},"content":{"rendered":"<div id=\"attachment_25153\" style=\"width: 239px\" class=\"wp-caption alignright\"><a href=\"https:\/\/i0.wp.com\/vicencianos.org\/wp-content\/2010\/12\/tanzania_children_h.jpg\"><img data-recalc-dims=\"1\" loading=\"lazy\" decoding=\"async\" aria-describedby=\"caption-attachment-25153\" class=\"size-medium wp-image-25153\" title=\"Ni\u00f1os de Tanzania\" alt=\"Ni\u00f1os de Tanzania\" src=\"https:\/\/i0.wp.com\/vicencianos.org\/wp-content\/2010\/12\/tanzania_children_h-229x300.jpg?resize=229%2C300\" width=\"229\" height=\"300\" \/><\/a><p id=\"caption-attachment-25153\" class=\"wp-caption-text\">Ni\u00f1os de Tanzania<\/p><\/div>\n<p>La Misi\u00f3n Internacional de Tanzania comenz\u00f3 como respuesta a la petici\u00f3n de la Asamblea General de 1992 para abrir nuevas misiones de la Congregaci\u00f3n. Hoy han pasado ocho a\u00f1os y medio desde que los PP. Richard Kehoe y Chacko Panathara, los dos miembros del equipo pionero, llegaron a este territorio de Tanzania. La tierra africana ha recibido la semilla vicenciana desde los tiempos del Fundador y desde entonces este brote ha crecido en muchas partes del Continente comenzando por Madagascar. Pero Tanzania de alg\u00fan modo permanec\u00eda intocable para la Peque\u00f1a Compa\u00f1\u00eda hasta el 22 de septiembre de 1993. Con el acuerdo entre la Curia General y la Provincia de India-Sur, esta Misi\u00f3n va por la segunda fase de su desarrollo. Como pionero de la Misi\u00f3n, me gustar\u00eda presentar una visi\u00f3n general sobre sus caracter\u00edsticas vicencianas.<\/p>\n<h2><strong>1. Evaluaci\u00f3n de la Misi\u00f3n<\/strong><\/h2>\n<p>Seg\u00fan nuestro Fundador, cuatro son los elementos evaluativos de una misi\u00f3n o de su apostolado: las necesidades, los hechos, la obediencia y la oraci\u00f3n.<span id='easy-footnote-1-25147' class='easy-footnote-margin-adjust'><\/span><span class='easy-footnote'><a href='https:\/\/vincentians.com\/es\/el-carisma-vicenciano-de-nuestro-apostolado-en-la-mision-de-tanzania\/#easy-footnote-bottom-1-25147' title='Slawson, Douglas, C.M., \u00abVincent\u2019s Discernment of His Own Vocation and of the Congregation\u00bb.'><sup>1<\/sup><\/a><\/span> San Vicente lo refiere todo a la imitaci\u00f3n de Cristo, haciendo la voluntad de Dios, como lo indica en las Reglas Comunes.<span id='easy-footnote-2-25147' class='easy-footnote-margin-adjust'><\/span><span class='easy-footnote'><a href='https:\/\/vincentians.com\/es\/el-carisma-vicenciano-de-nuestro-apostolado-en-la-mision-de-tanzania\/#easy-footnote-bottom-2-25147' title='Cf. Reglas Comunes II, 3; ver tambi\u00e9n la conferencia: \u00abSobre la conformidad con la voluntad de Dios\u00bb, del 15 de octubre de 1655 (SV XI, 313 \/ ES XI, 208-210).'><sup>2<\/sup><\/a><\/span>\n<p>En el caso particular de esta Misi\u00f3n, har\u00e9 una reflexi\u00f3n sobre los cuatro elementos en esta forma:<\/p>\n<p><strong>Necesidades: <\/strong>hubo una petici\u00f3n a la Peque\u00f1a Compa\u00f1\u00eda desde Tanzania en 1980, de parte de las Hermanas de la Merced de San Vicente de Pa\u00fal, fundadas en Untermarchtal, Alemania, y establecidas en Tanzania en la Di\u00f3cesis de Mbinga.<\/p>\n<p><strong>Acontecimientos: <\/strong>la Asamblea General de 1992, con su tema: \u00abNueva Evangelizaci\u00f3n, Hombres Nuevos, Comunidades Renovadas\u00bb,<span id='easy-footnote-3-25147' class='easy-footnote-margin-adjust'><\/span><span class='easy-footnote'><a href='https:\/\/vincentians.com\/es\/el-carisma-vicenciano-de-nuestro-apostolado-en-la-mision-de-tanzania\/#easy-footnote-bottom-3-25147' title='En &lt;em&gt;Vincentiana&lt;\/em&gt; 36 (1992) 271-537.'><sup>3<\/sup><\/a><\/span> fue un acontecimiento que abri\u00f3 nuevas perspectivas de evangelizaci\u00f3n para la Congregaci\u00f3n.<\/p>\n<p><strong>Obediencia: <\/strong>Las \u00abMisiones ad Gentes\u00bb de la Congregaci\u00f3n fueron una respuesta obediente a la <span style=\"text-decoration: underline\">llamada del Papa Misionero,<\/span> \u00abEvangelizaci\u00f3n 2000\u00bb.<\/p>\n<p><strong>Oraci\u00f3n:<\/strong> La Congregaci\u00f3n como familia, unida en oraci\u00f3n durante la Asamblea General, hizo este compromiso por las misiones \u00abAd Gentes\u00bb.<span id='easy-footnote-4-25147' class='easy-footnote-margin-adjust'><\/span><span class='easy-footnote'><a href='https:\/\/vincentians.com\/es\/el-carisma-vicenciano-de-nuestro-apostolado-en-la-mision-de-tanzania\/#easy-footnote-bottom-4-25147' title='Cf. Robert P. Maloney, \u00abMis esperanzas para la Congregaci\u00f3n durante los pr\u00f3ximos cinco a\u00f1os\u00bb, 1993.'><sup>4<\/sup><\/a><\/span>\n<p>Este apostolado es la manifestaci\u00f3n de la opci\u00f3n primordial por el pobre de parte de la Congregaci\u00f3n que fue hecha repetidamente en la Asamblea de 1992,<span id='easy-footnote-5-25147' class='easy-footnote-margin-adjust'><\/span><span class='easy-footnote'><a href='https:\/\/vincentians.com\/es\/el-carisma-vicenciano-de-nuestro-apostolado-en-la-mision-de-tanzania\/#easy-footnote-bottom-5-25147' title='C 12,1\u00ba.'><sup>5<\/sup><\/a><\/span> y que est\u00e1 dicho en nuestras Constituciones: &#8230; \u00abevangelizar a los pobres, sobre todo a los m\u00e1s abandonados\u00bb.<span id='easy-footnote-6-25147' class='easy-footnote-margin-adjust'><\/span><span class='easy-footnote'><a href='https:\/\/vincentians.com\/es\/el-carisma-vicenciano-de-nuestro-apostolado-en-la-mision-de-tanzania\/#easy-footnote-bottom-6-25147' title='C 1,2\u00ba.'><sup>6<\/sup><\/a><\/span>\n<p>Mpepai era un puesto misionero del tiempo de los misioneros alemanes y permanec\u00eda como tal y no como parroquia ya que no hab\u00eda sacerdote que pudiera atender permanentemente una regi\u00f3n y una gente que est\u00e1 abandonada, es lejana y donde el trabajo es dif\u00edcil.<span id='easy-footnote-7-25147' class='easy-footnote-margin-adjust'><\/span><span class='easy-footnote'><a href='https:\/\/vincentians.com\/es\/el-carisma-vicenciano-de-nuestro-apostolado-en-la-mision-de-tanzania\/#easy-footnote-bottom-7-25147' title='Cf. Robert P. Maloney, \u00abLitterae Superioris Generalis: To Vincentians throughout the world\u00bb, del 1 de octubre de 1994: en &lt;em&gt;Vincentiana&lt;\/em&gt; 38 (1994) 191-196.'><sup>7<\/sup><\/a><\/span> Ahora, de acuerdo con nuestro carisma y las caracter\u00edsticas de la misi\u00f3n, Mpepai es la primera parroquia de los Vicencianos en Tanzania. Esta opci\u00f3n es un reto y pide una \u00abinculturaci\u00f3n\u00bb y conversi\u00f3n al estilo de vida del pobre, dando testimonio de Jes\u00fas, Evangelizador de los Pobres.<\/p>\n<p><em>Esta misi\u00f3n tiene car\u00e1cter misionero,<\/em> reflejando claramente las caracter\u00edsticas indicadas por el P. General en esta conferencia al CIF.<span id='easy-footnote-8-25147' class='easy-footnote-margin-adjust'><\/span><span class='easy-footnote'><a href='https:\/\/vincentians.com\/es\/el-carisma-vicenciano-de-nuestro-apostolado-en-la-mision-de-tanzania\/#easy-footnote-bottom-8-25147' title='Cf. Robert P. Maloney, presentaci\u00f3n en el CIF: \u00abSer Misionero Hoy\u00bb, del 22 de octubre de 1994.'><sup>8<\/sup><\/a><\/span>\n<p><strong>Internacional: <\/strong>Esta misi\u00f3n, al ser una respuesta a la proclama a favor de las misiones extranjeras de la Congregaci\u00f3n, mantendr\u00e1 su distintivo internacional con puertas abiertas a los miembros de la Familia Vicenciana de todos los confines del mundo para seguir a Jes\u00fas, Evangelizador de los Pobres.<\/p>\n<p><strong>Una evangelizaci\u00f3n itinerante: <\/strong>Esta misi\u00f3n ha dado aliento a la presencia vicenciana en \u00c1frica del Este. Y con mucho m\u00e1s que un esfuerzo consciente de colaboraci\u00f3n entre las ramas de la Familia Vicenciana presentes en estas regiones, esta misi\u00f3n puede tomar el liderato de una evangelizaci\u00f3n itinerante, \u00abcon fuego en el coraz\u00f3n para llevar la Buena Nueva.\u00bb\u00a0<span id='easy-footnote-9-25147' class='easy-footnote-margin-adjust'><\/span><span class='easy-footnote'><a href='https:\/\/vincentians.com\/es\/el-carisma-vicenciano-de-nuestro-apostolado-en-la-mision-de-tanzania\/#easy-footnote-bottom-9-25147' title='Ib\u00edd.'><sup>9<\/sup><\/a><\/span>\n<p><strong>Aprender lenguas: <\/strong>El difunto Julius Kambarage Nyerere, moderno Padre de la Patria tanzana, ha unido a las tribus beligerantes bajo la fresca sombra de una sola cultura. Una cultura apoyada en una sola lengua, el <em>Swahili.<\/em> Aprender la lengua y la cultura del pueblo tiene prioridad en la preparaci\u00f3n de misioneros para esta Misi\u00f3n.<\/p>\n<p><strong>\u00abInculturaci\u00f3n\u00bb: <\/strong>Tanzania y su gente son bastante ricas en cultura y costumbres. Sin embargo la religi\u00f3n Cat\u00f3lica tra\u00edda por los occidentales hace casi cien a\u00f1os a\u00fan permanece como algo \u00aboccidental\u00bb. Quiz\u00e1 un avance de \u00abinculturaci\u00f3n\u00bb en la liturgia, en la forma de vida, en la ense\u00f1anza, podr\u00eda ser un reto para dirigir nuestros esfuerzos y nuestra energ\u00eda hacia un ministerio valioso en esta misi\u00f3n.<\/p>\n<p><strong>Ser creativos, alegres y sociables: <\/strong>Para servir mejor a la gente tenemos que conocer sus necesidades. Para conocer sus necesidades hemos de estar en contacto permanente con ellos. Los misioneros, en acuerdo con la comunidad, hacen programas para su ministerio pastoral que les mantienen en contacto permanente y efectivo con la gente. De esta manera dise\u00f1amos nuestro trabajo en un ambiente y alegre y sociable y a trav\u00e9s de medios eficientes<\/p>\n<p>El \u00abPrograma Patrocinador de Protecci\u00f3n Infantil Internacional\u00bb, que funciona en nuestras cuatro lugares de trabajo (Mpepai, Mbinga, Mbangamao y Bombambilli), est\u00e1 ayudando a casi 150 familias muy pobres y necesitadas en la educaci\u00f3n de sus hijos y el progreso de estas mismas familias. Escuelas infantiles para los ni\u00f1os pobres son uno de los ministerios en los que participamos usando medios creativos y creando un ambiente alegre y sociable.<\/p>\n<p><strong>Evangelizaci\u00f3n es liberaci\u00f3n: <\/strong>Se trata de una liberaci\u00f3n de todas las formas de opresi\u00f3n y pobreza, ya sea econ\u00f3mica, psicol\u00f3gica o intelectual. Para conseguir todo esto, los misioneros est\u00e1n convencidos de que nuestra gente tiene la fuerza y la habilidad para conseguirlo. La gente de Bombambilli, uno de nuestros puestos vicencianos, particip\u00f3 en un a\u00f1o con casi siete millones de chelines tanzanos para construir un campanario y una gruta a la Medalla Milagrosa, que hubiera sido impensable y s\u00f3lo un sue\u00f1o hace unos a\u00f1os. Como dijo Norbert Mtega, Arzobispo de Songea: \u00abeste campanario y esta gruta son extraordinarios, no s\u00f3lo por la construcci\u00f3n, sino por ser un signo de la fuerza y de la habilidad de nuestra gente\u00bb.<span id='easy-footnote-10-25147' class='easy-footnote-margin-adjust'><\/span><span class='easy-footnote'><a href='https:\/\/vincentians.com\/es\/el-carisma-vicenciano-de-nuestro-apostolado-en-la-mision-de-tanzania\/#easy-footnote-bottom-10-25147' title='Discurso del Arzobispo en la bendici\u00f3n: 9 de diciembre de 2001.'><sup>10<\/sup><\/a><\/span> Una muestra del cambio de la situaci\u00f3n en que estaban aletargados durante mucho tiempo. Ha sido un ejemplo a imitar para que los pueblos y parroquias vecinas se ayuden a s\u00ed mismos y a la Iglesia.<\/p>\n<p><strong>Oraci\u00f3n Com\u00fan: <\/strong>Llamados a ser Cartujos en casa y ap\u00f3stoles fuera, los misioneros, aunque viven solos en sus lugares de ministerio pastoral por raz\u00f3n de falta de personal, se esfuerzan en reunirse una vez cada tres meses para orar, meditar juntos, reflexionar y ayudarse en comunidad.<\/p>\n<p>De esta manera creo que est\u00e1 reflejado el car\u00e1cter misionero de esta misi\u00f3n en l\u00ednea con el pensamiento del P. Maloney, nuestro Superior General.<span id='easy-footnote-11-25147' class='easy-footnote-margin-adjust'><\/span><span class='easy-footnote'><a href='https:\/\/vincentians.com\/es\/el-carisma-vicenciano-de-nuestro-apostolado-en-la-mision-de-tanzania\/#easy-footnote-bottom-11-25147' title='Cf. Robert P. Maloney, presentaci\u00f3n en el CIF, \u00abSer Misionero Hoy\u00bb, del 22 de octubre de 1994.'><sup>11<\/sup><\/a><\/span>\n<h2><strong>2. La formaci\u00f3n del clero<\/strong><\/h2>\n<p>La formaci\u00f3n del clero es un ministerio \u00abque ya desde los or\u00edgenes se cuenta entre las actividades de la Congregaci\u00f3n\u00bb.<span id='easy-footnote-12-25147' class='easy-footnote-margin-adjust'><\/span><span class='easy-footnote'><a href='https:\/\/vincentians.com\/es\/el-carisma-vicenciano-de-nuestro-apostolado-en-la-mision-de-tanzania\/#easy-footnote-bottom-12-25147' title='C 15.'><sup>12<\/sup><\/a><\/span> Este hecho est\u00e1 indicado en la 38 Asamblea General de la C.M., cuando habla de su compromiso de dar un puesto privilegiado a la formaci\u00f3n de los sacerdotes<span id='easy-footnote-13-25147' class='easy-footnote-margin-adjust'><\/span><span class='easy-footnote'><a href='https:\/\/vincentians.com\/es\/el-carisma-vicenciano-de-nuestro-apostolado-en-la-mision-de-tanzania\/#easy-footnote-bottom-13-25147' title='\u00abCarta a los Cohermanos\u00bb, Roma, 25 de julio de 1992, apartado \u00abNueva Evangelizaci\u00f3n\u00bb, N\u00ba 3: en &lt;em&gt;Vincentiana&lt;\/em&gt; 36 (1992) 385.'><sup>13<\/sup><\/a><\/span> y cuando habla tambi\u00e9n de las nuevas misiones que han sido aceptadas en las Islas Salom\u00f3n y Tanzania, las cuales tienen la posibilidad de participar en programas de formaci\u00f3n, como expres\u00f3 el P. Maloney en sus expectativas para la Congregaci\u00f3n en los pr\u00f3ximos cinco a\u00f1os. En Tanzania, este acontecimiento impuls\u00f3 desde el principio a los misioneros a trabajar en la promoci\u00f3n vocacional y la formaci\u00f3n de nuestros candidatos nativos para la misi\u00f3n. Vimos que la Iglesia en Tanzania no es ya una Iglesia de misioneros sino m\u00e1s bien una Iglesia misionera, o una Iglesia de candidatos nativos que en comunidad con nosotros ser\u00e1n testigos cre\u00edbles para la Iglesia de Tanzania. Hoy tenemos cinco candidatos, cuatro para Sacerdotes y uno para Hermano.<\/p>\n<h2><strong>3. Colaboraci\u00f3n con miembros de la Familia Vicenciana<\/strong><\/h2>\n<p>La presencia de la Congregaci\u00f3n de las Hermanas de la Misericordia de San Vicente de Pa\u00fal, que aprecian y mantienen el esp\u00edritu y carisma de San Vicente, es otra realidad vicenciana de la Misi\u00f3n de Tanzania. Nuestra colaboraci\u00f3n con ellas est\u00e1 en consonancia con nuestras Constituciones<span id='easy-footnote-14-25147' class='easy-footnote-margin-adjust'><\/span><span class='easy-footnote'><a href='https:\/\/vincentians.com\/es\/el-carisma-vicenciano-de-nuestro-apostolado-en-la-mision-de-tanzania\/#easy-footnote-bottom-14-25147' title='Cf. C 1,3\u00ba: formaci\u00f3n del laicado, y C 17: direcci\u00f3n de las Hijas de la Caridad.'><sup>14<\/sup><\/a><\/span> y as\u00ed lo establece la 39a. Asamblea General en su Documento Final: \u00abLa Congregaci\u00f3n de la Misi\u00f3n, junto con la Familia Vicenciana, contin\u00faa haciendo que esta profec\u00eda de Isa\u00edas, que es lema de su misi\u00f3n, llegue a ser una realidad hoy, en el umbral del nuevo milenio\u00bb.<span id='easy-footnote-15-25147' class='easy-footnote-margin-adjust'><\/span><span class='easy-footnote'><a href='https:\/\/vincentians.com\/es\/el-carisma-vicenciano-de-nuestro-apostolado-en-la-mision-de-tanzania\/#easy-footnote-bottom-15-25147' title='En &lt;em&gt;Vincentiana&lt;\/em&gt; 42 (1998) 386.'><sup>15<\/sup><\/a><\/span> Como Familia Vicenciana, las Hermanas de la Misericordia de San Vicente de Pa\u00fal de Untermarchtal, Alemania, y de Mbinga, Tanzania, tienen derecho a nuestra asistencia y a estar unidas a nosotros en el cumplimiento de la profec\u00eda de Isa\u00edas, haci\u00e9ndola realidad en esta parte del mundo. La Sociedad de San Vicente de Pa\u00fal tuvo sus comienzos en esta Di\u00f3cesis de Mbinga despu\u00e9s de la llegada de los Misioneros, gracias a la iniciativa del P. Myles Rearden. La SSVP ya tiene un Consejo Particular.<\/p>\n<h2><strong>4. La necesidad de una comunidad para la misi\u00f3n<\/strong><\/h2>\n<p>San Vicente sinti\u00f3 la necesidad de una comunidad despu\u00e9s de dar las misiones. La Congregaci\u00f3n lleg\u00f3 como respuesta a la necesidad de organizar la Misi\u00f3n. La necesidad de reforzar la Comunidad en Tanzania lleg\u00f3 como exigencia de la pastoral. La Congragaci\u00f3n empez\u00f3 con los PP. Richard Kehoe, de Estados Unidos; y Chacko Panathara, de India, quienes inauguraron la misi\u00f3n en 1993. La Provincia de India-Sur recibi\u00f3 la petici\u00f3n de la Congregaci\u00f3n de asumir la misi\u00f3n, vio la necesidad y la acept\u00f3 enviando a los PP. James Theikanath, Prakash Tirkey y Johnson Nedungadan en a\u00f1os posteriores. La misi\u00f3n mantuvo su car\u00e1cter internacional de estar abierta a misioneros de todo el mundo y de diferentes provincias, al recibir en su regazo a los PP. Myles Rearden, de Irlanda; Manuel Prado, de Puerto Rico; Jose Manjaly, de la Provincia de India-Norte; Jacob Panthappallil, James Kunninpurayidam y Jaimy Moonjely, todos de la Provincia De India-Sur. Aunque algunos de estos misioneros tuvieron que volver a sus provincias porque les necesitaban en su provincia, todos los dem\u00e1s est\u00e1n totalmente dedicados a la misi\u00f3n de Tanzania. El convenio reciente de la Curia General con la Provincia de India-Sur ha dado un gran impulso a la misi\u00f3n para reforzar esta comunidad con m\u00e1s personal, facilitando planes duraderos para el crecimiento de la misi\u00f3n en los a\u00f1os pr\u00f3ximos.<\/p>\n<h2><strong>5. Direcci\u00f3n por medio de los acontecimientos<\/strong><\/h2>\n<p>El 7 de julio de 1994, durante su visita a Tanzania, el P. Maloney me comunic\u00f3 que mi superior y compa\u00f1ero <span style=\"text-decoration: underline\">Dick<\/span> volver\u00eda pronto a su provincia, as\u00ed que estaba pensando en cerrar esta nueva misi\u00f3n internacional, pues yo tendr\u00eda que quedarme solo hasta que encontrara nuevos compa\u00f1eros para m\u00ed en la misi\u00f3n. Me ofreci\u00f3 opciones para otras misiones internacionales. Me sent\u00e9 tranquilamente, rec\u00e9 y tom\u00e9 la decisi\u00f3n de quedarme y le dije al P. Maloney: \u00abDeber\u00edamos quedarnos en Tanzania. El P. <span style=\"text-decoration: underline\">Dick <\/span>y yo hemos trabajado mucho en este primer a\u00f1o intentando aprender el idioma, adaptarnos a la cultura, soportando la soledad. No podemos abandonar todo este trabajo y sufrimiento en balde. Ahora la gente de la parroquia lejana donde yo trabajo est\u00e1 respondiendo con gran entusiasmo. Hay varios candidatos para el sacerdocio en esta regi\u00f3n. Deber\u00edamos edificar sobre estos fundamentos.\u00bb<span id='easy-footnote-16-25147' class='easy-footnote-margin-adjust'><\/span><span class='easy-footnote'><a href='https:\/\/vincentians.com\/es\/el-carisma-vicenciano-de-nuestro-apostolado-en-la-mision-de-tanzania\/#easy-footnote-bottom-16-25147' title='Cf. Robert P. Maloney, \u00abLitterae Superioris Generalis: To Vincentians throughout the world\u00bb, del 1 de octubre de 1994: en &lt;em&gt;Vincentiana&lt;\/em&gt; 38 (1994) 191-196.'><sup>16<\/sup><\/a><\/span> De aqu\u00ed en adelante, nuestras conversaciones se centraron en reanimar la misi\u00f3n.<\/p>\n<p>Esta repentina e \u00abinspirada decisi\u00f3n\u00bb, como yo la llamar\u00eda y as\u00ed lo creo en verdad, era el celo y el fuego del esp\u00edritu de San Vicente que nos inspiraba, como lo hizo cuando estuvo casi obligado a cerrar la misi\u00f3n de Madagascar.<span id='easy-footnote-17-25147' class='easy-footnote-margin-adjust'><\/span><span class='easy-footnote'><a href='https:\/\/vincentians.com\/es\/el-carisma-vicenciano-de-nuestro-apostolado-en-la-mision-de-tanzania\/#easy-footnote-bottom-17-25147' title='Repetici\u00f3n de Oraci\u00f3n N\u00ba 171, del 25 de agosto de 1657 (SV XI, 414-417 \/ ES XI, 291-293); y N\u00ba 172, del 30 de agosto del mismo a\u00f1o (SV XI, 417-425 \/ ES XI, 294-300).'><sup>17<\/sup><\/a><\/span> La Providencia de Dios, dirigiendo la misi\u00f3n a trav\u00e9s de los acontecimientos, es una clara expresi\u00f3n de su caracter\u00edstica vicenciana.<\/p>\n<h2><strong>6. \u00abNo tenemos derecho a rechazar lo que nos dan por amor de Dios\u00bb<\/strong><span id='easy-footnote-18-25147' class='easy-footnote-margin-adjust'><\/span><span class='easy-footnote'><a href='https:\/\/vincentians.com\/es\/el-carisma-vicenciano-de-nuestro-apostolado-en-la-mision-de-tanzania\/#easy-footnote-bottom-18-25147' title='Rom\u00e1n, Jos\u00e9 Mar\u00eda. San Vicente de Pa\u00fal I. Biograf\u00eda, Cap. XVI, p. 223. BAC, Madrid, 1981.'><sup>18<\/sup><\/a><\/span><\/h2>\n<p>Conforme la Congregaci\u00f3n crec\u00eda, Vicente supo que la Comunidad necesitaba una s\u00f3lida base financiera para atender a las necesidades de sus miembros, y tambi\u00e9n para asegurar la libertad de acci\u00f3n en el apostolado. El capital donado para la fundaci\u00f3n de la Compa\u00f1\u00eda por la Se\u00f1ora de Gondi fue invertido en terrenos.<\/p>\n<p>La Misi\u00f3n de Tanzania tampoco ha rechazado lo que la gente, por amor a Dios, nos ha dado para nuestros gastos por medio de los donativos de ministerios. Los principales recursos provienen del servicio a las Hermanas, los estipendios de misas; en algunas ocasiones de la distribuci\u00f3n del Fondo Internacional de Misiones de la Curia General y de nuestros trabajos pastorales en la Di\u00f3cesis. Tambi\u00e9n se han hecho inversiones en terrenos en lugares estrat\u00e9gicos, como en Morogoro, Songea, y Mbinga, que ayudaran a la misi\u00f3n para construir y crecer en el futuro.<\/p>\n<h2><strong>7. Encuentro con los pobres<\/strong><\/h2>\n<p>Despu\u00e9s de cumplir 17 a\u00f1os de sacerdote, un cambio radical transform\u00f3 la vida de San Vicente, cuando le vemos en contacto con los pobres en 1617 en Gannes, Folleville, y en Ch\u00e2tillon-les-Dombes. Este encuentro con el pobre prepar\u00f3 el camino para sus grandes fundaciones en la Iglesia, en las misiones y en las obras de caridad.<span id='easy-footnote-19-25147' class='easy-footnote-margin-adjust'><\/span><span class='easy-footnote'><a href='https:\/\/vincentians.com\/es\/el-carisma-vicenciano-de-nuestro-apostolado-en-la-mision-de-tanzania\/#easy-footnote-bottom-19-25147' title='Cf. Constituciones de la C.M. (Introducci\u00f3n).'><sup>19<\/sup><\/a><\/span>\n<p>Quiz\u00e1s fue una mera coincidencia que yo estuviera en Mpepai como primer sacerdote residente antes de la visita del P. Maloney a Tanzania. En mi vida solitaria en Mpepai tuve los sentimientos del p\u00e1rroco de Clichy en 1612, quien le dijo al Cardenal de Retz: \u00abme parece que ni el Santo Padre ni su eminencia son tan felices como yo\u00bb.<span id='easy-footnote-20-25147' class='easy-footnote-margin-adjust'><\/span><span class='easy-footnote'><a href='https:\/\/vincentians.com\/es\/el-carisma-vicenciano-de-nuestro-apostolado-en-la-mision-de-tanzania\/#easy-footnote-bottom-20-25147' title='SV IX, 646 \/ ES IX, 580, citado por: Rom\u00e1n, Jos\u00e9 Mar\u00eda. &lt;em&gt;op. cit., &lt;\/em&gt;p. 107.'><sup>20<\/sup><\/a><\/span> La cooperaci\u00f3n de la gente, como presenci\u00f3 el P. Maloney,<span id='easy-footnote-21-25147' class='easy-footnote-margin-adjust'><\/span><span class='easy-footnote'><a href='https:\/\/vincentians.com\/es\/el-carisma-vicenciano-de-nuestro-apostolado-en-la-mision-de-tanzania\/#easy-footnote-bottom-21-25147' title='Cf. Robert P. Maloney, \u00abLitterae Superioris Generalis: To Vincentians throughout the world\u00bb, del 1 de octubre de 1994: en &lt;em&gt;Vincentiana&lt;\/em&gt; 38 (1994) 191-196.'><sup>21<\/sup><\/a><\/span> su vida sacramental, su vida de fe, todos fueron elementos importantes para animarnos a tomar una decisi\u00f3n que correspondiera a su cooperaci\u00f3n y entusiasmo. Hoy el cambio que est\u00e1 experimentando la vida de la gente en nuestras parroquias, a nivel espiritual y materia, tiene que ser apreciado como un signo de presencia activa de los Vicencianos en esta parte del mundo, caracterizada por su carisma propio.<\/p>\n<p style=\"text-align: right\"><em>por Chacko Panathara, C.M.<br \/>\nProvincia de India-Sur<br \/>\n<\/em>Traducci\u00f3n: Alfredo Herrera, C.M.<\/p>\n","protected":false},"excerpt":{"rendered":"<p>La Misi\u00f3n Internacional de Tanzania comenz\u00f3 como respuesta a la petici\u00f3n de la Asamblea General de 1992 para abrir nuevas misiones de la Congregaci\u00f3n. Hoy han pasado ocho a\u00f1os y medio desde que los PP. &#8230; <a href=\"https:\/\/vincentians.com\/es\/el-carisma-vicenciano-de-nuestro-apostolado-en-la-mision-de-tanzania\/\" class=\"more-link\">Read More<\/a><\/p>\n","protected":false},"author":5,"featured_media":25153,"comment_status":"open","ping_status":"open","sticky":false,"template":"","format":"standard","meta":{"jetpack_post_was_ever_published":false,"_jetpack_newsletter_access":"","_jetpack_dont_email_post_to_subs":false,"_jetpack_newsletter_tier_id":0,"_jetpack_memberships_contains_paywalled_content":false,"_jetpack_memberships_contains_paid_content":false,"footnotes":"","jetpack_publicize_message":"","jetpack_publicize_feature_enabled":true,"jetpack_social_post_already_shared":true,"jetpack_social_options":{"image_generator_settings":{"template":"highway","default_image_id":0,"font":"","enabled":false},"version":2}},"categories":[214],"tags":[173,148,175,145,119,172,120],"class_list":["post-25147","post","type-post","status-publish","format-standard","has-post-thumbnail","hentry","category-historia-de-la-congregacion-de-la-mision","tag-chatillon-les-dombes","tag-clichy","tag-folleville","tag-gannes","tag-gondi","tag-pobreza","tag-senora-de-gondi"],"yoast_head":"<!-- This site is optimized with the Yoast SEO plugin v26.3 - https:\/\/yoast.com\/wordpress\/plugins\/seo\/ -->\n<title>El carisma vicenciano de nuestro apostolado en la Misi\u00f3n de Tanzania - Somos Vicencianos<\/title>\n<meta name=\"robots\" content=\"index, follow, max-snippet:-1, max-image-preview:large, max-video-preview:-1\" \/>\n<link rel=\"canonical\" href=\"https:\/\/vincentians.com\/es\/el-carisma-vicenciano-de-nuestro-apostolado-en-la-mision-de-tanzania\/\" \/>\n<meta property=\"og:locale\" content=\"es_ES\" \/>\n<meta property=\"og:type\" content=\"article\" \/>\n<meta property=\"og:title\" content=\"El carisma vicenciano de nuestro apostolado en la Misi\u00f3n de Tanzania - Somos Vicencianos\" \/>\n<meta property=\"og:description\" content=\"La Misi\u00f3n Internacional de Tanzania comenz\u00f3 como respuesta a la petici\u00f3n de la Asamblea General de 1992 para abrir nuevas misiones de la Congregaci\u00f3n. Hoy han pasado ocho a\u00f1os y medio desde que los PP. ... Read More\" \/>\n<meta property=\"og:url\" content=\"https:\/\/vincentians.com\/es\/el-carisma-vicenciano-de-nuestro-apostolado-en-la-mision-de-tanzania\/\" \/>\n<meta property=\"og:site_name\" content=\"Somos Vicencianos\" \/>\n<meta property=\"article:publisher\" content=\"https:\/\/www.facebook.com\/WeAreVincentians\/\" \/>\n<meta property=\"article:published_time\" content=\"2013-08-02T13:57:52+00:00\" \/>\n<meta property=\"article:modified_time\" content=\"2016-07-27T10:13:07+00:00\" \/>\n<meta name=\"author\" content=\"Mitxel Olabu\u00e9naga\" \/>\n<meta name=\"twitter:card\" content=\"summary_large_image\" \/>\n<meta name=\"twitter:creator\" content=\"@WeVincentians\" \/>\n<meta name=\"twitter:site\" content=\"@WeVincentians\" \/>\n<meta name=\"twitter:label1\" content=\"Escrito por\" \/>\n\t<meta name=\"twitter:data1\" content=\"Mitxel Olabu\u00e9naga\" \/>\n\t<meta name=\"twitter:label2\" content=\"Tiempo de lectura\" \/>\n\t<meta name=\"twitter:data2\" content=\"14 minutos\" \/>\n<script type=\"application\/ld+json\" class=\"yoast-schema-graph\">{\"@context\":\"https:\/\/schema.org\",\"@graph\":[{\"@type\":\"Article\",\"@id\":\"https:\/\/vincentians.com\/es\/el-carisma-vicenciano-de-nuestro-apostolado-en-la-mision-de-tanzania\/#article\",\"isPartOf\":{\"@id\":\"https:\/\/vincentians.com\/es\/el-carisma-vicenciano-de-nuestro-apostolado-en-la-mision-de-tanzania\/\"},\"author\":{\"name\":\"Mitxel Olabu\u00e9naga\",\"@id\":\"http:\/\/vincentians.com\/es\/#\/schema\/person\/7c2670b4445a7ca9d164ea6acdb31859\"},\"headline\":\"El carisma vicenciano de nuestro apostolado en la Misi\u00f3n de Tanzania\",\"datePublished\":\"2013-08-02T13:57:52+00:00\",\"dateModified\":\"2016-07-27T10:13:07+00:00\",\"mainEntityOfPage\":{\"@id\":\"https:\/\/vincentians.com\/es\/el-carisma-vicenciano-de-nuestro-apostolado-en-la-mision-de-tanzania\/\"},\"wordCount\":2735,\"commentCount\":0,\"publisher\":{\"@id\":\"http:\/\/vincentians.com\/es\/#organization\"},\"image\":{\"@id\":\"https:\/\/vincentians.com\/es\/el-carisma-vicenciano-de-nuestro-apostolado-en-la-mision-de-tanzania\/#primaryimage\"},\"thumbnailUrl\":\"\",\"keywords\":[\"Chatillon\",\"Clichy\",\"Folleville\",\"Gannes\",\"Gondi\",\"Pobreza\",\"Se\u00f1ora de Gondi\"],\"articleSection\":[\"Historia de la Congregaci\u00f3n de la Misi\u00f3n\"],\"inLanguage\":\"es\",\"potentialAction\":[{\"@type\":\"CommentAction\",\"name\":\"Comment\",\"target\":[\"https:\/\/vincentians.com\/es\/el-carisma-vicenciano-de-nuestro-apostolado-en-la-mision-de-tanzania\/#respond\"]}]},{\"@type\":\"WebPage\",\"@id\":\"https:\/\/vincentians.com\/es\/el-carisma-vicenciano-de-nuestro-apostolado-en-la-mision-de-tanzania\/\",\"url\":\"https:\/\/vincentians.com\/es\/el-carisma-vicenciano-de-nuestro-apostolado-en-la-mision-de-tanzania\/\",\"name\":\"El carisma vicenciano de nuestro apostolado en la Misi\u00f3n de Tanzania - Somos Vicencianos\",\"isPartOf\":{\"@id\":\"http:\/\/vincentians.com\/es\/#website\"},\"primaryImageOfPage\":{\"@id\":\"https:\/\/vincentians.com\/es\/el-carisma-vicenciano-de-nuestro-apostolado-en-la-mision-de-tanzania\/#primaryimage\"},\"image\":{\"@id\":\"https:\/\/vincentians.com\/es\/el-carisma-vicenciano-de-nuestro-apostolado-en-la-mision-de-tanzania\/#primaryimage\"},\"thumbnailUrl\":\"\",\"datePublished\":\"2013-08-02T13:57:52+00:00\",\"dateModified\":\"2016-07-27T10:13:07+00:00\",\"breadcrumb\":{\"@id\":\"https:\/\/vincentians.com\/es\/el-carisma-vicenciano-de-nuestro-apostolado-en-la-mision-de-tanzania\/#breadcrumb\"},\"inLanguage\":\"es\",\"potentialAction\":[{\"@type\":\"ReadAction\",\"target\":[\"https:\/\/vincentians.com\/es\/el-carisma-vicenciano-de-nuestro-apostolado-en-la-mision-de-tanzania\/\"]}]},{\"@type\":\"ImageObject\",\"inLanguage\":\"es\",\"@id\":\"https:\/\/vincentians.com\/es\/el-carisma-vicenciano-de-nuestro-apostolado-en-la-mision-de-tanzania\/#primaryimage\",\"url\":\"\",\"contentUrl\":\"\"},{\"@type\":\"BreadcrumbList\",\"@id\":\"https:\/\/vincentians.com\/es\/el-carisma-vicenciano-de-nuestro-apostolado-en-la-mision-de-tanzania\/#breadcrumb\",\"itemListElement\":[{\"@type\":\"ListItem\",\"position\":1,\"name\":\"Portada\",\"item\":\"http:\/\/vincentians.com\/es\/\"},{\"@type\":\"ListItem\",\"position\":2,\"name\":\"El carisma vicenciano de nuestro apostolado en la Misi\u00f3n de Tanzania\"}]},{\"@type\":\"WebSite\",\"@id\":\"http:\/\/vincentians.com\/es\/#website\",\"url\":\"http:\/\/vincentians.com\/es\/\",\"name\":\"Somos Vicencianos\",\"description\":\"Know more to serve more\",\"publisher\":{\"@id\":\"http:\/\/vincentians.com\/es\/#organization\"},\"potentialAction\":[{\"@type\":\"SearchAction\",\"target\":{\"@type\":\"EntryPoint\",\"urlTemplate\":\"http:\/\/vincentians.com\/es\/?s={search_term_string}\"},\"query-input\":{\"@type\":\"PropertyValueSpecification\",\"valueRequired\":true,\"valueName\":\"search_term_string\"}}],\"inLanguage\":\"es\"},{\"@type\":\"Organization\",\"@id\":\"http:\/\/vincentians.com\/es\/#organization\",\"name\":\"The Vincentian Network\",\"url\":\"http:\/\/vincentians.com\/es\/\",\"logo\":{\"@type\":\"ImageObject\",\"inLanguage\":\"es\",\"@id\":\"http:\/\/vincentians.com\/es\/#\/schema\/logo\/image\/\",\"url\":\"https:\/\/i1.wp.com\/vincentians.com\/es\/wp-content\/uploads\/sites\/11\/2016\/06\/Vincentian-Network-logo-big.png?fit=778%2C778\",\"contentUrl\":\"https:\/\/i1.wp.com\/vincentians.com\/es\/wp-content\/uploads\/sites\/11\/2016\/06\/Vincentian-Network-logo-big.png?fit=778%2C778\",\"width\":778,\"height\":778,\"caption\":\"The Vincentian Network\"},\"image\":{\"@id\":\"http:\/\/vincentians.com\/es\/#\/schema\/logo\/image\/\"},\"sameAs\":[\"https:\/\/www.facebook.com\/WeAreVincentians\/\",\"https:\/\/x.com\/WeVincentians\"]},{\"@type\":\"Person\",\"@id\":\"http:\/\/vincentians.com\/es\/#\/schema\/person\/7c2670b4445a7ca9d164ea6acdb31859\",\"name\":\"Mitxel Olabu\u00e9naga\",\"image\":{\"@type\":\"ImageObject\",\"inLanguage\":\"es\",\"@id\":\"http:\/\/vincentians.com\/es\/#\/schema\/person\/image\/\",\"url\":\"https:\/\/secure.gravatar.com\/avatar\/34137ec2e2b8939cbbed975731e71f3f4f1defc7266ded337a5ce0f925426877?s=96&d=mm&r=g\",\"contentUrl\":\"https:\/\/secure.gravatar.com\/avatar\/34137ec2e2b8939cbbed975731e71f3f4f1defc7266ded337a5ce0f925426877?s=96&d=mm&r=g\",\"caption\":\"Mitxel Olabu\u00e9naga\"},\"url\":\"https:\/\/vincentians.com\/es\/author\/mitxel\/\"}]}<\/script>\n<!-- \/ Yoast SEO plugin. -->","yoast_head_json":{"title":"El carisma vicenciano de nuestro apostolado en la Misi\u00f3n de Tanzania - Somos Vicencianos","robots":{"index":"index","follow":"follow","max-snippet":"max-snippet:-1","max-image-preview":"max-image-preview:large","max-video-preview":"max-video-preview:-1"},"canonical":"https:\/\/vincentians.com\/es\/el-carisma-vicenciano-de-nuestro-apostolado-en-la-mision-de-tanzania\/","og_locale":"es_ES","og_type":"article","og_title":"El carisma vicenciano de nuestro apostolado en la Misi\u00f3n de Tanzania - Somos Vicencianos","og_description":"La Misi\u00f3n Internacional de Tanzania comenz\u00f3 como respuesta a la petici\u00f3n de la Asamblea General de 1992 para abrir nuevas misiones de la Congregaci\u00f3n. Hoy han pasado ocho a\u00f1os y medio desde que los PP. ... Read More","og_url":"https:\/\/vincentians.com\/es\/el-carisma-vicenciano-de-nuestro-apostolado-en-la-mision-de-tanzania\/","og_site_name":"Somos Vicencianos","article_publisher":"https:\/\/www.facebook.com\/WeAreVincentians\/","article_published_time":"2013-08-02T13:57:52+00:00","article_modified_time":"2016-07-27T10:13:07+00:00","author":"Mitxel Olabu\u00e9naga","twitter_card":"summary_large_image","twitter_creator":"@WeVincentians","twitter_site":"@WeVincentians","twitter_misc":{"Escrito por":"Mitxel Olabu\u00e9naga","Tiempo de lectura":"14 minutos"},"schema":{"@context":"https:\/\/schema.org","@graph":[{"@type":"Article","@id":"https:\/\/vincentians.com\/es\/el-carisma-vicenciano-de-nuestro-apostolado-en-la-mision-de-tanzania\/#article","isPartOf":{"@id":"https:\/\/vincentians.com\/es\/el-carisma-vicenciano-de-nuestro-apostolado-en-la-mision-de-tanzania\/"},"author":{"name":"Mitxel Olabu\u00e9naga","@id":"http:\/\/vincentians.com\/es\/#\/schema\/person\/7c2670b4445a7ca9d164ea6acdb31859"},"headline":"El carisma vicenciano de nuestro apostolado en la Misi\u00f3n de Tanzania","datePublished":"2013-08-02T13:57:52+00:00","dateModified":"2016-07-27T10:13:07+00:00","mainEntityOfPage":{"@id":"https:\/\/vincentians.com\/es\/el-carisma-vicenciano-de-nuestro-apostolado-en-la-mision-de-tanzania\/"},"wordCount":2735,"commentCount":0,"publisher":{"@id":"http:\/\/vincentians.com\/es\/#organization"},"image":{"@id":"https:\/\/vincentians.com\/es\/el-carisma-vicenciano-de-nuestro-apostolado-en-la-mision-de-tanzania\/#primaryimage"},"thumbnailUrl":"","keywords":["Chatillon","Clichy","Folleville","Gannes","Gondi","Pobreza","Se\u00f1ora de Gondi"],"articleSection":["Historia de la Congregaci\u00f3n de la Misi\u00f3n"],"inLanguage":"es","potentialAction":[{"@type":"CommentAction","name":"Comment","target":["https:\/\/vincentians.com\/es\/el-carisma-vicenciano-de-nuestro-apostolado-en-la-mision-de-tanzania\/#respond"]}]},{"@type":"WebPage","@id":"https:\/\/vincentians.com\/es\/el-carisma-vicenciano-de-nuestro-apostolado-en-la-mision-de-tanzania\/","url":"https:\/\/vincentians.com\/es\/el-carisma-vicenciano-de-nuestro-apostolado-en-la-mision-de-tanzania\/","name":"El carisma vicenciano de nuestro apostolado en la Misi\u00f3n de Tanzania - Somos Vicencianos","isPartOf":{"@id":"http:\/\/vincentians.com\/es\/#website"},"primaryImageOfPage":{"@id":"https:\/\/vincentians.com\/es\/el-carisma-vicenciano-de-nuestro-apostolado-en-la-mision-de-tanzania\/#primaryimage"},"image":{"@id":"https:\/\/vincentians.com\/es\/el-carisma-vicenciano-de-nuestro-apostolado-en-la-mision-de-tanzania\/#primaryimage"},"thumbnailUrl":"","datePublished":"2013-08-02T13:57:52+00:00","dateModified":"2016-07-27T10:13:07+00:00","breadcrumb":{"@id":"https:\/\/vincentians.com\/es\/el-carisma-vicenciano-de-nuestro-apostolado-en-la-mision-de-tanzania\/#breadcrumb"},"inLanguage":"es","potentialAction":[{"@type":"ReadAction","target":["https:\/\/vincentians.com\/es\/el-carisma-vicenciano-de-nuestro-apostolado-en-la-mision-de-tanzania\/"]}]},{"@type":"ImageObject","inLanguage":"es","@id":"https:\/\/vincentians.com\/es\/el-carisma-vicenciano-de-nuestro-apostolado-en-la-mision-de-tanzania\/#primaryimage","url":"","contentUrl":""},{"@type":"BreadcrumbList","@id":"https:\/\/vincentians.com\/es\/el-carisma-vicenciano-de-nuestro-apostolado-en-la-mision-de-tanzania\/#breadcrumb","itemListElement":[{"@type":"ListItem","position":1,"name":"Portada","item":"http:\/\/vincentians.com\/es\/"},{"@type":"ListItem","position":2,"name":"El carisma vicenciano de nuestro apostolado en la Misi\u00f3n de Tanzania"}]},{"@type":"WebSite","@id":"http:\/\/vincentians.com\/es\/#website","url":"http:\/\/vincentians.com\/es\/","name":"Somos Vicencianos","description":"Know more to serve more","publisher":{"@id":"http:\/\/vincentians.com\/es\/#organization"},"potentialAction":[{"@type":"SearchAction","target":{"@type":"EntryPoint","urlTemplate":"http:\/\/vincentians.com\/es\/?s={search_term_string}"},"query-input":{"@type":"PropertyValueSpecification","valueRequired":true,"valueName":"search_term_string"}}],"inLanguage":"es"},{"@type":"Organization","@id":"http:\/\/vincentians.com\/es\/#organization","name":"The Vincentian Network","url":"http:\/\/vincentians.com\/es\/","logo":{"@type":"ImageObject","inLanguage":"es","@id":"http:\/\/vincentians.com\/es\/#\/schema\/logo\/image\/","url":"https:\/\/i1.wp.com\/vincentians.com\/es\/wp-content\/uploads\/sites\/11\/2016\/06\/Vincentian-Network-logo-big.png?fit=778%2C778","contentUrl":"https:\/\/i1.wp.com\/vincentians.com\/es\/wp-content\/uploads\/sites\/11\/2016\/06\/Vincentian-Network-logo-big.png?fit=778%2C778","width":778,"height":778,"caption":"The Vincentian Network"},"image":{"@id":"http:\/\/vincentians.com\/es\/#\/schema\/logo\/image\/"},"sameAs":["https:\/\/www.facebook.com\/WeAreVincentians\/","https:\/\/x.com\/WeVincentians"]},{"@type":"Person","@id":"http:\/\/vincentians.com\/es\/#\/schema\/person\/7c2670b4445a7ca9d164ea6acdb31859","name":"Mitxel Olabu\u00e9naga","image":{"@type":"ImageObject","inLanguage":"es","@id":"http:\/\/vincentians.com\/es\/#\/schema\/person\/image\/","url":"https:\/\/secure.gravatar.com\/avatar\/34137ec2e2b8939cbbed975731e71f3f4f1defc7266ded337a5ce0f925426877?s=96&d=mm&r=g","contentUrl":"https:\/\/secure.gravatar.com\/avatar\/34137ec2e2b8939cbbed975731e71f3f4f1defc7266ded337a5ce0f925426877?s=96&d=mm&r=g","caption":"Mitxel Olabu\u00e9naga"},"url":"https:\/\/vincentians.com\/es\/author\/mitxel\/"}]}},"jetpack_publicize_connections":[],"jetpack_featured_media_url":"","jetpack_sharing_enabled":true,"jetpack_shortlink":"https:\/\/wp.me\/p7ETMF-6xB","jetpack-related-posts":[{"id":27195,"url":"https:\/\/vincentians.com\/es\/un-deposito-de-agua-en-morogoro\/","url_meta":{"origin":25147,"position":0},"title":"Un Dep\u00f3sito de Agua en Morogoro","author":"Francisco Javier Fern\u00e1ndez Chento","date":"22\/01\/2011","format":false,"excerpt":"El recientemente construido seminario DePaul, en Morogoro, acoge a la mayor parte de seminaristas de la misi\u00f3n de Tanzania de la Provincia India Sur. El agua subterr\u00e1nea en la regi\u00f3n de Morogoro es salada, haciendo inviable el uso de pozos. Consiguientemente, el seminario DePaul tiene que recoger agua de lluvia\u2026","rel":"","context":"En \u00abCongregaci\u00f3n de la Misi\u00f3n\u00bb","block_context":{"text":"Congregaci\u00f3n de la Misi\u00f3n","link":"https:\/\/vincentians.com\/es\/category\/la-familia-vicenciana\/ramas\/congregacion-de-la-mision\/"},"img":{"alt_text":"","src":"https:\/\/i0.wp.com\/vicencianos.org\/wp-content\/2011\/01\/deposito_agua.jpg?resize=350%2C200","width":350,"height":200,"srcset":"https:\/\/i0.wp.com\/vicencianos.org\/wp-content\/2011\/01\/deposito_agua.jpg?resize=350%2C200 1x, https:\/\/i0.wp.com\/vicencianos.org\/wp-content\/2011\/01\/deposito_agua.jpg?resize=525%2C300 1.5x"},"classes":[]},{"id":127199,"url":"https:\/\/vincentians.com\/es\/misioneros-vicencianos-con-dios-entre-los-mas-pobres\/","url_meta":{"origin":25147,"position":1},"title":"Misioneros Vicencianos: con Dios entre los m\u00e1s pobres","author":"Francisco Javier Fern\u00e1ndez Chento","date":"15\/01\/2024","format":false,"excerpt":"Bajo la denominaci\u00f3n de Misioneros Vicencianos se hace referencia en este art\u00edculo al carisma misionero de los Padres Pa\u00fales, Hijas de la Caridad y Misioneros Seglares Vicencianos. Una galer\u00eda de hombres y mujeres de talla excepcional que se encuentran all\u00ed donde m\u00e1s se les necesita \u2013entre los perseguidos, hu\u00e9rfanos, hambrientos,\u2026","rel":"","context":"En \u00abMisiones \u00abAd gentes\u00bb\u00bb","block_context":{"text":"Misiones \u00abAd gentes\u00bb","link":"https:\/\/vincentians.com\/es\/category\/servicios-y-ministerios\/misiones-ad-gentes\/"},"img":{"alt_text":"","src":"https:\/\/i0.wp.com\/vincentians.com\/es\/wp-content\/uploads\/sites\/11\/2016\/09\/enviados-evangelizar-pobres.jpg?fit=1200%2C630&ssl=1&resize=350%2C200","width":350,"height":200,"srcset":"https:\/\/i0.wp.com\/vincentians.com\/es\/wp-content\/uploads\/sites\/11\/2016\/09\/enviados-evangelizar-pobres.jpg?fit=1200%2C630&ssl=1&resize=350%2C200 1x, https:\/\/i0.wp.com\/vincentians.com\/es\/wp-content\/uploads\/sites\/11\/2016\/09\/enviados-evangelizar-pobres.jpg?fit=1200%2C630&ssl=1&resize=525%2C300 1.5x, https:\/\/i0.wp.com\/vincentians.com\/es\/wp-content\/uploads\/sites\/11\/2016\/09\/enviados-evangelizar-pobres.jpg?fit=1200%2C630&ssl=1&resize=700%2C400 2x, https:\/\/i0.wp.com\/vincentians.com\/es\/wp-content\/uploads\/sites\/11\/2016\/09\/enviados-evangelizar-pobres.jpg?fit=1200%2C630&ssl=1&resize=1050%2C600 3x"},"classes":[]},{"id":64967,"url":"https:\/\/vincentians.com\/es\/las-hijas-de-la-caridad-y-el-proyecto-dream\/","url_meta":{"origin":25147,"position":2},"title":"Las Hijas de la Caridad y el Proyecto DREAM","author":"Francisco Javier Fern\u00e1ndez Chento","date":"06\/02\/2012","format":false,"excerpt":"DREAM, acr\u00f3nimo de Drug Resource Enhancement against AIDS and Malnutrition, es un programa de enfoque global para tratar el SIDA en \u00c1frica que la Comunidad de Sant\u2019Egidio empez\u00f3 en febrero de 2002. El programa es hijo de un sue\u00f1o. Se trata del sue\u00f1o de hacer frente de manera nueva y\u2026","rel":"","context":"En \u00abHijas de la Caridad\u00bb","block_context":{"text":"Hijas de la Caridad","link":"https:\/\/vincentians.com\/es\/category\/la-familia-vicenciana\/ramas\/hijas-de-la-caridad\/"},"img":{"alt_text":"","src":"https:\/\/i0.wp.com\/vicencianos.org\/wp-content\/2011\/10\/logohijascaridad.jpg?resize=350%2C200","width":350,"height":200},"classes":[]},{"id":23517,"url":"https:\/\/vincentians.com\/es\/echa-las-redes-con-valentia-la-mision-ad-gentes-en-kenya\/","url_meta":{"origin":25147,"position":3},"title":"\u201cEcha las redes con valent\u00eda\u201d. La Misi\u00f3n Ad Gentes en Kenya","author":"Francisco Javier Fern\u00e1ndez Chento","date":"27\/06\/2013","format":false,"excerpt":"El 22 de marzo de 1648, Vicente escribi\u00f3 al P. Charles Nacquart en Richelieu, d\u00e1ndole \u00f3rdenes de que abriese la misi\u00f3n en Madagascar: \"La Compa\u00f1\u00eda ha puesto sus ojos en Usted\", escrib\u00eda, \"como la mejor ofrenda que tiene para honrar al Creador Poderoso y rendirle este servicio, juntamente con otro\u2026","rel":"","context":"En \u00abCongregaci\u00f3n de la Misi\u00f3n\u00bb","block_context":{"text":"Congregaci\u00f3n de la Misi\u00f3n","link":"https:\/\/vincentians.com\/es\/category\/la-familia-vicenciana\/ramas\/congregacion-de-la-mision\/"},"img":{"alt_text":"","src":"https:\/\/i0.wp.com\/vicencianos.org\/wp-content\/2010\/12\/kenya-300x300.jpg?resize=350%2C200","width":350,"height":200},"classes":[]},{"id":131125,"url":"https:\/\/vincentians.com\/es\/la-congregacion-de-la-mision-don-de-dios-a-la-iglesia\/","url_meta":{"origin":25147,"position":4},"title":"La Congregaci\u00f3n de la Misi\u00f3n don de Dios a la Iglesia","author":"Francisco Javier Fern\u00e1ndez Chento","date":"19\/08\/2014","format":false,"excerpt":"Los Se\u00f1ores de Gondi... \"creyeron ser\u00eda de gran provecho para la salvaci\u00f3n de las almas y una obra agradable a Dios instituir una piadosa Congregaci\u00f3n de varones rectos e id\u00f3neos que se encargasen de la instrucci\u00f3n de los campesinos... Una vez tomada esta santa resoluci\u00f3n, el Padre Vicente, a quien\u2026","rel":"","context":"En \u00abEspiritualidad vicenciana\u00bb","block_context":{"text":"Espiritualidad vicenciana","link":"https:\/\/vincentians.com\/es\/category\/espiritualidad\/espiritualidad-vicenciana\/"},"img":{"alt_text":"espiritualidad","src":"https:\/\/i0.wp.com\/vicencianos.org\/wp-content\/2014\/07\/espiritualidad.jpg?resize=350%2C200","width":350,"height":200},"classes":[]},{"id":134886,"url":"https:\/\/vincentians.com\/es\/de-las-caridades-a-las-hijas-de-la-caridad\/","url_meta":{"origin":25147,"position":5},"title":"De las \u00abCaridades\u00bb a las \u00abHijas de la Caridad\u00bb","author":"Francisco Javier Fern\u00e1ndez Chento","date":"27\/08\/2016","format":false,"excerpt":"Estamos en 1617. Dos experiencias particularmente significativas marcan la vida de Vicente de Pa\u00fal, y est\u00e1n en el origen de sus dos realizaciones revolucionarias: la experiencia de Gannes Folleville y la de Ch\u00e1tillon-les-Dombes. Nacido el 24 de abril de 1581 en Pouy (hoy San Vicente de Pa\u00fal) en las cercan\u00edas\u2026","rel":"","context":"En \u00abHijas de la Caridad\u00bb","block_context":{"text":"Hijas de la Caridad","link":"https:\/\/vincentians.com\/es\/category\/la-familia-vicenciana\/ramas\/hijas-de-la-caridad\/"},"img":{"alt_text":"","src":"https:\/\/i0.wp.com\/vincentians.com\/es\/wp-content\/uploads\/sites\/11\/2016\/08\/hijas-caridad.jpg?fit=1200%2C630&ssl=1&resize=350%2C200","width":350,"height":200,"srcset":"https:\/\/i0.wp.com\/vincentians.com\/es\/wp-content\/uploads\/sites\/11\/2016\/08\/hijas-caridad.jpg?fit=1200%2C630&ssl=1&resize=350%2C200 1x, https:\/\/i0.wp.com\/vincentians.com\/es\/wp-content\/uploads\/sites\/11\/2016\/08\/hijas-caridad.jpg?fit=1200%2C630&ssl=1&resize=525%2C300 1.5x, https:\/\/i0.wp.com\/vincentians.com\/es\/wp-content\/uploads\/sites\/11\/2016\/08\/hijas-caridad.jpg?fit=1200%2C630&ssl=1&resize=700%2C400 2x, https:\/\/i0.wp.com\/vincentians.com\/es\/wp-content\/uploads\/sites\/11\/2016\/08\/hijas-caridad.jpg?fit=1200%2C630&ssl=1&resize=1050%2C600 3x"},"classes":[]}],"_links":{"self":[{"href":"https:\/\/vincentians.com\/es\/wp-json\/wp\/v2\/posts\/25147","targetHints":{"allow":["GET"]}}],"collection":[{"href":"https:\/\/vincentians.com\/es\/wp-json\/wp\/v2\/posts"}],"about":[{"href":"https:\/\/vincentians.com\/es\/wp-json\/wp\/v2\/types\/post"}],"author":[{"embeddable":true,"href":"https:\/\/vincentians.com\/es\/wp-json\/wp\/v2\/users\/5"}],"replies":[{"embeddable":true,"href":"https:\/\/vincentians.com\/es\/wp-json\/wp\/v2\/comments?post=25147"}],"version-history":[{"count":0,"href":"https:\/\/vincentians.com\/es\/wp-json\/wp\/v2\/posts\/25147\/revisions"}],"wp:featuredmedia":[{"embeddable":true,"href":"https:\/\/vincentians.com\/es\/wp-json\/"}],"wp:attachment":[{"href":"https:\/\/vincentians.com\/es\/wp-json\/wp\/v2\/media?parent=25147"}],"wp:term":[{"taxonomy":"category","embeddable":true,"href":"https:\/\/vincentians.com\/es\/wp-json\/wp\/v2\/categories?post=25147"},{"taxonomy":"post_tag","embeddable":true,"href":"https:\/\/vincentians.com\/es\/wp-json\/wp\/v2\/tags?post=25147"}],"curies":[{"name":"wp","href":"https:\/\/api.w.org\/{rel}","templated":true}]}}