{"id":25129,"date":"2020-07-21T08:38:15","date_gmt":"2020-07-21T06:38:15","guid":{"rendered":"http:\/\/somos.vicencianos.org\/blog\/2011\/04\/resucitados-con-cristo\/"},"modified":"2020-07-07T18:19:07","modified_gmt":"2020-07-07T16:19:07","slug":"resucitados-con-cristo","status":"publish","type":"post","link":"https:\/\/vincentians.com\/es\/resucitados-con-cristo\/","title":{"rendered":"Resucitados con Cristo"},"content":{"rendered":"<p style=\"padding-left: 30px\"><em>\u00abYa que hab\u00e9is resucitado con Cristo, buscad los bienes de all\u00e1 arriba, donde est\u00e1 Cristo, sentado a la derecha de Dios; aspirad a los bienes de arriba, no a los de la tierra. Porque hab\u00e9is muerto; y vuestra vida est\u00e1 con Cristo escondida en Dios\u00bb <\/em><em>(Col. 3, 1-3)<\/em><em>.<\/em><\/p>\n<p>Cada a\u00f1o por Pascua irrumpe con fuerza la naturaleza y asistimos, siempre admirados y sorprendidos, al milagro de la vida. La naturaleza se renueva y brota a borbotones como signo y preludio de la vida en Dios que \u00e9l nos ofrece con la Resurrecci\u00f3n de Jesucristo. Pascua debe ser para nosotros vida en abundancia, plenitud de vida. Cristo resucitado lo llena todo de luz, de vida, de alegr\u00eda interminable, de paz indecible, de fuerza invencible, de presencia amistosa. S\u00ed, Pascua es plenitud de vida, es el punto culminante de la historia y el principio de una nueva historia, de una nueva vida. La Pascua es la clave para interpretar la vida y la raz\u00f3n de ser de todas las cosas. Pascua es creer y vivir que Cristo est\u00e1 resucitado en m\u00ed. La Resurrecci\u00f3n de Jesucristo es el principio de las resurrecciones; es anticipo de la transformaci\u00f3n del mundo.<\/p>\n<p>La experiencia de Cristo resucitado no es s\u00f3lo la convicci\u00f3n de que Jes\u00fas vive. Es algo mucho m\u00e1s hondo y profundo. Es experimentar en todos y cada uno de nosotros su fuerza victoriosa. Es creer que Cristo ha resucitado y, sobre todo, que nosotros resucitamos con \u00e9l. Es morir y esconder nuestra vida en Cristo, para aparecer gloriosamente con \u00e9l. No basta creer que Cristo muri\u00f3 y resucit\u00f3, sino que Cristo muere y resucita en m\u00ed, que yo muero con Cristo y resucito con \u00e9l.<\/p>\n<p>La experiencia pascual no es algo te\u00f3rico, sino algo vivo; es experimentar la fuerza victoriosa de Cristo resucitado; es sentir que Cristo es <em>\u00abvida nuestra\u00bb,<\/em> que Cristo <em>\u00abVive en m\u00ed\u00bb. <\/em>Vida nueva. En la Pascua todo es nuevo: el fuego, la luz, el agua, la levadura, los vestidos&#8230; Todo con la marca de Cristo resucitado. Es obvio que han de cambiar, transformarse, rejuvenecerse muchas actitudes: nuestros gustos, nuestros sentimientos, nuestros comportamientos, nuestros ideales. Hay que elevar nuestra punter\u00eda, porque Cristo est\u00e1 arriba, y no quedarse con los bienes que se nos ofrecen aqu\u00ed abajo.<\/p>\n<p>\u00bfC\u00f3mo vivir hoy en actitud pascual? \u00bfC\u00f3mo vivir yo eso que vivieron y experimentaron los primeros disc\u00edpulos y que cambi\u00f3 tan radicalmente sus vidas? \u00bfC\u00f3mo experimentar que Cristo vive resucitado en nuestras vidas?: Muriendo-Resucitando con \u00e9l. Resucitando todo lo que se nos muere: a veces se nos muere la ilusi\u00f3n, la alegr\u00eda, las ganas de conversi\u00f3n, la esperanza, la confianza, la mansedumbre, la pobreza y humildad; la verdad, el compromiso y el servicio; la apertura, libertad, fraternidad y respeto; el desprendimiento y la comunicaci\u00f3n cristiana de bienes; el aprecio a todos, el amor, la fe en las personas y el amor a los enemigos; la valent\u00eda, el sacrificio y los criterios evang\u00e9licos; vivir siempre pendientes de la providencia y la voluntad de Dios&#8230; Morir con Cristo al ego\u00edsmo, la violencia, el error y el fanatismo; la indiferencia e irresponsabilidad, la tristeza, melancol\u00eda y el fatalismo; la posesi\u00f3n y el dominio, la discriminaci\u00f3n, la esclavitud y la opresi\u00f3n, la cobard\u00eda y comodidad, la imposici\u00f3n y la cerraz\u00f3n, la soberbia, la ira y la venganza; renunciar con Cristo resucitado a los criterios materialistas y a confiarlo todo al dinero&#8230;<\/p>\n<p>La ma\u00f1ana de Pascua, las mujeres comentaban qui\u00e9n les quitar\u00eda la piedra de la entrada de la tumba. No hab\u00edan tenido a\u00fan la experiencia del Resucitado. Esta piedra es el s\u00edmbolo de todos los pesos que aplastan y atemorizan al ser humano y le impiden salir a espacios distintos y diferentes. Nos preguntamos, como las mujeres: \u00bfQui\u00e9n nos correr\u00e1 la piedra de la entrada? \u00bfQui\u00e9n me librar\u00e1 de esta situaci\u00f3n que me aplasta y me impide salir a la vida? \u00bfQui\u00e9n me librar\u00e1 de todo lo que me impide resucitar?<\/p>\n<p>Creemos que es imposible resucitar, cambiar, ser diferentes, emprender una nueva vida. Esas situaciones nuestras, nos resultan monta\u00f1as infranqueables que nos paralizan e impiden avanzar, subir, llegar a la cima, cambiar. Creemos que no existe en nosotros fuerza suficiente para levantarnos de nuestros sepulcros, de nuestras muertes. No tenemos fuerza para liberarnos de esas piedras que nos aplastan contra la tierra y nos impiden volar, ir hacia lo alto para emprender una nueva vida, una vida de resucitados con Cristo.<\/p>\n<p>\u00abLa fe mueve monta\u00f1as\u00bb. Creer que Cristo resucitado puede transformar mi vida y creerlo de verdad, de modo que me lleve a actuar desde esta convicci\u00f3n, hace que las piedras que me aplastan desaparezcan, se quiten de las entradas de nuestros sepulcros para que podamos salir a una nueva vida. No quitan las piedras de nuestras tumbas ninguna fuerza humana ni nuestras propias fuerzas limitad\u00edsimas. Es el Esp\u00edritu de Dios, la fuerza del Resucitado quien abre los sepulcros. S\u00f3lo se nos pide la fe, que dejemos que nuestro coraz\u00f3n arda con el \u00abfuego nuevo\u00bb de la Pascua para que purifique y reduzca a cenizas todo aquello que pertenece al hombre viejo y nos impide resucitar y vivir la luz nueva de la Pascua, lo que nos impide vivir la luz de Cristo resucitado.<\/p>\n<p>\u00bfCu\u00e1les son nuestros puntos oscuros, los rincones que deben ser iluminados por la luz pascual, la luz de Cristo resucitado? \u00bfC\u00f3mo los podemos iluminar? Como hizo el \u00e1ngel: <em>\u00abY se sent\u00f3 encima\u00bb <\/em><em>(Mt. 28,2)<\/em><em>.<\/em> Si nosotros utilizamos la fuerza de la fe, podemos aprovecharnos de las propias losas que creernos nos aplastan para convertirlas en medio de perfecci\u00f3n e instrumento de trabajo e incluso de evangelizaci\u00f3n, como hizo el \u00e1ngel del Se\u00f1or. Esa dificultad que me impide resucitar, que me impide ser luz y vida nueva en Cristo resucitado, bien asumida, puede ayudarme a crecer y puede servirme para hacer bien a los dem\u00e1s. Nos presentamos humanos, con capacidad de cambiar y de resucitar.<\/p>\n<p>Porque esta experiencia pascual es compartida por muchos. Hay una ingente muchedumbre de personas que, desde la experiencia de la Resurrecci\u00f3n de Jesucristo saben orientar toda su vida. Experimentan a Cristo vivo y que les empuja a vivir desde el Evangelio, le sienten vivo. Jes\u00fas sale del misterio de la muerte y se comunica con ellos. Toda la iniciativa parte de Jes\u00fas, ellos eran muy reacios para creer, pero Cristo les impone su presencia, se les impone lleno de vida.<\/p>\n<p>Es un encuentro que afecta a la persona entera, a todo el ser del hombre. Los disc\u00edpulos est\u00e1n totalmente invadidos por la presencia de Jes\u00fas resucitado. Es una experiencia pacificadora: \u00abLa paz con vosotros\u00bb, se sienten acogidos, bendecidos por Dios, \u00ablos bendijo\u00bb. Les ense\u00f1a, es una experiencia iluminadora. Les consuela, es una experiencia de consolaci\u00f3n. Los env\u00eda a anunciar el Evangelio, experiencia vocacional. Todos los que tienen esta experiencia saben que Cristo est\u00e1 vivo y resucitado, lo viven como una realidad, como un acontecimiento que les afecta totalmente, les coge totalmente. Son otros, criaturas nuevas. Son imparables, capaces de anunciar el Evangelio hasta los confines del mundo.<\/p>\n<p>Desde la Pascua, desde la Resurrecci\u00f3n de Jesucristo podemos entender el misterio de Jes\u00fas. S\u00f3lo el que vive la experiencia pascual, s\u00f3lo el que se encuentra con el Resucitado, descubre todo lo que se encierra en Jes\u00fas. Los disc\u00edpulos descubrieron ah\u00ed que Jes\u00fas era el Cristo, que no hab\u00eda que esperar a nadie m\u00e1s. Dios no resucit\u00f3 a Isa\u00edas, Jerem\u00edas, Juan Bautista ni a ning\u00fan sabio fariseo&#8230; Ha resucitado a Jes\u00fas. Y no s\u00f3lo es el Mes\u00edas: es el \u00abSe\u00f1or\u00bb, el Se\u00f1or de la vida y de la muerte.<\/p>\n<p>La experiencia pascual es un acontecimiento transformador. A los ap\u00f3stoles les cambia totalmente, de miedosos en el Huerto y en la Cruz, les convierte en m\u00e1rtires y la raz\u00f3n es que esta vivo, nadie puede con \u00e9l. El caso extremo es el de Pablo: de perseguidor para a ser el mayor evangelizador de este Cristo resucitado. Sin evoluci\u00f3n; se produce en \u00e9l un cambio repentino. \u00bfC\u00f3mo se explica? Ellos dicen siempre: \u00abnos hemos encontrado con \u00e9l, est\u00e1 vivo\u00bb.<\/p>\n<p>La experiencia pascual es llamada a la misi\u00f3n. Siempre es llamada a anunciar el Evangelio. Todos los episodios de la resurrecci\u00f3n, terminan en misi\u00f3n-evangelizaci\u00f3n. Todos los que han recibido esta experiencia no pueden por menos de comunicarlo, as\u00ed aparece en el Evangelio. El que vive la experiencia pascual, contagia lo vivido. Cuentan lo que ellos han vivido, lo que les ha pasado.<\/p>\n<p>Si yo no siento necesidad, si no siento urgencia de contagiar vida y resurrecci\u00f3n, no me he encontrado con el Resucitado. Ser cristiano es vivir de tal manera que contagies ilusi\u00f3n, alegr\u00eda, vida, ganas de vivir. Que alguien sienta envidia y ganas de contagiarse con nuestro estilo de vida y nuestras ganas de vivir. Con nuestra vida, con la manera de ser, hay que contagiar y transformar toda la realidad que nos rodea. Es la mayor propaganda vocacional. Una persona convencida, que vive la resurrecci\u00f3n de Jes\u00fas, atrae a los dem\u00e1s para hacer esta misma experiencia.<\/p>\n<p>La experiencia pascual se prolonga a lo largo de la vida. No se trata de momentos puntuales, momentos privilegiados. Esta experiencia tiene repercusi\u00f3n, continuidad para toda la vida. Los que han vivido esta experiencia de la resurrecci\u00f3n de Cristo viven de una manera pascual: muriendo al pecado y resucitando a una vida nueva.<\/p>\n<p>Con la resurrecci\u00f3n de Jesucristo, Dios est\u00e1 protestando contra el mal, el odio y el ego\u00edsmo. Dios no est\u00e1 de acuerdo con la cruz, con las injusticias que cometemos los hombres. No est\u00e1 de acuerdo con esta vida en que hay tanto sufrimiento, injusticia, asesinatos&#8230; En la cruz se nos descubre que los hombres somos capaces de crucificar al mejor hombre que ha pisado la tierra. En la cruz se nos descubre el poder del mal, el misterio de la iniquidad: somos capaces de matar al hombre m\u00e1s humano, al mejor. \u00bfDe qu\u00e9 nos podemos sorprender? El primero que ha hecho una manifestaci\u00f3n y reaccionado contra la injusticia es Dios. Es el primero en protestar. Desde la resurrecci\u00f3n, Dios dice que no est\u00e1 de acuerdo y que las cosas no van a quedar as\u00ed.<\/p>\n<p>Dios no permitir\u00e1 que nuestras vidas terminen en el fracaso porque una persona que ha vivido desde y para el amor, que vive entregado al Padre y a los hombres, una vida crucificada en seguimiento de Jes\u00fas hacia el Padre y los hermanos, que se \u00abdesvive\u00bb por el Padre y los hermanos, s\u00f3lo le espera resurrecci\u00f3n. Dios es nuestro futuro. Por eso escrib\u00eda san Juan: <em>\u00abNosotros sabemos que hemos pasado de la muerte a la vida, porque amamos a los hermanos\u00bb <\/em><em>(lJn. 3,14)<\/em><em>.<\/em><\/p>\n<p>Nosotros, nuestras comunidades, estamos llamados a morir a toda clase de desuni\u00f3n, de mal, de pecado y resucitar a la luz nueva del Cristo Pascual, del Cristo resucitado, para ser luz que brilla en nuestro mundo. Una nueva luz, un nuevo fuego que nos transforme y atraiga a los dem\u00e1s.<\/p>\n<p>Pedimos vocaciones. Nuestra mejor oraci\u00f3n por las vocaciones es el ejemplo de nuestras comunidades. Hacer de la vida de nuestras comunidades una oraci\u00f3n continua con la contemplaci\u00f3n y la acci\u00f3n. Si son comunidades pascuales, comunidades que rebosan vida pascual, vida resucitada, ser\u00e1n imanes potentes que atraigan a j\u00f3venes generosos, con deseos de servir y experimentar la vida del Resucitado que nosotros con nuestras propias vidas les transmitimos. No se trata de trabajar m\u00e1s, se trata de ser m\u00e1s profundos, de ser m\u00e1s sinceros, de ser m\u00e1s aut\u00e9nticos y reales, m\u00e1s decididos, m\u00e1s coherentes y m\u00e1s convertidos para aceptar a Cristo resucitado en el centro de nuestras vidas como nos indican las Constituciones en el n\u00ba 59.<\/p>\n<p>Desde la Resurrecci\u00f3n vemos el sentido \u00faltimo de la vida. Se ve el final, el horizonte. La vida no es un par\u00e9ntesis entre dos vac\u00edos, entre la nada. Al que cree en la. resurrecci\u00f3n no se le puede amenazar con nada, nada le puede pasar. Los disc\u00edpulos de Jes\u00fas que han vivido la experiencia del Resucitado salen a comunicarla a los cuatro vientos, no tienen miedo a nadie ni a nada. Salen de sus escondites. Se ven transformados, son imparables, nadie los puede detener, han perdido el miedo a la muerte y al fracaso. No piensan en sus limitaciones y en las dificultades que se van a encontrar. \u00bfDe d\u00f3nde sacan las fuerzas? \u00bfC\u00f3mo se ha producido esta transformaci\u00f3n? Cristo resucitado es su fuerza. Al que cree en la resurrecci\u00f3n, esa fe capacita para vivir sin reservas, sin presupuestos, sin prevenciones. \u00bfHasta qu\u00e9 punto creemos en la resurrecci\u00f3n? \u00bfTenemos esta fe en Cristo resucitado? \u00bfC\u00f3mo est\u00e1 actuando en nosotros?<\/p>\n<p>En la resurrecci\u00f3n de Jes\u00fas, descubrimos la fuerza resucitadora, transformadora, vivificadora del Esp\u00edritu. Quien resucit\u00f3 a Jes\u00fas fue el Esp\u00edritu, el amor. Si el Esp\u00edritu de Jes\u00fas anima nuestro trato, trabajo, misi\u00f3n, servicio, relaciones de comunidad&#8230;, resucitaremos. Y ese Esp\u00edritu es su amor. Amar gratuitamente, ser\u00e1 lo que nos lleve a la resurrecci\u00f3n. El amor es eterno, m\u00e1s fuerte que la muerte. \u00bfQu\u00e9 podemos decir de un amor sin compromiso, con fecha y hora de caducidad? El amor de verdad pide eternidad, como todo lo aut\u00e9ntico y evang\u00e9lico. \u00bfQu\u00e9 estoy viviendo que merezca la pena para la vida eterna? \u00bfQu\u00e9 amor, ternura, servicio&#8230;, que merezca la pena ser eternizado, resucitar? <em>\u00abPorque si confiesas con tu boca que Jes\u00fas es el Se\u00f1or y crees en tu coraz\u00f3n que Dios le resucit\u00f3 de entre los muertos te salvar\u00e1s\u00bb <\/em><em>(Rom 10, 9)<\/em><em>.<\/em> <em>\u00a1Feliz Resurrecci\u00f3n! \u00a1Feliz\u00a0 Pascua de Resurrecci\u00f3n!<\/em><\/p>\n","protected":false},"excerpt":{"rendered":"<p>\u00abYa que hab\u00e9is resucitado con Cristo, buscad los bienes de all\u00e1 arriba, donde est\u00e1 Cristo, sentado a la derecha de Dios; aspirad a los bienes de arriba, no a los de la tierra. Porque hab\u00e9is &#8230; <a href=\"https:\/\/vincentians.com\/es\/resucitados-con-cristo\/\" class=\"more-link\">Read More<\/a><\/p>\n","protected":false},"author":4,"featured_media":399990,"comment_status":"open","ping_status":"open","sticky":false,"template":"","format":"standard","meta":{"jetpack_post_was_ever_published":false,"_jetpack_newsletter_access":"","_jetpack_dont_email_post_to_subs":false,"_jetpack_newsletter_tier_id":0,"_jetpack_memberships_contains_paywalled_content":false,"_jetpack_memberships_contains_paid_content":false,"footnotes":"","jetpack_publicize_message":"","jetpack_publicize_feature_enabled":true,"jetpack_social_post_already_shared":true,"jetpack_social_options":{"image_generator_settings":{"template":"highway","default_image_id":0,"font":"","enabled":false},"version":2}},"categories":[28],"tags":[],"class_list":["post-25129","post","type-post","status-publish","format-standard","has-post-thumbnail","hentry","category-formacion-vicenciana"],"yoast_head":"<!-- This site is optimized with the Yoast SEO plugin v26.3 - https:\/\/yoast.com\/wordpress\/plugins\/seo\/ -->\n<title>Resucitados con Cristo - Somos Vicencianos<\/title>\n<meta name=\"robots\" content=\"index, follow, max-snippet:-1, max-image-preview:large, max-video-preview:-1\" \/>\n<link rel=\"canonical\" href=\"https:\/\/vincentians.com\/es\/resucitados-con-cristo\/\" \/>\n<meta property=\"og:locale\" content=\"es_ES\" \/>\n<meta property=\"og:type\" content=\"article\" \/>\n<meta property=\"og:title\" content=\"Resucitados con Cristo - Somos Vicencianos\" \/>\n<meta property=\"og:description\" content=\"\u00abYa que hab\u00e9is resucitado con Cristo, buscad los bienes de all\u00e1 arriba, donde est\u00e1 Cristo, sentado a la derecha de Dios; aspirad a los bienes de arriba, no a los de la tierra. Porque hab\u00e9is ... Read More\" \/>\n<meta property=\"og:url\" content=\"https:\/\/vincentians.com\/es\/resucitados-con-cristo\/\" \/>\n<meta property=\"og:site_name\" content=\"Somos Vicencianos\" \/>\n<meta property=\"article:publisher\" content=\"https:\/\/www.facebook.com\/WeAreVincentians\/\" \/>\n<meta property=\"article:author\" content=\"https:\/\/www.facebook.com\/JavierChento\" \/>\n<meta property=\"article:published_time\" content=\"2020-07-21T06:38:15+00:00\" \/>\n<meta property=\"og:image\" content=\"https:\/\/i0.wp.com\/vincentians.com\/es\/wp-content\/uploads\/sites\/11\/2016\/09\/espiritu-de-jesus.jpg?fit=1200%2C630&ssl=1\" \/>\n\t<meta property=\"og:image:width\" content=\"1200\" \/>\n\t<meta property=\"og:image:height\" content=\"630\" \/>\n\t<meta property=\"og:image:type\" content=\"image\/jpeg\" \/>\n<meta name=\"author\" content=\"Francisco Javier Fern\u00e1ndez Chento\" \/>\n<meta name=\"twitter:card\" content=\"summary_large_image\" \/>\n<meta name=\"twitter:creator\" content=\"@https:\/\/twitter.com\/javierchento\" \/>\n<meta name=\"twitter:site\" content=\"@WeVincentians\" \/>\n<meta name=\"twitter:label1\" content=\"Escrito por\" \/>\n\t<meta name=\"twitter:data1\" content=\"Francisco Javier Fern\u00e1ndez Chento\" \/>\n\t<meta name=\"twitter:label2\" content=\"Tiempo de lectura\" \/>\n\t<meta name=\"twitter:data2\" content=\"12 minutos\" \/>\n<script type=\"application\/ld+json\" class=\"yoast-schema-graph\">{\"@context\":\"https:\/\/schema.org\",\"@graph\":[{\"@type\":\"Article\",\"@id\":\"https:\/\/vincentians.com\/es\/resucitados-con-cristo\/#article\",\"isPartOf\":{\"@id\":\"https:\/\/vincentians.com\/es\/resucitados-con-cristo\/\"},\"author\":{\"name\":\"Francisco Javier Fern\u00e1ndez Chento\",\"@id\":\"http:\/\/vincentians.com\/es\/#\/schema\/person\/9623ef4d9aa3b2dfb8c061f1499288f2\"},\"headline\":\"Resucitados con Cristo\",\"datePublished\":\"2020-07-21T06:38:15+00:00\",\"mainEntityOfPage\":{\"@id\":\"https:\/\/vincentians.com\/es\/resucitados-con-cristo\/\"},\"wordCount\":2382,\"commentCount\":0,\"publisher\":{\"@id\":\"http:\/\/vincentians.com\/es\/#organization\"},\"image\":{\"@id\":\"https:\/\/vincentians.com\/es\/resucitados-con-cristo\/#primaryimage\"},\"thumbnailUrl\":\"https:\/\/i0.wp.com\/vincentians.com\/es\/wp-content\/uploads\/sites\/11\/2016\/09\/espiritu-de-jesus.jpg?fit=1200%2C630&ssl=1\",\"articleSection\":[\"Formaci\u00f3n Vicenciana\"],\"inLanguage\":\"es\",\"potentialAction\":[{\"@type\":\"CommentAction\",\"name\":\"Comment\",\"target\":[\"https:\/\/vincentians.com\/es\/resucitados-con-cristo\/#respond\"]}]},{\"@type\":\"WebPage\",\"@id\":\"https:\/\/vincentians.com\/es\/resucitados-con-cristo\/\",\"url\":\"https:\/\/vincentians.com\/es\/resucitados-con-cristo\/\",\"name\":\"Resucitados con Cristo - Somos Vicencianos\",\"isPartOf\":{\"@id\":\"http:\/\/vincentians.com\/es\/#website\"},\"primaryImageOfPage\":{\"@id\":\"https:\/\/vincentians.com\/es\/resucitados-con-cristo\/#primaryimage\"},\"image\":{\"@id\":\"https:\/\/vincentians.com\/es\/resucitados-con-cristo\/#primaryimage\"},\"thumbnailUrl\":\"https:\/\/i0.wp.com\/vincentians.com\/es\/wp-content\/uploads\/sites\/11\/2016\/09\/espiritu-de-jesus.jpg?fit=1200%2C630&ssl=1\",\"datePublished\":\"2020-07-21T06:38:15+00:00\",\"breadcrumb\":{\"@id\":\"https:\/\/vincentians.com\/es\/resucitados-con-cristo\/#breadcrumb\"},\"inLanguage\":\"es\",\"potentialAction\":[{\"@type\":\"ReadAction\",\"target\":[\"https:\/\/vincentians.com\/es\/resucitados-con-cristo\/\"]}]},{\"@type\":\"ImageObject\",\"inLanguage\":\"es\",\"@id\":\"https:\/\/vincentians.com\/es\/resucitados-con-cristo\/#primaryimage\",\"url\":\"https:\/\/i0.wp.com\/vincentians.com\/es\/wp-content\/uploads\/sites\/11\/2016\/09\/espiritu-de-jesus.jpg?fit=1200%2C630&ssl=1\",\"contentUrl\":\"https:\/\/i0.wp.com\/vincentians.com\/es\/wp-content\/uploads\/sites\/11\/2016\/09\/espiritu-de-jesus.jpg?fit=1200%2C630&ssl=1\",\"width\":1200,\"height\":630},{\"@type\":\"BreadcrumbList\",\"@id\":\"https:\/\/vincentians.com\/es\/resucitados-con-cristo\/#breadcrumb\",\"itemListElement\":[{\"@type\":\"ListItem\",\"position\":1,\"name\":\"Portada\",\"item\":\"http:\/\/vincentians.com\/es\/\"},{\"@type\":\"ListItem\",\"position\":2,\"name\":\"Resucitados con Cristo\"}]},{\"@type\":\"WebSite\",\"@id\":\"http:\/\/vincentians.com\/es\/#website\",\"url\":\"http:\/\/vincentians.com\/es\/\",\"name\":\"Somos Vicencianos\",\"description\":\"Know more to serve more\",\"publisher\":{\"@id\":\"http:\/\/vincentians.com\/es\/#organization\"},\"potentialAction\":[{\"@type\":\"SearchAction\",\"target\":{\"@type\":\"EntryPoint\",\"urlTemplate\":\"http:\/\/vincentians.com\/es\/?s={search_term_string}\"},\"query-input\":{\"@type\":\"PropertyValueSpecification\",\"valueRequired\":true,\"valueName\":\"search_term_string\"}}],\"inLanguage\":\"es\"},{\"@type\":\"Organization\",\"@id\":\"http:\/\/vincentians.com\/es\/#organization\",\"name\":\"The Vincentian Network\",\"url\":\"http:\/\/vincentians.com\/es\/\",\"logo\":{\"@type\":\"ImageObject\",\"inLanguage\":\"es\",\"@id\":\"http:\/\/vincentians.com\/es\/#\/schema\/logo\/image\/\",\"url\":\"https:\/\/i1.wp.com\/vincentians.com\/es\/wp-content\/uploads\/sites\/11\/2016\/06\/Vincentian-Network-logo-big.png?fit=778%2C778\",\"contentUrl\":\"https:\/\/i1.wp.com\/vincentians.com\/es\/wp-content\/uploads\/sites\/11\/2016\/06\/Vincentian-Network-logo-big.png?fit=778%2C778\",\"width\":778,\"height\":778,\"caption\":\"The Vincentian Network\"},\"image\":{\"@id\":\"http:\/\/vincentians.com\/es\/#\/schema\/logo\/image\/\"},\"sameAs\":[\"https:\/\/www.facebook.com\/WeAreVincentians\/\",\"https:\/\/x.com\/WeVincentians\"]},{\"@type\":\"Person\",\"@id\":\"http:\/\/vincentians.com\/es\/#\/schema\/person\/9623ef4d9aa3b2dfb8c061f1499288f2\",\"name\":\"Francisco Javier Fern\u00e1ndez Chento\",\"image\":{\"@type\":\"ImageObject\",\"inLanguage\":\"es\",\"@id\":\"http:\/\/vincentians.com\/es\/#\/schema\/person\/image\/\",\"url\":\"https:\/\/secure.gravatar.com\/avatar\/497d5cde87b4c3d097d0315953521681ba2cd523ee66e5077c3711f7021e65de?s=96&d=mm&r=g\",\"contentUrl\":\"https:\/\/secure.gravatar.com\/avatar\/497d5cde87b4c3d097d0315953521681ba2cd523ee66e5077c3711f7021e65de?s=96&d=mm&r=g\",\"caption\":\"Francisco Javier Fern\u00e1ndez Chento\"},\"description\":\"Director General y cofundador de La Red de Formaci\u00f3n Vicenciana. Javier es laico vicenciano, afiliado a la Congregaci\u00f3n de la Misi\u00f3n y miembro del Equipo de Misiones Populares de la provincia can\u00f3nica de Zaragoza (Espa\u00f1a) de la Congregaci\u00f3n de la Misi\u00f3n. Graduado en la Universidad Oberta de Catalunya con cuatro grados (Asistente de direcci\u00f3n, Gesti\u00f3n Administrativa, Recursos Humanos y Contabilidad Avanzada). Bil\u00edng\u00fce Espa\u00f1ol\/Ingl\u00e9s. gestiona y mantiene varias p\u00e1ginas web cristianas y vicencianas, incluida including La Red de Formaci\u00f3n Vicenciana, de la que es cofundador. Actualmente es responsable del \u00e1rea de Espa\u00f1ol de .famvin, la Red de Noticias de la Familia Vicenciana. Tambi\u00e9n es m\u00fasico cat\u00f3lico y ha editado varios discos. Es Director General y cofundador de Trovador, una reconocida compa\u00f1\u00eda discogr\u00e1fica critiana de Espa\u00f1a. Trabaja en las Tecnolog\u00edas de la Informaci\u00f3n, ofreciendo servicios de alojamiento, dise\u00f1o y mantenimiento Web, as\u00ed como asesoramiento, formaci\u00f3n y soluciones inform\u00e1ticas, gesti\u00f3n documental y digitalizaci\u00f3n de textos, edici\u00f3n y maquetaci\u00f3n de libros, revistas, flyers, etc.\",\"sameAs\":[\"http:\/\/chento.org\",\"https:\/\/www.facebook.com\/JavierChento\",\"https:\/\/x.com\/https:\/\/twitter.com\/javierchento\"],\"url\":\"https:\/\/vincentians.com\/es\/author\/chento\/\"}]}<\/script>\n<!-- \/ Yoast SEO plugin. -->","yoast_head_json":{"title":"Resucitados con Cristo - Somos Vicencianos","robots":{"index":"index","follow":"follow","max-snippet":"max-snippet:-1","max-image-preview":"max-image-preview:large","max-video-preview":"max-video-preview:-1"},"canonical":"https:\/\/vincentians.com\/es\/resucitados-con-cristo\/","og_locale":"es_ES","og_type":"article","og_title":"Resucitados con Cristo - Somos Vicencianos","og_description":"\u00abYa que hab\u00e9is resucitado con Cristo, buscad los bienes de all\u00e1 arriba, donde est\u00e1 Cristo, sentado a la derecha de Dios; aspirad a los bienes de arriba, no a los de la tierra. Porque hab\u00e9is ... Read More","og_url":"https:\/\/vincentians.com\/es\/resucitados-con-cristo\/","og_site_name":"Somos Vicencianos","article_publisher":"https:\/\/www.facebook.com\/WeAreVincentians\/","article_author":"https:\/\/www.facebook.com\/JavierChento","article_published_time":"2020-07-21T06:38:15+00:00","og_image":[{"width":1200,"height":630,"url":"https:\/\/i0.wp.com\/vincentians.com\/es\/wp-content\/uploads\/sites\/11\/2016\/09\/espiritu-de-jesus.jpg?fit=1200%2C630&ssl=1","type":"image\/jpeg"}],"author":"Francisco Javier Fern\u00e1ndez Chento","twitter_card":"summary_large_image","twitter_creator":"@https:\/\/twitter.com\/javierchento","twitter_site":"@WeVincentians","twitter_misc":{"Escrito por":"Francisco Javier Fern\u00e1ndez Chento","Tiempo de lectura":"12 minutos"},"schema":{"@context":"https:\/\/schema.org","@graph":[{"@type":"Article","@id":"https:\/\/vincentians.com\/es\/resucitados-con-cristo\/#article","isPartOf":{"@id":"https:\/\/vincentians.com\/es\/resucitados-con-cristo\/"},"author":{"name":"Francisco Javier Fern\u00e1ndez Chento","@id":"http:\/\/vincentians.com\/es\/#\/schema\/person\/9623ef4d9aa3b2dfb8c061f1499288f2"},"headline":"Resucitados con Cristo","datePublished":"2020-07-21T06:38:15+00:00","mainEntityOfPage":{"@id":"https:\/\/vincentians.com\/es\/resucitados-con-cristo\/"},"wordCount":2382,"commentCount":0,"publisher":{"@id":"http:\/\/vincentians.com\/es\/#organization"},"image":{"@id":"https:\/\/vincentians.com\/es\/resucitados-con-cristo\/#primaryimage"},"thumbnailUrl":"https:\/\/i0.wp.com\/vincentians.com\/es\/wp-content\/uploads\/sites\/11\/2016\/09\/espiritu-de-jesus.jpg?fit=1200%2C630&ssl=1","articleSection":["Formaci\u00f3n Vicenciana"],"inLanguage":"es","potentialAction":[{"@type":"CommentAction","name":"Comment","target":["https:\/\/vincentians.com\/es\/resucitados-con-cristo\/#respond"]}]},{"@type":"WebPage","@id":"https:\/\/vincentians.com\/es\/resucitados-con-cristo\/","url":"https:\/\/vincentians.com\/es\/resucitados-con-cristo\/","name":"Resucitados con Cristo - Somos Vicencianos","isPartOf":{"@id":"http:\/\/vincentians.com\/es\/#website"},"primaryImageOfPage":{"@id":"https:\/\/vincentians.com\/es\/resucitados-con-cristo\/#primaryimage"},"image":{"@id":"https:\/\/vincentians.com\/es\/resucitados-con-cristo\/#primaryimage"},"thumbnailUrl":"https:\/\/i0.wp.com\/vincentians.com\/es\/wp-content\/uploads\/sites\/11\/2016\/09\/espiritu-de-jesus.jpg?fit=1200%2C630&ssl=1","datePublished":"2020-07-21T06:38:15+00:00","breadcrumb":{"@id":"https:\/\/vincentians.com\/es\/resucitados-con-cristo\/#breadcrumb"},"inLanguage":"es","potentialAction":[{"@type":"ReadAction","target":["https:\/\/vincentians.com\/es\/resucitados-con-cristo\/"]}]},{"@type":"ImageObject","inLanguage":"es","@id":"https:\/\/vincentians.com\/es\/resucitados-con-cristo\/#primaryimage","url":"https:\/\/i0.wp.com\/vincentians.com\/es\/wp-content\/uploads\/sites\/11\/2016\/09\/espiritu-de-jesus.jpg?fit=1200%2C630&ssl=1","contentUrl":"https:\/\/i0.wp.com\/vincentians.com\/es\/wp-content\/uploads\/sites\/11\/2016\/09\/espiritu-de-jesus.jpg?fit=1200%2C630&ssl=1","width":1200,"height":630},{"@type":"BreadcrumbList","@id":"https:\/\/vincentians.com\/es\/resucitados-con-cristo\/#breadcrumb","itemListElement":[{"@type":"ListItem","position":1,"name":"Portada","item":"http:\/\/vincentians.com\/es\/"},{"@type":"ListItem","position":2,"name":"Resucitados con Cristo"}]},{"@type":"WebSite","@id":"http:\/\/vincentians.com\/es\/#website","url":"http:\/\/vincentians.com\/es\/","name":"Somos Vicencianos","description":"Know more to serve more","publisher":{"@id":"http:\/\/vincentians.com\/es\/#organization"},"potentialAction":[{"@type":"SearchAction","target":{"@type":"EntryPoint","urlTemplate":"http:\/\/vincentians.com\/es\/?s={search_term_string}"},"query-input":{"@type":"PropertyValueSpecification","valueRequired":true,"valueName":"search_term_string"}}],"inLanguage":"es"},{"@type":"Organization","@id":"http:\/\/vincentians.com\/es\/#organization","name":"The Vincentian Network","url":"http:\/\/vincentians.com\/es\/","logo":{"@type":"ImageObject","inLanguage":"es","@id":"http:\/\/vincentians.com\/es\/#\/schema\/logo\/image\/","url":"https:\/\/i1.wp.com\/vincentians.com\/es\/wp-content\/uploads\/sites\/11\/2016\/06\/Vincentian-Network-logo-big.png?fit=778%2C778","contentUrl":"https:\/\/i1.wp.com\/vincentians.com\/es\/wp-content\/uploads\/sites\/11\/2016\/06\/Vincentian-Network-logo-big.png?fit=778%2C778","width":778,"height":778,"caption":"The Vincentian Network"},"image":{"@id":"http:\/\/vincentians.com\/es\/#\/schema\/logo\/image\/"},"sameAs":["https:\/\/www.facebook.com\/WeAreVincentians\/","https:\/\/x.com\/WeVincentians"]},{"@type":"Person","@id":"http:\/\/vincentians.com\/es\/#\/schema\/person\/9623ef4d9aa3b2dfb8c061f1499288f2","name":"Francisco Javier Fern\u00e1ndez Chento","image":{"@type":"ImageObject","inLanguage":"es","@id":"http:\/\/vincentians.com\/es\/#\/schema\/person\/image\/","url":"https:\/\/secure.gravatar.com\/avatar\/497d5cde87b4c3d097d0315953521681ba2cd523ee66e5077c3711f7021e65de?s=96&d=mm&r=g","contentUrl":"https:\/\/secure.gravatar.com\/avatar\/497d5cde87b4c3d097d0315953521681ba2cd523ee66e5077c3711f7021e65de?s=96&d=mm&r=g","caption":"Francisco Javier Fern\u00e1ndez Chento"},"description":"Director General y cofundador de La Red de Formaci\u00f3n Vicenciana. Javier es laico vicenciano, afiliado a la Congregaci\u00f3n de la Misi\u00f3n y miembro del Equipo de Misiones Populares de la provincia can\u00f3nica de Zaragoza (Espa\u00f1a) de la Congregaci\u00f3n de la Misi\u00f3n. Graduado en la Universidad Oberta de Catalunya con cuatro grados (Asistente de direcci\u00f3n, Gesti\u00f3n Administrativa, Recursos Humanos y Contabilidad Avanzada). Bil\u00edng\u00fce Espa\u00f1ol\/Ingl\u00e9s. gestiona y mantiene varias p\u00e1ginas web cristianas y vicencianas, incluida including La Red de Formaci\u00f3n Vicenciana, de la que es cofundador. Actualmente es responsable del \u00e1rea de Espa\u00f1ol de .famvin, la Red de Noticias de la Familia Vicenciana. Tambi\u00e9n es m\u00fasico cat\u00f3lico y ha editado varios discos. Es Director General y cofundador de Trovador, una reconocida compa\u00f1\u00eda discogr\u00e1fica critiana de Espa\u00f1a. Trabaja en las Tecnolog\u00edas de la Informaci\u00f3n, ofreciendo servicios de alojamiento, dise\u00f1o y mantenimiento Web, as\u00ed como asesoramiento, formaci\u00f3n y soluciones inform\u00e1ticas, gesti\u00f3n documental y digitalizaci\u00f3n de textos, edici\u00f3n y maquetaci\u00f3n de libros, revistas, flyers, etc.","sameAs":["http:\/\/chento.org","https:\/\/www.facebook.com\/JavierChento","https:\/\/x.com\/https:\/\/twitter.com\/javierchento"],"url":"https:\/\/vincentians.com\/es\/author\/chento\/"}]}},"jetpack_publicize_connections":[],"jetpack_featured_media_url":"https:\/\/i0.wp.com\/vincentians.com\/es\/wp-content\/uploads\/sites\/11\/2016\/09\/espiritu-de-jesus.jpg?fit=1200%2C630&ssl=1","jetpack_sharing_enabled":true,"jetpack_shortlink":"https:\/\/wp.me\/p7ETMF-6xj","jetpack-related-posts":[{"id":136984,"url":"https:\/\/vincentians.com\/es\/domingo-de-resurreccion-reflexion-de-jose-roman-flecha-2\/","url_meta":{"origin":25129,"position":0},"title":"Domingo de Resurrecci\u00f3n (reflexi\u00f3n de Jos\u00e9 Rom\u00e1n Flecha)","author":"Francisco Javier Fern\u00e1ndez Chento","date":"16\/04\/2014","format":false,"excerpt":"FIESTA DE LA LUZ Solemnidad de la Pascua. A 20 de abril de 2014 \u201cHay cristianos cuya opci\u00f3n parece ser la de una cuaresma sin Pascua\u201d. As\u00ed ha escrito el Papa Francisco en su exhortaci\u00f3n La Alegr\u00eda del Evangelio (n.6). La Cuaresma nos ha ido preparando para aceptar la cruz\u2026","rel":"","context":"En \u00abHomil\u00edas y reflexiones, A\u00f1o A\u00bb","block_context":{"text":"Homil\u00edas y reflexiones, A\u00f1o A","link":"https:\/\/vincentians.com\/es\/category\/homilias-y-reflexiones-a-la-palabra-de-dios\/homilias-y-reflexiones-ano-a\/"},"img":{"alt_text":"","src":"https:\/\/i0.wp.com\/vincentians.com\/es\/wp-content\/uploads\/sites\/11\/2016\/07\/reflexiones-palabra-de-dios.jpg?fit=1200%2C630&ssl=1&resize=350%2C200","width":350,"height":200,"srcset":"https:\/\/i0.wp.com\/vincentians.com\/es\/wp-content\/uploads\/sites\/11\/2016\/07\/reflexiones-palabra-de-dios.jpg?fit=1200%2C630&ssl=1&resize=350%2C200 1x, https:\/\/i0.wp.com\/vincentians.com\/es\/wp-content\/uploads\/sites\/11\/2016\/07\/reflexiones-palabra-de-dios.jpg?fit=1200%2C630&ssl=1&resize=525%2C300 1.5x, https:\/\/i0.wp.com\/vincentians.com\/es\/wp-content\/uploads\/sites\/11\/2016\/07\/reflexiones-palabra-de-dios.jpg?fit=1200%2C630&ssl=1&resize=700%2C400 2x, https:\/\/i0.wp.com\/vincentians.com\/es\/wp-content\/uploads\/sites\/11\/2016\/07\/reflexiones-palabra-de-dios.jpg?fit=1200%2C630&ssl=1&resize=1050%2C600 3x"},"classes":[]},{"id":144553,"url":"https:\/\/vincentians.com\/es\/6o-domingo-de-pascua-reflexion-de-javier-balda-c-m\/","url_meta":{"origin":25129,"position":1},"title":"6\u00ba Domingo de Pascua (reflexi\u00f3n de Javier Balda, C.M.)","author":"Francisco Javier Fern\u00e1ndez Chento","date":"08\/04\/2015","format":false,"excerpt":"Yo s\u00ed os he amado Hoy Cristo se te acerca y te dice: \u201cTe amo. Porque te amor me hice hombre. Porque te amor acept\u00e9 la voluntad del Padre. Porque te amo sufr\u00ed persecuci\u00f3n, calumnias, traici\u00f3n, escupitajos, golpes y hasta una muerte ignominiosa en una cruz. Porque te amo resucit\u00e9\u2026","rel":"","context":"En \u00abHomil\u00edas y reflexiones, A\u00f1o B\u00bb","block_context":{"text":"Homil\u00edas y reflexiones, A\u00f1o B","link":"https:\/\/vincentians.com\/es\/category\/homilias-y-reflexiones-a-la-palabra-de-dios\/homilias-y-reflexiones-ano-b\/"},"img":{"alt_text":"","src":"https:\/\/i0.wp.com\/vincentians.com\/es\/wp-content\/uploads\/sites\/11\/2016\/07\/reflexiones-palabra-de-dios.jpg?fit=1200%2C630&ssl=1&resize=350%2C200","width":350,"height":200,"srcset":"https:\/\/i0.wp.com\/vincentians.com\/es\/wp-content\/uploads\/sites\/11\/2016\/07\/reflexiones-palabra-de-dios.jpg?fit=1200%2C630&ssl=1&resize=350%2C200 1x, https:\/\/i0.wp.com\/vincentians.com\/es\/wp-content\/uploads\/sites\/11\/2016\/07\/reflexiones-palabra-de-dios.jpg?fit=1200%2C630&ssl=1&resize=525%2C300 1.5x, https:\/\/i0.wp.com\/vincentians.com\/es\/wp-content\/uploads\/sites\/11\/2016\/07\/reflexiones-palabra-de-dios.jpg?fit=1200%2C630&ssl=1&resize=700%2C400 2x, https:\/\/i0.wp.com\/vincentians.com\/es\/wp-content\/uploads\/sites\/11\/2016\/07\/reflexiones-palabra-de-dios.jpg?fit=1200%2C630&ssl=1&resize=1050%2C600 3x"},"classes":[]},{"id":142996,"url":"https:\/\/vincentians.com\/es\/lectio-para-3o-domingo-de-pascua-preparada-por-chuno-chavez-alva-c-m-2\/","url_meta":{"origin":25129,"position":2},"title":"Lectio para 3\u00ba Domingo de Pascua (preparada por Chuno Ch\u00e1vez Alva, C.M.)","author":"Francisco Javier Fern\u00e1ndez Chento","date":"13\/04\/2015","format":false,"excerpt":"Ustedes son testigo de estas cosas LA PALABRA HOY: Hechos Ap\u00f3stoles 3,13-15.17-19; Salmo 4; 1 Juan 2,1-5; Lucas 24, 35-38 Ambientaci\u00f3n: Cirio pascual, biblia grande, imagen del resucitado Cantos sugeridos: Cristo es nuestra paz; Te conocimos, Se\u00f1or Ambientaci\u00f3n Los textos de hoy establecen una estrecha relaci\u00f3n entre la experiencia pascual\u2026","rel":"","context":"En \u00abHomil\u00edas y reflexiones, A\u00f1o B\u00bb","block_context":{"text":"Homil\u00edas y reflexiones, A\u00f1o B","link":"https:\/\/vincentians.com\/es\/category\/homilias-y-reflexiones-a-la-palabra-de-dios\/homilias-y-reflexiones-ano-b\/"},"img":{"alt_text":"","src":"https:\/\/i0.wp.com\/vincentians.com\/es\/wp-content\/uploads\/sites\/11\/2016\/07\/reflexiones-palabra-de-dios.jpg?fit=1200%2C630&ssl=1&resize=350%2C200","width":350,"height":200,"srcset":"https:\/\/i0.wp.com\/vincentians.com\/es\/wp-content\/uploads\/sites\/11\/2016\/07\/reflexiones-palabra-de-dios.jpg?fit=1200%2C630&ssl=1&resize=350%2C200 1x, https:\/\/i0.wp.com\/vincentians.com\/es\/wp-content\/uploads\/sites\/11\/2016\/07\/reflexiones-palabra-de-dios.jpg?fit=1200%2C630&ssl=1&resize=525%2C300 1.5x, https:\/\/i0.wp.com\/vincentians.com\/es\/wp-content\/uploads\/sites\/11\/2016\/07\/reflexiones-palabra-de-dios.jpg?fit=1200%2C630&ssl=1&resize=700%2C400 2x, https:\/\/i0.wp.com\/vincentians.com\/es\/wp-content\/uploads\/sites\/11\/2016\/07\/reflexiones-palabra-de-dios.jpg?fit=1200%2C630&ssl=1&resize=1050%2C600 3x"},"classes":[]},{"id":135851,"url":"https:\/\/vincentians.com\/es\/domingo-de-resurreccion-reflexion-de-jose-cervantes-gabarron\/","url_meta":{"origin":25129,"position":3},"title":"Domingo de Resurrecci\u00f3n (reflexi\u00f3n de Jos\u00e9 Cervantes Gabarr\u00f3n)","author":"Francisco Javier Fern\u00e1ndez Chento","date":"30\/03\/2013","format":false,"excerpt":"Exulten por el Resucitado Jos\u00e9 Cervantes Gabarr\u00f3n, sacerdote misionero y profesor de Sagrada Escritura.En el preg\u00f3n pascual resuena como una aut\u00e9ntica explosi\u00f3n de alegr\u00eda y j\u00fabilo su primera palabra: \u201cExulten\u201d. Con ella el pregonero de las fiestas de Pascua marca la actitud fundamental que debe llenar el coraz\u00f3n de los\u2026","rel":"","context":"En \u00abHomil\u00edas y reflexiones, A\u00f1o C\u00bb","block_context":{"text":"Homil\u00edas y reflexiones, A\u00f1o C","link":"https:\/\/vincentians.com\/es\/category\/homilias-y-reflexiones-a-la-palabra-de-dios\/homilias-y-reflexiones-ano-c\/"},"img":{"alt_text":"","src":"https:\/\/i0.wp.com\/vincentians.com\/es\/wp-content\/uploads\/sites\/11\/2016\/07\/reflexiones-palabra-de-dios.jpg?fit=1200%2C630&ssl=1&resize=350%2C200","width":350,"height":200,"srcset":"https:\/\/i0.wp.com\/vincentians.com\/es\/wp-content\/uploads\/sites\/11\/2016\/07\/reflexiones-palabra-de-dios.jpg?fit=1200%2C630&ssl=1&resize=350%2C200 1x, https:\/\/i0.wp.com\/vincentians.com\/es\/wp-content\/uploads\/sites\/11\/2016\/07\/reflexiones-palabra-de-dios.jpg?fit=1200%2C630&ssl=1&resize=525%2C300 1.5x, https:\/\/i0.wp.com\/vincentians.com\/es\/wp-content\/uploads\/sites\/11\/2016\/07\/reflexiones-palabra-de-dios.jpg?fit=1200%2C630&ssl=1&resize=700%2C400 2x, https:\/\/i0.wp.com\/vincentians.com\/es\/wp-content\/uploads\/sites\/11\/2016\/07\/reflexiones-palabra-de-dios.jpg?fit=1200%2C630&ssl=1&resize=1050%2C600 3x"},"classes":[]},{"id":142933,"url":"https:\/\/vincentians.com\/es\/2o-domingo-de-pascua-reflexion-de-jose-cervantes-gabarron-3\/","url_meta":{"origin":25129,"position":4},"title":"2\u00ba Domingo de Pascua (reflexi\u00f3n de Jos\u00e9 Cervantes Gabarr\u00f3n)","author":"Francisco Javier Fern\u00e1ndez Chento","date":"11\/04\/2015","format":false,"excerpt":"La gran alegr\u00eda de Cristo Resucitado En estas fiestas de Pascua la Iglesia celebra la gran alegr\u00eda de la resurrecci\u00f3n de Jesucristo. El evangelio de Juan en la liturgia dominical anuncia la presencia de\u00a0Cristo Resucitado\u00a0en la vida humana y el mensaje se centra en la\u00a0doble aparici\u00f3n del resucitado a los\u2026","rel":"","context":"En \u00abHomil\u00edas y reflexiones, A\u00f1o B\u00bb","block_context":{"text":"Homil\u00edas y reflexiones, A\u00f1o B","link":"https:\/\/vincentians.com\/es\/category\/homilias-y-reflexiones-a-la-palabra-de-dios\/homilias-y-reflexiones-ano-b\/"},"img":{"alt_text":"","src":"https:\/\/i0.wp.com\/vincentians.com\/es\/wp-content\/uploads\/sites\/11\/2016\/07\/reflexiones-palabra-de-dios.jpg?fit=1200%2C630&ssl=1&resize=350%2C200","width":350,"height":200,"srcset":"https:\/\/i0.wp.com\/vincentians.com\/es\/wp-content\/uploads\/sites\/11\/2016\/07\/reflexiones-palabra-de-dios.jpg?fit=1200%2C630&ssl=1&resize=350%2C200 1x, https:\/\/i0.wp.com\/vincentians.com\/es\/wp-content\/uploads\/sites\/11\/2016\/07\/reflexiones-palabra-de-dios.jpg?fit=1200%2C630&ssl=1&resize=525%2C300 1.5x, https:\/\/i0.wp.com\/vincentians.com\/es\/wp-content\/uploads\/sites\/11\/2016\/07\/reflexiones-palabra-de-dios.jpg?fit=1200%2C630&ssl=1&resize=700%2C400 2x, https:\/\/i0.wp.com\/vincentians.com\/es\/wp-content\/uploads\/sites\/11\/2016\/07\/reflexiones-palabra-de-dios.jpg?fit=1200%2C630&ssl=1&resize=1050%2C600 3x"},"classes":[]},{"id":143281,"url":"https:\/\/vincentians.com\/es\/3o-domingo-de-pascua-reflexion-de-javier-balda-c-m\/","url_meta":{"origin":25129,"position":5},"title":"3\u00ba Domingo de Pascua (reflexi\u00f3n de Javier Balda, C.M.)","author":"Francisco Javier Fern\u00e1ndez Chento","date":"16\/04\/2015","format":false,"excerpt":"Lo reconocieron al partir el pan Si la cruz era esc\u00e1ndalo para los jud\u00edos y la causa de la deserci\u00f3n de los disc\u00edpulos de Jes\u00fas, la resurrecci\u00f3n confirmar\u00e1 su verdadero sentido: su valor salv\u00edfico. Si la cena del Se\u00f1or fue anticipo y la preparaci\u00f3n para su muerte y resurrecci\u00f3n, ahora\u2026","rel":"","context":"En \u00abHomil\u00edas y reflexiones, A\u00f1o B\u00bb","block_context":{"text":"Homil\u00edas y reflexiones, A\u00f1o B","link":"https:\/\/vincentians.com\/es\/category\/homilias-y-reflexiones-a-la-palabra-de-dios\/homilias-y-reflexiones-ano-b\/"},"img":{"alt_text":"","src":"https:\/\/i0.wp.com\/vincentians.com\/es\/wp-content\/uploads\/sites\/11\/2016\/07\/reflexiones-palabra-de-dios.jpg?fit=1200%2C630&ssl=1&resize=350%2C200","width":350,"height":200,"srcset":"https:\/\/i0.wp.com\/vincentians.com\/es\/wp-content\/uploads\/sites\/11\/2016\/07\/reflexiones-palabra-de-dios.jpg?fit=1200%2C630&ssl=1&resize=350%2C200 1x, https:\/\/i0.wp.com\/vincentians.com\/es\/wp-content\/uploads\/sites\/11\/2016\/07\/reflexiones-palabra-de-dios.jpg?fit=1200%2C630&ssl=1&resize=525%2C300 1.5x, https:\/\/i0.wp.com\/vincentians.com\/es\/wp-content\/uploads\/sites\/11\/2016\/07\/reflexiones-palabra-de-dios.jpg?fit=1200%2C630&ssl=1&resize=700%2C400 2x, https:\/\/i0.wp.com\/vincentians.com\/es\/wp-content\/uploads\/sites\/11\/2016\/07\/reflexiones-palabra-de-dios.jpg?fit=1200%2C630&ssl=1&resize=1050%2C600 3x"},"classes":[]}],"_links":{"self":[{"href":"https:\/\/vincentians.com\/es\/wp-json\/wp\/v2\/posts\/25129","targetHints":{"allow":["GET"]}}],"collection":[{"href":"https:\/\/vincentians.com\/es\/wp-json\/wp\/v2\/posts"}],"about":[{"href":"https:\/\/vincentians.com\/es\/wp-json\/wp\/v2\/types\/post"}],"author":[{"embeddable":true,"href":"https:\/\/vincentians.com\/es\/wp-json\/wp\/v2\/users\/4"}],"replies":[{"embeddable":true,"href":"https:\/\/vincentians.com\/es\/wp-json\/wp\/v2\/comments?post=25129"}],"version-history":[{"count":1,"href":"https:\/\/vincentians.com\/es\/wp-json\/wp\/v2\/posts\/25129\/revisions"}],"predecessor-version":[{"id":402956,"href":"https:\/\/vincentians.com\/es\/wp-json\/wp\/v2\/posts\/25129\/revisions\/402956"}],"wp:featuredmedia":[{"embeddable":true,"href":"https:\/\/vincentians.com\/es\/wp-json\/wp\/v2\/media\/399990"}],"wp:attachment":[{"href":"https:\/\/vincentians.com\/es\/wp-json\/wp\/v2\/media?parent=25129"}],"wp:term":[{"taxonomy":"category","embeddable":true,"href":"https:\/\/vincentians.com\/es\/wp-json\/wp\/v2\/categories?post=25129"},{"taxonomy":"post_tag","embeddable":true,"href":"https:\/\/vincentians.com\/es\/wp-json\/wp\/v2\/tags?post=25129"}],"curies":[{"name":"wp","href":"https:\/\/api.w.org\/{rel}","templated":true}]}}