{"id":25123,"date":"2017-01-01T12:00:44","date_gmt":"2017-01-01T11:00:44","guid":{"rendered":"http:\/\/somos.vicencianos.org\/?p=25123"},"modified":"2016-08-21T09:56:05","modified_gmt":"2016-08-21T07:56:05","slug":"instumentos-de-tu-paz","status":"publish","type":"post","link":"https:\/\/vincentians.com\/es\/instumentos-de-tu-paz\/","title":{"rendered":"Instrumentos de tu paz"},"content":{"rendered":"<p>En estos d\u00edas, al comenzar el nuevo a\u00f1o, nos deseamos toda clase de bendiciones y gracias. Se entrecruzan, en estos deseos nuestros, sentimientos mezcla de tradici\u00f3n, ritos, buenos deseos y tambi\u00e9n oraci\u00f3n. Nos deseamos paz, fraternidad, concordia, entendimiento, en definitiva nos deseamos la felicidad y toda clase de dones. Entre todos estos dones que diariamente recibimos de Dios merece destacarse hoy el don de la paz. No es un don palpable como la salud u otros bienes materiales. Es un don m\u00e1s delicado y espiritual, pero los contiene a todos. Y debemos preferirlo a todos.<\/p>\n<p style=\"text-align: justify;\">S\u00ed, nos deseamos las bendiciones de Dios, pues Dios quiere ser para nosotros bendici\u00f3n, quiere bendecirnos con su paz, su gracia y su amor. Quiere ser para nosotros \u00abdon total, entrega hasta el extremo\u00bb y su nombre es Jes\u00fas. Jes\u00fas es nuestra salvaci\u00f3n, es el sentido de nuestra vida. Pedimos la paz, no una paz cualquiera, sino la paz de Jesucristo, la paz s\u00edntesis de todos los bienes y conjunci\u00f3n de muchas virtudes. No es f\u00e1cil conseguir la paz plena, por eso la pedimos como la mejor bendici\u00f3n de Dios. La paz que nos ofrece Jesucristo nos curar\u00e1 todas nuestras heridas, ser\u00e1 el \u00e1rbitro de nuestras limitaciones y nos dar\u00e1 fuerza para vencernos a nosotros mismos. Cuando Dios nos da su paz sentimos una alegr\u00eda que nos desborda y una seguridad imperturbable, sentimos que algo muy grande se nos ha regalado, como una salvaci\u00f3n definitiva; sabemos que no hay nada que temer, estamos bien guardados por Dios.<\/p>\n<p style=\"text-align: justify;\">La paz que Dios nos ofrece en Jesucristo, es el conjunto de gracias que nos liberan y nos salvan, Jesucristo es el coraz\u00f3n del mensaje evang\u00e9lico, es paz\u00a0 y reconciliaci\u00f3n para todos; pero la paz que nos trajo Jesucristo no se ha implantado en nuestro mundo. Vemos la paz rota en muchos momentos y situaciones de la vida y en muchos lugares de la tierra. \u00bfC\u00f3mo podemos hablar de paz cuando existe tanta violencia? \u00bfC\u00f3mo hablar de paz cuando no acabamos de contar las v\u00edctimas de tanto genocidio, tanta guerra, tanto terrorismo, tantas masacres? \u00bfC\u00f3mo hablar de paz mientras un solo ni\u00f1o muera de hambre? Y por otra parte, \u00bfc\u00f3mo hablar de paz si entre nosotros existen rivalidades, envidias, ofensas y no nos queremos lo suficiente?<\/p>\n<p style=\"text-align: justify;\">La paz era el don m\u00e1s deseado en el pueblo de Dios. Toda bendici\u00f3n y todo saludo iba relacionado con la paz; ven\u00eda a ser un ideal de felicidad, de armon\u00eda, de salvaci\u00f3n; paz que apuntaba a la que llegar\u00eda en los tiempos mesi\u00e1nicos, que se dar\u00eda la mano con la justicia y la santidad. Por eso se expresaban as\u00ed los israelitas: \u00abDesead la paz a Jerusal\u00e9n: vivan seguros los que te aman, haya paz dentro de tus muros, seguridad en tus palacios. Por mis hermanos y compa\u00f1eros voy a decir: la paz contigo\u00bb (Sal 121, 6-8; cf Sal 84, 9). Y pensando en el Mes\u00edas oraban: \u00abQue los montes traigan paz y los collados justicia\u2026 Que en sus d\u00edas florezca la justicia y la paz hasta que falte la luna\u00bb (Sal 71, 3.7; cf Lc 1, 74-75). Por eso, cuando llega el Mes\u00edas, los \u00e1ngeles entonan un himno triunfal: \u00abGloria a Dios en el cielo y en la tierra paz a los hombres amigos de Dios\u00bb.<\/p>\n<p style=\"text-align: justify;\">Necesitamos ser instrumentos de la paz del Se\u00f1or y de la paternidad divina en nuestras comunidades. No podemos ser portadores de paz si\u00a0 no la vivimos dentro. La verdad es que en nuestras comunidades nos llevamos bien. Se vive la entrega, la generosidad y la preocupaci\u00f3n por las otras Hermanas, debemos reconocer que esto es as\u00ed, porque nos har\u00e1 mucho bien. Como humanos que somos, siempre podemos crecer en todo. Siempre podemos crecer en esa finura de esp\u00edritu que nos haga cada d\u00eda m\u00e1s atentos para no pasar nunca sin darnos cuenta del sufrimiento o la preocupaci\u00f3n de la Hermana que est\u00e1 a nuestro lado. Hemos de seguir construyendo nuestra comunidad como una realidad viva donde reinan la concordia y el entendimiento. Que nuestras comunidades sean cen\u00e1culos y remansos de paz, amor y servicio entre todas las que comparten una vida y una misi\u00f3n com\u00fan. Hacer presente cada d\u00eda con m\u00e1s nitidez el reino de Dios en nuestras vidas individual y comunitariamente. As\u00ed estaremos preparados y dispuestos para ser instrumentos de paz en nuestros ambientes y en la misi\u00f3n que el Se\u00f1or nos encomiende.<\/p>\n<p style=\"text-align: justify;\">Queremos la paz. No una paz cualquiera, sino la paz de Jesucristo, la que es s\u00edntesis de todos los bienes y conjunci\u00f3n de muchas virtudes. No es f\u00e1cil conseguir la paz plena; por eso la pedimos como la mejor bendici\u00f3n de Dios. Hemos de pedir la paz para cada uno de nosotros. A veces no somos personas pac\u00edficas y pacificadoras, no vivimos con paz ni podemos transmitirla. Aprendamos a aceptarnos a nosotros mismos para no vivir desasosiegos, complejos y envidias. Hemos de aceptar nuestras propias limitaciones para no vivir llenos de frustraciones. Pidamos aceptarnos, querernos y querer la persona que somos nosotros mismos y que Dios tambi\u00e9n quiere. A\u00fan tenemos en nosotros gestos violentos. Se nos escapa la palabra fuerte, el gesto destemplado. A\u00fan no hemos limado suficientemente nuestras agresividades. Nos falta mansedumbre; nos falta dominio de nuestros malos instintos. No nos faltan resentimientos, rechazos internos, ofensas no perdonadas, rencores no extinguidos. La paz de Cristo nos curar\u00e1 todas estas heridas; ser\u00e1 el \u00e1rbitro en el juego de nuestras pasiones y nos dar\u00e1 fuerza para vencernos a nosotros mismos.<\/p>\n<p style=\"text-align: justify;\">Dios, en este a\u00f1o, nos ofrece la paz, \u00abla paz de Dios que supera todo conocimiento\u00bb (Fil 4, 7). Es una paz toda gracia, toda bendici\u00f3n y salvaci\u00f3n. Paz que brota desde dentro de nuestro coraz\u00f3n, paz que debe ser objeto constante de nuestra meditaci\u00f3n y reflexi\u00f3n, paz que brota del perd\u00f3n que Dios nos ofrece y nos otorga, paz que nos regala Dios y nos trae nuestro Salvador Jesucristo y que nosotros debemos cultivar constantemente. Dios en Cristo Jes\u00fas no s\u00f3lo nos ofrece su paz, se hace paz para nosotros y nos alienta a ser en nuestro mundo instrumentos de su paz. No debemos guardar la paz que Dios nos da, debemos comunicarla, transmitirla, debe crecer y extenderse. Si yo he experimentado la paz en mi coraz\u00f3n debo contagiarla. Quien ha encontrado la paz debe darla a conocer. Dichosos los pac\u00edficos, dichosos los que se esfuerzan por extender la paz, dichosos los que se empe\u00f1an en ser personas de paz, constructores de paz y oran por la paz.<\/p>\n<h2 style=\"text-align: justify;\">I- Personas de paz<\/h2>\n<p style=\"text-align: justify;\">El nacimiento de Jes\u00fas, su presencia en nuestra vida, es la expresi\u00f3n m\u00e1s grande de la solidaridad de Dios con el hombre; Dios entra en la historia humana para amar desde dentro, para liberarla de sus l\u00edmites y de sus miserias, de estos l\u00edmites y de estas miserias que no nos dejan vivir, que nos quitan la paz y nos hacen infecundos. Desde entonces s\u00f3lo un camino conduce a la verdadera felicidad, a la verdadera paz, a la verdadera alegr\u00eda: la que nace de la justicia. Hacerse como \u00e9l, solidarios con los m\u00e1s pobres, hacerse solidarios con los que sufren y padecen, hacerse solidarios con todos los marginados de la tierra, hacerse solidarios de todos los desheredados del mundo, ver el rostro de Cristo en el hambriento, encarcelado, el aterido de fr\u00edo, el enfermo incurable\u2026 y o\u00edr las palabras de Jes\u00fas, \u00abtuve hambre y me diste de comer\u2026\u00bb, es ser instrumentos de paz, personas de paz, y la justicia y la paz que Dios trae al mundo con el nacimiento de Jes\u00fas permanecer\u00e1 con nosotros siempre.<\/p>\n<p style=\"text-align: justify;\">Decimos: \u00aba\u00f1o nuevo, vida nueva\u00bb. Queremos ser personas nuevas, personas renovadas. Queremos tener una vida que nos satisfaga de verdad. Vida en plenitud. Realidad que nos ilusione y transforme, que nos llene de gozo y felicidad a nosotros e ilusione a los que nos rodean. Jes\u00fas lo hace posible. \u00bfQu\u00e9 nos grita la vida? \u00bfLa alegr\u00eda del servicio? \u00bfLa alegr\u00eda de la fe y el amor de Dios? \u00bfQu\u00e9 hacer? \u00bfC\u00f3mo ser instrumentos de la paz y la bendici\u00f3n de Dios para nuestro mundo, para nuestra sociedad, en este a\u00f1o que comenzamos? \u00bfC\u00f3mo poner perd\u00f3n, amor y misericordia en tanto odio y fanatismo? \u00bfC\u00f3mo poner uni\u00f3n, verdad, luz, alegr\u00eda y felicidad en medio de tantas discordias, tanta injusticia, tanta tristeza, tanta oscuridad? En definitiva, \u00bfc\u00f3mo ser nosotros instrumentos de la paz de Dios en nuestro mundo, en este nuevo a\u00f1o que comenzamos? Quitemos todo aquello que no sea vida en nosotros, todo lo que no sea vida entregada en el servicio. Empe\u00f1\u00e9monos en rejuvenecer nuestro coraz\u00f3n, nuestra mente, nuestro deseo de servir.<\/p>\n<p style=\"text-align: justify;\">Sentimos que al pasar los a\u00f1os somos m\u00e1s d\u00e9biles, experimentamos m\u00e1s palpablemente la caducidad de las cosas, nuestra propia finitud. Pero Jes\u00fas nos regala minutos cargados de plenitud y de vida, d\u00edas y a\u00f1os sin t\u00e9rmino, henchidos de eternidad. No nos fijemos en el \u00abbaso de barro\u00bb que nos transporta, fij\u00e9monos en la vida que nos brota desde dentro. Fij\u00e9monos que cada a\u00f1o vivimos m\u00e1s intensamente, cada a\u00f1o somos m\u00e1s, porque cada a\u00f1o estamos m\u00e1s llenos de resurrecci\u00f3n y de vida. Si captamos la voz de Dios Padre que nos dice que nos quiere y nos espera, que cuenta con nosotros, si sentimos deseos de hacer nuestras las alegr\u00edas y esperanzas de todos y de compartir los sufrimientos y tristezas de los dem\u00e1s, es porque la vida brota en nosotros joven y fuerte. Y si tenemos af\u00e1n de crecer, de superarnos, de hacer m\u00e1s, de darnos m\u00e1s, vivimos en plenitud de vida, estamos siendo personas de paz, porque estos son los signos de la vida resucitada, de la eterna juventud de Cristo Jes\u00fas.<\/p>\n<p style=\"text-align: justify;\">Cuando Dios nos da la paz nos entran ganas de perdonar a los dem\u00e1s y a nosotros mismos. Sentimos misericordia y ternura hacia los otros, hacia todos, hacia todo. Sentimos la necesidad de llevar un poco de paz a los que hoy van a encontrarse con nosotros. Deseamos que nuestras miradas, gestos, palabras, nuestro aire y estilo de vida pacifiquen, deseamos ser peque\u00f1os instrumentos de paz en las manos del Se\u00f1or.<\/p>\n<p style=\"text-align: justify;\">Empezar un nuevo a\u00f1o implica perd\u00f3n y reconciliaci\u00f3n. Dios nos perdona y nosotros perdonamos. El perd\u00f3n que nosotros recibimos de Dios debemos extenderlo a aquellos que han podido ofendernos, \u00abque nuestro enojo no dure m\u00e1s all\u00e1 de la puesta del sol\u00bb (Ef 4, 26). La grandeza se manifiesta en el perd\u00f3n, que no quiere decir permisividad ni olvido ni participar del mal que se haya ocasionado. Perd\u00f3n quiere decir generosidad, oferta de gracia, esperanza de renovaci\u00f3n. El perd\u00f3n ofrecido es un camino claro hacia la paz y el entendimiento. \u00a1Cu\u00e1nto ganar\u00edan nuestras comunidades si cada uno de sus miembros nos ofreci\u00e9ramos inmediatamente el perd\u00f3n cuando nos hemos enfadado y ofendido!<\/p>\n<p style=\"text-align: justify;\">Nuestro compromiso para el nuevo a\u00f1o no es una lista de buenos prop\u00f3sitos; s\u00ed asegurar alg\u00fan cambio de actitud o de renovaci\u00f3n en nuestras mejores actitudes de fe, de docilidad, de entrega, de verdadero amor y caridad. Pensemos qu\u00e9 podemos hacer mejor, a qui\u00e9n m\u00e1s podemos ofrecer nuestra mano generosa y amistosa, qu\u00e9 m\u00e1s podemos compartir, en qu\u00e9 m\u00e1s nos podemos superar, a qui\u00e9n m\u00e1s debemos perdonar, a quien m\u00e1s podemos amar, amar m\u00e1s, c\u00f3mo podemos amarnos mejor a nosotros mismos.<\/p>\n<p style=\"text-align: justify;\">La paz de Jesucristo es un don de toda su vida entregada a nosotros, es una paz que nace del hombre libre y solidario, que no teme ni ambiciona, que no tiene enemigos ni esclavos. Es una paz que se identifica con \u00e9l que nace pobre y humilde, con sus manos abiertas y con mensajes de gracia, que muere en la cruz desarmado y despojado, ofreciendo su perd\u00f3n y abriendo bien los brazos para acoger a todos los pueblos, uni\u00e9ndolos y dando muerte a la enemistad. En \u00e9l aparece \u00abla bondad y gracia de Dios que trae la salvaci\u00f3n a todos los hombres\u00bb (Tit 3, 4; 2, 11).<\/p>\n<p style=\"text-align: justify;\">\u00abBienaventurados los pac\u00edficos, porque ellos ser\u00e1n hijos de Dios\u00bb (Mt 5, 9). Si vivimos esta bienaventuranza, si somos pac\u00edficos, si pedimos la paz, la paz verdadera, la que es don de Dios, la que nos trajo Jes\u00fas, pid\u00e1mosla con fuerza porque nos hace mucha falta. Si queremos vivir la paz, hemos de reconciliarnos con nosotros mismos. Si no nos perdonamos, si existen disensiones y divisiones en nosotros mismos, no podemos llevar la paz a nadie. Si no estamos reconciliados con nosotros mismos, solo podemos transmitir angustia. Hemos de ser tolerantes con nosotros mismos, aunque nunca seamos conformistas. Hemos de ser comprensivos, compasivos con nosotros y los dem\u00e1s. Si somos pac\u00edficos, ha de dolernos tanta guerra y todo tipo de violencia. Y no s\u00f3lo las guerras y las masacres, sino los insultos, los odios, las enemistades\u2026 Que no nos resignemos a ning\u00fan tipo de violencia. Si queremos trabajar por la paz, ser personas de paz, no violentos, creamos en la fuerza de la paz, negu\u00e9monos a utilizar las armas, ning\u00fan tipo de armas, materiales o psicol\u00f3gicas, que no queramos matar al enemigo, sino convertirle en amigo, que prefiramos morir antes que matar, pero tampoco dejas que maten, y nunca ser cobardes.<\/p>\n<p style=\"text-align: justify;\">Trabajar por ser persona de paz en la justicia. No puede haber paz sino trabajamos contra la opresi\u00f3n y la miseria, contra la pobreza; mientras haya hambre y miseria, hay una guerra abierta, no declarada, cuyas v\u00edctimas se cuentan por millones. Acercarnos al pobre, no s\u00f3lo para compartir y acompa\u00f1ar en su proceso liberador. Acercarse al pobre es empezar a vivir la solidaridad. Luchar por el pobre es optar por el progreso de todos los hombres y de todo hombre. Evangelizar a los pobres es desactivar todo un sistema b\u00e9lico contra la paz. La extrema pobreza amenaza realmente la paz porque socava la dignidad del hombre, constituye un serio atentado al valor de la vida y perjudica gravemente el desarrollo pac\u00edfico de la sociedad.<\/p>\n<p style=\"text-align: justify;\">Seamos personas que ofrecen paz, que dan paz a todos los hombres, con la mejor voluntad, como lo hizo Dios en la venida de su Hijo para que miremos a todos con amor. Que nos brote el perd\u00f3n espont\u00e1neamente. Que nuestro coraz\u00f3n desborde de ternura y misericordia para todos. La paz de Cristo ha llegado a nuestros corazones. Que la hagamos llegar a todo el mundo. Ser cada d\u00eda m\u00e1s sensibles a los problemas de los dem\u00e1s, m\u00e1s cercanos a todos, cercanos a los m\u00e1s pobres, m\u00e1s comprensivos, comprometidos en busca de la paz; dispuestos a sembrarla en todo el mundo.<\/p>\n<p style=\"text-align: justify;\">Dediquemos este a\u00f1o a vivir el amor, la caridad. Qu\u00e9 iniciativas ofrecemos y qu\u00e9 signos proponemos, tanto a nivel individual como comunitario, para ser instrumentos de verdadera paz. El amor, la caridad, significa perd\u00f3n, significa comunicaci\u00f3n de bienes, significa servicio, significa entregarnos totalmente a los m\u00e1s pobres, significa compromiso liberador, significa lucha contra la injusticia, significa misericordia, significa comuni\u00f3n. \u00bfPodemos vivir este a\u00f1o con m\u00e1s amor, m\u00e1s caridad, m\u00e1s paz?<\/p>\n<h2 style=\"text-align: justify;\">II. Construir la paz<\/h2>\n<p style=\"text-align: justify;\">No es nada f\u00e1cil construir la paz, porque la paz no s\u00f3lo es don de Dios, sino tarea que Dios nos pone para conseguir en la comunidad, en el servicio a los pobres, en nuestra sociedad\u2026 Despu\u00e9s de todo este tiempo, la paz que trajo Cristo no se ha impuesto. Vemos la paz con mil llagas y heridas, rota en mil lugares de nuestro planeta. \u00bfC\u00f3mo construir la paz mientras rivalizamos, nos envidiamos, nos ofendemos y nos queremos menos de lo debido?<\/p>\n<p style=\"text-align: justify;\">La paz exige prudencia y paciencia, humildad y respeto, tacto y amor. Hay muchos caminos que son contrarios a la paz: la competitividad, la codicia, la violencia, en cualquiera de sus formas. \u00bfC\u00f3mo puede florecer la paz en nuestra tierra si arrasamos con las armas cuanto se nos opone o se pone por delante, incluso la naturaleza que nos cr\u00eda y nos sostiene? Hemos de agradecer el don de la paz que nos trajo Jes\u00fas, pedir perd\u00f3n por nuestras luchas, rencillas y disensiones, pedir perd\u00f3n por nuestros conformismos y dejaciones, por nuestros miedos a comprometernos, por dejar hacer y dejar morir, por no ser defensores, constructores y ap\u00f3stoles de la paz. Se nos pide denunciar la violencia de la sociedad, de sistemas opresores, de leyes injustas; hemos de trabajar por la paz en nuestro entorno y ambiente, para vivir la cultura de la paz.<\/p>\n<p style=\"text-align: justify;\">Si optamos por ser pac\u00edficos, pacifiquemos por medio del di\u00e1logo, la tolerancia, el perd\u00f3n, la amistad. Trabajemos por la comprensi\u00f3n y la reconciliaci\u00f3n. Si queremos la paz, construy\u00e1mosla. Si queremos la paz, hagamos todo lo que podamos para vivirla. Si queremos trabajar por la paz, hemos de denunciar la violencia, incluso la violencia estructural, origen de tantas guerras. Resistamos a los violentos. No queremos la paz de los vencidos. Si somos personas pac\u00edficas combatamos la injusticia causa de muchas violencias. No queremos una paz alienante. Si somos pac\u00edficos, defendamos la libertad, porque no queremos la paz sin dignidad, la paz de los esclavos. Si somos pac\u00edficos, vivamos en el amor, hag\u00e1monos voluntarios de la solidaridad. Estos servicios generosos son las mejores piedras para construir la ciudad de los hijos de Dios. Si somos pac\u00edficos, seamos ecologistas, defendamos la paz con la naturaleza, liber\u00e1ndola del yugo de la explotaci\u00f3n y la contaminaci\u00f3n. Todo esto implica vivir siempre con tolerancia y amor.<\/p>\n<p style=\"text-align: justify;\">Cuando nos llenamos de la paz de Jesucristo tambi\u00e9n nosotros podemos irradiarla con nuestras actitudes, podremos sembrarla con palabras y gestos. El pac\u00edfico es hijo de Dios. Los hijos de los hombres son agresivos y violentos, siembran discordias y divisiones, preparan armas cada vez m\u00e1s temibles. A los hijos de Dios se les distinguen enseguida porque son acogedores y dialogantes, son amistosos y cordiales, liman aristas y ven el lado bueno de las cosas, sus manos siempre est\u00e1n abiertas, no han aprendido a cerrarlas. Son, en verdad, hijos de la paz, hijos del amor, hijos de Dios.<\/p>\n<p style=\"text-align: justify;\">El trabajo por la paz es duro y permanente. El trabajador de la paz nunca est\u00e1 en paro. La tarea empieza en el coraz\u00f3n humano, nuestro m\u00e1s pr\u00f3ximo campo de batalla. Pasa por la familia, la comunidad, que tantas veces oculta actitudes belicosas, distantes, intolerantes. Se debe llegar a todas las plataformas del tejido social, donde se dan tantas situaciones agresivas e injustas, y a las relaciones entre regiones y pueblos, para condenar todo tipo de racismo o xenofobia, de explotaci\u00f3n y terror.<\/p>\n<p style=\"text-align: justify;\">Hoy se nos pide iniciar la revoluci\u00f3n de los pac\u00edficos, para que desaparezcan todas las armas y se conviertan en instrumentos para generar bienestar para todo ser humano. Se nos pide que aprendamos a respetarnos y a descubrir los valores de cada persona y de cada pueblo, a utilizar nuestros bienes solamente para el progreso, a defender de verdad la vida, la naturaleza, la belleza\u2026, esta ser\u00eda la revoluci\u00f3n blanca de la paz. \u00a1Que no tengamos que esperar otro milenio para construir la paz, porque nuestro tiempo tiene mal aspecto! No hemos de ser pesimistas. Es verdad que se nos impone por todas partes una cultura de violencia, pero tambi\u00e9n existe un clamor por la paz como nunca, que no puede ser acallado. Que sigan gritando los pac\u00edficos, aunque parezcan locos. Que sigan multiplic\u00e1ndose los profetas de la paz, los testigos y art\u00edfices de la paz. Que sigan resonando las bienaventuranzas de nuestro Se\u00f1or Jesucristo.<\/p>\n<p style=\"text-align: justify;\">Se nos pide cultivar la paz, sembrarla, construirla, acogerla en nuestra mente y en vuestro coraz\u00f3n. Hemos de aceptar que en nosotros quedan muchas cosas que pacificar. No hemos logrado la armon\u00eda interior necesaria. A\u00fan existen muchos sentimientos o resentimientos que nos desequilibran, muchos prejuicios que nos violentan. \u00bfNo nos sorprendemos muchas veces con pensamientos y deseos muy violentos que se exteriorizan en nuestro lenguaje?<\/p>\n<p style=\"text-align: justify;\">Hemos de construir la paz en nuestro entorno, en nuestro servicio a los pobres, en nuestras comunidades, en todas nuestras relaciones. El talante y el ejemplo pacifican. En ocasiones se nos pide una palabra, un consejo, una reprensi\u00f3n, una mediaci\u00f3n. Puedes poner un poco m\u00e1s de serenidad en las discusiones, un poco m\u00e1s de objetividad en los juicios, un poco m\u00e1s de realismo en las apreciaciones, un poco m\u00e1s de amor en todos los encuentros; y a veces basta con un saber relativizar, con un poco m\u00e1s de humor y de gracia. Emprender el camino de dar peque\u00f1os pasos.<\/p>\n<p style=\"text-align: justify;\">Construir la paz en nuestro mundo, nuestra sociedad, no es nada f\u00e1cil, nos parece empresa imposible. Hemos de actuar con paciencia y a largo plazo. Aprender que no podemos trabajar solos, tendremos que mirar a otros constructores de paz, integrarnos con ellos en organizaciones de paz y solidaridad, unirnos a las campa\u00f1as en favor de la paz y la justicia. Son cosas que no dependen s\u00f3lo de nosotros, pero que tambi\u00e9n dependen de nosotros. Podemos ir haciendo conciencia y mentalizar a los dem\u00e1s con nuestras palabras y actuaciones. Tambi\u00e9n desde la base se puede influir en la marcha del mundo, sobre todo cuando la base conecta con el viento del Esp\u00edritu. Todos hemos de ser protagonistas en la construcci\u00f3n del mundo nuevo, m\u00e1s solidario y pac\u00edfico.<\/p>\n<p style=\"text-align: justify;\">La paz debemos desearla, debemos trabajarla, debemos construirla d\u00eda a d\u00eda y con los m\u00e1s m\u00ednimos detalles, con peque\u00f1as actuaciones. Los hijos de Dios son precisamente los pac\u00edficos, los que favorecen la reconciliaci\u00f3n, los que ponen mansedumbre donde hay violencia, perd\u00f3n donde hay venganza, amor, mucho amor, en todas las relaciones humanas. Se trata de una exigencia humana y cristiana. Es una idea necesaria, es una idea imperativa, una idea inspiradora. Ella polariza, las aspiraciones humanas, los esfuerzos y las esperanzas. Es movimiento, crecimiento, trabajo, esfuerzo, conquista.<\/p>\n<p style=\"text-align: justify;\">Para vivir la paz hemos de potenciar el di\u00e1logo. El di\u00e1logo es la fuerza pacificadora m\u00e1s importante que poseemos. El di\u00e1logo supera prejuicios, rompe barreras mentales, vence las incomprensiones, modera las ideolog\u00edas, desvirt\u00faa los fanatismos y hace posible el entendimiento de las personas. El di\u00e1logo es una de las armas m\u00e1s importantes para construir la paz. Tambi\u00e9n hemos de ofrecer el perd\u00f3n y buscar la reconciliaci\u00f3n. La paz se busca en la verdad y el amor. Todo el que ama est\u00e1 dispuesto a perdonar y enterrar resentimientos. Si quieres la paz, olvida y perdona.<\/p>\n<p style=\"text-align: justify;\">\u00bfQu\u00e9 podemos\u00a0 hacer para construir la paz, ser instrumentos de paz y reconciliaci\u00f3n? Realicemos gestos sencillos que nos ayuden a vivir unidos y superar diferencias, construir la paz d\u00eda a d\u00eda, acto a acto para que seamos no personas que s\u00f3lo hablan de paz, sino personas que construyen la paz con cada uno de sus actos. Trabajemos juntos para construir la paz, sin protagonismos, sino como humildes servidores de la paz, servidores esforzados, dialogantes, humildes, unos servidores que piden y ofrecen ayuda, unos servidores que valoran los esfuerzos de todos, unos servidores capaces de colaborar con todos.<\/p>\n<h2 style=\"text-align: justify;\">III. Orar por la paz<\/h2>\n<p style=\"text-align: justify;\">Nos damos cuenta que no vivimos la paz, no somos instrumentos de paz y reconciliaci\u00f3n. Nuestra sociedad tiene comportamientos agresivos que distancian la paz. La paz de Jesucristo es algo muy delicado y exigente; por eso ahora pedimos a Jesucristo que conceda al mundo y a esta sociedad nuestra su paz, paz que es alegr\u00eda, equilibrio, respeto, libertad y amor. Y pedimos que haga de nosotros instrumentos de su paz; que sepamos llevar a nuestros ambientes un poco de serenidad y buen juicio, que la palabra sea adecuada, el gesto confiado, el talante alegre, el trato amistoso, que no amemos la fuerza, sino que seamos fuertes en el amor.<\/p>\n<p style=\"text-align: justify;\">Ser instrumentos de paz, instrumentos de la paz de Dios en nuestro mundo, en nuestro servicio, en nuestras comunidades, nos exige comenzar el a\u00f1o orando por la paz. Rogar al Se\u00f1or por la paz y la justicia con una oraci\u00f3n que brote de lo m\u00e1s hondo de nuestro ser. Una oraci\u00f3n confiada y comprometida. Confiamos que Dios todo lo puede hacer nuevo, todo lo puede transformar. Estamos en las manos de Dios. Una oraci\u00f3n comprometida porque Dios sigue llen\u00e1ndonos de sus dones. Los talentos que \u00e9l nos ha dado tienen que estar en activo, tienen que producir al ciento por uno, porque el mundo nuevo est\u00e1 todav\u00eda por hacer. Nuestro compromiso en este a\u00f1o es seguir realizando la obra de Dios. Continuar lo que Jes\u00fas vino a hacer a la tierra: pasar por la vida haciendo el bien, curando, liberando, resucitando, sembrando amor para que el Reino de Dios sea cada vez una realidad m\u00e1s tangible en nuestro mundo.<\/p>\n<p style=\"text-align: justify;\">Siempre es tiempo oportuno para orar por la paz y para comprometernos con la paz. \u00bfSer\u00e1 un don inalcanzable? \u00bfNo ser\u00e1 posible que nos veamos alg\u00fan d\u00eda libres de guerras y de violencias? Cierto, ser\u00e1 imposible mientras no desaparezcan las verdaderas causas de los conflictos. Vivamos la justicia porque la injusticia es la peor de las armas. Preparemos la paz tendiendo puentes y no construyamos muros. Paz desde la libertad y no una paz obligada, prepara la participaci\u00f3n porque no puede haber una paz impuesta, prepara la verdad porque la mentira y la paz no pueden vivir juntas, prepara la solidaridad porque el compartir desactiva las armas, prepara la capacidad de perd\u00f3n porque desarma al enemigo, prepara la oraci\u00f3n porque la paz, sobre todo es don de Dios y hemos de ped\u00edrsela insistentemente, sin desfallecer.<\/p>\n<p style=\"text-align: justify;\">Orar por la paz siempre. No s\u00f3lo tenemos que trabajar por la paz, hemos de pedirla, orar para que Dios nos env\u00ede la paz. Pedimos la paz invocando el nombre de Jes\u00fas, que es nuestra Paz. Pedimos que Dios nos conceda entra\u00f1as de misericordia, ser humildes, compasivos, serviciales y solidarios. Ir al encuentro del pobre, acercarnos al que sufre para ayudarlo. Pedimos crecer en unidad para que la paz de Jesucristo nos acompa\u00f1e todos los d\u00edas de nuestra vida. Que el rostro de Cristo-Paz ilumine el camino de los hombres, que sea nuestro camino, que hagamos el camino juntos, alegres y solidarios, que al final de todos nuestros caminos encontramos siempre el descanso y el gozo de la paz, que florezca la justicia en todos los rincones de la tierra.<\/p>\n<p style=\"text-align: justify;\">Pedimos el don maravilloso de la paz. Sentimos la necesidad de pedirla, porque los hombres no acabamos de dar con ella. Si queremos la paz, lo primero que debemos hacer es pedirla; Cristo es precisamente el pr\u00edncipe de la paz. Ya, en su nacimiento, los \u00e1ngeles deseaban la paz para todos los hombres. Era como el regalo que Jes\u00fas nos tra\u00eda desde el cielo. Si queremos la paz, pid\u00e1mosla con toda el alma. Tampoco estar\u00eda mal suplicar la intercesi\u00f3n de Mar\u00eda, a la que invocamos como \u00abreina de la paz\u00bb. Ella ayuda siempre a sus hijos a vivir reconciliados y pacificados. \u00bfQu\u00e9 sentir\u00e1 Mar\u00eda cuando nos ve ri\u00f1endo, siempre marcando distancias y llenos de recelos?<\/p>\n<p style=\"text-align: justify;\">Le pedimos a Mar\u00eda este don sagrado, tan necesario de la paz, le decimos: Mar\u00eda, madre de Dios, pacificada y pacificadora, de ojos misericordiosos, servidora total, lluvia de gracias, alc\u00e1nzanos la gracia de la paz. T\u00fa, que uniste en tu vientre al cielo y a la tierra, une a todos los pueblos con los lazos de la comprensi\u00f3n y la solidaridad. T\u00fa, que eres madre de todos los hombres, ay\u00fadanos a vernos y a tratarnos como hermanos, sin ning\u00fan tipo de distinci\u00f3n. T\u00fa, que fuiste al encuentro del pobre y anunciaste su liberaci\u00f3n, ens\u00e9\u00f1anos a acercarnos y a defender a todos los que sufren injusticias, a los pobres y marginados. Madre de la solidaridad, ens\u00e9\u00f1anos a ser vasos comunicantes. Si surgen rencillas, malentendidos entre nosotros, que una mirada o una palabra tuya nos devuelvan la capacidad de entendernos. Propicia nuestros di\u00e1logos, favorece nuestros encuentros, anima nuestra cooperaci\u00f3n, potencia nuestra comuni\u00f3n. Restaura los vestidos rotos de la Iglesia y del mundo. Pedimos, Mar\u00eda, que no te canses de restablecer la unidad que nos lleve a construir la paz, t\u00fa eres la Madre y Virgen del coraz\u00f3n limpio, estrella y abrazo para todos. Te pedimos, pues, Mar\u00eda, que nos ayudes a ser portadores de paz. Dios se fij\u00f3 en Mar\u00eda, se fij\u00f3 en ella y le dio la paz. Ahora ella no hace otra cosa que transmitir en sus ojos la mirada pac\u00edfica de Dios. Sea as\u00ed tambi\u00e9n nuestra mirada.<\/p>\n<p style=\"text-align: justify;\">Os deseo a todas la paz, pero una paz que no nos deje en paz. Una paz que no nos deje tranquilos y satisfechos, una paz que no nos deje descansar, una paz que es un fuego en las entra\u00f1as y que nos lanza a transformar las estructuras injustas que a\u00fan quedan en nuestra sociedad, para que la paz se sostenga sobre la base s\u00f3lida de la justicia y del amor. Nuestra oraci\u00f3n se eleve al Se\u00f1or, en este comienzo del a\u00f1o, con las palabras con que el sacerdote nos bendice en la Eucarist\u00eda del primer d\u00eda del a\u00f1o: \u00abEl Dios, fuente y origen de toda bendici\u00f3n, nos conceda su gracia, derrame sobre nosotros la abundancia de sus bendiciones y os proteja durante este a\u00f1o que hoy comenzamos. \u00c9l nos mantenga \u00edntegros en la fe, inconmovibles en la esperanza y, en medio de las dificultades, perseverantes hasta el fin en la caridad. \u00c9l nos conceda un feliz y pr\u00f3spero a\u00f1o nuevo, escuche siempre nuestras s\u00faplicas y nos lleve a la vida eterna\u00bb<\/p>\n","protected":false},"excerpt":{"rendered":"<p>En estos d\u00edas, al comenzar el nuevo a\u00f1o, nos deseamos toda clase de bendiciones y gracias. Se entrecruzan, en estos deseos nuestros, sentimientos mezcla de tradici\u00f3n, ritos, buenos deseos y tambi\u00e9n oraci\u00f3n. Nos deseamos paz, &#8230; <a href=\"https:\/\/vincentians.com\/es\/instumentos-de-tu-paz\/\" class=\"more-link\">Read More<\/a><\/p>\n","protected":false},"author":4,"featured_media":399698,"comment_status":"open","ping_status":"open","sticky":false,"template":"","format":"standard","meta":{"jetpack_post_was_ever_published":false,"_jetpack_newsletter_access":"","_jetpack_dont_email_post_to_subs":false,"_jetpack_newsletter_tier_id":0,"_jetpack_memberships_contains_paywalled_content":false,"_jetpack_memberships_contains_paid_content":false,"footnotes":"","jetpack_publicize_message":"","jetpack_publicize_feature_enabled":true,"jetpack_social_post_already_shared":true,"jetpack_social_options":{"image_generator_settings":{"template":"highway","default_image_id":0,"font":"","enabled":false},"version":2}},"categories":[28],"tags":[172],"class_list":["post-25123","post","type-post","status-publish","format-standard","has-post-thumbnail","hentry","category-formacion-vicenciana","tag-pobreza"],"yoast_head":"<!-- This site is optimized with the Yoast SEO plugin v26.3 - https:\/\/yoast.com\/wordpress\/plugins\/seo\/ -->\n<title>Instrumentos de tu paz - Somos Vicencianos<\/title>\n<meta name=\"robots\" content=\"index, follow, max-snippet:-1, max-image-preview:large, max-video-preview:-1\" \/>\n<link rel=\"canonical\" href=\"https:\/\/vincentians.com\/es\/instumentos-de-tu-paz\/\" \/>\n<meta property=\"og:locale\" content=\"es_ES\" \/>\n<meta property=\"og:type\" content=\"article\" \/>\n<meta property=\"og:title\" content=\"Instrumentos de tu paz - Somos Vicencianos\" \/>\n<meta property=\"og:description\" content=\"En estos d\u00edas, al comenzar el nuevo a\u00f1o, nos deseamos toda clase de bendiciones y gracias. Se entrecruzan, en estos deseos nuestros, sentimientos mezcla de tradici\u00f3n, ritos, buenos deseos y tambi\u00e9n oraci\u00f3n. Nos deseamos paz, ... Read More\" \/>\n<meta property=\"og:url\" content=\"https:\/\/vincentians.com\/es\/instumentos-de-tu-paz\/\" \/>\n<meta property=\"og:site_name\" content=\"Somos Vicencianos\" \/>\n<meta property=\"article:publisher\" content=\"https:\/\/www.facebook.com\/WeAreVincentians\/\" \/>\n<meta property=\"article:author\" content=\"https:\/\/www.facebook.com\/JavierChento\" \/>\n<meta property=\"article:published_time\" content=\"2017-01-01T11:00:44+00:00\" \/>\n<meta property=\"og:image\" content=\"https:\/\/i0.wp.com\/vincentians.com\/es\/wp-content\/uploads\/sites\/11\/2016\/08\/instrumento-de-tu-paz.jpg?fit=1200%2C630&ssl=1\" \/>\n\t<meta property=\"og:image:width\" content=\"1200\" \/>\n\t<meta property=\"og:image:height\" content=\"630\" \/>\n\t<meta property=\"og:image:type\" content=\"image\/jpeg\" \/>\n<meta name=\"author\" content=\"Francisco Javier Fern\u00e1ndez Chento\" \/>\n<meta name=\"twitter:card\" content=\"summary_large_image\" \/>\n<meta name=\"twitter:creator\" content=\"@https:\/\/twitter.com\/javierchento\" \/>\n<meta name=\"twitter:site\" content=\"@WeVincentians\" \/>\n<meta name=\"twitter:label1\" content=\"Escrito por\" \/>\n\t<meta name=\"twitter:data1\" content=\"Francisco Javier Fern\u00e1ndez Chento\" \/>\n\t<meta name=\"twitter:label2\" content=\"Tiempo de lectura\" \/>\n\t<meta name=\"twitter:data2\" content=\"26 minutos\" \/>\n<script type=\"application\/ld+json\" class=\"yoast-schema-graph\">{\"@context\":\"https:\/\/schema.org\",\"@graph\":[{\"@type\":\"Article\",\"@id\":\"https:\/\/vincentians.com\/es\/instumentos-de-tu-paz\/#article\",\"isPartOf\":{\"@id\":\"https:\/\/vincentians.com\/es\/instumentos-de-tu-paz\/\"},\"author\":{\"name\":\"Francisco Javier Fern\u00e1ndez Chento\",\"@id\":\"http:\/\/vincentians.com\/es\/#\/schema\/person\/9623ef4d9aa3b2dfb8c061f1499288f2\"},\"headline\":\"Instrumentos de tu paz\",\"datePublished\":\"2017-01-01T11:00:44+00:00\",\"mainEntityOfPage\":{\"@id\":\"https:\/\/vincentians.com\/es\/instumentos-de-tu-paz\/\"},\"wordCount\":5153,\"commentCount\":0,\"publisher\":{\"@id\":\"http:\/\/vincentians.com\/es\/#organization\"},\"image\":{\"@id\":\"https:\/\/vincentians.com\/es\/instumentos-de-tu-paz\/#primaryimage\"},\"thumbnailUrl\":\"https:\/\/i0.wp.com\/vincentians.com\/es\/wp-content\/uploads\/sites\/11\/2016\/08\/instrumento-de-tu-paz.jpg?fit=1200%2C630&ssl=1\",\"keywords\":[\"Pobreza\"],\"articleSection\":[\"Formaci\u00f3n Vicenciana\"],\"inLanguage\":\"es\",\"potentialAction\":[{\"@type\":\"CommentAction\",\"name\":\"Comment\",\"target\":[\"https:\/\/vincentians.com\/es\/instumentos-de-tu-paz\/#respond\"]}]},{\"@type\":\"WebPage\",\"@id\":\"https:\/\/vincentians.com\/es\/instumentos-de-tu-paz\/\",\"url\":\"https:\/\/vincentians.com\/es\/instumentos-de-tu-paz\/\",\"name\":\"Instrumentos de tu paz - Somos Vicencianos\",\"isPartOf\":{\"@id\":\"http:\/\/vincentians.com\/es\/#website\"},\"primaryImageOfPage\":{\"@id\":\"https:\/\/vincentians.com\/es\/instumentos-de-tu-paz\/#primaryimage\"},\"image\":{\"@id\":\"https:\/\/vincentians.com\/es\/instumentos-de-tu-paz\/#primaryimage\"},\"thumbnailUrl\":\"https:\/\/i0.wp.com\/vincentians.com\/es\/wp-content\/uploads\/sites\/11\/2016\/08\/instrumento-de-tu-paz.jpg?fit=1200%2C630&ssl=1\",\"datePublished\":\"2017-01-01T11:00:44+00:00\",\"breadcrumb\":{\"@id\":\"https:\/\/vincentians.com\/es\/instumentos-de-tu-paz\/#breadcrumb\"},\"inLanguage\":\"es\",\"potentialAction\":[{\"@type\":\"ReadAction\",\"target\":[\"https:\/\/vincentians.com\/es\/instumentos-de-tu-paz\/\"]}]},{\"@type\":\"ImageObject\",\"inLanguage\":\"es\",\"@id\":\"https:\/\/vincentians.com\/es\/instumentos-de-tu-paz\/#primaryimage\",\"url\":\"https:\/\/i0.wp.com\/vincentians.com\/es\/wp-content\/uploads\/sites\/11\/2016\/08\/instrumento-de-tu-paz.jpg?fit=1200%2C630&ssl=1\",\"contentUrl\":\"https:\/\/i0.wp.com\/vincentians.com\/es\/wp-content\/uploads\/sites\/11\/2016\/08\/instrumento-de-tu-paz.jpg?fit=1200%2C630&ssl=1\",\"width\":1200,\"height\":630},{\"@type\":\"BreadcrumbList\",\"@id\":\"https:\/\/vincentians.com\/es\/instumentos-de-tu-paz\/#breadcrumb\",\"itemListElement\":[{\"@type\":\"ListItem\",\"position\":1,\"name\":\"Portada\",\"item\":\"http:\/\/vincentians.com\/es\/\"},{\"@type\":\"ListItem\",\"position\":2,\"name\":\"Instrumentos de tu paz\"}]},{\"@type\":\"WebSite\",\"@id\":\"http:\/\/vincentians.com\/es\/#website\",\"url\":\"http:\/\/vincentians.com\/es\/\",\"name\":\"Somos Vicencianos\",\"description\":\"Know more to serve more\",\"publisher\":{\"@id\":\"http:\/\/vincentians.com\/es\/#organization\"},\"potentialAction\":[{\"@type\":\"SearchAction\",\"target\":{\"@type\":\"EntryPoint\",\"urlTemplate\":\"http:\/\/vincentians.com\/es\/?s={search_term_string}\"},\"query-input\":{\"@type\":\"PropertyValueSpecification\",\"valueRequired\":true,\"valueName\":\"search_term_string\"}}],\"inLanguage\":\"es\"},{\"@type\":\"Organization\",\"@id\":\"http:\/\/vincentians.com\/es\/#organization\",\"name\":\"The Vincentian Network\",\"url\":\"http:\/\/vincentians.com\/es\/\",\"logo\":{\"@type\":\"ImageObject\",\"inLanguage\":\"es\",\"@id\":\"http:\/\/vincentians.com\/es\/#\/schema\/logo\/image\/\",\"url\":\"https:\/\/i1.wp.com\/vincentians.com\/es\/wp-content\/uploads\/sites\/11\/2016\/06\/Vincentian-Network-logo-big.png?fit=778%2C778\",\"contentUrl\":\"https:\/\/i1.wp.com\/vincentians.com\/es\/wp-content\/uploads\/sites\/11\/2016\/06\/Vincentian-Network-logo-big.png?fit=778%2C778\",\"width\":778,\"height\":778,\"caption\":\"The Vincentian Network\"},\"image\":{\"@id\":\"http:\/\/vincentians.com\/es\/#\/schema\/logo\/image\/\"},\"sameAs\":[\"https:\/\/www.facebook.com\/WeAreVincentians\/\",\"https:\/\/x.com\/WeVincentians\"]},{\"@type\":\"Person\",\"@id\":\"http:\/\/vincentians.com\/es\/#\/schema\/person\/9623ef4d9aa3b2dfb8c061f1499288f2\",\"name\":\"Francisco Javier Fern\u00e1ndez Chento\",\"image\":{\"@type\":\"ImageObject\",\"inLanguage\":\"es\",\"@id\":\"http:\/\/vincentians.com\/es\/#\/schema\/person\/image\/\",\"url\":\"https:\/\/secure.gravatar.com\/avatar\/497d5cde87b4c3d097d0315953521681ba2cd523ee66e5077c3711f7021e65de?s=96&d=mm&r=g\",\"contentUrl\":\"https:\/\/secure.gravatar.com\/avatar\/497d5cde87b4c3d097d0315953521681ba2cd523ee66e5077c3711f7021e65de?s=96&d=mm&r=g\",\"caption\":\"Francisco Javier Fern\u00e1ndez Chento\"},\"description\":\"Director General y cofundador de La Red de Formaci\u00f3n Vicenciana. Javier es laico vicenciano, afiliado a la Congregaci\u00f3n de la Misi\u00f3n y miembro del Equipo de Misiones Populares de la provincia can\u00f3nica de Zaragoza (Espa\u00f1a) de la Congregaci\u00f3n de la Misi\u00f3n. Graduado en la Universidad Oberta de Catalunya con cuatro grados (Asistente de direcci\u00f3n, Gesti\u00f3n Administrativa, Recursos Humanos y Contabilidad Avanzada). Bil\u00edng\u00fce Espa\u00f1ol\/Ingl\u00e9s. gestiona y mantiene varias p\u00e1ginas web cristianas y vicencianas, incluida including La Red de Formaci\u00f3n Vicenciana, de la que es cofundador. Actualmente es responsable del \u00e1rea de Espa\u00f1ol de .famvin, la Red de Noticias de la Familia Vicenciana. Tambi\u00e9n es m\u00fasico cat\u00f3lico y ha editado varios discos. Es Director General y cofundador de Trovador, una reconocida compa\u00f1\u00eda discogr\u00e1fica critiana de Espa\u00f1a. Trabaja en las Tecnolog\u00edas de la Informaci\u00f3n, ofreciendo servicios de alojamiento, dise\u00f1o y mantenimiento Web, as\u00ed como asesoramiento, formaci\u00f3n y soluciones inform\u00e1ticas, gesti\u00f3n documental y digitalizaci\u00f3n de textos, edici\u00f3n y maquetaci\u00f3n de libros, revistas, flyers, etc.\",\"sameAs\":[\"http:\/\/chento.org\",\"https:\/\/www.facebook.com\/JavierChento\",\"https:\/\/x.com\/https:\/\/twitter.com\/javierchento\"],\"url\":\"https:\/\/vincentians.com\/es\/author\/chento\/\"}]}<\/script>\n<!-- \/ Yoast SEO plugin. -->","yoast_head_json":{"title":"Instrumentos de tu paz - Somos Vicencianos","robots":{"index":"index","follow":"follow","max-snippet":"max-snippet:-1","max-image-preview":"max-image-preview:large","max-video-preview":"max-video-preview:-1"},"canonical":"https:\/\/vincentians.com\/es\/instumentos-de-tu-paz\/","og_locale":"es_ES","og_type":"article","og_title":"Instrumentos de tu paz - Somos Vicencianos","og_description":"En estos d\u00edas, al comenzar el nuevo a\u00f1o, nos deseamos toda clase de bendiciones y gracias. Se entrecruzan, en estos deseos nuestros, sentimientos mezcla de tradici\u00f3n, ritos, buenos deseos y tambi\u00e9n oraci\u00f3n. Nos deseamos paz, ... Read More","og_url":"https:\/\/vincentians.com\/es\/instumentos-de-tu-paz\/","og_site_name":"Somos Vicencianos","article_publisher":"https:\/\/www.facebook.com\/WeAreVincentians\/","article_author":"https:\/\/www.facebook.com\/JavierChento","article_published_time":"2017-01-01T11:00:44+00:00","og_image":[{"width":1200,"height":630,"url":"https:\/\/i0.wp.com\/vincentians.com\/es\/wp-content\/uploads\/sites\/11\/2016\/08\/instrumento-de-tu-paz.jpg?fit=1200%2C630&ssl=1","type":"image\/jpeg"}],"author":"Francisco Javier Fern\u00e1ndez Chento","twitter_card":"summary_large_image","twitter_creator":"@https:\/\/twitter.com\/javierchento","twitter_site":"@WeVincentians","twitter_misc":{"Escrito por":"Francisco Javier Fern\u00e1ndez Chento","Tiempo de lectura":"26 minutos"},"schema":{"@context":"https:\/\/schema.org","@graph":[{"@type":"Article","@id":"https:\/\/vincentians.com\/es\/instumentos-de-tu-paz\/#article","isPartOf":{"@id":"https:\/\/vincentians.com\/es\/instumentos-de-tu-paz\/"},"author":{"name":"Francisco Javier Fern\u00e1ndez Chento","@id":"http:\/\/vincentians.com\/es\/#\/schema\/person\/9623ef4d9aa3b2dfb8c061f1499288f2"},"headline":"Instrumentos de tu paz","datePublished":"2017-01-01T11:00:44+00:00","mainEntityOfPage":{"@id":"https:\/\/vincentians.com\/es\/instumentos-de-tu-paz\/"},"wordCount":5153,"commentCount":0,"publisher":{"@id":"http:\/\/vincentians.com\/es\/#organization"},"image":{"@id":"https:\/\/vincentians.com\/es\/instumentos-de-tu-paz\/#primaryimage"},"thumbnailUrl":"https:\/\/i0.wp.com\/vincentians.com\/es\/wp-content\/uploads\/sites\/11\/2016\/08\/instrumento-de-tu-paz.jpg?fit=1200%2C630&ssl=1","keywords":["Pobreza"],"articleSection":["Formaci\u00f3n Vicenciana"],"inLanguage":"es","potentialAction":[{"@type":"CommentAction","name":"Comment","target":["https:\/\/vincentians.com\/es\/instumentos-de-tu-paz\/#respond"]}]},{"@type":"WebPage","@id":"https:\/\/vincentians.com\/es\/instumentos-de-tu-paz\/","url":"https:\/\/vincentians.com\/es\/instumentos-de-tu-paz\/","name":"Instrumentos de tu paz - Somos Vicencianos","isPartOf":{"@id":"http:\/\/vincentians.com\/es\/#website"},"primaryImageOfPage":{"@id":"https:\/\/vincentians.com\/es\/instumentos-de-tu-paz\/#primaryimage"},"image":{"@id":"https:\/\/vincentians.com\/es\/instumentos-de-tu-paz\/#primaryimage"},"thumbnailUrl":"https:\/\/i0.wp.com\/vincentians.com\/es\/wp-content\/uploads\/sites\/11\/2016\/08\/instrumento-de-tu-paz.jpg?fit=1200%2C630&ssl=1","datePublished":"2017-01-01T11:00:44+00:00","breadcrumb":{"@id":"https:\/\/vincentians.com\/es\/instumentos-de-tu-paz\/#breadcrumb"},"inLanguage":"es","potentialAction":[{"@type":"ReadAction","target":["https:\/\/vincentians.com\/es\/instumentos-de-tu-paz\/"]}]},{"@type":"ImageObject","inLanguage":"es","@id":"https:\/\/vincentians.com\/es\/instumentos-de-tu-paz\/#primaryimage","url":"https:\/\/i0.wp.com\/vincentians.com\/es\/wp-content\/uploads\/sites\/11\/2016\/08\/instrumento-de-tu-paz.jpg?fit=1200%2C630&ssl=1","contentUrl":"https:\/\/i0.wp.com\/vincentians.com\/es\/wp-content\/uploads\/sites\/11\/2016\/08\/instrumento-de-tu-paz.jpg?fit=1200%2C630&ssl=1","width":1200,"height":630},{"@type":"BreadcrumbList","@id":"https:\/\/vincentians.com\/es\/instumentos-de-tu-paz\/#breadcrumb","itemListElement":[{"@type":"ListItem","position":1,"name":"Portada","item":"http:\/\/vincentians.com\/es\/"},{"@type":"ListItem","position":2,"name":"Instrumentos de tu paz"}]},{"@type":"WebSite","@id":"http:\/\/vincentians.com\/es\/#website","url":"http:\/\/vincentians.com\/es\/","name":"Somos Vicencianos","description":"Know more to serve more","publisher":{"@id":"http:\/\/vincentians.com\/es\/#organization"},"potentialAction":[{"@type":"SearchAction","target":{"@type":"EntryPoint","urlTemplate":"http:\/\/vincentians.com\/es\/?s={search_term_string}"},"query-input":{"@type":"PropertyValueSpecification","valueRequired":true,"valueName":"search_term_string"}}],"inLanguage":"es"},{"@type":"Organization","@id":"http:\/\/vincentians.com\/es\/#organization","name":"The Vincentian Network","url":"http:\/\/vincentians.com\/es\/","logo":{"@type":"ImageObject","inLanguage":"es","@id":"http:\/\/vincentians.com\/es\/#\/schema\/logo\/image\/","url":"https:\/\/i1.wp.com\/vincentians.com\/es\/wp-content\/uploads\/sites\/11\/2016\/06\/Vincentian-Network-logo-big.png?fit=778%2C778","contentUrl":"https:\/\/i1.wp.com\/vincentians.com\/es\/wp-content\/uploads\/sites\/11\/2016\/06\/Vincentian-Network-logo-big.png?fit=778%2C778","width":778,"height":778,"caption":"The Vincentian Network"},"image":{"@id":"http:\/\/vincentians.com\/es\/#\/schema\/logo\/image\/"},"sameAs":["https:\/\/www.facebook.com\/WeAreVincentians\/","https:\/\/x.com\/WeVincentians"]},{"@type":"Person","@id":"http:\/\/vincentians.com\/es\/#\/schema\/person\/9623ef4d9aa3b2dfb8c061f1499288f2","name":"Francisco Javier Fern\u00e1ndez Chento","image":{"@type":"ImageObject","inLanguage":"es","@id":"http:\/\/vincentians.com\/es\/#\/schema\/person\/image\/","url":"https:\/\/secure.gravatar.com\/avatar\/497d5cde87b4c3d097d0315953521681ba2cd523ee66e5077c3711f7021e65de?s=96&d=mm&r=g","contentUrl":"https:\/\/secure.gravatar.com\/avatar\/497d5cde87b4c3d097d0315953521681ba2cd523ee66e5077c3711f7021e65de?s=96&d=mm&r=g","caption":"Francisco Javier Fern\u00e1ndez Chento"},"description":"Director General y cofundador de La Red de Formaci\u00f3n Vicenciana. Javier es laico vicenciano, afiliado a la Congregaci\u00f3n de la Misi\u00f3n y miembro del Equipo de Misiones Populares de la provincia can\u00f3nica de Zaragoza (Espa\u00f1a) de la Congregaci\u00f3n de la Misi\u00f3n. Graduado en la Universidad Oberta de Catalunya con cuatro grados (Asistente de direcci\u00f3n, Gesti\u00f3n Administrativa, Recursos Humanos y Contabilidad Avanzada). Bil\u00edng\u00fce Espa\u00f1ol\/Ingl\u00e9s. gestiona y mantiene varias p\u00e1ginas web cristianas y vicencianas, incluida including La Red de Formaci\u00f3n Vicenciana, de la que es cofundador. Actualmente es responsable del \u00e1rea de Espa\u00f1ol de .famvin, la Red de Noticias de la Familia Vicenciana. Tambi\u00e9n es m\u00fasico cat\u00f3lico y ha editado varios discos. Es Director General y cofundador de Trovador, una reconocida compa\u00f1\u00eda discogr\u00e1fica critiana de Espa\u00f1a. Trabaja en las Tecnolog\u00edas de la Informaci\u00f3n, ofreciendo servicios de alojamiento, dise\u00f1o y mantenimiento Web, as\u00ed como asesoramiento, formaci\u00f3n y soluciones inform\u00e1ticas, gesti\u00f3n documental y digitalizaci\u00f3n de textos, edici\u00f3n y maquetaci\u00f3n de libros, revistas, flyers, etc.","sameAs":["http:\/\/chento.org","https:\/\/www.facebook.com\/JavierChento","https:\/\/x.com\/https:\/\/twitter.com\/javierchento"],"url":"https:\/\/vincentians.com\/es\/author\/chento\/"}]}},"jetpack_publicize_connections":[],"jetpack_featured_media_url":"https:\/\/i0.wp.com\/vincentians.com\/es\/wp-content\/uploads\/sites\/11\/2016\/08\/instrumento-de-tu-paz.jpg?fit=1200%2C630&ssl=1","jetpack_sharing_enabled":true,"jetpack_shortlink":"https:\/\/wp.me\/p7ETMF-6xd","jetpack-related-posts":[{"id":25140,"url":"https:\/\/vincentians.com\/es\/vivir-en-plenitud-el-tiempo-presente\/","url_meta":{"origin":25123,"position":0},"title":"Vivir en plenitud el tiempo presente","author":"Francisco Javier Fern\u00e1ndez Chento","date":"02\/01\/2011","format":false,"excerpt":"\"Cuando lleg\u00f3 la plenitud de los tiempos, Dios envi\u00f3 a su propio Hijo para liberarnos y hacer que recibi\u00e9ramos la condici\u00f3n de hijos adoptivos de Dios\" (G\u00e1l. 4, 4-5). Los dos mil a\u00f1os de la Encarnaci\u00f3n se nos proponen como una cifra tan plena y tan total, que a todos\u2026","rel":"","context":"En \u00abFormaci\u00f3n Vicenciana\u00bb","block_context":{"text":"Formaci\u00f3n Vicenciana","link":"https:\/\/vincentians.com\/es\/category\/formacion-vicenciana\/"},"img":{"alt_text":"","src":"https:\/\/i0.wp.com\/vicencianos.org\/wp-content\/2010\/12\/adoracionnino-201x300.jpg?resize=350%2C200","width":350,"height":200},"classes":[]},{"id":62279,"url":"https:\/\/vincentians.com\/es\/transformados-por-la-paz-de-cristo-resucitado\/","url_meta":{"origin":25123,"position":1},"title":"Transformados por la paz de Cristo resucitado","author":"Francisco Javier Fern\u00e1ndez Chento","date":"22\/01\/2012","format":false,"excerpt":"Lecturas Ml 4,5-6 Cambiar el coraz\u00f3n de los padres a favor de los hijos, y el coraz\u00f3n de los hijos a favor de los padres Sal 133 \u00a1Qu\u00e9 agradable es que los hermanos vivan juntos! Ef 2,14-20 \u00c9l ha reconciliado con Dios a ambos pueblos por medio de la cruz\u2026","rel":"","context":"En \u00abFormaci\u00f3n Cristiana\u00bb","block_context":{"text":"Formaci\u00f3n Cristiana","link":"https:\/\/vincentians.com\/es\/category\/formacion-cristiana\/"},"img":{"alt_text":"","src":"https:\/\/i0.wp.com\/vicencianos.org\/wp-content\/2012\/01\/ecumenismo-300x192.jpg?resize=350%2C200","width":350,"height":200},"classes":[]},{"id":131125,"url":"https:\/\/vincentians.com\/es\/la-congregacion-de-la-mision-don-de-dios-a-la-iglesia\/","url_meta":{"origin":25123,"position":2},"title":"La Congregaci\u00f3n de la Misi\u00f3n don de Dios a la Iglesia","author":"Francisco Javier Fern\u00e1ndez Chento","date":"19\/08\/2014","format":false,"excerpt":"Los Se\u00f1ores de Gondi... \"creyeron ser\u00eda de gran provecho para la salvaci\u00f3n de las almas y una obra agradable a Dios instituir una piadosa Congregaci\u00f3n de varones rectos e id\u00f3neos que se encargasen de la instrucci\u00f3n de los campesinos... Una vez tomada esta santa resoluci\u00f3n, el Padre Vicente, a quien\u2026","rel":"","context":"En \u00abEspiritualidad vicenciana\u00bb","block_context":{"text":"Espiritualidad vicenciana","link":"https:\/\/vincentians.com\/es\/category\/espiritualidad\/espiritualidad-vicenciana\/"},"img":{"alt_text":"espiritualidad","src":"https:\/\/i0.wp.com\/vicencianos.org\/wp-content\/2014\/07\/espiritualidad.jpg?resize=350%2C200","width":350,"height":200},"classes":[]},{"id":1100,"url":"https:\/\/vincentians.com\/es\/santa-maria-madre-de-dios-reflexion-de-jose-roman-flecha\/","url_meta":{"origin":25123,"position":3},"title":"Santa Mar\u00eda, Madre de Dios (reflexi\u00f3n de Jos\u00e9 Rom\u00e1n Flecha)","author":"Francisco Javier Fern\u00e1ndez Chento","date":"27\/12\/2011","format":false,"excerpt":"flechaLA BENDICI\u00d3N Y LA PAZ Solemnidad de Santa Mar\u00eda Madre de Dios 1 de enero de 2012 En este primer d\u00eda del a\u00f1o, por iniciativa del papa Pablo VI, celebramos la Jornada Mundial de la paz. No es un d\u00eda para multiplicar los discursos ni la firma de los tratados.\u2026","rel":"","context":"En \u00abHomil\u00edas y reflexiones, A\u00f1o B\u00bb","block_context":{"text":"Homil\u00edas y reflexiones, A\u00f1o B","link":"https:\/\/vincentians.com\/es\/category\/homilias-y-reflexiones-a-la-palabra-de-dios\/homilias-y-reflexiones-ano-b\/"},"img":{"alt_text":"","src":"https:\/\/i0.wp.com\/vincentians.com\/es\/wp-content\/uploads\/sites\/11\/2016\/07\/reflexiones-palabra-de-dios.jpg?fit=1200%2C630&ssl=1&resize=350%2C200","width":350,"height":200,"srcset":"https:\/\/i0.wp.com\/vincentians.com\/es\/wp-content\/uploads\/sites\/11\/2016\/07\/reflexiones-palabra-de-dios.jpg?fit=1200%2C630&ssl=1&resize=350%2C200 1x, https:\/\/i0.wp.com\/vincentians.com\/es\/wp-content\/uploads\/sites\/11\/2016\/07\/reflexiones-palabra-de-dios.jpg?fit=1200%2C630&ssl=1&resize=525%2C300 1.5x, https:\/\/i0.wp.com\/vincentians.com\/es\/wp-content\/uploads\/sites\/11\/2016\/07\/reflexiones-palabra-de-dios.jpg?fit=1200%2C630&ssl=1&resize=700%2C400 2x, https:\/\/i0.wp.com\/vincentians.com\/es\/wp-content\/uploads\/sites\/11\/2016\/07\/reflexiones-palabra-de-dios.jpg?fit=1200%2C630&ssl=1&resize=1050%2C600 3x"},"classes":[]},{"id":132331,"url":"https:\/\/vincentians.com\/es\/mensaje-de-navidad-del-presidente-de-la-ssvp-dr-michael-thio\/","url_meta":{"origin":25123,"position":4},"title":"Mensaje de Navidad del Presidente de la SSVP, Dr. Michael Thio","author":"Francisco Javier Fern\u00e1ndez Chento","date":"08\/12\/2014","format":false,"excerpt":"Mis queridos consocios vicentinos, Que la Paz y las Bendiciones del Ni\u00f1o Jes\u00fas est\u00e9n con vosotros. La Navidad es siempre una \u00e9poca especial para las personas de todo el mundo, y mucho m\u00e1s para los cristianos y especialmente para nosotros vicentinos. Nosotros llevamos muy dentro del coraz\u00f3n la celebraci\u00f3n del\u2026","rel":"","context":"En \u00abSociedad de San Vicente de Pa\u00fal\u00bb","block_context":{"text":"Sociedad de San Vicente de Pa\u00fal","link":"https:\/\/vincentians.com\/es\/category\/la-familia-vicenciana\/ramas\/sociedad-de-san-vicente-de-paul\/"},"img":{"alt_text":"MichaelThio","src":"https:\/\/i0.wp.com\/vicencianos.org\/wp-content\/2014\/12\/MichaelThio-300x183.jpg?resize=350%2C200","width":350,"height":200},"classes":[]},{"id":5776,"url":"https:\/\/vincentians.com\/es\/2o-domingo-de-pascua-reflexion-de-jose-roman-flecha-2\/","url_meta":{"origin":25123,"position":5},"title":"2\u00ba domingo de Pascua (reflexi\u00f3n de Jos\u00e9 Rom\u00e1n Flecha)","author":"Francisco Javier Fern\u00e1ndez Chento","date":"22\/04\/2014","format":false,"excerpt":"FIESTA DE MISERICORDIA Solemnidad de la Pascua. A 20 de abril de 2014 El papa Juan Pablo II, que ser\u00e1 canonizado en este d\u00eda junto al papa Juan XXIII, dedic\u00f3 este domingo II de Pascua a la meditaci\u00f3n sobre la Divina Misericordia. Al presentarse en medio de sus disc\u00edpulos, Jes\u00fas\u2026","rel":"","context":"En \u00abHomil\u00edas y reflexiones, A\u00f1o A\u00bb","block_context":{"text":"Homil\u00edas y reflexiones, A\u00f1o A","link":"https:\/\/vincentians.com\/es\/category\/homilias-y-reflexiones-a-la-palabra-de-dios\/homilias-y-reflexiones-ano-a\/"},"img":{"alt_text":"","src":"https:\/\/i0.wp.com\/vincentians.com\/es\/wp-content\/uploads\/sites\/11\/2016\/07\/reflexiones-palabra-de-dios.jpg?fit=1200%2C630&ssl=1&resize=350%2C200","width":350,"height":200,"srcset":"https:\/\/i0.wp.com\/vincentians.com\/es\/wp-content\/uploads\/sites\/11\/2016\/07\/reflexiones-palabra-de-dios.jpg?fit=1200%2C630&ssl=1&resize=350%2C200 1x, https:\/\/i0.wp.com\/vincentians.com\/es\/wp-content\/uploads\/sites\/11\/2016\/07\/reflexiones-palabra-de-dios.jpg?fit=1200%2C630&ssl=1&resize=525%2C300 1.5x, https:\/\/i0.wp.com\/vincentians.com\/es\/wp-content\/uploads\/sites\/11\/2016\/07\/reflexiones-palabra-de-dios.jpg?fit=1200%2C630&ssl=1&resize=700%2C400 2x, https:\/\/i0.wp.com\/vincentians.com\/es\/wp-content\/uploads\/sites\/11\/2016\/07\/reflexiones-palabra-de-dios.jpg?fit=1200%2C630&ssl=1&resize=1050%2C600 3x"},"classes":[]}],"_links":{"self":[{"href":"https:\/\/vincentians.com\/es\/wp-json\/wp\/v2\/posts\/25123","targetHints":{"allow":["GET"]}}],"collection":[{"href":"https:\/\/vincentians.com\/es\/wp-json\/wp\/v2\/posts"}],"about":[{"href":"https:\/\/vincentians.com\/es\/wp-json\/wp\/v2\/types\/post"}],"author":[{"embeddable":true,"href":"https:\/\/vincentians.com\/es\/wp-json\/wp\/v2\/users\/4"}],"replies":[{"embeddable":true,"href":"https:\/\/vincentians.com\/es\/wp-json\/wp\/v2\/comments?post=25123"}],"version-history":[{"count":0,"href":"https:\/\/vincentians.com\/es\/wp-json\/wp\/v2\/posts\/25123\/revisions"}],"wp:featuredmedia":[{"embeddable":true,"href":"https:\/\/vincentians.com\/es\/wp-json\/wp\/v2\/media\/399698"}],"wp:attachment":[{"href":"https:\/\/vincentians.com\/es\/wp-json\/wp\/v2\/media?parent=25123"}],"wp:term":[{"taxonomy":"category","embeddable":true,"href":"https:\/\/vincentians.com\/es\/wp-json\/wp\/v2\/categories?post=25123"},{"taxonomy":"post_tag","embeddable":true,"href":"https:\/\/vincentians.com\/es\/wp-json\/wp\/v2\/tags?post=25123"}],"curies":[{"name":"wp","href":"https:\/\/api.w.org\/{rel}","templated":true}]}}