{"id":24309,"date":"2018-11-17T08:34:35","date_gmt":"2018-11-17T07:34:35","guid":{"rendered":"http:\/\/somos.vicencianos.org\/blog\/2010\/12\/13\/elizabeth-ann-seton-una-santa-para-todos\/"},"modified":"2018-10-17T17:52:17","modified_gmt":"2018-10-17T15:52:17","slug":"elizabeth-ann-seton-una-santa-para-todos","status":"publish","type":"post","link":"https:\/\/vincentians.com\/es\/elizabeth-ann-seton-una-santa-para-todos\/","title":{"rendered":"Elizabeth Ann Seton: una santa para todos"},"content":{"rendered":"<p>Como cat\u00f3licos, los santos son para nosotros un ejemplo de la relaci\u00f3n \u00edntima que puede tener una persona con Dios; sin embargo, de joven yo no pod\u00eda relacionarme con las biograf\u00edas de santos que le\u00eda. No sent\u00eda que ten\u00eda mucho en com\u00fan con una persona que vivi\u00f3 hace mil a\u00f1os, en otro pa\u00eds muy lejano, con otro idioma y otra cultura. La mayor\u00eda de las veces, sus vidas me parec\u00edan inalcanzables. No sent\u00eda ninguna conexi\u00f3n con ellos. Hasta que un d\u00eda me presentaron a Santa Elizabeth Ann Seton.<\/p>\n<p>Acompa\u00f1aba a mi esposo en un viaje de negocios cuando le pregunt\u00e9 al hombre que llevaba las maletas en el hotel la direcci\u00f3n de la Iglesia Cat\u00f3lica m\u00e1s cercana. Ese domingo, el hombre pas\u00f3 el \u00abcepillo\u00bb a la hora de la ofrenda. Se dirigi\u00f3 a m\u00ed y me dijo en voz baja que ten\u00eda un regalo que me quer\u00eda dar al finalizar la misa.<\/p>\n<p>Al finalizar, me entreg\u00f3 una estampa religiosa con la imagen de Santa Elizabeth Ann Seton, que es conocida como la Madre Seton. La estampa ten\u00eda por detr\u00e1s una tela que hab\u00eda tocado su reliquia. La santa \u2013una episcopal practicante que se convirti\u00f3 al catolicismo\u2013 fue esposa y madre de cinco hijos, y fund\u00f3 una orden de religiosas despu\u00e9s de haber enviudado.<\/p>\n<p>En ese entonces yo no conoc\u00eda mucho sobre la vida de esta santa; s\u00f3lo recordaba que, en 1975, el Papa Paulo VI hab\u00eda anunciado su canonizaci\u00f3n. Yo ten\u00eda nueve a\u00f1os y me llam\u00f3 la atenci\u00f3n, porque era la primera santa nacida en mi pa\u00eds, los Estados Unidos.<\/p>\n<p>Meses despu\u00e9s, un medico me indic\u00f3 que quiz\u00e1s me ser\u00eda dif\u00edcil concebir. Entonces comenc\u00e9 a rezarle a esta santa, que fue madre de tantos hijos. Al no sentirme bien de salud volv\u00ed al m\u00e9dico, quien me confirm\u00f3 que estaba embarazada.<\/p>\n<p>Durante el embarazo tuve muchos peque\u00f1os problemas, y me recomendaron descanso para que el beb\u00e9 no naciera antes de tiempo. Los \u00faltimos tres meses los pas\u00e9 reposando, y el nacimiento del beb\u00e9, que se esperaba para el 25 de diciembre, se atras\u00f3. El 3 de enero me indujeron el parto, y el 4 de enero me practicaron una ces\u00e1rea de emergencia. Tres meses despu\u00e9s, agradecida a la Madre Seton por el saludable nacimiento de mi hija, le\u00ed la biograf\u00eda de la santa. Supe entonces que el aniversario de su muerte se conmemora el 4 de enero, d\u00eda del cumplea\u00f1os de mi hija. Interpret\u00e9 esto como una manera en que la Madre Seton me dejaba saber que ella hab\u00eda intercedido por m\u00ed.<\/p>\n<p>Elizabeth Ann Bayley \u2013su apellido de soltera\u2013 naci\u00f3 en Nueva York el 28 de agosto de 1774, poco antes del Primer Congreso Continental celebrado en Filadelfia, que conducir\u00eda a la Guerra de Independencia y al nacimiento de los Estados Unidos. Realiz\u00f3 su ministerio en Maryland, y su vida est\u00e1 muy relacionada con la historia de este pa\u00eds y con muchas figuras importantes de nuestra historia, como el presidente George Washington y el primer secretario del Tesoro, Alexander Hamilton. Su padre, Richard Bayley, era un famoso m\u00e9dico, y fue el primer funcionario de Salud P\u00fablica de la Ciudad de Nueva York. Su familia era prominente y disfrutaba de una buena situaci\u00f3n econ\u00f3mica.<\/p>\n<p>A los 25 a\u00f1os de edad, Elizabeth Ann se cas\u00f3 con William Seton, el hijo mayor de uno de los m\u00e1s ricos importadores de Nueva York. Siempre fue muy caritativa. Ella y un c\u00edrculo de amigas ayudaban a los pobres y las viudas de su comunidad. Tambi\u00e9n conoci\u00f3 los problemas econ\u00f3micos cuando la compa\u00f1\u00eda de su esposo quebr\u00f3. Su mayor aporte a este pa\u00eds fue fundar el primer colegio cat\u00f3lico gratuito, el primer orfanato y hospital cat\u00f3lico, y la Orden de las Hijas de la Caridad de Emmitsburg, Maryland.<\/p>\n<p>\u00abTodos tenemos algo que nos identifica con ella\u00bb, explica la Hna. Mary Clare Hughes, directora del Santuario de la Madre Seton, en Maryland. \u00abEl que pierde sus padres de muy joven; el que tiene dificultad con una madrastra; la que es casada; la que es madre; el que lucha con una conversi\u00f3n religiosa; el que sufre problemas econ\u00f3micos; quien sufre la p\u00e9rdida de un hijo o de su c\u00f3nyuge, o quien es discriminado por su religi\u00f3n.\u00bb<\/p>\n<p>El poder caminar por los mismos sitios que ella, es poder vivir un poco su vida y hacerla m\u00e1s real en nuestra mente. La zona es conocida desde la \u00e9poca de la santa como el Valle de San Jos\u00e9. All\u00ed fue edificada una capilla, designada por el Papa Juan Pablo II, en agosto de 1991, como bas\u00edlica menor, donde los visitantes pueden recibir indulgencias especiales durante sus visitas. En la capilla hay una estatua de la santa esculpida en Italia, y bajo el altar est\u00e1n enterradas sus reliquias.<\/p>\n<p>Tambi\u00e9n en los terrenos se puede visitar dos casas donde la Madre Seton y sus religiosas viv\u00edan y ense\u00f1aban, un cementerio donde est\u00e1n enterrados sus familiares y mi lugar favorito, el museo. La exhibici\u00f3n relata la vida de esta santa en una pel\u00edcula, exhibe sus pertenencias personales tales como su anillo de bodas, libros de oraciones y cartas que les escrib\u00eda a sus hijos entre muchas otras cosas.<\/p>\n<p>A tres millas de este sitio sagrado hay una gruta, r\u00e9plica de la de la Virgen de Lourdes, con bellos jardines e im\u00e1genes, y all\u00ed est\u00e1 el sitio donde la santa ense\u00f1aba el catecismo a sus alumnos. Cuando se sale de la bas\u00edlicas si se mira hacia el cielo, es posible apreciar una imagen dorada de la Virgen en una monta\u00f1a, la cual se\u00f1ala que all\u00ed est\u00e1 la gruta.<\/p>\n<p>\u00abEs alguien a quien uno siente deseos de rezarle. Una mujer casada de una fe profunda\u00bb, explica Linda Kozlowski, que visit\u00f3 la bas\u00edlica en agosto. Su hermana Judy Krall, de Pensilvania, atribuye varios milagros a la intercesi\u00f3n de la santa, que es un ejemplo para la mujer moderna. Supo tomar decisiones, administrar negocios, valerse por s\u00ed misma, crecer en la fe y confiar siempre en Dios. Al morir de tuberculosis, con s\u00f3lo 46 a\u00f1os de edad, les dijo a las Hermanas reunidas alrededor de su lecho de muerte: \u00abSed Hijas de la Iglesia, Sed Hijas de la Iglesia\u00bb, palabras que parecen hacer echo a todas las mujeres de hoy.<\/p>\n","protected":false},"excerpt":{"rendered":"<p>Como cat\u00f3licos, los santos son para nosotros un ejemplo de la relaci\u00f3n \u00edntima que puede tener una persona con Dios; sin embargo, de joven yo no pod\u00eda relacionarme con las biograf\u00edas de santos que le\u00eda. &#8230; <a href=\"https:\/\/vincentians.com\/es\/elizabeth-ann-seton-una-santa-para-todos\/\" class=\"more-link\">Read More<\/a><\/p>\n","protected":false},"author":4,"featured_media":399861,"comment_status":"open","ping_status":"open","sticky":false,"template":"","format":"standard","meta":{"jetpack_post_was_ever_published":false,"_jetpack_newsletter_access":"","_jetpack_dont_email_post_to_subs":false,"_jetpack_newsletter_tier_id":0,"_jetpack_memberships_contains_paywalled_content":false,"_jetpack_memberships_contains_paid_content":false,"footnotes":"","jetpack_publicize_message":"","jetpack_publicize_feature_enabled":true,"jetpack_social_post_already_shared":true,"jetpack_social_options":{"image_generator_settings":{"template":"highway","default_image_id":0,"font":"","enabled":false},"version":2}},"categories":[24],"tags":[],"class_list":["post-24309","post","type-post","status-publish","format-standard","has-post-thumbnail","hentry","category-isabel-ana-bayley-seton"],"yoast_head":"<!-- This site is optimized with the Yoast SEO plugin v26.3 - https:\/\/yoast.com\/wordpress\/plugins\/seo\/ -->\n<title>Elizabeth Ann Seton: una santa para todos - Somos Vicencianos<\/title>\n<meta name=\"robots\" content=\"index, follow, max-snippet:-1, max-image-preview:large, max-video-preview:-1\" \/>\n<link rel=\"canonical\" href=\"https:\/\/vincentians.com\/es\/elizabeth-ann-seton-una-santa-para-todos\/\" \/>\n<meta property=\"og:locale\" content=\"es_ES\" \/>\n<meta property=\"og:type\" content=\"article\" \/>\n<meta property=\"og:title\" content=\"Elizabeth Ann Seton: una santa para todos - Somos Vicencianos\" \/>\n<meta property=\"og:description\" content=\"Como cat\u00f3licos, los santos son para nosotros un ejemplo de la relaci\u00f3n \u00edntima que puede tener una persona con Dios; sin embargo, de joven yo no pod\u00eda relacionarme con las biograf\u00edas de santos que le\u00eda. ... Read More\" \/>\n<meta property=\"og:url\" content=\"https:\/\/vincentians.com\/es\/elizabeth-ann-seton-una-santa-para-todos\/\" \/>\n<meta property=\"og:site_name\" content=\"Somos Vicencianos\" \/>\n<meta property=\"article:publisher\" content=\"https:\/\/www.facebook.com\/WeAreVincentians\/\" \/>\n<meta property=\"article:author\" content=\"https:\/\/www.facebook.com\/JavierChento\" \/>\n<meta property=\"article:published_time\" content=\"2018-11-17T07:34:35+00:00\" \/>\n<meta property=\"og:image\" content=\"https:\/\/i0.wp.com\/vincentians.com\/es\/wp-content\/uploads\/sites\/11\/2016\/09\/conversion.jpg?fit=1200%2C630&ssl=1\" \/>\n\t<meta property=\"og:image:width\" content=\"1200\" \/>\n\t<meta property=\"og:image:height\" content=\"630\" \/>\n\t<meta property=\"og:image:type\" content=\"image\/jpeg\" \/>\n<meta name=\"author\" content=\"Francisco Javier Fern\u00e1ndez Chento\" \/>\n<meta name=\"twitter:card\" content=\"summary_large_image\" \/>\n<meta name=\"twitter:creator\" content=\"@https:\/\/twitter.com\/javierchento\" \/>\n<meta name=\"twitter:site\" content=\"@WeVincentians\" \/>\n<meta name=\"twitter:label1\" content=\"Escrito por\" \/>\n\t<meta name=\"twitter:data1\" content=\"Francisco Javier Fern\u00e1ndez Chento\" \/>\n\t<meta name=\"twitter:label2\" content=\"Tiempo de lectura\" \/>\n\t<meta name=\"twitter:data2\" content=\"6 minutos\" \/>\n<script type=\"application\/ld+json\" class=\"yoast-schema-graph\">{\"@context\":\"https:\/\/schema.org\",\"@graph\":[{\"@type\":\"Article\",\"@id\":\"https:\/\/vincentians.com\/es\/elizabeth-ann-seton-una-santa-para-todos\/#article\",\"isPartOf\":{\"@id\":\"https:\/\/vincentians.com\/es\/elizabeth-ann-seton-una-santa-para-todos\/\"},\"author\":{\"name\":\"Francisco Javier Fern\u00e1ndez Chento\",\"@id\":\"http:\/\/vincentians.com\/es\/#\/schema\/person\/9623ef4d9aa3b2dfb8c061f1499288f2\"},\"headline\":\"Elizabeth Ann Seton: una santa para todos\",\"datePublished\":\"2018-11-17T07:34:35+00:00\",\"mainEntityOfPage\":{\"@id\":\"https:\/\/vincentians.com\/es\/elizabeth-ann-seton-una-santa-para-todos\/\"},\"wordCount\":1113,\"commentCount\":4,\"publisher\":{\"@id\":\"http:\/\/vincentians.com\/es\/#organization\"},\"image\":{\"@id\":\"https:\/\/vincentians.com\/es\/elizabeth-ann-seton-una-santa-para-todos\/#primaryimage\"},\"thumbnailUrl\":\"https:\/\/i0.wp.com\/vincentians.com\/es\/wp-content\/uploads\/sites\/11\/2016\/09\/conversion.jpg?fit=1200%2C630&ssl=1\",\"articleSection\":[\"Isabel Ana Bayley Seton\"],\"inLanguage\":\"es\",\"potentialAction\":[{\"@type\":\"CommentAction\",\"name\":\"Comment\",\"target\":[\"https:\/\/vincentians.com\/es\/elizabeth-ann-seton-una-santa-para-todos\/#respond\"]}]},{\"@type\":\"WebPage\",\"@id\":\"https:\/\/vincentians.com\/es\/elizabeth-ann-seton-una-santa-para-todos\/\",\"url\":\"https:\/\/vincentians.com\/es\/elizabeth-ann-seton-una-santa-para-todos\/\",\"name\":\"Elizabeth Ann Seton: una santa para todos - Somos Vicencianos\",\"isPartOf\":{\"@id\":\"http:\/\/vincentians.com\/es\/#website\"},\"primaryImageOfPage\":{\"@id\":\"https:\/\/vincentians.com\/es\/elizabeth-ann-seton-una-santa-para-todos\/#primaryimage\"},\"image\":{\"@id\":\"https:\/\/vincentians.com\/es\/elizabeth-ann-seton-una-santa-para-todos\/#primaryimage\"},\"thumbnailUrl\":\"https:\/\/i0.wp.com\/vincentians.com\/es\/wp-content\/uploads\/sites\/11\/2016\/09\/conversion.jpg?fit=1200%2C630&ssl=1\",\"datePublished\":\"2018-11-17T07:34:35+00:00\",\"breadcrumb\":{\"@id\":\"https:\/\/vincentians.com\/es\/elizabeth-ann-seton-una-santa-para-todos\/#breadcrumb\"},\"inLanguage\":\"es\",\"potentialAction\":[{\"@type\":\"ReadAction\",\"target\":[\"https:\/\/vincentians.com\/es\/elizabeth-ann-seton-una-santa-para-todos\/\"]}]},{\"@type\":\"ImageObject\",\"inLanguage\":\"es\",\"@id\":\"https:\/\/vincentians.com\/es\/elizabeth-ann-seton-una-santa-para-todos\/#primaryimage\",\"url\":\"https:\/\/i0.wp.com\/vincentians.com\/es\/wp-content\/uploads\/sites\/11\/2016\/09\/conversion.jpg?fit=1200%2C630&ssl=1\",\"contentUrl\":\"https:\/\/i0.wp.com\/vincentians.com\/es\/wp-content\/uploads\/sites\/11\/2016\/09\/conversion.jpg?fit=1200%2C630&ssl=1\",\"width\":1200,\"height\":630},{\"@type\":\"BreadcrumbList\",\"@id\":\"https:\/\/vincentians.com\/es\/elizabeth-ann-seton-una-santa-para-todos\/#breadcrumb\",\"itemListElement\":[{\"@type\":\"ListItem\",\"position\":1,\"name\":\"Portada\",\"item\":\"http:\/\/vincentians.com\/es\/\"},{\"@type\":\"ListItem\",\"position\":2,\"name\":\"Elizabeth Ann Seton: una santa para todos\"}]},{\"@type\":\"WebSite\",\"@id\":\"http:\/\/vincentians.com\/es\/#website\",\"url\":\"http:\/\/vincentians.com\/es\/\",\"name\":\"Somos Vicencianos\",\"description\":\"Know more to serve more\",\"publisher\":{\"@id\":\"http:\/\/vincentians.com\/es\/#organization\"},\"potentialAction\":[{\"@type\":\"SearchAction\",\"target\":{\"@type\":\"EntryPoint\",\"urlTemplate\":\"http:\/\/vincentians.com\/es\/?s={search_term_string}\"},\"query-input\":{\"@type\":\"PropertyValueSpecification\",\"valueRequired\":true,\"valueName\":\"search_term_string\"}}],\"inLanguage\":\"es\"},{\"@type\":\"Organization\",\"@id\":\"http:\/\/vincentians.com\/es\/#organization\",\"name\":\"The Vincentian Network\",\"url\":\"http:\/\/vincentians.com\/es\/\",\"logo\":{\"@type\":\"ImageObject\",\"inLanguage\":\"es\",\"@id\":\"http:\/\/vincentians.com\/es\/#\/schema\/logo\/image\/\",\"url\":\"https:\/\/i1.wp.com\/vincentians.com\/es\/wp-content\/uploads\/sites\/11\/2016\/06\/Vincentian-Network-logo-big.png?fit=778%2C778\",\"contentUrl\":\"https:\/\/i1.wp.com\/vincentians.com\/es\/wp-content\/uploads\/sites\/11\/2016\/06\/Vincentian-Network-logo-big.png?fit=778%2C778\",\"width\":778,\"height\":778,\"caption\":\"The Vincentian Network\"},\"image\":{\"@id\":\"http:\/\/vincentians.com\/es\/#\/schema\/logo\/image\/\"},\"sameAs\":[\"https:\/\/www.facebook.com\/WeAreVincentians\/\",\"https:\/\/x.com\/WeVincentians\"]},{\"@type\":\"Person\",\"@id\":\"http:\/\/vincentians.com\/es\/#\/schema\/person\/9623ef4d9aa3b2dfb8c061f1499288f2\",\"name\":\"Francisco Javier Fern\u00e1ndez Chento\",\"image\":{\"@type\":\"ImageObject\",\"inLanguage\":\"es\",\"@id\":\"http:\/\/vincentians.com\/es\/#\/schema\/person\/image\/\",\"url\":\"https:\/\/secure.gravatar.com\/avatar\/497d5cde87b4c3d097d0315953521681ba2cd523ee66e5077c3711f7021e65de?s=96&d=mm&r=g\",\"contentUrl\":\"https:\/\/secure.gravatar.com\/avatar\/497d5cde87b4c3d097d0315953521681ba2cd523ee66e5077c3711f7021e65de?s=96&d=mm&r=g\",\"caption\":\"Francisco Javier Fern\u00e1ndez Chento\"},\"description\":\"Director General y cofundador de La Red de Formaci\u00f3n Vicenciana. Javier es laico vicenciano, afiliado a la Congregaci\u00f3n de la Misi\u00f3n y miembro del Equipo de Misiones Populares de la provincia can\u00f3nica de Zaragoza (Espa\u00f1a) de la Congregaci\u00f3n de la Misi\u00f3n. Graduado en la Universidad Oberta de Catalunya con cuatro grados (Asistente de direcci\u00f3n, Gesti\u00f3n Administrativa, Recursos Humanos y Contabilidad Avanzada). Bil\u00edng\u00fce Espa\u00f1ol\/Ingl\u00e9s. gestiona y mantiene varias p\u00e1ginas web cristianas y vicencianas, incluida including La Red de Formaci\u00f3n Vicenciana, de la que es cofundador. Actualmente es responsable del \u00e1rea de Espa\u00f1ol de .famvin, la Red de Noticias de la Familia Vicenciana. Tambi\u00e9n es m\u00fasico cat\u00f3lico y ha editado varios discos. Es Director General y cofundador de Trovador, una reconocida compa\u00f1\u00eda discogr\u00e1fica critiana de Espa\u00f1a. Trabaja en las Tecnolog\u00edas de la Informaci\u00f3n, ofreciendo servicios de alojamiento, dise\u00f1o y mantenimiento Web, as\u00ed como asesoramiento, formaci\u00f3n y soluciones inform\u00e1ticas, gesti\u00f3n documental y digitalizaci\u00f3n de textos, edici\u00f3n y maquetaci\u00f3n de libros, revistas, flyers, etc.\",\"sameAs\":[\"http:\/\/chento.org\",\"https:\/\/www.facebook.com\/JavierChento\",\"https:\/\/x.com\/https:\/\/twitter.com\/javierchento\"],\"url\":\"https:\/\/vincentians.com\/es\/author\/chento\/\"}]}<\/script>\n<!-- \/ Yoast SEO plugin. -->","yoast_head_json":{"title":"Elizabeth Ann Seton: una santa para todos - Somos Vicencianos","robots":{"index":"index","follow":"follow","max-snippet":"max-snippet:-1","max-image-preview":"max-image-preview:large","max-video-preview":"max-video-preview:-1"},"canonical":"https:\/\/vincentians.com\/es\/elizabeth-ann-seton-una-santa-para-todos\/","og_locale":"es_ES","og_type":"article","og_title":"Elizabeth Ann Seton: una santa para todos - Somos Vicencianos","og_description":"Como cat\u00f3licos, los santos son para nosotros un ejemplo de la relaci\u00f3n \u00edntima que puede tener una persona con Dios; sin embargo, de joven yo no pod\u00eda relacionarme con las biograf\u00edas de santos que le\u00eda. ... Read More","og_url":"https:\/\/vincentians.com\/es\/elizabeth-ann-seton-una-santa-para-todos\/","og_site_name":"Somos Vicencianos","article_publisher":"https:\/\/www.facebook.com\/WeAreVincentians\/","article_author":"https:\/\/www.facebook.com\/JavierChento","article_published_time":"2018-11-17T07:34:35+00:00","og_image":[{"width":1200,"height":630,"url":"https:\/\/i0.wp.com\/vincentians.com\/es\/wp-content\/uploads\/sites\/11\/2016\/09\/conversion.jpg?fit=1200%2C630&ssl=1","type":"image\/jpeg"}],"author":"Francisco Javier Fern\u00e1ndez Chento","twitter_card":"summary_large_image","twitter_creator":"@https:\/\/twitter.com\/javierchento","twitter_site":"@WeVincentians","twitter_misc":{"Escrito por":"Francisco Javier Fern\u00e1ndez Chento","Tiempo de lectura":"6 minutos"},"schema":{"@context":"https:\/\/schema.org","@graph":[{"@type":"Article","@id":"https:\/\/vincentians.com\/es\/elizabeth-ann-seton-una-santa-para-todos\/#article","isPartOf":{"@id":"https:\/\/vincentians.com\/es\/elizabeth-ann-seton-una-santa-para-todos\/"},"author":{"name":"Francisco Javier Fern\u00e1ndez Chento","@id":"http:\/\/vincentians.com\/es\/#\/schema\/person\/9623ef4d9aa3b2dfb8c061f1499288f2"},"headline":"Elizabeth Ann Seton: una santa para todos","datePublished":"2018-11-17T07:34:35+00:00","mainEntityOfPage":{"@id":"https:\/\/vincentians.com\/es\/elizabeth-ann-seton-una-santa-para-todos\/"},"wordCount":1113,"commentCount":4,"publisher":{"@id":"http:\/\/vincentians.com\/es\/#organization"},"image":{"@id":"https:\/\/vincentians.com\/es\/elizabeth-ann-seton-una-santa-para-todos\/#primaryimage"},"thumbnailUrl":"https:\/\/i0.wp.com\/vincentians.com\/es\/wp-content\/uploads\/sites\/11\/2016\/09\/conversion.jpg?fit=1200%2C630&ssl=1","articleSection":["Isabel Ana Bayley Seton"],"inLanguage":"es","potentialAction":[{"@type":"CommentAction","name":"Comment","target":["https:\/\/vincentians.com\/es\/elizabeth-ann-seton-una-santa-para-todos\/#respond"]}]},{"@type":"WebPage","@id":"https:\/\/vincentians.com\/es\/elizabeth-ann-seton-una-santa-para-todos\/","url":"https:\/\/vincentians.com\/es\/elizabeth-ann-seton-una-santa-para-todos\/","name":"Elizabeth Ann Seton: una santa para todos - Somos Vicencianos","isPartOf":{"@id":"http:\/\/vincentians.com\/es\/#website"},"primaryImageOfPage":{"@id":"https:\/\/vincentians.com\/es\/elizabeth-ann-seton-una-santa-para-todos\/#primaryimage"},"image":{"@id":"https:\/\/vincentians.com\/es\/elizabeth-ann-seton-una-santa-para-todos\/#primaryimage"},"thumbnailUrl":"https:\/\/i0.wp.com\/vincentians.com\/es\/wp-content\/uploads\/sites\/11\/2016\/09\/conversion.jpg?fit=1200%2C630&ssl=1","datePublished":"2018-11-17T07:34:35+00:00","breadcrumb":{"@id":"https:\/\/vincentians.com\/es\/elizabeth-ann-seton-una-santa-para-todos\/#breadcrumb"},"inLanguage":"es","potentialAction":[{"@type":"ReadAction","target":["https:\/\/vincentians.com\/es\/elizabeth-ann-seton-una-santa-para-todos\/"]}]},{"@type":"ImageObject","inLanguage":"es","@id":"https:\/\/vincentians.com\/es\/elizabeth-ann-seton-una-santa-para-todos\/#primaryimage","url":"https:\/\/i0.wp.com\/vincentians.com\/es\/wp-content\/uploads\/sites\/11\/2016\/09\/conversion.jpg?fit=1200%2C630&ssl=1","contentUrl":"https:\/\/i0.wp.com\/vincentians.com\/es\/wp-content\/uploads\/sites\/11\/2016\/09\/conversion.jpg?fit=1200%2C630&ssl=1","width":1200,"height":630},{"@type":"BreadcrumbList","@id":"https:\/\/vincentians.com\/es\/elizabeth-ann-seton-una-santa-para-todos\/#breadcrumb","itemListElement":[{"@type":"ListItem","position":1,"name":"Portada","item":"http:\/\/vincentians.com\/es\/"},{"@type":"ListItem","position":2,"name":"Elizabeth Ann Seton: una santa para todos"}]},{"@type":"WebSite","@id":"http:\/\/vincentians.com\/es\/#website","url":"http:\/\/vincentians.com\/es\/","name":"Somos Vicencianos","description":"Know more to serve more","publisher":{"@id":"http:\/\/vincentians.com\/es\/#organization"},"potentialAction":[{"@type":"SearchAction","target":{"@type":"EntryPoint","urlTemplate":"http:\/\/vincentians.com\/es\/?s={search_term_string}"},"query-input":{"@type":"PropertyValueSpecification","valueRequired":true,"valueName":"search_term_string"}}],"inLanguage":"es"},{"@type":"Organization","@id":"http:\/\/vincentians.com\/es\/#organization","name":"The Vincentian Network","url":"http:\/\/vincentians.com\/es\/","logo":{"@type":"ImageObject","inLanguage":"es","@id":"http:\/\/vincentians.com\/es\/#\/schema\/logo\/image\/","url":"https:\/\/i1.wp.com\/vincentians.com\/es\/wp-content\/uploads\/sites\/11\/2016\/06\/Vincentian-Network-logo-big.png?fit=778%2C778","contentUrl":"https:\/\/i1.wp.com\/vincentians.com\/es\/wp-content\/uploads\/sites\/11\/2016\/06\/Vincentian-Network-logo-big.png?fit=778%2C778","width":778,"height":778,"caption":"The Vincentian Network"},"image":{"@id":"http:\/\/vincentians.com\/es\/#\/schema\/logo\/image\/"},"sameAs":["https:\/\/www.facebook.com\/WeAreVincentians\/","https:\/\/x.com\/WeVincentians"]},{"@type":"Person","@id":"http:\/\/vincentians.com\/es\/#\/schema\/person\/9623ef4d9aa3b2dfb8c061f1499288f2","name":"Francisco Javier Fern\u00e1ndez Chento","image":{"@type":"ImageObject","inLanguage":"es","@id":"http:\/\/vincentians.com\/es\/#\/schema\/person\/image\/","url":"https:\/\/secure.gravatar.com\/avatar\/497d5cde87b4c3d097d0315953521681ba2cd523ee66e5077c3711f7021e65de?s=96&d=mm&r=g","contentUrl":"https:\/\/secure.gravatar.com\/avatar\/497d5cde87b4c3d097d0315953521681ba2cd523ee66e5077c3711f7021e65de?s=96&d=mm&r=g","caption":"Francisco Javier Fern\u00e1ndez Chento"},"description":"Director General y cofundador de La Red de Formaci\u00f3n Vicenciana. Javier es laico vicenciano, afiliado a la Congregaci\u00f3n de la Misi\u00f3n y miembro del Equipo de Misiones Populares de la provincia can\u00f3nica de Zaragoza (Espa\u00f1a) de la Congregaci\u00f3n de la Misi\u00f3n. Graduado en la Universidad Oberta de Catalunya con cuatro grados (Asistente de direcci\u00f3n, Gesti\u00f3n Administrativa, Recursos Humanos y Contabilidad Avanzada). Bil\u00edng\u00fce Espa\u00f1ol\/Ingl\u00e9s. gestiona y mantiene varias p\u00e1ginas web cristianas y vicencianas, incluida including La Red de Formaci\u00f3n Vicenciana, de la que es cofundador. Actualmente es responsable del \u00e1rea de Espa\u00f1ol de .famvin, la Red de Noticias de la Familia Vicenciana. Tambi\u00e9n es m\u00fasico cat\u00f3lico y ha editado varios discos. Es Director General y cofundador de Trovador, una reconocida compa\u00f1\u00eda discogr\u00e1fica critiana de Espa\u00f1a. Trabaja en las Tecnolog\u00edas de la Informaci\u00f3n, ofreciendo servicios de alojamiento, dise\u00f1o y mantenimiento Web, as\u00ed como asesoramiento, formaci\u00f3n y soluciones inform\u00e1ticas, gesti\u00f3n documental y digitalizaci\u00f3n de textos, edici\u00f3n y maquetaci\u00f3n de libros, revistas, flyers, etc.","sameAs":["http:\/\/chento.org","https:\/\/www.facebook.com\/JavierChento","https:\/\/x.com\/https:\/\/twitter.com\/javierchento"],"url":"https:\/\/vincentians.com\/es\/author\/chento\/"}]}},"jetpack_publicize_connections":[],"jetpack_featured_media_url":"https:\/\/i0.wp.com\/vincentians.com\/es\/wp-content\/uploads\/sites\/11\/2016\/09\/conversion.jpg?fit=1200%2C630&ssl=1","jetpack_sharing_enabled":true,"jetpack_shortlink":"https:\/\/wp.me\/p7ETMF-6k5","jetpack-related-posts":[{"id":127184,"url":"https:\/\/vincentians.com\/es\/santa-isabel-ana-bayley-seton\/","url_meta":{"origin":24309,"position":0},"title":"Santa Isabel Ana Bayley Seton","author":"Francisco Javier Fern\u00e1ndez Chento","date":"04\/01\/2021","format":false,"excerpt":"Elizabeth Bayley Seton, la primera estadounidense de nacimiento en ser canonizada, era de ascendencia inglesa, creci\u00f3 en una familia que se estableci\u00f3 en la Nueva York colonial. Su padre, el doctor Richard Bayley era m\u00e9dico; su madre, Catherine Charlton, era la hija de un ministro anglicano. Este matrimonio tuvo tres\u2026","rel":"","context":"En \u00abIsabel Ana Bayley Seton\u00bb","block_context":{"text":"Isabel Ana Bayley Seton","link":"https:\/\/vincentians.com\/es\/category\/la-familia-vicenciana\/fundadores\/isabel-ana-bayley-seton\/"},"img":{"alt_text":"","src":"https:\/\/i0.wp.com\/vincentians.com\/es\/wp-content\/uploads\/sites\/11\/2016\/08\/cofradias-de-caridad.jpg?fit=1200%2C630&ssl=1&resize=350%2C200","width":350,"height":200,"srcset":"https:\/\/i0.wp.com\/vincentians.com\/es\/wp-content\/uploads\/sites\/11\/2016\/08\/cofradias-de-caridad.jpg?fit=1200%2C630&ssl=1&resize=350%2C200 1x, https:\/\/i0.wp.com\/vincentians.com\/es\/wp-content\/uploads\/sites\/11\/2016\/08\/cofradias-de-caridad.jpg?fit=1200%2C630&ssl=1&resize=525%2C300 1.5x, https:\/\/i0.wp.com\/vincentians.com\/es\/wp-content\/uploads\/sites\/11\/2016\/08\/cofradias-de-caridad.jpg?fit=1200%2C630&ssl=1&resize=700%2C400 2x, https:\/\/i0.wp.com\/vincentians.com\/es\/wp-content\/uploads\/sites\/11\/2016\/08\/cofradias-de-caridad.jpg?fit=1200%2C630&ssl=1&resize=1050%2C600 3x"},"classes":[]},{"id":119472,"url":"https:\/\/vincentians.com\/es\/la-madre-seton\/","url_meta":{"origin":24309,"position":1},"title":"La Madre Seton","author":"Francisco Javier Fern\u00e1ndez Chento","date":"03\/05\/2022","format":false,"excerpt":"La primera beata de nacionalidad norteamericana ha sido pro\u00adclamada en la bas\u00edlica de San Pedro en el curso de una ceremonia a la cual asistieron los Cardenales Francis Spellmnan, Arzobispo de Nueva York, y Joseph Elmer Ritter, Arzobispo de San Luis, as\u00ed como otros Obispos norteamericanos y una importante y\u2026","rel":"","context":"En \u00abIsabel Ana Bayley Seton\u00bb","block_context":{"text":"Isabel Ana Bayley Seton","link":"https:\/\/vincentians.com\/es\/category\/la-familia-vicenciana\/fundadores\/isabel-ana-bayley-seton\/"},"img":{"alt_text":"","src":"https:\/\/i0.wp.com\/vincentians.com\/es\/wp-content\/uploads\/sites\/11\/2013\/05\/La-milagrosa3.jpg?fit=670%2C430&ssl=1&resize=350%2C200","width":350,"height":200,"srcset":"https:\/\/i0.wp.com\/vincentians.com\/es\/wp-content\/uploads\/sites\/11\/2013\/05\/La-milagrosa3.jpg?fit=670%2C430&ssl=1&resize=350%2C200 1x, https:\/\/i0.wp.com\/vincentians.com\/es\/wp-content\/uploads\/sites\/11\/2013\/05\/La-milagrosa3.jpg?fit=670%2C430&ssl=1&resize=525%2C300 1.5x"},"classes":[]},{"id":24314,"url":"https:\/\/vincentians.com\/es\/santa-elizabeth-ann-seton\/","url_meta":{"origin":24309,"position":2},"title":"Santa Elizabeth Ann Seton","author":"Francisco Javier Fern\u00e1ndez Chento","date":"14\/08\/2013","format":false,"excerpt":"Elizabeth Bayley Seton, la primera estadounidense de nacimiento en ser canonizada, era de ascendencia inglesa, creci\u00f3 en una familia que se estableci\u00f3 en la Nueva York colonial. Su padre, el doctor Richard Bayley era m\u00e9dico; su madre, Catherine Charlton, era la hija de un ministro anglicano. Este matrimonio tuvo tres\u2026","rel":"","context":"En \u00abIsabel Ana Bayley Seton\u00bb","block_context":{"text":"Isabel Ana Bayley Seton","link":"https:\/\/vincentians.com\/es\/category\/la-familia-vicenciana\/fundadores\/isabel-ana-bayley-seton\/"},"img":{"alt_text":"","src":"https:\/\/i0.wp.com\/vicencianos.org\/wp-content\/2010\/12\/ElizabethSeton2-300x300.jpg?resize=350%2C200","width":350,"height":200},"classes":[]},{"id":21475,"url":"https:\/\/vincentians.com\/es\/la-federacion-de-hermanas-de-la-caridad\/","url_meta":{"origin":24309,"position":3},"title":"La Federaci\u00f3n de Hermanas de la Caridad","author":"Francisco Javier Fern\u00e1ndez Chento","date":"29\/03\/2023","format":false,"excerpt":"Primera parte: El Carisma Vicenciano de la Caridad Echa Ra\u00edces en el Nuevo Mundo En las \u00faltimas d\u00e9cadas del siglo XVIII y comienzos del XIX, tuvieron lugar una serie de eventos que cambiar\u00edan dram\u00e1ticamente el curso del Catolicismo en los Estados Unidos, que le permitieron echar ra\u00edces y florecer. En\u2026","rel":"","context":"En \u00abHijas de la Caridad\u00bb","block_context":{"text":"Hijas de la Caridad","link":"https:\/\/vincentians.com\/es\/category\/la-familia-vicenciana\/ramas\/hijas-de-la-caridad\/"},"img":{"alt_text":"","src":"https:\/\/i0.wp.com\/vincentians.com\/es\/wp-content\/uploads\/sites\/11\/2013\/01\/c.jpg?fit=979%2C739&ssl=1&resize=350%2C200","width":350,"height":200,"srcset":"https:\/\/i0.wp.com\/vincentians.com\/es\/wp-content\/uploads\/sites\/11\/2013\/01\/c.jpg?fit=979%2C739&ssl=1&resize=350%2C200 1x, https:\/\/i0.wp.com\/vincentians.com\/es\/wp-content\/uploads\/sites\/11\/2013\/01\/c.jpg?fit=979%2C739&ssl=1&resize=525%2C300 1.5x, https:\/\/i0.wp.com\/vincentians.com\/es\/wp-content\/uploads\/sites\/11\/2013\/01\/c.jpg?fit=979%2C739&ssl=1&resize=700%2C400 2x"},"classes":[]},{"id":34595,"url":"https:\/\/vincentians.com\/es\/isabel-seton-escrito-1-006-a-william-magee-seton\/","url_meta":{"origin":24309,"position":4},"title":"Isabel Seton, escrito 1-006: A William Magee Seton","author":"Francisco Javier Fern\u00e1ndez Chento","date":"28\/08\/2016","format":false,"excerpt":"(Sin fecha) Mi padre ha cenado con nosotros y se ha ido, no s\u00e9 a d\u00f3nde. No creo que le veas hasta el anochecer. Quien est\u00e1 seriamente interesada en su buena opini\u00f3n hacia ti ya ha ofrecido tu disculpa. Tu I[sabel] estar\u00e1 en Wall Street a las cinco; entonces sabr\u00e1s\u2026","rel":"","context":"En \u00abEscritos de Isabel Ana Bayley Seton\u00bb","block_context":{"text":"Escritos de Isabel Ana Bayley Seton","link":"https:\/\/vincentians.com\/es\/category\/escritos\/escritos-de-isabel-ana-bayley-seton\/"},"img":{"alt_text":"","src":"https:\/\/i0.wp.com\/vincentians.com\/es\/wp-content\/uploads\/sites\/11\/2016\/07\/escritos-isabel-seton.jpg?fit=1200%2C630&ssl=1&resize=350%2C200","width":350,"height":200,"srcset":"https:\/\/i0.wp.com\/vincentians.com\/es\/wp-content\/uploads\/sites\/11\/2016\/07\/escritos-isabel-seton.jpg?fit=1200%2C630&ssl=1&resize=350%2C200 1x, https:\/\/i0.wp.com\/vincentians.com\/es\/wp-content\/uploads\/sites\/11\/2016\/07\/escritos-isabel-seton.jpg?fit=1200%2C630&ssl=1&resize=525%2C300 1.5x, https:\/\/i0.wp.com\/vincentians.com\/es\/wp-content\/uploads\/sites\/11\/2016\/07\/escritos-isabel-seton.jpg?fit=1200%2C630&ssl=1&resize=700%2C400 2x, https:\/\/i0.wp.com\/vincentians.com\/es\/wp-content\/uploads\/sites\/11\/2016\/07\/escritos-isabel-seton.jpg?fit=1200%2C630&ssl=1&resize=1050%2C600 3x"},"classes":[]},{"id":43968,"url":"https:\/\/vincentians.com\/es\/la-federacion-de-las-hermanas-de-la-caridad-y-el-carisma-vicenciano-en-norteamerica\/","url_meta":{"origin":24309,"position":5},"title":"La Federaci\u00f3n de las Hermanas de la Caridad y el Carisma Vicenciano en Norteam\u00e9rica","author":"Francisco Javier Fern\u00e1ndez Chento","date":"30\/06\/2011","format":false,"excerpt":"Primera parte: El Carisma Vicenciano de la Caridad echa ra\u00edces\u00a0en el Nuevo Mundo En las \u00faltimas d\u00e9cadas del siglo XVIII y comienzos del XIX, tuvieron lugar una serie de eventos que cambiar\u00edan dram\u00e1ticamente el curso del Catolicismo en los Estados Unidos y que le permitir\u00edan echar ra\u00edces y florecer. En\u2026","rel":"","context":"En \u00abHijas de la Caridad\u00bb","block_context":{"text":"Hijas de la Caridad","link":"https:\/\/vincentians.com\/es\/category\/la-familia-vicenciana\/ramas\/hijas-de-la-caridad\/"},"img":{"alt_text":"Santa Elizabeth Ana Bayley Seton","src":"https:\/\/i0.wp.com\/vicencianos.org\/wp-content\/2011\/06\/isabel_seton-235x300.jpg?resize=350%2C200","width":350,"height":200},"classes":[]}],"_links":{"self":[{"href":"https:\/\/vincentians.com\/es\/wp-json\/wp\/v2\/posts\/24309","targetHints":{"allow":["GET"]}}],"collection":[{"href":"https:\/\/vincentians.com\/es\/wp-json\/wp\/v2\/posts"}],"about":[{"href":"https:\/\/vincentians.com\/es\/wp-json\/wp\/v2\/types\/post"}],"author":[{"embeddable":true,"href":"https:\/\/vincentians.com\/es\/wp-json\/wp\/v2\/users\/4"}],"replies":[{"embeddable":true,"href":"https:\/\/vincentians.com\/es\/wp-json\/wp\/v2\/comments?post=24309"}],"version-history":[{"count":1,"href":"https:\/\/vincentians.com\/es\/wp-json\/wp\/v2\/posts\/24309\/revisions"}],"predecessor-version":[{"id":401969,"href":"https:\/\/vincentians.com\/es\/wp-json\/wp\/v2\/posts\/24309\/revisions\/401969"}],"wp:featuredmedia":[{"embeddable":true,"href":"https:\/\/vincentians.com\/es\/wp-json\/wp\/v2\/media\/399861"}],"wp:attachment":[{"href":"https:\/\/vincentians.com\/es\/wp-json\/wp\/v2\/media?parent=24309"}],"wp:term":[{"taxonomy":"category","embeddable":true,"href":"https:\/\/vincentians.com\/es\/wp-json\/wp\/v2\/categories?post=24309"},{"taxonomy":"post_tag","embeddable":true,"href":"https:\/\/vincentians.com\/es\/wp-json\/wp\/v2\/tags?post=24309"}],"curies":[{"name":"wp","href":"https:\/\/api.w.org\/{rel}","templated":true}]}}