{"id":24217,"date":"2015-04-24T07:37:55","date_gmt":"2015-04-24T05:37:55","guid":{"rendered":"http:\/\/somos.vicencianos.org\/?p=24217"},"modified":"2015-04-24T07:37:55","modified_gmt":"2015-04-24T05:37:55","slug":"un-camino-de-vida-espiritual-las-conferencias-de-san-vicente-de-paul","status":"publish","type":"post","link":"https:\/\/vincentians.com\/es\/un-camino-de-vida-espiritual-las-conferencias-de-san-vicente-de-paul\/","title":{"rendered":"Un camino de vida espiritual: las conferencias de san Vicente de Pa\u00fal"},"content":{"rendered":"<p><a href=\"https:\/\/i0.wp.com\/vicencianos.org\/wp-content\/2010\/12\/0286B.jpg\"><img data-recalc-dims=\"1\" loading=\"lazy\" decoding=\"async\" class=\"alignleft size-medium wp-image-24219\" title=\"0286B\" src=\"https:\/\/i0.wp.com\/vicencianos.org\/wp-content\/2010\/12\/0286B-187x300.jpg?resize=187%2C300\" alt=\"\" width=\"187\" height=\"300\" \/><\/a>La beatificaci\u00f3n de Federico Ozanam es, como toda beatificaci\u00f3n, una declaraci\u00f3n oficial de que su forma de vivir la fe cristiana, su vida espiritual, fue no s\u00f3lo conforme con el evangelio sino que puede servir leg\u00edtimamente de modelo para vivir la fe en tiempos posteriores al suyo. En ese aspecto no se distingue en nada la espiritualidad de Federico Ozanam de la de cualquier otro santo o beato de cualquier siglo.<\/p>\n<p>Pero el cat\u00e1logo de los santos ofrece una gran variedad de formas de vivir el \u00fanico evangelio en tiempos diversos\u00a0 y para temperamentos y sicolog\u00edas diferentes. El escoger para la propia vida una u otra forma de vivir la fe y el evangelio no es en manera alguna algo que se deja al gusto arbitrario del creyente. Eso es acci\u00f3n propia del Esp\u00edritu Santo, quien \u00abdistribuye a cada uno en particular seg\u00fan su voluntad\u00bb los diversos carismas y maneras de vivir la fe (1Cor 12,11;18;27-28). Eso es lo que se llama\u00a0 vocaci\u00f3n.<\/p>\n<p>Un estudio detallado de la experiencia evang\u00e9lico-espiritual propia de Federico Ozanam\u00a0 acabar\u00eda mencionando multitud de datos y de aspectos que se encuentran tambi\u00e9n en las vidas de muchos otros santos. No es extra\u00f1o que se den numerosas coincidencias en la vida espiritual de los santos: todos ellos han sido bautizados en un mismo Esp\u00edritu (1Cor 12,13); todos ellos\u00a0 deben vivir, como ra\u00edz de todos los carismas, el carisma de la caridad (1Cor 12,31). La fe en Jesucristo, el reconocerse y vivir como hijos de la Iglesia, la vida de oraci\u00f3n, la vida lit\u00fargico-sacramental, la caridad para con el pr\u00f3jimo, las virtudes (humildad, prudencia, fortaleza&#8230;): todos estos y otros muchos son aspectos que se encuentran en la vida de cualquier santo, aunque con matizaciones y estilos diferentes de un alto inter\u00e9s.<\/p>\n<p>En este trabajo no vamos a tratar los aspectos de la vida espiritual de Ozanam que puedan ser comunes con los de otros santos. Queden esos aspectos para un estudio completo de la personalidad espiritual de Ozanam, estudio que aqu\u00ed no vamos a intentar. Nuestro prop\u00f3sito es m\u00e1s limitado. Nos referiremos solamente a algunos aspectos de la vida espiritual de Ozanam que nos parecen originales; y aunque no del todo originales (en la vida espiritual cristiana la originalidad radical es imposible, pues toda espiritualidad debe apelar como a su base y fundamento al evangelio), al menos muy caracter\u00edsticos de la experiencia espiritual del beato Federico Ozanam.<\/p>\n<h2><em>La experiencia espiritual del fundador de la Sociedad de San Vicente de Pa\u00fal<\/em><\/h2>\n<p>S\u00f3lo siete meses antes de fallecer en septiembre de 1853 a la temprana edad de 40 a\u00f1os, hablaba Federico Ozanam a los miembros de las Conferencias de Florencia y les dec\u00eda as\u00ed:<\/p>\n<p><em>\u00abTen\u00e9is delante de vosotros a uno de aquellos ocho estudiantes que hace veinte a\u00f1os, en mayo de 1833, se reunieron por vez primera al amparo de la sombra de san Vicente de Pa\u00fal,\u00a0\u00a0 en la capital de Francia&#8230;Sent\u00edamos el deseo y la necesidad de mantener nuestra fe en medio de los ataques de las diferentes escuelas de falsos profetas, y nos dijimos: Trabajemos, hagamos algo que est\u00e9 conforme con nuestra fe. \u00bfY qu\u00e9 podremos hacer para ser\u00a0 cat\u00f3licos\u00a0 de\u00a0 verdad\u00a0\u00a0 sino consagrarnos a aquello que m\u00e1s agrada a Dios? Socorramos a nuestro\u00a0 pr\u00f3jimo\u00a0 como\u00a0 hac\u00eda Jesucristo. Movidos por este mismo pensamiento nos juntamos ocho&#8230;Dios hab\u00eda determinado formar\u00a0 una gran familia de hermanos; es Dios mismo quien la ha\u00a0 fundado\u00a0 y\u00a0 la\u00a0\u00a0 ha\u00a0 querido as\u00ed\u00bb<\/em>.<span id='easy-footnote-1-24217' class='easy-footnote-margin-adjust'><\/span><span class='easy-footnote'><a href='https:\/\/vincentians.com\/es\/un-camino-de-vida-espiritual-las-conferencias-de-san-vicente-de-paul\/#easy-footnote-bottom-1-24217' title='Se podr\u00e1 encuentra este texto en el Reglamento de la Sociedad de San Vicente de Pa\u00fal en Espa\u00f1a, varias ediciones a partir de 1975, en la p\u00e1gina 4. Como podr\u00e1 comprobar f\u00e1cilmente el lector que tenga acceso al Reglamento, hemos simplificado algo el texto original para mayor claridad.'><sup>1<\/sup><\/a><\/span>\n<p>Esas palabras, tan cercanas ya al final de su vida, reflejan sin duda algunas de las ideas fundamentales que inspiraron una buena mitad, veinte a\u00f1os, de una vida corta, pero muy densa en valores de fe. El joven Federico, pr\u00e1cticamente a\u00fan un adolescente reci\u00e9n venido de provincias, sufri\u00f3 una crisis muy fuerte de fe en el primer contacto con el agnosticismo imperante en la universidad de Par\u00eds. Encontr\u00f3 un primer apoyo para su fe juvenil en las Conferencias de Historia, una especie de club de estudios y de debates de marcado car\u00e1cter apolog\u00e9tico de la herencia cristiana en la historia de Europa. Apoyo que fue sin duda necesario, pero no suficiente. Las Conferencias que Federico recuerda unos meses antes de morir no son \u00e9sas, sino otras muy diferentes: las Conferencias de San Vicente de Pa\u00fal, de cuyo grupo fundador fue \u00e9l miembro destacado.<\/p>\n<p>Fueron estas segundas Conferencias las que \u00e9l ve ahora, en la edad madura, como el baluarte de su fe. Estas Conferencias no le empujan a la visi\u00f3n defensiva y un tanto cerrada en s\u00ed misma de las Conferencias de Historia; le llevan a la acci\u00f3n: <em>\u00abTrabajemos, hagamos algo que est\u00e9 conforme con nuestra fe\u00bb<\/em>.\u00a0 Y no simplemente a la acci\u00f3n, sino expresamente a la acci\u00f3n social: <em>\u00absocorramos a nuestro pr\u00f3jimo como lo hac\u00eda Jesucristo\u00bb<\/em>. Y adem\u00e1s a la acci\u00f3n social como manifestaci\u00f3n privilegiada de la fe, pues una tal acci\u00f3n a favor del pr\u00f3jimo es <em>\u00ablo que m\u00e1s agrada a Dios\u00bb<\/em>.<\/p>\n<p>Cuando Ozanam pronunciaba esas palabras a\u00fan faltaban treinta y ocho a\u00f1os para que todo un papa, Le\u00f3n XIII, legitimara esa visi\u00f3n de la fe en un documento oficial, la enc\u00edclica <em>Rerum novarum<\/em>: la acci\u00f3n social (<em>\u00abla<\/em> <em>regeneraci\u00f3n de Francia\u00bb<\/em>, como hab\u00eda dejado dicho el mismo Ozanam en un escrito de juventud<span id='easy-footnote-2-24217' class='easy-footnote-margin-adjust'><\/span><span class='easy-footnote'><a href='https:\/\/vincentians.com\/es\/un-camino-de-vida-espiritual-las-conferencias-de-san-vicente-de-paul\/#easy-footnote-bottom-2-24217' title='&lt;em&gt;Lettres de Fr\u00e9deric Ozanam&lt;\/em&gt;, Bloud et Gay, Par\u00eds, sin fecha, tomo I, p. 143.'><sup>2<\/sup><\/a><\/span>.) como manifestaci\u00f3n no s\u00f3lo leg\u00edtima de la fe sino como obligatoria para el conjunto de la Iglesia.<\/p>\n<p>En este aspecto decisivo de la espiritualidad cristiana de la \u00e9poca moderna es Federico Ozanam un verdadero pionero. No fue el \u00fanico de su tiempo que ve\u00eda las cosas as\u00ed, pero es el \u00fanico que ha subido a los altares por haber vivido esa visi\u00f3n social de la antigua fe cristiana. Fe que se hace carne no ya en estudios de historia, sino en obras de acci\u00f3n cristiana para transformar la historia, una fe que sabe que su proyecci\u00f3n social es <em>\u00ablo que m\u00e1s agrada a Dios\u00bb<\/em>.<\/p>\n<p>Aunque cada cristiano ha de dar cuenta a Dios de su fe y de sus obras, el vivir la fe nunca ha sido, ni puede ser jam\u00e1s, asunto de la conciencia privada que se vive en soledad. La dimensi\u00f3n comunitaria de la fe es esencial a la misma fe. La gran comunidad humana que intenta vivir la fe a lo largo de la historia es lo que conocemos como la Iglesia de Cristo. Tampoco la \u2018nueva\u2019 visi\u00f3n social de la fe descubierta por el joven Federico (\u00abdescubierta\u00bb entre comillas; enseguida veremos que Ozanam no se cre\u00eda el descubridor de tal cosa)\u00a0 va a ser vivida como experiencia individual: <em>\u00abmovidos por este mismo pensamiento nos juntamos ocho\u00bb<\/em>. La nueva experiencia nace, como en un nuevo cen\u00e1culo de Pentecost\u00e9s, en un peque\u00f1o grupo de j\u00f3venes estudiantes. Nace en el grupo, se vive en grupo, se alimenta de las ayudas mutuas que se prestan los miembros del grupo, y empieza a actuar en el mundo de los pobres de Par\u00eds tambi\u00e9n en grupo, bajo la experta orientaci\u00f3n de una mujer, miembro a su vez de un grupo-comunidad de hijas de la caridad, Rosal\u00eda Rendu.<\/p>\n<p>La experiencia del grupo inicial result\u00f3 ser prodigiosamente contagiosa. Al morir Ozanam las Conferencias de San Vicente de Pa\u00fal contaban varios miles de miembros, organizados todos igualmente en grupos fraternales de acci\u00f3n caritativo-social en varios pa\u00edses de Europa y aun en Am\u00e9rica. Nunca han dejado de insistir las Conferencias en esta dimensi\u00f3n comunitaria de su ser. No podr\u00edan dejar de hacerlo si quieren permanecer fieles a uno de los elementos esenciales de su espiritualidad propia. En cuestiones de acci\u00f3n caritativa, el francotirador puede que sea un ejemplo admirable de esp\u00edritu caritativo, pero su figura no tiene nada que ver con la espiritualidad propia de las Conferencias de San Vicente de Pa\u00fal.<\/p>\n<p><em>\u00abDios hab\u00eda determinado formar una gran familia de hermanos; es Dios mismo quien la ha fundado y la ha querido as\u00ed\u00bb<\/em>. Por eso dec\u00edamos antes que Ozanam no se consideraba el creador de las Conferencias de San Vicente de Pa\u00fal. Aquello ten\u00eda que ser sin duda obra de Dios mismo, que se hab\u00eda tomado su tiempo y hab\u00eda esperado el momento hist\u00f3rico oportuno de profundos cambios sociales para extraer de la antigua entra\u00f1a de la fe formas nuevas de encarnar la fe en el mundo. \u00bfC\u00f3mo pod\u00edan ser ocho j\u00f3venes desvalidos y sin recursos los inventores de un movimiento de acci\u00f3n social cristiana para regenerar la turbulenta sociedad francesa de la primera mitad del siglo XIX? Una tal idea y una tal empresa s\u00f3lo pod\u00edan ser cosa de Dios. S\u00f3lo un Dios creador de un mundo bueno puede tener la idea y la capacidad de regenerar-redimir un mundo que ha ca\u00eddo en el mal. Las Conferencias de San Vicente de Pa\u00fal son una instituci\u00f3n inventada por Dios que se inserta, en los comienzos mismos de la edad moderna, en el plan de redenci\u00f3n universal que brota de la vida, muerte y resurrecci\u00f3n del Verbo hecho carne y hecho mundo, Jesucristo.<\/p>\n<p>Y como Jesucristo, las Conferencias parten de una encarnaci\u00f3n plena en el mundo. Federico Ozanam admiraba profundamente a los cartujos, <em>\u00abverdaderos contemplativos que si no contribuyen al bien social con una acci\u00f3n directa, s\u00ed contribuyen con sus votos, sus oraciones, sus sacrificios. Cuando el roc\u00edo cae sobre nuestros campos, o un buen pensamiento surge en nuestras almas sin que sepamos de d\u00f3nde viene, tal vez venga de lo alto de ese monte sagrado de la Gran Cartuja\u00bb.<\/em><span id='easy-footnote-3-24217' class='easy-footnote-margin-adjust'><\/span><span class='easy-footnote'><a href='https:\/\/vincentians.com\/es\/un-camino-de-vida-espiritual-las-conferencias-de-san-vicente-de-paul\/#easy-footnote-bottom-3-24217' title='o. c., I 192.'><sup>3<\/sup><\/a><\/span> Ozanam admira ese camino, pero no es \u00e9se su camino. Lo suyo es encarnarse plenamente en las realidades del mundo, en la vida de familia, en la vida profesional, en la acci\u00f3n caritativa, social y aun pol\u00edtica, y en ese mundo tratar de actuar como la levadura callada y transformadora de la masa. Su camino propio y el de las Conferencias que \u00e9l fund\u00f3 se expresa en esta frase densa y precisa: <em>\u00abQueremos que esta Sociedad no sea ni un partido ni una cofrad\u00eda; que sea profundamente laica sin dejar de ser cat\u00f3lica\u00bb.<\/em><span id='easy-footnote-4-24217' class='easy-footnote-margin-adjust'><\/span><span class='easy-footnote'><a href='https:\/\/vincentians.com\/es\/un-camino-de-vida-espiritual-las-conferencias-de-san-vicente-de-paul\/#easy-footnote-bottom-4-24217' title='ibid., p. 353.'><sup>4<\/sup><\/a><\/span>\n<p>Resumiendo: para Federico Ozanam he aqu\u00ed los pilares fundamentales de la espiritualidad de las Conferencias de San Vicente de Pa\u00fal:<\/p>\n<ul>\n<li>las Conferencias son obra de Dios<\/li>\n<li>para continuar la obra de redenci\u00f3n inaugurada por Jesucristo a trav\u00e9s de la acci\u00f3n caritativo- social;<\/li>\n<li>la acci\u00f3n de las Conferencias es siempre acci\u00f3n organizada y llevada a cabo por un grupo-comunidad de hermanos en la misma fe y en la misma vocaci\u00f3n,<\/li>\n<li>vocaci\u00f3n que es totalmente secular, incrustada en los afanes ordinarios de la vida del mundo.<\/li>\n<\/ul>\n<h2>\u00ab<strong><em>Al amparo de la sombra de san Vicente de Pa\u00fal\u00bb<\/em><\/strong><\/h2>\n<p>No estaba de moda el confesarse cat\u00f3lico cuando Federico naci\u00f3 en 1813. La revoluci\u00f3n francesa hab\u00eda hecho todo lo posible por desacreditar a la Iglesia Cat\u00f3lica y por borrarla del mapa nacional como fuerza social importante, y casi lo consigue. Pero era imposible conseguirlo del todo. La Iglesia hab\u00eda sido durante m\u00e1s de mil a\u00f1os la principal fuerza modeladora de lo que se llamaba Francia. De manera que el fervor iconoclasta del pasado no pudo menos que detenerse ante alguna de las grandes figuras del pasado que eran fundamentales para entender la historia y el alma de Francia. Los revolucionarios hab\u00edan, por ejemplo, detenido su brazo destructor ante la figura de san Vicente de Pa\u00fal. No es que le respetaran como santo; de santidad no entend\u00edan gran cosa los revolucionarios. Pero <em>aquel<\/em> santo hab\u00eda sido acaso el mayor fil\u00e1ntropo de toda la historia de Francia. Como fil\u00e1ntropo se le pod\u00eda respetar. Destruir aquella imagen gigantesca hubiera sido atentar contra algo fundamental en la historia de Francia: el respeto y aun el amor por los pobres de Francia.<\/p>\n<p>De manera que cuando Ozanam y sus compa\u00f1eros pensaron en fundar un movimiento que continuara, en los tiempos modernos y con ideas modernas, la gloriosa tradici\u00f3n de trabajo por los pobres, no pudieron dejar de pensar como patrono e inspirador en quien hab\u00eda sido la figura m\u00e1s destacada de esa tradici\u00f3n. Eso no hubiera tal vez ocurrido en aquellos tiempos en otro pa\u00eds, pero en Francia era casi inevitable. Vicente de Pa\u00fal aparecer\u00eda sin duda en cualquier cat\u00e1logo, aun en el m\u00e1s restringido, de las figuras gloriosas de la historia religiosa, ciertamente, pero tambi\u00e9n civil, de Francia.<\/p>\n<p>Eso como principio. Pero es que hay adem\u00e1s multitud de detalles en la creaci\u00f3n de las Conferencias de San Vicente de Pa\u00fal que dependen de manera muy concreta de una influencia directa de hombres y mujeres inspirados directamente por la espiritualidad de Vicente de Pa\u00fal. Mencion\u00e1bamos arriba a sor Rosal\u00eda Rendu, hija de la caridad, a quien los ocho j\u00f3venes fundadores acudieron para aprender de ella d\u00f3nde estaban los pobres de Par\u00eds y c\u00f3mo se pod\u00eda trabajar por ellos. Hay otros datos, el principal de los cuales tal vez sea que el hombre maduro elegido por los j\u00f3venes para que fuera el presidente de la primera conferencia hab\u00eda sido seminarista de la Congregaci\u00f3n de la Misi\u00f3n fundada por san Vicente de Pa\u00fal.<\/p>\n<p>A trav\u00e9s de este hombre pas\u00f3 a la espiritualidad de las Conferencias una gran cantidad de ideas de todo tipo tomadas literalmente de las ense\u00f1anzas de san Vicente mismo, y puestas tambi\u00e9n literalmente en los primeros reglamentos de las Conferencias. No vamos a dar aqu\u00ed los detalles, pues es cosa que se ha tratado en otros lugares.<span id='easy-footnote-5-24217' class='easy-footnote-margin-adjust'><\/span><span class='easy-footnote'><a href='https:\/\/vincentians.com\/es\/un-camino-de-vida-espiritual-las-conferencias-de-san-vicente-de-paul\/#easy-footnote-bottom-5-24217' title='Como la mejor exposici\u00f3n y m\u00e1s accesible, recomendamos vivamente &lt;em&gt;La familia vicenciana, una renovaci\u00f3n incesante, &lt;\/em&gt;de Jos\u00e9 M. Rom\u00e1n, C.M., editorial La Milagrosa, Madrid, 1997, pp. 16-25.'><sup>5<\/sup><\/a><\/span>\n<p>Tampoco vamos a entrar aqu\u00ed en los detalles de una exposici\u00f3n de la espiritualidad propia de san Vicente de Pa\u00fal y de sus puntos de contacto con la espiritualidad de las Conferencias. Hoy hay, gracias a Dios, abundantes y muy buenas exposiciones de esa espiritualidad, sobre todo en lengua castellana. El vicentino miembro de las Conferencias sentir\u00e1 sin duda si se acerca a ellas que lo que es verdaderamente fundamental en la espiritualidad de san Vicente de Pa\u00fal es tambi\u00e9n fundamental en su propia espiritualidad.<\/p>\n<p>Sin embargo, no podemos dejar de mencionar lo que es alma y ra\u00edz de toda espiritualidad vicenciana. Recu\u00e9rdese que vida espiritual es caminar hacia Dios, fin de toda vida humana. Toda espiritualidad cristiana es cristiana porque camina hacia Dios Padre a trav\u00e9s y en seguimiento de Jesucristo bajo la gracia del Esp\u00edritu Santo. En eso todas las formas cristianas de vida espiritual son iguales. La forma vicenciana tiene una delimitaci\u00f3n peculiar que consiste en encontrar a Cristo en los pobres. El Reglamento de la Sociedad de San Vicente de Pa\u00fal citado en la nota 1 expresa esta idea fundamental de manera insuperable con una f\u00f3rmula que san Vicente de Pa\u00fal hubiera suscrito sin temblarle el pulso: \u00ab<strong>Aproximarse a Cristo presente en los pobres es el centro de la espiritualidad vicentina<\/strong>\u00ab.<span id='easy-footnote-6-24217' class='easy-footnote-margin-adjust'><\/span><span class='easy-footnote'><a href='https:\/\/vincentians.com\/es\/un-camino-de-vida-espiritual-las-conferencias-de-san-vicente-de-paul\/#easy-footnote-bottom-6-24217' title='Reglamento, p. 25.'><sup>6<\/sup><\/a><\/span>\n<h2><em>La espiritualidad de las Conferencias de San Vicente de Pa\u00fal en el Reglamento<\/em><\/h2>\n<p>La Sociedad de San Vicente de Pa\u00fal no es una organizaci\u00f3n de estudio (como s\u00ed lo eran las Conferencias de Historia del Ozanam universitario), sino de acci\u00f3n. Tal vez por eso mismo sean m\u00e1s bien escasos los estudios sistem\u00e1ticos de su espiritualidad. A falta de otras fuentes que sean f\u00e1cilmente accesibles, en este trabajo nos vamos a centrar exclusivamente en lo que sobre la espiritualidad de las Conferencias dice el Reglamento citado arriba. (La Federaci\u00f3n Internacional de la Sociedad de San Vicente de Pa\u00fal \u2013\u00e9ste es hoy el t\u00edtulo oficial de las Conferencias- tiene un Reglamento nuevo aprobado hace muy pocos a\u00f1os). Citamos entre par\u00e9ntesis las p\u00e1ginas en que se encuentran las ideas que comentamos a continuaci\u00f3n.<\/p>\n<h3>1. <em>hacia Dios<\/em><\/h3>\n<p>Ante todo se afirma que la manera de vivir la fe cristiana propia de las Conferencias es una vocaci\u00f3n (13), una vocaci\u00f3n-llamada peculiar que, aunque plenamente cristiana, <em>\u00abno es \u00fanicamente el llamamiento universal de Cristo a un esp\u00edritu de caridad\u00bb<\/em>, sino que tiene sus caracter\u00edsticas propias. De manera que el miembro de las Conferencias, al pertenecer a ellas y tratar de vivir su esp\u00edritu, pone su vida entera al servicio del plan de Dios sobre su persona y su ser de cristiano. En principio, esa vocaci\u00f3n (como toda vocaci\u00f3n que viene de Dios) afecta a la vida entera, y no s\u00f3lo a alg\u00fan aspecto de ella o a alg\u00fan tiempo limitado. Las Conferencias de San Vicente de Pa\u00fal no son una organizaci\u00f3n voluntaria en la que se entra y se sale seg\u00fan la conveniencia propia.<\/p>\n<p>En efecto: las llamadas de Dios a vivir la fe y la vida cristiana de una forma concreta no suelen ser (aunque a veces pueden sin duda serlo) de car\u00e1cter temporal limitado. En responder fielmente a la llamada-vocaci\u00f3n el cristiano se juega su fidelidad personal a Dios. Por eso <em>\u00abla vocaci\u00f3n vicentina conduce a un compromiso\u00bb<\/em> (15), pues es mucho m\u00e1s que la dedicaci\u00f3n espor\u00e1dica a ayudar a los pobres de vez en cuando.<\/p>\n<p>En seguimiento de Jesucristo, el vicentino es tambi\u00e9n un anunciador no ya s\u00f3lo del Dios de Jesucristo, sino del reinado de Dios (11), del deseo que Dios mismo tiene de que el Amor que \u00c9l mismo es en su vida trinitaria (1Jn 3,8) se extienda sobre la humanidad. Para empezar, el vicentino desea de coraz\u00f3n que Dios reine en su propia vida, pero tambi\u00e9n en el mundo, en la sociedad en que le ha tocado vivir. Anunciar el reinado de Dios a toda la humanidad y trabajar por \u00e9l es la misi\u00f3n global de la Iglesia de Cristo. Dentro de esa misi\u00f3n global a las Conferencias les toca por llamada de Dios anunciar el reino de Dios a los pobres para que tambi\u00e9n en la vida de los pobres se haga carne e historia el reinado de Dios (11-12).<\/p>\n<p>Esa referencia fundamental a Dios y al reinado de Dios en el mundo hace que el n\u00facleo fundamental de las Conferencias sea de car\u00e1cter netamente religioso. Las Conferencias no pueden convertirse en una organizaci\u00f3n de voluntarios para una acci\u00f3n social sin referencia expl\u00edcita al Dios de Jesucristo. Los vicentinos son <em>\u00abtestigos del amor de Cristo\u00bb<\/em> (28), y no otra cosa.<\/p>\n<h3>2.<em> hacia s\u00ed mismo<\/em><\/h3>\n<p>Una tal visi\u00f3n brota directamente del evangelio, pues <em>\u00abbasta con el evangelio para encontrar la fuente que inspir\u00f3 a la Sociedad de San Vicente de Pa\u00fal desde su fundaci\u00f3n\u00bb<\/em> (11). El elemento m\u00e1s s\u00f3lido de la espiritualidad de las Conferencias se encuentra en <em>\u00abla oraci\u00f3n, la meditaci\u00f3n de la Sagrada Escritura y la ense\u00f1anza de la Iglesia\u00bb<\/em> (28), as\u00ed como en el pensamiento de san Vicente de Pa\u00fal y en su obra (27).<\/p>\n<p>Como todo fiel cristiano tambi\u00e9n el vicentino puede sin duda acudir a otros medios y devociones para alimentar su espiritualidad, siempre que no desfiguren los perfiles de su propia vocaci\u00f3n. Pero las que cita el Reglamento son las fuentes indispensables. Ni la oraci\u00f3n ni el conocimiento del evangelio y de la espiritualidad de san Vicente de Pa\u00fal son lujos de los que pueden prescindir las Conferencias, sino el alma misma de su propia alma.<\/p>\n<p>Aunque la vocaci\u00f3n-llamada es siempre asunto personal (Dios me llama <em>a m\u00ed<\/em>, y yo \u00a0tengo que dar cuenta de c\u00f3mo respondo a esa llamada), la vocaci\u00f3n a las Conferencias se vive en comunidad organizada, en una <em>\u00abasociaci\u00f3n profundamente fraternal\u00bb<\/em> (16). No podr\u00eda ser de otro modo, pues ya queda dicho que todo en la vida de las Conferencias brota de la ra\u00edz evang\u00e9lica, la misma ra\u00edz que inspir\u00f3 tambi\u00e9n profundamente la vida de la primera comunidad cristiana de Jerusal\u00e9n (Hech 2,42-46).<\/p>\n<p>Para vivir en plenitud su espiritualidad propia el vicentino no se aleja del mundo en que Dios mismo le ha puesto. Aunque no <em>es <\/em>del mundo, como tampoco Cristo es del mundo (Jn 17,14), s\u00ed <em>est\u00e1<\/em> en el mundo (Jn 17,11), y el Se\u00f1or ha pedido por \u00e9l al Padre no que lo retire del mundo, sino que lo guarde del mal (Jn 17,15). La vocaci\u00f3n y la condici\u00f3n cristiana del vicentino es plenamente secular (de <em>saeculum<\/em>: mundo), pues se desarrolla y vive en plenitud en las realidades del mundo, de la sociedad en que le ha tocado vivir.<\/p>\n<p>La Sociedad de San Vicente de Pa\u00fal se reconoce como plenamente perteneciente a la Iglesia de Cristo; eso <em>\u00abjam\u00e1s se desmentir\u00e1 porque est\u00e1 inscrito no en una ley, pero s\u00ed en un esp\u00edritu\u00bb<\/em> (17). Por ello mismo muestra verdadero <em>\u00abafecto a la jerarqu\u00eda de la Iglesia\u00bb<\/em> y est\u00e1 <em>\u00absiempre dispuesta a asociar la acci\u00f3n de la Sociedad a todas las organizaciones eclesi\u00e1sticas que lo deseen\u00bb<\/em> (ibid.).<\/p>\n<p>Pero en cuanto a la naturaleza propia de su ser, la Sociedad de San Vicente de Pa\u00fal es plenamente laica y aut\u00f3noma. Tambi\u00e9n eso pertenece a su espiritualidad propia como nota fundamental querida sin duda por Dios y aceptada expresamente por la Iglesia. Laicidad radical: la Sociedad de San Vicente de Pa\u00fal no puede dejar de lado sin desvirtuarse esta caracter\u00edstica fundamental que le viene del fundador mismo, como vimos arriba. Salvo error u omisi\u00f3n, o ignorancia, no sabemos de otra instituci\u00f3n cat\u00f3lica que sea tan radicalmente laica como la\u00a0 Sociedad de San Vicente de Pa\u00fal. Para los tiempos que parece que se avecinan (si es que no est\u00e1n ya aqu\u00ed en muchos pa\u00edses), el mantener esta nota fundamental de su espiritualidad puede resultar un hecho decisivo para su permanencia, su eficacia y su fidelidad a la idea original del fundador.<\/p>\n<h3>3. <em>hacia los pobres <\/em><\/h3>\n<p>A todo lo que se ha dicho hasta aqu\u00ed hay que a\u00f1adir la caracter\u00edstica que hace de la espiritualidad vicentina una forma de vida espiritual verdaderamente peculiar y propia. Peculiar y propia, pero no exclusiva, ciertamente. Todas las instituciones que apelan a san Vicente de Pa\u00fal como inspirador tienen como propia y peculiar la misma caracter\u00edstica. Lo peculiar de esta vocaci\u00f3n es <em>\u00abaliviar con esp\u00edritu de justicia y caridad a los que sufren, y hacerlo por medio de un compromiso personal\u00bb<\/em> (27).<\/p>\n<p>En esa frase hemos dado con la verdadera raz\u00f3n que inspir\u00f3 la fundaci\u00f3n de las Conferencias de San Vicente de Pa\u00fal, pues <em>\u00abvivir en contacto personal con los que sufren, unirse para realizar mejor ese prop\u00f3sito, eso es el car\u00e1cter esencial y original de la Sociedad de San Vicente de Pa\u00fal\u00bb<\/em> (11).<\/p>\n<p>Car\u00e1cter original: la Sociedad de San Vicente de Pa\u00fal fue fundada para eso, y no para ninguna otra cosa. Por ejemplo, no fue fundada ante todo<em> para<\/em> la santificaci\u00f3n personal de sus miembros, pues la b\u00fasqueda de la santidad personal\u00a0 es algo ya exigido por su condici\u00f3n de cristianos aun antes de pertenecer a las Conferencias. La espiritualidad propia de las Conferencias se\u00f1ala el cauce o modo peculiar y\u00a0 concreto querido por Dios en el\u00a0 que sus miembros deben vivir\u00a0 la llamada a la santidad recibida en el bautismo. Si se quiere hablar con precisi\u00f3n, y aqu\u00ed la precisi\u00f3n es muy importante pues se trata de la esencia misma de la Sociedad, \u00e9sta\u00a0 no fue fundada ante todo para buscar la perfecci\u00f3n o santidad de sus miembros, sino para trabajar por la redenci\u00f3n de los pobres, cauce o modo en el que los miembros de la Sociedad encontrar\u00e1n sin duda su camino propio a la santidad. Y as\u00ed ha sucedido efectivamente con miles de sus miembros a lo largo de la historia de la Sociedad, comenzando por el beato Federico Ozanam. Llegaron a altas cotas de santidad viviendo a fondo la espiritualidad de una Sociedad fundada expresamente para trabajar por la redenci\u00f3n de los pobres del mundo. Esto es lo que tiene de verdaderamente original en la larga historia de la espiritualidad cristiana la experiencia espiritual de san Vicente de Pa\u00fal. Tambi\u00e9n \u00e9l lleg\u00f3 a los altares trabajando por la redenci\u00f3n de los pobres en seguimiento e imitaci\u00f3n de Jesucristo.<\/p>\n<p>Car\u00e1cter esencial:\u00a0 todo en la vida de las Conferencias y en la vida de sus miembros (oraci\u00f3n, virtudes necesarias, vida sacramental&#8230;) debe estar orientado y alimentado por lo que es esencial en esta forma de vida cristiana y de camino de santidad: el trabajo por los pobres de Cristo, en la seguridad de que en ese trabajo se encuentra el camino infalible para llegar a Dios, fin de toda vida humana. Como lo expresa lapidariamente una hija de la caridad de la primera generaci\u00f3n haci\u00e9ndose eco de lo que ella misma aprendi\u00f3 del fundador: <em>\u00abServir a los pobres es ir a Dios\u00bb.<\/em><span id='easy-footnote-7-24217' class='easy-footnote-margin-adjust'><\/span><span class='easy-footnote'><a href='https:\/\/vincentians.com\/es\/un-camino-de-vida-espiritual-las-conferencias-de-san-vicente-de-paul\/#easy-footnote-bottom-7-24217' title='Obras completas de san Vicente de Pa\u00fal, Salamanca, tomo IX, p. 25.'><sup>7<\/sup><\/a><\/span> Y como lo expresa muy bella y profundamente la oraci\u00f3n que se reza al final de la reuni\u00f3n de la conferencia (25):<\/p>\n<p><em>\u00aba fin de que habiendo dado a los pobres con todo su coraz\u00f3n lo que poseen,<br \/>\nacaben por darse ellos mismos\u00bb<\/em><\/p>\n","protected":false},"excerpt":{"rendered":"<p>La beatificaci\u00f3n de Federico Ozanam es, como toda beatificaci\u00f3n, una declaraci\u00f3n oficial de que su forma de vivir la fe cristiana, su vida espiritual, fue no s\u00f3lo conforme con el evangelio sino que puede servir &#8230; <a href=\"https:\/\/vincentians.com\/es\/un-camino-de-vida-espiritual-las-conferencias-de-san-vicente-de-paul\/\" class=\"more-link\">Read More<\/a><\/p>\n","protected":false},"author":4,"featured_media":393753,"comment_status":"open","ping_status":"open","sticky":false,"template":"","format":"standard","meta":{"jetpack_post_was_ever_published":false,"_jetpack_newsletter_access":"","_jetpack_dont_email_post_to_subs":false,"_jetpack_newsletter_tier_id":0,"_jetpack_memberships_contains_paywalled_content":false,"_jetpack_memberships_contains_paid_content":false,"footnotes":"","jetpack_publicize_message":"","jetpack_publicize_feature_enabled":true,"jetpack_social_post_already_shared":true,"jetpack_social_options":{"image_generator_settings":{"template":"highway","default_image_id":0,"font":"","enabled":false},"version":2}},"categories":[250],"tags":[],"class_list":["post-24217","post","type-post","status-publish","format-standard","has-post-thumbnail","hentry","category-sociedad-de-san-vicente-de-paul"],"yoast_head":"<!-- This site is optimized with the Yoast SEO plugin v26.3 - https:\/\/yoast.com\/wordpress\/plugins\/seo\/ -->\n<title>Un camino de vida espiritual: las conferencias de san Vicente de Pa\u00fal - Somos Vicencianos<\/title>\n<meta name=\"robots\" content=\"index, follow, max-snippet:-1, max-image-preview:large, max-video-preview:-1\" \/>\n<link rel=\"canonical\" href=\"https:\/\/vincentians.com\/es\/un-camino-de-vida-espiritual-las-conferencias-de-san-vicente-de-paul\/\" \/>\n<meta property=\"og:locale\" content=\"es_ES\" \/>\n<meta property=\"og:type\" content=\"article\" \/>\n<meta property=\"og:title\" content=\"Un camino de vida espiritual: las conferencias de san Vicente de Pa\u00fal - Somos Vicencianos\" \/>\n<meta property=\"og:description\" content=\"La beatificaci\u00f3n de Federico Ozanam es, como toda beatificaci\u00f3n, una declaraci\u00f3n oficial de que su forma de vivir la fe cristiana, su vida espiritual, fue no s\u00f3lo conforme con el evangelio sino que puede servir ... Read More\" \/>\n<meta property=\"og:url\" content=\"https:\/\/vincentians.com\/es\/un-camino-de-vida-espiritual-las-conferencias-de-san-vicente-de-paul\/\" \/>\n<meta property=\"og:site_name\" content=\"Somos Vicencianos\" \/>\n<meta property=\"article:publisher\" content=\"https:\/\/www.facebook.com\/WeAreVincentians\/\" \/>\n<meta property=\"article:author\" content=\"https:\/\/www.facebook.com\/JavierChento\" \/>\n<meta property=\"article:published_time\" content=\"2015-04-24T05:37:55+00:00\" \/>\n<meta property=\"og:image\" content=\"https:\/\/i0.wp.com\/vincentians.com\/es\/wp-content\/uploads\/sites\/11\/2016\/07\/escritos-vicente-de-paul.jpg?fit=1200%2C630&ssl=1\" \/>\n\t<meta property=\"og:image:width\" content=\"1200\" \/>\n\t<meta property=\"og:image:height\" content=\"630\" \/>\n\t<meta property=\"og:image:type\" content=\"image\/jpeg\" \/>\n<meta name=\"author\" content=\"Francisco Javier Fern\u00e1ndez Chento\" \/>\n<meta name=\"twitter:card\" content=\"summary_large_image\" \/>\n<meta name=\"twitter:creator\" content=\"@https:\/\/twitter.com\/javierchento\" \/>\n<meta name=\"twitter:site\" content=\"@WeVincentians\" \/>\n<meta name=\"twitter:label1\" content=\"Escrito por\" \/>\n\t<meta name=\"twitter:data1\" content=\"Francisco Javier Fern\u00e1ndez Chento\" \/>\n\t<meta name=\"twitter:label2\" content=\"Tiempo de lectura\" \/>\n\t<meta name=\"twitter:data2\" content=\"22 minutos\" \/>\n<script type=\"application\/ld+json\" class=\"yoast-schema-graph\">{\"@context\":\"https:\/\/schema.org\",\"@graph\":[{\"@type\":\"Article\",\"@id\":\"https:\/\/vincentians.com\/es\/un-camino-de-vida-espiritual-las-conferencias-de-san-vicente-de-paul\/#article\",\"isPartOf\":{\"@id\":\"https:\/\/vincentians.com\/es\/un-camino-de-vida-espiritual-las-conferencias-de-san-vicente-de-paul\/\"},\"author\":{\"name\":\"Francisco Javier Fern\u00e1ndez Chento\",\"@id\":\"http:\/\/vincentians.com\/es\/#\/schema\/person\/9623ef4d9aa3b2dfb8c061f1499288f2\"},\"headline\":\"Un camino de vida espiritual: las conferencias de san Vicente de Pa\u00fal\",\"datePublished\":\"2015-04-24T05:37:55+00:00\",\"mainEntityOfPage\":{\"@id\":\"https:\/\/vincentians.com\/es\/un-camino-de-vida-espiritual-las-conferencias-de-san-vicente-de-paul\/\"},\"wordCount\":4441,\"commentCount\":0,\"publisher\":{\"@id\":\"http:\/\/vincentians.com\/es\/#organization\"},\"image\":{\"@id\":\"https:\/\/vincentians.com\/es\/un-camino-de-vida-espiritual-las-conferencias-de-san-vicente-de-paul\/#primaryimage\"},\"thumbnailUrl\":\"https:\/\/i0.wp.com\/vincentians.com\/es\/wp-content\/uploads\/sites\/11\/2016\/07\/escritos-vicente-de-paul.jpg?fit=1200%2C630&ssl=1\",\"articleSection\":[\"Sociedad de San Vicente de Pa\u00fal\"],\"inLanguage\":\"es\",\"potentialAction\":[{\"@type\":\"CommentAction\",\"name\":\"Comment\",\"target\":[\"https:\/\/vincentians.com\/es\/un-camino-de-vida-espiritual-las-conferencias-de-san-vicente-de-paul\/#respond\"]}]},{\"@type\":\"WebPage\",\"@id\":\"https:\/\/vincentians.com\/es\/un-camino-de-vida-espiritual-las-conferencias-de-san-vicente-de-paul\/\",\"url\":\"https:\/\/vincentians.com\/es\/un-camino-de-vida-espiritual-las-conferencias-de-san-vicente-de-paul\/\",\"name\":\"Un camino de vida espiritual: las conferencias de san Vicente de Pa\u00fal - Somos Vicencianos\",\"isPartOf\":{\"@id\":\"http:\/\/vincentians.com\/es\/#website\"},\"primaryImageOfPage\":{\"@id\":\"https:\/\/vincentians.com\/es\/un-camino-de-vida-espiritual-las-conferencias-de-san-vicente-de-paul\/#primaryimage\"},\"image\":{\"@id\":\"https:\/\/vincentians.com\/es\/un-camino-de-vida-espiritual-las-conferencias-de-san-vicente-de-paul\/#primaryimage\"},\"thumbnailUrl\":\"https:\/\/i0.wp.com\/vincentians.com\/es\/wp-content\/uploads\/sites\/11\/2016\/07\/escritos-vicente-de-paul.jpg?fit=1200%2C630&ssl=1\",\"datePublished\":\"2015-04-24T05:37:55+00:00\",\"breadcrumb\":{\"@id\":\"https:\/\/vincentians.com\/es\/un-camino-de-vida-espiritual-las-conferencias-de-san-vicente-de-paul\/#breadcrumb\"},\"inLanguage\":\"es\",\"potentialAction\":[{\"@type\":\"ReadAction\",\"target\":[\"https:\/\/vincentians.com\/es\/un-camino-de-vida-espiritual-las-conferencias-de-san-vicente-de-paul\/\"]}]},{\"@type\":\"ImageObject\",\"inLanguage\":\"es\",\"@id\":\"https:\/\/vincentians.com\/es\/un-camino-de-vida-espiritual-las-conferencias-de-san-vicente-de-paul\/#primaryimage\",\"url\":\"https:\/\/i0.wp.com\/vincentians.com\/es\/wp-content\/uploads\/sites\/11\/2016\/07\/escritos-vicente-de-paul.jpg?fit=1200%2C630&ssl=1\",\"contentUrl\":\"https:\/\/i0.wp.com\/vincentians.com\/es\/wp-content\/uploads\/sites\/11\/2016\/07\/escritos-vicente-de-paul.jpg?fit=1200%2C630&ssl=1\",\"width\":1200,\"height\":630},{\"@type\":\"BreadcrumbList\",\"@id\":\"https:\/\/vincentians.com\/es\/un-camino-de-vida-espiritual-las-conferencias-de-san-vicente-de-paul\/#breadcrumb\",\"itemListElement\":[{\"@type\":\"ListItem\",\"position\":1,\"name\":\"Portada\",\"item\":\"http:\/\/vincentians.com\/es\/\"},{\"@type\":\"ListItem\",\"position\":2,\"name\":\"Un camino de vida espiritual: las conferencias de san Vicente de Pa\u00fal\"}]},{\"@type\":\"WebSite\",\"@id\":\"http:\/\/vincentians.com\/es\/#website\",\"url\":\"http:\/\/vincentians.com\/es\/\",\"name\":\"Somos Vicencianos\",\"description\":\"Know more to serve more\",\"publisher\":{\"@id\":\"http:\/\/vincentians.com\/es\/#organization\"},\"potentialAction\":[{\"@type\":\"SearchAction\",\"target\":{\"@type\":\"EntryPoint\",\"urlTemplate\":\"http:\/\/vincentians.com\/es\/?s={search_term_string}\"},\"query-input\":{\"@type\":\"PropertyValueSpecification\",\"valueRequired\":true,\"valueName\":\"search_term_string\"}}],\"inLanguage\":\"es\"},{\"@type\":\"Organization\",\"@id\":\"http:\/\/vincentians.com\/es\/#organization\",\"name\":\"The Vincentian Network\",\"url\":\"http:\/\/vincentians.com\/es\/\",\"logo\":{\"@type\":\"ImageObject\",\"inLanguage\":\"es\",\"@id\":\"http:\/\/vincentians.com\/es\/#\/schema\/logo\/image\/\",\"url\":\"https:\/\/i1.wp.com\/vincentians.com\/es\/wp-content\/uploads\/sites\/11\/2016\/06\/Vincentian-Network-logo-big.png?fit=778%2C778\",\"contentUrl\":\"https:\/\/i1.wp.com\/vincentians.com\/es\/wp-content\/uploads\/sites\/11\/2016\/06\/Vincentian-Network-logo-big.png?fit=778%2C778\",\"width\":778,\"height\":778,\"caption\":\"The Vincentian Network\"},\"image\":{\"@id\":\"http:\/\/vincentians.com\/es\/#\/schema\/logo\/image\/\"},\"sameAs\":[\"https:\/\/www.facebook.com\/WeAreVincentians\/\",\"https:\/\/x.com\/WeVincentians\"]},{\"@type\":\"Person\",\"@id\":\"http:\/\/vincentians.com\/es\/#\/schema\/person\/9623ef4d9aa3b2dfb8c061f1499288f2\",\"name\":\"Francisco Javier Fern\u00e1ndez Chento\",\"image\":{\"@type\":\"ImageObject\",\"inLanguage\":\"es\",\"@id\":\"http:\/\/vincentians.com\/es\/#\/schema\/person\/image\/\",\"url\":\"https:\/\/secure.gravatar.com\/avatar\/497d5cde87b4c3d097d0315953521681ba2cd523ee66e5077c3711f7021e65de?s=96&d=mm&r=g\",\"contentUrl\":\"https:\/\/secure.gravatar.com\/avatar\/497d5cde87b4c3d097d0315953521681ba2cd523ee66e5077c3711f7021e65de?s=96&d=mm&r=g\",\"caption\":\"Francisco Javier Fern\u00e1ndez Chento\"},\"description\":\"Director General y cofundador de La Red de Formaci\u00f3n Vicenciana. Javier es laico vicenciano, afiliado a la Congregaci\u00f3n de la Misi\u00f3n y miembro del Equipo de Misiones Populares de la provincia can\u00f3nica de Zaragoza (Espa\u00f1a) de la Congregaci\u00f3n de la Misi\u00f3n. Graduado en la Universidad Oberta de Catalunya con cuatro grados (Asistente de direcci\u00f3n, Gesti\u00f3n Administrativa, Recursos Humanos y Contabilidad Avanzada). Bil\u00edng\u00fce Espa\u00f1ol\/Ingl\u00e9s. gestiona y mantiene varias p\u00e1ginas web cristianas y vicencianas, incluida including La Red de Formaci\u00f3n Vicenciana, de la que es cofundador. Actualmente es responsable del \u00e1rea de Espa\u00f1ol de .famvin, la Red de Noticias de la Familia Vicenciana. Tambi\u00e9n es m\u00fasico cat\u00f3lico y ha editado varios discos. Es Director General y cofundador de Trovador, una reconocida compa\u00f1\u00eda discogr\u00e1fica critiana de Espa\u00f1a. Trabaja en las Tecnolog\u00edas de la Informaci\u00f3n, ofreciendo servicios de alojamiento, dise\u00f1o y mantenimiento Web, as\u00ed como asesoramiento, formaci\u00f3n y soluciones inform\u00e1ticas, gesti\u00f3n documental y digitalizaci\u00f3n de textos, edici\u00f3n y maquetaci\u00f3n de libros, revistas, flyers, etc.\",\"sameAs\":[\"http:\/\/chento.org\",\"https:\/\/www.facebook.com\/JavierChento\",\"https:\/\/x.com\/https:\/\/twitter.com\/javierchento\"],\"url\":\"https:\/\/vincentians.com\/es\/author\/chento\/\"}]}<\/script>\n<!-- \/ Yoast SEO plugin. -->","yoast_head_json":{"title":"Un camino de vida espiritual: las conferencias de san Vicente de Pa\u00fal - Somos Vicencianos","robots":{"index":"index","follow":"follow","max-snippet":"max-snippet:-1","max-image-preview":"max-image-preview:large","max-video-preview":"max-video-preview:-1"},"canonical":"https:\/\/vincentians.com\/es\/un-camino-de-vida-espiritual-las-conferencias-de-san-vicente-de-paul\/","og_locale":"es_ES","og_type":"article","og_title":"Un camino de vida espiritual: las conferencias de san Vicente de Pa\u00fal - Somos Vicencianos","og_description":"La beatificaci\u00f3n de Federico Ozanam es, como toda beatificaci\u00f3n, una declaraci\u00f3n oficial de que su forma de vivir la fe cristiana, su vida espiritual, fue no s\u00f3lo conforme con el evangelio sino que puede servir ... Read More","og_url":"https:\/\/vincentians.com\/es\/un-camino-de-vida-espiritual-las-conferencias-de-san-vicente-de-paul\/","og_site_name":"Somos Vicencianos","article_publisher":"https:\/\/www.facebook.com\/WeAreVincentians\/","article_author":"https:\/\/www.facebook.com\/JavierChento","article_published_time":"2015-04-24T05:37:55+00:00","og_image":[{"width":1200,"height":630,"url":"https:\/\/i0.wp.com\/vincentians.com\/es\/wp-content\/uploads\/sites\/11\/2016\/07\/escritos-vicente-de-paul.jpg?fit=1200%2C630&ssl=1","type":"image\/jpeg"}],"author":"Francisco Javier Fern\u00e1ndez Chento","twitter_card":"summary_large_image","twitter_creator":"@https:\/\/twitter.com\/javierchento","twitter_site":"@WeVincentians","twitter_misc":{"Escrito por":"Francisco Javier Fern\u00e1ndez Chento","Tiempo de lectura":"22 minutos"},"schema":{"@context":"https:\/\/schema.org","@graph":[{"@type":"Article","@id":"https:\/\/vincentians.com\/es\/un-camino-de-vida-espiritual-las-conferencias-de-san-vicente-de-paul\/#article","isPartOf":{"@id":"https:\/\/vincentians.com\/es\/un-camino-de-vida-espiritual-las-conferencias-de-san-vicente-de-paul\/"},"author":{"name":"Francisco Javier Fern\u00e1ndez Chento","@id":"http:\/\/vincentians.com\/es\/#\/schema\/person\/9623ef4d9aa3b2dfb8c061f1499288f2"},"headline":"Un camino de vida espiritual: las conferencias de san Vicente de Pa\u00fal","datePublished":"2015-04-24T05:37:55+00:00","mainEntityOfPage":{"@id":"https:\/\/vincentians.com\/es\/un-camino-de-vida-espiritual-las-conferencias-de-san-vicente-de-paul\/"},"wordCount":4441,"commentCount":0,"publisher":{"@id":"http:\/\/vincentians.com\/es\/#organization"},"image":{"@id":"https:\/\/vincentians.com\/es\/un-camino-de-vida-espiritual-las-conferencias-de-san-vicente-de-paul\/#primaryimage"},"thumbnailUrl":"https:\/\/i0.wp.com\/vincentians.com\/es\/wp-content\/uploads\/sites\/11\/2016\/07\/escritos-vicente-de-paul.jpg?fit=1200%2C630&ssl=1","articleSection":["Sociedad de San Vicente de Pa\u00fal"],"inLanguage":"es","potentialAction":[{"@type":"CommentAction","name":"Comment","target":["https:\/\/vincentians.com\/es\/un-camino-de-vida-espiritual-las-conferencias-de-san-vicente-de-paul\/#respond"]}]},{"@type":"WebPage","@id":"https:\/\/vincentians.com\/es\/un-camino-de-vida-espiritual-las-conferencias-de-san-vicente-de-paul\/","url":"https:\/\/vincentians.com\/es\/un-camino-de-vida-espiritual-las-conferencias-de-san-vicente-de-paul\/","name":"Un camino de vida espiritual: las conferencias de san Vicente de Pa\u00fal - Somos Vicencianos","isPartOf":{"@id":"http:\/\/vincentians.com\/es\/#website"},"primaryImageOfPage":{"@id":"https:\/\/vincentians.com\/es\/un-camino-de-vida-espiritual-las-conferencias-de-san-vicente-de-paul\/#primaryimage"},"image":{"@id":"https:\/\/vincentians.com\/es\/un-camino-de-vida-espiritual-las-conferencias-de-san-vicente-de-paul\/#primaryimage"},"thumbnailUrl":"https:\/\/i0.wp.com\/vincentians.com\/es\/wp-content\/uploads\/sites\/11\/2016\/07\/escritos-vicente-de-paul.jpg?fit=1200%2C630&ssl=1","datePublished":"2015-04-24T05:37:55+00:00","breadcrumb":{"@id":"https:\/\/vincentians.com\/es\/un-camino-de-vida-espiritual-las-conferencias-de-san-vicente-de-paul\/#breadcrumb"},"inLanguage":"es","potentialAction":[{"@type":"ReadAction","target":["https:\/\/vincentians.com\/es\/un-camino-de-vida-espiritual-las-conferencias-de-san-vicente-de-paul\/"]}]},{"@type":"ImageObject","inLanguage":"es","@id":"https:\/\/vincentians.com\/es\/un-camino-de-vida-espiritual-las-conferencias-de-san-vicente-de-paul\/#primaryimage","url":"https:\/\/i0.wp.com\/vincentians.com\/es\/wp-content\/uploads\/sites\/11\/2016\/07\/escritos-vicente-de-paul.jpg?fit=1200%2C630&ssl=1","contentUrl":"https:\/\/i0.wp.com\/vincentians.com\/es\/wp-content\/uploads\/sites\/11\/2016\/07\/escritos-vicente-de-paul.jpg?fit=1200%2C630&ssl=1","width":1200,"height":630},{"@type":"BreadcrumbList","@id":"https:\/\/vincentians.com\/es\/un-camino-de-vida-espiritual-las-conferencias-de-san-vicente-de-paul\/#breadcrumb","itemListElement":[{"@type":"ListItem","position":1,"name":"Portada","item":"http:\/\/vincentians.com\/es\/"},{"@type":"ListItem","position":2,"name":"Un camino de vida espiritual: las conferencias de san Vicente de Pa\u00fal"}]},{"@type":"WebSite","@id":"http:\/\/vincentians.com\/es\/#website","url":"http:\/\/vincentians.com\/es\/","name":"Somos Vicencianos","description":"Know more to serve more","publisher":{"@id":"http:\/\/vincentians.com\/es\/#organization"},"potentialAction":[{"@type":"SearchAction","target":{"@type":"EntryPoint","urlTemplate":"http:\/\/vincentians.com\/es\/?s={search_term_string}"},"query-input":{"@type":"PropertyValueSpecification","valueRequired":true,"valueName":"search_term_string"}}],"inLanguage":"es"},{"@type":"Organization","@id":"http:\/\/vincentians.com\/es\/#organization","name":"The Vincentian Network","url":"http:\/\/vincentians.com\/es\/","logo":{"@type":"ImageObject","inLanguage":"es","@id":"http:\/\/vincentians.com\/es\/#\/schema\/logo\/image\/","url":"https:\/\/i1.wp.com\/vincentians.com\/es\/wp-content\/uploads\/sites\/11\/2016\/06\/Vincentian-Network-logo-big.png?fit=778%2C778","contentUrl":"https:\/\/i1.wp.com\/vincentians.com\/es\/wp-content\/uploads\/sites\/11\/2016\/06\/Vincentian-Network-logo-big.png?fit=778%2C778","width":778,"height":778,"caption":"The Vincentian Network"},"image":{"@id":"http:\/\/vincentians.com\/es\/#\/schema\/logo\/image\/"},"sameAs":["https:\/\/www.facebook.com\/WeAreVincentians\/","https:\/\/x.com\/WeVincentians"]},{"@type":"Person","@id":"http:\/\/vincentians.com\/es\/#\/schema\/person\/9623ef4d9aa3b2dfb8c061f1499288f2","name":"Francisco Javier Fern\u00e1ndez Chento","image":{"@type":"ImageObject","inLanguage":"es","@id":"http:\/\/vincentians.com\/es\/#\/schema\/person\/image\/","url":"https:\/\/secure.gravatar.com\/avatar\/497d5cde87b4c3d097d0315953521681ba2cd523ee66e5077c3711f7021e65de?s=96&d=mm&r=g","contentUrl":"https:\/\/secure.gravatar.com\/avatar\/497d5cde87b4c3d097d0315953521681ba2cd523ee66e5077c3711f7021e65de?s=96&d=mm&r=g","caption":"Francisco Javier Fern\u00e1ndez Chento"},"description":"Director General y cofundador de La Red de Formaci\u00f3n Vicenciana. Javier es laico vicenciano, afiliado a la Congregaci\u00f3n de la Misi\u00f3n y miembro del Equipo de Misiones Populares de la provincia can\u00f3nica de Zaragoza (Espa\u00f1a) de la Congregaci\u00f3n de la Misi\u00f3n. Graduado en la Universidad Oberta de Catalunya con cuatro grados (Asistente de direcci\u00f3n, Gesti\u00f3n Administrativa, Recursos Humanos y Contabilidad Avanzada). Bil\u00edng\u00fce Espa\u00f1ol\/Ingl\u00e9s. gestiona y mantiene varias p\u00e1ginas web cristianas y vicencianas, incluida including La Red de Formaci\u00f3n Vicenciana, de la que es cofundador. Actualmente es responsable del \u00e1rea de Espa\u00f1ol de .famvin, la Red de Noticias de la Familia Vicenciana. Tambi\u00e9n es m\u00fasico cat\u00f3lico y ha editado varios discos. Es Director General y cofundador de Trovador, una reconocida compa\u00f1\u00eda discogr\u00e1fica critiana de Espa\u00f1a. Trabaja en las Tecnolog\u00edas de la Informaci\u00f3n, ofreciendo servicios de alojamiento, dise\u00f1o y mantenimiento Web, as\u00ed como asesoramiento, formaci\u00f3n y soluciones inform\u00e1ticas, gesti\u00f3n documental y digitalizaci\u00f3n de textos, edici\u00f3n y maquetaci\u00f3n de libros, revistas, flyers, etc.","sameAs":["http:\/\/chento.org","https:\/\/www.facebook.com\/JavierChento","https:\/\/x.com\/https:\/\/twitter.com\/javierchento"],"url":"https:\/\/vincentians.com\/es\/author\/chento\/"}]}},"jetpack_publicize_connections":[],"jetpack_featured_media_url":"https:\/\/i0.wp.com\/vincentians.com\/es\/wp-content\/uploads\/sites\/11\/2016\/07\/escritos-vicente-de-paul.jpg?fit=1200%2C630&ssl=1","jetpack_sharing_enabled":true,"jetpack_shortlink":"https:\/\/wp.me\/p7ETMF-6iB","jetpack-related-posts":[{"id":387571,"url":"https:\/\/vincentians.com\/es\/federico-ozanam-1813-1853-xx\/","url_meta":{"origin":24217,"position":0},"title":"Federico Ozanam (1813-1853) (XX)","author":"Mitxel Olabu\u00e9naga","date":"29\/06\/2016","format":false,"excerpt":"EPILOGO \"El hombre fue admirable y encantador [...]. Toda su vida estuvo consagrada a los desvelos m\u00e1s nobles y empleada en las tareas m\u00e1s bienhechoras. Y sobre este destino tan realizado y tan breve planea la melancol\u00eda de las existencias prematuramente rotas.\" Este juicio que se halla bajo la pluma\u2026","rel":"","context":"En \u00abFederico Ozanam\u00bb","block_context":{"text":"Federico Ozanam","link":"https:\/\/vincentians.com\/es\/category\/la-familia-vicenciana\/fundadores\/federico-ozanam\/"},"img":{"alt_text":"","src":"https:\/\/i0.wp.com\/vincentians.com\/es\/wp-content\/uploads\/sites\/11\/2016\/07\/young-ozanam.jpg?fit=1200%2C630&ssl=1&resize=350%2C200","width":350,"height":200,"srcset":"https:\/\/i0.wp.com\/vincentians.com\/es\/wp-content\/uploads\/sites\/11\/2016\/07\/young-ozanam.jpg?fit=1200%2C630&ssl=1&resize=350%2C200 1x, https:\/\/i0.wp.com\/vincentians.com\/es\/wp-content\/uploads\/sites\/11\/2016\/07\/young-ozanam.jpg?fit=1200%2C630&ssl=1&resize=525%2C300 1.5x, https:\/\/i0.wp.com\/vincentians.com\/es\/wp-content\/uploads\/sites\/11\/2016\/07\/young-ozanam.jpg?fit=1200%2C630&ssl=1&resize=700%2C400 2x, https:\/\/i0.wp.com\/vincentians.com\/es\/wp-content\/uploads\/sites\/11\/2016\/07\/young-ozanam.jpg?fit=1200%2C630&ssl=1&resize=1050%2C600 3x"},"classes":[]},{"id":120727,"url":"https:\/\/vincentians.com\/es\/la-santidad-en-federico-ozanam\/","url_meta":{"origin":24217,"position":1},"title":"La santidad en Federico Ozanam","author":"Francisco Javier Fern\u00e1ndez Chento","date":"09\/09\/2021","format":false,"excerpt":"Introducci\u00f3n Todos sabemos que Vicente de Pa\u00fal plant\u00f3 un gran \u00e1rbol \"revolucionario\" de caridad en el siglo XVII. En este tronco se le han ido injertado otras ramas que, a pesar de tener identidad pro\u00adpia, todas ellas se alimentan de esa savia del Cristo adorador del Padre, evangelizador y servidor\u2026","rel":"","context":"En \u00abFederico Ozanam\u00bb","block_context":{"text":"Federico Ozanam","link":"https:\/\/vincentians.com\/es\/category\/la-familia-vicenciana\/fundadores\/federico-ozanam\/"},"img":{"alt_text":"","src":"https:\/\/i0.wp.com\/vincentians.com\/es\/wp-content\/uploads\/sites\/11\/2016\/10\/cara-ozanam.jpg?fit=1200%2C630&ssl=1&resize=350%2C200","width":350,"height":200,"srcset":"https:\/\/i0.wp.com\/vincentians.com\/es\/wp-content\/uploads\/sites\/11\/2016\/10\/cara-ozanam.jpg?fit=1200%2C630&ssl=1&resize=350%2C200 1x, https:\/\/i0.wp.com\/vincentians.com\/es\/wp-content\/uploads\/sites\/11\/2016\/10\/cara-ozanam.jpg?fit=1200%2C630&ssl=1&resize=525%2C300 1.5x, https:\/\/i0.wp.com\/vincentians.com\/es\/wp-content\/uploads\/sites\/11\/2016\/10\/cara-ozanam.jpg?fit=1200%2C630&ssl=1&resize=700%2C400 2x, https:\/\/i0.wp.com\/vincentians.com\/es\/wp-content\/uploads\/sites\/11\/2016\/10\/cara-ozanam.jpg?fit=1200%2C630&ssl=1&resize=1050%2C600 3x"},"classes":[]},{"id":127193,"url":"https:\/\/vincentians.com\/es\/federico-ozanam-1813-1853-y-las-conferencias-de-san-vicente-de-paul\/","url_meta":{"origin":24217,"position":2},"title":"Federico Ozanam (1813-1853) y las Conferencias de san Vicente de Pa\u00fal","author":"Francisco Javier Fern\u00e1ndez Chento","date":"16\/01\/2015","format":false,"excerpt":"Inicio esta ponencia acerca de Federico Ozanam y las Conferencias de San Vicente de Pa\u00fal agradeciendo la invitaci\u00f3n de la comisi\u00f3n encargada de esta vig\u00e9simo quinta Semana Vicentina en la persona del P. Chuno. Obviamente, como vicentino nos vemos comprometidos en el estudio de la vida de nuestros santos y\u2026","rel":"","context":"En \u00abFederico Ozanam\u00bb","block_context":{"text":"Federico Ozanam","link":"https:\/\/vincentians.com\/es\/category\/la-familia-vicenciana\/fundadores\/federico-ozanam\/"},"img":{"alt_text":"","src":"https:\/\/i0.wp.com\/vincentians.com\/es\/wp-content\/uploads\/sites\/11\/2016\/07\/young-ozanam.jpg?fit=1200%2C630&ssl=1&resize=350%2C200","width":350,"height":200,"srcset":"https:\/\/i0.wp.com\/vincentians.com\/es\/wp-content\/uploads\/sites\/11\/2016\/07\/young-ozanam.jpg?fit=1200%2C630&ssl=1&resize=350%2C200 1x, https:\/\/i0.wp.com\/vincentians.com\/es\/wp-content\/uploads\/sites\/11\/2016\/07\/young-ozanam.jpg?fit=1200%2C630&ssl=1&resize=525%2C300 1.5x, https:\/\/i0.wp.com\/vincentians.com\/es\/wp-content\/uploads\/sites\/11\/2016\/07\/young-ozanam.jpg?fit=1200%2C630&ssl=1&resize=700%2C400 2x, https:\/\/i0.wp.com\/vincentians.com\/es\/wp-content\/uploads\/sites\/11\/2016\/07\/young-ozanam.jpg?fit=1200%2C630&ssl=1&resize=1050%2C600 3x"},"classes":[]},{"id":104297,"url":"https:\/\/vincentians.com\/es\/novena-biblica-en-honor-al-beato-federico-ozanam-dia-tercero\/","url_meta":{"origin":24217,"position":3},"title":"Novena b\u00edblica en honor al beato Federico Ozanam: D\u00eda tercero","author":"Francisco Javier Fern\u00e1ndez Chento","date":"03\/09\/2012","format":false,"excerpt":"Oraci\u00f3n Oh Dios de Caridad infinita, que no dejas de compadecerte de nosotros y contin\u00faas la obra misericordiosa de tu Divino Hijo Jesucristo en la historia de cada hombre. Te damos infinitas gracias por el amor que se hace manifiesto por medio de la gracia bautismal en todos y cada\u2026","rel":"","context":"En \u00abFederico Ozanam\u00bb","block_context":{"text":"Federico Ozanam","link":"https:\/\/vincentians.com\/es\/category\/la-familia-vicenciana\/fundadores\/federico-ozanam\/"},"img":{"alt_text":"","src":"https:\/\/i0.wp.com\/vicencianos.org\/wp-content\/2012\/09\/beato_ozanam_pobre-225x300.jpg?resize=350%2C200","width":350,"height":200},"classes":[]},{"id":401581,"url":"https:\/\/vincentians.com\/es\/la-santidad-federico-ozanam-i-2\/","url_meta":{"origin":24217,"position":4},"title":"La santidad de Federico Ozanam (I)","author":"Mitxel Olabu\u00e9naga","date":"28\/01\/2018","format":false,"excerpt":"Todos sabemos que Vicente de Pa\u00fal plant\u00f3 un gran \u00e1rbol \u201crevolucionario\u201d de caridad en el siglo XVII. En este tronco se le han ido injertando otras ramas que, a pesar de tener identidad propia, todas ellas se alimentan de esa savia del Cristo adorador del evangelizador y servidor de los\u2026","rel":"","context":"En \u00abEspiritualidad\u00bb","block_context":{"text":"Espiritualidad","link":"https:\/\/vincentians.com\/es\/category\/espiritualidad\/"},"img":{"alt_text":"","src":"https:\/\/i0.wp.com\/vincentians.com\/es\/wp-content\/uploads\/sites\/11\/2016\/10\/cara-ozanam.jpg?fit=1200%2C630&ssl=1&resize=350%2C200","width":350,"height":200,"srcset":"https:\/\/i0.wp.com\/vincentians.com\/es\/wp-content\/uploads\/sites\/11\/2016\/10\/cara-ozanam.jpg?fit=1200%2C630&ssl=1&resize=350%2C200 1x, https:\/\/i0.wp.com\/vincentians.com\/es\/wp-content\/uploads\/sites\/11\/2016\/10\/cara-ozanam.jpg?fit=1200%2C630&ssl=1&resize=525%2C300 1.5x, https:\/\/i0.wp.com\/vincentians.com\/es\/wp-content\/uploads\/sites\/11\/2016\/10\/cara-ozanam.jpg?fit=1200%2C630&ssl=1&resize=700%2C400 2x, https:\/\/i0.wp.com\/vincentians.com\/es\/wp-content\/uploads\/sites\/11\/2016\/10\/cara-ozanam.jpg?fit=1200%2C630&ssl=1&resize=1050%2C600 3x"},"classes":[]},{"id":386828,"url":"https:\/\/vincentians.com\/es\/federico-ozanam-un-santo-polifacetico-y-modelico\/","url_meta":{"origin":24217,"position":5},"title":"Federico Ozanam, un santo polifac\u00e9tico y mod\u00e9lico","author":"Francisco Javier Fern\u00e1ndez Chento","date":"09\/09\/2024","format":false,"excerpt":"Federico Ozanam, hombre polifac\u00e9tico y mod\u00e9lico Es para m\u00ed una satisfacci\u00f3n estar aqu\u00ed en esta mesa con el objetivo de presentar la figura del beato Federico Ozanam con motivo de la edici\u00f3n de su correspondencia. Quiero iniciar mi reflexi\u00f3n recordando el breve retrato que hizo de su persona el historiador\u2026","rel":"","context":"En \u00abFederico Ozanam\u00bb","block_context":{"text":"Federico Ozanam","link":"https:\/\/vincentians.com\/es\/category\/la-familia-vicenciana\/fundadores\/federico-ozanam\/"},"img":{"alt_text":"","src":"https:\/\/i0.wp.com\/vincentians.com\/es\/wp-content\/uploads\/sites\/11\/2016\/09\/Federico-Ozanam-5.jpg?fit=472%2C689&ssl=1&resize=350%2C200","width":350,"height":200},"classes":[]}],"_links":{"self":[{"href":"https:\/\/vincentians.com\/es\/wp-json\/wp\/v2\/posts\/24217","targetHints":{"allow":["GET"]}}],"collection":[{"href":"https:\/\/vincentians.com\/es\/wp-json\/wp\/v2\/posts"}],"about":[{"href":"https:\/\/vincentians.com\/es\/wp-json\/wp\/v2\/types\/post"}],"author":[{"embeddable":true,"href":"https:\/\/vincentians.com\/es\/wp-json\/wp\/v2\/users\/4"}],"replies":[{"embeddable":true,"href":"https:\/\/vincentians.com\/es\/wp-json\/wp\/v2\/comments?post=24217"}],"version-history":[{"count":0,"href":"https:\/\/vincentians.com\/es\/wp-json\/wp\/v2\/posts\/24217\/revisions"}],"wp:featuredmedia":[{"embeddable":true,"href":"https:\/\/vincentians.com\/es\/wp-json\/wp\/v2\/media\/393753"}],"wp:attachment":[{"href":"https:\/\/vincentians.com\/es\/wp-json\/wp\/v2\/media?parent=24217"}],"wp:term":[{"taxonomy":"category","embeddable":true,"href":"https:\/\/vincentians.com\/es\/wp-json\/wp\/v2\/categories?post=24217"},{"taxonomy":"post_tag","embeddable":true,"href":"https:\/\/vincentians.com\/es\/wp-json\/wp\/v2\/tags?post=24217"}],"curies":[{"name":"wp","href":"https:\/\/api.w.org\/{rel}","templated":true}]}}