{"id":23978,"date":"2014-12-24T07:12:08","date_gmt":"2014-12-24T06:12:08","guid":{"rendered":"http:\/\/somos.vicencianos.org\/blog\/2010\/12\/24\/feliz-navidad-2\/"},"modified":"2014-12-24T07:12:08","modified_gmt":"2014-12-24T06:12:08","slug":"feliz-navidad","status":"publish","type":"post","link":"https:\/\/vincentians.com\/es\/feliz-navidad\/","title":{"rendered":"Feliz Navidad"},"content":{"rendered":"<p><a href=\"https:\/\/i0.wp.com\/vicencianos.org\/wp-content\/2014\/12\/feliz_navidad_2015.jpg\"><img data-recalc-dims=\"1\" loading=\"lazy\" decoding=\"async\" class=\"aligncenter size-large wp-image-132151\" src=\"https:\/\/i0.wp.com\/vicencianos.org\/wp-content\/2014\/12\/feliz_navidad_2015-1024x682.jpg?resize=846%2C563\" alt=\"feliz_navidad_2015\" width=\"846\" height=\"563\" \/><\/a><\/p>\n<p>Que este tiempo de Esperanza reavive en nosotros la pasi\u00f3n por vivir el Evangelio enraizados en la realidad, con los pies en la tierra y la mirada en el cielo. Que la dulzura del infante reci\u00e9n nacido nos acompa\u00f1e en nuestro encuentro con los m\u00e1s necesitados. Que la sencillez del Salvador hecho ni\u00f1o nos llene de esperanza y nos ilumine para mejor servir y amar a los pobres. Que sepamos renacer a una vida nueva en el recuerdo de Bel\u00e9n.<\/p>\n<h2 style=\"text-align: center\"><strong><strong>\u00a1Feliz Navidad<br \/>\na todos los amigos de \u00abSomos Vicencianos\u00bb<\/strong><strong>,<br \/>\n<\/strong>a toda la Familia Vicenciana<br \/>\ny a todos los hombres de buen coraz\u00f3n!<\/strong><\/h2>\n<h2>Noche de Navidad<\/h2>\n<p>(canta: Javier F. Chento y coro de ni\u00f1os)<\/p>\n<iframe loading=\"lazy\" width=\"100%\" height=\"166\" scrolling=\"no\" frameborder=\"no\" src=\"https:\/\/w.soundcloud.com\/player\/?url=http%3A%2F%2Fapi.soundcloud.com%2Ftracks%2F31383802&auto_play=false&hide_related=false&visual=false&show_comments=false&color=false&show_user=false&show_reposts=false\"><\/iframe>\n<p style=\"text-align: center\"><strong>Esta noche es una noche especial:<br \/>\nJes\u00fas es quien nace y nos viene a salvar.<br \/>\nEsta noche es una noche especial:<br \/>\nJes\u00fas es quien nace y nos viene a salvar.<\/strong><\/p>\n<p style=\"text-align: center\">Un momento especial, ven aqu\u00ed para ver<br \/>\na un peque\u00f1o ni\u00f1o que hoy va a nacer.<br \/>\nEs Navidad y quien nace es Jes\u00fas:<br \/>\nregalo de Dios para m\u00ed.<\/p>\n<p style=\"text-align: center\"><strong>Esta noche es una noche especial:<br \/>\nJes\u00fas es quien nace y nos viene a salvar.<br \/>\nEsta noche es una noche especial:<br \/>\nJes\u00fas es quien nace y nos viene a salvar.<\/strong><\/p>\n<p style=\"text-align: center\">Es el Hijo de Dios, es Jes\u00fas quien naci\u00f3.<br \/>\n\u00c1ngeles cantan glorias a Dios.<br \/>\nTodo el cielo de fiesta est\u00e1<br \/>\npues en la tierra naci\u00f3 hoy Jes\u00fas.<\/p>\n<p style=\"text-align: center\"><em>Un \u00e1ngel se apareci\u00f3 a los pastores de Bel\u00e9n y les dijo:<br \/>\n\u00abOs traigo una gran noticia, de parte de nuestro Padre Dios,<br \/>\nque traer\u00e1 mucha alegr\u00eda para todos los hombres:<br \/>\nen medio del pueblo, en este mundo, \u00a1ha nacido Jes\u00fas!.<\/em><\/p>\n<p style=\"text-align: center\">Es el Hijo de Dios, es Jes\u00fas quien naci\u00f3.<br \/>\n\u00c1ngeles cantan glorias a Dios.<br \/>\nTodo el cielo de fiesta est\u00e1<br \/>\npues en la tierra naci\u00f3 hoy Jes\u00fas.<\/p>\n<p style=\"text-align: center\"><strong>Esta noche es una noche especial:<br \/>\nJes\u00fas es quien nace y nos viene a salvar.<br \/>\nEsta noche es una noche especial:<br \/>\nJes\u00fas es quien nace y nos viene a salvar.<\/strong><strong><br \/>\nJes\u00fas es quien nace y nos viene a salvar.<br \/>\nJes\u00fas es quien nace y nos viene a salvar.<\/strong><\/p>\n","protected":false},"excerpt":{"rendered":"<p>Que este tiempo de Esperanza reavive en nosotros la pasi\u00f3n por vivir el Evangelio enraizados en la realidad, con los pies en la tierra y la mirada en el cielo. Que la dulzura del infante &#8230; <a href=\"https:\/\/vincentians.com\/es\/feliz-navidad\/\" class=\"more-link\">Read More<\/a><\/p>\n","protected":false},"author":4,"featured_media":132151,"comment_status":"open","ping_status":"open","sticky":false,"template":"","format":"standard","meta":{"jetpack_post_was_ever_published":false,"_jetpack_newsletter_access":"","_jetpack_dont_email_post_to_subs":false,"_jetpack_newsletter_tier_id":0,"_jetpack_memberships_contains_paywalled_content":false,"_jetpack_memberships_contains_paid_content":false,"footnotes":"","jetpack_publicize_message":"","jetpack_publicize_feature_enabled":true,"jetpack_social_post_already_shared":true,"jetpack_social_options":{"image_generator_settings":{"template":"highway","default_image_id":0,"font":"","enabled":false},"version":2}},"categories":[204],"tags":[],"class_list":["post-23978","post","type-post","status-publish","format-standard","has-post-thumbnail","hentry","category-musica-vicenciana"],"yoast_head":"<!-- This site is optimized with the Yoast SEO plugin v26.3 - https:\/\/yoast.com\/wordpress\/plugins\/seo\/ -->\n<title>Feliz Navidad - Somos Vicencianos<\/title>\n<meta name=\"robots\" content=\"index, follow, max-snippet:-1, max-image-preview:large, max-video-preview:-1\" \/>\n<link rel=\"canonical\" href=\"https:\/\/vincentians.com\/es\/feliz-navidad\/\" \/>\n<meta property=\"og:locale\" content=\"es_ES\" \/>\n<meta property=\"og:type\" content=\"article\" \/>\n<meta property=\"og:title\" content=\"Feliz Navidad - Somos Vicencianos\" \/>\n<meta property=\"og:description\" content=\"Que este tiempo de Esperanza reavive en nosotros la pasi\u00f3n por vivir el Evangelio enraizados en la realidad, con los pies en la tierra y la mirada en el cielo. Que la dulzura del infante ... Read More\" \/>\n<meta property=\"og:url\" content=\"https:\/\/vincentians.com\/es\/feliz-navidad\/\" \/>\n<meta property=\"og:site_name\" content=\"Somos Vicencianos\" \/>\n<meta property=\"article:publisher\" content=\"https:\/\/www.facebook.com\/WeAreVincentians\/\" \/>\n<meta property=\"article:author\" content=\"https:\/\/www.facebook.com\/JavierChento\" \/>\n<meta property=\"article:published_time\" content=\"2014-12-24T06:12:08+00:00\" \/>\n<meta name=\"author\" content=\"Francisco Javier Fern\u00e1ndez Chento\" \/>\n<meta name=\"twitter:card\" content=\"summary_large_image\" \/>\n<meta name=\"twitter:creator\" content=\"@https:\/\/twitter.com\/javierchento\" \/>\n<meta name=\"twitter:site\" content=\"@WeVincentians\" \/>\n<meta name=\"twitter:label1\" content=\"Escrito por\" \/>\n\t<meta name=\"twitter:data1\" content=\"Francisco Javier Fern\u00e1ndez Chento\" \/>\n\t<meta name=\"twitter:label2\" content=\"Tiempo de lectura\" \/>\n\t<meta name=\"twitter:data2\" content=\"2 minutos\" \/>\n<script type=\"application\/ld+json\" class=\"yoast-schema-graph\">{\"@context\":\"https:\/\/schema.org\",\"@graph\":[{\"@type\":\"Article\",\"@id\":\"https:\/\/vincentians.com\/es\/feliz-navidad\/#article\",\"isPartOf\":{\"@id\":\"https:\/\/vincentians.com\/es\/feliz-navidad\/\"},\"author\":{\"name\":\"Francisco Javier Fern\u00e1ndez Chento\",\"@id\":\"https:\/\/vincentians.com\/es\/#\/schema\/person\/9623ef4d9aa3b2dfb8c061f1499288f2\"},\"headline\":\"Feliz Navidad\",\"datePublished\":\"2014-12-24T06:12:08+00:00\",\"mainEntityOfPage\":{\"@id\":\"https:\/\/vincentians.com\/es\/feliz-navidad\/\"},\"wordCount\":384,\"commentCount\":0,\"publisher\":{\"@id\":\"https:\/\/vincentians.com\/es\/#organization\"},\"image\":{\"@id\":\"https:\/\/vincentians.com\/es\/feliz-navidad\/#primaryimage\"},\"thumbnailUrl\":\"\",\"articleSection\":[\"M\u00fasica vicenciana\"],\"inLanguage\":\"es\",\"potentialAction\":[{\"@type\":\"CommentAction\",\"name\":\"Comment\",\"target\":[\"https:\/\/vincentians.com\/es\/feliz-navidad\/#respond\"]}]},{\"@type\":\"WebPage\",\"@id\":\"https:\/\/vincentians.com\/es\/feliz-navidad\/\",\"url\":\"https:\/\/vincentians.com\/es\/feliz-navidad\/\",\"name\":\"Feliz Navidad - Somos Vicencianos\",\"isPartOf\":{\"@id\":\"https:\/\/vincentians.com\/es\/#website\"},\"primaryImageOfPage\":{\"@id\":\"https:\/\/vincentians.com\/es\/feliz-navidad\/#primaryimage\"},\"image\":{\"@id\":\"https:\/\/vincentians.com\/es\/feliz-navidad\/#primaryimage\"},\"thumbnailUrl\":\"\",\"datePublished\":\"2014-12-24T06:12:08+00:00\",\"breadcrumb\":{\"@id\":\"https:\/\/vincentians.com\/es\/feliz-navidad\/#breadcrumb\"},\"inLanguage\":\"es\",\"potentialAction\":[{\"@type\":\"ReadAction\",\"target\":[\"https:\/\/vincentians.com\/es\/feliz-navidad\/\"]}]},{\"@type\":\"ImageObject\",\"inLanguage\":\"es\",\"@id\":\"https:\/\/vincentians.com\/es\/feliz-navidad\/#primaryimage\",\"url\":\"\",\"contentUrl\":\"\"},{\"@type\":\"BreadcrumbList\",\"@id\":\"https:\/\/vincentians.com\/es\/feliz-navidad\/#breadcrumb\",\"itemListElement\":[{\"@type\":\"ListItem\",\"position\":1,\"name\":\"Portada\",\"item\":\"https:\/\/vincentians.com\/es\/\"},{\"@type\":\"ListItem\",\"position\":2,\"name\":\"Feliz Navidad\"}]},{\"@type\":\"WebSite\",\"@id\":\"https:\/\/vincentians.com\/es\/#website\",\"url\":\"https:\/\/vincentians.com\/es\/\",\"name\":\"Somos Vicencianos\",\"description\":\"Know more to serve more\",\"publisher\":{\"@id\":\"https:\/\/vincentians.com\/es\/#organization\"},\"potentialAction\":[{\"@type\":\"SearchAction\",\"target\":{\"@type\":\"EntryPoint\",\"urlTemplate\":\"https:\/\/vincentians.com\/es\/?s={search_term_string}\"},\"query-input\":{\"@type\":\"PropertyValueSpecification\",\"valueRequired\":true,\"valueName\":\"search_term_string\"}}],\"inLanguage\":\"es\"},{\"@type\":\"Organization\",\"@id\":\"https:\/\/vincentians.com\/es\/#organization\",\"name\":\"The Vincentian Network\",\"url\":\"https:\/\/vincentians.com\/es\/\",\"logo\":{\"@type\":\"ImageObject\",\"inLanguage\":\"es\",\"@id\":\"https:\/\/vincentians.com\/es\/#\/schema\/logo\/image\/\",\"url\":\"https:\/\/i1.wp.com\/vincentians.com\/es\/wp-content\/uploads\/sites\/11\/2016\/06\/Vincentian-Network-logo-big.png?fit=778%2C778\",\"contentUrl\":\"https:\/\/i1.wp.com\/vincentians.com\/es\/wp-content\/uploads\/sites\/11\/2016\/06\/Vincentian-Network-logo-big.png?fit=778%2C778\",\"width\":778,\"height\":778,\"caption\":\"The Vincentian Network\"},\"image\":{\"@id\":\"https:\/\/vincentians.com\/es\/#\/schema\/logo\/image\/\"},\"sameAs\":[\"https:\/\/www.facebook.com\/WeAreVincentians\/\",\"https:\/\/x.com\/WeVincentians\"]},{\"@type\":\"Person\",\"@id\":\"https:\/\/vincentians.com\/es\/#\/schema\/person\/9623ef4d9aa3b2dfb8c061f1499288f2\",\"name\":\"Francisco Javier Fern\u00e1ndez Chento\",\"image\":{\"@type\":\"ImageObject\",\"inLanguage\":\"es\",\"@id\":\"https:\/\/vincentians.com\/es\/#\/schema\/person\/image\/\",\"url\":\"https:\/\/secure.gravatar.com\/avatar\/497d5cde87b4c3d097d0315953521681ba2cd523ee66e5077c3711f7021e65de?s=96&d=mm&r=g\",\"contentUrl\":\"https:\/\/secure.gravatar.com\/avatar\/497d5cde87b4c3d097d0315953521681ba2cd523ee66e5077c3711f7021e65de?s=96&d=mm&r=g\",\"caption\":\"Francisco Javier Fern\u00e1ndez Chento\"},\"description\":\"Director General y cofundador de La Red de Formaci\u00f3n Vicenciana. Javier es laico vicenciano, afiliado a la Congregaci\u00f3n de la Misi\u00f3n y miembro del Equipo de Misiones Populares de la provincia can\u00f3nica de Zaragoza (Espa\u00f1a) de la Congregaci\u00f3n de la Misi\u00f3n. Graduado en la Universidad Oberta de Catalunya con cuatro grados (Asistente de direcci\u00f3n, Gesti\u00f3n Administrativa, Recursos Humanos y Contabilidad Avanzada). Bil\u00edng\u00fce Espa\u00f1ol\/Ingl\u00e9s. gestiona y mantiene varias p\u00e1ginas web cristianas y vicencianas, incluida including La Red de Formaci\u00f3n Vicenciana, de la que es cofundador. Actualmente es responsable del \u00e1rea de Espa\u00f1ol de .famvin, la Red de Noticias de la Familia Vicenciana. Tambi\u00e9n es m\u00fasico cat\u00f3lico y ha editado varios discos. Es Director General y cofundador de Trovador, una reconocida compa\u00f1\u00eda discogr\u00e1fica critiana de Espa\u00f1a. Trabaja en las Tecnolog\u00edas de la Informaci\u00f3n, ofreciendo servicios de alojamiento, dise\u00f1o y mantenimiento Web, as\u00ed como asesoramiento, formaci\u00f3n y soluciones inform\u00e1ticas, gesti\u00f3n documental y digitalizaci\u00f3n de textos, edici\u00f3n y maquetaci\u00f3n de libros, revistas, flyers, etc.\",\"sameAs\":[\"http:\/\/chento.org\",\"https:\/\/www.facebook.com\/JavierChento\",\"https:\/\/x.com\/https:\/\/twitter.com\/javierchento\"],\"url\":\"https:\/\/vincentians.com\/es\/author\/chento\/\"}]}<\/script>\n<!-- \/ Yoast SEO plugin. -->","yoast_head_json":{"title":"Feliz Navidad - Somos Vicencianos","robots":{"index":"index","follow":"follow","max-snippet":"max-snippet:-1","max-image-preview":"max-image-preview:large","max-video-preview":"max-video-preview:-1"},"canonical":"https:\/\/vincentians.com\/es\/feliz-navidad\/","og_locale":"es_ES","og_type":"article","og_title":"Feliz Navidad - Somos Vicencianos","og_description":"Que este tiempo de Esperanza reavive en nosotros la pasi\u00f3n por vivir el Evangelio enraizados en la realidad, con los pies en la tierra y la mirada en el cielo. Que la dulzura del infante ... Read More","og_url":"https:\/\/vincentians.com\/es\/feliz-navidad\/","og_site_name":"Somos Vicencianos","article_publisher":"https:\/\/www.facebook.com\/WeAreVincentians\/","article_author":"https:\/\/www.facebook.com\/JavierChento","article_published_time":"2014-12-24T06:12:08+00:00","author":"Francisco Javier Fern\u00e1ndez Chento","twitter_card":"summary_large_image","twitter_creator":"@https:\/\/twitter.com\/javierchento","twitter_site":"@WeVincentians","twitter_misc":{"Escrito por":"Francisco Javier Fern\u00e1ndez Chento","Tiempo de lectura":"2 minutos"},"schema":{"@context":"https:\/\/schema.org","@graph":[{"@type":"Article","@id":"https:\/\/vincentians.com\/es\/feliz-navidad\/#article","isPartOf":{"@id":"https:\/\/vincentians.com\/es\/feliz-navidad\/"},"author":{"name":"Francisco Javier Fern\u00e1ndez Chento","@id":"https:\/\/vincentians.com\/es\/#\/schema\/person\/9623ef4d9aa3b2dfb8c061f1499288f2"},"headline":"Feliz Navidad","datePublished":"2014-12-24T06:12:08+00:00","mainEntityOfPage":{"@id":"https:\/\/vincentians.com\/es\/feliz-navidad\/"},"wordCount":384,"commentCount":0,"publisher":{"@id":"https:\/\/vincentians.com\/es\/#organization"},"image":{"@id":"https:\/\/vincentians.com\/es\/feliz-navidad\/#primaryimage"},"thumbnailUrl":"","articleSection":["M\u00fasica vicenciana"],"inLanguage":"es","potentialAction":[{"@type":"CommentAction","name":"Comment","target":["https:\/\/vincentians.com\/es\/feliz-navidad\/#respond"]}]},{"@type":"WebPage","@id":"https:\/\/vincentians.com\/es\/feliz-navidad\/","url":"https:\/\/vincentians.com\/es\/feliz-navidad\/","name":"Feliz Navidad - Somos Vicencianos","isPartOf":{"@id":"https:\/\/vincentians.com\/es\/#website"},"primaryImageOfPage":{"@id":"https:\/\/vincentians.com\/es\/feliz-navidad\/#primaryimage"},"image":{"@id":"https:\/\/vincentians.com\/es\/feliz-navidad\/#primaryimage"},"thumbnailUrl":"","datePublished":"2014-12-24T06:12:08+00:00","breadcrumb":{"@id":"https:\/\/vincentians.com\/es\/feliz-navidad\/#breadcrumb"},"inLanguage":"es","potentialAction":[{"@type":"ReadAction","target":["https:\/\/vincentians.com\/es\/feliz-navidad\/"]}]},{"@type":"ImageObject","inLanguage":"es","@id":"https:\/\/vincentians.com\/es\/feliz-navidad\/#primaryimage","url":"","contentUrl":""},{"@type":"BreadcrumbList","@id":"https:\/\/vincentians.com\/es\/feliz-navidad\/#breadcrumb","itemListElement":[{"@type":"ListItem","position":1,"name":"Portada","item":"https:\/\/vincentians.com\/es\/"},{"@type":"ListItem","position":2,"name":"Feliz Navidad"}]},{"@type":"WebSite","@id":"https:\/\/vincentians.com\/es\/#website","url":"https:\/\/vincentians.com\/es\/","name":"Somos Vicencianos","description":"Know more to serve more","publisher":{"@id":"https:\/\/vincentians.com\/es\/#organization"},"potentialAction":[{"@type":"SearchAction","target":{"@type":"EntryPoint","urlTemplate":"https:\/\/vincentians.com\/es\/?s={search_term_string}"},"query-input":{"@type":"PropertyValueSpecification","valueRequired":true,"valueName":"search_term_string"}}],"inLanguage":"es"},{"@type":"Organization","@id":"https:\/\/vincentians.com\/es\/#organization","name":"The Vincentian Network","url":"https:\/\/vincentians.com\/es\/","logo":{"@type":"ImageObject","inLanguage":"es","@id":"https:\/\/vincentians.com\/es\/#\/schema\/logo\/image\/","url":"https:\/\/i1.wp.com\/vincentians.com\/es\/wp-content\/uploads\/sites\/11\/2016\/06\/Vincentian-Network-logo-big.png?fit=778%2C778","contentUrl":"https:\/\/i1.wp.com\/vincentians.com\/es\/wp-content\/uploads\/sites\/11\/2016\/06\/Vincentian-Network-logo-big.png?fit=778%2C778","width":778,"height":778,"caption":"The Vincentian Network"},"image":{"@id":"https:\/\/vincentians.com\/es\/#\/schema\/logo\/image\/"},"sameAs":["https:\/\/www.facebook.com\/WeAreVincentians\/","https:\/\/x.com\/WeVincentians"]},{"@type":"Person","@id":"https:\/\/vincentians.com\/es\/#\/schema\/person\/9623ef4d9aa3b2dfb8c061f1499288f2","name":"Francisco Javier Fern\u00e1ndez Chento","image":{"@type":"ImageObject","inLanguage":"es","@id":"https:\/\/vincentians.com\/es\/#\/schema\/person\/image\/","url":"https:\/\/secure.gravatar.com\/avatar\/497d5cde87b4c3d097d0315953521681ba2cd523ee66e5077c3711f7021e65de?s=96&d=mm&r=g","contentUrl":"https:\/\/secure.gravatar.com\/avatar\/497d5cde87b4c3d097d0315953521681ba2cd523ee66e5077c3711f7021e65de?s=96&d=mm&r=g","caption":"Francisco Javier Fern\u00e1ndez Chento"},"description":"Director General y cofundador de La Red de Formaci\u00f3n Vicenciana. Javier es laico vicenciano, afiliado a la Congregaci\u00f3n de la Misi\u00f3n y miembro del Equipo de Misiones Populares de la provincia can\u00f3nica de Zaragoza (Espa\u00f1a) de la Congregaci\u00f3n de la Misi\u00f3n. Graduado en la Universidad Oberta de Catalunya con cuatro grados (Asistente de direcci\u00f3n, Gesti\u00f3n Administrativa, Recursos Humanos y Contabilidad Avanzada). Bil\u00edng\u00fce Espa\u00f1ol\/Ingl\u00e9s. gestiona y mantiene varias p\u00e1ginas web cristianas y vicencianas, incluida including La Red de Formaci\u00f3n Vicenciana, de la que es cofundador. Actualmente es responsable del \u00e1rea de Espa\u00f1ol de .famvin, la Red de Noticias de la Familia Vicenciana. Tambi\u00e9n es m\u00fasico cat\u00f3lico y ha editado varios discos. Es Director General y cofundador de Trovador, una reconocida compa\u00f1\u00eda discogr\u00e1fica critiana de Espa\u00f1a. Trabaja en las Tecnolog\u00edas de la Informaci\u00f3n, ofreciendo servicios de alojamiento, dise\u00f1o y mantenimiento Web, as\u00ed como asesoramiento, formaci\u00f3n y soluciones inform\u00e1ticas, gesti\u00f3n documental y digitalizaci\u00f3n de textos, edici\u00f3n y maquetaci\u00f3n de libros, revistas, flyers, etc.","sameAs":["http:\/\/chento.org","https:\/\/www.facebook.com\/JavierChento","https:\/\/x.com\/https:\/\/twitter.com\/javierchento"],"url":"https:\/\/vincentians.com\/es\/author\/chento\/"}]}},"jetpack_publicize_connections":[],"jetpack_featured_media_url":"","jetpack_sharing_enabled":true,"jetpack_shortlink":"https:\/\/wp.me\/p7ETMF-6eK","jetpack-related-posts":[{"id":4916,"url":"https:\/\/vincentians.com\/es\/tres-villancicos-vicencianos-para-navidad\/","url_meta":{"origin":23978,"position":0},"title":"Tres villancicos vicencianos para Navidad","author":"Francisco Javier Fern\u00e1ndez Chento","date":"22\/12\/2013","format":false,"excerpt":"Ponemos a vuestra disposici\u00f3n estos tres villancicos vicencianos, que han sido compuestos por P. Trascasas y Sor Trini, de la provincia de Granada de las Hijas de la Caridad. Ojal\u00e1 sirvan para reflexionar y mejor celebrar el misterio que contemplaremos durante estas pr\u00f3ximas navidades. Ni\u00f1o Dios, t\u00fa que llegaste al\u2026","rel":"","context":"En \u00abM\u00fasica vicenciana\u00bb","block_context":{"text":"M\u00fasica vicenciana","link":"https:\/\/vincentians.com\/es\/category\/servicios-y-ministerios\/musica-vicenciana\/"},"img":{"alt_text":"feliz_navidad","src":"https:\/\/i0.wp.com\/vicencianos.org\/wp-content\/2011\/12\/feliz_navidad-300x202.jpg?resize=350%2C200","width":350,"height":200},"classes":[]},{"id":58488,"url":"https:\/\/vincentians.com\/es\/celebrando-a-un-dios-cercano\/","url_meta":{"origin":23978,"position":1},"title":"Celebrando a un Dios cercano","author":"Francisco Javier Fern\u00e1ndez Chento","date":"05\/01\/2012","format":false,"excerpt":"Como cristianos cat\u00f3licos, celebramos, un a\u00f1o m\u00e1s, la maravilla de un Dios que se hace hombre y pobre, mendigo de nuestro amor. Y este misterio de la Encarnaci\u00f3n, celebrado de manera especial en cada Navidad, lo vivimos en cada Eucarist\u00eda. S\u00ed, cada d\u00eda, y de manera especial el domingo, d\u00eda\u2026","rel":"","context":"En \u00abEspiritualidad vicenciana\u00bb","block_context":{"text":"Espiritualidad vicenciana","link":"https:\/\/vincentians.com\/es\/category\/espiritualidad\/espiritualidad-vicenciana\/"},"img":{"alt_text":"","src":"https:\/\/i0.wp.com\/vicencianos.org\/wp-content\/2012\/01\/nino_jesus.jpg?resize=350%2C200","width":350,"height":200},"classes":[]},{"id":118916,"url":"https:\/\/vincentians.com\/es\/cronica-de-la-vice-provincia-de-cuttack-india-1964\/","url_meta":{"origin":23978,"position":2},"title":"Cr\u00f3nica de la Vice-Provincia de Cuttack, India (1964)","author":"Mitxel Olabu\u00e9naga","date":"31\/03\/2013","format":false,"excerpt":"Con el pseud\u00f3nimo de G. Pondo, bajo el cual se oculta el nombre de un veterano misionero, tambi\u00e9n conocido por \"el Benjam\u00edn de la Misi\u00f3n\", nos llega esta panor\u00e1mi\u00adca de la Viceprovincia de Cuttack en este a\u00f1o de 1964. Actualmente la revista \"Reina de las Misiones\" y, anteriormente, aquellas revistas\u2026","rel":"","context":"En \u00abHistoria de la Congregaci\u00f3n de la Misi\u00f3n en Espa\u00f1a\u00bb","block_context":{"text":"Historia de la Congregaci\u00f3n de la Misi\u00f3n en Espa\u00f1a","link":"https:\/\/vincentians.com\/es\/category\/historia-de-la-familia-vicenciana\/historia-de-la-congregacion-de-la-mision-en-espana\/"},"img":{"alt_text":"cuttackmap_3304","src":"https:\/\/i0.wp.com\/vicencianos.org\/wp-content\/2013\/03\/cuttackmap_3304.jpg?resize=350%2C200","width":350,"height":200},"classes":[]},{"id":133249,"url":"https:\/\/vincentians.com\/es\/la-mision-vicenciana-interrogantes\/","url_meta":{"origin":23978,"position":3},"title":"La Misi\u00f3n Vicenciana: Interrogantes","author":"Francisco Javier Fern\u00e1ndez Chento","date":"23\/12\/2014","format":false,"excerpt":"\u00bfEs la misi\u00f3n un ministerio gris, poco llamativo, o, poco significativo? En perspectiva renovadora dentro de lo vicenciano (algunos lo han llegado a escribir), \u00bfser\u00eda mejor, como el P. Opeka y otros, dedicarse a obras m\u00e1s productivas, puesto que si uno piensa que ha venido a la Congragaci\u00f3n para evangelizar\u2026","rel":"","context":"En \u00abMisiones populares\u00bb","block_context":{"text":"Misiones populares","link":"https:\/\/vincentians.com\/es\/category\/servicios-y-ministerios\/misiones-populares-misiones\/"},"img":{"alt_text":"En_Guardamar","src":"https:\/\/i0.wp.com\/vicencianos.org\/wp-content\/2014\/12\/En_Guardamar-300x225.jpg?resize=350%2C200","width":350,"height":200},"classes":[]},{"id":132420,"url":"https:\/\/vincentians.com\/es\/natividad-del-senor-reflexion-de-jose-cervantes-gabarron\/","url_meta":{"origin":23978,"position":4},"title":"Natividad del Se\u00f1or (reflexi\u00f3n de Jos\u00e9 Cervantes Gabarr\u00f3n)","author":"Francisco Javier Fern\u00e1ndez Chento","date":"23\/12\/2011","format":false,"excerpt":"La Navidad, regalo de Dios Acerca del nacimiento de Jes\u00fas que hoy celebramos, hay acuerdo entre los especialistas en admitir como hist\u00f3ricamente cierto que Jes\u00fas naci\u00f3 durante el reinado de Herodes el Grande (37-4 a.C.), en la era del emperador Augusto (37 a.C.-14 d.C.), pero no se puede precisar el\u2026","rel":"","context":"En \u00abHomil\u00edas y reflexiones, A\u00f1o B\u00bb","block_context":{"text":"Homil\u00edas y reflexiones, A\u00f1o B","link":"https:\/\/vincentians.com\/es\/category\/homilias-y-reflexiones-a-la-palabra-de-dios\/homilias-y-reflexiones-ano-b\/"},"img":{"alt_text":"","src":"https:\/\/i0.wp.com\/vincentians.com\/es\/wp-content\/uploads\/sites\/11\/2016\/07\/reflexiones-palabra-de-dios.jpg?fit=1200%2C630&ssl=1&resize=350%2C200","width":350,"height":200,"srcset":"https:\/\/i0.wp.com\/vincentians.com\/es\/wp-content\/uploads\/sites\/11\/2016\/07\/reflexiones-palabra-de-dios.jpg?fit=1200%2C630&ssl=1&resize=350%2C200 1x, https:\/\/i0.wp.com\/vincentians.com\/es\/wp-content\/uploads\/sites\/11\/2016\/07\/reflexiones-palabra-de-dios.jpg?fit=1200%2C630&ssl=1&resize=525%2C300 1.5x, https:\/\/i0.wp.com\/vincentians.com\/es\/wp-content\/uploads\/sites\/11\/2016\/07\/reflexiones-palabra-de-dios.jpg?fit=1200%2C630&ssl=1&resize=700%2C400 2x, https:\/\/i0.wp.com\/vincentians.com\/es\/wp-content\/uploads\/sites\/11\/2016\/07\/reflexiones-palabra-de-dios.jpg?fit=1200%2C630&ssl=1&resize=1050%2C600 3x"},"classes":[]},{"id":128318,"url":"https:\/\/vincentians.com\/es\/nolberto-antonio-acosta-maldonado\/","url_meta":{"origin":23978,"position":5},"title":"Nolberto Antonio Acosta Maldonado","author":"Francisco Javier Fern\u00e1ndez Chento","date":"18\/01\/2014","format":false,"excerpt":"Nolberto Antonio Acosta Maldonado, nacido el 24 de marzo de 1994, es miembro de una familia de seis hermanos. En 2004 comienza a residir en el Hogar de Ni\u00f1os. De aquellos a\u00f1os recuerda agradecido la formaci\u00f3n integral recibida: alimento, ropa, educaci\u00f3n en valores... Sor Mar\u00eda Mercedes le promocion\u00f3 en su\u2026","rel":"","context":"En \u00abTestigos vicencianos\u00bb","block_context":{"text":"Testigos vicencianos","link":"https:\/\/vincentians.com\/es\/category\/la-familia-vicenciana\/testigos-vicencianos\/"},"img":{"alt_text":"norberto","src":"https:\/\/i0.wp.com\/vicencianos.org\/wp-content\/2014\/01\/norberto-282x300.jpg?resize=350%2C200","width":350,"height":200},"classes":[]}],"_links":{"self":[{"href":"https:\/\/vincentians.com\/es\/wp-json\/wp\/v2\/posts\/23978","targetHints":{"allow":["GET"]}}],"collection":[{"href":"https:\/\/vincentians.com\/es\/wp-json\/wp\/v2\/posts"}],"about":[{"href":"https:\/\/vincentians.com\/es\/wp-json\/wp\/v2\/types\/post"}],"author":[{"embeddable":true,"href":"https:\/\/vincentians.com\/es\/wp-json\/wp\/v2\/users\/4"}],"replies":[{"embeddable":true,"href":"https:\/\/vincentians.com\/es\/wp-json\/wp\/v2\/comments?post=23978"}],"version-history":[{"count":0,"href":"https:\/\/vincentians.com\/es\/wp-json\/wp\/v2\/posts\/23978\/revisions"}],"wp:featuredmedia":[{"embeddable":true,"href":"https:\/\/vincentians.com\/es\/wp-json\/"}],"wp:attachment":[{"href":"https:\/\/vincentians.com\/es\/wp-json\/wp\/v2\/media?parent=23978"}],"wp:term":[{"taxonomy":"category","embeddable":true,"href":"https:\/\/vincentians.com\/es\/wp-json\/wp\/v2\/categories?post=23978"},{"taxonomy":"post_tag","embeddable":true,"href":"https:\/\/vincentians.com\/es\/wp-json\/wp\/v2\/tags?post=23978"}],"curies":[{"name":"wp","href":"https:\/\/api.w.org\/{rel}","templated":true}]}}