{"id":2346,"date":"2022-11-05T08:01:04","date_gmt":"2022-11-05T07:01:04","guid":{"rendered":"http:\/\/somos.vicencianos.org\/blog\/?p=2346"},"modified":"2022-08-09T21:32:45","modified_gmt":"2022-08-09T19:32:45","slug":"presencia-de-los-misioneros-paules-en-madagascar","status":"publish","type":"post","link":"https:\/\/vincentians.com\/es\/presencia-de-los-misioneros-paules-en-madagascar\/","title":{"rendered":"Presencia de los Misioneros Pa\u00fales en Madagascar"},"content":{"rendered":"<p>En la Evangelizaci\u00f3n en Madagascar promovida por los Misioneros Pa\u00fales (Congregaci\u00f3n de la Misi\u00f3n) se pueden distinguir dos \u00e9pocas.<\/p>\n<ol>\n<li><strong>Primera \u00e9poca (1648-1674)<\/strong>. Los primeros misioneros, enviados por el mismo san Vicente, los padres Nacquart y Gonder. Este \u00faltimo muri\u00f3 en mayo 1649 y el primero, en mayo de 1650. Despu\u00e9s de la muerte del Padre Nacquart, san Vicente no pudo enviar m\u00e1s misioneros durante cuatro a\u00f1os. La segunda expedici\u00f3n tuvo lugar en marzo de 1654, fueron tres misioneros: Los Padres Mousnier y Boudaise y el Hermano Forest. El Padre Mousnier muri\u00f3 nueve meses despu\u00e9s y el Padre Boudaise, dos a\u00f1os m\u00e1s tarde. San Vicente no dej\u00f3 de enviar misioneros a la Gran Isla. Su \u00faltima expedici\u00f3n fue en enero de 1660, ocho meses antes de su muerte. En total san Vicente mand\u00f3 seis expediciones de misioneros a Madagascar. El Padre Almer\u00e1s, nuevo Superior General, continu\u00f3 enviando misioneros, hasta que tuvo que suspender el env\u00edo porque los insulares comenzaron a ser hostiles a los misioneros. Los franceses se encontraban en peligro. A pesar de todo, el Padre Almer\u00e1s envi\u00f3 a Madagascar tres expediciones: en 1663,1665 y 1666. La mayor\u00eda de los misioneros murieron unos dos a\u00f1os despu\u00e9s de su llegada a Tolagnaro. La causa principal de su muerte era la insalubridad del clima que provocaba fuertes fiebres de paludismo. Pero hubo tambi\u00e9n otras causas como la inseguridad; unos fueron envenenados y otros fueron asesinados. En total 37 misioneros, 25 Padres y 12 Hermanos Coadjutores que ofrecieron su vida en este primer periodo de presencia muy breve porque dur\u00f3 solo unos 26 a\u00f1os, pero fue muy rica en Evangelizaci\u00f3n. De estos misioneros sali\u00f3 el primer catecismo malgache en 1657.<\/li>\n<li><strong>Segunda \u00e9poca (a partir de 1896)<\/strong>. Fue necesario esperar 220 a\u00f1os para que se reanudara la Misi\u00f3n. Los primeros misioneros entraron desde Etiop\u00eda. Depend\u00edan totalmente de Monse\u00f1or Crouzet, al mismo tiempo que Vicario Apost\u00f3lico, Superior de los Pa\u00fales. En 1932, Monse\u00f1or Crouzet, todav\u00eda Vicario Apost\u00f3lico, fue descargado de su responsabilidad en cuanto a la Congregaci\u00f3n de la Misi\u00f3n. El mismo a\u00f1o, el P. Juan Bautista Gracia fue nombrado Visitador Provincial. El Vicariato Apost\u00f3lico de Fort-Dauphin era entonces enorme. Representaba aproximadamente una tercera parte de la superficie de Madagascar. En 1939, la Provincia can\u00f3nica de Madagascar contaba con 34 misioneros. A pesar de los refuerzos enviados despu\u00e9s de la Segunda Guerra Mundial, nunca hubo m\u00e1s de 40 misioneros en activo en el Vicariato de Fort-Dauphin.<\/li>\n<\/ol>\n<h2><strong>Los dos primeros Padres Pa\u00fales malgaches<\/strong><\/h2>\n<p>La Congregaci\u00f3n de los Paules se implant\u00f3 definitivamente en Madagascar en 1896. Ya hemos celebrado el centenario de esta segunda etapa de la Misi\u00f3n en 1996. Durante esos a\u00f1os, el deseo de venir en seguimiento de Cristo Evangelizador de los pobres se hac\u00eda sentir en el coraz\u00f3n de algunos j\u00f3venes malgaches. Los Padres Tom\u00e1s Zafimasina y el Padre Norbert Botomary, fueron los primeros Padres de la Misi\u00f3n malgaches.<\/p>\n<h2><strong>La Provincia de Madagascar<\/strong><\/h2>\n<p>Madagascar fue erigida en Provincia Can\u00f3nica en 1911. Su primer Visitador Provincial, el ya mencionado Monse\u00f1or Crouzet. En 1953, el Padre Clemente Cassan, antiguo misionero de china, llegaba como nuevo Visitador Provincial. La situaci\u00f3n de la Evangelizaci\u00f3n en el sur de la Isla era tan cr\u00edtica que inici\u00f3 la b\u00fasqueda de cohermanos de otras Provincias para la revitalizaci\u00f3n. Apoyado por el Padre William Slattery, Superior General a la saz\u00f3n, los esfuerzos del P. Cassan permitieron la llegada de sacerdotes pa\u00fales de Roma, Tur\u00edn en 1962, espa\u00f1oles en 1966, eslovenos y polacos. Cada grupo de nacionalidad propia ten\u00eda un sector particular. El grupo espa\u00f1ol, el Androy.<\/p>\n<p>A comienzos de los a\u00f1os 70, las vocaciones sacerdotales y religiosas conocieron una evoluci\u00f3n constante en la Iglesia de Madagascar. A petici\u00f3n de los Obispos, los cohermanos tomaron parte en los equipos de formadores en el Seminario Mayor de Ambatoroka (Tananarive) y en el Seminario Mayor de Fianarantsoa. Los sacerdotes pa\u00fales, adem\u00e1s de las actividades pastorales, hicieron grandes esfuerzos para promover las vocaciones sacerdotales, tanto para el clero secular como para la Congregaci\u00f3n de la Misi\u00f3n.<br \/>\nVarios j\u00f3venes manifestaron el deseo de comprometerse en el seguimiento de Cristo Evangelizador de los pobres. Esto condujo a la apertura del hogar \u00abTom\u00e1s Zafimasina\u00bb, en Tananarive, en 1983, del Seminario Interno en la Casa Provincial de Marillac, en 1986, y algo m\u00e1s tarde los Estudios de Filosof\u00eda y Teolog\u00eda \u00abSan Vicente de Pa\u00fal\u00bb en Fianarantsoa.<\/p>\n<p>Hoy, la Provincia de Madagascar unificada va tomando progresivamente su rostro malgache. Hay misioneros de otros pa\u00edses que han vuelto a su pa\u00eds de origen, por una u otra raz\u00f3n y tambi\u00e9n hay cohermanos malgaches que han dejado el sacerdocio. La Provincia can\u00f3nica de Madagascar cuenta actualmente <em>(nota: el art\u00edculo es de diciembre de 2006)<\/em> con 76 sacerdotes, de los cuales 33 son malgaches y 43 extranjeros; adem\u00e1s de dos Di\u00e1conos y seis Hermanos Coadjutores malgaches. Hay 26 j\u00f3venes en formaci\u00f3n.<\/p>\n<p>La actual Provincia de Madagascar tiene un porvenir esperanzador. J\u00f3venes que desean seguir a Cristo en la Congregaci\u00f3n de los Pa\u00fales contin\u00faan llamando a la puerta aunque esto exige un gran esfuerzo de discernimiento por ambos lados, superiores y candidatos.<\/p>\n<p>La Provincia contin\u00faa esforz\u00e1ndose y creciendo. Hasta ahora la mayor parte de los cohermanos asumen actividades pastorales en tres di\u00f3cesis. Espera poder vivir su vocaci\u00f3n propia, a saber, ir hacia los m\u00e1s pobres para llevar la Buena Nueva de Jesucristo, formar un equipo permanente para celebrar \u00abmisiones populares\u00bb y darse a la formaci\u00f3n del clero.<\/p>\n","protected":false},"excerpt":{"rendered":"<p>En la Evangelizaci\u00f3n en Madagascar promovida por los Misioneros Pa\u00fales (Congregaci\u00f3n de la Misi\u00f3n) se pueden distinguir dos \u00e9pocas. Primera \u00e9poca (1648-1674). Los primeros misioneros, enviados por el mismo san Vicente, los padres Nacquart y &#8230; <a href=\"https:\/\/vincentians.com\/es\/presencia-de-los-misioneros-paules-en-madagascar\/\" class=\"more-link\">Read More<\/a><\/p>\n","protected":false},"author":5,"featured_media":400152,"comment_status":"open","ping_status":"open","sticky":false,"template":"","format":"standard","meta":{"jetpack_post_was_ever_published":false,"_jetpack_newsletter_access":"","_jetpack_dont_email_post_to_subs":false,"_jetpack_newsletter_tier_id":0,"_jetpack_memberships_contains_paywalled_content":false,"_jetpack_memberships_contains_paid_content":false,"footnotes":"","jetpack_publicize_message":"","jetpack_publicize_feature_enabled":true,"jetpack_social_post_already_shared":true,"jetpack_social_options":{"image_generator_settings":{"template":"highway","default_image_id":0,"font":"","enabled":false},"version":2}},"categories":[214,201],"tags":[230,176],"class_list":["post-2346","post","type-post","status-publish","format-standard","has-post-thumbnail","hentry","category-historia-de-la-congregacion-de-la-mision","category-misiones-ad-gentes","tag-almeras","tag-misiones-populares"],"yoast_head":"<!-- This site is optimized with the Yoast SEO plugin v26.3 - https:\/\/yoast.com\/wordpress\/plugins\/seo\/ -->\n<title>Presencia de los Misioneros Pa\u00fales en Madagascar - Somos Vicencianos<\/title>\n<meta name=\"robots\" content=\"index, follow, max-snippet:-1, max-image-preview:large, max-video-preview:-1\" \/>\n<link rel=\"canonical\" href=\"https:\/\/vincentians.com\/es\/presencia-de-los-misioneros-paules-en-madagascar\/\" \/>\n<meta property=\"og:locale\" content=\"es_ES\" \/>\n<meta property=\"og:type\" content=\"article\" \/>\n<meta property=\"og:title\" content=\"Presencia de los Misioneros Pa\u00fales en Madagascar - Somos Vicencianos\" \/>\n<meta property=\"og:description\" content=\"En la Evangelizaci\u00f3n en Madagascar promovida por los Misioneros Pa\u00fales (Congregaci\u00f3n de la Misi\u00f3n) se pueden distinguir dos \u00e9pocas. Primera \u00e9poca (1648-1674). Los primeros misioneros, enviados por el mismo san Vicente, los padres Nacquart y ... Read More\" \/>\n<meta property=\"og:url\" content=\"https:\/\/vincentians.com\/es\/presencia-de-los-misioneros-paules-en-madagascar\/\" \/>\n<meta property=\"og:site_name\" content=\"Somos Vicencianos\" \/>\n<meta property=\"article:publisher\" content=\"https:\/\/www.facebook.com\/WeAreVincentians\/\" \/>\n<meta property=\"article:published_time\" content=\"2022-11-05T07:01:04+00:00\" \/>\n<meta property=\"og:image\" content=\"https:\/\/i0.wp.com\/vincentians.com\/es\/wp-content\/uploads\/sites\/11\/2016\/10\/ranquines.jpg?fit=1200%2C630&ssl=1\" \/>\n\t<meta property=\"og:image:width\" content=\"1200\" \/>\n\t<meta property=\"og:image:height\" content=\"630\" \/>\n\t<meta property=\"og:image:type\" content=\"image\/jpeg\" \/>\n<meta name=\"author\" content=\"Mitxel Olabu\u00e9naga\" \/>\n<meta name=\"twitter:card\" content=\"summary_large_image\" \/>\n<meta name=\"twitter:creator\" content=\"@WeVincentians\" \/>\n<meta name=\"twitter:site\" content=\"@WeVincentians\" \/>\n<meta name=\"twitter:label1\" content=\"Escrito por\" \/>\n\t<meta name=\"twitter:data1\" content=\"Mitxel Olabu\u00e9naga\" \/>\n\t<meta name=\"twitter:label2\" content=\"Tiempo de lectura\" \/>\n\t<meta name=\"twitter:data2\" content=\"5 minutos\" \/>\n<script type=\"application\/ld+json\" class=\"yoast-schema-graph\">{\"@context\":\"https:\/\/schema.org\",\"@graph\":[{\"@type\":\"Article\",\"@id\":\"https:\/\/vincentians.com\/es\/presencia-de-los-misioneros-paules-en-madagascar\/#article\",\"isPartOf\":{\"@id\":\"https:\/\/vincentians.com\/es\/presencia-de-los-misioneros-paules-en-madagascar\/\"},\"author\":{\"name\":\"Mitxel Olabu\u00e9naga\",\"@id\":\"http:\/\/vincentians.com\/es\/#\/schema\/person\/7c2670b4445a7ca9d164ea6acdb31859\"},\"headline\":\"Presencia de los Misioneros Pa\u00fales en Madagascar\",\"datePublished\":\"2022-11-05T07:01:04+00:00\",\"mainEntityOfPage\":{\"@id\":\"https:\/\/vincentians.com\/es\/presencia-de-los-misioneros-paules-en-madagascar\/\"},\"wordCount\":962,\"commentCount\":0,\"publisher\":{\"@id\":\"http:\/\/vincentians.com\/es\/#organization\"},\"image\":{\"@id\":\"https:\/\/vincentians.com\/es\/presencia-de-los-misioneros-paules-en-madagascar\/#primaryimage\"},\"thumbnailUrl\":\"https:\/\/i0.wp.com\/vincentians.com\/es\/wp-content\/uploads\/sites\/11\/2016\/10\/ranquines.jpg?fit=1200%2C630&ssl=1\",\"keywords\":[\"Almer\u00e1s\",\"Misiones Populares\"],\"articleSection\":[\"Historia de la Congregaci\u00f3n de la Misi\u00f3n\",\"Misiones \u00abAd gentes\u00bb\"],\"inLanguage\":\"es\",\"potentialAction\":[{\"@type\":\"CommentAction\",\"name\":\"Comment\",\"target\":[\"https:\/\/vincentians.com\/es\/presencia-de-los-misioneros-paules-en-madagascar\/#respond\"]}]},{\"@type\":\"WebPage\",\"@id\":\"https:\/\/vincentians.com\/es\/presencia-de-los-misioneros-paules-en-madagascar\/\",\"url\":\"https:\/\/vincentians.com\/es\/presencia-de-los-misioneros-paules-en-madagascar\/\",\"name\":\"Presencia de los Misioneros Pa\u00fales en Madagascar - Somos Vicencianos\",\"isPartOf\":{\"@id\":\"http:\/\/vincentians.com\/es\/#website\"},\"primaryImageOfPage\":{\"@id\":\"https:\/\/vincentians.com\/es\/presencia-de-los-misioneros-paules-en-madagascar\/#primaryimage\"},\"image\":{\"@id\":\"https:\/\/vincentians.com\/es\/presencia-de-los-misioneros-paules-en-madagascar\/#primaryimage\"},\"thumbnailUrl\":\"https:\/\/i0.wp.com\/vincentians.com\/es\/wp-content\/uploads\/sites\/11\/2016\/10\/ranquines.jpg?fit=1200%2C630&ssl=1\",\"datePublished\":\"2022-11-05T07:01:04+00:00\",\"breadcrumb\":{\"@id\":\"https:\/\/vincentians.com\/es\/presencia-de-los-misioneros-paules-en-madagascar\/#breadcrumb\"},\"inLanguage\":\"es\",\"potentialAction\":[{\"@type\":\"ReadAction\",\"target\":[\"https:\/\/vincentians.com\/es\/presencia-de-los-misioneros-paules-en-madagascar\/\"]}]},{\"@type\":\"ImageObject\",\"inLanguage\":\"es\",\"@id\":\"https:\/\/vincentians.com\/es\/presencia-de-los-misioneros-paules-en-madagascar\/#primaryimage\",\"url\":\"https:\/\/i0.wp.com\/vincentians.com\/es\/wp-content\/uploads\/sites\/11\/2016\/10\/ranquines.jpg?fit=1200%2C630&ssl=1\",\"contentUrl\":\"https:\/\/i0.wp.com\/vincentians.com\/es\/wp-content\/uploads\/sites\/11\/2016\/10\/ranquines.jpg?fit=1200%2C630&ssl=1\",\"width\":1200,\"height\":630},{\"@type\":\"BreadcrumbList\",\"@id\":\"https:\/\/vincentians.com\/es\/presencia-de-los-misioneros-paules-en-madagascar\/#breadcrumb\",\"itemListElement\":[{\"@type\":\"ListItem\",\"position\":1,\"name\":\"Portada\",\"item\":\"http:\/\/vincentians.com\/es\/\"},{\"@type\":\"ListItem\",\"position\":2,\"name\":\"Presencia de los Misioneros Pa\u00fales en Madagascar\"}]},{\"@type\":\"WebSite\",\"@id\":\"http:\/\/vincentians.com\/es\/#website\",\"url\":\"http:\/\/vincentians.com\/es\/\",\"name\":\"Somos Vicencianos\",\"description\":\"Know more to serve more\",\"publisher\":{\"@id\":\"http:\/\/vincentians.com\/es\/#organization\"},\"potentialAction\":[{\"@type\":\"SearchAction\",\"target\":{\"@type\":\"EntryPoint\",\"urlTemplate\":\"http:\/\/vincentians.com\/es\/?s={search_term_string}\"},\"query-input\":{\"@type\":\"PropertyValueSpecification\",\"valueRequired\":true,\"valueName\":\"search_term_string\"}}],\"inLanguage\":\"es\"},{\"@type\":\"Organization\",\"@id\":\"http:\/\/vincentians.com\/es\/#organization\",\"name\":\"The Vincentian Network\",\"url\":\"http:\/\/vincentians.com\/es\/\",\"logo\":{\"@type\":\"ImageObject\",\"inLanguage\":\"es\",\"@id\":\"http:\/\/vincentians.com\/es\/#\/schema\/logo\/image\/\",\"url\":\"https:\/\/i1.wp.com\/vincentians.com\/es\/wp-content\/uploads\/sites\/11\/2016\/06\/Vincentian-Network-logo-big.png?fit=778%2C778\",\"contentUrl\":\"https:\/\/i1.wp.com\/vincentians.com\/es\/wp-content\/uploads\/sites\/11\/2016\/06\/Vincentian-Network-logo-big.png?fit=778%2C778\",\"width\":778,\"height\":778,\"caption\":\"The Vincentian Network\"},\"image\":{\"@id\":\"http:\/\/vincentians.com\/es\/#\/schema\/logo\/image\/\"},\"sameAs\":[\"https:\/\/www.facebook.com\/WeAreVincentians\/\",\"https:\/\/x.com\/WeVincentians\"]},{\"@type\":\"Person\",\"@id\":\"http:\/\/vincentians.com\/es\/#\/schema\/person\/7c2670b4445a7ca9d164ea6acdb31859\",\"name\":\"Mitxel Olabu\u00e9naga\",\"image\":{\"@type\":\"ImageObject\",\"inLanguage\":\"es\",\"@id\":\"http:\/\/vincentians.com\/es\/#\/schema\/person\/image\/\",\"url\":\"https:\/\/secure.gravatar.com\/avatar\/34137ec2e2b8939cbbed975731e71f3f4f1defc7266ded337a5ce0f925426877?s=96&d=mm&r=g\",\"contentUrl\":\"https:\/\/secure.gravatar.com\/avatar\/34137ec2e2b8939cbbed975731e71f3f4f1defc7266ded337a5ce0f925426877?s=96&d=mm&r=g\",\"caption\":\"Mitxel Olabu\u00e9naga\"},\"url\":\"https:\/\/vincentians.com\/es\/author\/mitxel\/\"}]}<\/script>\n<!-- \/ Yoast SEO plugin. -->","yoast_head_json":{"title":"Presencia de los Misioneros Pa\u00fales en Madagascar - Somos Vicencianos","robots":{"index":"index","follow":"follow","max-snippet":"max-snippet:-1","max-image-preview":"max-image-preview:large","max-video-preview":"max-video-preview:-1"},"canonical":"https:\/\/vincentians.com\/es\/presencia-de-los-misioneros-paules-en-madagascar\/","og_locale":"es_ES","og_type":"article","og_title":"Presencia de los Misioneros Pa\u00fales en Madagascar - Somos Vicencianos","og_description":"En la Evangelizaci\u00f3n en Madagascar promovida por los Misioneros Pa\u00fales (Congregaci\u00f3n de la Misi\u00f3n) se pueden distinguir dos \u00e9pocas. Primera \u00e9poca (1648-1674). Los primeros misioneros, enviados por el mismo san Vicente, los padres Nacquart y ... Read More","og_url":"https:\/\/vincentians.com\/es\/presencia-de-los-misioneros-paules-en-madagascar\/","og_site_name":"Somos Vicencianos","article_publisher":"https:\/\/www.facebook.com\/WeAreVincentians\/","article_published_time":"2022-11-05T07:01:04+00:00","og_image":[{"width":1200,"height":630,"url":"https:\/\/i0.wp.com\/vincentians.com\/es\/wp-content\/uploads\/sites\/11\/2016\/10\/ranquines.jpg?fit=1200%2C630&ssl=1","type":"image\/jpeg"}],"author":"Mitxel Olabu\u00e9naga","twitter_card":"summary_large_image","twitter_creator":"@WeVincentians","twitter_site":"@WeVincentians","twitter_misc":{"Escrito por":"Mitxel Olabu\u00e9naga","Tiempo de lectura":"5 minutos"},"schema":{"@context":"https:\/\/schema.org","@graph":[{"@type":"Article","@id":"https:\/\/vincentians.com\/es\/presencia-de-los-misioneros-paules-en-madagascar\/#article","isPartOf":{"@id":"https:\/\/vincentians.com\/es\/presencia-de-los-misioneros-paules-en-madagascar\/"},"author":{"name":"Mitxel Olabu\u00e9naga","@id":"http:\/\/vincentians.com\/es\/#\/schema\/person\/7c2670b4445a7ca9d164ea6acdb31859"},"headline":"Presencia de los Misioneros Pa\u00fales en Madagascar","datePublished":"2022-11-05T07:01:04+00:00","mainEntityOfPage":{"@id":"https:\/\/vincentians.com\/es\/presencia-de-los-misioneros-paules-en-madagascar\/"},"wordCount":962,"commentCount":0,"publisher":{"@id":"http:\/\/vincentians.com\/es\/#organization"},"image":{"@id":"https:\/\/vincentians.com\/es\/presencia-de-los-misioneros-paules-en-madagascar\/#primaryimage"},"thumbnailUrl":"https:\/\/i0.wp.com\/vincentians.com\/es\/wp-content\/uploads\/sites\/11\/2016\/10\/ranquines.jpg?fit=1200%2C630&ssl=1","keywords":["Almer\u00e1s","Misiones Populares"],"articleSection":["Historia de la Congregaci\u00f3n de la Misi\u00f3n","Misiones \u00abAd gentes\u00bb"],"inLanguage":"es","potentialAction":[{"@type":"CommentAction","name":"Comment","target":["https:\/\/vincentians.com\/es\/presencia-de-los-misioneros-paules-en-madagascar\/#respond"]}]},{"@type":"WebPage","@id":"https:\/\/vincentians.com\/es\/presencia-de-los-misioneros-paules-en-madagascar\/","url":"https:\/\/vincentians.com\/es\/presencia-de-los-misioneros-paules-en-madagascar\/","name":"Presencia de los Misioneros Pa\u00fales en Madagascar - Somos Vicencianos","isPartOf":{"@id":"http:\/\/vincentians.com\/es\/#website"},"primaryImageOfPage":{"@id":"https:\/\/vincentians.com\/es\/presencia-de-los-misioneros-paules-en-madagascar\/#primaryimage"},"image":{"@id":"https:\/\/vincentians.com\/es\/presencia-de-los-misioneros-paules-en-madagascar\/#primaryimage"},"thumbnailUrl":"https:\/\/i0.wp.com\/vincentians.com\/es\/wp-content\/uploads\/sites\/11\/2016\/10\/ranquines.jpg?fit=1200%2C630&ssl=1","datePublished":"2022-11-05T07:01:04+00:00","breadcrumb":{"@id":"https:\/\/vincentians.com\/es\/presencia-de-los-misioneros-paules-en-madagascar\/#breadcrumb"},"inLanguage":"es","potentialAction":[{"@type":"ReadAction","target":["https:\/\/vincentians.com\/es\/presencia-de-los-misioneros-paules-en-madagascar\/"]}]},{"@type":"ImageObject","inLanguage":"es","@id":"https:\/\/vincentians.com\/es\/presencia-de-los-misioneros-paules-en-madagascar\/#primaryimage","url":"https:\/\/i0.wp.com\/vincentians.com\/es\/wp-content\/uploads\/sites\/11\/2016\/10\/ranquines.jpg?fit=1200%2C630&ssl=1","contentUrl":"https:\/\/i0.wp.com\/vincentians.com\/es\/wp-content\/uploads\/sites\/11\/2016\/10\/ranquines.jpg?fit=1200%2C630&ssl=1","width":1200,"height":630},{"@type":"BreadcrumbList","@id":"https:\/\/vincentians.com\/es\/presencia-de-los-misioneros-paules-en-madagascar\/#breadcrumb","itemListElement":[{"@type":"ListItem","position":1,"name":"Portada","item":"http:\/\/vincentians.com\/es\/"},{"@type":"ListItem","position":2,"name":"Presencia de los Misioneros Pa\u00fales en Madagascar"}]},{"@type":"WebSite","@id":"http:\/\/vincentians.com\/es\/#website","url":"http:\/\/vincentians.com\/es\/","name":"Somos Vicencianos","description":"Know more to serve more","publisher":{"@id":"http:\/\/vincentians.com\/es\/#organization"},"potentialAction":[{"@type":"SearchAction","target":{"@type":"EntryPoint","urlTemplate":"http:\/\/vincentians.com\/es\/?s={search_term_string}"},"query-input":{"@type":"PropertyValueSpecification","valueRequired":true,"valueName":"search_term_string"}}],"inLanguage":"es"},{"@type":"Organization","@id":"http:\/\/vincentians.com\/es\/#organization","name":"The Vincentian Network","url":"http:\/\/vincentians.com\/es\/","logo":{"@type":"ImageObject","inLanguage":"es","@id":"http:\/\/vincentians.com\/es\/#\/schema\/logo\/image\/","url":"https:\/\/i1.wp.com\/vincentians.com\/es\/wp-content\/uploads\/sites\/11\/2016\/06\/Vincentian-Network-logo-big.png?fit=778%2C778","contentUrl":"https:\/\/i1.wp.com\/vincentians.com\/es\/wp-content\/uploads\/sites\/11\/2016\/06\/Vincentian-Network-logo-big.png?fit=778%2C778","width":778,"height":778,"caption":"The Vincentian Network"},"image":{"@id":"http:\/\/vincentians.com\/es\/#\/schema\/logo\/image\/"},"sameAs":["https:\/\/www.facebook.com\/WeAreVincentians\/","https:\/\/x.com\/WeVincentians"]},{"@type":"Person","@id":"http:\/\/vincentians.com\/es\/#\/schema\/person\/7c2670b4445a7ca9d164ea6acdb31859","name":"Mitxel Olabu\u00e9naga","image":{"@type":"ImageObject","inLanguage":"es","@id":"http:\/\/vincentians.com\/es\/#\/schema\/person\/image\/","url":"https:\/\/secure.gravatar.com\/avatar\/34137ec2e2b8939cbbed975731e71f3f4f1defc7266ded337a5ce0f925426877?s=96&d=mm&r=g","contentUrl":"https:\/\/secure.gravatar.com\/avatar\/34137ec2e2b8939cbbed975731e71f3f4f1defc7266ded337a5ce0f925426877?s=96&d=mm&r=g","caption":"Mitxel Olabu\u00e9naga"},"url":"https:\/\/vincentians.com\/es\/author\/mitxel\/"}]}},"jetpack_publicize_connections":[],"jetpack_featured_media_url":"https:\/\/i0.wp.com\/vincentians.com\/es\/wp-content\/uploads\/sites\/11\/2016\/10\/ranquines.jpg?fit=1200%2C630&ssl=1","jetpack_sharing_enabled":true,"jetpack_shortlink":"https:\/\/wp.me\/p7ETMF-BQ","jetpack-related-posts":[{"id":124206,"url":"https:\/\/vincentians.com\/es\/vicente-de-paul-id-por-todo-el-mundo\/","url_meta":{"origin":2346,"position":0},"title":"Vicente de Pa\u00fal: Id por todo el mundo","author":"Francisco Javier Fern\u00e1ndez Chento","date":"23\/03\/2023","format":false,"excerpt":"El gran ideal del P. Vicente de Pa\u00fal era la renovaci\u00f3n de la Iglesia cat\u00f3lica de Francia. Pero sab\u00eda que la Iglesia es una instituci\u00f3n universal enviada por el Se\u00f1or al mundo entero. Por ello valoraba en gran manera la posici\u00f3n del Santo Padre dentro del sistema eclesial y sosten\u00eda\u2026","rel":"","context":"En \u00abVicente de Pa\u00fal\u00bb","block_context":{"text":"Vicente de Pa\u00fal","link":"https:\/\/vincentians.com\/es\/category\/la-familia-vicenciana\/fundadores\/vicente-de-paul\/"},"img":{"alt_text":"","src":"https:\/\/i0.wp.com\/vincentians.com\/es\/wp-content\/uploads\/sites\/11\/2013\/05\/d.jpg?fit=1200%2C799&ssl=1&resize=350%2C200","width":350,"height":200,"srcset":"https:\/\/i0.wp.com\/vincentians.com\/es\/wp-content\/uploads\/sites\/11\/2013\/05\/d.jpg?fit=1200%2C799&ssl=1&resize=350%2C200 1x, https:\/\/i0.wp.com\/vincentians.com\/es\/wp-content\/uploads\/sites\/11\/2013\/05\/d.jpg?fit=1200%2C799&ssl=1&resize=525%2C300 1.5x, https:\/\/i0.wp.com\/vincentians.com\/es\/wp-content\/uploads\/sites\/11\/2013\/05\/d.jpg?fit=1200%2C799&ssl=1&resize=700%2C400 2x, https:\/\/i0.wp.com\/vincentians.com\/es\/wp-content\/uploads\/sites\/11\/2013\/05\/d.jpg?fit=1200%2C799&ssl=1&resize=1050%2C600 3x"},"classes":[]},{"id":405846,"url":"https:\/\/vincentians.com\/es\/vicente-de-paul-y-la-mision-viii\/","url_meta":{"origin":2346,"position":1},"title":"Vicente de Pa\u00fal y la Misi\u00f3n (VIII)","author":"Mitxel Olabu\u00e9naga","date":"10\/06\/2025","format":false,"excerpt":"2.3. Principales realizaciones vicencianas de la misi\u00f3n \"ad gentes\" Las misiones \"ad gentes\" fueron conquistando los \u00e1nimos de los misioneros a medida que la Sagrada Con\u00adgregaci\u00f3n de Propaganda Fide reiteraba sus prop\u00f3sitos de encomendar a la Congregaci\u00f3n de la Misi\u00f3n territorios donde la Iglesia no hab\u00eda sido a\u00fan implantada. Monse\u00ad\u00f1or\u2026","rel":"","context":"En \u00abFormaci\u00f3n Vicenciana\u00bb","block_context":{"text":"Formaci\u00f3n Vicenciana","link":"https:\/\/vincentians.com\/es\/category\/formacion-vicenciana\/"},"img":{"alt_text":"","src":"https:\/\/i0.wp.com\/vincentians.com\/es\/wp-content\/uploads\/sites\/11\/2013\/05\/d.jpg?fit=1200%2C799&ssl=1&resize=350%2C200","width":350,"height":200,"srcset":"https:\/\/i0.wp.com\/vincentians.com\/es\/wp-content\/uploads\/sites\/11\/2013\/05\/d.jpg?fit=1200%2C799&ssl=1&resize=350%2C200 1x, https:\/\/i0.wp.com\/vincentians.com\/es\/wp-content\/uploads\/sites\/11\/2013\/05\/d.jpg?fit=1200%2C799&ssl=1&resize=525%2C300 1.5x, https:\/\/i0.wp.com\/vincentians.com\/es\/wp-content\/uploads\/sites\/11\/2013\/05\/d.jpg?fit=1200%2C799&ssl=1&resize=700%2C400 2x, https:\/\/i0.wp.com\/vincentians.com\/es\/wp-content\/uploads\/sites\/11\/2013\/05\/d.jpg?fit=1200%2C799&ssl=1&resize=1050%2C600 3x"},"classes":[]},{"id":126044,"url":"https:\/\/vincentians.com\/es\/san-vicente-de-paul-siervo-de-los-pobres-13\/","url_meta":{"origin":2346,"position":2},"title":"San Vicente de Pa\u00fal, siervo de los pobres (13)","author":"Francisco Javier Fern\u00e1ndez Chento","date":"08\/12\/2013","format":false,"excerpt":"XIII: La Misi\u00f3n fuera de Francia La misi\u00f3n en Roma En Roma existe todav\u00eda hoy, junto al palacio de Mon\u00adtecitorio, una via della Missione, y es la calle en que se le\u00advanta el palacio del cardenal Bagni, que fue comprado por los misioneros en 1659. La misi\u00f3n verdadera y propiamente\u2026","rel":"","context":"En \u00abVicente de Pa\u00fal\u00bb","block_context":{"text":"Vicente de Pa\u00fal","link":"https:\/\/vincentians.com\/es\/category\/la-familia-vicenciana\/fundadores\/vicente-de-paul\/"},"img":{"alt_text":"","src":"","width":0,"height":0},"classes":[]},{"id":155870,"url":"https:\/\/vincentians.com\/es\/vicente-de-paul-carta-1322-a-propaganda-fide\/","url_meta":{"origin":2346,"position":3},"title":"Vicente de Pa\u00fal, Carta 1322: A Propaganda Fide","author":"Francisco Javier Fern\u00e1ndez Chento","date":"09\/06\/2015","format":false,"excerpt":"[ 1650, hacia septiembre] Eminentissimi e Reverendissimi Signori, Per decreto della Sacra Congregazione sotto li 9 luglio dell' anno 1648 furono concesse le facolt\u00e0 di Missionari Apostolici nell'isola di San Lorenzo, vulgo Madagascar, a Carlo Nacquart, dichiarato prefetto della suddetta Missione, et a Nicolo Gondr\u00e9e, suo compagno, tutti due sacerdoti\u2026","rel":"","context":"En \u00abEscritos de Vicente de Pa\u00fal\u00bb","block_context":{"text":"Escritos de Vicente de Pa\u00fal","link":"https:\/\/vincentians.com\/es\/category\/escritos\/escritos-de-vicente-de-paul\/"},"img":{"alt_text":"","src":"https:\/\/i0.wp.com\/vincentians.com\/es\/wp-content\/uploads\/sites\/11\/2016\/07\/escritos-vicente-de-paul.jpg?fit=1200%2C630&ssl=1&resize=350%2C200","width":350,"height":200,"srcset":"https:\/\/i0.wp.com\/vincentians.com\/es\/wp-content\/uploads\/sites\/11\/2016\/07\/escritos-vicente-de-paul.jpg?fit=1200%2C630&ssl=1&resize=350%2C200 1x, https:\/\/i0.wp.com\/vincentians.com\/es\/wp-content\/uploads\/sites\/11\/2016\/07\/escritos-vicente-de-paul.jpg?fit=1200%2C630&ssl=1&resize=525%2C300 1.5x, https:\/\/i0.wp.com\/vincentians.com\/es\/wp-content\/uploads\/sites\/11\/2016\/07\/escritos-vicente-de-paul.jpg?fit=1200%2C630&ssl=1&resize=700%2C400 2x, https:\/\/i0.wp.com\/vincentians.com\/es\/wp-content\/uploads\/sites\/11\/2016\/07\/escritos-vicente-de-paul.jpg?fit=1200%2C630&ssl=1&resize=1050%2C600 3x"},"classes":[]},{"id":23650,"url":"https:\/\/vincentians.com\/es\/vicente-de-paul-documento-166-ereccion-por-propaganda-fide-de-la-mision-de-madagascar\/","url_meta":{"origin":2346,"position":4},"title":"Vicente de Pa\u00fal, Documento 166: Erecci\u00f3n Por Propaganda Fide De La Misi\u00f3n De Madagascar","author":"Francisco Javier Fern\u00e1ndez Chento","date":"23\/05\/2010","format":false,"excerpt":"20 julio 1 648 Tras la presentaci\u00f3n hecha por el eminent\u00edsimo se\u00f1or cardenal Sforza de las cartas del nuncio en Francia sobre la Misi\u00f3n del padre Carlos Nacquart, sacerdote de la di\u00f3cesis de Soissons, con su compa\u00f1ero el padre Nicol\u00e1s Gondr\u00e9e, sacerdotes ambos de la congregaci\u00f3n de sacerdotes de la\u2026","rel":"","context":"En \u00abEscritos de Vicente de Pa\u00fal\u00bb","block_context":{"text":"Escritos de Vicente de Pa\u00fal","link":"https:\/\/vincentians.com\/es\/category\/escritos\/escritos-de-vicente-de-paul\/"},"img":{"alt_text":"","src":"https:\/\/i0.wp.com\/vincentians.com\/es\/wp-content\/uploads\/sites\/11\/2016\/07\/escritos-vicente-de-paul.jpg?fit=1200%2C630&ssl=1&resize=350%2C200","width":350,"height":200,"srcset":"https:\/\/i0.wp.com\/vincentians.com\/es\/wp-content\/uploads\/sites\/11\/2016\/07\/escritos-vicente-de-paul.jpg?fit=1200%2C630&ssl=1&resize=350%2C200 1x, https:\/\/i0.wp.com\/vincentians.com\/es\/wp-content\/uploads\/sites\/11\/2016\/07\/escritos-vicente-de-paul.jpg?fit=1200%2C630&ssl=1&resize=525%2C300 1.5x, https:\/\/i0.wp.com\/vincentians.com\/es\/wp-content\/uploads\/sites\/11\/2016\/07\/escritos-vicente-de-paul.jpg?fit=1200%2C630&ssl=1&resize=700%2C400 2x, https:\/\/i0.wp.com\/vincentians.com\/es\/wp-content\/uploads\/sites\/11\/2016\/07\/escritos-vicente-de-paul.jpg?fit=1200%2C630&ssl=1&resize=1050%2C600 3x"},"classes":[]},{"id":124208,"url":"https:\/\/vincentians.com\/es\/vicente-de-paul-el-ocaso\/","url_meta":{"origin":2346,"position":5},"title":"Vicente de Pa\u00fal: El ocaso","author":"Francisco Javier Fern\u00e1ndez Chento","date":"27\/03\/2023","format":false,"excerpt":"As\u00ed como la misi\u00f3n de Madagascar fue el calvario para la Congregaci\u00f3n de la Misi\u00f3n, el calvario personal del P. Vicente comenz\u00f3 un poco m\u00e1s tarde. Desde el a\u00f1o 1656 estuvo enfermo sin recuperarse del todo ya nunca m\u00e1s. En 1658 sufri\u00f3 un accidente de carroza recibiendo una herida en\u2026","rel":"","context":"En \u00abVicente de Pa\u00fal\u00bb","block_context":{"text":"Vicente de Pa\u00fal","link":"https:\/\/vincentians.com\/es\/category\/la-familia-vicenciana\/fundadores\/vicente-de-paul\/"},"img":{"alt_text":"","src":"https:\/\/i0.wp.com\/vincentians.com\/es\/wp-content\/uploads\/sites\/11\/2013\/04\/e-3.jpg?fit=976%2C570&ssl=1&resize=350%2C200","width":350,"height":200,"srcset":"https:\/\/i0.wp.com\/vincentians.com\/es\/wp-content\/uploads\/sites\/11\/2013\/04\/e-3.jpg?fit=976%2C570&ssl=1&resize=350%2C200 1x, https:\/\/i0.wp.com\/vincentians.com\/es\/wp-content\/uploads\/sites\/11\/2013\/04\/e-3.jpg?fit=976%2C570&ssl=1&resize=525%2C300 1.5x, https:\/\/i0.wp.com\/vincentians.com\/es\/wp-content\/uploads\/sites\/11\/2013\/04\/e-3.jpg?fit=976%2C570&ssl=1&resize=700%2C400 2x"},"classes":[]}],"_links":{"self":[{"href":"https:\/\/vincentians.com\/es\/wp-json\/wp\/v2\/posts\/2346","targetHints":{"allow":["GET"]}}],"collection":[{"href":"https:\/\/vincentians.com\/es\/wp-json\/wp\/v2\/posts"}],"about":[{"href":"https:\/\/vincentians.com\/es\/wp-json\/wp\/v2\/types\/post"}],"author":[{"embeddable":true,"href":"https:\/\/vincentians.com\/es\/wp-json\/wp\/v2\/users\/5"}],"replies":[{"embeddable":true,"href":"https:\/\/vincentians.com\/es\/wp-json\/wp\/v2\/comments?post=2346"}],"version-history":[{"count":1,"href":"https:\/\/vincentians.com\/es\/wp-json\/wp\/v2\/posts\/2346\/revisions"}],"predecessor-version":[{"id":404411,"href":"https:\/\/vincentians.com\/es\/wp-json\/wp\/v2\/posts\/2346\/revisions\/404411"}],"wp:featuredmedia":[{"embeddable":true,"href":"https:\/\/vincentians.com\/es\/wp-json\/wp\/v2\/media\/400152"}],"wp:attachment":[{"href":"https:\/\/vincentians.com\/es\/wp-json\/wp\/v2\/media?parent=2346"}],"wp:term":[{"taxonomy":"category","embeddable":true,"href":"https:\/\/vincentians.com\/es\/wp-json\/wp\/v2\/categories?post=2346"},{"taxonomy":"post_tag","embeddable":true,"href":"https:\/\/vincentians.com\/es\/wp-json\/wp\/v2\/tags?post=2346"}],"curies":[{"name":"wp","href":"https:\/\/api.w.org\/{rel}","templated":true}]}}