{"id":23350,"date":"2013-08-13T14:07:02","date_gmt":"2013-08-13T12:07:02","guid":{"rendered":"http:\/\/somos.vicencianos.org\/?p=23350"},"modified":"2013-08-13T14:07:02","modified_gmt":"2013-08-13T12:07:02","slug":"23350-2","status":"publish","type":"post","link":"https:\/\/vincentians.com\/es\/23350-2\/","title":{"rendered":"Santa Mar\u00eda de la Cruz"},"content":{"rendered":"<p><a href=\"https:\/\/i0.wp.com\/vicencianos.org\/wp-content\/2010\/12\/mary_mackillop_2.jpg\"><img data-recalc-dims=\"1\" loading=\"lazy\" decoding=\"async\" class=\"alignleft size-medium wp-image-23351\" title=\"mary_mackillop_2\" alt=\"\" src=\"https:\/\/i0.wp.com\/vicencianos.org\/wp-content\/2010\/12\/mary_mackillop_2-243x300.jpg?resize=243%2C300\" width=\"243\" height=\"300\" \/><\/a>El domingo 17 de octubre de 2010, la Beata Mary MacKillop fue canonizada como Santa Mar\u00eda de la Cruz MacKillop por el Papa Benedicto XVI en la Plaza de San Pedro, Roma, Italia. Ella se ha convertido en la primera santa australiana y miles de peregrinos de Australia abarrotaron la Plaza de San Pedro, aplaudieron y ondearon sus banderas nacionales despu\u00e9s de que el Papa declarara su santidad. Santa Mar\u00eda de la Cruz MacKillop educ\u00f3 ni\u00f1os pobres en interior de Australia a finales del siglo XIX. En su homil\u00eda, el Papa dijo que Santa MacKillop (1842-1909) fue un modelo de celo, perseverancia y oraci\u00f3n, dedic\u00e1ndose a la educaci\u00f3n de los pobres en el dif\u00edcil territorio de la Australia rural, incitando a otras mujeres a unirse a ella para formar la primera comunidad de mujeres religiosas del pa\u00eds. Se ocup\u00f3 de las necesidades de todos los j\u00f3venes que se le hab\u00eda encomendado, sin tener en cuenta su situaci\u00f3n econ\u00f3mica, proporcionando una formaci\u00f3n tanto intelectual como espiritual. Su fiesta se celebra el 8 de agosto.<\/p>\n<p>Santa MacKillop era de origen escoc\u00e9s y hab\u00eda emigrado a Australia con sus padres. A los 24 a\u00f1os empez\u00f3 a trabajar con un sacerdote para proporcionar educaci\u00f3n gratis a los pobres rurales del pa\u00eds. Tres a\u00f1os m\u00e1s tarde, hab\u00eda 60 hermanas trabajando en escuelas, orfelinatos y centros de mujeres. Las monjas tambi\u00e9n se comprometieron a seguir a campesinos, mineros y otros trabajadores pobres a zonas remotas del pa\u00eds para educar a sus hijos. Su orden religiosa es conocida como las Hermanas de San Jos\u00e9 del Sagrado Coraz\u00f3n. Sufri\u00f3 un derrame cerebral y muri\u00f3 en 1909.<\/p>\n<p>La Sociedad de San Vicente de Pa\u00fal en Australia colabor\u00f3 con su orden en algunas obras. La capilla en nuestra Casa Madre de Par\u00eds tiene una reliquia de Santa Mackillop y est\u00e1 dedicada a su nombre. Michael Thio, Presidente General, represent\u00f3 al CGI en la misa de canonizaci\u00f3n y Anthony Thornton, Secretario Nacional de Australia, represent\u00f3 la Sociedad australiana.<\/p>\n","protected":false},"excerpt":{"rendered":"<p>El domingo 17 de octubre de 2010, la Beata Mary MacKillop fue canonizada como Santa Mar\u00eda de la Cruz MacKillop por el Papa Benedicto XVI en la Plaza de San Pedro, Roma, Italia. Ella se &#8230; <a href=\"https:\/\/vincentians.com\/es\/23350-2\/\" class=\"more-link\">Read More<\/a><\/p>\n","protected":false},"author":4,"featured_media":23351,"comment_status":"open","ping_status":"open","sticky":false,"template":"","format":"standard","meta":{"jetpack_post_was_ever_published":false,"_jetpack_newsletter_access":"","_jetpack_dont_email_post_to_subs":false,"_jetpack_newsletter_tier_id":0,"_jetpack_memberships_contains_paywalled_content":false,"_jetpack_memberships_contains_paid_content":false,"footnotes":"","jetpack_publicize_message":"","jetpack_publicize_feature_enabled":true,"jetpack_social_post_already_shared":true,"jetpack_social_options":{"image_generator_settings":{"template":"highway","default_image_id":0,"font":"","enabled":false},"version":2}},"categories":[250],"tags":[],"class_list":["post-23350","post","type-post","status-publish","format-standard","has-post-thumbnail","hentry","category-sociedad-de-san-vicente-de-paul"],"yoast_head":"<!-- This site is optimized with the Yoast SEO plugin v26.3 - https:\/\/yoast.com\/wordpress\/plugins\/seo\/ -->\n<title>Santa Mar\u00eda de la Cruz - Somos Vicencianos<\/title>\n<meta name=\"robots\" content=\"index, follow, max-snippet:-1, max-image-preview:large, max-video-preview:-1\" \/>\n<link rel=\"canonical\" href=\"https:\/\/vincentians.com\/es\/23350-2\/\" \/>\n<meta property=\"og:locale\" content=\"es_ES\" \/>\n<meta property=\"og:type\" content=\"article\" \/>\n<meta property=\"og:title\" content=\"Santa Mar\u00eda de la Cruz - Somos Vicencianos\" \/>\n<meta property=\"og:description\" content=\"El domingo 17 de octubre de 2010, la Beata Mary MacKillop fue canonizada como Santa Mar\u00eda de la Cruz MacKillop por el Papa Benedicto XVI en la Plaza de San Pedro, Roma, Italia. Ella se ... Read More\" \/>\n<meta property=\"og:url\" content=\"https:\/\/vincentians.com\/es\/23350-2\/\" \/>\n<meta property=\"og:site_name\" content=\"Somos Vicencianos\" \/>\n<meta property=\"article:publisher\" content=\"https:\/\/www.facebook.com\/WeAreVincentians\/\" \/>\n<meta property=\"article:author\" content=\"https:\/\/www.facebook.com\/JavierChento\" \/>\n<meta property=\"article:published_time\" content=\"2013-08-13T12:07:02+00:00\" \/>\n<meta name=\"author\" content=\"Francisco Javier Fern\u00e1ndez Chento\" \/>\n<meta name=\"twitter:card\" content=\"summary_large_image\" \/>\n<meta name=\"twitter:creator\" content=\"@https:\/\/twitter.com\/javierchento\" \/>\n<meta name=\"twitter:site\" content=\"@WeVincentians\" \/>\n<meta name=\"twitter:label1\" content=\"Escrito por\" \/>\n\t<meta name=\"twitter:data1\" content=\"Francisco Javier Fern\u00e1ndez Chento\" \/>\n\t<meta name=\"twitter:label2\" content=\"Tiempo de lectura\" \/>\n\t<meta name=\"twitter:data2\" content=\"2 minutos\" \/>\n<script type=\"application\/ld+json\" class=\"yoast-schema-graph\">{\"@context\":\"https:\/\/schema.org\",\"@graph\":[{\"@type\":\"Article\",\"@id\":\"https:\/\/vincentians.com\/es\/23350-2\/#article\",\"isPartOf\":{\"@id\":\"https:\/\/vincentians.com\/es\/23350-2\/\"},\"author\":{\"name\":\"Francisco Javier Fern\u00e1ndez Chento\",\"@id\":\"http:\/\/vincentians.com\/es\/#\/schema\/person\/9623ef4d9aa3b2dfb8c061f1499288f2\"},\"headline\":\"Santa Mar\u00eda de la Cruz\",\"datePublished\":\"2013-08-13T12:07:02+00:00\",\"mainEntityOfPage\":{\"@id\":\"https:\/\/vincentians.com\/es\/23350-2\/\"},\"wordCount\":356,\"commentCount\":0,\"publisher\":{\"@id\":\"http:\/\/vincentians.com\/es\/#organization\"},\"image\":{\"@id\":\"https:\/\/vincentians.com\/es\/23350-2\/#primaryimage\"},\"thumbnailUrl\":\"\",\"articleSection\":[\"Sociedad de San Vicente de Pa\u00fal\"],\"inLanguage\":\"es\",\"potentialAction\":[{\"@type\":\"CommentAction\",\"name\":\"Comment\",\"target\":[\"https:\/\/vincentians.com\/es\/23350-2\/#respond\"]}]},{\"@type\":\"WebPage\",\"@id\":\"https:\/\/vincentians.com\/es\/23350-2\/\",\"url\":\"https:\/\/vincentians.com\/es\/23350-2\/\",\"name\":\"Santa Mar\u00eda de la Cruz - Somos Vicencianos\",\"isPartOf\":{\"@id\":\"http:\/\/vincentians.com\/es\/#website\"},\"primaryImageOfPage\":{\"@id\":\"https:\/\/vincentians.com\/es\/23350-2\/#primaryimage\"},\"image\":{\"@id\":\"https:\/\/vincentians.com\/es\/23350-2\/#primaryimage\"},\"thumbnailUrl\":\"\",\"datePublished\":\"2013-08-13T12:07:02+00:00\",\"breadcrumb\":{\"@id\":\"https:\/\/vincentians.com\/es\/23350-2\/#breadcrumb\"},\"inLanguage\":\"es\",\"potentialAction\":[{\"@type\":\"ReadAction\",\"target\":[\"https:\/\/vincentians.com\/es\/23350-2\/\"]}]},{\"@type\":\"ImageObject\",\"inLanguage\":\"es\",\"@id\":\"https:\/\/vincentians.com\/es\/23350-2\/#primaryimage\",\"url\":\"\",\"contentUrl\":\"\"},{\"@type\":\"BreadcrumbList\",\"@id\":\"https:\/\/vincentians.com\/es\/23350-2\/#breadcrumb\",\"itemListElement\":[{\"@type\":\"ListItem\",\"position\":1,\"name\":\"Portada\",\"item\":\"http:\/\/vincentians.com\/es\/\"},{\"@type\":\"ListItem\",\"position\":2,\"name\":\"Santa Mar\u00eda de la Cruz\"}]},{\"@type\":\"WebSite\",\"@id\":\"http:\/\/vincentians.com\/es\/#website\",\"url\":\"http:\/\/vincentians.com\/es\/\",\"name\":\"Somos Vicencianos\",\"description\":\"Know more to serve more\",\"publisher\":{\"@id\":\"http:\/\/vincentians.com\/es\/#organization\"},\"potentialAction\":[{\"@type\":\"SearchAction\",\"target\":{\"@type\":\"EntryPoint\",\"urlTemplate\":\"http:\/\/vincentians.com\/es\/?s={search_term_string}\"},\"query-input\":{\"@type\":\"PropertyValueSpecification\",\"valueRequired\":true,\"valueName\":\"search_term_string\"}}],\"inLanguage\":\"es\"},{\"@type\":\"Organization\",\"@id\":\"http:\/\/vincentians.com\/es\/#organization\",\"name\":\"The Vincentian Network\",\"url\":\"http:\/\/vincentians.com\/es\/\",\"logo\":{\"@type\":\"ImageObject\",\"inLanguage\":\"es\",\"@id\":\"http:\/\/vincentians.com\/es\/#\/schema\/logo\/image\/\",\"url\":\"https:\/\/i1.wp.com\/vincentians.com\/es\/wp-content\/uploads\/sites\/11\/2016\/06\/Vincentian-Network-logo-big.png?fit=778%2C778\",\"contentUrl\":\"https:\/\/i1.wp.com\/vincentians.com\/es\/wp-content\/uploads\/sites\/11\/2016\/06\/Vincentian-Network-logo-big.png?fit=778%2C778\",\"width\":778,\"height\":778,\"caption\":\"The Vincentian Network\"},\"image\":{\"@id\":\"http:\/\/vincentians.com\/es\/#\/schema\/logo\/image\/\"},\"sameAs\":[\"https:\/\/www.facebook.com\/WeAreVincentians\/\",\"https:\/\/x.com\/WeVincentians\"]},{\"@type\":\"Person\",\"@id\":\"http:\/\/vincentians.com\/es\/#\/schema\/person\/9623ef4d9aa3b2dfb8c061f1499288f2\",\"name\":\"Francisco Javier Fern\u00e1ndez Chento\",\"image\":{\"@type\":\"ImageObject\",\"inLanguage\":\"es\",\"@id\":\"http:\/\/vincentians.com\/es\/#\/schema\/person\/image\/\",\"url\":\"https:\/\/secure.gravatar.com\/avatar\/497d5cde87b4c3d097d0315953521681ba2cd523ee66e5077c3711f7021e65de?s=96&d=mm&r=g\",\"contentUrl\":\"https:\/\/secure.gravatar.com\/avatar\/497d5cde87b4c3d097d0315953521681ba2cd523ee66e5077c3711f7021e65de?s=96&d=mm&r=g\",\"caption\":\"Francisco Javier Fern\u00e1ndez Chento\"},\"description\":\"Director General y cofundador de La Red de Formaci\u00f3n Vicenciana. Javier es laico vicenciano, afiliado a la Congregaci\u00f3n de la Misi\u00f3n y miembro del Equipo de Misiones Populares de la provincia can\u00f3nica de Zaragoza (Espa\u00f1a) de la Congregaci\u00f3n de la Misi\u00f3n. Graduado en la Universidad Oberta de Catalunya con cuatro grados (Asistente de direcci\u00f3n, Gesti\u00f3n Administrativa, Recursos Humanos y Contabilidad Avanzada). Bil\u00edng\u00fce Espa\u00f1ol\/Ingl\u00e9s. gestiona y mantiene varias p\u00e1ginas web cristianas y vicencianas, incluida including La Red de Formaci\u00f3n Vicenciana, de la que es cofundador. Actualmente es responsable del \u00e1rea de Espa\u00f1ol de .famvin, la Red de Noticias de la Familia Vicenciana. Tambi\u00e9n es m\u00fasico cat\u00f3lico y ha editado varios discos. Es Director General y cofundador de Trovador, una reconocida compa\u00f1\u00eda discogr\u00e1fica critiana de Espa\u00f1a. Trabaja en las Tecnolog\u00edas de la Informaci\u00f3n, ofreciendo servicios de alojamiento, dise\u00f1o y mantenimiento Web, as\u00ed como asesoramiento, formaci\u00f3n y soluciones inform\u00e1ticas, gesti\u00f3n documental y digitalizaci\u00f3n de textos, edici\u00f3n y maquetaci\u00f3n de libros, revistas, flyers, etc.\",\"sameAs\":[\"http:\/\/chento.org\",\"https:\/\/www.facebook.com\/JavierChento\",\"https:\/\/x.com\/https:\/\/twitter.com\/javierchento\"],\"url\":\"https:\/\/vincentians.com\/es\/author\/chento\/\"}]}<\/script>\n<!-- \/ Yoast SEO plugin. -->","yoast_head_json":{"title":"Santa Mar\u00eda de la Cruz - Somos Vicencianos","robots":{"index":"index","follow":"follow","max-snippet":"max-snippet:-1","max-image-preview":"max-image-preview:large","max-video-preview":"max-video-preview:-1"},"canonical":"https:\/\/vincentians.com\/es\/23350-2\/","og_locale":"es_ES","og_type":"article","og_title":"Santa Mar\u00eda de la Cruz - Somos Vicencianos","og_description":"El domingo 17 de octubre de 2010, la Beata Mary MacKillop fue canonizada como Santa Mar\u00eda de la Cruz MacKillop por el Papa Benedicto XVI en la Plaza de San Pedro, Roma, Italia. Ella se ... Read More","og_url":"https:\/\/vincentians.com\/es\/23350-2\/","og_site_name":"Somos Vicencianos","article_publisher":"https:\/\/www.facebook.com\/WeAreVincentians\/","article_author":"https:\/\/www.facebook.com\/JavierChento","article_published_time":"2013-08-13T12:07:02+00:00","author":"Francisco Javier Fern\u00e1ndez Chento","twitter_card":"summary_large_image","twitter_creator":"@https:\/\/twitter.com\/javierchento","twitter_site":"@WeVincentians","twitter_misc":{"Escrito por":"Francisco Javier Fern\u00e1ndez Chento","Tiempo de lectura":"2 minutos"},"schema":{"@context":"https:\/\/schema.org","@graph":[{"@type":"Article","@id":"https:\/\/vincentians.com\/es\/23350-2\/#article","isPartOf":{"@id":"https:\/\/vincentians.com\/es\/23350-2\/"},"author":{"name":"Francisco Javier Fern\u00e1ndez Chento","@id":"http:\/\/vincentians.com\/es\/#\/schema\/person\/9623ef4d9aa3b2dfb8c061f1499288f2"},"headline":"Santa Mar\u00eda de la Cruz","datePublished":"2013-08-13T12:07:02+00:00","mainEntityOfPage":{"@id":"https:\/\/vincentians.com\/es\/23350-2\/"},"wordCount":356,"commentCount":0,"publisher":{"@id":"http:\/\/vincentians.com\/es\/#organization"},"image":{"@id":"https:\/\/vincentians.com\/es\/23350-2\/#primaryimage"},"thumbnailUrl":"","articleSection":["Sociedad de San Vicente de Pa\u00fal"],"inLanguage":"es","potentialAction":[{"@type":"CommentAction","name":"Comment","target":["https:\/\/vincentians.com\/es\/23350-2\/#respond"]}]},{"@type":"WebPage","@id":"https:\/\/vincentians.com\/es\/23350-2\/","url":"https:\/\/vincentians.com\/es\/23350-2\/","name":"Santa Mar\u00eda de la Cruz - Somos Vicencianos","isPartOf":{"@id":"http:\/\/vincentians.com\/es\/#website"},"primaryImageOfPage":{"@id":"https:\/\/vincentians.com\/es\/23350-2\/#primaryimage"},"image":{"@id":"https:\/\/vincentians.com\/es\/23350-2\/#primaryimage"},"thumbnailUrl":"","datePublished":"2013-08-13T12:07:02+00:00","breadcrumb":{"@id":"https:\/\/vincentians.com\/es\/23350-2\/#breadcrumb"},"inLanguage":"es","potentialAction":[{"@type":"ReadAction","target":["https:\/\/vincentians.com\/es\/23350-2\/"]}]},{"@type":"ImageObject","inLanguage":"es","@id":"https:\/\/vincentians.com\/es\/23350-2\/#primaryimage","url":"","contentUrl":""},{"@type":"BreadcrumbList","@id":"https:\/\/vincentians.com\/es\/23350-2\/#breadcrumb","itemListElement":[{"@type":"ListItem","position":1,"name":"Portada","item":"http:\/\/vincentians.com\/es\/"},{"@type":"ListItem","position":2,"name":"Santa Mar\u00eda de la Cruz"}]},{"@type":"WebSite","@id":"http:\/\/vincentians.com\/es\/#website","url":"http:\/\/vincentians.com\/es\/","name":"Somos Vicencianos","description":"Know more to serve more","publisher":{"@id":"http:\/\/vincentians.com\/es\/#organization"},"potentialAction":[{"@type":"SearchAction","target":{"@type":"EntryPoint","urlTemplate":"http:\/\/vincentians.com\/es\/?s={search_term_string}"},"query-input":{"@type":"PropertyValueSpecification","valueRequired":true,"valueName":"search_term_string"}}],"inLanguage":"es"},{"@type":"Organization","@id":"http:\/\/vincentians.com\/es\/#organization","name":"The Vincentian Network","url":"http:\/\/vincentians.com\/es\/","logo":{"@type":"ImageObject","inLanguage":"es","@id":"http:\/\/vincentians.com\/es\/#\/schema\/logo\/image\/","url":"https:\/\/i1.wp.com\/vincentians.com\/es\/wp-content\/uploads\/sites\/11\/2016\/06\/Vincentian-Network-logo-big.png?fit=778%2C778","contentUrl":"https:\/\/i1.wp.com\/vincentians.com\/es\/wp-content\/uploads\/sites\/11\/2016\/06\/Vincentian-Network-logo-big.png?fit=778%2C778","width":778,"height":778,"caption":"The Vincentian Network"},"image":{"@id":"http:\/\/vincentians.com\/es\/#\/schema\/logo\/image\/"},"sameAs":["https:\/\/www.facebook.com\/WeAreVincentians\/","https:\/\/x.com\/WeVincentians"]},{"@type":"Person","@id":"http:\/\/vincentians.com\/es\/#\/schema\/person\/9623ef4d9aa3b2dfb8c061f1499288f2","name":"Francisco Javier Fern\u00e1ndez Chento","image":{"@type":"ImageObject","inLanguage":"es","@id":"http:\/\/vincentians.com\/es\/#\/schema\/person\/image\/","url":"https:\/\/secure.gravatar.com\/avatar\/497d5cde87b4c3d097d0315953521681ba2cd523ee66e5077c3711f7021e65de?s=96&d=mm&r=g","contentUrl":"https:\/\/secure.gravatar.com\/avatar\/497d5cde87b4c3d097d0315953521681ba2cd523ee66e5077c3711f7021e65de?s=96&d=mm&r=g","caption":"Francisco Javier Fern\u00e1ndez Chento"},"description":"Director General y cofundador de La Red de Formaci\u00f3n Vicenciana. Javier es laico vicenciano, afiliado a la Congregaci\u00f3n de la Misi\u00f3n y miembro del Equipo de Misiones Populares de la provincia can\u00f3nica de Zaragoza (Espa\u00f1a) de la Congregaci\u00f3n de la Misi\u00f3n. Graduado en la Universidad Oberta de Catalunya con cuatro grados (Asistente de direcci\u00f3n, Gesti\u00f3n Administrativa, Recursos Humanos y Contabilidad Avanzada). Bil\u00edng\u00fce Espa\u00f1ol\/Ingl\u00e9s. gestiona y mantiene varias p\u00e1ginas web cristianas y vicencianas, incluida including La Red de Formaci\u00f3n Vicenciana, de la que es cofundador. Actualmente es responsable del \u00e1rea de Espa\u00f1ol de .famvin, la Red de Noticias de la Familia Vicenciana. Tambi\u00e9n es m\u00fasico cat\u00f3lico y ha editado varios discos. Es Director General y cofundador de Trovador, una reconocida compa\u00f1\u00eda discogr\u00e1fica critiana de Espa\u00f1a. Trabaja en las Tecnolog\u00edas de la Informaci\u00f3n, ofreciendo servicios de alojamiento, dise\u00f1o y mantenimiento Web, as\u00ed como asesoramiento, formaci\u00f3n y soluciones inform\u00e1ticas, gesti\u00f3n documental y digitalizaci\u00f3n de textos, edici\u00f3n y maquetaci\u00f3n de libros, revistas, flyers, etc.","sameAs":["http:\/\/chento.org","https:\/\/www.facebook.com\/JavierChento","https:\/\/x.com\/https:\/\/twitter.com\/javierchento"],"url":"https:\/\/vincentians.com\/es\/author\/chento\/"}]}},"jetpack_publicize_connections":[],"jetpack_featured_media_url":"","jetpack_sharing_enabled":true,"jetpack_shortlink":"https:\/\/wp.me\/p7ETMF-64C","jetpack-related-posts":[{"id":128627,"url":"https:\/\/vincentians.com\/es\/federico-ozanam-por-mons-baunard-capitulo-19\/","url_meta":{"origin":23350,"position":0},"title":"Federico Ozanam (por Mons. Baunard): Cap\u00edtulo 19","author":"Francisco Javier Fern\u00e1ndez Chento","date":"10\/09\/2016","format":false,"excerpt":"Cap\u00edtulo XIX: Misi\u00f3n en Italia Florencia.\u2014Roma.\u2014P\u00edo IX.\u2014Audiencias y ovaciones.\u2014Luto fraternal.\u2014Ve\u00adnecia.\u2014Echallens. 1847 El viaje, iniciado en diciembre de 1846, ten\u00eda el itinerario si\u00adguiente: el sur de Francia, G\u00e9nova, Florencia, para terminar en Roma como centro principal y estancia de estudio y piedad. Des\u00adpu\u00e9s de tornar all\u00ed sus cuarteles de invierno, el\u2026","rel":"","context":"En \u00abFederico Ozanam\u00bb","block_context":{"text":"Federico Ozanam","link":"https:\/\/vincentians.com\/es\/category\/la-familia-vicenciana\/fundadores\/federico-ozanam\/"},"img":{"alt_text":"","src":"https:\/\/i0.wp.com\/vincentians.com\/es\/wp-content\/uploads\/sites\/11\/2016\/07\/frederic-ozanam-layman-for-now.jpg?fit=1200%2C630&ssl=1&resize=350%2C200","width":350,"height":200,"srcset":"https:\/\/i0.wp.com\/vincentians.com\/es\/wp-content\/uploads\/sites\/11\/2016\/07\/frederic-ozanam-layman-for-now.jpg?fit=1200%2C630&ssl=1&resize=350%2C200 1x, https:\/\/i0.wp.com\/vincentians.com\/es\/wp-content\/uploads\/sites\/11\/2016\/07\/frederic-ozanam-layman-for-now.jpg?fit=1200%2C630&ssl=1&resize=525%2C300 1.5x, https:\/\/i0.wp.com\/vincentians.com\/es\/wp-content\/uploads\/sites\/11\/2016\/07\/frederic-ozanam-layman-for-now.jpg?fit=1200%2C630&ssl=1&resize=700%2C400 2x, https:\/\/i0.wp.com\/vincentians.com\/es\/wp-content\/uploads\/sites\/11\/2016\/07\/frederic-ozanam-layman-for-now.jpg?fit=1200%2C630&ssl=1&resize=1050%2C600 3x"},"classes":[]},{"id":125545,"url":"https:\/\/vincentians.com\/es\/novena-a-la-virgen-milagrosa-2013-dia-quinto\/","url_meta":{"origin":23350,"position":1},"title":"Novena a la Virgen Milagrosa 2013: D\u00eda quinto","author":"Francisco Javier Fern\u00e1ndez Chento","date":"23\/11\/2013","format":false,"excerpt":"Ay\u00fadanos a fiarnos plenamente de Jes\u00fas, a creer en su amor, sobre todo en los momentos de TRIBULACI\u00d3N Y DE CRUZ, cuando nuestra fe es llamada a crecer y madurar. (Las dificultades en el cumplimiento de la misi\u00f3n) MONICI\u00d3N DE ENTRADA Bienvenidos a la celebraci\u00f3n. En las dificultades y problemas\u2026","rel":"","context":"En \u00abVirgen Mar\u00eda\u00bb","block_context":{"text":"Virgen Mar\u00eda","link":"https:\/\/vincentians.com\/es\/category\/espiritualidad\/virgen-maria\/"},"img":{"alt_text":"Milagrosa_Pamplona_2013","src":"https:\/\/i0.wp.com\/vicencianos.org\/wp-content\/2012\/11\/Milagrosa_Pamplona_2013-201x300.jpg?resize=350%2C200","width":350,"height":200},"classes":[]},{"id":387241,"url":"https:\/\/vincentians.com\/es\/originalidad-de-las-hijas-de-la-caridad-2\/","url_meta":{"origin":23350,"position":2},"title":"Originalidad de las Hijas de la Caridad","author":"Mitxel Olabu\u00e9naga","date":"29\/03\/2016","format":false,"excerpt":"Las religiosas Cuando convocaron a aquellas j\u00f3venes en casa de la se\u00f1orita Le Gras, ni Vicente ni la misma se\u00f1orita vieron claro c\u00f3mo podr\u00edan reunir a un grupo de mujeres en vida com\u00fan sin que se las tomara por religiosas y se les impusiera la clausura. Y con clausura, adi\u00f3s\u2026","rel":"","context":"En \u00abHistoria de las Hijas de la Caridad\u00bb","block_context":{"text":"Historia de las Hijas de la Caridad","link":"https:\/\/vincentians.com\/es\/category\/historia-de-la-familia-vicenciana\/historia-de-las-hijas-de-la-caridad\/"},"img":{"alt_text":"LOGO HHC","src":"https:\/\/i0.wp.com\/vicencianos.org\/wp-content\/uploads\/2016\/03\/LOGO-HHC.gif?resize=350%2C200","width":350,"height":200},"classes":[]},{"id":125959,"url":"https:\/\/vincentians.com\/es\/originalidad-de-las-hijas-de-la-caridad\/","url_meta":{"origin":23350,"position":3},"title":"Originalidad de las Hijas de la Caridad","author":"Francisco Javier Fern\u00e1ndez Chento","date":"10\/12\/2013","format":false,"excerpt":"Las religiosas Cuando convocaron a aquellas j\u00f3venes en casa de la se\u00f1orita Le Gras, ni Vicente ni la misma se\u00f1orita vieron claro c\u00f3mo podr\u00edan reunir a un grupo de mujeres en vida com\u00fan sin que se las tomara por religiosas y se les impusiera la clausura. Y con clausura, adi\u00f3s\u2026","rel":"","context":"En \u00abLuisa de Marillac\u00bb","block_context":{"text":"Luisa de Marillac","link":"https:\/\/vincentians.com\/es\/category\/la-familia-vicenciana\/fundadores\/luisa-de-marillac\/"},"img":{"alt_text":"Santa Luisa de Marillac","src":"https:\/\/i0.wp.com\/vicencianos.org\/wp-content\/2013\/09\/santaluisa3.jpg?resize=350%2C200","width":350,"height":200},"classes":[]},{"id":199229,"url":"https:\/\/vincentians.com\/es\/14o-domingo-de-t-o-reflexion-de-jose-cervantes-gabarron\/","url_meta":{"origin":23350,"position":4},"title":"14\u00ba Domingo de T.O. (reflexi\u00f3n de Jos\u00e9 Cervantes Gabarr\u00f3n)","author":"Francisco Javier Fern\u00e1ndez Chento","date":"04\/07\/2015","format":false,"excerpt":"El papa Francisco nos trae la alegr\u00eda y la gracia del Hijo de Mar\u00eda e Hijo de Dios En Bolivia ya estamos preparados para recibir con inmensa alegr\u00eda al Papa Francisco que nos visita a mitad de la pr\u00f3xima semana. Damos gracias a Dios por su presencia entre nosotros, pues\u2026","rel":"","context":"En \u00abHomil\u00edas y reflexiones, A\u00f1o B\u00bb","block_context":{"text":"Homil\u00edas y reflexiones, A\u00f1o B","link":"https:\/\/vincentians.com\/es\/category\/homilias-y-reflexiones-a-la-palabra-de-dios\/homilias-y-reflexiones-ano-b\/"},"img":{"alt_text":"","src":"https:\/\/i0.wp.com\/vincentians.com\/es\/wp-content\/uploads\/sites\/11\/2016\/07\/reflexiones-palabra-de-dios.jpg?fit=1200%2C630&ssl=1&resize=350%2C200","width":350,"height":200,"srcset":"https:\/\/i0.wp.com\/vincentians.com\/es\/wp-content\/uploads\/sites\/11\/2016\/07\/reflexiones-palabra-de-dios.jpg?fit=1200%2C630&ssl=1&resize=350%2C200 1x, https:\/\/i0.wp.com\/vincentians.com\/es\/wp-content\/uploads\/sites\/11\/2016\/07\/reflexiones-palabra-de-dios.jpg?fit=1200%2C630&ssl=1&resize=525%2C300 1.5x, https:\/\/i0.wp.com\/vincentians.com\/es\/wp-content\/uploads\/sites\/11\/2016\/07\/reflexiones-palabra-de-dios.jpg?fit=1200%2C630&ssl=1&resize=700%2C400 2x, https:\/\/i0.wp.com\/vincentians.com\/es\/wp-content\/uploads\/sites\/11\/2016\/07\/reflexiones-palabra-de-dios.jpg?fit=1200%2C630&ssl=1&resize=1050%2C600 3x"},"classes":[]},{"id":114703,"url":"https:\/\/vincentians.com\/es\/novena-a-la-virgen-milagrosa-2012-dia-1o-9\/","url_meta":{"origin":23350,"position":5},"title":"Novena a la Virgen Milagrosa 2012: D\u00eda 9\u00ba","author":"Francisco Javier Fern\u00e1ndez Chento","date":"27\/11\/2012","format":false,"excerpt":"La peque\u00f1a m\u00e1s grande MONICI\u00d3N DE ENTRADA Bienvenidos en este d\u00eda de la fiesta de la Inmaculada de la Medalla Milagrosa. Todo es gracia, seg\u00fan san Pablo, y as\u00ed lo repiten santa Teresa de Lisieux y el protagonista del \"Diario de un cura rural\" de Bernanos. Gracias es una de\u2026","rel":"","context":"En \u00abVirgen Mar\u00eda\u00bb","block_context":{"text":"Virgen Mar\u00eda","link":"https:\/\/vincentians.com\/es\/category\/espiritualidad\/virgen-maria\/"},"img":{"alt_text":"","src":"https:\/\/i0.wp.com\/vicencianos.org\/wp-content\/2012\/11\/novena_milagrosa_2012_portada-211x300.jpg?resize=350%2C200","width":350,"height":200},"classes":[]}],"_links":{"self":[{"href":"https:\/\/vincentians.com\/es\/wp-json\/wp\/v2\/posts\/23350","targetHints":{"allow":["GET"]}}],"collection":[{"href":"https:\/\/vincentians.com\/es\/wp-json\/wp\/v2\/posts"}],"about":[{"href":"https:\/\/vincentians.com\/es\/wp-json\/wp\/v2\/types\/post"}],"author":[{"embeddable":true,"href":"https:\/\/vincentians.com\/es\/wp-json\/wp\/v2\/users\/4"}],"replies":[{"embeddable":true,"href":"https:\/\/vincentians.com\/es\/wp-json\/wp\/v2\/comments?post=23350"}],"version-history":[{"count":0,"href":"https:\/\/vincentians.com\/es\/wp-json\/wp\/v2\/posts\/23350\/revisions"}],"wp:featuredmedia":[{"embeddable":true,"href":"https:\/\/vincentians.com\/es\/wp-json\/"}],"wp:attachment":[{"href":"https:\/\/vincentians.com\/es\/wp-json\/wp\/v2\/media?parent=23350"}],"wp:term":[{"taxonomy":"category","embeddable":true,"href":"https:\/\/vincentians.com\/es\/wp-json\/wp\/v2\/categories?post=23350"},{"taxonomy":"post_tag","embeddable":true,"href":"https:\/\/vincentians.com\/es\/wp-json\/wp\/v2\/tags?post=23350"}],"curies":[{"name":"wp","href":"https:\/\/api.w.org\/{rel}","templated":true}]}}