{"id":2326,"date":"2024-12-10T09:30:19","date_gmt":"2024-12-10T08:30:19","guid":{"rendered":"http:\/\/somos.vicencianos.org\/blog\/?p=2326"},"modified":"2024-12-09T20:40:19","modified_gmt":"2024-12-09T19:40:19","slug":"beato-marco-antonio-durando","status":"publish","type":"post","link":"https:\/\/vincentians.com\/es\/beato-marco-antonio-durando\/","title":{"rendered":"Beato Marco Antonio Durando"},"content":{"rendered":"<p><em>Hoy la Familia Vicenciana y la Iglesia celebra la memoria del Beato Marco Antonio Durando. Que sus virtudes animen a todos los Padres Pa\u00fales (y a todos los misioneros en general) a vivir entusiasmadamente su vocaci\u00f3n.<\/em><\/p>\n<p>Marco Antonio naci\u00f3 el 22 de mayo de 1801, en Mondov\u00ed, en la ilustre familia de los Durando, cuya casa daba a la Plaza Mayor y estaba cerca de la catedral y de la iglesia de la Misi\u00f3n. Al rev\u00e9s que su madre, que era persona muy piadosa y que inspir\u00f3 la religiosidad y la fe en el coraz\u00f3n de sus ocho hijos, el padre ten\u00eda ideas liberales y era de tendencia laica y agn\u00f3stica. Dos de los hijos, de manera especial, profesaron tales convicciones y se implicaron en los sucesos del Risorgimento italiano. Ocuparon puestos de relieve en la vida pol\u00edtica y militar. Santiago fue ministro de asuntos exteriores en el gobierno Rattazzi, de 1862. Juan, general y jefe de las tropas pontificias, en 1848, desobedeci\u00f3 las \u00f3rdenes de P\u00edo IX llevando a las tropas pontificias m\u00e1s all\u00e1 del Po para cerrar el paso a los austr\u00edacos. Una vez que regres\u00f3 al ej\u00e9rcito piamont\u00e9s, particip\u00f3 con Carlos Alberto en la batalla de Novara, en la expedici\u00f3n de Crimea y en las guerras de independencia.<\/p>\n<h2><strong>La pasi\u00f3n misionera<\/strong><\/h2>\n<p>Marco Antonio sali\u00f3 m\u00e1s a la madre. A los 15 a\u00f1os manifest\u00f3 el deseo de marchar como misionero a China. Entr\u00f3 en la Congregaci\u00f3n de la Misi\u00f3n, que por entonces se estaba reconstruyendo en Italia. A los 18 a\u00f1os emiti\u00f3 los votos perpetuos y el 12 de junio de 1824 fue ordenado sacerdote. Durante cinco a\u00f1os permaneci\u00f3 en Casale Monferrato y despu\u00e9s, desde 1829 hasta su muerte, en la casa de Tur\u00edn, de la que fue superior dos a\u00f1os despu\u00e9s de llegar. En lugar de ir a China, su destino fueron las misiones populares, en las que expres\u00f3 la pasi\u00f3n misionera del anuncio de Cristo. Sostuvo y difundi\u00f3 la reci\u00e9n nacida obra de la Propagaci\u00f3n de la Fe, instituida en Lyon en 1822. En la plenitud de su responsabilidad como Visitador, en 1855, inaugur\u00f3 el colegio Brignole-Sale para las misiones extranjeras con el objetivo de formar sacerdotes para las misiones ad gentes.<\/p>\n<p>En los a\u00f1os j\u00f3venes de su primer sacerdocio, su dinamismo misionero fue absorbido por las misiones, que predic\u00f3 en muchos pueblos del Piamonte. Huyendo de los extremismos, tanto del laxismo como del rigorismo jansenista, el padre Durando predic\u00f3 la misericordia de Dios, atrayendo a las gentes a la conversi\u00f3n: \u00abLa gente -relata un cronista de la misi\u00f3n de Bra- se agolpaba para o\u00edrlo y estaba tan silenciosa y atenta oy\u00e9ndolo como si fuese un \u00fanico hombre\u00bb. En estas misiones no se limit\u00f3 a predicar, sino que all\u00ed donde encontraba situaciones graves de pobreza, de acuerdo con los cohermanos, actuaba de modo concreto. En Locana, por ejemplo, hizo \u00abconvertir todo el legado econ\u00f3mico de la misi\u00f3n, que consist\u00eda en 700 liras, en harina de ma\u00edz para los pobres del pueblo\u00bb, practicando as\u00ed la ense\u00f1anza de San Vicente de actuar espiritual y corporalmente en favor de los pobres.<\/p>\n<h2><strong>Amor a los pobres y primer director de las Hijas de la Caridad en Italia<\/strong><\/h2>\n<p>La preocupaci\u00f3n por los pobres fue la otra cara de su pasi\u00f3n misionera. Poco despu\u00e9s de haber sido elegido superior, intuy\u00f3 la utilidad de introducir en Italia del norte a las Hijas de la Caridad, nacidas del carisma caritativo de san Vicente y de santa Luisa de Marillac. \u00c9stas, tras haber sido dispersadas en la \u00e9poca de la revoluci\u00f3n francesa, hab\u00edan comenzado a reorganizarse. Las apariciones de la Medalla Milagrosa, en 1830, a santa Catalina Labour\u00e9, novicia de las Hijas de la Caridad, pueden considerarse como el origen del nuevo florecimiento que estaba experimentando esta comunidad. La inteligencia del padre Durando consisti\u00f3 en intuirlo. Las quiso en Piamonte. El rey Carlos Alberto, en 1833, las acogi\u00f3 y ellas comenzaron a tomar la responsabilidad de varios hospitales, tanto los militares de Tur\u00edn y G\u00e9nova, como los civiles de Carignano, Castellamonte y Tur\u00edn. En 1855, tuvo el valor de enviarlas a la retaguardia de la guerra de Crimea para curar a los heridos. Al mismo tiempo difundi\u00f3 la asociaci\u00f3n mariana de la Medalla Milagrosa entre las j\u00f3venes y de ella nacieron nuevas vocaciones: en el breve espacio de diez a\u00f1os, surgieron 20 fundaciones e ingresaron 260 hermanas. El n\u00famero de las vocaciones era tan desbordante que Carlos Alberto puso a su disposici\u00f3n, en 1837, el convento de san Salvario, en Tur\u00edn. Gracias al crecimiento de las hermanas, el padre Durando dot\u00f3 a la ciudad de Tur\u00edn de una red de centros de caridad, llamados Misericordias, desde las que las hermanas, con las Damas de la Caridad, sal\u00edan para prestar el servicio a domicilio y la ayuda a los pobres. Alrededor de las Misericordias surgieron diferentes obras, como las primeras guarder\u00edas para ni\u00f1os pobres, talleres para muchachas y orfanatos. Las Hijas de la Caridad han sido extraordinarias impulsoras del desarrollo del catolicismo social en Italia gracias a su obra de asistencia entre los enfermos y los pobres, a la vez que con la asunci\u00f3n de variadas obras educativas.<\/p>\n<h2><strong>Hombre de gobierno y director de conciencias<\/strong><\/h2>\n<p>En 1837, con apenas 36 a\u00f1os, fue nombrado visitador (o superior mayor) de la Provincia del norte de Italia de los misioneros vicencianos, cargo que ocup\u00f3 durante 43 a\u00f1os ininterrumpidos, hasta su muerte. Por ello, tuvo que mermar su participaci\u00f3n en las misiones. Su tiempo estuvo absorbido por la organizaci\u00f3n de la congregaci\u00f3n de los misioneros vicencianos y la predicaci\u00f3n de ejercicios espirituales a los sacerdotes y cl\u00e9rigos de la di\u00f3cesis de Tur\u00edn. La calidad de su direcci\u00f3n espiritual atrajo tambi\u00e9n la atenci\u00f3n de las nuevas fundaciones que estaban surgiendo en Tur\u00edn. El arzobispo, monse\u00f1or Fransoni, le confi\u00f3 la direcci\u00f3n de las hermanas de san Jos\u00e9, llegadas a Italia recientemente. Contribuy\u00f3 a la redacci\u00f3n de las reglas de las hermanas de santa Ana. Fue gu\u00eda espiritual de las clarisas capuchinas del nuevo monasterio de santa Clara. La marquesa de Barolo, que hab\u00eda fundado un monasterio para la recuperaci\u00f3n de las muchachas perdidas, las hermanas penitentes de santa Magdalena, dese\u00f3 que fuese consejero en la redacci\u00f3n de las reglas y director de la obra. Sin embargo, la obra que lo caracteriza es la fundaci\u00f3n de las hermanas Nazarenas.<\/p>\n<h2><strong>En la escuela de Jes\u00fas crucificado, fundador de las Nazarenas<\/strong><\/h2>\n<p>Como sucede con las obras de Dios, sin haberlo querido, el 21 de noviembre de 1865, fiesta de la Presentaci\u00f3n de Mar\u00eda, el padre Durando pudo confiar a la sierva de Dios, Luisa Borgiotti, las primeras postulantes de la nueva Compa\u00f1\u00eda de la Pasi\u00f3n de Jes\u00fas Nazareno. Eran j\u00f3venes que se hab\u00edan dirigido a \u00e9l, puesto que, deseosas de consagrarse a Dios, carec\u00edan de algunos requisitos can\u00f3nicos para poder entrar en las comunidades religiosas. \u00c9l les encomend\u00f3 la tarea de servir a los que sufren, como miembros dolientes de Cristo crucificado, yendo a asistirles a su domicilio, d\u00eda y noche. La obra era hasta tal punto novedosa y original que un can\u00f3nigo de la catedral exclam\u00f3: \u00abSi el padre Durando viniese a confesarse conmigo, en conciencia no me sentir\u00eda en grado de absolverlo\u00bb. Y sin embargo, gracias a la caridad de estas hermanas, que supieron estar junto a los moribundos con delicadeza, discreci\u00f3n y fe, porque contemplaban en los que sufr\u00edan el sufrimiento del Se\u00f1or, se produjeron algunas conversiones significativas como las de Guido Gozzano, Felice Raccagni, Sofia Graf y Anni Vivanti.<\/p>\n<h2><strong>Muerte y glorificaci\u00f3n<\/strong><\/h2>\n<p>El padre Durando muri\u00f3 el 10 de diciembre de 1880: ten\u00eda 79 a\u00f1os. Sus restos mortales, sign ificativamente, est\u00e1n sepultados en aquel peque\u00f1o santuario de la Pasi\u00f3n, anejo a la Iglesia de la Visitaci\u00f3n de Tur\u00edn, donde la comunidad de las Nazarenas se hab\u00eda nutrido de la devoci\u00f3n a la pasi\u00f3n del Se\u00f1or para introducirse de forma misionera en el servicio de los que sufren.<\/p>\n<p>La causa de beatificaci\u00f3n, iniciada en Tur\u00edn en 1928 y continuada en Roma con el proceso apost\u00f3lico en 1940, se ha concluido en el 2001 con el reconocimiento del milagro obtenido por su intercesi\u00f3n. Fue beatificado el 20 de octubre de 2002 por Juan Pablo II.<\/p>\n","protected":false},"excerpt":{"rendered":"<p>Hoy la Familia Vicenciana y la Iglesia celebra la memoria del Beato Marco Antonio Durando. Que sus virtudes animen a todos los Padres Pa\u00fales (y a todos los misioneros en general) a vivir entusiasmadamente su &#8230; <a href=\"https:\/\/vincentians.com\/es\/beato-marco-antonio-durando\/\" class=\"more-link\">Read More<\/a><\/p>\n","protected":false},"author":4,"featured_media":403941,"comment_status":"open","ping_status":"open","sticky":false,"template":"","format":"standard","meta":{"jetpack_post_was_ever_published":false,"_jetpack_newsletter_access":"","_jetpack_dont_email_post_to_subs":false,"_jetpack_newsletter_tier_id":0,"_jetpack_memberships_contains_paywalled_content":false,"_jetpack_memberships_contains_paid_content":false,"footnotes":"","jetpack_publicize_message":"","jetpack_publicize_feature_enabled":true,"jetpack_social_post_already_shared":true,"jetpack_social_options":{"image_generator_settings":{"template":"highway","default_image_id":0,"font":"","enabled":false},"version":2}},"categories":[22],"tags":[174,176,172],"class_list":["post-2326","post","type-post","status-publish","format-standard","has-post-thumbnail","hentry","category-marco-antonio-durando","tag-durando","tag-misiones-populares","tag-pobreza"],"yoast_head":"<!-- This site is optimized with the Yoast SEO plugin v26.3 - https:\/\/yoast.com\/wordpress\/plugins\/seo\/ -->\n<title>Beato Marco Antonio Durando - Somos Vicencianos<\/title>\n<meta name=\"robots\" content=\"index, follow, max-snippet:-1, max-image-preview:large, max-video-preview:-1\" \/>\n<link rel=\"canonical\" href=\"https:\/\/vincentians.com\/es\/beato-marco-antonio-durando\/\" \/>\n<meta property=\"og:locale\" content=\"es_ES\" \/>\n<meta property=\"og:type\" content=\"article\" \/>\n<meta property=\"og:title\" content=\"Beato Marco Antonio Durando - Somos Vicencianos\" \/>\n<meta property=\"og:description\" content=\"Hoy la Familia Vicenciana y la Iglesia celebra la memoria del Beato Marco Antonio Durando. Que sus virtudes animen a todos los Padres Pa\u00fales (y a todos los misioneros en general) a vivir entusiasmadamente su ... Read More\" \/>\n<meta property=\"og:url\" content=\"https:\/\/vincentians.com\/es\/beato-marco-antonio-durando\/\" \/>\n<meta property=\"og:site_name\" content=\"Somos Vicencianos\" \/>\n<meta property=\"article:publisher\" content=\"https:\/\/www.facebook.com\/WeAreVincentians\/\" \/>\n<meta property=\"article:author\" content=\"https:\/\/www.facebook.com\/JavierChento\" \/>\n<meta property=\"article:published_time\" content=\"2024-12-10T08:30:19+00:00\" \/>\n<meta property=\"og:image\" content=\"https:\/\/i0.wp.com\/vincentians.com\/es\/wp-content\/uploads\/sites\/11\/2012\/12\/DURANDO-ADSC.jpg?fit=300%2C168&ssl=1\" \/>\n\t<meta property=\"og:image:width\" content=\"300\" \/>\n\t<meta property=\"og:image:height\" content=\"168\" \/>\n\t<meta property=\"og:image:type\" content=\"image\/jpeg\" \/>\n<meta name=\"author\" content=\"Francisco Javier Fern\u00e1ndez Chento\" \/>\n<meta name=\"twitter:card\" content=\"summary_large_image\" \/>\n<meta name=\"twitter:creator\" content=\"@https:\/\/twitter.com\/javierchento\" \/>\n<meta name=\"twitter:site\" content=\"@WeVincentians\" \/>\n<meta name=\"twitter:label1\" content=\"Escrito por\" \/>\n\t<meta name=\"twitter:data1\" content=\"Francisco Javier Fern\u00e1ndez Chento\" \/>\n\t<meta name=\"twitter:label2\" content=\"Tiempo de lectura\" \/>\n\t<meta name=\"twitter:data2\" content=\"7 minutos\" \/>\n<script type=\"application\/ld+json\" class=\"yoast-schema-graph\">{\"@context\":\"https:\/\/schema.org\",\"@graph\":[{\"@type\":\"Article\",\"@id\":\"https:\/\/vincentians.com\/es\/beato-marco-antonio-durando\/#article\",\"isPartOf\":{\"@id\":\"https:\/\/vincentians.com\/es\/beato-marco-antonio-durando\/\"},\"author\":{\"name\":\"Francisco Javier Fern\u00e1ndez Chento\",\"@id\":\"http:\/\/vincentians.com\/es\/#\/schema\/person\/9623ef4d9aa3b2dfb8c061f1499288f2\"},\"headline\":\"Beato Marco Antonio Durando\",\"datePublished\":\"2024-12-10T08:30:19+00:00\",\"mainEntityOfPage\":{\"@id\":\"https:\/\/vincentians.com\/es\/beato-marco-antonio-durando\/\"},\"wordCount\":1436,\"commentCount\":0,\"publisher\":{\"@id\":\"http:\/\/vincentians.com\/es\/#organization\"},\"image\":{\"@id\":\"https:\/\/vincentians.com\/es\/beato-marco-antonio-durando\/#primaryimage\"},\"thumbnailUrl\":\"https:\/\/i0.wp.com\/vincentians.com\/es\/wp-content\/uploads\/sites\/11\/2012\/12\/DURANDO-ADSC.jpg?fit=300%2C168&ssl=1\",\"keywords\":[\"Durando\",\"Misiones Populares\",\"Pobreza\"],\"articleSection\":[\"Marco Antonio Durando\"],\"inLanguage\":\"es\",\"potentialAction\":[{\"@type\":\"CommentAction\",\"name\":\"Comment\",\"target\":[\"https:\/\/vincentians.com\/es\/beato-marco-antonio-durando\/#respond\"]}]},{\"@type\":\"WebPage\",\"@id\":\"https:\/\/vincentians.com\/es\/beato-marco-antonio-durando\/\",\"url\":\"https:\/\/vincentians.com\/es\/beato-marco-antonio-durando\/\",\"name\":\"Beato Marco Antonio Durando - Somos Vicencianos\",\"isPartOf\":{\"@id\":\"http:\/\/vincentians.com\/es\/#website\"},\"primaryImageOfPage\":{\"@id\":\"https:\/\/vincentians.com\/es\/beato-marco-antonio-durando\/#primaryimage\"},\"image\":{\"@id\":\"https:\/\/vincentians.com\/es\/beato-marco-antonio-durando\/#primaryimage\"},\"thumbnailUrl\":\"https:\/\/i0.wp.com\/vincentians.com\/es\/wp-content\/uploads\/sites\/11\/2012\/12\/DURANDO-ADSC.jpg?fit=300%2C168&ssl=1\",\"datePublished\":\"2024-12-10T08:30:19+00:00\",\"breadcrumb\":{\"@id\":\"https:\/\/vincentians.com\/es\/beato-marco-antonio-durando\/#breadcrumb\"},\"inLanguage\":\"es\",\"potentialAction\":[{\"@type\":\"ReadAction\",\"target\":[\"https:\/\/vincentians.com\/es\/beato-marco-antonio-durando\/\"]}]},{\"@type\":\"ImageObject\",\"inLanguage\":\"es\",\"@id\":\"https:\/\/vincentians.com\/es\/beato-marco-antonio-durando\/#primaryimage\",\"url\":\"https:\/\/i0.wp.com\/vincentians.com\/es\/wp-content\/uploads\/sites\/11\/2012\/12\/DURANDO-ADSC.jpg?fit=300%2C168&ssl=1\",\"contentUrl\":\"https:\/\/i0.wp.com\/vincentians.com\/es\/wp-content\/uploads\/sites\/11\/2012\/12\/DURANDO-ADSC.jpg?fit=300%2C168&ssl=1\",\"width\":300,\"height\":168},{\"@type\":\"BreadcrumbList\",\"@id\":\"https:\/\/vincentians.com\/es\/beato-marco-antonio-durando\/#breadcrumb\",\"itemListElement\":[{\"@type\":\"ListItem\",\"position\":1,\"name\":\"Portada\",\"item\":\"http:\/\/vincentians.com\/es\/\"},{\"@type\":\"ListItem\",\"position\":2,\"name\":\"Beato Marco Antonio Durando\"}]},{\"@type\":\"WebSite\",\"@id\":\"http:\/\/vincentians.com\/es\/#website\",\"url\":\"http:\/\/vincentians.com\/es\/\",\"name\":\"Somos Vicencianos\",\"description\":\"Know more to serve more\",\"publisher\":{\"@id\":\"http:\/\/vincentians.com\/es\/#organization\"},\"potentialAction\":[{\"@type\":\"SearchAction\",\"target\":{\"@type\":\"EntryPoint\",\"urlTemplate\":\"http:\/\/vincentians.com\/es\/?s={search_term_string}\"},\"query-input\":{\"@type\":\"PropertyValueSpecification\",\"valueRequired\":true,\"valueName\":\"search_term_string\"}}],\"inLanguage\":\"es\"},{\"@type\":\"Organization\",\"@id\":\"http:\/\/vincentians.com\/es\/#organization\",\"name\":\"The Vincentian Network\",\"url\":\"http:\/\/vincentians.com\/es\/\",\"logo\":{\"@type\":\"ImageObject\",\"inLanguage\":\"es\",\"@id\":\"http:\/\/vincentians.com\/es\/#\/schema\/logo\/image\/\",\"url\":\"https:\/\/i1.wp.com\/vincentians.com\/es\/wp-content\/uploads\/sites\/11\/2016\/06\/Vincentian-Network-logo-big.png?fit=778%2C778\",\"contentUrl\":\"https:\/\/i1.wp.com\/vincentians.com\/es\/wp-content\/uploads\/sites\/11\/2016\/06\/Vincentian-Network-logo-big.png?fit=778%2C778\",\"width\":778,\"height\":778,\"caption\":\"The Vincentian Network\"},\"image\":{\"@id\":\"http:\/\/vincentians.com\/es\/#\/schema\/logo\/image\/\"},\"sameAs\":[\"https:\/\/www.facebook.com\/WeAreVincentians\/\",\"https:\/\/x.com\/WeVincentians\"]},{\"@type\":\"Person\",\"@id\":\"http:\/\/vincentians.com\/es\/#\/schema\/person\/9623ef4d9aa3b2dfb8c061f1499288f2\",\"name\":\"Francisco Javier Fern\u00e1ndez Chento\",\"image\":{\"@type\":\"ImageObject\",\"inLanguage\":\"es\",\"@id\":\"http:\/\/vincentians.com\/es\/#\/schema\/person\/image\/\",\"url\":\"https:\/\/secure.gravatar.com\/avatar\/497d5cde87b4c3d097d0315953521681ba2cd523ee66e5077c3711f7021e65de?s=96&d=mm&r=g\",\"contentUrl\":\"https:\/\/secure.gravatar.com\/avatar\/497d5cde87b4c3d097d0315953521681ba2cd523ee66e5077c3711f7021e65de?s=96&d=mm&r=g\",\"caption\":\"Francisco Javier Fern\u00e1ndez Chento\"},\"description\":\"Director General y cofundador de La Red de Formaci\u00f3n Vicenciana. Javier es laico vicenciano, afiliado a la Congregaci\u00f3n de la Misi\u00f3n y miembro del Equipo de Misiones Populares de la provincia can\u00f3nica de Zaragoza (Espa\u00f1a) de la Congregaci\u00f3n de la Misi\u00f3n. Graduado en la Universidad Oberta de Catalunya con cuatro grados (Asistente de direcci\u00f3n, Gesti\u00f3n Administrativa, Recursos Humanos y Contabilidad Avanzada). Bil\u00edng\u00fce Espa\u00f1ol\/Ingl\u00e9s. gestiona y mantiene varias p\u00e1ginas web cristianas y vicencianas, incluida including La Red de Formaci\u00f3n Vicenciana, de la que es cofundador. Actualmente es responsable del \u00e1rea de Espa\u00f1ol de .famvin, la Red de Noticias de la Familia Vicenciana. Tambi\u00e9n es m\u00fasico cat\u00f3lico y ha editado varios discos. Es Director General y cofundador de Trovador, una reconocida compa\u00f1\u00eda discogr\u00e1fica critiana de Espa\u00f1a. Trabaja en las Tecnolog\u00edas de la Informaci\u00f3n, ofreciendo servicios de alojamiento, dise\u00f1o y mantenimiento Web, as\u00ed como asesoramiento, formaci\u00f3n y soluciones inform\u00e1ticas, gesti\u00f3n documental y digitalizaci\u00f3n de textos, edici\u00f3n y maquetaci\u00f3n de libros, revistas, flyers, etc.\",\"sameAs\":[\"http:\/\/chento.org\",\"https:\/\/www.facebook.com\/JavierChento\",\"https:\/\/x.com\/https:\/\/twitter.com\/javierchento\"],\"url\":\"https:\/\/vincentians.com\/es\/author\/chento\/\"}]}<\/script>\n<!-- \/ Yoast SEO plugin. -->","yoast_head_json":{"title":"Beato Marco Antonio Durando - Somos Vicencianos","robots":{"index":"index","follow":"follow","max-snippet":"max-snippet:-1","max-image-preview":"max-image-preview:large","max-video-preview":"max-video-preview:-1"},"canonical":"https:\/\/vincentians.com\/es\/beato-marco-antonio-durando\/","og_locale":"es_ES","og_type":"article","og_title":"Beato Marco Antonio Durando - Somos Vicencianos","og_description":"Hoy la Familia Vicenciana y la Iglesia celebra la memoria del Beato Marco Antonio Durando. Que sus virtudes animen a todos los Padres Pa\u00fales (y a todos los misioneros en general) a vivir entusiasmadamente su ... Read More","og_url":"https:\/\/vincentians.com\/es\/beato-marco-antonio-durando\/","og_site_name":"Somos Vicencianos","article_publisher":"https:\/\/www.facebook.com\/WeAreVincentians\/","article_author":"https:\/\/www.facebook.com\/JavierChento","article_published_time":"2024-12-10T08:30:19+00:00","og_image":[{"width":300,"height":168,"url":"https:\/\/i0.wp.com\/vincentians.com\/es\/wp-content\/uploads\/sites\/11\/2012\/12\/DURANDO-ADSC.jpg?fit=300%2C168&ssl=1","type":"image\/jpeg"}],"author":"Francisco Javier Fern\u00e1ndez Chento","twitter_card":"summary_large_image","twitter_creator":"@https:\/\/twitter.com\/javierchento","twitter_site":"@WeVincentians","twitter_misc":{"Escrito por":"Francisco Javier Fern\u00e1ndez Chento","Tiempo de lectura":"7 minutos"},"schema":{"@context":"https:\/\/schema.org","@graph":[{"@type":"Article","@id":"https:\/\/vincentians.com\/es\/beato-marco-antonio-durando\/#article","isPartOf":{"@id":"https:\/\/vincentians.com\/es\/beato-marco-antonio-durando\/"},"author":{"name":"Francisco Javier Fern\u00e1ndez Chento","@id":"http:\/\/vincentians.com\/es\/#\/schema\/person\/9623ef4d9aa3b2dfb8c061f1499288f2"},"headline":"Beato Marco Antonio Durando","datePublished":"2024-12-10T08:30:19+00:00","mainEntityOfPage":{"@id":"https:\/\/vincentians.com\/es\/beato-marco-antonio-durando\/"},"wordCount":1436,"commentCount":0,"publisher":{"@id":"http:\/\/vincentians.com\/es\/#organization"},"image":{"@id":"https:\/\/vincentians.com\/es\/beato-marco-antonio-durando\/#primaryimage"},"thumbnailUrl":"https:\/\/i0.wp.com\/vincentians.com\/es\/wp-content\/uploads\/sites\/11\/2012\/12\/DURANDO-ADSC.jpg?fit=300%2C168&ssl=1","keywords":["Durando","Misiones Populares","Pobreza"],"articleSection":["Marco Antonio Durando"],"inLanguage":"es","potentialAction":[{"@type":"CommentAction","name":"Comment","target":["https:\/\/vincentians.com\/es\/beato-marco-antonio-durando\/#respond"]}]},{"@type":"WebPage","@id":"https:\/\/vincentians.com\/es\/beato-marco-antonio-durando\/","url":"https:\/\/vincentians.com\/es\/beato-marco-antonio-durando\/","name":"Beato Marco Antonio Durando - Somos Vicencianos","isPartOf":{"@id":"http:\/\/vincentians.com\/es\/#website"},"primaryImageOfPage":{"@id":"https:\/\/vincentians.com\/es\/beato-marco-antonio-durando\/#primaryimage"},"image":{"@id":"https:\/\/vincentians.com\/es\/beato-marco-antonio-durando\/#primaryimage"},"thumbnailUrl":"https:\/\/i0.wp.com\/vincentians.com\/es\/wp-content\/uploads\/sites\/11\/2012\/12\/DURANDO-ADSC.jpg?fit=300%2C168&ssl=1","datePublished":"2024-12-10T08:30:19+00:00","breadcrumb":{"@id":"https:\/\/vincentians.com\/es\/beato-marco-antonio-durando\/#breadcrumb"},"inLanguage":"es","potentialAction":[{"@type":"ReadAction","target":["https:\/\/vincentians.com\/es\/beato-marco-antonio-durando\/"]}]},{"@type":"ImageObject","inLanguage":"es","@id":"https:\/\/vincentians.com\/es\/beato-marco-antonio-durando\/#primaryimage","url":"https:\/\/i0.wp.com\/vincentians.com\/es\/wp-content\/uploads\/sites\/11\/2012\/12\/DURANDO-ADSC.jpg?fit=300%2C168&ssl=1","contentUrl":"https:\/\/i0.wp.com\/vincentians.com\/es\/wp-content\/uploads\/sites\/11\/2012\/12\/DURANDO-ADSC.jpg?fit=300%2C168&ssl=1","width":300,"height":168},{"@type":"BreadcrumbList","@id":"https:\/\/vincentians.com\/es\/beato-marco-antonio-durando\/#breadcrumb","itemListElement":[{"@type":"ListItem","position":1,"name":"Portada","item":"http:\/\/vincentians.com\/es\/"},{"@type":"ListItem","position":2,"name":"Beato Marco Antonio Durando"}]},{"@type":"WebSite","@id":"http:\/\/vincentians.com\/es\/#website","url":"http:\/\/vincentians.com\/es\/","name":"Somos Vicencianos","description":"Know more to serve more","publisher":{"@id":"http:\/\/vincentians.com\/es\/#organization"},"potentialAction":[{"@type":"SearchAction","target":{"@type":"EntryPoint","urlTemplate":"http:\/\/vincentians.com\/es\/?s={search_term_string}"},"query-input":{"@type":"PropertyValueSpecification","valueRequired":true,"valueName":"search_term_string"}}],"inLanguage":"es"},{"@type":"Organization","@id":"http:\/\/vincentians.com\/es\/#organization","name":"The Vincentian Network","url":"http:\/\/vincentians.com\/es\/","logo":{"@type":"ImageObject","inLanguage":"es","@id":"http:\/\/vincentians.com\/es\/#\/schema\/logo\/image\/","url":"https:\/\/i1.wp.com\/vincentians.com\/es\/wp-content\/uploads\/sites\/11\/2016\/06\/Vincentian-Network-logo-big.png?fit=778%2C778","contentUrl":"https:\/\/i1.wp.com\/vincentians.com\/es\/wp-content\/uploads\/sites\/11\/2016\/06\/Vincentian-Network-logo-big.png?fit=778%2C778","width":778,"height":778,"caption":"The Vincentian Network"},"image":{"@id":"http:\/\/vincentians.com\/es\/#\/schema\/logo\/image\/"},"sameAs":["https:\/\/www.facebook.com\/WeAreVincentians\/","https:\/\/x.com\/WeVincentians"]},{"@type":"Person","@id":"http:\/\/vincentians.com\/es\/#\/schema\/person\/9623ef4d9aa3b2dfb8c061f1499288f2","name":"Francisco Javier Fern\u00e1ndez Chento","image":{"@type":"ImageObject","inLanguage":"es","@id":"http:\/\/vincentians.com\/es\/#\/schema\/person\/image\/","url":"https:\/\/secure.gravatar.com\/avatar\/497d5cde87b4c3d097d0315953521681ba2cd523ee66e5077c3711f7021e65de?s=96&d=mm&r=g","contentUrl":"https:\/\/secure.gravatar.com\/avatar\/497d5cde87b4c3d097d0315953521681ba2cd523ee66e5077c3711f7021e65de?s=96&d=mm&r=g","caption":"Francisco Javier Fern\u00e1ndez Chento"},"description":"Director General y cofundador de La Red de Formaci\u00f3n Vicenciana. Javier es laico vicenciano, afiliado a la Congregaci\u00f3n de la Misi\u00f3n y miembro del Equipo de Misiones Populares de la provincia can\u00f3nica de Zaragoza (Espa\u00f1a) de la Congregaci\u00f3n de la Misi\u00f3n. Graduado en la Universidad Oberta de Catalunya con cuatro grados (Asistente de direcci\u00f3n, Gesti\u00f3n Administrativa, Recursos Humanos y Contabilidad Avanzada). Bil\u00edng\u00fce Espa\u00f1ol\/Ingl\u00e9s. gestiona y mantiene varias p\u00e1ginas web cristianas y vicencianas, incluida including La Red de Formaci\u00f3n Vicenciana, de la que es cofundador. Actualmente es responsable del \u00e1rea de Espa\u00f1ol de .famvin, la Red de Noticias de la Familia Vicenciana. Tambi\u00e9n es m\u00fasico cat\u00f3lico y ha editado varios discos. Es Director General y cofundador de Trovador, una reconocida compa\u00f1\u00eda discogr\u00e1fica critiana de Espa\u00f1a. Trabaja en las Tecnolog\u00edas de la Informaci\u00f3n, ofreciendo servicios de alojamiento, dise\u00f1o y mantenimiento Web, as\u00ed como asesoramiento, formaci\u00f3n y soluciones inform\u00e1ticas, gesti\u00f3n documental y digitalizaci\u00f3n de textos, edici\u00f3n y maquetaci\u00f3n de libros, revistas, flyers, etc.","sameAs":["http:\/\/chento.org","https:\/\/www.facebook.com\/JavierChento","https:\/\/x.com\/https:\/\/twitter.com\/javierchento"],"url":"https:\/\/vincentians.com\/es\/author\/chento\/"}]}},"jetpack_publicize_connections":[],"jetpack_featured_media_url":"https:\/\/i0.wp.com\/vincentians.com\/es\/wp-content\/uploads\/sites\/11\/2012\/12\/DURANDO-ADSC.jpg?fit=300%2C168&ssl=1","jetpack_sharing_enabled":true,"jetpack_shortlink":"https:\/\/wp.me\/p7ETMF-Bw","jetpack-related-posts":[{"id":49726,"url":"https:\/\/vincentians.com\/es\/cronica-de-la-beatificacion-de-marco-antonio-durando-1800-1880\/","url_meta":{"origin":2326,"position":0},"title":"Cr\u00f3nica de la beatificaci\u00f3n de Marco Antonio Durando (1800-1880)","author":"Francisco Javier Fern\u00e1ndez Chento","date":"10\/12\/2023","format":false,"excerpt":"I. Las celebraciones en Roma El rito de la beatificaci\u00f3n del Venerable Padre Marco Antonio Durando tuvo lugar en el atrio de la bas\u00edlica de San Pedro el d\u00eda 20 de octubre del a\u00f1o 2002. En aquella misma celebraci\u00f3n fueron beatificados tambi\u00e9n los Siervos de Dios Daudi Okelo y Jildo\u2026","rel":"","context":"En \u00abMarco Antonio Durando\u00bb","block_context":{"text":"Marco Antonio Durando","link":"https:\/\/vincentians.com\/es\/category\/la-familia-vicenciana\/la-familia-vicenciana-en-los-altares\/beatos\/marco-antonio-durando\/"},"img":{"alt_text":"","src":"https:\/\/i0.wp.com\/vincentians.com\/es\/wp-content\/uploads\/sites\/11\/2016\/08\/cofradias-de-caridad.jpg?fit=1200%2C630&ssl=1&resize=350%2C200","width":350,"height":200,"srcset":"https:\/\/i0.wp.com\/vincentians.com\/es\/wp-content\/uploads\/sites\/11\/2016\/08\/cofradias-de-caridad.jpg?fit=1200%2C630&ssl=1&resize=350%2C200 1x, https:\/\/i0.wp.com\/vincentians.com\/es\/wp-content\/uploads\/sites\/11\/2016\/08\/cofradias-de-caridad.jpg?fit=1200%2C630&ssl=1&resize=525%2C300 1.5x, https:\/\/i0.wp.com\/vincentians.com\/es\/wp-content\/uploads\/sites\/11\/2016\/08\/cofradias-de-caridad.jpg?fit=1200%2C630&ssl=1&resize=700%2C400 2x, https:\/\/i0.wp.com\/vincentians.com\/es\/wp-content\/uploads\/sites\/11\/2016\/08\/cofradias-de-caridad.jpg?fit=1200%2C630&ssl=1&resize=1050%2C600 3x"},"classes":[]},{"id":3845,"url":"https:\/\/vincentians.com\/es\/liturgia-de-la-eucaristia-en-la-fiesta-del-beato-marco-antonio-durando\/","url_meta":{"origin":2326,"position":1},"title":"Liturgia de la Eucarist\u00eda en la fiesta del beato Marco Antonio Durando","author":"Francisco Javier Fern\u00e1ndez Chento","date":"10\/12\/2013","format":false,"excerpt":"D\u00cdA 10 DICIEMBRE BEATO MARCO ANTONIO DURANDO Presb\u00edtero, Memoria El bienaventurado Marco Antonio Durando naci\u00f3 el 22 de agosto de 1801 en Mondovi (Italia). El 12 de junio de 1824 fue ordenado sacerdote en la Congregaci\u00f3n de la Misi\u00f3n. Casi toda su vida de sacerdote la pas\u00f3 en Tur\u00edn, en\u2026","rel":"","context":"En \u00abMarco Antonio Durando\u00bb","block_context":{"text":"Marco Antonio Durando","link":"https:\/\/vincentians.com\/es\/category\/la-familia-vicenciana\/la-familia-vicenciana-en-los-altares\/beatos\/marco-antonio-durando\/"},"img":{"alt_text":"","src":"","width":0,"height":0},"classes":[]},{"id":3849,"url":"https:\/\/vincentians.com\/es\/propio-de-la-liturgia-de-las-horas-en-la-fiesta-del-beato-marco-antonio-durando\/","url_meta":{"origin":2326,"position":2},"title":"Propio de la Liturgia de las Horas en la fiesta del beato Marco Antonio Durando","author":"Francisco Javier Fern\u00e1ndez Chento","date":"10\/12\/2013","format":false,"excerpt":"D\u00eda 10 de diciembre BEATO MARCO ANTONIO DURANDO Presb\u00edtero, Memoria El bienaventurado Marco Antonio Durando naci\u00f3 el 22 de agosto de 1801 en Mondovi (Italia). El 12 junio de 1824 fue ordenado sacerdote en la Congregaci\u00f3n de la Misi\u00f3n. Casi toda su vida de sacerdote la pas\u00f3 en Tur\u00edn, en\u2026","rel":"","context":"En \u00abMarco Antonio Durando\u00bb","block_context":{"text":"Marco Antonio Durando","link":"https:\/\/vincentians.com\/es\/category\/la-familia-vicenciana\/la-familia-vicenciana-en-los-altares\/beatos\/marco-antonio-durando\/"},"img":{"alt_text":"","src":"","width":0,"height":0},"classes":[]},{"id":49312,"url":"https:\/\/vincentians.com\/es\/triple-invitacion-del-beato-marco-antonio-durando-a-la-provincia-de-turin-y-a-la-familia-vicenciana\/","url_meta":{"origin":2326,"position":3},"title":"Triple invitaci\u00f3n del Beato Marco Antonio Durando a la Provincia de Tur\u00edn y a la Familia Vicenciana","author":"Francisco Javier Fern\u00e1ndez Chento","date":"06\/09\/2011","format":false,"excerpt":"1. A reavivar la espiritualidad de San Vicente de Pa\u00fal Si, gracias a la presencia de los \"Se\u00f1ores de la Misi\u00f3n\" en la peque\u00f1a poblaci\u00f3n de Mondov\u00ec, donde naci\u00f3 el P. Marco Antonio Durando, \u00e9ste decidi\u00f3 entrar en la Congregaci\u00f3n, para realizar su deseo de ir como misionero a China,\u2026","rel":"","context":"En \u00abMarco Antonio Durando\u00bb","block_context":{"text":"Marco Antonio Durando","link":"https:\/\/vincentians.com\/es\/category\/la-familia-vicenciana\/la-familia-vicenciana-en-los-altares\/beatos\/marco-antonio-durando\/"},"img":{"alt_text":"Marco Antonio Durando","src":"https:\/\/i0.wp.com\/vicencianos.org\/wp-content\/2011\/04\/marco_antonio_durando-242x300.jpg?resize=350%2C200","width":350,"height":200},"classes":[]},{"id":24152,"url":"https:\/\/vincentians.com\/es\/homilia-de-s-s-juan-pablo-ii-en-la-misa-de-beatificacion-de-marco-antonio-durando\/","url_meta":{"origin":2326,"position":4},"title":"Homil\u00eda de S.S. Juan Pablo II en la misa de beatificaci\u00f3n de Marco Antonio Durando","author":"Francisco Javier Fern\u00e1ndez Chento","date":"10\/12\/2010","format":false,"excerpt":"Domingo 20 de octubre de 2002 1.\u00a0\"Id, pues, y haced disc\u00edpulos a todas las gentes, bautiz\u00e1ndolas en el nombre del Padre y del Hijo y del Esp\u00edritu Santo\" (Mt 28, 19). Jes\u00fas resucitado se despide as\u00ed de los Ap\u00f3stoles, antes de volver al Padre:\u00a0 \"\u00a1Id!\". Su \u00faltima palabra es una\u2026","rel":"","context":"En \u00abMarco Antonio Durando\u00bb","block_context":{"text":"Marco Antonio Durando","link":"https:\/\/vincentians.com\/es\/category\/la-familia-vicenciana\/la-familia-vicenciana-en-los-altares\/beatos\/marco-antonio-durando\/"},"img":{"alt_text":"","src":"","width":0,"height":0},"classes":[]},{"id":39407,"url":"https:\/\/vincentians.com\/es\/breve-biografia-del-beato-marco-antonio-durando\/","url_meta":{"origin":2326,"position":5},"title":"Breve biograf\u00eda del Beato Marco Antonio Durando","author":"Francisco Javier Fern\u00e1ndez Chento","date":"10\/12\/2024","format":false,"excerpt":"1. La familia: infancia y juventud Los Durando eran una familia honorable y holgada de Mondov\u00ec, en la que, de diez hijos tra\u00eddos al mundo, ocho llegaron a la madurez. Marco Antonio naci\u00f3 el 22 de mayo de 1801. En el ambiente familiar se respiraban los aires de un liberalismo\u2026","rel":"","context":"En \u00abMarco Antonio Durando\u00bb","block_context":{"text":"Marco Antonio Durando","link":"https:\/\/vincentians.com\/es\/category\/la-familia-vicenciana\/la-familia-vicenciana-en-los-altares\/beatos\/marco-antonio-durando\/"},"img":{"alt_text":"","src":"https:\/\/i0.wp.com\/vincentians.com\/es\/wp-content\/uploads\/sites\/11\/2016\/09\/ojos-jesucristo.jpg?fit=1200%2C630&ssl=1&resize=350%2C200","width":350,"height":200,"srcset":"https:\/\/i0.wp.com\/vincentians.com\/es\/wp-content\/uploads\/sites\/11\/2016\/09\/ojos-jesucristo.jpg?fit=1200%2C630&ssl=1&resize=350%2C200 1x, https:\/\/i0.wp.com\/vincentians.com\/es\/wp-content\/uploads\/sites\/11\/2016\/09\/ojos-jesucristo.jpg?fit=1200%2C630&ssl=1&resize=525%2C300 1.5x, https:\/\/i0.wp.com\/vincentians.com\/es\/wp-content\/uploads\/sites\/11\/2016\/09\/ojos-jesucristo.jpg?fit=1200%2C630&ssl=1&resize=700%2C400 2x, https:\/\/i0.wp.com\/vincentians.com\/es\/wp-content\/uploads\/sites\/11\/2016\/09\/ojos-jesucristo.jpg?fit=1200%2C630&ssl=1&resize=1050%2C600 3x"},"classes":[]}],"_links":{"self":[{"href":"https:\/\/vincentians.com\/es\/wp-json\/wp\/v2\/posts\/2326","targetHints":{"allow":["GET"]}}],"collection":[{"href":"https:\/\/vincentians.com\/es\/wp-json\/wp\/v2\/posts"}],"about":[{"href":"https:\/\/vincentians.com\/es\/wp-json\/wp\/v2\/types\/post"}],"author":[{"embeddable":true,"href":"https:\/\/vincentians.com\/es\/wp-json\/wp\/v2\/users\/4"}],"replies":[{"embeddable":true,"href":"https:\/\/vincentians.com\/es\/wp-json\/wp\/v2\/comments?post=2326"}],"version-history":[{"count":2,"href":"https:\/\/vincentians.com\/es\/wp-json\/wp\/v2\/posts\/2326\/revisions"}],"predecessor-version":[{"id":403942,"href":"https:\/\/vincentians.com\/es\/wp-json\/wp\/v2\/posts\/2326\/revisions\/403942"}],"wp:featuredmedia":[{"embeddable":true,"href":"https:\/\/vincentians.com\/es\/wp-json\/wp\/v2\/media\/403941"}],"wp:attachment":[{"href":"https:\/\/vincentians.com\/es\/wp-json\/wp\/v2\/media?parent=2326"}],"wp:term":[{"taxonomy":"category","embeddable":true,"href":"https:\/\/vincentians.com\/es\/wp-json\/wp\/v2\/categories?post=2326"},{"taxonomy":"post_tag","embeddable":true,"href":"https:\/\/vincentians.com\/es\/wp-json\/wp\/v2\/tags?post=2326"}],"curies":[{"name":"wp","href":"https:\/\/api.w.org\/{rel}","templated":true}]}}