{"id":22653,"date":"2016-07-02T00:41:02","date_gmt":"2016-07-01T22:41:02","guid":{"rendered":"http:\/\/somos.vicencianos.org\/blog\/2010\/07\/02\/tal-dia-como-hoy-2-de-julio\/"},"modified":"2016-07-24T09:08:05","modified_gmt":"2016-07-24T07:08:05","slug":"tal-dia-como-hoy-2-de-julio","status":"publish","type":"post","link":"https:\/\/vincentians.com\/es\/tal-dia-como-hoy-2-de-julio\/","title":{"rendered":"Tal d\u00eda como hoy: 2 de julio"},"content":{"rendered":"<p><strong>1759.<\/strong> En Par\u00eds, se abre la XII Asamblea General de la Congregaci\u00f3n de la Misi\u00f3n, convocada por el P. Luis de Bras,  que hab\u00eda sido elegido superior general doce a\u00f1os antes. Compuesta por  treinta y siete miembros, se reunir\u00e1 hasta el 11 de julio.<\/p>\n<p><strong>1955.<\/strong> En Par\u00eds, la XXXII Asamblea General de la Congregaci\u00f3n de la Misi\u00f3n elige un Gran Consejo de seis miembros. Aunque las Constituciones  prev\u00e9n tres turnos de escrutinio para la elecci\u00f3n de cada uno de los  asistentes, un solo escrutinio basta para reunir votos suficientes para  cada uno de los elegidos. Son los padres F\u00e9lix Contassot, Ferm\u00edn Campo,  Giuseppe Lapalorcia, John Zimmerman, Wlaclaw Knapik y Francisco Godinho,  que componen un bello conjunto de lenguas y naciones.<\/p>\n","protected":false},"excerpt":{"rendered":"<p>1759. En Par\u00eds, se abre la XII Asamblea General de la Congregaci\u00f3n de la Misi\u00f3n, convocada por el P. Luis de Bras, que hab\u00eda sido elegido superior general doce a\u00f1os antes. Compuesta por treinta y &#8230; <a href=\"https:\/\/vincentians.com\/es\/tal-dia-como-hoy-2-de-julio\/\" class=\"more-link\">Read More<\/a><\/p>\n","protected":false},"author":4,"featured_media":149897,"comment_status":"open","ping_status":"open","sticky":false,"template":"","format":"standard","meta":{"jetpack_post_was_ever_published":false,"_jetpack_newsletter_access":"","_jetpack_dont_email_post_to_subs":false,"_jetpack_newsletter_tier_id":0,"_jetpack_memberships_contains_paywalled_content":false,"_jetpack_memberships_contains_paid_content":false,"footnotes":"","jetpack_publicize_message":"","jetpack_publicize_feature_enabled":true,"jetpack_social_post_already_shared":true,"jetpack_social_options":{"image_generator_settings":{"template":"highway","default_image_id":0,"font":"","enabled":false},"version":2}},"categories":[60],"tags":[],"class_list":["post-22653","post","type-post","status-publish","format-standard","has-post-thumbnail","hentry","category-efemerides-vicencianas"],"yoast_head":"<!-- This site is optimized with the Yoast SEO plugin v26.3 - https:\/\/yoast.com\/wordpress\/plugins\/seo\/ -->\n<title>Tal d\u00eda como hoy: 2 de julio - Somos Vicencianos<\/title>\n<meta name=\"robots\" content=\"index, follow, max-snippet:-1, max-image-preview:large, max-video-preview:-1\" \/>\n<link rel=\"canonical\" href=\"https:\/\/vincentians.com\/es\/tal-dia-como-hoy-2-de-julio\/\" \/>\n<meta property=\"og:locale\" content=\"es_ES\" \/>\n<meta property=\"og:type\" content=\"article\" \/>\n<meta property=\"og:title\" content=\"Tal d\u00eda como hoy: 2 de julio - Somos Vicencianos\" \/>\n<meta property=\"og:description\" content=\"1759. En Par\u00eds, se abre la XII Asamblea General de la Congregaci\u00f3n de la Misi\u00f3n, convocada por el P. Luis de Bras, que hab\u00eda sido elegido superior general doce a\u00f1os antes. Compuesta por treinta y ... Read More\" \/>\n<meta property=\"og:url\" content=\"https:\/\/vincentians.com\/es\/tal-dia-como-hoy-2-de-julio\/\" \/>\n<meta property=\"og:site_name\" content=\"Somos Vicencianos\" \/>\n<meta property=\"article:publisher\" content=\"https:\/\/www.facebook.com\/WeAreVincentians\/\" \/>\n<meta property=\"article:author\" content=\"https:\/\/www.facebook.com\/JavierChento\" \/>\n<meta property=\"article:published_time\" content=\"2016-07-01T22:41:02+00:00\" \/>\n<meta property=\"article:modified_time\" content=\"2016-07-24T07:08:05+00:00\" \/>\n<meta property=\"og:image\" content=\"https:\/\/i0.wp.com\/vincentians.com\/es\/wp-content\/uploads\/sites\/11\/2016\/07\/ephemerides-fb.jpg?fit=1200%2C630&ssl=1\" \/>\n\t<meta property=\"og:image:width\" content=\"1200\" \/>\n\t<meta property=\"og:image:height\" content=\"630\" \/>\n\t<meta property=\"og:image:type\" content=\"image\/jpeg\" \/>\n<meta name=\"author\" content=\"Francisco Javier Fern\u00e1ndez Chento\" \/>\n<meta name=\"twitter:card\" content=\"summary_large_image\" \/>\n<meta name=\"twitter:creator\" content=\"@https:\/\/twitter.com\/javierchento\" \/>\n<meta name=\"twitter:site\" content=\"@WeVincentians\" \/>\n<meta name=\"twitter:label1\" content=\"Escrito por\" \/>\n\t<meta name=\"twitter:data1\" content=\"Francisco Javier Fern\u00e1ndez Chento\" \/>\n\t<meta name=\"twitter:label2\" content=\"Tiempo de lectura\" \/>\n\t<meta name=\"twitter:data2\" content=\"1 minuto\" \/>\n<script type=\"application\/ld+json\" class=\"yoast-schema-graph\">{\"@context\":\"https:\/\/schema.org\",\"@graph\":[{\"@type\":\"Article\",\"@id\":\"https:\/\/vincentians.com\/es\/tal-dia-como-hoy-2-de-julio\/#article\",\"isPartOf\":{\"@id\":\"https:\/\/vincentians.com\/es\/tal-dia-como-hoy-2-de-julio\/\"},\"author\":{\"name\":\"Francisco Javier Fern\u00e1ndez Chento\",\"@id\":\"http:\/\/vincentians.com\/es\/#\/schema\/person\/9623ef4d9aa3b2dfb8c061f1499288f2\"},\"headline\":\"Tal d\u00eda como hoy: 2 de julio\",\"datePublished\":\"2016-07-01T22:41:02+00:00\",\"dateModified\":\"2016-07-24T07:08:05+00:00\",\"mainEntityOfPage\":{\"@id\":\"https:\/\/vincentians.com\/es\/tal-dia-como-hoy-2-de-julio\/\"},\"wordCount\":136,\"commentCount\":0,\"publisher\":{\"@id\":\"http:\/\/vincentians.com\/es\/#organization\"},\"image\":{\"@id\":\"https:\/\/vincentians.com\/es\/tal-dia-como-hoy-2-de-julio\/#primaryimage\"},\"thumbnailUrl\":\"https:\/\/i0.wp.com\/vincentians.com\/es\/wp-content\/uploads\/sites\/11\/2016\/07\/ephemerides-fb.jpg?fit=1200%2C630&ssl=1\",\"articleSection\":[\"Efem\u00e9rides Vicencianas\"],\"inLanguage\":\"es\",\"potentialAction\":[{\"@type\":\"CommentAction\",\"name\":\"Comment\",\"target\":[\"https:\/\/vincentians.com\/es\/tal-dia-como-hoy-2-de-julio\/#respond\"]}]},{\"@type\":\"WebPage\",\"@id\":\"https:\/\/vincentians.com\/es\/tal-dia-como-hoy-2-de-julio\/\",\"url\":\"https:\/\/vincentians.com\/es\/tal-dia-como-hoy-2-de-julio\/\",\"name\":\"Tal d\u00eda como hoy: 2 de julio - Somos Vicencianos\",\"isPartOf\":{\"@id\":\"http:\/\/vincentians.com\/es\/#website\"},\"primaryImageOfPage\":{\"@id\":\"https:\/\/vincentians.com\/es\/tal-dia-como-hoy-2-de-julio\/#primaryimage\"},\"image\":{\"@id\":\"https:\/\/vincentians.com\/es\/tal-dia-como-hoy-2-de-julio\/#primaryimage\"},\"thumbnailUrl\":\"https:\/\/i0.wp.com\/vincentians.com\/es\/wp-content\/uploads\/sites\/11\/2016\/07\/ephemerides-fb.jpg?fit=1200%2C630&ssl=1\",\"datePublished\":\"2016-07-01T22:41:02+00:00\",\"dateModified\":\"2016-07-24T07:08:05+00:00\",\"breadcrumb\":{\"@id\":\"https:\/\/vincentians.com\/es\/tal-dia-como-hoy-2-de-julio\/#breadcrumb\"},\"inLanguage\":\"es\",\"potentialAction\":[{\"@type\":\"ReadAction\",\"target\":[\"https:\/\/vincentians.com\/es\/tal-dia-como-hoy-2-de-julio\/\"]}]},{\"@type\":\"ImageObject\",\"inLanguage\":\"es\",\"@id\":\"https:\/\/vincentians.com\/es\/tal-dia-como-hoy-2-de-julio\/#primaryimage\",\"url\":\"https:\/\/i0.wp.com\/vincentians.com\/es\/wp-content\/uploads\/sites\/11\/2016\/07\/ephemerides-fb.jpg?fit=1200%2C630&ssl=1\",\"contentUrl\":\"https:\/\/i0.wp.com\/vincentians.com\/es\/wp-content\/uploads\/sites\/11\/2016\/07\/ephemerides-fb.jpg?fit=1200%2C630&ssl=1\",\"width\":1200,\"height\":630},{\"@type\":\"BreadcrumbList\",\"@id\":\"https:\/\/vincentians.com\/es\/tal-dia-como-hoy-2-de-julio\/#breadcrumb\",\"itemListElement\":[{\"@type\":\"ListItem\",\"position\":1,\"name\":\"Portada\",\"item\":\"http:\/\/vincentians.com\/es\/\"},{\"@type\":\"ListItem\",\"position\":2,\"name\":\"Tal d\u00eda como hoy: 2 de julio\"}]},{\"@type\":\"WebSite\",\"@id\":\"http:\/\/vincentians.com\/es\/#website\",\"url\":\"http:\/\/vincentians.com\/es\/\",\"name\":\"Somos Vicencianos\",\"description\":\"Know more to serve more\",\"publisher\":{\"@id\":\"http:\/\/vincentians.com\/es\/#organization\"},\"potentialAction\":[{\"@type\":\"SearchAction\",\"target\":{\"@type\":\"EntryPoint\",\"urlTemplate\":\"http:\/\/vincentians.com\/es\/?s={search_term_string}\"},\"query-input\":{\"@type\":\"PropertyValueSpecification\",\"valueRequired\":true,\"valueName\":\"search_term_string\"}}],\"inLanguage\":\"es\"},{\"@type\":\"Organization\",\"@id\":\"http:\/\/vincentians.com\/es\/#organization\",\"name\":\"The Vincentian Network\",\"url\":\"http:\/\/vincentians.com\/es\/\",\"logo\":{\"@type\":\"ImageObject\",\"inLanguage\":\"es\",\"@id\":\"http:\/\/vincentians.com\/es\/#\/schema\/logo\/image\/\",\"url\":\"https:\/\/i1.wp.com\/vincentians.com\/es\/wp-content\/uploads\/sites\/11\/2016\/06\/Vincentian-Network-logo-big.png?fit=778%2C778\",\"contentUrl\":\"https:\/\/i1.wp.com\/vincentians.com\/es\/wp-content\/uploads\/sites\/11\/2016\/06\/Vincentian-Network-logo-big.png?fit=778%2C778\",\"width\":778,\"height\":778,\"caption\":\"The Vincentian Network\"},\"image\":{\"@id\":\"http:\/\/vincentians.com\/es\/#\/schema\/logo\/image\/\"},\"sameAs\":[\"https:\/\/www.facebook.com\/WeAreVincentians\/\",\"https:\/\/x.com\/WeVincentians\"]},{\"@type\":\"Person\",\"@id\":\"http:\/\/vincentians.com\/es\/#\/schema\/person\/9623ef4d9aa3b2dfb8c061f1499288f2\",\"name\":\"Francisco Javier Fern\u00e1ndez Chento\",\"image\":{\"@type\":\"ImageObject\",\"inLanguage\":\"es\",\"@id\":\"http:\/\/vincentians.com\/es\/#\/schema\/person\/image\/\",\"url\":\"https:\/\/secure.gravatar.com\/avatar\/497d5cde87b4c3d097d0315953521681ba2cd523ee66e5077c3711f7021e65de?s=96&d=mm&r=g\",\"contentUrl\":\"https:\/\/secure.gravatar.com\/avatar\/497d5cde87b4c3d097d0315953521681ba2cd523ee66e5077c3711f7021e65de?s=96&d=mm&r=g\",\"caption\":\"Francisco Javier Fern\u00e1ndez Chento\"},\"description\":\"Director General y cofundador de La Red de Formaci\u00f3n Vicenciana. Javier es laico vicenciano, afiliado a la Congregaci\u00f3n de la Misi\u00f3n y miembro del Equipo de Misiones Populares de la provincia can\u00f3nica de Zaragoza (Espa\u00f1a) de la Congregaci\u00f3n de la Misi\u00f3n. Graduado en la Universidad Oberta de Catalunya con cuatro grados (Asistente de direcci\u00f3n, Gesti\u00f3n Administrativa, Recursos Humanos y Contabilidad Avanzada). Bil\u00edng\u00fce Espa\u00f1ol\/Ingl\u00e9s. gestiona y mantiene varias p\u00e1ginas web cristianas y vicencianas, incluida including La Red de Formaci\u00f3n Vicenciana, de la que es cofundador. Actualmente es responsable del \u00e1rea de Espa\u00f1ol de .famvin, la Red de Noticias de la Familia Vicenciana. Tambi\u00e9n es m\u00fasico cat\u00f3lico y ha editado varios discos. Es Director General y cofundador de Trovador, una reconocida compa\u00f1\u00eda discogr\u00e1fica critiana de Espa\u00f1a. Trabaja en las Tecnolog\u00edas de la Informaci\u00f3n, ofreciendo servicios de alojamiento, dise\u00f1o y mantenimiento Web, as\u00ed como asesoramiento, formaci\u00f3n y soluciones inform\u00e1ticas, gesti\u00f3n documental y digitalizaci\u00f3n de textos, edici\u00f3n y maquetaci\u00f3n de libros, revistas, flyers, etc.\",\"sameAs\":[\"http:\/\/chento.org\",\"https:\/\/www.facebook.com\/JavierChento\",\"https:\/\/x.com\/https:\/\/twitter.com\/javierchento\"],\"url\":\"https:\/\/vincentians.com\/es\/author\/chento\/\"}]}<\/script>\n<!-- \/ Yoast SEO plugin. -->","yoast_head_json":{"title":"Tal d\u00eda como hoy: 2 de julio - Somos Vicencianos","robots":{"index":"index","follow":"follow","max-snippet":"max-snippet:-1","max-image-preview":"max-image-preview:large","max-video-preview":"max-video-preview:-1"},"canonical":"https:\/\/vincentians.com\/es\/tal-dia-como-hoy-2-de-julio\/","og_locale":"es_ES","og_type":"article","og_title":"Tal d\u00eda como hoy: 2 de julio - Somos Vicencianos","og_description":"1759. En Par\u00eds, se abre la XII Asamblea General de la Congregaci\u00f3n de la Misi\u00f3n, convocada por el P. Luis de Bras, que hab\u00eda sido elegido superior general doce a\u00f1os antes. Compuesta por treinta y ... Read More","og_url":"https:\/\/vincentians.com\/es\/tal-dia-como-hoy-2-de-julio\/","og_site_name":"Somos Vicencianos","article_publisher":"https:\/\/www.facebook.com\/WeAreVincentians\/","article_author":"https:\/\/www.facebook.com\/JavierChento","article_published_time":"2016-07-01T22:41:02+00:00","article_modified_time":"2016-07-24T07:08:05+00:00","og_image":[{"width":1200,"height":630,"url":"https:\/\/i0.wp.com\/vincentians.com\/es\/wp-content\/uploads\/sites\/11\/2016\/07\/ephemerides-fb.jpg?fit=1200%2C630&ssl=1","type":"image\/jpeg"}],"author":"Francisco Javier Fern\u00e1ndez Chento","twitter_card":"summary_large_image","twitter_creator":"@https:\/\/twitter.com\/javierchento","twitter_site":"@WeVincentians","twitter_misc":{"Escrito por":"Francisco Javier Fern\u00e1ndez Chento","Tiempo de lectura":"1 minuto"},"schema":{"@context":"https:\/\/schema.org","@graph":[{"@type":"Article","@id":"https:\/\/vincentians.com\/es\/tal-dia-como-hoy-2-de-julio\/#article","isPartOf":{"@id":"https:\/\/vincentians.com\/es\/tal-dia-como-hoy-2-de-julio\/"},"author":{"name":"Francisco Javier Fern\u00e1ndez Chento","@id":"http:\/\/vincentians.com\/es\/#\/schema\/person\/9623ef4d9aa3b2dfb8c061f1499288f2"},"headline":"Tal d\u00eda como hoy: 2 de julio","datePublished":"2016-07-01T22:41:02+00:00","dateModified":"2016-07-24T07:08:05+00:00","mainEntityOfPage":{"@id":"https:\/\/vincentians.com\/es\/tal-dia-como-hoy-2-de-julio\/"},"wordCount":136,"commentCount":0,"publisher":{"@id":"http:\/\/vincentians.com\/es\/#organization"},"image":{"@id":"https:\/\/vincentians.com\/es\/tal-dia-como-hoy-2-de-julio\/#primaryimage"},"thumbnailUrl":"https:\/\/i0.wp.com\/vincentians.com\/es\/wp-content\/uploads\/sites\/11\/2016\/07\/ephemerides-fb.jpg?fit=1200%2C630&ssl=1","articleSection":["Efem\u00e9rides Vicencianas"],"inLanguage":"es","potentialAction":[{"@type":"CommentAction","name":"Comment","target":["https:\/\/vincentians.com\/es\/tal-dia-como-hoy-2-de-julio\/#respond"]}]},{"@type":"WebPage","@id":"https:\/\/vincentians.com\/es\/tal-dia-como-hoy-2-de-julio\/","url":"https:\/\/vincentians.com\/es\/tal-dia-como-hoy-2-de-julio\/","name":"Tal d\u00eda como hoy: 2 de julio - Somos Vicencianos","isPartOf":{"@id":"http:\/\/vincentians.com\/es\/#website"},"primaryImageOfPage":{"@id":"https:\/\/vincentians.com\/es\/tal-dia-como-hoy-2-de-julio\/#primaryimage"},"image":{"@id":"https:\/\/vincentians.com\/es\/tal-dia-como-hoy-2-de-julio\/#primaryimage"},"thumbnailUrl":"https:\/\/i0.wp.com\/vincentians.com\/es\/wp-content\/uploads\/sites\/11\/2016\/07\/ephemerides-fb.jpg?fit=1200%2C630&ssl=1","datePublished":"2016-07-01T22:41:02+00:00","dateModified":"2016-07-24T07:08:05+00:00","breadcrumb":{"@id":"https:\/\/vincentians.com\/es\/tal-dia-como-hoy-2-de-julio\/#breadcrumb"},"inLanguage":"es","potentialAction":[{"@type":"ReadAction","target":["https:\/\/vincentians.com\/es\/tal-dia-como-hoy-2-de-julio\/"]}]},{"@type":"ImageObject","inLanguage":"es","@id":"https:\/\/vincentians.com\/es\/tal-dia-como-hoy-2-de-julio\/#primaryimage","url":"https:\/\/i0.wp.com\/vincentians.com\/es\/wp-content\/uploads\/sites\/11\/2016\/07\/ephemerides-fb.jpg?fit=1200%2C630&ssl=1","contentUrl":"https:\/\/i0.wp.com\/vincentians.com\/es\/wp-content\/uploads\/sites\/11\/2016\/07\/ephemerides-fb.jpg?fit=1200%2C630&ssl=1","width":1200,"height":630},{"@type":"BreadcrumbList","@id":"https:\/\/vincentians.com\/es\/tal-dia-como-hoy-2-de-julio\/#breadcrumb","itemListElement":[{"@type":"ListItem","position":1,"name":"Portada","item":"http:\/\/vincentians.com\/es\/"},{"@type":"ListItem","position":2,"name":"Tal d\u00eda como hoy: 2 de julio"}]},{"@type":"WebSite","@id":"http:\/\/vincentians.com\/es\/#website","url":"http:\/\/vincentians.com\/es\/","name":"Somos Vicencianos","description":"Know more to serve more","publisher":{"@id":"http:\/\/vincentians.com\/es\/#organization"},"potentialAction":[{"@type":"SearchAction","target":{"@type":"EntryPoint","urlTemplate":"http:\/\/vincentians.com\/es\/?s={search_term_string}"},"query-input":{"@type":"PropertyValueSpecification","valueRequired":true,"valueName":"search_term_string"}}],"inLanguage":"es"},{"@type":"Organization","@id":"http:\/\/vincentians.com\/es\/#organization","name":"The Vincentian Network","url":"http:\/\/vincentians.com\/es\/","logo":{"@type":"ImageObject","inLanguage":"es","@id":"http:\/\/vincentians.com\/es\/#\/schema\/logo\/image\/","url":"https:\/\/i1.wp.com\/vincentians.com\/es\/wp-content\/uploads\/sites\/11\/2016\/06\/Vincentian-Network-logo-big.png?fit=778%2C778","contentUrl":"https:\/\/i1.wp.com\/vincentians.com\/es\/wp-content\/uploads\/sites\/11\/2016\/06\/Vincentian-Network-logo-big.png?fit=778%2C778","width":778,"height":778,"caption":"The Vincentian Network"},"image":{"@id":"http:\/\/vincentians.com\/es\/#\/schema\/logo\/image\/"},"sameAs":["https:\/\/www.facebook.com\/WeAreVincentians\/","https:\/\/x.com\/WeVincentians"]},{"@type":"Person","@id":"http:\/\/vincentians.com\/es\/#\/schema\/person\/9623ef4d9aa3b2dfb8c061f1499288f2","name":"Francisco Javier Fern\u00e1ndez Chento","image":{"@type":"ImageObject","inLanguage":"es","@id":"http:\/\/vincentians.com\/es\/#\/schema\/person\/image\/","url":"https:\/\/secure.gravatar.com\/avatar\/497d5cde87b4c3d097d0315953521681ba2cd523ee66e5077c3711f7021e65de?s=96&d=mm&r=g","contentUrl":"https:\/\/secure.gravatar.com\/avatar\/497d5cde87b4c3d097d0315953521681ba2cd523ee66e5077c3711f7021e65de?s=96&d=mm&r=g","caption":"Francisco Javier Fern\u00e1ndez Chento"},"description":"Director General y cofundador de La Red de Formaci\u00f3n Vicenciana. Javier es laico vicenciano, afiliado a la Congregaci\u00f3n de la Misi\u00f3n y miembro del Equipo de Misiones Populares de la provincia can\u00f3nica de Zaragoza (Espa\u00f1a) de la Congregaci\u00f3n de la Misi\u00f3n. Graduado en la Universidad Oberta de Catalunya con cuatro grados (Asistente de direcci\u00f3n, Gesti\u00f3n Administrativa, Recursos Humanos y Contabilidad Avanzada). Bil\u00edng\u00fce Espa\u00f1ol\/Ingl\u00e9s. gestiona y mantiene varias p\u00e1ginas web cristianas y vicencianas, incluida including La Red de Formaci\u00f3n Vicenciana, de la que es cofundador. Actualmente es responsable del \u00e1rea de Espa\u00f1ol de .famvin, la Red de Noticias de la Familia Vicenciana. Tambi\u00e9n es m\u00fasico cat\u00f3lico y ha editado varios discos. Es Director General y cofundador de Trovador, una reconocida compa\u00f1\u00eda discogr\u00e1fica critiana de Espa\u00f1a. Trabaja en las Tecnolog\u00edas de la Informaci\u00f3n, ofreciendo servicios de alojamiento, dise\u00f1o y mantenimiento Web, as\u00ed como asesoramiento, formaci\u00f3n y soluciones inform\u00e1ticas, gesti\u00f3n documental y digitalizaci\u00f3n de textos, edici\u00f3n y maquetaci\u00f3n de libros, revistas, flyers, etc.","sameAs":["http:\/\/chento.org","https:\/\/www.facebook.com\/JavierChento","https:\/\/x.com\/https:\/\/twitter.com\/javierchento"],"url":"https:\/\/vincentians.com\/es\/author\/chento\/"}]}},"jetpack_publicize_connections":[],"jetpack_featured_media_url":"https:\/\/i0.wp.com\/vincentians.com\/es\/wp-content\/uploads\/sites\/11\/2016\/07\/ephemerides-fb.jpg?fit=1200%2C630&ssl=1","jetpack_sharing_enabled":true,"jetpack_shortlink":"https:\/\/wp.me\/p7ETMF-5Tn","jetpack-related-posts":[{"id":22401,"url":"https:\/\/vincentians.com\/es\/tal-dia-como-hoy-18-de-mayo\/","url_meta":{"origin":22653,"position":0},"title":"Tal d\u00eda como hoy: 18 de mayo","author":"Francisco Javier Fern\u00e1ndez Chento","date":"18\/05\/2017","format":false,"excerpt":"1657. Conferencia de Vicente de Pa\u00fal en San L\u00e1zaro sobre el Esp\u00edritu Santo, en la que se trata de las razones para pedir a Dios que nos de la plenitud de su Esp\u00edritu, las se\u00f1ales por las que se puede reconocer que es el Esp\u00edritu Santo el que act\u00faa en\u2026","rel":"","context":"En \u00abEfem\u00e9rides Vicencianas\u00bb","block_context":{"text":"Efem\u00e9rides Vicencianas","link":"https:\/\/vincentians.com\/es\/category\/historia-de-la-familia-vicenciana\/efemerides-vicencianas\/"},"img":{"alt_text":"","src":"https:\/\/i0.wp.com\/vincentians.com\/es\/wp-content\/uploads\/sites\/11\/2016\/07\/ephemerides-fb.jpg?fit=1200%2C630&ssl=1&resize=350%2C200","width":350,"height":200,"srcset":"https:\/\/i0.wp.com\/vincentians.com\/es\/wp-content\/uploads\/sites\/11\/2016\/07\/ephemerides-fb.jpg?fit=1200%2C630&ssl=1&resize=350%2C200 1x, https:\/\/i0.wp.com\/vincentians.com\/es\/wp-content\/uploads\/sites\/11\/2016\/07\/ephemerides-fb.jpg?fit=1200%2C630&ssl=1&resize=525%2C300 1.5x, https:\/\/i0.wp.com\/vincentians.com\/es\/wp-content\/uploads\/sites\/11\/2016\/07\/ephemerides-fb.jpg?fit=1200%2C630&ssl=1&resize=700%2C400 2x, https:\/\/i0.wp.com\/vincentians.com\/es\/wp-content\/uploads\/sites\/11\/2016\/07\/ephemerides-fb.jpg?fit=1200%2C630&ssl=1&resize=1050%2C600 3x"},"classes":[]},{"id":22905,"url":"https:\/\/vincentians.com\/es\/tal-dia-como-hoy-4-de-agosto\/","url_meta":{"origin":22653,"position":1},"title":"Tal d\u00eda como hoy: 4 de agosto","author":"Francisco Javier Fern\u00e1ndez Chento","date":"04\/08\/2016","format":false,"excerpt":"1656. Conferencia de Vicente de Pa\u00fal en San L\u00e1zaro sobre la uniformidad, en la que se trata de las razones para ser uniformes, en qu\u00e9 no es uniforme la Congregaci\u00f3n y los medios para serlo. La conferencia continuar\u00e1 el 11 de agosto. 1658. Conocida la noticia de la muerte de\u2026","rel":"","context":"En \u00abEfem\u00e9rides Vicencianas\u00bb","block_context":{"text":"Efem\u00e9rides Vicencianas","link":"https:\/\/vincentians.com\/es\/category\/historia-de-la-familia-vicenciana\/efemerides-vicencianas\/"},"img":{"alt_text":"","src":"https:\/\/i0.wp.com\/vincentians.com\/es\/wp-content\/uploads\/sites\/11\/2016\/07\/ephemerides-fb.jpg?fit=1200%2C630&ssl=1&resize=350%2C200","width":350,"height":200,"srcset":"https:\/\/i0.wp.com\/vincentians.com\/es\/wp-content\/uploads\/sites\/11\/2016\/07\/ephemerides-fb.jpg?fit=1200%2C630&ssl=1&resize=350%2C200 1x, https:\/\/i0.wp.com\/vincentians.com\/es\/wp-content\/uploads\/sites\/11\/2016\/07\/ephemerides-fb.jpg?fit=1200%2C630&ssl=1&resize=525%2C300 1.5x, https:\/\/i0.wp.com\/vincentians.com\/es\/wp-content\/uploads\/sites\/11\/2016\/07\/ephemerides-fb.jpg?fit=1200%2C630&ssl=1&resize=700%2C400 2x, https:\/\/i0.wp.com\/vincentians.com\/es\/wp-content\/uploads\/sites\/11\/2016\/07\/ephemerides-fb.jpg?fit=1200%2C630&ssl=1&resize=1050%2C600 3x"},"classes":[]},{"id":22471,"url":"https:\/\/vincentians.com\/es\/tal-dia-como-hoy-30-de-junio\/","url_meta":{"origin":22653,"position":2},"title":"Tal d\u00eda como hoy: 30 de junio","author":"Francisco Javier Fern\u00e1ndez Chento","date":"30\/06\/2017","format":false,"excerpt":"1656. Conferencia de Vicente de Pa\u00fal en San L\u00e1zaro sobre la pureza de intenci\u00f3n, en la que se trata de los motivos para actuar en todas las cosas con pureza de intenci\u00f3n, en qu\u00e9 consiste y las se\u00f1ales para conocer que se act\u00faa as\u00ed y los medios para conseguirlo. La\u2026","rel":"","context":"En \u00abEfem\u00e9rides Vicencianas\u00bb","block_context":{"text":"Efem\u00e9rides Vicencianas","link":"https:\/\/vincentians.com\/es\/category\/historia-de-la-familia-vicenciana\/efemerides-vicencianas\/"},"img":{"alt_text":"","src":"https:\/\/i0.wp.com\/vincentians.com\/es\/wp-content\/uploads\/sites\/11\/2016\/07\/ephemerides-fb.jpg?fit=1200%2C630&ssl=1&resize=350%2C200","width":350,"height":200,"srcset":"https:\/\/i0.wp.com\/vincentians.com\/es\/wp-content\/uploads\/sites\/11\/2016\/07\/ephemerides-fb.jpg?fit=1200%2C630&ssl=1&resize=350%2C200 1x, https:\/\/i0.wp.com\/vincentians.com\/es\/wp-content\/uploads\/sites\/11\/2016\/07\/ephemerides-fb.jpg?fit=1200%2C630&ssl=1&resize=525%2C300 1.5x, https:\/\/i0.wp.com\/vincentians.com\/es\/wp-content\/uploads\/sites\/11\/2016\/07\/ephemerides-fb.jpg?fit=1200%2C630&ssl=1&resize=700%2C400 2x, https:\/\/i0.wp.com\/vincentians.com\/es\/wp-content\/uploads\/sites\/11\/2016\/07\/ephemerides-fb.jpg?fit=1200%2C630&ssl=1&resize=1050%2C600 3x"},"classes":[]},{"id":22725,"url":"https:\/\/vincentians.com\/es\/tal-dia-como-hoy-15-de-julio\/","url_meta":{"origin":22653,"position":3},"title":"Tal d\u00eda como hoy: 15 de julio","author":"Francisco Javier Fern\u00e1ndez Chento","date":"15\/07\/2016","format":false,"excerpt":"1627. En Par\u00eds, Vicente de Pa\u00fal, asistido por Francisco du Coudray, Juan de la Salle, Juan B\u00e9cu y Antonio Lucas, toma posesi\u00f3n, en nombre de la Congregaci\u00f3n de la Misi\u00f3n, del Colegio de Bons-Enfants. El atestado, redactado en lat\u00edn por Pedro Legay, notario del arzobispado de Par\u00eds, deja constancia de\u2026","rel":"","context":"En \u00abEfem\u00e9rides Vicencianas\u00bb","block_context":{"text":"Efem\u00e9rides Vicencianas","link":"https:\/\/vincentians.com\/es\/category\/historia-de-la-familia-vicenciana\/efemerides-vicencianas\/"},"img":{"alt_text":"","src":"https:\/\/i0.wp.com\/vincentians.com\/es\/wp-content\/uploads\/sites\/11\/2016\/07\/ephemerides-fb.jpg?fit=1200%2C630&ssl=1&resize=350%2C200","width":350,"height":200,"srcset":"https:\/\/i0.wp.com\/vincentians.com\/es\/wp-content\/uploads\/sites\/11\/2016\/07\/ephemerides-fb.jpg?fit=1200%2C630&ssl=1&resize=350%2C200 1x, https:\/\/i0.wp.com\/vincentians.com\/es\/wp-content\/uploads\/sites\/11\/2016\/07\/ephemerides-fb.jpg?fit=1200%2C630&ssl=1&resize=525%2C300 1.5x, https:\/\/i0.wp.com\/vincentians.com\/es\/wp-content\/uploads\/sites\/11\/2016\/07\/ephemerides-fb.jpg?fit=1200%2C630&ssl=1&resize=700%2C400 2x, https:\/\/i0.wp.com\/vincentians.com\/es\/wp-content\/uploads\/sites\/11\/2016\/07\/ephemerides-fb.jpg?fit=1200%2C630&ssl=1&resize=1050%2C600 3x"},"classes":[]},{"id":22916,"url":"https:\/\/vincentians.com\/es\/tal-dia-como-hoy-15-de-agosto\/","url_meta":{"origin":22653,"position":4},"title":"Tal d\u00eda como hoy: 15 de agosto","author":"Francisco Javier Fern\u00e1ndez Chento","date":"15\/08\/2016","format":false,"excerpt":"1662. Hoy, fiesta de la Asunci\u00f3n de la Virgen Mar\u00eda, en la treintena de casas con que cuentan las diez provincias de la Compa\u00f1\u00eda de las Hijas de la Caridad se lee, por primera vez y al final de la oraci\u00f3n, el acto de consagraci\u00f3n de la Congregaci\u00f3n de la\u2026","rel":"","context":"En \u00abEfem\u00e9rides Vicencianas\u00bb","block_context":{"text":"Efem\u00e9rides Vicencianas","link":"https:\/\/vincentians.com\/es\/category\/historia-de-la-familia-vicenciana\/efemerides-vicencianas\/"},"img":{"alt_text":"","src":"https:\/\/i0.wp.com\/vincentians.com\/es\/wp-content\/uploads\/sites\/11\/2016\/07\/ephemerides-fb.jpg?fit=1200%2C630&ssl=1&resize=350%2C200","width":350,"height":200,"srcset":"https:\/\/i0.wp.com\/vincentians.com\/es\/wp-content\/uploads\/sites\/11\/2016\/07\/ephemerides-fb.jpg?fit=1200%2C630&ssl=1&resize=350%2C200 1x, https:\/\/i0.wp.com\/vincentians.com\/es\/wp-content\/uploads\/sites\/11\/2016\/07\/ephemerides-fb.jpg?fit=1200%2C630&ssl=1&resize=525%2C300 1.5x, https:\/\/i0.wp.com\/vincentians.com\/es\/wp-content\/uploads\/sites\/11\/2016\/07\/ephemerides-fb.jpg?fit=1200%2C630&ssl=1&resize=700%2C400 2x, https:\/\/i0.wp.com\/vincentians.com\/es\/wp-content\/uploads\/sites\/11\/2016\/07\/ephemerides-fb.jpg?fit=1200%2C630&ssl=1&resize=1050%2C600 3x"},"classes":[]},{"id":44981,"url":"https:\/\/vincentians.com\/es\/historia-general-de-la-c-m-hasta-el-ano-1720-64-decretos-de-la-asamblea-de-1711-seminario-de-renovacion\/","url_meta":{"origin":22653,"position":5},"title":"Historia general de la C.M., hasta el a\u00f1o 1720 (64. Decretos de la asamblea de 1711. Seminario de renovaci\u00f3n)","author":"Mitxel Olabu\u00e9naga","date":"15\/01\/2015","format":false,"excerpt":"San Vicente de Pa\u00falLXIV. Decretos de la asamblea de 1711. Seminario de renovaci\u00f3n La asamblea en que fue elegido el sr. Bonnet es la octava de las asambleas generales. Se dieron algunos decretos en lat\u00edn, como en todas las otras. Se pregunt\u00f3 si no era tiempo de ejecutar el plan\u2026","rel":"","context":"En \u00abHistoria de la Congregaci\u00f3n de la Misi\u00f3n\u00bb","block_context":{"text":"Historia de la Congregaci\u00f3n de la Misi\u00f3n","link":"https:\/\/vincentians.com\/es\/category\/historia-de-la-familia-vicenciana\/historia-de-la-congregacion-de-la-mision\/"},"img":{"alt_text":"San Vicente de Pa\u00fal","src":"https:\/\/i0.wp.com\/vicencianos.org\/wp-content\/2011\/05\/vincent_de_paul-205x300.jpg?resize=350%2C200","width":350,"height":200},"classes":[]}],"_links":{"self":[{"href":"https:\/\/vincentians.com\/es\/wp-json\/wp\/v2\/posts\/22653","targetHints":{"allow":["GET"]}}],"collection":[{"href":"https:\/\/vincentians.com\/es\/wp-json\/wp\/v2\/posts"}],"about":[{"href":"https:\/\/vincentians.com\/es\/wp-json\/wp\/v2\/types\/post"}],"author":[{"embeddable":true,"href":"https:\/\/vincentians.com\/es\/wp-json\/wp\/v2\/users\/4"}],"replies":[{"embeddable":true,"href":"https:\/\/vincentians.com\/es\/wp-json\/wp\/v2\/comments?post=22653"}],"version-history":[{"count":0,"href":"https:\/\/vincentians.com\/es\/wp-json\/wp\/v2\/posts\/22653\/revisions"}],"wp:featuredmedia":[{"embeddable":true,"href":"https:\/\/vincentians.com\/es\/wp-json\/wp\/v2\/media\/149897"}],"wp:attachment":[{"href":"https:\/\/vincentians.com\/es\/wp-json\/wp\/v2\/media?parent=22653"}],"wp:term":[{"taxonomy":"category","embeddable":true,"href":"https:\/\/vincentians.com\/es\/wp-json\/wp\/v2\/categories?post=22653"},{"taxonomy":"post_tag","embeddable":true,"href":"https:\/\/vincentians.com\/es\/wp-json\/wp\/v2\/tags?post=22653"}],"curies":[{"name":"wp","href":"https:\/\/api.w.org\/{rel}","templated":true}]}}