{"id":22468,"date":"2017-06-27T00:01:22","date_gmt":"2017-06-26T22:01:22","guid":{"rendered":"http:\/\/somos.vicencianos.org\/blog\/2010\/06\/27\/tal-dia-como-hoy-27-de-junio\/"},"modified":"2016-07-24T09:07:06","modified_gmt":"2016-07-24T07:07:06","slug":"tal-dia-como-hoy-27-de-junio","status":"publish","type":"post","link":"https:\/\/vincentians.com\/es\/tal-dia-como-hoy-27-de-junio\/","title":{"rendered":"Tal d\u00eda como hoy: 27 de junio"},"content":{"rendered":"<p><strong>1625.<\/strong> Vicente de Pa\u00fal llega a Marsella para comunicarle al General  de las Galeras, que se encuentra all\u00ed por las obligaciones de su cargo,  la muerte de su esposa, la Sra. de Gondi. El dolor que le produce la  noticia acabar\u00e1 por desprenderle del mundo: al a\u00f1o siguiente entrar\u00e1 en  la Congregaci\u00f3n del Oratorio. En su testamento, la Sra. de Gondi le  ped\u00eda a su esposo que retuviese a Vicente en la casa, cerca de a sus  hijos. Pero el Sr. de Gondi comprender\u00e1 mejor que su esposa que la Congregaci\u00f3n de la Misi\u00f3n necesita  que su superior se dedique por completo a ella, por lo que dar\u00e1 a  Vicente plena libertad para instalarse en el Colegio de Bons-Enfants.<\/p>\n<p><strong>1642.<\/strong> Conferencia de Vicente de Pa\u00fal a los misioneros pa\u00fales sobre la uni\u00f3n entre las casas de la Congregaci\u00f3n. Un misionero que  estaba en la conferencia le escribe una carta a otro relat\u00e1ndola.  Vicente habl\u00f3 de los medios para tener esa uni\u00f3n: El primero era  ped\u00edrsela a Dios; el segundo sentir gran estima por todos los miembros  de la Congregaci\u00f3n; el tercero hablar bien de todas las casas. Vicente  aludi\u00f3 a que la fundadora de la Congregaci\u00f3n, la difunta Sra. de Gondi,  nunca hablaba mal de los ausentes y propuso que se aceptase el reto de  ver qui\u00e9n hablaba mejor de ellos. Sobre un medio que se hab\u00eda propuesto,  consistente en mantener una relaci\u00f3n por cartas, Vicente manifest\u00f3 sus  reservas y pidi\u00f3 que por el momento se abstuvieran, mientras pensaba m\u00e1s  en ello. Le preocupaba que solo conoc\u00eda a dos o tres en la Congregaci\u00f3n  capacitados para ello y hab\u00eda visto cartas ampulosas llenas de vanidad o  de un estilo afectado carente de la sencillez propia de un Sacerdote de  la Misi\u00f3n. Tambi\u00e9n le preocupaba que se escribiera de asuntos mundanos,  bromas y defectos con palabras encubiertas, lo que era maledicencia.  Vicente recomend\u00f3 que si alguien sent\u00eda deseos de escribir sobre las  pr\u00e1cticas de virtud, los frutos de las misiones, las bendiciones que  Dios da en ellas, lo hiciese, al igual que los protonotarios de la  primitiva iglesia recog\u00edan por escrito las acciones heroicas de los  m\u00e1rtires en relatos que luego los obispos enviaban por todas partes. Por  \u00faltimo Vicente se refiri\u00f3 a la pr\u00e1ctica de los Jesuitas de escribir  desde donde est\u00e1n a su general instruy\u00e9ndole sobre las cosas que pod\u00edan  hacer recomendable a la Compa\u00f1\u00eda, tras lo cual el superior selecciona lo  mejor para enviarlo a todas las provincias. Vicente propuso a los  aficionados a escribir que siguieran esa pr\u00e1ctica, pero sobre asuntos de  piedad.<\/p>\n","protected":false},"excerpt":{"rendered":"<p>1625. Vicente de Pa\u00fal llega a Marsella para comunicarle al General de las Galeras, que se encuentra all\u00ed por las obligaciones de su cargo, la muerte de su esposa, la Sra. de Gondi. El dolor &#8230; <a href=\"https:\/\/vincentians.com\/es\/tal-dia-como-hoy-27-de-junio\/\" class=\"more-link\">Read More<\/a><\/p>\n","protected":false},"author":4,"featured_media":149897,"comment_status":"open","ping_status":"open","sticky":false,"template":"","format":"standard","meta":{"jetpack_post_was_ever_published":false,"_jetpack_newsletter_access":"","_jetpack_dont_email_post_to_subs":false,"_jetpack_newsletter_tier_id":0,"_jetpack_memberships_contains_paywalled_content":false,"_jetpack_memberships_contains_paid_content":false,"footnotes":"","jetpack_publicize_message":"","jetpack_publicize_feature_enabled":true,"jetpack_social_post_already_shared":true,"jetpack_social_options":{"image_generator_settings":{"template":"highway","default_image_id":0,"font":"","enabled":false},"version":2}},"categories":[60],"tags":[119],"class_list":["post-22468","post","type-post","status-publish","format-standard","has-post-thumbnail","hentry","category-efemerides-vicencianas","tag-gondi"],"yoast_head":"<!-- This site is optimized with the Yoast SEO plugin v26.3 - https:\/\/yoast.com\/wordpress\/plugins\/seo\/ -->\n<title>Tal d\u00eda como hoy: 27 de junio - Somos Vicencianos<\/title>\n<meta name=\"robots\" content=\"index, follow, max-snippet:-1, max-image-preview:large, max-video-preview:-1\" \/>\n<link rel=\"canonical\" href=\"http:\/\/vincentians.com\/es\/tal-dia-como-hoy-27-de-junio\/\" \/>\n<meta property=\"og:locale\" content=\"es_ES\" \/>\n<meta property=\"og:type\" content=\"article\" \/>\n<meta property=\"og:title\" content=\"Tal d\u00eda como hoy: 27 de junio - Somos Vicencianos\" \/>\n<meta property=\"og:description\" content=\"1625. Vicente de Pa\u00fal llega a Marsella para comunicarle al General de las Galeras, que se encuentra all\u00ed por las obligaciones de su cargo, la muerte de su esposa, la Sra. de Gondi. El dolor ... Read More\" \/>\n<meta property=\"og:url\" content=\"http:\/\/vincentians.com\/es\/tal-dia-como-hoy-27-de-junio\/\" \/>\n<meta property=\"og:site_name\" content=\"Somos Vicencianos\" \/>\n<meta property=\"article:publisher\" content=\"https:\/\/www.facebook.com\/WeAreVincentians\/\" \/>\n<meta property=\"article:author\" content=\"https:\/\/www.facebook.com\/JavierChento\" \/>\n<meta property=\"article:published_time\" content=\"2017-06-26T22:01:22+00:00\" \/>\n<meta property=\"og:image\" content=\"https:\/\/i0.wp.com\/vincentians.com\/es\/wp-content\/uploads\/sites\/11\/2016\/07\/ephemerides-fb.jpg?fit=1200%2C630\" \/>\n\t<meta property=\"og:image:width\" content=\"1200\" \/>\n\t<meta property=\"og:image:height\" content=\"630\" \/>\n\t<meta property=\"og:image:type\" content=\"image\/jpeg\" \/>\n<meta name=\"author\" content=\"Francisco Javier Fern\u00e1ndez Chento\" \/>\n<meta name=\"twitter:card\" content=\"summary_large_image\" \/>\n<meta name=\"twitter:creator\" content=\"@https:\/\/twitter.com\/javierchento\" \/>\n<meta name=\"twitter:site\" content=\"@WeVincentians\" \/>\n<meta name=\"twitter:label1\" content=\"Escrito por\" \/>\n\t<meta name=\"twitter:data1\" content=\"Francisco Javier Fern\u00e1ndez Chento\" \/>\n\t<meta name=\"twitter:label2\" content=\"Tiempo de lectura\" \/>\n\t<meta name=\"twitter:data2\" content=\"2 minutos\" \/>\n<script type=\"application\/ld+json\" class=\"yoast-schema-graph\">{\"@context\":\"https:\/\/schema.org\",\"@graph\":[{\"@type\":\"Article\",\"@id\":\"http:\/\/vincentians.com\/es\/tal-dia-como-hoy-27-de-junio\/#article\",\"isPartOf\":{\"@id\":\"http:\/\/vincentians.com\/es\/tal-dia-como-hoy-27-de-junio\/\"},\"author\":{\"name\":\"Francisco Javier Fern\u00e1ndez Chento\",\"@id\":\"http:\/\/vincentians.com\/es\/#\/schema\/person\/9623ef4d9aa3b2dfb8c061f1499288f2\"},\"headline\":\"Tal d\u00eda como hoy: 27 de junio\",\"datePublished\":\"2017-06-26T22:01:22+00:00\",\"mainEntityOfPage\":{\"@id\":\"http:\/\/vincentians.com\/es\/tal-dia-como-hoy-27-de-junio\/\"},\"wordCount\":465,\"commentCount\":0,\"publisher\":{\"@id\":\"http:\/\/vincentians.com\/es\/#organization\"},\"image\":{\"@id\":\"http:\/\/vincentians.com\/es\/tal-dia-como-hoy-27-de-junio\/#primaryimage\"},\"thumbnailUrl\":\"https:\/\/i0.wp.com\/vincentians.com\/es\/wp-content\/uploads\/sites\/11\/2016\/07\/ephemerides-fb.jpg?fit=1200%2C630&ssl=1\",\"keywords\":[\"Gondi\"],\"articleSection\":[\"Efem\u00e9rides Vicencianas\"],\"inLanguage\":\"es\",\"potentialAction\":[{\"@type\":\"CommentAction\",\"name\":\"Comment\",\"target\":[\"http:\/\/vincentians.com\/es\/tal-dia-como-hoy-27-de-junio\/#respond\"]}]},{\"@type\":\"WebPage\",\"@id\":\"http:\/\/vincentians.com\/es\/tal-dia-como-hoy-27-de-junio\/\",\"url\":\"http:\/\/vincentians.com\/es\/tal-dia-como-hoy-27-de-junio\/\",\"name\":\"Tal d\u00eda como hoy: 27 de junio - Somos Vicencianos\",\"isPartOf\":{\"@id\":\"http:\/\/vincentians.com\/es\/#website\"},\"primaryImageOfPage\":{\"@id\":\"http:\/\/vincentians.com\/es\/tal-dia-como-hoy-27-de-junio\/#primaryimage\"},\"image\":{\"@id\":\"http:\/\/vincentians.com\/es\/tal-dia-como-hoy-27-de-junio\/#primaryimage\"},\"thumbnailUrl\":\"https:\/\/i0.wp.com\/vincentians.com\/es\/wp-content\/uploads\/sites\/11\/2016\/07\/ephemerides-fb.jpg?fit=1200%2C630&ssl=1\",\"datePublished\":\"2017-06-26T22:01:22+00:00\",\"breadcrumb\":{\"@id\":\"http:\/\/vincentians.com\/es\/tal-dia-como-hoy-27-de-junio\/#breadcrumb\"},\"inLanguage\":\"es\",\"potentialAction\":[{\"@type\":\"ReadAction\",\"target\":[\"http:\/\/vincentians.com\/es\/tal-dia-como-hoy-27-de-junio\/\"]}]},{\"@type\":\"ImageObject\",\"inLanguage\":\"es\",\"@id\":\"http:\/\/vincentians.com\/es\/tal-dia-como-hoy-27-de-junio\/#primaryimage\",\"url\":\"https:\/\/i0.wp.com\/vincentians.com\/es\/wp-content\/uploads\/sites\/11\/2016\/07\/ephemerides-fb.jpg?fit=1200%2C630&ssl=1\",\"contentUrl\":\"https:\/\/i0.wp.com\/vincentians.com\/es\/wp-content\/uploads\/sites\/11\/2016\/07\/ephemerides-fb.jpg?fit=1200%2C630&ssl=1\",\"width\":1200,\"height\":630},{\"@type\":\"BreadcrumbList\",\"@id\":\"http:\/\/vincentians.com\/es\/tal-dia-como-hoy-27-de-junio\/#breadcrumb\",\"itemListElement\":[{\"@type\":\"ListItem\",\"position\":1,\"name\":\"Portada\",\"item\":\"http:\/\/vincentians.com\/es\/\"},{\"@type\":\"ListItem\",\"position\":2,\"name\":\"Tal d\u00eda como hoy: 27 de junio\"}]},{\"@type\":\"WebSite\",\"@id\":\"http:\/\/vincentians.com\/es\/#website\",\"url\":\"http:\/\/vincentians.com\/es\/\",\"name\":\"Somos Vicencianos\",\"description\":\"Know more to serve more\",\"publisher\":{\"@id\":\"http:\/\/vincentians.com\/es\/#organization\"},\"potentialAction\":[{\"@type\":\"SearchAction\",\"target\":{\"@type\":\"EntryPoint\",\"urlTemplate\":\"http:\/\/vincentians.com\/es\/?s={search_term_string}\"},\"query-input\":{\"@type\":\"PropertyValueSpecification\",\"valueRequired\":true,\"valueName\":\"search_term_string\"}}],\"inLanguage\":\"es\"},{\"@type\":\"Organization\",\"@id\":\"http:\/\/vincentians.com\/es\/#organization\",\"name\":\"The Vincentian Network\",\"url\":\"http:\/\/vincentians.com\/es\/\",\"logo\":{\"@type\":\"ImageObject\",\"inLanguage\":\"es\",\"@id\":\"http:\/\/vincentians.com\/es\/#\/schema\/logo\/image\/\",\"url\":\"https:\/\/i1.wp.com\/vincentians.com\/es\/wp-content\/uploads\/sites\/11\/2016\/06\/Vincentian-Network-logo-big.png?fit=778%2C778\",\"contentUrl\":\"https:\/\/i1.wp.com\/vincentians.com\/es\/wp-content\/uploads\/sites\/11\/2016\/06\/Vincentian-Network-logo-big.png?fit=778%2C778\",\"width\":778,\"height\":778,\"caption\":\"The Vincentian Network\"},\"image\":{\"@id\":\"http:\/\/vincentians.com\/es\/#\/schema\/logo\/image\/\"},\"sameAs\":[\"https:\/\/www.facebook.com\/WeAreVincentians\/\",\"https:\/\/x.com\/WeVincentians\"]},{\"@type\":\"Person\",\"@id\":\"http:\/\/vincentians.com\/es\/#\/schema\/person\/9623ef4d9aa3b2dfb8c061f1499288f2\",\"name\":\"Francisco Javier Fern\u00e1ndez Chento\",\"image\":{\"@type\":\"ImageObject\",\"inLanguage\":\"es\",\"@id\":\"http:\/\/vincentians.com\/es\/#\/schema\/person\/image\/\",\"url\":\"https:\/\/secure.gravatar.com\/avatar\/497d5cde87b4c3d097d0315953521681ba2cd523ee66e5077c3711f7021e65de?s=96&d=mm&r=g\",\"contentUrl\":\"https:\/\/secure.gravatar.com\/avatar\/497d5cde87b4c3d097d0315953521681ba2cd523ee66e5077c3711f7021e65de?s=96&d=mm&r=g\",\"caption\":\"Francisco Javier Fern\u00e1ndez Chento\"},\"description\":\"Director General y cofundador de La Red de Formaci\u00f3n Vicenciana. Javier es laico vicenciano, afiliado a la Congregaci\u00f3n de la Misi\u00f3n y miembro del Equipo de Misiones Populares de la provincia can\u00f3nica de Zaragoza (Espa\u00f1a) de la Congregaci\u00f3n de la Misi\u00f3n. Graduado en la Universidad Oberta de Catalunya con cuatro grados (Asistente de direcci\u00f3n, Gesti\u00f3n Administrativa, Recursos Humanos y Contabilidad Avanzada). Bil\u00edng\u00fce Espa\u00f1ol\/Ingl\u00e9s. gestiona y mantiene varias p\u00e1ginas web cristianas y vicencianas, incluida including La Red de Formaci\u00f3n Vicenciana, de la que es cofundador. Actualmente es responsable del \u00e1rea de Espa\u00f1ol de .famvin, la Red de Noticias de la Familia Vicenciana. Tambi\u00e9n es m\u00fasico cat\u00f3lico y ha editado varios discos. Es Director General y cofundador de Trovador, una reconocida compa\u00f1\u00eda discogr\u00e1fica critiana de Espa\u00f1a. Trabaja en las Tecnolog\u00edas de la Informaci\u00f3n, ofreciendo servicios de alojamiento, dise\u00f1o y mantenimiento Web, as\u00ed como asesoramiento, formaci\u00f3n y soluciones inform\u00e1ticas, gesti\u00f3n documental y digitalizaci\u00f3n de textos, edici\u00f3n y maquetaci\u00f3n de libros, revistas, flyers, etc.\",\"sameAs\":[\"http:\/\/chento.org\",\"https:\/\/www.facebook.com\/JavierChento\",\"https:\/\/x.com\/https:\/\/twitter.com\/javierchento\"],\"url\":\"https:\/\/vincentians.com\/es\/author\/chento\/\"}]}<\/script>\n<!-- \/ Yoast SEO plugin. -->","yoast_head_json":{"title":"Tal d\u00eda como hoy: 27 de junio - Somos Vicencianos","robots":{"index":"index","follow":"follow","max-snippet":"max-snippet:-1","max-image-preview":"max-image-preview:large","max-video-preview":"max-video-preview:-1"},"canonical":"http:\/\/vincentians.com\/es\/tal-dia-como-hoy-27-de-junio\/","og_locale":"es_ES","og_type":"article","og_title":"Tal d\u00eda como hoy: 27 de junio - Somos Vicencianos","og_description":"1625. Vicente de Pa\u00fal llega a Marsella para comunicarle al General de las Galeras, que se encuentra all\u00ed por las obligaciones de su cargo, la muerte de su esposa, la Sra. de Gondi. El dolor ... Read More","og_url":"http:\/\/vincentians.com\/es\/tal-dia-como-hoy-27-de-junio\/","og_site_name":"Somos Vicencianos","article_publisher":"https:\/\/www.facebook.com\/WeAreVincentians\/","article_author":"https:\/\/www.facebook.com\/JavierChento","article_published_time":"2017-06-26T22:01:22+00:00","og_image":[{"width":1200,"height":630,"url":"https:\/\/i0.wp.com\/vincentians.com\/es\/wp-content\/uploads\/sites\/11\/2016\/07\/ephemerides-fb.jpg?fit=1200%2C630","type":"image\/jpeg"}],"author":"Francisco Javier Fern\u00e1ndez Chento","twitter_card":"summary_large_image","twitter_creator":"@https:\/\/twitter.com\/javierchento","twitter_site":"@WeVincentians","twitter_misc":{"Escrito por":"Francisco Javier Fern\u00e1ndez Chento","Tiempo de lectura":"2 minutos"},"schema":{"@context":"https:\/\/schema.org","@graph":[{"@type":"Article","@id":"http:\/\/vincentians.com\/es\/tal-dia-como-hoy-27-de-junio\/#article","isPartOf":{"@id":"http:\/\/vincentians.com\/es\/tal-dia-como-hoy-27-de-junio\/"},"author":{"name":"Francisco Javier Fern\u00e1ndez Chento","@id":"http:\/\/vincentians.com\/es\/#\/schema\/person\/9623ef4d9aa3b2dfb8c061f1499288f2"},"headline":"Tal d\u00eda como hoy: 27 de junio","datePublished":"2017-06-26T22:01:22+00:00","mainEntityOfPage":{"@id":"http:\/\/vincentians.com\/es\/tal-dia-como-hoy-27-de-junio\/"},"wordCount":465,"commentCount":0,"publisher":{"@id":"http:\/\/vincentians.com\/es\/#organization"},"image":{"@id":"http:\/\/vincentians.com\/es\/tal-dia-como-hoy-27-de-junio\/#primaryimage"},"thumbnailUrl":"https:\/\/i0.wp.com\/vincentians.com\/es\/wp-content\/uploads\/sites\/11\/2016\/07\/ephemerides-fb.jpg?fit=1200%2C630&ssl=1","keywords":["Gondi"],"articleSection":["Efem\u00e9rides Vicencianas"],"inLanguage":"es","potentialAction":[{"@type":"CommentAction","name":"Comment","target":["http:\/\/vincentians.com\/es\/tal-dia-como-hoy-27-de-junio\/#respond"]}]},{"@type":"WebPage","@id":"http:\/\/vincentians.com\/es\/tal-dia-como-hoy-27-de-junio\/","url":"http:\/\/vincentians.com\/es\/tal-dia-como-hoy-27-de-junio\/","name":"Tal d\u00eda como hoy: 27 de junio - Somos Vicencianos","isPartOf":{"@id":"http:\/\/vincentians.com\/es\/#website"},"primaryImageOfPage":{"@id":"http:\/\/vincentians.com\/es\/tal-dia-como-hoy-27-de-junio\/#primaryimage"},"image":{"@id":"http:\/\/vincentians.com\/es\/tal-dia-como-hoy-27-de-junio\/#primaryimage"},"thumbnailUrl":"https:\/\/i0.wp.com\/vincentians.com\/es\/wp-content\/uploads\/sites\/11\/2016\/07\/ephemerides-fb.jpg?fit=1200%2C630&ssl=1","datePublished":"2017-06-26T22:01:22+00:00","breadcrumb":{"@id":"http:\/\/vincentians.com\/es\/tal-dia-como-hoy-27-de-junio\/#breadcrumb"},"inLanguage":"es","potentialAction":[{"@type":"ReadAction","target":["http:\/\/vincentians.com\/es\/tal-dia-como-hoy-27-de-junio\/"]}]},{"@type":"ImageObject","inLanguage":"es","@id":"http:\/\/vincentians.com\/es\/tal-dia-como-hoy-27-de-junio\/#primaryimage","url":"https:\/\/i0.wp.com\/vincentians.com\/es\/wp-content\/uploads\/sites\/11\/2016\/07\/ephemerides-fb.jpg?fit=1200%2C630&ssl=1","contentUrl":"https:\/\/i0.wp.com\/vincentians.com\/es\/wp-content\/uploads\/sites\/11\/2016\/07\/ephemerides-fb.jpg?fit=1200%2C630&ssl=1","width":1200,"height":630},{"@type":"BreadcrumbList","@id":"http:\/\/vincentians.com\/es\/tal-dia-como-hoy-27-de-junio\/#breadcrumb","itemListElement":[{"@type":"ListItem","position":1,"name":"Portada","item":"http:\/\/vincentians.com\/es\/"},{"@type":"ListItem","position":2,"name":"Tal d\u00eda como hoy: 27 de junio"}]},{"@type":"WebSite","@id":"http:\/\/vincentians.com\/es\/#website","url":"http:\/\/vincentians.com\/es\/","name":"Somos Vicencianos","description":"Know more to serve more","publisher":{"@id":"http:\/\/vincentians.com\/es\/#organization"},"potentialAction":[{"@type":"SearchAction","target":{"@type":"EntryPoint","urlTemplate":"http:\/\/vincentians.com\/es\/?s={search_term_string}"},"query-input":{"@type":"PropertyValueSpecification","valueRequired":true,"valueName":"search_term_string"}}],"inLanguage":"es"},{"@type":"Organization","@id":"http:\/\/vincentians.com\/es\/#organization","name":"The Vincentian Network","url":"http:\/\/vincentians.com\/es\/","logo":{"@type":"ImageObject","inLanguage":"es","@id":"http:\/\/vincentians.com\/es\/#\/schema\/logo\/image\/","url":"https:\/\/i1.wp.com\/vincentians.com\/es\/wp-content\/uploads\/sites\/11\/2016\/06\/Vincentian-Network-logo-big.png?fit=778%2C778","contentUrl":"https:\/\/i1.wp.com\/vincentians.com\/es\/wp-content\/uploads\/sites\/11\/2016\/06\/Vincentian-Network-logo-big.png?fit=778%2C778","width":778,"height":778,"caption":"The Vincentian Network"},"image":{"@id":"http:\/\/vincentians.com\/es\/#\/schema\/logo\/image\/"},"sameAs":["https:\/\/www.facebook.com\/WeAreVincentians\/","https:\/\/x.com\/WeVincentians"]},{"@type":"Person","@id":"http:\/\/vincentians.com\/es\/#\/schema\/person\/9623ef4d9aa3b2dfb8c061f1499288f2","name":"Francisco Javier Fern\u00e1ndez Chento","image":{"@type":"ImageObject","inLanguage":"es","@id":"http:\/\/vincentians.com\/es\/#\/schema\/person\/image\/","url":"https:\/\/secure.gravatar.com\/avatar\/497d5cde87b4c3d097d0315953521681ba2cd523ee66e5077c3711f7021e65de?s=96&d=mm&r=g","contentUrl":"https:\/\/secure.gravatar.com\/avatar\/497d5cde87b4c3d097d0315953521681ba2cd523ee66e5077c3711f7021e65de?s=96&d=mm&r=g","caption":"Francisco Javier Fern\u00e1ndez Chento"},"description":"Director General y cofundador de La Red de Formaci\u00f3n Vicenciana. Javier es laico vicenciano, afiliado a la Congregaci\u00f3n de la Misi\u00f3n y miembro del Equipo de Misiones Populares de la provincia can\u00f3nica de Zaragoza (Espa\u00f1a) de la Congregaci\u00f3n de la Misi\u00f3n. Graduado en la Universidad Oberta de Catalunya con cuatro grados (Asistente de direcci\u00f3n, Gesti\u00f3n Administrativa, Recursos Humanos y Contabilidad Avanzada). Bil\u00edng\u00fce Espa\u00f1ol\/Ingl\u00e9s. gestiona y mantiene varias p\u00e1ginas web cristianas y vicencianas, incluida including La Red de Formaci\u00f3n Vicenciana, de la que es cofundador. Actualmente es responsable del \u00e1rea de Espa\u00f1ol de .famvin, la Red de Noticias de la Familia Vicenciana. Tambi\u00e9n es m\u00fasico cat\u00f3lico y ha editado varios discos. Es Director General y cofundador de Trovador, una reconocida compa\u00f1\u00eda discogr\u00e1fica critiana de Espa\u00f1a. Trabaja en las Tecnolog\u00edas de la Informaci\u00f3n, ofreciendo servicios de alojamiento, dise\u00f1o y mantenimiento Web, as\u00ed como asesoramiento, formaci\u00f3n y soluciones inform\u00e1ticas, gesti\u00f3n documental y digitalizaci\u00f3n de textos, edici\u00f3n y maquetaci\u00f3n de libros, revistas, flyers, etc.","sameAs":["http:\/\/chento.org","https:\/\/www.facebook.com\/JavierChento","https:\/\/x.com\/https:\/\/twitter.com\/javierchento"],"url":"https:\/\/vincentians.com\/es\/author\/chento\/"}]}},"jetpack_publicize_connections":[],"jetpack_featured_media_url":"https:\/\/i0.wp.com\/vincentians.com\/es\/wp-content\/uploads\/sites\/11\/2016\/07\/ephemerides-fb.jpg?fit=1200%2C630&ssl=1","jetpack_sharing_enabled":true,"jetpack_shortlink":"https:\/\/wp.me\/p7ETMF-5Qo","jetpack-related-posts":[{"id":115258,"url":"https:\/\/vincentians.com\/es\/casas-de-la-congregacion-de-la-mision-en-paris-en-tiempos-de-san-vicente-i\/","url_meta":{"origin":22468,"position":0},"title":"Casas de la Congregaci\u00f3n de la Misi\u00f3n en Par\u00eds en tiempos de San Vicente (I)","author":"Francisco Javier Fern\u00e1ndez Chento","date":"04\/10\/2018","format":false,"excerpt":"Bons-Enfants (En la calle des Ecoles n2 2-4) Hacia 1250 ya exist\u00eda la casa con el nombre de Colegio de Bons-Enfants. Era un Colegio Menor fundado por el Rey San Luis que le dej\u00f3 unas \u00f3n0 libras de renta. La finca ten\u00eda unos 4.000 m 2 y los edificios ocupaban\u2026","rel":"","context":"En \u00abEn tiempos de Vicente de Pa\u00fal\u00bb","block_context":{"text":"En tiempos de Vicente de Pa\u00fal","link":"https:\/\/vincentians.com\/es\/category\/historia-de-la-familia-vicenciana\/en-tiempos-de-vicente-de-paul\/"},"img":{"alt_text":"","src":"https:\/\/i0.wp.com\/vincentians.com\/es\/wp-content\/uploads\/sites\/11\/2015\/04\/tres-descubrimientos-de-Vicente-de-Paul.jpg?fit=1200%2C630&ssl=1&resize=350%2C200","width":350,"height":200,"srcset":"https:\/\/i0.wp.com\/vincentians.com\/es\/wp-content\/uploads\/sites\/11\/2015\/04\/tres-descubrimientos-de-Vicente-de-Paul.jpg?fit=1200%2C630&ssl=1&resize=350%2C200 1x, https:\/\/i0.wp.com\/vincentians.com\/es\/wp-content\/uploads\/sites\/11\/2015\/04\/tres-descubrimientos-de-Vicente-de-Paul.jpg?fit=1200%2C630&ssl=1&resize=525%2C300 1.5x, https:\/\/i0.wp.com\/vincentians.com\/es\/wp-content\/uploads\/sites\/11\/2015\/04\/tres-descubrimientos-de-Vicente-de-Paul.jpg?fit=1200%2C630&ssl=1&resize=700%2C400 2x, https:\/\/i0.wp.com\/vincentians.com\/es\/wp-content\/uploads\/sites\/11\/2015\/04\/tres-descubrimientos-de-Vicente-de-Paul.jpg?fit=1200%2C630&ssl=1&resize=1050%2C600 3x"},"classes":[]},{"id":131357,"url":"https:\/\/vincentians.com\/es\/el-senor-vicente-evolucion-de-un-santo-viii\/","url_meta":{"origin":22468,"position":1},"title":"El se\u00f1or Vicente, evoluci\u00f3n de un santo (VIII)","author":"Francisco Javier Fern\u00e1ndez Chento","date":"02\/10\/2014","format":false,"excerpt":"8. LA C\u00c1NDIDA EVA 1.El se\u00f1or Vicente, p\u00e1rroco de Clichy.- 2.La Hermandad del Rosario.- 3.Restauraci\u00f3n de la iglesia.- 4.Adios a la parroquia.- 5.En la casa de los Gondi.- 6.La familia.- 7.Beneficio.- 8.Las tierra de los Gondi.- 9.Maestro y maestra.- 10.\"El se\u00f1or Vicente\".- 11.Los ni\u00f1os.- 12.El preceptor.- 13.Conducata del capell\u00e1n; proyecto\u2026","rel":"","context":"En \u00abVicente de Pa\u00fal\u00bb","block_context":{"text":"Vicente de Pa\u00fal","link":"https:\/\/vincentians.com\/es\/category\/la-familia-vicenciana\/fundadores\/vicente-de-paul\/"},"img":{"alt_text":"coraz\u00f3n","src":"https:\/\/i0.wp.com\/vicencianos.org\/wp-content\/2014\/03\/coraz%C3%B3n.jpg?resize=350%2C200","width":350,"height":200},"classes":[]},{"id":124197,"url":"https:\/\/vincentians.com\/es\/vicente-de-paul-el-fundador\/","url_meta":{"origin":22468,"position":2},"title":"Vicente de Pa\u00fal: El fundador","author":"Francisco Javier Fern\u00e1ndez Chento","date":"03\/03\/2023","format":false,"excerpt":"Por a\u00f1os, Vicente hab\u00eda compartido con sacerdotes y seglares su atenci\u00f3n a los pobres. Ahora empieza por reunir a estos compa\u00f1eros en una comunidad permanente. Es decir, como Jesucristo, o el ap\u00f3stol Pablo, empieza a juntar sacerdotes y ayudantes para que compartan no s\u00f3lo sus deberes sino tambi\u00e9n toda su\u2026","rel":"","context":"En \u00abVicente de Pa\u00fal\u00bb","block_context":{"text":"Vicente de Pa\u00fal","link":"https:\/\/vincentians.com\/es\/category\/la-familia-vicenciana\/fundadores\/vicente-de-paul\/"},"img":{"alt_text":"","src":"https:\/\/i0.wp.com\/vincentians.com\/es\/wp-content\/uploads\/sites\/11\/2013\/04\/d.jpg?fit=1200%2C799&ssl=1&resize=350%2C200","width":350,"height":200,"srcset":"https:\/\/i0.wp.com\/vincentians.com\/es\/wp-content\/uploads\/sites\/11\/2013\/04\/d.jpg?fit=1200%2C799&ssl=1&resize=350%2C200 1x, https:\/\/i0.wp.com\/vincentians.com\/es\/wp-content\/uploads\/sites\/11\/2013\/04\/d.jpg?fit=1200%2C799&ssl=1&resize=525%2C300 1.5x, https:\/\/i0.wp.com\/vincentians.com\/es\/wp-content\/uploads\/sites\/11\/2013\/04\/d.jpg?fit=1200%2C799&ssl=1&resize=700%2C400 2x, https:\/\/i0.wp.com\/vincentians.com\/es\/wp-content\/uploads\/sites\/11\/2013\/04\/d.jpg?fit=1200%2C799&ssl=1&resize=1050%2C600 3x"},"classes":[]},{"id":387345,"url":"https:\/\/vincentians.com\/es\/fechas-en-la-vida-de-san-vicente\/","url_meta":{"origin":22468,"position":3},"title":"Fechas en la vida de San Vicente","author":"Francisco Javier Fern\u00e1ndez Chento","date":"21\/12\/2017","format":false,"excerpt":"1581: En Pouy (Landas) nace Vicente de Pa\u00fal, tercer hijo de la familia de Pa\u00fal. 1595: Vicente sale de Pouy para ir a Dax, donde vivir\u00e1 en casa del Se\u00f1or de Comet, abogado en Dax y juez en Pouy. Cursa estudios en el colegio de los Franciscanos. 1596: Vicente inicia\u2026","rel":"","context":"En \u00abVicente de Pa\u00fal\u00bb","block_context":{"text":"Vicente de Pa\u00fal","link":"https:\/\/vincentians.com\/es\/category\/la-familia-vicenciana\/fundadores\/vicente-de-paul\/"},"img":{"alt_text":"","src":"https:\/\/i0.wp.com\/vincentians.com\/es\/wp-content\/uploads\/sites\/11\/2016\/08\/con-damas-de-la-caridad.jpg?fit=1200%2C630&ssl=1&resize=350%2C200","width":350,"height":200,"srcset":"https:\/\/i0.wp.com\/vincentians.com\/es\/wp-content\/uploads\/sites\/11\/2016\/08\/con-damas-de-la-caridad.jpg?fit=1200%2C630&ssl=1&resize=350%2C200 1x, https:\/\/i0.wp.com\/vincentians.com\/es\/wp-content\/uploads\/sites\/11\/2016\/08\/con-damas-de-la-caridad.jpg?fit=1200%2C630&ssl=1&resize=525%2C300 1.5x, https:\/\/i0.wp.com\/vincentians.com\/es\/wp-content\/uploads\/sites\/11\/2016\/08\/con-damas-de-la-caridad.jpg?fit=1200%2C630&ssl=1&resize=700%2C400 2x, https:\/\/i0.wp.com\/vincentians.com\/es\/wp-content\/uploads\/sites\/11\/2016\/08\/con-damas-de-la-caridad.jpg?fit=1200%2C630&ssl=1&resize=1050%2C600 3x"},"classes":[]},{"id":387860,"url":"https:\/\/vincentians.com\/es\/san-vicente-amigo-de-los-pobres-anos-de-consolidacion-1625-1633\/","url_meta":{"origin":22468,"position":4},"title":"San Vicente: Amigo de los pobres: a\u00f1os de consolidaci\u00f3n (1625-1633)","author":"Mitxel Olabu\u00e9naga","date":"14\/10\/2016","format":false,"excerpt":"Las misiones El contrato de fundaci\u00f3n Vamos a entrar en la casa de los Gondi, en la calle Pa\u00ady\u00e9, en Par\u00eds, el 17 de abril de 1625. Poco despu\u00e9s de mediod\u00eda, se re\u00fanen los esposos, dos notarios y el capell\u00e1n. En sencilla cere\u00admonia, leen y firman un contrato. Vicente traz\u00f3\u2026","rel":"","context":"En \u00abFormaci\u00f3n Vicenciana\u00bb","block_context":{"text":"Formaci\u00f3n Vicenciana","link":"https:\/\/vincentians.com\/es\/category\/formacion-vicenciana\/"},"img":{"alt_text":"","src":"https:\/\/i0.wp.com\/vincentians.com\/es\/wp-content\/uploads\/sites\/11\/2016\/07\/st-vincent-de-paul.jpg?fit=1200%2C630&ssl=1&resize=350%2C200","width":350,"height":200,"srcset":"https:\/\/i0.wp.com\/vincentians.com\/es\/wp-content\/uploads\/sites\/11\/2016\/07\/st-vincent-de-paul.jpg?fit=1200%2C630&ssl=1&resize=350%2C200 1x, https:\/\/i0.wp.com\/vincentians.com\/es\/wp-content\/uploads\/sites\/11\/2016\/07\/st-vincent-de-paul.jpg?fit=1200%2C630&ssl=1&resize=525%2C300 1.5x, https:\/\/i0.wp.com\/vincentians.com\/es\/wp-content\/uploads\/sites\/11\/2016\/07\/st-vincent-de-paul.jpg?fit=1200%2C630&ssl=1&resize=700%2C400 2x, https:\/\/i0.wp.com\/vincentians.com\/es\/wp-content\/uploads\/sites\/11\/2016\/07\/st-vincent-de-paul.jpg?fit=1200%2C630&ssl=1&resize=1050%2C600 3x"},"classes":[]},{"id":121668,"url":"https:\/\/vincentians.com\/es\/san-vicente-de-paul-y-los-gondi-capitulo-11\/","url_meta":{"origin":22468,"position":5},"title":"San Vicente de Pa\u00fal y los Gondi: Cap\u00edtulo 11","author":"Francisco Javier Fern\u00e1ndez Chento","date":"21\/07\/2024","format":false,"excerpt":"Cap\u00edtulo XI El P. de Gondi en el Oratorio. - Carta in\u00e9dita del cardenal Spada. - Fundaciones hechas en el Oratorio por el P. de Gondi y la Sra. de Maignelais. - El P. de Gondi y los Carmelitas. - El P. de Gondi, Vicente de Pa\u00fal y los Jansenistas.\u2026","rel":"","context":"En \u00abVicente de Pa\u00fal\u00bb","block_context":{"text":"Vicente de Pa\u00fal","link":"https:\/\/vincentians.com\/es\/category\/la-familia-vicenciana\/fundadores\/vicente-de-paul\/"},"img":{"alt_text":"","src":"https:\/\/i0.wp.com\/vincentians.com\/es\/wp-content\/uploads\/sites\/11\/2023\/08\/aaaf.jpg?fit=1200%2C827&ssl=1&resize=350%2C200","width":350,"height":200,"srcset":"https:\/\/i0.wp.com\/vincentians.com\/es\/wp-content\/uploads\/sites\/11\/2023\/08\/aaaf.jpg?fit=1200%2C827&ssl=1&resize=350%2C200 1x, https:\/\/i0.wp.com\/vincentians.com\/es\/wp-content\/uploads\/sites\/11\/2023\/08\/aaaf.jpg?fit=1200%2C827&ssl=1&resize=525%2C300 1.5x, https:\/\/i0.wp.com\/vincentians.com\/es\/wp-content\/uploads\/sites\/11\/2023\/08\/aaaf.jpg?fit=1200%2C827&ssl=1&resize=700%2C400 2x, https:\/\/i0.wp.com\/vincentians.com\/es\/wp-content\/uploads\/sites\/11\/2023\/08\/aaaf.jpg?fit=1200%2C827&ssl=1&resize=1050%2C600 3x"},"classes":[]}],"_links":{"self":[{"href":"https:\/\/vincentians.com\/es\/wp-json\/wp\/v2\/posts\/22468","targetHints":{"allow":["GET"]}}],"collection":[{"href":"https:\/\/vincentians.com\/es\/wp-json\/wp\/v2\/posts"}],"about":[{"href":"https:\/\/vincentians.com\/es\/wp-json\/wp\/v2\/types\/post"}],"author":[{"embeddable":true,"href":"https:\/\/vincentians.com\/es\/wp-json\/wp\/v2\/users\/4"}],"replies":[{"embeddable":true,"href":"https:\/\/vincentians.com\/es\/wp-json\/wp\/v2\/comments?post=22468"}],"version-history":[{"count":0,"href":"https:\/\/vincentians.com\/es\/wp-json\/wp\/v2\/posts\/22468\/revisions"}],"wp:featuredmedia":[{"embeddable":true,"href":"https:\/\/vincentians.com\/es\/wp-json\/wp\/v2\/media\/149897"}],"wp:attachment":[{"href":"https:\/\/vincentians.com\/es\/wp-json\/wp\/v2\/media?parent=22468"}],"wp:term":[{"taxonomy":"category","embeddable":true,"href":"https:\/\/vincentians.com\/es\/wp-json\/wp\/v2\/categories?post=22468"},{"taxonomy":"post_tag","embeddable":true,"href":"https:\/\/vincentians.com\/es\/wp-json\/wp\/v2\/tags?post=22468"}],"curies":[{"name":"wp","href":"https:\/\/api.w.org\/{rel}","templated":true}]}}