{"id":22465,"date":"2017-06-24T00:01:12","date_gmt":"2017-06-23T22:01:12","guid":{"rendered":"http:\/\/somos.vicencianos.org\/blog\/2010\/06\/24\/tal-dia-como-hoy-24-de-junio\/"},"modified":"2016-07-24T09:06:50","modified_gmt":"2016-07-24T07:06:50","slug":"tal-dia-como-hoy-24-de-junio","status":"publish","type":"post","link":"https:\/\/vincentians.com\/es\/tal-dia-como-hoy-24-de-junio\/","title":{"rendered":"Tal d\u00eda como hoy: 24 de junio"},"content":{"rendered":"<p><strong>1736.<\/strong> En Roma, el papa Clemente XII publica el  decreto que aprueba dos de los seis milagros propuestos para la  canonizaci\u00f3n de Vicente de Pa\u00fal. Se trata de dos curaciones  extraordinarias: la primera de sor Mar\u00eda Teresa de San Basilio,  benedictina de Montmirail, que padec\u00eda \u00falceras p\u00fatridas, hidropes\u00eda y  hemiplejia; la segunda de Francisco Richer, afectado por una hernia  completa, antigua e incurable.<\/p>\n<p><strong>1839.<\/strong> En Par\u00eds, el arzobispo, Mons.  Jacinto Luis de Qu\u00e9len anuncia a los fieles que el Papa ha autorizado la  inserci\u00f3n en las letan\u00edas marianas de Reina sin pecado concebida. El  Arzobispo de Sevilla, conmovido por la reciente carta pastoral de Mons.  de Qu\u00e9len en la que comentaba la invocaci\u00f3n \u00abOh Mar\u00eda, sin pecado  concebida\u00bb de la Medalla milagrosa, le hab\u00eda impulsado a hacer la  petici\u00f3n.<\/p>\n<p><strong>1868.<\/strong> En Par\u00eds, en la parroquia de  San Sulpicio, muere el P. Juan Bautista Nozo, que fue  el decimotercer superior general de la Congregaci\u00f3n de la Misi\u00f3n. Naci\u00f3  en Ablaincourt, en la di\u00f3cesis de Amiens, el 4 de enero de 1796 y entr\u00f3  en la Congregaci\u00f3n con veinticuatro a\u00f1os. Tras ense\u00f1ar en los seminarios  de San Floro y Cahors, fue llamado a Par\u00eds, en 1827, como director del  Seminario interno. Demostr\u00f3 dedicaci\u00f3n durante la epidemia de c\u00f3lera de  1830. superior del seminario de Ch\u00e2lons y despu\u00e9s Visitador de Francia,  fue elegido superior general por la Asamblea de 1835. Los desastrosos  asuntos financieros en que se meti\u00f3 y que le obligaron a presentar su  dimisi\u00f3n, no deben hacer olvidar que durante su generalato se dio una  gran expansi\u00f3n de la Congregaci\u00f3n: Persia y Abisinia, en 1840, Irlanda,  en 1839. Con la excepci\u00f3n de Espa\u00f1a y Portugal, donde se daba la  persecuci\u00f3n religiosa, las obras prosperaban por todo.<\/p>\n","protected":false},"excerpt":{"rendered":"<p>1736. En Roma, el papa Clemente XII publica el decreto que aprueba dos de los seis milagros propuestos para la canonizaci\u00f3n de Vicente de Pa\u00fal. Se trata de dos curaciones extraordinarias: la primera de sor &#8230; <a href=\"https:\/\/vincentians.com\/es\/tal-dia-como-hoy-24-de-junio\/\" class=\"more-link\">Read More<\/a><\/p>\n","protected":false},"author":4,"featured_media":149897,"comment_status":"open","ping_status":"open","sticky":false,"template":"","format":"standard","meta":{"jetpack_post_was_ever_published":false,"_jetpack_newsletter_access":"","_jetpack_dont_email_post_to_subs":false,"_jetpack_newsletter_tier_id":0,"_jetpack_memberships_contains_paywalled_content":false,"_jetpack_memberships_contains_paid_content":false,"footnotes":"","jetpack_publicize_message":"","jetpack_publicize_feature_enabled":true,"jetpack_social_post_already_shared":true,"jetpack_social_options":{"image_generator_settings":{"template":"highway","default_image_id":0,"font":"","enabled":false},"version":2}},"categories":[60],"tags":[233,131,140],"class_list":["post-22465","post","type-post","status-publish","format-standard","has-post-thumbnail","hentry","category-efemerides-vicencianas","tag-abisinia","tag-montmirail","tag-san-sulpicio"],"yoast_head":"<!-- This site is optimized with the Yoast SEO plugin v26.3 - https:\/\/yoast.com\/wordpress\/plugins\/seo\/ -->\n<title>Tal d\u00eda como hoy: 24 de junio - Somos Vicencianos<\/title>\n<meta name=\"robots\" content=\"index, follow, max-snippet:-1, max-image-preview:large, max-video-preview:-1\" \/>\n<link rel=\"canonical\" href=\"https:\/\/vincentians.com\/es\/tal-dia-como-hoy-24-de-junio\/\" \/>\n<meta property=\"og:locale\" content=\"es_ES\" \/>\n<meta property=\"og:type\" content=\"article\" \/>\n<meta property=\"og:title\" content=\"Tal d\u00eda como hoy: 24 de junio - Somos Vicencianos\" \/>\n<meta property=\"og:description\" content=\"1736. En Roma, el papa Clemente XII publica el decreto que aprueba dos de los seis milagros propuestos para la canonizaci\u00f3n de Vicente de Pa\u00fal. Se trata de dos curaciones extraordinarias: la primera de sor ... Read More\" \/>\n<meta property=\"og:url\" content=\"https:\/\/vincentians.com\/es\/tal-dia-como-hoy-24-de-junio\/\" \/>\n<meta property=\"og:site_name\" content=\"Somos Vicencianos\" \/>\n<meta property=\"article:publisher\" content=\"https:\/\/www.facebook.com\/WeAreVincentians\/\" \/>\n<meta property=\"article:author\" content=\"https:\/\/www.facebook.com\/JavierChento\" \/>\n<meta property=\"article:published_time\" content=\"2017-06-23T22:01:12+00:00\" \/>\n<meta property=\"og:image\" content=\"https:\/\/i0.wp.com\/vincentians.com\/es\/wp-content\/uploads\/sites\/11\/2016\/07\/ephemerides-fb.jpg?fit=1200%2C630&ssl=1\" \/>\n\t<meta property=\"og:image:width\" content=\"1200\" \/>\n\t<meta property=\"og:image:height\" content=\"630\" \/>\n\t<meta property=\"og:image:type\" content=\"image\/jpeg\" \/>\n<meta name=\"author\" content=\"Francisco Javier Fern\u00e1ndez Chento\" \/>\n<meta name=\"twitter:card\" content=\"summary_large_image\" \/>\n<meta name=\"twitter:creator\" content=\"@https:\/\/twitter.com\/javierchento\" \/>\n<meta name=\"twitter:site\" content=\"@WeVincentians\" \/>\n<meta name=\"twitter:label1\" content=\"Escrito por\" \/>\n\t<meta name=\"twitter:data1\" content=\"Francisco Javier Fern\u00e1ndez Chento\" \/>\n\t<meta name=\"twitter:label2\" content=\"Tiempo de lectura\" \/>\n\t<meta name=\"twitter:data2\" content=\"2 minutos\" \/>\n<script type=\"application\/ld+json\" class=\"yoast-schema-graph\">{\"@context\":\"https:\/\/schema.org\",\"@graph\":[{\"@type\":\"Article\",\"@id\":\"https:\/\/vincentians.com\/es\/tal-dia-como-hoy-24-de-junio\/#article\",\"isPartOf\":{\"@id\":\"https:\/\/vincentians.com\/es\/tal-dia-como-hoy-24-de-junio\/\"},\"author\":{\"name\":\"Francisco Javier Fern\u00e1ndez Chento\",\"@id\":\"https:\/\/vincentians.com\/es\/#\/schema\/person\/9623ef4d9aa3b2dfb8c061f1499288f2\"},\"headline\":\"Tal d\u00eda como hoy: 24 de junio\",\"datePublished\":\"2017-06-23T22:01:12+00:00\",\"mainEntityOfPage\":{\"@id\":\"https:\/\/vincentians.com\/es\/tal-dia-como-hoy-24-de-junio\/\"},\"wordCount\":315,\"commentCount\":0,\"publisher\":{\"@id\":\"https:\/\/vincentians.com\/es\/#organization\"},\"image\":{\"@id\":\"https:\/\/vincentians.com\/es\/tal-dia-como-hoy-24-de-junio\/#primaryimage\"},\"thumbnailUrl\":\"https:\/\/i0.wp.com\/vincentians.com\/es\/wp-content\/uploads\/sites\/11\/2016\/07\/ephemerides-fb.jpg?fit=1200%2C630&ssl=1\",\"keywords\":[\"Abisinia\",\"Montmirail\",\"San Sulpicio\"],\"articleSection\":[\"Efem\u00e9rides Vicencianas\"],\"inLanguage\":\"es\",\"potentialAction\":[{\"@type\":\"CommentAction\",\"name\":\"Comment\",\"target\":[\"https:\/\/vincentians.com\/es\/tal-dia-como-hoy-24-de-junio\/#respond\"]}]},{\"@type\":\"WebPage\",\"@id\":\"https:\/\/vincentians.com\/es\/tal-dia-como-hoy-24-de-junio\/\",\"url\":\"https:\/\/vincentians.com\/es\/tal-dia-como-hoy-24-de-junio\/\",\"name\":\"Tal d\u00eda como hoy: 24 de junio - Somos Vicencianos\",\"isPartOf\":{\"@id\":\"https:\/\/vincentians.com\/es\/#website\"},\"primaryImageOfPage\":{\"@id\":\"https:\/\/vincentians.com\/es\/tal-dia-como-hoy-24-de-junio\/#primaryimage\"},\"image\":{\"@id\":\"https:\/\/vincentians.com\/es\/tal-dia-como-hoy-24-de-junio\/#primaryimage\"},\"thumbnailUrl\":\"https:\/\/i0.wp.com\/vincentians.com\/es\/wp-content\/uploads\/sites\/11\/2016\/07\/ephemerides-fb.jpg?fit=1200%2C630&ssl=1\",\"datePublished\":\"2017-06-23T22:01:12+00:00\",\"breadcrumb\":{\"@id\":\"https:\/\/vincentians.com\/es\/tal-dia-como-hoy-24-de-junio\/#breadcrumb\"},\"inLanguage\":\"es\",\"potentialAction\":[{\"@type\":\"ReadAction\",\"target\":[\"https:\/\/vincentians.com\/es\/tal-dia-como-hoy-24-de-junio\/\"]}]},{\"@type\":\"ImageObject\",\"inLanguage\":\"es\",\"@id\":\"https:\/\/vincentians.com\/es\/tal-dia-como-hoy-24-de-junio\/#primaryimage\",\"url\":\"https:\/\/i0.wp.com\/vincentians.com\/es\/wp-content\/uploads\/sites\/11\/2016\/07\/ephemerides-fb.jpg?fit=1200%2C630&ssl=1\",\"contentUrl\":\"https:\/\/i0.wp.com\/vincentians.com\/es\/wp-content\/uploads\/sites\/11\/2016\/07\/ephemerides-fb.jpg?fit=1200%2C630&ssl=1\",\"width\":1200,\"height\":630},{\"@type\":\"BreadcrumbList\",\"@id\":\"https:\/\/vincentians.com\/es\/tal-dia-como-hoy-24-de-junio\/#breadcrumb\",\"itemListElement\":[{\"@type\":\"ListItem\",\"position\":1,\"name\":\"Portada\",\"item\":\"https:\/\/vincentians.com\/es\/\"},{\"@type\":\"ListItem\",\"position\":2,\"name\":\"Tal d\u00eda como hoy: 24 de junio\"}]},{\"@type\":\"WebSite\",\"@id\":\"https:\/\/vincentians.com\/es\/#website\",\"url\":\"https:\/\/vincentians.com\/es\/\",\"name\":\"Somos Vicencianos\",\"description\":\"Know more to serve more\",\"publisher\":{\"@id\":\"https:\/\/vincentians.com\/es\/#organization\"},\"potentialAction\":[{\"@type\":\"SearchAction\",\"target\":{\"@type\":\"EntryPoint\",\"urlTemplate\":\"https:\/\/vincentians.com\/es\/?s={search_term_string}\"},\"query-input\":{\"@type\":\"PropertyValueSpecification\",\"valueRequired\":true,\"valueName\":\"search_term_string\"}}],\"inLanguage\":\"es\"},{\"@type\":\"Organization\",\"@id\":\"https:\/\/vincentians.com\/es\/#organization\",\"name\":\"The Vincentian Network\",\"url\":\"https:\/\/vincentians.com\/es\/\",\"logo\":{\"@type\":\"ImageObject\",\"inLanguage\":\"es\",\"@id\":\"https:\/\/vincentians.com\/es\/#\/schema\/logo\/image\/\",\"url\":\"https:\/\/i1.wp.com\/vincentians.com\/es\/wp-content\/uploads\/sites\/11\/2016\/06\/Vincentian-Network-logo-big.png?fit=778%2C778\",\"contentUrl\":\"https:\/\/i1.wp.com\/vincentians.com\/es\/wp-content\/uploads\/sites\/11\/2016\/06\/Vincentian-Network-logo-big.png?fit=778%2C778\",\"width\":778,\"height\":778,\"caption\":\"The Vincentian Network\"},\"image\":{\"@id\":\"https:\/\/vincentians.com\/es\/#\/schema\/logo\/image\/\"},\"sameAs\":[\"https:\/\/www.facebook.com\/WeAreVincentians\/\",\"https:\/\/x.com\/WeVincentians\"]},{\"@type\":\"Person\",\"@id\":\"https:\/\/vincentians.com\/es\/#\/schema\/person\/9623ef4d9aa3b2dfb8c061f1499288f2\",\"name\":\"Francisco Javier Fern\u00e1ndez Chento\",\"image\":{\"@type\":\"ImageObject\",\"inLanguage\":\"es\",\"@id\":\"https:\/\/vincentians.com\/es\/#\/schema\/person\/image\/\",\"url\":\"https:\/\/secure.gravatar.com\/avatar\/497d5cde87b4c3d097d0315953521681ba2cd523ee66e5077c3711f7021e65de?s=96&d=mm&r=g\",\"contentUrl\":\"https:\/\/secure.gravatar.com\/avatar\/497d5cde87b4c3d097d0315953521681ba2cd523ee66e5077c3711f7021e65de?s=96&d=mm&r=g\",\"caption\":\"Francisco Javier Fern\u00e1ndez Chento\"},\"description\":\"Director General y cofundador de La Red de Formaci\u00f3n Vicenciana. Javier es laico vicenciano, afiliado a la Congregaci\u00f3n de la Misi\u00f3n y miembro del Equipo de Misiones Populares de la provincia can\u00f3nica de Zaragoza (Espa\u00f1a) de la Congregaci\u00f3n de la Misi\u00f3n. Graduado en la Universidad Oberta de Catalunya con cuatro grados (Asistente de direcci\u00f3n, Gesti\u00f3n Administrativa, Recursos Humanos y Contabilidad Avanzada). Bil\u00edng\u00fce Espa\u00f1ol\/Ingl\u00e9s. gestiona y mantiene varias p\u00e1ginas web cristianas y vicencianas, incluida including La Red de Formaci\u00f3n Vicenciana, de la que es cofundador. Actualmente es responsable del \u00e1rea de Espa\u00f1ol de .famvin, la Red de Noticias de la Familia Vicenciana. Tambi\u00e9n es m\u00fasico cat\u00f3lico y ha editado varios discos. Es Director General y cofundador de Trovador, una reconocida compa\u00f1\u00eda discogr\u00e1fica critiana de Espa\u00f1a. Trabaja en las Tecnolog\u00edas de la Informaci\u00f3n, ofreciendo servicios de alojamiento, dise\u00f1o y mantenimiento Web, as\u00ed como asesoramiento, formaci\u00f3n y soluciones inform\u00e1ticas, gesti\u00f3n documental y digitalizaci\u00f3n de textos, edici\u00f3n y maquetaci\u00f3n de libros, revistas, flyers, etc.\",\"sameAs\":[\"http:\/\/chento.org\",\"https:\/\/www.facebook.com\/JavierChento\",\"https:\/\/x.com\/https:\/\/twitter.com\/javierchento\"],\"url\":\"https:\/\/vincentians.com\/es\/author\/chento\/\"}]}<\/script>\n<!-- \/ Yoast SEO plugin. -->","yoast_head_json":{"title":"Tal d\u00eda como hoy: 24 de junio - Somos Vicencianos","robots":{"index":"index","follow":"follow","max-snippet":"max-snippet:-1","max-image-preview":"max-image-preview:large","max-video-preview":"max-video-preview:-1"},"canonical":"https:\/\/vincentians.com\/es\/tal-dia-como-hoy-24-de-junio\/","og_locale":"es_ES","og_type":"article","og_title":"Tal d\u00eda como hoy: 24 de junio - Somos Vicencianos","og_description":"1736. En Roma, el papa Clemente XII publica el decreto que aprueba dos de los seis milagros propuestos para la canonizaci\u00f3n de Vicente de Pa\u00fal. Se trata de dos curaciones extraordinarias: la primera de sor ... Read More","og_url":"https:\/\/vincentians.com\/es\/tal-dia-como-hoy-24-de-junio\/","og_site_name":"Somos Vicencianos","article_publisher":"https:\/\/www.facebook.com\/WeAreVincentians\/","article_author":"https:\/\/www.facebook.com\/JavierChento","article_published_time":"2017-06-23T22:01:12+00:00","og_image":[{"width":1200,"height":630,"url":"https:\/\/i0.wp.com\/vincentians.com\/es\/wp-content\/uploads\/sites\/11\/2016\/07\/ephemerides-fb.jpg?fit=1200%2C630&ssl=1","type":"image\/jpeg"}],"author":"Francisco Javier Fern\u00e1ndez Chento","twitter_card":"summary_large_image","twitter_creator":"@https:\/\/twitter.com\/javierchento","twitter_site":"@WeVincentians","twitter_misc":{"Escrito por":"Francisco Javier Fern\u00e1ndez Chento","Tiempo de lectura":"2 minutos"},"schema":{"@context":"https:\/\/schema.org","@graph":[{"@type":"Article","@id":"https:\/\/vincentians.com\/es\/tal-dia-como-hoy-24-de-junio\/#article","isPartOf":{"@id":"https:\/\/vincentians.com\/es\/tal-dia-como-hoy-24-de-junio\/"},"author":{"name":"Francisco Javier Fern\u00e1ndez Chento","@id":"https:\/\/vincentians.com\/es\/#\/schema\/person\/9623ef4d9aa3b2dfb8c061f1499288f2"},"headline":"Tal d\u00eda como hoy: 24 de junio","datePublished":"2017-06-23T22:01:12+00:00","mainEntityOfPage":{"@id":"https:\/\/vincentians.com\/es\/tal-dia-como-hoy-24-de-junio\/"},"wordCount":315,"commentCount":0,"publisher":{"@id":"https:\/\/vincentians.com\/es\/#organization"},"image":{"@id":"https:\/\/vincentians.com\/es\/tal-dia-como-hoy-24-de-junio\/#primaryimage"},"thumbnailUrl":"https:\/\/i0.wp.com\/vincentians.com\/es\/wp-content\/uploads\/sites\/11\/2016\/07\/ephemerides-fb.jpg?fit=1200%2C630&ssl=1","keywords":["Abisinia","Montmirail","San Sulpicio"],"articleSection":["Efem\u00e9rides Vicencianas"],"inLanguage":"es","potentialAction":[{"@type":"CommentAction","name":"Comment","target":["https:\/\/vincentians.com\/es\/tal-dia-como-hoy-24-de-junio\/#respond"]}]},{"@type":"WebPage","@id":"https:\/\/vincentians.com\/es\/tal-dia-como-hoy-24-de-junio\/","url":"https:\/\/vincentians.com\/es\/tal-dia-como-hoy-24-de-junio\/","name":"Tal d\u00eda como hoy: 24 de junio - Somos Vicencianos","isPartOf":{"@id":"https:\/\/vincentians.com\/es\/#website"},"primaryImageOfPage":{"@id":"https:\/\/vincentians.com\/es\/tal-dia-como-hoy-24-de-junio\/#primaryimage"},"image":{"@id":"https:\/\/vincentians.com\/es\/tal-dia-como-hoy-24-de-junio\/#primaryimage"},"thumbnailUrl":"https:\/\/i0.wp.com\/vincentians.com\/es\/wp-content\/uploads\/sites\/11\/2016\/07\/ephemerides-fb.jpg?fit=1200%2C630&ssl=1","datePublished":"2017-06-23T22:01:12+00:00","breadcrumb":{"@id":"https:\/\/vincentians.com\/es\/tal-dia-como-hoy-24-de-junio\/#breadcrumb"},"inLanguage":"es","potentialAction":[{"@type":"ReadAction","target":["https:\/\/vincentians.com\/es\/tal-dia-como-hoy-24-de-junio\/"]}]},{"@type":"ImageObject","inLanguage":"es","@id":"https:\/\/vincentians.com\/es\/tal-dia-como-hoy-24-de-junio\/#primaryimage","url":"https:\/\/i0.wp.com\/vincentians.com\/es\/wp-content\/uploads\/sites\/11\/2016\/07\/ephemerides-fb.jpg?fit=1200%2C630&ssl=1","contentUrl":"https:\/\/i0.wp.com\/vincentians.com\/es\/wp-content\/uploads\/sites\/11\/2016\/07\/ephemerides-fb.jpg?fit=1200%2C630&ssl=1","width":1200,"height":630},{"@type":"BreadcrumbList","@id":"https:\/\/vincentians.com\/es\/tal-dia-como-hoy-24-de-junio\/#breadcrumb","itemListElement":[{"@type":"ListItem","position":1,"name":"Portada","item":"https:\/\/vincentians.com\/es\/"},{"@type":"ListItem","position":2,"name":"Tal d\u00eda como hoy: 24 de junio"}]},{"@type":"WebSite","@id":"https:\/\/vincentians.com\/es\/#website","url":"https:\/\/vincentians.com\/es\/","name":"Somos Vicencianos","description":"Know more to serve more","publisher":{"@id":"https:\/\/vincentians.com\/es\/#organization"},"potentialAction":[{"@type":"SearchAction","target":{"@type":"EntryPoint","urlTemplate":"https:\/\/vincentians.com\/es\/?s={search_term_string}"},"query-input":{"@type":"PropertyValueSpecification","valueRequired":true,"valueName":"search_term_string"}}],"inLanguage":"es"},{"@type":"Organization","@id":"https:\/\/vincentians.com\/es\/#organization","name":"The Vincentian Network","url":"https:\/\/vincentians.com\/es\/","logo":{"@type":"ImageObject","inLanguage":"es","@id":"https:\/\/vincentians.com\/es\/#\/schema\/logo\/image\/","url":"https:\/\/i1.wp.com\/vincentians.com\/es\/wp-content\/uploads\/sites\/11\/2016\/06\/Vincentian-Network-logo-big.png?fit=778%2C778","contentUrl":"https:\/\/i1.wp.com\/vincentians.com\/es\/wp-content\/uploads\/sites\/11\/2016\/06\/Vincentian-Network-logo-big.png?fit=778%2C778","width":778,"height":778,"caption":"The Vincentian Network"},"image":{"@id":"https:\/\/vincentians.com\/es\/#\/schema\/logo\/image\/"},"sameAs":["https:\/\/www.facebook.com\/WeAreVincentians\/","https:\/\/x.com\/WeVincentians"]},{"@type":"Person","@id":"https:\/\/vincentians.com\/es\/#\/schema\/person\/9623ef4d9aa3b2dfb8c061f1499288f2","name":"Francisco Javier Fern\u00e1ndez Chento","image":{"@type":"ImageObject","inLanguage":"es","@id":"https:\/\/vincentians.com\/es\/#\/schema\/person\/image\/","url":"https:\/\/secure.gravatar.com\/avatar\/497d5cde87b4c3d097d0315953521681ba2cd523ee66e5077c3711f7021e65de?s=96&d=mm&r=g","contentUrl":"https:\/\/secure.gravatar.com\/avatar\/497d5cde87b4c3d097d0315953521681ba2cd523ee66e5077c3711f7021e65de?s=96&d=mm&r=g","caption":"Francisco Javier Fern\u00e1ndez Chento"},"description":"Director General y cofundador de La Red de Formaci\u00f3n Vicenciana. Javier es laico vicenciano, afiliado a la Congregaci\u00f3n de la Misi\u00f3n y miembro del Equipo de Misiones Populares de la provincia can\u00f3nica de Zaragoza (Espa\u00f1a) de la Congregaci\u00f3n de la Misi\u00f3n. Graduado en la Universidad Oberta de Catalunya con cuatro grados (Asistente de direcci\u00f3n, Gesti\u00f3n Administrativa, Recursos Humanos y Contabilidad Avanzada). Bil\u00edng\u00fce Espa\u00f1ol\/Ingl\u00e9s. gestiona y mantiene varias p\u00e1ginas web cristianas y vicencianas, incluida including La Red de Formaci\u00f3n Vicenciana, de la que es cofundador. Actualmente es responsable del \u00e1rea de Espa\u00f1ol de .famvin, la Red de Noticias de la Familia Vicenciana. Tambi\u00e9n es m\u00fasico cat\u00f3lico y ha editado varios discos. Es Director General y cofundador de Trovador, una reconocida compa\u00f1\u00eda discogr\u00e1fica critiana de Espa\u00f1a. Trabaja en las Tecnolog\u00edas de la Informaci\u00f3n, ofreciendo servicios de alojamiento, dise\u00f1o y mantenimiento Web, as\u00ed como asesoramiento, formaci\u00f3n y soluciones inform\u00e1ticas, gesti\u00f3n documental y digitalizaci\u00f3n de textos, edici\u00f3n y maquetaci\u00f3n de libros, revistas, flyers, etc.","sameAs":["http:\/\/chento.org","https:\/\/www.facebook.com\/JavierChento","https:\/\/x.com\/https:\/\/twitter.com\/javierchento"],"url":"https:\/\/vincentians.com\/es\/author\/chento\/"}]}},"jetpack_publicize_connections":[],"jetpack_featured_media_url":"https:\/\/i0.wp.com\/vincentians.com\/es\/wp-content\/uploads\/sites\/11\/2016\/07\/ephemerides-fb.jpg?fit=1200%2C630&ssl=1","jetpack_sharing_enabled":true,"jetpack_shortlink":"https:\/\/wp.me\/p7ETMF-5Ql","jetpack-related-posts":[{"id":40883,"url":"https:\/\/vincentians.com\/es\/la-influencia-en-la-iglesia-de-la-medalla-milagrosa\/","url_meta":{"origin":22465,"position":0},"title":"La influencia en la Iglesia de la Medalla Milagrosa","author":"Francisco Javier Fern\u00e1ndez Chento","date":"15\/11\/2013","format":false,"excerpt":"En el acta de apertura de la Encuesta Can\u00f3nica sobre los or\u00edgenes y efectos de la Medalla Milagrosa (manuscrito ori\u00adginal de 45 p\u00e1ginas \u201420,5 x 31,5\u2014, con membrete del Arzo\u00adbispado de Par\u00eds, que se conserva en los Archivos de la Congre\u00adgaci\u00f3n de la Misi\u00f3n, en Par\u00eds), leemos : (p. 1)\u2026","rel":"","context":"En \u00abVirgen Mar\u00eda\u00bb","block_context":{"text":"Virgen Mar\u00eda","link":"https:\/\/vincentians.com\/es\/category\/espiritualidad\/virgen-maria\/"},"img":{"alt_text":"medalla_milagrosa_2corazones","src":"https:\/\/i0.wp.com\/vicencianos.org\/wp-content\/2010\/06\/medalla_milagrosa_2corazones.jpg?resize=350%2C200","width":350,"height":200},"classes":[]},{"id":130742,"url":"https:\/\/vincentians.com\/es\/p-tadeo-amat\/","url_meta":{"origin":22465,"position":1},"title":"P. Tadeo Amat","author":"Mitxel Olabu\u00e9naga","date":"06\/07\/2014","format":false,"excerpt":"En la partida de bautismo que en 1924 vimos en la parroquia del Pino, de Barcelona, consta que fue bautizado all\u00ed el 31 de diciembre de 1811 y que fueron sus padres Pedro Amat, armero, natural de la misma ciudad, y Mar\u00eda Brusi, natural de Ripoll, consortes. Ingres\u00f3 en la\u2026","rel":"","context":"En \u00abBiograf\u00edas de Misioneros Pa\u00fales\u00bb","block_context":{"text":"Biograf\u00edas de Misioneros Pa\u00fales","link":"https:\/\/vincentians.com\/es\/category\/la-familia-vicenciana\/biografias-vicencianas\/biografias-de-misioneros-paules\/"},"img":{"alt_text":"","src":"https:\/\/i0.wp.com\/vincentians.com\/es\/wp-content\/uploads\/sites\/11\/2016\/07\/bio-cm.jpg?fit=1200%2C630&ssl=1&resize=350%2C200","width":350,"height":200,"srcset":"https:\/\/i0.wp.com\/vincentians.com\/es\/wp-content\/uploads\/sites\/11\/2016\/07\/bio-cm.jpg?fit=1200%2C630&ssl=1&resize=350%2C200 1x, https:\/\/i0.wp.com\/vincentians.com\/es\/wp-content\/uploads\/sites\/11\/2016\/07\/bio-cm.jpg?fit=1200%2C630&ssl=1&resize=525%2C300 1.5x, https:\/\/i0.wp.com\/vincentians.com\/es\/wp-content\/uploads\/sites\/11\/2016\/07\/bio-cm.jpg?fit=1200%2C630&ssl=1&resize=700%2C400 2x, https:\/\/i0.wp.com\/vincentians.com\/es\/wp-content\/uploads\/sites\/11\/2016\/07\/bio-cm.jpg?fit=1200%2C630&ssl=1&resize=1050%2C600 3x"},"classes":[]},{"id":6052,"url":"https:\/\/vincentians.com\/es\/tal-dia-como-hoy-31-de-diciembre\/","url_meta":{"origin":22465,"position":2},"title":"Tal d\u00eda como hoy: 31 de diciembre","author":"Francisco Javier Fern\u00e1ndez Chento","date":"31\/12\/2016","format":false,"excerpt":"1632. El Arzobispo de Par\u00eds, Juan Francisco de Gondi, une, anexiona e incorpora perp\u00e9tuamente la casa y leproser\u00eda de San L\u00e1zaro a los Sacerdotes de la Misi\u00f3n. 1839. Muere en Par\u00eds, su arzobispo, Mons. Jacinto Luis de Qu\u00e9len, a los sesenta y un a\u00f1os de edad, tras dieciocho como arzobispo.\u2026","rel":"","context":"En \u00abEfem\u00e9rides Vicencianas\u00bb","block_context":{"text":"Efem\u00e9rides Vicencianas","link":"https:\/\/vincentians.com\/es\/category\/historia-de-la-familia-vicenciana\/efemerides-vicencianas\/"},"img":{"alt_text":"","src":"https:\/\/i0.wp.com\/vincentians.com\/es\/wp-content\/uploads\/sites\/11\/2016\/07\/ephemerides-fb.jpg?fit=1200%2C630&ssl=1&resize=350%2C200","width":350,"height":200,"srcset":"https:\/\/i0.wp.com\/vincentians.com\/es\/wp-content\/uploads\/sites\/11\/2016\/07\/ephemerides-fb.jpg?fit=1200%2C630&ssl=1&resize=350%2C200 1x, https:\/\/i0.wp.com\/vincentians.com\/es\/wp-content\/uploads\/sites\/11\/2016\/07\/ephemerides-fb.jpg?fit=1200%2C630&ssl=1&resize=525%2C300 1.5x, https:\/\/i0.wp.com\/vincentians.com\/es\/wp-content\/uploads\/sites\/11\/2016\/07\/ephemerides-fb.jpg?fit=1200%2C630&ssl=1&resize=700%2C400 2x, https:\/\/i0.wp.com\/vincentians.com\/es\/wp-content\/uploads\/sites\/11\/2016\/07\/ephemerides-fb.jpg?fit=1200%2C630&ssl=1&resize=1050%2C600 3x"},"classes":[]},{"id":22793,"url":"https:\/\/vincentians.com\/es\/tal-dia-como-hoy-15-de-diciembre\/","url_meta":{"origin":22465,"position":3},"title":"Tal d\u00eda como hoy: 15 de diciembre","author":"Francisco Javier Fern\u00e1ndez Chento","date":"15\/12\/2016","format":false,"excerpt":"1618. Vicente de Pa\u00fal conoce personalmente a Francisco de Sales, Obispo de Ginebra, que est\u00e1 en Par\u00eds acompa\u00f1ando al Cardenal de Saboya encargado de negociar el matrimonio del Pr\u00edncipe del Piamonte con Cristina de Francia, hermana del rey Luis XIII. 1645. Luisa de Marillac, viuda del se\u00f1or Le Gras, hace\u2026","rel":"","context":"En \u00abEfem\u00e9rides Vicencianas\u00bb","block_context":{"text":"Efem\u00e9rides Vicencianas","link":"https:\/\/vincentians.com\/es\/category\/historia-de-la-familia-vicenciana\/efemerides-vicencianas\/"},"img":{"alt_text":"","src":"https:\/\/i0.wp.com\/vincentians.com\/es\/wp-content\/uploads\/sites\/11\/2016\/07\/ephemerides-fb.jpg?fit=1200%2C630&ssl=1&resize=350%2C200","width":350,"height":200,"srcset":"https:\/\/i0.wp.com\/vincentians.com\/es\/wp-content\/uploads\/sites\/11\/2016\/07\/ephemerides-fb.jpg?fit=1200%2C630&ssl=1&resize=350%2C200 1x, https:\/\/i0.wp.com\/vincentians.com\/es\/wp-content\/uploads\/sites\/11\/2016\/07\/ephemerides-fb.jpg?fit=1200%2C630&ssl=1&resize=525%2C300 1.5x, https:\/\/i0.wp.com\/vincentians.com\/es\/wp-content\/uploads\/sites\/11\/2016\/07\/ephemerides-fb.jpg?fit=1200%2C630&ssl=1&resize=700%2C400 2x, https:\/\/i0.wp.com\/vincentians.com\/es\/wp-content\/uploads\/sites\/11\/2016\/07\/ephemerides-fb.jpg?fit=1200%2C630&ssl=1&resize=1050%2C600 3x"},"classes":[]},{"id":13846,"url":"https:\/\/vincentians.com\/es\/tal-dia-como-hoy-30-de-marzo\/","url_meta":{"origin":22465,"position":4},"title":"Tal d\u00eda como hoy: 30 de marzo","author":"Francisco Javier Fern\u00e1ndez Chento","date":"30\/03\/2017","format":false,"excerpt":"1662. El superior general de la Congregaci\u00f3n de la Misi\u00f3n, P. Renato Alm\u00e9ras, pone esta fecha a una Memoria sobre los deberes que hay que observar en relaci\u00f3n con la visita can\u00f3nica del seminario por el obispo. En ella recuerda que el obispo no tiene derecho de supervisi\u00f3n sobre los\u2026","rel":"","context":"En \u00abEfem\u00e9rides Vicencianas\u00bb","block_context":{"text":"Efem\u00e9rides Vicencianas","link":"https:\/\/vincentians.com\/es\/category\/historia-de-la-familia-vicenciana\/efemerides-vicencianas\/"},"img":{"alt_text":"","src":"https:\/\/i0.wp.com\/vincentians.com\/es\/wp-content\/uploads\/sites\/11\/2016\/07\/ephemerides-fb.jpg?fit=1200%2C630&ssl=1&resize=350%2C200","width":350,"height":200,"srcset":"https:\/\/i0.wp.com\/vincentians.com\/es\/wp-content\/uploads\/sites\/11\/2016\/07\/ephemerides-fb.jpg?fit=1200%2C630&ssl=1&resize=350%2C200 1x, https:\/\/i0.wp.com\/vincentians.com\/es\/wp-content\/uploads\/sites\/11\/2016\/07\/ephemerides-fb.jpg?fit=1200%2C630&ssl=1&resize=525%2C300 1.5x, https:\/\/i0.wp.com\/vincentians.com\/es\/wp-content\/uploads\/sites\/11\/2016\/07\/ephemerides-fb.jpg?fit=1200%2C630&ssl=1&resize=700%2C400 2x, https:\/\/i0.wp.com\/vincentians.com\/es\/wp-content\/uploads\/sites\/11\/2016\/07\/ephemerides-fb.jpg?fit=1200%2C630&ssl=1&resize=1050%2C600 3x"},"classes":[]},{"id":22720,"url":"https:\/\/vincentians.com\/es\/tal-dia-como-hoy-10-de-julio\/","url_meta":{"origin":22465,"position":5},"title":"Tal d\u00eda como hoy: 10 de julio","author":"Francisco Javier Fern\u00e1ndez Chento","date":"10\/07\/2016","format":false,"excerpt":"1661. El director de la Compa\u00f1\u00eda de las Hijas de la Caridad, P. Juan Dehorgny, comienza un ciclo de conferencias sobre las Reglas que se extender\u00e1 a lo largo del a\u00f1o. Subraya las tres virtudes de caridad, humildad y sencillez que caracterizan el esp\u00edritu de la Compa\u00f1\u00eda. 1834. El Arzobispo\u2026","rel":"","context":"En \u00abEfem\u00e9rides Vicencianas\u00bb","block_context":{"text":"Efem\u00e9rides Vicencianas","link":"https:\/\/vincentians.com\/es\/category\/historia-de-la-familia-vicenciana\/efemerides-vicencianas\/"},"img":{"alt_text":"","src":"https:\/\/i0.wp.com\/vincentians.com\/es\/wp-content\/uploads\/sites\/11\/2016\/07\/ephemerides-fb.jpg?fit=1200%2C630&ssl=1&resize=350%2C200","width":350,"height":200,"srcset":"https:\/\/i0.wp.com\/vincentians.com\/es\/wp-content\/uploads\/sites\/11\/2016\/07\/ephemerides-fb.jpg?fit=1200%2C630&ssl=1&resize=350%2C200 1x, https:\/\/i0.wp.com\/vincentians.com\/es\/wp-content\/uploads\/sites\/11\/2016\/07\/ephemerides-fb.jpg?fit=1200%2C630&ssl=1&resize=525%2C300 1.5x, https:\/\/i0.wp.com\/vincentians.com\/es\/wp-content\/uploads\/sites\/11\/2016\/07\/ephemerides-fb.jpg?fit=1200%2C630&ssl=1&resize=700%2C400 2x, https:\/\/i0.wp.com\/vincentians.com\/es\/wp-content\/uploads\/sites\/11\/2016\/07\/ephemerides-fb.jpg?fit=1200%2C630&ssl=1&resize=1050%2C600 3x"},"classes":[]}],"_links":{"self":[{"href":"https:\/\/vincentians.com\/es\/wp-json\/wp\/v2\/posts\/22465","targetHints":{"allow":["GET"]}}],"collection":[{"href":"https:\/\/vincentians.com\/es\/wp-json\/wp\/v2\/posts"}],"about":[{"href":"https:\/\/vincentians.com\/es\/wp-json\/wp\/v2\/types\/post"}],"author":[{"embeddable":true,"href":"https:\/\/vincentians.com\/es\/wp-json\/wp\/v2\/users\/4"}],"replies":[{"embeddable":true,"href":"https:\/\/vincentians.com\/es\/wp-json\/wp\/v2\/comments?post=22465"}],"version-history":[{"count":0,"href":"https:\/\/vincentians.com\/es\/wp-json\/wp\/v2\/posts\/22465\/revisions"}],"wp:featuredmedia":[{"embeddable":true,"href":"https:\/\/vincentians.com\/es\/wp-json\/wp\/v2\/media\/149897"}],"wp:attachment":[{"href":"https:\/\/vincentians.com\/es\/wp-json\/wp\/v2\/media?parent=22465"}],"wp:term":[{"taxonomy":"category","embeddable":true,"href":"https:\/\/vincentians.com\/es\/wp-json\/wp\/v2\/categories?post=22465"},{"taxonomy":"post_tag","embeddable":true,"href":"https:\/\/vincentians.com\/es\/wp-json\/wp\/v2\/tags?post=22465"}],"curies":[{"name":"wp","href":"https:\/\/api.w.org\/{rel}","templated":true}]}}