{"id":22444,"date":"2017-06-06T00:01:41","date_gmt":"2017-06-05T22:01:41","guid":{"rendered":"http:\/\/somos.vicencianos.org\/blog\/2010\/06\/06\/tal-dia-como-hoy-6-de-junio\/"},"modified":"2016-07-24T09:05:11","modified_gmt":"2016-07-24T07:05:11","slug":"tal-dia-como-hoy-6-de-junio","status":"publish","type":"post","link":"https:\/\/vincentians.com\/es\/tal-dia-como-hoy-6-de-junio\/","title":{"rendered":"Tal d\u00eda como hoy: 6 de junio"},"content":{"rendered":"<p><strong>1656.<\/strong> Conferencia de Vicente de Pa\u00fal a las Hijas de la Caridad sobre la indiferencia, en que se explica el art\u00edculo 5 de las Reglas Comunes, que dice: \u00abNo tendr\u00e1n ning\u00fan apego, en particular a los lugares, empleos, personas, incluso sus parientes y confesores, sino que estar\u00e1n siempre dispuestas a dejar todo de buen grado cuando se ordene, considerando que Nuestro Se\u00f1or dice que no somos dignos de \u00c9l si no renunciamos a nosotros mismos y no abandonamos padre, madre, hermanos y hermanas para seguirle\u00bb.<\/p>\n<p><strong>1659.<\/strong> Conferencia de Vicente de Pa\u00fal a los misioneros pa\u00fales sobre el buen uso de las calumnias, en la que se expone el art\u00edculo 13 del cap\u00edtulo II de las Reglas Comunes, que dice: \u00abSi alguna vez la divina Providencia permite que la calumnia y la persecuci\u00f3n ataquen y pongan a prueba a la Congregaci\u00f3n, o alguna de sus casas, o alguno de sus miembros, aunque sin motivo, nos guardaremos mucho de recurrir a ninguna venganza o maldici\u00f3n, o incluso queja, contra los perseguidores y calumniadores; por el contrario, alabaremos y bendeciremos a Dios, y le daremos gracias, alegr\u00e1ndonos, como de una ocasi\u00f3n de gran bien, y que sale de la mano del Padre de las luces; incluso rezaremos de buen grado a Dios por todos ellos y les haremos bien muy gustosamente, cuando tengamos la ocasi\u00f3n y el poder, considerando que Jesucristo nos lo ordena, como a todos los dem\u00e1s cristianos, cuando dice: \u00abAmad a vuestros enemigos, haced el bien a los que os odian, y rezad por los que os persiguen y calumnian\u00bb. Y a fin de observar m\u00e1s f\u00e1cil y alegremente todo esto, \u00c9l nos asegura que en ello seremos bienaventurados y que debemos estar muy contentos y estremecernos de alegr\u00eda, porque tendremos una gran recompensa en el cielo. Y lo que es m\u00e1s considerable, \u00c9l mismo se ha dignado practicar todo esto con los hombres, para darnos el ejemplo, en lo que le han imitado, a continuaci\u00f3n, los ap\u00f3stoles, los disc\u00edpulos y una infinidad de cristianos\u00bb.<\/p>\n<p><strong>1674.<\/strong> En Par\u00eds, en una circular el superior general, P. Edmundo Jolly, anuncia que se van a enviar las Santas Reglas a todas las casas de la Compa\u00f1\u00eda de las Hijas de la Caridad. Hasta entonces se manejaban copias inexactas y parciales, por lo que se consider\u00f3 necesario disponer de un texto \u00edntegro y uniforme, que se elabor\u00f3 durante el generalato del P. Renato Alm\u00e9ras. La circular anuncia el env\u00edo del mismo.<\/p>\n<p><strong>1942.<\/strong> Cinco hijas de la Caridad parten hacia Mozambique, donde se encargar\u00e1n del Seminario de Lorenzo Marques y la escuela profesional de Xipamanine. La provincia de Mozambique ser\u00e1 erigida en 1967.<\/p>\n<p><strong>1954.<\/strong> El Prefecto de la Congregaci\u00f3n de los Religiosos, el Cardenal Valerio Valeri, entrega personalmente en la Casa Madre de la Compa\u00f1\u00eda de las Hijas de la Caridad, las Constituciones conforme a las normas del C\u00f3digo de Derecho Can\u00f3nico de 1917. El Concilio Vaticano II har\u00e1 necesaria su revisi\u00f3n, que tendr\u00e1 lugar en 1968 y 1973.<\/p>\n","protected":false},"excerpt":{"rendered":"<p>1656. Conferencia de Vicente de Pa\u00fal a las Hijas de la Caridad sobre la indiferencia, en que se explica el art\u00edculo 5 de las Reglas Comunes, que dice: \u00abNo tendr\u00e1n ning\u00fan apego, en particular a &#8230; <a href=\"https:\/\/vincentians.com\/es\/tal-dia-como-hoy-6-de-junio\/\" class=\"more-link\">Read More<\/a><\/p>\n","protected":false},"author":4,"featured_media":149897,"comment_status":"open","ping_status":"open","sticky":false,"template":"","format":"standard","meta":{"jetpack_post_was_ever_published":false,"_jetpack_newsletter_access":"","_jetpack_dont_email_post_to_subs":false,"_jetpack_newsletter_tier_id":0,"_jetpack_memberships_contains_paywalled_content":false,"_jetpack_memberships_contains_paid_content":false,"footnotes":"","jetpack_publicize_message":"","jetpack_publicize_feature_enabled":true,"jetpack_social_post_already_shared":true,"jetpack_social_options":{"image_generator_settings":{"template":"highway","default_image_id":0,"font":"","enabled":false},"version":2}},"categories":[60],"tags":[230,177],"class_list":["post-22444","post","type-post","status-publish","format-standard","has-post-thumbnail","hentry","category-efemerides-vicencianas","tag-almeras","tag-jolly"],"yoast_head":"<!-- This site is optimized with the Yoast SEO plugin v26.3 - https:\/\/yoast.com\/wordpress\/plugins\/seo\/ -->\n<title>Tal d\u00eda como hoy: 6 de junio - Somos Vicencianos<\/title>\n<meta name=\"robots\" content=\"index, follow, max-snippet:-1, max-image-preview:large, max-video-preview:-1\" \/>\n<link rel=\"canonical\" href=\"https:\/\/vincentians.com\/es\/tal-dia-como-hoy-6-de-junio\/\" \/>\n<meta property=\"og:locale\" content=\"es_ES\" \/>\n<meta property=\"og:type\" content=\"article\" \/>\n<meta property=\"og:title\" content=\"Tal d\u00eda como hoy: 6 de junio - Somos Vicencianos\" \/>\n<meta property=\"og:description\" content=\"1656. Conferencia de Vicente de Pa\u00fal a las Hijas de la Caridad sobre la indiferencia, en que se explica el art\u00edculo 5 de las Reglas Comunes, que dice: \u00abNo tendr\u00e1n ning\u00fan apego, en particular a ... Read More\" \/>\n<meta property=\"og:url\" content=\"https:\/\/vincentians.com\/es\/tal-dia-como-hoy-6-de-junio\/\" \/>\n<meta property=\"og:site_name\" content=\"Somos Vicencianos\" \/>\n<meta property=\"article:publisher\" content=\"https:\/\/www.facebook.com\/WeAreVincentians\/\" \/>\n<meta property=\"article:author\" content=\"https:\/\/www.facebook.com\/JavierChento\" \/>\n<meta property=\"article:published_time\" content=\"2017-06-05T22:01:41+00:00\" \/>\n<meta property=\"og:image\" content=\"https:\/\/i0.wp.com\/vincentians.com\/es\/wp-content\/uploads\/sites\/11\/2016\/07\/ephemerides-fb.jpg?fit=1200%2C630&ssl=1\" \/>\n\t<meta property=\"og:image:width\" content=\"1200\" \/>\n\t<meta property=\"og:image:height\" content=\"630\" \/>\n\t<meta property=\"og:image:type\" content=\"image\/jpeg\" \/>\n<meta name=\"author\" content=\"Francisco Javier Fern\u00e1ndez Chento\" \/>\n<meta name=\"twitter:card\" content=\"summary_large_image\" \/>\n<meta name=\"twitter:creator\" content=\"@https:\/\/twitter.com\/javierchento\" \/>\n<meta name=\"twitter:site\" content=\"@WeVincentians\" \/>\n<meta name=\"twitter:label1\" content=\"Escrito por\" \/>\n\t<meta name=\"twitter:data1\" content=\"Francisco Javier Fern\u00e1ndez Chento\" \/>\n\t<meta name=\"twitter:label2\" content=\"Tiempo de lectura\" \/>\n\t<meta name=\"twitter:data2\" content=\"3 minutos\" \/>\n<script type=\"application\/ld+json\" class=\"yoast-schema-graph\">{\"@context\":\"https:\/\/schema.org\",\"@graph\":[{\"@type\":\"Article\",\"@id\":\"https:\/\/vincentians.com\/es\/tal-dia-como-hoy-6-de-junio\/#article\",\"isPartOf\":{\"@id\":\"https:\/\/vincentians.com\/es\/tal-dia-como-hoy-6-de-junio\/\"},\"author\":{\"name\":\"Francisco Javier Fern\u00e1ndez Chento\",\"@id\":\"http:\/\/vincentians.com\/es\/#\/schema\/person\/9623ef4d9aa3b2dfb8c061f1499288f2\"},\"headline\":\"Tal d\u00eda como hoy: 6 de junio\",\"datePublished\":\"2017-06-05T22:01:41+00:00\",\"mainEntityOfPage\":{\"@id\":\"https:\/\/vincentians.com\/es\/tal-dia-como-hoy-6-de-junio\/\"},\"wordCount\":524,\"commentCount\":0,\"publisher\":{\"@id\":\"http:\/\/vincentians.com\/es\/#organization\"},\"image\":{\"@id\":\"https:\/\/vincentians.com\/es\/tal-dia-como-hoy-6-de-junio\/#primaryimage\"},\"thumbnailUrl\":\"https:\/\/i0.wp.com\/vincentians.com\/es\/wp-content\/uploads\/sites\/11\/2016\/07\/ephemerides-fb.jpg?fit=1200%2C630&ssl=1\",\"keywords\":[\"Almer\u00e1s\",\"Jolly\"],\"articleSection\":[\"Efem\u00e9rides Vicencianas\"],\"inLanguage\":\"es\",\"potentialAction\":[{\"@type\":\"CommentAction\",\"name\":\"Comment\",\"target\":[\"https:\/\/vincentians.com\/es\/tal-dia-como-hoy-6-de-junio\/#respond\"]}]},{\"@type\":\"WebPage\",\"@id\":\"https:\/\/vincentians.com\/es\/tal-dia-como-hoy-6-de-junio\/\",\"url\":\"https:\/\/vincentians.com\/es\/tal-dia-como-hoy-6-de-junio\/\",\"name\":\"Tal d\u00eda como hoy: 6 de junio - Somos Vicencianos\",\"isPartOf\":{\"@id\":\"http:\/\/vincentians.com\/es\/#website\"},\"primaryImageOfPage\":{\"@id\":\"https:\/\/vincentians.com\/es\/tal-dia-como-hoy-6-de-junio\/#primaryimage\"},\"image\":{\"@id\":\"https:\/\/vincentians.com\/es\/tal-dia-como-hoy-6-de-junio\/#primaryimage\"},\"thumbnailUrl\":\"https:\/\/i0.wp.com\/vincentians.com\/es\/wp-content\/uploads\/sites\/11\/2016\/07\/ephemerides-fb.jpg?fit=1200%2C630&ssl=1\",\"datePublished\":\"2017-06-05T22:01:41+00:00\",\"breadcrumb\":{\"@id\":\"https:\/\/vincentians.com\/es\/tal-dia-como-hoy-6-de-junio\/#breadcrumb\"},\"inLanguage\":\"es\",\"potentialAction\":[{\"@type\":\"ReadAction\",\"target\":[\"https:\/\/vincentians.com\/es\/tal-dia-como-hoy-6-de-junio\/\"]}]},{\"@type\":\"ImageObject\",\"inLanguage\":\"es\",\"@id\":\"https:\/\/vincentians.com\/es\/tal-dia-como-hoy-6-de-junio\/#primaryimage\",\"url\":\"https:\/\/i0.wp.com\/vincentians.com\/es\/wp-content\/uploads\/sites\/11\/2016\/07\/ephemerides-fb.jpg?fit=1200%2C630&ssl=1\",\"contentUrl\":\"https:\/\/i0.wp.com\/vincentians.com\/es\/wp-content\/uploads\/sites\/11\/2016\/07\/ephemerides-fb.jpg?fit=1200%2C630&ssl=1\",\"width\":1200,\"height\":630},{\"@type\":\"BreadcrumbList\",\"@id\":\"https:\/\/vincentians.com\/es\/tal-dia-como-hoy-6-de-junio\/#breadcrumb\",\"itemListElement\":[{\"@type\":\"ListItem\",\"position\":1,\"name\":\"Portada\",\"item\":\"http:\/\/vincentians.com\/es\/\"},{\"@type\":\"ListItem\",\"position\":2,\"name\":\"Tal d\u00eda como hoy: 6 de junio\"}]},{\"@type\":\"WebSite\",\"@id\":\"http:\/\/vincentians.com\/es\/#website\",\"url\":\"http:\/\/vincentians.com\/es\/\",\"name\":\"Somos Vicencianos\",\"description\":\"Know more to serve more\",\"publisher\":{\"@id\":\"http:\/\/vincentians.com\/es\/#organization\"},\"potentialAction\":[{\"@type\":\"SearchAction\",\"target\":{\"@type\":\"EntryPoint\",\"urlTemplate\":\"http:\/\/vincentians.com\/es\/?s={search_term_string}\"},\"query-input\":{\"@type\":\"PropertyValueSpecification\",\"valueRequired\":true,\"valueName\":\"search_term_string\"}}],\"inLanguage\":\"es\"},{\"@type\":\"Organization\",\"@id\":\"http:\/\/vincentians.com\/es\/#organization\",\"name\":\"The Vincentian Network\",\"url\":\"http:\/\/vincentians.com\/es\/\",\"logo\":{\"@type\":\"ImageObject\",\"inLanguage\":\"es\",\"@id\":\"http:\/\/vincentians.com\/es\/#\/schema\/logo\/image\/\",\"url\":\"https:\/\/i1.wp.com\/vincentians.com\/es\/wp-content\/uploads\/sites\/11\/2016\/06\/Vincentian-Network-logo-big.png?fit=778%2C778\",\"contentUrl\":\"https:\/\/i1.wp.com\/vincentians.com\/es\/wp-content\/uploads\/sites\/11\/2016\/06\/Vincentian-Network-logo-big.png?fit=778%2C778\",\"width\":778,\"height\":778,\"caption\":\"The Vincentian Network\"},\"image\":{\"@id\":\"http:\/\/vincentians.com\/es\/#\/schema\/logo\/image\/\"},\"sameAs\":[\"https:\/\/www.facebook.com\/WeAreVincentians\/\",\"https:\/\/x.com\/WeVincentians\"]},{\"@type\":\"Person\",\"@id\":\"http:\/\/vincentians.com\/es\/#\/schema\/person\/9623ef4d9aa3b2dfb8c061f1499288f2\",\"name\":\"Francisco Javier Fern\u00e1ndez Chento\",\"image\":{\"@type\":\"ImageObject\",\"inLanguage\":\"es\",\"@id\":\"http:\/\/vincentians.com\/es\/#\/schema\/person\/image\/\",\"url\":\"https:\/\/secure.gravatar.com\/avatar\/497d5cde87b4c3d097d0315953521681ba2cd523ee66e5077c3711f7021e65de?s=96&d=mm&r=g\",\"contentUrl\":\"https:\/\/secure.gravatar.com\/avatar\/497d5cde87b4c3d097d0315953521681ba2cd523ee66e5077c3711f7021e65de?s=96&d=mm&r=g\",\"caption\":\"Francisco Javier Fern\u00e1ndez Chento\"},\"description\":\"Director General y cofundador de La Red de Formaci\u00f3n Vicenciana. Javier es laico vicenciano, afiliado a la Congregaci\u00f3n de la Misi\u00f3n y miembro del Equipo de Misiones Populares de la provincia can\u00f3nica de Zaragoza (Espa\u00f1a) de la Congregaci\u00f3n de la Misi\u00f3n. Graduado en la Universidad Oberta de Catalunya con cuatro grados (Asistente de direcci\u00f3n, Gesti\u00f3n Administrativa, Recursos Humanos y Contabilidad Avanzada). Bil\u00edng\u00fce Espa\u00f1ol\/Ingl\u00e9s. gestiona y mantiene varias p\u00e1ginas web cristianas y vicencianas, incluida including La Red de Formaci\u00f3n Vicenciana, de la que es cofundador. Actualmente es responsable del \u00e1rea de Espa\u00f1ol de .famvin, la Red de Noticias de la Familia Vicenciana. Tambi\u00e9n es m\u00fasico cat\u00f3lico y ha editado varios discos. Es Director General y cofundador de Trovador, una reconocida compa\u00f1\u00eda discogr\u00e1fica critiana de Espa\u00f1a. Trabaja en las Tecnolog\u00edas de la Informaci\u00f3n, ofreciendo servicios de alojamiento, dise\u00f1o y mantenimiento Web, as\u00ed como asesoramiento, formaci\u00f3n y soluciones inform\u00e1ticas, gesti\u00f3n documental y digitalizaci\u00f3n de textos, edici\u00f3n y maquetaci\u00f3n de libros, revistas, flyers, etc.\",\"sameAs\":[\"http:\/\/chento.org\",\"https:\/\/www.facebook.com\/JavierChento\",\"https:\/\/x.com\/https:\/\/twitter.com\/javierchento\"],\"url\":\"https:\/\/vincentians.com\/es\/author\/chento\/\"}]}<\/script>\n<!-- \/ Yoast SEO plugin. -->","yoast_head_json":{"title":"Tal d\u00eda como hoy: 6 de junio - Somos Vicencianos","robots":{"index":"index","follow":"follow","max-snippet":"max-snippet:-1","max-image-preview":"max-image-preview:large","max-video-preview":"max-video-preview:-1"},"canonical":"https:\/\/vincentians.com\/es\/tal-dia-como-hoy-6-de-junio\/","og_locale":"es_ES","og_type":"article","og_title":"Tal d\u00eda como hoy: 6 de junio - Somos Vicencianos","og_description":"1656. Conferencia de Vicente de Pa\u00fal a las Hijas de la Caridad sobre la indiferencia, en que se explica el art\u00edculo 5 de las Reglas Comunes, que dice: \u00abNo tendr\u00e1n ning\u00fan apego, en particular a ... Read More","og_url":"https:\/\/vincentians.com\/es\/tal-dia-como-hoy-6-de-junio\/","og_site_name":"Somos Vicencianos","article_publisher":"https:\/\/www.facebook.com\/WeAreVincentians\/","article_author":"https:\/\/www.facebook.com\/JavierChento","article_published_time":"2017-06-05T22:01:41+00:00","og_image":[{"width":1200,"height":630,"url":"https:\/\/i0.wp.com\/vincentians.com\/es\/wp-content\/uploads\/sites\/11\/2016\/07\/ephemerides-fb.jpg?fit=1200%2C630&ssl=1","type":"image\/jpeg"}],"author":"Francisco Javier Fern\u00e1ndez Chento","twitter_card":"summary_large_image","twitter_creator":"@https:\/\/twitter.com\/javierchento","twitter_site":"@WeVincentians","twitter_misc":{"Escrito por":"Francisco Javier Fern\u00e1ndez Chento","Tiempo de lectura":"3 minutos"},"schema":{"@context":"https:\/\/schema.org","@graph":[{"@type":"Article","@id":"https:\/\/vincentians.com\/es\/tal-dia-como-hoy-6-de-junio\/#article","isPartOf":{"@id":"https:\/\/vincentians.com\/es\/tal-dia-como-hoy-6-de-junio\/"},"author":{"name":"Francisco Javier Fern\u00e1ndez Chento","@id":"http:\/\/vincentians.com\/es\/#\/schema\/person\/9623ef4d9aa3b2dfb8c061f1499288f2"},"headline":"Tal d\u00eda como hoy: 6 de junio","datePublished":"2017-06-05T22:01:41+00:00","mainEntityOfPage":{"@id":"https:\/\/vincentians.com\/es\/tal-dia-como-hoy-6-de-junio\/"},"wordCount":524,"commentCount":0,"publisher":{"@id":"http:\/\/vincentians.com\/es\/#organization"},"image":{"@id":"https:\/\/vincentians.com\/es\/tal-dia-como-hoy-6-de-junio\/#primaryimage"},"thumbnailUrl":"https:\/\/i0.wp.com\/vincentians.com\/es\/wp-content\/uploads\/sites\/11\/2016\/07\/ephemerides-fb.jpg?fit=1200%2C630&ssl=1","keywords":["Almer\u00e1s","Jolly"],"articleSection":["Efem\u00e9rides Vicencianas"],"inLanguage":"es","potentialAction":[{"@type":"CommentAction","name":"Comment","target":["https:\/\/vincentians.com\/es\/tal-dia-como-hoy-6-de-junio\/#respond"]}]},{"@type":"WebPage","@id":"https:\/\/vincentians.com\/es\/tal-dia-como-hoy-6-de-junio\/","url":"https:\/\/vincentians.com\/es\/tal-dia-como-hoy-6-de-junio\/","name":"Tal d\u00eda como hoy: 6 de junio - Somos Vicencianos","isPartOf":{"@id":"http:\/\/vincentians.com\/es\/#website"},"primaryImageOfPage":{"@id":"https:\/\/vincentians.com\/es\/tal-dia-como-hoy-6-de-junio\/#primaryimage"},"image":{"@id":"https:\/\/vincentians.com\/es\/tal-dia-como-hoy-6-de-junio\/#primaryimage"},"thumbnailUrl":"https:\/\/i0.wp.com\/vincentians.com\/es\/wp-content\/uploads\/sites\/11\/2016\/07\/ephemerides-fb.jpg?fit=1200%2C630&ssl=1","datePublished":"2017-06-05T22:01:41+00:00","breadcrumb":{"@id":"https:\/\/vincentians.com\/es\/tal-dia-como-hoy-6-de-junio\/#breadcrumb"},"inLanguage":"es","potentialAction":[{"@type":"ReadAction","target":["https:\/\/vincentians.com\/es\/tal-dia-como-hoy-6-de-junio\/"]}]},{"@type":"ImageObject","inLanguage":"es","@id":"https:\/\/vincentians.com\/es\/tal-dia-como-hoy-6-de-junio\/#primaryimage","url":"https:\/\/i0.wp.com\/vincentians.com\/es\/wp-content\/uploads\/sites\/11\/2016\/07\/ephemerides-fb.jpg?fit=1200%2C630&ssl=1","contentUrl":"https:\/\/i0.wp.com\/vincentians.com\/es\/wp-content\/uploads\/sites\/11\/2016\/07\/ephemerides-fb.jpg?fit=1200%2C630&ssl=1","width":1200,"height":630},{"@type":"BreadcrumbList","@id":"https:\/\/vincentians.com\/es\/tal-dia-como-hoy-6-de-junio\/#breadcrumb","itemListElement":[{"@type":"ListItem","position":1,"name":"Portada","item":"http:\/\/vincentians.com\/es\/"},{"@type":"ListItem","position":2,"name":"Tal d\u00eda como hoy: 6 de junio"}]},{"@type":"WebSite","@id":"http:\/\/vincentians.com\/es\/#website","url":"http:\/\/vincentians.com\/es\/","name":"Somos Vicencianos","description":"Know more to serve more","publisher":{"@id":"http:\/\/vincentians.com\/es\/#organization"},"potentialAction":[{"@type":"SearchAction","target":{"@type":"EntryPoint","urlTemplate":"http:\/\/vincentians.com\/es\/?s={search_term_string}"},"query-input":{"@type":"PropertyValueSpecification","valueRequired":true,"valueName":"search_term_string"}}],"inLanguage":"es"},{"@type":"Organization","@id":"http:\/\/vincentians.com\/es\/#organization","name":"The Vincentian Network","url":"http:\/\/vincentians.com\/es\/","logo":{"@type":"ImageObject","inLanguage":"es","@id":"http:\/\/vincentians.com\/es\/#\/schema\/logo\/image\/","url":"https:\/\/i1.wp.com\/vincentians.com\/es\/wp-content\/uploads\/sites\/11\/2016\/06\/Vincentian-Network-logo-big.png?fit=778%2C778","contentUrl":"https:\/\/i1.wp.com\/vincentians.com\/es\/wp-content\/uploads\/sites\/11\/2016\/06\/Vincentian-Network-logo-big.png?fit=778%2C778","width":778,"height":778,"caption":"The Vincentian Network"},"image":{"@id":"http:\/\/vincentians.com\/es\/#\/schema\/logo\/image\/"},"sameAs":["https:\/\/www.facebook.com\/WeAreVincentians\/","https:\/\/x.com\/WeVincentians"]},{"@type":"Person","@id":"http:\/\/vincentians.com\/es\/#\/schema\/person\/9623ef4d9aa3b2dfb8c061f1499288f2","name":"Francisco Javier Fern\u00e1ndez Chento","image":{"@type":"ImageObject","inLanguage":"es","@id":"http:\/\/vincentians.com\/es\/#\/schema\/person\/image\/","url":"https:\/\/secure.gravatar.com\/avatar\/497d5cde87b4c3d097d0315953521681ba2cd523ee66e5077c3711f7021e65de?s=96&d=mm&r=g","contentUrl":"https:\/\/secure.gravatar.com\/avatar\/497d5cde87b4c3d097d0315953521681ba2cd523ee66e5077c3711f7021e65de?s=96&d=mm&r=g","caption":"Francisco Javier Fern\u00e1ndez Chento"},"description":"Director General y cofundador de La Red de Formaci\u00f3n Vicenciana. Javier es laico vicenciano, afiliado a la Congregaci\u00f3n de la Misi\u00f3n y miembro del Equipo de Misiones Populares de la provincia can\u00f3nica de Zaragoza (Espa\u00f1a) de la Congregaci\u00f3n de la Misi\u00f3n. Graduado en la Universidad Oberta de Catalunya con cuatro grados (Asistente de direcci\u00f3n, Gesti\u00f3n Administrativa, Recursos Humanos y Contabilidad Avanzada). Bil\u00edng\u00fce Espa\u00f1ol\/Ingl\u00e9s. gestiona y mantiene varias p\u00e1ginas web cristianas y vicencianas, incluida including La Red de Formaci\u00f3n Vicenciana, de la que es cofundador. Actualmente es responsable del \u00e1rea de Espa\u00f1ol de .famvin, la Red de Noticias de la Familia Vicenciana. Tambi\u00e9n es m\u00fasico cat\u00f3lico y ha editado varios discos. Es Director General y cofundador de Trovador, una reconocida compa\u00f1\u00eda discogr\u00e1fica critiana de Espa\u00f1a. Trabaja en las Tecnolog\u00edas de la Informaci\u00f3n, ofreciendo servicios de alojamiento, dise\u00f1o y mantenimiento Web, as\u00ed como asesoramiento, formaci\u00f3n y soluciones inform\u00e1ticas, gesti\u00f3n documental y digitalizaci\u00f3n de textos, edici\u00f3n y maquetaci\u00f3n de libros, revistas, flyers, etc.","sameAs":["http:\/\/chento.org","https:\/\/www.facebook.com\/JavierChento","https:\/\/x.com\/https:\/\/twitter.com\/javierchento"],"url":"https:\/\/vincentians.com\/es\/author\/chento\/"}]}},"jetpack_publicize_connections":[],"jetpack_featured_media_url":"https:\/\/i0.wp.com\/vincentians.com\/es\/wp-content\/uploads\/sites\/11\/2016\/07\/ephemerides-fb.jpg?fit=1200%2C630&ssl=1","jetpack_sharing_enabled":true,"jetpack_shortlink":"https:\/\/wp.me\/p7ETMF-5Q0","jetpack-related-posts":[{"id":12401,"url":"https:\/\/vincentians.com\/es\/vicente-de-paul-conferencia-131-conferencia-del-6-de-junio-de-1659\/","url_meta":{"origin":22444,"position":0},"title":"Vicente de Pa\u00fal, Conferencia 131: Conferencia Del 6 De Junio De 1659","author":"Francisco Javier Fern\u00e1ndez Chento","date":"09\/10\/2009","format":false,"excerpt":"SOBRE EL BUEN USO DE LAS CALUMNIAS (Reglas comunes, cap. 2, art. 13) El padre Vicente comenta el art\u00edculo 13 de las m\u00e1ximas evang\u00e9licas: dar gracias a Dios por las calumnias; alegrarse de ellas; pedir por los calumniadores; no defenderse. Ejemplo de nuestro Se\u00f1or. Dice as\u00ed la regla: Si alguna\u2026","rel":"","context":"En \u00abEscritos de Vicente de Pa\u00fal\u00bb","block_context":{"text":"Escritos de Vicente de Pa\u00fal","link":"https:\/\/vincentians.com\/es\/category\/escritos\/escritos-de-vicente-de-paul\/"},"img":{"alt_text":"","src":"https:\/\/i0.wp.com\/vincentians.com\/es\/wp-content\/uploads\/sites\/11\/2016\/07\/escritos-vicente-de-paul.jpg?fit=1200%2C630&ssl=1&resize=350%2C200","width":350,"height":200,"srcset":"https:\/\/i0.wp.com\/vincentians.com\/es\/wp-content\/uploads\/sites\/11\/2016\/07\/escritos-vicente-de-paul.jpg?fit=1200%2C630&ssl=1&resize=350%2C200 1x, https:\/\/i0.wp.com\/vincentians.com\/es\/wp-content\/uploads\/sites\/11\/2016\/07\/escritos-vicente-de-paul.jpg?fit=1200%2C630&ssl=1&resize=525%2C300 1.5x, https:\/\/i0.wp.com\/vincentians.com\/es\/wp-content\/uploads\/sites\/11\/2016\/07\/escritos-vicente-de-paul.jpg?fit=1200%2C630&ssl=1&resize=700%2C400 2x, https:\/\/i0.wp.com\/vincentians.com\/es\/wp-content\/uploads\/sites\/11\/2016\/07\/escritos-vicente-de-paul.jpg?fit=1200%2C630&ssl=1&resize=1050%2C600 3x"},"classes":[]},{"id":22457,"url":"https:\/\/vincentians.com\/es\/tal-dia-como-hoy-17-de-junio\/","url_meta":{"origin":22444,"position":1},"title":"Tal d\u00eda como hoy: 17 de junio","author":"Francisco Javier Fern\u00e1ndez Chento","date":"17\/06\/2017","format":false,"excerpt":"1656. Conferencia de Vicente de Pa\u00fal en San L\u00e1zaro sobre la sensualidad, en la que se tratan los motivos para huir de ella, en qu\u00e9 consiste y cu\u00e1les son los actos que los misioneros deben evitar y los medios para superar este vicio. 1657. Conferencia de Vicente de Pa\u00fal a\u2026","rel":"","context":"En \u00abEfem\u00e9rides Vicencianas\u00bb","block_context":{"text":"Efem\u00e9rides Vicencianas","link":"https:\/\/vincentians.com\/es\/category\/historia-de-la-familia-vicenciana\/efemerides-vicencianas\/"},"img":{"alt_text":"","src":"https:\/\/i0.wp.com\/vincentians.com\/es\/wp-content\/uploads\/sites\/11\/2016\/07\/ephemerides-fb.jpg?fit=1200%2C630&ssl=1&resize=350%2C200","width":350,"height":200,"srcset":"https:\/\/i0.wp.com\/vincentians.com\/es\/wp-content\/uploads\/sites\/11\/2016\/07\/ephemerides-fb.jpg?fit=1200%2C630&ssl=1&resize=350%2C200 1x, https:\/\/i0.wp.com\/vincentians.com\/es\/wp-content\/uploads\/sites\/11\/2016\/07\/ephemerides-fb.jpg?fit=1200%2C630&ssl=1&resize=525%2C300 1.5x, https:\/\/i0.wp.com\/vincentians.com\/es\/wp-content\/uploads\/sites\/11\/2016\/07\/ephemerides-fb.jpg?fit=1200%2C630&ssl=1&resize=700%2C400 2x, https:\/\/i0.wp.com\/vincentians.com\/es\/wp-content\/uploads\/sites\/11\/2016\/07\/ephemerides-fb.jpg?fit=1200%2C630&ssl=1&resize=1050%2C600 3x"},"classes":[]},{"id":22734,"url":"https:\/\/vincentians.com\/es\/tal-dia-como-hoy-23-de-julio\/","url_meta":{"origin":22444,"position":2},"title":"Tal d\u00eda como hoy: 23 de julio","author":"Francisco Javier Fern\u00e1ndez Chento","date":"23\/07\/2016","format":false,"excerpt":"1634. En Par\u00eds, sobre estas fechas, las Hijas de la Caridad comienzan a ayudar a las Damas de la Caridad en el H\u00f4tel-Dieu. Ya en su primera asamblea las Damas hab\u00edan tenido la idea de pedir cuatro hijas de la Caridad, pero, como Vicente de Pa\u00fal les hab\u00eda hecho notar\u2026","rel":"","context":"En \u00abEfem\u00e9rides Vicencianas\u00bb","block_context":{"text":"Efem\u00e9rides Vicencianas","link":"https:\/\/vincentians.com\/es\/category\/historia-de-la-familia-vicenciana\/efemerides-vicencianas\/"},"img":{"alt_text":"","src":"https:\/\/i0.wp.com\/vincentians.com\/es\/wp-content\/uploads\/sites\/11\/2016\/07\/ephemerides-fb.jpg?fit=1200%2C630&ssl=1&resize=350%2C200","width":350,"height":200,"srcset":"https:\/\/i0.wp.com\/vincentians.com\/es\/wp-content\/uploads\/sites\/11\/2016\/07\/ephemerides-fb.jpg?fit=1200%2C630&ssl=1&resize=350%2C200 1x, https:\/\/i0.wp.com\/vincentians.com\/es\/wp-content\/uploads\/sites\/11\/2016\/07\/ephemerides-fb.jpg?fit=1200%2C630&ssl=1&resize=525%2C300 1.5x, https:\/\/i0.wp.com\/vincentians.com\/es\/wp-content\/uploads\/sites\/11\/2016\/07\/ephemerides-fb.jpg?fit=1200%2C630&ssl=1&resize=700%2C400 2x, https:\/\/i0.wp.com\/vincentians.com\/es\/wp-content\/uploads\/sites\/11\/2016\/07\/ephemerides-fb.jpg?fit=1200%2C630&ssl=1&resize=1050%2C600 3x"},"classes":[]},{"id":6314,"url":"https:\/\/vincentians.com\/es\/tal-dia-como-hoy-22-de-enero\/","url_meta":{"origin":22444,"position":3},"title":"Tal d\u00eda como hoy: 22 de enero","author":"Francisco Javier Fern\u00e1ndez Chento","date":"22\/01\/2017","format":false,"excerpt":"1645. Conferencia de Vicente de Pa\u00fal a las Hijas de la Caridad sobre la observancia del Reglamento. Vicente comienza pidiendo perd\u00f3n por el retraso que se ha debido a que ha tenido que atender a una persona de la nobleza. Los tres puntos de la conferencia son: las razones que\u2026","rel":"","context":"En \u00abEfem\u00e9rides Vicencianas\u00bb","block_context":{"text":"Efem\u00e9rides Vicencianas","link":"https:\/\/vincentians.com\/es\/category\/historia-de-la-familia-vicenciana\/efemerides-vicencianas\/"},"img":{"alt_text":"","src":"https:\/\/i0.wp.com\/vincentians.com\/es\/wp-content\/uploads\/sites\/11\/2016\/07\/ephemerides-fb.jpg?fit=1200%2C630&ssl=1&resize=350%2C200","width":350,"height":200,"srcset":"https:\/\/i0.wp.com\/vincentians.com\/es\/wp-content\/uploads\/sites\/11\/2016\/07\/ephemerides-fb.jpg?fit=1200%2C630&ssl=1&resize=350%2C200 1x, https:\/\/i0.wp.com\/vincentians.com\/es\/wp-content\/uploads\/sites\/11\/2016\/07\/ephemerides-fb.jpg?fit=1200%2C630&ssl=1&resize=525%2C300 1.5x, https:\/\/i0.wp.com\/vincentians.com\/es\/wp-content\/uploads\/sites\/11\/2016\/07\/ephemerides-fb.jpg?fit=1200%2C630&ssl=1&resize=700%2C400 2x, https:\/\/i0.wp.com\/vincentians.com\/es\/wp-content\/uploads\/sites\/11\/2016\/07\/ephemerides-fb.jpg?fit=1200%2C630&ssl=1&resize=1050%2C600 3x"},"classes":[]},{"id":6298,"url":"https:\/\/vincentians.com\/es\/tal-dia-como-hoy-6-de-enero\/","url_meta":{"origin":22444,"position":4},"title":"Tal d\u00eda como hoy: 6 de enero","author":"Francisco Javier Fern\u00e1ndez Chento","date":"06\/01\/2017","format":false,"excerpt":"1642. Conferencia de Vicente de Pa\u00fal a las Hijas de la Caridad sobre las faltas del a\u00f1o pasado. Vicente dice que comenzar\u00e1 haciendo una especie de rendici\u00f3n de cuentas de los defectos del a\u00f1o pasado en que citar\u00e1 siete que ha observado o le han contado. El primero, y \u00fanico\u2026","rel":"","context":"En \u00abEfem\u00e9rides Vicencianas\u00bb","block_context":{"text":"Efem\u00e9rides Vicencianas","link":"https:\/\/vincentians.com\/es\/category\/historia-de-la-familia-vicenciana\/efemerides-vicencianas\/"},"img":{"alt_text":"","src":"https:\/\/i0.wp.com\/vincentians.com\/es\/wp-content\/uploads\/sites\/11\/2016\/07\/ephemerides-fb.jpg?fit=1200%2C630&ssl=1&resize=350%2C200","width":350,"height":200,"srcset":"https:\/\/i0.wp.com\/vincentians.com\/es\/wp-content\/uploads\/sites\/11\/2016\/07\/ephemerides-fb.jpg?fit=1200%2C630&ssl=1&resize=350%2C200 1x, https:\/\/i0.wp.com\/vincentians.com\/es\/wp-content\/uploads\/sites\/11\/2016\/07\/ephemerides-fb.jpg?fit=1200%2C630&ssl=1&resize=525%2C300 1.5x, https:\/\/i0.wp.com\/vincentians.com\/es\/wp-content\/uploads\/sites\/11\/2016\/07\/ephemerides-fb.jpg?fit=1200%2C630&ssl=1&resize=700%2C400 2x, https:\/\/i0.wp.com\/vincentians.com\/es\/wp-content\/uploads\/sites\/11\/2016\/07\/ephemerides-fb.jpg?fit=1200%2C630&ssl=1&resize=1050%2C600 3x"},"classes":[]},{"id":6999,"url":"https:\/\/vincentians.com\/es\/vicente-de-paul-conferencia-110-relaciones-de-las-hermanas-de-las-casas-alejadas-con-los-superiores-de-paris-ocupaciones-en-las-horas-libres-eleccion-de-confesores-el-reglamento-no-obliga-en-caso\/","url_meta":{"origin":22444,"position":5},"title":"Vicente de Pa\u00fal, Conferencia 110: Relaciones de las hermanas de las casas alejadas con los superiores de Par\u00eds. Ocupaciones en las Horas libres. Elecci\u00f3n de confesores. El reglamento no obliga en caso de necesidades extraordinarias. Lectura de las reglas","author":"Francisco Javier Fern\u00e1ndez Chento","date":"21\/05\/2009","format":false,"excerpt":"(12.08.59) (Distribuci\u00f3n del d\u00eda, art. 24-27) Hijas m\u00edas, el tema de la conferencia de hoy es la continuaci\u00f3n de vuestras reglas. Espero que acabaremos hoy, y as\u00ed las tendr\u00e9is ya le\u00eddas. He aqu\u00ed el art\u00edculo 24 de vuestras reglas v los que le siguen: \"Las que vivan en poblaciones alejadas\u2026","rel":"","context":"En \u00abEscritos de Vicente de Pa\u00fal\u00bb","block_context":{"text":"Escritos de Vicente de Pa\u00fal","link":"https:\/\/vincentians.com\/es\/category\/escritos\/escritos-de-vicente-de-paul\/"},"img":{"alt_text":"","src":"https:\/\/i0.wp.com\/vincentians.com\/es\/wp-content\/uploads\/sites\/11\/2016\/07\/escritos-vicente-de-paul.jpg?fit=1200%2C630&ssl=1&resize=350%2C200","width":350,"height":200,"srcset":"https:\/\/i0.wp.com\/vincentians.com\/es\/wp-content\/uploads\/sites\/11\/2016\/07\/escritos-vicente-de-paul.jpg?fit=1200%2C630&ssl=1&resize=350%2C200 1x, https:\/\/i0.wp.com\/vincentians.com\/es\/wp-content\/uploads\/sites\/11\/2016\/07\/escritos-vicente-de-paul.jpg?fit=1200%2C630&ssl=1&resize=525%2C300 1.5x, https:\/\/i0.wp.com\/vincentians.com\/es\/wp-content\/uploads\/sites\/11\/2016\/07\/escritos-vicente-de-paul.jpg?fit=1200%2C630&ssl=1&resize=700%2C400 2x, https:\/\/i0.wp.com\/vincentians.com\/es\/wp-content\/uploads\/sites\/11\/2016\/07\/escritos-vicente-de-paul.jpg?fit=1200%2C630&ssl=1&resize=1050%2C600 3x"},"classes":[]}],"_links":{"self":[{"href":"https:\/\/vincentians.com\/es\/wp-json\/wp\/v2\/posts\/22444","targetHints":{"allow":["GET"]}}],"collection":[{"href":"https:\/\/vincentians.com\/es\/wp-json\/wp\/v2\/posts"}],"about":[{"href":"https:\/\/vincentians.com\/es\/wp-json\/wp\/v2\/types\/post"}],"author":[{"embeddable":true,"href":"https:\/\/vincentians.com\/es\/wp-json\/wp\/v2\/users\/4"}],"replies":[{"embeddable":true,"href":"https:\/\/vincentians.com\/es\/wp-json\/wp\/v2\/comments?post=22444"}],"version-history":[{"count":0,"href":"https:\/\/vincentians.com\/es\/wp-json\/wp\/v2\/posts\/22444\/revisions"}],"wp:featuredmedia":[{"embeddable":true,"href":"https:\/\/vincentians.com\/es\/wp-json\/wp\/v2\/media\/149897"}],"wp:attachment":[{"href":"https:\/\/vincentians.com\/es\/wp-json\/wp\/v2\/media?parent=22444"}],"wp:term":[{"taxonomy":"category","embeddable":true,"href":"https:\/\/vincentians.com\/es\/wp-json\/wp\/v2\/categories?post=22444"},{"taxonomy":"post_tag","embeddable":true,"href":"https:\/\/vincentians.com\/es\/wp-json\/wp\/v2\/tags?post=22444"}],"curies":[{"name":"wp","href":"https:\/\/api.w.org\/{rel}","templated":true}]}}