{"id":22412,"date":"2017-05-28T00:01:25","date_gmt":"2017-05-27T22:01:25","guid":{"rendered":"http:\/\/somos.vicencianos.org\/blog\/2010\/05\/28\/tal-dia-como-hoy-28-de-mayo\/"},"modified":"2016-07-24T09:04:00","modified_gmt":"2016-07-24T07:04:00","slug":"tal-dia-como-hoy-28-de-mayo","status":"publish","type":"post","link":"https:\/\/vincentians.com\/es\/tal-dia-como-hoy-28-de-mayo\/","title":{"rendered":"Tal d\u00eda como hoy: 28 de mayo"},"content":{"rendered":"<p><strong>1660.<\/strong> Conferencia de Vicente de Pa\u00fal en San L\u00e1zaro sobre las virtudes del difunto  Luis de Chandenier, abad de Tournus. Ser\u00e1 la primera de cuatro. Las  otras tres tendr\u00e1n lugar los d\u00edas 4, 18 y 25 de junio. Hoy mismo Vicente  escribe una carta al superior de Varsovia, Guillermo Desdames en las  que tras referirse a su fallecimiento en Saboya cuando regresaba de  Roma, dice: \u00abera una persona de la nobleza, nieto del difunto Mons.  Cardenal de la Rochefoucauld, que, por una piedad singular, se hab\u00eda  retirado aqu\u00ed desde hace cinco o seis a\u00f1os, con el abad de  Moutiers-Saint-Jean, su hermano, que ha hecho el viaje a Roma con \u00e9l y  que ha vuelto hace varios d\u00edas con el P. Berthe y otro sacerdote de la  Compa\u00f1\u00eda, que les han acompa\u00f1ado. Este querido difunto estaba muy  desprendido de las criaturas, era muy humilde y mortificado, muy  recogido e interior, muy alegre, sabio, juicioso y ejemplar, todo de  Dios y muy celoso del progreso del estado eclesi\u00e1stico y de la salvaci\u00f3n  de los pueblos; en fin no vemos nadie parecido. La p\u00e9rdida es grande  para la Iglesia y muy grande para esta casa, a la que edificaba  maravillosamente. Esta tarde hablaremos de sus virtudes admirables, que  son m\u00e1s bien las de Nuestro Se\u00f1or, ejercidas por \u00c9l en este su servidor.  Esto le har\u00e1 preguntar si era misionero. A lo que le dir\u00e9 que lo era  por afecto desde hace mucho tiempo, pero, siendo muy indignos de tener  por compa\u00f1ero a tal prelado, no lo hemos recibido en la Compa\u00f1\u00eda m\u00e1s que  uno o dos d\u00edas antes de su muerte, cuando lo ha pedido con tanta  insistencia que ha habido que darle este consuelo. Su cuerpo ha sido  llevado a nuestra peque\u00f1a capilla de Annecy. Todo lo que Dios hace esta  bien hecho; sin esta fe ser\u00edamos inconsolables de tal privaci\u00f3n\u00bb.<\/p>\n<p><strong>1933.<\/strong> Beatificaci\u00f3n de sor Catalina Labour\u00e9.<\/p>\n<p>&nbsp;<\/p>\n","protected":false},"excerpt":{"rendered":"<p>1660. Conferencia de Vicente de Pa\u00fal en San L\u00e1zaro sobre las virtudes del difunto Luis de Chandenier, abad de Tournus. Ser\u00e1 la primera de cuatro. Las otras tres tendr\u00e1n lugar los d\u00edas 4, 18 y &#8230; <a href=\"https:\/\/vincentians.com\/es\/tal-dia-como-hoy-28-de-mayo\/\" class=\"more-link\">Read More<\/a><\/p>\n","protected":false},"author":4,"featured_media":149897,"comment_status":"open","ping_status":"open","sticky":false,"template":"","format":"standard","meta":{"jetpack_post_was_ever_published":false,"_jetpack_newsletter_access":"","_jetpack_dont_email_post_to_subs":false,"_jetpack_newsletter_tier_id":0,"_jetpack_memberships_contains_paywalled_content":false,"_jetpack_memberships_contains_paid_content":false,"footnotes":"","jetpack_publicize_message":"","jetpack_publicize_feature_enabled":true,"jetpack_social_post_already_shared":true,"jetpack_social_options":{"image_generator_settings":{"template":"highway","default_image_id":0,"font":"","enabled":false},"version":2}},"categories":[60],"tags":[143],"class_list":["post-22412","post","type-post","status-publish","format-standard","has-post-thumbnail","hentry","category-efemerides-vicencianas","tag-san-lazaro"],"yoast_head":"<!-- This site is optimized with the Yoast SEO plugin v26.3 - https:\/\/yoast.com\/wordpress\/plugins\/seo\/ -->\n<title>Tal d\u00eda como hoy: 28 de mayo - Somos Vicencianos<\/title>\n<meta name=\"robots\" content=\"index, follow, max-snippet:-1, max-image-preview:large, max-video-preview:-1\" \/>\n<link rel=\"canonical\" href=\"https:\/\/vincentians.com\/es\/tal-dia-como-hoy-28-de-mayo\/\" \/>\n<meta property=\"og:locale\" content=\"es_ES\" \/>\n<meta property=\"og:type\" content=\"article\" \/>\n<meta property=\"og:title\" content=\"Tal d\u00eda como hoy: 28 de mayo - Somos Vicencianos\" \/>\n<meta property=\"og:description\" content=\"1660. Conferencia de Vicente de Pa\u00fal en San L\u00e1zaro sobre las virtudes del difunto Luis de Chandenier, abad de Tournus. Ser\u00e1 la primera de cuatro. Las otras tres tendr\u00e1n lugar los d\u00edas 4, 18 y ... Read More\" \/>\n<meta property=\"og:url\" content=\"https:\/\/vincentians.com\/es\/tal-dia-como-hoy-28-de-mayo\/\" \/>\n<meta property=\"og:site_name\" content=\"Somos Vicencianos\" \/>\n<meta property=\"article:publisher\" content=\"https:\/\/www.facebook.com\/WeAreVincentians\/\" \/>\n<meta property=\"article:author\" content=\"https:\/\/www.facebook.com\/JavierChento\" \/>\n<meta property=\"article:published_time\" content=\"2017-05-27T22:01:25+00:00\" \/>\n<meta property=\"og:image\" content=\"https:\/\/i0.wp.com\/vincentians.com\/es\/wp-content\/uploads\/sites\/11\/2016\/07\/ephemerides-fb.jpg?fit=1200%2C630&ssl=1\" \/>\n\t<meta property=\"og:image:width\" content=\"1200\" \/>\n\t<meta property=\"og:image:height\" content=\"630\" \/>\n\t<meta property=\"og:image:type\" content=\"image\/jpeg\" \/>\n<meta name=\"author\" content=\"Francisco Javier Fern\u00e1ndez Chento\" \/>\n<meta name=\"twitter:card\" content=\"summary_large_image\" \/>\n<meta name=\"twitter:creator\" content=\"@https:\/\/twitter.com\/javierchento\" \/>\n<meta name=\"twitter:site\" content=\"@WeVincentians\" \/>\n<meta name=\"twitter:label1\" content=\"Escrito por\" \/>\n\t<meta name=\"twitter:data1\" content=\"Francisco Javier Fern\u00e1ndez Chento\" \/>\n\t<meta name=\"twitter:label2\" content=\"Tiempo de lectura\" \/>\n\t<meta name=\"twitter:data2\" content=\"2 minutos\" \/>\n<script type=\"application\/ld+json\" class=\"yoast-schema-graph\">{\"@context\":\"https:\/\/schema.org\",\"@graph\":[{\"@type\":\"Article\",\"@id\":\"https:\/\/vincentians.com\/es\/tal-dia-como-hoy-28-de-mayo\/#article\",\"isPartOf\":{\"@id\":\"https:\/\/vincentians.com\/es\/tal-dia-como-hoy-28-de-mayo\/\"},\"author\":{\"name\":\"Francisco Javier Fern\u00e1ndez Chento\",\"@id\":\"http:\/\/vincentians.com\/es\/#\/schema\/person\/9623ef4d9aa3b2dfb8c061f1499288f2\"},\"headline\":\"Tal d\u00eda como hoy: 28 de mayo\",\"datePublished\":\"2017-05-27T22:01:25+00:00\",\"mainEntityOfPage\":{\"@id\":\"https:\/\/vincentians.com\/es\/tal-dia-como-hoy-28-de-mayo\/\"},\"wordCount\":340,\"commentCount\":0,\"publisher\":{\"@id\":\"http:\/\/vincentians.com\/es\/#organization\"},\"image\":{\"@id\":\"https:\/\/vincentians.com\/es\/tal-dia-como-hoy-28-de-mayo\/#primaryimage\"},\"thumbnailUrl\":\"https:\/\/i0.wp.com\/vincentians.com\/es\/wp-content\/uploads\/sites\/11\/2016\/07\/ephemerides-fb.jpg?fit=1200%2C630&ssl=1\",\"keywords\":[\"San L\u00e1zaro\"],\"articleSection\":[\"Efem\u00e9rides Vicencianas\"],\"inLanguage\":\"es\",\"potentialAction\":[{\"@type\":\"CommentAction\",\"name\":\"Comment\",\"target\":[\"https:\/\/vincentians.com\/es\/tal-dia-como-hoy-28-de-mayo\/#respond\"]}]},{\"@type\":\"WebPage\",\"@id\":\"https:\/\/vincentians.com\/es\/tal-dia-como-hoy-28-de-mayo\/\",\"url\":\"https:\/\/vincentians.com\/es\/tal-dia-como-hoy-28-de-mayo\/\",\"name\":\"Tal d\u00eda como hoy: 28 de mayo - Somos Vicencianos\",\"isPartOf\":{\"@id\":\"http:\/\/vincentians.com\/es\/#website\"},\"primaryImageOfPage\":{\"@id\":\"https:\/\/vincentians.com\/es\/tal-dia-como-hoy-28-de-mayo\/#primaryimage\"},\"image\":{\"@id\":\"https:\/\/vincentians.com\/es\/tal-dia-como-hoy-28-de-mayo\/#primaryimage\"},\"thumbnailUrl\":\"https:\/\/i0.wp.com\/vincentians.com\/es\/wp-content\/uploads\/sites\/11\/2016\/07\/ephemerides-fb.jpg?fit=1200%2C630&ssl=1\",\"datePublished\":\"2017-05-27T22:01:25+00:00\",\"breadcrumb\":{\"@id\":\"https:\/\/vincentians.com\/es\/tal-dia-como-hoy-28-de-mayo\/#breadcrumb\"},\"inLanguage\":\"es\",\"potentialAction\":[{\"@type\":\"ReadAction\",\"target\":[\"https:\/\/vincentians.com\/es\/tal-dia-como-hoy-28-de-mayo\/\"]}]},{\"@type\":\"ImageObject\",\"inLanguage\":\"es\",\"@id\":\"https:\/\/vincentians.com\/es\/tal-dia-como-hoy-28-de-mayo\/#primaryimage\",\"url\":\"https:\/\/i0.wp.com\/vincentians.com\/es\/wp-content\/uploads\/sites\/11\/2016\/07\/ephemerides-fb.jpg?fit=1200%2C630&ssl=1\",\"contentUrl\":\"https:\/\/i0.wp.com\/vincentians.com\/es\/wp-content\/uploads\/sites\/11\/2016\/07\/ephemerides-fb.jpg?fit=1200%2C630&ssl=1\",\"width\":1200,\"height\":630},{\"@type\":\"BreadcrumbList\",\"@id\":\"https:\/\/vincentians.com\/es\/tal-dia-como-hoy-28-de-mayo\/#breadcrumb\",\"itemListElement\":[{\"@type\":\"ListItem\",\"position\":1,\"name\":\"Portada\",\"item\":\"http:\/\/vincentians.com\/es\/\"},{\"@type\":\"ListItem\",\"position\":2,\"name\":\"Tal d\u00eda como hoy: 28 de mayo\"}]},{\"@type\":\"WebSite\",\"@id\":\"http:\/\/vincentians.com\/es\/#website\",\"url\":\"http:\/\/vincentians.com\/es\/\",\"name\":\"Somos Vicencianos\",\"description\":\"Know more to serve more\",\"publisher\":{\"@id\":\"http:\/\/vincentians.com\/es\/#organization\"},\"potentialAction\":[{\"@type\":\"SearchAction\",\"target\":{\"@type\":\"EntryPoint\",\"urlTemplate\":\"http:\/\/vincentians.com\/es\/?s={search_term_string}\"},\"query-input\":{\"@type\":\"PropertyValueSpecification\",\"valueRequired\":true,\"valueName\":\"search_term_string\"}}],\"inLanguage\":\"es\"},{\"@type\":\"Organization\",\"@id\":\"http:\/\/vincentians.com\/es\/#organization\",\"name\":\"The Vincentian Network\",\"url\":\"http:\/\/vincentians.com\/es\/\",\"logo\":{\"@type\":\"ImageObject\",\"inLanguage\":\"es\",\"@id\":\"http:\/\/vincentians.com\/es\/#\/schema\/logo\/image\/\",\"url\":\"https:\/\/i1.wp.com\/vincentians.com\/es\/wp-content\/uploads\/sites\/11\/2016\/06\/Vincentian-Network-logo-big.png?fit=778%2C778\",\"contentUrl\":\"https:\/\/i1.wp.com\/vincentians.com\/es\/wp-content\/uploads\/sites\/11\/2016\/06\/Vincentian-Network-logo-big.png?fit=778%2C778\",\"width\":778,\"height\":778,\"caption\":\"The Vincentian Network\"},\"image\":{\"@id\":\"http:\/\/vincentians.com\/es\/#\/schema\/logo\/image\/\"},\"sameAs\":[\"https:\/\/www.facebook.com\/WeAreVincentians\/\",\"https:\/\/x.com\/WeVincentians\"]},{\"@type\":\"Person\",\"@id\":\"http:\/\/vincentians.com\/es\/#\/schema\/person\/9623ef4d9aa3b2dfb8c061f1499288f2\",\"name\":\"Francisco Javier Fern\u00e1ndez Chento\",\"image\":{\"@type\":\"ImageObject\",\"inLanguage\":\"es\",\"@id\":\"http:\/\/vincentians.com\/es\/#\/schema\/person\/image\/\",\"url\":\"https:\/\/secure.gravatar.com\/avatar\/497d5cde87b4c3d097d0315953521681ba2cd523ee66e5077c3711f7021e65de?s=96&d=mm&r=g\",\"contentUrl\":\"https:\/\/secure.gravatar.com\/avatar\/497d5cde87b4c3d097d0315953521681ba2cd523ee66e5077c3711f7021e65de?s=96&d=mm&r=g\",\"caption\":\"Francisco Javier Fern\u00e1ndez Chento\"},\"description\":\"Director General y cofundador de La Red de Formaci\u00f3n Vicenciana. Javier es laico vicenciano, afiliado a la Congregaci\u00f3n de la Misi\u00f3n y miembro del Equipo de Misiones Populares de la provincia can\u00f3nica de Zaragoza (Espa\u00f1a) de la Congregaci\u00f3n de la Misi\u00f3n. Graduado en la Universidad Oberta de Catalunya con cuatro grados (Asistente de direcci\u00f3n, Gesti\u00f3n Administrativa, Recursos Humanos y Contabilidad Avanzada). Bil\u00edng\u00fce Espa\u00f1ol\/Ingl\u00e9s. gestiona y mantiene varias p\u00e1ginas web cristianas y vicencianas, incluida including La Red de Formaci\u00f3n Vicenciana, de la que es cofundador. Actualmente es responsable del \u00e1rea de Espa\u00f1ol de .famvin, la Red de Noticias de la Familia Vicenciana. Tambi\u00e9n es m\u00fasico cat\u00f3lico y ha editado varios discos. Es Director General y cofundador de Trovador, una reconocida compa\u00f1\u00eda discogr\u00e1fica critiana de Espa\u00f1a. Trabaja en las Tecnolog\u00edas de la Informaci\u00f3n, ofreciendo servicios de alojamiento, dise\u00f1o y mantenimiento Web, as\u00ed como asesoramiento, formaci\u00f3n y soluciones inform\u00e1ticas, gesti\u00f3n documental y digitalizaci\u00f3n de textos, edici\u00f3n y maquetaci\u00f3n de libros, revistas, flyers, etc.\",\"sameAs\":[\"http:\/\/chento.org\",\"https:\/\/www.facebook.com\/JavierChento\",\"https:\/\/x.com\/https:\/\/twitter.com\/javierchento\"],\"url\":\"https:\/\/vincentians.com\/es\/author\/chento\/\"}]}<\/script>\n<!-- \/ Yoast SEO plugin. -->","yoast_head_json":{"title":"Tal d\u00eda como hoy: 28 de mayo - Somos Vicencianos","robots":{"index":"index","follow":"follow","max-snippet":"max-snippet:-1","max-image-preview":"max-image-preview:large","max-video-preview":"max-video-preview:-1"},"canonical":"https:\/\/vincentians.com\/es\/tal-dia-como-hoy-28-de-mayo\/","og_locale":"es_ES","og_type":"article","og_title":"Tal d\u00eda como hoy: 28 de mayo - Somos Vicencianos","og_description":"1660. Conferencia de Vicente de Pa\u00fal en San L\u00e1zaro sobre las virtudes del difunto Luis de Chandenier, abad de Tournus. Ser\u00e1 la primera de cuatro. Las otras tres tendr\u00e1n lugar los d\u00edas 4, 18 y ... Read More","og_url":"https:\/\/vincentians.com\/es\/tal-dia-como-hoy-28-de-mayo\/","og_site_name":"Somos Vicencianos","article_publisher":"https:\/\/www.facebook.com\/WeAreVincentians\/","article_author":"https:\/\/www.facebook.com\/JavierChento","article_published_time":"2017-05-27T22:01:25+00:00","og_image":[{"width":1200,"height":630,"url":"https:\/\/i0.wp.com\/vincentians.com\/es\/wp-content\/uploads\/sites\/11\/2016\/07\/ephemerides-fb.jpg?fit=1200%2C630&ssl=1","type":"image\/jpeg"}],"author":"Francisco Javier Fern\u00e1ndez Chento","twitter_card":"summary_large_image","twitter_creator":"@https:\/\/twitter.com\/javierchento","twitter_site":"@WeVincentians","twitter_misc":{"Escrito por":"Francisco Javier Fern\u00e1ndez Chento","Tiempo de lectura":"2 minutos"},"schema":{"@context":"https:\/\/schema.org","@graph":[{"@type":"Article","@id":"https:\/\/vincentians.com\/es\/tal-dia-como-hoy-28-de-mayo\/#article","isPartOf":{"@id":"https:\/\/vincentians.com\/es\/tal-dia-como-hoy-28-de-mayo\/"},"author":{"name":"Francisco Javier Fern\u00e1ndez Chento","@id":"http:\/\/vincentians.com\/es\/#\/schema\/person\/9623ef4d9aa3b2dfb8c061f1499288f2"},"headline":"Tal d\u00eda como hoy: 28 de mayo","datePublished":"2017-05-27T22:01:25+00:00","mainEntityOfPage":{"@id":"https:\/\/vincentians.com\/es\/tal-dia-como-hoy-28-de-mayo\/"},"wordCount":340,"commentCount":0,"publisher":{"@id":"http:\/\/vincentians.com\/es\/#organization"},"image":{"@id":"https:\/\/vincentians.com\/es\/tal-dia-como-hoy-28-de-mayo\/#primaryimage"},"thumbnailUrl":"https:\/\/i0.wp.com\/vincentians.com\/es\/wp-content\/uploads\/sites\/11\/2016\/07\/ephemerides-fb.jpg?fit=1200%2C630&ssl=1","keywords":["San L\u00e1zaro"],"articleSection":["Efem\u00e9rides Vicencianas"],"inLanguage":"es","potentialAction":[{"@type":"CommentAction","name":"Comment","target":["https:\/\/vincentians.com\/es\/tal-dia-como-hoy-28-de-mayo\/#respond"]}]},{"@type":"WebPage","@id":"https:\/\/vincentians.com\/es\/tal-dia-como-hoy-28-de-mayo\/","url":"https:\/\/vincentians.com\/es\/tal-dia-como-hoy-28-de-mayo\/","name":"Tal d\u00eda como hoy: 28 de mayo - Somos Vicencianos","isPartOf":{"@id":"http:\/\/vincentians.com\/es\/#website"},"primaryImageOfPage":{"@id":"https:\/\/vincentians.com\/es\/tal-dia-como-hoy-28-de-mayo\/#primaryimage"},"image":{"@id":"https:\/\/vincentians.com\/es\/tal-dia-como-hoy-28-de-mayo\/#primaryimage"},"thumbnailUrl":"https:\/\/i0.wp.com\/vincentians.com\/es\/wp-content\/uploads\/sites\/11\/2016\/07\/ephemerides-fb.jpg?fit=1200%2C630&ssl=1","datePublished":"2017-05-27T22:01:25+00:00","breadcrumb":{"@id":"https:\/\/vincentians.com\/es\/tal-dia-como-hoy-28-de-mayo\/#breadcrumb"},"inLanguage":"es","potentialAction":[{"@type":"ReadAction","target":["https:\/\/vincentians.com\/es\/tal-dia-como-hoy-28-de-mayo\/"]}]},{"@type":"ImageObject","inLanguage":"es","@id":"https:\/\/vincentians.com\/es\/tal-dia-como-hoy-28-de-mayo\/#primaryimage","url":"https:\/\/i0.wp.com\/vincentians.com\/es\/wp-content\/uploads\/sites\/11\/2016\/07\/ephemerides-fb.jpg?fit=1200%2C630&ssl=1","contentUrl":"https:\/\/i0.wp.com\/vincentians.com\/es\/wp-content\/uploads\/sites\/11\/2016\/07\/ephemerides-fb.jpg?fit=1200%2C630&ssl=1","width":1200,"height":630},{"@type":"BreadcrumbList","@id":"https:\/\/vincentians.com\/es\/tal-dia-como-hoy-28-de-mayo\/#breadcrumb","itemListElement":[{"@type":"ListItem","position":1,"name":"Portada","item":"http:\/\/vincentians.com\/es\/"},{"@type":"ListItem","position":2,"name":"Tal d\u00eda como hoy: 28 de mayo"}]},{"@type":"WebSite","@id":"http:\/\/vincentians.com\/es\/#website","url":"http:\/\/vincentians.com\/es\/","name":"Somos Vicencianos","description":"Know more to serve more","publisher":{"@id":"http:\/\/vincentians.com\/es\/#organization"},"potentialAction":[{"@type":"SearchAction","target":{"@type":"EntryPoint","urlTemplate":"http:\/\/vincentians.com\/es\/?s={search_term_string}"},"query-input":{"@type":"PropertyValueSpecification","valueRequired":true,"valueName":"search_term_string"}}],"inLanguage":"es"},{"@type":"Organization","@id":"http:\/\/vincentians.com\/es\/#organization","name":"The Vincentian Network","url":"http:\/\/vincentians.com\/es\/","logo":{"@type":"ImageObject","inLanguage":"es","@id":"http:\/\/vincentians.com\/es\/#\/schema\/logo\/image\/","url":"https:\/\/i1.wp.com\/vincentians.com\/es\/wp-content\/uploads\/sites\/11\/2016\/06\/Vincentian-Network-logo-big.png?fit=778%2C778","contentUrl":"https:\/\/i1.wp.com\/vincentians.com\/es\/wp-content\/uploads\/sites\/11\/2016\/06\/Vincentian-Network-logo-big.png?fit=778%2C778","width":778,"height":778,"caption":"The Vincentian Network"},"image":{"@id":"http:\/\/vincentians.com\/es\/#\/schema\/logo\/image\/"},"sameAs":["https:\/\/www.facebook.com\/WeAreVincentians\/","https:\/\/x.com\/WeVincentians"]},{"@type":"Person","@id":"http:\/\/vincentians.com\/es\/#\/schema\/person\/9623ef4d9aa3b2dfb8c061f1499288f2","name":"Francisco Javier Fern\u00e1ndez Chento","image":{"@type":"ImageObject","inLanguage":"es","@id":"http:\/\/vincentians.com\/es\/#\/schema\/person\/image\/","url":"https:\/\/secure.gravatar.com\/avatar\/497d5cde87b4c3d097d0315953521681ba2cd523ee66e5077c3711f7021e65de?s=96&d=mm&r=g","contentUrl":"https:\/\/secure.gravatar.com\/avatar\/497d5cde87b4c3d097d0315953521681ba2cd523ee66e5077c3711f7021e65de?s=96&d=mm&r=g","caption":"Francisco Javier Fern\u00e1ndez Chento"},"description":"Director General y cofundador de La Red de Formaci\u00f3n Vicenciana. Javier es laico vicenciano, afiliado a la Congregaci\u00f3n de la Misi\u00f3n y miembro del Equipo de Misiones Populares de la provincia can\u00f3nica de Zaragoza (Espa\u00f1a) de la Congregaci\u00f3n de la Misi\u00f3n. Graduado en la Universidad Oberta de Catalunya con cuatro grados (Asistente de direcci\u00f3n, Gesti\u00f3n Administrativa, Recursos Humanos y Contabilidad Avanzada). Bil\u00edng\u00fce Espa\u00f1ol\/Ingl\u00e9s. gestiona y mantiene varias p\u00e1ginas web cristianas y vicencianas, incluida including La Red de Formaci\u00f3n Vicenciana, de la que es cofundador. Actualmente es responsable del \u00e1rea de Espa\u00f1ol de .famvin, la Red de Noticias de la Familia Vicenciana. Tambi\u00e9n es m\u00fasico cat\u00f3lico y ha editado varios discos. Es Director General y cofundador de Trovador, una reconocida compa\u00f1\u00eda discogr\u00e1fica critiana de Espa\u00f1a. Trabaja en las Tecnolog\u00edas de la Informaci\u00f3n, ofreciendo servicios de alojamiento, dise\u00f1o y mantenimiento Web, as\u00ed como asesoramiento, formaci\u00f3n y soluciones inform\u00e1ticas, gesti\u00f3n documental y digitalizaci\u00f3n de textos, edici\u00f3n y maquetaci\u00f3n de libros, revistas, flyers, etc.","sameAs":["http:\/\/chento.org","https:\/\/www.facebook.com\/JavierChento","https:\/\/x.com\/https:\/\/twitter.com\/javierchento"],"url":"https:\/\/vincentians.com\/es\/author\/chento\/"}]}},"jetpack_publicize_connections":[],"jetpack_featured_media_url":"https:\/\/i0.wp.com\/vincentians.com\/es\/wp-content\/uploads\/sites\/11\/2016\/07\/ephemerides-fb.jpg?fit=1200%2C630&ssl=1","jetpack_sharing_enabled":true,"jetpack_shortlink":"https:\/\/wp.me\/p7ETMF-5Pu","jetpack-related-posts":[{"id":115682,"url":"https:\/\/vincentians.com\/es\/vicente-de-paul-carta-1025-a-juan-francisco-de-gondi-arzobispo-de-paris\/","url_meta":{"origin":22412,"position":0},"title":"Vicente de Pa\u00fal, Carta 1025: A Juan Francisco De Gondi, Arzobispo De Paris","author":"Francisco Javier Fern\u00e1ndez Chento","date":"09\/12\/2012","format":false,"excerpt":"3 septiembre 1647. Monse\u00f1or: Le renuevo una vez m\u00e1s mi obediencia, con todo el afecto y toda la humildad que me es posible. Le suplico humildemente, monse\u00f1or, que as\u00ed lo acepte, as\u00ed como tambi\u00e9n la s\u00faplica que le dirigir\u00e1 el se\u00f1or Ribier, portador de la presente, sobre la uni\u00f3n de\u2026","rel":"","context":"En \u00abEscritos de Vicente de Pa\u00fal\u00bb","block_context":{"text":"Escritos de Vicente de Pa\u00fal","link":"https:\/\/vincentians.com\/es\/category\/escritos\/escritos-de-vicente-de-paul\/"},"img":{"alt_text":"","src":"https:\/\/i0.wp.com\/vincentians.com\/es\/wp-content\/uploads\/sites\/11\/2016\/07\/escritos-vicente-de-paul.jpg?fit=1200%2C630&ssl=1&resize=350%2C200","width":350,"height":200,"srcset":"https:\/\/i0.wp.com\/vincentians.com\/es\/wp-content\/uploads\/sites\/11\/2016\/07\/escritos-vicente-de-paul.jpg?fit=1200%2C630&ssl=1&resize=350%2C200 1x, https:\/\/i0.wp.com\/vincentians.com\/es\/wp-content\/uploads\/sites\/11\/2016\/07\/escritos-vicente-de-paul.jpg?fit=1200%2C630&ssl=1&resize=525%2C300 1.5x, https:\/\/i0.wp.com\/vincentians.com\/es\/wp-content\/uploads\/sites\/11\/2016\/07\/escritos-vicente-de-paul.jpg?fit=1200%2C630&ssl=1&resize=700%2C400 2x, https:\/\/i0.wp.com\/vincentians.com\/es\/wp-content\/uploads\/sites\/11\/2016\/07\/escritos-vicente-de-paul.jpg?fit=1200%2C630&ssl=1&resize=1050%2C600 3x"},"classes":[]},{"id":23843,"url":"https:\/\/vincentians.com\/es\/luisa-de-marillac-carta-0148-al-senor-abad-de-vaux\/","url_meta":{"origin":22412,"position":1},"title":"Luisa de Marillac, Carta 0148: Al se\u00f1or Abad de Vaux","author":"Francisco Javier Fern\u00e1ndez Chento","date":"09\/12\/2010","format":false,"excerpt":"(Par\u00eds) (11 de mayo de 1646) Se\u00f1or: Le agradezco muy humildemente las molestias que se toma siempre por nosotras, que no merecemos este bien. No he escrito al se\u00f1or Portail sobre el asunto que su caridad ha hecho el favor de advertirme porque ya le hab\u00eda yo rogado que hablara\u2026","rel":"","context":"En \u00abEscritos de Luisa de Marillac\u00bb","block_context":{"text":"Escritos de Luisa de Marillac","link":"https:\/\/vincentians.com\/es\/category\/escritos\/escritos-de-luisa-de-marillac\/"},"img":{"alt_text":"","src":"https:\/\/i0.wp.com\/vincentians.com\/es\/wp-content\/uploads\/sites\/11\/2016\/07\/escritos-luisa-de-marillac.jpg?fit=1200%2C630&ssl=1&resize=350%2C200","width":350,"height":200,"srcset":"https:\/\/i0.wp.com\/vincentians.com\/es\/wp-content\/uploads\/sites\/11\/2016\/07\/escritos-luisa-de-marillac.jpg?fit=1200%2C630&ssl=1&resize=350%2C200 1x, https:\/\/i0.wp.com\/vincentians.com\/es\/wp-content\/uploads\/sites\/11\/2016\/07\/escritos-luisa-de-marillac.jpg?fit=1200%2C630&ssl=1&resize=525%2C300 1.5x, https:\/\/i0.wp.com\/vincentians.com\/es\/wp-content\/uploads\/sites\/11\/2016\/07\/escritos-luisa-de-marillac.jpg?fit=1200%2C630&ssl=1&resize=700%2C400 2x, https:\/\/i0.wp.com\/vincentians.com\/es\/wp-content\/uploads\/sites\/11\/2016\/07\/escritos-luisa-de-marillac.jpg?fit=1200%2C630&ssl=1&resize=1050%2C600 3x"},"classes":[]},{"id":142640,"url":"https:\/\/vincentians.com\/es\/vicente-de-paul-carta-1312-el-senor-de-la-ferriere-sorin-a-san-vicente\/","url_meta":{"origin":22412,"position":2},"title":"Vicente de Pa\u00fal, Carta 1312: El Se\u00f1or De La Ferriere-Sorin A San Vicente","author":"Francisco Javier Fern\u00e1ndez Chento","date":"10\/04\/2015","format":false,"excerpt":"Nantes, 4 de septiembre de 1650 Padre: La carta con que quiso usted honrar al difunto se\u00f1or Granil, uno de los maestros, para saber de \u00e9l con confianza los sentimientos del se\u00f1or obispo de Nantes a prop\u00f3sito de las hermanas que usted tuvo la bondad de mandarnos, han enfriado aparentemente\u2026","rel":"","context":"En \u00abEscritos de Vicente de Pa\u00fal\u00bb","block_context":{"text":"Escritos de Vicente de Pa\u00fal","link":"https:\/\/vincentians.com\/es\/category\/escritos\/escritos-de-vicente-de-paul\/"},"img":{"alt_text":"","src":"https:\/\/i0.wp.com\/vincentians.com\/es\/wp-content\/uploads\/sites\/11\/2016\/07\/escritos-vicente-de-paul.jpg?fit=1200%2C630&ssl=1&resize=350%2C200","width":350,"height":200,"srcset":"https:\/\/i0.wp.com\/vincentians.com\/es\/wp-content\/uploads\/sites\/11\/2016\/07\/escritos-vicente-de-paul.jpg?fit=1200%2C630&ssl=1&resize=350%2C200 1x, https:\/\/i0.wp.com\/vincentians.com\/es\/wp-content\/uploads\/sites\/11\/2016\/07\/escritos-vicente-de-paul.jpg?fit=1200%2C630&ssl=1&resize=525%2C300 1.5x, https:\/\/i0.wp.com\/vincentians.com\/es\/wp-content\/uploads\/sites\/11\/2016\/07\/escritos-vicente-de-paul.jpg?fit=1200%2C630&ssl=1&resize=700%2C400 2x, https:\/\/i0.wp.com\/vincentians.com\/es\/wp-content\/uploads\/sites\/11\/2016\/07\/escritos-vicente-de-paul.jpg?fit=1200%2C630&ssl=1&resize=1050%2C600 3x"},"classes":[]},{"id":126893,"url":"https:\/\/vincentians.com\/es\/vicente-de-paul-carta-1220-a-luisa-de-marillac\/","url_meta":{"origin":22412,"position":3},"title":"Vicente de Pa\u00fal, Carta 1220: A Luisa De Marillac","author":"Francisco Javier Fern\u00e1ndez Chento","date":"30\/01\/2014","format":false,"excerpt":"San L\u00e1zaro, jueves, a las once [diciembre 1649] Se\u00f1orita: Tiene usted motivos para temer algo sobre la cuant\u00eda de las rentas de ese oficio. Lo que me hace decirle esto es que ya hace mucho tiempo que est\u00e1 vacante y que quiz\u00e1s esto se deba a que no hay ning\u00fan\u2026","rel":"","context":"En \u00abEscritos de Vicente de Pa\u00fal\u00bb","block_context":{"text":"Escritos de Vicente de Pa\u00fal","link":"https:\/\/vincentians.com\/es\/category\/escritos\/escritos-de-vicente-de-paul\/"},"img":{"alt_text":"","src":"https:\/\/i0.wp.com\/vincentians.com\/es\/wp-content\/uploads\/sites\/11\/2016\/07\/escritos-vicente-de-paul.jpg?fit=1200%2C630&ssl=1&resize=350%2C200","width":350,"height":200,"srcset":"https:\/\/i0.wp.com\/vincentians.com\/es\/wp-content\/uploads\/sites\/11\/2016\/07\/escritos-vicente-de-paul.jpg?fit=1200%2C630&ssl=1&resize=350%2C200 1x, https:\/\/i0.wp.com\/vincentians.com\/es\/wp-content\/uploads\/sites\/11\/2016\/07\/escritos-vicente-de-paul.jpg?fit=1200%2C630&ssl=1&resize=525%2C300 1.5x, https:\/\/i0.wp.com\/vincentians.com\/es\/wp-content\/uploads\/sites\/11\/2016\/07\/escritos-vicente-de-paul.jpg?fit=1200%2C630&ssl=1&resize=700%2C400 2x, https:\/\/i0.wp.com\/vincentians.com\/es\/wp-content\/uploads\/sites\/11\/2016\/07\/escritos-vicente-de-paul.jpg?fit=1200%2C630&ssl=1&resize=1050%2C600 3x"},"classes":[]},{"id":137549,"url":"https:\/\/vincentians.com\/es\/vicente-de-paul-carta-1291-el-padre-vitet-a-san-vicente\/","url_meta":{"origin":22412,"position":4},"title":"Vicente de Pa\u00fal, Carta 1291: El Padre Vitet A San Vicente","author":"Francisco Javier Fern\u00e1ndez Chento","date":"26\/02\/2015","format":false,"excerpt":"Roma 18 de julio de 1650 Padre: Me hubiera tomado el honor de escribirle con mayor frecuencia para darle cuenta de todo lo que va sucediendo con nuestro asunto, si hubi\u00e9ramos logrado retirar nuestros papeles de manos de monse\u00f1or Farnese, secretario de la congregaci\u00f3n de regulares (1), el cual, enfadado\u2026","rel":"","context":"En \u00abEscritos de Vicente de Pa\u00fal\u00bb","block_context":{"text":"Escritos de Vicente de Pa\u00fal","link":"https:\/\/vincentians.com\/es\/category\/escritos\/escritos-de-vicente-de-paul\/"},"img":{"alt_text":"","src":"https:\/\/i0.wp.com\/vincentians.com\/es\/wp-content\/uploads\/sites\/11\/2016\/07\/escritos-vicente-de-paul.jpg?fit=1200%2C630&ssl=1&resize=350%2C200","width":350,"height":200,"srcset":"https:\/\/i0.wp.com\/vincentians.com\/es\/wp-content\/uploads\/sites\/11\/2016\/07\/escritos-vicente-de-paul.jpg?fit=1200%2C630&ssl=1&resize=350%2C200 1x, https:\/\/i0.wp.com\/vincentians.com\/es\/wp-content\/uploads\/sites\/11\/2016\/07\/escritos-vicente-de-paul.jpg?fit=1200%2C630&ssl=1&resize=525%2C300 1.5x, https:\/\/i0.wp.com\/vincentians.com\/es\/wp-content\/uploads\/sites\/11\/2016\/07\/escritos-vicente-de-paul.jpg?fit=1200%2C630&ssl=1&resize=700%2C400 2x, https:\/\/i0.wp.com\/vincentians.com\/es\/wp-content\/uploads\/sites\/11\/2016\/07\/escritos-vicente-de-paul.jpg?fit=1200%2C630&ssl=1&resize=1050%2C600 3x"},"classes":[]},{"id":30473,"url":"https:\/\/vincentians.com\/es\/vida-de-san-vicente-de-paul-libro-primero-capitulo-49\/","url_meta":{"origin":22412,"position":5},"title":"Vida de san Vicente de Pa\u00fal: Libro Primero, Cap\u00edtulo 49","author":"Francisco Javier Fern\u00e1ndez Chento","date":"01\/04\/2020","format":false,"excerpt":"Todos los que quieran vivir virtuosamente en el servicio de Jesucristo deben sufrir, como dice el Ap\u00f3stol, alguna contrariedad y tribulaci\u00f3n. Hay que llevar su librea, es decir, alguna porci\u00f3n de su cruz y de sus espinas, para ser digno de seguirlo, y para reinar en la eternidad con El,\u2026","rel":"","context":"En \u00abEscritos de Luis Abelly\u00bb","block_context":{"text":"Escritos de Luis Abelly","link":"https:\/\/vincentians.com\/es\/category\/escritos\/escritos-de-luis-abelly\/"},"img":{"alt_text":"","src":"https:\/\/i0.wp.com\/vincentians.com\/es\/wp-content\/uploads\/sites\/11\/2016\/07\/abelly-feat.jpg?fit=1200%2C630&ssl=1&resize=350%2C200","width":350,"height":200,"srcset":"https:\/\/i0.wp.com\/vincentians.com\/es\/wp-content\/uploads\/sites\/11\/2016\/07\/abelly-feat.jpg?fit=1200%2C630&ssl=1&resize=350%2C200 1x, https:\/\/i0.wp.com\/vincentians.com\/es\/wp-content\/uploads\/sites\/11\/2016\/07\/abelly-feat.jpg?fit=1200%2C630&ssl=1&resize=525%2C300 1.5x, https:\/\/i0.wp.com\/vincentians.com\/es\/wp-content\/uploads\/sites\/11\/2016\/07\/abelly-feat.jpg?fit=1200%2C630&ssl=1&resize=700%2C400 2x, https:\/\/i0.wp.com\/vincentians.com\/es\/wp-content\/uploads\/sites\/11\/2016\/07\/abelly-feat.jpg?fit=1200%2C630&ssl=1&resize=1050%2C600 3x"},"classes":[]}],"_links":{"self":[{"href":"https:\/\/vincentians.com\/es\/wp-json\/wp\/v2\/posts\/22412","targetHints":{"allow":["GET"]}}],"collection":[{"href":"https:\/\/vincentians.com\/es\/wp-json\/wp\/v2\/posts"}],"about":[{"href":"https:\/\/vincentians.com\/es\/wp-json\/wp\/v2\/types\/post"}],"author":[{"embeddable":true,"href":"https:\/\/vincentians.com\/es\/wp-json\/wp\/v2\/users\/4"}],"replies":[{"embeddable":true,"href":"https:\/\/vincentians.com\/es\/wp-json\/wp\/v2\/comments?post=22412"}],"version-history":[{"count":0,"href":"https:\/\/vincentians.com\/es\/wp-json\/wp\/v2\/posts\/22412\/revisions"}],"wp:featuredmedia":[{"embeddable":true,"href":"https:\/\/vincentians.com\/es\/wp-json\/wp\/v2\/media\/149897"}],"wp:attachment":[{"href":"https:\/\/vincentians.com\/es\/wp-json\/wp\/v2\/media?parent=22412"}],"wp:term":[{"taxonomy":"category","embeddable":true,"href":"https:\/\/vincentians.com\/es\/wp-json\/wp\/v2\/categories?post=22412"},{"taxonomy":"post_tag","embeddable":true,"href":"https:\/\/vincentians.com\/es\/wp-json\/wp\/v2\/tags?post=22412"}],"curies":[{"name":"wp","href":"https:\/\/api.w.org\/{rel}","templated":true}]}}