{"id":22408,"date":"2017-05-25T00:01:16","date_gmt":"2017-05-24T22:01:16","guid":{"rendered":"http:\/\/somos.vicencianos.org\/blog\/2010\/05\/25\/tal-dia-como-hoy-25-de-mayo\/"},"modified":"2016-07-24T09:03:31","modified_gmt":"2016-07-24T07:03:31","slug":"tal-dia-como-hoy-25-de-mayo","status":"publish","type":"post","link":"https:\/\/vincentians.com\/es\/tal-dia-como-hoy-25-de-mayo\/","title":{"rendered":"Tal d\u00eda como hoy: 25 de mayo"},"content":{"rendered":"<p><strong>1654.<\/strong> Conferencia de Vicente de Pa\u00fal a las Hijas de la Caridad sobre la  conservaci\u00f3n de la Compa\u00f1\u00eda. Vicente dice que la Compa\u00f1\u00eda es obra de  Dios, pues seg\u00fan san Agust\u00edn, lo que los hombres no han hecho, viene de  Dios. Refuerza su afirmaci\u00f3n el que en ella haya algunas almas tan  excelentes como la de la recientemente fallecida sor Andrea, que le dijo  poco antes de morir: \u00abNo tengo ninguna pena, ning\u00fan remordimiento m\u00e1s  que el de haberme complacido demasiado sirviendo a los Pobres\u00bb. Cita  tambi\u00e9n a sor Margarita Moreau, que prefiri\u00f3 servir a los pobres a estar  junto a la reina de Polonia. Entre las cosas que pueden arruinar la  Compa\u00f1\u00eda se alude a las tentaciones contra la vocaci\u00f3n. Vicente mantiene  que hay que contar las tentaciones a los superiores y no a las otras  hermanas. Tambi\u00e9n menciona el apego al mundo y previene contra las  alabanzas de este, pues es s\u00edntoma de que no se tiene el esp\u00edritu que  quiere Nuestro Se\u00f1or. La falta de fidelidad en la observancia de las  reglas tambi\u00e9n conduce a la p\u00e9rdida de la Compa\u00f1\u00eda. Por \u00faltimo, Vicente  reserva a los superiores tanto la reflexi\u00f3n sobre los cambios como la  introducci\u00f3n de los mismos en la Compa\u00f1\u00eda y dice: \u00abCuando se os hable de  introducir alg\u00fan cambio, es preciso que respond\u00e1is: Hermana, \u00bfqu\u00e9 dice  usted? Hemos sido educadas de esa manera; siempre hemos observado esa  forma de vivir. \u00a1Oh Salvador! Yo no quiero cambiar nada+ y a\u00f1ade \u00abMis  queridas hermanas, tomen desde ahora la resoluci\u00f3n de no cambiar nada,  ni en vida de la se\u00f1orita, ni despu\u00e9s de su muerte, ni despu\u00e9s de la  m\u00eda, sino de guardar inviolablemente las buenas costumbres que se han  tenido y tienen aqu\u00ed, y mantenerse firmes en ellas. \u00bfPor qu\u00e9 querer otra  forma de vivir distinta de la que Dios ha inspirado a los superiores y  que es conforme con la de Jesucristo?\u00bb.<\/p>\n<p><strong>1657.<\/strong> Conferencia de Vicente de Pa\u00fal en San L\u00e1zaro sobre la Santa Trinidad, en la  que se tratan las razones que la Congregaci\u00f3n de la Misi\u00f3n tiene  para honrar este misterio, en qu\u00e9 consiste y las pr\u00e1cticas que cada uno  quiere adoptar para honrarlo adecuadamente.<\/p>\n<p><strong>1846.<\/strong> Muere en Par\u00eds el duod\u00e9cimo  superior general de la Congregaci\u00f3n de la Misi\u00f3n, P. Domingo Salhorgne, a los  ochenta a\u00f1os. Antes de su generalato, el P. Salhorgne, que entr\u00f3 en la  Congregaci\u00f3n con diecis\u00e9is a\u00f1os, hab\u00eda ense\u00f1ado en Chartres y en la  universidad alemana de Heidelberg, cuya c\u00e1tedra de teolog\u00eda ocupo dos  a\u00f1os. Al producirse la Revoluci\u00f3n francesa se encontraba en Saintes. Se  refugi\u00f3 en Alemania y, en 1802, regres\u00f3 a Francia y se puso a  disposici\u00f3n del Obispo de Nancy. En 1809, el arzobispo de Tours, Mons.  Luis Mat\u00edas de Barral, le conf\u00edo la restauraci\u00f3n de su seminario. Cuando  el papa Le\u00f3n XII, en 1827, devolvi\u00f3 la unidad a la Congregaci\u00f3n, el P.  Salhorgne dej\u00f3 Tours y el reci\u00e9n nombrado superior general, P. Pedro de Wailly, le hizo primer  asistente de la Congregaci\u00f3n y director de las Hijas de la Caridad. El 18 de mayo de  1829 fue elegido superior general por la XVII Asamblea General. Su  generalato dur\u00f3 seis a\u00f1os y tres meses, siendo aceptada su dimisi\u00f3n por  motivos de salud por la Asamblea de 1835.<\/p>\n","protected":false},"excerpt":{"rendered":"<p>1654. Conferencia de Vicente de Pa\u00fal a las Hijas de la Caridad sobre la conservaci\u00f3n de la Compa\u00f1\u00eda. Vicente dice que la Compa\u00f1\u00eda es obra de Dios, pues seg\u00fan san Agust\u00edn, lo que los hombres &#8230; <a href=\"https:\/\/vincentians.com\/es\/tal-dia-como-hoy-25-de-mayo\/\" class=\"more-link\">Read More<\/a><\/p>\n","protected":false},"author":4,"featured_media":149897,"comment_status":"open","ping_status":"open","sticky":false,"template":"","format":"standard","meta":{"jetpack_post_was_ever_published":false,"_jetpack_newsletter_access":"","_jetpack_dont_email_post_to_subs":false,"_jetpack_newsletter_tier_id":0,"_jetpack_memberships_contains_paywalled_content":false,"_jetpack_memberships_contains_paid_content":false,"footnotes":"","jetpack_publicize_message":"","jetpack_publicize_feature_enabled":true,"jetpack_social_post_already_shared":true,"jetpack_social_options":{"image_generator_settings":{"template":"highway","default_image_id":0,"font":"","enabled":false},"version":2}},"categories":[60],"tags":[143],"class_list":["post-22408","post","type-post","status-publish","format-standard","has-post-thumbnail","hentry","category-efemerides-vicencianas","tag-san-lazaro"],"yoast_head":"<!-- This site is optimized with the Yoast SEO plugin v26.3 - https:\/\/yoast.com\/wordpress\/plugins\/seo\/ -->\n<title>Tal d\u00eda como hoy: 25 de mayo - Somos Vicencianos<\/title>\n<meta name=\"robots\" content=\"index, follow, max-snippet:-1, max-image-preview:large, max-video-preview:-1\" \/>\n<link rel=\"canonical\" href=\"https:\/\/vincentians.com\/es\/tal-dia-como-hoy-25-de-mayo\/\" \/>\n<meta property=\"og:locale\" content=\"es_ES\" \/>\n<meta property=\"og:type\" content=\"article\" \/>\n<meta property=\"og:title\" content=\"Tal d\u00eda como hoy: 25 de mayo - Somos Vicencianos\" \/>\n<meta property=\"og:description\" content=\"1654. Conferencia de Vicente de Pa\u00fal a las Hijas de la Caridad sobre la conservaci\u00f3n de la Compa\u00f1\u00eda. Vicente dice que la Compa\u00f1\u00eda es obra de Dios, pues seg\u00fan san Agust\u00edn, lo que los hombres ... Read More\" \/>\n<meta property=\"og:url\" content=\"https:\/\/vincentians.com\/es\/tal-dia-como-hoy-25-de-mayo\/\" \/>\n<meta property=\"og:site_name\" content=\"Somos Vicencianos\" \/>\n<meta property=\"article:publisher\" content=\"https:\/\/www.facebook.com\/WeAreVincentians\/\" \/>\n<meta property=\"article:author\" content=\"https:\/\/www.facebook.com\/JavierChento\" \/>\n<meta property=\"article:published_time\" content=\"2017-05-24T22:01:16+00:00\" \/>\n<meta property=\"og:image\" content=\"https:\/\/i0.wp.com\/vincentians.com\/es\/wp-content\/uploads\/sites\/11\/2016\/07\/ephemerides-fb.jpg?fit=1200%2C630&ssl=1\" \/>\n\t<meta property=\"og:image:width\" content=\"1200\" \/>\n\t<meta property=\"og:image:height\" content=\"630\" \/>\n\t<meta property=\"og:image:type\" content=\"image\/jpeg\" \/>\n<meta name=\"author\" content=\"Francisco Javier Fern\u00e1ndez Chento\" \/>\n<meta name=\"twitter:card\" content=\"summary_large_image\" \/>\n<meta name=\"twitter:creator\" content=\"@https:\/\/twitter.com\/javierchento\" \/>\n<meta name=\"twitter:site\" content=\"@WeVincentians\" \/>\n<meta name=\"twitter:label1\" content=\"Escrito por\" \/>\n\t<meta name=\"twitter:data1\" content=\"Francisco Javier Fern\u00e1ndez Chento\" \/>\n\t<meta name=\"twitter:label2\" content=\"Tiempo de lectura\" \/>\n\t<meta name=\"twitter:data2\" content=\"3 minutos\" \/>\n<script type=\"application\/ld+json\" class=\"yoast-schema-graph\">{\"@context\":\"https:\/\/schema.org\",\"@graph\":[{\"@type\":\"Article\",\"@id\":\"https:\/\/vincentians.com\/es\/tal-dia-como-hoy-25-de-mayo\/#article\",\"isPartOf\":{\"@id\":\"https:\/\/vincentians.com\/es\/tal-dia-como-hoy-25-de-mayo\/\"},\"author\":{\"name\":\"Francisco Javier Fern\u00e1ndez Chento\",\"@id\":\"http:\/\/vincentians.com\/es\/#\/schema\/person\/9623ef4d9aa3b2dfb8c061f1499288f2\"},\"headline\":\"Tal d\u00eda como hoy: 25 de mayo\",\"datePublished\":\"2017-05-24T22:01:16+00:00\",\"mainEntityOfPage\":{\"@id\":\"https:\/\/vincentians.com\/es\/tal-dia-como-hoy-25-de-mayo\/\"},\"wordCount\":598,\"commentCount\":0,\"publisher\":{\"@id\":\"http:\/\/vincentians.com\/es\/#organization\"},\"image\":{\"@id\":\"https:\/\/vincentians.com\/es\/tal-dia-como-hoy-25-de-mayo\/#primaryimage\"},\"thumbnailUrl\":\"https:\/\/i0.wp.com\/vincentians.com\/es\/wp-content\/uploads\/sites\/11\/2016\/07\/ephemerides-fb.jpg?fit=1200%2C630&ssl=1\",\"keywords\":[\"San L\u00e1zaro\"],\"articleSection\":[\"Efem\u00e9rides Vicencianas\"],\"inLanguage\":\"es\",\"potentialAction\":[{\"@type\":\"CommentAction\",\"name\":\"Comment\",\"target\":[\"https:\/\/vincentians.com\/es\/tal-dia-como-hoy-25-de-mayo\/#respond\"]}]},{\"@type\":\"WebPage\",\"@id\":\"https:\/\/vincentians.com\/es\/tal-dia-como-hoy-25-de-mayo\/\",\"url\":\"https:\/\/vincentians.com\/es\/tal-dia-como-hoy-25-de-mayo\/\",\"name\":\"Tal d\u00eda como hoy: 25 de mayo - Somos Vicencianos\",\"isPartOf\":{\"@id\":\"http:\/\/vincentians.com\/es\/#website\"},\"primaryImageOfPage\":{\"@id\":\"https:\/\/vincentians.com\/es\/tal-dia-como-hoy-25-de-mayo\/#primaryimage\"},\"image\":{\"@id\":\"https:\/\/vincentians.com\/es\/tal-dia-como-hoy-25-de-mayo\/#primaryimage\"},\"thumbnailUrl\":\"https:\/\/i0.wp.com\/vincentians.com\/es\/wp-content\/uploads\/sites\/11\/2016\/07\/ephemerides-fb.jpg?fit=1200%2C630&ssl=1\",\"datePublished\":\"2017-05-24T22:01:16+00:00\",\"breadcrumb\":{\"@id\":\"https:\/\/vincentians.com\/es\/tal-dia-como-hoy-25-de-mayo\/#breadcrumb\"},\"inLanguage\":\"es\",\"potentialAction\":[{\"@type\":\"ReadAction\",\"target\":[\"https:\/\/vincentians.com\/es\/tal-dia-como-hoy-25-de-mayo\/\"]}]},{\"@type\":\"ImageObject\",\"inLanguage\":\"es\",\"@id\":\"https:\/\/vincentians.com\/es\/tal-dia-como-hoy-25-de-mayo\/#primaryimage\",\"url\":\"https:\/\/i0.wp.com\/vincentians.com\/es\/wp-content\/uploads\/sites\/11\/2016\/07\/ephemerides-fb.jpg?fit=1200%2C630&ssl=1\",\"contentUrl\":\"https:\/\/i0.wp.com\/vincentians.com\/es\/wp-content\/uploads\/sites\/11\/2016\/07\/ephemerides-fb.jpg?fit=1200%2C630&ssl=1\",\"width\":1200,\"height\":630},{\"@type\":\"BreadcrumbList\",\"@id\":\"https:\/\/vincentians.com\/es\/tal-dia-como-hoy-25-de-mayo\/#breadcrumb\",\"itemListElement\":[{\"@type\":\"ListItem\",\"position\":1,\"name\":\"Portada\",\"item\":\"http:\/\/vincentians.com\/es\/\"},{\"@type\":\"ListItem\",\"position\":2,\"name\":\"Tal d\u00eda como hoy: 25 de mayo\"}]},{\"@type\":\"WebSite\",\"@id\":\"http:\/\/vincentians.com\/es\/#website\",\"url\":\"http:\/\/vincentians.com\/es\/\",\"name\":\"Somos Vicencianos\",\"description\":\"Know more to serve more\",\"publisher\":{\"@id\":\"http:\/\/vincentians.com\/es\/#organization\"},\"potentialAction\":[{\"@type\":\"SearchAction\",\"target\":{\"@type\":\"EntryPoint\",\"urlTemplate\":\"http:\/\/vincentians.com\/es\/?s={search_term_string}\"},\"query-input\":{\"@type\":\"PropertyValueSpecification\",\"valueRequired\":true,\"valueName\":\"search_term_string\"}}],\"inLanguage\":\"es\"},{\"@type\":\"Organization\",\"@id\":\"http:\/\/vincentians.com\/es\/#organization\",\"name\":\"The Vincentian Network\",\"url\":\"http:\/\/vincentians.com\/es\/\",\"logo\":{\"@type\":\"ImageObject\",\"inLanguage\":\"es\",\"@id\":\"http:\/\/vincentians.com\/es\/#\/schema\/logo\/image\/\",\"url\":\"https:\/\/i1.wp.com\/vincentians.com\/es\/wp-content\/uploads\/sites\/11\/2016\/06\/Vincentian-Network-logo-big.png?fit=778%2C778\",\"contentUrl\":\"https:\/\/i1.wp.com\/vincentians.com\/es\/wp-content\/uploads\/sites\/11\/2016\/06\/Vincentian-Network-logo-big.png?fit=778%2C778\",\"width\":778,\"height\":778,\"caption\":\"The Vincentian Network\"},\"image\":{\"@id\":\"http:\/\/vincentians.com\/es\/#\/schema\/logo\/image\/\"},\"sameAs\":[\"https:\/\/www.facebook.com\/WeAreVincentians\/\",\"https:\/\/x.com\/WeVincentians\"]},{\"@type\":\"Person\",\"@id\":\"http:\/\/vincentians.com\/es\/#\/schema\/person\/9623ef4d9aa3b2dfb8c061f1499288f2\",\"name\":\"Francisco Javier Fern\u00e1ndez Chento\",\"image\":{\"@type\":\"ImageObject\",\"inLanguage\":\"es\",\"@id\":\"http:\/\/vincentians.com\/es\/#\/schema\/person\/image\/\",\"url\":\"https:\/\/secure.gravatar.com\/avatar\/497d5cde87b4c3d097d0315953521681ba2cd523ee66e5077c3711f7021e65de?s=96&d=mm&r=g\",\"contentUrl\":\"https:\/\/secure.gravatar.com\/avatar\/497d5cde87b4c3d097d0315953521681ba2cd523ee66e5077c3711f7021e65de?s=96&d=mm&r=g\",\"caption\":\"Francisco Javier Fern\u00e1ndez Chento\"},\"description\":\"Director General y cofundador de La Red de Formaci\u00f3n Vicenciana. Javier es laico vicenciano, afiliado a la Congregaci\u00f3n de la Misi\u00f3n y miembro del Equipo de Misiones Populares de la provincia can\u00f3nica de Zaragoza (Espa\u00f1a) de la Congregaci\u00f3n de la Misi\u00f3n. Graduado en la Universidad Oberta de Catalunya con cuatro grados (Asistente de direcci\u00f3n, Gesti\u00f3n Administrativa, Recursos Humanos y Contabilidad Avanzada). Bil\u00edng\u00fce Espa\u00f1ol\/Ingl\u00e9s. gestiona y mantiene varias p\u00e1ginas web cristianas y vicencianas, incluida including La Red de Formaci\u00f3n Vicenciana, de la que es cofundador. Actualmente es responsable del \u00e1rea de Espa\u00f1ol de .famvin, la Red de Noticias de la Familia Vicenciana. Tambi\u00e9n es m\u00fasico cat\u00f3lico y ha editado varios discos. Es Director General y cofundador de Trovador, una reconocida compa\u00f1\u00eda discogr\u00e1fica critiana de Espa\u00f1a. Trabaja en las Tecnolog\u00edas de la Informaci\u00f3n, ofreciendo servicios de alojamiento, dise\u00f1o y mantenimiento Web, as\u00ed como asesoramiento, formaci\u00f3n y soluciones inform\u00e1ticas, gesti\u00f3n documental y digitalizaci\u00f3n de textos, edici\u00f3n y maquetaci\u00f3n de libros, revistas, flyers, etc.\",\"sameAs\":[\"http:\/\/chento.org\",\"https:\/\/www.facebook.com\/JavierChento\",\"https:\/\/x.com\/https:\/\/twitter.com\/javierchento\"],\"url\":\"https:\/\/vincentians.com\/es\/author\/chento\/\"}]}<\/script>\n<!-- \/ Yoast SEO plugin. -->","yoast_head_json":{"title":"Tal d\u00eda como hoy: 25 de mayo - Somos Vicencianos","robots":{"index":"index","follow":"follow","max-snippet":"max-snippet:-1","max-image-preview":"max-image-preview:large","max-video-preview":"max-video-preview:-1"},"canonical":"https:\/\/vincentians.com\/es\/tal-dia-como-hoy-25-de-mayo\/","og_locale":"es_ES","og_type":"article","og_title":"Tal d\u00eda como hoy: 25 de mayo - Somos Vicencianos","og_description":"1654. Conferencia de Vicente de Pa\u00fal a las Hijas de la Caridad sobre la conservaci\u00f3n de la Compa\u00f1\u00eda. Vicente dice que la Compa\u00f1\u00eda es obra de Dios, pues seg\u00fan san Agust\u00edn, lo que los hombres ... Read More","og_url":"https:\/\/vincentians.com\/es\/tal-dia-como-hoy-25-de-mayo\/","og_site_name":"Somos Vicencianos","article_publisher":"https:\/\/www.facebook.com\/WeAreVincentians\/","article_author":"https:\/\/www.facebook.com\/JavierChento","article_published_time":"2017-05-24T22:01:16+00:00","og_image":[{"width":1200,"height":630,"url":"https:\/\/i0.wp.com\/vincentians.com\/es\/wp-content\/uploads\/sites\/11\/2016\/07\/ephemerides-fb.jpg?fit=1200%2C630&ssl=1","type":"image\/jpeg"}],"author":"Francisco Javier Fern\u00e1ndez Chento","twitter_card":"summary_large_image","twitter_creator":"@https:\/\/twitter.com\/javierchento","twitter_site":"@WeVincentians","twitter_misc":{"Escrito por":"Francisco Javier Fern\u00e1ndez Chento","Tiempo de lectura":"3 minutos"},"schema":{"@context":"https:\/\/schema.org","@graph":[{"@type":"Article","@id":"https:\/\/vincentians.com\/es\/tal-dia-como-hoy-25-de-mayo\/#article","isPartOf":{"@id":"https:\/\/vincentians.com\/es\/tal-dia-como-hoy-25-de-mayo\/"},"author":{"name":"Francisco Javier Fern\u00e1ndez Chento","@id":"http:\/\/vincentians.com\/es\/#\/schema\/person\/9623ef4d9aa3b2dfb8c061f1499288f2"},"headline":"Tal d\u00eda como hoy: 25 de mayo","datePublished":"2017-05-24T22:01:16+00:00","mainEntityOfPage":{"@id":"https:\/\/vincentians.com\/es\/tal-dia-como-hoy-25-de-mayo\/"},"wordCount":598,"commentCount":0,"publisher":{"@id":"http:\/\/vincentians.com\/es\/#organization"},"image":{"@id":"https:\/\/vincentians.com\/es\/tal-dia-como-hoy-25-de-mayo\/#primaryimage"},"thumbnailUrl":"https:\/\/i0.wp.com\/vincentians.com\/es\/wp-content\/uploads\/sites\/11\/2016\/07\/ephemerides-fb.jpg?fit=1200%2C630&ssl=1","keywords":["San L\u00e1zaro"],"articleSection":["Efem\u00e9rides Vicencianas"],"inLanguage":"es","potentialAction":[{"@type":"CommentAction","name":"Comment","target":["https:\/\/vincentians.com\/es\/tal-dia-como-hoy-25-de-mayo\/#respond"]}]},{"@type":"WebPage","@id":"https:\/\/vincentians.com\/es\/tal-dia-como-hoy-25-de-mayo\/","url":"https:\/\/vincentians.com\/es\/tal-dia-como-hoy-25-de-mayo\/","name":"Tal d\u00eda como hoy: 25 de mayo - Somos Vicencianos","isPartOf":{"@id":"http:\/\/vincentians.com\/es\/#website"},"primaryImageOfPage":{"@id":"https:\/\/vincentians.com\/es\/tal-dia-como-hoy-25-de-mayo\/#primaryimage"},"image":{"@id":"https:\/\/vincentians.com\/es\/tal-dia-como-hoy-25-de-mayo\/#primaryimage"},"thumbnailUrl":"https:\/\/i0.wp.com\/vincentians.com\/es\/wp-content\/uploads\/sites\/11\/2016\/07\/ephemerides-fb.jpg?fit=1200%2C630&ssl=1","datePublished":"2017-05-24T22:01:16+00:00","breadcrumb":{"@id":"https:\/\/vincentians.com\/es\/tal-dia-como-hoy-25-de-mayo\/#breadcrumb"},"inLanguage":"es","potentialAction":[{"@type":"ReadAction","target":["https:\/\/vincentians.com\/es\/tal-dia-como-hoy-25-de-mayo\/"]}]},{"@type":"ImageObject","inLanguage":"es","@id":"https:\/\/vincentians.com\/es\/tal-dia-como-hoy-25-de-mayo\/#primaryimage","url":"https:\/\/i0.wp.com\/vincentians.com\/es\/wp-content\/uploads\/sites\/11\/2016\/07\/ephemerides-fb.jpg?fit=1200%2C630&ssl=1","contentUrl":"https:\/\/i0.wp.com\/vincentians.com\/es\/wp-content\/uploads\/sites\/11\/2016\/07\/ephemerides-fb.jpg?fit=1200%2C630&ssl=1","width":1200,"height":630},{"@type":"BreadcrumbList","@id":"https:\/\/vincentians.com\/es\/tal-dia-como-hoy-25-de-mayo\/#breadcrumb","itemListElement":[{"@type":"ListItem","position":1,"name":"Portada","item":"http:\/\/vincentians.com\/es\/"},{"@type":"ListItem","position":2,"name":"Tal d\u00eda como hoy: 25 de mayo"}]},{"@type":"WebSite","@id":"http:\/\/vincentians.com\/es\/#website","url":"http:\/\/vincentians.com\/es\/","name":"Somos Vicencianos","description":"Know more to serve more","publisher":{"@id":"http:\/\/vincentians.com\/es\/#organization"},"potentialAction":[{"@type":"SearchAction","target":{"@type":"EntryPoint","urlTemplate":"http:\/\/vincentians.com\/es\/?s={search_term_string}"},"query-input":{"@type":"PropertyValueSpecification","valueRequired":true,"valueName":"search_term_string"}}],"inLanguage":"es"},{"@type":"Organization","@id":"http:\/\/vincentians.com\/es\/#organization","name":"The Vincentian Network","url":"http:\/\/vincentians.com\/es\/","logo":{"@type":"ImageObject","inLanguage":"es","@id":"http:\/\/vincentians.com\/es\/#\/schema\/logo\/image\/","url":"https:\/\/i1.wp.com\/vincentians.com\/es\/wp-content\/uploads\/sites\/11\/2016\/06\/Vincentian-Network-logo-big.png?fit=778%2C778","contentUrl":"https:\/\/i1.wp.com\/vincentians.com\/es\/wp-content\/uploads\/sites\/11\/2016\/06\/Vincentian-Network-logo-big.png?fit=778%2C778","width":778,"height":778,"caption":"The Vincentian Network"},"image":{"@id":"http:\/\/vincentians.com\/es\/#\/schema\/logo\/image\/"},"sameAs":["https:\/\/www.facebook.com\/WeAreVincentians\/","https:\/\/x.com\/WeVincentians"]},{"@type":"Person","@id":"http:\/\/vincentians.com\/es\/#\/schema\/person\/9623ef4d9aa3b2dfb8c061f1499288f2","name":"Francisco Javier Fern\u00e1ndez Chento","image":{"@type":"ImageObject","inLanguage":"es","@id":"http:\/\/vincentians.com\/es\/#\/schema\/person\/image\/","url":"https:\/\/secure.gravatar.com\/avatar\/497d5cde87b4c3d097d0315953521681ba2cd523ee66e5077c3711f7021e65de?s=96&d=mm&r=g","contentUrl":"https:\/\/secure.gravatar.com\/avatar\/497d5cde87b4c3d097d0315953521681ba2cd523ee66e5077c3711f7021e65de?s=96&d=mm&r=g","caption":"Francisco Javier Fern\u00e1ndez Chento"},"description":"Director General y cofundador de La Red de Formaci\u00f3n Vicenciana. Javier es laico vicenciano, afiliado a la Congregaci\u00f3n de la Misi\u00f3n y miembro del Equipo de Misiones Populares de la provincia can\u00f3nica de Zaragoza (Espa\u00f1a) de la Congregaci\u00f3n de la Misi\u00f3n. Graduado en la Universidad Oberta de Catalunya con cuatro grados (Asistente de direcci\u00f3n, Gesti\u00f3n Administrativa, Recursos Humanos y Contabilidad Avanzada). Bil\u00edng\u00fce Espa\u00f1ol\/Ingl\u00e9s. gestiona y mantiene varias p\u00e1ginas web cristianas y vicencianas, incluida including La Red de Formaci\u00f3n Vicenciana, de la que es cofundador. Actualmente es responsable del \u00e1rea de Espa\u00f1ol de .famvin, la Red de Noticias de la Familia Vicenciana. Tambi\u00e9n es m\u00fasico cat\u00f3lico y ha editado varios discos. Es Director General y cofundador de Trovador, una reconocida compa\u00f1\u00eda discogr\u00e1fica critiana de Espa\u00f1a. Trabaja en las Tecnolog\u00edas de la Informaci\u00f3n, ofreciendo servicios de alojamiento, dise\u00f1o y mantenimiento Web, as\u00ed como asesoramiento, formaci\u00f3n y soluciones inform\u00e1ticas, gesti\u00f3n documental y digitalizaci\u00f3n de textos, edici\u00f3n y maquetaci\u00f3n de libros, revistas, flyers, etc.","sameAs":["http:\/\/chento.org","https:\/\/www.facebook.com\/JavierChento","https:\/\/x.com\/https:\/\/twitter.com\/javierchento"],"url":"https:\/\/vincentians.com\/es\/author\/chento\/"}]}},"jetpack_publicize_connections":[],"jetpack_featured_media_url":"https:\/\/i0.wp.com\/vincentians.com\/es\/wp-content\/uploads\/sites\/11\/2016\/07\/ephemerides-fb.jpg?fit=1200%2C630&ssl=1","jetpack_sharing_enabled":true,"jetpack_shortlink":"https:\/\/wp.me\/p7ETMF-5Pq","jetpack-related-posts":[{"id":129805,"url":"https:\/\/vincentians.com\/es\/madurez-de-la-compania\/","url_meta":{"origin":22408,"position":0},"title":"Madurez de la Compa\u00f1\u00eda","author":"Francisco Javier Fern\u00e1ndez Chento","date":"14\/03\/2014","format":false,"excerpt":"Nuevas fundaciones 1654 comienza en la vida de Luisa de Marillac con un grito suave: Necesitamos Her\u00admanas. Se las piden de todas partes y no las tiene. A ra\u00edz de la Fronda, entraban pocas j\u00f3\u00advenes. M\u00e1s triste y doloroso era darse cuenta de que \"despu\u00e9s de haber sido formadas ade\u00adcuadamente\u2026","rel":"","context":"En \u00abFormaci\u00f3n Vicenciana\u00bb","block_context":{"text":"Formaci\u00f3n Vicenciana","link":"https:\/\/vincentians.com\/es\/category\/formacion-vicenciana\/"},"img":{"alt_text":"cartel","src":"https:\/\/i0.wp.com\/vicencianos.org\/wp-content\/2014\/02\/cartel.jpg?resize=350%2C200","width":350,"height":200},"classes":[]},{"id":130030,"url":"https:\/\/vincentians.com\/es\/el-final-santa-luisa\/","url_meta":{"origin":22408,"position":1},"title":"El final (Santa Luisa)","author":"Francisco Javier Fern\u00e1ndez Chento","date":"26\/03\/2014","format":false,"excerpt":"Desprendimiento amoroso \"A la tarde, te examinar\u00e1n en el amor. Aprende a amar como Dios quiere ser amado y deja tu condici\u00f3n\", dijo San Juan de la Cruz. Luisa hab\u00eda llegado ya a ese atardecer y sab\u00eda que iba a ser examinada en el amor, en sus cuatro amores: en\u2026","rel":"","context":"En \u00abFormaci\u00f3n Vicenciana\u00bb","block_context":{"text":"Formaci\u00f3n Vicenciana","link":"https:\/\/vincentians.com\/es\/category\/formacion-vicenciana\/"},"img":{"alt_text":"cartel","src":"https:\/\/i0.wp.com\/vicencianos.org\/wp-content\/2014\/02\/cartel.jpg?resize=350%2C200","width":350,"height":200},"classes":[]},{"id":130023,"url":"https:\/\/vincentians.com\/es\/ultimas-fundaciones-i\/","url_meta":{"origin":22408,"position":2},"title":"\u00daltimas fundaciones (I)","author":"Francisco Javier Fern\u00e1ndez Chento","date":"23\/03\/2014","format":false,"excerpt":"La F\u00e9re A pesar de tantas deficiencias f\u00edsicas, su actividad no disminuye. Su primera actuaci\u00f3n fue en los hospitales militares donde mor\u00edan m\u00e1s que sanaban los temidos soldados. Du\u00adrante todos estos a\u00f1os, los hospitales militares estaban en funci\u00f3n de las guerras y las gue\u00adrras depend\u00edan de la situaci\u00f3n de las\u2026","rel":"","context":"En \u00abFormaci\u00f3n Vicenciana\u00bb","block_context":{"text":"Formaci\u00f3n Vicenciana","link":"https:\/\/vincentians.com\/es\/category\/formacion-vicenciana\/"},"img":{"alt_text":"cartel","src":"https:\/\/i0.wp.com\/vicencianos.org\/wp-content\/2014\/02\/cartel.jpg?resize=350%2C200","width":350,"height":200},"classes":[]},{"id":116865,"url":"https:\/\/vincentians.com\/es\/san-vicente-de-paul-todo-un-caracter\/","url_meta":{"origin":22408,"position":3},"title":"San Vicente de Pa\u00fal, todo un car\u00e1cter","author":"Francisco Javier Fern\u00e1ndez Chento","date":"22\/05\/2015","format":false,"excerpt":"Tal es mi fe y tal es tambi\u00e9n mi experiencia (II, 237) 1) \"San Vicente de Pa\u00fal, todo un car\u00e1cter\" es el t\u00edtulo de la traducci\u00f3n espa\u00ad\u00f1ola (1977) de la \"Verdadera Vida de san Vicente\", escrita por A. Redier en 1947. La alusi\u00f3n al aspecto psicol\u00f3gico es claro. Otros vicencianistas\u2026","rel":"","context":"En \u00abEspiritualidad vicenciana\u00bb","block_context":{"text":"Espiritualidad vicenciana","link":"https:\/\/vincentians.com\/es\/category\/espiritualidad\/espiritualidad-vicenciana\/"},"img":{"alt_text":"san vicente de paul","src":"https:\/\/i0.wp.com\/vicencianos.org\/wp-content\/2013\/01\/san-vicente-de-paul1-300x257.jpg?resize=350%2C200","width":350,"height":200},"classes":[]},{"id":127811,"url":"https:\/\/vincentians.com\/es\/nuevas-fundaciones\/","url_meta":{"origin":22408,"position":4},"title":"Nuevas fundaciones","author":"Francisco Javier Fern\u00e1ndez Chento","date":"17\/09\/2024","format":false,"excerpt":"La Compa\u00f1\u00eda se extend\u00eda como un fuego prendido en los matorrales. Las j\u00f3venes lle\u00adgaban de todos los lugares. A Luisa, de golpe, se le echaron encima las nuevas fundacio\u00adnes: Sedan, Fontenay-aux-Roses, Nateuil-le-Haudouin, Liancourt, Issy, Saint-Denis, Ser\u00adqueux, Maule, Crespi\u00e9res, Le Mans, Nantes, Fonteinebleau, Chantilly, Montreuil-sur-Mer, Chars y Valpuisseaux. \u00a1Dieciocho fundaciones, adem\u00e1s\u2026","rel":"","context":"En \u00abFormaci\u00f3n Vicenciana\u00bb","block_context":{"text":"Formaci\u00f3n Vicenciana","link":"https:\/\/vincentians.com\/es\/category\/formacion-vicenciana\/"},"img":{"alt_text":"","src":"https:\/\/i0.wp.com\/vincentians.com\/es\/wp-content\/uploads\/sites\/11\/2013\/04\/n-2.jpg?fit=1200%2C675&ssl=1&resize=350%2C200","width":350,"height":200,"srcset":"https:\/\/i0.wp.com\/vincentians.com\/es\/wp-content\/uploads\/sites\/11\/2013\/04\/n-2.jpg?fit=1200%2C675&ssl=1&resize=350%2C200 1x, https:\/\/i0.wp.com\/vincentians.com\/es\/wp-content\/uploads\/sites\/11\/2013\/04\/n-2.jpg?fit=1200%2C675&ssl=1&resize=525%2C300 1.5x, https:\/\/i0.wp.com\/vincentians.com\/es\/wp-content\/uploads\/sites\/11\/2013\/04\/n-2.jpg?fit=1200%2C675&ssl=1&resize=700%2C400 2x, https:\/\/i0.wp.com\/vincentians.com\/es\/wp-content\/uploads\/sites\/11\/2013\/04\/n-2.jpg?fit=1200%2C675&ssl=1&resize=1050%2C600 3x"},"classes":[]},{"id":120717,"url":"https:\/\/vincentians.com\/es\/santidad-en-catalina-laboure\/","url_meta":{"origin":22408,"position":5},"title":"Santidad en Catalina Labour\u00e9","author":"Francisco Javier Fern\u00e1ndez Chento","date":"19\/05\/2013","format":false,"excerpt":"Los Santos son los verdaderos portadores de luz en la historia, porque son hombres y mujeres de fe, esperanza y amor. Los Santos no nacen se hacen. Catalina se va haciendo Santa, ya desde ni\u00f1a vamos viendo rasgos de esa santidad que luego desarrollara. Catalina nace en Fain-les-Moutier, una aldea\u2026","rel":"","context":"En \u00abCatalina Labour\u00e9\u00bb","block_context":{"text":"Catalina Labour\u00e9","link":"https:\/\/vincentians.com\/es\/category\/la-familia-vicenciana\/la-familia-vicenciana-en-los-altares\/santos\/catalina-laboure\/"},"img":{"alt_text":"CLaboure","src":"https:\/\/i0.wp.com\/vicencianos.org\/wp-content\/2013\/05\/CLaboure-300x225.jpg?resize=350%2C200","width":350,"height":200},"classes":[]}],"_links":{"self":[{"href":"https:\/\/vincentians.com\/es\/wp-json\/wp\/v2\/posts\/22408","targetHints":{"allow":["GET"]}}],"collection":[{"href":"https:\/\/vincentians.com\/es\/wp-json\/wp\/v2\/posts"}],"about":[{"href":"https:\/\/vincentians.com\/es\/wp-json\/wp\/v2\/types\/post"}],"author":[{"embeddable":true,"href":"https:\/\/vincentians.com\/es\/wp-json\/wp\/v2\/users\/4"}],"replies":[{"embeddable":true,"href":"https:\/\/vincentians.com\/es\/wp-json\/wp\/v2\/comments?post=22408"}],"version-history":[{"count":0,"href":"https:\/\/vincentians.com\/es\/wp-json\/wp\/v2\/posts\/22408\/revisions"}],"wp:featuredmedia":[{"embeddable":true,"href":"https:\/\/vincentians.com\/es\/wp-json\/wp\/v2\/media\/149897"}],"wp:attachment":[{"href":"https:\/\/vincentians.com\/es\/wp-json\/wp\/v2\/media?parent=22408"}],"wp:term":[{"taxonomy":"category","embeddable":true,"href":"https:\/\/vincentians.com\/es\/wp-json\/wp\/v2\/categories?post=22408"},{"taxonomy":"post_tag","embeddable":true,"href":"https:\/\/vincentians.com\/es\/wp-json\/wp\/v2\/tags?post=22408"}],"curies":[{"name":"wp","href":"https:\/\/api.w.org\/{rel}","templated":true}]}}