{"id":183613,"date":"2015-06-22T07:57:48","date_gmt":"2015-06-22T05:57:48","guid":{"rendered":"http:\/\/somos.vicencianos.org\/?p=183613"},"modified":"2016-07-26T17:27:08","modified_gmt":"2016-07-26T15:27:08","slug":"luisa-de-marillac-educadora-excepcional","status":"publish","type":"post","link":"https:\/\/vincentians.com\/es\/luisa-de-marillac-educadora-excepcional\/","title":{"rendered":"Luisa de Marillac, educadora excepcional"},"content":{"rendered":"<p><a href=\"https:\/\/i0.wp.com\/vicencianos.org\/wp-content\/2013\/11\/St_Louise_de_Marillac_teaching.jpg\"><img data-recalc-dims=\"1\" loading=\"lazy\" decoding=\"async\" class=\"alignleft size-medium wp-image-141522\" src=\"https:\/\/i0.wp.com\/vicencianos.org\/wp-content\/2013\/11\/St_Louise_de_Marillac_teaching-294x300.jpg?resize=294%2C300\" alt=\"St_Louise_de_Marillac_teaching\" width=\"294\" height=\"300\" \/><\/a>Orientada por San Vicente, Luisa comprendi\u00f3 que a la caridad hab\u00eda que a\u00f1adirle la instrucci\u00f3n. La realidad de su tiempo, la miseria cada vez m\u00e1s creciente, la colocaba en una actitud de constante preocupaci\u00f3n de la afirmaci\u00f3n permanente de su admirable director: \u201cEl pobre pueblo del campo muere de hambre y se rebela\u201d. Ten\u00eda la certeza de que desarraigar la pobreza era necesario desde todo punto de vista, pero era m\u00e1s importante prevenirla y esto la llev\u00f3 a concluir que la ense\u00f1anza, era el medio m\u00e1s eficaz para comenzar el cambio. A partir de esto, empez\u00f3 a implantar \u201clas peque\u00f1as escuelas\u201d.<\/p>\n<p>En el siglo XVII, la ense\u00f1anza primaria en Par\u00eds estaba muy extendida. Marino Justiniano constata que en 1535 \u201ctodo el mundo se preocupa por aprender a leer y a escribir&gt;. Las mujeres de la nobleza, las amas de casa, se compromet\u00edan con ense\u00f1arles a las empleadas del servicio domestico no s\u00f3lo aprendieran bien los oficios dom\u00e9sticos, sino tambi\u00e9n que se defendieran aprendiendo a leer y a escribir. Sin embargo, como consecuencia de los pillajes, los incendios y destrucciones provocados por las guerras, la ignorancia crec\u00eda en el reino.<\/p>\n<p>Luisa de Marillac era esposa, madre, viuda, maestra, trabajadora social, enfermera y fundadora. Era sumamente organizada, de opciones radicales que vivi\u00f3 intensamente su vida de mujer y de consagrada con mucho entusiasmo y radicalidad. En cada una de las situaciones de su vida buscaba hacer siempre la voluntad de Dios con una profunda fe en la Providencia divina.<\/p>\n<p>En sus visitas a las caridades constat\u00f3 la ignorancia de las gentes. Por eso cuando llegaba a las aldeas lo primero que hac\u00eda era preguntar si hab\u00eda maestra. Si no exist\u00eda, buscaba todos los medios para preparar a las j\u00f3venes que se ofrec\u00edan para hacerlo, establec\u00eda escuelas de caridad, visitaba y animaba a las que ya exist\u00edan y las reorganizaba si era preciso. Pero esta tarea a veces se tornaba dif\u00edcil como ella misma nos lo dice:<\/p>\n<p style=\"padding-left: 30px\"><em>\u201cPienso<\/em> <em>vivamente<\/em> <em>en<\/em> <em>establecer<\/em> <em>en<\/em> <em>Villeneuve<\/em> <em>una<\/em> <em>maestra, \u00bfpero d\u00f3nde la encontraremos? A Germana no le disgustar\u00eda ir, por lo que puedo ver en una carta que me ha escrito el se\u00f1or Bel\u00edn, pero \u00bfc\u00f3mo la retiramos de Villepreux si no ponemos otra y adem\u00e1s d\u00f3nde la encontrar\u00edamos?&#8230; Cuando usted venga por aqu\u00ed se le pondr\u00e1 al corriente, cosa que puede ser uno de los d\u00edas de la pr\u00f3xima semana, si le parece; y a\u00fan as\u00ed usted les prometer\u00e1 a las madres de los escolares que les enviar\u00e1 una maestra lo m\u00e1s pronto que pueda, o que las ir\u00e1 a ver y hablar\u00e1 del medio de alojar a una maestra y sostenerla\u201d.<\/em><\/p>\n<p>En 1641, Santa Luisa inaugura \u201clas peque\u00f1as escuelas\u201d para la educaci\u00f3n de las pobres ni\u00f1as de Par\u00eds. Estas \u201cpeque\u00f1as escuelas\u201d fueron objeto de su particular y exquisito cuidado. En sus cartas a las Hermanas y a las se\u00f1oras, insiste en la calidad de la instrucci\u00f3n: ha de ser sencilla y pr\u00e1ctica. Lo importante, es que las ni\u00f1as aprendan a leer y a escribir y a desempe\u00f1arse como buenas mujeres, respetuosas de su dignidad y excelentes amas de casa. Al mismo tiempo, se encarga de la formaci\u00f3n de las Hermanas. En su horario, reserva siempre un espacio para que \u201clas j\u00f3venes aprendan a leer\u201d y \u201cpara que recuerden las principales verdades de la fe\u201d. Sor B\u00e1rbara Baillo, resaltando las virtudes de Santa Luisa asegura que la se\u00f1orita Le Gras \u201c<em>se tomaba la molestia de ense\u00f1ar<\/em> <em>ella misma a leer a las Hermanas, haci\u00e9ndoles decir los art\u00edculos de la fe\u201d<\/em> De acuerdo a las necesidades de la \u00e9poca, les daba una instrucci\u00f3n muy elemental: lectura, escritura y doctrina cristiana. En la Casa Madre de entonces, Santa Luisa organiza una \u201cpeque\u00f1a escuela normal\u201d para sus hijas. Una vez formadas las lanza al servicio del pobre por Cristo, en la educaci\u00f3n. Lo que m\u00e1s cuidaba era la formaci\u00f3n religiosa de los ni\u00f1os.<\/p>\n<p>La primera escuela a la cual Luisa congrega a sus hijas para la instrucci\u00f3n de las ni\u00f1as fue la del arrabal de San Dionisio en la Parroquia de San Lorenzo. Hace esfuerzos para darlas a conocer y pone en pr\u00e1ctica estrategias para su divulgaci\u00f3n.<\/p>\n<p>Un rasgo que me llama la atenci\u00f3n de Santa Luisa como pedagoga es su incre\u00edble creatividad. Llev\u00f3 a los pobres lo mejor de s\u00ed misma, sus talentos, su comprensi\u00f3n, su delicadeza, su exquisita formaci\u00f3n y su ternura de mujer y de madre. No s\u00f3lo fue catequista sino que fue formadora de catequistas. Para ayudarlas a ense\u00f1ar las verdades de la fe a los ni\u00f1os, Luisa compone, a falta de un manual diocesano, un peque\u00f1o catecismo. Catecismo original por la claridad en la exposici\u00f3n, por su concreci\u00f3n y su tono alegre y vivo a la vez. \u00c9ste permite tambi\u00e9n el desarrollo de las habilidades art\u00edsticas de los ni\u00f1os que se convierten en verdaderos actores. Sab\u00eda escoger el momento propicio para convocar a los campesinos y explicar la doctrina. Ten\u00eda una pedagog\u00eda singular, buscaba los mejores m\u00e9todos para transmitir el mensaje a fin de hacer atractivo el momento de estudio del catecismo. Empleaba el m\u00e9todo de preguntas sencillas que eran \u00fatiles no s\u00f3lo para los ni\u00f1os sino tambi\u00e9n para los padres de familia y campesinos que acud\u00edan a la ense\u00f1anza del Catecismo.<\/p>\n<p>No quisiera terminar este art\u00edculo sin decirles que necesitamos sentirnos unidas en la misi\u00f3n que Dios nos ha confiado para hermosear este mundo, nuestro pa\u00eds, nuestro municipio, nuestra instituci\u00f3n educativa, con hombres y mujeres convencidos de que, solamente viviendo la presencia de Dios en sus vidas, solamente aportando lo mejor de cada uno, podremos edificar un mundo mejor, construir el Reino de Dios, cimentado en actitudes de amor, de tolerancia, de responsabilidad, de solidaridad y de justicia.<\/p>\n<p>Juntas construyamos la civilizaci\u00f3n del amor, eduquemos para la felicidad con una fe firme, una alegr\u00eda que brota del coraz\u00f3n y que engendra la amistad con Dios y entre nosotros, los humanos. Hagamos esto como Familia Vicentina, como hijas de Santa Luisa, la maestra por excelencia y como herederas del singular carisma legado por San Vicente, el amigo y defensor de los pobres que junto con Santa Luisa, lucharon por la edificaci\u00f3n de un mundo m\u00e1s justo y pac\u00edfico. Con el ejemplo de nuestra querida fundadora, definamos diariamente, cu\u00e1l es la grandeza de nuestra misi\u00f3n, qu\u00e9 personas debemos formar, que perfil de cristianos\/as queremos entregar a la sociedad, de qu\u00e9 manera espera Dios que colaboremos en su obra.<\/p>\n<p>Hoy m\u00e1s que nunca, la educaci\u00f3n supone una meritoria entrega de parte del docente a la maravillosa tarea de iluminar la vida con los conocimientos que imparte pero tambi\u00e9n la responsabilidad de despertar en el coraz\u00f3n de los ni\u00f1os y de los j\u00f3venes ideales de superaci\u00f3n. Como Hijas de la Caridad tenemos la noble tarea de abrazar toda la verdad que Cristo nos ofrece en su Evangelio, convirti\u00e9ndonos en testimonio de fe, para hacer florecer como fruto de nuestro esfuerzo com\u00fan con el grupo de docentes y los padres de familia, una generaci\u00f3n capaz de hacer un ma\u00f1ana mejor.<\/p>\n","protected":false},"excerpt":{"rendered":"<p>Orientada por San Vicente, Luisa comprendi\u00f3 que a la caridad hab\u00eda que a\u00f1adirle la instrucci\u00f3n. La realidad de su tiempo, la miseria cada vez m\u00e1s creciente, la colocaba en una actitud de constante preocupaci\u00f3n de &#8230; <a href=\"https:\/\/vincentians.com\/es\/luisa-de-marillac-educadora-excepcional\/\" class=\"more-link\">Read More<\/a><\/p>\n","protected":false},"author":4,"featured_media":141522,"comment_status":"open","ping_status":"closed","sticky":false,"template":"","format":"standard","meta":{"jetpack_post_was_ever_published":false,"_jetpack_newsletter_access":"","_jetpack_dont_email_post_to_subs":false,"_jetpack_newsletter_tier_id":0,"_jetpack_memberships_contains_paywalled_content":false,"_jetpack_memberships_contains_paid_content":false,"footnotes":"","jetpack_publicize_message":"","jetpack_publicize_feature_enabled":true,"jetpack_social_post_already_shared":true,"jetpack_social_options":{"image_generator_settings":{"template":"highway","default_image_id":0,"font":"","enabled":false},"version":2}},"categories":[293,18],"tags":[172,135],"class_list":["post-183613","post","type-post","status-publish","format-standard","has-post-thumbnail","hentry","category-educacion","category-luisa-de-marillac","tag-pobreza","tag-villepreux"],"yoast_head":"<!-- This site is optimized with the Yoast SEO plugin v26.3 - https:\/\/yoast.com\/wordpress\/plugins\/seo\/ -->\n<title>Luisa de Marillac, educadora excepcional - Somos Vicencianos<\/title>\n<meta name=\"robots\" content=\"index, follow, max-snippet:-1, max-image-preview:large, max-video-preview:-1\" \/>\n<link rel=\"canonical\" href=\"https:\/\/vincentians.com\/es\/luisa-de-marillac-educadora-excepcional\/\" \/>\n<meta property=\"og:locale\" content=\"es_ES\" \/>\n<meta property=\"og:type\" content=\"article\" \/>\n<meta property=\"og:title\" content=\"Luisa de Marillac, educadora excepcional - Somos Vicencianos\" \/>\n<meta property=\"og:description\" content=\"Orientada por San Vicente, Luisa comprendi\u00f3 que a la caridad hab\u00eda que a\u00f1adirle la instrucci\u00f3n. La realidad de su tiempo, la miseria cada vez m\u00e1s creciente, la colocaba en una actitud de constante preocupaci\u00f3n de ... Read More\" \/>\n<meta property=\"og:url\" content=\"https:\/\/vincentians.com\/es\/luisa-de-marillac-educadora-excepcional\/\" \/>\n<meta property=\"og:site_name\" content=\"Somos Vicencianos\" \/>\n<meta property=\"article:publisher\" content=\"https:\/\/www.facebook.com\/WeAreVincentians\/\" \/>\n<meta property=\"article:author\" content=\"https:\/\/www.facebook.com\/JavierChento\" \/>\n<meta property=\"article:published_time\" content=\"2015-06-22T05:57:48+00:00\" \/>\n<meta property=\"article:modified_time\" content=\"2016-07-26T15:27:08+00:00\" \/>\n<meta name=\"author\" content=\"Francisco Javier Fern\u00e1ndez Chento\" \/>\n<meta name=\"twitter:card\" content=\"summary_large_image\" \/>\n<meta name=\"twitter:creator\" content=\"@https:\/\/twitter.com\/javierchento\" \/>\n<meta name=\"twitter:site\" content=\"@WeVincentians\" \/>\n<meta name=\"twitter:label1\" content=\"Escrito por\" \/>\n\t<meta name=\"twitter:data1\" content=\"Francisco Javier Fern\u00e1ndez Chento\" \/>\n\t<meta name=\"twitter:label2\" content=\"Tiempo de lectura\" \/>\n\t<meta name=\"twitter:data2\" content=\"6 minutos\" \/>\n<script type=\"application\/ld+json\" class=\"yoast-schema-graph\">{\"@context\":\"https:\/\/schema.org\",\"@graph\":[{\"@type\":\"Article\",\"@id\":\"https:\/\/vincentians.com\/es\/luisa-de-marillac-educadora-excepcional\/#article\",\"isPartOf\":{\"@id\":\"https:\/\/vincentians.com\/es\/luisa-de-marillac-educadora-excepcional\/\"},\"author\":{\"name\":\"Francisco Javier Fern\u00e1ndez Chento\",\"@id\":\"https:\/\/vincentians.com\/es\/#\/schema\/person\/9623ef4d9aa3b2dfb8c061f1499288f2\"},\"headline\":\"Luisa de Marillac, educadora excepcional\",\"datePublished\":\"2015-06-22T05:57:48+00:00\",\"dateModified\":\"2016-07-26T15:27:08+00:00\",\"mainEntityOfPage\":{\"@id\":\"https:\/\/vincentians.com\/es\/luisa-de-marillac-educadora-excepcional\/\"},\"wordCount\":1279,\"commentCount\":0,\"publisher\":{\"@id\":\"https:\/\/vincentians.com\/es\/#organization\"},\"image\":{\"@id\":\"https:\/\/vincentians.com\/es\/luisa-de-marillac-educadora-excepcional\/#primaryimage\"},\"thumbnailUrl\":\"\",\"keywords\":[\"Pobreza\",\"Villepreux\"],\"articleSection\":[\"Educaci\u00f3n\",\"Luisa de Marillac\"],\"inLanguage\":\"es\",\"potentialAction\":[{\"@type\":\"CommentAction\",\"name\":\"Comment\",\"target\":[\"https:\/\/vincentians.com\/es\/luisa-de-marillac-educadora-excepcional\/#respond\"]}]},{\"@type\":\"WebPage\",\"@id\":\"https:\/\/vincentians.com\/es\/luisa-de-marillac-educadora-excepcional\/\",\"url\":\"https:\/\/vincentians.com\/es\/luisa-de-marillac-educadora-excepcional\/\",\"name\":\"Luisa de Marillac, educadora excepcional - Somos Vicencianos\",\"isPartOf\":{\"@id\":\"https:\/\/vincentians.com\/es\/#website\"},\"primaryImageOfPage\":{\"@id\":\"https:\/\/vincentians.com\/es\/luisa-de-marillac-educadora-excepcional\/#primaryimage\"},\"image\":{\"@id\":\"https:\/\/vincentians.com\/es\/luisa-de-marillac-educadora-excepcional\/#primaryimage\"},\"thumbnailUrl\":\"\",\"datePublished\":\"2015-06-22T05:57:48+00:00\",\"dateModified\":\"2016-07-26T15:27:08+00:00\",\"breadcrumb\":{\"@id\":\"https:\/\/vincentians.com\/es\/luisa-de-marillac-educadora-excepcional\/#breadcrumb\"},\"inLanguage\":\"es\",\"potentialAction\":[{\"@type\":\"ReadAction\",\"target\":[\"https:\/\/vincentians.com\/es\/luisa-de-marillac-educadora-excepcional\/\"]}]},{\"@type\":\"ImageObject\",\"inLanguage\":\"es\",\"@id\":\"https:\/\/vincentians.com\/es\/luisa-de-marillac-educadora-excepcional\/#primaryimage\",\"url\":\"\",\"contentUrl\":\"\"},{\"@type\":\"BreadcrumbList\",\"@id\":\"https:\/\/vincentians.com\/es\/luisa-de-marillac-educadora-excepcional\/#breadcrumb\",\"itemListElement\":[{\"@type\":\"ListItem\",\"position\":1,\"name\":\"Portada\",\"item\":\"https:\/\/vincentians.com\/es\/\"},{\"@type\":\"ListItem\",\"position\":2,\"name\":\"Luisa de Marillac, educadora excepcional\"}]},{\"@type\":\"WebSite\",\"@id\":\"https:\/\/vincentians.com\/es\/#website\",\"url\":\"https:\/\/vincentians.com\/es\/\",\"name\":\"Somos Vicencianos\",\"description\":\"Know more to serve more\",\"publisher\":{\"@id\":\"https:\/\/vincentians.com\/es\/#organization\"},\"potentialAction\":[{\"@type\":\"SearchAction\",\"target\":{\"@type\":\"EntryPoint\",\"urlTemplate\":\"https:\/\/vincentians.com\/es\/?s={search_term_string}\"},\"query-input\":{\"@type\":\"PropertyValueSpecification\",\"valueRequired\":true,\"valueName\":\"search_term_string\"}}],\"inLanguage\":\"es\"},{\"@type\":\"Organization\",\"@id\":\"https:\/\/vincentians.com\/es\/#organization\",\"name\":\"The Vincentian Network\",\"url\":\"https:\/\/vincentians.com\/es\/\",\"logo\":{\"@type\":\"ImageObject\",\"inLanguage\":\"es\",\"@id\":\"https:\/\/vincentians.com\/es\/#\/schema\/logo\/image\/\",\"url\":\"https:\/\/i1.wp.com\/vincentians.com\/es\/wp-content\/uploads\/sites\/11\/2016\/06\/Vincentian-Network-logo-big.png?fit=778%2C778\",\"contentUrl\":\"https:\/\/i1.wp.com\/vincentians.com\/es\/wp-content\/uploads\/sites\/11\/2016\/06\/Vincentian-Network-logo-big.png?fit=778%2C778\",\"width\":778,\"height\":778,\"caption\":\"The Vincentian Network\"},\"image\":{\"@id\":\"https:\/\/vincentians.com\/es\/#\/schema\/logo\/image\/\"},\"sameAs\":[\"https:\/\/www.facebook.com\/WeAreVincentians\/\",\"https:\/\/x.com\/WeVincentians\"]},{\"@type\":\"Person\",\"@id\":\"https:\/\/vincentians.com\/es\/#\/schema\/person\/9623ef4d9aa3b2dfb8c061f1499288f2\",\"name\":\"Francisco Javier Fern\u00e1ndez Chento\",\"image\":{\"@type\":\"ImageObject\",\"inLanguage\":\"es\",\"@id\":\"https:\/\/vincentians.com\/es\/#\/schema\/person\/image\/\",\"url\":\"https:\/\/secure.gravatar.com\/avatar\/497d5cde87b4c3d097d0315953521681ba2cd523ee66e5077c3711f7021e65de?s=96&d=mm&r=g\",\"contentUrl\":\"https:\/\/secure.gravatar.com\/avatar\/497d5cde87b4c3d097d0315953521681ba2cd523ee66e5077c3711f7021e65de?s=96&d=mm&r=g\",\"caption\":\"Francisco Javier Fern\u00e1ndez Chento\"},\"description\":\"Director General y cofundador de La Red de Formaci\u00f3n Vicenciana. Javier es laico vicenciano, afiliado a la Congregaci\u00f3n de la Misi\u00f3n y miembro del Equipo de Misiones Populares de la provincia can\u00f3nica de Zaragoza (Espa\u00f1a) de la Congregaci\u00f3n de la Misi\u00f3n. Graduado en la Universidad Oberta de Catalunya con cuatro grados (Asistente de direcci\u00f3n, Gesti\u00f3n Administrativa, Recursos Humanos y Contabilidad Avanzada). Bil\u00edng\u00fce Espa\u00f1ol\/Ingl\u00e9s. gestiona y mantiene varias p\u00e1ginas web cristianas y vicencianas, incluida including La Red de Formaci\u00f3n Vicenciana, de la que es cofundador. Actualmente es responsable del \u00e1rea de Espa\u00f1ol de .famvin, la Red de Noticias de la Familia Vicenciana. Tambi\u00e9n es m\u00fasico cat\u00f3lico y ha editado varios discos. Es Director General y cofundador de Trovador, una reconocida compa\u00f1\u00eda discogr\u00e1fica critiana de Espa\u00f1a. Trabaja en las Tecnolog\u00edas de la Informaci\u00f3n, ofreciendo servicios de alojamiento, dise\u00f1o y mantenimiento Web, as\u00ed como asesoramiento, formaci\u00f3n y soluciones inform\u00e1ticas, gesti\u00f3n documental y digitalizaci\u00f3n de textos, edici\u00f3n y maquetaci\u00f3n de libros, revistas, flyers, etc.\",\"sameAs\":[\"http:\/\/chento.org\",\"https:\/\/www.facebook.com\/JavierChento\",\"https:\/\/x.com\/https:\/\/twitter.com\/javierchento\"],\"url\":\"https:\/\/vincentians.com\/es\/author\/chento\/\"}]}<\/script>\n<!-- \/ Yoast SEO plugin. -->","yoast_head_json":{"title":"Luisa de Marillac, educadora excepcional - Somos Vicencianos","robots":{"index":"index","follow":"follow","max-snippet":"max-snippet:-1","max-image-preview":"max-image-preview:large","max-video-preview":"max-video-preview:-1"},"canonical":"https:\/\/vincentians.com\/es\/luisa-de-marillac-educadora-excepcional\/","og_locale":"es_ES","og_type":"article","og_title":"Luisa de Marillac, educadora excepcional - Somos Vicencianos","og_description":"Orientada por San Vicente, Luisa comprendi\u00f3 que a la caridad hab\u00eda que a\u00f1adirle la instrucci\u00f3n. La realidad de su tiempo, la miseria cada vez m\u00e1s creciente, la colocaba en una actitud de constante preocupaci\u00f3n de ... Read More","og_url":"https:\/\/vincentians.com\/es\/luisa-de-marillac-educadora-excepcional\/","og_site_name":"Somos Vicencianos","article_publisher":"https:\/\/www.facebook.com\/WeAreVincentians\/","article_author":"https:\/\/www.facebook.com\/JavierChento","article_published_time":"2015-06-22T05:57:48+00:00","article_modified_time":"2016-07-26T15:27:08+00:00","author":"Francisco Javier Fern\u00e1ndez Chento","twitter_card":"summary_large_image","twitter_creator":"@https:\/\/twitter.com\/javierchento","twitter_site":"@WeVincentians","twitter_misc":{"Escrito por":"Francisco Javier Fern\u00e1ndez Chento","Tiempo de lectura":"6 minutos"},"schema":{"@context":"https:\/\/schema.org","@graph":[{"@type":"Article","@id":"https:\/\/vincentians.com\/es\/luisa-de-marillac-educadora-excepcional\/#article","isPartOf":{"@id":"https:\/\/vincentians.com\/es\/luisa-de-marillac-educadora-excepcional\/"},"author":{"name":"Francisco Javier Fern\u00e1ndez Chento","@id":"https:\/\/vincentians.com\/es\/#\/schema\/person\/9623ef4d9aa3b2dfb8c061f1499288f2"},"headline":"Luisa de Marillac, educadora excepcional","datePublished":"2015-06-22T05:57:48+00:00","dateModified":"2016-07-26T15:27:08+00:00","mainEntityOfPage":{"@id":"https:\/\/vincentians.com\/es\/luisa-de-marillac-educadora-excepcional\/"},"wordCount":1279,"commentCount":0,"publisher":{"@id":"https:\/\/vincentians.com\/es\/#organization"},"image":{"@id":"https:\/\/vincentians.com\/es\/luisa-de-marillac-educadora-excepcional\/#primaryimage"},"thumbnailUrl":"","keywords":["Pobreza","Villepreux"],"articleSection":["Educaci\u00f3n","Luisa de Marillac"],"inLanguage":"es","potentialAction":[{"@type":"CommentAction","name":"Comment","target":["https:\/\/vincentians.com\/es\/luisa-de-marillac-educadora-excepcional\/#respond"]}]},{"@type":"WebPage","@id":"https:\/\/vincentians.com\/es\/luisa-de-marillac-educadora-excepcional\/","url":"https:\/\/vincentians.com\/es\/luisa-de-marillac-educadora-excepcional\/","name":"Luisa de Marillac, educadora excepcional - Somos Vicencianos","isPartOf":{"@id":"https:\/\/vincentians.com\/es\/#website"},"primaryImageOfPage":{"@id":"https:\/\/vincentians.com\/es\/luisa-de-marillac-educadora-excepcional\/#primaryimage"},"image":{"@id":"https:\/\/vincentians.com\/es\/luisa-de-marillac-educadora-excepcional\/#primaryimage"},"thumbnailUrl":"","datePublished":"2015-06-22T05:57:48+00:00","dateModified":"2016-07-26T15:27:08+00:00","breadcrumb":{"@id":"https:\/\/vincentians.com\/es\/luisa-de-marillac-educadora-excepcional\/#breadcrumb"},"inLanguage":"es","potentialAction":[{"@type":"ReadAction","target":["https:\/\/vincentians.com\/es\/luisa-de-marillac-educadora-excepcional\/"]}]},{"@type":"ImageObject","inLanguage":"es","@id":"https:\/\/vincentians.com\/es\/luisa-de-marillac-educadora-excepcional\/#primaryimage","url":"","contentUrl":""},{"@type":"BreadcrumbList","@id":"https:\/\/vincentians.com\/es\/luisa-de-marillac-educadora-excepcional\/#breadcrumb","itemListElement":[{"@type":"ListItem","position":1,"name":"Portada","item":"https:\/\/vincentians.com\/es\/"},{"@type":"ListItem","position":2,"name":"Luisa de Marillac, educadora excepcional"}]},{"@type":"WebSite","@id":"https:\/\/vincentians.com\/es\/#website","url":"https:\/\/vincentians.com\/es\/","name":"Somos Vicencianos","description":"Know more to serve more","publisher":{"@id":"https:\/\/vincentians.com\/es\/#organization"},"potentialAction":[{"@type":"SearchAction","target":{"@type":"EntryPoint","urlTemplate":"https:\/\/vincentians.com\/es\/?s={search_term_string}"},"query-input":{"@type":"PropertyValueSpecification","valueRequired":true,"valueName":"search_term_string"}}],"inLanguage":"es"},{"@type":"Organization","@id":"https:\/\/vincentians.com\/es\/#organization","name":"The Vincentian Network","url":"https:\/\/vincentians.com\/es\/","logo":{"@type":"ImageObject","inLanguage":"es","@id":"https:\/\/vincentians.com\/es\/#\/schema\/logo\/image\/","url":"https:\/\/i1.wp.com\/vincentians.com\/es\/wp-content\/uploads\/sites\/11\/2016\/06\/Vincentian-Network-logo-big.png?fit=778%2C778","contentUrl":"https:\/\/i1.wp.com\/vincentians.com\/es\/wp-content\/uploads\/sites\/11\/2016\/06\/Vincentian-Network-logo-big.png?fit=778%2C778","width":778,"height":778,"caption":"The Vincentian Network"},"image":{"@id":"https:\/\/vincentians.com\/es\/#\/schema\/logo\/image\/"},"sameAs":["https:\/\/www.facebook.com\/WeAreVincentians\/","https:\/\/x.com\/WeVincentians"]},{"@type":"Person","@id":"https:\/\/vincentians.com\/es\/#\/schema\/person\/9623ef4d9aa3b2dfb8c061f1499288f2","name":"Francisco Javier Fern\u00e1ndez Chento","image":{"@type":"ImageObject","inLanguage":"es","@id":"https:\/\/vincentians.com\/es\/#\/schema\/person\/image\/","url":"https:\/\/secure.gravatar.com\/avatar\/497d5cde87b4c3d097d0315953521681ba2cd523ee66e5077c3711f7021e65de?s=96&d=mm&r=g","contentUrl":"https:\/\/secure.gravatar.com\/avatar\/497d5cde87b4c3d097d0315953521681ba2cd523ee66e5077c3711f7021e65de?s=96&d=mm&r=g","caption":"Francisco Javier Fern\u00e1ndez Chento"},"description":"Director General y cofundador de La Red de Formaci\u00f3n Vicenciana. Javier es laico vicenciano, afiliado a la Congregaci\u00f3n de la Misi\u00f3n y miembro del Equipo de Misiones Populares de la provincia can\u00f3nica de Zaragoza (Espa\u00f1a) de la Congregaci\u00f3n de la Misi\u00f3n. Graduado en la Universidad Oberta de Catalunya con cuatro grados (Asistente de direcci\u00f3n, Gesti\u00f3n Administrativa, Recursos Humanos y Contabilidad Avanzada). Bil\u00edng\u00fce Espa\u00f1ol\/Ingl\u00e9s. gestiona y mantiene varias p\u00e1ginas web cristianas y vicencianas, incluida including La Red de Formaci\u00f3n Vicenciana, de la que es cofundador. Actualmente es responsable del \u00e1rea de Espa\u00f1ol de .famvin, la Red de Noticias de la Familia Vicenciana. Tambi\u00e9n es m\u00fasico cat\u00f3lico y ha editado varios discos. Es Director General y cofundador de Trovador, una reconocida compa\u00f1\u00eda discogr\u00e1fica critiana de Espa\u00f1a. Trabaja en las Tecnolog\u00edas de la Informaci\u00f3n, ofreciendo servicios de alojamiento, dise\u00f1o y mantenimiento Web, as\u00ed como asesoramiento, formaci\u00f3n y soluciones inform\u00e1ticas, gesti\u00f3n documental y digitalizaci\u00f3n de textos, edici\u00f3n y maquetaci\u00f3n de libros, revistas, flyers, etc.","sameAs":["http:\/\/chento.org","https:\/\/www.facebook.com\/JavierChento","https:\/\/x.com\/https:\/\/twitter.com\/javierchento"],"url":"https:\/\/vincentians.com\/es\/author\/chento\/"}]}},"jetpack_publicize_connections":[],"jetpack_featured_media_url":"","jetpack_sharing_enabled":true,"jetpack_shortlink":"https:\/\/wp.me\/p7ETMF-LLv","jetpack-related-posts":[{"id":387338,"url":"https:\/\/vincentians.com\/es\/resena-biografica-de-santa-luisa-de-marillac\/","url_meta":{"origin":183613,"position":0},"title":"Rese\u00f1a biogr\u00e1fica de Santa Luisa de Marillac","author":"Francisco Javier Fern\u00e1ndez Chento","date":"09\/05\/2025","format":false,"excerpt":"Una preocupaci\u00f3n y un cambio Luisa de Marillac vivi\u00f3 en Par\u00eds en los a\u00f1os de Enrique IV, Luis XIII y Luis XIV, reyes de Francia en el siglo XVII, mientras en Espa\u00f1a reinaban Felipe III y Felipe IV. Presenci\u00f3, por lo mismo, la Guerra de los Treinta A\u00f1os entre Francia\u2026","rel":"","context":"En \u00abLuisa de Marillac\u00bb","block_context":{"text":"Luisa de Marillac","link":"https:\/\/vincentians.com\/es\/category\/la-familia-vicenciana\/fundadores\/luisa-de-marillac\/"},"img":{"alt_text":"","src":"https:\/\/i0.wp.com\/vincentians.com\/es\/wp-content\/uploads\/sites\/11\/2013\/04\/n-1.jpg?fit=823%2C564&ssl=1&resize=350%2C200","width":350,"height":200,"srcset":"https:\/\/i0.wp.com\/vincentians.com\/es\/wp-content\/uploads\/sites\/11\/2013\/04\/n-1.jpg?fit=823%2C564&ssl=1&resize=350%2C200 1x, https:\/\/i0.wp.com\/vincentians.com\/es\/wp-content\/uploads\/sites\/11\/2013\/04\/n-1.jpg?fit=823%2C564&ssl=1&resize=525%2C300 1.5x, https:\/\/i0.wp.com\/vincentians.com\/es\/wp-content\/uploads\/sites\/11\/2013\/04\/n-1.jpg?fit=823%2C564&ssl=1&resize=700%2C400 2x"},"classes":[]},{"id":126942,"url":"https:\/\/vincentians.com\/es\/luisa-de-marillac-carta-0723-a-la-senora\/","url_meta":{"origin":183613,"position":1},"title":"Luisa de Marillac, Carta 0723: (A la Se\u00f1ora&#8230;)","author":"Francisco Javier Fern\u00e1ndez Chento","date":"26\/12\/2013","format":false,"excerpt":"Aqu\u00ed tiene el ejercicio de que le he hablado y que me parece muy adecuado para usted, seg\u00fan el conocimiento que su bondad ha querido darme de su alma. Viva, pues, as\u00ed, siendo toda de Dios, querida se\u00f1ora, por esa uni\u00f3n suave y amorosa de su voluntad con la de\u2026","rel":"","context":"En \u00abEscritos de Luisa de Marillac\u00bb","block_context":{"text":"Escritos de Luisa de Marillac","link":"https:\/\/vincentians.com\/es\/category\/escritos\/escritos-de-luisa-de-marillac\/"},"img":{"alt_text":"","src":"https:\/\/i0.wp.com\/vincentians.com\/es\/wp-content\/uploads\/sites\/11\/2016\/07\/escritos-luisa-de-marillac.jpg?fit=1200%2C630&ssl=1&resize=350%2C200","width":350,"height":200,"srcset":"https:\/\/i0.wp.com\/vincentians.com\/es\/wp-content\/uploads\/sites\/11\/2016\/07\/escritos-luisa-de-marillac.jpg?fit=1200%2C630&ssl=1&resize=350%2C200 1x, https:\/\/i0.wp.com\/vincentians.com\/es\/wp-content\/uploads\/sites\/11\/2016\/07\/escritos-luisa-de-marillac.jpg?fit=1200%2C630&ssl=1&resize=525%2C300 1.5x, https:\/\/i0.wp.com\/vincentians.com\/es\/wp-content\/uploads\/sites\/11\/2016\/07\/escritos-luisa-de-marillac.jpg?fit=1200%2C630&ssl=1&resize=700%2C400 2x, https:\/\/i0.wp.com\/vincentians.com\/es\/wp-content\/uploads\/sites\/11\/2016\/07\/escritos-luisa-de-marillac.jpg?fit=1200%2C630&ssl=1&resize=1050%2C600 3x"},"classes":[]},{"id":130251,"url":"https:\/\/vincentians.com\/es\/un-perfil-heroico-santa-luisa-de-marillac-02\/","url_meta":{"origin":183613,"position":2},"title":"Un perfil heroico: santa Luisa de Marillac (02)","author":"Francisco Javier Fern\u00e1ndez Chento","date":"24\/02\/2015","format":false,"excerpt":"PRESTAD o\u00eddos, y venid a M\u00ed. Escuchad y vuestra alma hallar\u00e1 vida. (Isa\u00edas, LV.) LA santidad (bella en su contenido, aleccionadora en sus ejem\u00adplos, amable en su fin) es la pr\u00e1ctica de aquel mandato del Se\u00ad\u00f1or: \"Sed perfectos, como vuestro Padre Celestial es perfecto\". La invitaci\u00f3n es universal y, por\u2026","rel":"","context":"En \u00abLuisa de Marillac\u00bb","block_context":{"text":"Luisa de Marillac","link":"https:\/\/vincentians.com\/es\/category\/la-familia-vicenciana\/fundadores\/luisa-de-marillac\/"},"img":{"alt_text":"OLYMPUS DIGITAL CAMERA","src":"https:\/\/i0.wp.com\/vicencianos.org\/wp-content\/2014\/04\/louise-marillac-300x248.jpg?resize=350%2C200","width":350,"height":200},"classes":[]},{"id":130253,"url":"https:\/\/vincentians.com\/es\/un-perfil-heroico-santa-luisa-de-marillac-03\/","url_meta":{"origin":183613,"position":3},"title":"Un perfil heroico: santa Luisa de Marillac (03)","author":"Francisco Javier Fern\u00e1ndez Chento","date":"25\/02\/2015","format":false,"excerpt":"CONTIGO ha hablado mi coraz\u00f3n; en busca de Ti han andado mis ojos. \u00a1Oh. Se\u00f1or, Tu rostro es lo que yo deseo contemplar! (Salmo 26, 8.) HAY almas que, determinadas a seguir la voz de la gracia divina que se insin\u00faa en su coraz\u00f3n, van directamente, sin titubeos, ha\u00adcia el\u2026","rel":"","context":"En \u00abLuisa de Marillac\u00bb","block_context":{"text":"Luisa de Marillac","link":"https:\/\/vincentians.com\/es\/category\/la-familia-vicenciana\/fundadores\/luisa-de-marillac\/"},"img":{"alt_text":"OLYMPUS DIGITAL CAMERA","src":"https:\/\/i0.wp.com\/vicencianos.org\/wp-content\/2014\/04\/louise-marillac-300x248.jpg?resize=350%2C200","width":350,"height":200},"classes":[]},{"id":124786,"url":"https:\/\/vincentians.com\/es\/matrimonio-de-luisa-de-marillac-la-senorita-le-gras\/","url_meta":{"origin":183613,"position":4},"title":"Matrimonio de Luisa de Marillac (la se\u00f1orita Le Gras)","author":"Francisco Javier Fern\u00e1ndez Chento","date":"31\/05\/2015","format":false,"excerpt":"El 5 de febrero de 1613, Luisa de Marillac contrajo matrimonio con Antonio Le Gras, hombre \u2014al decir de su esposa cuando muri\u00f3\u2014 que \"hac\u00eda mucho tiempo, por la mise\u00adricordia de Dios, no ten\u00eda ning\u00fan afecto por las cosas que pueden llevar al pecado y que ten\u00eda gran deseo de\u2026","rel":"","context":"En \u00abLuisa de Marillac\u00bb","block_context":{"text":"Luisa de Marillac","link":"https:\/\/vincentians.com\/es\/category\/la-familia-vicenciana\/fundadores\/luisa-de-marillac\/"},"img":{"alt_text":"","src":"","width":0,"height":0},"classes":[]},{"id":115702,"url":"https:\/\/vincentians.com\/es\/luisa-de-marillac-carta-0664-al-senor-vicente\/","url_meta":{"origin":183613,"position":5},"title":"Luisa de Marillac, Carta 0664: Al se\u00f1or Vicente","author":"Francisco Javier Fern\u00e1ndez Chento","date":"06\/12\/2012","format":false,"excerpt":"Hoy, 21 de diciembre [1658] Mi muy Honorable Padre: Por el temor que tengo de que vuelva la helada, me tomo la libertad de decirle que tengo para m\u00ed cesar\u00e1 el dolor de su pierna cuando se haya purgado; perm\u00edtame le diga una manera de hacerlo que me han ense\u00f1ado\u2026","rel":"","context":"En \u00abEscritos de Luisa de Marillac\u00bb","block_context":{"text":"Escritos de Luisa de Marillac","link":"https:\/\/vincentians.com\/es\/category\/escritos\/escritos-de-luisa-de-marillac\/"},"img":{"alt_text":"","src":"https:\/\/i0.wp.com\/vincentians.com\/es\/wp-content\/uploads\/sites\/11\/2016\/07\/escritos-luisa-de-marillac.jpg?fit=1200%2C630&ssl=1&resize=350%2C200","width":350,"height":200,"srcset":"https:\/\/i0.wp.com\/vincentians.com\/es\/wp-content\/uploads\/sites\/11\/2016\/07\/escritos-luisa-de-marillac.jpg?fit=1200%2C630&ssl=1&resize=350%2C200 1x, https:\/\/i0.wp.com\/vincentians.com\/es\/wp-content\/uploads\/sites\/11\/2016\/07\/escritos-luisa-de-marillac.jpg?fit=1200%2C630&ssl=1&resize=525%2C300 1.5x, https:\/\/i0.wp.com\/vincentians.com\/es\/wp-content\/uploads\/sites\/11\/2016\/07\/escritos-luisa-de-marillac.jpg?fit=1200%2C630&ssl=1&resize=700%2C400 2x, https:\/\/i0.wp.com\/vincentians.com\/es\/wp-content\/uploads\/sites\/11\/2016\/07\/escritos-luisa-de-marillac.jpg?fit=1200%2C630&ssl=1&resize=1050%2C600 3x"},"classes":[]}],"_links":{"self":[{"href":"https:\/\/vincentians.com\/es\/wp-json\/wp\/v2\/posts\/183613","targetHints":{"allow":["GET"]}}],"collection":[{"href":"https:\/\/vincentians.com\/es\/wp-json\/wp\/v2\/posts"}],"about":[{"href":"https:\/\/vincentians.com\/es\/wp-json\/wp\/v2\/types\/post"}],"author":[{"embeddable":true,"href":"https:\/\/vincentians.com\/es\/wp-json\/wp\/v2\/users\/4"}],"replies":[{"embeddable":true,"href":"https:\/\/vincentians.com\/es\/wp-json\/wp\/v2\/comments?post=183613"}],"version-history":[{"count":0,"href":"https:\/\/vincentians.com\/es\/wp-json\/wp\/v2\/posts\/183613\/revisions"}],"wp:featuredmedia":[{"embeddable":true,"href":"https:\/\/vincentians.com\/es\/wp-json\/"}],"wp:attachment":[{"href":"https:\/\/vincentians.com\/es\/wp-json\/wp\/v2\/media?parent=183613"}],"wp:term":[{"taxonomy":"category","embeddable":true,"href":"https:\/\/vincentians.com\/es\/wp-json\/wp\/v2\/categories?post=183613"},{"taxonomy":"post_tag","embeddable":true,"href":"https:\/\/vincentians.com\/es\/wp-json\/wp\/v2\/tags?post=183613"}],"curies":[{"name":"wp","href":"https:\/\/api.w.org\/{rel}","templated":true}]}}