{"id":18159,"date":"2015-04-23T01:50:53","date_gmt":"2015-04-22T23:50:53","guid":{"rendered":"http:\/\/somos.vicencianos.org\/blog\/2010\/04\/23\/organizacion-de-la-sociedad-de-san-vicente-de-paul\/"},"modified":"2015-04-23T01:50:53","modified_gmt":"2015-04-22T23:50:53","slug":"organizacion-de-la-sociedad-de-san-vicente-de-paul","status":"publish","type":"post","link":"https:\/\/vincentians.com\/es\/organizacion-de-la-sociedad-de-san-vicente-de-paul\/","title":{"rendered":"Organizaci\u00f3n De La Sociedad De San Vicente De Pa\u00fal"},"content":{"rendered":"<p>La Sociedad de San Vicente de Pa\u00fal est\u00e1 organizada jer\u00e1rquicamente, pero desde el Reglamento aprobado en Dubl\u00edn, en septiembre de 1973, el presidente del Consejo general, as\u00ed como de todos los dem\u00e1s Consejos, y hasta el de cada Conferencia, se elige por votaci\u00f3n secreta.<\/p>\n<p>Su organigrama es as\u00ed:<\/p>\n<p style=\"text-align: center\"><a href=\"https:\/\/i0.wp.com\/vicencianos.org\/vicencianos\/files\/2010\/04\/ssvp_organigrama.jpg\"><img data-recalc-dims=\"1\" loading=\"lazy\" decoding=\"async\" class=\"size-large wp-image-18160 alignnone\" src=\"https:\/\/i0.wp.com\/vicencianos.org\/vicencianos\/files\/2010\/04\/ssvp_organigrama-1024x555.jpg?resize=500%2C270\" alt=\"\" width=\"500\" height=\"270\" \/><\/a><\/p>\n<p>El Consejo general, con residencia en Par\u00eds, es la autori\u00addad suprema en la Sociedad. El presidente es elegido para un per\u00edodo de seis a\u00f1os, y por todos los socios del mundo, a trav\u00e9s de los Consejos Nacionales. S\u00f3lo puede ser reelegi\u00addo una vez. Elige sus colaboradores para formar la Mesa, y puede nombrar delegados para determinadas misiones, en\u00adtre ellas, para presidir cada uno de los Continentes. For\u00adman parte del Consejo General todos los presidentes de Consejos Nacionales o asimilados, que son los territorios no constituidos en naci\u00f3n en los que hay Conferencias.<\/p>\n<p>En cada naci\u00f3n se elige un presidente, tambi\u00e9n por vo\u00adtaci\u00f3n secreta. Y en cada naci\u00f3n puede constituirse dife\u00adrentes Consejos, los que se consideran convenientes para la vida y la eficacia de las Conferencias.<\/p>\n<p>En Espa\u00f1a pueden constituirse Consejos Regionales, Provinciales, Comarcales, Particulares, Locales, etc. Por ser la Sociedad laica, y no ser obra de la Iglesia, no tiene Con\u00adsejos Diocesanos. Pero al ser esencialmente cat\u00f3lica (en el Reglamento hay seis afirmaciones de que es cristiana y cuatro de que es cat\u00f3lica) est\u00e1 en voluntaria sumisi\u00f3n y esp\u00edritu de servicio a los se\u00f1ores obispos.<\/p>\n<p>La c\u00e9lula m\u00e1s importante de la Sociedad, y en la que est\u00e1 la esencia de la misma, es la Conferencia.<\/p>\n<p>Para constituir una Conferencia basta reunirse tres per\u00adsonas de buena voluntad que han de informarse del esp\u00edri\u00adtu y de las formas de actuar de las Conferencias. Estas pue\u00adden ser masculinas, femeninas y mixtas, y pueden consti\u00adtuirse en diferentes comunidades: grupos sociales, parro\u00adquias, centros apost\u00f3licos, grupos de matrimonio, de j\u00f3ve\u00adnes, pueblos, barrios, empresas, etc. No importa la edad de las personas, ni el n\u00famero de \u00e9stas, aunque se recomienda que en el caso de ser muy numerosas (por ejemplo, m\u00e1s de veinte) se desdoble y funde otra Conferencia.<\/p>\n<p>Se re\u00fanen semanalmente en el lugar, d\u00eda y hora que se acuerde.<\/p>\n<p>La reuni\u00f3n ha de estar inspirada en la fraternidad y en el esp\u00edritu de la Sociedad de San Vicente de Pa\u00fal, para la que ninguna obra de caridad le es ajena.<\/p>\n<p>Se comienza con una invocaci\u00f3n al Esp\u00edritu Santo y el rezo de una Padrenuestro. Se trata de los estados de necesi\u00addad que se conozcan y c\u00f3mo buscar otros nuevos, as\u00ed como el modo de remediarlos o aliviarlos, y se hace una colecta secreta para atender a esas necesidades.<\/p>\n<p>Se termina invocando a la Sant\u00edsima Virgen.<\/p>\n<p>El modo m\u00e1s frecuente de actuar las Conferencias es la visita domiciliaria, para convivir con los necesitados en su propio ambiente y para comprenderlos mejor, y para que se les lleve la ayuda, mucha o poca, a su propia casa sin que tenga que ir a otra parte a buscarla.<\/p>\n<p>La relaci\u00f3n de los socios de una Conferencia entre s\u00ed, la relaci\u00f3n con otras Conferencias y de \u00e9stas con sus Consejos hacen que sea posible que se extienda por todo el mundo una red caritativa, que est\u00e1 establecida en 112 naciones, con 34 Consejos Nacionales en \u00c1frica, 34 en Norteam\u00e9ri\u00adca, 28 en Asia y 17 en Europa. Entre todos estos Consejos existen 30.000 Conferencias, que cuentan con 750.000 per\u00adsonas de buena voluntad que atienden, en los cinco conti\u00adnentes, al pr\u00f3jimo que necesita ayuda.<\/p>\n","protected":false},"excerpt":{"rendered":"<p>La Sociedad de San Vicente de Pa\u00fal est\u00e1 organizada jer\u00e1rquicamente, pero desde el Reglamento aprobado en Dubl\u00edn, en septiembre de 1973, el presidente del Consejo general, as\u00ed como de todos los dem\u00e1s Consejos, y hasta &#8230; <a href=\"https:\/\/vincentians.com\/es\/organizacion-de-la-sociedad-de-san-vicente-de-paul\/\" class=\"more-link\">Read More<\/a><\/p>\n","protected":false},"author":4,"featured_media":143820,"comment_status":"open","ping_status":"open","sticky":false,"template":"","format":"standard","meta":{"jetpack_post_was_ever_published":false,"_jetpack_newsletter_access":"","_jetpack_dont_email_post_to_subs":false,"_jetpack_newsletter_tier_id":0,"_jetpack_memberships_contains_paywalled_content":false,"_jetpack_memberships_contains_paid_content":false,"footnotes":"","jetpack_publicize_message":"","jetpack_publicize_feature_enabled":true,"jetpack_social_post_already_shared":true,"jetpack_social_options":{"image_generator_settings":{"template":"highway","default_image_id":0,"font":"","enabled":false},"version":2}},"categories":[250],"tags":[],"class_list":["post-18159","post","type-post","status-publish","format-standard","has-post-thumbnail","hentry","category-sociedad-de-san-vicente-de-paul"],"yoast_head":"<!-- This site is optimized with the Yoast SEO plugin v26.3 - https:\/\/yoast.com\/wordpress\/plugins\/seo\/ -->\n<title>Organizaci\u00f3n De La Sociedad De San Vicente De Pa\u00fal - Somos Vicencianos<\/title>\n<meta name=\"robots\" content=\"index, follow, max-snippet:-1, max-image-preview:large, max-video-preview:-1\" \/>\n<link rel=\"canonical\" href=\"https:\/\/vincentians.com\/es\/organizacion-de-la-sociedad-de-san-vicente-de-paul\/\" \/>\n<meta property=\"og:locale\" content=\"es_ES\" \/>\n<meta property=\"og:type\" content=\"article\" \/>\n<meta property=\"og:title\" content=\"Organizaci\u00f3n De La Sociedad De San Vicente De Pa\u00fal - Somos Vicencianos\" \/>\n<meta property=\"og:description\" content=\"La Sociedad de San Vicente de Pa\u00fal est\u00e1 organizada jer\u00e1rquicamente, pero desde el Reglamento aprobado en Dubl\u00edn, en septiembre de 1973, el presidente del Consejo general, as\u00ed como de todos los dem\u00e1s Consejos, y hasta ... Read More\" \/>\n<meta property=\"og:url\" content=\"https:\/\/vincentians.com\/es\/organizacion-de-la-sociedad-de-san-vicente-de-paul\/\" \/>\n<meta property=\"og:site_name\" content=\"Somos Vicencianos\" \/>\n<meta property=\"article:publisher\" content=\"https:\/\/www.facebook.com\/WeAreVincentians\/\" \/>\n<meta property=\"article:author\" content=\"https:\/\/www.facebook.com\/JavierChento\" \/>\n<meta property=\"article:published_time\" content=\"2015-04-22T23:50:53+00:00\" \/>\n<meta name=\"author\" content=\"Francisco Javier Fern\u00e1ndez Chento\" \/>\n<meta name=\"twitter:card\" content=\"summary_large_image\" \/>\n<meta name=\"twitter:creator\" content=\"@https:\/\/twitter.com\/javierchento\" \/>\n<meta name=\"twitter:site\" content=\"@WeVincentians\" \/>\n<meta name=\"twitter:label1\" content=\"Escrito por\" \/>\n\t<meta name=\"twitter:data1\" content=\"Francisco Javier Fern\u00e1ndez Chento\" \/>\n\t<meta name=\"twitter:label2\" content=\"Tiempo de lectura\" \/>\n\t<meta name=\"twitter:data2\" content=\"3 minutos\" \/>\n<script type=\"application\/ld+json\" class=\"yoast-schema-graph\">{\"@context\":\"https:\/\/schema.org\",\"@graph\":[{\"@type\":\"Article\",\"@id\":\"https:\/\/vincentians.com\/es\/organizacion-de-la-sociedad-de-san-vicente-de-paul\/#article\",\"isPartOf\":{\"@id\":\"https:\/\/vincentians.com\/es\/organizacion-de-la-sociedad-de-san-vicente-de-paul\/\"},\"author\":{\"name\":\"Francisco Javier Fern\u00e1ndez Chento\",\"@id\":\"http:\/\/vincentians.com\/es\/#\/schema\/person\/9623ef4d9aa3b2dfb8c061f1499288f2\"},\"headline\":\"Organizaci\u00f3n De La Sociedad De San Vicente De Pa\u00fal\",\"datePublished\":\"2015-04-22T23:50:53+00:00\",\"mainEntityOfPage\":{\"@id\":\"https:\/\/vincentians.com\/es\/organizacion-de-la-sociedad-de-san-vicente-de-paul\/\"},\"wordCount\":633,\"commentCount\":0,\"publisher\":{\"@id\":\"http:\/\/vincentians.com\/es\/#organization\"},\"image\":{\"@id\":\"https:\/\/vincentians.com\/es\/organizacion-de-la-sociedad-de-san-vicente-de-paul\/#primaryimage\"},\"thumbnailUrl\":\"\",\"articleSection\":[\"Sociedad de San Vicente de Pa\u00fal\"],\"inLanguage\":\"es\",\"potentialAction\":[{\"@type\":\"CommentAction\",\"name\":\"Comment\",\"target\":[\"https:\/\/vincentians.com\/es\/organizacion-de-la-sociedad-de-san-vicente-de-paul\/#respond\"]}]},{\"@type\":\"WebPage\",\"@id\":\"https:\/\/vincentians.com\/es\/organizacion-de-la-sociedad-de-san-vicente-de-paul\/\",\"url\":\"https:\/\/vincentians.com\/es\/organizacion-de-la-sociedad-de-san-vicente-de-paul\/\",\"name\":\"Organizaci\u00f3n De La Sociedad De San Vicente De Pa\u00fal - Somos Vicencianos\",\"isPartOf\":{\"@id\":\"http:\/\/vincentians.com\/es\/#website\"},\"primaryImageOfPage\":{\"@id\":\"https:\/\/vincentians.com\/es\/organizacion-de-la-sociedad-de-san-vicente-de-paul\/#primaryimage\"},\"image\":{\"@id\":\"https:\/\/vincentians.com\/es\/organizacion-de-la-sociedad-de-san-vicente-de-paul\/#primaryimage\"},\"thumbnailUrl\":\"\",\"datePublished\":\"2015-04-22T23:50:53+00:00\",\"breadcrumb\":{\"@id\":\"https:\/\/vincentians.com\/es\/organizacion-de-la-sociedad-de-san-vicente-de-paul\/#breadcrumb\"},\"inLanguage\":\"es\",\"potentialAction\":[{\"@type\":\"ReadAction\",\"target\":[\"https:\/\/vincentians.com\/es\/organizacion-de-la-sociedad-de-san-vicente-de-paul\/\"]}]},{\"@type\":\"ImageObject\",\"inLanguage\":\"es\",\"@id\":\"https:\/\/vincentians.com\/es\/organizacion-de-la-sociedad-de-san-vicente-de-paul\/#primaryimage\",\"url\":\"\",\"contentUrl\":\"\"},{\"@type\":\"BreadcrumbList\",\"@id\":\"https:\/\/vincentians.com\/es\/organizacion-de-la-sociedad-de-san-vicente-de-paul\/#breadcrumb\",\"itemListElement\":[{\"@type\":\"ListItem\",\"position\":1,\"name\":\"Portada\",\"item\":\"http:\/\/vincentians.com\/es\/\"},{\"@type\":\"ListItem\",\"position\":2,\"name\":\"Organizaci\u00f3n De La Sociedad De San Vicente De Pa\u00fal\"}]},{\"@type\":\"WebSite\",\"@id\":\"http:\/\/vincentians.com\/es\/#website\",\"url\":\"http:\/\/vincentians.com\/es\/\",\"name\":\"Somos Vicencianos\",\"description\":\"Know more to serve more\",\"publisher\":{\"@id\":\"http:\/\/vincentians.com\/es\/#organization\"},\"potentialAction\":[{\"@type\":\"SearchAction\",\"target\":{\"@type\":\"EntryPoint\",\"urlTemplate\":\"http:\/\/vincentians.com\/es\/?s={search_term_string}\"},\"query-input\":{\"@type\":\"PropertyValueSpecification\",\"valueRequired\":true,\"valueName\":\"search_term_string\"}}],\"inLanguage\":\"es\"},{\"@type\":\"Organization\",\"@id\":\"http:\/\/vincentians.com\/es\/#organization\",\"name\":\"The Vincentian Network\",\"url\":\"http:\/\/vincentians.com\/es\/\",\"logo\":{\"@type\":\"ImageObject\",\"inLanguage\":\"es\",\"@id\":\"http:\/\/vincentians.com\/es\/#\/schema\/logo\/image\/\",\"url\":\"https:\/\/i1.wp.com\/vincentians.com\/es\/wp-content\/uploads\/sites\/11\/2016\/06\/Vincentian-Network-logo-big.png?fit=778%2C778\",\"contentUrl\":\"https:\/\/i1.wp.com\/vincentians.com\/es\/wp-content\/uploads\/sites\/11\/2016\/06\/Vincentian-Network-logo-big.png?fit=778%2C778\",\"width\":778,\"height\":778,\"caption\":\"The Vincentian Network\"},\"image\":{\"@id\":\"http:\/\/vincentians.com\/es\/#\/schema\/logo\/image\/\"},\"sameAs\":[\"https:\/\/www.facebook.com\/WeAreVincentians\/\",\"https:\/\/x.com\/WeVincentians\"]},{\"@type\":\"Person\",\"@id\":\"http:\/\/vincentians.com\/es\/#\/schema\/person\/9623ef4d9aa3b2dfb8c061f1499288f2\",\"name\":\"Francisco Javier Fern\u00e1ndez Chento\",\"image\":{\"@type\":\"ImageObject\",\"inLanguage\":\"es\",\"@id\":\"http:\/\/vincentians.com\/es\/#\/schema\/person\/image\/\",\"url\":\"https:\/\/secure.gravatar.com\/avatar\/497d5cde87b4c3d097d0315953521681ba2cd523ee66e5077c3711f7021e65de?s=96&d=mm&r=g\",\"contentUrl\":\"https:\/\/secure.gravatar.com\/avatar\/497d5cde87b4c3d097d0315953521681ba2cd523ee66e5077c3711f7021e65de?s=96&d=mm&r=g\",\"caption\":\"Francisco Javier Fern\u00e1ndez Chento\"},\"description\":\"Director General y cofundador de La Red de Formaci\u00f3n Vicenciana. Javier es laico vicenciano, afiliado a la Congregaci\u00f3n de la Misi\u00f3n y miembro del Equipo de Misiones Populares de la provincia can\u00f3nica de Zaragoza (Espa\u00f1a) de la Congregaci\u00f3n de la Misi\u00f3n. Graduado en la Universidad Oberta de Catalunya con cuatro grados (Asistente de direcci\u00f3n, Gesti\u00f3n Administrativa, Recursos Humanos y Contabilidad Avanzada). Bil\u00edng\u00fce Espa\u00f1ol\/Ingl\u00e9s. gestiona y mantiene varias p\u00e1ginas web cristianas y vicencianas, incluida including La Red de Formaci\u00f3n Vicenciana, de la que es cofundador. Actualmente es responsable del \u00e1rea de Espa\u00f1ol de .famvin, la Red de Noticias de la Familia Vicenciana. Tambi\u00e9n es m\u00fasico cat\u00f3lico y ha editado varios discos. Es Director General y cofundador de Trovador, una reconocida compa\u00f1\u00eda discogr\u00e1fica critiana de Espa\u00f1a. Trabaja en las Tecnolog\u00edas de la Informaci\u00f3n, ofreciendo servicios de alojamiento, dise\u00f1o y mantenimiento Web, as\u00ed como asesoramiento, formaci\u00f3n y soluciones inform\u00e1ticas, gesti\u00f3n documental y digitalizaci\u00f3n de textos, edici\u00f3n y maquetaci\u00f3n de libros, revistas, flyers, etc.\",\"sameAs\":[\"http:\/\/chento.org\",\"https:\/\/www.facebook.com\/JavierChento\",\"https:\/\/x.com\/https:\/\/twitter.com\/javierchento\"],\"url\":\"https:\/\/vincentians.com\/es\/author\/chento\/\"}]}<\/script>\n<!-- \/ Yoast SEO plugin. -->","yoast_head_json":{"title":"Organizaci\u00f3n De La Sociedad De San Vicente De Pa\u00fal - Somos Vicencianos","robots":{"index":"index","follow":"follow","max-snippet":"max-snippet:-1","max-image-preview":"max-image-preview:large","max-video-preview":"max-video-preview:-1"},"canonical":"https:\/\/vincentians.com\/es\/organizacion-de-la-sociedad-de-san-vicente-de-paul\/","og_locale":"es_ES","og_type":"article","og_title":"Organizaci\u00f3n De La Sociedad De San Vicente De Pa\u00fal - Somos Vicencianos","og_description":"La Sociedad de San Vicente de Pa\u00fal est\u00e1 organizada jer\u00e1rquicamente, pero desde el Reglamento aprobado en Dubl\u00edn, en septiembre de 1973, el presidente del Consejo general, as\u00ed como de todos los dem\u00e1s Consejos, y hasta ... Read More","og_url":"https:\/\/vincentians.com\/es\/organizacion-de-la-sociedad-de-san-vicente-de-paul\/","og_site_name":"Somos Vicencianos","article_publisher":"https:\/\/www.facebook.com\/WeAreVincentians\/","article_author":"https:\/\/www.facebook.com\/JavierChento","article_published_time":"2015-04-22T23:50:53+00:00","author":"Francisco Javier Fern\u00e1ndez Chento","twitter_card":"summary_large_image","twitter_creator":"@https:\/\/twitter.com\/javierchento","twitter_site":"@WeVincentians","twitter_misc":{"Escrito por":"Francisco Javier Fern\u00e1ndez Chento","Tiempo de lectura":"3 minutos"},"schema":{"@context":"https:\/\/schema.org","@graph":[{"@type":"Article","@id":"https:\/\/vincentians.com\/es\/organizacion-de-la-sociedad-de-san-vicente-de-paul\/#article","isPartOf":{"@id":"https:\/\/vincentians.com\/es\/organizacion-de-la-sociedad-de-san-vicente-de-paul\/"},"author":{"name":"Francisco Javier Fern\u00e1ndez Chento","@id":"http:\/\/vincentians.com\/es\/#\/schema\/person\/9623ef4d9aa3b2dfb8c061f1499288f2"},"headline":"Organizaci\u00f3n De La Sociedad De San Vicente De Pa\u00fal","datePublished":"2015-04-22T23:50:53+00:00","mainEntityOfPage":{"@id":"https:\/\/vincentians.com\/es\/organizacion-de-la-sociedad-de-san-vicente-de-paul\/"},"wordCount":633,"commentCount":0,"publisher":{"@id":"http:\/\/vincentians.com\/es\/#organization"},"image":{"@id":"https:\/\/vincentians.com\/es\/organizacion-de-la-sociedad-de-san-vicente-de-paul\/#primaryimage"},"thumbnailUrl":"","articleSection":["Sociedad de San Vicente de Pa\u00fal"],"inLanguage":"es","potentialAction":[{"@type":"CommentAction","name":"Comment","target":["https:\/\/vincentians.com\/es\/organizacion-de-la-sociedad-de-san-vicente-de-paul\/#respond"]}]},{"@type":"WebPage","@id":"https:\/\/vincentians.com\/es\/organizacion-de-la-sociedad-de-san-vicente-de-paul\/","url":"https:\/\/vincentians.com\/es\/organizacion-de-la-sociedad-de-san-vicente-de-paul\/","name":"Organizaci\u00f3n De La Sociedad De San Vicente De Pa\u00fal - Somos Vicencianos","isPartOf":{"@id":"http:\/\/vincentians.com\/es\/#website"},"primaryImageOfPage":{"@id":"https:\/\/vincentians.com\/es\/organizacion-de-la-sociedad-de-san-vicente-de-paul\/#primaryimage"},"image":{"@id":"https:\/\/vincentians.com\/es\/organizacion-de-la-sociedad-de-san-vicente-de-paul\/#primaryimage"},"thumbnailUrl":"","datePublished":"2015-04-22T23:50:53+00:00","breadcrumb":{"@id":"https:\/\/vincentians.com\/es\/organizacion-de-la-sociedad-de-san-vicente-de-paul\/#breadcrumb"},"inLanguage":"es","potentialAction":[{"@type":"ReadAction","target":["https:\/\/vincentians.com\/es\/organizacion-de-la-sociedad-de-san-vicente-de-paul\/"]}]},{"@type":"ImageObject","inLanguage":"es","@id":"https:\/\/vincentians.com\/es\/organizacion-de-la-sociedad-de-san-vicente-de-paul\/#primaryimage","url":"","contentUrl":""},{"@type":"BreadcrumbList","@id":"https:\/\/vincentians.com\/es\/organizacion-de-la-sociedad-de-san-vicente-de-paul\/#breadcrumb","itemListElement":[{"@type":"ListItem","position":1,"name":"Portada","item":"http:\/\/vincentians.com\/es\/"},{"@type":"ListItem","position":2,"name":"Organizaci\u00f3n De La Sociedad De San Vicente De Pa\u00fal"}]},{"@type":"WebSite","@id":"http:\/\/vincentians.com\/es\/#website","url":"http:\/\/vincentians.com\/es\/","name":"Somos Vicencianos","description":"Know more to serve more","publisher":{"@id":"http:\/\/vincentians.com\/es\/#organization"},"potentialAction":[{"@type":"SearchAction","target":{"@type":"EntryPoint","urlTemplate":"http:\/\/vincentians.com\/es\/?s={search_term_string}"},"query-input":{"@type":"PropertyValueSpecification","valueRequired":true,"valueName":"search_term_string"}}],"inLanguage":"es"},{"@type":"Organization","@id":"http:\/\/vincentians.com\/es\/#organization","name":"The Vincentian Network","url":"http:\/\/vincentians.com\/es\/","logo":{"@type":"ImageObject","inLanguage":"es","@id":"http:\/\/vincentians.com\/es\/#\/schema\/logo\/image\/","url":"https:\/\/i1.wp.com\/vincentians.com\/es\/wp-content\/uploads\/sites\/11\/2016\/06\/Vincentian-Network-logo-big.png?fit=778%2C778","contentUrl":"https:\/\/i1.wp.com\/vincentians.com\/es\/wp-content\/uploads\/sites\/11\/2016\/06\/Vincentian-Network-logo-big.png?fit=778%2C778","width":778,"height":778,"caption":"The Vincentian Network"},"image":{"@id":"http:\/\/vincentians.com\/es\/#\/schema\/logo\/image\/"},"sameAs":["https:\/\/www.facebook.com\/WeAreVincentians\/","https:\/\/x.com\/WeVincentians"]},{"@type":"Person","@id":"http:\/\/vincentians.com\/es\/#\/schema\/person\/9623ef4d9aa3b2dfb8c061f1499288f2","name":"Francisco Javier Fern\u00e1ndez Chento","image":{"@type":"ImageObject","inLanguage":"es","@id":"http:\/\/vincentians.com\/es\/#\/schema\/person\/image\/","url":"https:\/\/secure.gravatar.com\/avatar\/497d5cde87b4c3d097d0315953521681ba2cd523ee66e5077c3711f7021e65de?s=96&d=mm&r=g","contentUrl":"https:\/\/secure.gravatar.com\/avatar\/497d5cde87b4c3d097d0315953521681ba2cd523ee66e5077c3711f7021e65de?s=96&d=mm&r=g","caption":"Francisco Javier Fern\u00e1ndez Chento"},"description":"Director General y cofundador de La Red de Formaci\u00f3n Vicenciana. Javier es laico vicenciano, afiliado a la Congregaci\u00f3n de la Misi\u00f3n y miembro del Equipo de Misiones Populares de la provincia can\u00f3nica de Zaragoza (Espa\u00f1a) de la Congregaci\u00f3n de la Misi\u00f3n. Graduado en la Universidad Oberta de Catalunya con cuatro grados (Asistente de direcci\u00f3n, Gesti\u00f3n Administrativa, Recursos Humanos y Contabilidad Avanzada). Bil\u00edng\u00fce Espa\u00f1ol\/Ingl\u00e9s. gestiona y mantiene varias p\u00e1ginas web cristianas y vicencianas, incluida including La Red de Formaci\u00f3n Vicenciana, de la que es cofundador. Actualmente es responsable del \u00e1rea de Espa\u00f1ol de .famvin, la Red de Noticias de la Familia Vicenciana. Tambi\u00e9n es m\u00fasico cat\u00f3lico y ha editado varios discos. Es Director General y cofundador de Trovador, una reconocida compa\u00f1\u00eda discogr\u00e1fica critiana de Espa\u00f1a. Trabaja en las Tecnolog\u00edas de la Informaci\u00f3n, ofreciendo servicios de alojamiento, dise\u00f1o y mantenimiento Web, as\u00ed como asesoramiento, formaci\u00f3n y soluciones inform\u00e1ticas, gesti\u00f3n documental y digitalizaci\u00f3n de textos, edici\u00f3n y maquetaci\u00f3n de libros, revistas, flyers, etc.","sameAs":["http:\/\/chento.org","https:\/\/www.facebook.com\/JavierChento","https:\/\/x.com\/https:\/\/twitter.com\/javierchento"],"url":"https:\/\/vincentians.com\/es\/author\/chento\/"}]}},"jetpack_publicize_connections":[],"jetpack_featured_media_url":"","jetpack_sharing_enabled":true,"jetpack_shortlink":"https:\/\/wp.me\/p7ETMF-4IT","jetpack-related-posts":[{"id":52681,"url":"https:\/\/vincentians.com\/es\/estatutos-comentados-de-la-ssvp-1-de-la-confederacion-sede-y-miembros\/","url_meta":{"origin":18159,"position":0},"title":"Estatutos comentados de la SSVP (1. De la Confederaci\u00f3n, sede y miembros)","author":"Francisco Javier Fern\u00e1ndez Chento","date":"09\/02\/2015","format":false,"excerpt":"1. De la Confederaci\u00f3n, sede y miembros 1.1 De la Confederaci\u00f3n A nivel internacional, la Sociedad de San Vicente de Pa\u00fal, se une en su espiritualidad y en su gesti\u00f3n a trav\u00e9s de una Confederaci\u00f3n Internacional de la Sociedad de San Vicente de Pa\u00fal, (de ahora en adelante referida como\u2026","rel":"","context":"En \u00abDocumentos de la Sociedad de San Vicente de Pa\u00fal\u00bb","block_context":{"text":"Documentos de la Sociedad de San Vicente de Pa\u00fal","link":"https:\/\/vincentians.com\/es\/category\/formacion-vicenciana\/documentos-oficiales-de-la-familia-vicenciana\/documentos-de-la-sociedad-de-san-vicente-de-paul\/"},"img":{"alt_text":"","src":"https:\/\/i0.wp.com\/vicencianos.org\/wp-content\/2011\/10\/logo_ssvp.jpg?resize=350%2C200","width":350,"height":200},"classes":[]},{"id":52691,"url":"https:\/\/vincentians.com\/es\/estatutos-comentados-de-la-ssvp-6-de-las-instituciones-agregaciones-y-disoluciones\/","url_meta":{"origin":18159,"position":1},"title":"Estatutos comentados de la SSVP (6. De las Instituciones, Agregaciones y disoluciones)","author":"Francisco Javier Fern\u00e1ndez Chento","date":"15\/02\/2015","format":false,"excerpt":"6. De las Instituciones, Agregaciones y disoluciones 6.1 De la capacidad para agregar e instituir S\u00f3lo el Consejo General tiene facultad, despu\u00e9s de consultar a los Consejos Superiores, Asimilados o Asociados, para Instituir nuevos Consejos y para Agregar nuevas Conferencias a la Sociedad. Comentario.- Tradicionalmente, la plenitud jur\u00eddica de pertenencia\u2026","rel":"","context":"En \u00abDocumentos de la Sociedad de San Vicente de Pa\u00fal\u00bb","block_context":{"text":"Documentos de la Sociedad de San Vicente de Pa\u00fal","link":"https:\/\/vincentians.com\/es\/category\/formacion-vicenciana\/documentos-oficiales-de-la-familia-vicenciana\/documentos-de-la-sociedad-de-san-vicente-de-paul\/"},"img":{"alt_text":"","src":"https:\/\/i0.wp.com\/vicencianos.org\/wp-content\/2011\/10\/logo_ssvp.jpg?resize=350%2C200","width":350,"height":200},"classes":[]},{"id":18151,"url":"https:\/\/vincentians.com\/es\/fundacion-de-la-sociedad-de-san-vicente-de-paul-en-espana\/","url_meta":{"origin":18159,"position":2},"title":"Fundaci\u00f3n De La Sociedad De San Vicente De Pa\u00fal En Espa\u00f1a","author":"Francisco Javier Fern\u00e1ndez Chento","date":"05\/03\/2023","format":false,"excerpt":"La Sociedad de San Vicente de Pa\u00fal fue fundada en Es\u00adpa\u00f1a por don Santiago de Masarnau Fern\u00e1ndez, nacido en Madrid el 10 de diciembre de 1805. Su padre era, a la vez que distinguido cat\u00f3lico, honrad\u00edsimo empleado de la Casa Real \u2014secretario del Rey, por alg\u00fan tiempo, y de la\u2026","rel":"","context":"En \u00abSociedad de San Vicente de Pa\u00fal\u00bb","block_context":{"text":"Sociedad de San Vicente de Pa\u00fal","link":"https:\/\/vincentians.com\/es\/category\/la-familia-vicenciana\/ramas\/sociedad-de-san-vicente-de-paul\/"},"img":{"alt_text":"","src":"https:\/\/i0.wp.com\/vincentians.com\/es\/wp-content\/uploads\/sites\/11\/2021\/11\/Masarnau-4.jpg?fit=1200%2C630&ssl=1&resize=350%2C200","width":350,"height":200,"srcset":"https:\/\/i0.wp.com\/vincentians.com\/es\/wp-content\/uploads\/sites\/11\/2021\/11\/Masarnau-4.jpg?fit=1200%2C630&ssl=1&resize=350%2C200 1x, https:\/\/i0.wp.com\/vincentians.com\/es\/wp-content\/uploads\/sites\/11\/2021\/11\/Masarnau-4.jpg?fit=1200%2C630&ssl=1&resize=525%2C300 1.5x, https:\/\/i0.wp.com\/vincentians.com\/es\/wp-content\/uploads\/sites\/11\/2021\/11\/Masarnau-4.jpg?fit=1200%2C630&ssl=1&resize=700%2C400 2x, https:\/\/i0.wp.com\/vincentians.com\/es\/wp-content\/uploads\/sites\/11\/2021\/11\/Masarnau-4.jpg?fit=1200%2C630&ssl=1&resize=1050%2C600 3x"},"classes":[]},{"id":46070,"url":"https:\/\/vincentians.com\/es\/la-sociedad-de-san-vicente-de-paul\/","url_meta":{"origin":18159,"position":3},"title":"La sociedad de san Vicente de Pa\u00fal","author":"Francisco Javier Fern\u00e1ndez Chento","date":"22\/04\/2015","format":false,"excerpt":"La Sociedad de San Vicente de Pa\u00fal naci\u00f3 en un ambiente alejado de Dios y en el que proclamarse cat\u00f3lico ya era un valor a tener en cuenta. Era la \u00e9poca del inicio del desarrollo industrial y las teor\u00edas marxis\u00adtas estaban a punto de hacer su aparici\u00f3n. En este ambiente\u2026","rel":"","context":"En \u00abSociedad de San Vicente de Pa\u00fal\u00bb","block_context":{"text":"Sociedad de San Vicente de Pa\u00fal","link":"https:\/\/vincentians.com\/es\/category\/la-familia-vicenciana\/ramas\/sociedad-de-san-vicente-de-paul\/"},"img":{"alt_text":"","src":"https:\/\/i0.wp.com\/vicencianos.org\/wp-content\/2010\/12\/logo_ssvp-270x300.jpg?resize=350%2C200","width":350,"height":200},"classes":[]},{"id":18156,"url":"https:\/\/vincentians.com\/es\/alabanza-y-recomendaciones-de-los-romanos-pontifices\/","url_meta":{"origin":18159,"position":4},"title":"Alabanza y recomendaciones de los Romanos Pont\u00edfices","author":"Francisco Javier Fern\u00e1ndez Chento","date":"15\/01\/2019","format":false,"excerpt":"Los Romanos Pont\u00edfices, desde Gregorio XVI (Papa cuando se fund\u00f3 la Sociedad de San Vicente de Pa\u00fal), han alabado y recomendado las Conferencias de San Vicente de Pa\u00fal. P\u00edo IX concedi\u00f3 a la Sociedad, Cardenal Protector, si\u00e9ndolo, desde entonces (1851), generalmente, el Cardenal Secretario de Estado; y P\u00edo XII, hasta\u2026","rel":"","context":"En \u00abSociedad de San Vicente de Pa\u00fal\u00bb","block_context":{"text":"Sociedad de San Vicente de Pa\u00fal","link":"https:\/\/vincentians.com\/es\/category\/la-familia-vicenciana\/ramas\/sociedad-de-san-vicente-de-paul\/"},"img":{"alt_text":"","src":"https:\/\/i0.wp.com\/vincentians.com\/es\/wp-content\/uploads\/sites\/11\/2017\/07\/San-Vicente-7.jpg?fit=600%2C416&ssl=1&resize=350%2C200","width":350,"height":200,"srcset":"https:\/\/i0.wp.com\/vincentians.com\/es\/wp-content\/uploads\/sites\/11\/2017\/07\/San-Vicente-7.jpg?fit=600%2C416&ssl=1&resize=350%2C200 1x, https:\/\/i0.wp.com\/vincentians.com\/es\/wp-content\/uploads\/sites\/11\/2017\/07\/San-Vicente-7.jpg?fit=600%2C416&ssl=1&resize=525%2C300 1.5x"},"classes":[]},{"id":131217,"url":"https:\/\/vincentians.com\/es\/las-conferencias-de-san-vicente-de-paul-cumplen-un-siglo-de-existencia-en-espana-1849-1949\/","url_meta":{"origin":18159,"position":5},"title":"Las Conferencias de San Vicente de Pa\u00fal cumplen un siglo de existencia en Espa\u00f1a 1849-1949","author":"Francisco Javier Fern\u00e1ndez Chento","date":"30\/08\/2014","format":false,"excerpt":"El d\u00eda 11 de noviembre se cumplieron los c\u00eden a\u00f1os del establecimiento de las \"Conferencias de San Vicente de Pa\u00fal\" en Espa\u00f1a. Con este motivo, en la Bas\u00edlica de Santa Mar\u00eda de los Reyes, en Barcelona, celebr\u00f3se una solemne Misa de Comuni\u00f3n general, en la que ofici\u00f3 el Prelado de\u2026","rel":"","context":"En \u00abHistoria de la Sociedad de san Vicente de Pa\u00fal\u00bb","block_context":{"text":"Historia de la Sociedad de san Vicente de Pa\u00fal","link":"https:\/\/vincentians.com\/es\/category\/historia-de-la-familia-vicenciana\/historia-de-la-sociedad-de-san-vicente-de-paul\/"},"img":{"alt_text":"","src":"https:\/\/i0.wp.com\/vincentians.com\/es\/wp-content\/uploads\/sites\/11\/2016\/07\/escritos-vicente-de-paul.jpg?fit=1200%2C630&ssl=1&resize=350%2C200","width":350,"height":200,"srcset":"https:\/\/i0.wp.com\/vincentians.com\/es\/wp-content\/uploads\/sites\/11\/2016\/07\/escritos-vicente-de-paul.jpg?fit=1200%2C630&ssl=1&resize=350%2C200 1x, https:\/\/i0.wp.com\/vincentians.com\/es\/wp-content\/uploads\/sites\/11\/2016\/07\/escritos-vicente-de-paul.jpg?fit=1200%2C630&ssl=1&resize=525%2C300 1.5x, https:\/\/i0.wp.com\/vincentians.com\/es\/wp-content\/uploads\/sites\/11\/2016\/07\/escritos-vicente-de-paul.jpg?fit=1200%2C630&ssl=1&resize=700%2C400 2x, https:\/\/i0.wp.com\/vincentians.com\/es\/wp-content\/uploads\/sites\/11\/2016\/07\/escritos-vicente-de-paul.jpg?fit=1200%2C630&ssl=1&resize=1050%2C600 3x"},"classes":[]}],"_links":{"self":[{"href":"https:\/\/vincentians.com\/es\/wp-json\/wp\/v2\/posts\/18159","targetHints":{"allow":["GET"]}}],"collection":[{"href":"https:\/\/vincentians.com\/es\/wp-json\/wp\/v2\/posts"}],"about":[{"href":"https:\/\/vincentians.com\/es\/wp-json\/wp\/v2\/types\/post"}],"author":[{"embeddable":true,"href":"https:\/\/vincentians.com\/es\/wp-json\/wp\/v2\/users\/4"}],"replies":[{"embeddable":true,"href":"https:\/\/vincentians.com\/es\/wp-json\/wp\/v2\/comments?post=18159"}],"version-history":[{"count":0,"href":"https:\/\/vincentians.com\/es\/wp-json\/wp\/v2\/posts\/18159\/revisions"}],"wp:featuredmedia":[{"embeddable":true,"href":"https:\/\/vincentians.com\/es\/wp-json\/"}],"wp:attachment":[{"href":"https:\/\/vincentians.com\/es\/wp-json\/wp\/v2\/media?parent=18159"}],"wp:term":[{"taxonomy":"category","embeddable":true,"href":"https:\/\/vincentians.com\/es\/wp-json\/wp\/v2\/categories?post=18159"},{"taxonomy":"post_tag","embeddable":true,"href":"https:\/\/vincentians.com\/es\/wp-json\/wp\/v2\/tags?post=18159"}],"curies":[{"name":"wp","href":"https:\/\/api.w.org\/{rel}","templated":true}]}}