{"id":18156,"date":"2019-01-15T08:42:49","date_gmt":"2019-01-15T07:42:49","guid":{"rendered":"http:\/\/somos.vicencianos.org\/blog\/2010\/04\/22\/alabanza-y-recomendaciones-de-los-romanos-pontifices\/"},"modified":"2019-01-06T09:51:01","modified_gmt":"2019-01-06T08:51:01","slug":"alabanza-y-recomendaciones-de-los-romanos-pontifices","status":"publish","type":"post","link":"https:\/\/vincentians.com\/es\/alabanza-y-recomendaciones-de-los-romanos-pontifices\/","title":{"rendered":"Alabanza y recomendaciones de los Romanos Pont\u00edfices"},"content":{"rendered":"<p>Los Romanos Pont\u00edfices, desde Gregorio XVI (Papa cuando se fund\u00f3 la Sociedad de San Vicente de Pa\u00fal), <strong>han alabado y recomendado<\/strong> las Conferencias de San Vicente de Pa\u00fal. P\u00edo IX concedi\u00f3 a la Sociedad, Cardenal Protector, si\u00e9ndolo, desde entonces (1851), generalmente, el Cardenal Secretario de Estado; y P\u00edo XII, hasta su elevaci\u00f3n al solio pontificio. Y le concedieron m\u00faltiples y especiales indulgencias por diferentes breves y rescriptos: Gregorio XVI, P\u00edo IX, Le\u00f3n XIII, P\u00edo X, etc.<\/p>\n<p>Pero, sobre todo, se han distinguido los Papas:<\/p>\n<p><strong>Le\u00f3n XIII<\/strong>, quien, en su carta enc\u00edclica \u00ab<strong>Humanum Ge\u00adnus<\/strong>\u00bb (20-IV-1884), dice: \u00ab<strong>No dejaremos de mencionar la Sociedad llamada de San Vicente de Pa\u00fal, <em>tan benem\u00e9rita de las clases pobres y tan insigne p\u00fablicamente en su ejem\u00adplaridad. <\/em>Bien conocidas son su actuaci\u00f3n y sus<\/strong><strong><sub>.<\/sub><\/strong><strong> aspiracio\u00adnes; se emplea en adelantarse espont\u00e1neamente al auxilio de los menesterosos y de los que sufren, esto con admirable sagacidad y modestia, pues cuanto menos quiere mostrarse, tanto es mejor para ejercer la caridad cristiana y m\u00e1s opor\u00adtuna para consuelo de las miserias<\/strong>\u00ab.<\/p>\n<p>Y concedi\u00f3, precisamente a petici\u00f3n del Consejo gene\u00adral de la Sociedad de San Vicente de Pa\u00fal, con motivo del cincuentenario de la fundaci\u00f3n de \u00e9sta, a San Vicente de Pa\u00fal el t\u00edtulo de Patrono universal de todas las obras de ca\u00adridad provenientes de \u00e9l de cualquier modo.<\/p>\n<p><strong>P\u00edo XII<\/strong>, en alocuci\u00f3n al Consejo general de la Socie\u00addad, recibido en audiencia privada (27-IV-1952), proclam\u00f3 lo que puede llamarse \u00ab<strong>Carta magna<\/strong>\u00bb de las Conferencias de San Vicente de Pa\u00fal: \u00ab<strong>Gran consuelo, en medio de tan\u00adtas angustias, procur\u00e1is a nuestro coraz\u00f3n, amados hijos e hijas de las Conferencias de San Vicente de Pa\u00fal, reunidos en congreso en esta alma ciudad\u00bb&#8230; En el cuadro de la pre\u00advisora adaptaci\u00f3n a los tiempos, Nos vemos el surgir, el consolidarse y el prosperar de las Conferencias de San Vi\u00adcente de Pa\u00fal, <em>cuyo nombre resuena para gloria de toda la Iglesia. <\/em>\u00bfCu\u00e1l fue el primer pensamiento que a los ocho es\u00adtudiantes de Par\u00eds, les anim\u00f3 a fundarlas? Lo sab\u00e9is muy bien por las palabras mismas de aquel que con raz\u00f3n fue llamado su alma: el gran ap\u00f3stol seglar del siglo XIX, Fede\u00adrico Ozanam&#8230; <em>\u00abFue entonces cuando nos dijimos <\/em>\u2014dec\u00eda Ozanam\u2014: <em>\u00a1Manos a la obra! Socorramos a nuestro pr\u00f3ji\u00admo, y coloquemos nuestra fe bajo la protecci\u00f3n de la cari\u00addad\u00bb. <\/em>As\u00ed nacieron vuestras Conferencias, que, no obstante los a\u00f1os transcurridos, <em>conservan cual signo propio de las obras queridas por Dios toda la lozan\u00eda primitiva, como <\/em>si se les hubiese comunicado la juventud, sin ocaso, de sus fundadores&#8230;<\/strong><\/p>\n<p><strong>\u00abPuesto que <em>hab\u00e9is sido llamados por Dios a este parti\u00adcular trabajo de su vi\u00f1a, <\/em>nada mejor podr\u00edais hacer para cumplir en vosotros la divina voluntad, para contribuir al triunfo de la Iglesia, para cooperar a la salvaci\u00f3n de las almas&#8230; As\u00ed es c\u00f3mo las Conferencias de San Vicente de Pa\u00fal, con las frecuentes visitas a los pobres, con la asisten\u00adcia a la infancia abandonada, con el proveer los medios fi\u00adnancieros, haci\u00e9ndose sus miembros en cierto modo madi-cantes por los pobres, pueden bastar como escuelas de san\u00adtidad y <\/strong><em>como palestra de cristiana perfecci\u00f3n, <\/em>de la misma manera que lo fueron o lo son para otras almas el claustro, el desierto, la escuela, el apostolado directo, las misiones entre infieles&#8230;<\/p>\n<p>\u00abBien sab\u00e9is que vuestras Conferencias nacieron con fi\u00adnalidad apost\u00f3lica. Muy pronto brillaron entre las m\u00e1s efi\u00adcaces formas de apostolado, que con tanto vigor se desarro\u00adllan hoy en la Iglesia&#8230;<\/p>\n<p><em>\u00abId, <\/em>pues, <em>a vuestros pobres como buenos sembradores, <\/em>como amorosos padres y hermanos, apologistas frecuente\u00admente ignorados, pero siempre queridos de Dios. Si am\u00e1is a los pobres con la misma caridad de Cristo, E) pondr\u00e1 en vuestros labios las palabras que iluminan, rinden y convier\u00adten, y nadie podr\u00e1 resistir a la fuerza del amor.<\/p>\n<p>Aquella actuaci\u00f3n a la que recientemente hemos exhor\u00adtado a los fieles para la salvaci\u00f3n del mundo, para el triunfo de la justicia y de la paz, para superar la dura crisis del tiempo presente, pod\u00e9is vosotros conducirla con \u00e9xito, pre\u00adcisamente ejercitando la caridad en el seno de vuestras Conferencias.<\/p>\n<p>\u00abContemplad una vez m\u00e1s a vuestro abanderado Federi\u00adco Ozanam. \u00a1Qu\u00e9 multiplicidad de obras en su vida consa\u00adgrada a la Iglesia! Fue escritor, orador, profesor erudito, y hasta hombre pol\u00edtico. \u00a1Cu\u00e1n grande actividad en cuarenta a\u00f1os de existencia! Y, sin embargo, \u00bfcu\u00e1l es la obra que m\u00e1s le hace c\u00e9lebre, sino las Conferencias por \u00e9l fundadas?<\/p>\n<p>\u00abPero existe otro campo de acci\u00f3n, en el cual la activi\u00addad de las Conferencias puede aportar una directa cooperaci\u00f3n a los fines que Nos tan frecuentemente hemos enuncia\u00addo: el campo de la asistencia social, en el que pod\u00e9is traba\u00adjar, aun continuando estrechamente adheridos a vuestra ins\u00adtituci\u00f3n, la cual, como bien sab\u00e9is, tiende a estimular toda obra atenta a la realizaci\u00f3n de la justicia social y la eleva\u00adci\u00f3n de las clases m\u00e1s humildes. Y as\u00ed no os sean extra\u00f1as obras como los patronatos de obreros, las escuelas popula\u00adres, las oficinas de colocaci\u00f3n, la provisi\u00f3n de casas, las co\u00adlonias veraniegas y las dem\u00e1s formas de asistencia social, que el esp\u00edritu juvenil de las Conferencias os sugerir\u00e1&#8230;<\/p>\n<p>La divina Providencia ha sido generosa con vosotros, al inspiraras abrazar las Conferencias de San Vicente de Pa\u00fal, pues en ellas os ofrece un medio incomparable de santificaci\u00f3n, de apostolado <em>y de acci\u00f3n social. <\/em>Sed, igual\u00admente generosos en corresponder, seguros de obtener frutos maravillosos para vosotros mismos y para la Iglesia. <em>Se\u00f1a\u00adlad a otros vuestro programa, a los j\u00f3venes, que quiz\u00e1 bus\u00adcan en vano un noble ideal para la vida, <\/em>y a aquellos que, desilusionados de otros ideales, sienten un inmenso vac\u00edo en torno a s\u00ed y en s\u00ed mismos. Estrechaos fieles y concordes bajo las banderas de la caridad cristiana; trabajad con entu\u00adsiasmo y con humildad; penetrad con la dulzura de Cristo en los tugurios de la miseria y de la desventura, para llevar\u00adles aquel Jes\u00fas que pas\u00f3 por la tierra haciendo bien y sa\u00adnando. El calor de aquel Coraz\u00f3n divino, acogido primero en el vuestro, ser\u00e1 irradiado al mundo del ego\u00edsmo y de la frialdad, para salvaci\u00f3n de muchos.\u00bb<\/p>\n<p>Juan XXIII: En su primera carta al presidente general de la Sociedad (1959-VI; \u00abBolet\u00edn\u00bb 1.076): Despu\u00e9s de elo\u00adgiar \u00ablos progresos de la acci\u00f3n perseverante del Consejo general para adaptar la labor de las Conferencias a las ne\u00adcesidades actuales, permaneciendo siempre fiel al esp\u00edritu que Federico Ozanam y sus compa\u00f1eros infundieron a la Sociedad\u00bb, recomend\u00f3: \u00abPreservad el alma profunda de la Sociedad, insistiendo sobre la formaci\u00f3n cristiana de sus miembros y exhortando a \u00e9stos a cimentar en la oraci\u00f3n y en la recepci\u00f3n de los sacramentos el ejercicio de una au\u00adt\u00e9ntica caridad, fervorosa y activa, la que debe distinguiros; caridad sobrenatural con respecto a los pobres. Al lado de tantas obras sociales o filantr\u00f3picas buenas en s\u00ed mismas, la Sociedad de San Vicente de Pa\u00fal ha querido sobre todo, desde sus or\u00edgenes, llevar a los desafortunados un testimo\u00adnio concreto del amor de Jesucristo y revelarles el verdade\u00adro rostro maternal de la Iglesia. Tal labor de asistencia es\u00adpiritual y material es ahora m\u00e1s \u00fatil que nunca\u00bb.<\/p>\n<p>Tambi\u00e9n, y en ocasi\u00f3n relevante (21-11-1960), Juan XXIII declar\u00f3: \u00abEl 17 de diciembre del a\u00f1o pasado, en el Consistorio P\u00fablico, nos alegramos de aceptar la introduc\u00adci\u00f3n de la causa de beatificaci\u00f3n de Federico Ozanam. \u00a1Qu\u00e9 ense\u00f1anzas se desprenden a\u00fan hoy de este ap\u00f3stol de la ca\u00adridad de los tiempos modernos?&#8230; Que este ejemplo de de\u00adber, vivido con generosidad y fervor hasta la muerte, sea para vosotros un est\u00edmulo para hacer el bien, para dedica-ros incansablemente a mitigar las necesidades espirituales y materiales de los hermanos. De hecho, entre todo lo grande y laudatorio que se puede hacer en el mundo, la caridad practicada y vivida es la \u00fanica que permanece y brilla con luz pur\u00edsima hasta la eternidad\u00bb (\u00abBolet\u00edn\u00bb 1.085, 1960).<\/p>\n<p>Pablo VI: Manifest\u00f3 al Consejo General de la Sociedad, en audiencia privada (5-11-1975), que: \u00abHab\u00eda sido desde los doce a\u00f1os, y continuaba siendo, hermano vicentino, pero que los deberes de su cargo le imped\u00eda pr\u00e1cticamente continuar, en el momento actual, lament\u00e1ndolo mucho\u00bb. El presidente general escribi\u00f3 sobre esta visita al Romano Pont\u00edfice: \u00abEl Papa ha subrayado que los hermanos vicenti\u00adnos deben ser un ejemplo de espiritualidad en su vida personal. El Santo Padre ha insistido fuertemente acerca del esfuerzo de humanizaci\u00f3n y de verdadera caridad, que de\u00adben desarrollar los hermanos vicentinos frente a una orga\u00adnizaci\u00f3n social demasiado impersonal. A este respecto ha subrayado el inter\u00e9s por detectar las capacidades ocultas que permite el encuentro de persona a persona\u00bb.<\/p>\n<p>En nombre del Papa escribi\u00f3 al presidente general, se\u00ad\u00f1or Rouast, el Cardenal Villot, secretario de Estado: \u00abYa conoc\u00e9is los sentimientos del Santo Padre respecto de vues\u00adtra Sociedad. \u00c9l se regocija siempre con vuestro amor por la Iglesia y con vuestra devoci\u00f3n filial respecto de aquellos que han sido constituidos Pastores. El aprecia vuestras m\u00faltiples iniciativas de seglares para hacer m\u00e1s ampliamen\u00adte presente y eficaz el testimonio de caridad de los cristia\u00adnos. El os estimula a promover por doquiera la dignidad <em>de <\/em>las personas con una atenci\u00f3n especial a las m\u00faltiples for\u00admas de pobreza y hacer a los hombres, ricos y pobres, art\u00ed\u00adfices de la solidaridad del compartir y de la ayuda en un mundo que tanto la necesita\u00bb.<\/p>\n<p>En audiencia privada (8-X1-1964) al Consejo General de la Sociedad y s\u00e9quito, Pablo VI pronunci\u00f3 un discurso, semejante en importancia al de P\u00edo XII (27-IV-1952), di\u00adciendo: <strong>\u00abSaludamos, pues, y bendecimos afectuosamente a toda esa <\/strong><strong><em>variada y numerosa familia de hermanos, a los que os une vuestro prop\u00f3sito de caridad fraterna. <\/em><\/strong><strong>La amistad con nuestros semejantes necesitados es, precisamente, una caracter\u00edstica que podr\u00edamos llamar obligaci\u00f3n, instancia, virtud, estilo, confirmaci\u00f3n del oficio pastoral, y al verla <\/strong><strong><em>asumida en vosotros como prop\u00f3sito y <\/em><\/strong><strong><em>programa de vida, <\/em><\/strong><strong>nos proporciona un inmenso <\/strong>placer, y <strong><em>esto os acerca, <\/em><\/strong><strong>a cuantos sois fieles al esp\u00edritu vicentino, en coraz\u00f3n y <\/strong>en obras, <strong><em>a nuestro <\/em><\/strong><strong><em>oficio apost\u00f3lico, a nuestra persona, <\/em><\/strong>y <strong><em>os insert\u00e1is <\/em><\/strong><strong><em>magn\u00edficamente en la circulaci\u00f3n vital de la Santa Madre Iglesia.<\/em><\/strong><\/p>\n<p>\u00abLa pobreza evang\u00e9lica es humildad, paz y tambi\u00e9n re\u00adnuncia&#8230; no debilita el trabajo y su prodigiosa organizaci\u00f3n, sino que le humaniza y le infunde esa sabidur\u00eda que nos hace posible la inserci\u00f3n de las virtudes morales en el juego de los intereses materiales, sin paralizarlo; antes bien, ha\u00adci\u00e9ndolo m\u00e1s funcional y beneficioso.<\/p>\n<p>\u00abEl disc\u00edpulo de Cristo descubre en su severa escuela de pobreza una relaci\u00f3n maravillosa entre la pobreza y la cari\u00addad; se podr\u00eda decir de complementariedad&#8230; porque quien ama est\u00e1 a la b\u00fasqueda de quien pueda recibir los signos externos de su amor; es decir, la caridad necesita la pobre\u00adza para desarrollar la energ\u00eda de bien que le es propia.<\/p>\n<p><em>\u00abInstaur\u00e1is, <\/em>vicentinos, <em>una pedagog\u00eda de primer orden: <\/em>la educaci\u00f3n de apertura a la escena social&#8230; en la solidari\u00addad con quien sufre y est\u00e1 falto de muchas cosas&#8230; del ejer\u00adcicio personal, directo, no delegado del hacer el bien; en el sacrificio del bolsillo, del tiempo, de los gustos, para dar expresi\u00f3n, en forma concreta y eficaz, a los sentimientos y a las personas.<\/p>\n<p>Instaur\u00e1is, vicentinos, en una palabra, la educaci\u00f3n ver\u00addaderamente cristiana. <em>Este es un m\u00e9todo pedag\u00f3gico de vuestra actividad, <\/em>que si no tuviera otro, la justificar\u00eda y la ennoblecer\u00eda, y nos har\u00eda sin m\u00e1s desear que se conserve y extienda especialmente en nuestras escuelas, en nuestras asociaciones, en las filas, en fin, de nuestra juventud.<\/p>\n<p><strong>\u00abEste m\u00e9todo fue la <\/strong><strong><em>vanguardia y el est\u00edmulo para el de\u00adsarrollo de los programas modernos asistenciales y que con\u00adserva su valor original de primer orden&#8230; <\/em><\/strong><strong>El ejercicio del amor al pr\u00f3jimo, realizado con las formas y el esp\u00edritu de las Conferencias de San Vicente de Pa\u00fal, <\/strong><strong><em>es todav\u00eda <\/em><\/strong><strong><em>un <\/em><\/strong><strong><em>ar\u00adgumento convincente de la verdad del Evangelio, actuada en el catolicismo&#8230;\u00bb<\/em><\/strong><\/p>\n<p>Juan Pablo II: Siente gran estima hacia las Conferen\u00adcias de San Vicente de Pa\u00fal, desde que las conoci\u00f3 en su Di\u00f3cesis y comprob\u00f3 su buen esp\u00edritu y la eficacia de su apostolado cristiano, seg\u00fan resalt\u00f3 Radio Vaticano, en emi\u00adsi\u00f3n especial (13-V11-1979) sobre la actualidad de la Socie\u00addad de San Vicente de Pa\u00fal, extendida por 113 pa\u00edses, con 30.000 Conferencias, 750.000 socios.<\/p>\n<p>En carta-respuesta (31-1-1981), en nombre del Papa, el Cardenal secretario de Estado (Cardenal Casaroli) dice: \u00abEl Santo Padre se siente siempre complacido al conocer la ex\u00adpansi\u00f3n de la Sociedad de San Vicente de Pa\u00fal en los dis\u00adtintos continentes y en los diferentes medios. El alienta vi\u00advamente a todos estos laicos cristianos, de quienes sabe que est\u00e1n animados de una fe profunda y que cuidan grande\u00admente su fidelidad a la Iglesia, de hacerse servidores de la caridad, correspondiendo a las m\u00faltiples necesidades de los pobres de nuestro tiempo. Esto forma parte del testimonio, magn\u00edfico y exigente, de la Iglesia, cuyos hijos est\u00e1n todos invitados a mostrarse como testigos y artesanos de la mise\u00adricordia inagotable de Cristo y de su Padre, seg\u00fan la re\u00adciente enc\u00edclica. El a\u00f1o del cuarto centenario del nacimiento de San Vicente de Pa\u00fal es particularmente propicio para re\u00adcordarlo, lo mismo que el ejemplo de vuestro querido fun\u00addador, Federico Ozanam&#8230;\u00bb (\u00abVincenpaul\u00bb, n\u00famero 173).<\/p>\n<p>En audiencia concedida (30-V-1979) al presidente gene\u00adral de la Sociedad, quien le entreg\u00f3 los tres tomos de las \u00abCartas de Federico Ozanam\u00bb, le dijo el Papa: \u00abAgradezco vuestro apostolado. El apostolado y la caridad marchan jun\u00adtos&#8230;\u00bb (\u00abVincepaul\u00bb, 153). Juan Pablo 11 manifest\u00f3 (31-1-1981): \u00abEl ejemplo de vuestro querido fundador, Fe\u00adderico Ozanam, es particularmente propicio para recordar\u00adlo\u00bb. Y refiri\u00e9ndose a la audiencia privada que le concedi\u00f3 el Papa (31-111-1982), el nuevo presidente general de la So\u00adciedad, Am\u00edn de Tarrazi, dijo: \u00abEl Papa, muy impresionado de la presencia de la Sociedad de San Vicente de Pa\u00fal en todos los frentes de la pobreza, bendijo su acci\u00f3n caluro\u00adsamente y anim\u00f3 a todos para que permanezcan con valor y perseverancia al servicio de los pobres\u00bb (\u00abVicenpaul\u00bb, 186).<\/p>\n<p>Con lo que, en cierto modo y resumidamente, queda patente la constante estima y consideraci\u00f3n de los Roma\u00adnos Pont\u00edfices hacia la Sociedad de San Vicente de Pa\u00fal, desde su nacimiento, otorg\u00e1ndole siempre su alabanza y re\u00adcomendaci\u00f3n. Por lo que no es extra\u00f1o que la Santa Sede diera en forma oficial la aprobaci\u00f3n de alabanza y reco\u00admendaci\u00f3n a la Sociedad, por rescripto: \u00abSocietatem Sancti Vincenti a Paulo\u00bb, el 13 de noviembre de 1920.<\/p>\n","protected":false},"excerpt":{"rendered":"<p>Los Romanos Pont\u00edfices, desde Gregorio XVI (Papa cuando se fund\u00f3 la Sociedad de San Vicente de Pa\u00fal), han alabado y recomendado las Conferencias de San Vicente de Pa\u00fal. P\u00edo IX concedi\u00f3 a la Sociedad, Cardenal &#8230; <a href=\"https:\/\/vincentians.com\/es\/alabanza-y-recomendaciones-de-los-romanos-pontifices\/\" class=\"more-link\">Read More<\/a><\/p>\n","protected":false},"author":4,"featured_media":401146,"comment_status":"open","ping_status":"open","sticky":false,"template":"","format":"standard","meta":{"jetpack_post_was_ever_published":false,"_jetpack_newsletter_access":"","_jetpack_dont_email_post_to_subs":false,"_jetpack_newsletter_tier_id":0,"_jetpack_memberships_contains_paywalled_content":false,"_jetpack_memberships_contains_paid_content":false,"footnotes":"","jetpack_publicize_message":"","jetpack_publicize_feature_enabled":true,"jetpack_social_post_already_shared":true,"jetpack_social_options":{"image_generator_settings":{"template":"highway","default_image_id":0,"font":"","enabled":false},"version":2}},"categories":[250],"tags":[],"class_list":["post-18156","post","type-post","status-publish","format-standard","has-post-thumbnail","hentry","category-sociedad-de-san-vicente-de-paul"],"yoast_head":"<!-- This site is optimized with the Yoast SEO plugin v26.3 - https:\/\/yoast.com\/wordpress\/plugins\/seo\/ -->\n<title>Alabanza y recomendaciones de los Romanos Pont\u00edfices - Somos Vicencianos<\/title>\n<meta name=\"robots\" content=\"index, follow, max-snippet:-1, max-image-preview:large, max-video-preview:-1\" \/>\n<link rel=\"canonical\" href=\"https:\/\/vincentians.com\/es\/alabanza-y-recomendaciones-de-los-romanos-pontifices\/\" \/>\n<meta property=\"og:locale\" content=\"es_ES\" \/>\n<meta property=\"og:type\" content=\"article\" \/>\n<meta property=\"og:title\" content=\"Alabanza y recomendaciones de los Romanos Pont\u00edfices - Somos Vicencianos\" \/>\n<meta property=\"og:description\" content=\"Los Romanos Pont\u00edfices, desde Gregorio XVI (Papa cuando se fund\u00f3 la Sociedad de San Vicente de Pa\u00fal), han alabado y recomendado las Conferencias de San Vicente de Pa\u00fal. P\u00edo IX concedi\u00f3 a la Sociedad, Cardenal ... Read More\" \/>\n<meta property=\"og:url\" content=\"https:\/\/vincentians.com\/es\/alabanza-y-recomendaciones-de-los-romanos-pontifices\/\" \/>\n<meta property=\"og:site_name\" content=\"Somos Vicencianos\" \/>\n<meta property=\"article:publisher\" content=\"https:\/\/www.facebook.com\/WeAreVincentians\/\" \/>\n<meta property=\"article:author\" content=\"https:\/\/www.facebook.com\/JavierChento\" \/>\n<meta property=\"article:published_time\" content=\"2019-01-15T07:42:49+00:00\" \/>\n<meta property=\"og:image\" content=\"https:\/\/i0.wp.com\/vincentians.com\/es\/wp-content\/uploads\/sites\/11\/2017\/07\/San-Vicente-7.jpg?fit=600%2C416&ssl=1\" \/>\n\t<meta property=\"og:image:width\" content=\"600\" \/>\n\t<meta property=\"og:image:height\" content=\"416\" \/>\n\t<meta property=\"og:image:type\" content=\"image\/jpeg\" \/>\n<meta name=\"author\" content=\"Francisco Javier Fern\u00e1ndez Chento\" \/>\n<meta name=\"twitter:card\" content=\"summary_large_image\" \/>\n<meta name=\"twitter:creator\" content=\"@https:\/\/twitter.com\/javierchento\" \/>\n<meta name=\"twitter:site\" content=\"@WeVincentians\" \/>\n<meta name=\"twitter:label1\" content=\"Escrito por\" \/>\n\t<meta name=\"twitter:data1\" content=\"Francisco Javier Fern\u00e1ndez Chento\" \/>\n\t<meta name=\"twitter:label2\" content=\"Tiempo de lectura\" \/>\n\t<meta name=\"twitter:data2\" content=\"13 minutos\" \/>\n<script type=\"application\/ld+json\" class=\"yoast-schema-graph\">{\"@context\":\"https:\/\/schema.org\",\"@graph\":[{\"@type\":\"Article\",\"@id\":\"https:\/\/vincentians.com\/es\/alabanza-y-recomendaciones-de-los-romanos-pontifices\/#article\",\"isPartOf\":{\"@id\":\"https:\/\/vincentians.com\/es\/alabanza-y-recomendaciones-de-los-romanos-pontifices\/\"},\"author\":{\"name\":\"Francisco Javier Fern\u00e1ndez Chento\",\"@id\":\"http:\/\/vincentians.com\/es\/#\/schema\/person\/9623ef4d9aa3b2dfb8c061f1499288f2\"},\"headline\":\"Alabanza y recomendaciones de los Romanos Pont\u00edfices\",\"datePublished\":\"2019-01-15T07:42:49+00:00\",\"mainEntityOfPage\":{\"@id\":\"https:\/\/vincentians.com\/es\/alabanza-y-recomendaciones-de-los-romanos-pontifices\/\"},\"wordCount\":2628,\"commentCount\":0,\"publisher\":{\"@id\":\"http:\/\/vincentians.com\/es\/#organization\"},\"image\":{\"@id\":\"https:\/\/vincentians.com\/es\/alabanza-y-recomendaciones-de-los-romanos-pontifices\/#primaryimage\"},\"thumbnailUrl\":\"https:\/\/i0.wp.com\/vincentians.com\/es\/wp-content\/uploads\/sites\/11\/2017\/07\/San-Vicente-7.jpg?fit=600%2C416&ssl=1\",\"articleSection\":[\"Sociedad de San Vicente de Pa\u00fal\"],\"inLanguage\":\"es\",\"potentialAction\":[{\"@type\":\"CommentAction\",\"name\":\"Comment\",\"target\":[\"https:\/\/vincentians.com\/es\/alabanza-y-recomendaciones-de-los-romanos-pontifices\/#respond\"]}]},{\"@type\":\"WebPage\",\"@id\":\"https:\/\/vincentians.com\/es\/alabanza-y-recomendaciones-de-los-romanos-pontifices\/\",\"url\":\"https:\/\/vincentians.com\/es\/alabanza-y-recomendaciones-de-los-romanos-pontifices\/\",\"name\":\"Alabanza y recomendaciones de los Romanos Pont\u00edfices - Somos Vicencianos\",\"isPartOf\":{\"@id\":\"http:\/\/vincentians.com\/es\/#website\"},\"primaryImageOfPage\":{\"@id\":\"https:\/\/vincentians.com\/es\/alabanza-y-recomendaciones-de-los-romanos-pontifices\/#primaryimage\"},\"image\":{\"@id\":\"https:\/\/vincentians.com\/es\/alabanza-y-recomendaciones-de-los-romanos-pontifices\/#primaryimage\"},\"thumbnailUrl\":\"https:\/\/i0.wp.com\/vincentians.com\/es\/wp-content\/uploads\/sites\/11\/2017\/07\/San-Vicente-7.jpg?fit=600%2C416&ssl=1\",\"datePublished\":\"2019-01-15T07:42:49+00:00\",\"breadcrumb\":{\"@id\":\"https:\/\/vincentians.com\/es\/alabanza-y-recomendaciones-de-los-romanos-pontifices\/#breadcrumb\"},\"inLanguage\":\"es\",\"potentialAction\":[{\"@type\":\"ReadAction\",\"target\":[\"https:\/\/vincentians.com\/es\/alabanza-y-recomendaciones-de-los-romanos-pontifices\/\"]}]},{\"@type\":\"ImageObject\",\"inLanguage\":\"es\",\"@id\":\"https:\/\/vincentians.com\/es\/alabanza-y-recomendaciones-de-los-romanos-pontifices\/#primaryimage\",\"url\":\"https:\/\/i0.wp.com\/vincentians.com\/es\/wp-content\/uploads\/sites\/11\/2017\/07\/San-Vicente-7.jpg?fit=600%2C416&ssl=1\",\"contentUrl\":\"https:\/\/i0.wp.com\/vincentians.com\/es\/wp-content\/uploads\/sites\/11\/2017\/07\/San-Vicente-7.jpg?fit=600%2C416&ssl=1\",\"width\":600,\"height\":416},{\"@type\":\"BreadcrumbList\",\"@id\":\"https:\/\/vincentians.com\/es\/alabanza-y-recomendaciones-de-los-romanos-pontifices\/#breadcrumb\",\"itemListElement\":[{\"@type\":\"ListItem\",\"position\":1,\"name\":\"Portada\",\"item\":\"http:\/\/vincentians.com\/es\/\"},{\"@type\":\"ListItem\",\"position\":2,\"name\":\"Alabanza y recomendaciones de los Romanos Pont\u00edfices\"}]},{\"@type\":\"WebSite\",\"@id\":\"http:\/\/vincentians.com\/es\/#website\",\"url\":\"http:\/\/vincentians.com\/es\/\",\"name\":\"Somos Vicencianos\",\"description\":\"Know more to serve more\",\"publisher\":{\"@id\":\"http:\/\/vincentians.com\/es\/#organization\"},\"potentialAction\":[{\"@type\":\"SearchAction\",\"target\":{\"@type\":\"EntryPoint\",\"urlTemplate\":\"http:\/\/vincentians.com\/es\/?s={search_term_string}\"},\"query-input\":{\"@type\":\"PropertyValueSpecification\",\"valueRequired\":true,\"valueName\":\"search_term_string\"}}],\"inLanguage\":\"es\"},{\"@type\":\"Organization\",\"@id\":\"http:\/\/vincentians.com\/es\/#organization\",\"name\":\"The Vincentian Network\",\"url\":\"http:\/\/vincentians.com\/es\/\",\"logo\":{\"@type\":\"ImageObject\",\"inLanguage\":\"es\",\"@id\":\"http:\/\/vincentians.com\/es\/#\/schema\/logo\/image\/\",\"url\":\"https:\/\/i1.wp.com\/vincentians.com\/es\/wp-content\/uploads\/sites\/11\/2016\/06\/Vincentian-Network-logo-big.png?fit=778%2C778\",\"contentUrl\":\"https:\/\/i1.wp.com\/vincentians.com\/es\/wp-content\/uploads\/sites\/11\/2016\/06\/Vincentian-Network-logo-big.png?fit=778%2C778\",\"width\":778,\"height\":778,\"caption\":\"The Vincentian Network\"},\"image\":{\"@id\":\"http:\/\/vincentians.com\/es\/#\/schema\/logo\/image\/\"},\"sameAs\":[\"https:\/\/www.facebook.com\/WeAreVincentians\/\",\"https:\/\/x.com\/WeVincentians\"]},{\"@type\":\"Person\",\"@id\":\"http:\/\/vincentians.com\/es\/#\/schema\/person\/9623ef4d9aa3b2dfb8c061f1499288f2\",\"name\":\"Francisco Javier Fern\u00e1ndez Chento\",\"image\":{\"@type\":\"ImageObject\",\"inLanguage\":\"es\",\"@id\":\"http:\/\/vincentians.com\/es\/#\/schema\/person\/image\/\",\"url\":\"https:\/\/secure.gravatar.com\/avatar\/497d5cde87b4c3d097d0315953521681ba2cd523ee66e5077c3711f7021e65de?s=96&d=mm&r=g\",\"contentUrl\":\"https:\/\/secure.gravatar.com\/avatar\/497d5cde87b4c3d097d0315953521681ba2cd523ee66e5077c3711f7021e65de?s=96&d=mm&r=g\",\"caption\":\"Francisco Javier Fern\u00e1ndez Chento\"},\"description\":\"Director General y cofundador de La Red de Formaci\u00f3n Vicenciana. Javier es laico vicenciano, afiliado a la Congregaci\u00f3n de la Misi\u00f3n y miembro del Equipo de Misiones Populares de la provincia can\u00f3nica de Zaragoza (Espa\u00f1a) de la Congregaci\u00f3n de la Misi\u00f3n. Graduado en la Universidad Oberta de Catalunya con cuatro grados (Asistente de direcci\u00f3n, Gesti\u00f3n Administrativa, Recursos Humanos y Contabilidad Avanzada). Bil\u00edng\u00fce Espa\u00f1ol\/Ingl\u00e9s. gestiona y mantiene varias p\u00e1ginas web cristianas y vicencianas, incluida including La Red de Formaci\u00f3n Vicenciana, de la que es cofundador. Actualmente es responsable del \u00e1rea de Espa\u00f1ol de .famvin, la Red de Noticias de la Familia Vicenciana. Tambi\u00e9n es m\u00fasico cat\u00f3lico y ha editado varios discos. Es Director General y cofundador de Trovador, una reconocida compa\u00f1\u00eda discogr\u00e1fica critiana de Espa\u00f1a. Trabaja en las Tecnolog\u00edas de la Informaci\u00f3n, ofreciendo servicios de alojamiento, dise\u00f1o y mantenimiento Web, as\u00ed como asesoramiento, formaci\u00f3n y soluciones inform\u00e1ticas, gesti\u00f3n documental y digitalizaci\u00f3n de textos, edici\u00f3n y maquetaci\u00f3n de libros, revistas, flyers, etc.\",\"sameAs\":[\"http:\/\/chento.org\",\"https:\/\/www.facebook.com\/JavierChento\",\"https:\/\/x.com\/https:\/\/twitter.com\/javierchento\"],\"url\":\"https:\/\/vincentians.com\/es\/author\/chento\/\"}]}<\/script>\n<!-- \/ Yoast SEO plugin. -->","yoast_head_json":{"title":"Alabanza y recomendaciones de los Romanos Pont\u00edfices - Somos Vicencianos","robots":{"index":"index","follow":"follow","max-snippet":"max-snippet:-1","max-image-preview":"max-image-preview:large","max-video-preview":"max-video-preview:-1"},"canonical":"https:\/\/vincentians.com\/es\/alabanza-y-recomendaciones-de-los-romanos-pontifices\/","og_locale":"es_ES","og_type":"article","og_title":"Alabanza y recomendaciones de los Romanos Pont\u00edfices - Somos Vicencianos","og_description":"Los Romanos Pont\u00edfices, desde Gregorio XVI (Papa cuando se fund\u00f3 la Sociedad de San Vicente de Pa\u00fal), han alabado y recomendado las Conferencias de San Vicente de Pa\u00fal. P\u00edo IX concedi\u00f3 a la Sociedad, Cardenal ... Read More","og_url":"https:\/\/vincentians.com\/es\/alabanza-y-recomendaciones-de-los-romanos-pontifices\/","og_site_name":"Somos Vicencianos","article_publisher":"https:\/\/www.facebook.com\/WeAreVincentians\/","article_author":"https:\/\/www.facebook.com\/JavierChento","article_published_time":"2019-01-15T07:42:49+00:00","og_image":[{"width":600,"height":416,"url":"https:\/\/i0.wp.com\/vincentians.com\/es\/wp-content\/uploads\/sites\/11\/2017\/07\/San-Vicente-7.jpg?fit=600%2C416&ssl=1","type":"image\/jpeg"}],"author":"Francisco Javier Fern\u00e1ndez Chento","twitter_card":"summary_large_image","twitter_creator":"@https:\/\/twitter.com\/javierchento","twitter_site":"@WeVincentians","twitter_misc":{"Escrito por":"Francisco Javier Fern\u00e1ndez Chento","Tiempo de lectura":"13 minutos"},"schema":{"@context":"https:\/\/schema.org","@graph":[{"@type":"Article","@id":"https:\/\/vincentians.com\/es\/alabanza-y-recomendaciones-de-los-romanos-pontifices\/#article","isPartOf":{"@id":"https:\/\/vincentians.com\/es\/alabanza-y-recomendaciones-de-los-romanos-pontifices\/"},"author":{"name":"Francisco Javier Fern\u00e1ndez Chento","@id":"http:\/\/vincentians.com\/es\/#\/schema\/person\/9623ef4d9aa3b2dfb8c061f1499288f2"},"headline":"Alabanza y recomendaciones de los Romanos Pont\u00edfices","datePublished":"2019-01-15T07:42:49+00:00","mainEntityOfPage":{"@id":"https:\/\/vincentians.com\/es\/alabanza-y-recomendaciones-de-los-romanos-pontifices\/"},"wordCount":2628,"commentCount":0,"publisher":{"@id":"http:\/\/vincentians.com\/es\/#organization"},"image":{"@id":"https:\/\/vincentians.com\/es\/alabanza-y-recomendaciones-de-los-romanos-pontifices\/#primaryimage"},"thumbnailUrl":"https:\/\/i0.wp.com\/vincentians.com\/es\/wp-content\/uploads\/sites\/11\/2017\/07\/San-Vicente-7.jpg?fit=600%2C416&ssl=1","articleSection":["Sociedad de San Vicente de Pa\u00fal"],"inLanguage":"es","potentialAction":[{"@type":"CommentAction","name":"Comment","target":["https:\/\/vincentians.com\/es\/alabanza-y-recomendaciones-de-los-romanos-pontifices\/#respond"]}]},{"@type":"WebPage","@id":"https:\/\/vincentians.com\/es\/alabanza-y-recomendaciones-de-los-romanos-pontifices\/","url":"https:\/\/vincentians.com\/es\/alabanza-y-recomendaciones-de-los-romanos-pontifices\/","name":"Alabanza y recomendaciones de los Romanos Pont\u00edfices - Somos Vicencianos","isPartOf":{"@id":"http:\/\/vincentians.com\/es\/#website"},"primaryImageOfPage":{"@id":"https:\/\/vincentians.com\/es\/alabanza-y-recomendaciones-de-los-romanos-pontifices\/#primaryimage"},"image":{"@id":"https:\/\/vincentians.com\/es\/alabanza-y-recomendaciones-de-los-romanos-pontifices\/#primaryimage"},"thumbnailUrl":"https:\/\/i0.wp.com\/vincentians.com\/es\/wp-content\/uploads\/sites\/11\/2017\/07\/San-Vicente-7.jpg?fit=600%2C416&ssl=1","datePublished":"2019-01-15T07:42:49+00:00","breadcrumb":{"@id":"https:\/\/vincentians.com\/es\/alabanza-y-recomendaciones-de-los-romanos-pontifices\/#breadcrumb"},"inLanguage":"es","potentialAction":[{"@type":"ReadAction","target":["https:\/\/vincentians.com\/es\/alabanza-y-recomendaciones-de-los-romanos-pontifices\/"]}]},{"@type":"ImageObject","inLanguage":"es","@id":"https:\/\/vincentians.com\/es\/alabanza-y-recomendaciones-de-los-romanos-pontifices\/#primaryimage","url":"https:\/\/i0.wp.com\/vincentians.com\/es\/wp-content\/uploads\/sites\/11\/2017\/07\/San-Vicente-7.jpg?fit=600%2C416&ssl=1","contentUrl":"https:\/\/i0.wp.com\/vincentians.com\/es\/wp-content\/uploads\/sites\/11\/2017\/07\/San-Vicente-7.jpg?fit=600%2C416&ssl=1","width":600,"height":416},{"@type":"BreadcrumbList","@id":"https:\/\/vincentians.com\/es\/alabanza-y-recomendaciones-de-los-romanos-pontifices\/#breadcrumb","itemListElement":[{"@type":"ListItem","position":1,"name":"Portada","item":"http:\/\/vincentians.com\/es\/"},{"@type":"ListItem","position":2,"name":"Alabanza y recomendaciones de los Romanos Pont\u00edfices"}]},{"@type":"WebSite","@id":"http:\/\/vincentians.com\/es\/#website","url":"http:\/\/vincentians.com\/es\/","name":"Somos Vicencianos","description":"Know more to serve more","publisher":{"@id":"http:\/\/vincentians.com\/es\/#organization"},"potentialAction":[{"@type":"SearchAction","target":{"@type":"EntryPoint","urlTemplate":"http:\/\/vincentians.com\/es\/?s={search_term_string}"},"query-input":{"@type":"PropertyValueSpecification","valueRequired":true,"valueName":"search_term_string"}}],"inLanguage":"es"},{"@type":"Organization","@id":"http:\/\/vincentians.com\/es\/#organization","name":"The Vincentian Network","url":"http:\/\/vincentians.com\/es\/","logo":{"@type":"ImageObject","inLanguage":"es","@id":"http:\/\/vincentians.com\/es\/#\/schema\/logo\/image\/","url":"https:\/\/i1.wp.com\/vincentians.com\/es\/wp-content\/uploads\/sites\/11\/2016\/06\/Vincentian-Network-logo-big.png?fit=778%2C778","contentUrl":"https:\/\/i1.wp.com\/vincentians.com\/es\/wp-content\/uploads\/sites\/11\/2016\/06\/Vincentian-Network-logo-big.png?fit=778%2C778","width":778,"height":778,"caption":"The Vincentian Network"},"image":{"@id":"http:\/\/vincentians.com\/es\/#\/schema\/logo\/image\/"},"sameAs":["https:\/\/www.facebook.com\/WeAreVincentians\/","https:\/\/x.com\/WeVincentians"]},{"@type":"Person","@id":"http:\/\/vincentians.com\/es\/#\/schema\/person\/9623ef4d9aa3b2dfb8c061f1499288f2","name":"Francisco Javier Fern\u00e1ndez Chento","image":{"@type":"ImageObject","inLanguage":"es","@id":"http:\/\/vincentians.com\/es\/#\/schema\/person\/image\/","url":"https:\/\/secure.gravatar.com\/avatar\/497d5cde87b4c3d097d0315953521681ba2cd523ee66e5077c3711f7021e65de?s=96&d=mm&r=g","contentUrl":"https:\/\/secure.gravatar.com\/avatar\/497d5cde87b4c3d097d0315953521681ba2cd523ee66e5077c3711f7021e65de?s=96&d=mm&r=g","caption":"Francisco Javier Fern\u00e1ndez Chento"},"description":"Director General y cofundador de La Red de Formaci\u00f3n Vicenciana. Javier es laico vicenciano, afiliado a la Congregaci\u00f3n de la Misi\u00f3n y miembro del Equipo de Misiones Populares de la provincia can\u00f3nica de Zaragoza (Espa\u00f1a) de la Congregaci\u00f3n de la Misi\u00f3n. Graduado en la Universidad Oberta de Catalunya con cuatro grados (Asistente de direcci\u00f3n, Gesti\u00f3n Administrativa, Recursos Humanos y Contabilidad Avanzada). Bil\u00edng\u00fce Espa\u00f1ol\/Ingl\u00e9s. gestiona y mantiene varias p\u00e1ginas web cristianas y vicencianas, incluida including La Red de Formaci\u00f3n Vicenciana, de la que es cofundador. Actualmente es responsable del \u00e1rea de Espa\u00f1ol de .famvin, la Red de Noticias de la Familia Vicenciana. Tambi\u00e9n es m\u00fasico cat\u00f3lico y ha editado varios discos. Es Director General y cofundador de Trovador, una reconocida compa\u00f1\u00eda discogr\u00e1fica critiana de Espa\u00f1a. Trabaja en las Tecnolog\u00edas de la Informaci\u00f3n, ofreciendo servicios de alojamiento, dise\u00f1o y mantenimiento Web, as\u00ed como asesoramiento, formaci\u00f3n y soluciones inform\u00e1ticas, gesti\u00f3n documental y digitalizaci\u00f3n de textos, edici\u00f3n y maquetaci\u00f3n de libros, revistas, flyers, etc.","sameAs":["http:\/\/chento.org","https:\/\/www.facebook.com\/JavierChento","https:\/\/x.com\/https:\/\/twitter.com\/javierchento"],"url":"https:\/\/vincentians.com\/es\/author\/chento\/"}]}},"jetpack_publicize_connections":[],"jetpack_featured_media_url":"https:\/\/i0.wp.com\/vincentians.com\/es\/wp-content\/uploads\/sites\/11\/2017\/07\/San-Vicente-7.jpg?fit=600%2C416&ssl=1","jetpack_sharing_enabled":true,"jetpack_shortlink":"https:\/\/wp.me\/p7ETMF-4IQ","jetpack-related-posts":[{"id":405299,"url":"https:\/\/vincentians.com\/es\/elogio-de-la-sociedad-san-vicente-de-paul\/","url_meta":{"origin":18156,"position":0},"title":"Elogio de la Sociedad san Vicente de Pa\u00fal","author":"Mitxel Olabu\u00e9naga","date":"16\/08\/2024","format":false,"excerpt":"El 1885, la Congregaci\u00f3n de Ritos colmaba otra vez de elogios a las Conferencias de San Vicente, honrando con ellas al Ap\u00f3stol de la Caridad. El Cardenal Laurenzi, despu\u00e9s de enumerar la multitud de sociedades de benefi\u00adcencia fundadas por este gran Santo, a\u00f1ad\u00eda: cEs tambi\u00e9n necesario mencionar con especialidad aqu\u00ed,\u2026","rel":"","context":"En \u00abFormaci\u00f3n Vicenciana\u00bb","block_context":{"text":"Formaci\u00f3n Vicenciana","link":"https:\/\/vincentians.com\/es\/category\/formacion-vicenciana\/"},"img":{"alt_text":"","src":"https:\/\/i0.wp.com\/vincentians.com\/es\/wp-content\/uploads\/sites\/11\/2021\/07\/aaaa.jpg?fit=250%2C214&ssl=1&resize=350%2C200","width":350,"height":200},"classes":[]},{"id":131217,"url":"https:\/\/vincentians.com\/es\/las-conferencias-de-san-vicente-de-paul-cumplen-un-siglo-de-existencia-en-espana-1849-1949\/","url_meta":{"origin":18156,"position":1},"title":"Las Conferencias de San Vicente de Pa\u00fal cumplen un siglo de existencia en Espa\u00f1a 1849-1949","author":"Francisco Javier Fern\u00e1ndez Chento","date":"30\/08\/2014","format":false,"excerpt":"El d\u00eda 11 de noviembre se cumplieron los c\u00eden a\u00f1os del establecimiento de las \"Conferencias de San Vicente de Pa\u00fal\" en Espa\u00f1a. Con este motivo, en la Bas\u00edlica de Santa Mar\u00eda de los Reyes, en Barcelona, celebr\u00f3se una solemne Misa de Comuni\u00f3n general, en la que ofici\u00f3 el Prelado de\u2026","rel":"","context":"En \u00abHistoria de la Sociedad de san Vicente de Pa\u00fal\u00bb","block_context":{"text":"Historia de la Sociedad de san Vicente de Pa\u00fal","link":"https:\/\/vincentians.com\/es\/category\/historia-de-la-familia-vicenciana\/historia-de-la-sociedad-de-san-vicente-de-paul\/"},"img":{"alt_text":"","src":"https:\/\/i0.wp.com\/vincentians.com\/es\/wp-content\/uploads\/sites\/11\/2016\/07\/escritos-vicente-de-paul.jpg?fit=1200%2C630&ssl=1&resize=350%2C200","width":350,"height":200,"srcset":"https:\/\/i0.wp.com\/vincentians.com\/es\/wp-content\/uploads\/sites\/11\/2016\/07\/escritos-vicente-de-paul.jpg?fit=1200%2C630&ssl=1&resize=350%2C200 1x, https:\/\/i0.wp.com\/vincentians.com\/es\/wp-content\/uploads\/sites\/11\/2016\/07\/escritos-vicente-de-paul.jpg?fit=1200%2C630&ssl=1&resize=525%2C300 1.5x, https:\/\/i0.wp.com\/vincentians.com\/es\/wp-content\/uploads\/sites\/11\/2016\/07\/escritos-vicente-de-paul.jpg?fit=1200%2C630&ssl=1&resize=700%2C400 2x, https:\/\/i0.wp.com\/vincentians.com\/es\/wp-content\/uploads\/sites\/11\/2016\/07\/escritos-vicente-de-paul.jpg?fit=1200%2C630&ssl=1&resize=1050%2C600 3x"},"classes":[]},{"id":404981,"url":"https:\/\/vincentians.com\/es\/la-fidelidad-de-las-hijas-de-la-caridad-xiii\/","url_meta":{"origin":18156,"position":2},"title":"La fidelidad de las Hijas de la Caridad (XIII)","author":"Mitxel Olabu\u00e9naga","date":"08\/10\/2023","format":false,"excerpt":"3.11. La exenci\u00f3n de la Compa\u00f1\u00eda (1946) Hemos llegado as\u00ed al siglo XX. En 1917, la Iglesia promulgar\u00e1 el C\u00f3digo de Derecho Can\u00f3nico, recogiendo en un solo cuerpo la multitud de normas existentes. Pero hagamos un breve balance en el umbral del siglo XX: La identidad carism\u00e1tica de la Compa\u00f1\u00eda\u2026","rel":"","context":"En \u00abFormaci\u00f3n Vicenciana\u00bb","block_context":{"text":"Formaci\u00f3n Vicenciana","link":"https:\/\/vincentians.com\/es\/category\/formacion-vicenciana\/"},"img":{"alt_text":"","src":"","width":0,"height":0},"classes":[]},{"id":128647,"url":"https:\/\/vincentians.com\/es\/federico-ozanam-por-mons-baunard-capitulo-30\/","url_meta":{"origin":18156,"position":3},"title":"Federico Ozanam (por Mons. Baunard): Cap\u00edtulo 30","author":"Francisco Javier Fern\u00e1ndez Chento","date":"21\/09\/2016","format":false,"excerpt":"Cap\u00edtulo XXX: Ep\u00edlogo. La supervivencia. Los Testimonios.\u2014 La Obra Literaria.\u2014La Obra de Caridad.\u2014La Sociedad de San Vicente de Pa\u00fal. Ozanam hab\u00eda escrito en su testamento: \"No os dej\u00e9is debilitar en vuestras oraciones por quienes os digan: est\u00e1 en el cielo. Rezad siempre por quien os am\u00f3 mucho, pero mucho pec\u00f3.\u2026","rel":"","context":"En \u00abFederico Ozanam\u00bb","block_context":{"text":"Federico Ozanam","link":"https:\/\/vincentians.com\/es\/category\/la-familia-vicenciana\/fundadores\/federico-ozanam\/"},"img":{"alt_text":"","src":"https:\/\/i0.wp.com\/vincentians.com\/es\/wp-content\/uploads\/sites\/11\/2016\/07\/frederic-ozanam-layman-for-now.jpg?fit=1200%2C630&ssl=1&resize=350%2C200","width":350,"height":200,"srcset":"https:\/\/i0.wp.com\/vincentians.com\/es\/wp-content\/uploads\/sites\/11\/2016\/07\/frederic-ozanam-layman-for-now.jpg?fit=1200%2C630&ssl=1&resize=350%2C200 1x, https:\/\/i0.wp.com\/vincentians.com\/es\/wp-content\/uploads\/sites\/11\/2016\/07\/frederic-ozanam-layman-for-now.jpg?fit=1200%2C630&ssl=1&resize=525%2C300 1.5x, https:\/\/i0.wp.com\/vincentians.com\/es\/wp-content\/uploads\/sites\/11\/2016\/07\/frederic-ozanam-layman-for-now.jpg?fit=1200%2C630&ssl=1&resize=700%2C400 2x, https:\/\/i0.wp.com\/vincentians.com\/es\/wp-content\/uploads\/sites\/11\/2016\/07\/frederic-ozanam-layman-for-now.jpg?fit=1200%2C630&ssl=1&resize=1050%2C600 3x"},"classes":[]},{"id":117065,"url":"https:\/\/vincentians.com\/es\/la-basilica-de-la-milagrosa-madrid-tiene-larga-historia\/","url_meta":{"origin":18156,"position":4},"title":"La Bas\u00edlica de La Milagrosa en Madrid tiene larga historia","author":"Mitxel Olabu\u00e9naga","date":"03\/08\/2021","format":false,"excerpt":"Con motivo de sus Bodas de Oro vocacionales, el P. Eladio Ar\u00adn\u00e1iz hizo un viaje a Roma, y durante su estancia en la ciudad, el Papa P\u00edo X le recibi\u00f3 en audiencia. Luego, a su regreso a Espa\u00f1a, como Director de las Hijas de la Caridad de la entonces enorme\u2026","rel":"","context":"En \u00abHistoria de la Congregaci\u00f3n de la Misi\u00f3n en Espa\u00f1a\u00bb","block_context":{"text":"Historia de la Congregaci\u00f3n de la Misi\u00f3n en Espa\u00f1a","link":"https:\/\/vincentians.com\/es\/category\/historia-de-la-familia-vicenciana\/historia-de-la-congregacion-de-la-mision-en-espana\/"},"img":{"alt_text":"","src":"https:\/\/i0.wp.com\/vincentians.com\/es\/wp-content\/uploads\/sites\/11\/2016\/09\/enviados-evangelizar-pobres.jpg?fit=1200%2C630&ssl=1&resize=350%2C200","width":350,"height":200,"srcset":"https:\/\/i0.wp.com\/vincentians.com\/es\/wp-content\/uploads\/sites\/11\/2016\/09\/enviados-evangelizar-pobres.jpg?fit=1200%2C630&ssl=1&resize=350%2C200 1x, https:\/\/i0.wp.com\/vincentians.com\/es\/wp-content\/uploads\/sites\/11\/2016\/09\/enviados-evangelizar-pobres.jpg?fit=1200%2C630&ssl=1&resize=525%2C300 1.5x, https:\/\/i0.wp.com\/vincentians.com\/es\/wp-content\/uploads\/sites\/11\/2016\/09\/enviados-evangelizar-pobres.jpg?fit=1200%2C630&ssl=1&resize=700%2C400 2x, https:\/\/i0.wp.com\/vincentians.com\/es\/wp-content\/uploads\/sites\/11\/2016\/09\/enviados-evangelizar-pobres.jpg?fit=1200%2C630&ssl=1&resize=1050%2C600 3x"},"classes":[]},{"id":68484,"url":"https:\/\/vincentians.com\/es\/federico-ozanam-segun-su-correspondencia-32\/","url_meta":{"origin":18156,"position":5},"title":"Federico Ozanam seg\u00fan su correspondencia (32)","author":"Francisco Javier Fern\u00e1ndez Chento","date":"17\/05\/2024","format":false,"excerpt":"Cap\u00edtulo XXXII: Su recuerdo Call\u00f3. Y los \u00e1ngeles de s\u00fabito cantaron: En Ti, Se\u00f1or, confi\u00e9... Dante (Purg. cap. 30, 82-83) Ozanam hab\u00eda escrito en su testamento: \"No os dej\u00e9is convencer por los que os digan: est\u00e1 en el cielo. Rogad siempre por aqu\u00e9l que os am\u00f3 mucho, pero que fue\u2026","rel":"","context":"En \u00abFederico Ozanam\u00bb","block_context":{"text":"Federico Ozanam","link":"https:\/\/vincentians.com\/es\/category\/la-familia-vicenciana\/fundadores\/federico-ozanam\/"},"img":{"alt_text":"","src":"https:\/\/i0.wp.com\/vincentians.com\/es\/wp-content\/uploads\/sites\/11\/2014\/12\/ozanam-the-poet.jpg?fit=1200%2C630&ssl=1&resize=350%2C200","width":350,"height":200,"srcset":"https:\/\/i0.wp.com\/vincentians.com\/es\/wp-content\/uploads\/sites\/11\/2014\/12\/ozanam-the-poet.jpg?fit=1200%2C630&ssl=1&resize=350%2C200 1x, https:\/\/i0.wp.com\/vincentians.com\/es\/wp-content\/uploads\/sites\/11\/2014\/12\/ozanam-the-poet.jpg?fit=1200%2C630&ssl=1&resize=525%2C300 1.5x, https:\/\/i0.wp.com\/vincentians.com\/es\/wp-content\/uploads\/sites\/11\/2014\/12\/ozanam-the-poet.jpg?fit=1200%2C630&ssl=1&resize=700%2C400 2x, https:\/\/i0.wp.com\/vincentians.com\/es\/wp-content\/uploads\/sites\/11\/2014\/12\/ozanam-the-poet.jpg?fit=1200%2C630&ssl=1&resize=1050%2C600 3x"},"classes":[]}],"_links":{"self":[{"href":"https:\/\/vincentians.com\/es\/wp-json\/wp\/v2\/posts\/18156","targetHints":{"allow":["GET"]}}],"collection":[{"href":"https:\/\/vincentians.com\/es\/wp-json\/wp\/v2\/posts"}],"about":[{"href":"https:\/\/vincentians.com\/es\/wp-json\/wp\/v2\/types\/post"}],"author":[{"embeddable":true,"href":"https:\/\/vincentians.com\/es\/wp-json\/wp\/v2\/users\/4"}],"replies":[{"embeddable":true,"href":"https:\/\/vincentians.com\/es\/wp-json\/wp\/v2\/comments?post=18156"}],"version-history":[{"count":1,"href":"https:\/\/vincentians.com\/es\/wp-json\/wp\/v2\/posts\/18156\/revisions"}],"predecessor-version":[{"id":402065,"href":"https:\/\/vincentians.com\/es\/wp-json\/wp\/v2\/posts\/18156\/revisions\/402065"}],"wp:featuredmedia":[{"embeddable":true,"href":"https:\/\/vincentians.com\/es\/wp-json\/wp\/v2\/media\/401146"}],"wp:attachment":[{"href":"https:\/\/vincentians.com\/es\/wp-json\/wp\/v2\/media?parent=18156"}],"wp:term":[{"taxonomy":"category","embeddable":true,"href":"https:\/\/vincentians.com\/es\/wp-json\/wp\/v2\/categories?post=18156"},{"taxonomy":"post_tag","embeddable":true,"href":"https:\/\/vincentians.com\/es\/wp-json\/wp\/v2\/tags?post=18156"}],"curies":[{"name":"wp","href":"https:\/\/api.w.org\/{rel}","templated":true}]}}