{"id":18153,"date":"2015-05-31T03:38:03","date_gmt":"2015-05-31T01:38:03","guid":{"rendered":"http:\/\/somos.vicencianos.org\/blog\/2010\/04\/21\/apostolado-de-la-sociedad-de-san-vicente-de-paul\/"},"modified":"2016-07-26T17:07:19","modified_gmt":"2016-07-26T15:07:19","slug":"apostolado-de-la-sociedad-de-san-vicente-de-paul","status":"publish","type":"post","link":"https:\/\/vincentians.com\/es\/apostolado-de-la-sociedad-de-san-vicente-de-paul\/","title":{"rendered":"Apostolado De La Sociedad De San Vicente De Pa\u00fal"},"content":{"rendered":"<div id=\"attachment_27719\" style=\"width: 198px\" class=\"wp-caption alignright\"><a href=\"https:\/\/i0.wp.com\/vicencianos.org\/wp-content\/2010\/04\/ozanam01.jpg\"><img data-recalc-dims=\"1\" loading=\"lazy\" decoding=\"async\" aria-describedby=\"caption-attachment-27719\" class=\"size-medium wp-image-27719\" title=\"Federico Ozanam\" src=\"https:\/\/i0.wp.com\/vicencianos.org\/wp-content\/2010\/04\/ozanam01-188x300.jpg?resize=188%2C300\" alt=\"Federico Ozanam\" width=\"188\" height=\"300\" \/><\/a><p id=\"caption-attachment-27719\" class=\"wp-caption-text\">Federico Ozanam<\/p><\/div>\n<p>El apostolado de la Sociedad de San Vicente de Pa\u00fal est\u00e1 encuadrado en el apostolado seglar cat\u00f3lico, a que se refiere el Concilio Vaticano II: \u00ab<strong>Hay en la Iglesia muchas Obras apost\u00f3licas constituidas por la libre elecci\u00f3n de los seglares y dirigidas por su prudente juicio. En determinadas circunstancias, la misi\u00f3n de la Iglesia puede cumplirse me\u00adjor por estas Obras, y por ello no es raro que la Jerarqu\u00eda las alabe y recomiende<\/strong>\u00bb (Dto. Ap. Segl., 24).<\/p>\n<p>Las Conferencias de San Vicente de Pa\u00fal tienen un fun\u00addamento eterno: la fe y la caridad sobrenaturales; el amor a Dios unitivo, a Dios en el pobre y a Jesucristo en el her\u00admano necesitado de ayuda espiritual o material, con el que El se identifica (Mat XXV, 40).<\/p>\n<p>Caridad de cercan\u00eda, por el compromiso personal a im\u00adpulsos del amor cristiano fraterno con trato personal, res\u00adpetuoso y servicial, conforme a los rasgos de la caridad de San Vicente de Pa\u00fal (dulzura, cordialidad, compasi\u00f3n, respeto y devoci\u00f3n), con sencillez y humildad, sin ostentaci\u00f3n ni paternalismo.<\/p>\n<p>Caridad, no de gabinete que calcula, programa y reparte fr\u00edamente, sino caridad caliente, por el amor y fervor evan\u00adg\u00e9lico que la inspiran y la alientan, en adaptaci\u00f3n perma\u00adnente a las nuevas situaciones y necesidades de los hom\u00adbres, con acci\u00f3n caritativa-social, cumpliendo lo que la Se\u00adguridad Social y la Beneficencia p\u00fablica no dan, o lo dan deficientemente y sin el calor del amor fraterno cristiano, que se inspira y alimenta en el de Jesucristo.<\/p>\n<p>Caridad que incorpora a la juventud, dando cauce a sus aspiraciones apost\u00f3licas de caridad y asistencia social, en su Comisi\u00f3n Nacional de Juventud, promoviendo y patro\u00adcinando sus iniciativas y sus realizaciones.<\/p>\n<p>Porque el apostolado espec\u00edfico de la Sociedad de San Vicente de Pa\u00fal est\u00e1 centrado, sin limitaci\u00f3n de personas y lugares, en el amor fraterno preceptuado por Cristo en su Mandato nuevo (Jn XIII- 34), y que constituye el segundo Mandamiento mayor en importancia, del que penden ley y profetas (Mt XXII).<\/p>\n<p>Apostolado sobre el que el Concilio Vaticano II ha de\u00adclarado: \u00ab<strong>Por lo cual, la misericordia para con los necesita\u00addos <\/strong><strong>y los enfermos y las llamadas obras de caridad y de ayuda mutua para aliviar todas las necesidades humanas son consideradas por la Iglesia con singular honor. Estas actividades y estas obras se han hecho hoy d\u00eda mucho m\u00e1s urgentes y universales&#8230; Donde quiera que haya hombres carentes de alimento, vestidos, vivienda, medicinas, trabajo, instrucci\u00f3n, medios necesarios para llevar una vida verdade\u00adramente humana, o afligidos por la desgracia o por la falta de salud, o sufriendo el destierro y la c\u00e1rcel, all\u00ed debe bus\u00adcarlos y encontrarlos la caridad cristiana, consolarlos con diligente cuidado y ayudarles con la prestaci\u00f3n de auxilios<\/strong>\u00bb (Dto. Ap. Segl., 8).<\/p>\n<p>El Reglamento primitivo (de diciembre de 1835) esta\u00adblece: \u00ab<strong>El fin de nuestra Sociedad es: Primero, procurar que sus miembros observen una vida cristiana, ayud\u00e1ndose mutuamente con sus ejemplos y buenos consejos<\/strong>\u00ab. Y sobre el segundo objetivo, no menos importante, concreta: \u00ab<strong>Visi\u00adtar a los pobres en sus casas; llevarles socorros en especie y darles los consuelos religiosos, instruir elemental y cris\u00adtianamente, seg\u00fan las propias facultades y tiempo disponi\u00adble, a los ni\u00f1os pobres, a sus padres y a los presos; distri\u00adbuir libros morales y religiosos entre los socorridos y <\/strong><strong><em>dedi\u00adcaci\u00f3n a toda clase de obras de caridad<\/em><\/strong>\u00ab<strong><em>. <\/em><\/strong>Ninguna obra de caridad, por tanto, es ajena a las Conferencias.<\/p>\n<p>Para eso, la Sociedad y sus Conferencias son flexibles y adaptables a los cambios de los tiempos y las necesidades humanas, conforme advirti\u00f3 ya el primer Consejo general: \u00ab<strong>Comprendamos que la diferencia de tiempos trae consigo la diferencia de necesidades, y que las obras de fe, que son siempre las mismas en sus principios, se han modificado siempre en sus actividades, seg\u00fan la \u00edndole de estas necesi\u00addades<\/strong>\u00bb (Cir. de 1 de marzo de 1844).<\/p>\n<p>Respecto a los objetivos prioritarios, o m\u00e1s frecuentes en determinadas situaciones sociales y del acoplamiento del apostolado vicentino, don Santiago Masarnau, resu\u00admiendo la tradici\u00f3n, dej\u00f3 escrito: \u00ab<strong>Las obras que en mayor o menor escala ha planteado hasta ahora la Sociedad en Es\u00adpa\u00f1a son: Primero, como fundamental, la visita a domicilio del pobre; segundo, y como accesorias: los asilos de uno u otro g\u00e9nero, las bibliotecas, las cajas de ahorro, cocinas econ\u00f3micas, escuelas de ni\u00f1os y de adultos, patronatos de obreros, aprendices y estudiantes; obras de trabajo, la reha\u00adbilitaci\u00f3n de uniones il\u00edcitas matrimoniales, los talleres, las <\/strong><strong>visitas de c\u00e1rceles y hospitales, y otras varias&#8230; Hay otras obras especiales con varios objetivos y diferentes denomina\u00adciones<\/strong>\u00bb (\u00abBolet\u00edn\u00bb 44).<\/p>\n<p>El Reglamento actual (mayo de 1975) establece: \u00ab<strong>La Sociedad de San Vicente de Pa\u00fal, fiel a sus fundadores, tie\u00adne como preocupaci\u00f3n constante, la de renovarse y adaptar\u00adse a las condiciones cambiantes de los tiempos&#8230; <\/strong><strong><em>Ninguna obra de caridad es ajena a la Sociedad. <\/em><\/strong><strong>Su acci\u00f3n consiste en toda clase de ayuda que por un contacto de persona a persona trata de aliviar el sufrimiento, y de promover la in\u00adtegridad y la dignidad humana. Busca no solamente deste\u00adrrar la miseria, sino tambi\u00e9n el descubrir y remediar las si\u00adtuaciones que son su causa&#8230; El vicentino est\u00e1 al servicio del pobre. No juzga. Siempre est\u00e1 disponible<\/strong>\u00bb (Reglamen\u00adto, p\u00e1ginas 27-28).<\/p>\n<p>Atenta a este fin, la Sociedad en Espa\u00f1a sigue con la tradicional visita a domicilio, la que realiza por todo el \u00e1mbito nacional, y act\u00faa en m\u00faltiples obras asistenciales, bien promovi\u00e9ndolas en centros propios, o colaborando con otras instituciones que atienden a los desheredados en este mundo.<\/p>\n<p>Se pueden citar algunas a modo de ejemplo:<\/p>\n<p>En Madrid dirige el Patronato de los Sagrados Corazo\u00adnes, en el que asociada con las Hermandades del Trabajo atiende a 400 ni\u00f1os en un colegio, y a adultos de ambos se\u00adxos, orient\u00e1ndoles y form\u00e1ndoles cultural y laboralmente.<\/p>\n<p>Dirige tambi\u00e9n en Madrid, asociada a la Cofrad\u00eda del Santo Refugio, la Fundaci\u00f3n Mariano Lanuza, Sociedad Constructora ben\u00e9fica, para procurar viviendas a trabajado\u00adres cristianos.<\/p>\n<p>Preside las Fundaciones Casares Bustamante y Quinta\u00adnar, para sufragar camas a personas ancianas en residencias oficiales. , En colaboraci\u00f3n con los Hermanos Franciscanos de Cruz Blanca tiene en muchas provincias espa\u00f1olas las lla\u00admadas Casas Familiares, en las que se atienden, en n\u00famero no superior a 30, a ancianos o enfermos de los que no ad\u00admiten en otros centros asistenciales, Algunas de ellas, en edificios propiedad de la Sociedad.<\/p>\n<p>En Madrid tiene, adem\u00e1s, residencias y comedores, y ya est\u00e1 constituido el Patronato de Nuestra Se\u00f1ora de Montse\u00adrrat, formado por los monjes Benedictinos, las Hijas de la Caridad del Cardenal Sancha y la Sociedad de San Vicente de Pa\u00fal, que ya est\u00e1 construyendo una residencia de m\u00e1s de cien camas, que tendr\u00e1, adem\u00e1s, ambulatorio y salas de recuperaci\u00f3n.<\/p>\n<p>S\u00f3lo en Zaragoza tiene un colegio donde se instruyen 800 ni\u00f1as, un comedor, residencias, una guarder\u00eda, talleres para ense\u00f1ar oficios y el Centro Federico Ozanam, donde hay un ambulatorio, sirve de gestar\u00eda para los necesitados y act\u00faa de centro de instrucci\u00f3n y cultural para adultos.<\/p>\n<p>Centro de rehabilitaci\u00f3n de subnormales y escuela de oficios tiene tambi\u00e9n Barcelona (COSE).<\/p>\n<p>Construyen viviendas para alquilarlas a personas nece\u00adsitadas o cederlas temporalmente, en precario, en Huesca, Guadalajara, Don Benito (Badajoz), Benavente, etc.<\/p>\n<p>Tiene comedores en Madrid, Zaragoza, San Fernando (C\u00e1diz).<\/p>\n<p>Centros hospitalarios en Sevilla, Caria (C\u00e1ceres).<\/p>\n<p>Y, por fin, atienden a gitanos y a detenidos en prisio\u00adnes.<\/p>\n<p>Esto es un simple bosquejo de actividades de la Socie\u00addad de San Vicente de Pa\u00fal, en Espa\u00f1a, en la actualidad.<\/p>\n<p style=\"text-align: right\"><em>Autor an\u00f3nimo.<br \/>\nRedacci\u00f3n del a\u00f1o 1983 (anterior a la beatificaci\u00f3n de Federico Ozanam)<br \/>\nTomado del folleto \u00abOzanam y la Sociedad de San Vicente de Pa\u00fal\u00bb, sin autor ni editora.<\/em><\/p>\n","protected":false},"excerpt":{"rendered":"<p>El apostolado de la Sociedad de San Vicente de Pa\u00fal est\u00e1 encuadrado en el apostolado seglar cat\u00f3lico, a que se refiere el Concilio Vaticano II: \u00abHay en la Iglesia muchas Obras apost\u00f3licas constituidas por la &#8230; <a href=\"https:\/\/vincentians.com\/es\/apostolado-de-la-sociedad-de-san-vicente-de-paul\/\" class=\"more-link\">Read More<\/a><\/p>\n","protected":false},"author":4,"featured_media":27719,"comment_status":"open","ping_status":"open","sticky":false,"template":"","format":"standard","meta":{"jetpack_post_was_ever_published":false,"_jetpack_newsletter_access":"","_jetpack_dont_email_post_to_subs":false,"_jetpack_newsletter_tier_id":0,"_jetpack_memberships_contains_paywalled_content":false,"_jetpack_memberships_contains_paid_content":false,"footnotes":"","jetpack_publicize_message":"","jetpack_publicize_feature_enabled":true,"jetpack_social_post_already_shared":true,"jetpack_social_options":{"image_generator_settings":{"template":"highway","default_image_id":0,"font":"","enabled":false},"version":2}},"categories":[11,250],"tags":[],"class_list":["post-18153","post","type-post","status-publish","format-standard","has-post-thumbnail","hentry","category-federico-ozanam","category-sociedad-de-san-vicente-de-paul"],"yoast_head":"<!-- This site is optimized with the Yoast SEO plugin v26.3 - https:\/\/yoast.com\/wordpress\/plugins\/seo\/ -->\n<title>Apostolado De La Sociedad De San Vicente De Pa\u00fal - Somos Vicencianos<\/title>\n<meta name=\"robots\" content=\"index, follow, max-snippet:-1, max-image-preview:large, max-video-preview:-1\" \/>\n<link rel=\"canonical\" href=\"https:\/\/vincentians.com\/es\/apostolado-de-la-sociedad-de-san-vicente-de-paul\/\" \/>\n<meta property=\"og:locale\" content=\"es_ES\" \/>\n<meta property=\"og:type\" content=\"article\" \/>\n<meta property=\"og:title\" content=\"Apostolado De La Sociedad De San Vicente De Pa\u00fal - Somos Vicencianos\" \/>\n<meta property=\"og:description\" content=\"El apostolado de la Sociedad de San Vicente de Pa\u00fal est\u00e1 encuadrado en el apostolado seglar cat\u00f3lico, a que se refiere el Concilio Vaticano II: \u00abHay en la Iglesia muchas Obras apost\u00f3licas constituidas por la ... Read More\" \/>\n<meta property=\"og:url\" content=\"https:\/\/vincentians.com\/es\/apostolado-de-la-sociedad-de-san-vicente-de-paul\/\" \/>\n<meta property=\"og:site_name\" content=\"Somos Vicencianos\" \/>\n<meta property=\"article:publisher\" content=\"https:\/\/www.facebook.com\/WeAreVincentians\/\" \/>\n<meta property=\"article:author\" content=\"https:\/\/www.facebook.com\/JavierChento\" \/>\n<meta property=\"article:published_time\" content=\"2015-05-31T01:38:03+00:00\" \/>\n<meta property=\"article:modified_time\" content=\"2016-07-26T15:07:19+00:00\" \/>\n<meta name=\"author\" content=\"Francisco Javier Fern\u00e1ndez Chento\" \/>\n<meta name=\"twitter:card\" content=\"summary_large_image\" \/>\n<meta name=\"twitter:creator\" content=\"@https:\/\/twitter.com\/javierchento\" \/>\n<meta name=\"twitter:site\" content=\"@WeVincentians\" \/>\n<meta name=\"twitter:label1\" content=\"Escrito por\" \/>\n\t<meta name=\"twitter:data1\" content=\"Francisco Javier Fern\u00e1ndez Chento\" \/>\n\t<meta name=\"twitter:label2\" content=\"Tiempo de lectura\" \/>\n\t<meta name=\"twitter:data2\" content=\"7 minutos\" \/>\n<script type=\"application\/ld+json\" class=\"yoast-schema-graph\">{\"@context\":\"https:\/\/schema.org\",\"@graph\":[{\"@type\":\"Article\",\"@id\":\"https:\/\/vincentians.com\/es\/apostolado-de-la-sociedad-de-san-vicente-de-paul\/#article\",\"isPartOf\":{\"@id\":\"https:\/\/vincentians.com\/es\/apostolado-de-la-sociedad-de-san-vicente-de-paul\/\"},\"author\":{\"name\":\"Francisco Javier Fern\u00e1ndez Chento\",\"@id\":\"http:\/\/vincentians.com\/es\/#\/schema\/person\/9623ef4d9aa3b2dfb8c061f1499288f2\"},\"headline\":\"Apostolado De La Sociedad De San Vicente De Pa\u00fal\",\"datePublished\":\"2015-05-31T01:38:03+00:00\",\"dateModified\":\"2016-07-26T15:07:19+00:00\",\"mainEntityOfPage\":{\"@id\":\"https:\/\/vincentians.com\/es\/apostolado-de-la-sociedad-de-san-vicente-de-paul\/\"},\"wordCount\":1374,\"commentCount\":0,\"publisher\":{\"@id\":\"http:\/\/vincentians.com\/es\/#organization\"},\"image\":{\"@id\":\"https:\/\/vincentians.com\/es\/apostolado-de-la-sociedad-de-san-vicente-de-paul\/#primaryimage\"},\"thumbnailUrl\":\"\",\"articleSection\":[\"Federico Ozanam\",\"Sociedad de San Vicente de Pa\u00fal\"],\"inLanguage\":\"es\",\"potentialAction\":[{\"@type\":\"CommentAction\",\"name\":\"Comment\",\"target\":[\"https:\/\/vincentians.com\/es\/apostolado-de-la-sociedad-de-san-vicente-de-paul\/#respond\"]}]},{\"@type\":\"WebPage\",\"@id\":\"https:\/\/vincentians.com\/es\/apostolado-de-la-sociedad-de-san-vicente-de-paul\/\",\"url\":\"https:\/\/vincentians.com\/es\/apostolado-de-la-sociedad-de-san-vicente-de-paul\/\",\"name\":\"Apostolado De La Sociedad De San Vicente De Pa\u00fal - Somos Vicencianos\",\"isPartOf\":{\"@id\":\"http:\/\/vincentians.com\/es\/#website\"},\"primaryImageOfPage\":{\"@id\":\"https:\/\/vincentians.com\/es\/apostolado-de-la-sociedad-de-san-vicente-de-paul\/#primaryimage\"},\"image\":{\"@id\":\"https:\/\/vincentians.com\/es\/apostolado-de-la-sociedad-de-san-vicente-de-paul\/#primaryimage\"},\"thumbnailUrl\":\"\",\"datePublished\":\"2015-05-31T01:38:03+00:00\",\"dateModified\":\"2016-07-26T15:07:19+00:00\",\"breadcrumb\":{\"@id\":\"https:\/\/vincentians.com\/es\/apostolado-de-la-sociedad-de-san-vicente-de-paul\/#breadcrumb\"},\"inLanguage\":\"es\",\"potentialAction\":[{\"@type\":\"ReadAction\",\"target\":[\"https:\/\/vincentians.com\/es\/apostolado-de-la-sociedad-de-san-vicente-de-paul\/\"]}]},{\"@type\":\"ImageObject\",\"inLanguage\":\"es\",\"@id\":\"https:\/\/vincentians.com\/es\/apostolado-de-la-sociedad-de-san-vicente-de-paul\/#primaryimage\",\"url\":\"\",\"contentUrl\":\"\"},{\"@type\":\"BreadcrumbList\",\"@id\":\"https:\/\/vincentians.com\/es\/apostolado-de-la-sociedad-de-san-vicente-de-paul\/#breadcrumb\",\"itemListElement\":[{\"@type\":\"ListItem\",\"position\":1,\"name\":\"Portada\",\"item\":\"http:\/\/vincentians.com\/es\/\"},{\"@type\":\"ListItem\",\"position\":2,\"name\":\"Apostolado De La Sociedad De San Vicente De Pa\u00fal\"}]},{\"@type\":\"WebSite\",\"@id\":\"http:\/\/vincentians.com\/es\/#website\",\"url\":\"http:\/\/vincentians.com\/es\/\",\"name\":\"Somos Vicencianos\",\"description\":\"Know more to serve more\",\"publisher\":{\"@id\":\"http:\/\/vincentians.com\/es\/#organization\"},\"potentialAction\":[{\"@type\":\"SearchAction\",\"target\":{\"@type\":\"EntryPoint\",\"urlTemplate\":\"http:\/\/vincentians.com\/es\/?s={search_term_string}\"},\"query-input\":{\"@type\":\"PropertyValueSpecification\",\"valueRequired\":true,\"valueName\":\"search_term_string\"}}],\"inLanguage\":\"es\"},{\"@type\":\"Organization\",\"@id\":\"http:\/\/vincentians.com\/es\/#organization\",\"name\":\"The Vincentian Network\",\"url\":\"http:\/\/vincentians.com\/es\/\",\"logo\":{\"@type\":\"ImageObject\",\"inLanguage\":\"es\",\"@id\":\"http:\/\/vincentians.com\/es\/#\/schema\/logo\/image\/\",\"url\":\"https:\/\/i1.wp.com\/vincentians.com\/es\/wp-content\/uploads\/sites\/11\/2016\/06\/Vincentian-Network-logo-big.png?fit=778%2C778\",\"contentUrl\":\"https:\/\/i1.wp.com\/vincentians.com\/es\/wp-content\/uploads\/sites\/11\/2016\/06\/Vincentian-Network-logo-big.png?fit=778%2C778\",\"width\":778,\"height\":778,\"caption\":\"The Vincentian Network\"},\"image\":{\"@id\":\"http:\/\/vincentians.com\/es\/#\/schema\/logo\/image\/\"},\"sameAs\":[\"https:\/\/www.facebook.com\/WeAreVincentians\/\",\"https:\/\/x.com\/WeVincentians\"]},{\"@type\":\"Person\",\"@id\":\"http:\/\/vincentians.com\/es\/#\/schema\/person\/9623ef4d9aa3b2dfb8c061f1499288f2\",\"name\":\"Francisco Javier Fern\u00e1ndez Chento\",\"image\":{\"@type\":\"ImageObject\",\"inLanguage\":\"es\",\"@id\":\"http:\/\/vincentians.com\/es\/#\/schema\/person\/image\/\",\"url\":\"https:\/\/secure.gravatar.com\/avatar\/497d5cde87b4c3d097d0315953521681ba2cd523ee66e5077c3711f7021e65de?s=96&d=mm&r=g\",\"contentUrl\":\"https:\/\/secure.gravatar.com\/avatar\/497d5cde87b4c3d097d0315953521681ba2cd523ee66e5077c3711f7021e65de?s=96&d=mm&r=g\",\"caption\":\"Francisco Javier Fern\u00e1ndez Chento\"},\"description\":\"Director General y cofundador de La Red de Formaci\u00f3n Vicenciana. Javier es laico vicenciano, afiliado a la Congregaci\u00f3n de la Misi\u00f3n y miembro del Equipo de Misiones Populares de la provincia can\u00f3nica de Zaragoza (Espa\u00f1a) de la Congregaci\u00f3n de la Misi\u00f3n. Graduado en la Universidad Oberta de Catalunya con cuatro grados (Asistente de direcci\u00f3n, Gesti\u00f3n Administrativa, Recursos Humanos y Contabilidad Avanzada). Bil\u00edng\u00fce Espa\u00f1ol\/Ingl\u00e9s. gestiona y mantiene varias p\u00e1ginas web cristianas y vicencianas, incluida including La Red de Formaci\u00f3n Vicenciana, de la que es cofundador. Actualmente es responsable del \u00e1rea de Espa\u00f1ol de .famvin, la Red de Noticias de la Familia Vicenciana. Tambi\u00e9n es m\u00fasico cat\u00f3lico y ha editado varios discos. Es Director General y cofundador de Trovador, una reconocida compa\u00f1\u00eda discogr\u00e1fica critiana de Espa\u00f1a. Trabaja en las Tecnolog\u00edas de la Informaci\u00f3n, ofreciendo servicios de alojamiento, dise\u00f1o y mantenimiento Web, as\u00ed como asesoramiento, formaci\u00f3n y soluciones inform\u00e1ticas, gesti\u00f3n documental y digitalizaci\u00f3n de textos, edici\u00f3n y maquetaci\u00f3n de libros, revistas, flyers, etc.\",\"sameAs\":[\"http:\/\/chento.org\",\"https:\/\/www.facebook.com\/JavierChento\",\"https:\/\/x.com\/https:\/\/twitter.com\/javierchento\"],\"url\":\"https:\/\/vincentians.com\/es\/author\/chento\/\"}]}<\/script>\n<!-- \/ Yoast SEO plugin. -->","yoast_head_json":{"title":"Apostolado De La Sociedad De San Vicente De Pa\u00fal - Somos Vicencianos","robots":{"index":"index","follow":"follow","max-snippet":"max-snippet:-1","max-image-preview":"max-image-preview:large","max-video-preview":"max-video-preview:-1"},"canonical":"https:\/\/vincentians.com\/es\/apostolado-de-la-sociedad-de-san-vicente-de-paul\/","og_locale":"es_ES","og_type":"article","og_title":"Apostolado De La Sociedad De San Vicente De Pa\u00fal - Somos Vicencianos","og_description":"El apostolado de la Sociedad de San Vicente de Pa\u00fal est\u00e1 encuadrado en el apostolado seglar cat\u00f3lico, a que se refiere el Concilio Vaticano II: \u00abHay en la Iglesia muchas Obras apost\u00f3licas constituidas por la ... Read More","og_url":"https:\/\/vincentians.com\/es\/apostolado-de-la-sociedad-de-san-vicente-de-paul\/","og_site_name":"Somos Vicencianos","article_publisher":"https:\/\/www.facebook.com\/WeAreVincentians\/","article_author":"https:\/\/www.facebook.com\/JavierChento","article_published_time":"2015-05-31T01:38:03+00:00","article_modified_time":"2016-07-26T15:07:19+00:00","author":"Francisco Javier Fern\u00e1ndez Chento","twitter_card":"summary_large_image","twitter_creator":"@https:\/\/twitter.com\/javierchento","twitter_site":"@WeVincentians","twitter_misc":{"Escrito por":"Francisco Javier Fern\u00e1ndez Chento","Tiempo de lectura":"7 minutos"},"schema":{"@context":"https:\/\/schema.org","@graph":[{"@type":"Article","@id":"https:\/\/vincentians.com\/es\/apostolado-de-la-sociedad-de-san-vicente-de-paul\/#article","isPartOf":{"@id":"https:\/\/vincentians.com\/es\/apostolado-de-la-sociedad-de-san-vicente-de-paul\/"},"author":{"name":"Francisco Javier Fern\u00e1ndez Chento","@id":"http:\/\/vincentians.com\/es\/#\/schema\/person\/9623ef4d9aa3b2dfb8c061f1499288f2"},"headline":"Apostolado De La Sociedad De San Vicente De Pa\u00fal","datePublished":"2015-05-31T01:38:03+00:00","dateModified":"2016-07-26T15:07:19+00:00","mainEntityOfPage":{"@id":"https:\/\/vincentians.com\/es\/apostolado-de-la-sociedad-de-san-vicente-de-paul\/"},"wordCount":1374,"commentCount":0,"publisher":{"@id":"http:\/\/vincentians.com\/es\/#organization"},"image":{"@id":"https:\/\/vincentians.com\/es\/apostolado-de-la-sociedad-de-san-vicente-de-paul\/#primaryimage"},"thumbnailUrl":"","articleSection":["Federico Ozanam","Sociedad de San Vicente de Pa\u00fal"],"inLanguage":"es","potentialAction":[{"@type":"CommentAction","name":"Comment","target":["https:\/\/vincentians.com\/es\/apostolado-de-la-sociedad-de-san-vicente-de-paul\/#respond"]}]},{"@type":"WebPage","@id":"https:\/\/vincentians.com\/es\/apostolado-de-la-sociedad-de-san-vicente-de-paul\/","url":"https:\/\/vincentians.com\/es\/apostolado-de-la-sociedad-de-san-vicente-de-paul\/","name":"Apostolado De La Sociedad De San Vicente De Pa\u00fal - Somos Vicencianos","isPartOf":{"@id":"http:\/\/vincentians.com\/es\/#website"},"primaryImageOfPage":{"@id":"https:\/\/vincentians.com\/es\/apostolado-de-la-sociedad-de-san-vicente-de-paul\/#primaryimage"},"image":{"@id":"https:\/\/vincentians.com\/es\/apostolado-de-la-sociedad-de-san-vicente-de-paul\/#primaryimage"},"thumbnailUrl":"","datePublished":"2015-05-31T01:38:03+00:00","dateModified":"2016-07-26T15:07:19+00:00","breadcrumb":{"@id":"https:\/\/vincentians.com\/es\/apostolado-de-la-sociedad-de-san-vicente-de-paul\/#breadcrumb"},"inLanguage":"es","potentialAction":[{"@type":"ReadAction","target":["https:\/\/vincentians.com\/es\/apostolado-de-la-sociedad-de-san-vicente-de-paul\/"]}]},{"@type":"ImageObject","inLanguage":"es","@id":"https:\/\/vincentians.com\/es\/apostolado-de-la-sociedad-de-san-vicente-de-paul\/#primaryimage","url":"","contentUrl":""},{"@type":"BreadcrumbList","@id":"https:\/\/vincentians.com\/es\/apostolado-de-la-sociedad-de-san-vicente-de-paul\/#breadcrumb","itemListElement":[{"@type":"ListItem","position":1,"name":"Portada","item":"http:\/\/vincentians.com\/es\/"},{"@type":"ListItem","position":2,"name":"Apostolado De La Sociedad De San Vicente De Pa\u00fal"}]},{"@type":"WebSite","@id":"http:\/\/vincentians.com\/es\/#website","url":"http:\/\/vincentians.com\/es\/","name":"Somos Vicencianos","description":"Know more to serve more","publisher":{"@id":"http:\/\/vincentians.com\/es\/#organization"},"potentialAction":[{"@type":"SearchAction","target":{"@type":"EntryPoint","urlTemplate":"http:\/\/vincentians.com\/es\/?s={search_term_string}"},"query-input":{"@type":"PropertyValueSpecification","valueRequired":true,"valueName":"search_term_string"}}],"inLanguage":"es"},{"@type":"Organization","@id":"http:\/\/vincentians.com\/es\/#organization","name":"The Vincentian Network","url":"http:\/\/vincentians.com\/es\/","logo":{"@type":"ImageObject","inLanguage":"es","@id":"http:\/\/vincentians.com\/es\/#\/schema\/logo\/image\/","url":"https:\/\/i1.wp.com\/vincentians.com\/es\/wp-content\/uploads\/sites\/11\/2016\/06\/Vincentian-Network-logo-big.png?fit=778%2C778","contentUrl":"https:\/\/i1.wp.com\/vincentians.com\/es\/wp-content\/uploads\/sites\/11\/2016\/06\/Vincentian-Network-logo-big.png?fit=778%2C778","width":778,"height":778,"caption":"The Vincentian Network"},"image":{"@id":"http:\/\/vincentians.com\/es\/#\/schema\/logo\/image\/"},"sameAs":["https:\/\/www.facebook.com\/WeAreVincentians\/","https:\/\/x.com\/WeVincentians"]},{"@type":"Person","@id":"http:\/\/vincentians.com\/es\/#\/schema\/person\/9623ef4d9aa3b2dfb8c061f1499288f2","name":"Francisco Javier Fern\u00e1ndez Chento","image":{"@type":"ImageObject","inLanguage":"es","@id":"http:\/\/vincentians.com\/es\/#\/schema\/person\/image\/","url":"https:\/\/secure.gravatar.com\/avatar\/497d5cde87b4c3d097d0315953521681ba2cd523ee66e5077c3711f7021e65de?s=96&d=mm&r=g","contentUrl":"https:\/\/secure.gravatar.com\/avatar\/497d5cde87b4c3d097d0315953521681ba2cd523ee66e5077c3711f7021e65de?s=96&d=mm&r=g","caption":"Francisco Javier Fern\u00e1ndez Chento"},"description":"Director General y cofundador de La Red de Formaci\u00f3n Vicenciana. Javier es laico vicenciano, afiliado a la Congregaci\u00f3n de la Misi\u00f3n y miembro del Equipo de Misiones Populares de la provincia can\u00f3nica de Zaragoza (Espa\u00f1a) de la Congregaci\u00f3n de la Misi\u00f3n. Graduado en la Universidad Oberta de Catalunya con cuatro grados (Asistente de direcci\u00f3n, Gesti\u00f3n Administrativa, Recursos Humanos y Contabilidad Avanzada). Bil\u00edng\u00fce Espa\u00f1ol\/Ingl\u00e9s. gestiona y mantiene varias p\u00e1ginas web cristianas y vicencianas, incluida including La Red de Formaci\u00f3n Vicenciana, de la que es cofundador. Actualmente es responsable del \u00e1rea de Espa\u00f1ol de .famvin, la Red de Noticias de la Familia Vicenciana. Tambi\u00e9n es m\u00fasico cat\u00f3lico y ha editado varios discos. Es Director General y cofundador de Trovador, una reconocida compa\u00f1\u00eda discogr\u00e1fica critiana de Espa\u00f1a. Trabaja en las Tecnolog\u00edas de la Informaci\u00f3n, ofreciendo servicios de alojamiento, dise\u00f1o y mantenimiento Web, as\u00ed como asesoramiento, formaci\u00f3n y soluciones inform\u00e1ticas, gesti\u00f3n documental y digitalizaci\u00f3n de textos, edici\u00f3n y maquetaci\u00f3n de libros, revistas, flyers, etc.","sameAs":["http:\/\/chento.org","https:\/\/www.facebook.com\/JavierChento","https:\/\/x.com\/https:\/\/twitter.com\/javierchento"],"url":"https:\/\/vincentians.com\/es\/author\/chento\/"}]}},"jetpack_publicize_connections":[],"jetpack_featured_media_url":"","jetpack_sharing_enabled":true,"jetpack_shortlink":"https:\/\/wp.me\/p7ETMF-4IN","jetpack-related-posts":[{"id":104297,"url":"https:\/\/vincentians.com\/es\/novena-biblica-en-honor-al-beato-federico-ozanam-dia-tercero\/","url_meta":{"origin":18153,"position":0},"title":"Novena b\u00edblica en honor al beato Federico Ozanam: D\u00eda tercero","author":"Francisco Javier Fern\u00e1ndez Chento","date":"03\/09\/2012","format":false,"excerpt":"Oraci\u00f3n Oh Dios de Caridad infinita, que no dejas de compadecerte de nosotros y contin\u00faas la obra misericordiosa de tu Divino Hijo Jesucristo en la historia de cada hombre. Te damos infinitas gracias por el amor que se hace manifiesto por medio de la gracia bautismal en todos y cada\u2026","rel":"","context":"En \u00abFederico Ozanam\u00bb","block_context":{"text":"Federico Ozanam","link":"https:\/\/vincentians.com\/es\/category\/la-familia-vicenciana\/fundadores\/federico-ozanam\/"},"img":{"alt_text":"","src":"https:\/\/i0.wp.com\/vicencianos.org\/wp-content\/2012\/09\/beato_ozanam_pobre-225x300.jpg?resize=350%2C200","width":350,"height":200},"classes":[]},{"id":128380,"url":"https:\/\/vincentians.com\/es\/federico-ozanam-por-mons-baunard-00-prefacio\/","url_meta":{"origin":18153,"position":1},"title":"Federico Ozanam (por Mons. Baunard): 00 Prefacio","author":"Francisco Javier Fern\u00e1ndez Chento","date":"22\/08\/2016","format":false,"excerpt":"Prefacio El 10 de abril de 1910, segundo domingo despu\u00e9s de Pascuas, fiesta y asamblea general de la Sociedad de San Vicente de Paul, en Par\u00eds, la misa tradicional se celebr\u00f3 en la cripta de la iglesia de los Carmelitas, calle de Vaugirard, en presencia del Consejo general de la\u2026","rel":"","context":"En \u00abFederico Ozanam\u00bb","block_context":{"text":"Federico Ozanam","link":"https:\/\/vincentians.com\/es\/category\/la-familia-vicenciana\/fundadores\/federico-ozanam\/"},"img":{"alt_text":"","src":"https:\/\/i0.wp.com\/vincentians.com\/es\/wp-content\/uploads\/sites\/11\/2016\/07\/frederic-ozanam-layman-for-now.jpg?fit=1200%2C630&ssl=1&resize=350%2C200","width":350,"height":200,"srcset":"https:\/\/i0.wp.com\/vincentians.com\/es\/wp-content\/uploads\/sites\/11\/2016\/07\/frederic-ozanam-layman-for-now.jpg?fit=1200%2C630&ssl=1&resize=350%2C200 1x, https:\/\/i0.wp.com\/vincentians.com\/es\/wp-content\/uploads\/sites\/11\/2016\/07\/frederic-ozanam-layman-for-now.jpg?fit=1200%2C630&ssl=1&resize=525%2C300 1.5x, https:\/\/i0.wp.com\/vincentians.com\/es\/wp-content\/uploads\/sites\/11\/2016\/07\/frederic-ozanam-layman-for-now.jpg?fit=1200%2C630&ssl=1&resize=700%2C400 2x, https:\/\/i0.wp.com\/vincentians.com\/es\/wp-content\/uploads\/sites\/11\/2016\/07\/frederic-ozanam-layman-for-now.jpg?fit=1200%2C630&ssl=1&resize=1050%2C600 3x"},"classes":[]},{"id":130435,"url":"https:\/\/vincentians.com\/es\/las-viejas-caridades-vicencianas-y-las-modernas-conferencias-de-san-vicente-de-paul\/","url_meta":{"origin":18153,"position":2},"title":"Las viejas \u00abCaridades\u00bb y las modernas \u00abConferencias\u00bb","author":"Francisco Javier Fern\u00e1ndez Chento","date":"08\/05\/2014","format":false,"excerpt":"La cuna de las \"Caridades\" No muy lejos de Li\u00f3n, en las rientes y f\u00e9rtiles m\u00e1rgenes del Chalaronne, hay una peque\u00f1a poblaci\u00f3n, denominada Chatini les-Dombes, que en el a\u00f1o de gracia de 1617 acaba de adquirir en su nuevo y joven p\u00e1rroco, un gran tesoro. Tiene 36 a\u00f1os escasos. Llamase\u2026","rel":"","context":"En \u00abHistoria de la Sociedad de san Vicente de Pa\u00fal\u00bb","block_context":{"text":"Historia de la Sociedad de san Vicente de Pa\u00fal","link":"https:\/\/vincentians.com\/es\/category\/historia-de-la-familia-vicenciana\/historia-de-la-sociedad-de-san-vicente-de-paul\/"},"img":{"alt_text":"Retrato de Federico Ozanam en 1852, copia en miniatura del retrato hecho por Janmot Louis (1814-1892), hecha probablemente por el propio pintor.","src":"https:\/\/i0.wp.com\/vicencianos.org\/wp-content\/2014\/01\/Frederic_Ozanam.jpg?resize=350%2C200","width":350,"height":200},"classes":[]},{"id":127193,"url":"https:\/\/vincentians.com\/es\/federico-ozanam-1813-1853-y-las-conferencias-de-san-vicente-de-paul\/","url_meta":{"origin":18153,"position":3},"title":"Federico Ozanam (1813-1853) y las Conferencias de san Vicente de Pa\u00fal","author":"Francisco Javier Fern\u00e1ndez Chento","date":"16\/01\/2015","format":false,"excerpt":"Inicio esta ponencia acerca de Federico Ozanam y las Conferencias de San Vicente de Pa\u00fal agradeciendo la invitaci\u00f3n de la comisi\u00f3n encargada de esta vig\u00e9simo quinta Semana Vicentina en la persona del P. Chuno. Obviamente, como vicentino nos vemos comprometidos en el estudio de la vida de nuestros santos y\u2026","rel":"","context":"En \u00abFederico Ozanam\u00bb","block_context":{"text":"Federico Ozanam","link":"https:\/\/vincentians.com\/es\/category\/la-familia-vicenciana\/fundadores\/federico-ozanam\/"},"img":{"alt_text":"","src":"https:\/\/i0.wp.com\/vincentians.com\/es\/wp-content\/uploads\/sites\/11\/2016\/07\/young-ozanam.jpg?fit=1200%2C630&ssl=1&resize=350%2C200","width":350,"height":200,"srcset":"https:\/\/i0.wp.com\/vincentians.com\/es\/wp-content\/uploads\/sites\/11\/2016\/07\/young-ozanam.jpg?fit=1200%2C630&ssl=1&resize=350%2C200 1x, https:\/\/i0.wp.com\/vincentians.com\/es\/wp-content\/uploads\/sites\/11\/2016\/07\/young-ozanam.jpg?fit=1200%2C630&ssl=1&resize=525%2C300 1.5x, https:\/\/i0.wp.com\/vincentians.com\/es\/wp-content\/uploads\/sites\/11\/2016\/07\/young-ozanam.jpg?fit=1200%2C630&ssl=1&resize=700%2C400 2x, https:\/\/i0.wp.com\/vincentians.com\/es\/wp-content\/uploads\/sites\/11\/2016\/07\/young-ozanam.jpg?fit=1200%2C630&ssl=1&resize=1050%2C600 3x"},"classes":[]},{"id":386828,"url":"https:\/\/vincentians.com\/es\/federico-ozanam-un-santo-polifacetico-y-modelico\/","url_meta":{"origin":18153,"position":4},"title":"Federico Ozanam, un santo polifac\u00e9tico y mod\u00e9lico","author":"Francisco Javier Fern\u00e1ndez Chento","date":"09\/09\/2024","format":false,"excerpt":"Federico Ozanam, hombre polifac\u00e9tico y mod\u00e9lico Es para m\u00ed una satisfacci\u00f3n estar aqu\u00ed en esta mesa con el objetivo de presentar la figura del beato Federico Ozanam con motivo de la edici\u00f3n de su correspondencia. Quiero iniciar mi reflexi\u00f3n recordando el breve retrato que hizo de su persona el historiador\u2026","rel":"","context":"En \u00abFederico Ozanam\u00bb","block_context":{"text":"Federico Ozanam","link":"https:\/\/vincentians.com\/es\/category\/la-familia-vicenciana\/fundadores\/federico-ozanam\/"},"img":{"alt_text":"","src":"https:\/\/i0.wp.com\/vincentians.com\/es\/wp-content\/uploads\/sites\/11\/2016\/09\/Federico-Ozanam-5.jpg?fit=472%2C689&ssl=1&resize=350%2C200","width":350,"height":200},"classes":[]},{"id":120727,"url":"https:\/\/vincentians.com\/es\/la-santidad-en-federico-ozanam\/","url_meta":{"origin":18153,"position":5},"title":"La santidad en Federico Ozanam","author":"Francisco Javier Fern\u00e1ndez Chento","date":"09\/09\/2021","format":false,"excerpt":"Introducci\u00f3n Todos sabemos que Vicente de Pa\u00fal plant\u00f3 un gran \u00e1rbol \"revolucionario\" de caridad en el siglo XVII. En este tronco se le han ido injertado otras ramas que, a pesar de tener identidad pro\u00adpia, todas ellas se alimentan de esa savia del Cristo adorador del Padre, evangelizador y servidor\u2026","rel":"","context":"En \u00abFederico Ozanam\u00bb","block_context":{"text":"Federico Ozanam","link":"https:\/\/vincentians.com\/es\/category\/la-familia-vicenciana\/fundadores\/federico-ozanam\/"},"img":{"alt_text":"","src":"https:\/\/i0.wp.com\/vincentians.com\/es\/wp-content\/uploads\/sites\/11\/2016\/10\/cara-ozanam.jpg?fit=1200%2C630&ssl=1&resize=350%2C200","width":350,"height":200,"srcset":"https:\/\/i0.wp.com\/vincentians.com\/es\/wp-content\/uploads\/sites\/11\/2016\/10\/cara-ozanam.jpg?fit=1200%2C630&ssl=1&resize=350%2C200 1x, https:\/\/i0.wp.com\/vincentians.com\/es\/wp-content\/uploads\/sites\/11\/2016\/10\/cara-ozanam.jpg?fit=1200%2C630&ssl=1&resize=525%2C300 1.5x, https:\/\/i0.wp.com\/vincentians.com\/es\/wp-content\/uploads\/sites\/11\/2016\/10\/cara-ozanam.jpg?fit=1200%2C630&ssl=1&resize=700%2C400 2x, https:\/\/i0.wp.com\/vincentians.com\/es\/wp-content\/uploads\/sites\/11\/2016\/10\/cara-ozanam.jpg?fit=1200%2C630&ssl=1&resize=1050%2C600 3x"},"classes":[]}],"_links":{"self":[{"href":"https:\/\/vincentians.com\/es\/wp-json\/wp\/v2\/posts\/18153","targetHints":{"allow":["GET"]}}],"collection":[{"href":"https:\/\/vincentians.com\/es\/wp-json\/wp\/v2\/posts"}],"about":[{"href":"https:\/\/vincentians.com\/es\/wp-json\/wp\/v2\/types\/post"}],"author":[{"embeddable":true,"href":"https:\/\/vincentians.com\/es\/wp-json\/wp\/v2\/users\/4"}],"replies":[{"embeddable":true,"href":"https:\/\/vincentians.com\/es\/wp-json\/wp\/v2\/comments?post=18153"}],"version-history":[{"count":0,"href":"https:\/\/vincentians.com\/es\/wp-json\/wp\/v2\/posts\/18153\/revisions"}],"wp:featuredmedia":[{"embeddable":true,"href":"https:\/\/vincentians.com\/es\/wp-json\/"}],"wp:attachment":[{"href":"https:\/\/vincentians.com\/es\/wp-json\/wp\/v2\/media?parent=18153"}],"wp:term":[{"taxonomy":"category","embeddable":true,"href":"https:\/\/vincentians.com\/es\/wp-json\/wp\/v2\/categories?post=18153"},{"taxonomy":"post_tag","embeddable":true,"href":"https:\/\/vincentians.com\/es\/wp-json\/wp\/v2\/tags?post=18153"}],"curies":[{"name":"wp","href":"https:\/\/api.w.org\/{rel}","templated":true}]}}