{"id":18151,"date":"2023-03-05T08:34:05","date_gmt":"2023-03-05T07:34:05","guid":{"rendered":"http:\/\/somos.vicencianos.org\/blog\/2010\/04\/20\/fundacion-de-la-sociedad-de-san-vicente-de-paul-en-espana\/"},"modified":"2022-12-29T12:37:20","modified_gmt":"2022-12-29T11:37:20","slug":"fundacion-de-la-sociedad-de-san-vicente-de-paul-en-espana","status":"publish","type":"post","link":"https:\/\/vincentians.com\/es\/fundacion-de-la-sociedad-de-san-vicente-de-paul-en-espana\/","title":{"rendered":"Fundaci\u00f3n De La Sociedad De San Vicente De Pa\u00fal En Espa\u00f1a"},"content":{"rendered":"<p>La Sociedad de San Vicente de Pa\u00fal fue fundada en Es\u00adpa\u00f1a por don Santiago de Masarnau Fern\u00e1ndez, nacido en Madrid el 10 de diciembre de 1805.<\/p>\n<p>Su padre era, a la vez que distinguido cat\u00f3lico, honrad\u00edsimo empleado de la Casa Real \u2014secretario del Rey, por alg\u00fan tiempo, y de la Mayordom\u00eda Mayor de Palacio\u2014, concedi\u00e9ndole Fernando VII la Cruz pensionada de Carlos III (1816), pensi\u00f3n vitalicia de 300 ducados para cada uno de sus tres hijos (1817), y el t\u00edtulo de gentilhombre nume\u00adrario de la Casa Real (1819). Su madre falleci\u00f3 cuando \u00e9l ten\u00eda tres a\u00f1os. Su hermana har\u00eda con \u00e9l las veces de ma\u00addre, en las atenciones y cuidados propios de su edad.<\/p>\n<p>La merecida consideraci\u00f3n que gozaba en la Casa Real su padre proporcion\u00f3 a Santiago la oportunidad de demos\u00adtrar, en el maravilloso escenario de palacio, sus extraordi\u00adnarias y precoces dotes para la m\u00fasica, y la habilidad de sus prodigiosas manos para el piano, dando un concierto de esta especialidad, antes de cumplir los diez a\u00f1os, en pre\u00adsencia de la familia real, y componiendo a los trece a\u00f1os una misa, que se cant\u00f3 en la capilla del Palacio Real, cons\u00adtituyendo un resonado \u00e9xito, que le auguraba grandes triunfos musicales como compositor y concertista.<\/p>\n<p>Pero cuando progresaba en el arte musical y ten\u00eda cur\u00adsados, con excelentes calificaciones, siete a\u00f1os de Filosof\u00eda y Ciencias, aspirando a ser ingeniero, la desgracia se abati\u00f3 sobre su casa con la inesperada muerte de su hermana, y el cese de su padre en el empleo, por intrigas palaciegas, lo que le dej\u00f3 consternado, sobre todo por la precaria situa\u00adci\u00f3n en que quedaba su padre. Aunque pronto podr\u00eda reci\u00adbir ayuda del hijo mayor, que terminaba sus estudios supe\u00adriores con buenas perspectivas.<\/p>\n<p>Bajo la impresi\u00f3n de los tristes acontecimientos familia\u00adres, y por el deseo de hallar m\u00e1s amplios horizontes para sus estudios y perfeccionarse como concertista y composi\u00adtor musical \u2014con la esperanza, adem\u00e1s, de enviar auxilios materiales a su padre\u2014, emprendi\u00f3 viaje, el 9 de agosto de 1825, sin haber cumplido los veinti\u00fan a\u00f1os, hacia Par\u00eds y Londres.<\/p>\n<p>En efecto, alternando su estancia entre Par\u00eds y Londres pas\u00f3 los a\u00f1os de ausencia de la patria y de la casa paterna, compaginando sus estudios de ingenier\u00eda y sus ocupaciones de pianista, siendo disc\u00edpulo aventajado \u2014como en Cien\u00adcias lo fue de Faraday, Puillet, Arago, etc.\u2014 de Monsigny y de Cramer, quien, en prueba de amistad, le dedic\u00f3 una composici\u00f3n, correspondi\u00e9ndole Masarnau con otra.<\/p>\n<p>Su padre, aunque recib\u00eda buenas noticias de \u00e9l y de su cristiano comportamiento, estaba preocupado por su suerte en ambientes tan distintos, religiosa y moralmente, del ho\u00adgar paterno, y le escribi\u00f3, diciendo: \u00ab<strong>Prefiero verte muerto que corrompido, no pudiendo sobrevivir a la p\u00e9rdida de tu inocencia<\/strong>\u00ab. A lo que respondi\u00f3 el hijo: \u00ab<strong>Descanse usted, me hallo con la suficiente filosof\u00eda para decirle: los que opi\u00adnan que en mi actual edad es invencible la fuerza de las pa\u00adsiones, \u00a1qu\u00e9 pobres son!, llaman necesidad al efecto de sus pasiones<\/strong>\u00ab. Y en esta actitud sigui\u00f3 toda su vida.<\/p>\n<p>Vino a Madrid en noviembre de 1829, con motivo del fallecimiento de su padre, y regres\u00f3 definitivamente a Es\u00adpa\u00f1a en 1843, fijando su residencia en Madrid, con su her\u00admano, due\u00f1o de un acreditado Colegio, del que le nombr\u00f3 vicedirector, asign\u00e1ndole sueldo, aunque \u00e9l ganaba m\u00e1s con sus clases de m\u00fasica.<\/p>\n<p>En Par\u00eds, desde el 9 de junio de 1839, perteneci\u00f3, sien\u00addo tesorero, a la Conferencia de San Luis de Ant\u00edn, cuyo presidente, se\u00f1or Adolfo Baud\u00f3n \u2014elegido presidente ge\u00adneral, en 1847\u2014, le encarg\u00f3 encarecidamente la fundaci\u00f3n de la Sociedad de San Vicente de Pa\u00fal en Espa\u00f1a.<\/p>\n<p>Don Santiago se lo prometi\u00f3, pero no le fue f\u00e1cil la rea\u00adlizaci\u00f3n de su promesa. Entre otras causas, por el recelo y animadversi\u00f3n con que era mirado y rechazado, desde la guerra de la independencia, todo lo proveniente de Fran\u00adcia. Hasta sus m\u00e1s \u00edntimos rehusaban colaborar con \u00e9l en la empresa.<\/p>\n<p>Incluso la prensa public\u00f3 calumnias, como \u00e9sta: \u00ab<strong>Cree\u00admos un deber prevenir a nuestros lectores contra cierta So\u00adciedad que se trata de introducir en Espa\u00f1a. Se titula de San Vicente de Pa\u00fal; pero con este nombre tan respetable oculta los m\u00e1s p\u00e9rfidos designios, y para ejecutarlos no reh\u00faye medio alguno, ni siquiera el pu\u00f1al<\/strong>\u00ab. Se la consideraba un brote de oculta masoner\u00eda, etc.<\/p>\n<p>Fue el 11 de noviembre de 1849, a los seis a\u00f1os de re\u00adgresar a Espa\u00f1a, cuando se cre\u00f3 la primera Conferencia de San Vicente de Pa\u00fal, en Madrid. La constituyeron, seg\u00fan consta en acta: don Santiago de Masarnau, como presiden\u00adte; don Vicente Lafuente, catedr\u00e1tico de Derecho, secreta\u00adrio, y don Anselmo Ouradou, profesor de franc\u00e9s, tesorero.<\/p>\n<p>A los tres socios fundacionales, en reuniones posterio\u00adres, fueron agreg\u00e1ndose nuevos miembros, empezando por don Pedro de Madrazo y don Jos\u00e9 Casta\u00f1o. Despu\u00e9s y pro\u00adgresivamente fue creciendo el n\u00famero, perteneciendo a la Sociedad tambi\u00e9n don Fernando de Madraza, Donoso Cor\u00adt\u00e9s, Mesonero Romanos, Patricio Escosura, Arg\u00fcelles, Ven\u00adtura de la Vega, el historiador Lafuente, Manuel Jos\u00e9 Quintana, Pascual Gayangos, el violinista Monasterio, el pintor Palmaroli y otros muchos hombres de relieve, verbi\u00adgracia, don Manuel Allende Salazar (presidente del Conse\u00adjo de Ministros), el marqu\u00e9s de Figuerola (ministro), Segis\u00admundo Moret, que se distingui\u00f3 por su celo y en crear nuevas Conferencias, etc.<\/p>\n<p>Por este incesante crecimiento de socios se dividi\u00f3 la primitiva Conferencia de Madrid en las de San Sebasti\u00e1n y la de Nuestra Se\u00f1ora de la Almudena, en noviembre de 1850. A \u00e9stas siguieron la de San Jos\u00e9 (1852) y Santa Cruz, el mismo a\u00f1o; la de San Mart\u00edn (1854), San Mill\u00e1n, San Lorenzo, San Ildefonso (1855). Las primeras en provincias fueron: Burgos (1851), Calella (Barcelona), Huesca, Ja\u00e9n, Santander, Valladolid, creadas en 1852.<\/p>\n<p>El 11 de mayo de 1851 qued\u00f3 establecido el Consejo particular de Madrid, elevado a Consejo superior el 22 de noviembre de 1852, presidi\u00e9ndolo don Santiago hasta su muerte, treinta a\u00f1os despu\u00e9s.<\/p>\n<p>Con fecha 18 de julio de 1851 se consigui\u00f3 la autoriza\u00adci\u00f3n civil, admitiendo a la Sociedad como asociaci\u00f3n lai\u00adcal, y con la de 24 de junio y 29 de octubre, del mismo a\u00f1o, la aprobaci\u00f3n eclesi\u00e1stica del Comisario General de la Cruzada y del Cardenal Primado (Arzobispo de Toledo), respectivamente, corroborando la aprobaci\u00f3n del Papa Gregorio XVI por medio de dos breves.<\/p>\n<p>Es la aprobaci\u00f3n, no formalmente eclesi\u00e1stica y can\u00f3ni\u00adca, sino de alabanza y recomendaci\u00f3n como asociaci\u00f3n de apostolado seglar cat\u00f3lico a que se refiere la declaraci\u00f3n del primer Consejo general de la Sociedad, en 19 de marzo de 1841: \u00ab<strong>Debemos seguir siendo lo que somos, y a eso de\u00adben encaminarse todos los deseos y los esfuerzos&#8230; nuestra Sociedad existe en la capital del mundo cat\u00f3lico, con la aprobaci\u00f3n del Padre com\u00fan de los fieles, y que la Iglesia la bendice donde quiera que establece su modestas obras<\/strong>\u00ab.<\/p>\n<p>Lo que aclar\u00f3, subrayando el car\u00e1cter laical de la Socie\u00addad, el segundo presidente general: \u00ab<strong>De nuestro Reglamen\u00adto y de nuestros h\u00e1bitos y costumbres resulta que la Socie\u00addad de San Vicente de Pa\u00fal tiene car\u00e1cter seglar. No sin perfecto conocimiento de causa se le ha dado este modo de ser, y el sumo Pont\u00edfice Gregorio XVI ha dado para siem\u00adpre su sanci\u00f3n a nuestra Obra tal como se halla estableci\u00adda<\/strong>\u00bb (Circ. 31 de agosto de 1846).<\/p>\n<p>En 1853, interponiendo su influencia el Cardenal Pri\u00admado y Donoso Cort\u00e9s, Su Majestad la Reina dio su apro\u00adbaci\u00f3n para que pudieran formarse Conferencias en todos sus dominios, tanto en Espa\u00f1a como de Ultramar.<\/p>\n<p>En el r\u00e1pido y constante desarrollo de la Sociedad en Espa\u00f1a influyeron el prestigio del Consejo superior, sobre todo de don Santiago de Masarnau, hombre tan humilde y piadoso como caritativo y entregado al bien de la Sociedad y de los pobres; el Bolet\u00edn que se edit\u00f3 desde enero de 1856, mensualmente, cumpliendo una misi\u00f3n informativa muy eficiente, y la grandiosa labor apost\u00f3lica, con el pr\u00f3jimo necesitado, de los Consejos y Conferencias, pertene\u00adciendo a \u00e9stas hombres de tanto relieve eclesi\u00e1stico y civil.<\/p>\n<p>Pero como todas las obras que tienen por principio y fin a Dios se ven sometidas a las pruebas del maligno y de los hombres manipulados por \u00e9l; la Sociedad se vio atrope\u00adllada por un decreto de disoluci\u00f3n, fulminado por el Go\u00adbierno revolucionario y publicado en la \u00abGaceta\u00bb el 21 de octubre de 1868.<\/p>\n<p>Precisamente, la Sociedad hab\u00eda alcanzado en Espa\u00f1a tales progresos, en menos de veinte a\u00f1os, que el Consejo superior (nacional) agrupaba: Cuatro Consejos centrales (regionales), 45 Consejos particulares. 694 Conferencias, 9.916 socios activos, 2.915 socios de honor (eclesi\u00e1sticos) y 2.208 honorarios, etc.<\/p>\n<p>Realizada la entrada de Alfonso XII en Madrid (11-1-1875), la Sociedad fue legalmente restablecida, ini\u00adciando nueva andadura con progresivo resurgimiento. Has\u00adta que el 20 de julio de 1936, otro gobierno revolucionario la suprimi\u00f3 de nuevo, ensa\u00f1\u00e1ndose con los socios.<\/p>\n<p>Resurgi\u00f3, celebr\u00e1ndose la primera Junta general de la posguerra el 15 de octubre de 1939 y se ha ido mantenien\u00addo, con altibajos, seg\u00fan los cambios de los tiempos moder\u00adnos. Y ha obtenido del Gobierno el reconocimiento como Asociaci\u00f3n de Beneficencia particular y de \u00abUtilidad p\u00fabli\u00adca\u00bb por el Consejo de Ministros (21-IV-1972).<\/p>\n<p>Actualmente la Sociedad se halla en Espa\u00f1a en un pe\u00adr\u00edodo de superaci\u00f3n de crisis, sufrida en general por todas las obras apost\u00f3licas, hasta su adaptaci\u00f3n metodol\u00f3gica a los nuevos tiempos y sus nuevas necesidades, impulsada por la perenne vitalidad de sus principios, inmutables y eternos, fundamentados en las divinas verdades del Evange\u00adlio.<\/p>\n<p style=\"text-align: right\"><em>Autor an\u00f3nimo.<br \/>\nRedacci\u00f3n del a\u00f1o 1983 (anterior a la beatificaci\u00f3n de Federico Ozanam)<br \/>\nTomado del folleto \u00abOzanam y la Sociedad de San Vicente de Pa\u00fal\u00bb, sin autor ni editora.<\/em><\/p>\n","protected":false},"excerpt":{"rendered":"<p>La Sociedad de San Vicente de Pa\u00fal fue fundada en Es\u00adpa\u00f1a por don Santiago de Masarnau Fern\u00e1ndez, nacido en Madrid el 10 de diciembre de 1805. Su padre era, a la vez que distinguido cat\u00f3lico, &#8230; <a href=\"https:\/\/vincentians.com\/es\/fundacion-de-la-sociedad-de-san-vicente-de-paul-en-espana\/\" class=\"more-link\">Read More<\/a><\/p>\n","protected":false},"author":4,"featured_media":403999,"comment_status":"open","ping_status":"open","sticky":false,"template":"","format":"standard","meta":{"jetpack_post_was_ever_published":false,"_jetpack_newsletter_access":"","_jetpack_dont_email_post_to_subs":false,"_jetpack_newsletter_tier_id":0,"_jetpack_memberships_contains_paywalled_content":false,"_jetpack_memberships_contains_paid_content":false,"footnotes":"","jetpack_publicize_message":"","jetpack_publicize_feature_enabled":true,"jetpack_social_post_already_shared":true,"jetpack_social_options":{"image_generator_settings":{"template":"highway","default_image_id":0,"font":"","enabled":false},"version":2}},"categories":[250],"tags":[],"class_list":["post-18151","post","type-post","status-publish","format-standard","has-post-thumbnail","hentry","category-sociedad-de-san-vicente-de-paul"],"yoast_head":"<!-- This site is optimized with the Yoast SEO plugin v26.3 - https:\/\/yoast.com\/wordpress\/plugins\/seo\/ -->\n<title>Fundaci\u00f3n De La Sociedad De San Vicente De Pa\u00fal En Espa\u00f1a - Somos Vicencianos<\/title>\n<meta name=\"robots\" content=\"index, follow, max-snippet:-1, max-image-preview:large, max-video-preview:-1\" \/>\n<link rel=\"canonical\" href=\"https:\/\/vincentians.com\/es\/fundacion-de-la-sociedad-de-san-vicente-de-paul-en-espana\/\" \/>\n<meta property=\"og:locale\" content=\"es_ES\" \/>\n<meta property=\"og:type\" content=\"article\" \/>\n<meta property=\"og:title\" content=\"Fundaci\u00f3n De La Sociedad De San Vicente De Pa\u00fal En Espa\u00f1a - Somos Vicencianos\" \/>\n<meta property=\"og:description\" content=\"La Sociedad de San Vicente de Pa\u00fal fue fundada en Es\u00adpa\u00f1a por don Santiago de Masarnau Fern\u00e1ndez, nacido en Madrid el 10 de diciembre de 1805. Su padre era, a la vez que distinguido cat\u00f3lico, ... Read More\" \/>\n<meta property=\"og:url\" content=\"https:\/\/vincentians.com\/es\/fundacion-de-la-sociedad-de-san-vicente-de-paul-en-espana\/\" \/>\n<meta property=\"og:site_name\" content=\"Somos Vicencianos\" \/>\n<meta property=\"article:publisher\" content=\"https:\/\/www.facebook.com\/WeAreVincentians\/\" \/>\n<meta property=\"article:author\" content=\"https:\/\/www.facebook.com\/JavierChento\" \/>\n<meta property=\"article:published_time\" content=\"2023-03-05T07:34:05+00:00\" \/>\n<meta property=\"og:image\" content=\"https:\/\/i0.wp.com\/vincentians.com\/es\/wp-content\/uploads\/sites\/11\/2021\/11\/Masarnau-4.jpg?fit=1200%2C630&ssl=1\" \/>\n\t<meta property=\"og:image:width\" content=\"1200\" \/>\n\t<meta property=\"og:image:height\" content=\"630\" \/>\n\t<meta property=\"og:image:type\" content=\"image\/jpeg\" \/>\n<meta name=\"author\" content=\"Francisco Javier Fern\u00e1ndez Chento\" \/>\n<meta name=\"twitter:card\" content=\"summary_large_image\" \/>\n<meta name=\"twitter:creator\" content=\"@https:\/\/twitter.com\/javierchento\" \/>\n<meta name=\"twitter:site\" content=\"@WeVincentians\" \/>\n<meta name=\"twitter:label1\" content=\"Escrito por\" \/>\n\t<meta name=\"twitter:data1\" content=\"Francisco Javier Fern\u00e1ndez Chento\" \/>\n\t<meta name=\"twitter:label2\" content=\"Tiempo de lectura\" \/>\n\t<meta name=\"twitter:data2\" content=\"8 minutos\" \/>\n<script type=\"application\/ld+json\" class=\"yoast-schema-graph\">{\"@context\":\"https:\/\/schema.org\",\"@graph\":[{\"@type\":\"Article\",\"@id\":\"https:\/\/vincentians.com\/es\/fundacion-de-la-sociedad-de-san-vicente-de-paul-en-espana\/#article\",\"isPartOf\":{\"@id\":\"https:\/\/vincentians.com\/es\/fundacion-de-la-sociedad-de-san-vicente-de-paul-en-espana\/\"},\"author\":{\"name\":\"Francisco Javier Fern\u00e1ndez Chento\",\"@id\":\"http:\/\/vincentians.com\/es\/#\/schema\/person\/9623ef4d9aa3b2dfb8c061f1499288f2\"},\"headline\":\"Fundaci\u00f3n De La Sociedad De San Vicente De Pa\u00fal En Espa\u00f1a\",\"datePublished\":\"2023-03-05T07:34:05+00:00\",\"mainEntityOfPage\":{\"@id\":\"https:\/\/vincentians.com\/es\/fundacion-de-la-sociedad-de-san-vicente-de-paul-en-espana\/\"},\"wordCount\":1729,\"commentCount\":0,\"publisher\":{\"@id\":\"http:\/\/vincentians.com\/es\/#organization\"},\"image\":{\"@id\":\"https:\/\/vincentians.com\/es\/fundacion-de-la-sociedad-de-san-vicente-de-paul-en-espana\/#primaryimage\"},\"thumbnailUrl\":\"https:\/\/i0.wp.com\/vincentians.com\/es\/wp-content\/uploads\/sites\/11\/2021\/11\/Masarnau-4.jpg?fit=1200%2C630&ssl=1\",\"articleSection\":[\"Sociedad de San Vicente de Pa\u00fal\"],\"inLanguage\":\"es\",\"potentialAction\":[{\"@type\":\"CommentAction\",\"name\":\"Comment\",\"target\":[\"https:\/\/vincentians.com\/es\/fundacion-de-la-sociedad-de-san-vicente-de-paul-en-espana\/#respond\"]}]},{\"@type\":\"WebPage\",\"@id\":\"https:\/\/vincentians.com\/es\/fundacion-de-la-sociedad-de-san-vicente-de-paul-en-espana\/\",\"url\":\"https:\/\/vincentians.com\/es\/fundacion-de-la-sociedad-de-san-vicente-de-paul-en-espana\/\",\"name\":\"Fundaci\u00f3n De La Sociedad De San Vicente De Pa\u00fal En Espa\u00f1a - Somos Vicencianos\",\"isPartOf\":{\"@id\":\"http:\/\/vincentians.com\/es\/#website\"},\"primaryImageOfPage\":{\"@id\":\"https:\/\/vincentians.com\/es\/fundacion-de-la-sociedad-de-san-vicente-de-paul-en-espana\/#primaryimage\"},\"image\":{\"@id\":\"https:\/\/vincentians.com\/es\/fundacion-de-la-sociedad-de-san-vicente-de-paul-en-espana\/#primaryimage\"},\"thumbnailUrl\":\"https:\/\/i0.wp.com\/vincentians.com\/es\/wp-content\/uploads\/sites\/11\/2021\/11\/Masarnau-4.jpg?fit=1200%2C630&ssl=1\",\"datePublished\":\"2023-03-05T07:34:05+00:00\",\"breadcrumb\":{\"@id\":\"https:\/\/vincentians.com\/es\/fundacion-de-la-sociedad-de-san-vicente-de-paul-en-espana\/#breadcrumb\"},\"inLanguage\":\"es\",\"potentialAction\":[{\"@type\":\"ReadAction\",\"target\":[\"https:\/\/vincentians.com\/es\/fundacion-de-la-sociedad-de-san-vicente-de-paul-en-espana\/\"]}]},{\"@type\":\"ImageObject\",\"inLanguage\":\"es\",\"@id\":\"https:\/\/vincentians.com\/es\/fundacion-de-la-sociedad-de-san-vicente-de-paul-en-espana\/#primaryimage\",\"url\":\"https:\/\/i0.wp.com\/vincentians.com\/es\/wp-content\/uploads\/sites\/11\/2021\/11\/Masarnau-4.jpg?fit=1200%2C630&ssl=1\",\"contentUrl\":\"https:\/\/i0.wp.com\/vincentians.com\/es\/wp-content\/uploads\/sites\/11\/2021\/11\/Masarnau-4.jpg?fit=1200%2C630&ssl=1\",\"width\":1200,\"height\":630},{\"@type\":\"BreadcrumbList\",\"@id\":\"https:\/\/vincentians.com\/es\/fundacion-de-la-sociedad-de-san-vicente-de-paul-en-espana\/#breadcrumb\",\"itemListElement\":[{\"@type\":\"ListItem\",\"position\":1,\"name\":\"Portada\",\"item\":\"http:\/\/vincentians.com\/es\/\"},{\"@type\":\"ListItem\",\"position\":2,\"name\":\"Fundaci\u00f3n De La Sociedad De San Vicente De Pa\u00fal En Espa\u00f1a\"}]},{\"@type\":\"WebSite\",\"@id\":\"http:\/\/vincentians.com\/es\/#website\",\"url\":\"http:\/\/vincentians.com\/es\/\",\"name\":\"Somos Vicencianos\",\"description\":\"Know more to serve more\",\"publisher\":{\"@id\":\"http:\/\/vincentians.com\/es\/#organization\"},\"potentialAction\":[{\"@type\":\"SearchAction\",\"target\":{\"@type\":\"EntryPoint\",\"urlTemplate\":\"http:\/\/vincentians.com\/es\/?s={search_term_string}\"},\"query-input\":{\"@type\":\"PropertyValueSpecification\",\"valueRequired\":true,\"valueName\":\"search_term_string\"}}],\"inLanguage\":\"es\"},{\"@type\":\"Organization\",\"@id\":\"http:\/\/vincentians.com\/es\/#organization\",\"name\":\"The Vincentian Network\",\"url\":\"http:\/\/vincentians.com\/es\/\",\"logo\":{\"@type\":\"ImageObject\",\"inLanguage\":\"es\",\"@id\":\"http:\/\/vincentians.com\/es\/#\/schema\/logo\/image\/\",\"url\":\"https:\/\/i1.wp.com\/vincentians.com\/es\/wp-content\/uploads\/sites\/11\/2016\/06\/Vincentian-Network-logo-big.png?fit=778%2C778\",\"contentUrl\":\"https:\/\/i1.wp.com\/vincentians.com\/es\/wp-content\/uploads\/sites\/11\/2016\/06\/Vincentian-Network-logo-big.png?fit=778%2C778\",\"width\":778,\"height\":778,\"caption\":\"The Vincentian Network\"},\"image\":{\"@id\":\"http:\/\/vincentians.com\/es\/#\/schema\/logo\/image\/\"},\"sameAs\":[\"https:\/\/www.facebook.com\/WeAreVincentians\/\",\"https:\/\/x.com\/WeVincentians\"]},{\"@type\":\"Person\",\"@id\":\"http:\/\/vincentians.com\/es\/#\/schema\/person\/9623ef4d9aa3b2dfb8c061f1499288f2\",\"name\":\"Francisco Javier Fern\u00e1ndez Chento\",\"image\":{\"@type\":\"ImageObject\",\"inLanguage\":\"es\",\"@id\":\"http:\/\/vincentians.com\/es\/#\/schema\/person\/image\/\",\"url\":\"https:\/\/secure.gravatar.com\/avatar\/497d5cde87b4c3d097d0315953521681ba2cd523ee66e5077c3711f7021e65de?s=96&d=mm&r=g\",\"contentUrl\":\"https:\/\/secure.gravatar.com\/avatar\/497d5cde87b4c3d097d0315953521681ba2cd523ee66e5077c3711f7021e65de?s=96&d=mm&r=g\",\"caption\":\"Francisco Javier Fern\u00e1ndez Chento\"},\"description\":\"Director General y cofundador de La Red de Formaci\u00f3n Vicenciana. Javier es laico vicenciano, afiliado a la Congregaci\u00f3n de la Misi\u00f3n y miembro del Equipo de Misiones Populares de la provincia can\u00f3nica de Zaragoza (Espa\u00f1a) de la Congregaci\u00f3n de la Misi\u00f3n. Graduado en la Universidad Oberta de Catalunya con cuatro grados (Asistente de direcci\u00f3n, Gesti\u00f3n Administrativa, Recursos Humanos y Contabilidad Avanzada). Bil\u00edng\u00fce Espa\u00f1ol\/Ingl\u00e9s. gestiona y mantiene varias p\u00e1ginas web cristianas y vicencianas, incluida including La Red de Formaci\u00f3n Vicenciana, de la que es cofundador. Actualmente es responsable del \u00e1rea de Espa\u00f1ol de .famvin, la Red de Noticias de la Familia Vicenciana. Tambi\u00e9n es m\u00fasico cat\u00f3lico y ha editado varios discos. Es Director General y cofundador de Trovador, una reconocida compa\u00f1\u00eda discogr\u00e1fica critiana de Espa\u00f1a. Trabaja en las Tecnolog\u00edas de la Informaci\u00f3n, ofreciendo servicios de alojamiento, dise\u00f1o y mantenimiento Web, as\u00ed como asesoramiento, formaci\u00f3n y soluciones inform\u00e1ticas, gesti\u00f3n documental y digitalizaci\u00f3n de textos, edici\u00f3n y maquetaci\u00f3n de libros, revistas, flyers, etc.\",\"sameAs\":[\"http:\/\/chento.org\",\"https:\/\/www.facebook.com\/JavierChento\",\"https:\/\/x.com\/https:\/\/twitter.com\/javierchento\"],\"url\":\"https:\/\/vincentians.com\/es\/author\/chento\/\"}]}<\/script>\n<!-- \/ Yoast SEO plugin. -->","yoast_head_json":{"title":"Fundaci\u00f3n De La Sociedad De San Vicente De Pa\u00fal En Espa\u00f1a - Somos Vicencianos","robots":{"index":"index","follow":"follow","max-snippet":"max-snippet:-1","max-image-preview":"max-image-preview:large","max-video-preview":"max-video-preview:-1"},"canonical":"https:\/\/vincentians.com\/es\/fundacion-de-la-sociedad-de-san-vicente-de-paul-en-espana\/","og_locale":"es_ES","og_type":"article","og_title":"Fundaci\u00f3n De La Sociedad De San Vicente De Pa\u00fal En Espa\u00f1a - Somos Vicencianos","og_description":"La Sociedad de San Vicente de Pa\u00fal fue fundada en Es\u00adpa\u00f1a por don Santiago de Masarnau Fern\u00e1ndez, nacido en Madrid el 10 de diciembre de 1805. Su padre era, a la vez que distinguido cat\u00f3lico, ... Read More","og_url":"https:\/\/vincentians.com\/es\/fundacion-de-la-sociedad-de-san-vicente-de-paul-en-espana\/","og_site_name":"Somos Vicencianos","article_publisher":"https:\/\/www.facebook.com\/WeAreVincentians\/","article_author":"https:\/\/www.facebook.com\/JavierChento","article_published_time":"2023-03-05T07:34:05+00:00","og_image":[{"width":1200,"height":630,"url":"https:\/\/i0.wp.com\/vincentians.com\/es\/wp-content\/uploads\/sites\/11\/2021\/11\/Masarnau-4.jpg?fit=1200%2C630&ssl=1","type":"image\/jpeg"}],"author":"Francisco Javier Fern\u00e1ndez Chento","twitter_card":"summary_large_image","twitter_creator":"@https:\/\/twitter.com\/javierchento","twitter_site":"@WeVincentians","twitter_misc":{"Escrito por":"Francisco Javier Fern\u00e1ndez Chento","Tiempo de lectura":"8 minutos"},"schema":{"@context":"https:\/\/schema.org","@graph":[{"@type":"Article","@id":"https:\/\/vincentians.com\/es\/fundacion-de-la-sociedad-de-san-vicente-de-paul-en-espana\/#article","isPartOf":{"@id":"https:\/\/vincentians.com\/es\/fundacion-de-la-sociedad-de-san-vicente-de-paul-en-espana\/"},"author":{"name":"Francisco Javier Fern\u00e1ndez Chento","@id":"http:\/\/vincentians.com\/es\/#\/schema\/person\/9623ef4d9aa3b2dfb8c061f1499288f2"},"headline":"Fundaci\u00f3n De La Sociedad De San Vicente De Pa\u00fal En Espa\u00f1a","datePublished":"2023-03-05T07:34:05+00:00","mainEntityOfPage":{"@id":"https:\/\/vincentians.com\/es\/fundacion-de-la-sociedad-de-san-vicente-de-paul-en-espana\/"},"wordCount":1729,"commentCount":0,"publisher":{"@id":"http:\/\/vincentians.com\/es\/#organization"},"image":{"@id":"https:\/\/vincentians.com\/es\/fundacion-de-la-sociedad-de-san-vicente-de-paul-en-espana\/#primaryimage"},"thumbnailUrl":"https:\/\/i0.wp.com\/vincentians.com\/es\/wp-content\/uploads\/sites\/11\/2021\/11\/Masarnau-4.jpg?fit=1200%2C630&ssl=1","articleSection":["Sociedad de San Vicente de Pa\u00fal"],"inLanguage":"es","potentialAction":[{"@type":"CommentAction","name":"Comment","target":["https:\/\/vincentians.com\/es\/fundacion-de-la-sociedad-de-san-vicente-de-paul-en-espana\/#respond"]}]},{"@type":"WebPage","@id":"https:\/\/vincentians.com\/es\/fundacion-de-la-sociedad-de-san-vicente-de-paul-en-espana\/","url":"https:\/\/vincentians.com\/es\/fundacion-de-la-sociedad-de-san-vicente-de-paul-en-espana\/","name":"Fundaci\u00f3n De La Sociedad De San Vicente De Pa\u00fal En Espa\u00f1a - Somos Vicencianos","isPartOf":{"@id":"http:\/\/vincentians.com\/es\/#website"},"primaryImageOfPage":{"@id":"https:\/\/vincentians.com\/es\/fundacion-de-la-sociedad-de-san-vicente-de-paul-en-espana\/#primaryimage"},"image":{"@id":"https:\/\/vincentians.com\/es\/fundacion-de-la-sociedad-de-san-vicente-de-paul-en-espana\/#primaryimage"},"thumbnailUrl":"https:\/\/i0.wp.com\/vincentians.com\/es\/wp-content\/uploads\/sites\/11\/2021\/11\/Masarnau-4.jpg?fit=1200%2C630&ssl=1","datePublished":"2023-03-05T07:34:05+00:00","breadcrumb":{"@id":"https:\/\/vincentians.com\/es\/fundacion-de-la-sociedad-de-san-vicente-de-paul-en-espana\/#breadcrumb"},"inLanguage":"es","potentialAction":[{"@type":"ReadAction","target":["https:\/\/vincentians.com\/es\/fundacion-de-la-sociedad-de-san-vicente-de-paul-en-espana\/"]}]},{"@type":"ImageObject","inLanguage":"es","@id":"https:\/\/vincentians.com\/es\/fundacion-de-la-sociedad-de-san-vicente-de-paul-en-espana\/#primaryimage","url":"https:\/\/i0.wp.com\/vincentians.com\/es\/wp-content\/uploads\/sites\/11\/2021\/11\/Masarnau-4.jpg?fit=1200%2C630&ssl=1","contentUrl":"https:\/\/i0.wp.com\/vincentians.com\/es\/wp-content\/uploads\/sites\/11\/2021\/11\/Masarnau-4.jpg?fit=1200%2C630&ssl=1","width":1200,"height":630},{"@type":"BreadcrumbList","@id":"https:\/\/vincentians.com\/es\/fundacion-de-la-sociedad-de-san-vicente-de-paul-en-espana\/#breadcrumb","itemListElement":[{"@type":"ListItem","position":1,"name":"Portada","item":"http:\/\/vincentians.com\/es\/"},{"@type":"ListItem","position":2,"name":"Fundaci\u00f3n De La Sociedad De San Vicente De Pa\u00fal En Espa\u00f1a"}]},{"@type":"WebSite","@id":"http:\/\/vincentians.com\/es\/#website","url":"http:\/\/vincentians.com\/es\/","name":"Somos Vicencianos","description":"Know more to serve more","publisher":{"@id":"http:\/\/vincentians.com\/es\/#organization"},"potentialAction":[{"@type":"SearchAction","target":{"@type":"EntryPoint","urlTemplate":"http:\/\/vincentians.com\/es\/?s={search_term_string}"},"query-input":{"@type":"PropertyValueSpecification","valueRequired":true,"valueName":"search_term_string"}}],"inLanguage":"es"},{"@type":"Organization","@id":"http:\/\/vincentians.com\/es\/#organization","name":"The Vincentian Network","url":"http:\/\/vincentians.com\/es\/","logo":{"@type":"ImageObject","inLanguage":"es","@id":"http:\/\/vincentians.com\/es\/#\/schema\/logo\/image\/","url":"https:\/\/i1.wp.com\/vincentians.com\/es\/wp-content\/uploads\/sites\/11\/2016\/06\/Vincentian-Network-logo-big.png?fit=778%2C778","contentUrl":"https:\/\/i1.wp.com\/vincentians.com\/es\/wp-content\/uploads\/sites\/11\/2016\/06\/Vincentian-Network-logo-big.png?fit=778%2C778","width":778,"height":778,"caption":"The Vincentian Network"},"image":{"@id":"http:\/\/vincentians.com\/es\/#\/schema\/logo\/image\/"},"sameAs":["https:\/\/www.facebook.com\/WeAreVincentians\/","https:\/\/x.com\/WeVincentians"]},{"@type":"Person","@id":"http:\/\/vincentians.com\/es\/#\/schema\/person\/9623ef4d9aa3b2dfb8c061f1499288f2","name":"Francisco Javier Fern\u00e1ndez Chento","image":{"@type":"ImageObject","inLanguage":"es","@id":"http:\/\/vincentians.com\/es\/#\/schema\/person\/image\/","url":"https:\/\/secure.gravatar.com\/avatar\/497d5cde87b4c3d097d0315953521681ba2cd523ee66e5077c3711f7021e65de?s=96&d=mm&r=g","contentUrl":"https:\/\/secure.gravatar.com\/avatar\/497d5cde87b4c3d097d0315953521681ba2cd523ee66e5077c3711f7021e65de?s=96&d=mm&r=g","caption":"Francisco Javier Fern\u00e1ndez Chento"},"description":"Director General y cofundador de La Red de Formaci\u00f3n Vicenciana. Javier es laico vicenciano, afiliado a la Congregaci\u00f3n de la Misi\u00f3n y miembro del Equipo de Misiones Populares de la provincia can\u00f3nica de Zaragoza (Espa\u00f1a) de la Congregaci\u00f3n de la Misi\u00f3n. Graduado en la Universidad Oberta de Catalunya con cuatro grados (Asistente de direcci\u00f3n, Gesti\u00f3n Administrativa, Recursos Humanos y Contabilidad Avanzada). Bil\u00edng\u00fce Espa\u00f1ol\/Ingl\u00e9s. gestiona y mantiene varias p\u00e1ginas web cristianas y vicencianas, incluida including La Red de Formaci\u00f3n Vicenciana, de la que es cofundador. Actualmente es responsable del \u00e1rea de Espa\u00f1ol de .famvin, la Red de Noticias de la Familia Vicenciana. Tambi\u00e9n es m\u00fasico cat\u00f3lico y ha editado varios discos. Es Director General y cofundador de Trovador, una reconocida compa\u00f1\u00eda discogr\u00e1fica critiana de Espa\u00f1a. Trabaja en las Tecnolog\u00edas de la Informaci\u00f3n, ofreciendo servicios de alojamiento, dise\u00f1o y mantenimiento Web, as\u00ed como asesoramiento, formaci\u00f3n y soluciones inform\u00e1ticas, gesti\u00f3n documental y digitalizaci\u00f3n de textos, edici\u00f3n y maquetaci\u00f3n de libros, revistas, flyers, etc.","sameAs":["http:\/\/chento.org","https:\/\/www.facebook.com\/JavierChento","https:\/\/x.com\/https:\/\/twitter.com\/javierchento"],"url":"https:\/\/vincentians.com\/es\/author\/chento\/"}]}},"jetpack_publicize_connections":[],"jetpack_featured_media_url":"https:\/\/i0.wp.com\/vincentians.com\/es\/wp-content\/uploads\/sites\/11\/2021\/11\/Masarnau-4.jpg?fit=1200%2C630&ssl=1","jetpack_sharing_enabled":true,"jetpack_shortlink":"https:\/\/wp.me\/p7ETMF-4IL","jetpack-related-posts":[{"id":131217,"url":"https:\/\/vincentians.com\/es\/las-conferencias-de-san-vicente-de-paul-cumplen-un-siglo-de-existencia-en-espana-1849-1949\/","url_meta":{"origin":18151,"position":0},"title":"Las Conferencias de San Vicente de Pa\u00fal cumplen un siglo de existencia en Espa\u00f1a 1849-1949","author":"Francisco Javier Fern\u00e1ndez Chento","date":"30\/08\/2014","format":false,"excerpt":"El d\u00eda 11 de noviembre se cumplieron los c\u00eden a\u00f1os del establecimiento de las \"Conferencias de San Vicente de Pa\u00fal\" en Espa\u00f1a. Con este motivo, en la Bas\u00edlica de Santa Mar\u00eda de los Reyes, en Barcelona, celebr\u00f3se una solemne Misa de Comuni\u00f3n general, en la que ofici\u00f3 el Prelado de\u2026","rel":"","context":"En \u00abHistoria de la Sociedad de san Vicente de Pa\u00fal\u00bb","block_context":{"text":"Historia de la Sociedad de san Vicente de Pa\u00fal","link":"https:\/\/vincentians.com\/es\/category\/historia-de-la-familia-vicenciana\/historia-de-la-sociedad-de-san-vicente-de-paul\/"},"img":{"alt_text":"","src":"https:\/\/i0.wp.com\/vincentians.com\/es\/wp-content\/uploads\/sites\/11\/2016\/07\/escritos-vicente-de-paul.jpg?fit=1200%2C630&ssl=1&resize=350%2C200","width":350,"height":200,"srcset":"https:\/\/i0.wp.com\/vincentians.com\/es\/wp-content\/uploads\/sites\/11\/2016\/07\/escritos-vicente-de-paul.jpg?fit=1200%2C630&ssl=1&resize=350%2C200 1x, https:\/\/i0.wp.com\/vincentians.com\/es\/wp-content\/uploads\/sites\/11\/2016\/07\/escritos-vicente-de-paul.jpg?fit=1200%2C630&ssl=1&resize=525%2C300 1.5x, https:\/\/i0.wp.com\/vincentians.com\/es\/wp-content\/uploads\/sites\/11\/2016\/07\/escritos-vicente-de-paul.jpg?fit=1200%2C630&ssl=1&resize=700%2C400 2x, https:\/\/i0.wp.com\/vincentians.com\/es\/wp-content\/uploads\/sites\/11\/2016\/07\/escritos-vicente-de-paul.jpg?fit=1200%2C630&ssl=1&resize=1050%2C600 3x"},"classes":[]},{"id":387561,"url":"https:\/\/vincentians.com\/es\/la-provincia-espanola-de-las-hijas-de-la-caridad-xviii\/","url_meta":{"origin":18151,"position":1},"title":"La Provincia espa\u00f1ola de las Hijas de la Caridad (XVIII)","author":"Mitxel Olabu\u00e9naga","date":"16\/06\/2016","format":false,"excerpt":"1.- Aprueba Su Santidad las Nuevas Constituciones. Ya hemos dicho que desde fines 1814 el Real Noviciado hab\u00eda pasado a depender del Sr.Patriarca de las Indias, Francis Antonio Cebri\u00e1n y Balda. Era \u00e9ste Obispo de Orihuela y, cuando el Rey volvi\u00f3 del destierro fue de los primeros que acudi\u00f3 a\u2026","rel":"","context":"En \u00abHistoria de las Hijas de la Caridad\u00bb","block_context":{"text":"Historia de las Hijas de la Caridad","link":"https:\/\/vincentians.com\/es\/category\/historia-de-la-familia-vicenciana\/historia-de-las-hijas-de-la-caridad\/"},"img":{"alt_text":"","src":"https:\/\/i0.wp.com\/vincentians.com\/es\/wp-content\/uploads\/sites\/11\/2016\/07\/hijas-caridad-espanya.jpg?fit=1200%2C630&ssl=1&resize=350%2C200","width":350,"height":200,"srcset":"https:\/\/i0.wp.com\/vincentians.com\/es\/wp-content\/uploads\/sites\/11\/2016\/07\/hijas-caridad-espanya.jpg?fit=1200%2C630&ssl=1&resize=350%2C200 1x, https:\/\/i0.wp.com\/vincentians.com\/es\/wp-content\/uploads\/sites\/11\/2016\/07\/hijas-caridad-espanya.jpg?fit=1200%2C630&ssl=1&resize=525%2C300 1.5x, https:\/\/i0.wp.com\/vincentians.com\/es\/wp-content\/uploads\/sites\/11\/2016\/07\/hijas-caridad-espanya.jpg?fit=1200%2C630&ssl=1&resize=700%2C400 2x, https:\/\/i0.wp.com\/vincentians.com\/es\/wp-content\/uploads\/sites\/11\/2016\/07\/hijas-caridad-espanya.jpg?fit=1200%2C630&ssl=1&resize=1050%2C600 3x"},"classes":[]},{"id":119136,"url":"https:\/\/vincentians.com\/es\/el-templo-nacional-de-las-conferencias-de-san-vicente-de-paul\/","url_meta":{"origin":18151,"position":2},"title":"El templo nacional de las Conferencias de san Vicente de Pa\u00fal","author":"Francisco Javier Fern\u00e1ndez Chento","date":"05\/01\/2022","format":false,"excerpt":"Conforme acabo de indicar en l\u00edneas anteriores, el 12 de enero se celebra con una solemne Misa Pontifical, oficiada por Mos, Garc\u00eda Lahiguera, la entrada en servicio de las obras de ampliaci\u00f3n del templo nacional de las Conferencias de San Vicente de Pa\u00fal. He aqu\u00ed la rese\u00f1a que de ese\u2026","rel":"","context":"En \u00abHistoria de la Sociedad de san Vicente de Pa\u00fal\u00bb","block_context":{"text":"Historia de la Sociedad de san Vicente de Pa\u00fal","link":"https:\/\/vincentians.com\/es\/category\/historia-de-la-familia-vicenciana\/historia-de-la-sociedad-de-san-vicente-de-paul\/"},"img":{"alt_text":"","src":"https:\/\/i0.wp.com\/vincentians.com\/es\/wp-content\/uploads\/sites\/11\/2016\/07\/escritos-vicente-de-paul.jpg?fit=1200%2C630&ssl=1&resize=350%2C200","width":350,"height":200,"srcset":"https:\/\/i0.wp.com\/vincentians.com\/es\/wp-content\/uploads\/sites\/11\/2016\/07\/escritos-vicente-de-paul.jpg?fit=1200%2C630&ssl=1&resize=350%2C200 1x, https:\/\/i0.wp.com\/vincentians.com\/es\/wp-content\/uploads\/sites\/11\/2016\/07\/escritos-vicente-de-paul.jpg?fit=1200%2C630&ssl=1&resize=525%2C300 1.5x, https:\/\/i0.wp.com\/vincentians.com\/es\/wp-content\/uploads\/sites\/11\/2016\/07\/escritos-vicente-de-paul.jpg?fit=1200%2C630&ssl=1&resize=700%2C400 2x, https:\/\/i0.wp.com\/vincentians.com\/es\/wp-content\/uploads\/sites\/11\/2016\/07\/escritos-vicente-de-paul.jpg?fit=1200%2C630&ssl=1&resize=1050%2C600 3x"},"classes":[]},{"id":387670,"url":"https:\/\/vincentians.com\/es\/la-provincia-espanola-de-las-hijas-de-la-caridad-xix\/","url_meta":{"origin":18151,"position":3},"title":"La Provincia espa\u00f1ola de las Hijas de la Caridad (XIX)","author":"Mitxel Olabu\u00e9naga","date":"19\/06\/2016","format":false,"excerpt":"Feliz arreglo del Real Noviciado'. Suele la Divina Providencia servirse de sucesos al parecer impertinentes para fines transcendentales. Tal fue el acontecimiento decisivo en el feliz arreglo del Real Noviciado. Viudo el Rey Fernando VII de su primera mujer, se celebraron bodas reales en el oto\u00f1o de 28.09.1816 y vino\u2026","rel":"","context":"En \u00abHistoria de las Hijas de la Caridad\u00bb","block_context":{"text":"Historia de las Hijas de la Caridad","link":"https:\/\/vincentians.com\/es\/category\/historia-de-la-familia-vicenciana\/historia-de-las-hijas-de-la-caridad\/"},"img":{"alt_text":"","src":"https:\/\/i0.wp.com\/vincentians.com\/es\/wp-content\/uploads\/sites\/11\/2016\/07\/hijas-caridad-espanya.jpg?fit=1200%2C630&ssl=1&resize=350%2C200","width":350,"height":200,"srcset":"https:\/\/i0.wp.com\/vincentians.com\/es\/wp-content\/uploads\/sites\/11\/2016\/07\/hijas-caridad-espanya.jpg?fit=1200%2C630&ssl=1&resize=350%2C200 1x, https:\/\/i0.wp.com\/vincentians.com\/es\/wp-content\/uploads\/sites\/11\/2016\/07\/hijas-caridad-espanya.jpg?fit=1200%2C630&ssl=1&resize=525%2C300 1.5x, https:\/\/i0.wp.com\/vincentians.com\/es\/wp-content\/uploads\/sites\/11\/2016\/07\/hijas-caridad-espanya.jpg?fit=1200%2C630&ssl=1&resize=700%2C400 2x, https:\/\/i0.wp.com\/vincentians.com\/es\/wp-content\/uploads\/sites\/11\/2016\/07\/hijas-caridad-espanya.jpg?fit=1200%2C630&ssl=1&resize=1050%2C600 3x"},"classes":[]},{"id":131585,"url":"https:\/\/vincentians.com\/es\/resumen-historico-de-la-compania-de-las-hijas-de-la-caridad-en-espana\/","url_meta":{"origin":18151,"position":4},"title":"RESUMEN HIST\u00d3RICO DE LA COMPA\u00d1\u00cdA DE LAS HIJAS DE LA CARIDAD EN ESPA\u00d1A","author":"Mitxel Olabu\u00e9naga","date":"19\/10\/2014","format":false,"excerpt":"Cuanto m\u00e1s estudio y medito las obras de San Vicente de Pa\u00fal, m\u00e1s grande aparece ante mi vista su grandiosa figura, y me siento cada vez m\u00e1s impulsado a bendecir al Se\u00f1or, que elev\u00f3 a este humilde Sacerdote, haci\u00e9ndole ejemplar vivo y perpetuo de la caridad cristiana. Cuanto m\u00e1s profundizo\u2026","rel":"","context":"En \u00abHistoria de las Hijas de la Caridad\u00bb","block_context":{"text":"Historia de las Hijas de la Caridad","link":"https:\/\/vincentians.com\/es\/category\/historia-de-la-familia-vicenciana\/historia-de-las-hijas-de-la-caridad\/"},"img":{"alt_text":"Hijas2","src":"https:\/\/i0.wp.com\/vicencianos.org\/wp-content\/2014\/03\/Hijas2.gif?resize=350%2C200","width":350,"height":200},"classes":[]},{"id":131345,"url":"https:\/\/vincentians.com\/es\/el-senor-vicente-evolucion-de-un-santo-ii\/","url_meta":{"origin":18151,"position":5},"title":"El se\u00f1or Vicente, evoluci\u00f3n de un santo (II)","author":"Francisco Javier Fern\u00e1ndez Chento","date":"20\/09\/2014","format":false,"excerpt":"2. LA INFANCIA. 1. La madre.- 2. Lugar y fecha de nacimiento de Vicente de Pa\u00fal.- 3. El primer bi\u00f3grafo.- 4. Las Landas.- 5. El campesino de la \u00e9poca.- 6. La familia del santo.- 7. La casa familiar actualmente.- 8- El ni\u00f1o.- 9. El hogar.- 10. La Sant\u00edsima Virgen y\u2026","rel":"","context":"En \u00abVicente de Pa\u00fal\u00bb","block_context":{"text":"Vicente de Pa\u00fal","link":"https:\/\/vincentians.com\/es\/category\/la-familia-vicenciana\/fundadores\/vicente-de-paul\/"},"img":{"alt_text":"coraz\u00f3n","src":"https:\/\/i0.wp.com\/vicencianos.org\/wp-content\/2014\/03\/coraz%C3%B3n.jpg?resize=350%2C200","width":350,"height":200},"classes":[]}],"_links":{"self":[{"href":"https:\/\/vincentians.com\/es\/wp-json\/wp\/v2\/posts\/18151","targetHints":{"allow":["GET"]}}],"collection":[{"href":"https:\/\/vincentians.com\/es\/wp-json\/wp\/v2\/posts"}],"about":[{"href":"https:\/\/vincentians.com\/es\/wp-json\/wp\/v2\/types\/post"}],"author":[{"embeddable":true,"href":"https:\/\/vincentians.com\/es\/wp-json\/wp\/v2\/users\/4"}],"replies":[{"embeddable":true,"href":"https:\/\/vincentians.com\/es\/wp-json\/wp\/v2\/comments?post=18151"}],"version-history":[{"count":1,"href":"https:\/\/vincentians.com\/es\/wp-json\/wp\/v2\/posts\/18151\/revisions"}],"predecessor-version":[{"id":404521,"href":"https:\/\/vincentians.com\/es\/wp-json\/wp\/v2\/posts\/18151\/revisions\/404521"}],"wp:featuredmedia":[{"embeddable":true,"href":"https:\/\/vincentians.com\/es\/wp-json\/wp\/v2\/media\/403999"}],"wp:attachment":[{"href":"https:\/\/vincentians.com\/es\/wp-json\/wp\/v2\/media?parent=18151"}],"wp:term":[{"taxonomy":"category","embeddable":true,"href":"https:\/\/vincentians.com\/es\/wp-json\/wp\/v2\/categories?post=18151"},{"taxonomy":"post_tag","embeddable":true,"href":"https:\/\/vincentians.com\/es\/wp-json\/wp\/v2\/tags?post=18151"}],"curies":[{"name":"wp","href":"https:\/\/api.w.org\/{rel}","templated":true}]}}