{"id":18102,"date":"2013-11-11T08:00:00","date_gmt":"2013-11-11T07:00:00","guid":{"rendered":"http:\/\/somos.vicencianos.org\/blog\/?p=18102"},"modified":"2016-07-27T12:10:23","modified_gmt":"2016-07-27T10:10:23","slug":"antonio-cavellier-1640-1664","status":"publish","type":"post","link":"https:\/\/vincentians.com\/es\/antonio-cavellier-1640-1664\/","title":{"rendered":"Antonio Cavellier (1640-1664)"},"content":{"rendered":"<p><a href=\"https:\/\/i0.wp.com\/vicencianos.org\/wp-content\/2011\/05\/bios_cm.jpg\"><img data-recalc-dims=\"1\" loading=\"lazy\" decoding=\"async\" class=\"alignright size-medium wp-image-40565\" title=\"bios_cm\" alt=\"\" src=\"https:\/\/i0.wp.com\/vicencianos.org\/wp-content\/2011\/05\/bios_cm-232x300.jpg?resize=232%2C300\" width=\"232\" height=\"300\" \/><\/a>\u00c9sta es una noticia que, hablando humanamente, os debe afligir y a toda la Compa\u00f1\u00eda por la p\u00e9rdida que acaba de causarnos de uno de sus mejores hijos; es nuestro querido hermano Cavellier, a quien Dios quiso llamar a s\u00ed ayer, hacia las nueve de la noche, al quinto d\u00eda de su enfermedad. Tuvimos el honor de escribiros sobre \u00e9l el pasado lunes, sin daros a conocer que esta enfermedad era mortal; desde entonces, el estado en que se ha visto nos ha dado presentimientos de lo sucedido. Adoramos en este encuentro, con una respetuosa sumisi\u00f3n y las dulzuras de la Providencia de Dios sobre su siervo, y los efectos de su justicia sobre m\u00ed que, por mis pecados y mis indignidades, he merecido perderle, para la edificaci\u00f3n y consuelo de los de dentro y de fuera de la casa.<\/p>\n<p>Yo tendr\u00eda en la persona de este querido difunto un amplio tema de que escribiros, si emprendiera haceros la numeraci\u00f3n de todas las virtudes que Nuestro Se\u00f1or hab\u00eda puesto en \u00e9l en un alto grado. Me contentar\u00e9, Se\u00f1or, con deciros en pocas palabras lo que he observado en nuestro querido hermano Cavellier de m\u00e1s importancia, sea en el tiempo de su salud, sea en sus Memorias que he podido leer y transcribir, sea en la enfermedad de que ha muerto.<\/p>\n<p>En primer lugar, he admirado la obediencia y la humildad de este difunto del empleo que ha tenido aqu\u00ed, y que ha aceptado con alegr\u00eda, aunque parezca estar por debajo de \u00e9l, ya que instru\u00eda a nuestros peque\u00f1os cl\u00e9rigos y les ense\u00f1aba la lectura y los elementos de la gram\u00e1tica, \u00e9l que era capaz de dar lecciones de filosof\u00eda y de teolog\u00eda. Ha desempe\u00f1ado tan dignamente este empleo, que ha parecido en los ni\u00f1os un cambio notable para la piedad y la modestia; les inspiraba en particular estas dos virtudes. Era maravillosamente trabajador y lo hac\u00eda todo con mucha exactitud y aplicaci\u00f3n. Ten\u00eda gracia para todos los empleos de la Compa\u00f1\u00eda, y cumpl\u00eda perfectamente bien los que eran conformes a su estado. Ten\u00eda mucho celo por la salvaci\u00f3n de las almas, y parec\u00eda hallarse en su elemento, cuando ten\u00eda ocasi\u00f3n de dar a conocer a Dios, como en la semana santa, cuando le enviamos con otros sacerdotes a dar el catecismo a los pobres que trabajaban en el castillo, para disponerse a comulgar en Pascua. Lo hizo con mucha bendici\u00f3n de todas estas buenas gentes que estaban impresionadas\u00a0 por las palabras de vida que les dec\u00eda con una ardiente caridad. Hablaba de Dios con unci\u00f3n, porque estaba lleno de su esp\u00edritu; la gracia era tan abundante en su alma que brillaba en todos sus sentidos, su modestia atra\u00eda los ojos de todo el mundo, su dulzura se ganaba los corazones, su mortificaci\u00f3n le hac\u00eda insensible a todo clase de curiosidades y diversiones; no iba siquiera a los recreos que la regla nos permite sino con repugnancia, y sent\u00eda alegr\u00eda cuando encontraba alg\u00fan pretexto para dispensarse. Me vino a pedir alguna vez permiso de hacer en ese tiempo sus lecturas espirituales, que dec\u00eda no haber podido hace en otro tiempo, del que era un perfecto ahorrador, as\u00ed se puede decir de \u00e9l: <em>Dies pleni inveniuntur in eo<\/em>; Se puede decir tambi\u00e9n que ha vivido un siglo, aunque no haya vivido m\u00e1s que veintitr\u00e9s a\u00f1os pues, en este intervalo <em>explevit tempora multa<\/em>. No hablo de su exactitud en el reglamento de la Compa\u00f1\u00eda\u00a0 que lo decimos todo si decimos que no le he sorprendido en ninguna falta desde que est\u00e1 aqu\u00ed, y que su fidelidad a Dios y a la regla me ha servido a m\u00ed de reproche continuo por mi negligencia y\u00a0 mi tibieza en cumplir con mis obligaciones. Como el amor que ten\u00eda a la obediencia le llevaba a buscar encuentros para practicarla, la caridad que ten\u00eda para con sus hermanos le suger\u00eda mil inventos para prestarles peque\u00f1os servicios, y con frecuencia me ha venido a pedir permiso de ir a la cocina, a ayudar a nuestros hermanos en los oficios menores, lo que hac\u00eda siempre en silencio y con esa dulzura que hace a los hombres amables, como dice el eclesi\u00e1stico: In mansuetudine opera mea perfice.<\/p>\n<p>Esto es, Se\u00f1or, lo que he advertido en general de nuestro querido hermano. Podr\u00e9 escribiros m\u00e1s cuando hayamos tenido una o dos conferencias sobre las virtudes que los dem\u00e1s hayan podido ver en detalle, seg\u00fan las ocasiones en que lo vieron.<\/p>\n<p>Ahora me voy a hacerle hablar a \u00e9l por sus escritos y por lo que yo he o\u00eddo de su boca en la enfermedad y en su agon\u00eda.<\/p>\n<p>\u00c9stas son dos memorias escritas de su mano y con su sangre, que hab\u00eda recomendado que se quemaran por un principio de humildad; las hemos conservado para nuestra edificaci\u00f3n y para recibir alguna llama de ese fuego divino, del que sus escritos\u00a0 son expresiones ricas y extraordinarias. La primera, que es la m\u00e1s extensa, contiene lo que sigue:<\/p>\n<p style=\"padding-left: 30px\"><em> \u00ab\u00a1Viva Jes\u00fas, vivan Mar\u00eda y san Jos\u00e9!<\/em><\/p>\n<p style=\"padding-left: 30px\"><em> Yo, Antonio Cavellier, constituido en vuestra santa presencia, Dios eterno, Padre Hijo y Esp\u00edritu Santo, habiendo considerado la inmensidad de vuestra bondad en vos mismo y el exceso de vuestra misericordia conmigo he pensado que no deb\u00eda demorar por m\u00e1s tiempo sin declararos el deseo que tengo de ser todo vuestro y de vivir enteramente para vos.<\/em><\/p>\n<p style=\"padding-left: 30px\"><em> Es muy cierto que ya lo he hecho varias veces, pero me pareci\u00f3 a pesar de todo que mi coraz\u00f3n no est\u00e1 satisfecho y que tengo todav\u00eda algo o que yo no os he dado o dado por entero. Oh Dios m\u00edo, \u00a1si tuviera un mill\u00f3n de corazones y todo el amor de los Serafines, tuviere el amor del Esp\u00edritu Santo mismo para amaros como deseo; si tuviera a mi disposici\u00f3n todos los corazones de los hombres, para haceros con ellos un sacrificio de amor! \u00a1Oh, qu\u00e9 feliz ser\u00eda, si el m\u00edo el primero pudiere encender en llamas vuestra ardiente caridad!<\/em><\/p>\n<p style=\"padding-left: 30px\"><em> Desear\u00eda, Dios m\u00edo, tener un mill\u00f3n de vidas para tener el tiempo de ofreceros\u00a0 unos pocos servicios, y desear\u00eda tambi\u00e9n no tener ninguna. Por indigno de vivir en vuestra presencia, \u00a1vos que sois un ser soberano e independiente, ante quien nada merece comparecer! Desear\u00eda, Dios m\u00edo,\u00a0 poder hacer por vos tanto como todos los hombres han hecho, para poder glorificaros en algo, y me gozar\u00eda tambi\u00e9n de no poder, sabiendo que vos os sois suficiente a vos mismo, y que todos los esfuerzos de los hombres no aumentar\u00e1n nunca vuestra gloria ni un solo punto. Deseo sin embargo, oh Dios m\u00edo, Dios eterno, mi Soberano Creador y muy amable bienhechor, deseo honraros de todas las maneras de que soy capaz\u00a0 y no perdonar nada por lo que yo os pueda agradar.<\/em><\/p>\n<p style=\"padding-left: 30px\"><em> Yo quiero, en uni\u00f3n\u00a0 con vuestro muy querido Hijo Jesucristo, mi muy amable Salvador, ofreceros todas mis acciones, todas mis palabras, todos mis pensamientos, y ello en esp\u00edritu de holocausto, en reconocimiento de vuestra soberana grandeza y de vuestra muy adorable majestad, en acci\u00f3n de gracias por todos los favores que he recibido de vuestra liberal mano, y en particular por haberme hecho cristiano y misionero, as\u00ed como por la gran paciencia con la que me hab\u00e9is sufrido y soportado en mis iniquidades sin castigarme, en fin de propiciaci\u00f3n o de satisfacci\u00f3n de todos mis grandes y horribles pecados.<\/em><\/p>\n<p style=\"padding-left: 30px\"><em> Yo deseo que todos los movimientos de mi coraz\u00f3n sean otros tantos actos de una muy ardiente caridad, que todos mis actos sean otros tantos actos de una esperanza muy firme y que todo esto se haga en un vivo esp\u00edritu de fe. Todo ello, no obstante, Dios m\u00edo, es todav\u00eda demasiado poco para satisfacer el deseo que tengo de honraros. \u00a1Querr\u00eda tener un mill\u00f3n de para\u00edsos que presentaros! \u00a1Deseo pues, Dios m\u00edo, daros tanta gloria en cada momento de mi vida como la que hab\u00e9is recibido desde el comienzo del mundo y recibir\u00e9is hasta el final de los siglos! Favoreced, Se\u00f1or, si os place, mi amorosa incapacidad; aceptad los transportes de mi amor incapaz y escuchad vos mismo lo que \u00e9l no puede m\u00e1s que desear.<\/em><\/p>\n<p style=\"padding-left: 30px\"><em> Oh Dios m\u00edo, Dios m\u00edo, mi gran Dios, \u00a1vos sois mi Dios! No deseo otra cosa que a vos y para vos mismo. Aunque no hubiera ni infierno ni para\u00edso, dir\u00eda lo mismo y no querr\u00eda hacer menos. Otorgad, oh mi Dios, si debo ser condenado, como lo he merecido,\u00a0 otorgadme que al menos mi pobre coraz\u00f3n os ame durante el poco tiempo que tiene de vida en este mundo. Sin otra recompensa que el amor; \u00a1sin otra gloria que el amor! Amor, amor, amor. Deseo ser una de las v\u00edctimas de vuestro amor: transfige ergo, Domine, cor meum suavissimo amoris tui vulnere. Oh que esta muerte me sea preciosa, que me sea dulce, \u00a1que me sea m\u00e1s agradable que la vida! Os entrego pues mi libertad, os dedico mi coraz\u00f3n, os ofrezco todos mis afectos\u00a0 en uni\u00f3n del sacrificio de mi muy divino y muy adorable Salvador. <\/em><\/p>\n<p style=\"padding-left: 30px\"><em> Esa es, Dios m\u00edo, mi \u00faltima voluntad, irrevocablemente \u00faltima, que escribo y firmo con mi propia sangre y que querr\u00eda confirmar con mi muerte,\u00a0 en vuestra santa presencia y la de mi muy querido Salvador, y la de la sant\u00edsima Virgen, Madre de Dios, y mi incomparable reina y maestra, y la de su muy querido esposo san Jos\u00e9, en una palabra, a la vista de toda la Iglesia triunfante y militante, de todos los \u00e1ngeles, de todos los ap\u00f3stoles, de todos los m\u00e1rtires, de todas las v\u00edrgenes, y entre otros de mi querido \u00e1ngel custodio, de san Antonio, mi muy querido patr\u00f3n, de san Lorenzo, san Denis, san Vicente, san Clemente, san Agat\u00e1ngelo, san Quint\u00edn. \u00a1Dios m\u00edo, Dios m\u00edo, Dios m\u00edo! \u00a1Yo soy inviolablemente, irrevocablemente y eternamente vuestro!.\u00bb<\/em><\/p>\n<p style=\"padding-left: 30px\">Por debajo se lee: \u00ab<em>\u00a1Viva Jes\u00fas! ANTOINE CAVELLIER<\/em>\u00ab<\/p>\n<p>Y ahora el segundo escrito, que es m\u00e1s corto, pero que no deja de contener excelentes actos de amor y de peticiones. Est\u00e1 escrito con su sangre salvo algunas palabras. Y comienza as\u00ed:<\/p>\n<p style=\"padding-left: 30px\">\u00ab<em>Dios m\u00edo, desear\u00eda dar toda mi sangre por vos. Amen. Amen. \u00a1Viva Jes\u00fas! In Christo, per Christum, ex Christo, cum Christo, pro Christo. Dios m\u00edo, dadme la humildad, la pobreza, la paciencia, la caridad, la gracia de saber sufrir los desprecios y sobre todo de llevar una vida tan oculta, que no haya nadie m\u00e1s que vos para ver el bien y que todo el mal parezca a los hombres es lo que pide vuestra pobre, despreciable, miserable criatura, Antoine Cavellier, por el m\u00e9rito de la sangre de su querido, amable, bien amado salvador Jesucristo.<\/em><\/p>\n<p style=\"padding-left: 30px\"><em>Amen. Deo gracias. Viva Jes\u00fas<\/em>\u00ab.<\/p>\n<p>Luego a\u00f1ade \u00ab<em>Mi Se\u00f1or Jesucristo, os entrego mi libertad, mi coraz\u00f3n, durante el tiempo y la eternidad, y aunque pudiera estar condenado, como lo merezco con justicia, no obstante quiero ser todo vuestro, Antoine Cavellier\u00bb.<\/em><\/p>\n<p><em> <\/em>He aqu\u00ed, Se\u00f1or, los sentimientos\u00a0 m\u00e1s sinceros del alma de este buen siervo de Dios; los podr\u00eda expresar en t\u00e9rminos m\u00e1s fuertes y con caracteres m\u00e1s sensibles, ya que ha querido que su sangre, que se ha sacado con toda seguridad de las venas en abundancia, le sirviera de tinta. Vos le hab\u00e9is visto y nosotros tambi\u00e9n le hemos visto con admiraci\u00f3n, que toda su conducta ha correspondido perfectamente bien a estos afectos generosos, a estos divinos y est\u00e1ticos afectos y resoluciones. Para conocer mejor todav\u00eda el detalle de estas alabanzas\u00a0 que ha dado a Dios, y cu\u00e1les eran sus ocupaciones, hay un extracto de acabo de encontrar en sus cuadernos, donde \u00e9l mismo se prescribe lo que sigue:<\/p>\n<p style=\"padding-left: 30px\"><em>\u00a1Viva Jes\u00fas! \u00a1Viva Mar\u00eda! \u00a1Viva Jos\u00e9! Pr\u00e1cticas de devoci\u00f3n que pretendo guardar inviolablemente, mediante la gracia de Dios.<\/em><\/p>\n<p style=\"padding-left: 30px\"><em> Ir a las horas menores despu\u00e9s de la repetici\u00f3n, si la hay, ir a confesar y luego emplear el tiempo en cosas piadosas hasta las diez. Si no hay repetici\u00f3n podr\u00e9 estudiar hasta las siete, ir a confesarse luego; si no hay comuni\u00f3n, ir simplemente a la misa y a las v\u00edsperas.<\/em><\/p>\n<p style=\"padding-left: 30px\"><em> Decir todos los d\u00edas de fiesta en que hay comuni\u00f3n, el peque\u00f1o oficio de la Virgen, el rosario, las v\u00edsperas del Sant\u00edsimo Sacramento, las letan\u00edas del Santo-Sacramento; los d\u00edas de [504] de primera u segunda clase, no decir m\u00e1s que las v\u00edsperas y las completas de la Virgen; si es una fiesta de la Virgen, decir los siete salmos de la penitencia, en lugar del oficio.<\/em><\/p>\n<p style=\"padding-left: 30px\"><em> Decir todos los lunes las letan\u00edas de los Santos por las almas del purgatorio.<\/em><\/p>\n<p style=\"padding-left: 30px\"><em> Decir todos los mi\u00e9rcoles las v\u00edsperas\u00a0 de los santos \u00c1ngeles.<\/em><\/p>\n<p style=\"padding-left: 30px\"><em> Decir todos los jueves las v\u00edsperas del Santo-Sacramento.<\/em><\/p>\n<p style=\"padding-left: 30px\"><em> Decir todos los viernes el Vesilla Regis, en honor de la Pasi\u00f3n.<\/em><\/p>\n<p style=\"padding-left: 30px\"><em> Decir todos los s\u00e1bados las v\u00edsperas de la sant\u00edsima virgen.<\/em><\/p>\n<p style=\"padding-left: 30px\"><em> Decir todas las semanas algo del librito Dios solo, de Thom\u00e1s de Kempis, de la Introducci\u00f3n<\/em><\/p>\n<p style=\"padding-left: 30px\"><em> Hacer todos los d\u00edas una visita en la capilla de los santos \u00c1ngeles.<\/em><\/p>\n<p style=\"padding-left: 30px\"><em> Decir las oraciones para el escapulario y las otras ant\u00edfonas por la ma\u00f1ana antes de la oraci\u00f3n.<\/em><\/p>\n<p style=\"padding-left: 30px\"><em> Decir todas las semanas el oficio breve de la Virgen o los siete salmos o los graduales por nuestra familia.<\/em><\/p>\n<p style=\"padding-left: 30px\"><em> Tomar tres disciplinas por semana, para honrar a Nuestro Se\u00f1or y para unirme a su estado de muerte y sacrificio; tomar otra por las almas del purgatorio, por mis enemigos, por mis padres.<\/em><\/p>\n<p style=\"padding-left: 30px\"><em> Ofrecer al comenzar mis acciones\u00a0 mi coraz\u00f3n a Dios, darme a Nuestro Se\u00f1or, revestirme de su esp\u00edritu para hacerlas bien.<\/em><\/p>\n<p style=\"padding-left: 30px\"><em> Encontrarme lo menos que pueda en recreaci\u00f3n, cuando tenga causa leg\u00edtima, y si sintiera repugnancia en abstenerme, decir enseguida: \u00abMuerte, sacrificio, aniquilaci\u00f3n\u00bb; y hablar en ella con mucha sobriedad; aniquilar mi propio esp\u00edritu, para que act\u00fae el \u00fanico esp\u00edritu de nuestro Se\u00f1or; tratar a todo el mundo con dulzura y paciencia.<\/em><\/p>\n<p style=\"padding-left: 30px\"><em> Tratar de releer todas las semanas este papel.<\/em><\/p>\n<p style=\"padding-left: 30px\"><em> Tener a menudo ante los ojos a Jesucristo y tomarle por modelo de todas mis acciones; marchar siempre en su santa presencia.<\/em><\/p>\n<p style=\"padding-left: 30px\"><em> Pensar a menudo en la sant\u00edsima Virgen, mi reina, mi emperatriz, mi madre.<\/em><\/p>\n<p style=\"padding-left: 30px\"><em> Pasar bien sobre todos los d\u00edas de comuni\u00f3n y mirar mi cuerpo con gran respeto ese d\u00eda y ser muy modesto en nuestra habitaci\u00f3n.<\/em><\/p>\n<p style=\"padding-left: 30px\"><em> Llevar de continuo una vida de muerte, de aniquilamiento, de sacrificio para honrar la muerte y el sacrificio de Nuestro Se\u00f1or\u00bb.<\/em><\/p>\n<p>He le\u00eddo las meditaciones que ha hecho en el retiro del mes de octubre \u00faltimo, donde expresa sentimientos con la misma fuerza que los que acabamos de decir. El escaso tiempo que me permito para hacer la copia, dir\u00e9 tan s\u00f3lo que los comienza y los acaba siempre por alg\u00fan rasgo de la sagrada Escritura, conforme al hecho, y que contiene un acto de petici\u00f3n, o de acci\u00f3n de gracias o de protesta de ser fiel a Dios, o por alg\u00fan vers\u00edculo de las oraciones de la Iglesia. Todo ello nos hace conocer la plenitud de fe, de piedad, de caridad y de esp\u00edritu que le animaba.<\/p>\n<p>Pero veamos cu\u00e1l ha sido el fin de tan santa vida.<\/p>\n<p>Se sinti\u00f3 indispuesto el s\u00e1bado \u00faltimo despu\u00e9s de la comuni\u00f3n; \u00e9l no dijo nada hasta despu\u00e9s de la cena. Llegada la hora de las v\u00edsperas, me vino a pedir permiso de ausentarse\u00a0 de las v\u00edsperas. Le dije que se fuera a descansar, y mand\u00e9 venir al m\u00e9dico esa misma noche. \u00c9ste le mand\u00f3 sangrar y tomar algunos remedios. Como la fiebre y su dolor aumentaron, se aplicaron los remedios que prescribe el arte. Fue en vano. \u00c9l ha visto su enfermedad como una gracia del cielo que \u00e9l ten\u00eda por muy querida; y como ten\u00eda un gran amor a Nuestro Se\u00f1or sent\u00eda un gran regocijo en sufrir algo a su ejemplo. No manifest\u00f3 ning\u00fan movimiento de impaciencia en su mal que era violento, ni ninguna repugnancia en tomar las medicinas que, en estas ocasiones, son tan inc\u00f3modas y a veces m\u00e1s que la propia enfermedad. Obedec\u00eda a los que le hac\u00edan alg\u00fan servicio por peque\u00f1o que fuese como al Superior, y la fuerza de su esp\u00edritu como el testimonio de su conciencia le han hecho siempre\u00a0 poner un rostro sonriente y una palabra dulce en los m\u00e1s fuertes ardores de la fiebre y en los impulsos que le daba, como otras tantas pu\u00f1aladas, su pleures\u00eda y su dolor de costado. Ten\u00eda el esp\u00edritu y el coraz\u00f3n unidos incesantemente a Dios y dec\u00eda siempre alguna agudeza, cuando le daban alg\u00fan alimento o le aplicaban alg\u00fan remedio. Pidi\u00f3 el domingo por la tarde el vi\u00e1tico, pero lo aplazaron\u00a0 hasta el martes por la ma\u00f1ana; se lo llevaron hacia las dos y lo recibi\u00f3 con todos los sentimientos\u00a0 que un \u00e1ngel podr\u00eda tener, si tuviera esta ventaja.<\/p>\n<p>El mi\u00e9rcoles por la ma\u00f1ana, le dieron la Extrema Unci\u00f3n. La recibi\u00f3 con conocimiento, habiendo conservado el uso de la raz\u00f3n hasta el \u00faltimo suspiro. Cuando se sent\u00eda morir, se dispuso dignamente, por actos de fe, de esperanza, de caridad, de humildad, de contrici\u00f3n, de resignaci\u00f3n, de sacrificio, de anonadamiento, que un alma perfectamente unida a Dios puede producir. El Sr. d\u2019Horgny estuvo a verle. Le pidi\u00f3 su bendici\u00f3n y la aplicaci\u00f3n de las indulgencias concedidas a los misioneros agonizantes. Lo recibi\u00f3 todo con un esp\u00edritu de religi\u00f3n;\u00a0 le confes\u00f3 que se ve\u00eda entre la vida y la muerte, y que si Dios le diera a elegir \u00e9l dir\u00eda con san Pablo: <em>Cupio dissolvi et esse cum Christo<\/em>; que hab\u00eda apariencia\u00a0 de que no se recuperar\u00eda y que bendec\u00eda\u00a0 a Dios porque le pon\u00eda fuera de la ocasi\u00f3n de ofenderle. Como yo no hab\u00eda podido visitarle los d\u00edas anteriores a causa de mi indisposici\u00f3n y de los remedios que hab\u00eda tomado, sintiendo ayer alguna tregua,\u00a0 fui para consolarme con \u00e9l. Me pidi\u00f3 varias cosas: la primera fue que se le concediera la gracia de ser enterrado en el cementerio con los pobres y como a un pobre, todo sin embargo con permiso; es lo que se ha hecho esta ma\u00f1ana, despu\u00e9s de concertarlo. Adem\u00e1s, me recomend\u00f3 que os diera las gracias por la caridad que hab\u00e9is tenido con \u00e9l, y a toda la Compa\u00f1\u00eda por el honor que le ha hecho de ser recibido en ella; ped\u00eda perd\u00f3n a todos por los malos ejemplos que hab\u00eda dado, ya en general como en particular. Luego, le hice acordarse de lo que dijo Nuestro Se\u00f1or en el Evangelio del domingo que viene : <em>Vado ad eum qui misit me<\/em>. Repiti\u00f3 varias veces estas palabras, se\u00f1al de que le gustaban. Le pregunt\u00e9 si no renovaba de buena gana\u00a0 las promesas de su bautismo, y las promesas que hab\u00eda hecho a Dios en la Compa\u00f1\u00eda. \u00ab<em>S\u00ed, me dijo, de buena gana; si no las hubiera hecho, pedir\u00eda como gracia que me las permitieran hacer<\/em>\u00ab. Le hice entonces recordar que hab\u00edamos hecho las primeras v\u00edsperas de san Miguel; le invoc\u00f3 primero y dijo que esperaba en su protecci\u00f3n, ya que la Iglesia dice que tiene esta gracia de recibir a las personas que salen de esta vida para ser presentadas a Dios: <em>Archangele Michael, constitui te principem super omnes animas suscipiendas<\/em>. Como le dieron de beber mientras que yo estaba a su lado, y cost\u00e1ndole trabajo tragar, despu\u00e9s del esfuerzo por tomarlo todo, pues se le recomendaba, se volvi\u00f3 hacia m\u00ed y me dijo sonriendo: \u00ab<em>Esto me cuesta m\u00e1s de tres o cuatro intentos bien sensibles<\/em>\u00ab. Al preguntarle qu\u00e9 sentimiento ten\u00eda de estos trances me dijo que se los ofrec\u00eda de coraz\u00f3n a Nuestro Se\u00f1or, en uni\u00f3n de aquellos clavos con los que le clavaron en la cruz por su amor. Me retir\u00e9 para dejarle reposar, pero no pod\u00eda hacerlo y suspiraba sin parar manifestando un rayo de su fe, o un acto de esperanza, o una chispa de su caridad, o un abandono de su vida, o un asomo de una canci\u00f3n. Yo le he o\u00eddo decir esto: \u00ab<em>Oh Christe, amor meus suavissime, amantissime, miserere mei\u00bb<\/em>; despu\u00e9s, como si sintiera indignaci\u00f3n porque nuestro Se\u00f1or no es conocido y amado de todos los hombres, dec\u00eda: <em>\u00abOh mundanos, \u00bfen qu\u00e9 pens\u00e1is? Ay, \u00bfpor qu\u00e9 no amar a Jes\u00fas, por qu\u00e9 detenerse en bagatelas<\/em>?\u00bb Y despu\u00e9s, clavando los ojos en su crucifijo, tomaba a Jesucristo como a un soberano pastor y dec\u00eda que esta palabra, donde \u00e9l se presenta como un buen pastor era capaz de fundir en amor los corazones de los hombres, viendo el de Nuestro Se\u00f1or que ten\u00eda tanto por ellos. Luego dijo al hermano que estaba a su lado: \u00ab<em>Hermano, pidamos a Dios; digamos el Miserere\u00bb.<\/em> El hermano respondi\u00f3 que le incomodar\u00eda: \u00ab<em>En efecto, <\/em>respondi\u00f3, <em>el m\u00e9dico me lo ha recetado, pedid pues a Dios por m\u00ed<\/em>\u00ab. Enseguida comenz\u00f3 a producir actos, diciendo que no pod\u00eda por menos y que le hac\u00eda bien. Tras la cena, vinieron a decirme que estaba muy mal y que parec\u00eda entrar en la agon\u00eda. Me present\u00e9, por no poder el Sr. d\u2019Horgny prestarle los \u00faltimos oficios debido a su indisposici\u00f3n. Las \u00faltimas palabras que me dijo fueron que le recomendara a las oraciones de la Compa\u00f1\u00eda. A continuaci\u00f3n pronunci\u00f3 tres veces el santo nombre de Jes\u00fas, dijo un acto de contrici\u00f3n, bes\u00f3 el crucifijo con amor y dijo estas palabras de san Pablo: <em>Mihi vivere Christus est et mori lucrum, Christo confixus sum cruci. <\/em>Fueron sus \u00faltimas palabras. Hicimos las recomendaciones del alma, que ya se le hab\u00edan le\u00eddo y a las cuales hab\u00eda respondido. Le leyeron la pasi\u00f3n de nuestro Se\u00f1or; toda la compa\u00f1\u00eda se junt\u00f3; hicimos el examen general al pie de su lecho, y cuando llegamos al <em>De profundis<\/em>,\u00a0 expir\u00f3. Recitamos el <em>Subvenite<\/em>.<\/p>\n<p>As\u00ed fue, Se\u00f1or, como este buen hijo ha entregado el alma, adornada con todas las virtudes cristianas y eclesi\u00e1sticas, enriquecida con gracias y bendiciones, despojada de todas las falsas m\u00e1ximas del mundo, conforme, en una palabra, a la imagen del Hijo de Dios, con lo que no nos cabe la duda de que goza de la gloria a la que aspiramos. La p\u00e9rdida de un s\u00fabdito tan bueno me es sensible y me ha costado l\u00e1grimas como si fuera mi propio hermano; pero me siento consolado y fortalecido por las seguridades m\u00e1s que morales que nos ha dado de su salvaci\u00f3n, y por la confianza que nos ser\u00e1 m\u00e1s \u00fatil en el cielo que en la tierra, y no me queda m\u00e1s que pedir al Se\u00f1or que me d\u00e9 la gracia de aprovecharme de un tan raro ejemplo de virtud.<\/p>\n<p style=\"text-align: right\"><em>Trad. M\u00e1ximo Agust\u00edn<\/em><\/p>\n","protected":false},"excerpt":{"rendered":"<p>\u00c9sta es una noticia que, hablando humanamente, os debe afligir y a toda la Compa\u00f1\u00eda por la p\u00e9rdida que acaba de causarnos de uno de sus mejores hijos; es nuestro querido hermano Cavellier, a quien &#8230; <a href=\"https:\/\/vincentians.com\/es\/antonio-cavellier-1640-1664\/\" class=\"more-link\">Read More<\/a><\/p>\n","protected":false},"author":5,"featured_media":391249,"comment_status":"open","ping_status":"open","sticky":false,"template":"","format":"standard","meta":{"jetpack_post_was_ever_published":false,"_jetpack_newsletter_access":"","_jetpack_dont_email_post_to_subs":false,"_jetpack_newsletter_tier_id":0,"_jetpack_memberships_contains_paywalled_content":false,"_jetpack_memberships_contains_paid_content":false,"footnotes":"","jetpack_publicize_message":"","jetpack_publicize_feature_enabled":true,"jetpack_social_post_already_shared":true,"jetpack_social_options":{"image_generator_settings":{"template":"highway","default_image_id":0,"font":"","enabled":false},"version":2}},"categories":[19],"tags":[148,172],"class_list":["post-18102","post","type-post","status-publish","format-standard","has-post-thumbnail","hentry","category-biografias-de-misioneros-paules","tag-clichy","tag-pobreza"],"yoast_head":"<!-- This site is optimized with the Yoast SEO plugin v26.3 - https:\/\/yoast.com\/wordpress\/plugins\/seo\/ -->\n<title>Antonio Cavellier (1640-1664) - Somos Vicencianos<\/title>\n<meta name=\"robots\" content=\"index, follow, max-snippet:-1, max-image-preview:large, max-video-preview:-1\" \/>\n<link rel=\"canonical\" href=\"https:\/\/vincentians.com\/es\/antonio-cavellier-1640-1664\/\" \/>\n<meta property=\"og:locale\" content=\"es_ES\" \/>\n<meta property=\"og:type\" content=\"article\" \/>\n<meta property=\"og:title\" content=\"Antonio Cavellier (1640-1664) - Somos Vicencianos\" \/>\n<meta property=\"og:description\" content=\"\u00c9sta es una noticia que, hablando humanamente, os debe afligir y a toda la Compa\u00f1\u00eda por la p\u00e9rdida que acaba de causarnos de uno de sus mejores hijos; es nuestro querido hermano Cavellier, a quien ... Read More\" \/>\n<meta property=\"og:url\" content=\"https:\/\/vincentians.com\/es\/antonio-cavellier-1640-1664\/\" \/>\n<meta property=\"og:site_name\" content=\"Somos Vicencianos\" \/>\n<meta property=\"article:publisher\" content=\"https:\/\/www.facebook.com\/WeAreVincentians\/\" \/>\n<meta property=\"article:published_time\" content=\"2013-11-11T07:00:00+00:00\" \/>\n<meta property=\"article:modified_time\" content=\"2016-07-27T10:10:23+00:00\" \/>\n<meta property=\"og:image\" content=\"https:\/\/i0.wp.com\/vincentians.com\/es\/wp-content\/uploads\/sites\/11\/2016\/07\/bio-cm.jpg?fit=1200%2C630&ssl=1\" \/>\n\t<meta property=\"og:image:width\" content=\"1200\" \/>\n\t<meta property=\"og:image:height\" content=\"630\" \/>\n\t<meta property=\"og:image:type\" content=\"image\/jpeg\" \/>\n<meta name=\"author\" content=\"Mitxel Olabu\u00e9naga\" \/>\n<meta name=\"twitter:card\" content=\"summary_large_image\" \/>\n<meta name=\"twitter:creator\" content=\"@WeVincentians\" \/>\n<meta name=\"twitter:site\" content=\"@WeVincentians\" \/>\n<meta name=\"twitter:label1\" content=\"Escrito por\" \/>\n\t<meta name=\"twitter:data1\" content=\"Mitxel Olabu\u00e9naga\" \/>\n\t<meta name=\"twitter:label2\" content=\"Tiempo de lectura\" \/>\n\t<meta name=\"twitter:data2\" content=\"20 minutos\" \/>\n<script type=\"application\/ld+json\" class=\"yoast-schema-graph\">{\"@context\":\"https:\/\/schema.org\",\"@graph\":[{\"@type\":\"Article\",\"@id\":\"https:\/\/vincentians.com\/es\/antonio-cavellier-1640-1664\/#article\",\"isPartOf\":{\"@id\":\"https:\/\/vincentians.com\/es\/antonio-cavellier-1640-1664\/\"},\"author\":{\"name\":\"Mitxel Olabu\u00e9naga\",\"@id\":\"http:\/\/vincentians.com\/es\/#\/schema\/person\/7c2670b4445a7ca9d164ea6acdb31859\"},\"headline\":\"Antonio Cavellier (1640-1664)\",\"datePublished\":\"2013-11-11T07:00:00+00:00\",\"dateModified\":\"2016-07-27T10:10:23+00:00\",\"mainEntityOfPage\":{\"@id\":\"https:\/\/vincentians.com\/es\/antonio-cavellier-1640-1664\/\"},\"wordCount\":4041,\"commentCount\":0,\"publisher\":{\"@id\":\"http:\/\/vincentians.com\/es\/#organization\"},\"image\":{\"@id\":\"https:\/\/vincentians.com\/es\/antonio-cavellier-1640-1664\/#primaryimage\"},\"thumbnailUrl\":\"https:\/\/i0.wp.com\/vincentians.com\/es\/wp-content\/uploads\/sites\/11\/2016\/07\/bio-cm.jpg?fit=1200%2C630&ssl=1\",\"keywords\":[\"Clichy\",\"Pobreza\"],\"articleSection\":[\"Biograf\u00edas de Misioneros Pa\u00fales\"],\"inLanguage\":\"es\",\"potentialAction\":[{\"@type\":\"CommentAction\",\"name\":\"Comment\",\"target\":[\"https:\/\/vincentians.com\/es\/antonio-cavellier-1640-1664\/#respond\"]}]},{\"@type\":\"WebPage\",\"@id\":\"https:\/\/vincentians.com\/es\/antonio-cavellier-1640-1664\/\",\"url\":\"https:\/\/vincentians.com\/es\/antonio-cavellier-1640-1664\/\",\"name\":\"Antonio Cavellier (1640-1664) - Somos Vicencianos\",\"isPartOf\":{\"@id\":\"http:\/\/vincentians.com\/es\/#website\"},\"primaryImageOfPage\":{\"@id\":\"https:\/\/vincentians.com\/es\/antonio-cavellier-1640-1664\/#primaryimage\"},\"image\":{\"@id\":\"https:\/\/vincentians.com\/es\/antonio-cavellier-1640-1664\/#primaryimage\"},\"thumbnailUrl\":\"https:\/\/i0.wp.com\/vincentians.com\/es\/wp-content\/uploads\/sites\/11\/2016\/07\/bio-cm.jpg?fit=1200%2C630&ssl=1\",\"datePublished\":\"2013-11-11T07:00:00+00:00\",\"dateModified\":\"2016-07-27T10:10:23+00:00\",\"breadcrumb\":{\"@id\":\"https:\/\/vincentians.com\/es\/antonio-cavellier-1640-1664\/#breadcrumb\"},\"inLanguage\":\"es\",\"potentialAction\":[{\"@type\":\"ReadAction\",\"target\":[\"https:\/\/vincentians.com\/es\/antonio-cavellier-1640-1664\/\"]}]},{\"@type\":\"ImageObject\",\"inLanguage\":\"es\",\"@id\":\"https:\/\/vincentians.com\/es\/antonio-cavellier-1640-1664\/#primaryimage\",\"url\":\"https:\/\/i0.wp.com\/vincentians.com\/es\/wp-content\/uploads\/sites\/11\/2016\/07\/bio-cm.jpg?fit=1200%2C630&ssl=1\",\"contentUrl\":\"https:\/\/i0.wp.com\/vincentians.com\/es\/wp-content\/uploads\/sites\/11\/2016\/07\/bio-cm.jpg?fit=1200%2C630&ssl=1\",\"width\":1200,\"height\":630},{\"@type\":\"BreadcrumbList\",\"@id\":\"https:\/\/vincentians.com\/es\/antonio-cavellier-1640-1664\/#breadcrumb\",\"itemListElement\":[{\"@type\":\"ListItem\",\"position\":1,\"name\":\"Portada\",\"item\":\"http:\/\/vincentians.com\/es\/\"},{\"@type\":\"ListItem\",\"position\":2,\"name\":\"Antonio Cavellier (1640-1664)\"}]},{\"@type\":\"WebSite\",\"@id\":\"http:\/\/vincentians.com\/es\/#website\",\"url\":\"http:\/\/vincentians.com\/es\/\",\"name\":\"Somos Vicencianos\",\"description\":\"Know more to serve more\",\"publisher\":{\"@id\":\"http:\/\/vincentians.com\/es\/#organization\"},\"potentialAction\":[{\"@type\":\"SearchAction\",\"target\":{\"@type\":\"EntryPoint\",\"urlTemplate\":\"http:\/\/vincentians.com\/es\/?s={search_term_string}\"},\"query-input\":{\"@type\":\"PropertyValueSpecification\",\"valueRequired\":true,\"valueName\":\"search_term_string\"}}],\"inLanguage\":\"es\"},{\"@type\":\"Organization\",\"@id\":\"http:\/\/vincentians.com\/es\/#organization\",\"name\":\"The Vincentian Network\",\"url\":\"http:\/\/vincentians.com\/es\/\",\"logo\":{\"@type\":\"ImageObject\",\"inLanguage\":\"es\",\"@id\":\"http:\/\/vincentians.com\/es\/#\/schema\/logo\/image\/\",\"url\":\"https:\/\/i1.wp.com\/vincentians.com\/es\/wp-content\/uploads\/sites\/11\/2016\/06\/Vincentian-Network-logo-big.png?fit=778%2C778\",\"contentUrl\":\"https:\/\/i1.wp.com\/vincentians.com\/es\/wp-content\/uploads\/sites\/11\/2016\/06\/Vincentian-Network-logo-big.png?fit=778%2C778\",\"width\":778,\"height\":778,\"caption\":\"The Vincentian Network\"},\"image\":{\"@id\":\"http:\/\/vincentians.com\/es\/#\/schema\/logo\/image\/\"},\"sameAs\":[\"https:\/\/www.facebook.com\/WeAreVincentians\/\",\"https:\/\/x.com\/WeVincentians\"]},{\"@type\":\"Person\",\"@id\":\"http:\/\/vincentians.com\/es\/#\/schema\/person\/7c2670b4445a7ca9d164ea6acdb31859\",\"name\":\"Mitxel Olabu\u00e9naga\",\"image\":{\"@type\":\"ImageObject\",\"inLanguage\":\"es\",\"@id\":\"http:\/\/vincentians.com\/es\/#\/schema\/person\/image\/\",\"url\":\"https:\/\/secure.gravatar.com\/avatar\/34137ec2e2b8939cbbed975731e71f3f4f1defc7266ded337a5ce0f925426877?s=96&d=mm&r=g\",\"contentUrl\":\"https:\/\/secure.gravatar.com\/avatar\/34137ec2e2b8939cbbed975731e71f3f4f1defc7266ded337a5ce0f925426877?s=96&d=mm&r=g\",\"caption\":\"Mitxel Olabu\u00e9naga\"},\"url\":\"https:\/\/vincentians.com\/es\/author\/mitxel\/\"}]}<\/script>\n<!-- \/ Yoast SEO plugin. -->","yoast_head_json":{"title":"Antonio Cavellier (1640-1664) - Somos Vicencianos","robots":{"index":"index","follow":"follow","max-snippet":"max-snippet:-1","max-image-preview":"max-image-preview:large","max-video-preview":"max-video-preview:-1"},"canonical":"https:\/\/vincentians.com\/es\/antonio-cavellier-1640-1664\/","og_locale":"es_ES","og_type":"article","og_title":"Antonio Cavellier (1640-1664) - Somos Vicencianos","og_description":"\u00c9sta es una noticia que, hablando humanamente, os debe afligir y a toda la Compa\u00f1\u00eda por la p\u00e9rdida que acaba de causarnos de uno de sus mejores hijos; es nuestro querido hermano Cavellier, a quien ... Read More","og_url":"https:\/\/vincentians.com\/es\/antonio-cavellier-1640-1664\/","og_site_name":"Somos Vicencianos","article_publisher":"https:\/\/www.facebook.com\/WeAreVincentians\/","article_published_time":"2013-11-11T07:00:00+00:00","article_modified_time":"2016-07-27T10:10:23+00:00","og_image":[{"width":1200,"height":630,"url":"https:\/\/i0.wp.com\/vincentians.com\/es\/wp-content\/uploads\/sites\/11\/2016\/07\/bio-cm.jpg?fit=1200%2C630&ssl=1","type":"image\/jpeg"}],"author":"Mitxel Olabu\u00e9naga","twitter_card":"summary_large_image","twitter_creator":"@WeVincentians","twitter_site":"@WeVincentians","twitter_misc":{"Escrito por":"Mitxel Olabu\u00e9naga","Tiempo de lectura":"20 minutos"},"schema":{"@context":"https:\/\/schema.org","@graph":[{"@type":"Article","@id":"https:\/\/vincentians.com\/es\/antonio-cavellier-1640-1664\/#article","isPartOf":{"@id":"https:\/\/vincentians.com\/es\/antonio-cavellier-1640-1664\/"},"author":{"name":"Mitxel Olabu\u00e9naga","@id":"http:\/\/vincentians.com\/es\/#\/schema\/person\/7c2670b4445a7ca9d164ea6acdb31859"},"headline":"Antonio Cavellier (1640-1664)","datePublished":"2013-11-11T07:00:00+00:00","dateModified":"2016-07-27T10:10:23+00:00","mainEntityOfPage":{"@id":"https:\/\/vincentians.com\/es\/antonio-cavellier-1640-1664\/"},"wordCount":4041,"commentCount":0,"publisher":{"@id":"http:\/\/vincentians.com\/es\/#organization"},"image":{"@id":"https:\/\/vincentians.com\/es\/antonio-cavellier-1640-1664\/#primaryimage"},"thumbnailUrl":"https:\/\/i0.wp.com\/vincentians.com\/es\/wp-content\/uploads\/sites\/11\/2016\/07\/bio-cm.jpg?fit=1200%2C630&ssl=1","keywords":["Clichy","Pobreza"],"articleSection":["Biograf\u00edas de Misioneros Pa\u00fales"],"inLanguage":"es","potentialAction":[{"@type":"CommentAction","name":"Comment","target":["https:\/\/vincentians.com\/es\/antonio-cavellier-1640-1664\/#respond"]}]},{"@type":"WebPage","@id":"https:\/\/vincentians.com\/es\/antonio-cavellier-1640-1664\/","url":"https:\/\/vincentians.com\/es\/antonio-cavellier-1640-1664\/","name":"Antonio Cavellier (1640-1664) - Somos Vicencianos","isPartOf":{"@id":"http:\/\/vincentians.com\/es\/#website"},"primaryImageOfPage":{"@id":"https:\/\/vincentians.com\/es\/antonio-cavellier-1640-1664\/#primaryimage"},"image":{"@id":"https:\/\/vincentians.com\/es\/antonio-cavellier-1640-1664\/#primaryimage"},"thumbnailUrl":"https:\/\/i0.wp.com\/vincentians.com\/es\/wp-content\/uploads\/sites\/11\/2016\/07\/bio-cm.jpg?fit=1200%2C630&ssl=1","datePublished":"2013-11-11T07:00:00+00:00","dateModified":"2016-07-27T10:10:23+00:00","breadcrumb":{"@id":"https:\/\/vincentians.com\/es\/antonio-cavellier-1640-1664\/#breadcrumb"},"inLanguage":"es","potentialAction":[{"@type":"ReadAction","target":["https:\/\/vincentians.com\/es\/antonio-cavellier-1640-1664\/"]}]},{"@type":"ImageObject","inLanguage":"es","@id":"https:\/\/vincentians.com\/es\/antonio-cavellier-1640-1664\/#primaryimage","url":"https:\/\/i0.wp.com\/vincentians.com\/es\/wp-content\/uploads\/sites\/11\/2016\/07\/bio-cm.jpg?fit=1200%2C630&ssl=1","contentUrl":"https:\/\/i0.wp.com\/vincentians.com\/es\/wp-content\/uploads\/sites\/11\/2016\/07\/bio-cm.jpg?fit=1200%2C630&ssl=1","width":1200,"height":630},{"@type":"BreadcrumbList","@id":"https:\/\/vincentians.com\/es\/antonio-cavellier-1640-1664\/#breadcrumb","itemListElement":[{"@type":"ListItem","position":1,"name":"Portada","item":"http:\/\/vincentians.com\/es\/"},{"@type":"ListItem","position":2,"name":"Antonio Cavellier (1640-1664)"}]},{"@type":"WebSite","@id":"http:\/\/vincentians.com\/es\/#website","url":"http:\/\/vincentians.com\/es\/","name":"Somos Vicencianos","description":"Know more to serve more","publisher":{"@id":"http:\/\/vincentians.com\/es\/#organization"},"potentialAction":[{"@type":"SearchAction","target":{"@type":"EntryPoint","urlTemplate":"http:\/\/vincentians.com\/es\/?s={search_term_string}"},"query-input":{"@type":"PropertyValueSpecification","valueRequired":true,"valueName":"search_term_string"}}],"inLanguage":"es"},{"@type":"Organization","@id":"http:\/\/vincentians.com\/es\/#organization","name":"The Vincentian Network","url":"http:\/\/vincentians.com\/es\/","logo":{"@type":"ImageObject","inLanguage":"es","@id":"http:\/\/vincentians.com\/es\/#\/schema\/logo\/image\/","url":"https:\/\/i1.wp.com\/vincentians.com\/es\/wp-content\/uploads\/sites\/11\/2016\/06\/Vincentian-Network-logo-big.png?fit=778%2C778","contentUrl":"https:\/\/i1.wp.com\/vincentians.com\/es\/wp-content\/uploads\/sites\/11\/2016\/06\/Vincentian-Network-logo-big.png?fit=778%2C778","width":778,"height":778,"caption":"The Vincentian Network"},"image":{"@id":"http:\/\/vincentians.com\/es\/#\/schema\/logo\/image\/"},"sameAs":["https:\/\/www.facebook.com\/WeAreVincentians\/","https:\/\/x.com\/WeVincentians"]},{"@type":"Person","@id":"http:\/\/vincentians.com\/es\/#\/schema\/person\/7c2670b4445a7ca9d164ea6acdb31859","name":"Mitxel Olabu\u00e9naga","image":{"@type":"ImageObject","inLanguage":"es","@id":"http:\/\/vincentians.com\/es\/#\/schema\/person\/image\/","url":"https:\/\/secure.gravatar.com\/avatar\/34137ec2e2b8939cbbed975731e71f3f4f1defc7266ded337a5ce0f925426877?s=96&d=mm&r=g","contentUrl":"https:\/\/secure.gravatar.com\/avatar\/34137ec2e2b8939cbbed975731e71f3f4f1defc7266ded337a5ce0f925426877?s=96&d=mm&r=g","caption":"Mitxel Olabu\u00e9naga"},"url":"https:\/\/vincentians.com\/es\/author\/mitxel\/"}]}},"jetpack_publicize_connections":[],"jetpack_featured_media_url":"https:\/\/i0.wp.com\/vincentians.com\/es\/wp-content\/uploads\/sites\/11\/2016\/07\/bio-cm.jpg?fit=1200%2C630&ssl=1","jetpack_sharing_enabled":true,"jetpack_shortlink":"https:\/\/wp.me\/p7ETMF-4HY","jetpack-related-posts":[{"id":115706,"url":"https:\/\/vincentians.com\/es\/luisa-de-marillac-carta-0669-a-sor-maria-donion\/","url_meta":{"origin":18102,"position":0},"title":"Luisa de Marillac, Carta 0669: A Sor Mar\u00eda Donion","author":"Francisco Javier Fern\u00e1ndez Chento","date":"11\/12\/2012","format":false,"excerpt":"Hija de la Caridad Sierva de los Pobres Enfermos Brienne Hoy, 8 de enero de 1659 Mi querida Hermana: No dude de que pienso con frecuencia en usted, con pena por saber est\u00e1 sola, aunque tengo gran confianza en la direcci\u00f3n de Dios y de su Angel de la guarda,\u2026","rel":"","context":"En \u00abEscritos de Luisa de Marillac\u00bb","block_context":{"text":"Escritos de Luisa de Marillac","link":"https:\/\/vincentians.com\/es\/category\/escritos\/escritos-de-luisa-de-marillac\/"},"img":{"alt_text":"","src":"https:\/\/i0.wp.com\/vincentians.com\/es\/wp-content\/uploads\/sites\/11\/2016\/07\/escritos-luisa-de-marillac.jpg?fit=1200%2C630&ssl=1&resize=350%2C200","width":350,"height":200,"srcset":"https:\/\/i0.wp.com\/vincentians.com\/es\/wp-content\/uploads\/sites\/11\/2016\/07\/escritos-luisa-de-marillac.jpg?fit=1200%2C630&ssl=1&resize=350%2C200 1x, https:\/\/i0.wp.com\/vincentians.com\/es\/wp-content\/uploads\/sites\/11\/2016\/07\/escritos-luisa-de-marillac.jpg?fit=1200%2C630&ssl=1&resize=525%2C300 1.5x, https:\/\/i0.wp.com\/vincentians.com\/es\/wp-content\/uploads\/sites\/11\/2016\/07\/escritos-luisa-de-marillac.jpg?fit=1200%2C630&ssl=1&resize=700%2C400 2x, https:\/\/i0.wp.com\/vincentians.com\/es\/wp-content\/uploads\/sites\/11\/2016\/07\/escritos-luisa-de-marillac.jpg?fit=1200%2C630&ssl=1&resize=1050%2C600 3x"},"classes":[]},{"id":190809,"url":"https:\/\/vincentians.com\/es\/13o-domingo-de-t-o-reflexion-de-javier-balda-c-m\/","url_meta":{"origin":18102,"position":1},"title":"13\u00ba Domingo de T.O. (reflexi\u00f3n de Javier Balda, C.M.)","author":"Francisco Javier Fern\u00e1ndez Chento","date":"26\/06\/2015","format":false,"excerpt":"El milagro, signo de fe Ante el problema del dolor, de la enfermedad y de la misma muerte, miles de preguntas han revoloteado y cuestionado el pensamiento humano y seguir\u00e1n revoloteando por muchas mentes intentando encontrar una raz\u00f3n convincente para sus inteligencias. Y, al no hallarla, seguiremos sin entender, seguiremos\u2026","rel":"","context":"En \u00abHomil\u00edas y reflexiones, A\u00f1o B\u00bb","block_context":{"text":"Homil\u00edas y reflexiones, A\u00f1o B","link":"https:\/\/vincentians.com\/es\/category\/homilias-y-reflexiones-a-la-palabra-de-dios\/homilias-y-reflexiones-ano-b\/"},"img":{"alt_text":"","src":"https:\/\/i0.wp.com\/vincentians.com\/es\/wp-content\/uploads\/sites\/11\/2016\/07\/reflexiones-palabra-de-dios.jpg?fit=1200%2C630&ssl=1&resize=350%2C200","width":350,"height":200,"srcset":"https:\/\/i0.wp.com\/vincentians.com\/es\/wp-content\/uploads\/sites\/11\/2016\/07\/reflexiones-palabra-de-dios.jpg?fit=1200%2C630&ssl=1&resize=350%2C200 1x, https:\/\/i0.wp.com\/vincentians.com\/es\/wp-content\/uploads\/sites\/11\/2016\/07\/reflexiones-palabra-de-dios.jpg?fit=1200%2C630&ssl=1&resize=525%2C300 1.5x, https:\/\/i0.wp.com\/vincentians.com\/es\/wp-content\/uploads\/sites\/11\/2016\/07\/reflexiones-palabra-de-dios.jpg?fit=1200%2C630&ssl=1&resize=700%2C400 2x, https:\/\/i0.wp.com\/vincentians.com\/es\/wp-content\/uploads\/sites\/11\/2016\/07\/reflexiones-palabra-de-dios.jpg?fit=1200%2C630&ssl=1&resize=1050%2C600 3x"},"classes":[]},{"id":122037,"url":"https:\/\/vincentians.com\/es\/vicente-de-paul-carta-1140-a-santiago-norais\/","url_meta":{"origin":18102,"position":2},"title":"Vicente de Pa\u00fal, Carta 1140: A Santiago Norais","author":"Francisco Javier Fern\u00e1ndez Chento","date":"07\/05\/2013","format":false,"excerpt":"[Fr\u00e9neville], 5 febrero 1649. Se\u00f1or: La gracia de Nuestro Se\u00f1or sea siempre con nosotros. \u00a1Dios m\u00edo! \u00a1Cu\u00e1nto he sentido y siento en estos momentos el dolor y la p\u00e9rdida que usted ha sufrido en el saqueo a su casa de Orsigny! Le confieso, se\u00f1or, que los da\u00f1os que hemos recibido\u2026","rel":"","context":"En \u00abEscritos de Vicente de Pa\u00fal\u00bb","block_context":{"text":"Escritos de Vicente de Pa\u00fal","link":"https:\/\/vincentians.com\/es\/category\/escritos\/escritos-de-vicente-de-paul\/"},"img":{"alt_text":"","src":"https:\/\/i0.wp.com\/vincentians.com\/es\/wp-content\/uploads\/sites\/11\/2016\/07\/escritos-vicente-de-paul.jpg?fit=1200%2C630&ssl=1&resize=350%2C200","width":350,"height":200,"srcset":"https:\/\/i0.wp.com\/vincentians.com\/es\/wp-content\/uploads\/sites\/11\/2016\/07\/escritos-vicente-de-paul.jpg?fit=1200%2C630&ssl=1&resize=350%2C200 1x, https:\/\/i0.wp.com\/vincentians.com\/es\/wp-content\/uploads\/sites\/11\/2016\/07\/escritos-vicente-de-paul.jpg?fit=1200%2C630&ssl=1&resize=525%2C300 1.5x, https:\/\/i0.wp.com\/vincentians.com\/es\/wp-content\/uploads\/sites\/11\/2016\/07\/escritos-vicente-de-paul.jpg?fit=1200%2C630&ssl=1&resize=700%2C400 2x, https:\/\/i0.wp.com\/vincentians.com\/es\/wp-content\/uploads\/sites\/11\/2016\/07\/escritos-vicente-de-paul.jpg?fit=1200%2C630&ssl=1&resize=1050%2C600 3x"},"classes":[]},{"id":115917,"url":"https:\/\/vincentians.com\/es\/obrero-de-la-primera-hora-padre-portail-en-mosaico-vi\/","url_meta":{"origin":18102,"position":3},"title":"Obrero de la primera hora: Padre Portail en mosaico (VI)","author":"Francisco Javier Fern\u00e1ndez Chento","date":"28\/05\/2021","format":false,"excerpt":"6. Renacimiento para la Vida La salud del Padre Portail oscilaba bastante (cf. SV I,526; V,588; VI,191). Todav\u00eda en 1640, San Vicente da noticias de un problema que le afectaba a la vista (cf. SV I,288). Con el pasar de los a\u00f1os, los achaques aumentan, no s\u00f3lo para Portail, como\u2026","rel":"","context":"En \u00abEn tiempos de Vicente de Pa\u00fal\u00bb","block_context":{"text":"En tiempos de Vicente de Pa\u00fal","link":"https:\/\/vincentians.com\/es\/category\/historia-de-la-familia-vicenciana\/en-tiempos-de-vicente-de-paul\/"},"img":{"alt_text":"","src":"https:\/\/i0.wp.com\/vincentians.com\/es\/wp-content\/uploads\/sites\/11\/2016\/09\/enviados-evangelizar-pobres.jpg?fit=1200%2C630&ssl=1&resize=350%2C200","width":350,"height":200,"srcset":"https:\/\/i0.wp.com\/vincentians.com\/es\/wp-content\/uploads\/sites\/11\/2016\/09\/enviados-evangelizar-pobres.jpg?fit=1200%2C630&ssl=1&resize=350%2C200 1x, https:\/\/i0.wp.com\/vincentians.com\/es\/wp-content\/uploads\/sites\/11\/2016\/09\/enviados-evangelizar-pobres.jpg?fit=1200%2C630&ssl=1&resize=525%2C300 1.5x, https:\/\/i0.wp.com\/vincentians.com\/es\/wp-content\/uploads\/sites\/11\/2016\/09\/enviados-evangelizar-pobres.jpg?fit=1200%2C630&ssl=1&resize=700%2C400 2x, https:\/\/i0.wp.com\/vincentians.com\/es\/wp-content\/uploads\/sites\/11\/2016\/09\/enviados-evangelizar-pobres.jpg?fit=1200%2C630&ssl=1&resize=1050%2C600 3x"},"classes":[]},{"id":398952,"url":"https:\/\/vincentians.com\/es\/vicente-paul-carta-1330-esteban-blatiron-superior-genova\/","url_meta":{"origin":18102,"position":4},"title":"Vicente de Pa\u00fal, Carta 1330: A Esteban Blatiron, Superior de G\u00e9nova","author":"Francisco Javier Fern\u00e1ndez Chento","date":"29\/08\/2016","format":false,"excerpt":"14 de octubre de 1650 Me preocupa mucho la enfermedad del padre... y me extra\u00f1a mucho que pida ir a Mil\u00e1n, habiendo como hay en G\u00e9nova tan buenos m\u00e9dicos y cirujanos. Si insiste, d\u00edgale que me escribir\u00e1 usted sobre ello, tal como se lo he pedido. Entretanto m\u00e1ndeme informes concretos\u2026","rel":"","context":"En \u00abEscritos de Vicente de Pa\u00fal\u00bb","block_context":{"text":"Escritos de Vicente de Pa\u00fal","link":"https:\/\/vincentians.com\/es\/category\/escritos\/escritos-de-vicente-de-paul\/"},"img":{"alt_text":"","src":"https:\/\/i0.wp.com\/vincentians.com\/es\/wp-content\/uploads\/sites\/11\/2016\/07\/escritos-vicente-de-paul.jpg?fit=1200%2C630&ssl=1&resize=350%2C200","width":350,"height":200,"srcset":"https:\/\/i0.wp.com\/vincentians.com\/es\/wp-content\/uploads\/sites\/11\/2016\/07\/escritos-vicente-de-paul.jpg?fit=1200%2C630&ssl=1&resize=350%2C200 1x, https:\/\/i0.wp.com\/vincentians.com\/es\/wp-content\/uploads\/sites\/11\/2016\/07\/escritos-vicente-de-paul.jpg?fit=1200%2C630&ssl=1&resize=525%2C300 1.5x, https:\/\/i0.wp.com\/vincentians.com\/es\/wp-content\/uploads\/sites\/11\/2016\/07\/escritos-vicente-de-paul.jpg?fit=1200%2C630&ssl=1&resize=700%2C400 2x, https:\/\/i0.wp.com\/vincentians.com\/es\/wp-content\/uploads\/sites\/11\/2016\/07\/escritos-vicente-de-paul.jpg?fit=1200%2C630&ssl=1&resize=1050%2C600 3x"},"classes":[]},{"id":133796,"url":"https:\/\/vincentians.com\/es\/amador-saez-2\/","url_meta":{"origin":18102,"position":5},"title":"Amador Sa\u00e9z","author":"Mitxel Olabu\u00e9naga","date":"04\/01\/2015","format":false,"excerpt":"Ayer (10 de noviembre de 2014), el P. Amador, no como un \"Le\u00f3n\" Magno, sino como un dulce corderillo, sin fuerza, mir\u00e1ndonos con dulzura y sin \u00e1nimos para batallar, \u00a1hasta se puede decir que hab\u00eda perdido su energ\u00eda aragonesa, de la que no quer\u00eda desprenderse!, se nos fue al encuentro\u2026","rel":"","context":"En \u00abBiograf\u00edas de Misioneros Pa\u00fales\u00bb","block_context":{"text":"Biograf\u00edas de Misioneros Pa\u00fales","link":"https:\/\/vincentians.com\/es\/category\/la-familia-vicenciana\/biografias-vicencianas\/biografias-de-misioneros-paules\/"},"img":{"alt_text":"","src":"https:\/\/i0.wp.com\/vincentians.com\/es\/wp-content\/uploads\/sites\/11\/2016\/07\/bio-cm.jpg?fit=1200%2C630&ssl=1&resize=350%2C200","width":350,"height":200,"srcset":"https:\/\/i0.wp.com\/vincentians.com\/es\/wp-content\/uploads\/sites\/11\/2016\/07\/bio-cm.jpg?fit=1200%2C630&ssl=1&resize=350%2C200 1x, https:\/\/i0.wp.com\/vincentians.com\/es\/wp-content\/uploads\/sites\/11\/2016\/07\/bio-cm.jpg?fit=1200%2C630&ssl=1&resize=525%2C300 1.5x, https:\/\/i0.wp.com\/vincentians.com\/es\/wp-content\/uploads\/sites\/11\/2016\/07\/bio-cm.jpg?fit=1200%2C630&ssl=1&resize=700%2C400 2x, https:\/\/i0.wp.com\/vincentians.com\/es\/wp-content\/uploads\/sites\/11\/2016\/07\/bio-cm.jpg?fit=1200%2C630&ssl=1&resize=1050%2C600 3x"},"classes":[]}],"_links":{"self":[{"href":"https:\/\/vincentians.com\/es\/wp-json\/wp\/v2\/posts\/18102","targetHints":{"allow":["GET"]}}],"collection":[{"href":"https:\/\/vincentians.com\/es\/wp-json\/wp\/v2\/posts"}],"about":[{"href":"https:\/\/vincentians.com\/es\/wp-json\/wp\/v2\/types\/post"}],"author":[{"embeddable":true,"href":"https:\/\/vincentians.com\/es\/wp-json\/wp\/v2\/users\/5"}],"replies":[{"embeddable":true,"href":"https:\/\/vincentians.com\/es\/wp-json\/wp\/v2\/comments?post=18102"}],"version-history":[{"count":0,"href":"https:\/\/vincentians.com\/es\/wp-json\/wp\/v2\/posts\/18102\/revisions"}],"wp:featuredmedia":[{"embeddable":true,"href":"https:\/\/vincentians.com\/es\/wp-json\/wp\/v2\/media\/391249"}],"wp:attachment":[{"href":"https:\/\/vincentians.com\/es\/wp-json\/wp\/v2\/media?parent=18102"}],"wp:term":[{"taxonomy":"category","embeddable":true,"href":"https:\/\/vincentians.com\/es\/wp-json\/wp\/v2\/categories?post=18102"},{"taxonomy":"post_tag","embeddable":true,"href":"https:\/\/vincentians.com\/es\/wp-json\/wp\/v2\/tags?post=18102"}],"curies":[{"name":"wp","href":"https:\/\/api.w.org\/{rel}","templated":true}]}}