{"id":18085,"date":"2018-05-17T08:25:38","date_gmt":"2018-05-17T06:25:38","guid":{"rendered":"http:\/\/somos.vicencianos.org\/blog\/?p=18085"},"modified":"2018-04-30T10:20:47","modified_gmt":"2018-04-30T08:20:47","slug":"apostolado-del-saber","status":"publish","type":"post","link":"https:\/\/vincentians.com\/es\/apostolado-del-saber\/","title":{"rendered":"Apostolado del saber"},"content":{"rendered":"<p>Uno puede ser vicenciano de mil modos. Del vicencianismo dec\u00eda el P. Dodin que es un estilo, mas por <em>estilo <\/em>hay que entender ah\u00ed una configuraci\u00f3n integral de la vida. Vicencianamente modelada, la vida selecciona luego, por connaturalidad, los campos de acci\u00f3n. O m\u00e1s bien: hay mil campos de acci\u00f3n que seleccionan, reclaman vidas modeladas a lo vicenciano. He ah\u00ed c\u00f3mo, desde 1911, un grupo de \u00abnormalistas\u00bb (alumnos de <em>l&#8217;\u00c9cole Normale Sup\u00edrieure, <\/em>en la parisina rue d&#8217;Ulm) va en busca del P. Portal, para hacer de \u00e9l una especie de capell\u00e1n adoptivo. Es m\u00e1s, se lee en las relaciones de los normalistas, que Portal blasonaba algo de no haber puesto nunca los pies en aquella <em>\u00c9cole.<\/em><\/p>\n<p>Jean Guitton, cuyos lazos de afinidad con el vicencianismo son tantos y tan estrechos, da una vez noticia humor\u00edstica de la referida <em>\u00c9cole <\/em>(en su libro, 1988, <em>Un si\u00e9cle, une vie, <\/em>pp. 83 ss.). Guitton, pues, refiere c\u00f3mo, durante el cautiverio nazi, que sufr\u00eda tambi\u00e9n Lord Dunboyne, \u00e9ste quiso saber un d\u00eda por qu\u00e9 llamaban <em>Normale <\/em>a l&#8217;\u00c9cole. \u00abNo habiendo ya en Francia \u2014explica Guitton\u2014 nobleza hereditaria, entran en l&#8217;\u00c9cole aquellos j\u00f3venes franceses que se estiman convocados a las cumbres\u00bb. A lo cual responde Lord Duri-boyne, consecuente con su temple brit\u00e1nico: \u00abSeg\u00fan eso l&#8217;\u00c9cole es ciertamente <em>Superieure, <\/em>pero en modo alguno Normale\u00bb.<\/p>\n<p>El mero buen sentido sabe que la superioridad del saber no es un fin para s\u00ed misma, sino que ha de servir a sus inferiores. Menos a\u00fan lo ignoraba Portal, vicencianamente concientizado. Portal impuls\u00f3 con gran eficacia este servicio intelectual: hasta Dunboyne habr\u00eda convenido en que <em>normaliz\u00f3 <\/em>\u2014cuanto estuvo en mano de \u00e9l\u2014 las diferencias; con una nota particular en la que todos son contestes, la discreci\u00f3n exquisita.<\/p>\n<p>\u00abSu acci\u00f3n\u00bb, escrib\u00eda en 1947 un normalista, \u00abconsist\u00eda menos en dirigir que en proteger&#8230;\u00bb Portal les dec\u00eda: \u00abSed doctos y llevad vida religiosa; eso ser\u00e1 un apostolado\u00bb. Y otro conocedor atestigua que, de entre sus adictos, unos participaban en las Conferencias de San Vicente, otros en los que llega\u00adr\u00edan a ser <em>Equipes Sociales.<\/em><\/p>\n<p>El apostolado del saber est\u00e1 ahora consagrado vicencianamente en la per\u00adsona de Ozanam, de quien es la siguiente cita: \u00abEn la humilde medida de mis fuerzas, contin\u00fao trabajando por la alianza de la ciencia y de la fe, de la Igle\u00adsia y de la libertad, cual espero que emerja de las tormentas del siglo XIX\u00bb. Y citado Ozanam, \u00bfc\u00f3mo omitir un eslab\u00f3n, literalmente geneal\u00f3gico, en la cadena que alcanza a nuestros tiempos? Comenzado julio de 1891, la hija de Ozanam, de casada Madame Laurent Laporte, hac\u00eda relaci\u00f3n puntual a 011\u00e9-Laprune, profesor de filosof\u00eda en nuestra Ecole Normale Superieure: Que en el Coll\u00e9ge Stanislas&#8230; \u00abjam\u00e1s se hab\u00eda visto un profesor parejo\u00bb (a Maurice Blondel). Que encanta. Que hace el bien, por el ejemplo, el celo, la palabra, el consejo, todo lo que \u00e9l es. Blondel estaba solo supliendo por tres meses al titular.<\/p>\n<p>Le\u00f3n Oll\u00e9-Laprune (1839-1898) es otro eslab\u00f3n de aquella cadena. En 1897 ser\u00eda elegido miembro de la Academia de Ciencias Pol\u00edticas y Morales. Blondel llama a 011\u00e9-Laprune \u00abcaro maestro\u00bb, y 011\u00e9-Laprune considera como \u00abhijo\u00bb a Blondel, el cual anota con orgullo en su diario (4 de marzo, 1890) la primera vez que 011\u00e9-Laprune se dirige a \u00e9l por su nombre de pila, Maurice. 011\u00e9-Laprune figura entre la pl\u00e9yade de intelectuales que, hu\u00e9spe\u00addes del P. Fiat y, claro es, del P. Portal, agasajan al ecumenista anglicano Lord Halifax en 95, rue de S\u00e9vres, del 27 de febrero al 3 de marzo, 1896. El <em>Dic\u00ad<\/em><em>tionnaire de Spiritualit\u00e9, t. <\/em>VI, c. 782, dice que, paralelamente a como el pen\u00adsamiento de Blondel hall\u00f3 el camino libre merced a lo ya escrito por Gratry, Gratry fue asimismo el inspirador de una influyente obra de 011\u00e9-Laprune, <em>La <\/em><em>Certitude morale.<\/em><\/p>\n<p>El P. Gratry (1805-1872) es el restaurador del Oratorio (1852), que, ir\u00f3ni\u00adcamente, har\u00e1 que pida el <em>dimittimus <\/em>en agosto de 1870 por haber polemizado contra la infalibilidad del papa (un a\u00f1o despu\u00e9s se someter\u00eda p\u00fablicamente al decreto <em>Pastor aeternus, <\/em>y con el cardenalato de su hijo espiritual, A. Perraud, Le\u00f3n XIII har\u00eda adem\u00e1n de rehabilitarle). Gratry, pues, hab\u00eda dirigido el <em>Sta\u00adnislas <\/em>del 41 al 46, y estuvo relacionado con Ozanam, quien ense\u00f1aba all\u00ed re\u00adt\u00f3rica Administrador mediocre, cambi\u00f3 el puesto por la capellan\u00eda de (\u00bfc\u00f3mo no?) l&#8217;\u00c9cole Normale Sup\u00e1ieure (hasta el 51, cuando tuvo que dimitir, por\u00adque habiendo atacado el hegelianismo del director, Vacherot, \u00e9ste fue desti\u00adtuido por el ministro Thiers).<\/p>\n<p>Ahora bien, la idea del Oratorio restaurado, tal como Gratry se la hab\u00eda fingido, fue experimentada, a muy otros efectos, en 1901, por el (tambi\u00e9n oratoriano) P. Laberthonni\u00e8re. \u00c9ste convoc\u00f3 a Portal, pero Portal se comprometi\u00f3 s\u00f3lo a animar una secci\u00f3n, la dedicada a la uni\u00f3n de las iglesias, con su <em>Revue catholique des Eglises. <\/em>Hubo luego una <em>Soci\u00e9t\u00e9 Gratly, <\/em>cuyo objeto era separar el pensamiento cat\u00f3lico de las adherencias nacionalistas, e ir echando los fundamentos de un orden internacional regulado por el arbitraje. A nombre de esta <em>Soci\u00e9t\u00e9 <\/em>exped\u00eda Portal libros, folletos y revistas, con desti-no a un exponente de ella que resid\u00eda en Petrogrado, Pierre Pascal.<\/p>\n<p>He invocado lazos geneal\u00f3gicos, de afinidad, de adopci\u00f3n: ellos ramifi-can, reticulan el vicencianismo. Pues bien, existe todav\u00eda otro t\u00edtulo al que deseo apelar: el de cooptaci\u00f3n. En efecto, fue por cooptaci\u00f3n como, en el ve-rano de 1924, los <em>doctos <\/em>del R Portal recibieron por aclamaci\u00f3n en su gremio a Antoine Martel, que ocupar\u00eda la c\u00e1tedra de ruso en la universidad de Lille. Era de Besancon, donde naci\u00f3 en 1889. En 1920 hab\u00eda salido <em>primero <\/em>en las pruebas sorbonenses de \u00abagr\u00e9gation\u00bb. Especial campo de su estudio fueron los dialectos ucra\u00ednos. Becado por la Fundaci\u00f3n Thiers, se familiariza con Polonia. Despu\u00e9s establece contacto con Portal y da a los normalistas de \u00e9ste una conferencia sobre las iglesias orientales. Martel llegar\u00e1 a hacerse legatario de la herencia ecum\u00e9nica portaliana.<\/p>\n<p>De este Martel, cuyos colegas describen como pura y simple donaci\u00f3n de s\u00ed, se conocen algunos rasgos que resaltan a maravilla lo distintivo del apostolado intelectual. Por temperamento, Martel propend\u00eda a la aspereza, a la tensi\u00f3n, a la gravedad; y llamar\u00edamos <em>portalismo <\/em>al ejercicio, al m\u00e9todo que fue cincelando un Martel fraternal y amigable. Muri\u00f3 prematuramente en 1930; pero he aqu\u00ed una frase suya que nos habla como un lema: \u00abTengamos \u2014dice\u2014 aquel amor que haga eficaces nuestra fe y nuestra esperanza\u00bb.<\/p>\n","protected":false},"excerpt":{"rendered":"<p>Uno puede ser vicenciano de mil modos. Del vicencianismo dec\u00eda el P. Dodin que es un estilo, mas por estilo hay que entender ah\u00ed una configuraci\u00f3n integral de la vida. Vicencianamente modelada, la vida selecciona &#8230; <a href=\"https:\/\/vincentians.com\/es\/apostolado-del-saber\/\" class=\"more-link\">Read More<\/a><\/p>\n","protected":false},"author":4,"featured_media":400001,"comment_status":"open","ping_status":"open","sticky":false,"template":"","format":"standard","meta":{"jetpack_post_was_ever_published":false,"_jetpack_newsletter_access":"","_jetpack_dont_email_post_to_subs":false,"_jetpack_newsletter_tier_id":0,"_jetpack_memberships_contains_paywalled_content":false,"_jetpack_memberships_contains_paid_content":false,"footnotes":"","jetpack_publicize_message":"","jetpack_publicize_feature_enabled":true,"jetpack_social_post_already_shared":true,"jetpack_social_options":{"image_generator_settings":{"template":"highway","default_image_id":0,"font":"","enabled":false},"version":2}},"categories":[28],"tags":[261],"class_list":["post-18085","post","type-post","status-publish","format-standard","has-post-thumbnail","hentry","category-formacion-vicenciana","tag-jean-guitton"],"yoast_head":"<!-- This site is optimized with the Yoast SEO plugin v26.3 - https:\/\/yoast.com\/wordpress\/plugins\/seo\/ -->\n<title>Apostolado del saber - Somos Vicencianos<\/title>\n<meta name=\"robots\" content=\"index, follow, max-snippet:-1, max-image-preview:large, max-video-preview:-1\" \/>\n<link rel=\"canonical\" href=\"https:\/\/vincentians.com\/es\/apostolado-del-saber\/\" \/>\n<meta property=\"og:locale\" content=\"es_ES\" \/>\n<meta property=\"og:type\" content=\"article\" \/>\n<meta property=\"og:title\" content=\"Apostolado del saber - Somos Vicencianos\" \/>\n<meta property=\"og:description\" content=\"Uno puede ser vicenciano de mil modos. Del vicencianismo dec\u00eda el P. Dodin que es un estilo, mas por estilo hay que entender ah\u00ed una configuraci\u00f3n integral de la vida. Vicencianamente modelada, la vida selecciona ... Read More\" \/>\n<meta property=\"og:url\" content=\"https:\/\/vincentians.com\/es\/apostolado-del-saber\/\" \/>\n<meta property=\"og:site_name\" content=\"Somos Vicencianos\" \/>\n<meta property=\"article:publisher\" content=\"https:\/\/www.facebook.com\/WeAreVincentians\/\" \/>\n<meta property=\"article:author\" content=\"https:\/\/www.facebook.com\/JavierChento\" \/>\n<meta property=\"article:published_time\" content=\"2018-05-17T06:25:38+00:00\" \/>\n<meta property=\"og:image\" content=\"https:\/\/i0.wp.com\/vincentians.com\/es\/wp-content\/uploads\/sites\/11\/2016\/09\/revolucion-francesa.jpg?fit=1600%2C840&ssl=1\" \/>\n\t<meta property=\"og:image:width\" content=\"1600\" \/>\n\t<meta property=\"og:image:height\" content=\"840\" \/>\n\t<meta property=\"og:image:type\" content=\"image\/jpeg\" \/>\n<meta name=\"author\" content=\"Francisco Javier Fern\u00e1ndez Chento\" \/>\n<meta name=\"twitter:card\" content=\"summary_large_image\" \/>\n<meta name=\"twitter:creator\" content=\"@https:\/\/twitter.com\/javierchento\" \/>\n<meta name=\"twitter:site\" content=\"@WeVincentians\" \/>\n<meta name=\"twitter:label1\" content=\"Escrito por\" \/>\n\t<meta name=\"twitter:data1\" content=\"Francisco Javier Fern\u00e1ndez Chento\" \/>\n\t<meta name=\"twitter:label2\" content=\"Tiempo de lectura\" \/>\n\t<meta name=\"twitter:data2\" content=\"6 minutos\" \/>\n<script type=\"application\/ld+json\" class=\"yoast-schema-graph\">{\"@context\":\"https:\/\/schema.org\",\"@graph\":[{\"@type\":\"Article\",\"@id\":\"https:\/\/vincentians.com\/es\/apostolado-del-saber\/#article\",\"isPartOf\":{\"@id\":\"https:\/\/vincentians.com\/es\/apostolado-del-saber\/\"},\"author\":{\"name\":\"Francisco Javier Fern\u00e1ndez Chento\",\"@id\":\"http:\/\/vincentians.com\/es\/#\/schema\/person\/9623ef4d9aa3b2dfb8c061f1499288f2\"},\"headline\":\"Apostolado del saber\",\"datePublished\":\"2018-05-17T06:25:38+00:00\",\"mainEntityOfPage\":{\"@id\":\"https:\/\/vincentians.com\/es\/apostolado-del-saber\/\"},\"wordCount\":1134,\"commentCount\":0,\"publisher\":{\"@id\":\"http:\/\/vincentians.com\/es\/#organization\"},\"image\":{\"@id\":\"https:\/\/vincentians.com\/es\/apostolado-del-saber\/#primaryimage\"},\"thumbnailUrl\":\"https:\/\/i0.wp.com\/vincentians.com\/es\/wp-content\/uploads\/sites\/11\/2016\/09\/revolucion-francesa.jpg?fit=1600%2C840&ssl=1\",\"keywords\":[\"Jean Guitton\"],\"articleSection\":[\"Formaci\u00f3n Vicenciana\"],\"inLanguage\":\"es\",\"potentialAction\":[{\"@type\":\"CommentAction\",\"name\":\"Comment\",\"target\":[\"https:\/\/vincentians.com\/es\/apostolado-del-saber\/#respond\"]}]},{\"@type\":\"WebPage\",\"@id\":\"https:\/\/vincentians.com\/es\/apostolado-del-saber\/\",\"url\":\"https:\/\/vincentians.com\/es\/apostolado-del-saber\/\",\"name\":\"Apostolado del saber - Somos Vicencianos\",\"isPartOf\":{\"@id\":\"http:\/\/vincentians.com\/es\/#website\"},\"primaryImageOfPage\":{\"@id\":\"https:\/\/vincentians.com\/es\/apostolado-del-saber\/#primaryimage\"},\"image\":{\"@id\":\"https:\/\/vincentians.com\/es\/apostolado-del-saber\/#primaryimage\"},\"thumbnailUrl\":\"https:\/\/i0.wp.com\/vincentians.com\/es\/wp-content\/uploads\/sites\/11\/2016\/09\/revolucion-francesa.jpg?fit=1600%2C840&ssl=1\",\"datePublished\":\"2018-05-17T06:25:38+00:00\",\"breadcrumb\":{\"@id\":\"https:\/\/vincentians.com\/es\/apostolado-del-saber\/#breadcrumb\"},\"inLanguage\":\"es\",\"potentialAction\":[{\"@type\":\"ReadAction\",\"target\":[\"https:\/\/vincentians.com\/es\/apostolado-del-saber\/\"]}]},{\"@type\":\"ImageObject\",\"inLanguage\":\"es\",\"@id\":\"https:\/\/vincentians.com\/es\/apostolado-del-saber\/#primaryimage\",\"url\":\"https:\/\/i0.wp.com\/vincentians.com\/es\/wp-content\/uploads\/sites\/11\/2016\/09\/revolucion-francesa.jpg?fit=1600%2C840&ssl=1\",\"contentUrl\":\"https:\/\/i0.wp.com\/vincentians.com\/es\/wp-content\/uploads\/sites\/11\/2016\/09\/revolucion-francesa.jpg?fit=1600%2C840&ssl=1\",\"width\":1600,\"height\":840},{\"@type\":\"BreadcrumbList\",\"@id\":\"https:\/\/vincentians.com\/es\/apostolado-del-saber\/#breadcrumb\",\"itemListElement\":[{\"@type\":\"ListItem\",\"position\":1,\"name\":\"Portada\",\"item\":\"http:\/\/vincentians.com\/es\/\"},{\"@type\":\"ListItem\",\"position\":2,\"name\":\"Apostolado del saber\"}]},{\"@type\":\"WebSite\",\"@id\":\"http:\/\/vincentians.com\/es\/#website\",\"url\":\"http:\/\/vincentians.com\/es\/\",\"name\":\"Somos Vicencianos\",\"description\":\"Know more to serve more\",\"publisher\":{\"@id\":\"http:\/\/vincentians.com\/es\/#organization\"},\"potentialAction\":[{\"@type\":\"SearchAction\",\"target\":{\"@type\":\"EntryPoint\",\"urlTemplate\":\"http:\/\/vincentians.com\/es\/?s={search_term_string}\"},\"query-input\":{\"@type\":\"PropertyValueSpecification\",\"valueRequired\":true,\"valueName\":\"search_term_string\"}}],\"inLanguage\":\"es\"},{\"@type\":\"Organization\",\"@id\":\"http:\/\/vincentians.com\/es\/#organization\",\"name\":\"The Vincentian Network\",\"url\":\"http:\/\/vincentians.com\/es\/\",\"logo\":{\"@type\":\"ImageObject\",\"inLanguage\":\"es\",\"@id\":\"http:\/\/vincentians.com\/es\/#\/schema\/logo\/image\/\",\"url\":\"https:\/\/i1.wp.com\/vincentians.com\/es\/wp-content\/uploads\/sites\/11\/2016\/06\/Vincentian-Network-logo-big.png?fit=778%2C778\",\"contentUrl\":\"https:\/\/i1.wp.com\/vincentians.com\/es\/wp-content\/uploads\/sites\/11\/2016\/06\/Vincentian-Network-logo-big.png?fit=778%2C778\",\"width\":778,\"height\":778,\"caption\":\"The Vincentian Network\"},\"image\":{\"@id\":\"http:\/\/vincentians.com\/es\/#\/schema\/logo\/image\/\"},\"sameAs\":[\"https:\/\/www.facebook.com\/WeAreVincentians\/\",\"https:\/\/x.com\/WeVincentians\"]},{\"@type\":\"Person\",\"@id\":\"http:\/\/vincentians.com\/es\/#\/schema\/person\/9623ef4d9aa3b2dfb8c061f1499288f2\",\"name\":\"Francisco Javier Fern\u00e1ndez Chento\",\"image\":{\"@type\":\"ImageObject\",\"inLanguage\":\"es\",\"@id\":\"http:\/\/vincentians.com\/es\/#\/schema\/person\/image\/\",\"url\":\"https:\/\/secure.gravatar.com\/avatar\/497d5cde87b4c3d097d0315953521681ba2cd523ee66e5077c3711f7021e65de?s=96&d=mm&r=g\",\"contentUrl\":\"https:\/\/secure.gravatar.com\/avatar\/497d5cde87b4c3d097d0315953521681ba2cd523ee66e5077c3711f7021e65de?s=96&d=mm&r=g\",\"caption\":\"Francisco Javier Fern\u00e1ndez Chento\"},\"description\":\"Director General y cofundador de La Red de Formaci\u00f3n Vicenciana. Javier es laico vicenciano, afiliado a la Congregaci\u00f3n de la Misi\u00f3n y miembro del Equipo de Misiones Populares de la provincia can\u00f3nica de Zaragoza (Espa\u00f1a) de la Congregaci\u00f3n de la Misi\u00f3n. Graduado en la Universidad Oberta de Catalunya con cuatro grados (Asistente de direcci\u00f3n, Gesti\u00f3n Administrativa, Recursos Humanos y Contabilidad Avanzada). Bil\u00edng\u00fce Espa\u00f1ol\/Ingl\u00e9s. gestiona y mantiene varias p\u00e1ginas web cristianas y vicencianas, incluida including La Red de Formaci\u00f3n Vicenciana, de la que es cofundador. Actualmente es responsable del \u00e1rea de Espa\u00f1ol de .famvin, la Red de Noticias de la Familia Vicenciana. Tambi\u00e9n es m\u00fasico cat\u00f3lico y ha editado varios discos. Es Director General y cofundador de Trovador, una reconocida compa\u00f1\u00eda discogr\u00e1fica critiana de Espa\u00f1a. Trabaja en las Tecnolog\u00edas de la Informaci\u00f3n, ofreciendo servicios de alojamiento, dise\u00f1o y mantenimiento Web, as\u00ed como asesoramiento, formaci\u00f3n y soluciones inform\u00e1ticas, gesti\u00f3n documental y digitalizaci\u00f3n de textos, edici\u00f3n y maquetaci\u00f3n de libros, revistas, flyers, etc.\",\"sameAs\":[\"http:\/\/chento.org\",\"https:\/\/www.facebook.com\/JavierChento\",\"https:\/\/x.com\/https:\/\/twitter.com\/javierchento\"],\"url\":\"https:\/\/vincentians.com\/es\/author\/chento\/\"}]}<\/script>\n<!-- \/ Yoast SEO plugin. -->","yoast_head_json":{"title":"Apostolado del saber - Somos Vicencianos","robots":{"index":"index","follow":"follow","max-snippet":"max-snippet:-1","max-image-preview":"max-image-preview:large","max-video-preview":"max-video-preview:-1"},"canonical":"https:\/\/vincentians.com\/es\/apostolado-del-saber\/","og_locale":"es_ES","og_type":"article","og_title":"Apostolado del saber - Somos Vicencianos","og_description":"Uno puede ser vicenciano de mil modos. Del vicencianismo dec\u00eda el P. Dodin que es un estilo, mas por estilo hay que entender ah\u00ed una configuraci\u00f3n integral de la vida. Vicencianamente modelada, la vida selecciona ... Read More","og_url":"https:\/\/vincentians.com\/es\/apostolado-del-saber\/","og_site_name":"Somos Vicencianos","article_publisher":"https:\/\/www.facebook.com\/WeAreVincentians\/","article_author":"https:\/\/www.facebook.com\/JavierChento","article_published_time":"2018-05-17T06:25:38+00:00","og_image":[{"width":1600,"height":840,"url":"https:\/\/i0.wp.com\/vincentians.com\/es\/wp-content\/uploads\/sites\/11\/2016\/09\/revolucion-francesa.jpg?fit=1600%2C840&ssl=1","type":"image\/jpeg"}],"author":"Francisco Javier Fern\u00e1ndez Chento","twitter_card":"summary_large_image","twitter_creator":"@https:\/\/twitter.com\/javierchento","twitter_site":"@WeVincentians","twitter_misc":{"Escrito por":"Francisco Javier Fern\u00e1ndez Chento","Tiempo de lectura":"6 minutos"},"schema":{"@context":"https:\/\/schema.org","@graph":[{"@type":"Article","@id":"https:\/\/vincentians.com\/es\/apostolado-del-saber\/#article","isPartOf":{"@id":"https:\/\/vincentians.com\/es\/apostolado-del-saber\/"},"author":{"name":"Francisco Javier Fern\u00e1ndez Chento","@id":"http:\/\/vincentians.com\/es\/#\/schema\/person\/9623ef4d9aa3b2dfb8c061f1499288f2"},"headline":"Apostolado del saber","datePublished":"2018-05-17T06:25:38+00:00","mainEntityOfPage":{"@id":"https:\/\/vincentians.com\/es\/apostolado-del-saber\/"},"wordCount":1134,"commentCount":0,"publisher":{"@id":"http:\/\/vincentians.com\/es\/#organization"},"image":{"@id":"https:\/\/vincentians.com\/es\/apostolado-del-saber\/#primaryimage"},"thumbnailUrl":"https:\/\/i0.wp.com\/vincentians.com\/es\/wp-content\/uploads\/sites\/11\/2016\/09\/revolucion-francesa.jpg?fit=1600%2C840&ssl=1","keywords":["Jean Guitton"],"articleSection":["Formaci\u00f3n Vicenciana"],"inLanguage":"es","potentialAction":[{"@type":"CommentAction","name":"Comment","target":["https:\/\/vincentians.com\/es\/apostolado-del-saber\/#respond"]}]},{"@type":"WebPage","@id":"https:\/\/vincentians.com\/es\/apostolado-del-saber\/","url":"https:\/\/vincentians.com\/es\/apostolado-del-saber\/","name":"Apostolado del saber - Somos Vicencianos","isPartOf":{"@id":"http:\/\/vincentians.com\/es\/#website"},"primaryImageOfPage":{"@id":"https:\/\/vincentians.com\/es\/apostolado-del-saber\/#primaryimage"},"image":{"@id":"https:\/\/vincentians.com\/es\/apostolado-del-saber\/#primaryimage"},"thumbnailUrl":"https:\/\/i0.wp.com\/vincentians.com\/es\/wp-content\/uploads\/sites\/11\/2016\/09\/revolucion-francesa.jpg?fit=1600%2C840&ssl=1","datePublished":"2018-05-17T06:25:38+00:00","breadcrumb":{"@id":"https:\/\/vincentians.com\/es\/apostolado-del-saber\/#breadcrumb"},"inLanguage":"es","potentialAction":[{"@type":"ReadAction","target":["https:\/\/vincentians.com\/es\/apostolado-del-saber\/"]}]},{"@type":"ImageObject","inLanguage":"es","@id":"https:\/\/vincentians.com\/es\/apostolado-del-saber\/#primaryimage","url":"https:\/\/i0.wp.com\/vincentians.com\/es\/wp-content\/uploads\/sites\/11\/2016\/09\/revolucion-francesa.jpg?fit=1600%2C840&ssl=1","contentUrl":"https:\/\/i0.wp.com\/vincentians.com\/es\/wp-content\/uploads\/sites\/11\/2016\/09\/revolucion-francesa.jpg?fit=1600%2C840&ssl=1","width":1600,"height":840},{"@type":"BreadcrumbList","@id":"https:\/\/vincentians.com\/es\/apostolado-del-saber\/#breadcrumb","itemListElement":[{"@type":"ListItem","position":1,"name":"Portada","item":"http:\/\/vincentians.com\/es\/"},{"@type":"ListItem","position":2,"name":"Apostolado del saber"}]},{"@type":"WebSite","@id":"http:\/\/vincentians.com\/es\/#website","url":"http:\/\/vincentians.com\/es\/","name":"Somos Vicencianos","description":"Know more to serve more","publisher":{"@id":"http:\/\/vincentians.com\/es\/#organization"},"potentialAction":[{"@type":"SearchAction","target":{"@type":"EntryPoint","urlTemplate":"http:\/\/vincentians.com\/es\/?s={search_term_string}"},"query-input":{"@type":"PropertyValueSpecification","valueRequired":true,"valueName":"search_term_string"}}],"inLanguage":"es"},{"@type":"Organization","@id":"http:\/\/vincentians.com\/es\/#organization","name":"The Vincentian Network","url":"http:\/\/vincentians.com\/es\/","logo":{"@type":"ImageObject","inLanguage":"es","@id":"http:\/\/vincentians.com\/es\/#\/schema\/logo\/image\/","url":"https:\/\/i1.wp.com\/vincentians.com\/es\/wp-content\/uploads\/sites\/11\/2016\/06\/Vincentian-Network-logo-big.png?fit=778%2C778","contentUrl":"https:\/\/i1.wp.com\/vincentians.com\/es\/wp-content\/uploads\/sites\/11\/2016\/06\/Vincentian-Network-logo-big.png?fit=778%2C778","width":778,"height":778,"caption":"The Vincentian Network"},"image":{"@id":"http:\/\/vincentians.com\/es\/#\/schema\/logo\/image\/"},"sameAs":["https:\/\/www.facebook.com\/WeAreVincentians\/","https:\/\/x.com\/WeVincentians"]},{"@type":"Person","@id":"http:\/\/vincentians.com\/es\/#\/schema\/person\/9623ef4d9aa3b2dfb8c061f1499288f2","name":"Francisco Javier Fern\u00e1ndez Chento","image":{"@type":"ImageObject","inLanguage":"es","@id":"http:\/\/vincentians.com\/es\/#\/schema\/person\/image\/","url":"https:\/\/secure.gravatar.com\/avatar\/497d5cde87b4c3d097d0315953521681ba2cd523ee66e5077c3711f7021e65de?s=96&d=mm&r=g","contentUrl":"https:\/\/secure.gravatar.com\/avatar\/497d5cde87b4c3d097d0315953521681ba2cd523ee66e5077c3711f7021e65de?s=96&d=mm&r=g","caption":"Francisco Javier Fern\u00e1ndez Chento"},"description":"Director General y cofundador de La Red de Formaci\u00f3n Vicenciana. Javier es laico vicenciano, afiliado a la Congregaci\u00f3n de la Misi\u00f3n y miembro del Equipo de Misiones Populares de la provincia can\u00f3nica de Zaragoza (Espa\u00f1a) de la Congregaci\u00f3n de la Misi\u00f3n. Graduado en la Universidad Oberta de Catalunya con cuatro grados (Asistente de direcci\u00f3n, Gesti\u00f3n Administrativa, Recursos Humanos y Contabilidad Avanzada). Bil\u00edng\u00fce Espa\u00f1ol\/Ingl\u00e9s. gestiona y mantiene varias p\u00e1ginas web cristianas y vicencianas, incluida including La Red de Formaci\u00f3n Vicenciana, de la que es cofundador. Actualmente es responsable del \u00e1rea de Espa\u00f1ol de .famvin, la Red de Noticias de la Familia Vicenciana. Tambi\u00e9n es m\u00fasico cat\u00f3lico y ha editado varios discos. Es Director General y cofundador de Trovador, una reconocida compa\u00f1\u00eda discogr\u00e1fica critiana de Espa\u00f1a. Trabaja en las Tecnolog\u00edas de la Informaci\u00f3n, ofreciendo servicios de alojamiento, dise\u00f1o y mantenimiento Web, as\u00ed como asesoramiento, formaci\u00f3n y soluciones inform\u00e1ticas, gesti\u00f3n documental y digitalizaci\u00f3n de textos, edici\u00f3n y maquetaci\u00f3n de libros, revistas, flyers, etc.","sameAs":["http:\/\/chento.org","https:\/\/www.facebook.com\/JavierChento","https:\/\/x.com\/https:\/\/twitter.com\/javierchento"],"url":"https:\/\/vincentians.com\/es\/author\/chento\/"}]}},"jetpack_publicize_connections":[],"jetpack_featured_media_url":"https:\/\/i0.wp.com\/vincentians.com\/es\/wp-content\/uploads\/sites\/11\/2016\/09\/revolucion-francesa.jpg?fit=1600%2C840&ssl=1","jetpack_sharing_enabled":true,"jetpack_shortlink":"https:\/\/wp.me\/p7ETMF-4HH","jetpack-related-posts":[{"id":116383,"url":"https:\/\/vincentians.com\/es\/bibliografia-vicenciana-1960-1970-en-torno-a-la-espiritualidad-de-san-vicente\/","url_meta":{"origin":18085,"position":0},"title":"Bibliograf\u00eda Vicenciana 1960-1970 en torno a la espiritualidad de San Vicente","author":"Francisco Javier Fern\u00e1ndez Chento","date":"29\/07\/2021","format":false,"excerpt":"Lo que antes se llamaba Asc\u00e9tica y M\u00edstica, hoy se llama com\u00fanmen\u00adte Espiritualidad. Es una palabra tra\u00edda de Francia, como tantas otras, que tambi\u00e9n han hecho fortuna, m\u00e1s por moda que por convencimiento. As\u00ed se bautizan los tratados de Historia, desde Pourrat (1926) hasta Bouyer-Vandenbroucke (1963). El recomendar tan insistentemente\u2026","rel":"","context":"En \u00abFormaci\u00f3n Vicenciana\u00bb","block_context":{"text":"Formaci\u00f3n Vicenciana","link":"https:\/\/vincentians.com\/es\/category\/formacion-vicenciana\/"},"img":{"alt_text":"","src":"https:\/\/i0.wp.com\/vincentians.com\/es\/wp-content\/uploads\/sites\/11\/2015\/02\/St_Vincent_De_Paul_-bible-1.jpg?fit=1200%2C630&ssl=1&resize=350%2C200","width":350,"height":200,"srcset":"https:\/\/i0.wp.com\/vincentians.com\/es\/wp-content\/uploads\/sites\/11\/2015\/02\/St_Vincent_De_Paul_-bible-1.jpg?fit=1200%2C630&ssl=1&resize=350%2C200 1x, https:\/\/i0.wp.com\/vincentians.com\/es\/wp-content\/uploads\/sites\/11\/2015\/02\/St_Vincent_De_Paul_-bible-1.jpg?fit=1200%2C630&ssl=1&resize=525%2C300 1.5x, https:\/\/i0.wp.com\/vincentians.com\/es\/wp-content\/uploads\/sites\/11\/2015\/02\/St_Vincent_De_Paul_-bible-1.jpg?fit=1200%2C630&ssl=1&resize=700%2C400 2x, https:\/\/i0.wp.com\/vincentians.com\/es\/wp-content\/uploads\/sites\/11\/2015\/02\/St_Vincent_De_Paul_-bible-1.jpg?fit=1200%2C630&ssl=1&resize=1050%2C600 3x"},"classes":[]},{"id":116031,"url":"https:\/\/vincentians.com\/es\/bergson-y-el-padre-pouget-i\/","url_meta":{"origin":18085,"position":1},"title":"Bergson y el Padre Pouget (I)","author":"Francisco Javier Fern\u00e1ndez Chento","date":"24\/06\/2016","format":false,"excerpt":"Cu\u00e1ntos hombres admirables a los que nunca llegaremos a conocer!\" S\u00ed, hombres que, en cuanto al esp\u00edritu, estuvie\u00adron a la altura de Blas Pascal, al que sobrepasaban en santidad. Signo de grandeza en ellos el poner tanto cuidado en borrar sus huellas, en permanecer en la os\u00adcuridad, como en otros\u2026","rel":"","context":"En \u00abFormaci\u00f3n Vicenciana\u00bb","block_context":{"text":"Formaci\u00f3n Vicenciana","link":"https:\/\/vincentians.com\/es\/category\/formacion-vicenciana\/"},"img":{"alt_text":"P. Poug\u00e9t","src":"https:\/\/i0.wp.com\/vicencianos.org\/wp-content\/uploads\/2012\/12\/P.-Poug%C3%A9t.jpg?resize=350%2C200","width":350,"height":200},"classes":[]},{"id":128402,"url":"https:\/\/vincentians.com\/es\/aportes-vicencianos-a-la-nueva-evangelizacion\/","url_meta":{"origin":18085,"position":2},"title":"Aportes vicencianos a la nueva evangelizaci\u00f3n","author":"Francisco Javier Fern\u00e1ndez Chento","date":"15\/06\/2024","format":false,"excerpt":"Introducci\u00f3n Desde hace bastante tiempo, estamos oyendo, en la Congregaci\u00f3n de la Misi\u00f3n y en muchos c\u00edrculos de la Familia Vicenciana, dos cuestiones referentes al \"ser\" y al \"quehacer\" vicencianos. Por un lado, todos estamos plenamente de acuerdo en que el carisma, el \"ser\", la identidad, el sello caracter\u00edstico de\u2026","rel":"","context":"En \u00abFormaci\u00f3n Vicenciana\u00bb","block_context":{"text":"Formaci\u00f3n Vicenciana","link":"https:\/\/vincentians.com\/es\/category\/formacion-vicenciana\/"},"img":{"alt_text":"","src":"https:\/\/i0.wp.com\/vincentians.com\/es\/wp-content\/uploads\/sites\/11\/2016\/09\/enviados-evangelizar-pobres.jpg?fit=1200%2C630&ssl=1&resize=350%2C200","width":350,"height":200,"srcset":"https:\/\/i0.wp.com\/vincentians.com\/es\/wp-content\/uploads\/sites\/11\/2016\/09\/enviados-evangelizar-pobres.jpg?fit=1200%2C630&ssl=1&resize=350%2C200 1x, https:\/\/i0.wp.com\/vincentians.com\/es\/wp-content\/uploads\/sites\/11\/2016\/09\/enviados-evangelizar-pobres.jpg?fit=1200%2C630&ssl=1&resize=525%2C300 1.5x, https:\/\/i0.wp.com\/vincentians.com\/es\/wp-content\/uploads\/sites\/11\/2016\/09\/enviados-evangelizar-pobres.jpg?fit=1200%2C630&ssl=1&resize=700%2C400 2x, https:\/\/i0.wp.com\/vincentians.com\/es\/wp-content\/uploads\/sites\/11\/2016\/09\/enviados-evangelizar-pobres.jpg?fit=1200%2C630&ssl=1&resize=1050%2C600 3x"},"classes":[]},{"id":122934,"url":"https:\/\/vincentians.com\/es\/introduccion-a-la-espiritualidad-vicenciana-laical\/","url_meta":{"origin":18085,"position":3},"title":"Introducci\u00f3n a la espiritualidad vicenciana laical","author":"Francisco Javier Fern\u00e1ndez Chento","date":"24\/06\/2015","format":false,"excerpt":"1. Lo que pretendo De momento, en este trabajo, no pretendo ofre\u00adcer un tratado perfecto y acabado de la espiritua\u00adlidad vicenciana laical, sino m\u00e1s bien asentar unos principios a modo de introducci\u00f3n. El pro\u00adyecto es ofrecer algunos criterios que puedan ayudar al laico vicenciano a vivir su condici\u00f3n de cristiano,\u2026","rel":"","context":"En \u00abEspiritualidad vicenciana\u00bb","block_context":{"text":"Espiritualidad vicenciana","link":"https:\/\/vincentians.com\/es\/category\/espiritualidad\/espiritualidad-vicenciana\/"},"img":{"alt_text":"sanvi_famvi","src":"https:\/\/i0.wp.com\/vicencianos.org\/wp-content\/2010\/12\/sanvi_famvi-300x296.jpg?resize=350%2C200","width":350,"height":200},"classes":[]},{"id":89330,"url":"https:\/\/vincentians.com\/es\/p-maximo-agustin-traductor\/","url_meta":{"origin":18085,"position":4},"title":"P. M\u00e1ximo Agust\u00edn (traductor)","author":"Francisco Javier Fern\u00e1ndez Chento","date":"10\/06\/2012","format":false,"excerpt":"Bien es conocido por cualquier lector de Vicencianos, de Vincentiana, Anales o la editorial CEME la ingente labor traductora del P. M\u00e1ximo Agust\u00edn, recientemente fallecido. Entre los m\u00faltiples \"ficheros\" que atesora uno de sus l\u00e1pices electr\u00f3nicos que se ha puesto a mi disposici\u00f3n encuentro uno que indica \"Traducciones del franc\u00e9s\".\u2026","rel":"","context":"En \u00abFormaci\u00f3n Vicenciana\u00bb","block_context":{"text":"Formaci\u00f3n Vicenciana","link":"https:\/\/vincentians.com\/es\/category\/formacion-vicenciana\/"},"img":{"alt_text":"","src":"https:\/\/i0.wp.com\/vicencianos.org\/wp-content\/2012\/06\/Maximo_Agustin1-239x300.jpg?resize=350%2C200","width":350,"height":200},"classes":[]},{"id":140029,"url":"https:\/\/vincentians.com\/es\/aportes-vicencianos-a-la-nueva-evangelizacion-2\/","url_meta":{"origin":18085,"position":5},"title":"Aportes vicencianos a la Nueva Evangelizaci\u00f3n","author":"Francisco Javier Fern\u00e1ndez Chento","date":"19\/02\/2015","format":false,"excerpt":"Convocados por el Superior General, P. Gregory G. Gay, los misioneros de la Congregaci\u00f3n de la Misi\u00f3n celebrar\u00e1n su 42\u00aa Asamblea General, del 27 de junio al 15 de julio de 2016. El lema de la Asamblea se centra en la entra\u00f1a evangelizadora de nuestro ser y quehacer: \u201cDej\u00e9monos renovar\u2026","rel":"","context":"En \u00abEspiritualidad vicenciana\u00bb","block_context":{"text":"Espiritualidad vicenciana","link":"https:\/\/vincentians.com\/es\/category\/espiritualidad\/espiritualidad-vicenciana\/"},"img":{"alt_text":"OLYMPUS DIGITAL CAMERA","src":"https:\/\/i0.wp.com\/vicencianos.org\/wp-content\/2015\/02\/nueva-evangelizacion1-300x225.jpg?resize=350%2C200","width":350,"height":200},"classes":[]}],"_links":{"self":[{"href":"https:\/\/vincentians.com\/es\/wp-json\/wp\/v2\/posts\/18085","targetHints":{"allow":["GET"]}}],"collection":[{"href":"https:\/\/vincentians.com\/es\/wp-json\/wp\/v2\/posts"}],"about":[{"href":"https:\/\/vincentians.com\/es\/wp-json\/wp\/v2\/types\/post"}],"author":[{"embeddable":true,"href":"https:\/\/vincentians.com\/es\/wp-json\/wp\/v2\/users\/4"}],"replies":[{"embeddable":true,"href":"https:\/\/vincentians.com\/es\/wp-json\/wp\/v2\/comments?post=18085"}],"version-history":[{"count":1,"href":"https:\/\/vincentians.com\/es\/wp-json\/wp\/v2\/posts\/18085\/revisions"}],"predecessor-version":[{"id":401753,"href":"https:\/\/vincentians.com\/es\/wp-json\/wp\/v2\/posts\/18085\/revisions\/401753"}],"wp:featuredmedia":[{"embeddable":true,"href":"https:\/\/vincentians.com\/es\/wp-json\/wp\/v2\/media\/400001"}],"wp:attachment":[{"href":"https:\/\/vincentians.com\/es\/wp-json\/wp\/v2\/media?parent=18085"}],"wp:term":[{"taxonomy":"category","embeddable":true,"href":"https:\/\/vincentians.com\/es\/wp-json\/wp\/v2\/categories?post=18085"},{"taxonomy":"post_tag","embeddable":true,"href":"https:\/\/vincentians.com\/es\/wp-json\/wp\/v2\/tags?post=18085"}],"curies":[{"name":"wp","href":"https:\/\/api.w.org\/{rel}","templated":true}]}}