{"id":18033,"date":"2023-03-07T08:38:20","date_gmt":"2023-03-07T07:38:20","guid":{"rendered":"http:\/\/somos.vicencianos.org\/blog\/?p=18033"},"modified":"2022-12-29T12:38:11","modified_gmt":"2022-12-29T11:38:11","slug":"la-jmv-en-el-tercer-milenio-una-aventura-de-jovenes-y-para-jovenes","status":"publish","type":"post","link":"https:\/\/vincentians.com\/es\/la-jmv-en-el-tercer-milenio-una-aventura-de-jovenes-y-para-jovenes\/","title":{"rendered":"La JMV en el Tercer Milenio: una aventura de j\u00f3venes y para j\u00f3venes"},"content":{"rendered":"<p><strong>La JMV, un deseo divino transformado en realidad cotidiana\u2026<\/strong><\/p>\n<p><em>Una aventura de j\u00f3venes\u2026. Una evoluci\u00f3n\u2026<\/em><\/p>\n<p style=\"padding-left: 30px\">Fue en 1830, en la Rue du Bac, donde toda una historia,<br \/>\nun camino comenz\u00f3&#8230; (las apariciones de la Virgen)<br \/>\nUna mirada del cielo&#8230; (Jes\u00fas y Mar\u00eda)<br \/>\nUna escucha en la tierra&#8230; (Catalina)<br \/>\nUna meditaci\u00f3n de la palabra presente y viva&#8230; (Magn\u00edficat)<br \/>\nUna aceptaci\u00f3n de la misi\u00f3n&#8230; (el pobre, encarnaci\u00f3n de Jes\u00fas).<br \/>\nHe ah\u00ed la acci\u00f3n que cambi\u00f3 la vida de mucha gente&#8230; (reuniones de j\u00f3venes comprometidos)<\/p>\n<p><strong>1. \u00bfCu\u00e1l es nuestra historia? \u00bfQu\u00e9 nos caracteriza?<\/strong><\/p>\n<p>\u00abLos hijos de Mar\u00eda\u00bb, \u00abLas Juventudes Marianas\u00bb, \u00abLa Juventud Mariana Vicenciana\u00bb&#8230; Tres nombres para una misma Asociaci\u00f3n Internacional. Juventud Mariana Vicenciana, que naci\u00f3 despu\u00e9s de las apariciones de Mar\u00eda con el objetivo de crear un lugar donde vivir, compartir y formar a j\u00f3venes en dificultad. La Asociaci\u00f3n de Hijos e Hijas de Mar\u00eda se denomina hoy: Juventud Mariana Vicenciana. Esta Asociaci\u00f3n nace por un deseo de Mar\u00eda manifestado a Santa Catalina Labour\u00e9: <em>quiero que se funde una Asociaci\u00f3n<\/em> <em>de j\u00f3venes&#8230; sobre la cu\u00e1l derramar\u00e9 abundantes gracias.<\/em><\/p>\n<p>Catalina Labour\u00e9 y Jean Marie Aladel desempe\u00f1aron el papel de fundadores y difusores del mensaje (igual que vosotros hoy)&#8230; Los pasos iniciales se dieron con el primer grupo en Beaune, en la di\u00f3cesis de Dijon, despu\u00e9s, la aprobaci\u00f3n del movimiento por el Papa P\u00edo XI, que permiti\u00f3 que el mensaje se difundiera por el mundo entero, llegando en 1999 a instalarse en 49 pa\u00edses y a la aprobaci\u00f3n de sus Estatutos Internacionales<a href=\"#_ftn1\">*<\/a>.<\/p>\n<p>Hoy, despu\u00e9s de la primera Asamblea en Roma 2000, disponemos de una presidenta y un Consejo Internacional; adem\u00e1s, de un Secretariado Internacional en Madrid. La Rue du Bac, sigue siendo nuestro centro hist\u00f3rico y lugar de peregrinaci\u00f3n.<\/p>\n<p>JMV cimienta <strong>su ser y su actuar<\/strong> en cuatro notas que la distinguen (Est. Int., Art. 5):<\/p>\n<p><strong>Eclesial: <\/strong>porque sus miembros se sienten llamados desde el bautismo a seguir a Cristo y a formar parte de su pueblo, que es la Iglesia, comprometi\u00e9ndose a vivir y trabajar activa y responsablemente, en comuni\u00f3n con las dem\u00e1s fuerzas apost\u00f3licas de la Iglesia local y con sus pastores, en las di\u00f3cesis y parroquias donde se encuentra establecida.<\/p>\n<p><strong>Laica:<\/strong> porque es una Asociaci\u00f3n formada principalmente por j\u00f3venes laicos, y est\u00e1 registrada en el Consejo Pontificio para los laicos dentro de las Asociaciones de fieles (Cf. Can. 298-329). Este car\u00e1cter laico lleva a sus miembros a una presencia activa y transformadora en el mundo, especialmente en medio de los pobres, como escenario donde se construye el Reino.<\/p>\n<p><strong>Mariana: <\/strong>los miembros descubren en el Evangelio a Mar\u00eda como modelo de todos los creyentes, acogen en la fe la presencia de Dios en su Hijo Jes\u00fas, escuchan su Palabra y tratan de vivir de acuerdo con ella. Igualmente, ven en Mar\u00eda la inspiraci\u00f3n que les ayuda, con la fuerza del Esp\u00edritu Santo, a caminar a lo largo de su vida en la fe y en la caridad efectiva, generadora de justicia.<\/p>\n<p><strong>Vicenciana: <\/strong>por su nacimiento en le seno de la Familia de San Vicente de Pa\u00fal, JMV se inspira en el carismavicenciano y hace de la evangelizaci\u00f3n y el servicio de los pobres una de las caracter\u00edsticas distintivas de su presencia en la Iglesia. Como una exigencia propia de este carisma, sus miembros se comprometen a ser misioneros, dando testimonio de su amor a Cristo con la palabra y con su trabajo, estando siempre dispuestos a ejercer su acci\u00f3n apost\u00f3lica en los ambientes juveniles y entre los m\u00e1s pobres.<\/p>\n<p><strong>2. \u00bfC\u00f3mo est\u00e1 JMV en la actualidad?<\/strong><\/p>\n<p>Somos una Asociaci\u00f3n internacional juvenil, comprometida con los j\u00f3venes, el mundo, la Iglesia y los pobres. Actualmente existen unos 150.000 miembros, repartidos en 4 continentes:<\/p>\n<p><strong>Europa<\/strong>: es la cuna de la Asociaci\u00f3n; donde primero arraig\u00f3&#8230; All\u00ed la Asociaci\u00f3n posee m\u00e1s tradici\u00f3n y rodaje, teniendo por delante el reto de seguir d\u00e1ndole vida a ella misma. All\u00ed se gest\u00f3 la \u00abrenovaci\u00f3n post-conciliar\u00bb de JMV. La JMV est\u00e1 presente en Europa en 10 pa\u00edses y cuenta con unos 33.000 miembros, aproximadamente.<\/p>\n<p><strong>\u00c1frica:<\/strong> la Asociaci\u00f3n est\u00e1 dando a\u00fan sus primeros pasos, con grupos muy j\u00f3venes y llenos de vitalidad&#8230;, a pesar de sus condiciones muy pobres y la gran falta de recursos&#8230; Estamos all\u00ed en 18 pa\u00edses, con unos 6.000 miembros, aproximadamente. Pr\u00f3ximamente se abrir\u00e1 la JMV en Chad y en Angola.<\/p>\n<p><strong>Asia:<\/strong> este continente es una promesa para nuestra Asociaci\u00f3n porque tiene comunidades juveniles muy numerosas y llenas de vida, ciertamente con sus limitaciones pero tambi\u00e9n con un grande amor por la Virgen. All\u00ed JMV est\u00e1 s\u00f3lo en 9 pa\u00edses con unos 16.000 miembros, aproximadamente.<\/p>\n<p><strong>Am\u00e9rica:<\/strong> es no s\u00f3lo la esperanza de la Iglesia sino tambi\u00e9n de la Asociaci\u00f3n&#8230; All\u00ed JMV est\u00e1 recorriendo un camino com\u00fan muy interesante. Cuentan con un Consejo y un bolet\u00edn continental propio, y se re\u00fanen cada 3 a\u00f1os para celebrar un encuentro-misi\u00f3n&#8230; All\u00ed JMV est\u00e1 en 26 pa\u00edses con unos 20.000 miembros, aproximadamente.<\/p>\n<p><strong>Ocean\u00eda:<\/strong> en este continente todav\u00eda no est\u00e1 presente la Asociaci\u00f3n. Contamos con algunos de ustedes para establecernos tambi\u00e9n all\u00ed, pues aunque sabemos que ya est\u00e1n presentes y muy pujantes otras ramas de nuestra Familia, creemos que cada una tiene una riqueza propia para ofrecer.<\/p>\n<p><em>As\u00ed&#8230;<\/em> surgen las cosas de Dios: esta semilla brot\u00f3, creci\u00f3, se ha fortalecido, y hoy son aproximadamente <strong>63 pa\u00edses<\/strong> los que han recibido el mensaje y proyecto de Mar\u00eda. JMV sigue transmitiendo un mensaje que orienta, fortalece y consolida nuestro compromiso bautismal, compromiso llamado a crecer en ra\u00edces y fortaleza.<\/p>\n<p><strong>3. \u00bfC\u00f3mo trabajamos? \u00bfQu\u00e9 pretendemos?&#8230; <\/strong>(nuestra misi\u00f3n)<\/p>\n<p>El <strong>grupo o centro local<\/strong> es la c\u00e9lula fundamental donde se hace vida el carisma y esp\u00edritu de la JMV y del que nos vamos llenando, principalmente mediante reuniones peri\u00f3dicas semanales, en las cuales se invita a los j\u00f3venes a seguir un proceso catequ\u00e9tico-formativo de maduraci\u00f3n en la fe, a vivir la experiencia de la fraternidad cristiana, a hacer experiencia la espiritualidad y a comprometerse progresivamente en alguna tarea apost\u00f3lica, al estilo vicenciano. Esto tambi\u00e9n lo vivimos en convivencias, retiros y encuentros a nivel diocesano, provincial, regional, nacional e internacional.<\/p>\n<p><strong>Cada grupo<\/strong> tiene un asesor o acompa\u00f1ante adulto (generalmente un Misionero Vicentino, una Hija de la Caridad, un adulto de la JMV, alguna religiosa o un sacerdote secular). El asesor es la persona que camina no delante, ni detr\u00e1s, sino al lado de los j\u00f3venes; aprende de ellos y con ellos, y les ofrece herramientas y experiencias que les permiten llegar a ser sujetos de su propia historia, cristianos adultos y responsables<\/p>\n<p>Cada Centro tiene un peque\u00f1o <strong>consejo local<\/strong>, que se procura realizar creativamente los cuatro <em>fines<\/em> fundamentales de la Asociaci\u00f3n (Est. Int. Art. 9):<\/p>\n<ul>\n<li>Ofrecer una <strong>formaci\u00f3n<\/strong> cristiana e integral, preferencialmente a los adolescentes y j\u00f3venes \u2013seg\u00fan la petici\u00f3n de la Sant\u00edsima Virgen-, para que lleguen a la vivencia de una fe s\u00f3lida en el seguimiento de Jesucristo, evangelizador de los pobres.<\/li>\n<li>Promover sesiones de formaci\u00f3n integral, escuela de catequesis, congresos, asambleas, publicaciones y diversos medios que permitan al joven crecer como persona y como cristiano.<\/li>\n<li>Vivir y orar, como Mar\u00eda, en sencillez y humildad, asumiendo la <strong>espiritualidad del Magn\u00edficat<\/strong>.<\/li>\n<\/ul>\n<p>JMV vive una espiritualidad caracterizada por la <strong>alegr\u00eda, <\/strong>la<strong> oraci\u00f3n<\/strong> y la <strong>celebraci\u00f3n gozosa de la fe<\/strong>. Inspirados en el c\u00e1ntico de la Virgen:<\/p>\n<ul>\n<li>Viviendo en actitud de alegr\u00eda y agradecimiento a Dios por las maravillas de su salvaci\u00f3n;<\/li>\n<li>Haciendo una opci\u00f3n clara por Dios como \u00fanico absoluto;<\/li>\n<li>Situ\u00e1ndose entre los pobres y los d\u00e9biles como el medio ambiente en el cual hacemos efectiva nuestra entrega a Dios;<\/li>\n<li>Asumiendo el estilo de vida propio de un miembro de la JMV, expresado en cuatro valores \/ virtudes caracter\u00edsticas de nuestra Asociaci\u00f3n: humildad o esp\u00edritu de colaboraci\u00f3n, obediencia o b\u00fasqueda de la voluntad de Dios, caridad o solidaridad con los pobres, y pureza o transparencia de vida.<\/li>\n<\/ul>\n<p>Un lugar importante en nuestra espiritualidad lo ocupa la <em>consagraci\u00f3n a Cristo por Mar\u00eda como una manera de explicitar nuestro compromiso bautismal, haciendo de nuestras vidas un don total a Cristo, desde el servicio y la evangelizaci\u00f3n de los pobres, tomando como modelo a Maria&#8230; :<\/em><\/p>\n<ul>\n<li>Suscitando, animando y manteniendo el <strong>esp\u00edritu misionero<\/strong> en la Asociaci\u00f3n, sobre todo a trav\u00e9s de las experiencias misioneras entre los m\u00e1s pobres y los j\u00f3venes. De hecho, la JMV ofrece a los j\u00f3venes la posibilidad de servir a otros j\u00f3venes y a los pobres en su propio pa\u00eds y de actuar en solidaridad con ellos en el \u00e1mbito continental e internacional. Una experiencia interesante es la de las 4 comunidades misioneras permanentes que tiene la JMV de Espa\u00f1a en Bolivia, Honduras, Mozambique y La L\u00ednea (Espa\u00f1a), y las <strong>misiones populares.<\/strong><\/li>\n<li>Preparando a los miembros de la Asociaci\u00f3n individual y comunitariamente, para <strong>trabajar apost\u00f3licamente<\/strong> con otros agentes de pastoral, siguiendo las orientaciones de la Iglesia universal y local.<\/li>\n<\/ul>\n<p>Intentamos :<\/p>\n<ul>\n<li>ser presencia viva en nuestras Parroquias y Di\u00f3cesis,<\/li>\n<li>trabajar conjuntamente en proyectos de servicio con otras ramas de la FV (sobre todo CM e HC; pero tambi\u00e9n, cada vez m\u00e1s, con la AIC, la AMM, MISEVI y la SSVP). Ahora mismo trabajamos en un proyecto com\u00fan: <em>Globalizaci\u00f3n de la caridad: lucha contra el hambre<\/em>.<\/li>\n<li>cultivar nuestra presencia en otros \u00e1mbitos: consejos de la juventud, acompa\u00f1amiento a j\u00f3venes con problemas, actividades de tiempo libre, \u00abcolonias\u00bb de verano, campamentos, en proyectos pol\u00edticos y sociales, etc.<\/li>\n<\/ul>\n<p><strong>4. \u00bfC\u00f3mo nos organizamos? \u00bfC\u00f3mo es nuestro gobierno?<\/strong><\/p>\n<p>Para gestionar la marcha de la Asociaci\u00f3n y tomar decisiones, la JMV trabaja en forma de <strong>Consejo<\/strong> en los diferentes niveles organizativos (centro, di\u00f3cesis, provincia o regi\u00f3n, nacional e internacional).<\/p>\n<p><strong>4.1. A nivel internacional<\/strong><\/p>\n<p>&#8211; El <strong>Director General<\/strong> de la Asociaci\u00f3n es el Superior General de la CM y de las HC. \u00c9l se hace acompa\u00f1ar, y muchas veces ejerce esta funci\u00f3n por medio de un Subdirector General, nombrado entre los Misioneros Vicentinos.<\/p>\n<p><strong>&#8211; <\/strong>La<strong> Asamblea General<\/strong>, que se re\u00fane cada cinco a\u00f1os, es el m\u00e1ximo \u00f3rgano de decisi\u00f3n en la JMV. Ella tiene la tarea de nombrar al Presidente Internacional y a los miembros laicos del Consejo internacional, entre los j\u00f3venes representantes de los diferentes pa\u00edses. Tiene la responsabilidad de revisar los estatutos, la marcha econ\u00f3mica y promover la vitalidad espiritual y pastoral de la asociaci\u00f3n.<\/p>\n<p>&#8211; Ordinariamente, la vida de la Asociaci\u00f3n est\u00e1 animada a nivel internacional por el <strong>Consejo Internacional <\/strong>de la JMV.\u00c9ste est\u00e1 compuesto por el Director General, el Subdirector General, una Consejera General de las Hijas de la Caridad, el Presidente internacional (un laico) y cuatro miembros laicos de la Asociaci\u00f3n, elegidos por la Asamblea General. Ellos son los \u00aboficiales mayores\u00bb (Cf. Canon 318) de la Asociaci\u00f3n. El Consejo Internacional se re\u00fane varias veces al a\u00f1o, es convocado y presidido por el Presidente o, en casos excepcionales, por el Director General. \u00c9ste re\u00fane fundamentalmente para:<\/p>\n<ol>\n<li>Reflexionar sobre aspectos importantes de la vida y actividad de la Asociaci\u00f3n.<\/li>\n<li>Promover la comunicaci\u00f3n con y entre las asociaciones nacionales, a trav\u00e9s de correspondencia, visitas y otros medios posibles.<\/li>\n<li>Evaluar la realizaci\u00f3n de los proyectos aprobados por la Asamblea General precedente y preparar la Asamblea General siguiente.<\/li>\n<li>Estudiar y aprobar los presupuestos econ\u00f3micos y el balance final de cuentas de cada a\u00f1o, presentados por el Secretariado Internacional.<\/li>\n<\/ol>\n<p>&#8211; Tambi\u00e9n contamos desde el 1\u00ba de septiembre de 1999 con un <strong>Secretariado<\/strong> <strong>Internacional,<\/strong> con sede en Madrid (Espa\u00f1a). \u00c9ste est\u00e1 conformado por cinco miembros con dedicaci\u00f3n preferencial, que son el \u00f3rgano ejecutivo del Consejo Internacional. Su tarea concreta es promover la vitalidad de la Asociaci\u00f3n, ser cauce de intercambio e informaci\u00f3n entre las diferentes asociaciones nacionales, ser medio para profundizar en la propia identidad y facilitar instrumentos que permitan a la JMV, en los distintos pa\u00edses, lograr sus objetivos. Actualmente los miembros permanentes del Secretariado Internacional son: Ana M\u00aa Esca\u00f1o (Filipinas), Gloria Santill\u00e1n (M\u00e9xico), Ivanildo Dantas (Brasil), el P. Pedro Castillo, C.M. (Venezuela) y Sor Asunci\u00f3n Garc\u00eda, HC (Espa\u00f1a). Ellos llevan diferentes programas como:<\/p>\n<ul>\n<li>Comunicaciones y mantenimiento del archivo general;<\/li>\n<li>Administraci\u00f3n y mantenimiento de las relaciones con la FV;<\/li>\n<li>Seguimiento a los compromisos de la I Asamblea General;<\/li>\n<li>Animaci\u00f3n, formaci\u00f3n y difusi\u00f3n de la Asociaci\u00f3n;<\/li>\n<li>Elaboraci\u00f3n mensual el bolet\u00edn internacional;<\/li>\n<li>Administraci\u00f3n de nuestro <em>web site,<\/em> que sirve como lugar de encuentro, intercambio y formaci\u00f3n para todos nuestros miembros, y que les invitamos a usar con frecuencia: <a href=\"http:\/\/www.secretariadojmv.org\/\" target=\"_blank\" rel=\"noopener\">www.secretariadojmv.org<\/a><\/li>\n<\/ul>\n<p><strong>4.2. A nivel nacional<\/strong><\/p>\n<p>-En cada pa\u00eds existe un Consejo Nacional, integrado por un sacerdote- asesor y una Hermana delegada (generalmente un Misionero Vicentino y una Hija de la Caridad), un coordinador o presidente nacional y varios miembros laicos.<\/p>\n<p>-La mayor instancia de animaci\u00f3n y de decisi\u00f3n a nivel nacional es la Asamblea Nacional, que elige al Presidente Nacional, a los miembros laicos de este Consejo, da pautas de trabajo y toma decisiones importantes.<\/p>\n<p>&#8211; En cada pa\u00eds debe haber tambi\u00e9n un Secretariado Nacional, donde al menos una persona se dedique preferentemente a la animaci\u00f3n de la Asociaci\u00f3n.<\/p>\n<p>&#8211; Luego est\u00e1n los Consejos m\u00e1s peque\u00f1os: regionales o provinciales, diocesanos y locales.<\/p>\n<p><strong>5. \u00bfQu\u00e9 buscamos en JMV?<\/strong><\/p>\n<ul>\n<li>Cultivar actitudes de interioridad, valorar el silencio, la oraci\u00f3n creativa e integrar as\u00ed fe-vida;<\/li>\n<li>Vivir centrados en Dios y su Palabra, poniendo como medios: la oraci\u00f3n personal y comunitaria, la eucarist\u00eda y otros sacramentos;<\/li>\n<li>Valorar y potenciar el discernimiento y el acompa\u00f1amiento espiritual;<\/li>\n<li>Ser \u00abcontemplativos en la acci\u00f3n\u00bb<\/li>\n<li>Vivir actitudes de sencillez, humildad, cercan\u00eda, respeto y escucha del otro;<\/li>\n<li>Comprometernos en la defensa de los derechos de los m\u00e1s desfavorecidos y avanzar en caminos de justicia;<\/li>\n<li>Involucrar a los j\u00f3venes en proyectos concretos de <strong>servicio<\/strong> y <strong>evangelizaci\u00f3n<\/strong> que respondan a una atenci\u00f3n humana, social, espiritual y de desarrollo para los menos favorecidos:<\/li>\n<li>con presencia y apoyo, en colaboraci\u00f3n con las diferentes ramas de la Familia Vicenciana, principalmente con las Hijas de la Caridad y los Padres Paules;<\/li>\n<li>Intentando crear Comunidades Permanentes de Servicio donde j\u00f3venes se comprometen a sacar adelante un proyecto a favor de una comunidad desasistida, viviendo juntos por periodos de tiempo concretos;<\/li>\n<li>Alimentando los grupos adultos de la Familia Vicenciana, con j\u00f3venes que en su desemboque optan por vivir el carisma vicenciano desde ellos: en la vida consagrada (como misioneros o hermanas) o en la opci\u00f3n laical (en MISEVI, AIC, SSVP \u00f3 AMM).<\/li>\n<\/ul>\n<p>El abanico de servicios es grande en todos los pa\u00edses:<\/p>\n<p style=\"padding-left: 30px\">a. Catequesis, animaci\u00f3n lit\u00fargica, visita a los enfermos, ejercicio de los ministerios laicales&#8230;<\/p>\n<p style=\"padding-left: 30px\">b. Talleres para grupos desfavorecidos: mujer, inmigrantes, j\u00f3venes con problemas de adaptaci\u00f3n social, ni\u00f1os de la calle\u2026<\/p>\n<p style=\"padding-left: 30px\">c. Hogares para ancianos, ayuda a pacientes psiqui\u00e1tricos, a personas con problemas de adicci\u00f3n a la droga, a presos, y apoyo escolar;<\/p>\n<p style=\"padding-left: 30px\">d. Trabajo en barrios marginales;<\/p>\n<p style=\"padding-left: 30px\">e. Apoyo en zonas rurales.<\/p>\n<p><strong>6. \u00bfC\u00f3mo nos gestionamos?<\/strong><\/p>\n<ul>\n<li>Con las cuotas mensuales \/ trimestrales \/ anuales establecidas;<\/li>\n<li>Con la b\u00fasqueda constante de subvenciones que puedan ayudar a pagar los costos de los Secretariados, los encuentros, los viajes y los cursos de formaci\u00f3n;<\/li>\n<li>Con el apoyo econ\u00f3mico de la CM y de las HC, a nivel local, provincial, nacional e internacional;<\/li>\n<li>Con el trabajo voluntario de j\u00f3venes en los Centros y Secretariados.<\/li>\n<\/ul>\n<p><strong>7. \u00bfQu\u00e9 so\u00f1amos?<\/strong><\/p>\n<p>En la I Asamblea Internacional de JMV los j\u00f3venes y asesores nos atrevimos a so\u00f1ar el futuro de la JMV. De esta manera surgieron unos <strong>desaf\u00edos<\/strong> que hemos asumido como proyecto y compromiso, como un <strong>sue\u00f1o<\/strong> a realizar por cada miembro de la Asociaci\u00f3n y por cada <strong>comunidad<\/strong> de la JMV. En este Tercer Milenio nos gustar\u00eda lograr:<\/p>\n<ol>\n<li>Que nuestros grupos de j\u00f3venes lleguen a existir en todos los pa\u00edses en los que la FV est\u00e1 presente;<\/li>\n<li>Que juntos, con las otras ramas de nuestra FV en el mundo, trabajemos en proyectos concretos de <strong>evangelizaci\u00f3n<\/strong> <strong>y<\/strong> <strong>promoci\u00f3n<\/strong> humana integral de los pobres;<\/li>\n<li>Que enriquezcamos cada vez m\u00e1s nuestros programas de formaci\u00f3n para que respondan a las necesidades e intereses de los j\u00f3venes de hoy;<\/li>\n<li>Que utilicemos, de manera creativa, los medios de comunicaci\u00f3n modernos para el servicio de los pobres y canalicemos energ\u00edas en favor de la soluci\u00f3n de problemas de justicia y de paz;<\/li>\n<li>Que lleguemos a ser una Asociaci\u00f3n que ora con fuerza y belleza;<\/li>\n<li>Que todos seamos testigos del amor y de la esperanza.<\/li>\n<\/ol>\n<p>Muchos son los sue\u00f1os que tenemos para seguir cultivando la tierra que Dios nos ha confiado:<\/p>\n<ol>\n<li>Que contemos con j\u00f3venes que se comprometan en la formaci\u00f3n permanente por toda la vida y que cada Consejo Nacional desarrolle <strong>procesos de formaci\u00f3n integral<\/strong> que favorezcan la identidad de la JMV y el protagonismo juvenil;<\/li>\n<li>Que cada vez m\u00e1s los miembros de la JMV ejerzan su <strong>apostolado con otros j\u00f3venes<\/strong> y que crezca la Asociaci\u00f3n por la creaci\u00f3n de nuevos grupos, de modo que la JMV llegue a existir en todos los pa\u00edses donde esta presente la FV;<\/li>\n<li>Que los miembros de la JMV tengan una perspectiva global y que su visi\u00f3n del mundo sea cada vez m\u00e1s internacional. Esto nos permitir\u00e1 abrirnos a otras realidades para enriquecernos, intercambiar experiencias y materiales, y crear una sola familia que vive la mundializaci\u00f3n en su lado positivo;<\/li>\n<li>Que en los pa\u00edses se anime y fortalezca la dimensi\u00f3n misionera, de tal manera que, cada vez con mayor facilidad, podamos asumir la misi\u00f3n <em>ad gentes<\/em> y podamos contar con j\u00f3venes libres, con movilidad y disponibilidad para ofrecer sus servicios como voluntarios all\u00ed donde Dios y los pobres los necesiten;<\/li>\n<li>Que, junto con las otras ramas de nuestra FV, trabajemos en <strong>proyectos concretos de evangelizaci\u00f3n y promoci\u00f3n<\/strong> humana integral de los pobres, de manera que seamos una fuerza transformadora;<\/li>\n<li>Que cada vez m\u00e1s los miembros de la CM y de las HC tomen conciencia de su papel como <strong>asesores, acompa\u00f1antes y formadores<\/strong> de los j\u00f3venes y abran sus comunidades para compartir la riqueza del carisma con las nuevas generaciones.<\/li>\n<\/ol>\n<p>Para poder llegar a realizar esos sue\u00f1os tenemos que empezar por vivir nosotros en la verdad e identificarnos cada vez m\u00e1s con Jes\u00fas y su proyecto<\/p>\n<p>Tenemos que lograr que el mensaje de la Rue du Bac no sea algo pasado sino un mensaje para hoy y ma\u00f1ana. La Virgen conf\u00eda hoy a cada Hija de la Caridad la responsabilidad de acompa\u00f1ar a los j\u00f3venes como Catalina lo hizo, y a cada Misionero Vicentino, como el P. Aladel hizo.<\/p>\n<p style=\"text-align: right\"><em>por <\/em><em><br \/>\nPresidenta Internacional de la JMV<\/em><br \/>\n18.VII.2002<\/p>\n","protected":false},"excerpt":{"rendered":"<p>La JMV, un deseo divino transformado en realidad cotidiana\u2026 Una aventura de j\u00f3venes\u2026. Una evoluci\u00f3n\u2026 Fue en 1830, en la Rue du Bac, donde toda una historia, un camino comenz\u00f3&#8230; (las apariciones de la Virgen) &#8230; <a href=\"https:\/\/vincentians.com\/es\/la-jmv-en-el-tercer-milenio-una-aventura-de-jovenes-y-para-jovenes\/\" class=\"more-link\">Read More<\/a><\/p>\n","protected":false},"author":4,"featured_media":404141,"comment_status":"open","ping_status":"open","sticky":false,"template":"","format":"standard","meta":{"jetpack_post_was_ever_published":false,"_jetpack_newsletter_access":"","_jetpack_dont_email_post_to_subs":false,"_jetpack_newsletter_tier_id":0,"_jetpack_memberships_contains_paywalled_content":false,"_jetpack_memberships_contains_paid_content":false,"footnotes":"","jetpack_publicize_message":"","jetpack_publicize_feature_enabled":true,"jetpack_social_post_already_shared":true,"jetpack_social_options":{"image_generator_settings":{"template":"highway","default_image_id":0,"font":"","enabled":false},"version":2}},"categories":[202],"tags":[176,190],"class_list":["post-18033","post","type-post","status-publish","format-standard","has-post-thumbnail","hentry","category-juventudes-marianas-vicencianas","tag-misiones-populares","tag-rue-du-bac"],"yoast_head":"<!-- This site is optimized with the Yoast SEO plugin v26.3 - https:\/\/yoast.com\/wordpress\/plugins\/seo\/ -->\n<title>La JMV en el Tercer Milenio: una aventura de j\u00f3venes y para j\u00f3venes - Somos Vicencianos<\/title>\n<meta name=\"robots\" content=\"index, follow, max-snippet:-1, max-image-preview:large, max-video-preview:-1\" \/>\n<link rel=\"canonical\" href=\"https:\/\/vincentians.com\/es\/la-jmv-en-el-tercer-milenio-una-aventura-de-jovenes-y-para-jovenes\/\" \/>\n<meta property=\"og:locale\" content=\"es_ES\" \/>\n<meta property=\"og:type\" content=\"article\" \/>\n<meta property=\"og:title\" content=\"La JMV en el Tercer Milenio: una aventura de j\u00f3venes y para j\u00f3venes - Somos Vicencianos\" \/>\n<meta property=\"og:description\" content=\"La JMV, un deseo divino transformado en realidad cotidiana\u2026 Una aventura de j\u00f3venes\u2026. Una evoluci\u00f3n\u2026 Fue en 1830, en la Rue du Bac, donde toda una historia, un camino comenz\u00f3&#8230; (las apariciones de la Virgen) ... Read More\" \/>\n<meta property=\"og:url\" content=\"https:\/\/vincentians.com\/es\/la-jmv-en-el-tercer-milenio-una-aventura-de-jovenes-y-para-jovenes\/\" \/>\n<meta property=\"og:site_name\" content=\"Somos Vicencianos\" \/>\n<meta property=\"article:publisher\" content=\"https:\/\/www.facebook.com\/WeAreVincentians\/\" \/>\n<meta property=\"article:author\" content=\"https:\/\/www.facebook.com\/JavierChento\" \/>\n<meta property=\"article:published_time\" content=\"2023-03-07T07:38:20+00:00\" \/>\n<meta property=\"og:image\" content=\"https:\/\/i0.wp.com\/vincentians.com\/es\/wp-content\/uploads\/sites\/11\/2013\/04\/msoF811D.jpg?fit=612%2C490&ssl=1\" \/>\n\t<meta property=\"og:image:width\" content=\"612\" \/>\n\t<meta property=\"og:image:height\" content=\"490\" \/>\n\t<meta property=\"og:image:type\" content=\"image\/jpeg\" \/>\n<meta name=\"author\" content=\"Francisco Javier Fern\u00e1ndez Chento\" \/>\n<meta name=\"twitter:card\" content=\"summary_large_image\" \/>\n<meta name=\"twitter:creator\" content=\"@https:\/\/twitter.com\/javierchento\" \/>\n<meta name=\"twitter:site\" content=\"@WeVincentians\" \/>\n<meta name=\"twitter:label1\" content=\"Escrito por\" \/>\n\t<meta name=\"twitter:data1\" content=\"Francisco Javier Fern\u00e1ndez Chento\" \/>\n\t<meta name=\"twitter:label2\" content=\"Tiempo de lectura\" \/>\n\t<meta name=\"twitter:data2\" content=\"14 minutos\" \/>\n<script type=\"application\/ld+json\" class=\"yoast-schema-graph\">{\"@context\":\"https:\/\/schema.org\",\"@graph\":[{\"@type\":\"Article\",\"@id\":\"https:\/\/vincentians.com\/es\/la-jmv-en-el-tercer-milenio-una-aventura-de-jovenes-y-para-jovenes\/#article\",\"isPartOf\":{\"@id\":\"https:\/\/vincentians.com\/es\/la-jmv-en-el-tercer-milenio-una-aventura-de-jovenes-y-para-jovenes\/\"},\"author\":{\"name\":\"Francisco Javier Fern\u00e1ndez Chento\",\"@id\":\"http:\/\/vincentians.com\/es\/#\/schema\/person\/9623ef4d9aa3b2dfb8c061f1499288f2\"},\"headline\":\"La JMV en el Tercer Milenio: una aventura de j\u00f3venes y para j\u00f3venes\",\"datePublished\":\"2023-03-07T07:38:20+00:00\",\"mainEntityOfPage\":{\"@id\":\"https:\/\/vincentians.com\/es\/la-jmv-en-el-tercer-milenio-una-aventura-de-jovenes-y-para-jovenes\/\"},\"wordCount\":3265,\"commentCount\":0,\"publisher\":{\"@id\":\"http:\/\/vincentians.com\/es\/#organization\"},\"image\":{\"@id\":\"https:\/\/vincentians.com\/es\/la-jmv-en-el-tercer-milenio-una-aventura-de-jovenes-y-para-jovenes\/#primaryimage\"},\"thumbnailUrl\":\"https:\/\/i0.wp.com\/vincentians.com\/es\/wp-content\/uploads\/sites\/11\/2013\/04\/msoF811D.jpg?fit=612%2C490&ssl=1\",\"keywords\":[\"Misiones Populares\",\"Rue du Bac\"],\"articleSection\":[\"Juventudes Marianas Vicencianas\"],\"inLanguage\":\"es\",\"potentialAction\":[{\"@type\":\"CommentAction\",\"name\":\"Comment\",\"target\":[\"https:\/\/vincentians.com\/es\/la-jmv-en-el-tercer-milenio-una-aventura-de-jovenes-y-para-jovenes\/#respond\"]}]},{\"@type\":\"WebPage\",\"@id\":\"https:\/\/vincentians.com\/es\/la-jmv-en-el-tercer-milenio-una-aventura-de-jovenes-y-para-jovenes\/\",\"url\":\"https:\/\/vincentians.com\/es\/la-jmv-en-el-tercer-milenio-una-aventura-de-jovenes-y-para-jovenes\/\",\"name\":\"La JMV en el Tercer Milenio: una aventura de j\u00f3venes y para j\u00f3venes - Somos Vicencianos\",\"isPartOf\":{\"@id\":\"http:\/\/vincentians.com\/es\/#website\"},\"primaryImageOfPage\":{\"@id\":\"https:\/\/vincentians.com\/es\/la-jmv-en-el-tercer-milenio-una-aventura-de-jovenes-y-para-jovenes\/#primaryimage\"},\"image\":{\"@id\":\"https:\/\/vincentians.com\/es\/la-jmv-en-el-tercer-milenio-una-aventura-de-jovenes-y-para-jovenes\/#primaryimage\"},\"thumbnailUrl\":\"https:\/\/i0.wp.com\/vincentians.com\/es\/wp-content\/uploads\/sites\/11\/2013\/04\/msoF811D.jpg?fit=612%2C490&ssl=1\",\"datePublished\":\"2023-03-07T07:38:20+00:00\",\"breadcrumb\":{\"@id\":\"https:\/\/vincentians.com\/es\/la-jmv-en-el-tercer-milenio-una-aventura-de-jovenes-y-para-jovenes\/#breadcrumb\"},\"inLanguage\":\"es\",\"potentialAction\":[{\"@type\":\"ReadAction\",\"target\":[\"https:\/\/vincentians.com\/es\/la-jmv-en-el-tercer-milenio-una-aventura-de-jovenes-y-para-jovenes\/\"]}]},{\"@type\":\"ImageObject\",\"inLanguage\":\"es\",\"@id\":\"https:\/\/vincentians.com\/es\/la-jmv-en-el-tercer-milenio-una-aventura-de-jovenes-y-para-jovenes\/#primaryimage\",\"url\":\"https:\/\/i0.wp.com\/vincentians.com\/es\/wp-content\/uploads\/sites\/11\/2013\/04\/msoF811D.jpg?fit=612%2C490&ssl=1\",\"contentUrl\":\"https:\/\/i0.wp.com\/vincentians.com\/es\/wp-content\/uploads\/sites\/11\/2013\/04\/msoF811D.jpg?fit=612%2C490&ssl=1\",\"width\":612,\"height\":490},{\"@type\":\"BreadcrumbList\",\"@id\":\"https:\/\/vincentians.com\/es\/la-jmv-en-el-tercer-milenio-una-aventura-de-jovenes-y-para-jovenes\/#breadcrumb\",\"itemListElement\":[{\"@type\":\"ListItem\",\"position\":1,\"name\":\"Portada\",\"item\":\"http:\/\/vincentians.com\/es\/\"},{\"@type\":\"ListItem\",\"position\":2,\"name\":\"La JMV en el Tercer Milenio: una aventura de j\u00f3venes y para j\u00f3venes\"}]},{\"@type\":\"WebSite\",\"@id\":\"http:\/\/vincentians.com\/es\/#website\",\"url\":\"http:\/\/vincentians.com\/es\/\",\"name\":\"Somos Vicencianos\",\"description\":\"Know more to serve more\",\"publisher\":{\"@id\":\"http:\/\/vincentians.com\/es\/#organization\"},\"potentialAction\":[{\"@type\":\"SearchAction\",\"target\":{\"@type\":\"EntryPoint\",\"urlTemplate\":\"http:\/\/vincentians.com\/es\/?s={search_term_string}\"},\"query-input\":{\"@type\":\"PropertyValueSpecification\",\"valueRequired\":true,\"valueName\":\"search_term_string\"}}],\"inLanguage\":\"es\"},{\"@type\":\"Organization\",\"@id\":\"http:\/\/vincentians.com\/es\/#organization\",\"name\":\"The Vincentian Network\",\"url\":\"http:\/\/vincentians.com\/es\/\",\"logo\":{\"@type\":\"ImageObject\",\"inLanguage\":\"es\",\"@id\":\"http:\/\/vincentians.com\/es\/#\/schema\/logo\/image\/\",\"url\":\"https:\/\/i1.wp.com\/vincentians.com\/es\/wp-content\/uploads\/sites\/11\/2016\/06\/Vincentian-Network-logo-big.png?fit=778%2C778\",\"contentUrl\":\"https:\/\/i1.wp.com\/vincentians.com\/es\/wp-content\/uploads\/sites\/11\/2016\/06\/Vincentian-Network-logo-big.png?fit=778%2C778\",\"width\":778,\"height\":778,\"caption\":\"The Vincentian Network\"},\"image\":{\"@id\":\"http:\/\/vincentians.com\/es\/#\/schema\/logo\/image\/\"},\"sameAs\":[\"https:\/\/www.facebook.com\/WeAreVincentians\/\",\"https:\/\/x.com\/WeVincentians\"]},{\"@type\":\"Person\",\"@id\":\"http:\/\/vincentians.com\/es\/#\/schema\/person\/9623ef4d9aa3b2dfb8c061f1499288f2\",\"name\":\"Francisco Javier Fern\u00e1ndez Chento\",\"image\":{\"@type\":\"ImageObject\",\"inLanguage\":\"es\",\"@id\":\"http:\/\/vincentians.com\/es\/#\/schema\/person\/image\/\",\"url\":\"https:\/\/secure.gravatar.com\/avatar\/497d5cde87b4c3d097d0315953521681ba2cd523ee66e5077c3711f7021e65de?s=96&d=mm&r=g\",\"contentUrl\":\"https:\/\/secure.gravatar.com\/avatar\/497d5cde87b4c3d097d0315953521681ba2cd523ee66e5077c3711f7021e65de?s=96&d=mm&r=g\",\"caption\":\"Francisco Javier Fern\u00e1ndez Chento\"},\"description\":\"Director General y cofundador de La Red de Formaci\u00f3n Vicenciana. Javier es laico vicenciano, afiliado a la Congregaci\u00f3n de la Misi\u00f3n y miembro del Equipo de Misiones Populares de la provincia can\u00f3nica de Zaragoza (Espa\u00f1a) de la Congregaci\u00f3n de la Misi\u00f3n. Graduado en la Universidad Oberta de Catalunya con cuatro grados (Asistente de direcci\u00f3n, Gesti\u00f3n Administrativa, Recursos Humanos y Contabilidad Avanzada). Bil\u00edng\u00fce Espa\u00f1ol\/Ingl\u00e9s. gestiona y mantiene varias p\u00e1ginas web cristianas y vicencianas, incluida including La Red de Formaci\u00f3n Vicenciana, de la que es cofundador. Actualmente es responsable del \u00e1rea de Espa\u00f1ol de .famvin, la Red de Noticias de la Familia Vicenciana. Tambi\u00e9n es m\u00fasico cat\u00f3lico y ha editado varios discos. Es Director General y cofundador de Trovador, una reconocida compa\u00f1\u00eda discogr\u00e1fica critiana de Espa\u00f1a. Trabaja en las Tecnolog\u00edas de la Informaci\u00f3n, ofreciendo servicios de alojamiento, dise\u00f1o y mantenimiento Web, as\u00ed como asesoramiento, formaci\u00f3n y soluciones inform\u00e1ticas, gesti\u00f3n documental y digitalizaci\u00f3n de textos, edici\u00f3n y maquetaci\u00f3n de libros, revistas, flyers, etc.\",\"sameAs\":[\"http:\/\/chento.org\",\"https:\/\/www.facebook.com\/JavierChento\",\"https:\/\/x.com\/https:\/\/twitter.com\/javierchento\"],\"url\":\"https:\/\/vincentians.com\/es\/author\/chento\/\"}]}<\/script>\n<!-- \/ Yoast SEO plugin. -->","yoast_head_json":{"title":"La JMV en el Tercer Milenio: una aventura de j\u00f3venes y para j\u00f3venes - Somos Vicencianos","robots":{"index":"index","follow":"follow","max-snippet":"max-snippet:-1","max-image-preview":"max-image-preview:large","max-video-preview":"max-video-preview:-1"},"canonical":"https:\/\/vincentians.com\/es\/la-jmv-en-el-tercer-milenio-una-aventura-de-jovenes-y-para-jovenes\/","og_locale":"es_ES","og_type":"article","og_title":"La JMV en el Tercer Milenio: una aventura de j\u00f3venes y para j\u00f3venes - Somos Vicencianos","og_description":"La JMV, un deseo divino transformado en realidad cotidiana\u2026 Una aventura de j\u00f3venes\u2026. Una evoluci\u00f3n\u2026 Fue en 1830, en la Rue du Bac, donde toda una historia, un camino comenz\u00f3&#8230; (las apariciones de la Virgen) ... Read More","og_url":"https:\/\/vincentians.com\/es\/la-jmv-en-el-tercer-milenio-una-aventura-de-jovenes-y-para-jovenes\/","og_site_name":"Somos Vicencianos","article_publisher":"https:\/\/www.facebook.com\/WeAreVincentians\/","article_author":"https:\/\/www.facebook.com\/JavierChento","article_published_time":"2023-03-07T07:38:20+00:00","og_image":[{"width":612,"height":490,"url":"https:\/\/i0.wp.com\/vincentians.com\/es\/wp-content\/uploads\/sites\/11\/2013\/04\/msoF811D.jpg?fit=612%2C490&ssl=1","type":"image\/jpeg"}],"author":"Francisco Javier Fern\u00e1ndez Chento","twitter_card":"summary_large_image","twitter_creator":"@https:\/\/twitter.com\/javierchento","twitter_site":"@WeVincentians","twitter_misc":{"Escrito por":"Francisco Javier Fern\u00e1ndez Chento","Tiempo de lectura":"14 minutos"},"schema":{"@context":"https:\/\/schema.org","@graph":[{"@type":"Article","@id":"https:\/\/vincentians.com\/es\/la-jmv-en-el-tercer-milenio-una-aventura-de-jovenes-y-para-jovenes\/#article","isPartOf":{"@id":"https:\/\/vincentians.com\/es\/la-jmv-en-el-tercer-milenio-una-aventura-de-jovenes-y-para-jovenes\/"},"author":{"name":"Francisco Javier Fern\u00e1ndez Chento","@id":"http:\/\/vincentians.com\/es\/#\/schema\/person\/9623ef4d9aa3b2dfb8c061f1499288f2"},"headline":"La JMV en el Tercer Milenio: una aventura de j\u00f3venes y para j\u00f3venes","datePublished":"2023-03-07T07:38:20+00:00","mainEntityOfPage":{"@id":"https:\/\/vincentians.com\/es\/la-jmv-en-el-tercer-milenio-una-aventura-de-jovenes-y-para-jovenes\/"},"wordCount":3265,"commentCount":0,"publisher":{"@id":"http:\/\/vincentians.com\/es\/#organization"},"image":{"@id":"https:\/\/vincentians.com\/es\/la-jmv-en-el-tercer-milenio-una-aventura-de-jovenes-y-para-jovenes\/#primaryimage"},"thumbnailUrl":"https:\/\/i0.wp.com\/vincentians.com\/es\/wp-content\/uploads\/sites\/11\/2013\/04\/msoF811D.jpg?fit=612%2C490&ssl=1","keywords":["Misiones Populares","Rue du Bac"],"articleSection":["Juventudes Marianas Vicencianas"],"inLanguage":"es","potentialAction":[{"@type":"CommentAction","name":"Comment","target":["https:\/\/vincentians.com\/es\/la-jmv-en-el-tercer-milenio-una-aventura-de-jovenes-y-para-jovenes\/#respond"]}]},{"@type":"WebPage","@id":"https:\/\/vincentians.com\/es\/la-jmv-en-el-tercer-milenio-una-aventura-de-jovenes-y-para-jovenes\/","url":"https:\/\/vincentians.com\/es\/la-jmv-en-el-tercer-milenio-una-aventura-de-jovenes-y-para-jovenes\/","name":"La JMV en el Tercer Milenio: una aventura de j\u00f3venes y para j\u00f3venes - Somos Vicencianos","isPartOf":{"@id":"http:\/\/vincentians.com\/es\/#website"},"primaryImageOfPage":{"@id":"https:\/\/vincentians.com\/es\/la-jmv-en-el-tercer-milenio-una-aventura-de-jovenes-y-para-jovenes\/#primaryimage"},"image":{"@id":"https:\/\/vincentians.com\/es\/la-jmv-en-el-tercer-milenio-una-aventura-de-jovenes-y-para-jovenes\/#primaryimage"},"thumbnailUrl":"https:\/\/i0.wp.com\/vincentians.com\/es\/wp-content\/uploads\/sites\/11\/2013\/04\/msoF811D.jpg?fit=612%2C490&ssl=1","datePublished":"2023-03-07T07:38:20+00:00","breadcrumb":{"@id":"https:\/\/vincentians.com\/es\/la-jmv-en-el-tercer-milenio-una-aventura-de-jovenes-y-para-jovenes\/#breadcrumb"},"inLanguage":"es","potentialAction":[{"@type":"ReadAction","target":["https:\/\/vincentians.com\/es\/la-jmv-en-el-tercer-milenio-una-aventura-de-jovenes-y-para-jovenes\/"]}]},{"@type":"ImageObject","inLanguage":"es","@id":"https:\/\/vincentians.com\/es\/la-jmv-en-el-tercer-milenio-una-aventura-de-jovenes-y-para-jovenes\/#primaryimage","url":"https:\/\/i0.wp.com\/vincentians.com\/es\/wp-content\/uploads\/sites\/11\/2013\/04\/msoF811D.jpg?fit=612%2C490&ssl=1","contentUrl":"https:\/\/i0.wp.com\/vincentians.com\/es\/wp-content\/uploads\/sites\/11\/2013\/04\/msoF811D.jpg?fit=612%2C490&ssl=1","width":612,"height":490},{"@type":"BreadcrumbList","@id":"https:\/\/vincentians.com\/es\/la-jmv-en-el-tercer-milenio-una-aventura-de-jovenes-y-para-jovenes\/#breadcrumb","itemListElement":[{"@type":"ListItem","position":1,"name":"Portada","item":"http:\/\/vincentians.com\/es\/"},{"@type":"ListItem","position":2,"name":"La JMV en el Tercer Milenio: una aventura de j\u00f3venes y para j\u00f3venes"}]},{"@type":"WebSite","@id":"http:\/\/vincentians.com\/es\/#website","url":"http:\/\/vincentians.com\/es\/","name":"Somos Vicencianos","description":"Know more to serve more","publisher":{"@id":"http:\/\/vincentians.com\/es\/#organization"},"potentialAction":[{"@type":"SearchAction","target":{"@type":"EntryPoint","urlTemplate":"http:\/\/vincentians.com\/es\/?s={search_term_string}"},"query-input":{"@type":"PropertyValueSpecification","valueRequired":true,"valueName":"search_term_string"}}],"inLanguage":"es"},{"@type":"Organization","@id":"http:\/\/vincentians.com\/es\/#organization","name":"The Vincentian Network","url":"http:\/\/vincentians.com\/es\/","logo":{"@type":"ImageObject","inLanguage":"es","@id":"http:\/\/vincentians.com\/es\/#\/schema\/logo\/image\/","url":"https:\/\/i1.wp.com\/vincentians.com\/es\/wp-content\/uploads\/sites\/11\/2016\/06\/Vincentian-Network-logo-big.png?fit=778%2C778","contentUrl":"https:\/\/i1.wp.com\/vincentians.com\/es\/wp-content\/uploads\/sites\/11\/2016\/06\/Vincentian-Network-logo-big.png?fit=778%2C778","width":778,"height":778,"caption":"The Vincentian Network"},"image":{"@id":"http:\/\/vincentians.com\/es\/#\/schema\/logo\/image\/"},"sameAs":["https:\/\/www.facebook.com\/WeAreVincentians\/","https:\/\/x.com\/WeVincentians"]},{"@type":"Person","@id":"http:\/\/vincentians.com\/es\/#\/schema\/person\/9623ef4d9aa3b2dfb8c061f1499288f2","name":"Francisco Javier Fern\u00e1ndez Chento","image":{"@type":"ImageObject","inLanguage":"es","@id":"http:\/\/vincentians.com\/es\/#\/schema\/person\/image\/","url":"https:\/\/secure.gravatar.com\/avatar\/497d5cde87b4c3d097d0315953521681ba2cd523ee66e5077c3711f7021e65de?s=96&d=mm&r=g","contentUrl":"https:\/\/secure.gravatar.com\/avatar\/497d5cde87b4c3d097d0315953521681ba2cd523ee66e5077c3711f7021e65de?s=96&d=mm&r=g","caption":"Francisco Javier Fern\u00e1ndez Chento"},"description":"Director General y cofundador de La Red de Formaci\u00f3n Vicenciana. Javier es laico vicenciano, afiliado a la Congregaci\u00f3n de la Misi\u00f3n y miembro del Equipo de Misiones Populares de la provincia can\u00f3nica de Zaragoza (Espa\u00f1a) de la Congregaci\u00f3n de la Misi\u00f3n. Graduado en la Universidad Oberta de Catalunya con cuatro grados (Asistente de direcci\u00f3n, Gesti\u00f3n Administrativa, Recursos Humanos y Contabilidad Avanzada). Bil\u00edng\u00fce Espa\u00f1ol\/Ingl\u00e9s. gestiona y mantiene varias p\u00e1ginas web cristianas y vicencianas, incluida including La Red de Formaci\u00f3n Vicenciana, de la que es cofundador. Actualmente es responsable del \u00e1rea de Espa\u00f1ol de .famvin, la Red de Noticias de la Familia Vicenciana. Tambi\u00e9n es m\u00fasico cat\u00f3lico y ha editado varios discos. Es Director General y cofundador de Trovador, una reconocida compa\u00f1\u00eda discogr\u00e1fica critiana de Espa\u00f1a. Trabaja en las Tecnolog\u00edas de la Informaci\u00f3n, ofreciendo servicios de alojamiento, dise\u00f1o y mantenimiento Web, as\u00ed como asesoramiento, formaci\u00f3n y soluciones inform\u00e1ticas, gesti\u00f3n documental y digitalizaci\u00f3n de textos, edici\u00f3n y maquetaci\u00f3n de libros, revistas, flyers, etc.","sameAs":["http:\/\/chento.org","https:\/\/www.facebook.com\/JavierChento","https:\/\/x.com\/https:\/\/twitter.com\/javierchento"],"url":"https:\/\/vincentians.com\/es\/author\/chento\/"}]}},"jetpack_publicize_connections":[],"jetpack_featured_media_url":"https:\/\/i0.wp.com\/vincentians.com\/es\/wp-content\/uploads\/sites\/11\/2013\/04\/msoF811D.jpg?fit=612%2C490&ssl=1","jetpack_sharing_enabled":true,"jetpack_shortlink":"https:\/\/wp.me\/p7ETMF-4GR","jetpack-related-posts":[{"id":125932,"url":"https:\/\/vincentians.com\/es\/la-medalla-milagrosa-un-signo-para-nuestro-tiempo\/","url_meta":{"origin":18033,"position":0},"title":"La Medalla Milagrosa, un signo para nuestro tiempo","author":"Francisco Javier Fern\u00e1ndez Chento","date":"27\/11\/2020","format":false,"excerpt":"El hombre y los signos Desde siempre el hombre se ha enfrentado a su propia limitaci\u00f3n de expresi\u00f3n. Siente, en lo m\u00e1s \u00edntimo de su ser, la necesidad imperiosa de relacionarse, de comunicarse con una especie de lenguaje universal que haga comprensible a los dem\u00e1s sus m\u00e1s hondos sentimientos\u2026; y\u2026","rel":"","context":"En \u00abVirgen Mar\u00eda\u00bb","block_context":{"text":"Virgen Mar\u00eda","link":"https:\/\/vincentians.com\/es\/category\/espiritualidad\/virgen-maria\/"},"img":{"alt_text":"","src":"","width":0,"height":0},"classes":[]},{"id":947,"url":"https:\/\/vincentians.com\/es\/bibliografia-sobre-las-distintas-ramas-de-la-familia-vicenciana\/","url_meta":{"origin":18033,"position":1},"title":"Bibliograf\u00eda sobre las distintas ramas de la Familia Vicenciana","author":"Francisco Javier Fern\u00e1ndez Chento","date":"07\/11\/2022","format":false,"excerpt":"CANDELAS ANTEQUERA, Mar\u00eda Teresa H.C.: Federico Ozanam, un seglar comprometido. Madrid: Sociedad de S.V.Pa\u00fal. San Pedro 3. 28014 Madrid. La biograf\u00eda de Ozanam m\u00e1s completa de las escritas hasta ahora en Espa\u00f1a. CORERA Jaime: Servir a los pobres es ir a Dios. Editorial La Milagrosa. Madrid 1999. El mismo autor\u2026","rel":"","context":"En \u00abFamilia Vicenciana sin categorizar\u00bb","block_context":{"text":"Familia Vicenciana sin categorizar","link":"https:\/\/vincentians.com\/es\/category\/la-familia-vicenciana\/familia-vicenciana-sin-categorizar\/"},"img":{"alt_text":"","src":"https:\/\/i0.wp.com\/vincentians.com\/es\/wp-content\/uploads\/sites\/11\/2013\/04\/formacion_permanente.jpg?fit=303%2C303&ssl=1&resize=350%2C200","width":350,"height":200},"classes":[]},{"id":48119,"url":"https:\/\/vincentians.com\/es\/primera-asamblea-general-de-la-juventud-mariana-vicentina-documento-final\/","url_meta":{"origin":18033,"position":2},"title":"Primera asamblea general de la juventud mariana vicentina. Documento Final","author":"Francisco Javier Fern\u00e1ndez Chento","date":"17\/08\/2011","format":false,"excerpt":"Roma, 8-12 de agosto de 2000 Un sue\u00f1o que se transforma en realidad... Despu\u00e9s de dos a\u00f1os de preparaci\u00f3n, de asiduo trabajo y de reflexi\u00f3n, hemos llegado a la Primera Asamblea General de JMV. Durante cinco d\u00edas pudimos compartir momentos intensos de oraci\u00f3n, de estudio, de reflexi\u00f3n y de convivencia,\u2026","rel":"","context":"En \u00abDocumentos de Juventudes Marianas Vicencianas\u00bb","block_context":{"text":"Documentos de Juventudes Marianas Vicencianas","link":"https:\/\/vincentians.com\/es\/category\/formacion-vicenciana\/documentos-oficiales-de-la-familia-vicenciana\/documentos-de-juventudes-marianas-vicencianas\/"},"img":{"alt_text":"","src":"https:\/\/i0.wp.com\/vicencianos.org\/wp-content\/2011\/04\/jmv-188x300.jpg?resize=350%2C200","width":350,"height":200},"classes":[]},{"id":142750,"url":"https:\/\/vincentians.com\/es\/sor-aurora-bernardo-una-hija-de-la-caridad-en-salida-permanente\/","url_meta":{"origin":18033,"position":3},"title":"Sor Aurora Bernardo, una Hija de la Caridad en \u00absalida\u00bb permanente","author":"Francisco Javier Fern\u00e1ndez Chento","date":"31\/03\/2015","format":false,"excerpt":"1. Retrato robot Se va, pero se queda; ha emprendido un largo viaje, pero sigue acompa\u00f1\u00e1ndonos en nuestra marcha diaria; nos ha dicho adi\u00f3s el 24 de Febrero de 2015, serena, tranquila, hasta sonriente, pero, con su mirada puesta en lo alto, y su dedo \u00edndice se\u00f1alando nuevos horizontes, nos\u2026","rel":"","context":"En \u00abTestigos vicencianos\u00bb","block_context":{"text":"Testigos vicencianos","link":"https:\/\/vincentians.com\/es\/category\/la-familia-vicenciana\/testigos-vicencianos\/"},"img":{"alt_text":"aurora02","src":"https:\/\/i0.wp.com\/vicencianos.org\/wp-content\/2015\/03\/aurora02-200x300.jpg?resize=350%2C200","width":350,"height":200},"classes":[]},{"id":115978,"url":"https:\/\/vincentians.com\/es\/familia-vicenciana-y-medalla-milagrosa\/","url_meta":{"origin":18033,"position":4},"title":"Familia Vicenciana y Medalla Milagrosa","author":"Francisco Javier Fern\u00e1ndez Chento","date":"27\/11\/2022","format":false,"excerpt":"Lo que ha sido este legado desde 1830 El testimonio de la Historia nos dice que, si bien la Virgen se aparece a Santa Catalina Labour\u00e9, \u00e9sta, cumpliendo los deseos manifestados por la Madre de Dios, permanece oculta, desconocida, en el silencio m\u00e1s incomprensible; un silencio que a veces se\u2026","rel":"","context":"En \u00abVirgen Mar\u00eda\u00bb","block_context":{"text":"Virgen Mar\u00eda","link":"https:\/\/vincentians.com\/es\/category\/espiritualidad\/virgen-maria\/"},"img":{"alt_text":"","src":"https:\/\/i0.wp.com\/vincentians.com\/es\/wp-content\/uploads\/sites\/11\/2016\/08\/hijas-caridad.jpg?fit=1200%2C630&ssl=1&resize=350%2C200","width":350,"height":200,"srcset":"https:\/\/i0.wp.com\/vincentians.com\/es\/wp-content\/uploads\/sites\/11\/2016\/08\/hijas-caridad.jpg?fit=1200%2C630&ssl=1&resize=350%2C200 1x, https:\/\/i0.wp.com\/vincentians.com\/es\/wp-content\/uploads\/sites\/11\/2016\/08\/hijas-caridad.jpg?fit=1200%2C630&ssl=1&resize=525%2C300 1.5x, https:\/\/i0.wp.com\/vincentians.com\/es\/wp-content\/uploads\/sites\/11\/2016\/08\/hijas-caridad.jpg?fit=1200%2C630&ssl=1&resize=700%2C400 2x, https:\/\/i0.wp.com\/vincentians.com\/es\/wp-content\/uploads\/sites\/11\/2016\/08\/hijas-caridad.jpg?fit=1200%2C630&ssl=1&resize=1050%2C600 3x"},"classes":[]},{"id":14382,"url":"https:\/\/vincentians.com\/es\/caridad-y-mision-en-la-experiencia-de-juventudes-marianas-vicencianas-audio\/","url_meta":{"origin":18033,"position":5},"title":"Caridad y Misi\u00f3n en la experiencia de Juventudes Marianas Vicencianas (audio)","author":"Francisco Javier Fern\u00e1ndez Chento","date":"15\/10\/2023","format":false,"excerpt":"Irune Fern\u00e1ndez, presidenta de JMV Espa\u00f1a y secretaria de la Coordinadora Nacional de Familia Vicenciana, es profesora de educaci\u00f3n especial en el colegio de San Jos\u00e9 de Astillero (Cantabria). Presenta el pasado, presente y futuro de Juventudes Marianas Vicencianas. La Asociaci\u00f3n de Hijos e Hijas de Mar\u00eda, que hoy se\u2026","rel":"","context":"En \u00abFormaci\u00f3n Vicenciana\u00bb","block_context":{"text":"Formaci\u00f3n Vicenciana","link":"https:\/\/vincentians.com\/es\/category\/formacion-vicenciana\/"},"img":{"alt_text":"","src":"https:\/\/i0.wp.com\/vincentians.com\/es\/wp-content\/uploads\/sites\/11\/2013\/04\/f-8-scaled.jpg?fit=1200%2C570&ssl=1&resize=350%2C200","width":350,"height":200,"srcset":"https:\/\/i0.wp.com\/vincentians.com\/es\/wp-content\/uploads\/sites\/11\/2013\/04\/f-8-scaled.jpg?fit=1200%2C570&ssl=1&resize=350%2C200 1x, https:\/\/i0.wp.com\/vincentians.com\/es\/wp-content\/uploads\/sites\/11\/2013\/04\/f-8-scaled.jpg?fit=1200%2C570&ssl=1&resize=525%2C300 1.5x, https:\/\/i0.wp.com\/vincentians.com\/es\/wp-content\/uploads\/sites\/11\/2013\/04\/f-8-scaled.jpg?fit=1200%2C570&ssl=1&resize=700%2C400 2x, https:\/\/i0.wp.com\/vincentians.com\/es\/wp-content\/uploads\/sites\/11\/2013\/04\/f-8-scaled.jpg?fit=1200%2C570&ssl=1&resize=1050%2C600 3x"},"classes":[]}],"_links":{"self":[{"href":"https:\/\/vincentians.com\/es\/wp-json\/wp\/v2\/posts\/18033","targetHints":{"allow":["GET"]}}],"collection":[{"href":"https:\/\/vincentians.com\/es\/wp-json\/wp\/v2\/posts"}],"about":[{"href":"https:\/\/vincentians.com\/es\/wp-json\/wp\/v2\/types\/post"}],"author":[{"embeddable":true,"href":"https:\/\/vincentians.com\/es\/wp-json\/wp\/v2\/users\/4"}],"replies":[{"embeddable":true,"href":"https:\/\/vincentians.com\/es\/wp-json\/wp\/v2\/comments?post=18033"}],"version-history":[{"count":1,"href":"https:\/\/vincentians.com\/es\/wp-json\/wp\/v2\/posts\/18033\/revisions"}],"predecessor-version":[{"id":404522,"href":"https:\/\/vincentians.com\/es\/wp-json\/wp\/v2\/posts\/18033\/revisions\/404522"}],"wp:featuredmedia":[{"embeddable":true,"href":"https:\/\/vincentians.com\/es\/wp-json\/wp\/v2\/media\/404141"}],"wp:attachment":[{"href":"https:\/\/vincentians.com\/es\/wp-json\/wp\/v2\/media?parent=18033"}],"wp:term":[{"taxonomy":"category","embeddable":true,"href":"https:\/\/vincentians.com\/es\/wp-json\/wp\/v2\/categories?post=18033"},{"taxonomy":"post_tag","embeddable":true,"href":"https:\/\/vincentians.com\/es\/wp-json\/wp\/v2\/tags?post=18033"}],"curies":[{"name":"wp","href":"https:\/\/api.w.org\/{rel}","templated":true}]}}