{"id":17382,"date":"2021-11-25T08:15:27","date_gmt":"2021-11-25T07:15:27","guid":{"rendered":"http:\/\/somos.vicencianos.org\/blog\/?p=17382"},"modified":"2021-11-22T11:25:18","modified_gmt":"2021-11-22T10:25:18","slug":"santa-catalina-laboure-la-santa-del-silencio","status":"publish","type":"post","link":"https:\/\/vincentians.com\/es\/santa-catalina-laboure-la-santa-del-silencio\/","title":{"rendered":"Santa Catalina Labour\u00e9, la santa del silencio"},"content":{"rendered":"<p>Pedro Labour\u00e9 (ex-seminarista) y Luisa Magdalena Gontard, maestra del pueblo de Senaill\u00ed, se casan el 4 de junio de 1973. Son los d\u00edas malos de la revoluci\u00f3n francesa. En 1800 pasan a vivir a un pueblecito de la Borgo\u00f1a llamado Fain-les-\u00adMoutiers, a 60 km. de Dijon. All\u00ed cultivan una tierra que les pertenece, siendo una familia media, ni rica ni pobre.<\/p>\n<p>El 2 de mayo de 1806 les nace una hija, octavo fruto del matrimonio, a la que ponen el nombre de Catalina y que apodan con el sobrenombre de Zo\u00e9, por haberla bautizado en la fiesta de esta santa. Zo\u00e9 significa vida. Los padres de Catalina tendr\u00e1n un total de 17 hijos, de los que vivir\u00e1n 10. Catalina es el octavo de los vivos. Su madre muere el 9 de octubre de 1815 y una t\u00eda suya la lleva consigo, junto a su hermana Tonina, para encargarse de ellas mientras que la tercera de sus hermanas, Mar\u00eda Luisa, se hace cargo de la casa.<\/p>\n<p>El 25 de enero de 1818, Catalina hace la Primera Comuni\u00f3n y el 22 de junio de 1818 tiene que volver a su casa, pues su hermana Mar\u00eda Luisa ha entrado en las Hijas de la Caridad y a ella le corresponde sucederla en la casa y encargarse de la direcci\u00f3n de la granja. La tarea es m\u00e1s que dura: son muchos los hermanos en casa y adem\u00e1s, en verano, se a\u00f1aden hasta doce temporeros. Es preciso cocinar, lavar, coser y llevar la comida a los trabajadores, a las gallinas y a los setecientos u ochocientos pichones que hay en la granja.<\/p>\n<p>A los catorce a\u00f1os decide ayunar viernes y s\u00e1bado. Tonina se entera y se lo dice a su padre, el padre se enfada y discute con ella, Catalina le convence y sigue ayunando. Cuando termina sus tareas se va a la Iglesia para rezar y lo hace sin prisas y de rodillas sobre el suelo fr\u00edo y h\u00famedo casi siempre. Rezaba con frecuencia ante el cuadro de la Virgen en la capilla de la parroquia del pueblo restaurada por su familia. Al no haber sacerdote residente en el pueblo ten\u00eda que ir a Misa a Moutiers, a media legua de Fain.<\/p>\n<p>A los 18 a\u00f1os tiene un sue\u00f1o: <em>\u00abEst\u00e1 rezando en la capilla de la Virgen y un sacerdote sale a celebrar Misa, cada vez que se vuelve la mira con ojos penetrantes; terminada la misa, el sacerdote sale de la sacrist\u00eda y la llama; Catalina huye y se va a visitar a un enfermo; el sacerdote est\u00e1 all\u00ed y le dice: Hija m\u00eda, ahora me huyes, pero un d\u00eda te sentir\u00e1s feliz de venir a m\u00ed; Dios tiene designios sobre ti, no lo olvides<\/em><em>\u00ab.<\/em> Y aqu\u00ed termin\u00f3 el sue\u00f1o. Catalina le dice a su padre que quiere ser Hija de la Caridad como su hermana, su padre le contesta que ya es suficiente con la hija mayor. Para quit\u00e1rselo de la cabeza la env\u00eda a Par\u00eds, la ciudad aturdidora, donde ya trabajan cinco de sus hermanos y donde su hermano Carlos tiene un peque\u00f1o restaurante para obreros. A ver si all\u00ed, entre cocina y mesa, decires y piropos, se le olvida semejante idea, encuentra un buen joven y se casa. M\u00e1s Catalina va , trabaja, dirige el servicio y permanece inquebrantable en su decisi\u00f3n.<\/p>\n<p>Han pasado cinco a\u00f1os y apenas se acuerda del sue\u00f1o, cuando en septiembre de 1829 Mar\u00eda Luisa aconseja a Catalina que vaya a Chatillon-sur-Seine con una cu\u00f1ada suya, casada con su hermano Humberto, que dirig\u00eda un internado de j\u00f3venes para aprender a leer y escribir. All\u00ed ten\u00edan las Hijas de la Caridad una residencia y un d\u00eda va a visitarlas. Al entrar en el recibidor observa un cuadro sobre la pared y se sobresalta: aquel personaje, san Vicente de Pa\u00fal, es el sacerdote de su sue\u00f1o.<\/p>\n<p>Finalmente, el 14 de enero de 1830, a los 24 a\u00f1os, ingresa para hacer el postulantado, requisito previo para ingresar en las Hijas de la Caridad. Pedro, su padre, no ha querido darle cantidad alguna y es su cu\u00f1ada la que le da 672 francos, cantidad que aporta como parte de la dote. El 21 de abril de 1830 llega en coche de caballos a la casa-madre en el 140 de la rue Du Bac, para hacer su noviciado y prepararse a entregar toda su vida a Jesucristo amando y sirviendo a los m\u00e1s desdichados, es el mi\u00e9rcoles anterior a la traslaci\u00f3n de las reliquias de San Vicente de Pa\u00fal desde Notre-Dame a San L\u00e1zaro.<\/p>\n<p>El primer acontecimiento m\u00edstico de su vida se produjo en este mes parisino: <em>\u00abSe me apareci\u00f3 nuestro Padre san Vicente tres veces diferentes durante tres d\u00edas seguidos, con diferente vestido: <strong>Blanco color carne<\/strong> que me anunciaba la paz, la calma, la inocencia, la uni\u00f3n. Despu\u00e9s lo vi <strong>rojo fuego<\/strong>, pues de \u00e9l deb\u00eda alumbrar la caridad en todos los corazones. Luego lo vi <strong>rojo oscuro<\/strong>, llen\u00e1ndome de tristeza por el dolor que hab\u00eda de sobrellevar<\/em><em>\u00ab.<\/em><\/p>\n<p>All\u00e1, en secreto, la joven Hermana vive experiencias espirituales sorprendentes. Durante su noviciado, Catalina tuvo visiones de la Virgen Milagrosa, de Jes\u00fas sacramentado, de la Cruz. Aquellas visiones, de momento, eran solamente <em>\u00absu mundo<\/em><em>\u00ab<\/em>, no todav\u00eda el mundo de sus hermanas de la casa-madre ni el mundo de la Iglesia. Por eso nadie sospech\u00f3 nada.<\/p>\n<p>En la noche del 18 al 19 de Julio de 1830, la Virgen Mar\u00eda, a quien Catalina ha elegido por madre desde la infancia, se le aparece. En el curso de un di\u00e1logo de m\u00e1s de dos horas, Mar\u00eda dice a Sor Catalina: \u00ab<em>Venid al pie de este altar<\/em><em>\u00ab<\/em>, significando la importancia de la oraci\u00f3n y de la Eucarist\u00eda.<\/p>\n<p>El 27 de Noviembre siguiente, a las 5:30 de la ma\u00f1ana, durante la meditaci\u00f3n de la comunidad, Mar\u00eda conf\u00eda a Sor Catalina un mensaje para transmitir al mundo bajo la forma de una sencilla medalla:<\/p>\n<p><em>\u00abEl anverso con la imagen de la Sant\u00edsima Virgen de estatura media, con un vestido de escote subido, el velo cubriendo su cabeza y bajando por los lados hasta los pies. Sobre los cabellos una especie de toca alrededor de la cual un peque\u00f1o encaje de dos dedos de ancho. El rostro m\u00e1s bien descubierto, bajo sus pies un globo blanco. Hab\u00eda tambi\u00e9n bajo los pies de la Virgen una serpiente de color verdusco con manchas amarillas. Y esta inscripci\u00f3n \u00abOh Mar\u00eda sin pecado concebida, ruega por nosotros que recurrimos a ti\u00bb formando un semic\u00edrculo, comenzando a la altura de la mano derecha, pasando por encima de la cabeza de la Virgen y terminando a la altura de la mano izquierda.<\/em><\/p>\n<p><em>En el reverso de la Medalla se descubre el monograma de la Santa Virgen compuesto por la letra \u00ab<\/em><strong><em>M<\/em><\/strong><em>\u00bb coronada por una cruz entramada en una barra de base. Y debajo el Coraz\u00f3n de Jes\u00fas coronado de espinas y el Coraz\u00f3n de Mar\u00eda atravesado por una espada. Todo ello rodeado de doce estrellas\u00bb<\/em><\/p>\n<p>Despu\u00e9s de su formaci\u00f3n, en febrero de 1831, sor Catalina es enviada al hospicio de ancianos en Enguien donde realiza trabajos humildes, encarg\u00e1ndose sucesivamente y a veces acumulativamente, de la cocina (1831-1836), de la lencer\u00eda (1836-1840), de la vaquer\u00eda (1846-1862), del gallinero (1831-1865), del cuidado de toda la casa, aunque sin el t\u00edtulo de superiora (1860-1875) y finalmente de la porter\u00eda (1870-1876), m\u00e1s de cuarenta a\u00f1os en la misma casa. Nada la distingue de las dem\u00e1s: trabaja, reza, guarda el silencio&#8230; mientras que la peque\u00f1a medalla, llamada por el pueblo \u00ab<strong><em>Medalla Milagrosa<\/em><\/strong>\u00ab, da la vuelta al mundo. Durante toda su vida, incluso durante la \u00abEncuesta Can\u00f3nica\u00bb, Sor Catalina supo defender su inc\u00f3gnito, se las arregl\u00f3 para que s\u00f3lo sus confesores se enteraran de que ella era la favorecida con las apariciones de la sant\u00edsima Virgen. El \u00faltimo a\u00f1o, casi al final de su vida, lo supo tambi\u00e9n su superiora, sor Juana Duf\u00e9s.<\/p>\n<p>En Diciembre de 1876, Sor Catalina se prepara a la muerte: <strong><em>\u00ab\u00bfPor qu\u00e9 quer\u00e9is que tenga miedo?<\/em><\/strong><strong><em>&#8230; Yo voy a encontrarme con Nuestro Se\u00f1or, con la Sant\u00edsima Virgen, nuestra madre y con San Vicente\u00bb<\/em><\/strong>. A las 7 de la tarde del d\u00eda 31 de diciembre de 1876, durante el rezo de las hermanas, sin que Catalina pueda ya contestar, se adormece tan silenciosa en el momento de su muerte como lo hab\u00eda sido en vida. Sor Duf\u00e9s, la superiora, llama a las hermanas y les lee los relatos de las apariciones que Sor Catalina hab\u00eda escrito y le hab\u00eda entregado en la primavera de aquel a\u00f1o.<\/p>\n<p>La noticia de su muerte corre como un rel\u00e1mpago y todo el mundo comienza a decir que ha muerto la vidente de la \u00abMedalla Milagrosa\u00bb y comienza un desfile ininterrumpido de gentes que quieren venerarla. Durante su entierro, celebrado el 3 de enero y en la procesi\u00f3n encabezada por los ancianos de Enguien, las Hijas de Mar\u00eda, con su estandarte, muchos ni\u00f1os, j\u00f3venes obreros del suburbio de San Antonio con la medalla colgada del pecho, gentes del barrio y llegadas de muchas parte cantaban y rezaban gozosos el \u00ab<strong><em>Oh Mar\u00eda, sin pecado concebida<\/em><\/strong>\u00ab. No hay tristeza, s\u00f3lo confirmaci\u00f3n agradecida de la presencia de Dios y de la Virgen Mar\u00eda entre los hombres.<\/p>\n<p>Sor Catalina Labour\u00e9 fue beatificada el 25 de marzo de 1933 por el Papa P\u00edo XI y canonizada por P\u00edo XII el 27 de julio de 1947. El cuerpo de la \u00ab<em>Santa del silencio\u00bb<\/em> descansa en Par\u00eds, bajo la estatua de la Virgen del Globo en el altar de la capilla de la Rue du Bac dedicado a ella.<\/p>\n","protected":false},"excerpt":{"rendered":"<p>Pedro Labour\u00e9 (ex-seminarista) y Luisa Magdalena Gontard, maestra del pueblo de Senaill\u00ed, se casan el 4 de junio de 1973. Son los d\u00edas malos de la revoluci\u00f3n francesa. En 1800 pasan a vivir a un &#8230; <a href=\"https:\/\/vincentians.com\/es\/santa-catalina-laboure-la-santa-del-silencio\/\" class=\"more-link\">Read More<\/a><\/p>\n","protected":false},"author":4,"featured_media":402659,"comment_status":"open","ping_status":"open","sticky":false,"template":"","format":"standard","meta":{"jetpack_post_was_ever_published":false,"_jetpack_newsletter_access":"","_jetpack_dont_email_post_to_subs":true,"_jetpack_newsletter_tier_id":0,"_jetpack_memberships_contains_paywalled_content":false,"_jetpack_memberships_contains_paid_content":false,"footnotes":"","jetpack_publicize_message":"","jetpack_publicize_feature_enabled":true,"jetpack_social_post_already_shared":true,"jetpack_social_options":{"image_generator_settings":{"template":"highway","default_image_id":0,"font":"","enabled":false},"version":2}},"categories":[20],"tags":[173,190,143],"class_list":["post-17382","post","type-post","status-publish","format-standard","has-post-thumbnail","hentry","category-catalina-laboure","tag-chatillon-les-dombes","tag-rue-du-bac","tag-san-lazaro"],"yoast_head":"<!-- This site is optimized with the Yoast SEO plugin v26.3 - https:\/\/yoast.com\/wordpress\/plugins\/seo\/ -->\n<title>Santa Catalina Labour\u00e9, la santa del silencio - Somos Vicencianos<\/title>\n<meta name=\"robots\" content=\"index, follow, max-snippet:-1, max-image-preview:large, max-video-preview:-1\" \/>\n<link rel=\"canonical\" href=\"https:\/\/vincentians.com\/es\/santa-catalina-laboure-la-santa-del-silencio\/\" \/>\n<meta property=\"og:locale\" content=\"es_ES\" \/>\n<meta property=\"og:type\" content=\"article\" \/>\n<meta property=\"og:title\" content=\"Santa Catalina Labour\u00e9, la santa del silencio - Somos Vicencianos\" \/>\n<meta property=\"og:description\" content=\"Pedro Labour\u00e9 (ex-seminarista) y Luisa Magdalena Gontard, maestra del pueblo de Senaill\u00ed, se casan el 4 de junio de 1973. Son los d\u00edas malos de la revoluci\u00f3n francesa. En 1800 pasan a vivir a un ... Read More\" \/>\n<meta property=\"og:url\" content=\"https:\/\/vincentians.com\/es\/santa-catalina-laboure-la-santa-del-silencio\/\" \/>\n<meta property=\"og:site_name\" content=\"Somos Vicencianos\" \/>\n<meta property=\"article:publisher\" content=\"https:\/\/www.facebook.com\/WeAreVincentians\/\" \/>\n<meta property=\"article:author\" content=\"https:\/\/www.facebook.com\/JavierChento\" \/>\n<meta property=\"article:published_time\" content=\"2021-11-25T07:15:27+00:00\" \/>\n<meta property=\"og:image\" content=\"https:\/\/i0.wp.com\/vincentians.com\/es\/wp-content\/uploads\/sites\/11\/2016\/11\/Catalina2.jpg?fit=1280%2C720&ssl=1\" \/>\n\t<meta property=\"og:image:width\" content=\"1280\" \/>\n\t<meta property=\"og:image:height\" content=\"720\" \/>\n\t<meta property=\"og:image:type\" content=\"image\/jpeg\" \/>\n<meta name=\"author\" content=\"Francisco Javier Fern\u00e1ndez Chento\" \/>\n<meta name=\"twitter:card\" content=\"summary_large_image\" \/>\n<meta name=\"twitter:creator\" content=\"@https:\/\/twitter.com\/javierchento\" \/>\n<meta name=\"twitter:site\" content=\"@WeVincentians\" \/>\n<meta name=\"twitter:label1\" content=\"Escrito por\" \/>\n\t<meta name=\"twitter:data1\" content=\"Francisco Javier Fern\u00e1ndez Chento\" \/>\n\t<meta name=\"twitter:label2\" content=\"Tiempo de lectura\" \/>\n\t<meta name=\"twitter:data2\" content=\"8 minutos\" \/>\n<script type=\"application\/ld+json\" class=\"yoast-schema-graph\">{\"@context\":\"https:\/\/schema.org\",\"@graph\":[{\"@type\":\"Article\",\"@id\":\"https:\/\/vincentians.com\/es\/santa-catalina-laboure-la-santa-del-silencio\/#article\",\"isPartOf\":{\"@id\":\"https:\/\/vincentians.com\/es\/santa-catalina-laboure-la-santa-del-silencio\/\"},\"author\":{\"name\":\"Francisco Javier Fern\u00e1ndez Chento\",\"@id\":\"http:\/\/vincentians.com\/es\/#\/schema\/person\/9623ef4d9aa3b2dfb8c061f1499288f2\"},\"headline\":\"Santa Catalina Labour\u00e9, la santa del silencio\",\"datePublished\":\"2021-11-25T07:15:27+00:00\",\"mainEntityOfPage\":{\"@id\":\"https:\/\/vincentians.com\/es\/santa-catalina-laboure-la-santa-del-silencio\/\"},\"wordCount\":1667,\"commentCount\":4,\"publisher\":{\"@id\":\"http:\/\/vincentians.com\/es\/#organization\"},\"image\":{\"@id\":\"https:\/\/vincentians.com\/es\/santa-catalina-laboure-la-santa-del-silencio\/#primaryimage\"},\"thumbnailUrl\":\"https:\/\/i0.wp.com\/vincentians.com\/es\/wp-content\/uploads\/sites\/11\/2016\/11\/Catalina2.jpg?fit=1280%2C720&ssl=1\",\"keywords\":[\"Chatillon\",\"Rue du Bac\",\"San L\u00e1zaro\"],\"articleSection\":[\"Catalina Labour\u00e9\"],\"inLanguage\":\"es\",\"potentialAction\":[{\"@type\":\"CommentAction\",\"name\":\"Comment\",\"target\":[\"https:\/\/vincentians.com\/es\/santa-catalina-laboure-la-santa-del-silencio\/#respond\"]}]},{\"@type\":\"WebPage\",\"@id\":\"https:\/\/vincentians.com\/es\/santa-catalina-laboure-la-santa-del-silencio\/\",\"url\":\"https:\/\/vincentians.com\/es\/santa-catalina-laboure-la-santa-del-silencio\/\",\"name\":\"Santa Catalina Labour\u00e9, la santa del silencio - Somos Vicencianos\",\"isPartOf\":{\"@id\":\"http:\/\/vincentians.com\/es\/#website\"},\"primaryImageOfPage\":{\"@id\":\"https:\/\/vincentians.com\/es\/santa-catalina-laboure-la-santa-del-silencio\/#primaryimage\"},\"image\":{\"@id\":\"https:\/\/vincentians.com\/es\/santa-catalina-laboure-la-santa-del-silencio\/#primaryimage\"},\"thumbnailUrl\":\"https:\/\/i0.wp.com\/vincentians.com\/es\/wp-content\/uploads\/sites\/11\/2016\/11\/Catalina2.jpg?fit=1280%2C720&ssl=1\",\"datePublished\":\"2021-11-25T07:15:27+00:00\",\"breadcrumb\":{\"@id\":\"https:\/\/vincentians.com\/es\/santa-catalina-laboure-la-santa-del-silencio\/#breadcrumb\"},\"inLanguage\":\"es\",\"potentialAction\":[{\"@type\":\"ReadAction\",\"target\":[\"https:\/\/vincentians.com\/es\/santa-catalina-laboure-la-santa-del-silencio\/\"]}]},{\"@type\":\"ImageObject\",\"inLanguage\":\"es\",\"@id\":\"https:\/\/vincentians.com\/es\/santa-catalina-laboure-la-santa-del-silencio\/#primaryimage\",\"url\":\"https:\/\/i0.wp.com\/vincentians.com\/es\/wp-content\/uploads\/sites\/11\/2016\/11\/Catalina2.jpg?fit=1280%2C720&ssl=1\",\"contentUrl\":\"https:\/\/i0.wp.com\/vincentians.com\/es\/wp-content\/uploads\/sites\/11\/2016\/11\/Catalina2.jpg?fit=1280%2C720&ssl=1\",\"width\":1280,\"height\":720},{\"@type\":\"BreadcrumbList\",\"@id\":\"https:\/\/vincentians.com\/es\/santa-catalina-laboure-la-santa-del-silencio\/#breadcrumb\",\"itemListElement\":[{\"@type\":\"ListItem\",\"position\":1,\"name\":\"Portada\",\"item\":\"http:\/\/vincentians.com\/es\/\"},{\"@type\":\"ListItem\",\"position\":2,\"name\":\"Santa Catalina Labour\u00e9, la santa del silencio\"}]},{\"@type\":\"WebSite\",\"@id\":\"http:\/\/vincentians.com\/es\/#website\",\"url\":\"http:\/\/vincentians.com\/es\/\",\"name\":\"Somos Vicencianos\",\"description\":\"Know more to serve more\",\"publisher\":{\"@id\":\"http:\/\/vincentians.com\/es\/#organization\"},\"potentialAction\":[{\"@type\":\"SearchAction\",\"target\":{\"@type\":\"EntryPoint\",\"urlTemplate\":\"http:\/\/vincentians.com\/es\/?s={search_term_string}\"},\"query-input\":{\"@type\":\"PropertyValueSpecification\",\"valueRequired\":true,\"valueName\":\"search_term_string\"}}],\"inLanguage\":\"es\"},{\"@type\":\"Organization\",\"@id\":\"http:\/\/vincentians.com\/es\/#organization\",\"name\":\"The Vincentian Network\",\"url\":\"http:\/\/vincentians.com\/es\/\",\"logo\":{\"@type\":\"ImageObject\",\"inLanguage\":\"es\",\"@id\":\"http:\/\/vincentians.com\/es\/#\/schema\/logo\/image\/\",\"url\":\"https:\/\/i1.wp.com\/vincentians.com\/es\/wp-content\/uploads\/sites\/11\/2016\/06\/Vincentian-Network-logo-big.png?fit=778%2C778\",\"contentUrl\":\"https:\/\/i1.wp.com\/vincentians.com\/es\/wp-content\/uploads\/sites\/11\/2016\/06\/Vincentian-Network-logo-big.png?fit=778%2C778\",\"width\":778,\"height\":778,\"caption\":\"The Vincentian Network\"},\"image\":{\"@id\":\"http:\/\/vincentians.com\/es\/#\/schema\/logo\/image\/\"},\"sameAs\":[\"https:\/\/www.facebook.com\/WeAreVincentians\/\",\"https:\/\/x.com\/WeVincentians\"]},{\"@type\":\"Person\",\"@id\":\"http:\/\/vincentians.com\/es\/#\/schema\/person\/9623ef4d9aa3b2dfb8c061f1499288f2\",\"name\":\"Francisco Javier Fern\u00e1ndez Chento\",\"image\":{\"@type\":\"ImageObject\",\"inLanguage\":\"es\",\"@id\":\"http:\/\/vincentians.com\/es\/#\/schema\/person\/image\/\",\"url\":\"https:\/\/secure.gravatar.com\/avatar\/497d5cde87b4c3d097d0315953521681ba2cd523ee66e5077c3711f7021e65de?s=96&d=mm&r=g\",\"contentUrl\":\"https:\/\/secure.gravatar.com\/avatar\/497d5cde87b4c3d097d0315953521681ba2cd523ee66e5077c3711f7021e65de?s=96&d=mm&r=g\",\"caption\":\"Francisco Javier Fern\u00e1ndez Chento\"},\"description\":\"Director General y cofundador de La Red de Formaci\u00f3n Vicenciana. Javier es laico vicenciano, afiliado a la Congregaci\u00f3n de la Misi\u00f3n y miembro del Equipo de Misiones Populares de la provincia can\u00f3nica de Zaragoza (Espa\u00f1a) de la Congregaci\u00f3n de la Misi\u00f3n. Graduado en la Universidad Oberta de Catalunya con cuatro grados (Asistente de direcci\u00f3n, Gesti\u00f3n Administrativa, Recursos Humanos y Contabilidad Avanzada). Bil\u00edng\u00fce Espa\u00f1ol\/Ingl\u00e9s. gestiona y mantiene varias p\u00e1ginas web cristianas y vicencianas, incluida including La Red de Formaci\u00f3n Vicenciana, de la que es cofundador. Actualmente es responsable del \u00e1rea de Espa\u00f1ol de .famvin, la Red de Noticias de la Familia Vicenciana. Tambi\u00e9n es m\u00fasico cat\u00f3lico y ha editado varios discos. Es Director General y cofundador de Trovador, una reconocida compa\u00f1\u00eda discogr\u00e1fica critiana de Espa\u00f1a. Trabaja en las Tecnolog\u00edas de la Informaci\u00f3n, ofreciendo servicios de alojamiento, dise\u00f1o y mantenimiento Web, as\u00ed como asesoramiento, formaci\u00f3n y soluciones inform\u00e1ticas, gesti\u00f3n documental y digitalizaci\u00f3n de textos, edici\u00f3n y maquetaci\u00f3n de libros, revistas, flyers, etc.\",\"sameAs\":[\"http:\/\/chento.org\",\"https:\/\/www.facebook.com\/JavierChento\",\"https:\/\/x.com\/https:\/\/twitter.com\/javierchento\"],\"url\":\"https:\/\/vincentians.com\/es\/author\/chento\/\"}]}<\/script>\n<!-- \/ Yoast SEO plugin. -->","yoast_head_json":{"title":"Santa Catalina Labour\u00e9, la santa del silencio - Somos Vicencianos","robots":{"index":"index","follow":"follow","max-snippet":"max-snippet:-1","max-image-preview":"max-image-preview:large","max-video-preview":"max-video-preview:-1"},"canonical":"https:\/\/vincentians.com\/es\/santa-catalina-laboure-la-santa-del-silencio\/","og_locale":"es_ES","og_type":"article","og_title":"Santa Catalina Labour\u00e9, la santa del silencio - Somos Vicencianos","og_description":"Pedro Labour\u00e9 (ex-seminarista) y Luisa Magdalena Gontard, maestra del pueblo de Senaill\u00ed, se casan el 4 de junio de 1973. Son los d\u00edas malos de la revoluci\u00f3n francesa. En 1800 pasan a vivir a un ... Read More","og_url":"https:\/\/vincentians.com\/es\/santa-catalina-laboure-la-santa-del-silencio\/","og_site_name":"Somos Vicencianos","article_publisher":"https:\/\/www.facebook.com\/WeAreVincentians\/","article_author":"https:\/\/www.facebook.com\/JavierChento","article_published_time":"2021-11-25T07:15:27+00:00","og_image":[{"width":1280,"height":720,"url":"https:\/\/i0.wp.com\/vincentians.com\/es\/wp-content\/uploads\/sites\/11\/2016\/11\/Catalina2.jpg?fit=1280%2C720&ssl=1","type":"image\/jpeg"}],"author":"Francisco Javier Fern\u00e1ndez Chento","twitter_card":"summary_large_image","twitter_creator":"@https:\/\/twitter.com\/javierchento","twitter_site":"@WeVincentians","twitter_misc":{"Escrito por":"Francisco Javier Fern\u00e1ndez Chento","Tiempo de lectura":"8 minutos"},"schema":{"@context":"https:\/\/schema.org","@graph":[{"@type":"Article","@id":"https:\/\/vincentians.com\/es\/santa-catalina-laboure-la-santa-del-silencio\/#article","isPartOf":{"@id":"https:\/\/vincentians.com\/es\/santa-catalina-laboure-la-santa-del-silencio\/"},"author":{"name":"Francisco Javier Fern\u00e1ndez Chento","@id":"http:\/\/vincentians.com\/es\/#\/schema\/person\/9623ef4d9aa3b2dfb8c061f1499288f2"},"headline":"Santa Catalina Labour\u00e9, la santa del silencio","datePublished":"2021-11-25T07:15:27+00:00","mainEntityOfPage":{"@id":"https:\/\/vincentians.com\/es\/santa-catalina-laboure-la-santa-del-silencio\/"},"wordCount":1667,"commentCount":4,"publisher":{"@id":"http:\/\/vincentians.com\/es\/#organization"},"image":{"@id":"https:\/\/vincentians.com\/es\/santa-catalina-laboure-la-santa-del-silencio\/#primaryimage"},"thumbnailUrl":"https:\/\/i0.wp.com\/vincentians.com\/es\/wp-content\/uploads\/sites\/11\/2016\/11\/Catalina2.jpg?fit=1280%2C720&ssl=1","keywords":["Chatillon","Rue du Bac","San L\u00e1zaro"],"articleSection":["Catalina Labour\u00e9"],"inLanguage":"es","potentialAction":[{"@type":"CommentAction","name":"Comment","target":["https:\/\/vincentians.com\/es\/santa-catalina-laboure-la-santa-del-silencio\/#respond"]}]},{"@type":"WebPage","@id":"https:\/\/vincentians.com\/es\/santa-catalina-laboure-la-santa-del-silencio\/","url":"https:\/\/vincentians.com\/es\/santa-catalina-laboure-la-santa-del-silencio\/","name":"Santa Catalina Labour\u00e9, la santa del silencio - Somos Vicencianos","isPartOf":{"@id":"http:\/\/vincentians.com\/es\/#website"},"primaryImageOfPage":{"@id":"https:\/\/vincentians.com\/es\/santa-catalina-laboure-la-santa-del-silencio\/#primaryimage"},"image":{"@id":"https:\/\/vincentians.com\/es\/santa-catalina-laboure-la-santa-del-silencio\/#primaryimage"},"thumbnailUrl":"https:\/\/i0.wp.com\/vincentians.com\/es\/wp-content\/uploads\/sites\/11\/2016\/11\/Catalina2.jpg?fit=1280%2C720&ssl=1","datePublished":"2021-11-25T07:15:27+00:00","breadcrumb":{"@id":"https:\/\/vincentians.com\/es\/santa-catalina-laboure-la-santa-del-silencio\/#breadcrumb"},"inLanguage":"es","potentialAction":[{"@type":"ReadAction","target":["https:\/\/vincentians.com\/es\/santa-catalina-laboure-la-santa-del-silencio\/"]}]},{"@type":"ImageObject","inLanguage":"es","@id":"https:\/\/vincentians.com\/es\/santa-catalina-laboure-la-santa-del-silencio\/#primaryimage","url":"https:\/\/i0.wp.com\/vincentians.com\/es\/wp-content\/uploads\/sites\/11\/2016\/11\/Catalina2.jpg?fit=1280%2C720&ssl=1","contentUrl":"https:\/\/i0.wp.com\/vincentians.com\/es\/wp-content\/uploads\/sites\/11\/2016\/11\/Catalina2.jpg?fit=1280%2C720&ssl=1","width":1280,"height":720},{"@type":"BreadcrumbList","@id":"https:\/\/vincentians.com\/es\/santa-catalina-laboure-la-santa-del-silencio\/#breadcrumb","itemListElement":[{"@type":"ListItem","position":1,"name":"Portada","item":"http:\/\/vincentians.com\/es\/"},{"@type":"ListItem","position":2,"name":"Santa Catalina Labour\u00e9, la santa del silencio"}]},{"@type":"WebSite","@id":"http:\/\/vincentians.com\/es\/#website","url":"http:\/\/vincentians.com\/es\/","name":"Somos Vicencianos","description":"Know more to serve more","publisher":{"@id":"http:\/\/vincentians.com\/es\/#organization"},"potentialAction":[{"@type":"SearchAction","target":{"@type":"EntryPoint","urlTemplate":"http:\/\/vincentians.com\/es\/?s={search_term_string}"},"query-input":{"@type":"PropertyValueSpecification","valueRequired":true,"valueName":"search_term_string"}}],"inLanguage":"es"},{"@type":"Organization","@id":"http:\/\/vincentians.com\/es\/#organization","name":"The Vincentian Network","url":"http:\/\/vincentians.com\/es\/","logo":{"@type":"ImageObject","inLanguage":"es","@id":"http:\/\/vincentians.com\/es\/#\/schema\/logo\/image\/","url":"https:\/\/i1.wp.com\/vincentians.com\/es\/wp-content\/uploads\/sites\/11\/2016\/06\/Vincentian-Network-logo-big.png?fit=778%2C778","contentUrl":"https:\/\/i1.wp.com\/vincentians.com\/es\/wp-content\/uploads\/sites\/11\/2016\/06\/Vincentian-Network-logo-big.png?fit=778%2C778","width":778,"height":778,"caption":"The Vincentian Network"},"image":{"@id":"http:\/\/vincentians.com\/es\/#\/schema\/logo\/image\/"},"sameAs":["https:\/\/www.facebook.com\/WeAreVincentians\/","https:\/\/x.com\/WeVincentians"]},{"@type":"Person","@id":"http:\/\/vincentians.com\/es\/#\/schema\/person\/9623ef4d9aa3b2dfb8c061f1499288f2","name":"Francisco Javier Fern\u00e1ndez Chento","image":{"@type":"ImageObject","inLanguage":"es","@id":"http:\/\/vincentians.com\/es\/#\/schema\/person\/image\/","url":"https:\/\/secure.gravatar.com\/avatar\/497d5cde87b4c3d097d0315953521681ba2cd523ee66e5077c3711f7021e65de?s=96&d=mm&r=g","contentUrl":"https:\/\/secure.gravatar.com\/avatar\/497d5cde87b4c3d097d0315953521681ba2cd523ee66e5077c3711f7021e65de?s=96&d=mm&r=g","caption":"Francisco Javier Fern\u00e1ndez Chento"},"description":"Director General y cofundador de La Red de Formaci\u00f3n Vicenciana. Javier es laico vicenciano, afiliado a la Congregaci\u00f3n de la Misi\u00f3n y miembro del Equipo de Misiones Populares de la provincia can\u00f3nica de Zaragoza (Espa\u00f1a) de la Congregaci\u00f3n de la Misi\u00f3n. Graduado en la Universidad Oberta de Catalunya con cuatro grados (Asistente de direcci\u00f3n, Gesti\u00f3n Administrativa, Recursos Humanos y Contabilidad Avanzada). Bil\u00edng\u00fce Espa\u00f1ol\/Ingl\u00e9s. gestiona y mantiene varias p\u00e1ginas web cristianas y vicencianas, incluida including La Red de Formaci\u00f3n Vicenciana, de la que es cofundador. Actualmente es responsable del \u00e1rea de Espa\u00f1ol de .famvin, la Red de Noticias de la Familia Vicenciana. Tambi\u00e9n es m\u00fasico cat\u00f3lico y ha editado varios discos. Es Director General y cofundador de Trovador, una reconocida compa\u00f1\u00eda discogr\u00e1fica critiana de Espa\u00f1a. Trabaja en las Tecnolog\u00edas de la Informaci\u00f3n, ofreciendo servicios de alojamiento, dise\u00f1o y mantenimiento Web, as\u00ed como asesoramiento, formaci\u00f3n y soluciones inform\u00e1ticas, gesti\u00f3n documental y digitalizaci\u00f3n de textos, edici\u00f3n y maquetaci\u00f3n de libros, revistas, flyers, etc.","sameAs":["http:\/\/chento.org","https:\/\/www.facebook.com\/JavierChento","https:\/\/x.com\/https:\/\/twitter.com\/javierchento"],"url":"https:\/\/vincentians.com\/es\/author\/chento\/"}]}},"jetpack_publicize_connections":[],"jetpack_featured_media_url":"https:\/\/i0.wp.com\/vincentians.com\/es\/wp-content\/uploads\/sites\/11\/2016\/11\/Catalina2.jpg?fit=1280%2C720&ssl=1","jetpack_sharing_enabled":true,"jetpack_shortlink":"https:\/\/wp.me\/p7ETMF-4wm","jetpack-related-posts":[{"id":120717,"url":"https:\/\/vincentians.com\/es\/santidad-en-catalina-laboure\/","url_meta":{"origin":17382,"position":0},"title":"Santidad en Catalina Labour\u00e9","author":"Francisco Javier Fern\u00e1ndez Chento","date":"19\/05\/2013","format":false,"excerpt":"Los Santos son los verdaderos portadores de luz en la historia, porque son hombres y mujeres de fe, esperanza y amor. Los Santos no nacen se hacen. Catalina se va haciendo Santa, ya desde ni\u00f1a vamos viendo rasgos de esa santidad que luego desarrollara. Catalina nace en Fain-les-Moutier, una aldea\u2026","rel":"","context":"En \u00abCatalina Labour\u00e9\u00bb","block_context":{"text":"Catalina Labour\u00e9","link":"https:\/\/vincentians.com\/es\/category\/la-familia-vicenciana\/la-familia-vicenciana-en-los-altares\/santos\/catalina-laboure\/"},"img":{"alt_text":"CLaboure","src":"https:\/\/i0.wp.com\/vicencianos.org\/wp-content\/2013\/05\/CLaboure-300x225.jpg?resize=350%2C200","width":350,"height":200},"classes":[]},{"id":125814,"url":"https:\/\/vincentians.com\/es\/power-point-maria-camino-de-luz-en-la-fiesta-de-la-virgen-milagrosa\/","url_meta":{"origin":17382,"position":1},"title":"Power Point &quot;Mar\u00eda, camino de luz&quot;, en la fiesta de la Virgen Milagrosa","author":"Francisco Javier Fern\u00e1ndez Chento","date":"25\/11\/2013","format":false,"excerpt":"Sor Mar\u00eda Vicenta nos vuelve a escribir, y nos env\u00eda un nuevo Power Point dedicado a la Virgen Milagrosa y santa Catalina Labour\u00e9: \"\u00a0Feliz d\u00eda de la Milagrosa y felices fiestas de familia Con motivo de las fiestas de La Milagrosa y de Santa Catalina, comparto con toda la \"familia\u2026","rel":"","context":"En \u00abCatalina Labour\u00e9\u00bb","block_context":{"text":"Catalina Labour\u00e9","link":"https:\/\/vincentians.com\/es\/category\/la-familia-vicenciana\/la-familia-vicenciana-en-los-altares\/santos\/catalina-laboure\/"},"img":{"alt_text":"Santa_Catalina","src":"https:\/\/i0.wp.com\/vicencianos.org\/wp-content\/2011\/11\/Santa_Catalina-200x300.jpg?resize=350%2C200","width":350,"height":200},"classes":[]},{"id":115432,"url":"https:\/\/vincentians.com\/es\/visperas-en-la-fiesta-de-santa-catalina-laboure\/","url_meta":{"origin":17382,"position":2},"title":"V\u00edsperas en la fiesta de santa Catalina Labour\u00e9","author":"Francisco Javier Fern\u00e1ndez Chento","date":"28\/11\/2012","format":false,"excerpt":"HIMNO: A LA HUMILDE HIJA DE VICENTE, CON JUBILO ARDIENTE DEMOS GLORIA Y PREZ, CELEBRANDO TODOS A POR FIA SU AMOR A MAR\u00cdA, SU FE Y SENCILLEZ 1.- Sinti\u00f3 en su pecho inocente tales efluvios e amor que mereci\u00f3 ser vidente, ap\u00f3stol y confidente de la Madre del Se\u00f1or. 2.-\u2026","rel":"","context":"En \u00abCatalina Labour\u00e9\u00bb","block_context":{"text":"Catalina Labour\u00e9","link":"https:\/\/vincentians.com\/es\/category\/la-familia-vicenciana\/la-familia-vicenciana-en-los-altares\/santos\/catalina-laboure\/"},"img":{"alt_text":"","src":"https:\/\/i0.wp.com\/vicencianos.org\/wp-content\/2010\/05\/catalina-laboure-214x300.jpg?resize=350%2C200","width":350,"height":200},"classes":[]},{"id":1255,"url":"https:\/\/vincentians.com\/es\/vida-de-catalina-laboure-laurentin\/","url_meta":{"origin":17382,"position":3},"title":"Vida de Catalina Labour\u00e9 (Laurentin)","author":"Francisco Javier Fern\u00e1ndez Chento","date":"28\/11\/2019","format":false,"excerpt":"En Fain-les-Moutiers, una aldea borgo\u00f1ona de apenas doscientos habitantes, llora una peque\u00f1a. Se llama Catalina Labour\u00e9, pero suelen llamarla Zo\u00e9, el nombre de la santa del d\u00eda en que naci\u00f3. No es la \u00fanica que llora; es la octava de los diez ni\u00f1os que acaban de perder a su madre,\u2026","rel":"","context":"En \u00abCatalina Labour\u00e9\u00bb","block_context":{"text":"Catalina Labour\u00e9","link":"https:\/\/vincentians.com\/es\/category\/la-familia-vicenciana\/la-familia-vicenciana-en-los-altares\/santos\/catalina-laboure\/"},"img":{"alt_text":"","src":"https:\/\/i0.wp.com\/vincentians.com\/es\/wp-content\/uploads\/sites\/11\/2016\/11\/Catal%C3%B1ina3.jpg?fit=609%2C320&ssl=1&resize=350%2C200","width":350,"height":200,"srcset":"https:\/\/i0.wp.com\/vincentians.com\/es\/wp-content\/uploads\/sites\/11\/2016\/11\/Catal%C3%B1ina3.jpg?fit=609%2C320&ssl=1&resize=350%2C200 1x, https:\/\/i0.wp.com\/vincentians.com\/es\/wp-content\/uploads\/sites\/11\/2016\/11\/Catal%C3%B1ina3.jpg?fit=609%2C320&ssl=1&resize=525%2C300 1.5x"},"classes":[]},{"id":131115,"url":"https:\/\/vincentians.com\/es\/discurso-de-s-s-pio-xii-con-motivo-de-la-canonizacion-de-sta-catalina-laboure\/","url_meta":{"origin":17382,"position":4},"title":"Discurso de S. S. Pio XII con motivo de la Canonizaci\u00f3n de Sta. Catalina Labour\u00e9","author":"Mitxel Olabu\u00e9naga","date":"15\/08\/2014","format":false,"excerpt":"En la audiencia concedida por el Padre Santo el 28 de agosto a los peregrinos que llegaron a Roma para asistir a la Canonizaci\u00f3n de la Beata Catalina Labour\u00e9 Su Santidad pronunci\u00f3 el siguiente discurso (texto publicado por el n\u00famero 319 de \"Ecclesia\"): Desde las primeras p\u00e1ginas de su incomparable\u2026","rel":"","context":"En \u00abHistoria de las Hijas de la Caridad\u00bb","block_context":{"text":"Historia de las Hijas de la Caridad","link":"https:\/\/vincentians.com\/es\/category\/historia-de-la-familia-vicenciana\/historia-de-las-hijas-de-la-caridad\/"},"img":{"alt_text":"louise_filles_charite","src":"https:\/\/i0.wp.com\/vicencianos.org\/wp-content\/2014\/02\/louise_filles_charite.jpg?resize=350%2C200","width":350,"height":200},"classes":[]},{"id":53166,"url":"https:\/\/vincentians.com\/es\/vida-de-catalina-laboure-rene-laurentin-1-la-infancia-y-la-orfandad-1806-1818\/","url_meta":{"origin":17382,"position":5},"title":"Vida de Catalina Labour\u00e9 (Ren\u00e9 Laurentin): 1. La infancia y la orfandad (1806-1818)","author":"Francisco Javier Fern\u00e1ndez Chento","date":"21\/06\/2019","format":false,"excerpt":"9 de octubre de 1815. El emperador Napole\u00f3n I va camino de Santa Elena, adonde llegar\u00e1 el d\u00eda 15 con el grupo reducido de sus fieles. En Francia se instala y empieza a alentar la Restauraci\u00f3n, mientras se disipan como la niebla sobre un campo de ruinas los grandes sue\u00f1os\u2026","rel":"","context":"En \u00abCatalina Labour\u00e9\u00bb","block_context":{"text":"Catalina Labour\u00e9","link":"https:\/\/vincentians.com\/es\/category\/la-familia-vicenciana\/la-familia-vicenciana-en-los-altares\/santos\/catalina-laboure\/"},"img":{"alt_text":"","src":"https:\/\/i0.wp.com\/vincentians.com\/es\/wp-content\/uploads\/sites\/11\/2016\/08\/hijas-caridad.jpg?fit=1200%2C630&ssl=1&resize=350%2C200","width":350,"height":200,"srcset":"https:\/\/i0.wp.com\/vincentians.com\/es\/wp-content\/uploads\/sites\/11\/2016\/08\/hijas-caridad.jpg?fit=1200%2C630&ssl=1&resize=350%2C200 1x, https:\/\/i0.wp.com\/vincentians.com\/es\/wp-content\/uploads\/sites\/11\/2016\/08\/hijas-caridad.jpg?fit=1200%2C630&ssl=1&resize=525%2C300 1.5x, https:\/\/i0.wp.com\/vincentians.com\/es\/wp-content\/uploads\/sites\/11\/2016\/08\/hijas-caridad.jpg?fit=1200%2C630&ssl=1&resize=700%2C400 2x, https:\/\/i0.wp.com\/vincentians.com\/es\/wp-content\/uploads\/sites\/11\/2016\/08\/hijas-caridad.jpg?fit=1200%2C630&ssl=1&resize=1050%2C600 3x"},"classes":[]}],"_links":{"self":[{"href":"https:\/\/vincentians.com\/es\/wp-json\/wp\/v2\/posts\/17382","targetHints":{"allow":["GET"]}}],"collection":[{"href":"https:\/\/vincentians.com\/es\/wp-json\/wp\/v2\/posts"}],"about":[{"href":"https:\/\/vincentians.com\/es\/wp-json\/wp\/v2\/types\/post"}],"author":[{"embeddable":true,"href":"https:\/\/vincentians.com\/es\/wp-json\/wp\/v2\/users\/4"}],"replies":[{"embeddable":true,"href":"https:\/\/vincentians.com\/es\/wp-json\/wp\/v2\/comments?post=17382"}],"version-history":[{"count":2,"href":"https:\/\/vincentians.com\/es\/wp-json\/wp\/v2\/posts\/17382\/revisions"}],"predecessor-version":[{"id":402660,"href":"https:\/\/vincentians.com\/es\/wp-json\/wp\/v2\/posts\/17382\/revisions\/402660"}],"wp:featuredmedia":[{"embeddable":true,"href":"https:\/\/vincentians.com\/es\/wp-json\/wp\/v2\/media\/402659"}],"wp:attachment":[{"href":"https:\/\/vincentians.com\/es\/wp-json\/wp\/v2\/media?parent=17382"}],"wp:term":[{"taxonomy":"category","embeddable":true,"href":"https:\/\/vincentians.com\/es\/wp-json\/wp\/v2\/categories?post=17382"},{"taxonomy":"post_tag","embeddable":true,"href":"https:\/\/vincentians.com\/es\/wp-json\/wp\/v2\/tags?post=17382"}],"curies":[{"name":"wp","href":"https:\/\/api.w.org\/{rel}","templated":true}]}}