{"id":17237,"date":"2018-06-22T07:45:28","date_gmt":"2018-06-22T05:45:28","guid":{"rendered":"http:\/\/somos.vicencianos.org\/blog\/2010\/04\/21\/el-padre-mariano-maller-capitulo-12\/"},"modified":"2018-06-05T09:07:06","modified_gmt":"2018-06-05T07:07:06","slug":"el-padre-mariano-maller-capitulo-12","status":"publish","type":"post","link":"https:\/\/vincentians.com\/es\/el-padre-mariano-maller-capitulo-12\/","title":{"rendered":"El Padre Mariano Maller. Cap\u00edtulo 12"},"content":{"rendered":"<h2><strong>Cap\u00edtulo XII: <em>El b\u00e1culo de su vejez. <\/em><\/strong><\/h2>\n<p>Hac\u00eda tiempo que el P. Maller se sent\u00eda viejo y achacoso, y en su lucha con el Superior de Sig\u00fcenza por mantenerle en su puesto se le ocurri\u00f3 que nadie como el P. Arn\u00e1iz podr\u00eda ser \u00abel b\u00e1culo en su vejez\u00bb ayud\u00e1ndole en sus tareas de gobierno ya que no le era posible, como fuera su deseo, echar sobre \u00e9l la carga del Provincialato.<\/p>\n<p>Al efecto madur\u00f3 la estratagema que se vislumbra en una de sus cartas: le trajo a Madrid, nombr\u00e1ndole superior de la Casa Central y \u00e9l se retir\u00f3 a la Casa del Noviciado, Jes\u00fas, numero 2, desde donde prosegu\u00eda la alta direcci\u00f3n de la Provincia, con el pero de los mil detalles que exige el gobierno de una Comunidad numerosa, sobre todo, si es de formaci\u00f3n.<\/p>\n<p>Adem\u00e1s, de vez en vez le confiaba misiones de responsabilidad, descansando en su prudencia y dotes de gobierno, prepar\u00e1ndole para que recogiera su herencia y la ejerciera dignamente en la \u00e9poca que se avecinaba. No tuvo que arrepentirse de la medida, antes bien, al a\u00f1o de tomada pod\u00eda escribirle desde San Sebasti\u00e1n: <em>Le doy a usted las m\u00e1s sentidas gracias por lo bien que hace de \u00abb\u00e1culo de mi vejez\u00bb. <\/em><\/p>\n<h3><strong>Las dos Carmenes de Valencia.<\/strong><\/h3>\n<p>En Valencia estaban Sor Carmen Piera y Sor Carmen Moreno, las que defendieron ante P\u00edo IX el h\u00e1bito espa\u00f1ol de las Hijas de la Caridad. El P. Maller las defend\u00eda con su estima, pero a veces ironiza a su costa. As\u00ed el d\u00eda 2 de diciembre de 1879 escribe al P. Arn\u00e1iz: <em>\u00abSor Carmen Moreno p\u00eda por los ejercicios como el a\u00f1o pasado y, por supuesto, \u00bfpreferir\u00eda al P. Arn\u00e1iz? <\/em><\/p>\n<p><em>\u00bfSabe usted que no me agrada nada el que hayamos de andar todos los a\u00f1os con la misma historia? \u00bfNo valdr\u00eda m\u00e1s que los hicieran como pudiesen en tiempo m\u00e1s c\u00f3modo, para enviarles Padre, como ellas dicen, que no esperar cuando no es f\u00e1cil y a veces ni posible envi\u00e1rselo? Dicen tambi\u00e9n que necesitan tres o cuatro tandas. A\u00f1aden , y en esto tienen raz\u00f3n, que es mucho m\u00e1s trabajo dar dos tandas dobles, como hizo usted el a\u00f1o pasado. Con que eche usted cuentas y sacar\u00e1 que se necesita un mes. <\/em><\/p>\n<p><em>Si usted ve inconveniente serio en ausentarse durante un mes, poco m\u00e1s o menos, d\u00edgamelo bien claro y me apoyar\u00e9 en eso para romper con esta mala costumbre\u00bb. <\/em><\/p>\n<p>En 1891 vuelve a escribirle: <em>\u00abHay all\u00ed en Valencia, dos Carmenes, a cual mejor, y que pudieran haber sido lo m\u00e1s florido de Espa\u00f1a si no fuera por tanto piar por un se\u00f1or G\u00f3mez, no el de Burgos ni el de \u00c1vila. \u00a1V\u00e1lgame Dios lo que puede un hombre con un nombre. Las dos y recientemente otra de all\u00ed,\u00a0 piaban a\u00fan por el se\u00f1or G\u00f3mez, y yo me hago el sueco y maldita la gana que tengo de entrar en el concierto. Tengo que contestar cartas graciosas y yo no tengo gracia. Qu\u00e9 malo es andar siempre con el balanc\u00edn en la mano, cosa que yo detesto y me da coraje, pero que no hay remedio, para evitar mayores males. Veremos, pues, c\u00f3mo salgo del compromiso sin romper con nadie\u00bb. (Al P. Arn\u00e1iz, el 12-IX-91.) En la misma carta escrib\u00eda:\u00a0 \u00abEL SE\u00d1OR BAYO es el hombre de que Dios se ha valido para grandes cosas en Mallorca y, por cierto, con personal bastante mediano. Tiene sus defectos, pero tambi\u00e9n sus cualidades; y la estima de la Congregaci\u00f3n, que tiene y manifiesta el clero casi sin excepci\u00f3n, despu\u00e9s de Dios, a \u00e9l se debe. Bien lo sabe el se\u00f1or Obispo que, al fin, tiene que confesarlo \u00abbon gre, mal gre\u00bb. El se\u00f1or Obispo desea que salga; la raz\u00f3n que da es que \u00abno es de los modernos\u00bb y que la Congregaci\u00f3n no brilla a la moderna; .pero ni la experiencia ni el esp\u00edritu evang\u00e9lico vienen a apoyar su idea, antes al contrario; y as\u00ed hace a\u00f1os que no le hago caso y me hago el desentendido. Yo espero que el se\u00f1or Bayo aprovechar\u00e1 el talento del se\u00f1or Villarejo para dar algo de lo que desea el se\u00f1or Obispo\u00bb<\/em> (Ib.).<\/p>\n<p>Las siguientes l\u00edneas denotan que las cartas y los problemas le segu\u00edan por las provincias vascas, por donde anda de visita a las Hermanas:\u00a0 Y SALGA EL SOL POR ANTEQUERA.\u2014\u00bbAqu\u00ed tengo que hacer, por lo menos, para una semana con tanta casa y tanta carta; porque me llueven cartas de todas partes. Bendito sea Dios. Tengo una del se\u00f1or Obispo de Ciudad Rodrigo, en la cual da ya por supuesto que vamos a fundar all\u00ed en este mismo a\u00f1o. Voy a contestarle que por este a\u00f1o es imposible, y salga el sol por Antequera\u00bb (Ib.).<\/p>\n<p>\u00ab<strong>Del se\u00f1or Bayo <\/strong>me parece bastante bien el env\u00edo del se\u00f1or Romena a Mallorca; pero no lo env\u00eden por Barcelona, sino por Valencia o Alicante. Bien ser\u00e1, sin embargo, esperar la contestaci\u00f3n del se\u00f1or Bayo; mas temo alguna afici\u00f3n a beatas\u00bb. (De Azcoitia, 2-IX-91).<\/p>\n<h3><strong><em>Otras notas. <\/em><\/strong><\/h3>\n<p>\u00abLo de los se\u00f1ores Villanueva y Villarejo (dos villas) bien para ambos, \u00edtem el Hermano Durana a Sig\u00fcenza y el Hermano A. Rodr\u00edguez a Madrid, para ver m\u00e1s tarde; pero repr\u00e9ndale y amen\u00e1cele, si es que no est\u00e1 m\u00e1s que medio chiflado.<\/p>\n<p>A Dios gracias por e1 estado satisfactorio de la casa de Teruel. Flaca tenez y, sobre todo, flaca la direcci\u00f3n del se\u00f1or Ca\u00f1o. Sin embargo, me parece bien que prueben y veremos para otro a\u00f1o.<\/p>\n<p>Bien me parece la distribuci\u00f3n o el plan de campa\u00f1a para la Pen\u00ednsula; pero no s\u00e9 qu\u00e9 G\u00f3mez es el que va a \u00c1vila, si el de los Milagros o, como supongo, el de Arcos. Si es \u00e9ste no podr\u00e1 salir a Misi\u00f3n por la garganta. Tengo miedo de que por lo mismo tampoco pueda el se\u00f1or Varona, si no es que se ha puesto mejor.<\/p>\n<p>Ordenen a los moralistas \u00absegundanistas\u00bb; \u00absit verbo veniat\u00bb<\/p>\n<p>Mil gracias por las felicitaciones y un mill\u00f3n por las oraciones de que necesita este pobre setent\u00f3n, que pasado ma\u00f1ana cumple los setenta y cuatro a\u00f1os, s\u00ed Dios me sufre hasta entonces&#8230; Ma\u00f1ana salgo, Dios mediante, para Beasa\u00edn, Segura Tolosa (dos d\u00edas), Hernani, y el lunes, para San Sebasti\u00e1n donde hay cinco casas de Hermanas\u00bb (P. Arn\u00e1iz 2-IX-91)&#8217;<\/p>\n<h3><strong>Dios toma lo suyo cuando quiere.<\/strong><\/h3>\n<p>\u00abDios es due\u00f1o de todo y de todos. E1 se\u00f1or L\u00f3pez era suyo; ha tomado lo suyo. Bendito sea su santo nombre y le haya llevado al eterno descanso. El mismo nos d\u00e9 un reemplazo, escogido de su mano. Am\u00e9n\u00bb (Ib.).<\/p>\n<p>Todav\u00eda desbordado por el trabajo, el 3 de abril de 1891 da gracias al P. Arn\u00e1iz por todo lo que le ayuda en el gobierno de la Compa\u00f1\u00eda. El asunto del se\u00f1or Mej\u00eda es para pensarlo y consultarlo todav\u00eda m\u00e1s con Dios que con los hombres.<\/p>\n<p>Esta en Burgos de regreso de Briviesca y de Quintanar de Valdivielso, lugares que vio el d\u00eda 2. Sale para Arcos de donde regresa el 4. El 30 de junio est\u00e1 en Murgu\u00eda y se alegra de la buena acogida que hicieron los de: Sig\u00fcenza al Padre Arn\u00e1iz, que les fue a pasar la visita, y de los frutos que ya se vislumbraban.<\/p>\n<p>El 23 de julio est\u00e1 en Bilbao y dice que estar\u00e1 all\u00ed varias semanas por las muchas \u00bbcosas que hay que hacer. Lo del P. Mej\u00eda eran las bases de fundaci\u00f3n \u00abdel Seminario; de San Juan de Puerto Rico, que le env\u00eda\u00a0 al P. Arn\u00e1iz\u00a0 para que lo archive. Teme que no dure muchos a\u00f1os. \u00bb En los tiempos que vivimos, dice, no hay modo alguno de asegurar fundaci\u00f3n de ninguna especie. Por m\u00e1s que procuremos atar cabos siempre quedar\u00e1 alguno suelto, y adem\u00e1s lo que agrada a un obispo no agradar\u00e1 quiz\u00e1 al sucesor. Hasta que no tengamos Seminario \u00abexternorum in domibus nostris erectae\u00bb, no conseguiremos verdadera libertad de aplicar nuestros reglamentos a nuestro modo. Y \u00bfcu\u00e1ndo ser\u00e1 estos? \u00abDeus scit\u00bb. (Arnaiz, 23-VII-91)<\/p>\n<p>El P. Vila acaba de salir del Seminario de la Habana y piensa enviarle a Puerto Rico para que ayude al P. Mej\u00edas. (P. Arn\u00e1iz, 24-VII-91)<\/p>\n<p>El 23 de agosto todav\u00eda anda por el norte, y concretamente en Vergara, en donde recibe dos cartas del P. Arn\u00e1iz, en que le da cuenta de la visita que en su nombre ha hecho a las casas de Padres y Hermanas de Barcelona y Mallorca. Despu\u00e9s de darle las gracias por los servicios, que no s\u00f3lo a \u00e9l, sino sobre todo a Dios y a la Congregaci\u00f3n est\u00e1 prestando, le encarga que, despu\u00e9s de visitar Teruel y de regreso en Madrid, se dedique a preparar el personal que ha de ser enviado nos solo a M\u00e9xico y Filipinas, sino tambi\u00e9n a las Casas de la Pen\u00ednsula, y le da un consejo muy atinado para que aprenda a calibrar lo que le dicen en las visitas can\u00f3nicas: \u00abEn todas partes hallar\u00e1 exageraciones de unos y de otros. No se puede uno fiar ni siquiera de lo que dicen haber visto u oido; la imaginaci\u00f3n se alborota y se forjan monstruos a veces de cosas insignificantes\u00bb (23-VII.91).<\/p>\n<h3><strong><em>Nuevo fuego en M\u00e9xico.<\/em><\/strong><\/h3>\n<p>La Provincia de M\u00e9xico se hab\u00eda esforzado en bastarse a s\u00ed sola y reclutaba sus miembros entre los nativos o en correr\u00edas que hac\u00edan por Espa\u00f1a hablando en Seminarios y otros ambientes sobre las necesidades religiosas de aquella rep\u00fablica. La visita que el P. Maller hab\u00eda hecho en 1886 la hab\u00eda apuntalado por poco tiempo, y como exist\u00edan las mismas causas, las cosas no iban bien. En la Asamblea de 1890 se planteo, la cuesti\u00f3n y el P. Fiat confi\u00f3 la soluci\u00f3n al P. Maller y a la Provincia de Espa\u00f1a, que hubo de hacer \u00abnuevo fuego\u00bb, como dir\u00eda el P. Claret, enviando all\u00e1 un equipo capaz de encenderlo, activarlo y extenderlo. El P. Maller, a sus setenta y dos a\u00f1os, estaba dispuesto a pasar por cuarta vez el Atl\u00e1ntico para capitanear la empresa. El P. Arnaiz le escogi\u00f3 un equipo que \u00e9l reput\u00f3 excesivo y se inclinaba a ir suministrando el personal por dosis, seg\u00fan se fueran consolidando las posiciones. En este sentido escribe a su b\u00e1culo desde Azcoitia:<\/p>\n<p>\u00abMucho personal me parece de un golpe para M\u00e9jico. Yo pienso que cuatro buenos bastar\u00e1n por este a\u00f1o, y una vez all\u00ed podr\u00edan enviarse otros cuatro el a\u00f1o que viene. Desde que el se\u00f1or Hiera quiere ir, o personalmente sirva; lo que \u00e9l quiere es volver a Espa\u00f1a. La idea de enviar alguna persona a las Antillas me la sugiri\u00f3 el Padre General, pero no delante, sino con la expedici\u00f3n misma. En las Antillas se formar\u00eda la expedici\u00f3n, y el mismo Comisionado ir\u00eda con el nuevo \u00abProvisitador\u00bb (expresi\u00f3n del mismo Superior General), pasar\u00eda a M\u00e9jico, instalar\u00eda a \u00e9ste y volver\u00eda para visitar las Casas de Santiago de Cuba y Puerto Rico.<\/p>\n<p>\u00abA<strong> eso me ofrecer\u00eda yo <\/strong>si no fuera porque dir\u00e1n que \u00absoy aragon\u00e9s tozudo\u00bb. Ni el se\u00f1or Ribas ni el se\u00f1or Casarramona me llenan para sustituir al se\u00f1or Moral ni para lo otro.<\/p>\n<p>Si fuera otro, el se\u00f1or Moral podr\u00eda ir, instalar etc., etc., y volver. Pero si va encargado para la Provincia de M\u00e9jico, yo no veo otro que usted o el se\u00f1or Valdivielso o servidor de ustedes.\u00bb (AT P. Arn\u00e1iz, el 2-IX-91.)<\/p>\n<p>No juzgaron sus consejeros que el animoso Visitador pudiera afrontar los avatares de tan larga expedici\u00f3n, y una vez m\u00e1s hubo de echar mano del b\u00e1culo de su vejez, para encender en aquella provincia un \u00abfuego nuevo y una vida nueva\u00bb.<\/p>\n<p>El P. Arn\u00e1iz visitar\u00eda en su nombre las Gasas de las Antillas e instalar\u00eda al P. Ildefonso Moral al frente de aquella Provincia, que pasaba de nuevo a ser filial de Espa\u00f1a, de la que deb\u00edan de recibir su personal. El P. Moral, por su prudencia y santidad, ten\u00eda la capacidad suficiente para mantener el fuego nuevo y levantar la Provincia de sus ruinas. No tard\u00f3 el P. Maller en recibir nuevas favorables del P. Arnaiz. <em>\u00abGracias a Dios<\/em>, le contesta<em>, por la protecci\u00f3n que en su misericordia ha otorgado en las tres partes del viaje hecho hasta llegar a \u00e9sa; ahora seguiremos pidiendo que la misma infinita Bondad prosiga la misma protecci\u00f3n en lo que falta a usted y lo que falta a los otros para concluir el arreglo tan deseado y, sobre todo, para que le d\u00e9 acierto y bendiga lo que disponga, y tambi\u00e9n asista a los que han de continuar el bien comenzado. Oh!, qu\u00e9 empresa tan dif\u00edcil. Bien es el caso de decir: \u00abNisi Dominus etc. Al mismo tiempo no es menos cierto que \u00abOmnia possum in Eo qui me confortat&#8230;\u00bb<\/em> <em>Todo parece prometer que s\u00ed, que Dios bendecir\u00e1 la empresa para su mayor gloria. <\/em><\/p>\n<p><em>Aqu\u00ed todo sigue regular, a Dios gracias: las misiones, bien; las Escuelas Apost\u00f3licas, bien tambi\u00e9n; el Seminario, no muy halag\u00fce\u00f1o de momento, pero promete para el a\u00f1o que viene. Eso tambi\u00e9n: \u00abNisi Dominus.\u00bb <\/em><\/p>\n<p><em>Hasta ahora no hemos tenido mucho fr\u00edo, pero de un d\u00eda ac\u00e1 no se explica mal. Sin embargo, no nada extraordinario. Ha fallecido el Cardenal de Toledo, se\u00f1or Paya. No faltar\u00e1 quien le suceda.\u00bbE1P. Arnaiz, por su parte, le daba noticias de la primera misi\u00f3n que dio en la Parroquia de Santa Catalina para inaugurar la nueva etapa. \u00abEl pueblo y misioneros est\u00e1n muy animados. Ojal\u00e1 que Dios no permita que los malos estorben el fruto grande que se espera. <\/em><\/p>\n<p><em>Santa Catalina es la tercera Parroquia, por lo grande, de M\u00e9jico, y est\u00e1 detr\u00e1s de la hermosa iglesia de Santo Domingo; hay muchos pobres, y el se\u00f1or Icaza \u2014ex Pa\u00fal\u2014 se empe\u00f1\u00f3 y el se\u00f1or Arzobispo le secund\u00f3. Despu\u00e9s seguir\u00e1n en los pueblos, D. m. Hac\u00eda a\u00f1os que los nuestros no misionaban en esta Di\u00f3cesis.\u00bb <\/em>(Ib.)<\/p>\n","protected":false},"excerpt":{"rendered":"<p>Cap\u00edtulo XII: El b\u00e1culo de su vejez. Hac\u00eda tiempo que el P. Maller se sent\u00eda viejo y achacoso, y en su lucha con el Superior de Sig\u00fcenza por mantenerle en su puesto se le ocurri\u00f3 &#8230; <a href=\"https:\/\/vincentians.com\/es\/el-padre-mariano-maller-capitulo-12\/\" class=\"more-link\">Read More<\/a><\/p>\n","protected":false},"author":5,"featured_media":391249,"comment_status":"open","ping_status":"open","sticky":false,"template":"","format":"standard","meta":{"jetpack_post_was_ever_published":false,"_jetpack_newsletter_access":"","_jetpack_dont_email_post_to_subs":false,"_jetpack_newsletter_tier_id":0,"_jetpack_memberships_contains_paywalled_content":false,"_jetpack_memberships_contains_paid_content":false,"footnotes":"","jetpack_publicize_message":"","jetpack_publicize_feature_enabled":true,"jetpack_social_post_already_shared":true,"jetpack_social_options":{"image_generator_settings":{"template":"highway","default_image_id":0,"font":"","enabled":false},"version":2}},"categories":[19],"tags":[147],"class_list":["post-17237","post","type-post","status-publish","format-standard","has-post-thumbnail","hentry","category-biografias-de-misioneros-paules","tag-santo-domingo"],"yoast_head":"<!-- This site is optimized with the Yoast SEO plugin v26.3 - https:\/\/yoast.com\/wordpress\/plugins\/seo\/ -->\n<title>El Padre Mariano Maller. Cap\u00edtulo 12 - Somos Vicencianos<\/title>\n<meta name=\"robots\" content=\"index, follow, max-snippet:-1, max-image-preview:large, max-video-preview:-1\" \/>\n<link rel=\"canonical\" href=\"https:\/\/vincentians.com\/es\/el-padre-mariano-maller-capitulo-12\/\" \/>\n<meta property=\"og:locale\" content=\"es_ES\" \/>\n<meta property=\"og:type\" content=\"article\" \/>\n<meta property=\"og:title\" content=\"El Padre Mariano Maller. Cap\u00edtulo 12 - Somos Vicencianos\" \/>\n<meta property=\"og:description\" content=\"Cap\u00edtulo XII: El b\u00e1culo de su vejez. Hac\u00eda tiempo que el P. Maller se sent\u00eda viejo y achacoso, y en su lucha con el Superior de Sig\u00fcenza por mantenerle en su puesto se le ocurri\u00f3 ... Read More\" \/>\n<meta property=\"og:url\" content=\"https:\/\/vincentians.com\/es\/el-padre-mariano-maller-capitulo-12\/\" \/>\n<meta property=\"og:site_name\" content=\"Somos Vicencianos\" \/>\n<meta property=\"article:publisher\" content=\"https:\/\/www.facebook.com\/WeAreVincentians\/\" \/>\n<meta property=\"article:published_time\" content=\"2018-06-22T05:45:28+00:00\" \/>\n<meta property=\"og:image\" content=\"https:\/\/i0.wp.com\/vincentians.com\/es\/wp-content\/uploads\/sites\/11\/2016\/07\/bio-cm.jpg?fit=1200%2C630&ssl=1\" \/>\n\t<meta property=\"og:image:width\" content=\"1200\" \/>\n\t<meta property=\"og:image:height\" content=\"630\" \/>\n\t<meta property=\"og:image:type\" content=\"image\/jpeg\" \/>\n<meta name=\"author\" content=\"Mitxel Olabu\u00e9naga\" \/>\n<meta name=\"twitter:card\" content=\"summary_large_image\" \/>\n<meta name=\"twitter:creator\" content=\"@WeVincentians\" \/>\n<meta name=\"twitter:site\" content=\"@WeVincentians\" \/>\n<meta name=\"twitter:label1\" content=\"Escrito por\" \/>\n\t<meta name=\"twitter:data1\" content=\"Mitxel Olabu\u00e9naga\" \/>\n\t<meta name=\"twitter:label2\" content=\"Tiempo de lectura\" \/>\n\t<meta name=\"twitter:data2\" content=\"12 minutos\" \/>\n<script type=\"application\/ld+json\" class=\"yoast-schema-graph\">{\"@context\":\"https:\/\/schema.org\",\"@graph\":[{\"@type\":\"Article\",\"@id\":\"https:\/\/vincentians.com\/es\/el-padre-mariano-maller-capitulo-12\/#article\",\"isPartOf\":{\"@id\":\"https:\/\/vincentians.com\/es\/el-padre-mariano-maller-capitulo-12\/\"},\"author\":{\"name\":\"Mitxel Olabu\u00e9naga\",\"@id\":\"https:\/\/vincentians.com\/es\/#\/schema\/person\/7c2670b4445a7ca9d164ea6acdb31859\"},\"headline\":\"El Padre Mariano Maller. Cap\u00edtulo 12\",\"datePublished\":\"2018-06-22T05:45:28+00:00\",\"mainEntityOfPage\":{\"@id\":\"https:\/\/vincentians.com\/es\/el-padre-mariano-maller-capitulo-12\/\"},\"wordCount\":2501,\"commentCount\":0,\"publisher\":{\"@id\":\"https:\/\/vincentians.com\/es\/#organization\"},\"image\":{\"@id\":\"https:\/\/vincentians.com\/es\/el-padre-mariano-maller-capitulo-12\/#primaryimage\"},\"thumbnailUrl\":\"https:\/\/i0.wp.com\/vincentians.com\/es\/wp-content\/uploads\/sites\/11\/2016\/07\/bio-cm.jpg?fit=1200%2C630&ssl=1\",\"keywords\":[\"Santo Domingo\"],\"articleSection\":[\"Biograf\u00edas de Misioneros Pa\u00fales\"],\"inLanguage\":\"es\",\"potentialAction\":[{\"@type\":\"CommentAction\",\"name\":\"Comment\",\"target\":[\"https:\/\/vincentians.com\/es\/el-padre-mariano-maller-capitulo-12\/#respond\"]}]},{\"@type\":\"WebPage\",\"@id\":\"https:\/\/vincentians.com\/es\/el-padre-mariano-maller-capitulo-12\/\",\"url\":\"https:\/\/vincentians.com\/es\/el-padre-mariano-maller-capitulo-12\/\",\"name\":\"El Padre Mariano Maller. Cap\u00edtulo 12 - Somos Vicencianos\",\"isPartOf\":{\"@id\":\"https:\/\/vincentians.com\/es\/#website\"},\"primaryImageOfPage\":{\"@id\":\"https:\/\/vincentians.com\/es\/el-padre-mariano-maller-capitulo-12\/#primaryimage\"},\"image\":{\"@id\":\"https:\/\/vincentians.com\/es\/el-padre-mariano-maller-capitulo-12\/#primaryimage\"},\"thumbnailUrl\":\"https:\/\/i0.wp.com\/vincentians.com\/es\/wp-content\/uploads\/sites\/11\/2016\/07\/bio-cm.jpg?fit=1200%2C630&ssl=1\",\"datePublished\":\"2018-06-22T05:45:28+00:00\",\"breadcrumb\":{\"@id\":\"https:\/\/vincentians.com\/es\/el-padre-mariano-maller-capitulo-12\/#breadcrumb\"},\"inLanguage\":\"es\",\"potentialAction\":[{\"@type\":\"ReadAction\",\"target\":[\"https:\/\/vincentians.com\/es\/el-padre-mariano-maller-capitulo-12\/\"]}]},{\"@type\":\"ImageObject\",\"inLanguage\":\"es\",\"@id\":\"https:\/\/vincentians.com\/es\/el-padre-mariano-maller-capitulo-12\/#primaryimage\",\"url\":\"https:\/\/i0.wp.com\/vincentians.com\/es\/wp-content\/uploads\/sites\/11\/2016\/07\/bio-cm.jpg?fit=1200%2C630&ssl=1\",\"contentUrl\":\"https:\/\/i0.wp.com\/vincentians.com\/es\/wp-content\/uploads\/sites\/11\/2016\/07\/bio-cm.jpg?fit=1200%2C630&ssl=1\",\"width\":1200,\"height\":630},{\"@type\":\"BreadcrumbList\",\"@id\":\"https:\/\/vincentians.com\/es\/el-padre-mariano-maller-capitulo-12\/#breadcrumb\",\"itemListElement\":[{\"@type\":\"ListItem\",\"position\":1,\"name\":\"Portada\",\"item\":\"https:\/\/vincentians.com\/es\/\"},{\"@type\":\"ListItem\",\"position\":2,\"name\":\"El Padre Mariano Maller. Cap\u00edtulo 12\"}]},{\"@type\":\"WebSite\",\"@id\":\"https:\/\/vincentians.com\/es\/#website\",\"url\":\"https:\/\/vincentians.com\/es\/\",\"name\":\"Somos Vicencianos\",\"description\":\"Know more to serve more\",\"publisher\":{\"@id\":\"https:\/\/vincentians.com\/es\/#organization\"},\"potentialAction\":[{\"@type\":\"SearchAction\",\"target\":{\"@type\":\"EntryPoint\",\"urlTemplate\":\"https:\/\/vincentians.com\/es\/?s={search_term_string}\"},\"query-input\":{\"@type\":\"PropertyValueSpecification\",\"valueRequired\":true,\"valueName\":\"search_term_string\"}}],\"inLanguage\":\"es\"},{\"@type\":\"Organization\",\"@id\":\"https:\/\/vincentians.com\/es\/#organization\",\"name\":\"The Vincentian Network\",\"url\":\"https:\/\/vincentians.com\/es\/\",\"logo\":{\"@type\":\"ImageObject\",\"inLanguage\":\"es\",\"@id\":\"https:\/\/vincentians.com\/es\/#\/schema\/logo\/image\/\",\"url\":\"https:\/\/i1.wp.com\/vincentians.com\/es\/wp-content\/uploads\/sites\/11\/2016\/06\/Vincentian-Network-logo-big.png?fit=778%2C778\",\"contentUrl\":\"https:\/\/i1.wp.com\/vincentians.com\/es\/wp-content\/uploads\/sites\/11\/2016\/06\/Vincentian-Network-logo-big.png?fit=778%2C778\",\"width\":778,\"height\":778,\"caption\":\"The Vincentian Network\"},\"image\":{\"@id\":\"https:\/\/vincentians.com\/es\/#\/schema\/logo\/image\/\"},\"sameAs\":[\"https:\/\/www.facebook.com\/WeAreVincentians\/\",\"https:\/\/x.com\/WeVincentians\"]},{\"@type\":\"Person\",\"@id\":\"https:\/\/vincentians.com\/es\/#\/schema\/person\/7c2670b4445a7ca9d164ea6acdb31859\",\"name\":\"Mitxel Olabu\u00e9naga\",\"image\":{\"@type\":\"ImageObject\",\"inLanguage\":\"es\",\"@id\":\"https:\/\/vincentians.com\/es\/#\/schema\/person\/image\/\",\"url\":\"https:\/\/secure.gravatar.com\/avatar\/34137ec2e2b8939cbbed975731e71f3f4f1defc7266ded337a5ce0f925426877?s=96&d=mm&r=g\",\"contentUrl\":\"https:\/\/secure.gravatar.com\/avatar\/34137ec2e2b8939cbbed975731e71f3f4f1defc7266ded337a5ce0f925426877?s=96&d=mm&r=g\",\"caption\":\"Mitxel Olabu\u00e9naga\"},\"url\":\"https:\/\/vincentians.com\/es\/author\/mitxel\/\"}]}<\/script>\n<!-- \/ Yoast SEO plugin. -->","yoast_head_json":{"title":"El Padre Mariano Maller. Cap\u00edtulo 12 - Somos Vicencianos","robots":{"index":"index","follow":"follow","max-snippet":"max-snippet:-1","max-image-preview":"max-image-preview:large","max-video-preview":"max-video-preview:-1"},"canonical":"https:\/\/vincentians.com\/es\/el-padre-mariano-maller-capitulo-12\/","og_locale":"es_ES","og_type":"article","og_title":"El Padre Mariano Maller. Cap\u00edtulo 12 - Somos Vicencianos","og_description":"Cap\u00edtulo XII: El b\u00e1culo de su vejez. Hac\u00eda tiempo que el P. Maller se sent\u00eda viejo y achacoso, y en su lucha con el Superior de Sig\u00fcenza por mantenerle en su puesto se le ocurri\u00f3 ... Read More","og_url":"https:\/\/vincentians.com\/es\/el-padre-mariano-maller-capitulo-12\/","og_site_name":"Somos Vicencianos","article_publisher":"https:\/\/www.facebook.com\/WeAreVincentians\/","article_published_time":"2018-06-22T05:45:28+00:00","og_image":[{"width":1200,"height":630,"url":"https:\/\/i0.wp.com\/vincentians.com\/es\/wp-content\/uploads\/sites\/11\/2016\/07\/bio-cm.jpg?fit=1200%2C630&ssl=1","type":"image\/jpeg"}],"author":"Mitxel Olabu\u00e9naga","twitter_card":"summary_large_image","twitter_creator":"@WeVincentians","twitter_site":"@WeVincentians","twitter_misc":{"Escrito por":"Mitxel Olabu\u00e9naga","Tiempo de lectura":"12 minutos"},"schema":{"@context":"https:\/\/schema.org","@graph":[{"@type":"Article","@id":"https:\/\/vincentians.com\/es\/el-padre-mariano-maller-capitulo-12\/#article","isPartOf":{"@id":"https:\/\/vincentians.com\/es\/el-padre-mariano-maller-capitulo-12\/"},"author":{"name":"Mitxel Olabu\u00e9naga","@id":"https:\/\/vincentians.com\/es\/#\/schema\/person\/7c2670b4445a7ca9d164ea6acdb31859"},"headline":"El Padre Mariano Maller. Cap\u00edtulo 12","datePublished":"2018-06-22T05:45:28+00:00","mainEntityOfPage":{"@id":"https:\/\/vincentians.com\/es\/el-padre-mariano-maller-capitulo-12\/"},"wordCount":2501,"commentCount":0,"publisher":{"@id":"https:\/\/vincentians.com\/es\/#organization"},"image":{"@id":"https:\/\/vincentians.com\/es\/el-padre-mariano-maller-capitulo-12\/#primaryimage"},"thumbnailUrl":"https:\/\/i0.wp.com\/vincentians.com\/es\/wp-content\/uploads\/sites\/11\/2016\/07\/bio-cm.jpg?fit=1200%2C630&ssl=1","keywords":["Santo Domingo"],"articleSection":["Biograf\u00edas de Misioneros Pa\u00fales"],"inLanguage":"es","potentialAction":[{"@type":"CommentAction","name":"Comment","target":["https:\/\/vincentians.com\/es\/el-padre-mariano-maller-capitulo-12\/#respond"]}]},{"@type":"WebPage","@id":"https:\/\/vincentians.com\/es\/el-padre-mariano-maller-capitulo-12\/","url":"https:\/\/vincentians.com\/es\/el-padre-mariano-maller-capitulo-12\/","name":"El Padre Mariano Maller. Cap\u00edtulo 12 - Somos Vicencianos","isPartOf":{"@id":"https:\/\/vincentians.com\/es\/#website"},"primaryImageOfPage":{"@id":"https:\/\/vincentians.com\/es\/el-padre-mariano-maller-capitulo-12\/#primaryimage"},"image":{"@id":"https:\/\/vincentians.com\/es\/el-padre-mariano-maller-capitulo-12\/#primaryimage"},"thumbnailUrl":"https:\/\/i0.wp.com\/vincentians.com\/es\/wp-content\/uploads\/sites\/11\/2016\/07\/bio-cm.jpg?fit=1200%2C630&ssl=1","datePublished":"2018-06-22T05:45:28+00:00","breadcrumb":{"@id":"https:\/\/vincentians.com\/es\/el-padre-mariano-maller-capitulo-12\/#breadcrumb"},"inLanguage":"es","potentialAction":[{"@type":"ReadAction","target":["https:\/\/vincentians.com\/es\/el-padre-mariano-maller-capitulo-12\/"]}]},{"@type":"ImageObject","inLanguage":"es","@id":"https:\/\/vincentians.com\/es\/el-padre-mariano-maller-capitulo-12\/#primaryimage","url":"https:\/\/i0.wp.com\/vincentians.com\/es\/wp-content\/uploads\/sites\/11\/2016\/07\/bio-cm.jpg?fit=1200%2C630&ssl=1","contentUrl":"https:\/\/i0.wp.com\/vincentians.com\/es\/wp-content\/uploads\/sites\/11\/2016\/07\/bio-cm.jpg?fit=1200%2C630&ssl=1","width":1200,"height":630},{"@type":"BreadcrumbList","@id":"https:\/\/vincentians.com\/es\/el-padre-mariano-maller-capitulo-12\/#breadcrumb","itemListElement":[{"@type":"ListItem","position":1,"name":"Portada","item":"https:\/\/vincentians.com\/es\/"},{"@type":"ListItem","position":2,"name":"El Padre Mariano Maller. Cap\u00edtulo 12"}]},{"@type":"WebSite","@id":"https:\/\/vincentians.com\/es\/#website","url":"https:\/\/vincentians.com\/es\/","name":"Somos Vicencianos","description":"Know more to serve more","publisher":{"@id":"https:\/\/vincentians.com\/es\/#organization"},"potentialAction":[{"@type":"SearchAction","target":{"@type":"EntryPoint","urlTemplate":"https:\/\/vincentians.com\/es\/?s={search_term_string}"},"query-input":{"@type":"PropertyValueSpecification","valueRequired":true,"valueName":"search_term_string"}}],"inLanguage":"es"},{"@type":"Organization","@id":"https:\/\/vincentians.com\/es\/#organization","name":"The Vincentian Network","url":"https:\/\/vincentians.com\/es\/","logo":{"@type":"ImageObject","inLanguage":"es","@id":"https:\/\/vincentians.com\/es\/#\/schema\/logo\/image\/","url":"https:\/\/i1.wp.com\/vincentians.com\/es\/wp-content\/uploads\/sites\/11\/2016\/06\/Vincentian-Network-logo-big.png?fit=778%2C778","contentUrl":"https:\/\/i1.wp.com\/vincentians.com\/es\/wp-content\/uploads\/sites\/11\/2016\/06\/Vincentian-Network-logo-big.png?fit=778%2C778","width":778,"height":778,"caption":"The Vincentian Network"},"image":{"@id":"https:\/\/vincentians.com\/es\/#\/schema\/logo\/image\/"},"sameAs":["https:\/\/www.facebook.com\/WeAreVincentians\/","https:\/\/x.com\/WeVincentians"]},{"@type":"Person","@id":"https:\/\/vincentians.com\/es\/#\/schema\/person\/7c2670b4445a7ca9d164ea6acdb31859","name":"Mitxel Olabu\u00e9naga","image":{"@type":"ImageObject","inLanguage":"es","@id":"https:\/\/vincentians.com\/es\/#\/schema\/person\/image\/","url":"https:\/\/secure.gravatar.com\/avatar\/34137ec2e2b8939cbbed975731e71f3f4f1defc7266ded337a5ce0f925426877?s=96&d=mm&r=g","contentUrl":"https:\/\/secure.gravatar.com\/avatar\/34137ec2e2b8939cbbed975731e71f3f4f1defc7266ded337a5ce0f925426877?s=96&d=mm&r=g","caption":"Mitxel Olabu\u00e9naga"},"url":"https:\/\/vincentians.com\/es\/author\/mitxel\/"}]}},"jetpack_publicize_connections":[],"jetpack_featured_media_url":"https:\/\/i0.wp.com\/vincentians.com\/es\/wp-content\/uploads\/sites\/11\/2016\/07\/bio-cm.jpg?fit=1200%2C630&ssl=1","jetpack_sharing_enabled":true,"jetpack_shortlink":"https:\/\/wp.me\/p7ETMF-4u1","jetpack-related-posts":[{"id":118953,"url":"https:\/\/vincentians.com\/es\/historia-de-los-paules-en-cuba-capitulo-iv-c\/","url_meta":{"origin":17237,"position":0},"title":"Historia de los Pa\u00fales en Cuba (Cap\u00edtulo IV C)","author":"Mitxel Olabu\u00e9naga","date":"03\/01\/2022","format":false,"excerpt":"3. Fricciones de los Padres Pa\u00fales con el Obispo Manuel Santander Frutos. En el a\u00f1o 1886 el Obispo Ram\u00f3n Fern\u00e1ndez de Pi\u00e9rola se vio en la necesidad de partir para la Pen\u00ednsula por decisi\u00f3n del gobierno central. Fue sustituido por un nuevo prelado, el Dr. Manuel Santander y Frutos, quien\u2026","rel":"","context":"En \u00abHistoria de la Congregaci\u00f3n de la Misi\u00f3n\u00bb","block_context":{"text":"Historia de la Congregaci\u00f3n de la Misi\u00f3n","link":"https:\/\/vincentians.com\/es\/category\/historia-de-la-familia-vicenciana\/historia-de-la-congregacion-de-la-mision\/"},"img":{"alt_text":"","src":"https:\/\/i0.wp.com\/vincentians.com\/es\/wp-content\/uploads\/sites\/11\/2016\/10\/ranquines.jpg?fit=1200%2C630&ssl=1&resize=350%2C200","width":350,"height":200,"srcset":"https:\/\/i0.wp.com\/vincentians.com\/es\/wp-content\/uploads\/sites\/11\/2016\/10\/ranquines.jpg?fit=1200%2C630&ssl=1&resize=350%2C200 1x, https:\/\/i0.wp.com\/vincentians.com\/es\/wp-content\/uploads\/sites\/11\/2016\/10\/ranquines.jpg?fit=1200%2C630&ssl=1&resize=525%2C300 1.5x, https:\/\/i0.wp.com\/vincentians.com\/es\/wp-content\/uploads\/sites\/11\/2016\/10\/ranquines.jpg?fit=1200%2C630&ssl=1&resize=700%2C400 2x, https:\/\/i0.wp.com\/vincentians.com\/es\/wp-content\/uploads\/sites\/11\/2016\/10\/ranquines.jpg?fit=1200%2C630&ssl=1&resize=1050%2C600 3x"},"classes":[]},{"id":17218,"url":"https:\/\/vincentians.com\/es\/el-padre-mariano-maller-capitulo-4\/","url_meta":{"origin":17237,"position":1},"title":"El Padre Mariano Maller. Cap\u00edtulo 4","author":"Mitxel Olabu\u00e9naga","date":"08\/06\/2018","format":false,"excerpt":"Cap\u00edtulo IV: En el candelero de Par\u00eds El Colegio de Cara\u00e7a goz\u00f3 de gran prosperidad y cr\u00e9dito bajo su gobierno. En 1861 hab\u00eda en \u00e9l 200 alumnos y 32 seminaristas. Sin embargo, insist\u00eda ante el P. General que le exonerara de toda Superioridad. Este deseo, sin convertirse en obsesivo, lleg\u00f3\u2026","rel":"","context":"En \u00abBiograf\u00edas de Misioneros Pa\u00fales\u00bb","block_context":{"text":"Biograf\u00edas de Misioneros Pa\u00fales","link":"https:\/\/vincentians.com\/es\/category\/la-familia-vicenciana\/biografias-vicencianas\/biografias-de-misioneros-paules\/"},"img":{"alt_text":"","src":"https:\/\/i0.wp.com\/vincentians.com\/es\/wp-content\/uploads\/sites\/11\/2016\/07\/bio-cm.jpg?fit=1200%2C630&ssl=1&resize=350%2C200","width":350,"height":200,"srcset":"https:\/\/i0.wp.com\/vincentians.com\/es\/wp-content\/uploads\/sites\/11\/2016\/07\/bio-cm.jpg?fit=1200%2C630&ssl=1&resize=350%2C200 1x, https:\/\/i0.wp.com\/vincentians.com\/es\/wp-content\/uploads\/sites\/11\/2016\/07\/bio-cm.jpg?fit=1200%2C630&ssl=1&resize=525%2C300 1.5x, https:\/\/i0.wp.com\/vincentians.com\/es\/wp-content\/uploads\/sites\/11\/2016\/07\/bio-cm.jpg?fit=1200%2C630&ssl=1&resize=700%2C400 2x, https:\/\/i0.wp.com\/vincentians.com\/es\/wp-content\/uploads\/sites\/11\/2016\/07\/bio-cm.jpg?fit=1200%2C630&ssl=1&resize=1050%2C600 3x"},"classes":[]},{"id":117651,"url":"https:\/\/vincentians.com\/es\/doloroso-centenario-1968\/","url_meta":{"origin":17237,"position":2},"title":"Doloroso centenario (1968)","author":"Mitxel Olabu\u00e9naga","date":"10\/02\/2013","format":false,"excerpt":"Poco se ha escrito entre nosotros sobre los luctuosos sucesos que sacudieron a la Provincia espa\u00f1ola de la Congregaci\u00f3n de la Misi\u00f3n en el aciago a\u00f1o de 1868. El 27 de septiembre de dicho a\u00f1o tuvo lugar el pronunciamiento militar de Topete, que fue el comienzo de la revoluci\u00f3n llamada,\u2026","rel":"","context":"En \u00abHistoria de la Congregaci\u00f3n de la Misi\u00f3n en Espa\u00f1a\u00bb","block_context":{"text":"Historia de la Congregaci\u00f3n de la Misi\u00f3n en Espa\u00f1a","link":"https:\/\/vincentians.com\/es\/category\/historia-de-la-familia-vicenciana\/historia-de-la-congregacion-de-la-mision-en-espana\/"},"img":{"alt_text":"msoA058F","src":"https:\/\/i0.wp.com\/vicencianos.org\/wp-content\/2013\/01\/msoA058F.jpg?resize=350%2C200","width":350,"height":200},"classes":[]},{"id":387767,"url":"https:\/\/vincentians.com\/es\/la-provincia-espanola-de-las-hijas-de-las-caridad-xliii\/","url_meta":{"origin":17237,"position":3},"title":"La Provincia espa\u00f1ola de las Hijas de la Caridad (XLIII)","author":"Mitxel Olabu\u00e9naga","date":"29\/08\/2016","format":false,"excerpt":"No sabemos lo que el P. General pudo contestar a estas efusivas comunicaciones hechas por eI P. Roca, pero el pobre anciano debi\u00f3 de sufrir la m\u00e1s desconsoladora sorpresa al recibir una carta del P. Codina, desterrado entonces en Francia, y cuyo contenido sabemos por la franca respuesta del P.\u2026","rel":"","context":"En \u00abHistoria de las Hijas de la Caridad\u00bb","block_context":{"text":"Historia de las Hijas de la Caridad","link":"https:\/\/vincentians.com\/es\/category\/historia-de-la-familia-vicenciana\/historia-de-las-hijas-de-la-caridad\/"},"img":{"alt_text":"","src":"https:\/\/i0.wp.com\/vincentians.com\/es\/wp-content\/uploads\/sites\/11\/2016\/07\/hijas-caridad-espanya.jpg?fit=1200%2C630&ssl=1&resize=350%2C200","width":350,"height":200,"srcset":"https:\/\/i0.wp.com\/vincentians.com\/es\/wp-content\/uploads\/sites\/11\/2016\/07\/hijas-caridad-espanya.jpg?fit=1200%2C630&ssl=1&resize=350%2C200 1x, https:\/\/i0.wp.com\/vincentians.com\/es\/wp-content\/uploads\/sites\/11\/2016\/07\/hijas-caridad-espanya.jpg?fit=1200%2C630&ssl=1&resize=525%2C300 1.5x, https:\/\/i0.wp.com\/vincentians.com\/es\/wp-content\/uploads\/sites\/11\/2016\/07\/hijas-caridad-espanya.jpg?fit=1200%2C630&ssl=1&resize=700%2C400 2x, https:\/\/i0.wp.com\/vincentians.com\/es\/wp-content\/uploads\/sites\/11\/2016\/07\/hijas-caridad-espanya.jpg?fit=1200%2C630&ssl=1&resize=1050%2C600 3x"},"classes":[]},{"id":131081,"url":"https:\/\/vincentians.com\/es\/mariano-j-maller-1866-1890-visitador\/","url_meta":{"origin":17237,"position":4},"title":"Mariano J. Maller (1866-1890) (Visitador)","author":"Mitxel Olabu\u00e9naga","date":"02\/09\/2014","format":false,"excerpt":"Naci\u00f3 en Selgua (Huesca) el 4 de septiembre de 1817 y fue admitido en la casa de Madrid el 23 de junio de 1833. Huido a Montolieu (Francia) termin\u00f3 sus estudios en Par\u00eds y, una vez ordenado, le enviaron a Estados Unidos. En 1841 le pusieron al frente del Seminario\u2026","rel":"","context":"En \u00abBiograf\u00edas de Misioneros Pa\u00fales\u00bb","block_context":{"text":"Biograf\u00edas de Misioneros Pa\u00fales","link":"https:\/\/vincentians.com\/es\/category\/la-familia-vicenciana\/biografias-vicencianas\/biografias-de-misioneros-paules\/"},"img":{"alt_text":"","src":"https:\/\/i0.wp.com\/vincentians.com\/es\/wp-content\/uploads\/sites\/11\/2016\/07\/bio-cm.jpg?fit=1200%2C630&ssl=1&resize=350%2C200","width":350,"height":200,"srcset":"https:\/\/i0.wp.com\/vincentians.com\/es\/wp-content\/uploads\/sites\/11\/2016\/07\/bio-cm.jpg?fit=1200%2C630&ssl=1&resize=350%2C200 1x, https:\/\/i0.wp.com\/vincentians.com\/es\/wp-content\/uploads\/sites\/11\/2016\/07\/bio-cm.jpg?fit=1200%2C630&ssl=1&resize=525%2C300 1.5x, https:\/\/i0.wp.com\/vincentians.com\/es\/wp-content\/uploads\/sites\/11\/2016\/07\/bio-cm.jpg?fit=1200%2C630&ssl=1&resize=700%2C400 2x, https:\/\/i0.wp.com\/vincentians.com\/es\/wp-content\/uploads\/sites\/11\/2016\/07\/bio-cm.jpg?fit=1200%2C630&ssl=1&resize=1050%2C600 3x"},"classes":[]},{"id":130903,"url":"https:\/\/vincentians.com\/es\/joaquin-mariano-maller\/","url_meta":{"origin":17237,"position":5},"title":"Joaqu\u00edn Mariano Maller","author":"Mitxel Olabu\u00e9naga","date":"22\/07\/2014","format":false,"excerpt":"Acerca de este Misionero, uno de los miembros m\u00e1s ilustres que ha tenido la Congregaci\u00f3n y quiz\u00e1 a quien m\u00e1s deben las familias de S. Vicente en Espa\u00f1a, estamos reuniendo materiales para escribir por extenso su biograf\u00eda, y por eso aqu\u00ed no insertamos m\u00e1s que unas cuantas notas. Naci\u00f3 en\u2026","rel":"","context":"En \u00abBiograf\u00edas de Misioneros Pa\u00fales\u00bb","block_context":{"text":"Biograf\u00edas de Misioneros Pa\u00fales","link":"https:\/\/vincentians.com\/es\/category\/la-familia-vicenciana\/biografias-vicencianas\/biografias-de-misioneros-paules\/"},"img":{"alt_text":"","src":"https:\/\/i0.wp.com\/vincentians.com\/es\/wp-content\/uploads\/sites\/11\/2016\/07\/bio-cm.jpg?fit=1200%2C630&ssl=1&resize=350%2C200","width":350,"height":200,"srcset":"https:\/\/i0.wp.com\/vincentians.com\/es\/wp-content\/uploads\/sites\/11\/2016\/07\/bio-cm.jpg?fit=1200%2C630&ssl=1&resize=350%2C200 1x, https:\/\/i0.wp.com\/vincentians.com\/es\/wp-content\/uploads\/sites\/11\/2016\/07\/bio-cm.jpg?fit=1200%2C630&ssl=1&resize=525%2C300 1.5x, https:\/\/i0.wp.com\/vincentians.com\/es\/wp-content\/uploads\/sites\/11\/2016\/07\/bio-cm.jpg?fit=1200%2C630&ssl=1&resize=700%2C400 2x, https:\/\/i0.wp.com\/vincentians.com\/es\/wp-content\/uploads\/sites\/11\/2016\/07\/bio-cm.jpg?fit=1200%2C630&ssl=1&resize=1050%2C600 3x"},"classes":[]}],"_links":{"self":[{"href":"https:\/\/vincentians.com\/es\/wp-json\/wp\/v2\/posts\/17237","targetHints":{"allow":["GET"]}}],"collection":[{"href":"https:\/\/vincentians.com\/es\/wp-json\/wp\/v2\/posts"}],"about":[{"href":"https:\/\/vincentians.com\/es\/wp-json\/wp\/v2\/types\/post"}],"author":[{"embeddable":true,"href":"https:\/\/vincentians.com\/es\/wp-json\/wp\/v2\/users\/5"}],"replies":[{"embeddable":true,"href":"https:\/\/vincentians.com\/es\/wp-json\/wp\/v2\/comments?post=17237"}],"version-history":[{"count":1,"href":"https:\/\/vincentians.com\/es\/wp-json\/wp\/v2\/posts\/17237\/revisions"}],"predecessor-version":[{"id":401844,"href":"https:\/\/vincentians.com\/es\/wp-json\/wp\/v2\/posts\/17237\/revisions\/401844"}],"wp:featuredmedia":[{"embeddable":true,"href":"https:\/\/vincentians.com\/es\/wp-json\/wp\/v2\/media\/391249"}],"wp:attachment":[{"href":"https:\/\/vincentians.com\/es\/wp-json\/wp\/v2\/media?parent=17237"}],"wp:term":[{"taxonomy":"category","embeddable":true,"href":"https:\/\/vincentians.com\/es\/wp-json\/wp\/v2\/categories?post=17237"},{"taxonomy":"post_tag","embeddable":true,"href":"https:\/\/vincentians.com\/es\/wp-json\/wp\/v2\/tags?post=17237"}],"curies":[{"name":"wp","href":"https:\/\/api.w.org\/{rel}","templated":true}]}}