{"id":17235,"date":"2018-06-21T07:44:32","date_gmt":"2018-06-21T05:44:32","guid":{"rendered":"http:\/\/somos.vicencianos.org\/blog\/2010\/04\/20\/el-padre-mariano-maller-capitulo-11\/"},"modified":"2018-06-05T09:06:24","modified_gmt":"2018-06-05T07:06:24","slug":"el-padre-mariano-maller-capitulo-11","status":"publish","type":"post","link":"https:\/\/vincentians.com\/es\/el-padre-mariano-maller-capitulo-11\/","title":{"rendered":"El Padre Mariano Maller. Cap\u00edtulo 11"},"content":{"rendered":"<h2><strong>Cap\u00edtulo XI: <em>La procesi\u00f3n que el P. Maller llevaba por dentro <\/em><\/strong><\/h2>\n<p>Es para asombrar la procesi\u00f3n que el P. Maller llevaba en su interior, sin que se dejase transparentar, durante toda su visita a Estados Unidos. Procesi\u00f3n dolorosa, de desierto interior, de \u00abnoche Oscura\u00bb. Y es para asombrar que esta procesi\u00f3n pudiera tener lugar entro una actividad exterior e interior a la vez, tan absorbente y acaparadora, sin que ninguna estorbara a la otra.<\/p>\n<p>Sus detalles nos los van relatando una serie de cartas de las que se van desprendiendo los trozos del drama, otras tantas gotas de sangre que enrojecen su largo y complicado itinerario. Dir\u00edasela, en conjunto, un \u00abdiario\u00bb cuyas p\u00e1ginas se van escribiendo en Constantina, en Li\u00f3n, en Par\u00eds, en Dubl\u00edn, en Nueva York, en Ni\u00e1gara, en Nueva Orleans, en la Habana por no citar m\u00e1s que los puntos mas importantes, donde estaban fechadas. As\u00ed, esta procesi\u00f3n interior, con toda la negrura de su angustia, no tendr\u00e1 otro cronista que \u00e9l, el testigo m\u00e1s abonado de una tragedia, en que es protagonista y de la que sali\u00f3 m\u00e1s purificado y m\u00e1s de Dios, que as\u00ed es Dios de rumboso, que, con los torcidos renglones de los hombres, sabe escribir las m\u00e1s bellas p\u00e1ginas de la santidad. El tema central del drama es el cambio de h\u00e1bito que el P. Bor\u00e9, siguiendo las huellas del P. Etienne, quer\u00eda imponer a las espa\u00f1olas, en cuya tarea le implicaba la obediencia que no conceb\u00eda de otro modo que tajante y a rajatabla, y que otros pretend\u00edan no quebrantar con el planteamiento de la cuesti\u00f3n ante el Papa.<\/p>\n<p>Ah\u00ed est\u00e1 el drama todo entero, emergiendo de la pluma del protagonista, duro y escueto, con sus claros de esperanza y que c\u00e1rdenos oleajes, que se estrellan contra loe bastiones roqueros de su obediencia al P. .General, de su respeto y sumisi\u00f3n al Papa y de su amor a sus Hermanos y Hermanas, los misioneros y las Hijas de la Caridad.<\/p>\n<p>El hubiera sido el \u00fanico n\u00e1ufrago en este mar, de no haberse aferrado tesoneramente, aragonesmente, a la tabla de la conformidad con la voluntad de Dios, que fue la \u00fanica que triunf\u00f3 en esta descomunal batalla interior. Y fue fortuna que as\u00ed fuera, porque, aparte de que su santidad sali\u00f3 acrecentada, pulida y resplandeciente, la Congregaci\u00f3n y Espa\u00f1a le conservaron todav\u00eda unos a\u00f1os m\u00e1s, durante los cuales las dos familias vicencianas, bajo su sabia y prudente batuta, se consolidaron definitivamente en Espa\u00f1a y se capacitaron para su expansi\u00f3n a escala casi mundial en lo que, va de siglo.<\/p>\n<p>Las cartas que forman la cadena de. este Diario interior est\u00e1n casi todas ellas dirigidas al P. Valdivielso, que se qued\u00f3 al frente de la Provincia mientras el P. Maller andaba en su gira angloamericana.<\/p>\n<p>El P. Bor\u00e9 que hab\u00eda sucedido al P. Etienne, prosigui\u00f3, en su misma l\u00ednea de imponer la llamada \u00abcorneta\u00bb a las Hermanas espa\u00f1olas. El P. Maller comprendi\u00f3 que la tarea era harto dif\u00edcil, a causa de la oposici\u00f3n no s\u00f3lo de las Hermanas y de los Padres, sino tambi\u00e9n de los Obispos, que ve\u00edan con malos ojos este afrancesamiento como, se ha llamado, como pudo comprobarlo cinco a\u00f1os m\u00e1s tarde, el P F\u00edat. \u00danicamente el de Sevilla era indiferente en este asunto. En cierto sentido el P. Maller se alegr\u00f3 de verse lejos de este campo de agramante, si bien entristecido, porque la autoridad del\u00a0 General se viera intervenida por la del Papa. Ni que decir tiene que para \u00e9l, el Papa era superior al P. General, pero le era duro que esto hubiera tenido que ocurrir. Mas otra vez hemos topado con lo vidrioso del tema y nos vemos forzados a pasar por alto el diario \u00edntimo, content\u00e1ndonos con transcribir algunas l\u00edneas, dignas de catalogarse en una antolog\u00eda asc\u00e9tica, en el que el protagonista es la voluntad de Dios, que triunfa en \u00e9l en toda la l\u00ednea. El drama y las l\u00edneas empiezan as\u00ed:<\/p>\n<p><strong>Marsella, 10 de marzo de 1877<\/strong>: \u00abDios har\u00e1 de m\u00ed lo que tenga por conveniente. Cuando su divina Majestad lo tenga a bien, mandar\u00e1 a la tempestad que se calme y \u00e9sta se apaciguar\u00e1 y tendremos una gran calma. \u00bfCu\u00e1ndo ser\u00e1 esto? Solo \u00c9l lo sabe\u00bb.<\/p>\n<p><strong>Ly\u00f3n, 21 de marzo:<\/strong> \u00abDios inspire a todos y a cada uno lo que sea para mayor gloria suya y bien de las almas. Procurar\u00e9 estar en una entera indiferencia en lo que toca a mi pobre persona. As\u00ed, s\u00f3lo as\u00ed, conservar\u00e9 la paz, de la que ahora estoy gozando\u00bb.<\/p>\n<p><strong>Dubl\u00edn, 29 de mayo<\/strong>.\u2014Yo creo que todo lo gobierna la divina Sabidur\u00eda y que la Iglesia est\u00e1 .particularmente regida por el Esp\u00edritu, Santo: Dios est\u00e1 en Madrid-, en Par\u00eds y en Roma, y en todas partes es el mismo Dios, infinitamente bueno y misericordioso, y tiene modos y medios de hacer conocer su sant\u00edsima voluntad&#8230; Ya no pido otra , cosa a Dios N. S. sino que no tenga otra cosa que hacer, sino decir y repetir: \u00abLoquere Domine, quia audit servus tuus&#8230; Paratum cor meum. Deus; paratum cor meum.\u00bb<\/p>\n<p><strong> Germantown (Filadelfia), 10 de. julio<\/strong>.- \u00ab!Dios nos ampare a todos! \u00a1Qu\u00e9 pobre criatura es el hombre! \u00a1Valga que Dios es Dios!.<\/p>\n<p><strong>Emmitsburgo, 27 de julio<\/strong>.- \u00abNada me importa, con tal que todo sea para gloria de Dios y bien de las almas; Cruces no han de faltar. Vengan, pues, las que Dios quiera y de donde Dios quiera. El 5 de septiembre, escrib\u00eda por segunda vez. desde Emmitsburgo: &#8211; Yo desear\u00eda que el Sr. Masnou se quedase ah\u00ed en mi lugar y a m\u00ed me dejaran por estas tierras lejanas. Ayer cumpl\u00ed 60 a\u00f1os y desear\u00eda un poco de descanso de esp\u00edritu para no pensar ya sino en la eternidad, que viene al galope, y no es cosa de broma. \u2014 \u00a1Es tan dif\u00edcil desimpresionar a una persona! No hay nada m\u00e1s que tener paciencia con todos, como Dios la tiene con cada uno. Al fin y al cabo, todo pasa; y lo que pasa no es nada comparado con lo que no pasa.<\/p>\n<p><strong>Baltimore, 23 de septiembre<\/strong>.\u2014Esperamos la decisi\u00f3n de los eminent\u00edsimos Cardenales, que acato de antemano y acatar\u00e9, cualquiera que ella sea, y har\u00e9 todo lo posible para que se efect\u00fae, porque la mirar\u00e9; como que viene de Dios, o efectivamente o permisivamente. En eso estoy, y ll\u00e1menme aragon\u00e9s o lo que quieran\u00bb.<\/p>\n<p><strong>Matchez, 8 de diciembre<\/strong>. \u2014Dios sea bendito y alabado por todo. El nos asista para que en todo hagamos su sant\u00edsima voluntad. Me alegro de que su Santidad haya decidido algo sobre nuestra situaci\u00f3n y de lo m\u00e1s \u00edntimo de mi alma acato todo cuanto haya dispuesto en eso, y en todo lo dem\u00e1s. Me atengo y atendr\u00e9, con la gracia de Dios, a lo que de m\u00ed disponga la obediencia. Si he de continuar con la Cruz, a cuestas de la superioridad, bajar\u00e9 la cabeza y preparar\u00e9 el hombre. Lo que no quiero es dejarla por mi voluntad ni tomarla tampoco por m\u00ed mismo, sino dejarlo o tomarla por obediencia, cosa que, sin embargo se opone a que uno haga presente, a quien se debe derecho, lo que uno siente.!!<\/p>\n<p>Sentimientos parecidos comunica al P. Arnaiz en Sig\u00fcenza, cuando dos d\u00edas despu\u00e9s le escrib\u00eda tambi\u00e9n desde Natchez: <strong><em>\u00abNo he podido menos de alabar a Dios por el gran bien que con su gracia hace la peque\u00f1a Congregaci\u00f3n en Sig\u00fcenza y en otras partes, seg\u00fan se desprende de la muy grata que de Usted he recibido, si se\u00f1or; lo conozco y espero que su Divina Majestad se digne continuar bendici\u00e9ndola. Ahora que su Santidad parece ha decidido la gran cuesti\u00f3n, ya no habr\u00e1 motivo para divisiones y desconfianzas. Hag\u00e1monos a lo decidido y a lo que en adelante se decida, si algo falta que decidir. Yo por mi parte acepto todo con entera sumisi\u00f3n de voluntad y de juicio, como si el mismo Dios me lo hubiera revelado, y de alg\u00fan modo, a\u00fan m\u00e1s, pues en una revelaci\u00f3n privada puede haber ilusi\u00f3n, pero no en obedecer a su Santidad\u00bb. <\/em><\/strong><\/p>\n<p>\u00abPor lo que a mi hace, deseo se me conceda tiempo de penitencia para prepararme a bien morir, pero aun en eso, no\u00a0 quiero que prevalezca mi deseo, si no es conforme a la voluntad de Dios. Eso es mi actual disposici\u00f3n de \u00e1nimo. Nadie es necesario en este mundo y ser\u00eda intolerable presunci\u00f3n y soberbia en mi, creerme bueno para algo, sino es para echarlo todo a perder. Una de las cosas, pues, que debo pedir a Dios que libre a la Provincia de Espa\u00f1a de la calamidad que la pueda acarrear\u00bb<\/p>\n<p><strong>Habana, 10 de enero de 1878<\/strong>:.- La resoluci\u00f3n de la S. S. no pod\u00eda ser m\u00e1s conciliadora, .atendidas las circunstancias. Ahora conviene que todos nos ajustemos al esp\u00edritu y a la letra de dicha resoluci\u00f3n.<\/p>\n<p>Ahora es tiempo de callar y obedecer, \u00a1Ojal\u00e1 nunca tenga, que hacer otra cosa que callar y obedecer! En cuanto a seguir gobernando, lo har\u00e9, si me lo exigen&#8230; Pocas ganas me quedan de ello. Me siento cansado, cansad\u00edsimo\u00bb.<\/p>\n<p>Y veinte d\u00edas despu\u00e9s escrib\u00eda tambi\u00e9n desde la Habana: \u00abLas causas de mis disgustos no son las personas, sino las cosas&#8230;; el mal no est\u00e1 en aquellas, sino es \u00e9stas o, si se quiere, en las ideas, las cuales, como es sabido, del terreno de la l\u00f3gica tarde o temprano pasan al de la pr\u00e1ctica&#8230; Para mi es preferible que me dejen tranquilo, que me prepare a la muerte, que ya se .asoma y me est\u00e1 siguiendo de cerca. Acaban de decirme que ha fallecido el Ilmo. Sr. Domenec, \u00c1ngel, conno-vicio y condisc\u00edpulo m\u00edo&#8230; Sic transit gloria mundi: vanitas vanitatum. Tu solus Altissimus, Jesu-christe\u00bb Y el 12 de marzo: \u00abLo que me consuela en todo lo que sucede es que, de un modo u otro redundar\u00e1 en. la mayor gloria de D\u00edos. Consilium meum est\u00e1bil et omnis voluntas mea fiet. Bien pueden las criaturas por miseria o por malicia oponerse a sus designios, que cuando \u00e9stos son una absoluta voluntad de Dios, no hay que darle vueltas, fiet.<\/p>\n<p>\u00abEn cuanto a mi regreso a Espa\u00f1a, si se verificar\u00e1 \u00f3 no, si ser\u00e1 pronto o tarde, eso tambi\u00e9n lo dejo en manos de la obediencia, es decir, en manos de Dios. As\u00ed no me llevar\u00e9 chasco&#8230; Lo dem\u00e1s me tiene sin cuidado. Si la obediencia me manda continuar con la cruz, continuar\u00e9 resignado; si por el contrario, se me descarga, lo agradecer\u00e9.\u00bb Diez y siete d\u00edas m\u00e1s tarde escrib\u00eda desde Mobile: Por una carta que recib\u00ed el otro d\u00eda del P. General veo que est\u00e1 decidido a que yo vuelva a Espa\u00f1a. As\u00ed, pues, no me queda m\u00e1s que bajar la cabeza y lo hago con entera resignaci\u00f3n\u00bb. Sentimientos parecidos expresaba a su corresponsal de Madrid desde S. Luis el 31 de marzo y desde la Universidad de Nuestra Se\u00f1ora de los \u00c1ngeles del Ni\u00e1gara el 31 de abril. En esta escrib\u00eda: \u00abNo me queda sino resignaci\u00f3n y lo procuro hacer&#8230; Si me veo en el caso, yo procurar\u00e9 que no prevalezca lo que dicta el coraz\u00f3n, sino m\u00e1s bien lo que indique la cabeza, es decir lo que exijan las circunstancias y la obediencia.\u00bb<\/p>\n<p>Por fin desde Emmitsburgo escrib\u00eda el 2 de mayo de 1878.: \u00abNuevas cartas del General me confirman en que tendr\u00e9 que volver, a Madrid lo m\u00e1s pronto que pueda. Obedecer\u00e9 y confiar\u00e9 en Dios, Qui potens est. Si procuramos hacer lo voluntad de Dios, siempre ganaremos algo. H\u00e1gase pues, su voluntad sant\u00edsima\u00bb.<\/p>\n<p>Efectivamente, el P. Maller volvi\u00f3 a cargar con la cruz del gobierno de las dos familias de S. Vicente; su repugnancia proced\u00eda de tener\u00a0 que aplicar las decisiones de Roma, que eran contrarias a los puntos de vista del P. General, dos autoridades entre las que su coraz\u00f3n se sent\u00eda estrujado y que deb\u00eda superar como lo saben hacer los buenos hijos de la Iglesia, someti\u00e9ndose a las \u00f3rdenes del Jefe, supremo de la Cristiandad, aunque se doliera de no poder satisfacer los deseos del superior inmediato.<\/p>\n<p>Dios premi\u00f3 esta humildad y esta obediencia haciendo que las cosas de Espa\u00f1a fueran mejor de lo que \u00e9l tem\u00eda. La decisi\u00f3n pontificia tuvo la eficacia de pacificar los esp\u00edritus y de meter a las dos familias vicencianas por los caminos de la prosperidad, bajo la alta direcci\u00f3n del P. F\u00edat, de esp\u00edritu m\u00e1s vicenciano y cat\u00f3lico y, por tanto,\u00a0 m\u00e1s comprensivo y adaptable a lo que en cada caso y pa\u00eds es m\u00e1s capaz de promover la gloria de Dios. Ocho a\u00f1o despu\u00e9s, el panorama era muy otro y el P. Maller pod\u00eda escribir al P. Valdivielso, su gran colaborador, desde Buenos Aires, a 15 de diciembre de 1886:<\/p>\n<p>\u00abDesde Montevideo acus\u00e9 a usted recepci\u00f3n de las tres muy gratas de usted; fechas el 20 de octubre, el 6 y el 10 de noviembre, que tanto consuelo me causaron por las grandes bendiciones que veo que Dios est\u00e1 derramando sobre esa Casa y Comunidad. \u00a1Bendito y alabado sea Dios por todo!\u00a0 \u00a1Amen! Verdad es que no faltan algunas miserias, como no faltar\u00e1n jam\u00e1s. \u00bfQu\u00e9 remedio a eso sino animarnos a llevar la cruz, remediar lo que se pueda y tolerar lo que no se pueda? \u00bfC\u00f3mo no conformarnos cuando tan visiblemente nos protege Dios y Mar\u00eda Sant\u00edsima? \u00bfC\u00f3mo no confiar en un Dios tan bueno y tan misericordioso? Mire-usted lo que en los 11 a\u00f1os ha hecho por nosotros \u00a1Qu\u00e9 apuros! \u00a1qu\u00e9 trabajos! \u00a1que cambio en todo desde el 75 al 86! \u00a1Y eso en todo, en todo! \u00a1qu\u00e9 mejorados en terreno, en casa, en gente y, lo que es a\u00fan m\u00e1s, en esp\u00edritu!<\/p>\n<p>Aquellas cuestiones, que tanto enojo causaban, est\u00e1n, si no resueltas, a lo menos calmadas. Las dos familias prosperan y, si as\u00ed siguen, ser\u00e1n mutuo apoyo la una de la otra. Seg\u00fan-usted y el Sr. Moral me dicen, esa Casa, que tanto amo y que considero tan importante para la Provincia y a\u00fan para la Congregaci\u00f3n, marcha bien \u00a1Oh! No hay noticia que m\u00e1s me agrade. Mientras que esa Casa, centro, coraz\u00f3n y cabeza de la Provincia de Espa\u00f1a, marche bien, nada, nada absolutamente temo ni del mundo, ni del demonio, ni de la carne. L\u00edbrenos Dos del esp\u00edritu de rebeli\u00f3n, de soberbia y de relajaci\u00f3n.<\/p>\n<p>Yo comprendo los apuros que pueden acarrear a usted tantos pagos y la carest\u00eda de v\u00edveres, pero no desmaye. Dios le sacar\u00e1 a usted de esos v cualesquiera otros apuros. El descargo del oficio de Asistente le dar\u00e1 a usted m\u00e1s tiempo y facilidad de combinar y buscar, y Dios le ha dado a usted un talento muy particular para esas cosas. La Casa de los Pa\u00fales de Chamber\u00ed ser\u00e1 un monumento que eternizar\u00e1, como se dice ahora su memoria. No deje de hacer una rese\u00f1a hist\u00f3rica de todo lo ocurrido, desde que compramos la casa a D. Joaqu\u00edn hasta concluir la tapia\u00bb.<\/p>\n<p>\u00abMucho me agrada la distribuci\u00f3n de los misioneros para las diferentes casas que han hecho ustedes. La mayor parte de los cambios me parece bien hechos, aunque en ellos haya habido algo de debilidad. Dios lo habr\u00e1 permitido as\u00ed y quiera el Se\u00f1or que marchen bien. Deseo saber que planes tiene el se\u00f1or Jaume.<\/p>\n<p>Ser\u00eda de desear que saliesen tambi\u00e9n misioneros de Zaragoza y de Los Milagros, para que no hubiese casa, de donde nos salieran tres misioneros. <em>Las Misiones son las que m\u00e1s nos han de traer vocaciones. Dios nos bendecir\u00e1, si nos damos a ellas y si no, se buscar\u00e1 otros y nos abandonar\u00e1\u00bb.<\/em><\/p>\n","protected":false},"excerpt":{"rendered":"<p>Cap\u00edtulo XI: La procesi\u00f3n que el P. Maller llevaba por dentro Es para asombrar la procesi\u00f3n que el P. Maller llevaba en su interior, sin que se dejase transparentar, durante toda su visita a Estados &#8230; <a href=\"https:\/\/vincentians.com\/es\/el-padre-mariano-maller-capitulo-11\/\" class=\"more-link\">Read More<\/a><\/p>\n","protected":false},"author":5,"featured_media":391249,"comment_status":"open","ping_status":"open","sticky":false,"template":"","format":"standard","meta":{"jetpack_post_was_ever_published":false,"_jetpack_newsletter_access":"","_jetpack_dont_email_post_to_subs":false,"_jetpack_newsletter_tier_id":0,"_jetpack_memberships_contains_paywalled_content":false,"_jetpack_memberships_contains_paid_content":false,"footnotes":"","jetpack_publicize_message":"","jetpack_publicize_feature_enabled":true,"jetpack_social_post_already_shared":true,"jetpack_social_options":{"image_generator_settings":{"template":"highway","default_image_id":0,"font":"","enabled":false},"version":2}},"categories":[19],"tags":[161],"class_list":["post-17235","post","type-post","status-publish","format-standard","has-post-thumbnail","hentry","category-biografias-de-misioneros-paules","tag-etienne"],"yoast_head":"<!-- This site is optimized with the Yoast SEO plugin v26.3 - https:\/\/yoast.com\/wordpress\/plugins\/seo\/ -->\n<title>El Padre Mariano Maller. Cap\u00edtulo 11 - Somos Vicencianos<\/title>\n<meta name=\"robots\" content=\"index, follow, max-snippet:-1, max-image-preview:large, max-video-preview:-1\" \/>\n<link rel=\"canonical\" href=\"https:\/\/vincentians.com\/es\/el-padre-mariano-maller-capitulo-11\/\" \/>\n<meta property=\"og:locale\" content=\"es_ES\" \/>\n<meta property=\"og:type\" content=\"article\" \/>\n<meta property=\"og:title\" content=\"El Padre Mariano Maller. Cap\u00edtulo 11 - Somos Vicencianos\" \/>\n<meta property=\"og:description\" content=\"Cap\u00edtulo XI: La procesi\u00f3n que el P. Maller llevaba por dentro Es para asombrar la procesi\u00f3n que el P. Maller llevaba en su interior, sin que se dejase transparentar, durante toda su visita a Estados ... Read More\" \/>\n<meta property=\"og:url\" content=\"https:\/\/vincentians.com\/es\/el-padre-mariano-maller-capitulo-11\/\" \/>\n<meta property=\"og:site_name\" content=\"Somos Vicencianos\" \/>\n<meta property=\"article:publisher\" content=\"https:\/\/www.facebook.com\/WeAreVincentians\/\" \/>\n<meta property=\"article:published_time\" content=\"2018-06-21T05:44:32+00:00\" \/>\n<meta property=\"og:image\" content=\"https:\/\/i0.wp.com\/vincentians.com\/es\/wp-content\/uploads\/sites\/11\/2016\/07\/bio-cm.jpg?fit=1200%2C630&ssl=1\" \/>\n\t<meta property=\"og:image:width\" content=\"1200\" \/>\n\t<meta property=\"og:image:height\" content=\"630\" \/>\n\t<meta property=\"og:image:type\" content=\"image\/jpeg\" \/>\n<meta name=\"author\" content=\"Mitxel Olabu\u00e9naga\" \/>\n<meta name=\"twitter:card\" content=\"summary_large_image\" \/>\n<meta name=\"twitter:creator\" content=\"@WeVincentians\" \/>\n<meta name=\"twitter:site\" content=\"@WeVincentians\" \/>\n<meta name=\"twitter:label1\" content=\"Escrito por\" \/>\n\t<meta name=\"twitter:data1\" content=\"Mitxel Olabu\u00e9naga\" \/>\n\t<meta name=\"twitter:label2\" content=\"Tiempo de lectura\" \/>\n\t<meta name=\"twitter:data2\" content=\"14 minutos\" \/>\n<script type=\"application\/ld+json\" class=\"yoast-schema-graph\">{\"@context\":\"https:\/\/schema.org\",\"@graph\":[{\"@type\":\"Article\",\"@id\":\"https:\/\/vincentians.com\/es\/el-padre-mariano-maller-capitulo-11\/#article\",\"isPartOf\":{\"@id\":\"https:\/\/vincentians.com\/es\/el-padre-mariano-maller-capitulo-11\/\"},\"author\":{\"name\":\"Mitxel Olabu\u00e9naga\",\"@id\":\"https:\/\/vincentians.com\/es\/#\/schema\/person\/7c2670b4445a7ca9d164ea6acdb31859\"},\"headline\":\"El Padre Mariano Maller. Cap\u00edtulo 11\",\"datePublished\":\"2018-06-21T05:44:32+00:00\",\"mainEntityOfPage\":{\"@id\":\"https:\/\/vincentians.com\/es\/el-padre-mariano-maller-capitulo-11\/\"},\"wordCount\":2749,\"commentCount\":0,\"publisher\":{\"@id\":\"https:\/\/vincentians.com\/es\/#organization\"},\"image\":{\"@id\":\"https:\/\/vincentians.com\/es\/el-padre-mariano-maller-capitulo-11\/#primaryimage\"},\"thumbnailUrl\":\"https:\/\/i0.wp.com\/vincentians.com\/es\/wp-content\/uploads\/sites\/11\/2016\/07\/bio-cm.jpg?fit=1200%2C630&ssl=1\",\"keywords\":[\"Etienne\"],\"articleSection\":[\"Biograf\u00edas de Misioneros Pa\u00fales\"],\"inLanguage\":\"es\",\"potentialAction\":[{\"@type\":\"CommentAction\",\"name\":\"Comment\",\"target\":[\"https:\/\/vincentians.com\/es\/el-padre-mariano-maller-capitulo-11\/#respond\"]}]},{\"@type\":\"WebPage\",\"@id\":\"https:\/\/vincentians.com\/es\/el-padre-mariano-maller-capitulo-11\/\",\"url\":\"https:\/\/vincentians.com\/es\/el-padre-mariano-maller-capitulo-11\/\",\"name\":\"El Padre Mariano Maller. Cap\u00edtulo 11 - Somos Vicencianos\",\"isPartOf\":{\"@id\":\"https:\/\/vincentians.com\/es\/#website\"},\"primaryImageOfPage\":{\"@id\":\"https:\/\/vincentians.com\/es\/el-padre-mariano-maller-capitulo-11\/#primaryimage\"},\"image\":{\"@id\":\"https:\/\/vincentians.com\/es\/el-padre-mariano-maller-capitulo-11\/#primaryimage\"},\"thumbnailUrl\":\"https:\/\/i0.wp.com\/vincentians.com\/es\/wp-content\/uploads\/sites\/11\/2016\/07\/bio-cm.jpg?fit=1200%2C630&ssl=1\",\"datePublished\":\"2018-06-21T05:44:32+00:00\",\"breadcrumb\":{\"@id\":\"https:\/\/vincentians.com\/es\/el-padre-mariano-maller-capitulo-11\/#breadcrumb\"},\"inLanguage\":\"es\",\"potentialAction\":[{\"@type\":\"ReadAction\",\"target\":[\"https:\/\/vincentians.com\/es\/el-padre-mariano-maller-capitulo-11\/\"]}]},{\"@type\":\"ImageObject\",\"inLanguage\":\"es\",\"@id\":\"https:\/\/vincentians.com\/es\/el-padre-mariano-maller-capitulo-11\/#primaryimage\",\"url\":\"https:\/\/i0.wp.com\/vincentians.com\/es\/wp-content\/uploads\/sites\/11\/2016\/07\/bio-cm.jpg?fit=1200%2C630&ssl=1\",\"contentUrl\":\"https:\/\/i0.wp.com\/vincentians.com\/es\/wp-content\/uploads\/sites\/11\/2016\/07\/bio-cm.jpg?fit=1200%2C630&ssl=1\",\"width\":1200,\"height\":630},{\"@type\":\"BreadcrumbList\",\"@id\":\"https:\/\/vincentians.com\/es\/el-padre-mariano-maller-capitulo-11\/#breadcrumb\",\"itemListElement\":[{\"@type\":\"ListItem\",\"position\":1,\"name\":\"Portada\",\"item\":\"https:\/\/vincentians.com\/es\/\"},{\"@type\":\"ListItem\",\"position\":2,\"name\":\"El Padre Mariano Maller. Cap\u00edtulo 11\"}]},{\"@type\":\"WebSite\",\"@id\":\"https:\/\/vincentians.com\/es\/#website\",\"url\":\"https:\/\/vincentians.com\/es\/\",\"name\":\"Somos Vicencianos\",\"description\":\"Know more to serve more\",\"publisher\":{\"@id\":\"https:\/\/vincentians.com\/es\/#organization\"},\"potentialAction\":[{\"@type\":\"SearchAction\",\"target\":{\"@type\":\"EntryPoint\",\"urlTemplate\":\"https:\/\/vincentians.com\/es\/?s={search_term_string}\"},\"query-input\":{\"@type\":\"PropertyValueSpecification\",\"valueRequired\":true,\"valueName\":\"search_term_string\"}}],\"inLanguage\":\"es\"},{\"@type\":\"Organization\",\"@id\":\"https:\/\/vincentians.com\/es\/#organization\",\"name\":\"The Vincentian Network\",\"url\":\"https:\/\/vincentians.com\/es\/\",\"logo\":{\"@type\":\"ImageObject\",\"inLanguage\":\"es\",\"@id\":\"https:\/\/vincentians.com\/es\/#\/schema\/logo\/image\/\",\"url\":\"https:\/\/i1.wp.com\/vincentians.com\/es\/wp-content\/uploads\/sites\/11\/2016\/06\/Vincentian-Network-logo-big.png?fit=778%2C778\",\"contentUrl\":\"https:\/\/i1.wp.com\/vincentians.com\/es\/wp-content\/uploads\/sites\/11\/2016\/06\/Vincentian-Network-logo-big.png?fit=778%2C778\",\"width\":778,\"height\":778,\"caption\":\"The Vincentian Network\"},\"image\":{\"@id\":\"https:\/\/vincentians.com\/es\/#\/schema\/logo\/image\/\"},\"sameAs\":[\"https:\/\/www.facebook.com\/WeAreVincentians\/\",\"https:\/\/x.com\/WeVincentians\"]},{\"@type\":\"Person\",\"@id\":\"https:\/\/vincentians.com\/es\/#\/schema\/person\/7c2670b4445a7ca9d164ea6acdb31859\",\"name\":\"Mitxel Olabu\u00e9naga\",\"image\":{\"@type\":\"ImageObject\",\"inLanguage\":\"es\",\"@id\":\"https:\/\/vincentians.com\/es\/#\/schema\/person\/image\/\",\"url\":\"https:\/\/secure.gravatar.com\/avatar\/34137ec2e2b8939cbbed975731e71f3f4f1defc7266ded337a5ce0f925426877?s=96&d=mm&r=g\",\"contentUrl\":\"https:\/\/secure.gravatar.com\/avatar\/34137ec2e2b8939cbbed975731e71f3f4f1defc7266ded337a5ce0f925426877?s=96&d=mm&r=g\",\"caption\":\"Mitxel Olabu\u00e9naga\"},\"url\":\"https:\/\/vincentians.com\/es\/author\/mitxel\/\"}]}<\/script>\n<!-- \/ Yoast SEO plugin. -->","yoast_head_json":{"title":"El Padre Mariano Maller. Cap\u00edtulo 11 - Somos Vicencianos","robots":{"index":"index","follow":"follow","max-snippet":"max-snippet:-1","max-image-preview":"max-image-preview:large","max-video-preview":"max-video-preview:-1"},"canonical":"https:\/\/vincentians.com\/es\/el-padre-mariano-maller-capitulo-11\/","og_locale":"es_ES","og_type":"article","og_title":"El Padre Mariano Maller. Cap\u00edtulo 11 - Somos Vicencianos","og_description":"Cap\u00edtulo XI: La procesi\u00f3n que el P. Maller llevaba por dentro Es para asombrar la procesi\u00f3n que el P. Maller llevaba en su interior, sin que se dejase transparentar, durante toda su visita a Estados ... Read More","og_url":"https:\/\/vincentians.com\/es\/el-padre-mariano-maller-capitulo-11\/","og_site_name":"Somos Vicencianos","article_publisher":"https:\/\/www.facebook.com\/WeAreVincentians\/","article_published_time":"2018-06-21T05:44:32+00:00","og_image":[{"width":1200,"height":630,"url":"https:\/\/i0.wp.com\/vincentians.com\/es\/wp-content\/uploads\/sites\/11\/2016\/07\/bio-cm.jpg?fit=1200%2C630&ssl=1","type":"image\/jpeg"}],"author":"Mitxel Olabu\u00e9naga","twitter_card":"summary_large_image","twitter_creator":"@WeVincentians","twitter_site":"@WeVincentians","twitter_misc":{"Escrito por":"Mitxel Olabu\u00e9naga","Tiempo de lectura":"14 minutos"},"schema":{"@context":"https:\/\/schema.org","@graph":[{"@type":"Article","@id":"https:\/\/vincentians.com\/es\/el-padre-mariano-maller-capitulo-11\/#article","isPartOf":{"@id":"https:\/\/vincentians.com\/es\/el-padre-mariano-maller-capitulo-11\/"},"author":{"name":"Mitxel Olabu\u00e9naga","@id":"https:\/\/vincentians.com\/es\/#\/schema\/person\/7c2670b4445a7ca9d164ea6acdb31859"},"headline":"El Padre Mariano Maller. Cap\u00edtulo 11","datePublished":"2018-06-21T05:44:32+00:00","mainEntityOfPage":{"@id":"https:\/\/vincentians.com\/es\/el-padre-mariano-maller-capitulo-11\/"},"wordCount":2749,"commentCount":0,"publisher":{"@id":"https:\/\/vincentians.com\/es\/#organization"},"image":{"@id":"https:\/\/vincentians.com\/es\/el-padre-mariano-maller-capitulo-11\/#primaryimage"},"thumbnailUrl":"https:\/\/i0.wp.com\/vincentians.com\/es\/wp-content\/uploads\/sites\/11\/2016\/07\/bio-cm.jpg?fit=1200%2C630&ssl=1","keywords":["Etienne"],"articleSection":["Biograf\u00edas de Misioneros Pa\u00fales"],"inLanguage":"es","potentialAction":[{"@type":"CommentAction","name":"Comment","target":["https:\/\/vincentians.com\/es\/el-padre-mariano-maller-capitulo-11\/#respond"]}]},{"@type":"WebPage","@id":"https:\/\/vincentians.com\/es\/el-padre-mariano-maller-capitulo-11\/","url":"https:\/\/vincentians.com\/es\/el-padre-mariano-maller-capitulo-11\/","name":"El Padre Mariano Maller. Cap\u00edtulo 11 - Somos Vicencianos","isPartOf":{"@id":"https:\/\/vincentians.com\/es\/#website"},"primaryImageOfPage":{"@id":"https:\/\/vincentians.com\/es\/el-padre-mariano-maller-capitulo-11\/#primaryimage"},"image":{"@id":"https:\/\/vincentians.com\/es\/el-padre-mariano-maller-capitulo-11\/#primaryimage"},"thumbnailUrl":"https:\/\/i0.wp.com\/vincentians.com\/es\/wp-content\/uploads\/sites\/11\/2016\/07\/bio-cm.jpg?fit=1200%2C630&ssl=1","datePublished":"2018-06-21T05:44:32+00:00","breadcrumb":{"@id":"https:\/\/vincentians.com\/es\/el-padre-mariano-maller-capitulo-11\/#breadcrumb"},"inLanguage":"es","potentialAction":[{"@type":"ReadAction","target":["https:\/\/vincentians.com\/es\/el-padre-mariano-maller-capitulo-11\/"]}]},{"@type":"ImageObject","inLanguage":"es","@id":"https:\/\/vincentians.com\/es\/el-padre-mariano-maller-capitulo-11\/#primaryimage","url":"https:\/\/i0.wp.com\/vincentians.com\/es\/wp-content\/uploads\/sites\/11\/2016\/07\/bio-cm.jpg?fit=1200%2C630&ssl=1","contentUrl":"https:\/\/i0.wp.com\/vincentians.com\/es\/wp-content\/uploads\/sites\/11\/2016\/07\/bio-cm.jpg?fit=1200%2C630&ssl=1","width":1200,"height":630},{"@type":"BreadcrumbList","@id":"https:\/\/vincentians.com\/es\/el-padre-mariano-maller-capitulo-11\/#breadcrumb","itemListElement":[{"@type":"ListItem","position":1,"name":"Portada","item":"https:\/\/vincentians.com\/es\/"},{"@type":"ListItem","position":2,"name":"El Padre Mariano Maller. Cap\u00edtulo 11"}]},{"@type":"WebSite","@id":"https:\/\/vincentians.com\/es\/#website","url":"https:\/\/vincentians.com\/es\/","name":"Somos Vicencianos","description":"Know more to serve more","publisher":{"@id":"https:\/\/vincentians.com\/es\/#organization"},"potentialAction":[{"@type":"SearchAction","target":{"@type":"EntryPoint","urlTemplate":"https:\/\/vincentians.com\/es\/?s={search_term_string}"},"query-input":{"@type":"PropertyValueSpecification","valueRequired":true,"valueName":"search_term_string"}}],"inLanguage":"es"},{"@type":"Organization","@id":"https:\/\/vincentians.com\/es\/#organization","name":"The Vincentian Network","url":"https:\/\/vincentians.com\/es\/","logo":{"@type":"ImageObject","inLanguage":"es","@id":"https:\/\/vincentians.com\/es\/#\/schema\/logo\/image\/","url":"https:\/\/i1.wp.com\/vincentians.com\/es\/wp-content\/uploads\/sites\/11\/2016\/06\/Vincentian-Network-logo-big.png?fit=778%2C778","contentUrl":"https:\/\/i1.wp.com\/vincentians.com\/es\/wp-content\/uploads\/sites\/11\/2016\/06\/Vincentian-Network-logo-big.png?fit=778%2C778","width":778,"height":778,"caption":"The Vincentian Network"},"image":{"@id":"https:\/\/vincentians.com\/es\/#\/schema\/logo\/image\/"},"sameAs":["https:\/\/www.facebook.com\/WeAreVincentians\/","https:\/\/x.com\/WeVincentians"]},{"@type":"Person","@id":"https:\/\/vincentians.com\/es\/#\/schema\/person\/7c2670b4445a7ca9d164ea6acdb31859","name":"Mitxel Olabu\u00e9naga","image":{"@type":"ImageObject","inLanguage":"es","@id":"https:\/\/vincentians.com\/es\/#\/schema\/person\/image\/","url":"https:\/\/secure.gravatar.com\/avatar\/34137ec2e2b8939cbbed975731e71f3f4f1defc7266ded337a5ce0f925426877?s=96&d=mm&r=g","contentUrl":"https:\/\/secure.gravatar.com\/avatar\/34137ec2e2b8939cbbed975731e71f3f4f1defc7266ded337a5ce0f925426877?s=96&d=mm&r=g","caption":"Mitxel Olabu\u00e9naga"},"url":"https:\/\/vincentians.com\/es\/author\/mitxel\/"}]}},"jetpack_publicize_connections":[],"jetpack_featured_media_url":"https:\/\/i0.wp.com\/vincentians.com\/es\/wp-content\/uploads\/sites\/11\/2016\/07\/bio-cm.jpg?fit=1200%2C630&ssl=1","jetpack_sharing_enabled":true,"jetpack_shortlink":"https:\/\/wp.me\/p7ETMF-4tZ","jetpack-related-posts":[{"id":116847,"url":"https:\/\/vincentians.com\/es\/retablo-del-p-ramon-arana\/","url_meta":{"origin":17235,"position":0},"title":"Retablo del P. Ram\u00f3n Arana (1)","author":"Mitxel Olabu\u00e9naga","date":"08\/01\/2013","format":false,"excerpt":"CAMPA\u00d1A 1878 a 1879 Al parecer, hab\u00eda cierto empe\u00f1o el que el Padre Arana predicara los sermones. En realidad, los hab\u00eda predicado en los \u00faltimos pueblos de la campa\u00f1a anterior y es posible que los estuviera preparando durante las vacaciones. El Padre Sainz, hombre famoso y de rompe y rasga,\u2026","rel":"","context":"En \u00abHistoria de la Congregaci\u00f3n de la Misi\u00f3n en Espa\u00f1a\u00bb","block_context":{"text":"Historia de la Congregaci\u00f3n de la Misi\u00f3n en Espa\u00f1a","link":"https:\/\/vincentians.com\/es\/category\/historia-de-la-familia-vicenciana\/historia-de-la-congregacion-de-la-mision-en-espana\/"},"img":{"alt_text":"","src":"","width":0,"height":0},"classes":[]},{"id":131113,"url":"https:\/\/vincentians.com\/es\/parroquia-de-elche-los-tres-primeros-anos-de-la-fundacion-1944-1946-ii\/","url_meta":{"origin":17235,"position":1},"title":"Parroquia de Elche Los tres primeros a\u00f1os de la fundaci\u00f3n (1944-1946) (II)","author":"Mitxel Olabu\u00e9naga","date":"18\/08\/2014","format":false,"excerpt":"No s\u00e9 si lo hasta aqu\u00ed escrito, referente a la Parroquia se puede llamar labor material; los resultados formales que no se pueden palpar hasta unos a\u00f1os despu\u00e9s, hoy se manifiestan: a) Por la voz com\u00fan de aquellos que conoc\u00edan el estado calamitoso, el ambiente hostil, la irrespetuosidad a lo\u2026","rel":"","context":"En \u00abHistoria de la Congregaci\u00f3n de la Misi\u00f3n en Espa\u00f1a\u00bb","block_context":{"text":"Historia de la Congregaci\u00f3n de la Misi\u00f3n en Espa\u00f1a","link":"https:\/\/vincentians.com\/es\/category\/historia-de-la-familia-vicenciana\/historia-de-la-congregacion-de-la-mision-en-espana\/"},"img":{"alt_text":"cruz_sv","src":"https:\/\/i0.wp.com\/vicencianos.org\/wp-content\/2011\/04\/cruz_sv1.jpg?resize=350%2C200","width":350,"height":200},"classes":[]},{"id":115574,"url":"https:\/\/vincentians.com\/es\/el-p-faustino-diez-fundador-de-los-milagros\/","url_meta":{"origin":17235,"position":2},"title":"El P. Faustino D\u00edez, fundador de Los Milagros","author":"Mitxel Olabu\u00e9naga","date":"27\/12\/2018","format":false,"excerpt":"En el archivo de la Congregaci\u00f3n de la Misi\u00f3n de la Casa Central de Madrid hemos podido examinar una obra de gran inter\u00e9s misionero y de interesante valor para la Historia cristiana de Galicia: el libro de las misiones del P. D\u00edez y compa\u00f1eros. Este libro manuscrito comprende la relaci\u00f3n\u2026","rel":"","context":"En \u00abHistoria de la Congregaci\u00f3n de la Misi\u00f3n\u00bb","block_context":{"text":"Historia de la Congregaci\u00f3n de la Misi\u00f3n","link":"https:\/\/vincentians.com\/es\/category\/historia-de-la-familia-vicenciana\/historia-de-la-congregacion-de-la-mision\/"},"img":{"alt_text":"","src":"https:\/\/i0.wp.com\/vincentians.com\/es\/wp-content\/uploads\/sites\/11\/2016\/09\/enviados-evangelizar-pobres.jpg?fit=1200%2C630&ssl=1&resize=350%2C200","width":350,"height":200,"srcset":"https:\/\/i0.wp.com\/vincentians.com\/es\/wp-content\/uploads\/sites\/11\/2016\/09\/enviados-evangelizar-pobres.jpg?fit=1200%2C630&ssl=1&resize=350%2C200 1x, https:\/\/i0.wp.com\/vincentians.com\/es\/wp-content\/uploads\/sites\/11\/2016\/09\/enviados-evangelizar-pobres.jpg?fit=1200%2C630&ssl=1&resize=525%2C300 1.5x, https:\/\/i0.wp.com\/vincentians.com\/es\/wp-content\/uploads\/sites\/11\/2016\/09\/enviados-evangelizar-pobres.jpg?fit=1200%2C630&ssl=1&resize=700%2C400 2x, https:\/\/i0.wp.com\/vincentians.com\/es\/wp-content\/uploads\/sites\/11\/2016\/09\/enviados-evangelizar-pobres.jpg?fit=1200%2C630&ssl=1&resize=1050%2C600 3x"},"classes":[]},{"id":118953,"url":"https:\/\/vincentians.com\/es\/historia-de-los-paules-en-cuba-capitulo-iv-c\/","url_meta":{"origin":17235,"position":3},"title":"Historia de los Pa\u00fales en Cuba (Cap\u00edtulo IV C)","author":"Mitxel Olabu\u00e9naga","date":"03\/01\/2022","format":false,"excerpt":"3. Fricciones de los Padres Pa\u00fales con el Obispo Manuel Santander Frutos. En el a\u00f1o 1886 el Obispo Ram\u00f3n Fern\u00e1ndez de Pi\u00e9rola se vio en la necesidad de partir para la Pen\u00ednsula por decisi\u00f3n del gobierno central. Fue sustituido por un nuevo prelado, el Dr. Manuel Santander y Frutos, quien\u2026","rel":"","context":"En \u00abHistoria de la Congregaci\u00f3n de la Misi\u00f3n\u00bb","block_context":{"text":"Historia de la Congregaci\u00f3n de la Misi\u00f3n","link":"https:\/\/vincentians.com\/es\/category\/historia-de-la-familia-vicenciana\/historia-de-la-congregacion-de-la-mision\/"},"img":{"alt_text":"","src":"https:\/\/i0.wp.com\/vincentians.com\/es\/wp-content\/uploads\/sites\/11\/2016\/10\/ranquines.jpg?fit=1200%2C630&ssl=1&resize=350%2C200","width":350,"height":200,"srcset":"https:\/\/i0.wp.com\/vincentians.com\/es\/wp-content\/uploads\/sites\/11\/2016\/10\/ranquines.jpg?fit=1200%2C630&ssl=1&resize=350%2C200 1x, https:\/\/i0.wp.com\/vincentians.com\/es\/wp-content\/uploads\/sites\/11\/2016\/10\/ranquines.jpg?fit=1200%2C630&ssl=1&resize=525%2C300 1.5x, https:\/\/i0.wp.com\/vincentians.com\/es\/wp-content\/uploads\/sites\/11\/2016\/10\/ranquines.jpg?fit=1200%2C630&ssl=1&resize=700%2C400 2x, https:\/\/i0.wp.com\/vincentians.com\/es\/wp-content\/uploads\/sites\/11\/2016\/10\/ranquines.jpg?fit=1200%2C630&ssl=1&resize=1050%2C600 3x"},"classes":[]},{"id":123811,"url":"https:\/\/vincentians.com\/es\/historia-de-los-paules-en-cuba-capitulo-ix-d\/","url_meta":{"origin":17235,"position":4},"title":"Historia de los PA\u00daLES en Cuba: Cap\u00edtulo IX (D)","author":"Mitxel Olabu\u00e9naga","date":"09\/10\/2022","format":false,"excerpt":"4. 1956. La Parroquia de la Milagrosa de Matanzas. Ya hemos le\u00eddo en p\u00e1rrafos anteriores que el Se\u00f1or Obispo hab\u00eda propuesto y dado permiso para construir una Iglesia y que la convertir\u00eda en Parroquia Ad nutun Santae Sedis (hasta que la Santa Sede lo cambie). Despu\u00e9s de las obras de\u2026","rel":"","context":"En \u00abHistoria de la Congregaci\u00f3n de la Misi\u00f3n\u00bb","block_context":{"text":"Historia de la Congregaci\u00f3n de la Misi\u00f3n","link":"https:\/\/vincentians.com\/es\/category\/historia-de-la-familia-vicenciana\/historia-de-la-congregacion-de-la-mision\/"},"img":{"alt_text":"","src":"https:\/\/i0.wp.com\/vincentians.com\/es\/wp-content\/uploads\/sites\/11\/2013\/04\/Entorno-de-San-Vicente-6-Berceau.jpg?fit=640%2C421&ssl=1&resize=350%2C200","width":350,"height":200,"srcset":"https:\/\/i0.wp.com\/vincentians.com\/es\/wp-content\/uploads\/sites\/11\/2013\/04\/Entorno-de-San-Vicente-6-Berceau.jpg?fit=640%2C421&ssl=1&resize=350%2C200 1x, https:\/\/i0.wp.com\/vincentians.com\/es\/wp-content\/uploads\/sites\/11\/2013\/04\/Entorno-de-San-Vicente-6-Berceau.jpg?fit=640%2C421&ssl=1&resize=525%2C300 1.5x"},"classes":[]},{"id":37770,"url":"https:\/\/vincentians.com\/es\/un-centenar-de-gitanos-recuerdan-hoy-en-barbastro-al-beato-el-pele\/","url_meta":{"origin":17235,"position":5},"title":"Un centenar de gitanos recuerdan hoy en Barbastro al beato \u00abEl Pel\u00e9\u00bb","author":"Francisco Javier Fern\u00e1ndez Chento","date":"07\/05\/2011","format":false,"excerpt":"Un centenar de gitanos procedentes de Espa\u00f1a, Francia y de otros pa\u00edses europeos, en menor n\u00famero, participan en la Peregrinaci\u00f3n Internacional a Barbastro, donde vivi\u00f3 Ceferino Jim\u00e9nez Malla \"El Pel\u00e9\" hasta que le fusilaron en las tapias del cementerio el 8 de agosto de 1936. Los actos se celebrar\u00e1n durante\u2026","rel":"","context":"En \u00abCeferino Jim\u00e9nez Malla\u00bb","block_context":{"text":"Ceferino Jim\u00e9nez Malla","link":"https:\/\/vincentians.com\/es\/category\/la-familia-vicenciana\/la-familia-vicenciana-en-los-altares\/beatos\/ceferino-jimenez-malla\/"},"img":{"alt_text":"","src":"https:\/\/i0.wp.com\/vicencianos.org\/wp-content\/2011\/05\/el_pele-225x300.jpg?resize=350%2C200","width":350,"height":200},"classes":[]}],"_links":{"self":[{"href":"https:\/\/vincentians.com\/es\/wp-json\/wp\/v2\/posts\/17235","targetHints":{"allow":["GET"]}}],"collection":[{"href":"https:\/\/vincentians.com\/es\/wp-json\/wp\/v2\/posts"}],"about":[{"href":"https:\/\/vincentians.com\/es\/wp-json\/wp\/v2\/types\/post"}],"author":[{"embeddable":true,"href":"https:\/\/vincentians.com\/es\/wp-json\/wp\/v2\/users\/5"}],"replies":[{"embeddable":true,"href":"https:\/\/vincentians.com\/es\/wp-json\/wp\/v2\/comments?post=17235"}],"version-history":[{"count":1,"href":"https:\/\/vincentians.com\/es\/wp-json\/wp\/v2\/posts\/17235\/revisions"}],"predecessor-version":[{"id":401843,"href":"https:\/\/vincentians.com\/es\/wp-json\/wp\/v2\/posts\/17235\/revisions\/401843"}],"wp:featuredmedia":[{"embeddable":true,"href":"https:\/\/vincentians.com\/es\/wp-json\/wp\/v2\/media\/391249"}],"wp:attachment":[{"href":"https:\/\/vincentians.com\/es\/wp-json\/wp\/v2\/media?parent=17235"}],"wp:term":[{"taxonomy":"category","embeddable":true,"href":"https:\/\/vincentians.com\/es\/wp-json\/wp\/v2\/categories?post=17235"},{"taxonomy":"post_tag","embeddable":true,"href":"https:\/\/vincentians.com\/es\/wp-json\/wp\/v2\/tags?post=17235"}],"curies":[{"name":"wp","href":"https:\/\/api.w.org\/{rel}","templated":true}]}}