{"id":17227,"date":"2018-06-18T03:39:14","date_gmt":"2018-06-18T01:39:14","guid":{"rendered":"http:\/\/somos.vicencianos.org\/blog\/2010\/04\/17\/el-padre-mariano-maller-capitulo-8\/"},"modified":"2018-06-05T09:03:24","modified_gmt":"2018-06-05T07:03:24","slug":"el-padre-mariano-maller-capitulo-8","status":"publish","type":"post","link":"https:\/\/vincentians.com\/es\/el-padre-mariano-maller-capitulo-8\/","title":{"rendered":"El Padre Mariano Maller. Cap\u00edtulo 8"},"content":{"rendered":"<h2><strong>Cap\u00edtulo VIII: <em>De c\u00f3mo los santos saben cantar la palinodia <\/em><\/strong><\/h2>\n<p>Es cosa chocante lo que le ocurri\u00f3 al P. Maller con San Antonio Mar\u00eda Claret y sus misioneros. El santo frecuent\u00f3 nuestra Casa de Leganitos siendo confesor de Isabel II y Arzobispo dimisionario de Santiago del Cuba. Ni el santo ni sus hijos fueron simp\u00e1ticos al P. Maller. Tropez\u00f3 con ellos en Barbastro, en Barcelona, en Or\u00e1n, en Chile y, acaso, en otras partes. A trav\u00e9s de sus cartas se refleja un fondo de celotipia, procedente, acaso, del amor que ten\u00eda a San Vicente y a la propia Congregaci\u00f3n, temeroso de que la incipiente Congregaci\u00f3n claretiana, que ten\u00eda los mismos fines misioneros que la de los Pa\u00fales y Reglas muy parecidas, pudiera disputarle el campo y el favor de los pueblos.<\/p>\n<p>Mas el mismo amor que ten\u00eda a la doctrina vicenciana le libr\u00f3 de este poco noble sentimiento, prevaleciendo en \u00e9l el \u00abutinam omnes prophetent et det eis Dominus spiritum suum\u00bb de Mois\u00e9s, de San Pablo y tambi\u00e9n de su Padre y Maestro, San Vicente de Pa\u00fal. La virtud termin\u00f3 por sobreponerse a la pasi\u00f3n. Esta lucha y esta victoria se reflejan en varios p\u00e1rrafos de su correspondencia.<\/p>\n<p><strong>En Barcelona<\/strong> el Obispo hab\u00eda confiado a los Claretianos los ejercicios al clero y las misiones, sin acordarse de los Pa\u00fales; el Padre Maller anota el hecho con cierto deje de amargura, nost\u00e1lgico de cuando la \u00abCasa santa y santificante\u00bb de Tallers o la de la Torre de la Santa Virreina eran el Centro de los ejercicios espirituales para el clero o de las misiones del Principado Catal\u00e1n. Y as\u00ed escribe: \u00abLos misioneros del se\u00f1or Claret han ofrecido al Obispo de Barcelona dos ternas, y nosotros no podemos darle una sola. El mismo ha anunciado que los ejercicios a ordenandos se har\u00edan en Casa de los de Claret, sin contar para nada con nosotros, y no lo extra\u00f1o. Somos all\u00ed pocos y mal avenidos. <em>\u00abHumiliemus capita nostra Deo<\/em>\u00ab. Sin embargo, el apuro tal vez no dure m\u00e1s que uno, dos o tres a\u00f1os, all\u00ed y en las dem\u00e1s Casas de la Provincia. H\u00e1gase la voluntad de Dios\u00bb. (Al P. Arn\u00e1iz, 28-VIII-76.)<\/p>\n<p><strong>Esta misma nostalgia le asalto en Barbastro en 1870 <\/strong>cuando, pasando la visita a las Hermanas, observ\u00f3 que los Claretianos hab\u00edan ocupado, el puesto que hab\u00edan dejado los Pa\u00fales al sobrevenir la exclaustraci\u00f3n de 1835 y recorr\u00edan misionando los mismos lugares que durante un siglo hab\u00edan \u00e9stos misionado.<\/p>\n<p>\u00abAqu\u00ed, en Barbastro \u2013escribe- hay misioneros del Coraz\u00f3n de Mar\u00eda (del P. Claret) que hacen misiones con mucho fruto, y Dios les recompensa con muchas vocaciones en abundancia. Me causa espanto su prosperidad, no por cierto, por envidia. \u00a1Dios me libre!, sino porque temo que sea castigo por la mala direcci\u00f3n que estoy dando a las casas; y, sin embargo, no s\u00e9 qu\u00e9 otra cosa podemos hacer que lo que estamos haciendo, excepto que quiz\u00e1 podr\u00edamos hacer algo m\u00e1s de lo que .hacemos.\u00bb (Al P. Arnaiz, en Elizondo, M-II-75.)<\/p>\n<p>En 1777 top\u00f3 con ellos en el Oranesado, donde sus trabajos eran muy estimados. Ocho a\u00f1os despu\u00e9s los encuentra de nuevo en Santiago de Chile y hace de ellos un bello elogio: \u00abAdem\u00e1s de. los nuestros -escrib\u00eda- el 16 de octubre de 1808- hay aqu\u00ed Capuchinos, Redentoristas, Picpucianos (o de los Sagrados Corazones de Jes\u00fas y de Mar\u00eda, de los que est\u00e1n en Miranda de Ebro), Jesuitas y los del P. Claret (Hijos del Coraz\u00f3n de Mar\u00eda). Estos \u00faltimos son todos espa\u00f1oles, muy fervorosos, dados casi exclusivamente a las misiones. En la Casa que tienen en la ciudad hay doce o catorce sacerdotes y algunos Hermanos legos\u00bb.<\/p>\n<p>En este momento tienen tres ternas de misioneros en campa\u00f1a y pueden enviar otra tema m\u00e1s. Son muy fervorosos y ejemplares y muy estimados del pueblo.\u00bb La alabanza es completa y generosa. Por estas fechas ya estaba de vuelta de un pensamiento que le remord\u00eda en lo \u00edntimo de su\u00a0 conciencia, y que tanto su humildad como su delicadeza de conciencia le empujaban a echarlo fuera. Cosa parecida la ocurri\u00f3 con su santo fundador San Antonio Mar\u00eda Claret.<\/p>\n<h3><strong>Tambi\u00e9n los santos pueden equivocarse<\/strong>.<\/h3>\n<p>Tambi\u00e9n los santos pueden tener sus apreciaciones equivocadas, pues no gozan del don de la infalibilidad; pero .cuando se equivocan, saben reconocerlo. Algo de esto le ocurri\u00f3 al P. Maller con respecto a la santidad del P. Claret. En la Comunidad se conservaba el recuerdo de este santo var\u00f3n y se comentaban sus virtudes y su extraordinario celo por la. salvaci\u00f3n de las almas.<\/p>\n<p>No eran pocos los que pensaban que seria elevado a los altares, opini\u00f3n que no compart\u00eda el P. Maller. No le hab\u00eda tratado con la intimidad de loe mas antiguos y acaso no lo conoc\u00eda a fondo, y le parec\u00eda que su santidad no era de las de tipo canonizable.<\/p>\n<p>En 1917 yo mismo o\u00ed decir a uno de nuestros m\u00e1s antiguos que el P. Maller aseguraba que el P. Claret no subir\u00eda a los altares. Cuando o\u00ed esto al P. Jes\u00fas Bernal cre\u00ed que eran cosas de leyenda o cuentos de viejo; mas revolviendo los papeles del P. Maller, con grande sorpresa m\u00eda y con no menor alegr\u00eda, me encontr\u00e9 con \u00e9ste delicioso p\u00e1rrafo de la carta que escribe al P. Valdivielso el 16 de octubre de 1885 desde Santiago de Chile, en que demuestra que<\/p>\n<h3><strong>\u00abTambi\u00e9n saben cantar lo palinodia<\/strong>.<\/h3>\n<p><em>Parece ser que el se\u00f1or Claret est\u00e1 haciendo prodigios; por lo cual no se tardar\u00e1 en introducir la causa de su beatificaci\u00f3n. En fin, todo sale bien para \u00e9l y sus humildes hijos, a quienes Dios bendice. Esto me obliga a retractarme, como lo hago, de lo que dije delante de usted, y me parece que tambi\u00e9n delante de algunos de esa casa, que me parec\u00eda (y entonces as\u00ed lo pensaba) que no llegar\u00eda a ser beatificado. <\/em><\/p>\n<p><em>En esta aserci\u00f3n confieso que fui temerario, y le pido perd\u00f3n a usted y a cuantos hubiere escandalizado con mi modo de hablar. Diga esto a los que acaso se hab\u00edan escandalizado, que no recuerdo qui\u00e9nes habr\u00e1n sido. Yo pienso que se acerca mi muerte y no quisiera comparecer ante el tribunal de Dios con esta carga en la conciencia.\u00bb <\/em><\/p>\n<h3><strong>\u00bfDon prof\u00e9tico? \u00bfintuici\u00f3n? \u00bfprovidencia?<\/strong><\/h3>\n<p>Hay otra tradici\u00f3n que yo o\u00ed contar en mis a\u00f1os mozos a viejos misioneros contempor\u00e1neos del P. Maller con tantas garant\u00edas de autenticidad como la anterior; s\u00f3lo que le falta el respaldo de los documentos. Eran aquellos tiempos de un rabioso anticlericalismo y de un gran predominio de la masoner\u00eda, en que las turbas, que sal\u00edan de ver la Electra de P\u00e9rez Gald\u00f3s, asaltaban los Conventos. Como nuestra Comunidad iba creciendo y se consolidaba en la gran Casa, que se alzaba sola y se\u00f1era en las afueras del barrio de Chamber\u00ed, en lo que era entonces Casa de los Cipreses, y hoy calle de Garc\u00eda de Paredes, era uno de loa puntos de mira en donde converg\u00edan las iras mas\u00f3nicas; lo que dio origen al proyecto de acabar de una vez con toda la Comunidad. Contrataron a un joven cocinero de un hotel, el cual, fingi\u00e9ndose llamado por Dios, pidi\u00f3 el ingreso en la Congregaci\u00f3n en calidad de Hermano Coadjutor. Como estaba ducho en el arte culinario le pusieron, como era de esperar, ayudante de cocina; circunstancia que, como provocada y esperada, aprovecho para llevar a cabo su criminal proyecto, echando un d\u00eda veneno a toda la comida que iba a servir a la Comunidad compuesta de varios centenares de Padres, estudiantes, novicios y hermanos. Ya todos estaban de pie, junto a sus platos, para dar la bendici\u00f3n de la mesa, que hab\u00eda de hacer el P. Maller, en calidad de Superior y Visitador. Terminada la bendici\u00f3n manda que nadie se mueva ni se siente a la mesa, y hace traer a un gato al que le pone unas cucharadas de sopa; quedando el pobre animal all\u00ed mismo muerto al poco rato de haberla comido, salv\u00e1ndose la Comunidad de una muerte segura, gracias a lo que con seguridad, podemos llamar inspiraci\u00f3n de Dios.<\/p>\n","protected":false},"excerpt":{"rendered":"<p>Cap\u00edtulo VIII: De c\u00f3mo los santos saben cantar la palinodia Es cosa chocante lo que le ocurri\u00f3 al P. Maller con San Antonio Mar\u00eda Claret y sus misioneros. El santo frecuent\u00f3 nuestra Casa de Leganitos &#8230; <a href=\"https:\/\/vincentians.com\/es\/el-padre-mariano-maller-capitulo-8\/\" class=\"more-link\">Read More<\/a><\/p>\n","protected":false},"author":5,"featured_media":391249,"comment_status":"open","ping_status":"open","sticky":false,"template":"","format":"standard","meta":{"jetpack_post_was_ever_published":false,"_jetpack_newsletter_access":"","_jetpack_dont_email_post_to_subs":false,"_jetpack_newsletter_tier_id":0,"_jetpack_memberships_contains_paywalled_content":false,"_jetpack_memberships_contains_paid_content":false,"footnotes":"","jetpack_publicize_message":"","jetpack_publicize_feature_enabled":true,"jetpack_social_post_already_shared":true,"jetpack_social_options":{"image_generator_settings":{"template":"highway","default_image_id":0,"font":"","enabled":false},"version":2}},"categories":[19],"tags":[],"class_list":["post-17227","post","type-post","status-publish","format-standard","has-post-thumbnail","hentry","category-biografias-de-misioneros-paules"],"yoast_head":"<!-- This site is optimized with the Yoast SEO plugin v26.3 - https:\/\/yoast.com\/wordpress\/plugins\/seo\/ -->\n<title>El Padre Mariano Maller. Cap\u00edtulo 8 - Somos Vicencianos<\/title>\n<meta name=\"robots\" content=\"index, follow, max-snippet:-1, max-image-preview:large, max-video-preview:-1\" \/>\n<link rel=\"canonical\" href=\"https:\/\/vincentians.com\/es\/el-padre-mariano-maller-capitulo-8\/\" \/>\n<meta property=\"og:locale\" content=\"es_ES\" \/>\n<meta property=\"og:type\" content=\"article\" \/>\n<meta property=\"og:title\" content=\"El Padre Mariano Maller. Cap\u00edtulo 8 - Somos Vicencianos\" \/>\n<meta property=\"og:description\" content=\"Cap\u00edtulo VIII: De c\u00f3mo los santos saben cantar la palinodia Es cosa chocante lo que le ocurri\u00f3 al P. Maller con San Antonio Mar\u00eda Claret y sus misioneros. El santo frecuent\u00f3 nuestra Casa de Leganitos ... Read More\" \/>\n<meta property=\"og:url\" content=\"https:\/\/vincentians.com\/es\/el-padre-mariano-maller-capitulo-8\/\" \/>\n<meta property=\"og:site_name\" content=\"Somos Vicencianos\" \/>\n<meta property=\"article:publisher\" content=\"https:\/\/www.facebook.com\/WeAreVincentians\/\" \/>\n<meta property=\"article:published_time\" content=\"2018-06-18T01:39:14+00:00\" \/>\n<meta property=\"og:image\" content=\"https:\/\/i0.wp.com\/vincentians.com\/es\/wp-content\/uploads\/sites\/11\/2016\/07\/bio-cm.jpg?fit=1200%2C630&ssl=1\" \/>\n\t<meta property=\"og:image:width\" content=\"1200\" \/>\n\t<meta property=\"og:image:height\" content=\"630\" \/>\n\t<meta property=\"og:image:type\" content=\"image\/jpeg\" \/>\n<meta name=\"author\" content=\"Mitxel Olabu\u00e9naga\" \/>\n<meta name=\"twitter:card\" content=\"summary_large_image\" \/>\n<meta name=\"twitter:creator\" content=\"@WeVincentians\" \/>\n<meta name=\"twitter:site\" content=\"@WeVincentians\" \/>\n<meta name=\"twitter:label1\" content=\"Escrito por\" \/>\n\t<meta name=\"twitter:data1\" content=\"Mitxel Olabu\u00e9naga\" \/>\n\t<meta name=\"twitter:label2\" content=\"Tiempo de lectura\" \/>\n\t<meta name=\"twitter:data2\" content=\"7 minutos\" \/>\n<script type=\"application\/ld+json\" class=\"yoast-schema-graph\">{\"@context\":\"https:\/\/schema.org\",\"@graph\":[{\"@type\":\"Article\",\"@id\":\"https:\/\/vincentians.com\/es\/el-padre-mariano-maller-capitulo-8\/#article\",\"isPartOf\":{\"@id\":\"https:\/\/vincentians.com\/es\/el-padre-mariano-maller-capitulo-8\/\"},\"author\":{\"name\":\"Mitxel Olabu\u00e9naga\",\"@id\":\"https:\/\/vincentians.com\/es\/#\/schema\/person\/7c2670b4445a7ca9d164ea6acdb31859\"},\"headline\":\"El Padre Mariano Maller. Cap\u00edtulo 8\",\"datePublished\":\"2018-06-18T01:39:14+00:00\",\"mainEntityOfPage\":{\"@id\":\"https:\/\/vincentians.com\/es\/el-padre-mariano-maller-capitulo-8\/\"},\"wordCount\":1438,\"commentCount\":0,\"publisher\":{\"@id\":\"https:\/\/vincentians.com\/es\/#organization\"},\"image\":{\"@id\":\"https:\/\/vincentians.com\/es\/el-padre-mariano-maller-capitulo-8\/#primaryimage\"},\"thumbnailUrl\":\"https:\/\/i0.wp.com\/vincentians.com\/es\/wp-content\/uploads\/sites\/11\/2016\/07\/bio-cm.jpg?fit=1200%2C630&ssl=1\",\"articleSection\":[\"Biograf\u00edas de Misioneros Pa\u00fales\"],\"inLanguage\":\"es\",\"potentialAction\":[{\"@type\":\"CommentAction\",\"name\":\"Comment\",\"target\":[\"https:\/\/vincentians.com\/es\/el-padre-mariano-maller-capitulo-8\/#respond\"]}]},{\"@type\":\"WebPage\",\"@id\":\"https:\/\/vincentians.com\/es\/el-padre-mariano-maller-capitulo-8\/\",\"url\":\"https:\/\/vincentians.com\/es\/el-padre-mariano-maller-capitulo-8\/\",\"name\":\"El Padre Mariano Maller. Cap\u00edtulo 8 - Somos Vicencianos\",\"isPartOf\":{\"@id\":\"https:\/\/vincentians.com\/es\/#website\"},\"primaryImageOfPage\":{\"@id\":\"https:\/\/vincentians.com\/es\/el-padre-mariano-maller-capitulo-8\/#primaryimage\"},\"image\":{\"@id\":\"https:\/\/vincentians.com\/es\/el-padre-mariano-maller-capitulo-8\/#primaryimage\"},\"thumbnailUrl\":\"https:\/\/i0.wp.com\/vincentians.com\/es\/wp-content\/uploads\/sites\/11\/2016\/07\/bio-cm.jpg?fit=1200%2C630&ssl=1\",\"datePublished\":\"2018-06-18T01:39:14+00:00\",\"breadcrumb\":{\"@id\":\"https:\/\/vincentians.com\/es\/el-padre-mariano-maller-capitulo-8\/#breadcrumb\"},\"inLanguage\":\"es\",\"potentialAction\":[{\"@type\":\"ReadAction\",\"target\":[\"https:\/\/vincentians.com\/es\/el-padre-mariano-maller-capitulo-8\/\"]}]},{\"@type\":\"ImageObject\",\"inLanguage\":\"es\",\"@id\":\"https:\/\/vincentians.com\/es\/el-padre-mariano-maller-capitulo-8\/#primaryimage\",\"url\":\"https:\/\/i0.wp.com\/vincentians.com\/es\/wp-content\/uploads\/sites\/11\/2016\/07\/bio-cm.jpg?fit=1200%2C630&ssl=1\",\"contentUrl\":\"https:\/\/i0.wp.com\/vincentians.com\/es\/wp-content\/uploads\/sites\/11\/2016\/07\/bio-cm.jpg?fit=1200%2C630&ssl=1\",\"width\":1200,\"height\":630},{\"@type\":\"BreadcrumbList\",\"@id\":\"https:\/\/vincentians.com\/es\/el-padre-mariano-maller-capitulo-8\/#breadcrumb\",\"itemListElement\":[{\"@type\":\"ListItem\",\"position\":1,\"name\":\"Portada\",\"item\":\"https:\/\/vincentians.com\/es\/\"},{\"@type\":\"ListItem\",\"position\":2,\"name\":\"El Padre Mariano Maller. Cap\u00edtulo 8\"}]},{\"@type\":\"WebSite\",\"@id\":\"https:\/\/vincentians.com\/es\/#website\",\"url\":\"https:\/\/vincentians.com\/es\/\",\"name\":\"Somos Vicencianos\",\"description\":\"Know more to serve more\",\"publisher\":{\"@id\":\"https:\/\/vincentians.com\/es\/#organization\"},\"potentialAction\":[{\"@type\":\"SearchAction\",\"target\":{\"@type\":\"EntryPoint\",\"urlTemplate\":\"https:\/\/vincentians.com\/es\/?s={search_term_string}\"},\"query-input\":{\"@type\":\"PropertyValueSpecification\",\"valueRequired\":true,\"valueName\":\"search_term_string\"}}],\"inLanguage\":\"es\"},{\"@type\":\"Organization\",\"@id\":\"https:\/\/vincentians.com\/es\/#organization\",\"name\":\"The Vincentian Network\",\"url\":\"https:\/\/vincentians.com\/es\/\",\"logo\":{\"@type\":\"ImageObject\",\"inLanguage\":\"es\",\"@id\":\"https:\/\/vincentians.com\/es\/#\/schema\/logo\/image\/\",\"url\":\"https:\/\/i1.wp.com\/vincentians.com\/es\/wp-content\/uploads\/sites\/11\/2016\/06\/Vincentian-Network-logo-big.png?fit=778%2C778\",\"contentUrl\":\"https:\/\/i1.wp.com\/vincentians.com\/es\/wp-content\/uploads\/sites\/11\/2016\/06\/Vincentian-Network-logo-big.png?fit=778%2C778\",\"width\":778,\"height\":778,\"caption\":\"The Vincentian Network\"},\"image\":{\"@id\":\"https:\/\/vincentians.com\/es\/#\/schema\/logo\/image\/\"},\"sameAs\":[\"https:\/\/www.facebook.com\/WeAreVincentians\/\",\"https:\/\/x.com\/WeVincentians\"]},{\"@type\":\"Person\",\"@id\":\"https:\/\/vincentians.com\/es\/#\/schema\/person\/7c2670b4445a7ca9d164ea6acdb31859\",\"name\":\"Mitxel Olabu\u00e9naga\",\"image\":{\"@type\":\"ImageObject\",\"inLanguage\":\"es\",\"@id\":\"https:\/\/vincentians.com\/es\/#\/schema\/person\/image\/\",\"url\":\"https:\/\/secure.gravatar.com\/avatar\/34137ec2e2b8939cbbed975731e71f3f4f1defc7266ded337a5ce0f925426877?s=96&d=mm&r=g\",\"contentUrl\":\"https:\/\/secure.gravatar.com\/avatar\/34137ec2e2b8939cbbed975731e71f3f4f1defc7266ded337a5ce0f925426877?s=96&d=mm&r=g\",\"caption\":\"Mitxel Olabu\u00e9naga\"},\"url\":\"https:\/\/vincentians.com\/es\/author\/mitxel\/\"}]}<\/script>\n<!-- \/ Yoast SEO plugin. -->","yoast_head_json":{"title":"El Padre Mariano Maller. Cap\u00edtulo 8 - Somos Vicencianos","robots":{"index":"index","follow":"follow","max-snippet":"max-snippet:-1","max-image-preview":"max-image-preview:large","max-video-preview":"max-video-preview:-1"},"canonical":"https:\/\/vincentians.com\/es\/el-padre-mariano-maller-capitulo-8\/","og_locale":"es_ES","og_type":"article","og_title":"El Padre Mariano Maller. Cap\u00edtulo 8 - Somos Vicencianos","og_description":"Cap\u00edtulo VIII: De c\u00f3mo los santos saben cantar la palinodia Es cosa chocante lo que le ocurri\u00f3 al P. Maller con San Antonio Mar\u00eda Claret y sus misioneros. El santo frecuent\u00f3 nuestra Casa de Leganitos ... Read More","og_url":"https:\/\/vincentians.com\/es\/el-padre-mariano-maller-capitulo-8\/","og_site_name":"Somos Vicencianos","article_publisher":"https:\/\/www.facebook.com\/WeAreVincentians\/","article_published_time":"2018-06-18T01:39:14+00:00","og_image":[{"width":1200,"height":630,"url":"https:\/\/i0.wp.com\/vincentians.com\/es\/wp-content\/uploads\/sites\/11\/2016\/07\/bio-cm.jpg?fit=1200%2C630&ssl=1","type":"image\/jpeg"}],"author":"Mitxel Olabu\u00e9naga","twitter_card":"summary_large_image","twitter_creator":"@WeVincentians","twitter_site":"@WeVincentians","twitter_misc":{"Escrito por":"Mitxel Olabu\u00e9naga","Tiempo de lectura":"7 minutos"},"schema":{"@context":"https:\/\/schema.org","@graph":[{"@type":"Article","@id":"https:\/\/vincentians.com\/es\/el-padre-mariano-maller-capitulo-8\/#article","isPartOf":{"@id":"https:\/\/vincentians.com\/es\/el-padre-mariano-maller-capitulo-8\/"},"author":{"name":"Mitxel Olabu\u00e9naga","@id":"https:\/\/vincentians.com\/es\/#\/schema\/person\/7c2670b4445a7ca9d164ea6acdb31859"},"headline":"El Padre Mariano Maller. Cap\u00edtulo 8","datePublished":"2018-06-18T01:39:14+00:00","mainEntityOfPage":{"@id":"https:\/\/vincentians.com\/es\/el-padre-mariano-maller-capitulo-8\/"},"wordCount":1438,"commentCount":0,"publisher":{"@id":"https:\/\/vincentians.com\/es\/#organization"},"image":{"@id":"https:\/\/vincentians.com\/es\/el-padre-mariano-maller-capitulo-8\/#primaryimage"},"thumbnailUrl":"https:\/\/i0.wp.com\/vincentians.com\/es\/wp-content\/uploads\/sites\/11\/2016\/07\/bio-cm.jpg?fit=1200%2C630&ssl=1","articleSection":["Biograf\u00edas de Misioneros Pa\u00fales"],"inLanguage":"es","potentialAction":[{"@type":"CommentAction","name":"Comment","target":["https:\/\/vincentians.com\/es\/el-padre-mariano-maller-capitulo-8\/#respond"]}]},{"@type":"WebPage","@id":"https:\/\/vincentians.com\/es\/el-padre-mariano-maller-capitulo-8\/","url":"https:\/\/vincentians.com\/es\/el-padre-mariano-maller-capitulo-8\/","name":"El Padre Mariano Maller. Cap\u00edtulo 8 - Somos Vicencianos","isPartOf":{"@id":"https:\/\/vincentians.com\/es\/#website"},"primaryImageOfPage":{"@id":"https:\/\/vincentians.com\/es\/el-padre-mariano-maller-capitulo-8\/#primaryimage"},"image":{"@id":"https:\/\/vincentians.com\/es\/el-padre-mariano-maller-capitulo-8\/#primaryimage"},"thumbnailUrl":"https:\/\/i0.wp.com\/vincentians.com\/es\/wp-content\/uploads\/sites\/11\/2016\/07\/bio-cm.jpg?fit=1200%2C630&ssl=1","datePublished":"2018-06-18T01:39:14+00:00","breadcrumb":{"@id":"https:\/\/vincentians.com\/es\/el-padre-mariano-maller-capitulo-8\/#breadcrumb"},"inLanguage":"es","potentialAction":[{"@type":"ReadAction","target":["https:\/\/vincentians.com\/es\/el-padre-mariano-maller-capitulo-8\/"]}]},{"@type":"ImageObject","inLanguage":"es","@id":"https:\/\/vincentians.com\/es\/el-padre-mariano-maller-capitulo-8\/#primaryimage","url":"https:\/\/i0.wp.com\/vincentians.com\/es\/wp-content\/uploads\/sites\/11\/2016\/07\/bio-cm.jpg?fit=1200%2C630&ssl=1","contentUrl":"https:\/\/i0.wp.com\/vincentians.com\/es\/wp-content\/uploads\/sites\/11\/2016\/07\/bio-cm.jpg?fit=1200%2C630&ssl=1","width":1200,"height":630},{"@type":"BreadcrumbList","@id":"https:\/\/vincentians.com\/es\/el-padre-mariano-maller-capitulo-8\/#breadcrumb","itemListElement":[{"@type":"ListItem","position":1,"name":"Portada","item":"https:\/\/vincentians.com\/es\/"},{"@type":"ListItem","position":2,"name":"El Padre Mariano Maller. Cap\u00edtulo 8"}]},{"@type":"WebSite","@id":"https:\/\/vincentians.com\/es\/#website","url":"https:\/\/vincentians.com\/es\/","name":"Somos Vicencianos","description":"Know more to serve more","publisher":{"@id":"https:\/\/vincentians.com\/es\/#organization"},"potentialAction":[{"@type":"SearchAction","target":{"@type":"EntryPoint","urlTemplate":"https:\/\/vincentians.com\/es\/?s={search_term_string}"},"query-input":{"@type":"PropertyValueSpecification","valueRequired":true,"valueName":"search_term_string"}}],"inLanguage":"es"},{"@type":"Organization","@id":"https:\/\/vincentians.com\/es\/#organization","name":"The Vincentian Network","url":"https:\/\/vincentians.com\/es\/","logo":{"@type":"ImageObject","inLanguage":"es","@id":"https:\/\/vincentians.com\/es\/#\/schema\/logo\/image\/","url":"https:\/\/i1.wp.com\/vincentians.com\/es\/wp-content\/uploads\/sites\/11\/2016\/06\/Vincentian-Network-logo-big.png?fit=778%2C778","contentUrl":"https:\/\/i1.wp.com\/vincentians.com\/es\/wp-content\/uploads\/sites\/11\/2016\/06\/Vincentian-Network-logo-big.png?fit=778%2C778","width":778,"height":778,"caption":"The Vincentian Network"},"image":{"@id":"https:\/\/vincentians.com\/es\/#\/schema\/logo\/image\/"},"sameAs":["https:\/\/www.facebook.com\/WeAreVincentians\/","https:\/\/x.com\/WeVincentians"]},{"@type":"Person","@id":"https:\/\/vincentians.com\/es\/#\/schema\/person\/7c2670b4445a7ca9d164ea6acdb31859","name":"Mitxel Olabu\u00e9naga","image":{"@type":"ImageObject","inLanguage":"es","@id":"https:\/\/vincentians.com\/es\/#\/schema\/person\/image\/","url":"https:\/\/secure.gravatar.com\/avatar\/34137ec2e2b8939cbbed975731e71f3f4f1defc7266ded337a5ce0f925426877?s=96&d=mm&r=g","contentUrl":"https:\/\/secure.gravatar.com\/avatar\/34137ec2e2b8939cbbed975731e71f3f4f1defc7266ded337a5ce0f925426877?s=96&d=mm&r=g","caption":"Mitxel Olabu\u00e9naga"},"url":"https:\/\/vincentians.com\/es\/author\/mitxel\/"}]}},"jetpack_publicize_connections":[],"jetpack_featured_media_url":"https:\/\/i0.wp.com\/vincentians.com\/es\/wp-content\/uploads\/sites\/11\/2016\/07\/bio-cm.jpg?fit=1200%2C630&ssl=1","jetpack_sharing_enabled":true,"jetpack_shortlink":"https:\/\/wp.me\/p7ETMF-4tR","jetpack-related-posts":[{"id":130903,"url":"https:\/\/vincentians.com\/es\/joaquin-mariano-maller\/","url_meta":{"origin":17227,"position":0},"title":"Joaqu\u00edn Mariano Maller","author":"Mitxel Olabu\u00e9naga","date":"22\/07\/2014","format":false,"excerpt":"Acerca de este Misionero, uno de los miembros m\u00e1s ilustres que ha tenido la Congregaci\u00f3n y quiz\u00e1 a quien m\u00e1s deben las familias de S. Vicente en Espa\u00f1a, estamos reuniendo materiales para escribir por extenso su biograf\u00eda, y por eso aqu\u00ed no insertamos m\u00e1s que unas cuantas notas. Naci\u00f3 en\u2026","rel":"","context":"En \u00abBiograf\u00edas de Misioneros Pa\u00fales\u00bb","block_context":{"text":"Biograf\u00edas de Misioneros Pa\u00fales","link":"https:\/\/vincentians.com\/es\/category\/la-familia-vicenciana\/biografias-vicencianas\/biografias-de-misioneros-paules\/"},"img":{"alt_text":"","src":"https:\/\/i0.wp.com\/vincentians.com\/es\/wp-content\/uploads\/sites\/11\/2016\/07\/bio-cm.jpg?fit=1200%2C630&ssl=1&resize=350%2C200","width":350,"height":200,"srcset":"https:\/\/i0.wp.com\/vincentians.com\/es\/wp-content\/uploads\/sites\/11\/2016\/07\/bio-cm.jpg?fit=1200%2C630&ssl=1&resize=350%2C200 1x, https:\/\/i0.wp.com\/vincentians.com\/es\/wp-content\/uploads\/sites\/11\/2016\/07\/bio-cm.jpg?fit=1200%2C630&ssl=1&resize=525%2C300 1.5x, https:\/\/i0.wp.com\/vincentians.com\/es\/wp-content\/uploads\/sites\/11\/2016\/07\/bio-cm.jpg?fit=1200%2C630&ssl=1&resize=700%2C400 2x, https:\/\/i0.wp.com\/vincentians.com\/es\/wp-content\/uploads\/sites\/11\/2016\/07\/bio-cm.jpg?fit=1200%2C630&ssl=1&resize=1050%2C600 3x"},"classes":[]},{"id":130852,"url":"https:\/\/vincentians.com\/es\/resumen-historico-de-la-congregacion-de-la-mision-en-espana\/","url_meta":{"origin":17227,"position":1},"title":"Resumen hist\u00f3rico de la Congregaci\u00f3n de la Misi\u00f3n en Espa\u00f1a","author":"Mitxel Olabu\u00e9naga","date":"09\/07\/2014","format":false,"excerpt":"Resumen hist\u00f3rico de la Congregaci\u00f3n de la Misi\u00f3n en Espa\u00f1a. Su introducci\u00f3n y propagaci\u00f3n. Sus pruebas, paz y prosperidad. Su divisi\u00f3n en dos provincias. Es la Congregaci\u00f3n de la Misi\u00f3n, seg\u00fan la expresi\u00f3n del Papa Urbano VIII, un Instituto acept\u00edsimo a Dios, utilisimo a los hombres y absolutamente necesario. As\u00ed\u2026","rel":"","context":"En \u00abHistoria de la Congregaci\u00f3n de la Misi\u00f3n en Espa\u00f1a\u00bb","block_context":{"text":"Historia de la Congregaci\u00f3n de la Misi\u00f3n en Espa\u00f1a","link":"https:\/\/vincentians.com\/es\/category\/historia-de-la-familia-vicenciana\/historia-de-la-congregacion-de-la-mision-en-espana\/"},"img":{"alt_text":"cruz_sv","src":"https:\/\/i0.wp.com\/vicencianos.org\/wp-content\/2011\/04\/cruz_sv1.jpg?resize=350%2C200","width":350,"height":200},"classes":[]},{"id":130642,"url":"https:\/\/vincentians.com\/es\/p-joaquin-alabau\/","url_meta":{"origin":17227,"position":2},"title":"P. Joaqu\u00edn Alabau","author":"Mitxel Olabu\u00e9naga","date":"14\/06\/2014","format":false,"excerpt":"Fu\u00e9 bautizado en la parroquia de Nuestra Se\u00f1ora del Pino en Barcelona el 28 de abril de 1812, el mismo d\u00eda de su nacimiento, y admitido en la Congregaci\u00f3n, en la casa de su ciudad natal, el 15 de noviembre de 1831. Lleg\u00f3 a Madrid, siendo todav\u00eda novicio, el 16\u2026","rel":"","context":"En \u00abBiograf\u00edas de Misioneros Pa\u00fales\u00bb","block_context":{"text":"Biograf\u00edas de Misioneros Pa\u00fales","link":"https:\/\/vincentians.com\/es\/category\/la-familia-vicenciana\/biografias-vicencianas\/biografias-de-misioneros-paules\/"},"img":{"alt_text":"","src":"https:\/\/i0.wp.com\/vincentians.com\/es\/wp-content\/uploads\/sites\/11\/2016\/07\/bio-cm.jpg?fit=1200%2C630&ssl=1&resize=350%2C200","width":350,"height":200,"srcset":"https:\/\/i0.wp.com\/vincentians.com\/es\/wp-content\/uploads\/sites\/11\/2016\/07\/bio-cm.jpg?fit=1200%2C630&ssl=1&resize=350%2C200 1x, https:\/\/i0.wp.com\/vincentians.com\/es\/wp-content\/uploads\/sites\/11\/2016\/07\/bio-cm.jpg?fit=1200%2C630&ssl=1&resize=525%2C300 1.5x, https:\/\/i0.wp.com\/vincentians.com\/es\/wp-content\/uploads\/sites\/11\/2016\/07\/bio-cm.jpg?fit=1200%2C630&ssl=1&resize=700%2C400 2x, https:\/\/i0.wp.com\/vincentians.com\/es\/wp-content\/uploads\/sites\/11\/2016\/07\/bio-cm.jpg?fit=1200%2C630&ssl=1&resize=1050%2C600 3x"},"classes":[]},{"id":124438,"url":"https:\/\/vincentians.com\/es\/historia-de-los-paules-en-cuba-capitulo-xii-a\/","url_meta":{"origin":17227,"position":3},"title":"Historia de los PA\u00daLES en Cuba (CAP\u00cdTULO XII A)","author":"Mitxel Olabu\u00e9naga","date":"09\/05\/2023","format":false,"excerpt":"1. El \u00e9xodo de los Misioneros. Comienzan los a\u00f1os dif\u00edciles. Despu\u00e9s del \u00e9xodo obligatorio de agosto-septiembre de 1961, los Padres de la Congregaci\u00f3n de la Misi\u00f3n quedaron aturdidos y confusos, como toda la Iglesia Cat\u00f3lica en Cuba. No era para menos. El trabajo realizado con gran dedicaci\u00f3n durante muchos a\u00f1os,\u2026","rel":"","context":"En \u00abHistoria de la Congregaci\u00f3n de la Misi\u00f3n\u00bb","block_context":{"text":"Historia de la Congregaci\u00f3n de la Misi\u00f3n","link":"https:\/\/vincentians.com\/es\/category\/historia-de-la-familia-vicenciana\/historia-de-la-congregacion-de-la-mision\/"},"img":{"alt_text":"","src":"https:\/\/i0.wp.com\/vincentians.com\/es\/wp-content\/uploads\/sites\/11\/2013\/05\/Cuba-Iglesia-de-La-Milagrosa-La-Habana.png?fit=1200%2C919&ssl=1&resize=350%2C200","width":350,"height":200,"srcset":"https:\/\/i0.wp.com\/vincentians.com\/es\/wp-content\/uploads\/sites\/11\/2013\/05\/Cuba-Iglesia-de-La-Milagrosa-La-Habana.png?fit=1200%2C919&ssl=1&resize=350%2C200 1x, https:\/\/i0.wp.com\/vincentians.com\/es\/wp-content\/uploads\/sites\/11\/2013\/05\/Cuba-Iglesia-de-La-Milagrosa-La-Habana.png?fit=1200%2C919&ssl=1&resize=525%2C300 1.5x, https:\/\/i0.wp.com\/vincentians.com\/es\/wp-content\/uploads\/sites\/11\/2013\/05\/Cuba-Iglesia-de-La-Milagrosa-La-Habana.png?fit=1200%2C919&ssl=1&resize=700%2C400 2x, https:\/\/i0.wp.com\/vincentians.com\/es\/wp-content\/uploads\/sites\/11\/2013\/05\/Cuba-Iglesia-de-La-Milagrosa-La-Habana.png?fit=1200%2C919&ssl=1&resize=1050%2C600 3x"},"classes":[]},{"id":115574,"url":"https:\/\/vincentians.com\/es\/el-p-faustino-diez-fundador-de-los-milagros\/","url_meta":{"origin":17227,"position":4},"title":"El P. Faustino D\u00edez, fundador de Los Milagros","author":"Mitxel Olabu\u00e9naga","date":"27\/12\/2018","format":false,"excerpt":"En el archivo de la Congregaci\u00f3n de la Misi\u00f3n de la Casa Central de Madrid hemos podido examinar una obra de gran inter\u00e9s misionero y de interesante valor para la Historia cristiana de Galicia: el libro de las misiones del P. D\u00edez y compa\u00f1eros. Este libro manuscrito comprende la relaci\u00f3n\u2026","rel":"","context":"En \u00abHistoria de la Congregaci\u00f3n de la Misi\u00f3n\u00bb","block_context":{"text":"Historia de la Congregaci\u00f3n de la Misi\u00f3n","link":"https:\/\/vincentians.com\/es\/category\/historia-de-la-familia-vicenciana\/historia-de-la-congregacion-de-la-mision\/"},"img":{"alt_text":"","src":"https:\/\/i0.wp.com\/vincentians.com\/es\/wp-content\/uploads\/sites\/11\/2016\/09\/enviados-evangelizar-pobres.jpg?fit=1200%2C630&ssl=1&resize=350%2C200","width":350,"height":200,"srcset":"https:\/\/i0.wp.com\/vincentians.com\/es\/wp-content\/uploads\/sites\/11\/2016\/09\/enviados-evangelizar-pobres.jpg?fit=1200%2C630&ssl=1&resize=350%2C200 1x, https:\/\/i0.wp.com\/vincentians.com\/es\/wp-content\/uploads\/sites\/11\/2016\/09\/enviados-evangelizar-pobres.jpg?fit=1200%2C630&ssl=1&resize=525%2C300 1.5x, https:\/\/i0.wp.com\/vincentians.com\/es\/wp-content\/uploads\/sites\/11\/2016\/09\/enviados-evangelizar-pobres.jpg?fit=1200%2C630&ssl=1&resize=700%2C400 2x, https:\/\/i0.wp.com\/vincentians.com\/es\/wp-content\/uploads\/sites\/11\/2016\/09\/enviados-evangelizar-pobres.jpg?fit=1200%2C630&ssl=1&resize=1050%2C600 3x"},"classes":[]},{"id":128950,"url":"https:\/\/vincentians.com\/es\/antonio-airas-page\/","url_meta":{"origin":17227,"position":5},"title":"Antonio Airas Page","author":"Mitxel Olabu\u00e9naga","date":"25\/02\/2014","format":false,"excerpt":"El d\u00eda 2 de mayo, a las 2 de la ma\u00f1ana, el P. Antonio Airas Page nos dejaba, para entrar en la casa del Padre, tras una corta y fulminante enfermedad cancerosa, en la ciudad de Gij\u00f3n del Principado de Asturias. Hab\u00eda aceptado claramente su situaci\u00f3n y era consciente de\u2026","rel":"","context":"En \u00abBiograf\u00edas de Misioneros Pa\u00fales\u00bb","block_context":{"text":"Biograf\u00edas de Misioneros Pa\u00fales","link":"https:\/\/vincentians.com\/es\/category\/la-familia-vicenciana\/biografias-vicencianas\/biografias-de-misioneros-paules\/"},"img":{"alt_text":"","src":"https:\/\/i0.wp.com\/vincentians.com\/es\/wp-content\/uploads\/sites\/11\/2016\/07\/bio-cm.jpg?fit=1200%2C630&ssl=1&resize=350%2C200","width":350,"height":200,"srcset":"https:\/\/i0.wp.com\/vincentians.com\/es\/wp-content\/uploads\/sites\/11\/2016\/07\/bio-cm.jpg?fit=1200%2C630&ssl=1&resize=350%2C200 1x, https:\/\/i0.wp.com\/vincentians.com\/es\/wp-content\/uploads\/sites\/11\/2016\/07\/bio-cm.jpg?fit=1200%2C630&ssl=1&resize=525%2C300 1.5x, https:\/\/i0.wp.com\/vincentians.com\/es\/wp-content\/uploads\/sites\/11\/2016\/07\/bio-cm.jpg?fit=1200%2C630&ssl=1&resize=700%2C400 2x, https:\/\/i0.wp.com\/vincentians.com\/es\/wp-content\/uploads\/sites\/11\/2016\/07\/bio-cm.jpg?fit=1200%2C630&ssl=1&resize=1050%2C600 3x"},"classes":[]}],"_links":{"self":[{"href":"https:\/\/vincentians.com\/es\/wp-json\/wp\/v2\/posts\/17227","targetHints":{"allow":["GET"]}}],"collection":[{"href":"https:\/\/vincentians.com\/es\/wp-json\/wp\/v2\/posts"}],"about":[{"href":"https:\/\/vincentians.com\/es\/wp-json\/wp\/v2\/types\/post"}],"author":[{"embeddable":true,"href":"https:\/\/vincentians.com\/es\/wp-json\/wp\/v2\/users\/5"}],"replies":[{"embeddable":true,"href":"https:\/\/vincentians.com\/es\/wp-json\/wp\/v2\/comments?post=17227"}],"version-history":[{"count":1,"href":"https:\/\/vincentians.com\/es\/wp-json\/wp\/v2\/posts\/17227\/revisions"}],"predecessor-version":[{"id":401840,"href":"https:\/\/vincentians.com\/es\/wp-json\/wp\/v2\/posts\/17227\/revisions\/401840"}],"wp:featuredmedia":[{"embeddable":true,"href":"https:\/\/vincentians.com\/es\/wp-json\/wp\/v2\/media\/391249"}],"wp:attachment":[{"href":"https:\/\/vincentians.com\/es\/wp-json\/wp\/v2\/media?parent=17227"}],"wp:term":[{"taxonomy":"category","embeddable":true,"href":"https:\/\/vincentians.com\/es\/wp-json\/wp\/v2\/categories?post=17227"},{"taxonomy":"post_tag","embeddable":true,"href":"https:\/\/vincentians.com\/es\/wp-json\/wp\/v2\/tags?post=17227"}],"curies":[{"name":"wp","href":"https:\/\/api.w.org\/{rel}","templated":true}]}}