{"id":17218,"date":"2018-06-08T07:03:56","date_gmt":"2018-06-08T05:03:56","guid":{"rendered":"http:\/\/somos.vicencianos.org\/blog\/2010\/04\/13\/el-padre-mariano-maller-capitulo-4\/"},"modified":"2018-06-05T08:52:40","modified_gmt":"2018-06-05T06:52:40","slug":"el-padre-mariano-maller-capitulo-4","status":"publish","type":"post","link":"https:\/\/vincentians.com\/es\/el-padre-mariano-maller-capitulo-4\/","title":{"rendered":"El Padre Mariano Maller. Cap\u00edtulo 4"},"content":{"rendered":"<h2><strong>Cap\u00edtulo IV: <em>En el candelero de Par\u00eds <\/em><\/strong><\/h2>\n<p>El Colegio de Cara\u00e7a goz\u00f3 de gran prosperidad y cr\u00e9dito bajo su gobierno. En 1861 hab\u00eda en \u00e9l 200 alumnos y 32 seminaristas. Sin embargo, insist\u00eda ante el P. General que le exonerara de toda Superioridad. Este deseo, sin convertirse en obsesivo, lleg\u00f3 a convertirse en constante, \u00abNi la Superioridad es buena para m\u00ed ni yo soy bueno para la \u00abSuperioridad\u00bb, escrib\u00eda en 1861 al P. Etienne, y agregaba: \u00abS\u00f3lo le pido un rinc\u00f3n en cualquier casa, en esta Provincia o en otra. Le ruego que me escuche\u00bb.<\/p>\n<p>El P. Etienne, en efecto, le escuch\u00f3, cuando en este mismo a\u00f1o de 1861, elegido diputado por su Provincia, fue a Par\u00eds para la Asamblea General, en la que dio tantas muestras de prudencia, conocimiento de las cosas de la Compa\u00f1\u00eda y amor a todas sus funciones, que el \u00abrinc\u00f3n\u00bb que \u00e9l solicitaba se lo otorg\u00f3 el P. General en la misma Casa Madre, asoci\u00e1ndole al gobierno de la Compa\u00f1\u00eda con el t\u00edtulo de Secretario para las Provincias de habla espa\u00f1ola y de Am\u00e9rica. En sus cartas a los misioneros de estas Provincias pod\u00eda usar el \u00absello azul, propio del P. General, de suerte que autom\u00e1ticamente quedaban con ella exentas de la inspecci\u00f3n local\u00bb.<\/p>\n<h3><strong>C\u00f3mo se ven desde Par\u00eds las cosas de Espa\u00f1a. <\/strong><\/h3>\n<p>Por su contacto con estos pa\u00edses y por el conocimiento que tenia de sus respectivas lenguas, el P. Maller era el m\u00e1s indicado para servir de intermediario entre el P. General y los misioneros de estas dilatadas y lejanas provincias. De lo bien que cumpli\u00f3 este cometido da idea el hecho de que a\u00f1os m\u00e1s tarde, siendo Visitador de la Provincia de Espa\u00f1a, fuera elegido como Comisario extraordinario por los PP. Eugenio Bor\u00e9 y Antonio Fiat para visitar en su nombre a todas .aquellas Provincias y la mayor parte de ellas le pidieran de nuevo para que fuera su Visitador. Con quien m\u00e1s roce tuvo fue con Espa\u00f1a, que por aquella \u00e9poca atravesaba una situaci\u00f3n candente y peligrosa a causa del tocado y h\u00e1bito de las Hermanas espa\u00f1olas, bastante distinto del de las francesas, que desde Par\u00eds se iban extendiendo por todo el mundo, a medida que iban .plantando sus tiendas en todas las naciones de la tierra. En esta cuesti\u00f3n estuvo inmerso, y en calidad de actor destacado, el. P. Maller, durante m\u00e1s de veinte a\u00f1os, saliendo al cabo de ella m\u00e1s purificado y m\u00e1s de Dios.<\/p>\n<p>No quedar\u00eda completa su biograf\u00eda si no la toc\u00e1ramos, al menos en l\u00edneas generales, tarea harto espinosa y dif\u00edcil por lo complicada, vidriosa y cargada de suspicacias, circunstancias \u00e9stas que nos obligan a tener por \u00abtab\u00fa\u00bb esta cuesti\u00f3n y a tener que truncar este cap\u00edtulo, pasando por alto el superior influjo del P. Maller en el gobierno de las dos Familias de San Vicente en Espa\u00f1a, durante sus seis a\u00f1os de Par\u00eds, que no es forzoso saltar, para contemplarle llevando directamente el tim\u00f3n de los misioneros e Hijas de la Caridad durante el azaroso y no menos glorioso per\u00edodo que va desde 1866 a 1898.<\/p>\n","protected":false},"excerpt":{"rendered":"<p>Cap\u00edtulo IV: En el candelero de Par\u00eds El Colegio de Cara\u00e7a goz\u00f3 de gran prosperidad y cr\u00e9dito bajo su gobierno. En 1861 hab\u00eda en \u00e9l 200 alumnos y 32 seminaristas. Sin embargo, insist\u00eda ante el &#8230; <a href=\"https:\/\/vincentians.com\/es\/el-padre-mariano-maller-capitulo-4\/\" class=\"more-link\">Read More<\/a><\/p>\n","protected":false},"author":5,"featured_media":391249,"comment_status":"open","ping_status":"open","sticky":false,"template":"","format":"standard","meta":{"jetpack_post_was_ever_published":false,"_jetpack_newsletter_access":"","_jetpack_dont_email_post_to_subs":false,"_jetpack_newsletter_tier_id":0,"_jetpack_memberships_contains_paywalled_content":false,"_jetpack_memberships_contains_paid_content":false,"footnotes":"","jetpack_publicize_message":"","jetpack_publicize_feature_enabled":true,"jetpack_social_post_already_shared":true,"jetpack_social_options":{"image_generator_settings":{"template":"highway","default_image_id":0,"font":"","enabled":false},"version":2}},"categories":[19],"tags":[161],"class_list":["post-17218","post","type-post","status-publish","format-standard","has-post-thumbnail","hentry","category-biografias-de-misioneros-paules","tag-etienne"],"yoast_head":"<!-- This site is optimized with the Yoast SEO plugin v26.3 - https:\/\/yoast.com\/wordpress\/plugins\/seo\/ -->\n<title>El Padre Mariano Maller. Cap\u00edtulo 4 - Somos Vicencianos<\/title>\n<meta name=\"robots\" content=\"index, follow, max-snippet:-1, max-image-preview:large, max-video-preview:-1\" \/>\n<link rel=\"canonical\" href=\"https:\/\/vincentians.com\/es\/el-padre-mariano-maller-capitulo-4\/\" \/>\n<meta property=\"og:locale\" content=\"es_ES\" \/>\n<meta property=\"og:type\" content=\"article\" \/>\n<meta property=\"og:title\" content=\"El Padre Mariano Maller. Cap\u00edtulo 4 - Somos Vicencianos\" \/>\n<meta property=\"og:description\" content=\"Cap\u00edtulo IV: En el candelero de Par\u00eds El Colegio de Cara\u00e7a goz\u00f3 de gran prosperidad y cr\u00e9dito bajo su gobierno. En 1861 hab\u00eda en \u00e9l 200 alumnos y 32 seminaristas. Sin embargo, insist\u00eda ante el ... Read More\" \/>\n<meta property=\"og:url\" content=\"https:\/\/vincentians.com\/es\/el-padre-mariano-maller-capitulo-4\/\" \/>\n<meta property=\"og:site_name\" content=\"Somos Vicencianos\" \/>\n<meta property=\"article:publisher\" content=\"https:\/\/www.facebook.com\/WeAreVincentians\/\" \/>\n<meta property=\"article:published_time\" content=\"2018-06-08T05:03:56+00:00\" \/>\n<meta property=\"og:image\" content=\"https:\/\/i0.wp.com\/vincentians.com\/es\/wp-content\/uploads\/sites\/11\/2016\/07\/bio-cm.jpg?fit=1200%2C630&ssl=1\" \/>\n\t<meta property=\"og:image:width\" content=\"1200\" \/>\n\t<meta property=\"og:image:height\" content=\"630\" \/>\n\t<meta property=\"og:image:type\" content=\"image\/jpeg\" \/>\n<meta name=\"author\" content=\"Mitxel Olabu\u00e9naga\" \/>\n<meta name=\"twitter:card\" content=\"summary_large_image\" \/>\n<meta name=\"twitter:creator\" content=\"@WeVincentians\" \/>\n<meta name=\"twitter:site\" content=\"@WeVincentians\" \/>\n<meta name=\"twitter:label1\" content=\"Escrito por\" \/>\n\t<meta name=\"twitter:data1\" content=\"Mitxel Olabu\u00e9naga\" \/>\n\t<meta name=\"twitter:label2\" content=\"Tiempo de lectura\" \/>\n\t<meta name=\"twitter:data2\" content=\"3 minutos\" \/>\n<script type=\"application\/ld+json\" class=\"yoast-schema-graph\">{\"@context\":\"https:\/\/schema.org\",\"@graph\":[{\"@type\":\"Article\",\"@id\":\"https:\/\/vincentians.com\/es\/el-padre-mariano-maller-capitulo-4\/#article\",\"isPartOf\":{\"@id\":\"https:\/\/vincentians.com\/es\/el-padre-mariano-maller-capitulo-4\/\"},\"author\":{\"name\":\"Mitxel Olabu\u00e9naga\",\"@id\":\"https:\/\/vincentians.com\/es\/#\/schema\/person\/7c2670b4445a7ca9d164ea6acdb31859\"},\"headline\":\"El Padre Mariano Maller. Cap\u00edtulo 4\",\"datePublished\":\"2018-06-08T05:03:56+00:00\",\"mainEntityOfPage\":{\"@id\":\"https:\/\/vincentians.com\/es\/el-padre-mariano-maller-capitulo-4\/\"},\"wordCount\":562,\"commentCount\":0,\"publisher\":{\"@id\":\"https:\/\/vincentians.com\/es\/#organization\"},\"image\":{\"@id\":\"https:\/\/vincentians.com\/es\/el-padre-mariano-maller-capitulo-4\/#primaryimage\"},\"thumbnailUrl\":\"https:\/\/i0.wp.com\/vincentians.com\/es\/wp-content\/uploads\/sites\/11\/2016\/07\/bio-cm.jpg?fit=1200%2C630&ssl=1\",\"keywords\":[\"Etienne\"],\"articleSection\":[\"Biograf\u00edas de Misioneros Pa\u00fales\"],\"inLanguage\":\"es\",\"potentialAction\":[{\"@type\":\"CommentAction\",\"name\":\"Comment\",\"target\":[\"https:\/\/vincentians.com\/es\/el-padre-mariano-maller-capitulo-4\/#respond\"]}]},{\"@type\":\"WebPage\",\"@id\":\"https:\/\/vincentians.com\/es\/el-padre-mariano-maller-capitulo-4\/\",\"url\":\"https:\/\/vincentians.com\/es\/el-padre-mariano-maller-capitulo-4\/\",\"name\":\"El Padre Mariano Maller. Cap\u00edtulo 4 - Somos Vicencianos\",\"isPartOf\":{\"@id\":\"https:\/\/vincentians.com\/es\/#website\"},\"primaryImageOfPage\":{\"@id\":\"https:\/\/vincentians.com\/es\/el-padre-mariano-maller-capitulo-4\/#primaryimage\"},\"image\":{\"@id\":\"https:\/\/vincentians.com\/es\/el-padre-mariano-maller-capitulo-4\/#primaryimage\"},\"thumbnailUrl\":\"https:\/\/i0.wp.com\/vincentians.com\/es\/wp-content\/uploads\/sites\/11\/2016\/07\/bio-cm.jpg?fit=1200%2C630&ssl=1\",\"datePublished\":\"2018-06-08T05:03:56+00:00\",\"breadcrumb\":{\"@id\":\"https:\/\/vincentians.com\/es\/el-padre-mariano-maller-capitulo-4\/#breadcrumb\"},\"inLanguage\":\"es\",\"potentialAction\":[{\"@type\":\"ReadAction\",\"target\":[\"https:\/\/vincentians.com\/es\/el-padre-mariano-maller-capitulo-4\/\"]}]},{\"@type\":\"ImageObject\",\"inLanguage\":\"es\",\"@id\":\"https:\/\/vincentians.com\/es\/el-padre-mariano-maller-capitulo-4\/#primaryimage\",\"url\":\"https:\/\/i0.wp.com\/vincentians.com\/es\/wp-content\/uploads\/sites\/11\/2016\/07\/bio-cm.jpg?fit=1200%2C630&ssl=1\",\"contentUrl\":\"https:\/\/i0.wp.com\/vincentians.com\/es\/wp-content\/uploads\/sites\/11\/2016\/07\/bio-cm.jpg?fit=1200%2C630&ssl=1\",\"width\":1200,\"height\":630},{\"@type\":\"BreadcrumbList\",\"@id\":\"https:\/\/vincentians.com\/es\/el-padre-mariano-maller-capitulo-4\/#breadcrumb\",\"itemListElement\":[{\"@type\":\"ListItem\",\"position\":1,\"name\":\"Portada\",\"item\":\"https:\/\/vincentians.com\/es\/\"},{\"@type\":\"ListItem\",\"position\":2,\"name\":\"El Padre Mariano Maller. Cap\u00edtulo 4\"}]},{\"@type\":\"WebSite\",\"@id\":\"https:\/\/vincentians.com\/es\/#website\",\"url\":\"https:\/\/vincentians.com\/es\/\",\"name\":\"Somos Vicencianos\",\"description\":\"Know more to serve more\",\"publisher\":{\"@id\":\"https:\/\/vincentians.com\/es\/#organization\"},\"potentialAction\":[{\"@type\":\"SearchAction\",\"target\":{\"@type\":\"EntryPoint\",\"urlTemplate\":\"https:\/\/vincentians.com\/es\/?s={search_term_string}\"},\"query-input\":{\"@type\":\"PropertyValueSpecification\",\"valueRequired\":true,\"valueName\":\"search_term_string\"}}],\"inLanguage\":\"es\"},{\"@type\":\"Organization\",\"@id\":\"https:\/\/vincentians.com\/es\/#organization\",\"name\":\"The Vincentian Network\",\"url\":\"https:\/\/vincentians.com\/es\/\",\"logo\":{\"@type\":\"ImageObject\",\"inLanguage\":\"es\",\"@id\":\"https:\/\/vincentians.com\/es\/#\/schema\/logo\/image\/\",\"url\":\"https:\/\/i1.wp.com\/vincentians.com\/es\/wp-content\/uploads\/sites\/11\/2016\/06\/Vincentian-Network-logo-big.png?fit=778%2C778\",\"contentUrl\":\"https:\/\/i1.wp.com\/vincentians.com\/es\/wp-content\/uploads\/sites\/11\/2016\/06\/Vincentian-Network-logo-big.png?fit=778%2C778\",\"width\":778,\"height\":778,\"caption\":\"The Vincentian Network\"},\"image\":{\"@id\":\"https:\/\/vincentians.com\/es\/#\/schema\/logo\/image\/\"},\"sameAs\":[\"https:\/\/www.facebook.com\/WeAreVincentians\/\",\"https:\/\/x.com\/WeVincentians\"]},{\"@type\":\"Person\",\"@id\":\"https:\/\/vincentians.com\/es\/#\/schema\/person\/7c2670b4445a7ca9d164ea6acdb31859\",\"name\":\"Mitxel Olabu\u00e9naga\",\"image\":{\"@type\":\"ImageObject\",\"inLanguage\":\"es\",\"@id\":\"https:\/\/vincentians.com\/es\/#\/schema\/person\/image\/\",\"url\":\"https:\/\/secure.gravatar.com\/avatar\/34137ec2e2b8939cbbed975731e71f3f4f1defc7266ded337a5ce0f925426877?s=96&d=mm&r=g\",\"contentUrl\":\"https:\/\/secure.gravatar.com\/avatar\/34137ec2e2b8939cbbed975731e71f3f4f1defc7266ded337a5ce0f925426877?s=96&d=mm&r=g\",\"caption\":\"Mitxel Olabu\u00e9naga\"},\"url\":\"https:\/\/vincentians.com\/es\/author\/mitxel\/\"}]}<\/script>\n<!-- \/ Yoast SEO plugin. -->","yoast_head_json":{"title":"El Padre Mariano Maller. Cap\u00edtulo 4 - Somos Vicencianos","robots":{"index":"index","follow":"follow","max-snippet":"max-snippet:-1","max-image-preview":"max-image-preview:large","max-video-preview":"max-video-preview:-1"},"canonical":"https:\/\/vincentians.com\/es\/el-padre-mariano-maller-capitulo-4\/","og_locale":"es_ES","og_type":"article","og_title":"El Padre Mariano Maller. Cap\u00edtulo 4 - Somos Vicencianos","og_description":"Cap\u00edtulo IV: En el candelero de Par\u00eds El Colegio de Cara\u00e7a goz\u00f3 de gran prosperidad y cr\u00e9dito bajo su gobierno. En 1861 hab\u00eda en \u00e9l 200 alumnos y 32 seminaristas. Sin embargo, insist\u00eda ante el ... Read More","og_url":"https:\/\/vincentians.com\/es\/el-padre-mariano-maller-capitulo-4\/","og_site_name":"Somos Vicencianos","article_publisher":"https:\/\/www.facebook.com\/WeAreVincentians\/","article_published_time":"2018-06-08T05:03:56+00:00","og_image":[{"width":1200,"height":630,"url":"https:\/\/i0.wp.com\/vincentians.com\/es\/wp-content\/uploads\/sites\/11\/2016\/07\/bio-cm.jpg?fit=1200%2C630&ssl=1","type":"image\/jpeg"}],"author":"Mitxel Olabu\u00e9naga","twitter_card":"summary_large_image","twitter_creator":"@WeVincentians","twitter_site":"@WeVincentians","twitter_misc":{"Escrito por":"Mitxel Olabu\u00e9naga","Tiempo de lectura":"3 minutos"},"schema":{"@context":"https:\/\/schema.org","@graph":[{"@type":"Article","@id":"https:\/\/vincentians.com\/es\/el-padre-mariano-maller-capitulo-4\/#article","isPartOf":{"@id":"https:\/\/vincentians.com\/es\/el-padre-mariano-maller-capitulo-4\/"},"author":{"name":"Mitxel Olabu\u00e9naga","@id":"https:\/\/vincentians.com\/es\/#\/schema\/person\/7c2670b4445a7ca9d164ea6acdb31859"},"headline":"El Padre Mariano Maller. Cap\u00edtulo 4","datePublished":"2018-06-08T05:03:56+00:00","mainEntityOfPage":{"@id":"https:\/\/vincentians.com\/es\/el-padre-mariano-maller-capitulo-4\/"},"wordCount":562,"commentCount":0,"publisher":{"@id":"https:\/\/vincentians.com\/es\/#organization"},"image":{"@id":"https:\/\/vincentians.com\/es\/el-padre-mariano-maller-capitulo-4\/#primaryimage"},"thumbnailUrl":"https:\/\/i0.wp.com\/vincentians.com\/es\/wp-content\/uploads\/sites\/11\/2016\/07\/bio-cm.jpg?fit=1200%2C630&ssl=1","keywords":["Etienne"],"articleSection":["Biograf\u00edas de Misioneros Pa\u00fales"],"inLanguage":"es","potentialAction":[{"@type":"CommentAction","name":"Comment","target":["https:\/\/vincentians.com\/es\/el-padre-mariano-maller-capitulo-4\/#respond"]}]},{"@type":"WebPage","@id":"https:\/\/vincentians.com\/es\/el-padre-mariano-maller-capitulo-4\/","url":"https:\/\/vincentians.com\/es\/el-padre-mariano-maller-capitulo-4\/","name":"El Padre Mariano Maller. Cap\u00edtulo 4 - Somos Vicencianos","isPartOf":{"@id":"https:\/\/vincentians.com\/es\/#website"},"primaryImageOfPage":{"@id":"https:\/\/vincentians.com\/es\/el-padre-mariano-maller-capitulo-4\/#primaryimage"},"image":{"@id":"https:\/\/vincentians.com\/es\/el-padre-mariano-maller-capitulo-4\/#primaryimage"},"thumbnailUrl":"https:\/\/i0.wp.com\/vincentians.com\/es\/wp-content\/uploads\/sites\/11\/2016\/07\/bio-cm.jpg?fit=1200%2C630&ssl=1","datePublished":"2018-06-08T05:03:56+00:00","breadcrumb":{"@id":"https:\/\/vincentians.com\/es\/el-padre-mariano-maller-capitulo-4\/#breadcrumb"},"inLanguage":"es","potentialAction":[{"@type":"ReadAction","target":["https:\/\/vincentians.com\/es\/el-padre-mariano-maller-capitulo-4\/"]}]},{"@type":"ImageObject","inLanguage":"es","@id":"https:\/\/vincentians.com\/es\/el-padre-mariano-maller-capitulo-4\/#primaryimage","url":"https:\/\/i0.wp.com\/vincentians.com\/es\/wp-content\/uploads\/sites\/11\/2016\/07\/bio-cm.jpg?fit=1200%2C630&ssl=1","contentUrl":"https:\/\/i0.wp.com\/vincentians.com\/es\/wp-content\/uploads\/sites\/11\/2016\/07\/bio-cm.jpg?fit=1200%2C630&ssl=1","width":1200,"height":630},{"@type":"BreadcrumbList","@id":"https:\/\/vincentians.com\/es\/el-padre-mariano-maller-capitulo-4\/#breadcrumb","itemListElement":[{"@type":"ListItem","position":1,"name":"Portada","item":"https:\/\/vincentians.com\/es\/"},{"@type":"ListItem","position":2,"name":"El Padre Mariano Maller. Cap\u00edtulo 4"}]},{"@type":"WebSite","@id":"https:\/\/vincentians.com\/es\/#website","url":"https:\/\/vincentians.com\/es\/","name":"Somos Vicencianos","description":"Know more to serve more","publisher":{"@id":"https:\/\/vincentians.com\/es\/#organization"},"potentialAction":[{"@type":"SearchAction","target":{"@type":"EntryPoint","urlTemplate":"https:\/\/vincentians.com\/es\/?s={search_term_string}"},"query-input":{"@type":"PropertyValueSpecification","valueRequired":true,"valueName":"search_term_string"}}],"inLanguage":"es"},{"@type":"Organization","@id":"https:\/\/vincentians.com\/es\/#organization","name":"The Vincentian Network","url":"https:\/\/vincentians.com\/es\/","logo":{"@type":"ImageObject","inLanguage":"es","@id":"https:\/\/vincentians.com\/es\/#\/schema\/logo\/image\/","url":"https:\/\/i1.wp.com\/vincentians.com\/es\/wp-content\/uploads\/sites\/11\/2016\/06\/Vincentian-Network-logo-big.png?fit=778%2C778","contentUrl":"https:\/\/i1.wp.com\/vincentians.com\/es\/wp-content\/uploads\/sites\/11\/2016\/06\/Vincentian-Network-logo-big.png?fit=778%2C778","width":778,"height":778,"caption":"The Vincentian Network"},"image":{"@id":"https:\/\/vincentians.com\/es\/#\/schema\/logo\/image\/"},"sameAs":["https:\/\/www.facebook.com\/WeAreVincentians\/","https:\/\/x.com\/WeVincentians"]},{"@type":"Person","@id":"https:\/\/vincentians.com\/es\/#\/schema\/person\/7c2670b4445a7ca9d164ea6acdb31859","name":"Mitxel Olabu\u00e9naga","image":{"@type":"ImageObject","inLanguage":"es","@id":"https:\/\/vincentians.com\/es\/#\/schema\/person\/image\/","url":"https:\/\/secure.gravatar.com\/avatar\/34137ec2e2b8939cbbed975731e71f3f4f1defc7266ded337a5ce0f925426877?s=96&d=mm&r=g","contentUrl":"https:\/\/secure.gravatar.com\/avatar\/34137ec2e2b8939cbbed975731e71f3f4f1defc7266ded337a5ce0f925426877?s=96&d=mm&r=g","caption":"Mitxel Olabu\u00e9naga"},"url":"https:\/\/vincentians.com\/es\/author\/mitxel\/"}]}},"jetpack_publicize_connections":[],"jetpack_featured_media_url":"https:\/\/i0.wp.com\/vincentians.com\/es\/wp-content\/uploads\/sites\/11\/2016\/07\/bio-cm.jpg?fit=1200%2C630&ssl=1","jetpack_sharing_enabled":true,"jetpack_shortlink":"https:\/\/wp.me\/p7ETMF-4tI","jetpack-related-posts":[{"id":22904,"url":"https:\/\/vincentians.com\/es\/tal-dia-como-hoy-3-de-agosto\/","url_meta":{"origin":17218,"position":0},"title":"Tal d\u00eda como hoy: 3 de agosto","author":"Francisco Javier Fern\u00e1ndez Chento","date":"03\/08\/2016","format":false,"excerpt":"1657. Conferencia de Vicente de Pa\u00fal en San L\u00e1zaro sobre la conversaci\u00f3n, que continuar\u00e1 el d\u00eda 17 y en la que se trata de los motivos para conversar de cosas buenas en los recreos, cu\u00e1les son esas cosas y los medios para afianzarse en esta pr\u00e1ctica. 1657. Muere el pa\u00fal\u2026","rel":"","context":"En \u00abEfem\u00e9rides Vicencianas\u00bb","block_context":{"text":"Efem\u00e9rides Vicencianas","link":"https:\/\/vincentians.com\/es\/category\/historia-de-la-familia-vicenciana\/efemerides-vicencianas\/"},"img":{"alt_text":"","src":"https:\/\/i0.wp.com\/vincentians.com\/es\/wp-content\/uploads\/sites\/11\/2016\/07\/ephemerides-fb.jpg?fit=1200%2C630&ssl=1&resize=350%2C200","width":350,"height":200,"srcset":"https:\/\/i0.wp.com\/vincentians.com\/es\/wp-content\/uploads\/sites\/11\/2016\/07\/ephemerides-fb.jpg?fit=1200%2C630&ssl=1&resize=350%2C200 1x, https:\/\/i0.wp.com\/vincentians.com\/es\/wp-content\/uploads\/sites\/11\/2016\/07\/ephemerides-fb.jpg?fit=1200%2C630&ssl=1&resize=525%2C300 1.5x, https:\/\/i0.wp.com\/vincentians.com\/es\/wp-content\/uploads\/sites\/11\/2016\/07\/ephemerides-fb.jpg?fit=1200%2C630&ssl=1&resize=700%2C400 2x, https:\/\/i0.wp.com\/vincentians.com\/es\/wp-content\/uploads\/sites\/11\/2016\/07\/ephemerides-fb.jpg?fit=1200%2C630&ssl=1&resize=1050%2C600 3x"},"classes":[]},{"id":16054,"url":"https:\/\/vincentians.com\/es\/tal-dia-como-hoy-14-de-abril\/","url_meta":{"origin":17218,"position":1},"title":"Tal d\u00eda como hoy: 14 de abril","author":"Francisco Javier Fern\u00e1ndez Chento","date":"14\/04\/2017","format":false,"excerpt":"1819. Un decreto del rey Juan VI de Portugal autoriza la Compa\u00f1\u00eda de las Hijas de la Caridad en ese pa\u00eds, pero en 1834, otro decreto suprime la autoridad de los superiores generales que no residen en el mismo, y en 1838, un tercero suprime las comunidades religiosas en Portugal.\u2026","rel":"","context":"En \u00abEfem\u00e9rides Vicencianas\u00bb","block_context":{"text":"Efem\u00e9rides Vicencianas","link":"https:\/\/vincentians.com\/es\/category\/historia-de-la-familia-vicenciana\/efemerides-vicencianas\/"},"img":{"alt_text":"","src":"https:\/\/i0.wp.com\/vincentians.com\/es\/wp-content\/uploads\/sites\/11\/2016\/07\/ephemerides-fb.jpg?fit=1200%2C630&ssl=1&resize=350%2C200","width":350,"height":200,"srcset":"https:\/\/i0.wp.com\/vincentians.com\/es\/wp-content\/uploads\/sites\/11\/2016\/07\/ephemerides-fb.jpg?fit=1200%2C630&ssl=1&resize=350%2C200 1x, https:\/\/i0.wp.com\/vincentians.com\/es\/wp-content\/uploads\/sites\/11\/2016\/07\/ephemerides-fb.jpg?fit=1200%2C630&ssl=1&resize=525%2C300 1.5x, https:\/\/i0.wp.com\/vincentians.com\/es\/wp-content\/uploads\/sites\/11\/2016\/07\/ephemerides-fb.jpg?fit=1200%2C630&ssl=1&resize=700%2C400 2x, https:\/\/i0.wp.com\/vincentians.com\/es\/wp-content\/uploads\/sites\/11\/2016\/07\/ephemerides-fb.jpg?fit=1200%2C630&ssl=1&resize=1050%2C600 3x"},"classes":[]},{"id":403419,"url":"https:\/\/vincentians.com\/es\/juan-bautista-etienne-xxxii\/","url_meta":{"origin":17218,"position":2},"title":"Juan-Bautista Etienne (XXXII)","author":"Mitxel Olabu\u00e9naga","date":"01\/05\/2021","format":false,"excerpt":"Etienne demanda a los espa\u00f1oles: \"Es una cuesti\u00f3n de vida o muerte\" Los gobiernos liberales y anticlericales suprimieron la provincia espa\u00f1ola en dos ocasiones: 1835 y 1868. Las dos veces huyeron a Francia y a otras regiones' muchos Padres y Hermanos. Las provincias espa\u00f1olas, que estaban haciendo frente a situaciones\u2026","rel":"","context":"En \u00abFormaci\u00f3n Vicenciana\u00bb","block_context":{"text":"Formaci\u00f3n Vicenciana","link":"https:\/\/vincentians.com\/es\/category\/formacion-vicenciana\/"},"img":{"alt_text":"","src":"https:\/\/i0.wp.com\/vincentians.com\/es\/wp-content\/uploads\/sites\/11\/2016\/09\/anyos-vida-vicente.jpg?fit=1200%2C630&ssl=1&resize=350%2C200","width":350,"height":200,"srcset":"https:\/\/i0.wp.com\/vincentians.com\/es\/wp-content\/uploads\/sites\/11\/2016\/09\/anyos-vida-vicente.jpg?fit=1200%2C630&ssl=1&resize=350%2C200 1x, https:\/\/i0.wp.com\/vincentians.com\/es\/wp-content\/uploads\/sites\/11\/2016\/09\/anyos-vida-vicente.jpg?fit=1200%2C630&ssl=1&resize=525%2C300 1.5x, https:\/\/i0.wp.com\/vincentians.com\/es\/wp-content\/uploads\/sites\/11\/2016\/09\/anyos-vida-vicente.jpg?fit=1200%2C630&ssl=1&resize=700%2C400 2x, https:\/\/i0.wp.com\/vincentians.com\/es\/wp-content\/uploads\/sites\/11\/2016\/09\/anyos-vida-vicente.jpg?fit=1200%2C630&ssl=1&resize=1050%2C600 3x"},"classes":[]},{"id":32785,"url":"https:\/\/vincentians.com\/es\/j-m-v-fechas-importantes\/","url_meta":{"origin":17218,"position":3},"title":"J.M.V.: Fechas importantes","author":"Francisco Javier Fern\u00e1ndez Chento","date":"02\/04\/2011","format":false,"excerpt":"Juventudes Marianas Vicentinas Hijos e Hijas de Mar\u00eda JMV-HHM NUESTRO ORIGEN FECHAS IMPORTANTES \u00a0 1581 24 de Abril Nace en Pouy (Francia), San Vicente de Pa\u00fal, el futuro fundador de la Congregaci\u00f3n de la Misi\u00f3n y de las Hijas de la Caridad. 1600 23 de Septiembre El Joven Vicente de\u2026","rel":"","context":"En \u00abJuventudes Marianas Vicencianas\u00bb","block_context":{"text":"Juventudes Marianas Vicencianas","link":"https:\/\/vincentians.com\/es\/category\/la-familia-vicenciana\/ramas\/juventudes-marianas-vicencianas\/"},"img":{"alt_text":"","src":"","width":0,"height":0},"classes":[]},{"id":87697,"url":"https:\/\/vincentians.com\/es\/isabel-ana-bayley-seton-mujer-de-mision-iv\/","url_meta":{"origin":17218,"position":4},"title":"Isabel Ana Bayley Seton. Mujer de misi\u00f3n (IV)","author":"Francisco Javier Fern\u00e1ndez Chento","date":"04\/06\/2015","format":false,"excerpt":"Direcci\u00f3n de la Comunidad Madre Rosa Withe. El Padre David hab\u00eda dirigido a esta viuda, D\u00aa Rosa Withe, antes de que se uniera a Madre Seton en Baltimore (1808). Sucediendo a Isabel Seton fue la segunda Madre (General) de las Hermanas de la Caridad de San Jos\u00e9, durante dos mandatos.\u2026","rel":"","context":"En \u00abIsabel Ana Bayley Seton\u00bb","block_context":{"text":"Isabel Ana Bayley Seton","link":"https:\/\/vincentians.com\/es\/category\/la-familia-vicenciana\/fundadores\/isabel-ana-bayley-seton\/"},"img":{"alt_text":"","src":"","width":0,"height":0},"classes":[]},{"id":387079,"url":"https:\/\/vincentians.com\/es\/el-caso-armengol\/","url_meta":{"origin":17218,"position":5},"title":"EL \u201cCASO ARMENGOL\u201d","author":"Mitxel Olabu\u00e9naga","date":"25\/02\/2016","format":false,"excerpt":"Es muy posible que los misioneros veteranos recuerden a qu\u00e9 hace referencia el entrecomillado t\u00edtulo. Evidentemente no por haber sido testigos de ello sino porque en \u201ctiempos de exaltaci\u00f3n patria\u201d de mediados del siglo XX fue publicitado en varias ocasiones, especialmente para \u201cponer en su sitio\u201d al P. \u00c9tienne[1] y,\u2026","rel":"","context":"En \u00abHistoria de la Congregaci\u00f3n de la Misi\u00f3n en Espa\u00f1a\u00bb","block_context":{"text":"Historia de la Congregaci\u00f3n de la Misi\u00f3n en Espa\u00f1a","link":"https:\/\/vincentians.com\/es\/category\/historia-de-la-familia-vicenciana\/historia-de-la-congregacion-de-la-mision-en-espana\/"},"img":{"alt_text":"LOGO SEMINARIO HISTORIA 2 color","src":"https:\/\/i0.wp.com\/vicencianos.org\/wp-content\/uploads\/2016\/02\/LOGO-SEMINARIO-HISTORIA-2-color-300x300.jpg?resize=350%2C200","width":350,"height":200},"classes":[]}],"_links":{"self":[{"href":"https:\/\/vincentians.com\/es\/wp-json\/wp\/v2\/posts\/17218","targetHints":{"allow":["GET"]}}],"collection":[{"href":"https:\/\/vincentians.com\/es\/wp-json\/wp\/v2\/posts"}],"about":[{"href":"https:\/\/vincentians.com\/es\/wp-json\/wp\/v2\/types\/post"}],"author":[{"embeddable":true,"href":"https:\/\/vincentians.com\/es\/wp-json\/wp\/v2\/users\/5"}],"replies":[{"embeddable":true,"href":"https:\/\/vincentians.com\/es\/wp-json\/wp\/v2\/comments?post=17218"}],"version-history":[{"count":1,"href":"https:\/\/vincentians.com\/es\/wp-json\/wp\/v2\/posts\/17218\/revisions"}],"predecessor-version":[{"id":401830,"href":"https:\/\/vincentians.com\/es\/wp-json\/wp\/v2\/posts\/17218\/revisions\/401830"}],"wp:featuredmedia":[{"embeddable":true,"href":"https:\/\/vincentians.com\/es\/wp-json\/wp\/v2\/media\/391249"}],"wp:attachment":[{"href":"https:\/\/vincentians.com\/es\/wp-json\/wp\/v2\/media?parent=17218"}],"wp:term":[{"taxonomy":"category","embeddable":true,"href":"https:\/\/vincentians.com\/es\/wp-json\/wp\/v2\/categories?post=17218"},{"taxonomy":"post_tag","embeddable":true,"href":"https:\/\/vincentians.com\/es\/wp-json\/wp\/v2\/tags?post=17218"}],"curies":[{"name":"wp","href":"https:\/\/api.w.org\/{rel}","templated":true}]}}