{"id":17212,"date":"2018-06-06T06:05:32","date_gmt":"2018-06-06T04:05:32","guid":{"rendered":"http:\/\/somos.vicencianos.org\/blog\/2010\/04\/12\/el-padre-mariano-maller-capitulo-3\/"},"modified":"2018-06-05T08:50:31","modified_gmt":"2018-06-05T06:50:31","slug":"el-padre-mariano-maller-capitulo-3","status":"publish","type":"post","link":"https:\/\/vincentians.com\/es\/el-padre-mariano-maller-capitulo-3\/","title":{"rendered":"El Padre Mariano Maller. Cap\u00edtulo 3"},"content":{"rendered":"<h2><strong>Cap\u00edtulo III: <em>De c\u00f3mo, huyendo\u00a0 de una mitra, el P. Maller pasa del hemisferio norte al hemisferio sur. <\/em><\/strong><\/h2>\n<h3><strong>La sombra de una mitra. <\/strong><\/h3>\n<p>En 1851 el Obispo de Filadelfia era trasladado a la Sede primada y Metropolitana de Baltimore, y conociendo la necesidad que tenia la Sede que dejaba de un pastor vigilante y efectivo se ech\u00f3 a pasar y repasar la lista de los candidatos que reputaba m\u00e1s capaces. Fruto de sus meditaciones son estas l\u00edneas que Mons. Francisco Kanrik, escrib\u00eda el 19 de septiembre de 1851 a su hermano Ricardo, Arzobispo de San Luis: <em>\u00abNo se cuando ir\u00e9 a tomar posesi\u00f3n de la nueva Di\u00f3cesis; pienso en la necesidad de elegir un sucesor aqu\u00ed para esta de Filadelfia, que con dificultad puede dejarse sin pastor. He pensado pedir a la Santa Sede que traslade aqu\u00ed a Mons. Juan Tim\u00f3n, C. M., Obispo de B\u00fafalo, dando el segundo lugar en la elecci\u00f3n al P. Santiago Bayley, y el tercero al P. Mariano Maller\u00bb.<\/em><span id='easy-footnote-1-17212' class='easy-footnote-margin-adjust'><\/span><span class='easy-footnote'><a href='https:\/\/vincentians.com\/es\/el-padre-mariano-maller-capitulo-3\/#easy-footnote-bottom-1-17212' title='O. c. p. 35'><sup>1<\/sup><\/a><\/span>\n<p>Contaba entonces con treinta y cuatro a\u00f1os de edad. El Dr. Bayley era sobrino de la Madre Set\u00f3n y muy amigo, por tanto, del P. Maller. Este pudo por entonces evitar el nublado y su amigo fue m\u00e1s tarde Arzobispo de Nueva York. Mons. Kanrik hubo de escoger en otra parte y presentar otra terna, de la que formaba parte el Provincial de los Redentoristas, P. Newmann. Sin embargo, el peligro segu\u00eda amenaz\u00e1ndole, porque su nombre segu\u00eda sonando en las candidaturas, pues no s\u00f3lo Mons. Kenrik sab\u00eda de sus eximias cualidades, sino los Obispos del noreste americano. Y tan de cerca lo vio que, para esquivarlo, no vio otro medio que escribir al P. General rog\u00e1ndole que le salvara envi\u00e1ndole aunque sea al Brasil. Precisamente el Brasil necesitaba un Director para las Hijas de la Caridad, pues el anterior hab\u00eda fallecido, y al P. Etienne le vino la petici\u00f3n como anillo al dedo, y por una carta del mes de marzo le autoriz\u00f3 para que all\u00e1 se fuera, pero con el cargo de Director. El 5 de abril de 1853 el de Baltimore escrib\u00eda al de San Luis: <em>\u00abMariano Maller me escribi\u00f3 ayer dici\u00e9ndome que se va al Brasil como Superior de las Hijas de la Caridad all\u00ed\u00a0 existentes\u00bb.<\/em><span id='easy-footnote-2-17212' class='easy-footnote-margin-adjust'><\/span><span class='easy-footnote'><a href='https:\/\/vincentians.com\/es\/el-padre-mariano-maller-capitulo-3\/#easy-footnote-bottom-2-17212' title='O. c. p. 355.'><sup>2<\/sup><\/a><\/span>\n<p>El autor del \u00abThe Three Centuries of Vincentian Misionary Labor\u00bb escribe estas l\u00edneas <em>\u00abEste cambio consideramos todos como una p\u00e9rdida irreparable para la Provincia de los Estados Unidos, ya que el P. Maller era un hombre de gran talento, sabio, de un juicio muy recto y de un genuino esp\u00edritu religioso. Su destino al Brasil se debi\u00f3 en parte a que al P. Etienne se le hab\u00eda insinuado \u00abque el P. Maller iba a ser nombrado Obispo y el P. General consideraba este nombramiento como una gran p\u00e9rdida para la Congregaci\u00f3n. Parece que el P. Etienne no era tan desinteresado como Mons. de Andreis puesto al frente de la Congregaci\u00f3n juzg\u00f3 que su deber era mirar por los intereses de la misma por encima de todo lo dem\u00e1s\u00bb. <\/em>Nadie sinti\u00f3 la partida del P. Maller tanto como Mons. Kenrik. Lo conoc\u00eda muy bien y tenia en \u00e9l puesta toda su confianza. El buen se\u00f1or Arzobispo dec\u00eda a\u00f1os despu\u00e9s, expresando el gran sentimiento que le hab\u00eda causado la marcha del P. Maller: <em>\u00abSi los Superiores me hubieran indicado solamente la causa de su salida, yo hubiera trabajado e impedido que el P. Maller fuera nombrado Obispo a trueque de no privarnos de su ayuda.<\/em><\/p>\n<h3><strong>Drama \u00edntimo. <\/strong><\/h3>\n<p>No es f\u00e1cil describir el drama que en su interior desencaden\u00f3 el que pudiera verse alejado de la Compa\u00f1\u00eda a causa de su elevaci\u00f3n a la dignidad episcopal; sin embargo, podemos descubrir, a un tiempo, su amor a la Misi\u00f3n y su actitud con respecto al problema a trav\u00e9s de una carta al P. Moral, puesto en trance parecido: <em>\u00abPara mayor tranquilidad de usted le digo que ninguna pena me causa esa casi resistencia que usted opone a lo que a otros les puede parecer voluntad de Dios; porque yo se, y perfectamente comprendo, la causa o el motivo de su determinaci\u00f3n, que es bueno y laudable hasta tanto que Dios no le baga a usted conocer que es realmente su voluntad, porque, si a\u00fan despu\u00e9s de eso, usted se resistiese, entonces \u00abnon laudo\u00bb. Pero hasta entonces no me desagrada; antes. bien, me agrada. Sin embargo, no me parece ese un motivo justo de mudar de vocaci\u00f3n y abandonar a nuestra buena y tierna madre la Congregaci\u00f3n, porque en ninguna religi\u00f3n estar\u00eda usted m\u00e1s seguro de esos peligros de que tanto se alarma su coraz\u00f3n. A\u00fan de aquellas \u00d3rdenes, en que se hace promesa o voto de no aceptar dignidades, he visto yo tomar sujetos y obligarles a aceptar cl episcopado. En nuestra Congregaci\u00f3n los Superiores no han obligado jam\u00e1s a eso; a lo m\u00e1s, lo han permitido y exhortado a que lo cumplan. Esto hecho, la responsabilidad de no aceptar recae sobre el s\u00fabdito y yo creo que eso tambi\u00e9n es responsabilidad. Lea usted la historia de Jon\u00e1s y ver\u00e1, y tambi\u00e9n considere lo de San Pablo: \u00ab\u00a1Vae mihi si non evangelizavero! La voluntad de Dios se, debe cumplir en todo, y es peligroso fiarse de su propio juicio en cosa tan grande. Mire, Se\u00f1or m\u00edo, que le hablo de lo que yo por mis pecados me he visto en todo eso que usted tanto teme y en evidente peligro de cosa a\u00fan peor\u00bb, pero, por su misericordia, Dios me libr\u00f3 de todo sin que jam\u00e1s se me haya ocurrido usar del medio que usted indica. Lo mejor y m\u00e1s acertado es ceder, cuando hay indicios suficientes de que es la voluntad de Dios. Nuestro Santo Padre se port\u00f3 as\u00ed. \u00bfQui\u00e9n sabe lo que le costar\u00eda aceptar el cargo de Presidente del Consejo de Ana de Austria? Y sin embargo, lo acept\u00f3. Pues \u00bfqu\u00e9 modelo mejor nos podemos proponer que nuestro Santo Padre? \u00abCuando yo me vi en semejante apuro, esta consideraci\u00f3n me fue de gran consuelo y me anim\u00f3 much\u00edsimo\u00bb. <\/em>Esta carta al P. Moral, escrita con un retraso de m\u00e1s de treinta a\u00f1os, nos puede servir de hilo conductor de su estado psicol\u00f3gico en los momentos en que abandonando los Estados Unidos se encaminaba al Brasil.<\/p>\n<p><strong>En el Brasil <\/strong>encontr\u00f3, efectivamente, un refugi\u00f3: que, si le amparaba contra los honores de la mitra, no le amparaba ni defend\u00eda del cargo ni del honor de la superioridad, pues ven\u00eda con el oficio de Director de las Hijas de la Caridad, que ya empezaban a tener en el inmenso pa\u00eds un extraordinario desarrollo, como lo prueba la estad\u00edstica de las obras confeccionadas por el mismo Padre Maller y que obra en nuestro archivo. De esta estad\u00edstica resulta que solamente en la provincia o estado de R\u00edo Janeiro hab\u00eda diecisiete Casas de Hermanas, con un total de 40; de las cuales solamente seis Casas estaban atendidas por los misioneros que, en n\u00famero de ocho, se ocupaban de levantar las cargas de estas capellan\u00edas y de confesar a las Hermanas, a los 2.000 enfermos que hab\u00eda en sus Hospitales y a los 2.000 ni\u00f1os que hab\u00eda en sus Asilos y Orfanatorios.<\/p>\n<p>En el Estado de Minas-Geraes hab\u00eda seis Casas, de las que s\u00f3lo las de Mariana y Diamatina recib\u00edan los cuidados y atenciones de Los misioneros, que reg\u00edan los Seminarios de estas Di\u00f3cesis, en los tiempos que les dejaban libres las clases y la direcci\u00f3n de los seminaristas. Otro tanto ocurr\u00eda con las dos Casas del Estado de Ceara. En el Estado de Bah\u00eda hab\u00eda cinco casas, de Las que dos estaban atendidas por capellanes del clero secular y tres por misioneros de la Casa Misi\u00f3n, que adem\u00e1s hab\u00edan de confesar a los 700 ni\u00f1os y a los 240 enfermos que llenaban estas Casas. En Pernambuco hab\u00eda cuatro Casas: el Hospital, los Ni\u00f1os Exp\u00f3sitos, un Orfelinato y un Pensionado, con un total de 600 enfermos y 700 ni\u00f1os, atendidos por dos misioneros y dos sacerdotes seculares. En total las Hijas de la Caridad del Brasil eran 460 en treinta y cuatro Casas con 4.000 enfermos, y unos de 5.000 entre hu\u00e9rfanos y pensionistas. Todo este mundo estuvo confiado a la alta direcci\u00f3n del Padre Maller desde 1853 a 1858. En 1855, por renuncia del P. Mor\u00e1is, uno de los pioneros de la Misi\u00f3n brasile\u00f1a, hubo de cargar con el Visitadorato de la Provincia; cargo que conserv\u00f3 hasta 1858, en que logr\u00f3 echarlo sobre los hombros del P. Lemant, qued\u00e1ndose \u00e9l \u00fanicamente con el superiorato del gran. Colegio-Seminario de Carassa.<\/p>\n<h3><strong><em> Otros datos sobre la estancia del P. Maller en Brasil<\/em><\/strong><\/h3>\n<p>Est\u00e1n tomados del \u00abO Centenario do Caraca, 18120-1920, por un Padre da Congregaca\u00f3 da Missao\u00bb, que no es otro sino el P. Antonio Cruz, portugu\u00e9s, es un compendio o recopilaci\u00f3n de lo escrito por el P. Silva, C. M., Obispo que fue de Maranao (I, 1907-19181).<\/p>\n<p>Seg\u00fan estos apuntes, el P. Maller lleg\u00f3 a R\u00edo de Janeiro, procedente de Estados Unidos de Am\u00e9rica, el 1.9 de marzo de 1853 y fue nombrado Superior de la Santa Casa de Misericordia y Director de las Hijas de la Caridad; puesto que hab\u00eda desempe\u00f1ado el P. Monteil, fallecido en 27 de noviembre de 1852.<\/p>\n<p>En octubre de 1853 va a Francia. El 21 de mayo de 1854 vuelve de Europa. En noviembre de 1855, por renuncia del P. Moraes, es nombrado Visitador del Brasil. En 1866 hizo la santa visita en Caraca. En julio de 1858 pasa de nuevo visita a Caraca y queda como Superior de esta Casa; siendo sustituido en el cargo de Visitador por el P. Lemant.<\/p>\n<p>El autor de los \u00abApuntamentos\u00bb calificaba al P. Maller como hombre de virtud muy austera. Parece que uno de los mayores males de la Fundaci\u00f3n de Caraca al llegar el P. Maller como visitador era el af\u00e1n de hacer nuevas construcciones en la casa. Tal vez eso explica por qu\u00e9 el P. Maller fue tan parco en dejar recuerdos arquitect\u00f3nicos y lo poco que dej\u00f3 no brilla precisamente por su buen gusto art\u00edstico.<\/p>\n<p>Otro abuso que tambi\u00e9n trat\u00f3 de remediar era el gran n\u00famero de entradas y salidas que ten\u00eda la casa. Durante su estancia en el Brasil tuvo el P. Maller frecuente correspondencia con D. Antonio Ferreira Vicoso, C. M., Obispo de Mariana, sobre mil asuntos diversos. El Obispo le encomendaba la confecci\u00f3n de la \u00abEpacta\u00bb y la redacci\u00f3n de cartas latinas que reexped\u00eda sin m\u00e1s enmienda.<\/p>\n<p>\u00abEl P. Maller durante el cuatrienio de su superiorato, dice el Padre Silva, fue siempre querido y venerado de todos y principalmente de los que aman esta casa, prob\u00e1ndose una vez m\u00e1s que Dios la bendec\u00eda siempre que una administraci\u00f3n sensata reg\u00eda sus destinos. El nombre del venerado Hijo de San Vicente, que muri\u00f3 siendo Visitador en su tierra natal, nunca ser\u00e1 olvidado en Caraca\u00bb. (Rec. do Arch. P\u00fabl. mineiro.)<\/p>\n<p>Aquellos que por su antig\u00fcedad m\u00e1s de cerca pudieron aspirar el precioso perfume que le leg\u00f3 la fama de sus virtudes, de su saber y de su admirable prudencia hablan, del P. Maller con la misma veneraci\u00f3n que cuantos le conocieron en Par\u00eds y en Espa\u00f1a y antes en los Estados Unidos de Norteam\u00e9rica, y reconocen en \u00e9l a uno de los m\u00e1s valiosos elementos de que se sirvi\u00f3 el P. Etienne para reconstruir la casi extinta Provincia del Brasil.<\/p>\n","protected":false},"excerpt":{"rendered":"<p>Cap\u00edtulo III: De c\u00f3mo, huyendo\u00a0 de una mitra, el P. Maller pasa del hemisferio norte al hemisferio sur. La sombra de una mitra. En 1851 el Obispo de Filadelfia era trasladado a la Sede primada &#8230; <a href=\"https:\/\/vincentians.com\/es\/el-padre-mariano-maller-capitulo-3\/\" class=\"more-link\">Read More<\/a><\/p>\n","protected":false},"author":5,"featured_media":391249,"comment_status":"open","ping_status":"open","sticky":false,"template":"","format":"standard","meta":{"jetpack_post_was_ever_published":false,"_jetpack_newsletter_access":"","_jetpack_dont_email_post_to_subs":false,"_jetpack_newsletter_tier_id":0,"_jetpack_memberships_contains_paywalled_content":false,"_jetpack_memberships_contains_paid_content":false,"footnotes":"","jetpack_publicize_message":"","jetpack_publicize_feature_enabled":true,"jetpack_social_post_already_shared":true,"jetpack_social_options":{"image_generator_settings":{"template":"highway","default_image_id":0,"font":"","enabled":false},"version":2}},"categories":[19],"tags":[161],"class_list":["post-17212","post","type-post","status-publish","format-standard","has-post-thumbnail","hentry","category-biografias-de-misioneros-paules","tag-etienne"],"yoast_head":"<!-- This site is optimized with the Yoast SEO plugin v26.3 - https:\/\/yoast.com\/wordpress\/plugins\/seo\/ -->\n<title>El Padre Mariano Maller. Cap\u00edtulo 3 - Somos Vicencianos<\/title>\n<meta name=\"robots\" content=\"index, follow, max-snippet:-1, max-image-preview:large, max-video-preview:-1\" \/>\n<link rel=\"canonical\" href=\"https:\/\/vincentians.com\/es\/el-padre-mariano-maller-capitulo-3\/\" \/>\n<meta property=\"og:locale\" content=\"es_ES\" \/>\n<meta property=\"og:type\" content=\"article\" \/>\n<meta property=\"og:title\" content=\"El Padre Mariano Maller. Cap\u00edtulo 3 - Somos Vicencianos\" \/>\n<meta property=\"og:description\" content=\"Cap\u00edtulo III: De c\u00f3mo, huyendo\u00a0 de una mitra, el P. Maller pasa del hemisferio norte al hemisferio sur. La sombra de una mitra. En 1851 el Obispo de Filadelfia era trasladado a la Sede primada ... Read More\" \/>\n<meta property=\"og:url\" content=\"https:\/\/vincentians.com\/es\/el-padre-mariano-maller-capitulo-3\/\" \/>\n<meta property=\"og:site_name\" content=\"Somos Vicencianos\" \/>\n<meta property=\"article:publisher\" content=\"https:\/\/www.facebook.com\/WeAreVincentians\/\" \/>\n<meta property=\"article:published_time\" content=\"2018-06-06T04:05:32+00:00\" \/>\n<meta property=\"og:image\" content=\"https:\/\/i0.wp.com\/vincentians.com\/es\/wp-content\/uploads\/sites\/11\/2016\/07\/bio-cm.jpg?fit=1200%2C630&ssl=1\" \/>\n\t<meta property=\"og:image:width\" content=\"1200\" \/>\n\t<meta property=\"og:image:height\" content=\"630\" \/>\n\t<meta property=\"og:image:type\" content=\"image\/jpeg\" \/>\n<meta name=\"author\" content=\"Mitxel Olabu\u00e9naga\" \/>\n<meta name=\"twitter:card\" content=\"summary_large_image\" \/>\n<meta name=\"twitter:creator\" content=\"@WeVincentians\" \/>\n<meta name=\"twitter:site\" content=\"@WeVincentians\" \/>\n<meta name=\"twitter:label1\" content=\"Escrito por\" \/>\n\t<meta name=\"twitter:data1\" content=\"Mitxel Olabu\u00e9naga\" \/>\n\t<meta name=\"twitter:label2\" content=\"Tiempo de lectura\" \/>\n\t<meta name=\"twitter:data2\" content=\"10 minutos\" \/>\n<script type=\"application\/ld+json\" class=\"yoast-schema-graph\">{\"@context\":\"https:\/\/schema.org\",\"@graph\":[{\"@type\":\"Article\",\"@id\":\"https:\/\/vincentians.com\/es\/el-padre-mariano-maller-capitulo-3\/#article\",\"isPartOf\":{\"@id\":\"https:\/\/vincentians.com\/es\/el-padre-mariano-maller-capitulo-3\/\"},\"author\":{\"name\":\"Mitxel Olabu\u00e9naga\",\"@id\":\"https:\/\/vincentians.com\/es\/#\/schema\/person\/7c2670b4445a7ca9d164ea6acdb31859\"},\"headline\":\"El Padre Mariano Maller. Cap\u00edtulo 3\",\"datePublished\":\"2018-06-06T04:05:32+00:00\",\"mainEntityOfPage\":{\"@id\":\"https:\/\/vincentians.com\/es\/el-padre-mariano-maller-capitulo-3\/\"},\"wordCount\":2007,\"commentCount\":0,\"publisher\":{\"@id\":\"https:\/\/vincentians.com\/es\/#organization\"},\"image\":{\"@id\":\"https:\/\/vincentians.com\/es\/el-padre-mariano-maller-capitulo-3\/#primaryimage\"},\"thumbnailUrl\":\"https:\/\/i0.wp.com\/vincentians.com\/es\/wp-content\/uploads\/sites\/11\/2016\/07\/bio-cm.jpg?fit=1200%2C630&ssl=1\",\"keywords\":[\"Etienne\"],\"articleSection\":[\"Biograf\u00edas de Misioneros Pa\u00fales\"],\"inLanguage\":\"es\",\"potentialAction\":[{\"@type\":\"CommentAction\",\"name\":\"Comment\",\"target\":[\"https:\/\/vincentians.com\/es\/el-padre-mariano-maller-capitulo-3\/#respond\"]}]},{\"@type\":\"WebPage\",\"@id\":\"https:\/\/vincentians.com\/es\/el-padre-mariano-maller-capitulo-3\/\",\"url\":\"https:\/\/vincentians.com\/es\/el-padre-mariano-maller-capitulo-3\/\",\"name\":\"El Padre Mariano Maller. Cap\u00edtulo 3 - Somos Vicencianos\",\"isPartOf\":{\"@id\":\"https:\/\/vincentians.com\/es\/#website\"},\"primaryImageOfPage\":{\"@id\":\"https:\/\/vincentians.com\/es\/el-padre-mariano-maller-capitulo-3\/#primaryimage\"},\"image\":{\"@id\":\"https:\/\/vincentians.com\/es\/el-padre-mariano-maller-capitulo-3\/#primaryimage\"},\"thumbnailUrl\":\"https:\/\/i0.wp.com\/vincentians.com\/es\/wp-content\/uploads\/sites\/11\/2016\/07\/bio-cm.jpg?fit=1200%2C630&ssl=1\",\"datePublished\":\"2018-06-06T04:05:32+00:00\",\"breadcrumb\":{\"@id\":\"https:\/\/vincentians.com\/es\/el-padre-mariano-maller-capitulo-3\/#breadcrumb\"},\"inLanguage\":\"es\",\"potentialAction\":[{\"@type\":\"ReadAction\",\"target\":[\"https:\/\/vincentians.com\/es\/el-padre-mariano-maller-capitulo-3\/\"]}]},{\"@type\":\"ImageObject\",\"inLanguage\":\"es\",\"@id\":\"https:\/\/vincentians.com\/es\/el-padre-mariano-maller-capitulo-3\/#primaryimage\",\"url\":\"https:\/\/i0.wp.com\/vincentians.com\/es\/wp-content\/uploads\/sites\/11\/2016\/07\/bio-cm.jpg?fit=1200%2C630&ssl=1\",\"contentUrl\":\"https:\/\/i0.wp.com\/vincentians.com\/es\/wp-content\/uploads\/sites\/11\/2016\/07\/bio-cm.jpg?fit=1200%2C630&ssl=1\",\"width\":1200,\"height\":630},{\"@type\":\"BreadcrumbList\",\"@id\":\"https:\/\/vincentians.com\/es\/el-padre-mariano-maller-capitulo-3\/#breadcrumb\",\"itemListElement\":[{\"@type\":\"ListItem\",\"position\":1,\"name\":\"Portada\",\"item\":\"https:\/\/vincentians.com\/es\/\"},{\"@type\":\"ListItem\",\"position\":2,\"name\":\"El Padre Mariano Maller. Cap\u00edtulo 3\"}]},{\"@type\":\"WebSite\",\"@id\":\"https:\/\/vincentians.com\/es\/#website\",\"url\":\"https:\/\/vincentians.com\/es\/\",\"name\":\"Somos Vicencianos\",\"description\":\"Know more to serve more\",\"publisher\":{\"@id\":\"https:\/\/vincentians.com\/es\/#organization\"},\"potentialAction\":[{\"@type\":\"SearchAction\",\"target\":{\"@type\":\"EntryPoint\",\"urlTemplate\":\"https:\/\/vincentians.com\/es\/?s={search_term_string}\"},\"query-input\":{\"@type\":\"PropertyValueSpecification\",\"valueRequired\":true,\"valueName\":\"search_term_string\"}}],\"inLanguage\":\"es\"},{\"@type\":\"Organization\",\"@id\":\"https:\/\/vincentians.com\/es\/#organization\",\"name\":\"The Vincentian Network\",\"url\":\"https:\/\/vincentians.com\/es\/\",\"logo\":{\"@type\":\"ImageObject\",\"inLanguage\":\"es\",\"@id\":\"https:\/\/vincentians.com\/es\/#\/schema\/logo\/image\/\",\"url\":\"https:\/\/i1.wp.com\/vincentians.com\/es\/wp-content\/uploads\/sites\/11\/2016\/06\/Vincentian-Network-logo-big.png?fit=778%2C778\",\"contentUrl\":\"https:\/\/i1.wp.com\/vincentians.com\/es\/wp-content\/uploads\/sites\/11\/2016\/06\/Vincentian-Network-logo-big.png?fit=778%2C778\",\"width\":778,\"height\":778,\"caption\":\"The Vincentian Network\"},\"image\":{\"@id\":\"https:\/\/vincentians.com\/es\/#\/schema\/logo\/image\/\"},\"sameAs\":[\"https:\/\/www.facebook.com\/WeAreVincentians\/\",\"https:\/\/x.com\/WeVincentians\"]},{\"@type\":\"Person\",\"@id\":\"https:\/\/vincentians.com\/es\/#\/schema\/person\/7c2670b4445a7ca9d164ea6acdb31859\",\"name\":\"Mitxel Olabu\u00e9naga\",\"image\":{\"@type\":\"ImageObject\",\"inLanguage\":\"es\",\"@id\":\"https:\/\/vincentians.com\/es\/#\/schema\/person\/image\/\",\"url\":\"https:\/\/secure.gravatar.com\/avatar\/34137ec2e2b8939cbbed975731e71f3f4f1defc7266ded337a5ce0f925426877?s=96&d=mm&r=g\",\"contentUrl\":\"https:\/\/secure.gravatar.com\/avatar\/34137ec2e2b8939cbbed975731e71f3f4f1defc7266ded337a5ce0f925426877?s=96&d=mm&r=g\",\"caption\":\"Mitxel Olabu\u00e9naga\"},\"url\":\"https:\/\/vincentians.com\/es\/author\/mitxel\/\"}]}<\/script>\n<!-- \/ Yoast SEO plugin. -->","yoast_head_json":{"title":"El Padre Mariano Maller. Cap\u00edtulo 3 - Somos Vicencianos","robots":{"index":"index","follow":"follow","max-snippet":"max-snippet:-1","max-image-preview":"max-image-preview:large","max-video-preview":"max-video-preview:-1"},"canonical":"https:\/\/vincentians.com\/es\/el-padre-mariano-maller-capitulo-3\/","og_locale":"es_ES","og_type":"article","og_title":"El Padre Mariano Maller. Cap\u00edtulo 3 - Somos Vicencianos","og_description":"Cap\u00edtulo III: De c\u00f3mo, huyendo\u00a0 de una mitra, el P. Maller pasa del hemisferio norte al hemisferio sur. La sombra de una mitra. En 1851 el Obispo de Filadelfia era trasladado a la Sede primada ... Read More","og_url":"https:\/\/vincentians.com\/es\/el-padre-mariano-maller-capitulo-3\/","og_site_name":"Somos Vicencianos","article_publisher":"https:\/\/www.facebook.com\/WeAreVincentians\/","article_published_time":"2018-06-06T04:05:32+00:00","og_image":[{"width":1200,"height":630,"url":"https:\/\/i0.wp.com\/vincentians.com\/es\/wp-content\/uploads\/sites\/11\/2016\/07\/bio-cm.jpg?fit=1200%2C630&ssl=1","type":"image\/jpeg"}],"author":"Mitxel Olabu\u00e9naga","twitter_card":"summary_large_image","twitter_creator":"@WeVincentians","twitter_site":"@WeVincentians","twitter_misc":{"Escrito por":"Mitxel Olabu\u00e9naga","Tiempo de lectura":"10 minutos"},"schema":{"@context":"https:\/\/schema.org","@graph":[{"@type":"Article","@id":"https:\/\/vincentians.com\/es\/el-padre-mariano-maller-capitulo-3\/#article","isPartOf":{"@id":"https:\/\/vincentians.com\/es\/el-padre-mariano-maller-capitulo-3\/"},"author":{"name":"Mitxel Olabu\u00e9naga","@id":"https:\/\/vincentians.com\/es\/#\/schema\/person\/7c2670b4445a7ca9d164ea6acdb31859"},"headline":"El Padre Mariano Maller. Cap\u00edtulo 3","datePublished":"2018-06-06T04:05:32+00:00","mainEntityOfPage":{"@id":"https:\/\/vincentians.com\/es\/el-padre-mariano-maller-capitulo-3\/"},"wordCount":2007,"commentCount":0,"publisher":{"@id":"https:\/\/vincentians.com\/es\/#organization"},"image":{"@id":"https:\/\/vincentians.com\/es\/el-padre-mariano-maller-capitulo-3\/#primaryimage"},"thumbnailUrl":"https:\/\/i0.wp.com\/vincentians.com\/es\/wp-content\/uploads\/sites\/11\/2016\/07\/bio-cm.jpg?fit=1200%2C630&ssl=1","keywords":["Etienne"],"articleSection":["Biograf\u00edas de Misioneros Pa\u00fales"],"inLanguage":"es","potentialAction":[{"@type":"CommentAction","name":"Comment","target":["https:\/\/vincentians.com\/es\/el-padre-mariano-maller-capitulo-3\/#respond"]}]},{"@type":"WebPage","@id":"https:\/\/vincentians.com\/es\/el-padre-mariano-maller-capitulo-3\/","url":"https:\/\/vincentians.com\/es\/el-padre-mariano-maller-capitulo-3\/","name":"El Padre Mariano Maller. Cap\u00edtulo 3 - Somos Vicencianos","isPartOf":{"@id":"https:\/\/vincentians.com\/es\/#website"},"primaryImageOfPage":{"@id":"https:\/\/vincentians.com\/es\/el-padre-mariano-maller-capitulo-3\/#primaryimage"},"image":{"@id":"https:\/\/vincentians.com\/es\/el-padre-mariano-maller-capitulo-3\/#primaryimage"},"thumbnailUrl":"https:\/\/i0.wp.com\/vincentians.com\/es\/wp-content\/uploads\/sites\/11\/2016\/07\/bio-cm.jpg?fit=1200%2C630&ssl=1","datePublished":"2018-06-06T04:05:32+00:00","breadcrumb":{"@id":"https:\/\/vincentians.com\/es\/el-padre-mariano-maller-capitulo-3\/#breadcrumb"},"inLanguage":"es","potentialAction":[{"@type":"ReadAction","target":["https:\/\/vincentians.com\/es\/el-padre-mariano-maller-capitulo-3\/"]}]},{"@type":"ImageObject","inLanguage":"es","@id":"https:\/\/vincentians.com\/es\/el-padre-mariano-maller-capitulo-3\/#primaryimage","url":"https:\/\/i0.wp.com\/vincentians.com\/es\/wp-content\/uploads\/sites\/11\/2016\/07\/bio-cm.jpg?fit=1200%2C630&ssl=1","contentUrl":"https:\/\/i0.wp.com\/vincentians.com\/es\/wp-content\/uploads\/sites\/11\/2016\/07\/bio-cm.jpg?fit=1200%2C630&ssl=1","width":1200,"height":630},{"@type":"BreadcrumbList","@id":"https:\/\/vincentians.com\/es\/el-padre-mariano-maller-capitulo-3\/#breadcrumb","itemListElement":[{"@type":"ListItem","position":1,"name":"Portada","item":"https:\/\/vincentians.com\/es\/"},{"@type":"ListItem","position":2,"name":"El Padre Mariano Maller. Cap\u00edtulo 3"}]},{"@type":"WebSite","@id":"https:\/\/vincentians.com\/es\/#website","url":"https:\/\/vincentians.com\/es\/","name":"Somos Vicencianos","description":"Know more to serve more","publisher":{"@id":"https:\/\/vincentians.com\/es\/#organization"},"potentialAction":[{"@type":"SearchAction","target":{"@type":"EntryPoint","urlTemplate":"https:\/\/vincentians.com\/es\/?s={search_term_string}"},"query-input":{"@type":"PropertyValueSpecification","valueRequired":true,"valueName":"search_term_string"}}],"inLanguage":"es"},{"@type":"Organization","@id":"https:\/\/vincentians.com\/es\/#organization","name":"The Vincentian Network","url":"https:\/\/vincentians.com\/es\/","logo":{"@type":"ImageObject","inLanguage":"es","@id":"https:\/\/vincentians.com\/es\/#\/schema\/logo\/image\/","url":"https:\/\/i1.wp.com\/vincentians.com\/es\/wp-content\/uploads\/sites\/11\/2016\/06\/Vincentian-Network-logo-big.png?fit=778%2C778","contentUrl":"https:\/\/i1.wp.com\/vincentians.com\/es\/wp-content\/uploads\/sites\/11\/2016\/06\/Vincentian-Network-logo-big.png?fit=778%2C778","width":778,"height":778,"caption":"The Vincentian Network"},"image":{"@id":"https:\/\/vincentians.com\/es\/#\/schema\/logo\/image\/"},"sameAs":["https:\/\/www.facebook.com\/WeAreVincentians\/","https:\/\/x.com\/WeVincentians"]},{"@type":"Person","@id":"https:\/\/vincentians.com\/es\/#\/schema\/person\/7c2670b4445a7ca9d164ea6acdb31859","name":"Mitxel Olabu\u00e9naga","image":{"@type":"ImageObject","inLanguage":"es","@id":"https:\/\/vincentians.com\/es\/#\/schema\/person\/image\/","url":"https:\/\/secure.gravatar.com\/avatar\/34137ec2e2b8939cbbed975731e71f3f4f1defc7266ded337a5ce0f925426877?s=96&d=mm&r=g","contentUrl":"https:\/\/secure.gravatar.com\/avatar\/34137ec2e2b8939cbbed975731e71f3f4f1defc7266ded337a5ce0f925426877?s=96&d=mm&r=g","caption":"Mitxel Olabu\u00e9naga"},"url":"https:\/\/vincentians.com\/es\/author\/mitxel\/"}]}},"jetpack_publicize_connections":[],"jetpack_featured_media_url":"https:\/\/i0.wp.com\/vincentians.com\/es\/wp-content\/uploads\/sites\/11\/2016\/07\/bio-cm.jpg?fit=1200%2C630&ssl=1","jetpack_sharing_enabled":true,"jetpack_shortlink":"https:\/\/wp.me\/p7ETMF-4tC","jetpack-related-posts":[{"id":130660,"url":"https:\/\/vincentians.com\/es\/el-vicariato-apostolico-de-san-pedro-sula-honduras-1911-1945-iii\/","url_meta":{"origin":17212,"position":0},"title":"El Vicariato Apost\u00f3lico de San Pedro Sula (Honduras) 1911-1945 (III)","author":"Mitxel Olabu\u00e9naga","date":"06\/06\/2014","format":false,"excerpt":"III. \u2014 HIJOS DE SAN VICENTE EN EL VICARIATO Buscando obreros evang\u00e9licos. El P. Nieborowski, Pa\u00fal alem\u00e1n y Superior del Seminario de Tegucigalpa, de acuerdo con el delegado de la S. Sede en la Am\u00e9rica Central, M. Juan Cagliero, compadecido del abandono espiritual en que se hallaban los habitantes de\u2026","rel":"","context":"En \u00abHistoria de la Congregaci\u00f3n de la Misi\u00f3n en Espa\u00f1a\u00bb","block_context":{"text":"Historia de la Congregaci\u00f3n de la Misi\u00f3n en Espa\u00f1a","link":"https:\/\/vincentians.com\/es\/category\/historia-de-la-familia-vicenciana\/historia-de-la-congregacion-de-la-mision-en-espana\/"},"img":{"alt_text":"La Ceiba","src":"https:\/\/i0.wp.com\/vicencianos.org\/wp-content\/2014\/06\/La-Ceiba.jpg?resize=350%2C200","width":350,"height":200},"classes":[]},{"id":130742,"url":"https:\/\/vincentians.com\/es\/p-tadeo-amat\/","url_meta":{"origin":17212,"position":1},"title":"P. Tadeo Amat","author":"Mitxel Olabu\u00e9naga","date":"06\/07\/2014","format":false,"excerpt":"En la partida de bautismo que en 1924 vimos en la parroquia del Pino, de Barcelona, consta que fue bautizado all\u00ed el 31 de diciembre de 1811 y que fueron sus padres Pedro Amat, armero, natural de la misma ciudad, y Mar\u00eda Brusi, natural de Ripoll, consortes. Ingres\u00f3 en la\u2026","rel":"","context":"En \u00abBiograf\u00edas de Misioneros Pa\u00fales\u00bb","block_context":{"text":"Biograf\u00edas de Misioneros Pa\u00fales","link":"https:\/\/vincentians.com\/es\/category\/la-familia-vicenciana\/biografias-vicencianas\/biografias-de-misioneros-paules\/"},"img":{"alt_text":"","src":"https:\/\/i0.wp.com\/vincentians.com\/es\/wp-content\/uploads\/sites\/11\/2016\/07\/bio-cm.jpg?fit=1200%2C630&ssl=1&resize=350%2C200","width":350,"height":200,"srcset":"https:\/\/i0.wp.com\/vincentians.com\/es\/wp-content\/uploads\/sites\/11\/2016\/07\/bio-cm.jpg?fit=1200%2C630&ssl=1&resize=350%2C200 1x, https:\/\/i0.wp.com\/vincentians.com\/es\/wp-content\/uploads\/sites\/11\/2016\/07\/bio-cm.jpg?fit=1200%2C630&ssl=1&resize=525%2C300 1.5x, https:\/\/i0.wp.com\/vincentians.com\/es\/wp-content\/uploads\/sites\/11\/2016\/07\/bio-cm.jpg?fit=1200%2C630&ssl=1&resize=700%2C400 2x, https:\/\/i0.wp.com\/vincentians.com\/es\/wp-content\/uploads\/sites\/11\/2016\/07\/bio-cm.jpg?fit=1200%2C630&ssl=1&resize=1050%2C600 3x"},"classes":[]},{"id":119276,"url":"https:\/\/vincentians.com\/es\/historia-de-los-paules-en-cuba-capitulo-vi-b\/","url_meta":{"origin":17212,"position":2},"title":"Historia de los Pa\u00fales en Cuba: Cap\u00edtulo VI (B)","author":"Mitxel Olabu\u00e9naga","date":"17\/04\/2013","format":false,"excerpt":"2. Nacimiento de la Rep\u00fablica y reconstrucci\u00f3n de la Iglesia. Los colegios cat\u00f3licos. El 16 de diciembre de 1898, Su Santidad hab\u00eda designado Delegado Apost\u00f3lico para las Islas de Cuba y Puerto Rico al Arzobispo de Nueva Orleans, Mons. Placide L. Chapelle. Este prelado, que era de origen norteamericano, trabaj\u00f3\u2026","rel":"","context":"En \u00abHistoria de la Congregaci\u00f3n de la Misi\u00f3n\u00bb","block_context":{"text":"Historia de la Congregaci\u00f3n de la Misi\u00f3n","link":"https:\/\/vincentians.com\/es\/category\/historia-de-la-familia-vicenciana\/historia-de-la-congregacion-de-la-mision\/"},"img":{"alt_text":"41747943_95fc4657ec","src":"https:\/\/i0.wp.com\/vicencianos.org\/wp-content\/2013\/02\/41747943_95fc4657ec.jpg?resize=350%2C200","width":350,"height":200},"classes":[]},{"id":130903,"url":"https:\/\/vincentians.com\/es\/joaquin-mariano-maller\/","url_meta":{"origin":17212,"position":3},"title":"Joaqu\u00edn Mariano Maller","author":"Mitxel Olabu\u00e9naga","date":"22\/07\/2014","format":false,"excerpt":"Acerca de este Misionero, uno de los miembros m\u00e1s ilustres que ha tenido la Congregaci\u00f3n y quiz\u00e1 a quien m\u00e1s deben las familias de S. Vicente en Espa\u00f1a, estamos reuniendo materiales para escribir por extenso su biograf\u00eda, y por eso aqu\u00ed no insertamos m\u00e1s que unas cuantas notas. Naci\u00f3 en\u2026","rel":"","context":"En \u00abBiograf\u00edas de Misioneros Pa\u00fales\u00bb","block_context":{"text":"Biograf\u00edas de Misioneros Pa\u00fales","link":"https:\/\/vincentians.com\/es\/category\/la-familia-vicenciana\/biografias-vicencianas\/biografias-de-misioneros-paules\/"},"img":{"alt_text":"","src":"https:\/\/i0.wp.com\/vincentians.com\/es\/wp-content\/uploads\/sites\/11\/2016\/07\/bio-cm.jpg?fit=1200%2C630&ssl=1&resize=350%2C200","width":350,"height":200,"srcset":"https:\/\/i0.wp.com\/vincentians.com\/es\/wp-content\/uploads\/sites\/11\/2016\/07\/bio-cm.jpg?fit=1200%2C630&ssl=1&resize=350%2C200 1x, https:\/\/i0.wp.com\/vincentians.com\/es\/wp-content\/uploads\/sites\/11\/2016\/07\/bio-cm.jpg?fit=1200%2C630&ssl=1&resize=525%2C300 1.5x, https:\/\/i0.wp.com\/vincentians.com\/es\/wp-content\/uploads\/sites\/11\/2016\/07\/bio-cm.jpg?fit=1200%2C630&ssl=1&resize=700%2C400 2x, https:\/\/i0.wp.com\/vincentians.com\/es\/wp-content\/uploads\/sites\/11\/2016\/07\/bio-cm.jpg?fit=1200%2C630&ssl=1&resize=1050%2C600 3x"},"classes":[]},{"id":17210,"url":"https:\/\/vincentians.com\/es\/el-padre-mariano-maller-capitulo-2\/","url_meta":{"origin":17212,"position":4},"title":"El Padre Mariano Maller. Cap\u00edtulo 2","author":"Mitxel Olabu\u00e9naga","date":"29\/05\/2018","format":false,"excerpt":"Cap\u00edtulo II: Entre los Padres de la Iglesia norteamericana Mientras las naciones europeas jugaban a descristianizarse en la primera mitad del siglo XIX, un fen\u00f3meno inverso ocurr\u00eda en la joven naci\u00f3n norteamericana, a la otra orilla del Atl\u00e1ntico. Jesucristo bah\u00eda dicho a sus ap\u00f3stoles : \"Cuando os persiguieren en una\u2026","rel":"","context":"En \u00abBiograf\u00edas de Misioneros Pa\u00fales\u00bb","block_context":{"text":"Biograf\u00edas de Misioneros Pa\u00fales","link":"https:\/\/vincentians.com\/es\/category\/la-familia-vicenciana\/biografias-vicencianas\/biografias-de-misioneros-paules\/"},"img":{"alt_text":"","src":"https:\/\/i0.wp.com\/vincentians.com\/es\/wp-content\/uploads\/sites\/11\/2016\/07\/bio-cm.jpg?fit=1200%2C630&ssl=1&resize=350%2C200","width":350,"height":200,"srcset":"https:\/\/i0.wp.com\/vincentians.com\/es\/wp-content\/uploads\/sites\/11\/2016\/07\/bio-cm.jpg?fit=1200%2C630&ssl=1&resize=350%2C200 1x, https:\/\/i0.wp.com\/vincentians.com\/es\/wp-content\/uploads\/sites\/11\/2016\/07\/bio-cm.jpg?fit=1200%2C630&ssl=1&resize=525%2C300 1.5x, https:\/\/i0.wp.com\/vincentians.com\/es\/wp-content\/uploads\/sites\/11\/2016\/07\/bio-cm.jpg?fit=1200%2C630&ssl=1&resize=700%2C400 2x, https:\/\/i0.wp.com\/vincentians.com\/es\/wp-content\/uploads\/sites\/11\/2016\/07\/bio-cm.jpg?fit=1200%2C630&ssl=1&resize=1050%2C600 3x"},"classes":[]},{"id":131167,"url":"https:\/\/vincentians.com\/es\/monsenor-el-p-juan-sastre-riutort-1883-1949\/","url_meta":{"origin":17212,"position":5},"title":"Monse\u00f1or el P. Juan Sastre Riutort (1883 &#8211; 1949)","author":"Mitxel Olabu\u00e9naga","date":"30\/08\/2014","format":false,"excerpt":"Como avance de otro trabajo biogr\u00e1fico m\u00e1s completo que se nos ha prometido, trasladamos a estas p\u00e1ginas unas primeras impresiones y la \"Noticia biogr\u00e1fica\" que escribimos apresuradamente y con los pocos datos que encontramos a mano para el suplemento extraordinario del n\u00famero de abril de \"AQU\u00cd Y ALL\u00c1\", que estaba\u2026","rel":"","context":"En \u00abBiograf\u00edas de Misioneros Pa\u00fales\u00bb","block_context":{"text":"Biograf\u00edas de Misioneros Pa\u00fales","link":"https:\/\/vincentians.com\/es\/category\/la-familia-vicenciana\/biografias-vicencianas\/biografias-de-misioneros-paules\/"},"img":{"alt_text":"","src":"https:\/\/i0.wp.com\/vincentians.com\/es\/wp-content\/uploads\/sites\/11\/2016\/07\/bio-cm.jpg?fit=1200%2C630&ssl=1&resize=350%2C200","width":350,"height":200,"srcset":"https:\/\/i0.wp.com\/vincentians.com\/es\/wp-content\/uploads\/sites\/11\/2016\/07\/bio-cm.jpg?fit=1200%2C630&ssl=1&resize=350%2C200 1x, https:\/\/i0.wp.com\/vincentians.com\/es\/wp-content\/uploads\/sites\/11\/2016\/07\/bio-cm.jpg?fit=1200%2C630&ssl=1&resize=525%2C300 1.5x, https:\/\/i0.wp.com\/vincentians.com\/es\/wp-content\/uploads\/sites\/11\/2016\/07\/bio-cm.jpg?fit=1200%2C630&ssl=1&resize=700%2C400 2x, https:\/\/i0.wp.com\/vincentians.com\/es\/wp-content\/uploads\/sites\/11\/2016\/07\/bio-cm.jpg?fit=1200%2C630&ssl=1&resize=1050%2C600 3x"},"classes":[]}],"_links":{"self":[{"href":"https:\/\/vincentians.com\/es\/wp-json\/wp\/v2\/posts\/17212","targetHints":{"allow":["GET"]}}],"collection":[{"href":"https:\/\/vincentians.com\/es\/wp-json\/wp\/v2\/posts"}],"about":[{"href":"https:\/\/vincentians.com\/es\/wp-json\/wp\/v2\/types\/post"}],"author":[{"embeddable":true,"href":"https:\/\/vincentians.com\/es\/wp-json\/wp\/v2\/users\/5"}],"replies":[{"embeddable":true,"href":"https:\/\/vincentians.com\/es\/wp-json\/wp\/v2\/comments?post=17212"}],"version-history":[{"count":1,"href":"https:\/\/vincentians.com\/es\/wp-json\/wp\/v2\/posts\/17212\/revisions"}],"predecessor-version":[{"id":401828,"href":"https:\/\/vincentians.com\/es\/wp-json\/wp\/v2\/posts\/17212\/revisions\/401828"}],"wp:featuredmedia":[{"embeddable":true,"href":"https:\/\/vincentians.com\/es\/wp-json\/wp\/v2\/media\/391249"}],"wp:attachment":[{"href":"https:\/\/vincentians.com\/es\/wp-json\/wp\/v2\/media?parent=17212"}],"wp:term":[{"taxonomy":"category","embeddable":true,"href":"https:\/\/vincentians.com\/es\/wp-json\/wp\/v2\/categories?post=17212"},{"taxonomy":"post_tag","embeddable":true,"href":"https:\/\/vincentians.com\/es\/wp-json\/wp\/v2\/tags?post=17212"}],"curies":[{"name":"wp","href":"https:\/\/api.w.org\/{rel}","templated":true}]}}